{"data":[{"id":"9782811691844","title":"Kaguya-sama : love is war Tome 23","description":"Cela fait maintenant plusieurs mois que Miyuki Shirogane et Kaguya Shinomiya sortent ensemble, et ils ont m\u00eame surmont\u00e9 le point le plus d\u00e9licat au sein d'un couple ! Kaguya, \u00e0 mesure qu'elle d\u00e9couvre le bonheur, devient une fille comme les autres. Elle veut profiter au maximum du peu de temps qui leur reste avant le d\u00e9part de Shirogane pour ses \u00e9tudes \u00e0 l'\u00e9tranger. Ainsi, avant que des rumeurs \u00e0 ce sujet ne circulent, elle demande \u00e0 Chika Fujiwara de venir discuter en t\u00eate \u00e0 t\u00eate, car elle veut absolument lui annoncer la nouvelle elle-m\u00eame... Pendant ce temps, Miko Iino s'est aper\u00e7ue de ses sentiments pour Y\u00fb Ishigami. Pensant qu'elle n'a aucune chance, se serait-elle jet\u00e9e dans une relation avec un homme plus \u00e2g\u00e9 ?","authors":["Aka Akasaka"],"category_codes":["3000000","3040000","3040600","3040609"],"visuals":{"large":"https:\/\/images.epagine.fr\/844\/9782811691844_1_75.jpg","medium":"https:\/\/images.epagine.fr\/844\/9782811691844_1_m.jpg","thumbnail":"https:\/\/images.epagine.fr\/844\/9782811691844_1_v.jpg"},"orderable":true,"show_badge":true,"formatted_price":"7,20&nbsp;\u20ac","formatted_published_date":"6 novembre 2024","publisher_availability_label":"Sur commande","short_details":"Aka Akasaka \u2014 Pika \u00c9dition","translator":null,"weight":194,"page_count":208,"readership":"\u00e0 partir de 14 ans","editor":"Pika \u00c9dition","price":720,"published_date":"2024-11-05T23:00:00.000000Z","support":"Poche","publisher_availability":1,"stock":0,"editions":[],"url":"https:\/\/quaidesbrumes.com\/ouvrage\/9782811691844\/kaguya-sama-love-is-war-tome-23"},{"id":"9782382817049","title":"Ace of Diamond Tome 1","description":"Eijun Sawamura, passionn\u00e9 de baseball et capitaine de l'\u00e9quipe du coll\u00e8ge Akagi, vient de perdre son dernier match ainsi que l'occasion d'atteindre les championnats nationaux. Il se promet alors de prendre sa revanche au lyc\u00e9e en compagnie de ses camarades.Cependant, le jeune homme est rep\u00e9r\u00e9 pour son talent en tant que lanceur par une grande \u00e9cole de Tokyo qui souhaite le recruter. D'abord r\u00e9ticent \u00e0 quitter ses anciens acolytes, Eijun accepte finalement de s'inscrire au lyc\u00e9e Seidou pour perfectionner son jeu et un jour atteindre les plus hauts sommets du baseball !","authors":["Y\u00fbji Terajima"],"category_codes":["3000000","3040000","3040500","3040511"],"visuals":{"large":"https:\/\/images.epagine.fr\/049\/9782382817049_1_75.jpg","medium":"https:\/\/images.epagine.fr\/049\/9782382817049_1_m.jpg","thumbnail":"https:\/\/images.epagine.fr\/049\/9782382817049_1_v.jpg"},"orderable":true,"show_badge":true,"formatted_price":"12,90&nbsp;\u20ac","formatted_published_date":"18 septembre 2024","publisher_availability_label":"Sur commande","short_details":"Y\u00fbji Terajima \u2014 Mangetsu","translator":null,"weight":354,"page_count":384,"readership":"\u00e0 partir de 12 ANS","editor":"Mangetsu","price":1290,"published_date":"2024-09-17T22:00:00.000000Z","support":"Poche","publisher_availability":1,"stock":0,"editions":[],"url":"https:\/\/quaidesbrumes.com\/ouvrage\/9782382817049\/ace-of-diamond-tome-1"},{"id":"9782811666675","title":"Dreamland - edition remaster Tome 4 : coma","description":"Terrence, Savane, Sabba et \u00c8ve arrivent dans un myst\u00e9rieux royaume : \"Le monde des deux d\u00e9esses\", gouvern\u00e9 par un \u00e9nigmatique personnage qui n'est pas, comme ils s'y attendaient, un \"seigneur cauchemars\" mais un voyageur... Un voyageur permanent ! Quel est son secret ? D\u00e9tient-il des informations sur Edenia ? Et quel est le pouvoir de son garde du corps que Savane consid\u00e8re d\u00e9j\u00e0 comme un rival surpuissant. C'est ce que va essayer de d\u00e9couvrir la Team 34. Dans la r\u00e9alit\u00e9, une tr\u00e8s grosse f\u00eate s'organise. Terrence trouvera-t-il le courage de parler enfin \u00e0 Lydia ?","authors":["Reno Lemaire"],"category_codes":["3000000","3040000","3040500","3040508"],"visuals":{"large":"https:\/\/images.epagine.fr\/675\/9782811666675_1_75.jpg","medium":"https:\/\/images.epagine.fr\/675\/9782811666675_1_m.jpg","thumbnail":"https:\/\/images.epagine.fr\/675\/9782811666675_1_v.jpg"},"orderable":true,"show_badge":true,"formatted_price":"8,95&nbsp;\u20ac","formatted_published_date":"28 juin 2023","publisher_availability_label":"Sur commande","short_details":"Reno Lemaire \u2014 Pika \u00c9dition","translator":null,"weight":244,"page_count":216,"readership":"\u00e0 partir de 14 ans","editor":"Pika \u00c9dition","price":895,"published_date":"2023-06-27T22:00:00.000000Z","support":"Poche","publisher_availability":1,"stock":0,"editions":[],"url":"https:\/\/quaidesbrumes.com\/ouvrage\/9782811666675\/dreamland-edition-remaster-tome-4-coma"},{"id":"9791042015183","title":"She is beautiful Tome 3","description":"\u00c0 chaque r\u00e9veil, la m\u00e9moire de Kurumi s'efface. Seule reste sa volont\u00e9 de retrouver sa meilleure amie... \r\nSuivez-la dans ce thriller haletant et dans sa qu\u00eate inlassable d'identit\u00e9 et de v\u00e9rit\u00e9. \r\n\" L'enclos \" est un myst\u00e9rieux centre de recherche qui \u00e9l\u00e8ve des petites filles. C'est l\u00e0 qu'a grandi Kurumi, et l\u00e0 qu'elle s'endort la veille de son dixi\u00e8me anniversaire. Lorsqu'elle rouvre les yeux, quatorze ans ont pass\u00e9 et elle ne reconna\u00eet pas le lieu o\u00f9 elle se trouve. Entre une amie qui a grandi pendant qu'elle dormait et sa m\u00e9moire effac\u00e9e, c'est pour elle le d\u00e9but d'un \u00e9trange voyage.","authors":["Jun Esaka","Takahide Totsuno"],"category_codes":["3000000","3040000","3040600","3040606"],"visuals":{"large":"https:\/\/images.epagine.fr\/183\/9791042015183_1_75.jpg","medium":"https:\/\/images.epagine.fr\/183\/9791042015183_1_m.jpg","thumbnail":"https:\/\/images.epagine.fr\/183\/9791042015183_1_v.jpg"},"orderable":true,"show_badge":true,"formatted_price":"7,95&nbsp;\u20ac","formatted_published_date":"5 d\u00e9cembre 2024","publisher_availability_label":"Sur commande","short_details":"Jun Esaka, Takahide Totsuno \u2014 Kurokawa","translator":null,"weight":202,"page_count":224,"readership":"\u00e0 partir de 14 ans","editor":"Kurokawa","price":795,"published_date":"2024-12-04T23:00:00.000000Z","support":"Poche","publisher_availability":1,"stock":0,"editions":[],"url":"https:\/\/quaidesbrumes.com\/ouvrage\/9791042015183\/she-is-beautiful-tome-3"},{"id":"9782849659267","title":"Blue exorcist Tome 2","description":"Sous l'oeil attentif de son fr\u00e8re Yukio, Rin poursuit son apprentissage du m\u00e9tier d'exorciste. Mais au cours d'un stage sp\u00e9cial cens\u00e9 pr\u00e9parer les \u00e9tudiants \u00e0 l'examen d'\u00e9t\u00e9, de puissantes entit\u00e9s d\u00e9moniqaques parviennent \u00e0 s'introduire sur les lieux ...","authors":["Kazue Kato"],"category_codes":["3000000","3040000","3040500","3040508"],"visuals":{"large":"https:\/\/images.epagine.fr\/267\/9782849659267_1_75.jpg","medium":"https:\/\/images.epagine.fr\/267\/9782849659267_1_m.jpg","thumbnail":"https:\/\/images.epagine.fr\/267\/9782849659267_1_v.jpg"},"orderable":true,"show_badge":true,"formatted_price":"7,25&nbsp;\u20ac","formatted_published_date":"19 ao\u00fbt 2010","publisher_availability_label":"Sur commande","short_details":"Kazue Kato \u2014 Crunchyroll","translator":null,"weight":166,"page_count":192,"readership":"\u00e0 partir de 12 ANS","editor":"Crunchyroll","price":725,"published_date":"2010-08-18T22:00:00.000000Z","support":"Poche","publisher_availability":1,"stock":0,"editions":[],"url":"https:\/\/quaidesbrumes.com\/ouvrage\/9782849659267\/blue-exorcist-tome-2"},{"id":"9782754833219","title":"Circuit court : une histoire de la premi\u00e8re AMAP","description":"R\u00e9cit de Trictan Thil. Dessin de Claire Malary","authors":["Claire Malary","Tristan Thil"],"category_codes":["3000000","3020000","3020100","3020103"],"visuals":{"large":"https:\/\/images.epagine.fr\/219\/9782754833219_1_75.jpg","medium":"https:\/\/images.epagine.fr\/219\/9782754833219_1_m.jpg","thumbnail":"https:\/\/images.epagine.fr\/219\/9782754833219_1_v.jpg"},"orderable":true,"show_badge":true,"formatted_price":"23,00&nbsp;\u20ac","formatted_published_date":"4 octobre 2023","publisher_availability_label":"Sur commande","short_details":"Claire Malary, Tristan Thil \u2014 Futuropolis","translator":null,"weight":768,"page_count":128,"readership":null,"editor":"Futuropolis","price":2300,"published_date":"2023-10-03T22:00:00.000000Z","support":"Grand format","publisher_availability":1,"stock":0,"editions":[],"url":"https:\/\/quaidesbrumes.com\/ouvrage\/9782754833219\/circuit-court-une-histoire-de-la-premiere-amap"},{"id":"9782351421956","title":"Chocola et Vanilla Tome 6","description":"De la romance, du myst\u00e8re, un duel... Et de la magie ! Suivez les aventures de Chocola et Vanilla, deux petites sorci\u00e8res pr\u00e9tendantes au tr\u00f4ne du royaume magique et pr\u00eates \u00e0 d\u00e9ployer tous leurs charmes pour s'en emparer !\r\nPour sauver Vanilla, endormie et rong\u00e9e par un coeur noir, Chocola prend volontairement le risque d'attraper un coeur noir ! Et, \u00e0 la surprise de tous, elle se r\u00e9v\u00e8le \u00eatre la purificatrice de la l\u00e9gende ! Cependant, dans le monde magique, Pierre, qui \u00e9tait devenu gentil, sombrerait-il de nouveau du c\u00f4t\u00e9 obscur ... ?!\r\n\r\n \r\n- Prix du manga K\u00f4dansha (cat\u00e9gorie kodomo) - 2005","authors":["Moyoco Anno","Olivier Sart"],"category_codes":["3000000","3040000","3040400","3040405"],"visuals":{"large":"https:\/\/images.epagine.fr\/956\/9782351421956_1_75.jpg","medium":"https:\/\/images.epagine.fr\/956\/9782351421956_1_m.jpg","thumbnail":"https:\/\/images.epagine.fr\/956\/9782351421956_1_v.jpg"},"orderable":true,"show_badge":true,"formatted_price":"7,30&nbsp;\u20ac","formatted_published_date":"13 d\u00e9cembre 2007","publisher_availability_label":"Sur commande","short_details":"Moyoco Anno, Olivier Sart \u2014 Kurokawa","translator":"OLIVIER SART","weight":180,"page_count":178,"readership":"\u00e0 partir de 10 ANS","editor":"Kurokawa","price":730,"published_date":"2007-12-12T23:00:00.000000Z","support":"Poche","publisher_availability":1,"stock":0,"editions":[],"url":"https:\/\/quaidesbrumes.com\/ouvrage\/9782351421956\/chocola-et-vanilla-tome-6"},{"id":"9782811697686","title":"You're my Soulmate Tome 5","description":"\"Peu importe la fa\u00e7on dont \u00e7a s'est d\u00e9roul\u00e9, l'essentiel, c'est qu'on se soit rencontr\u00e9s.\"\r\nIori a retrouv\u00e9 son fr\u00e8re, Ibuki, et dissip\u00e9 les malentendus entre eux. Ou du moins, c'est ce qu'il croyait. De son c\u00f4t\u00e9, Mikage, l'employ\u00e9 d'Airi r\u00e9v\u00e8le un secret surprenant \u00e0 Y\u00fbki. Cette derni\u00e8re aurait d\u00fb \u00eatre heureuse qu'Ibuki ait finalement approuv\u00e9 sa relation avec Iori, mais, \u00e0 pr\u00e9sent, elle ne peut s'emp\u00eacher d'\u00eatre envahie par l'anxi\u00e9t\u00e9 et peine \u00e0 la dissimuler. Que lui d\u00e9voilera Ibuki, sur la relation entre Airi et Iori\u00a0 ?","authors":["Anashin"],"category_codes":["3000000","3040000","3040400","3040409"],"visuals":{"large":"https:\/\/images.epagine.fr\/686\/9782811697686_1_75.jpg","medium":"https:\/\/images.epagine.fr\/686\/9782811697686_1_m.jpg","thumbnail":"https:\/\/images.epagine.fr\/686\/9782811697686_1_v.jpg"},"orderable":true,"show_badge":true,"formatted_price":"7,20&nbsp;\u20ac","formatted_published_date":"2 avril 2025","publisher_availability_label":"Sur commande","short_details":"Anashin \u2014 Pika \u00c9dition","translator":null,"weight":170,"page_count":192,"readership":"\u00e0 partir de 12 ANS","editor":"Pika \u00c9dition","price":720,"published_date":"2025-04-01T22:00:00.000000Z","support":"Poche","publisher_availability":1,"stock":0,"editions":[],"url":"https:\/\/quaidesbrumes.com\/ouvrage\/9782811697686\/youre-my-soulmate-tome-5"},{"id":"9791039136792","title":"Plan\u00e8te Hulk","description":"Iron Man, Reed Richards et le reste des Illuminati ont pris la difficile d\u00e9cision de pi\u00e9ger Hulk pour l'exiler \u00e0 l'autre bout de l'univers, l\u00e0 o\u00f9 il ne menacera plus les habitants de la Terre et pourra vivre la vie tranquille \u00e0 laquelle il a toujours r\u00eav\u00e9. Mais une erreur de calcul l'envoie sur la plan\u00e8te Sakaar, un monde redoutable o\u00f9 r\u00e8gne la loi du plus fort. Hulk va-t-il diriger ce monde... ou le d\u00e9truire ?\r\nL'une des plus c\u00e9l\u00e8bres sagas de Hulk, qui a partiellement inspir\u00e9 le film Thor : Ragnarok, revient dans la collection MARVEL POCHE et se trouve d\u00e9sormais accessible \u00e0 toutes les bourses. Elle se suffit \u00e0 elle-m\u00eame tout en servant de prologue \u00e0 l'\u00e9pique MARVEL MUST-HAVE : WORLD WAR HULK.","authors":["Carlo Pagulayan","Greg Pak"],"category_codes":["3000000","3030000","3030400"],"visuals":{"large":"https:\/\/images.epagine.fr\/792\/9791039136792_1_75.jpg","medium":"https:\/\/images.epagine.fr\/792\/9791039136792_1_m.jpg","thumbnail":"https:\/\/images.epagine.fr\/792\/9791039136792_1_v.jpg"},"orderable":true,"show_badge":true,"formatted_price":"9,99&nbsp;\u20ac","formatted_published_date":"16 avril 2025","publisher_availability_label":"Sur commande","short_details":"Carlo Pagulayan, Greg Pak \u2014 Panini","translator":null,"weight":620,"page_count":null,"readership":"\u00e0 partir de 12 ANS","editor":"Panini","price":999,"published_date":"2025-04-15T22:00:00.000000Z","support":"Grand format","publisher_availability":1,"stock":0,"editions":[],"url":"https:\/\/quaidesbrumes.com\/ouvrage\/9791039136792\/planete-hulk"},{"id":"9782849535288","title":"La Muette","description":"\u00c0 travers diff\u00e9rents destins crois\u00e9s, le camp d'internement de la Muette, \u00e0 Drancy, racont\u00e9 pour la premi\u00e8re fois en bande dessin\u00e9e. \r\n20 ao\u00fbt 1941, la police fran\u00e7aise se pr\u00e9pare \u00e0 arr\u00eater 5000 habitants du 11e arrondissement de Paris, tous de confession juive... Quelques jours plus tard, ils seront 4230 hommes \u00e0 \u00eatre emprisonn\u00e9s dans la cit\u00e9 de La Muette \u00e0 Drancy.\r\nDurant trois ann\u00e9es, la cit\u00e9 verra ainsi passer 67\u00a0 000 hommes, femmes et enfants en partance pour les camps de la mort... Parmi eux, B\u00e9no, Nissim, Jean, Chil, Chana et bien d'autres. Des noms qui sont autant de victimes de la logique d'extermination nazie - et de ses complicit\u00e9s fran\u00e7aises. Des destins qui se croiseront dans un quotidien rythm\u00e9 par les rafles et d\u00e9portations qui emplissent et vident alternativement le camp...\r\n\u00c0 travers ces histoires, Val\u00e9rie Villieu et Simon G\u00e9liot donnent pour la premi\u00e8re fois \u00e0 voir la vie du camp de La Muette\u00a0 : son organisation, son \u00e9volution et le quotidien des intern\u00e9.e.s qui y sont pass\u00e9s. Un quotidien marqu\u00e9 par la souffrance, la lutte pour survivre mais aussi la solidarit\u00e9 et la foi en un avenir meilleur.","authors":["Val\u00e9rie Villieu"],"category_codes":["3000000","3020000","3020100","3020108"],"visuals":{"large":"https:\/\/images.epagine.fr\/288\/9782849535288_1_75.jpg","medium":"https:\/\/images.epagine.fr\/288\/9782849535288_1_m.jpg","thumbnail":"https:\/\/images.epagine.fr\/288\/9782849535288_1_v.jpg"},"orderable":true,"show_badge":true,"formatted_price":"32,00&nbsp;\u20ac","formatted_published_date":"2 avril 2025","publisher_availability_label":"Sur commande","short_details":"Val\u00e9rie Villieu \u2014 La Bo\u00eete \u00e0 bulles","translator":null,"weight":1733,"page_count":250,"readership":"\u00e0 partir de 12 ANS","editor":"La Bo\u00eete \u00e0 bulles","price":3200,"published_date":"2025-04-01T22:00:00.000000Z","support":"Grand format","publisher_availability":1,"stock":0,"editions":[],"url":"https:\/\/quaidesbrumes.com\/ouvrage\/9782849535288\/la-muette"},{"id":"9782203218307","title":"Extases Tome 1 : o\u00f9 l'auteur d\u00e9couvre que le sexe des filles n'a pas la forme d'un x...","description":"Et si le dernier continent \u00e0 explorer \u00e9tait celui de l'intime ? Les relations amoureuses, les pratiques sexuelles, les \u00e9motions, les sensations, les sentiments, comme autant de territoires \u00e0 arpenter \u00e0 cartographier... C'est le parti pris d'Extases, la s\u00e9rie autobiographique de JeanLouis Tripp. Du petit d\u00e9tail trivial au sublime, du physiologique au m\u00e9taphysique, de la jalousie qui consume \u00e0 l'\u00e9changisme joyeux, toutes les facettes qui fa\u00e7onnent la sexualit\u00e9 sont \u00e9voqu\u00e9es. Nouvelle \u00e9dition du tome 1 paru le 6 septembre 2017.","authors":["Jean-louis Tripp"],"category_codes":["3000000","3020000","3020100","3020112"],"visuals":{"large":"https:\/\/images.epagine.fr\/307\/9782203218307_1_75.jpg","medium":"https:\/\/images.epagine.fr\/307\/9782203218307_1_m.jpg","thumbnail":"https:\/\/images.epagine.fr\/307\/9782203218307_1_v.jpg"},"orderable":true,"show_badge":true,"formatted_price":"23,00&nbsp;\u20ac","formatted_published_date":"24 septembre 2020","publisher_availability_label":"Sur commande","short_details":"Jean-louis Tripp \u2014 Casterman","translator":null,"weight":590,"page_count":248,"readership":"\u00e0 partir de 16 ans","editor":"Casterman","price":2300,"published_date":"2020-09-23T22:00:00.000000Z","support":"Grand format","publisher_availability":1,"stock":0,"editions":[],"url":"https:\/\/quaidesbrumes.com\/ouvrage\/9782203218307\/extases-tome-1-ou-lauteur-decouvre-que-le-sexe-des-filles-na-pas-la-forme-dun-x"},{"id":"9782369818991","title":"Une aventure des Spectaculaires Tome 4 : les Spectaculaires d\u00e9passent les bornes","description":"\"D\u00e9cembre 1910. Le Palais de l'Elys\u00e9e est victime d'un cambriolage. Le Pr\u00e9sident Falli\u00e8res d\u00e9couvre son coffre-fort pill\u00e9 : bijoux et liasses de billets ont disparu, mais plus important encore, des documents ultraconfidentiels, susceptibles de mettre en p\u00e9ril la s\u00e9curit\u00e9 du pays, ont \u00e9t\u00e9 d\u00e9rob\u00e9s. Seule une carte de visite avec un lapin dessin\u00e9, est retrouv\u00e9e dans le coffre-fort. Plus de doute, il s'agit de l'oeuvre d'Ars\u00e8ne Lapin, gentleman cabrioleur. Les Spectaculaires se voient alors confier une curieuse mission : pour r\u00e9cup\u00e9rer ces pr\u00e9cieux papiers, la joyeuse troupe doit remporter, sans tricher, la grande course automobile qui reliera Paris \u00e0 Berlin, au printemps prochain ! Sans quoi Ars\u00e8ne Lapin menace de divulguer ces documents aux r\u00e9dactions des plus grands journaux d'Europe...L'enjeu est de taille pour notre fine \u00e9quipe, embarqu\u00e9e contre leur gr\u00e9 dans une folle aventure qui les conduit de Paris \u00e0 Bruxelles, Amsterdam et Berlin.\r\nParviendront-ils \u00e0 remporter la grande course ? Attention, \u00e7a risque de d\u00e9coiffer !\"","authors":["R\u00e9gis Hauti\u00e8re","Arnaud Poitevin"],"category_codes":["3000000","3020000","3020200","3020209"],"visuals":{"large":"https:\/\/images.epagine.fr\/991\/9782369818991_1_75.jpg","medium":"https:\/\/images.epagine.fr\/991\/9782369818991_1_m.jpg","thumbnail":"https:\/\/images.epagine.fr\/991\/9782369818991_1_v.jpg"},"orderable":true,"show_badge":true,"formatted_price":"14,00&nbsp;\u20ac","formatted_published_date":"22 janvier 2020","publisher_availability_label":"Sur commande","short_details":"R\u00e9gis Hauti\u00e8re, Arnaud Poitevin \u2014 Rue de S\u00e8vres","translator":null,"weight":614,"page_count":56,"readership":null,"editor":"Rue de S\u00e8vres","price":1400,"published_date":"2020-01-21T23:00:00.000000Z","support":"Grand format","publisher_availability":1,"stock":0,"editions":[],"url":"https:\/\/quaidesbrumes.com\/ouvrage\/9782369818991\/une-aventure-des-spectaculaires-tome-4-les-spectaculaires-depassent-les-bornes"},{"id":"9791039136815","title":"Spider-Verse","description":"Morlun menace Spider-Man mais ce n'est pas nouveau. Sauf que cette fois, le vilain n'est pas seul et qu'il a pris pour cible les Spider-Man du multivers tout entier, qu'il a m\u00e9ticuleusement commenc\u00e9 \u00e0 massacrer. Pour faire face \u00e0 cette menace, il va falloir une alliance entre toutes les versions du Tisseur...\r\nL'une des plus c\u00e9l\u00e8bres sagas de Spider-Man a vu sa popularit\u00e9 monter en fl\u00e8che depuis la sortie des deux films d'animation consacr\u00e9s \u00e0 Miles Morales. En attendant le troisi\u00e8me opus, voici l'occasion de d\u00e9couvrir, ou red\u00e9couvrir, la saga d'origine \u00e0 un tout petit prix.","authors":["Dan Slott","Olivier Coipel","Giuseppe Camuncoli"],"category_codes":["3000000","3030000","3030400"],"visuals":{"large":"https:\/\/images.epagine.fr\/815\/9791039136815_1_75.jpg","medium":"https:\/\/images.epagine.fr\/815\/9791039136815_1_m.jpg","thumbnail":"https:\/\/images.epagine.fr\/815\/9791039136815_1_v.jpg"},"orderable":true,"show_badge":true,"formatted_price":"9,99&nbsp;\u20ac","formatted_published_date":"16 avril 2025","publisher_availability_label":"Sur commande","short_details":"Dan Slott, Olivier Coipel, Giuseppe Camuncoli \u2014 Panini","translator":null,"weight":438,"page_count":256,"readership":"Tout public","editor":"Panini","price":999,"published_date":"2025-04-15T22:00:00.000000Z","support":"Poche","publisher_availability":1,"stock":0,"editions":[],"url":"https:\/\/quaidesbrumes.com\/ouvrage\/9791039136815\/spider-verse"},{"id":"9782344024638","title":"Horrifikland ; une terrifiante aventure de Mickey Mouse","description":"Oserez-vous franchir la grille de Horrifikland ?Disparition. Mickey, Donald et Dingo tiennent une agence de d\u00e9tective. Sauf que les affaires tournent moyennement : pas un contrat en vue depuis des jours ! Mickey songe m\u00eame s\u00e9rieusement \u00e0 plier boutique, lorsqu'une vieille dame leur charge de retrouver son petit chat Blacky. Probl\u00e8me : celui-ci aurait \u00e9t\u00e9 aper\u00e7u pour la derni\u00e8re fois pr\u00eat du terrifiant parc abandonn\u00e9 \u00ab Horrifikland \u00bb, dont certaines attractions fonctionnent toujours... Au programme : brouillard artificiel, d\u00e9cor de cimeti\u00e8re, chauves-souris et fant\u00f4mes plus vrais que nature ! Pour retrouver Blacky, les nerfs de nos acolytes seront mis \u00e0 rude \u00e9preuve...Rejoignant le prestigieux casting des dessinateurs de cr\u00e9ations originales Disney, Alexis Nesme nous propose, de son somptueux travail en couleurs directe, un univers gothique et baroque digne des superproductions de Tim Burton. \u00c0 l'\u00e9criture, Lewis Trondheim nous r\u00e9jouit d'un sc\u00e9nario riche en rebondissements qui n'est pas sans rappeler les meilleurs \u00e9pisodes de Scooby Doo !","authors":["Lewis Trondheim","Alexis Nesme"],"category_codes":["3000000","3020000","3020200","3020209"],"visuals":{"large":"https:\/\/images.epagine.fr\/638\/9782344024638_1_75.jpg","medium":"https:\/\/images.epagine.fr\/638\/9782344024638_1_m.jpg","thumbnail":"https:\/\/images.epagine.fr\/638\/9782344024638_1_v.jpg"},"orderable":true,"show_badge":true,"formatted_price":"15,00&nbsp;\u20ac","formatted_published_date":"16 janvier 2019","publisher_availability_label":"Sur commande","short_details":"Lewis Trondheim, Alexis Nesme \u2014 Gl\u00e9nat","translator":null,"weight":638,"page_count":48,"readership":"Tout public","editor":"Gl\u00e9nat","price":1500,"published_date":"2019-01-15T23:00:00.000000Z","support":"Grand format","publisher_availability":1,"stock":0,"editions":[],"url":"https:\/\/quaidesbrumes.com\/ouvrage\/9782344024638\/horrifikland-une-terrifiante-aventure-de-mickey-mouse"},{"id":"9791095397229","title":"La f\u00eate des ombres : Int\u00e9grale","description":"Naoko, jeune Japonaise un peu r\u00eaveuse, vit parmi les ombres. Chaque \u00e9t\u00e9, dans son village, on c\u00e9l\u00e8bre une f\u00eate ancienne tr\u00e8s particuli\u00e8re pendant laquelle les \u00e2mes errantes des disparus reviennent.\r\n\r\nNaoko aura pour mission de guider l'\u00e2me d'un homme priv\u00e9e de souvenirs,\r\nhant\u00e9e par un terrible secret. Si elle \u00e9choue, au bout d'un an, l'\u00e2me sera perdue \u00e0 tout jamais.\r\n\r\nAu fil des saisons, naissent entre Naoko et cette \u00e2me des sentiments qui brouillent la fronti\u00e8re entre le monde des vivants et des morts. \u00c0 force de c\u00f4toyer un fant\u00f4me et de comprendre son pass\u00e9, Naoko ne risque-t-elle pas de passer \u00e0 c\u00f4t\u00e9 de sa propre vie ?","authors":["Atelier sento"],"category_codes":["3000000","3020000","3020300","3020305"],"visuals":{"large":"https:\/\/images.epagine.fr\/229\/9791095397229_1_75.jpg","medium":"https:\/\/images.epagine.fr\/229\/9791095397229_1_m.jpg","thumbnail":"https:\/\/images.epagine.fr\/229\/9791095397229_1_v.jpg"},"orderable":true,"show_badge":true,"formatted_price":"21,90&nbsp;\u20ac","formatted_published_date":"7 mars 2024","publisher_availability_label":"Sur commande","short_details":"Atelier sento \u2014 Issekinicho","translator":null,"weight":585,"page_count":160,"readership":null,"editor":"Issekinicho","price":2190,"published_date":"2024-03-06T23:00:00.000000Z","support":"Grand format","publisher_availability":1,"stock":0,"editions":[],"url":"https:\/\/quaidesbrumes.com\/ouvrage\/9791095397229\/la-fete-des-ombres-integrale"},{"id":"9782372878852","title":"Ghost and Witch, la qu\u00eate du divin Tome 2","description":"La nouvelle s\u00e9rie de l'auteure de \" The Ancient Magus Bride \" !!\r\nSur les terres d'Irlande, Saku rencontre par hasard la vieille sorci\u00e8re Rosie. Elle d\u00e9teste tellement le monstre qui la poss\u00e8de qu'elle d\u00e9cide de rester avec Rosie pour \u00e9chapper \u00e0 son emprise. C'est alors qu'appara\u00eet une jeune fille qui porte sur ses \u00e9paules les fautes de son p\u00e8re. Pour la sauver de la mal\u00e9diction du tueur de f\u00e9es, Saku demande l'aide de la sorci\u00e8re et doit faire face au pouvoir qu'elle d\u00e9teste par-dessus tout.\r\nC'est l'histoire d'une fille qui, fuyant sa vie, va devenir un dieu.","authors":["Kor\u00e9 Yamazaki","Melody Pages"],"category_codes":["3000000","3040000","3040500","3040505"],"visuals":{"large":"https:\/\/images.epagine.fr\/852\/9782372878852_1_75.jpg","medium":"https:\/\/images.epagine.fr\/852\/9782372878852_1_m.jpg","thumbnail":"https:\/\/images.epagine.fr\/852\/9782372878852_1_v.jpg"},"orderable":true,"show_badge":true,"formatted_price":"7,99&nbsp;\u20ac","formatted_published_date":"5 juin 2025","publisher_availability_label":"Sur commande","short_details":"Kor\u00e9 Yamazaki, Melody Pages \u2014 Komikku \u00e9ditions","translator":"MELODY PAGES","weight":172,"page_count":192,"readership":"\u00e0 partir de 12 ANS","editor":"Komikku \u00e9ditions","price":799,"published_date":"2025-06-04T22:00:00.000000Z","support":"Poche","publisher_availability":1,"stock":0,"editions":[],"url":"https:\/\/quaidesbrumes.com\/ouvrage\/9782372878852\/ghost-and-witch-la-quete-du-divin-tome-2"},{"id":"9782344036914","title":"L'\u00e9pop\u00e9e de la franc-ma\u00e7onnerie Tome 8 : le r\u00eave d'Orient","description":"Une trop grande ambition peut br\u00fbler l'\u00e2me.\u00c9gypte, 1798. Tandis que le jeune g\u00e9n\u00e9ral Bonaparte marche sur Alexandrie, un souvenir d'enfance le hante : l'histoire des pierres d'Hiram. Selon la l\u00e9gende, celui qui poss\u00e8de un de ces artefacts d\u00e9tiendrait alors un immense pouvoir, et un des fragments se trouverait justement en \u00c9gypte o\u00f9 la situation est particuli\u00e8rement d\u00e9licate pour les troupes fran\u00e7aises... Mais apr\u00e8s qu'il ait r\u00e9ussi \u00e0 s'emparer de la pierre sacr\u00e9e au coeur des pyramides, les \u00e9v\u00e9nements se mettent \u00e0 tourner en sa faveur. De ce jour, Napol\u00e9on ne se s\u00e9parera plus de la myst\u00e9rieuse relique \u00e0 qui il attribuera ses innombrables succ\u00e8s jusqu'\u00e0 son sacre en 1804. Durant cette m\u00eame campagne militaire, le g\u00e9n\u00e9ral Kl\u00e9ber va cr\u00e9er la toute premi\u00e8re loge ma\u00e7onnique d'\u00c9gypte et inviter Napol\u00e9on \u00e0 s'initier \u00e0 ses myst\u00e8res. M\u00e9fiant, le futur empereur h\u00e9site... alors que, dans l'ombre, oeuvre une femme d\u00e9vou\u00e9e qui jouera un r\u00f4le d\u00e9terminant : Jos\u00e9phine de Beauharnais. \u00c0 travers le destin d'un des plus grands personnages de l'Histoire, ce huiti\u00e8me volume nous entra\u00eene au coeur des intrigues politiques et du berceau de la franc-ma\u00e7onnerie.","authors":["Didier Convard","Jean-christophe Camus","Denis Falque"],"category_codes":["3000000","3020000","3020100","3020108"],"visuals":{"large":"https:\/\/images.epagine.fr\/914\/9782344036914_1_75.jpg","medium":"https:\/\/images.epagine.fr\/914\/9782344036914_1_m.jpg","thumbnail":"https:\/\/images.epagine.fr\/914\/9782344036914_1_v.jpg"},"orderable":true,"show_badge":true,"formatted_price":"15,50&nbsp;\u20ac","formatted_published_date":"19 avril 2023","publisher_availability_label":"Sur commande","short_details":"Didier Convard, Jean-christophe Camus, Denis Falque \u2014 Gl\u00e9nat","translator":null,"weight":650,"page_count":56,"readership":null,"editor":"Gl\u00e9nat","price":1550,"published_date":"2023-04-18T22:00:00.000000Z","support":"Grand format","publisher_availability":1,"stock":0,"editions":[],"url":"https:\/\/quaidesbrumes.com\/ouvrage\/9782344036914\/lepopee-de-la-franc-maconnerie-tome-8-le-reve-dorient"},{"id":"9791032405123","title":"Le dernier jour de Howard Phillips Lovecraft","description":"\" Personne ne sait \u00e0 quoi a ressembl\u00e9 la derni\u00e8re journ\u00e9e de cet homme qui s'appelait Howard Phillips Lovecraft. Personne ne sait, sauf moi. Car moi, j'y \u00e9tais. J'y \u00e9tais et je vais tout vous raconter. \"\r\nL'auteur fran\u00e7ais Romuald Giulivo et l'artiste polonais Jakub Rebelka (Origins, Judas...) se sont r\u00e9unis pour nous transmettre le r\u00e9cit onirique des ultimes moments du c\u00e9l\u00e8bre auteur am\u00e9ricain. Pi\u00e8ce de th\u00e9\u00e2tre sous forme de dialogues int\u00e9rieurs, Le Dernier Jour de Howard Phillips Lovecraft revisite les contr\u00e9es imaginaires de l'auteur, les souvenirs de l'homme, ses col\u00e8res et ses zones d'ombre. On y suit le dernier voyage d'un homme complexe et tortur\u00e9 faisant face \u00e0 ses choix, ses errances et ses renoncements, persuad\u00e9 que seule une nuit \u00e9ternelle r\u00e9confortante attend les hommes au moment de leur mort. Mais un auteur n'est-il pas par essence immortel gr\u00e2ce \u00e0 ses r\u00e9cits dont nous sommes les d\u00e9positaires ?\r\n\r\nB\u00e2ti comme une \u00e9trange cath\u00e9drale gothique, Le Dernier Jour de Lovecraft est un roman graphique hors norme faisant de la fin d'un homme le d\u00e9but d'un mythe.\r\n \r\nPour sa premi\u00e8re incursion dans le monde s\u00e9quentiel, Romuald Giulivo r\u00e9alise un coup de ma\u00eetre en puisant tout autant dans la vie du c\u00e9l\u00e8bre auteur que dans le domaine du r\u00eave cher \u00e0 Gaston Bachelard. Au dessin, le trop rare Jakub Rebelka, amoureux transi de la prose du reclus de Providence, atteint des sommets d'illustrations organiques non euclidiennes.\r\n\r\n\" \r\nJakub Rebelka est un g\u00e9nie absolument fou. Une myriade de choses s'animent dans chacune de ses cases, mais elles demeurent apaisantes et magnifiques. Comment diable fait-il \u00e7a ? \" \r\nMike Mignola","authors":["Romuald Giulivo","Jakub Rebelka"],"category_codes":["3000000","3030000","3030700","3030703"],"visuals":{"large":"https:\/\/images.epagine.fr\/123\/9791032405123_1_75.jpg","medium":"https:\/\/images.epagine.fr\/123\/9791032405123_1_m.jpg","thumbnail":"https:\/\/images.epagine.fr\/123\/9791032405123_1_v.jpg"},"orderable":true,"show_badge":false,"formatted_price":"24,95&nbsp;\u20ac","formatted_published_date":"26 octobre 2023","publisher_availability_label":"Sur commande","short_details":"Romuald Giulivo, Jakub Rebelka \u2014 404 \u00c9ditions","translator":null,"weight":1096,"page_count":152,"readership":"Tout public","editor":"404 \u00c9ditions","price":2495,"published_date":"2023-10-25T22:00:00.000000Z","support":"Grand format","publisher_availability":1,"stock":1,"editions":[],"url":"https:\/\/quaidesbrumes.com\/ouvrage\/9791032405123\/le-dernier-jour-de-howard-phillips-lovecraft"},{"id":"9782811653231","title":"The Quintessential Quintuplets Tome 2","description":"F\u00fbtar\u00f4 Uesugi a d\u00e9croch\u00e9 un petit boulot tr\u00e8s bien pay\u00e9 : professeur particulier. Mais ses \u00e9l\u00e8ves, des quintupl\u00e9es, lui donnent du fil \u00e0 retordre. Alors qu'il a enfin obtenu la confiance de Miku, il est malencontreusement surpris en flagrant d\u00e9lit de position douteuse envers Nino. Accus\u00e9 d'agression sexuelle, parviendra-t-il \u00e0 prouver son innocence seul face au clan des filles Nakano ?","authors":["Negi Haruba","Soizic Schoonbroodt"],"category_codes":["3000000","3040000","3040500","3040509"],"visuals":{"large":"https:\/\/images.epagine.fr\/231\/9782811653231_1_75.jpg","medium":"https:\/\/images.epagine.fr\/231\/9782811653231_1_m.jpg","thumbnail":"https:\/\/images.epagine.fr\/231\/9782811653231_1_v.jpg"},"orderable":true,"show_badge":true,"formatted_price":"7,20&nbsp;\u20ac","formatted_published_date":"5 f\u00e9vrier 2020","publisher_availability_label":"Sur commande","short_details":"Negi Haruba, Soizic Schoonbroodt \u2014 Pika \u00c9dition","translator":"SOIZIC SCHOONBROODT","weight":190,"page_count":192,"readership":"\u00e0 partir de 12 ANS","editor":"Pika \u00c9dition","price":720,"published_date":"2020-02-04T23:00:00.000000Z","support":"Poche","publisher_availability":1,"stock":0,"editions":["9782811666552"],"url":"https:\/\/quaidesbrumes.com\/ouvrage\/9782811653231\/the-quintessential-quintuplets-tome-2"},{"id":"9791037512581","title":"Gregory","description":"Le 16 octobre 1984, les gendarmes rep\u00eachent dans une rivi\u00e8re des Vosges le corps sans vie d'un enfant de quatre ans, Gr\u00e9gory Villemin. Son bonnet est rabattu sur son visage, ses pieds et ses mains sont li\u00e9s. Le lendemain, une lettre anonyme arrive au domicile de ses parents. Tout est hors norme dans cet assassinat. La victime est un enfant qui jouait sur un tas de gravier devant chez lui. Le meurtrier revendique son crime avant m\u00eame de l'avoir commis. Il n'y a aucun mobile \u00e9vident : les parents de Gr\u00e9gory sont un jeune couple d'ouvriers, amoureux et sans histoires.\r\nUn premier suspect, Bernard Laroche, un cousin du p\u00e8re, est arr\u00eat\u00e9 puis rel\u00e2ch\u00e9. Pour le d\u00e9fendre, ses avocats d\u00e9tournent l'attention vers la m\u00e8re de l'enfant, Christine Villemin. Sous pression, rendu fou par les manoeuvres et la rumeur, Jean-Marie Villemin se rend chez Laroche pour tenter de le faire parler. Il le tue.\r\nLa victime devient alors coupable. En prison, Jean-Marie Villemin effectue un long chemin int\u00e9rieur. Lors de son proc\u00e8s, son humanit\u00e9 et celle de sa femme bouleversent les jur\u00e9s. Des ann\u00e9es plus tard, la justice a reconnu ses erreurs, pr\u00e9sent\u00e9 des excuses officielles \u00e0 Christine Villemin et r\u00e9par\u00e9 son pr\u00e9judice. Quarante ans apr\u00e8s, l'affaire est toujours en instruction. Gr\u00e2ce aux parents de la victime, des moyens judiciaires importants sont mobilis\u00e9s pour trouver le ou les coupables.\r\nCe roman graphique est exceptionnel \u00e0 plus d'un titre. Fond\u00e9 sur une documentation impressionnante, il s'appuie sur le t\u00e9moignage in\u00e9dit de Jean-Marie Villemin et ses nombreux \u00e9changes avec les auteurs. Sans rien occulter, le p\u00e8re de Gr\u00e9gory raconte, dans le d\u00e9tail, les sombres coulisses du drame qui a boulevers\u00e9 sa vie et celle de sa femme, Christine, depuis le 16 octobre 1984.","authors":["Pat Perna","Jean-Marie Villemin","Christophe Gaultier"],"category_codes":["3000000","3020000","3020100","3020103"],"visuals":{"large":"https:\/\/images.epagine.fr\/581\/9791037512581_1_75.jpg","medium":"https:\/\/images.epagine.fr\/581\/9791037512581_1_m.jpg","thumbnail":"https:\/\/images.epagine.fr\/581\/9791037512581_1_v.jpg"},"orderable":true,"show_badge":true,"formatted_price":"25,00&nbsp;\u20ac","formatted_published_date":"3 octobre 2024","publisher_availability_label":"Sur commande","short_details":"Pat Perna, Jean-Marie Villemin, Christophe Gaultier \u2014 Les Ar\u00e8nes BD","translator":null,"weight":920,"page_count":137,"readership":null,"editor":"Les Ar\u00e8nes BD","price":2500,"published_date":"2024-10-02T22:00:00.000000Z","support":"Grand format","publisher_availability":1,"stock":0,"editions":[],"url":"https:\/\/quaidesbrumes.com\/ouvrage\/9791037512581\/gregory"},{"id":"9782408045104","title":"Glouton Tome 6 : le po\u00e8le de la b\u00eate","description":"Une vraie histoire compl\u00e8te, qui laisse le temps au lecteur de s'immerger dans l'univers loufouque et d\u00e9cal\u00e9 de cet anti-h\u00e9ros du Grand Nord.","authors":["B-Gnet"],"category_codes":["3000000","3020000","3020200","3020211"],"visuals":{"large":"https:\/\/images.epagine.fr\/104\/9782408045104_1_75.jpg","medium":"https:\/\/images.epagine.fr\/104\/9782408045104_1_m.jpg","thumbnail":"https:\/\/images.epagine.fr\/104\/9782408045104_1_v.jpg"},"orderable":true,"show_badge":true,"formatted_price":"11,00&nbsp;\u20ac","formatted_published_date":"7 juin 2023","publisher_availability_label":"Sur commande","short_details":"B-Gnet \u2014 Bayard Jeunesse","translator":null,"weight":202,"page_count":64,"readership":"\u00e0 partir de 7 ANS","editor":"Bayard Jeunesse","price":1100,"published_date":"2023-06-06T22:00:00.000000Z","support":"Grand format","publisher_availability":1,"stock":0,"editions":[],"url":"https:\/\/quaidesbrumes.com\/ouvrage\/9782408045104\/glouton-tome-6-le-poele-de-la-bete"},{"id":"9782203290372","title":"Dix secondes","description":"Lyc\u00e9en attachant mais qui n'en branle pas une, Marco s'emmerde dans sa banlieue belge des ann\u00e9es 1990. Seuls la fumette, l'alcool et les jeux dangereux le font se sentir un tant soit peu vivant. Malgr\u00e9 un groupe de potes soud\u00e9s, il traine sa loose de parking de bo\u00eetes de nuit en foss\u00e9s de routes de campagne. Sa rencontre avec Zo\u00e9 lui permettra-t-elle de sortir de ce funeste engrenage ?  Max de Radigu\u00e8s s'attache \u00e0 d\u00e9crire le malaise qui peut habiter des jeunes pourtant sans probl\u00e8me, en perp\u00e9tuelle qu\u00eate de rep\u00e8res.","authors":["Max de Radigu\u00e8s"],"category_codes":["3000000","3020000","3020100","3020103"],"visuals":{"large":"https:\/\/images.epagine.fr\/372\/9782203290372_1_75.jpg","medium":"https:\/\/images.epagine.fr\/372\/9782203290372_1_m.jpg","thumbnail":"https:\/\/images.epagine.fr\/372\/9782203290372_1_v.jpg"},"orderable":true,"show_badge":true,"formatted_price":"22,00&nbsp;\u20ac","formatted_published_date":"12 mars 2025","publisher_availability_label":"Sur commande","short_details":"Max de Radigu\u00e8s \u2014 Casterman","translator":null,"weight":740,"page_count":120,"readership":null,"editor":"Casterman","price":2200,"published_date":"2025-03-11T23:00:00.000000Z","support":"Grand format","publisher_availability":1,"stock":0,"editions":[],"url":"https:\/\/quaidesbrumes.com\/ouvrage\/9782203290372\/dix-secondes"},{"id":"9782380462364","title":"The cure","description":"Synth\u00e9s brumeux, basses profondes, d'ambiances m\u00e9lancoliques en tubes pop, The Cure et son g\u00e9nialissime Robert Smith ont su traverser les \u00e9poques, transcender les genres, survivre au spleen, aux blessures, aux succ\u00e8s et \u00e0 ses d\u00e9sillusions... toujours avec humour et toujours avec brio.\u00a0","authors":["Collectif","J\u00e9r\u00e9my Wulc"],"category_codes":["3000000","3020000","3020100","3020103"],"visuals":{"large":"https:\/\/images.epagine.fr\/364\/9782380462364_1_75.jpg","medium":"https:\/\/images.epagine.fr\/364\/9782380462364_1_m.jpg","thumbnail":"https:\/\/images.epagine.fr\/364\/9782380462364_1_v.jpg"},"orderable":true,"show_badge":true,"formatted_price":"21,90&nbsp;\u20ac","formatted_published_date":"15 octobre 2025","publisher_availability_label":"Sur commande","short_details":"Collectif, J\u00e9r\u00e9my Wulc \u2014 \u00c9ditions Petit \u00e0 Petit","translator":null,"weight":759,"page_count":null,"readership":null,"editor":"\u00c9ditions Petit \u00e0 Petit","price":2190,"published_date":"2025-10-14T22:00:00.000000Z","support":"Grand format","publisher_availability":1,"stock":0,"editions":[],"url":"https:\/\/quaidesbrumes.com\/ouvrage\/9782380462364\/the-cure"},{"id":"9782488205023","title":"Les v\u00e9ritables aventures de Jim et Huckleberry Finn","description":"Le jeune Huckleberry Finn grandit sous la coupe d'un p\u00e8re cruel et ivrogne, au c\u00f4t\u00e9 de leur esclave Noir Jim. Mais un jour, au retour d'une exp\u00e9dition, Huck et Jim d\u00e9couvrent avec effarement que le p\u00e8re du gar\u00e7on a vendu la femme et les deux enfants de Jim. N'ayant plus rien \u00e0 perdre, ils d\u00e9cident de s'enfuir ensemble pour partir \u00e0 leur recherche.\r\nAu c\u00f4t\u00e9 de Jim, le jeune et effront\u00e9 Huckleberry Finn se lance dans un voyage \u00e9pique dans le Sud des \u00c9tats-Unis. Une formidable aventure qui, du rire aux larmes, va les conduire \u00e0 prendre tous les risques, \u00e0 fr\u00f4ler la mort mais aussi \u00e0 partager des moments de grand bonheur.\u00a0 \r\nAu fil de leur voyage, Huck et Jim, le petit gar\u00e7on Blanc\u00a0 et le grand esclave Noir, deviennent amis, d\u00e9fiant tous les pr\u00e9jug\u00e9s...\u00a0 \r\nUne oeuvre majeure empreinte d'une profonde humanit\u00e9.\u00a0","authors":["David F. Walker","Marcus Kwame Anderson"],"category_codes":["3000000","3020000","3020100"],"visuals":{"large":"https:\/\/images.epagine.fr\/023\/9782488205023_1_75.jpg","medium":"https:\/\/images.epagine.fr\/023\/9782488205023_1_m.jpg","thumbnail":"https:\/\/images.epagine.fr\/023\/9782488205023_1_v.jpg"},"orderable":true,"show_badge":true,"formatted_price":"26,90&nbsp;\u20ac","formatted_published_date":"22 octobre 2025","publisher_availability_label":"Sur commande","short_details":"David F. Walker, Marcus Kwame Anderson \u2014 Imagine Graphic","translator":null,"weight":1072,"page_count":480,"readership":"Tout public","editor":"Imagine Graphic","price":2690,"published_date":"2025-10-21T22:00:00.000000Z","support":"Grand format","publisher_availability":1,"stock":0,"editions":[],"url":"https:\/\/quaidesbrumes.com\/ouvrage\/9782488205023\/les-veritables-aventures-de-jim-et-huckleberry-finn"}]}