{"data":[{"id":"9791041118076","title":"Verdun : Int\u00e9grale","description":"Au-del\u00e0 des batailles, les cicatrices humaines de Verdun : une fresque o\u00f9 courage, douleur et m\u00e9moire s'entrelacent. Trois r\u00e9cits, une m\u00eame bataille : Verdun.\r\nDe la pluie providentielle qui sauve in extremis la ligne fran\u00e7aise, au sacrifice h\u00e9ro\u00efque du fort de Vaux, jusqu'au combat judiciaire d'une veuve face \u00e0 l'injustice militaire, cette int\u00e9grale plonge au coeur de la Grande Guerre et de ses cicatrices. Entre strat\u00e9gies, h\u00e9ro\u00efsme et drames humains, elle offre une fresque historique poignante et document\u00e9e, o\u00f9 les petites histoires se m\u00ealent \u00e0 la grande.","authors":["Jean-Yves Le Naour","Marko","Holgado"],"category_codes":["3000000","3020000","3020100","3020108"],"visuals":{"large":"https:\/\/images.epagine.fr\/076\/9791041118076_1_75.jpg","medium":"https:\/\/images.epagine.fr\/076\/9791041118076_1_m.jpg","thumbnail":"https:\/\/images.epagine.fr\/076\/9791041118076_1_v.jpg"},"orderable":true,"show_badge":true,"formatted_price":"29,90&nbsp;\u20ac","formatted_published_date":"28 janvier 2026","publisher_availability_label":"Sur commande","short_details":"Jean-Yves Le Naour, Marko, Holgado \u2014 Bamboo","translator":null,"weight":1116,"page_count":160,"readership":null,"editor":"Bamboo","price":2990,"published_date":"2026-01-27T23:00:00.000000Z","support":"Grand format","publisher_availability":1,"stock":0,"editions":[],"url":"https:\/\/quaidesbrumes.com\/ouvrage\/9791041118076\/verdun-integrale"},{"id":"9782266330855","title":"La guerre des clans : une ombre au clan de la rivi\u00e8re","description":"Une aventure in\u00e9dite et illustr\u00e9e de la guerre des clans dans un tout nouveau format et en couleur !\r\nJolie Plume a du mal \u00e0 pardonner \u00e0 ses compagnons qui ont voulu sa mort. Son ressentiment l'emp\u00eache de trouver sa place au sein du Clan de la Rivi\u00e8re. Mais l'arriv\u00e9e de Sacha, une chatte cherchant asile, lui offre une amiti\u00e9 et un nouveau d\u00e9part. Pour y acc\u00e9der, elle va devoir \u00e9chapper aux ombres de son pass\u00e9.","authors":["Erin Hunter","Dan Jolley","James L. Barry","Aude Carlier"],"category_codes":["3000000","3020000","3020200","3020205"],"visuals":{"large":"https:\/\/images.epagine.fr\/855\/9782266330855_1_75.jpg","medium":"https:\/\/images.epagine.fr\/855\/9782266330855_1_m.jpg","thumbnail":"https:\/\/images.epagine.fr\/855\/9782266330855_1_v.jpg"},"orderable":true,"show_badge":true,"formatted_price":"12,90&nbsp;\u20ac","formatted_published_date":"31 ao\u00fbt 2023","publisher_availability_label":"Sur commande","short_details":"Erin Hunter, Dan Jolley, James L. Barry, Aude Carlier \u2014 Pocket Jeunesse","translator":"AUDE CARLIER","weight":350,"page_count":208,"readership":"9\/12 ans","editor":"Pocket Jeunesse","price":1290,"published_date":"2023-08-30T22:00:00.000000Z","support":"Poche","publisher_availability":1,"stock":0,"editions":[],"url":"https:\/\/quaidesbrumes.com\/ouvrage\/9782266330855\/la-guerre-des-clans-une-ombre-au-clan-de-la-riviere"},{"id":"9782884715300","title":"Les aventures de Lucky Luke d'apr\u00e8s Morris Tome 23 : Le daily star","description":"Ce personnage immortel parcourt depuis 1946 l'histoire de l'ouest am\u00e9ricain. Il y a rencontr\u00e9 des personnages c\u00e9l\u00e8bres (Jesse James, Calamity Jane, Billy the Kid, Sarah Bernhardt...). Lucky Luke est l'homme des missions impossibles, le d\u00e9fenseur des pauvres, des veuves et des orphelins, bref le parfait h\u00e9ros ! Son cheval, Jolly Jumper, est un parfait compagnon de ce \"poor lonesome cowboy\". Les fr\u00e8res Dalton se dressent perp\u00e9tuellement sur le chemin de Lucky Luke ce qui permet \u00e0 ce dernier de les poursuivre continuellement et de les confier \u00e0 la justice. Autre personnage traditionnel de la s\u00e9rie : Rantanplan, le chien le plus b\u00eate du farwest qui a v\u00e9cut de fa\u00e7on autonome 2 albums.\r\n\r\nLucky Luke est, avec Ast\u00e9rix et Tintin, le plus c\u00e9l\u00e8bre personnage de l'histoire de la BD : cette s\u00e9rie, accessible \u00e0 tous, est devenu un mythe gr\u00e2ce \u00e0 Morris et Goscinny. Ce personnage a fait l'essentiel de sa formidable carri\u00e8re dans les pages de SPIROU, PILOTE et LE JOURNAL DE LUCKY LUKE. Une exploitation merchandising et audiovisuelle (dont aux \u00c9tats-Unis) a permis d'introduire Lucky Luke aupr\u00e8s d'une tr\u00e8s large couche de la population et aupr\u00e8s de plusieurs g\u00e9n\u00e9rations de lecteurs. A noter qu'apr\u00e8s la disparition de Goscinny, plusieurs sc\u00e9naristes ont travaill\u00e9 sur la s\u00e9rie : Vicq, De Groot, Fauche et L\u00e9turgie, Lodewijk, Lo Hartog Van Banda et Vidal. L'essentiel des albums se trouvent chez Dupuis et Dargaud., la nouveaut\u00e9 chez Lucky Productions.","authors":["Jean L\u00e9turgie","Morris"],"category_codes":["3000000","3020000","3020200","3020210"],"visuals":{"large":"https:\/\/images.epagine.fr\/300\/9782884715300_1_75.jpg","medium":"https:\/\/images.epagine.fr\/300\/9782884715300_1_m.jpg","thumbnail":"https:\/\/images.epagine.fr\/300\/9782884715300_1_v.jpg"},"orderable":true,"show_badge":true,"formatted_price":"6,90&nbsp;\u20ac","formatted_published_date":"7 mai 2025","publisher_availability_label":"Sur commande","short_details":"Jean L\u00e9turgie, Morris \u2014 Lucky Comics","translator":null,"weight":160,"page_count":48,"readership":"Tout public","editor":"Lucky Comics","price":690,"published_date":"2025-05-06T22:00:00.000000Z","support":"Grand format","publisher_availability":1,"stock":0,"editions":[],"url":"https:\/\/quaidesbrumes.com\/ouvrage\/9782884715300\/les-aventures-de-lucky-luke-dapres-morris-tome-23-le-daily-star"},{"id":"9791026818410","title":"Superman : Up in the sky","description":"Pour sauver une petite fille enlev\u00e9e par des extraterrestres, Superman va devoir prendre l'une de ses plus graves d\u00e9cisions : rester aupr\u00e8s des siens et continuer \u00e0 les prot\u00e9ger, ou bien parcourir l'univers \u00e0 sa recherche et laisser Metropolis et la Terre \u00e0 l'abandon. M\u00fb par un optimisme et un sens du devoir infaillibles, l'Homme d'Acier ne tergiverse pas longtemps avant de s'envoler... l\u00e0-haut dans le ciel.","authors":["Tom King","Adam Kubert","J\u00e9r\u00f4me Wicky"],"category_codes":["3000000","3030000","3030200"],"visuals":{"large":"https:\/\/images.epagine.fr\/410\/9791026818410_1_75.jpg","medium":"https:\/\/images.epagine.fr\/410\/9791026818410_1_m.jpg","thumbnail":"https:\/\/images.epagine.fr\/410\/9791026818410_1_v.jpg"},"orderable":true,"show_badge":true,"formatted_price":"8,90&nbsp;\u20ac","formatted_published_date":"24 janvier 2025","publisher_availability_label":"Sur commande","short_details":"Tom King, Adam Kubert, J\u00e9r\u00f4me Wicky \u2014 Urban Comics","translator":"JEROME WICKY","weight":268,"page_count":176,"readership":"\u00e0 partir de 12 ANS","editor":"Urban Comics","price":890,"published_date":"2025-01-23T23:00:00.000000Z","support":"Grand format","publisher_availability":1,"stock":0,"editions":[],"url":"https:\/\/quaidesbrumes.com\/ouvrage\/9791026818410\/superman-up-in-the-sky"},{"id":"9782302019478","title":"Princesse Sara Tome 4 : une petite princesse !","description":"L'ADAPTATION BD DU DESSIN ANIM\u00c9 CULTE DES ANN\u00c9ES 80 !\u00c0 force de vouloir arracher son sourire \u00e0 Sara, Miss Minchin finit par effrayer les jeunes \u00e9l\u00e8ves de son pensionnat. Ce qu'elle ignore, c'est qu'un myst\u00e9rieux bienfaiteur transforme la vie de l'orpheline en conte de f\u00e9es et que cette derni\u00e8remange maintenant \u00e0 sa faim ! Malheureusement, dans la maison d'\u00e0 c\u00f4t\u00e9, le Monsieur Indien d\u00e9p\u00e9rit totalement. Il est maintenant convaincu qu'il ne retrouvera jamais la fille du Capitaine Crewe et que celle-ci est perdue pour toujours...","authors":["Audrey Alwett","Nora Moretti"],"category_codes":["3000000","3020000","3020200","3020202"],"visuals":{"large":"https:\/\/images.epagine.fr\/478\/9782302019478_1_75.jpg","medium":"https:\/\/images.epagine.fr\/478\/9782302019478_1_m.jpg","thumbnail":"https:\/\/images.epagine.fr\/478\/9782302019478_1_v.jpg"},"orderable":true,"show_badge":true,"formatted_price":"11,50&nbsp;\u20ac","formatted_published_date":"16 novembre 2011","publisher_availability_label":"Sur commande","short_details":"Audrey Alwett, Nora Moretti \u2014 Soleil","translator":null,"weight":428,"page_count":48,"readership":"Tout public","editor":"Soleil","price":1150,"published_date":"2011-11-15T23:00:00.000000Z","support":"Grand format","publisher_availability":1,"stock":0,"editions":[],"url":"https:\/\/quaidesbrumes.com\/ouvrage\/9782302019478\/princesse-sara-tome-4-une-petite-princesse"},{"id":"9782749310169","title":"Amelia Woods Tome 3 : Le journal de Serena","description":"Une jeune femme en qu\u00eate de sa magique v\u00e9rit\u00e9.Suite au d\u00e9c\u00e8s de sa m\u00e8re, Amelia Woods rentre \u00e0 Londres avec son p\u00e8re, puis int\u00e8gre enfin la prestigieuse universit\u00e9 qu'il dirige pour \u00e9tudier les sciences ! Mais Amelia a l'esprit ailleurs... Elle aspire avant tout \u00e0 percer les secrets qui entourent sa d\u00e9funte m\u00e8re et \u00e0 en savoir davantage sur sa propre nature magique ! Son p\u00e8re, cart\u00e9sien et autoritaire, ne pr\u00eate gu\u00e8re attention \u00e0 ces \u00e9lucubrations et ne songe qu'\u00e0 introduire sa fille aupr\u00e8s des cercles \u00e9rudits de la Soci\u00e9t\u00e9... Tandis qu'Amelia n'a qu'une id\u00e9e en t\u00eate, renouer avec ses origines, elle est constamment travers\u00e9e par des questions : et si elle \u00e9tait la descendante directe d'une illustre et ancienne famille de magiciens ? Pourquoi tant de rivalit\u00e9s entre Serena et sa soeur Heme ?\r\nDans ce troisi\u00e8me tome, magie et suspense sont au coeur de cette histoire palpitante. Un r\u00e9cit initiatique dans lequel une \u00ab jeune femme moderne \u00bb remet en cause tout ce qu'elle croit savoir et \u00e9veille sa part spirituelle afin de trouver sa v\u00e9rit\u00e9, \u00e0 l'\u00e2ge o\u00f9 sentiments et secrets familiaux sont susceptibles d'encore tout bouleverser","authors":["Morgane Lafille","Carole Breteau"],"category_codes":["3000000","3020000","3020200","3020206"],"visuals":{"large":"https:\/\/images.epagine.fr\/169\/9782749310169_1_75.jpg","medium":"https:\/\/images.epagine.fr\/169\/9782749310169_1_m.jpg","thumbnail":"https:\/\/images.epagine.fr\/169\/9782749310169_1_v.jpg"},"orderable":true,"show_badge":true,"formatted_price":"15,50&nbsp;\u20ac","formatted_published_date":"25 septembre 2024","publisher_availability_label":"Sur commande","short_details":"Morgane Lafille, Carole Breteau \u2014 Vents d'Ouest","translator":null,"weight":634,"page_count":56,"readership":"Tout public","editor":"Vents d'Ouest","price":1550,"published_date":"2024-09-24T22:00:00.000000Z","support":"Grand format","publisher_availability":1,"stock":0,"editions":[],"url":"https:\/\/quaidesbrumes.com\/ouvrage\/9782749310169\/amelia-woods-tome-3-le-journal-de-serena"},{"id":"9782505082682","title":"Complainte des landes perdues - cycle 4 : les Sudenne Tome 1 : Lord Heron","description":"En compagnie de Seamus, Sioban, la reine des Sudenne, rend visite \u00e0 son oncle, lord Heron. Ce dernier leur raconte comment, en compagnie du p\u00e8re de Sioban, il avait \u00e9t\u00e9 confront\u00e9 au terrifiant Cryptos. Sioban fait la connaissance de sa cousine, Aylissa, sur le point de se marier. Derri\u00e8re son visage d'ange, celle-ci dissimule des emportements soudains. Certains pr\u00e9tendent m\u00eame qu'elle serait folle.\r\nLors d'une promenade \u00e0 cheval, Aylissa lui lance un d\u00e9fi : franchir la faille de Pathmoor. Sioban \u00e9choue. Elle est pr\u00e9cipit\u00e9e au fond d'un ravin. Accident ou pi\u00e8ge tendu par Aylissa ? Sioban ne doit la vie qu'\u00e0 un homme du clan des O'Kallan. Ce clan qui, jadis, avait trahi les Sudenne, et dont les membres vivent depuis \u00e0 l'\u00e9cart du monde. Mais cette rencontre inattendue changera le destin de Sioban.\r\nEn affrontant le Niddhog, ce monstre issu des l\u00e9gendes maudites, elle d\u00e9tiendra d\u00e9sormais un pouvoir encore plus grand, conf\u00e9r\u00e9 par le Harfingg... Avec ce premier volume du quatri\u00e8me cycle de La Complainte des landes perdues, magnifi\u00e9 par le graphisme de Paul Teng, Jean Dufaux plonge encore plus profond au coeur du destin de Sioban, cette femme l\u00e9gendaire qui n'a pas fini de nous r\u00e9v\u00e9ler ses myst\u00e8res...","authors":["Jean Dufaux","Teng","Grzegorz Rosinski","Philippe Delaby"],"category_codes":["3000000","3020000","3020100","3020105"],"visuals":{"large":"https:\/\/images.epagine.fr\/682\/9782505082682_1_75.jpg","medium":"https:\/\/images.epagine.fr\/682\/9782505082682_1_m.jpg","thumbnail":"https:\/\/images.epagine.fr\/682\/9782505082682_1_v.jpg"},"orderable":true,"show_badge":true,"formatted_price":"17,95&nbsp;\u20ac","formatted_published_date":"29 octobre 2021","publisher_availability_label":"Sur commande","short_details":"Jean Dufaux, Teng, Grzegorz Rosinski, Philippe Delaby \u2014 Dargaud","translator":null,"weight":646,"page_count":64,"readership":"\u00e0 partir de 16 ans","editor":"Dargaud","price":1795,"published_date":"2021-10-28T22:00:00.000000Z","support":"Grand format","publisher_availability":1,"stock":0,"editions":[],"url":"https:\/\/quaidesbrumes.com\/ouvrage\/9782505082682\/complainte-des-landes-perdues-cycle-4-les-sudenne-tome-1-lord-heron"},{"id":"9782754833530","title":"Une histoire du droit international : de Salamanque \u00e0 Guantanamo","description":"Le droit international est aujourd'hui omnipr\u00e9sent. Des r\u00e8gles du commerce international \u00e0 celles sur la protection des droits fondamentaux ou de l'environnement, il reste pourtant un objet mal identifi\u00e9. Ce document graphique explique tout ! Des premi\u00e8res doctrines de la guerre juste, formul\u00e9es par l'\u00e9cole de Salamanque au XVe si\u00e8cle, jusqu'\u00e0 la prison de Guantanamo ou \u00e0 la guerre en Ukraine, il montre comment les \u00c9tats ont cr\u00e9\u00e9 un nombre toujours croissant de r\u00e8gles et d'institutions pour r\u00e9gir leurs interactions.\r\nUne lecture critique du droit, tiraill\u00e9 \u00e0 toutes les \u00e9poques entre une dimension \u00e9thique (le droit comme vecteur de progr\u00e8s et de civilisation) et une dimension politique (le droit comme instrument du pouvoir entre les \u00c9tats).\r\n\r\nPourquoi parle-t-on portugais au Br\u00e9sil et espagnol en Am\u00e9rique latine ? Pourquoi les fronti\u00e8res des \u00c9tats africains suivent-elles si souvent des trac\u00e9s rectilignes s\u00e9parant des peuples qui auparavant ne faisaient qu'un ? Comment expliquer que Bachar El-Assad soit toujours au pouvoir en Syrie alors que Mouammar Kadhafi en a \u00e9t\u00e9 chass\u00e9 en Libye ? Et si tout cela avait quelque chose \u00e0 voir avec le droit international ?\r\nCe document exceptionnel pr\u00e9sente le droit international dans une perspective historique, la plus \u00e0 m\u00eame de favoriser la compr\u00e9hension des principes et du fonctionnement de l'ordre juridique international tel qu'il se pr\u00e9sente aujourd'hui. Il est difficile, par exemple, de comprendre les d\u00e9bats actuels relatifs \u00e0 la situation en Syrie sans avoir les id\u00e9es claires sur la notion de souverainet\u00e9 - un concept qui s'est trouv\u00e9 formalis\u00e9 \u00e0 partir du XVIIe si\u00e8cle et dont la port\u00e9e s'est pr\u00e9cis\u00e9e au fil du temps et de la pratique.\r\nUne fresque historique, qui s'appuie sur de nombreux exemples concrets \u00e0 travers les si\u00e8cles, \u00e9crite par deux professeurs de droits international de L'Universit\u00e9 Libre de Bruxelles.","authors":["G\u00e9rard Bedoret","Olivier Corten","Pierre Klein"],"category_codes":["3000000","3020000","3020100","3020103"],"visuals":{"large":"https:\/\/images.epagine.fr\/530\/9782754833530_1_75.jpg","medium":"https:\/\/images.epagine.fr\/530\/9782754833530_1_m.jpg","thumbnail":"https:\/\/images.epagine.fr\/530\/9782754833530_1_v.jpg"},"orderable":true,"show_badge":true,"formatted_price":"27,00&nbsp;\u20ac","formatted_published_date":"5 octobre 2022","publisher_availability_label":"Sur commande","short_details":"G\u00e9rard Bedoret, Olivier Corten, Pierre Klein \u2014 Futuropolis","translator":null,"weight":1134,"page_count":256,"readership":null,"editor":"Futuropolis","price":2700,"published_date":"2022-10-04T22:00:00.000000Z","support":"Grand format","publisher_availability":1,"stock":0,"editions":[],"url":"https:\/\/quaidesbrumes.com\/ouvrage\/9782754833530\/une-histoire-du-droit-international-de-salamanque-a-guantanamo"},{"id":"9782749308371","title":"Le grand Mort Tome 7 : derni\u00e8res migrations","description":"Le sort des deux mondes est entre leurs mains Les dignitaires sont atterr\u00e9s. Macare, la pr\u00eatresse hermaphrodite sortira-t-elle de son coma ? Le petit monde est au bord du chaos le plus total, car elle-seule aurait la possibilit\u00e9 de le sauver : elle d\u00e9tient la connaissance, mais risque de mourir avec... La seule solution pour rem\u00e9dier \u00e0 cela est de faire revenir Erwan, le transporteur, afin qu'il la partage \u00e9quitablement entre les clans. Mais Macare vivra-t-elle assez longtemps ? Et comment pr\u00e9venir Erwan qu'il y a urgence alors qu'il est coinc\u00e9 dans le grand monde entre la terrifiante Blanche et l'attente du retour de Pauline et Ga\u00eblle qui sont cens\u00e9es lui rapporter les \u00ab Larmes d'abeille \u00bb ? Pauline et Ga\u00eblle qui doivent affronter les pires dangers, tout en prot\u00e9geant les fioles contenant le pr\u00e9cieux liquide...Beaucoup de r\u00e9v\u00e9lations pour l'avant-dernier \u00e9pisode du Grand Mort ! Djian, Loisel et Malli\u00e9 poursuivent avec un talent rare cette s\u00e9rie aux dessins somptueux et uniques en son genre, m\u00ealant fantasy et r\u00e9cit post-apocalyptique. Une m\u00e9taphore des probl\u00e9matiques de notre soci\u00e9t\u00e9 moderne comme l'\u00e9cologie ou la crise des migrants.","authors":["Jean-Blaise Djian","R\u00e9gis Loisel","Vincent Malli\u00e9","Fran\u00e7ois Lapierre"],"category_codes":["3000000","3020000","3020100","3020106"],"visuals":{"large":"https:\/\/images.epagine.fr\/371\/9782749308371_1_75.jpg","medium":"https:\/\/images.epagine.fr\/371\/9782749308371_1_m.jpg","thumbnail":"https:\/\/images.epagine.fr\/371\/9782749308371_1_v.jpg"},"orderable":true,"show_badge":true,"formatted_price":"15,50&nbsp;\u20ac","formatted_published_date":"25 octobre 2017","publisher_availability_label":"Sur commande","short_details":"Jean-Blaise Djian, R\u00e9gis Loisel, Vincent Malli\u00e9, Fran\u00e7ois Lapierre \u2014 Vents d'Ouest","translator":null,"weight":660,"page_count":64,"readership":"\u00e0 partir de 12 ANS","editor":"Vents d'Ouest","price":1550,"published_date":"2017-10-24T22:00:00.000000Z","support":"Grand format","publisher_availability":1,"stock":0,"editions":[],"url":"https:\/\/quaidesbrumes.com\/ouvrage\/9782749308371\/le-grand-mort-tome-7-dernieres-migrations"},{"id":"9782884710282","title":"Lucky Luke Tome 9 : le grand duc","description":"Le grand et tr\u00e9pidant Duc L\u00e9onide de Russie accompagn\u00e9 de son interpr\u00e8te veut d\u00e9couvrir le far West typique avant de signer un trait\u00e9 avec les Etats-Unis. Lucky Luke est charg\u00e9 de le prot\u00e9ger contre d'\u00e9ventuels attentats, et de lui faire d\u00e9couvrir le folklore local : les saloons et leurs danseuses, les ru\u00e9es vers l'or, la guerre contre les indiens... Et Lucky Luke apprendra bien vite que le m\u00e9tier de guide touristique n'est pas de tout repos !","authors":["Morris","Ren\u00e9 Goscinny"],"category_codes":["3000000","3020000","3020200","3020210"],"visuals":{"large":"https:\/\/images.epagine.fr\/282\/9782884710282_1_75.jpg","medium":"https:\/\/images.epagine.fr\/282\/9782884710282_1_m.jpg","thumbnail":"https:\/\/images.epagine.fr\/282\/9782884710282_1_v.jpg"},"orderable":true,"show_badge":true,"formatted_price":"12,95&nbsp;\u20ac","formatted_published_date":"2 octobre 2001","publisher_availability_label":"Sur commande","short_details":"Morris, Ren\u00e9 Goscinny \u2014 Lucky Comics","translator":null,"weight":330,"page_count":46,"readership":"\u00e0 partir de 9 ANS","editor":"Lucky Comics","price":1295,"published_date":"2001-10-01T22:00:00.000000Z","support":"Grand format","publisher_availability":1,"stock":0,"editions":["9782889880058"],"url":"https:\/\/quaidesbrumes.com\/ouvrage\/9782884710282\/lucky-luke-tome-9-le-grand-duc"},{"id":"9782205086614","title":"Siegfried Tome 1","description":"Librement adapt\u00e9 de la l\u00e9gende des Nibelungen qui a inspir\u00e9 \u00e0 Wagner l'un de ses plus beaux op\u00e9ras, Siegfried est un sommet de l'heroic-fantasy, une bande dessin\u00e9e fascinante qui renoue avec les mythes fondateurs des plus belles l\u00e9gendes. L'enfance de Siegfried, fils des hommes et des dieux, \u00e9lev\u00e9 parmi les loups par Nime.\r\n\r\nLe Nibelungen forme le premier tome d'une extraordinaire trilogie sign\u00e9e par Alex Alice, le g\u00e9nial cr\u00e9ateur du Troisi\u00e8me Testament. Une s\u00e9rie \u00e9v\u00e9nement qui prend place, d\u00e8s aujourd'hui, parmi les chefs-d'oeuvre du Neuvi\u00e8me art.","authors":["Alex Alice"],"category_codes":["3000000","3020000","3020100","3020105"],"visuals":{"large":"https:\/\/images.epagine.fr\/614\/9782205086614_1_75.jpg","medium":"https:\/\/images.epagine.fr\/614\/9782205086614_1_m.jpg","thumbnail":"https:\/\/images.epagine.fr\/614\/9782205086614_1_v.jpg"},"orderable":true,"show_badge":true,"formatted_price":"18,50&nbsp;\u20ac","formatted_published_date":"21 ao\u00fbt 2020","publisher_availability_label":"Sur commande","short_details":"Alex Alice \u2014 Dargaud","translator":null,"weight":738,"page_count":80,"readership":"\u00e0 partir de 12 ANS","editor":"Dargaud","price":1850,"published_date":"2020-08-20T22:00:00.000000Z","support":"Grand format","publisher_availability":1,"stock":0,"editions":[],"url":"https:\/\/quaidesbrumes.com\/ouvrage\/9782205086614\/siegfried-tome-1"},{"id":"9791034737758","title":"U4 Tome 4 : Yannis","description":"\u00ab Je m'appelle Yannis. Ce rendez-vous, j'y vais pour rester libre \u00bb.\r\n\r\nYannis vit \u00e0 Marseille. Ses parents et sa petite soeur sont morts du virus U4, qui a d\u00e9cim\u00e9 90 % de la population mondiale en \u00e0 peine dix jours. Lourd de culpabilit\u00e9 de n'avoir pu enterrer ses proches, Yannis voit leurs fant\u00f4mes un peu partout et commence \u00e0 douter de sa raison... Heureusement qu'il lui reste le fid\u00e8le Happy, son chien. Dehors, ils d\u00e9couvrent horrifi\u00e9 une ville o\u00f9 br\u00fblent des b\u00fbchers de cadavres, une ville prise d'assaut par les rats et les go\u00e9lands, mais aussi par des jeunes pr\u00eats \u00e0 tuer ceux qui ne font pas partie de leur bande. Yannis r\u00e9ussit \u00e0 \u00e9chapper aux patrouilles... mais \u00e0 peine a-t-il retrouv\u00e9 son meilleur ami que celui-ci se fait tuer sous ses yeux. Trouvant un scooter, il d\u00e9cide de fuir Marseille et de s'accrocher \u00e0 son dernier espoir : un rendez-vous fix\u00e9 \u00e0 Paris par le myst\u00e9rieux Khronos, qui les a convoqu\u00e9, lui et tous les autres experts de son jeu en ligne pr\u00e9f\u00e9r\u00e9 : \u00ab Warriors of time \u00bb...","authors":["Pierre-paul Renders","Denis Lapi\u00e8re","Adri\u00e0n Huelva"],"category_codes":["3000000","3020000","3020200","3020209"],"visuals":{"large":"https:\/\/images.epagine.fr\/758\/9791034737758_1_75.jpg","medium":"https:\/\/images.epagine.fr\/758\/9791034737758_1_m.jpg","thumbnail":"https:\/\/images.epagine.fr\/758\/9791034737758_1_v.jpg"},"orderable":true,"show_badge":true,"formatted_price":"15,95&nbsp;\u20ac","formatted_published_date":"7 janvier 2022","publisher_availability_label":"Sur commande","short_details":"Pierre-paul Renders, Denis Lapi\u00e8re, Adri\u00e0n Huelva \u2014 Dupuis","translator":null,"weight":576,"page_count":144,"readership":null,"editor":"Dupuis","price":1595,"published_date":"2022-01-06T23:00:00.000000Z","support":"Grand format","publisher_availability":1,"stock":0,"editions":[],"url":"https:\/\/quaidesbrumes.com\/ouvrage\/9791034737758\/u4-tome-4-yannis"},{"id":"9782505119760","title":"Magic Tome 3 : L'\u00e9cole des monstres","description":"Au coeur d'un quartier de Londres, \u00e0 l'\u00e9cole de magie, une r\u00e9union exceptionnelle est en cours. Evel\u00ffne, la petite apprentie sorci\u00e8re \u00e0 l'\u00e9paisse chevelure violette est au centre de la discussion... Son pouvoir secret - celui de ma\u00eetriser la magie de l'\u00e9ther, qui permet de dompter les peurs et de gu\u00e9rir les cr\u00e9atures dites \u00ab mal\u00e9fiques \u00bb - a \u00e9t\u00e9 r\u00e9v\u00e9l\u00e9 au concile des sorci\u00e8res, et ces derni\u00e8res ont peur de l'usage qu'en fera la jeune fille... Ne devrait-on pas enfermer \u00e9ternellement l'intr\u00e9pide apprentie afin de l'emp\u00eacher de pratiquer sa magie ? Neil Farfadet, son mentor, rassure l'assembl\u00e9e : Evel\u00ffne a un coeur pur et bon. Elle s'abstiendra de pratiquer la magie de l'\u00e9ther et se d\u00e9tournera du mal, pour ne mettre ses pouvoirs qu'au service des autres. Pour comprendre ce qu'on attend r\u00e9ellement d'elle, et avant de devenir la gardienne des spectres, loups-garous, licornes, dragons et autres cr\u00e9atures fantastiques, Evel\u00ffne s'efforce de d\u00e9couvrir ses origines et d'en savoir davantage sur cette fameuse sorci\u00e8re qui d\u00e9tenait les m\u00eames pouvoirs qu'elle : M\u00e9lyne Noirdejais... Troisi\u00e8me tome des aventures de notre apprentie sorci\u00e8re servies par le graphisme Kawa\u00ef d'Audrey Molinatti entre Kiki la petite sorci\u00e8re et Amandine Malabul, sorci\u00e8re maladroite.","authors":["Lylian K.","Audrey Molinatti"],"category_codes":["3000000","3020000","3020200","3020205"],"visuals":{"large":"https:\/\/images.epagine.fr\/760\/9782505119760_1_75.jpg","medium":"https:\/\/images.epagine.fr\/760\/9782505119760_1_m.jpg","thumbnail":"https:\/\/images.epagine.fr\/760\/9782505119760_1_v.jpg"},"orderable":true,"show_badge":true,"formatted_price":"11,95&nbsp;\u20ac","formatted_published_date":"31 mai 2024","publisher_availability_label":"Sur commande","short_details":"Lylian K., Audrey Molinatti \u2014 Dargaud","translator":null,"weight":390,"page_count":48,"readership":null,"editor":"Dargaud","price":1195,"published_date":"2024-05-30T22:00:00.000000Z","support":"Grand format","publisher_availability":1,"stock":0,"editions":[],"url":"https:\/\/quaidesbrumes.com\/ouvrage\/9782505119760\/magic-tome-3-lecole-des-monstres"},{"id":"9791026824046","title":"W0rldtr33 Tome 3","description":"Avant de devenir la meurtri\u00e8re impitoyable de l'Undernet, PH34R \u00e9tait une petite fille nomm\u00e9e Sammi, qui voulait simplement savoir ce que son grand fr\u00e8re et ses amis hackers faisaient en ligne toute la journ\u00e9e... Cinquante ans plus tard, la plan\u00e8te est \u00e0 peine habitable. L'Undernet a gagn\u00e9. Malgr\u00e9 le chaos omnipr\u00e9sent, Ellison Lane pense enfin avoir toutes les pi\u00e8ces n\u00e9cessaires pour donner \u00e0 l'humanit\u00e9 une nouvelle chance d'avoir un avenir. Mais un ange terrible se dresse sur son chemin, un ange couvert de tatouages et nourrissant une rancune vieille de plusieurs d\u00e9cennies envers le groupe \u00e0 l'origine de W0rldtr33.","authors":["James Tynion IV","Fernando Blanco"],"category_codes":["3000000","3030000","3030600"],"visuals":{"large":"https:\/\/images.epagine.fr\/046\/9791026824046_1_75.jpg","medium":"https:\/\/images.epagine.fr\/046\/9791026824046_1_m.jpg","thumbnail":"https:\/\/images.epagine.fr\/046\/9791026824046_1_v.jpg"},"orderable":true,"show_badge":true,"formatted_price":"18,50&nbsp;\u20ac","formatted_published_date":"27 mars 2026","publisher_availability_label":"Sur commande","short_details":"James Tynion IV, Fernando Blanco \u2014 Urban Comics","translator":null,"weight":548,"page_count":null,"readership":null,"editor":"Urban Comics","price":1850,"published_date":"2026-03-26T23:00:00.000000Z","support":"Grand format","publisher_availability":1,"stock":0,"editions":[],"url":"https:\/\/quaidesbrumes.com\/ouvrage\/9791026824046\/w0rldtr33-tome-3"},{"id":"9782749309545","title":"Le grand Mort : Int\u00e9grale Tomes 1 \u00e0 4","description":"La s\u00e9rie culte enfin en int\u00e9grale !L'histoire de deux mondes parall\u00e8les d\u00e9pendants l'un de l'autre, mais cens\u00e9s ne jamais se rencontrer : le n\u00f4tre et celui habit\u00e9 par le \"Petit Peuple\". Ce dernier est organis\u00e9 en clans, et son \u00e9quilibre est fond\u00e9 sur un partage \u00e9quitable de la connaissance. Cette fragile harmonie reposant sur un rite ancestral est boulevers\u00e9 quand un un \u00e9v\u00e9nement improbable vient perturber l'ordre des choses. Le chaos qui en r\u00e9sulte dirige l'humanit\u00e9 \u00e0 sa perte ! Une seule personne est capable de passer d'un monde \u00e0 l'autre pour tenter d'agir...Retrouvez dans cette int\u00e9grale, regroupant les quatre premiers tomes, tout l'univers de cette s\u00e9rie qui m\u00eale avec virtuosit\u00e9, le fantastique et le r\u00e9cit post-apocalyptique. Ce magnifique ouvrage, augment\u00e9 de contenus additionnels de choix (croquis, recherches, illustrations), sera l'occasion de red\u00e9couvrir cette ambitieuse fable \u00e9cologique imagin\u00e9e par Loisel et Djian, et mise en image par la plume puissante et inspir\u00e9e de Vincent Malli\u00e9.","authors":["R\u00e9gis Loisel","Jean-Blaise Djian","Vincent Malli\u00e9","Fran\u00e7ois Lapierre"],"category_codes":["3000000","3020000","3020100","3020106"],"visuals":{"large":"https:\/\/images.epagine.fr\/545\/9782749309545_1_75.jpg","medium":"https:\/\/images.epagine.fr\/545\/9782749309545_1_m.jpg","thumbnail":"https:\/\/images.epagine.fr\/545\/9782749309545_1_v.jpg"},"orderable":true,"show_badge":true,"formatted_price":"45,00&nbsp;\u20ac","formatted_published_date":"2 d\u00e9cembre 2020","publisher_availability_label":"Sur commande","short_details":"R\u00e9gis Loisel, Jean-Blaise Djian, Vincent Malli\u00e9, Fran\u00e7ois Lapierre \u2014 Vents d'Ouest","translator":null,"weight":1646,"page_count":256,"readership":"\u00e0 partir de 12 ANS","editor":"Vents d'Ouest","price":4500,"published_date":"2020-12-01T23:00:00.000000Z","support":"Grand format","publisher_availability":1,"stock":0,"editions":[],"url":"https:\/\/quaidesbrumes.com\/ouvrage\/9782749309545\/le-grand-mort-integrale-tomes-1-a-4"},{"id":"9782491042493","title":"La ville","description":"\"Derri\u00e8re chaque chose, il existe un pi\u00e8ge... C'est la seule certitude, la seule loi de cette ville... Le pi\u00e8ge !\" La Ville est un labyrinthe \u00e0 ciel ouvert, un pi\u00e8ge dont il semble impossible de sortir. Certains s'en accommodent et essaient d'y vivre, d'autres comme Jean et Karen, en cherchent la sortie. Embarqu\u00e9s dans un voyage impossible, Jean et Karen vont devoir \u00e9chapper aux pi\u00e8ges que leur tend La Ville pour avoir une chance de s'enfuir...\r\nJuan Antonio Gim\u00e9nez L\u00f3pez, connu simplement sous le nom de Juan Gim\u00e9nez, auteur des M\u00e9ta-Barons et du Quatri\u00e8me pouvoir, \u00e9tait consid\u00e9r\u00e9 comme l'un des plus grands dessinateurs de SF tous les temps. N\u00e9 en 1943 \u00e0 Mendoza, il commence \u00e0 dessiner ses premi\u00e8res histoires \u00e0 l'\u00e9cole lorsque sa famille d\u00e9m\u00e9nage en 1957 dans la ville de Rio Cuarto, dans la province de Cordoba. Peu de temps apr\u00e8s, il commence sa carri\u00e8re de dessinateur professionnel de bandes dessin\u00e9es \u00e0 l'\u00e2ge de 16 ans avec une histoire fortement influenc\u00e9e par le style d'Hugo Pratt.","authors":["Ricardo Barreiro","Juan Gim\u00e9nez"],"category_codes":["3000000","3020000","3020100","3020104"],"visuals":{"large":"https:\/\/images.epagine.fr\/493\/9782491042493_1_75.jpg","medium":"https:\/\/images.epagine.fr\/493\/9782491042493_1_m.jpg","thumbnail":"https:\/\/images.epagine.fr\/493\/9782491042493_1_v.jpg"},"orderable":true,"show_badge":true,"formatted_price":"26,00&nbsp;\u20ac","formatted_published_date":"15 janvier 2026","publisher_availability_label":"Sur commande","short_details":"Ricardo Barreiro, Juan Gim\u00e9nez \u2014 Ilatina","translator":null,"weight":1160,"page_count":192,"readership":null,"editor":"Ilatina","price":2600,"published_date":"2026-01-14T23:00:00.000000Z","support":"Grand format","publisher_availability":1,"stock":0,"editions":[],"url":"https:\/\/quaidesbrumes.com\/ouvrage\/9782491042493\/la-ville"},{"id":"9782205212747","title":"A l'\u00e9cole des lettres Tome 2 : (R\u00e9)cr\u00e9ation","description":"\u00c0 quoi aurait pu ressembler la cour de r\u00e9cr\u00e9 de Victor Hugo, Louise Michel, Edmond Rostand, Jules Verne, Honor\u00e9 de Balzac et Georges Sand s'ils avaient partag\u00e9 la m\u00eame \u00e9cole ? C'est ce qu'imaginent Pop\u00e9sie et Ma\u00eft\u00e9 Robert qui r\u00e9unissent ces grands noms de la litt\u00e9rature du XIXe si\u00e8cle dans une seule et m\u00eame classe. Fac\u00e9tieux, goguenards, curieux, vifs et impertinents, la joyeuse bande de la classe XIX fait son retour dans ce nouveau tome d' \"\u00c0 l'\u00e9cole des Lettres\".","authors":["Ma\u00eft\u00e9 Robert","PoP\u00e9sie"],"category_codes":["3000000","3020000","3020100","3020111"],"visuals":{"large":"https:\/\/images.epagine.fr\/747\/9782205212747_1_75.jpg","medium":"https:\/\/images.epagine.fr\/747\/9782205212747_1_m.jpg","thumbnail":"https:\/\/images.epagine.fr\/747\/9782205212747_1_v.jpg"},"orderable":true,"show_badge":true,"formatted_price":"20,50&nbsp;\u20ac","formatted_published_date":"13 septembre 2024","publisher_availability_label":"Sur commande","short_details":"Ma\u00eft\u00e9 Robert, PoP\u00e9sie \u2014 Dargaud","translator":null,"weight":634,"page_count":128,"readership":null,"editor":"Dargaud","price":2050,"published_date":"2024-09-12T22:00:00.000000Z","support":"Grand format","publisher_availability":1,"stock":0,"editions":[],"url":"https:\/\/quaidesbrumes.com\/ouvrage\/9782205212747\/a-lecole-des-lettres-tome-2-recreation"},{"id":"9782808700382","title":"Cher \u00e9poux inconnu, je veux divorcer Tome 2","description":"Apr\u00e8s huit ans au front, Annaldo rencontre enfin sa femme Violetta pour la premi\u00e8re fois. L'enjeu du pari qu'il lui a impos\u00e9 pour lui accorder le divorce \u00e9tant de ne pas r\u00e9ussir \u00e0 la mettre enceinte en un mois, il s'empresse de consommer le mariage avec une certaine brusquerie d\u00e8s leur premi\u00e8re nuit ensemble. Mais son attitude peu galante pourrait bien \u00eatre le fruit d'une m\u00e9prise, et il semble aussit\u00f4t s'en vouloir. C'est alors un mari \u00e9trangement beaucoup plus doux et attentionn\u00e9 que Violetta d\u00e9couvre d\u00e8s la nuit suivante...","authors":["K\u00f4ri Hisakawa","Iroto Tsumugi","Airumu"],"category_codes":["3000000","3040000","3040400","3040409"],"visuals":{"large":"https:\/\/images.epagine.fr\/382\/9782808700382_1_75.jpg","medium":"https:\/\/images.epagine.fr\/382\/9782808700382_1_m.jpg","thumbnail":"https:\/\/images.epagine.fr\/382\/9782808700382_1_v.jpg"},"orderable":true,"show_badge":true,"formatted_price":"8,35&nbsp;\u20ac","formatted_published_date":"14 novembre 2025","publisher_availability_label":"Sur commande","short_details":"K\u00f4ri Hisakawa, Iroto Tsumugi, Airumu \u2014 Vega","translator":null,"weight":146,"page_count":176,"readership":"\u00e0 partir de 12 ANS","editor":"Vega","price":835,"published_date":"2025-11-13T23:00:00.000000Z","support":"Poche","publisher_availability":1,"stock":0,"editions":[],"url":"https:\/\/quaidesbrumes.com\/ouvrage\/9782808700382\/cher-epoux-inconnu-je-veux-divorcer-tome-2"},{"id":"9782811663322","title":"Kaguya-sama : love is war Tome 7","description":"Le 67e bureau des \u00e9l\u00e8ves \u00e9tant dissous, Kaguya et Shirogane ne se voient plus qu'en cours d'arts, o\u00f9 ils doivent se dessiner  mutuellement ! C'est aussi l'occasion pour l'ancien pr\u00e9sident de  se reposer, ce qui a un effet inattendu sur sa popularit\u00e9, surtout  aupr\u00e8s de Kaguya ! Alors que l'ancien BDE se mobilise pour les  \u00e9lections, un obstacle se dresse face \u00e0 la r\u00e9\u00e9lection de Shirogane :  Miko Iino, jeune prodige de seconde, est d\u00e9termin\u00e9e \u00e0 devenir  pr\u00e9sidente ! Que la bataille \u00e9lectorale commence ! Qui sera \u00e0  la t\u00eate du 68e bureau des \u00e9l\u00e8ves ?\r","authors":["Aka Akasaka"],"category_codes":["3000000","3040000","3040600","3040609"],"visuals":{"large":"https:\/\/images.epagine.fr\/322\/9782811663322_1_75.jpg","medium":"https:\/\/images.epagine.fr\/322\/9782811663322_1_m.jpg","thumbnail":"https:\/\/images.epagine.fr\/322\/9782811663322_1_v.jpg"},"orderable":true,"show_badge":true,"formatted_price":"7,20&nbsp;\u20ac","formatted_published_date":"5 janvier 2022","publisher_availability_label":"Sur commande","short_details":"Aka Akasaka \u2014 Pika \u00c9dition","translator":null,"weight":218,"page_count":228,"readership":"\u00e0 partir de 14 ans","editor":"Pika \u00c9dition","price":720,"published_date":"2022-01-04T23:00:00.000000Z","support":"Poche","publisher_availability":1,"stock":0,"editions":[],"url":"https:\/\/quaidesbrumes.com\/ouvrage\/9782811663322\/kaguya-sama-love-is-war-tome-7"},{"id":"9782377317691","title":"Colorado train","description":"Milieu des ann\u00e9es 1990, une ancienne ville mini\u00e8re \u00e9cras\u00e9e de toutes parts par les montagnes rouges du Colorado. C'est dans cette Am\u00e9rique \u00ab profonde \u00bb, oubli\u00e9e dans une d\u00e9cennie de prosp\u00e9rit\u00e9 \u00e9conomique, que grandit Michael, un ado paum\u00e9 style skateur cheveux mi-longs baggy hoody et converses. Il y a aussi Durham, le gamin SDF accro au crack; le gros Don, qui s'efforce d'\u00e9chapper aux brutes du coll\u00e8ge; et, bien s\u00fbr, Suzy, la rebelle androgyne, toujours un coquard au coin de l'oeil laiss\u00e9 par son sh\u00e9rif de p\u00e8re. Mais la vie est belle parfois, entre le skate l'\u00e9cole, buissonni\u00e8re, les r\u00eaves, les premi\u00e8res fois, de l'amour aux bi\u00e8res, tout \u00e7a sous le soleil cuisant de juillet...  Jusqu'au jour o\u00f9 un gosse de la ville qui avait disparu est retrouv\u00e9 \u00e0 moiti\u00e9 d\u00e9vor\u00e9. Aussit\u00f4t, les quatre potes d\u00e9cident d'enqu\u00eater. Dans l'ombre, le tueur - la Chose? - les regarde s'agiter. Et bient\u00f4t les prend en chasse.","authors":["Alex W. Inker"],"category_codes":["3000000","3020000","3020100","3020107"],"visuals":{"large":"https:\/\/images.epagine.fr\/691\/9782377317691_1_75.jpg","medium":"https:\/\/images.epagine.fr\/691\/9782377317691_1_m.jpg","thumbnail":"https:\/\/images.epagine.fr\/691\/9782377317691_1_v.jpg"},"orderable":true,"show_badge":true,"formatted_price":"29,00&nbsp;\u20ac","formatted_published_date":"7 septembre 2022","publisher_availability_label":"Sur commande","short_details":"Alex W. Inker \u2014 Sarbacane","translator":null,"weight":1224,"page_count":240,"readership":"\u00e0 partir de 12 ANS","editor":"Sarbacane","price":2900,"published_date":"2022-09-06T22:00:00.000000Z","support":"Grand format","publisher_availability":1,"stock":0,"editions":[],"url":"https:\/\/quaidesbrumes.com\/ouvrage\/9782377317691\/colorado-train"},{"id":"9782811674595","title":"Ton visage au clair de lune Tome 3","description":"Yoi et Ichimura, tous deux qualifi\u00e9s du surnom de \u00ab prince \u00bb au lyc\u00e9e, ont d\u00e9cid\u00e9 de sortir ensemble en guise de test. D'abord sur ses gardes face \u00e0 ce gar\u00e7on aux intentions insaisissables, Yoi r\u00e9alise bient\u00f4t que ses sentiments sont en train de changer, ce qui la d\u00e9boussole compl\u00e8tement. De son c\u00f4t\u00e9, Ichimura prend \u00e9galement conscience que la place qu'occupe la jeune fille dans son coeur devient de plus en plus importante... C'est dans cette p\u00e9riode de confusion que Yoi fait la rencontre d'un gar\u00e7on nomm\u00e9 \u00ab prince \u00bb \u00e0 son travail !","authors":["Mika Yamamori"],"category_codes":["3000000","3040000","3040400","3040409"],"visuals":{"large":"https:\/\/images.epagine.fr\/595\/9782811674595_1_75.jpg","medium":"https:\/\/images.epagine.fr\/595\/9782811674595_1_m.jpg","thumbnail":"https:\/\/images.epagine.fr\/595\/9782811674595_1_v.jpg"},"orderable":true,"show_badge":true,"formatted_price":"7,20&nbsp;\u20ac","formatted_published_date":"1er f\u00e9vrier 2023","publisher_availability_label":"Sur commande","short_details":"Mika Yamamori \u2014 Pika \u00c9dition","translator":null,"weight":180,"page_count":192,"readership":"\u00e0 partir de 12 ANS","editor":"Pika \u00c9dition","price":720,"published_date":"2023-01-31T23:00:00.000000Z","support":"Poche","publisher_availability":1,"stock":0,"editions":[],"url":"https:\/\/quaidesbrumes.com\/ouvrage\/9782811674595\/ton-visage-au-clair-de-lune-tome-3"},{"id":"9782811677541","title":"Ton visage au clair de lune Tome 4","description":"Ichimura, de moins en moins ma\u00eetre de ses sentiments envers Yoi, se surprend \u00e0 ressentir de la jalousie vis-\u00e0-vis d'\u00d4ji, le nouveau serveur du restaurant de curry. Alors qu'approche la fin de la relation test, les deux lyc\u00e9ens se querellent et un froid s'installe entre eux. De son c\u00f4t\u00e9, Yoi s'interroge sur ces sentiments envers Ichimura : Est-ce parce qu'il est le premier gar\u00e7on \u00e0 l'aborder, qu'elle est attir\u00e9e par lui ? Aurait-t-elle ressenti la m\u00eame chose avec le premier venu ? Finalement, iront-ils ensemble au festival d'\u00e9t\u00e9 comme convenu avant leur dispute ?","authors":["Mika Yamamori"],"category_codes":["3000000","3040000","3040400","3040409"],"visuals":{"large":"https:\/\/images.epagine.fr\/541\/9782811677541_1_75.jpg","medium":"https:\/\/images.epagine.fr\/541\/9782811677541_1_m.jpg","thumbnail":"https:\/\/images.epagine.fr\/541\/9782811677541_1_v.jpg"},"orderable":true,"show_badge":true,"formatted_price":"7,20&nbsp;\u20ac","formatted_published_date":"3 mai 2023","publisher_availability_label":"Sur commande","short_details":"Mika Yamamori \u2014 Pika \u00c9dition","translator":null,"weight":152,"page_count":192,"readership":"\u00e0 partir de 12 ANS","editor":"Pika \u00c9dition","price":720,"published_date":"2023-05-02T22:00:00.000000Z","support":"Poche","publisher_availability":1,"stock":0,"editions":[],"url":"https:\/\/quaidesbrumes.com\/ouvrage\/9782811677541\/ton-visage-au-clair-de-lune-tome-4"},{"id":"9782803623822","title":"Les Schtroumpfs Tome 26 : les Schtroumpfs et le livre qui dit tout","description":"Les Schtroumpfs ne sont d\u00e9cid\u00e9ment pas faits pour \u00eatre laiss\u00e9s sans surveillance ! M\u00eame le Schtroumpf \u00e0 lunettes est incapable de r\u00e9sister \u00e0 la tentation... Alors qu'il nettoie le laboratoire du Grand Schtroumpf en son absence, le \u00abpremier de la classe\u00bb tombe sur un myst\u00e9rieux livre qui contient toutes les r\u00e9ponses. Le Schtroumpf \u00e0 lunettes aurait-il enfin trouv\u00e9 le moyen d'\u00eatre populaire... Ou, mieux, de faire r\u00e9gner sa loi ? Avec ce nouvel album \u00e0 mi-chemin entre \u00abLe Schtroumpfissime\u00bb et \u00abL'oeuf et les Schtroumpfs\u00bb, les Schtroumpfs entament l'ann\u00e9e de leur 50e anniversaire de fort belle mani\u00e8re !\r\n2008 sera l'Ann\u00e9e des Schtroumpfs avec l'anniversaire des 50 ans de leur d\u00e9couverte.\r\nUne aventure des Schtroumpfs dans la pure lign\u00e9e des grands classiques de la s\u00e9rie cr\u00e9\u00e9e par Peyo. ","authors":["Peyo"],"category_codes":["3000000","3020000","3020200","3020209"],"visuals":{"large":"https:\/\/images.epagine.fr\/822\/9782803623822_1_75.jpg","medium":"https:\/\/images.epagine.fr\/822\/9782803623822_1_m.jpg","thumbnail":"https:\/\/images.epagine.fr\/822\/9782803623822_1_v.jpg"},"orderable":true,"show_badge":true,"formatted_price":"12,95&nbsp;\u20ac","formatted_published_date":"17 janvier 2008","publisher_availability_label":"Sur commande","short_details":"Peyo \u2014 \u00c9ditions du Lombard","translator":null,"weight":370,"page_count":48,"readership":"Tout public","editor":"\u00c9ditions du Lombard","price":1295,"published_date":"2008-01-16T23:00:00.000000Z","support":"Grand format","publisher_availability":1,"stock":0,"editions":[],"url":"https:\/\/quaidesbrumes.com\/ouvrage\/9782803623822\/les-schtroumpfs-tome-26-les-schtroumpfs-et-le-livre-qui-dit-tout"},{"id":"9782351423448","title":"Yotsuba Tome 7","description":"Dans ses nouvelles aventures, Yotsuba va d\u00e9couvrir avec ses amies comment fabriquer un t\u00e9l\u00e9phone filaire, et fera la dure exp\u00e9rience de rater une sortie tr\u00e8s attendue pour cause de pouss\u00e9e de fi\u00e8vre. Elle s'essayera \u00e0 la p\u00e2tisserie avec ses voisines, et d\u00e9couvrira les joies de la ferme et du grand air. Toujours aussi espi\u00e8gle et primesauti\u00e8re, la fillette fera ainsi beaucoup de nouvelles exp\u00e9riences dans ce volume, et effectuera ses premi\u00e8res courses au magasin comme une grande, sans se tromper ! Du moins, c'est ce qu'elle croit.\r","authors":["Kiyohiko Azuma","Eve Chauvir\u00e9"],"category_codes":["3000000","3040000","3040600","3040602"],"visuals":{"large":"https:\/\/images.epagine.fr\/448\/9782351423448_1_75.jpg","medium":"https:\/\/images.epagine.fr\/448\/9782351423448_1_m.jpg","thumbnail":"https:\/\/images.epagine.fr\/448\/9782351423448_1_v.jpg"},"orderable":true,"show_badge":true,"formatted_price":"7,95&nbsp;\u20ac","formatted_published_date":"21 ao\u00fbt 2008","publisher_availability_label":"Sur commande","short_details":"Kiyohiko Azuma, Eve Chauvir\u00e9 \u2014 Kurokawa","translator":"EVE CHAUVIRE","weight":214,"page_count":208,"readership":"\u00e0 partir de 14 ans","editor":"Kurokawa","price":795,"published_date":"2008-08-20T22:00:00.000000Z","support":"Poche","publisher_availability":1,"stock":0,"editions":[],"url":"https:\/\/quaidesbrumes.com\/ouvrage\/9782351423448\/yotsuba-tome-7"}]}