{"data":[{"id":"9782818986424","title":"Les profs Tome 24 : oral de rattrapage","description":"La BD anti-morosit\u00e9 recommand\u00e9e par l'\u00c9ducation nationale !  Suite \u00e0 une \u00e9ni\u00e8me explosion due \u00e0 au prof de chimie, le lyc\u00e9e Fanfaron est inop\u00e9rationnel... Mais pas question pour la fine fleur professorale que leurs \u00e9l\u00e8ves n'aient pas de continuit\u00e9 p\u00e9dagogique... Visioconf\u00e9rences g\u00ean\u00e9es par les pleurs du b\u00e9b\u00e9 Polochon que m\u00eame ses baby-sitters Boulard et Louise n'arrivent pas \u00e0 calmer, cours dans le parc municipal ou le bistrot du coin, ils ne les l\u00e2cheront pas, quitte \u00e0 aller les rechercher \u00e0 la f\u00eate foraine qui vient de s'installer en ville... Ah les \u00e9l\u00e8ves veulent un tour gratuit ? Eh bien, \u00e7a sera avec Gladys... Le train fant\u00f4me ne fera jamais aussi peur !","authors":["Sti","Erroc","Simon L\u00e9turgie"],"category_codes":["3000000","3020000","3020200","3020211"],"visuals":{"large":"https:\/\/images.epagine.fr\/424\/9782818986424_1_75.jpg","medium":"https:\/\/images.epagine.fr\/424\/9782818986424_1_m.jpg","thumbnail":"https:\/\/images.epagine.fr\/424\/9782818986424_1_v.jpg"},"orderable":true,"show_badge":true,"formatted_price":"11,90&nbsp;\u20ac","formatted_published_date":"3 novembre 2021","publisher_availability_label":"Sur commande","short_details":"Sti, Erroc, Simon L\u00e9turgie \u2014 Bamboo","translator":null,"weight":369,"page_count":48,"readership":"Tout public","editor":"Bamboo","price":1190,"published_date":"2021-11-02T23:00:00.000000Z","support":"Grand format","publisher_availability":1,"stock":0,"editions":[],"url":"https:\/\/quaidesbrumes.com\/ouvrage\/9782818986424\/les-profs-tome-24-oral-de-rattrapage"},{"id":"9791041115273","title":"Un grand Bourgogne oubli\u00e9","description":"L'histoire d'un terroir bourguignon\u00a0recouvert de for\u00eats et d'une bouteille myst\u00e8re\u00a0qui pourrait bien le faire revivre...\r\n\r\nPropri\u00e9taire d'un domaine, Manu a une obsession, comme son p\u00e8re avant lui\u00a0: faire un grand vin. C'est pour \u00e7a qu'il loue la parcelle du clos de la Mollepierre, convaincu qu'un grand terroir a \u00e9t\u00e9 oubli\u00e9 sur cette hauteur de Cruzille, dans le M\u00e2connais. Aujourd'hui, le r\u00eave de Manu prend forme, le clos est \u00e0 vendre.\u00a0C'est alors qu'un ami de Manu trouve un lot de bouteilles anciennes sans \u00e9tiquette, hormis une belle inconnue n\u00e9e en 1959. \u00c0 la d\u00e9gustation, l'\u00e9motion de Manu est \u00e9norme. C'est le plus grand vin qu'il ait jamais bu. Manu a une \u00e9vidence qui tourne \u00e0 l'obsession\u00a0: il doit retrouver ce que contenait cette bouteille !\u00a0C'est avec les pieds de vigne qui ont permis ce prodige qu'il veut replanter la Mollepierre, en l'honneur de son p\u00e8re disparu. Commence alors plus qu'une enqu\u00eate, une qu\u00eate vitale...","authors":["Manu Guillot","Boris Guilloteau","Herv\u00e9 Richez"],"category_codes":["3000000","3020000","3020100","3020101"],"visuals":{"large":"https:\/\/images.epagine.fr\/273\/9791041115273_1_75.jpg","medium":"https:\/\/images.epagine.fr\/273\/9791041115273_1_m.jpg","thumbnail":"https:\/\/images.epagine.fr\/273\/9791041115273_1_v.jpg"},"orderable":true,"show_badge":true,"formatted_price":"18,90&nbsp;\u20ac","formatted_published_date":"10 septembre 2025","publisher_availability_label":"Sur commande","short_details":"Manu Guillot, Boris Guilloteau, Herv\u00e9 Richez \u2014 Bamboo","translator":null,"weight":710,"page_count":104,"readership":"Tout public","editor":"Bamboo","price":1890,"published_date":"2025-09-09T22:00:00.000000Z","support":"Grand format","publisher_availability":1,"stock":0,"editions":[],"url":"https:\/\/quaidesbrumes.com\/ouvrage\/9791041115273\/un-grand-bourgogne-oublie"},{"id":"9782344059814","title":"Valhalla Bunker Tome 1 : Sweet revenge","description":"Le retour d'une saga intersid\u00e9rale !\r\nUne petite dizaine d'ann\u00e9es apr\u00e8s la destruction du Valhalla Hotel et la mort de Frau Vinkler, les nazis sont de retour. Le coach Malone, fra\u00eechement lib\u00e9r\u00e9 de prison, retrouve El Loco et sa bande. Tous ont beaucoup chang\u00e9 depuis le dernier \u00e9pisode, certains de mani\u00e8re spectaculaire ! Dans cette nouvelle trilogie, nous quittons le soleil du Nouveau-Mexique pour nous retrouver quelque part en Alaska, dans un bled paum\u00e9 : Cold Peak Harbor. Les nazis semblent y avoir install\u00e9 leur base secr\u00e8te dans une mine d\u00e9saffect\u00e9e. Leur nouveau F\u00fchrer n'est autre que Tausend, la fille de Frau Vinkler qui, elle aussi, a bien chang\u00e9 ! La base nazie, aussi surnomm\u00e9e le Valhalla Bunker, deviendra le th\u00e9\u00e2tre de ce nouvel affrontement. Tausend voit grand et s'en donne les moyens mais ses projets seront parasit\u00e9s par la soif de vengeance de Lemmy, que l'on d\u00e9couvrira beaucoup moins na\u00eff ! Comme il se doit, tout ceci nous m\u00e8nera au chaos et \u00e0 la destruction ! Un second cycle haut en couleur au graphisme explosif pour partir \u00e0 la rencontre de nouveaux personnages tous plus tar\u00e9s les uns que les autres !","authors":["Fabien Bedouel"],"category_codes":["3000000","3020000","3020100","3020106"],"visuals":{"large":"https:\/\/images.epagine.fr\/814\/9782344059814_1_75.jpg","medium":"https:\/\/images.epagine.fr\/814\/9782344059814_1_m.jpg","thumbnail":"https:\/\/images.epagine.fr\/814\/9782344059814_1_v.jpg"},"orderable":true,"show_badge":true,"formatted_price":"16,50&nbsp;\u20ac","formatted_published_date":"21 ao\u00fbt 2024","publisher_availability_label":"Sur commande","short_details":"Fabien Bedouel \u2014 Gl\u00e9nat","translator":null,"weight":672,"page_count":64,"readership":null,"editor":"Gl\u00e9nat","price":1650,"published_date":"2024-08-20T22:00:00.000000Z","support":"Grand format","publisher_availability":1,"stock":0,"editions":[],"url":"https:\/\/quaidesbrumes.com\/ouvrage\/9782344059814\/valhalla-bunker-tome-1-sweet-revenge"},{"id":"9782382815984","title":"Swingin' Dragon & Tiger Boogie Tome 1","description":"An 26 de l'\u00e8re Sh\u00f4wa. Le Japon, sous occupation am\u00e9ricaine, t\u00e2che de se reconstruire. C'est dans cette p\u00e9riode de bouleversement que la jeune Tora quitte la ville de Fukui pour Tokyo, dans l'espoir d'y retrouver un certain Tatsuji Odajima, l'amour de sa soeur, dont le d\u00e9part a laiss\u00e9 celle-ci d\u00e9truite. Mais en remontant ses traces, Tora succombe \u00e0 l'appel du jazz et rejoint un groupe atypique. Peut-\u00eatre le moyen pour elle d'en apprendre plus sur le contrebassiste disparu...\r\nEmbarquez pour un p\u00e9riple initiatique plein de swings \u00e0 travers le Japon d'apr\u00e8s-guerre !","authors":["Koukou Haida"],"category_codes":["3000000","3040000","3040600","3040602"],"visuals":{"large":"https:\/\/images.epagine.fr\/984\/9782382815984_1_75.jpg","medium":"https:\/\/images.epagine.fr\/984\/9782382815984_1_m.jpg","thumbnail":"https:\/\/images.epagine.fr\/984\/9782382815984_1_v.jpg"},"orderable":true,"show_badge":true,"formatted_price":"8,95&nbsp;\u20ac","formatted_published_date":"2 avril 2025","publisher_availability_label":"Sur commande","short_details":"Koukou Haida \u2014 Mangetsu","translator":null,"weight":175,"page_count":192,"readership":"\u00e0 partir de 14 ans","editor":"Mangetsu","price":895,"published_date":"2025-04-01T22:00:00.000000Z","support":"Poche","publisher_availability":1,"stock":0,"editions":[],"url":"https:\/\/quaidesbrumes.com\/ouvrage\/9782382815984\/swingin-dragon-tiger-boogie-tome-1"},{"id":"9782369904182","title":"L'Autre Tourn\u00e9e","description":"Sebastian Mortimer est repr\u00e9sentant de commerce, plus sp\u00e9cifiquement vendeur d'encyclop\u00e9dies. Avant de retourner chez lui, il doit faire une ou deux derni\u00e8res ventes dans la petite ville dans laquelle il vient d'arriver. Mais rien ne se d\u00e9roule comme pr\u00e9vu. Sebastian ne parvient pas \u00e0 rencontrer la cliente avec laquelle il a rendez-vous et ses potentiels acheteurs ne semblent pas le moins du monde int\u00e9ress\u00e9s par ses encyclop\u00e9dies. Pour couronner le tout, la police commence \u00e0 s'int\u00e9resser \u00e0 lui dans le cadre de leur enqu\u00eate sur le \"tueur \u00e0 la valise\" qui s\u00e9vit en ville en ciblant des libraires... Sebastian Mortimer serait-il ce myst\u00e9rieux tueur ?\r\nL'Autre Tourn\u00e9e est un r\u00e9cit miroir \u00e0 La Tourn\u00e9e, publi\u00e9 en 2020 aux \u00e9ditions \u00e7\u00e0 et l\u00e0 et s\u00e9lectionn\u00e9 au Festival d'Angoul\u00eame ainsi qu'aux prestigieux Eisner Awards. Situ\u00e9 dans la m\u00eame ville, dans les m\u00eames d\u00e9cors avec des personnages secondaires en commun, le r\u00e9cit est une subtile variation dans laquelle un personnage imaginaire du premier livre devient le personnage principal du second. Andi Watson s'y livre \u00e0 un r\u00e9jouissant exercice de style m\u00ealant drame, humour, surr\u00e9alisme et enqu\u00eate polici\u00e8re.","authors":["Andi Watson","H\u00e9l\u00e8ne Duhamel"],"category_codes":["3000000","3020000","3020300"],"visuals":{"large":"https:\/\/images.epagine.fr\/182\/9782369904182_1_75.jpg","medium":"https:\/\/images.epagine.fr\/182\/9782369904182_1_m.jpg","thumbnail":"https:\/\/images.epagine.fr\/182\/9782369904182_1_v.jpg"},"orderable":true,"show_badge":true,"formatted_price":"24,00&nbsp;\u20ac","formatted_published_date":"12 septembre 2025","publisher_availability_label":"Sur commande","short_details":"Andi Watson, H\u00e9l\u00e8ne Duhamel \u2014 \u00c9ditions \u00e7\u00e0 et l\u00e0","translator":"HELENE DUHAMEL","weight":660,"page_count":288,"readership":null,"editor":"\u00c9ditions \u00e7\u00e0 et l\u00e0","price":2400,"published_date":"2025-09-11T22:00:00.000000Z","support":"Grand format","publisher_availability":1,"stock":0,"editions":[],"url":"https:\/\/quaidesbrumes.com\/ouvrage\/9782369904182\/lautre-tournee"},{"id":"9791042015947","title":"En Selle, Sakamichi ! Tome 10","description":"La victoire est \u00e0 un coup de p\u00e9dale ! Un manga culte co-\u00e9dit\u00e9 avec L'\u00c9quipe !\r\nVers l'avant et seulement vers l'avant !\r\nL'inter-lyc\u00e9es vient \u00e0 peine de commencer que la lutte fait d\u00e9j\u00e0 rage entre les sprinteurs. Un duel oppose Izumida, le sprinteur hors normes de l'Acad\u00e9mie de Hakone, \u00e0 Naruko et Tadokoro lanc\u00e9s \u00e0 ses trousses. D\u00e9couvrez dans ce tome lequel de ces trois remarquables coureurs parviendra \u00e0 tirer son \u00e9pingle du jeu !\r\nMuscles en pagaille et sprint final \u00e9pique !","authors":["Wataru Watanabe","R\u00e9mi Buquet"],"category_codes":["3000000","3040000","3040500","3040511"],"visuals":{"large":"https:\/\/images.epagine.fr\/947\/9791042015947_1_75.jpg","medium":"https:\/\/images.epagine.fr\/947\/9791042015947_1_m.jpg","thumbnail":"https:\/\/images.epagine.fr\/947\/9791042015947_1_v.jpg"},"orderable":true,"show_badge":true,"formatted_price":"7,30&nbsp;\u20ac","formatted_published_date":"9 octobre 2025","publisher_availability_label":"Sur commande","short_details":"Wataru Watanabe, R\u00e9mi Buquet \u2014 Kurokawa","translator":"REMI BUQUET","weight":146,"page_count":192,"readership":"\u00e0 partir de 12 ANS","editor":"Kurokawa","price":730,"published_date":"2025-10-08T22:00:00.000000Z","support":"Poche","publisher_availability":1,"stock":0,"editions":[],"url":"https:\/\/quaidesbrumes.com\/ouvrage\/9791042015947\/en-selle-sakamichi-tome-10"},{"id":"9782374181660","title":"P\u00e9rim\u00e9e","description":"Apr\u00e8s le non-aboutissement d'un projet b\u00e9b\u00e9 avec son\u00a0 ami homo, l'h\u00e9ro\u00efne se lance, \u00e0 44 ans, sur une PMA IAD\u00a0 en Belgique ( don de sperme anonyme par ins\u00e9mination).\u00a0 \r\nBien que son profil biologique soit ultra favorable pour\u00a0 son \u00e2ge, elle vivra 5 ins\u00e9minations sans suite.\u00a0 Juliette continue malgr\u00e9 tout d'esp\u00e9rer et tente une PMA\r\n\u00e0 Madrid . Le verdict tombe : ses ovocytes ne sont pas de\u00a0 qualit\u00e9 suffisante.\r\nSi elle veut faire un b\u00e9b\u00e9, ce sera double don.\u00a0 Elle a 46 ans et elle se sent tout simplement P\u00c9RIM\u00c9E.\u00a0 P\u00e9rim\u00e9e pour procr\u00e9er avec ses propres g\u00e8nes.\r\nP\u00e9rim\u00e9e dans ses relations amoureuses. Qui voudra\u00a0 d'une fille qui ne peutm\u00eame plus offrir une descendance ?\u00a0 P\u00e9rim\u00e9e en elle-m\u00eame.\r\nPour autant P\u00e9rim\u00e9e n'est pas un r\u00e9cit pessimiste. Il raconte la vie et les d\u00e9sirs d'une femme face \u00e0 une r\u00e9alit\u00e9 douloureuse pour elle, qu'elle va savoir transformer vers une voie diff\u00e9rente et r\u00e9siliente.","authors":["C\u00e9line Gandner","Jo\u00ebl Alessandra"],"category_codes":["3000000","3020000","3020100","3020103"],"visuals":{"large":"https:\/\/images.epagine.fr\/660\/9782374181660_1_75.jpg","medium":"https:\/\/images.epagine.fr\/660\/9782374181660_1_m.jpg","thumbnail":"https:\/\/images.epagine.fr\/660\/9782374181660_1_v.jpg"},"orderable":true,"show_badge":true,"formatted_price":"24,00&nbsp;\u20ac","formatted_published_date":"5 novembre 2025","publisher_availability_label":"Sur commande","short_details":"C\u00e9line Gandner, Jo\u00ebl Alessandra \u2014 Des ronds dans l'O","translator":null,"weight":558,"page_count":null,"readership":null,"editor":"Des ronds dans l'O","price":2400,"published_date":"2025-11-04T23:00:00.000000Z","support":"Grand format","publisher_availability":1,"stock":0,"editions":[],"url":"https:\/\/quaidesbrumes.com\/ouvrage\/9782374181660\/perimee"},{"id":"9782754843461","title":"Le Lion","description":"\u00ab Il y a deux ans, une proche amie bibliophile qui connaissait ma frustration de n'avoir pas pu me rendre en Afrique pour finir le Journal anthropique de la cause animale en raison du covid, me dit : \"J'ai relu Le Lion de Kessel. Tu dois l'illustrer. Il est pour toi\". Alors je l'ai relu, et je l'ai trouv\u00e9 fantastique. 35 ans plus tard. \r\nEt quand, en mars dernier, j'ai eu la chance de me rendre sur les lieux du r\u00e9cit, au pied du Kilimandjaro, de voir le lion dans son milieu naturel, j'ai mesur\u00e9 la justesse des mots de Kessel face \u00e0 cette nature sauvage sublime et anthropo-pr\u00e9serv\u00e9e. Aujourd'hui, \u00eatre une femme qui illustre le texte d'un homme blanc, qui se d\u00e9roule \u00e0 l'\u00e9poque o\u00f9 le Kenya \u00e9tait encore un \u00e9tat colonial de l'Empire britannique, peut sembler marcher sur un terrain glissant. Mais sur ce sujet encore, Kessel transmet son humanisme et sa foi profonde en la nature humaine. \u00c7a \u00e9t\u00e9 un pur bonheur du d\u00e9but \u00e0 la fin d'illustrer et de relire sans cesse Le Lion. J'en reste toujours habit\u00e9e. Les illustrations sont r\u00e9alis\u00e9es avec du caf\u00e9, des pigments naturels et du brou de noix, un peu comme la manyatta Maasa\u00ef est fa\u00eete de bouse de vache et de cendre. \u00bb\r\nAnne Defr\u00e9ville","authors":["Joseph Kessel","Anne Benoliel-defr\u00e9ville"],"category_codes":["3000000","3020000","3020300","3020301"],"visuals":{"large":"https:\/\/images.epagine.fr\/461\/9782754843461_1_75.jpg","medium":"https:\/\/images.epagine.fr\/461\/9782754843461_1_m.jpg","thumbnail":"https:\/\/images.epagine.fr\/461\/9782754843461_1_v.jpg"},"orderable":true,"show_badge":true,"formatted_price":"29,00&nbsp;\u20ac","formatted_published_date":"9 octobre 2024","publisher_availability_label":"Sur commande","short_details":"Joseph Kessel, Anne Benoliel-defr\u00e9ville \u2014 Futuropolis","translator":null,"weight":1014,"page_count":256,"readership":null,"editor":"Futuropolis","price":2900,"published_date":"2024-10-08T22:00:00.000000Z","support":"Grand format","publisher_availability":1,"stock":0,"editions":[],"url":"https:\/\/quaidesbrumes.com\/ouvrage\/9782754843461\/le-lion"},{"id":"9782344068311","title":"Les filles des marins perdus Tome 3","description":"Cap sur la M\u00e9diterran\u00e9e !\r\nDans ce troisi\u00e8me volet, nous retrouvons Tess, la jeune fille qui a quitt\u00e9 les draps du Pilar pour rejoindre le beau Yasser, capitaine Last Chance. En passant par Alger et Naples, les deux protagonistes croiseront les destins de Layla et Carolina. Yasser Allali, notre fameux capitaine, sera confront\u00e9 \u00e0 son pass\u00e9 tourment\u00e9 et ses secrets cach\u00e9s qui pourraient avoir de terribles cons\u00e9quences sur son avenir... Plus que jamais, les deux nouvelles histoires qui composent cet album (et qui peuvent se lire ind\u00e9pendamment de la s\u00e9rie), nous replongent dans l'univers du Port des Marins Perdus et sentent bon l'air du large et le souffle de l'aventure !","authors":["Teresa Radice","Stefano Turconi"],"category_codes":["3000000","3030000","3030600"],"visuals":{"large":"https:\/\/images.epagine.fr\/311\/9782344068311_1_75.jpg","medium":"https:\/\/images.epagine.fr\/311\/9782344068311_1_m.jpg","thumbnail":"https:\/\/images.epagine.fr\/311\/9782344068311_1_v.jpg"},"orderable":true,"show_badge":true,"formatted_price":"19,00&nbsp;\u20ac","formatted_published_date":"8 janvier 2025","publisher_availability_label":"Sur commande","short_details":"Teresa Radice, Stefano Turconi \u2014 Gl\u00e9nat","translator":null,"weight":496,"page_count":128,"readership":"Tout public","editor":"Gl\u00e9nat","price":1900,"published_date":"2025-01-07T23:00:00.000000Z","support":"Grand format","publisher_availability":1,"stock":0,"editions":[],"url":"https:\/\/quaidesbrumes.com\/ouvrage\/9782344068311\/les-filles-des-marins-perdus-tome-3"},{"id":"9782492926594","title":"Medi\u00e9val girlfriends","description":"Alysse, une jeune chevali\u00e8re, part en qu\u00eate d'une monstrueuse cr\u00e9ature qui semble terroriser les villages alentour. Ses recherches la m\u00e8nent dans une for\u00eat fantastique, \u00e0 la fois sombre et merveilleuse. La b\u00eate qu'elle partait chasser se r\u00e9v\u00e8le moins terrible qu'elle ne l'imaginait et c'est un tout autre combat qu'elle va alors devoir mener...\r\n\r\nPour la collection Kopi et sa premi\u00e8re BD publi\u00e9e, Juliette Cousin offre une histoire aux deux personnages phares qui peuplent ses magnifiques dessins depuis des ann\u00e9es. Une fable graphique envo\u00fbtante et sensuelle !","authors":["Juliette Cousin"],"category_codes":["3000000","3020000","3020100","3020106"],"visuals":{"large":"https:\/\/images.epagine.fr\/594\/9782492926594_1_75.jpg","medium":"https:\/\/images.epagine.fr\/594\/9782492926594_1_m.jpg","thumbnail":"https:\/\/images.epagine.fr\/594\/9782492926594_1_v.jpg"},"orderable":true,"show_badge":true,"formatted_price":"17,50&nbsp;\u20ac","formatted_published_date":"6 d\u00e9cembre 2025","publisher_availability_label":"Sur commande","short_details":"Juliette Cousin \u2014 Exemplaire","translator":null,"weight":275,"page_count":208,"readership":null,"editor":"Exemplaire","price":1750,"published_date":"2025-12-05T23:00:00.000000Z","support":"Grand format","publisher_availability":1,"stock":0,"editions":[],"url":"https:\/\/quaidesbrumes.com\/ouvrage\/9782492926594\/medieval-girlfriends"},{"id":"9791043304408","title":"Clamp Artbook - Kuro","description":"La collection CLAMP UNIVERSE re unit une constellation d'oeuvres aussi sublimes qu'incontournables imagine es par le le gendaire\u00a0 Studio CLAMP. Admirez les illustrations de l'artbook COLOR KURO et (re)de couvrez les Reines du Manga !","authors":["Clamp"],"category_codes":["3000000","3050000","3050300"],"visuals":{"large":"https:\/\/images.epagine.fr\/408\/9791043304408_1_75.jpg","medium":"https:\/\/images.epagine.fr\/408\/9791043304408_1_m.jpg","thumbnail":"https:\/\/images.epagine.fr\/408\/9791043304408_1_v.jpg"},"orderable":true,"show_badge":true,"formatted_price":"25,00&nbsp;\u20ac","formatted_published_date":"13 novembre 2025","publisher_availability_label":"Sur commande","short_details":"Clamp \u2014 Pika \u00c9dition","translator":null,"weight":742,"page_count":144,"readership":null,"editor":"Pika \u00c9dition","price":2500,"published_date":"2025-11-12T23:00:00.000000Z","support":"Grand format","publisher_availability":1,"stock":0,"editions":[],"url":"https:\/\/quaidesbrumes.com\/ouvrage\/9791043304408\/clamp-artbook-kuro"},{"id":"9782344062135","title":"Les Fauves","description":"Comme un vent de libert\u00e9\r\nA\u00efd\u00e9e, P\u00e9n\u00e9lope et Zora habitent en colocation. Un jour, A\u00efd\u00e9e se heurte aux propos machistes de son prof des Beaux-Arts. Elle se confie \u00e0 P\u00e9n\u00e9lope et Zora. Les jeunes femmes refusent de laisser passer cet incident... Elles taguent leur premi\u00e8re vulve chez le professeur. Galvanis\u00e9es par cette exp\u00e9rience, A\u00efd\u00e9e, P\u00e9n\u00e9lope et Zora savent d\u00e9sormais comment r\u00e9agir face aux comportements machistes. Peu \u00e0 peu, les vulves fleurissent l\u00e0 o\u00f9 la violence de genre frappe une femme, une soeur, une voisine... A\u00efd\u00e9e garnit son dessin de fleurs color\u00e9es et y ajoute un slogan : \"Vulve victorieuse, Vulve heureuse\"... Leur mouvement est n\u00e9. Les vulves paillet\u00e9es commencent \u00e0 faire parler d'elles. Les r\u00e9seaux sociaux et m\u00eame certains m\u00e9dias s'emparent du ph\u00e9nom\u00e8ne. Un ami met le groupe en garde\u00a0: cela peut s'av\u00e9rer dangereux. Mais les filles ont l'impression de rendre justice \u00e0 leur mani\u00e8re. Par leur action, elles gagnent aussi en assurance dans leur vie personnelle. Mais il suffit d'un tag de trop pour que tout bascule... Alors que leur identit\u00e9 est d\u00e9masqu\u00e9e, elles sont victimes d'un d\u00e9ferlement de haine. Menaces, intimidations, harc\u00e8lement... jusqu'o\u00f9 iront leurs d\u00e9tracteurs ? Comment vont-elles sortir de cette spirale de violence ? Pi\u00e9g\u00e9es, les filles ne sont ni prot\u00e9g\u00e9es, ni pr\u00e9par\u00e9es \u00e0 cette autre r\u00e9alit\u00e9... Le duo Aurelle Gaillard et Francesca Marinelli fait son entr\u00e9e au catalogue Gl\u00e9nat avec ce roman graphique r\u00e9solument moderne, qui aborde avec r\u00e9alisme des questions d'actualit\u00e9 \u00e0 travers la trajectoire de trois jeunes femmes ind\u00e9pendantes. Avec leurs personnages bien ancr\u00e9s, les autrices abordent la question de l'\u00e9mancipation f\u00e9minine mais interrogent aussi les rouages du harc\u00e8lement \u00e0 l'\u00e8re des r\u00e9seaux et l'impunit\u00e9 des haters. Une p\u00e9pite audacieuse et enthousiasmante, \u00e0 lire sans mod\u00e9ration.","authors":["Aurelle Gaillard","Francesca Marinelli"],"category_codes":["3000000","3030000","3030600"],"visuals":{"large":"https:\/\/images.epagine.fr\/135\/9782344062135_1_75.jpg","medium":"https:\/\/images.epagine.fr\/135\/9782344062135_1_m.jpg","thumbnail":"https:\/\/images.epagine.fr\/135\/9782344062135_1_v.jpg"},"orderable":true,"show_badge":true,"formatted_price":"20,50&nbsp;\u20ac","formatted_published_date":"12 f\u00e9vrier 2025","publisher_availability_label":"Sur commande","short_details":"Aurelle Gaillard, Francesca Marinelli \u2014 Gl\u00e9nat","translator":null,"weight":644,"page_count":136,"readership":null,"editor":"Gl\u00e9nat","price":2050,"published_date":"2025-02-11T23:00:00.000000Z","support":"Grand format","publisher_availability":1,"stock":0,"editions":[],"url":"https:\/\/quaidesbrumes.com\/ouvrage\/9782344062135\/les-fauves"},{"id":"9791041114313","title":"The eminence in shadow Tome 14","description":"Il est pr\u00eat \u00e0 tout pour devenir une \u00c9minence de l'ombre... mais ses plus gros mensonges vont le rattraper\u00a0! Apr\u00e8s avoir \u00e9t\u00e9 propuls\u00e9 dans un monde parall\u00e8le suite \u00e0 un accident, Cid prend un malin plaisir \u00e0 interpr\u00e9ter son r\u00f4le d'\u00c9minence de l'Ombre, un personnage myst\u00e9rieux qui influence le cours des \u00e9v\u00e9nements depuis les coulisses et qui poss\u00e8de d'incroyables pouvoirs.Cid a \u00e9t\u00e9 t\u00e9l\u00e9port\u00e9 sur Terre, dans le Japon de sa vie d'avant, en compagnie de Beta. Alors qu'il endosse l'identit\u00e9 du Paladin noir pour \u00e9liminer un terrible monstre nomm\u00e9 \"Brute\", Akane Nishino est enlev\u00e9e par un myst\u00e9rieux ennemi avide de vengeance... Les malentendus et les fausses id\u00e9es sur fond d'isekai s'encha\u00eenent dans un rythme toujours plus effr\u00e9n\u00e9 dans ce quatorzi\u00e8me volume de The Eminence in Shadow !","authors":["Daisuke Aizawa","Anri Sakano","Tozai"],"category_codes":["3000000","3040000","3040500","3040504"],"visuals":{"large":"https:\/\/images.epagine.fr\/313\/9791041114313_1_75.jpg","medium":"https:\/\/images.epagine.fr\/313\/9791041114313_1_m.jpg","thumbnail":"https:\/\/images.epagine.fr\/313\/9791041114313_1_v.jpg"},"orderable":true,"show_badge":true,"formatted_price":"7,95&nbsp;\u20ac","formatted_published_date":"9 juillet 2025","publisher_availability_label":"Sur commande","short_details":"Daisuke Aizawa, Anri Sakano, Tozai \u2014 Bamboo","translator":null,"weight":150,"page_count":144,"readership":"\u00e0 partir de 12 ANS","editor":"Bamboo","price":795,"published_date":"2025-07-08T22:00:00.000000Z","support":"Poche","publisher_availability":1,"stock":0,"editions":[],"url":"https:\/\/quaidesbrumes.com\/ouvrage\/9791041114313\/the-eminence-in-shadow-tome-14"},{"id":"9782382124260","title":"Love mix-up Tome 2","description":"Love Mix-Up, c'est une romance moderne et bourr\u00e9e d'humour qui, gr\u00e2ce \u00e0 ses personnages aussi bienveillants que maladroits, ne manquera pas de faire chavirer vos coeurs !\r\nAoki doit se rendre \u00e0 l'\u00e9vidence : il est bel et bien attir\u00e9 par Ida, un camarade de classe. Un peu perturb\u00e9 par la situation, il se pose de nombreuses questions, et ce que Hashimoto vient de lui r\u00e9v\u00e9ler ne l'aide pas \u00e0 tirer ses sentiments au clair. Peut-\u00eatre qu'\u00e0 l'occasion d'une s\u00e9ance de r\u00e9visions chez Ida, il pourra enfin s'assurer de ce qu'il \u00e9prouve...","authors":["Wataru Hinekure","Aruko","Aline Kukor"],"category_codes":["3000000","3040000","3040400","3040409"],"visuals":{"large":"https:\/\/images.epagine.fr\/260\/9782382124260_1_75.jpg","medium":"https:\/\/images.epagine.fr\/260\/9782382124260_1_m.jpg","thumbnail":"https:\/\/images.epagine.fr\/260\/9782382124260_1_v.jpg"},"orderable":true,"show_badge":true,"formatted_price":"7,10&nbsp;\u20ac","formatted_published_date":"10 novembre 2022","publisher_availability_label":"Sur commande","short_details":"Wataru Hinekure, Aruko, Aline Kukor \u2014 Akata","translator":"ALINE KUKOR","weight":128,"page_count":null,"readership":"\u00e0 partir de 13 ANS","editor":"Akata","price":710,"published_date":"2022-11-09T23:00:00.000000Z","support":"Poche","publisher_availability":1,"stock":0,"editions":[],"url":"https:\/\/quaidesbrumes.com\/ouvrage\/9782382124260\/love-mix-up-tome-2"},{"id":"9782755672978","title":"Les Mousque'Terre Tome 3 : Les Mousque'Terre face au Blizzard, enqu\u00eate au Mont-Blanc","description":"Des ouvrages pens\u00e9s pour les 7-10 ans, adapt\u00e9s \u00e0 leur univers et leurs d\u00e9couvertes.\r\nNouvelle mission pour les Mousque'Terre !\r\nBianca et L\u00e9o sont en vacances chez Timoth\u00e9. L'occasion pour les Mousque'Terre de profiter des joies de la montagne mais surtout de participer \u00e0 une importante manifestation alertant sur le r\u00e9chauffement climatique. G\u00e9rald Monsansk, au ski avec son fils Gabriel, doit quant \u00e0 lui redorer son image et d\u00e9cide de subventionner une entreprise de canons \u00e0 neige \u00e9colo. Mais c'est compter sans la perspicacit\u00e9 des jeunes enqu\u00eateurs qui doutent de cette \u00e9trange activit\u00e9...","authors":["Pog","Sarujin"],"category_codes":["3000000","3020000","3020200","3020209"],"visuals":{"large":"https:\/\/images.epagine.fr\/978\/9782755672978_1_75.jpg","medium":"https:\/\/images.epagine.fr\/978\/9782755672978_1_m.jpg","thumbnail":"https:\/\/images.epagine.fr\/978\/9782755672978_1_v.jpg"},"orderable":true,"show_badge":true,"formatted_price":"10,95&nbsp;\u20ac","formatted_published_date":"3 septembre 2025","publisher_availability_label":"Sur commande","short_details":"Pog, Sarujin \u2014 Hugo BD","translator":null,"weight":215,"page_count":80,"readership":"\u00e0 partir de 7 ANS","editor":"Hugo BD","price":1095,"published_date":"2025-09-02T22:00:00.000000Z","support":"Grand format","publisher_availability":1,"stock":0,"editions":[],"url":"https:\/\/quaidesbrumes.com\/ouvrage\/9782755672978\/les-mousqueterre-tome-3-les-mousqueterre-face-au-blizzard-enquete-au-mont-blanc"},{"id":"9782413084594","title":"Petite for\u00eat","description":"Ichiko vit paisiblement \u00e0 Komori, hameau dont le nom signifie \u00ab Petite for\u00eat \u00bb. Elle utilise les produits locaux, issus des terres et de la nature qui l'entourent, pour cuisiner. \u00c0 travers les diff\u00e9rents plats qu'elle se plait \u00e0 concocter, c'est toute sa personnalit\u00e9 qui s'exprime et se lib\u00e8re. Une ode \u00e0 la contemplation, au partage et \u00e0 la po\u00e9sie qui se niche dans les petites choses du quotidien.","authors":["Daisuke Igarashi"],"category_codes":["3000000","3040000","3040600","3040602"],"visuals":{"large":"https:\/\/images.epagine.fr\/594\/9782413084594_1_75.jpg","medium":"https:\/\/images.epagine.fr\/594\/9782413084594_1_m.jpg","thumbnail":"https:\/\/images.epagine.fr\/594\/9782413084594_1_v.jpg"},"orderable":true,"show_badge":true,"formatted_price":"15,99&nbsp;\u20ac","formatted_published_date":"22 mai 2024","publisher_availability_label":"Sur commande","short_details":"Daisuke Igarashi \u2014 Delcourt","translator":null,"weight":422,"page_count":352,"readership":null,"editor":"Delcourt","price":1599,"published_date":"2024-05-21T22:00:00.000000Z","support":"Grand format","publisher_availability":1,"stock":0,"editions":[],"url":"https:\/\/quaidesbrumes.com\/ouvrage\/9782413084594\/petite-foret"},{"id":"9782302036284","title":"Princesse Sara Tome 6 : bas les masques !","description":"LA C\u00c9L\u00c8BRE PRINCESSE ORPHELINE POURSUIT SES AVENTURES AUX INDES.Alors que tout Pondichery est convaincu que l'h\u00e9riti\u00e8re Sara Crewe est d\u00e9figur\u00e9e, cette derni\u00e8re continue de travailler aux usines Delatour sous l'identit\u00e9 d'\u00c9milie Saint-John.Elle imagine des automates merveilleux, dans l'espoir d'\u00e9tablir une relation privil\u00e9gi\u00e9e avec le vieil Ernest Delatour. Il faut \u00e0 tout prix que ce dernier accepte de lui revendre ses usines, qui autrefois portaient le nom de Crewe ! Mais si Ernest ne se laisse pas attendrir facilement, son petit-fils L\u00e9opold, est lui tomb\u00e9 totalement sous le charme. Et voil\u00e0 ungodelureau qui ne plait pas du tout \u00e0 James, l'ami d'enfance de Sara... !Pendant que les relations se nouent dans un jeu de chass\u00e9-crois\u00e9, un tigre r\u00f4de autour de la ville. Et si la simple pr\u00e9sence de l'animal en venait \u00e0 renverser les r\u00e8gles du jeu ?","authors":["Audrey Alwett","Nora Moretti"],"category_codes":["3000000","3020000","3020200","3020202"],"visuals":{"large":"https:\/\/images.epagine.fr\/284\/9782302036284_1_75.jpg","medium":"https:\/\/images.epagine.fr\/284\/9782302036284_1_m.jpg","thumbnail":"https:\/\/images.epagine.fr\/284\/9782302036284_1_v.jpg"},"orderable":true,"show_badge":true,"formatted_price":"11,50&nbsp;\u20ac","formatted_published_date":"13 novembre 2013","publisher_availability_label":"Sur commande","short_details":"Audrey Alwett, Nora Moretti \u2014 Soleil","translator":null,"weight":398,"page_count":48,"readership":"Tout public","editor":"Soleil","price":1150,"published_date":"2013-11-12T23:00:00.000000Z","support":"Grand format","publisher_availability":1,"stock":0,"editions":[],"url":"https:\/\/quaidesbrumes.com\/ouvrage\/9782302036284\/princesse-sara-tome-6-bas-les-masques"},{"id":"9782302024366","title":"Ekho, monde miroir Tome 1 : New York","description":"D\u00c9COUVREZ UN MONDE D'HEROIC FANTASY COMME VOUS NE L'AVEZ JAMAIS VU !LA NOUVELLE S\u00c9RIE \u00c9V\u00c9NEMENT D'ARLESTON ET DE BARBUCCI.Quand Fourmille prend son avion pour New York, elle est loin de s'imaginer que son voyage va prendre un tour \u00e9trange. Au milieu du vol, elle est abord\u00e9e par une \u00e9trange cr\u00e9ature qui lui demande si elle accepte l'h\u00e9ritage d'une tante disparue depuis 20 ans.Et apr\u00e8s qu'un \u00e9clair ait touch\u00e9 le 747, c'est \u00e0 bord d'un dragon qu'elle atterrit \u00e0 New York.Elle d\u00e9couvre alors un monde compl\u00e8tement d\u00e9cal\u00e9, o\u00f9 tout est semblable \u00e0 la Terre, mais tellement diff\u00e9rent. Ici, pas d'\u00e9lectricit\u00e9, et c'est dans un Manhatan d'heroic fantasy qu'elle se trouve plong\u00e9e. Au coeur de l'intrigue, une race \u00e9trange, les Preshauns, qui semble dominer cet univers parall\u00e8le : Ekho.","authors":["Christophe Arleston","Alessandro Barbucci"],"category_codes":["3000000","3020000","3020100","3020106"],"visuals":{"large":"https:\/\/images.epagine.fr\/366\/9782302024366_1_75.jpg","medium":"https:\/\/images.epagine.fr\/366\/9782302024366_1_m.jpg","thumbnail":"https:\/\/images.epagine.fr\/366\/9782302024366_1_v.jpg"},"orderable":true,"show_badge":true,"formatted_price":"15,50&nbsp;\u20ac","formatted_published_date":"13 mars 2013","publisher_availability_label":"Sur commande","short_details":"Christophe Arleston, Alessandro Barbucci \u2014 Soleil","translator":null,"weight":574,"page_count":52,"readership":null,"editor":"Soleil","price":1550,"published_date":"2013-03-12T23:00:00.000000Z","support":"Grand format","publisher_availability":1,"stock":0,"editions":[],"url":"https:\/\/quaidesbrumes.com\/ouvrage\/9782302024366\/ekho-monde-miroir-tome-1-new-york"},{"id":"9782302096394","title":"Ekho, monde miroir Tome 12 : la Walkyrie des fjords","description":"Fourmille est \u00e0 Copenhague pour un groupe de rock nordique. Avec Yuri et Grace, les musiciens l'entra\u00eenent dans le c\u00e9l\u00e8bre quartier de Christiania o\u00f9 toutes sortes de substances naturelles sont en vente libre. L\u00e0, elle se retrouve \u00e0 h\u00e9berger l'esprit d'une walkyrie qui vient de mourir sans avoir pu achever sa mission : voler un anneau mal\u00e9fique pour aller le d\u00e9truire au coeur d'un volcan islandais.","authors":["Christophe Arleston","Alessandro Barbucci"],"category_codes":["3000000","3020000","3020100","3020106"],"visuals":{"large":"https:\/\/images.epagine.fr\/394\/9782302096394_1_75.jpg","medium":"https:\/\/images.epagine.fr\/394\/9782302096394_1_m.jpg","thumbnail":"https:\/\/images.epagine.fr\/394\/9782302096394_1_v.jpg"},"orderable":true,"show_badge":true,"formatted_price":"15,95&nbsp;\u20ac","formatted_published_date":"23 ao\u00fbt 2023","publisher_availability_label":"Sur commande","short_details":"Christophe Arleston, Alessandro Barbucci \u2014 Soleil","translator":null,"weight":620,"page_count":56,"readership":null,"editor":"Soleil","price":1595,"published_date":"2023-08-22T22:00:00.000000Z","support":"Grand format","publisher_availability":1,"stock":0,"editions":[],"url":"https:\/\/quaidesbrumes.com\/ouvrage\/9782302096394\/ekho-monde-miroir-tome-12-la-walkyrie-des-fjords"},{"id":"9782100877751","title":"Vivre ! Comment faire face au deuil ?","description":"Voici l'histoire de Julie au moment o\u00f9 tout bascule. Mathieu, qui partage sa vie depuis plus d'une d\u00e9cennie, pr\u00e9sente des sympt\u00f4mes inqui\u00e9tants. Le couple est alors dirig\u00e9 vers un sp\u00e9cialiste, quand le diagnostic tombe\u00a0 : Mathieu est atteint d'un cancer incurable. \u00c0\u00a0 peine quelques mois plus tard, Mathieu d\u00e9c\u00e8de.\r\nJulie, submerg\u00e9e par une multitude d'\u00e9motions, lutte pour pr\u00e9server ses deux enfants et reprendre le cours de leur quotidien sans Mathieu. \u00c9branl\u00e9e profond\u00e9ment, cherchant de l'aide, elle prend rendez-vous avec le Professeur Quinio. Le psychologue lui propose d'entamer une th\u00e9rapie EMDR afin de l'accompagner dans son processus de deuil.\r\nUn jour ou l'autre, chacun de nous se confronte \u00e0 cette absence irr\u00e9vocable\u00a0 : celle d'un parent, d'un partenaire, d'un enfant, d'un ami. \u00c0 travers le r\u00e9cit d'une famille endeuill\u00e9e, ce roman graphique retrace les \u00e9tapes franchies par chacun des protagonistes, des passages difficiles \u00e0 des moments plus l\u00e9gers, jusqu'\u00e0 un retour \u00e0 la vie. Car perdre quelqu'un, ce n'est pas seulement affronter l'absence, c'est aussi apprendre \u00e0 se red\u00e9finir dans un univers irr\u00e9m\u00e9diablement diff\u00e9rent.\r\n\u00ab\u00a0 Le deuil\u00a0 est une \u00e9preuve qui r\u00e9v\u00e8le nos forces cach\u00e9es, qui transforme notre lien avec ceux qui sont partis et ceux qui restent. Il\u00a0 est un passage o\u00f9 l'on apprend, douloureusement mais s\u00fbrement, que vivre apr\u00e8s la perte est possible. Julie nous rappelle qu'il n'y a pas de bonne ou de mauvaise fa\u00e7on de faire son deuil, seulement un\u00a0 chemin \u00e0 trouver, le sien.\u00a0 \u00bb\u00a0 Pr Cyril Tarquinio\r\n\u00a0","authors":["Cyril Tarquinio","Marc-Antoine Deroubaix","R\u00e9gis Hector"],"category_codes":["3000000","3020000","3020100","3020103"],"visuals":{"large":"https:\/\/images.epagine.fr\/751\/9782100877751_1_75.jpg","medium":"https:\/\/images.epagine.fr\/751\/9782100877751_1_m.jpg","thumbnail":"https:\/\/images.epagine.fr\/751\/9782100877751_1_v.jpg"},"orderable":true,"show_badge":true,"formatted_price":"21,90&nbsp;\u20ac","formatted_published_date":"22 octobre 2025","publisher_availability_label":"Sur commande","short_details":"Cyril Tarquinio, Marc-Antoine Deroubaix, R\u00e9gis Hector \u2014 Dunod","translator":null,"weight":490,"page_count":128,"readership":"Tout public","editor":"Dunod","price":2190,"published_date":"2025-10-21T22:00:00.000000Z","support":"Grand format","publisher_availability":1,"stock":0,"editions":[],"url":"https:\/\/quaidesbrumes.com\/ouvrage\/9782100877751\/vivre-comment-faire-face-au-deuil"},{"id":"9782302096707","title":"Fuze et Didier Tome 2 : en route vers la lune","description":"Demain, Didier doit partir sur la lune avec son patron bien aim\u00e9, Fuze. Mais cela ne se passe pas comme pr\u00e9vu et notre employ\u00e9 du mois reste au sol, remplac\u00e9 par un imposteur dont il ne conna\u00eet pas les intentions. Avec l'aide de Mrs Parker, une scientifique et Framboise la secr\u00e9taire, Didier va tenter \u00e0 nouveau de sauver l'entreprise et son PDG ! Mais partir dans l'espace n'est pas de tout repos.","authors":["Jean-Christophe Derrien","Fuze","Ornella Greco"],"category_codes":["3000000","3020000","3020200","3020211"],"visuals":{"large":"https:\/\/images.epagine.fr\/707\/9782302096707_1_75.jpg","medium":"https:\/\/images.epagine.fr\/707\/9782302096707_1_m.jpg","thumbnail":"https:\/\/images.epagine.fr\/707\/9782302096707_1_v.jpg"},"orderable":true,"show_badge":true,"formatted_price":"11,50&nbsp;\u20ac","formatted_published_date":"16 novembre 2022","publisher_availability_label":"Sur commande","short_details":"Jean-Christophe Derrien, Fuze, Ornella Greco \u2014 Soleil","translator":null,"weight":412,"page_count":45,"readership":null,"editor":"Soleil","price":1150,"published_date":"2022-11-15T23:00:00.000000Z","support":"Grand format","publisher_availability":1,"stock":0,"editions":[],"url":"https:\/\/quaidesbrumes.com\/ouvrage\/9782302096707\/fuze-et-didier-tome-2-en-route-vers-la-lune"},{"id":"9782302099265","title":"Fuze et Didier Tome 4 : les trois tours","description":"Le si\u00e8ge de la Fuze Corp ayant explos\u00e9 \u00e0 cause d'Arthur Scam, le Boss d\u00e9cide de la reconstruire en y ajoutant deux autres tours. Pour cela, il exproprie les habitants aux alentours dont Didier qui se retrouve d\u00e9sormais sans travail et sans logement ! L'architecte du chantier d\u00e9couvre une grotte inconnue qui contiendrait peut-\u00eatre des tr\u00e9sors arch\u00e9ologiques...  Nos h\u00e9ros d\u00e9cident de l'explorer.","authors":["Fuze","Jean-Christophe Derrien","Ornella Greco"],"category_codes":["3000000","3020000","3020200","3020211"],"visuals":{"large":"https:\/\/images.epagine.fr\/265\/9782302099265_1_75.jpg","medium":"https:\/\/images.epagine.fr\/265\/9782302099265_1_m.jpg","thumbnail":"https:\/\/images.epagine.fr\/265\/9782302099265_1_v.jpg"},"orderable":true,"show_badge":true,"formatted_price":"11,50&nbsp;\u20ac","formatted_published_date":"19 avril 2023","publisher_availability_label":"Sur commande","short_details":"Fuze, Jean-Christophe Derrien, Ornella Greco \u2014 Soleil","translator":null,"weight":418,"page_count":45,"readership":null,"editor":"Soleil","price":1150,"published_date":"2023-04-18T22:00:00.000000Z","support":"Grand format","publisher_availability":1,"stock":0,"editions":[],"url":"https:\/\/quaidesbrumes.com\/ouvrage\/9782302099265\/fuze-et-didier-tome-4-les-trois-tours"},{"id":"9782344058107","title":"Le Dernier Vol de Dan Cooper","description":"L'enqu\u00eate la plus longue, et jamais \u00e9lucid\u00e9e, de l'histoire du FBI.\r\n\u00c9tats-Unis, 24 novembre 1971. La veille de Thanksgiving, un homme voyageant sous le nom de Dan Cooper monte \u00e0 bord d'un Boeing 727-051 de la compagnie Northwest Orient Airlines d\u00e9collant de l'a\u00e9roport international de Portland. A priori, rien d'anormal, sauf que l'homme menace de faire exploser l'avion. Sa demande\u00a0: deux cent mille dollars en petites coupures, et quatre parachutes. Pour ne pas risquer la vie des passagers, le FBI pr\u00e9f\u00e8re s'ex\u00e9cuter. L'avion repart de Seattle-Tacoma en direction du Mexique. Le pirate de l'air saute du Boeing alors qu'il fait nuit et qu'une temp\u00eate s'abat sur le nord-ouest des \u00c9tats-Unis. Ses chances de survie sont quasi nulles. Et pourtant, 50 ans plus tard, le FBI est bien oblig\u00e9 de le reconna\u00eetre\u00a0: jamais personne n'a r\u00e9ussi \u00e0 mettre la main sur ce pirate du ciel. On perd toute trace de lui quand il ouvre son parachute au-dessus de la for\u00eat. En 2016, le\u00a0FBI\u00a0annonce la fin des recherches et classe l'affaire Dan Cooper, mais l'enqu\u00eate non r\u00e9solue continue d'intriguer l'opinion publique. Tir\u00e9e d'une histoire vraie, Le dernier vol de Dan Cooper, dont la vraie identit\u00e9 reste inconnue \u00e0 ce jour, fascine toujours. Grace \u00e0 la BD, Jean-Luc Cornette et Renaud Garreta remontent la piste et imaginent le p\u00e9riple de cet homme qui a atterri au milieu de nulle part. Entre fiction, incertitudes et faits r\u00e9els, un album plein de rebondissements\u00a0!","authors":["Renaud Garreta","Jean-Luc Cornette"],"category_codes":["3000000","3020000","3020100","3020109"],"visuals":{"large":"https:\/\/images.epagine.fr\/107\/9782344058107_1_75.jpg","medium":"https:\/\/images.epagine.fr\/107\/9782344058107_1_m.jpg","thumbnail":"https:\/\/images.epagine.fr\/107\/9782344058107_1_v.jpg"},"orderable":true,"show_badge":true,"formatted_price":"19,00&nbsp;\u20ac","formatted_published_date":"18 juin 2025","publisher_availability_label":"Sur commande","short_details":"Renaud Garreta, Jean-Luc Cornette \u2014 Gl\u00e9nat","translator":null,"weight":734,"page_count":88,"readership":null,"editor":"Gl\u00e9nat","price":1900,"published_date":"2025-06-17T22:00:00.000000Z","support":"Grand format","publisher_availability":1,"stock":0,"editions":[],"url":"https:\/\/quaidesbrumes.com\/ouvrage\/9782344058107\/le-dernier-vol-de-dan-cooper"},{"id":"9782344068359","title":"Choujin X Tome 10","description":"Yamatomori s'appr\u00eate enfin \u00e0 r\u00e9aliser son souhait le plus cher : abattre Zora. Les sup\u00e9rieurs se pr\u00e9parent discr\u00e8tement \u00e0 cet \u00e9v\u00e9nement tant attendu, tandis que les jeunes keepers font face \u00e0 leurs propres conflits\r\nint\u00e9rieurs. Pendant ce temps, Yubiko, pour des raisons inconnues, s'infiltre dans la tour afin de retrouver Zora... \r\nJe ne te remettrai pas la marque. Surtout pas \u00e0 toi, rejeton de Guelta, ce pays qui n'existe plus !","authors":["Sui Ishida"],"category_codes":["3000000","3040000","3040600","3040605"],"visuals":{"large":"https:\/\/images.epagine.fr\/359\/9782344068359_1_75.jpg","medium":"https:\/\/images.epagine.fr\/359\/9782344068359_1_m.jpg","thumbnail":"https:\/\/images.epagine.fr\/359\/9782344068359_1_v.jpg"},"orderable":true,"show_badge":true,"formatted_price":"7,90&nbsp;\u20ac","formatted_published_date":"27 ao\u00fbt 2025","publisher_availability_label":"Sur commande","short_details":"Sui Ishida \u2014 Gl\u00e9nat","translator":null,"weight":208,"page_count":244,"readership":null,"editor":"Gl\u00e9nat","price":790,"published_date":"2025-08-26T22:00:00.000000Z","support":"Poche","publisher_availability":1,"stock":0,"editions":[],"url":"https:\/\/quaidesbrumes.com\/ouvrage\/9782344068359\/choujin-x-tome-10"}]}