{"data":[{"id":"9782818989067","title":"The eminence in shadow Tome 4","description":"Il est pr\u00eat \u00e0 tout pour devenir une \u00c9minence de l'ombre... mais ses plus gros mensonges vont le rattraper ! Apr\u00e8s avoir \u00e9t\u00e9 propuls\u00e9 dans un monde parall\u00e8le \u00e0 la suite d'un accident, Cid prend un malin plaisir \u00e0 interpr\u00e9ter son r\u00f4le d'\u00c9minence de l'Ombre, un personnage myst\u00e9rieux qui influence le cours des \u00e9v\u00e9nements depuis les coulisses et qui poss\u00e8de d'incroyables pouvoirs.Quand un groupe de terroristes qui se fait passer pour Shadow Garden envahit l'acad\u00e9mie de Midgar, Cid rev\u00eat son costume de Shadow et se lance \u00e0 la poursuite des preneurs d'otages ! Il ne lui faut pas longtemps pour comprendre que l'attaque a \u00e9t\u00e9 commandit\u00e9e par un individu qui tire les ficelles en coulisses... La seule et unique \u00c9minence de l'Ombre va de nouveau entrer en sc\u00e8ne !Les malentendus et les m\u00e9prises s'encha\u00eenent de plus belle dans ce quatri\u00e8me volume de The Eminence in Shadow !","authors":["Daisuke Aizawa","Anri Sakano","Tozai"],"category_codes":["3000000","3040000","3040500","3040504"],"visuals":{"large":"https:\/\/images.epagine.fr\/067\/9782818989067_1_75.jpg","medium":"https:\/\/images.epagine.fr\/067\/9782818989067_1_m.jpg","thumbnail":"https:\/\/images.epagine.fr\/067\/9782818989067_1_v.jpg"},"orderable":true,"show_badge":true,"formatted_price":"7,95&nbsp;\u20ac","formatted_published_date":"4 mai 2022","publisher_availability_label":"Sur commande","short_details":"Daisuke Aizawa, Anri Sakano, Tozai \u2014 Bamboo","translator":null,"weight":152,"page_count":176,"readership":"\u00e0 partir de 12 ANS","editor":"Bamboo","price":795,"published_date":"2022-05-03T22:00:00.000000Z","support":"Poche","publisher_availability":1,"stock":0,"editions":[],"url":"https:\/\/quaidesbrumes.com\/ouvrage\/9782818989067\/the-eminence-in-shadow-tome-4"},{"id":"9791026823919","title":"Batman et les Tortues Ninja : Venin sur l'Hudson","description":"Batman patrouille depuis les hauteurs de Gotham et rien ne semble pouvoir troubler la routine du Chevalier Noir. De retour \u00e0 la Batcave, le h\u00e9ros retrouve Alfr... Splinter ? Mais o\u00f9 est Alfred ?! Et que font Leonardo, Raphael, Donatello et Michaelangelo dans les costumes de Nightwing, Red Hood, Tim Drake et Damian Wayne ?? Il ne manquerait plus que Shredder et le Joker ne fusionn... Oh, attendez une minute... Ce ne serait pas la silhouette de l'Anti-Monitor que l'on aper\u00e7oit au loin ? Mais depuis quand sert-il d'h\u00f4te \u00e0 Krang ? Le Multivers DC n'aurait-il pas besoin d'une petite r\u00e9vision ?","authors":["James Tynion IV","Freddie e. Williams ii"],"category_codes":["3000000","3030000","3030200"],"visuals":{"large":"https:\/\/images.epagine.fr\/919\/9791026823919_1_75.jpg","medium":"https:\/\/images.epagine.fr\/919\/9791026823919_1_m.jpg","thumbnail":"https:\/\/images.epagine.fr\/919\/9791026823919_1_v.jpg"},"orderable":true,"show_badge":true,"formatted_price":"5,90&nbsp;\u20ac","formatted_published_date":"19 janvier 2024","publisher_availability_label":"Sur commande","short_details":"James Tynion IV, Freddie e. Williams ii \u2014 Urban Comics","translator":null,"weight":216,"page_count":136,"readership":null,"editor":"Urban Comics","price":590,"published_date":"2024-01-18T23:00:00.000000Z","support":"Grand format","publisher_availability":1,"stock":0,"editions":[],"url":"https:\/\/quaidesbrumes.com\/ouvrage\/9791026823919\/batman-et-les-tortues-ninja-venin-sur-lhudson"},{"id":"9782818941171","title":"Les animaux marins en bande dessin\u00e9e Tome 1","description":"Plongez \u00e0 la d\u00e9couverte du monde fascinant des animaux marins\u00a0! Le sonar du dauphin, la crevette pistolet, l'incroyable intelligence de la\u00a0pieuvre... Il est temps d'enfiler votre combinaison de plong\u00e9e et de nous suivre\u00a0jusque dans les profondeurs des oc\u00e9ans \u00e0 la d\u00e9couverte de l'incroyable univers\u00a0sous-marin. Les couleurs, les formes, les esp\u00e8ces, les modes de vie, chaque\u00a0rencontre s'av\u00e8re plus incroyable que la pr\u00e9c\u00e9dente !","authors":["Christophe Cazenove","Jyt\u00e9ry"],"category_codes":["3000000","3020000","3020200","3020203"],"visuals":{"large":"https:\/\/images.epagine.fr\/171\/9782818941171_1_75.jpg","medium":"https:\/\/images.epagine.fr\/171\/9782818941171_1_m.jpg","thumbnail":"https:\/\/images.epagine.fr\/171\/9782818941171_1_v.jpg"},"orderable":true,"show_badge":true,"formatted_price":"11,90&nbsp;\u20ac","formatted_published_date":"28 juin 2017","publisher_availability_label":"Sur commande","short_details":"Christophe Cazenove, Jyt\u00e9ry \u2014 Bamboo","translator":null,"weight":394,"page_count":56,"readership":null,"editor":"Bamboo","price":1190,"published_date":"2017-06-27T22:00:00.000000Z","support":"Grand format","publisher_availability":1,"stock":0,"editions":[],"url":"https:\/\/quaidesbrumes.com\/ouvrage\/9782818941171\/les-animaux-marins-en-bande-dessinee-tome-1"},{"id":"9791032710388","title":"Les m\u00e9moires de Vanitas Tome 10","description":"Sous l'impulsion de Mikhai\u00a8l, l'affrontement entre Noe\u00b4 et Vanitas devient ine\u00b4vitable : furieux de voir que l'archiviste essaie de le pousser a` parler de son passe\u00b4 pour sauver Dominique, l'he\u00b4ritier de la lune bleue de\u00b4passe les limites... et voit fondre sur lui un vampire tous crocs dehors !\r\n\r\nMais tandis que le jeune humain est pre^t a` tout, me^me a` abattre son partenaire pour empe^cher que ses souvenirs ne soient expose\u00b4s, Noe\u00b4 retient quant a` lui ses coups pour ne pas le tuer... Parviendront-ils a` re\u00b4soudre leur diffe\u00b4rend avant qu'il ne soit trop tard ?\r\n\r\nApre`s Pandora Hearts, Jun Mochizuki cre\u00b4e un nouvel univers palpitant, entre steampunk et fantasy ! Le talent du jeune auteur pour camper des personnages myste\u00b4rieux, ambivalents et a` la psychologie complexe ne se de\u00b4ment pas. D'un trait toujours aussi soigne\u00b4 et e\u00b4le\u00b4gant, elle nous entrai^ne a` travers un Paris peuple\u00b4 de cre\u00b4atures de le\u00b4gende, dans une enque^te aux frontie`res du monde des humains et des vampires !","authors":["Jun Mochizuki"],"category_codes":["3000000","3040000","3040500","3040505"],"visuals":{"large":"https:\/\/images.epagine.fr\/388\/9791032710388_1_75.jpg","medium":"https:\/\/images.epagine.fr\/388\/9791032710388_1_m.jpg","thumbnail":"https:\/\/images.epagine.fr\/388\/9791032710388_1_v.jpg"},"orderable":true,"show_badge":true,"formatted_price":"7,95&nbsp;\u20ac","formatted_published_date":"2 mars 2023","publisher_availability_label":"Sur commande","short_details":"Jun Mochizuki \u2014 Ki-oon","translator":null,"weight":214,"page_count":177,"readership":"\u00e0 partir de 12 ANS","editor":"Ki-oon","price":795,"published_date":"2023-03-01T23:00:00.000000Z","support":"Poche","publisher_availability":1,"stock":0,"editions":[],"url":"https:\/\/quaidesbrumes.com\/ouvrage\/9791032710388\/les-memoires-de-vanitas-tome-10"},{"id":"9782390601524","title":"Michel Vaillant - saison 2 Tome 12 : la cible","description":"Alors que Michel Vaillant, Jean-Michel, Patrick et Fran\u00e7oise sortent enfin de prison, le s\u00e9nateur Warson annonce aux membres du Parti D\u00e9mocrate qu'il va quitter la politique apr\u00e8s les \u00e9lections pr\u00e9sidentielles afin de se consacrer int\u00e9gralement au sport automobile. Mais la situation est loin d'\u00eatre sous contr\u00f4le. Car si Steve sait que des extr\u00e9mistes conspirationnistes oeuvrent dans l'ombre afin de faire de sa mort un exemple servant leur cause, il ignore qu'une date est d\u00e9j\u00e0 arr\u00eat\u00e9e pour cette derni\u00e8re...","authors":["Denis Lapi\u00e8re","Benjamin Ben\u00e9teau","Bourgne"],"category_codes":["3000000","3020000","3020100","3020109"],"visuals":{"large":"https:\/\/images.epagine.fr\/524\/9782390601524_1_75.jpg","medium":"https:\/\/images.epagine.fr\/524\/9782390601524_1_m.jpg","thumbnail":"https:\/\/images.epagine.fr\/524\/9782390601524_1_v.jpg"},"orderable":true,"show_badge":true,"formatted_price":"16,95&nbsp;\u20ac","formatted_published_date":"2 juin 2023","publisher_availability_label":"Sur commande","short_details":"Denis Lapi\u00e8re, Benjamin Ben\u00e9teau, Bourgne \u2014 Graton \u00c9diteur","translator":null,"weight":460,"page_count":56,"readership":"\u00e0 partir de 12 ANS","editor":"Graton \u00c9diteur","price":1695,"published_date":"2023-06-01T22:00:00.000000Z","support":"Grand format","publisher_availability":1,"stock":0,"editions":[],"url":"https:\/\/quaidesbrumes.com\/ouvrage\/9782390601524\/michel-vaillant-saison-2-tome-12-la-cible"},{"id":"9791032716564","title":"Valkyrie apocalypse Tome 21","description":"Rien ne semble pouvoir \u00e9branler le roi de Sparte, bien d\u00e9cid\u00e9 \u00e0 se rebeller de nouveau contre le dieu du soleil... Seulement, Apollon reste intouchable ! Ses motivations ? Devenir toujours plus beau, se surpasser et s'am\u00e9liorer chaque jour...\r\n\r\nFace \u00e0 un adversaire aussi confiant, L\u00e9onidas sort le grand jeu et parvient finalement \u00e0 ass\u00e9ner un coup d\u00e9cisif \u00e0 son ennemi... La divinit\u00e9 grecque invoque alors une gigantesque statue de d\u00e9esse avec laquelle il fabrique un arc de lumi\u00e8re ! D\u00e9sormais, le Spartiate a-t-il la moindre chance de s'en sortir ?","authors":["Shinya Umemura","Takumi Fukui","Ajichika"],"category_codes":["3000000","3040000","3040600","3040605"],"visuals":{"large":"https:\/\/images.epagine.fr\/564\/9791032716564_1_75.jpg","medium":"https:\/\/images.epagine.fr\/564\/9791032716564_1_m.jpg","thumbnail":"https:\/\/images.epagine.fr\/564\/9791032716564_1_v.jpg"},"orderable":true,"show_badge":true,"formatted_price":"7,95&nbsp;\u20ac","formatted_published_date":"19 septembre 2024","publisher_availability_label":"Sur commande","short_details":"Shinya Umemura, Takumi Fukui, Ajichika \u2014 Ki-oon","translator":null,"weight":196,"page_count":176,"readership":"\u00e0 partir de 14 ans","editor":"Ki-oon","price":795,"published_date":"2024-09-18T22:00:00.000000Z","support":"Poche","publisher_availability":1,"stock":0,"editions":[],"url":"https:\/\/quaidesbrumes.com\/ouvrage\/9791032716564\/valkyrie-apocalypse-tome-21"},{"id":"9791032719435","title":"Valkyrie apocalypse Tome 22","description":"Dieux vs humains : l'ultime combat !\r\nL'affrontement entre L\u00e9onidas, roi de Sparte, et le divin Apollon a pris fin de mani\u00e8re pour le moins spectaculaire, et les deux camps doivent d\u00e9sormais choisir leurs nouveaux champions... C'est donc Susanoo, le fondateur des arts du sabre et pourfendeur des dieux qui entre en sc\u00e8ne pour repr\u00e9senter ses pairs ! \r\n \r\nAfin de mettre toutes les chances de son c\u00f4t\u00e9, Brunehilde a mis\u00e9 sur le l\u00e9gendaire capitaine de la premi\u00e8re unit\u00e9 du Shinsen gumi : Soji Okita, le pourfendeur d'hommes le plus c\u00e9l\u00e8bre de l'histoire ! D\u00e8s le d\u00e9but du combat, le samoura\u00ef s'\u00e9lance vers son adversaire sans la moindre h\u00e9sitation...\r\nAssistez aux duels les plus fous de l'histoire ! Puissance et charisme se d\u00e9cha\u00eenent dans des combats jouissifs d'une extraordinaire intensit\u00e9. \r\nValkyrie Apocalypse a fait sensation en se classant dans le top des meilleurs mangas au Japon : son casting impr\u00e9visible et son tournoi \u00e9pique vous r\u00e9servent bien des surprises !","authors":["Takumi Fukui","Shinya Umemura","Ajichika"],"category_codes":["3000000","3040000","3040600","3040605"],"visuals":{"large":"https:\/\/images.epagine.fr\/435\/9791032719435_1_75.jpg","medium":"https:\/\/images.epagine.fr\/435\/9791032719435_1_m.jpg","thumbnail":"https:\/\/images.epagine.fr\/435\/9791032719435_1_v.jpg"},"orderable":true,"show_badge":true,"formatted_price":"7,95&nbsp;\u20ac","formatted_published_date":"6 f\u00e9vrier 2025","publisher_availability_label":"Sur commande","short_details":"Takumi Fukui, Shinya Umemura, Ajichika \u2014 Ki-oon","translator":null,"weight":194,"page_count":174,"readership":"\u00e0 partir de 14 ans","editor":"Ki-oon","price":795,"published_date":"2025-02-05T23:00:00.000000Z","support":"Poche","publisher_availability":1,"stock":0,"editions":[],"url":"https:\/\/quaidesbrumes.com\/ouvrage\/9791032719435\/valkyrie-apocalypse-tome-22"},{"id":"9791027602278","title":"Toto Tome 1 : et \u00e7a vous fait rire...","description":"Qui conna\u00eet Toto ? Roi de la cour de r\u00e9cr\u00e9, ma\u00eetre en l'art du z\u00e9ro point\u00e9, tout le monde conna\u00eet Toto ! Une histoire dr\u00f4le en BD par page pour retrouver l'univers plein d'humour et de blagues de Toto et de sa bande de rigolos !\r","authors":["Franck Girard","Serge Bloch"],"category_codes":["3000000","3020000","3020200","3020211"],"visuals":{"large":"https:\/\/images.epagine.fr\/278\/9791027602278_1_75.jpg","medium":"https:\/\/images.epagine.fr\/278\/9791027602278_1_m.jpg","thumbnail":"https:\/\/images.epagine.fr\/278\/9791027602278_1_v.jpg"},"orderable":true,"show_badge":true,"formatted_price":"11,00&nbsp;\u20ac","formatted_published_date":"22 mars 2017","publisher_availability_label":"Sur commande","short_details":"Franck Girard, Serge Bloch \u2014 \u00c9ditions Tourbillon","translator":null,"weight":244,"page_count":80,"readership":"\u00e0 partir de 7 ANS","editor":"\u00c9ditions Tourbillon","price":1100,"published_date":"2017-03-21T23:00:00.000000Z","support":"Grand format","publisher_availability":1,"stock":0,"editions":[],"url":"https:\/\/quaidesbrumes.com\/ouvrage\/9791027602278\/toto-tome-1-et-ca-vous-fait-rire"},{"id":"9782413023906","title":"Les fr\u00e8res Rubinstein Tome 2 : le coiffeur de Sobibor","description":"Prisonnier au camp de Sobibor, Mo\u00efse ne sait rien encore ni de son organisation ni de son r\u00e9el objectif. Parce qu'il a dit \u00eatre coiffeur \u00e0 son arriv\u00e9e avec tous les autres, il est int\u00e9gr\u00e9 au contingent des juifs au service des officiers nazis. La coiffure, c'est \u00e0 Paris qu'il l'a apprise, en 1929, apr\u00e8s qu'il y ait suivi son fr\u00e8re Salomon en fuite, accus\u00e9 d'un crime qu'il n'avait pas commis...","authors":["Luc Brunschwig","Etienne Le Roux","Lo\u00efc Chevallier"],"category_codes":["3000000","3020000","3020100","3020108"],"visuals":{"large":"https:\/\/images.epagine.fr\/906\/9782413023906_1_75.jpg","medium":"https:\/\/images.epagine.fr\/906\/9782413023906_1_m.jpg","thumbnail":"https:\/\/images.epagine.fr\/906\/9782413023906_1_v.jpg"},"orderable":true,"show_badge":true,"formatted_price":"16,50&nbsp;\u20ac","formatted_published_date":"14 octobre 2020","publisher_availability_label":"Sur commande","short_details":"Luc Brunschwig, Etienne Le Roux, Lo\u00efc Chevallier \u2014 Delcourt","translator":null,"weight":720,"page_count":72,"readership":null,"editor":"Delcourt","price":1650,"published_date":"2020-10-13T22:00:00.000000Z","support":"Grand format","publisher_availability":1,"stock":0,"editions":[],"url":"https:\/\/quaidesbrumes.com\/ouvrage\/9782413023906\/les-freres-rubinstein-tome-2-le-coiffeur-de-sobibor"},{"id":"9782505005391","title":"Complainte des landes perdues - cycle 1 ; Sioban Tome 1 : Sioban","description":"Rosinski, dessinateur de Thorgal, et Dufaux, l'un des meilleurs sc\u00e9naristes actuels, nous font d\u00e9couvrir l'univers de Sioban, princesse sans royaume mais anim\u00e9e d'une extraordinaire soif de vengeance et de reconqu\u00eate ! Complainte des landes perdues poss\u00e8de la force des r\u00e9cits fantastiques et la magie des l\u00e9gendes celtiques. En quatre albums, cette s\u00e9rie fait d\u00e9j\u00e0 partie des indispensables.","authors":["Jean Dufaux","Grzegorz Rosinski"],"category_codes":["3000000","3020000","3020100","3020105"],"visuals":{"large":"https:\/\/images.epagine.fr\/391\/9782505005391_1_75.jpg","medium":"https:\/\/images.epagine.fr\/391\/9782505005391_1_m.jpg","thumbnail":"https:\/\/images.epagine.fr\/391\/9782505005391_1_v.jpg"},"orderable":true,"show_badge":true,"formatted_price":"17,50&nbsp;\u20ac","formatted_published_date":"8 septembre 1993","publisher_availability_label":"Sur commande","short_details":"Jean Dufaux, Grzegorz Rosinski \u2014 Dargaud","translator":null,"weight":620,"page_count":null,"readership":"\u00e0 partir de 16 ans","editor":"Dargaud","price":1750,"published_date":"1993-09-07T22:00:00.000000Z","support":"Grand format","publisher_availability":1,"stock":0,"editions":[],"url":"https:\/\/quaidesbrumes.com\/ouvrage\/9782505005391\/complainte-des-landes-perdues-cycle-1-sioban-tome-1-sioban"},{"id":"9782290165553","title":"Un autre regard Tome 1 : trucs en vrac pour voir les choses autrement","description":"Avec plus d'une dizaine d'histoires tr\u00e8s vari\u00e9es autour du f\u00e9minisme, de la politique ou de la sexualit\u00e9, Emma casse les clich\u00e9s sur bon nombre de sujets.Cette bande dessin\u00e9e est aussi dr\u00f4le que touchante et instructive.","authors":["Emma"],"category_codes":["3000000","3020000","3020100","3020111"],"visuals":{"large":"https:\/\/images.epagine.fr\/553\/9782290165553_1_75.jpg","medium":"https:\/\/images.epagine.fr\/553\/9782290165553_1_m.jpg","thumbnail":"https:\/\/images.epagine.fr\/553\/9782290165553_1_v.jpg"},"orderable":true,"show_badge":true,"formatted_price":"8,50&nbsp;\u20ac","formatted_published_date":"6 juin 2018","publisher_availability_label":"Sur commande","short_details":"Emma \u2014 J'ai Lu","translator":null,"weight":214,"page_count":112,"readership":null,"editor":"J'ai Lu","price":850,"published_date":"2018-06-05T22:00:00.000000Z","support":"Grand format","publisher_availability":1,"stock":0,"editions":["9791097160036"],"url":"https:\/\/quaidesbrumes.com\/ouvrage\/9782290165553\/un-autre-regard-tome-1-trucs-en-vrac-pour-voir-les-choses-autrement"},{"id":"9791042015077","title":"She is beautiful Tome 2","description":"\u00c0 chaque r\u00e9veil, la m\u00e9moire de Kurumi s'efface. Seule reste sa volont\u00e9 de retrouver sa meilleure amie... \r\nSuivez-la dans ce thriller haletant et dans sa qu\u00eate inlassable d'identit\u00e9 et de v\u00e9rit\u00e9. \r\nKurumi souffre d'une forme d'amn\u00e9sie \u00e9trange qui lui fait oublier sa journ\u00e9e d\u00e8s qu'elle s'endort.\r\nAlors qu'elle cherche \u00e0 fuir l'emprise de Sayaka, elle doit faire face \u00e0 une terrible r\u00e9alit\u00e9. Kurumi s'efforce tant bien que mal de surmonter son amn\u00e9sie et d'avancer vers la fronti\u00e8re russe dans l'espoir de revoir Hikari, sa meilleure amie.","authors":["Jun Esaka","Takahide Totsuno"],"category_codes":["3000000","3040000","3040600","3040606"],"visuals":{"large":"https:\/\/images.epagine.fr\/077\/9791042015077_1_75.jpg","medium":"https:\/\/images.epagine.fr\/077\/9791042015077_1_m.jpg","thumbnail":"https:\/\/images.epagine.fr\/077\/9791042015077_1_v.jpg"},"orderable":true,"show_badge":true,"formatted_price":"7,95&nbsp;\u20ac","formatted_published_date":"14 ao\u00fbt 2024","publisher_availability_label":"Sur commande","short_details":"Jun Esaka, Takahide Totsuno \u2014 Kurokawa","translator":null,"weight":200,"page_count":224,"readership":"\u00e0 partir de 14 ans","editor":"Kurokawa","price":795,"published_date":"2024-08-13T22:00:00.000000Z","support":"Poche","publisher_availability":1,"stock":0,"editions":[],"url":"https:\/\/quaidesbrumes.com\/ouvrage\/9791042015077\/she-is-beautiful-tome-2"},{"id":"9782811671068","title":"Komi cherche ses mots Tome 8","description":"Au coll\u00e8ge, Komi n'avait pas d'amis. Elle avait s\u00e9ch\u00e9 le voyage scolaire, et celui du lyc\u00e9e sera donc son premier ! Autant dire qu'elle est tr\u00e8s angoiss\u00e9e... cependant, Tadano va s'employer \u00e0 la rassurer. Aujourd'hui, elle a de nombreux amis. Des camarades avec qui d\u00e9ambuler \u00e0 Kyoto, dormir, s'envoyer des polochons en pleine tronche, prendre un bain, se raconter des petits secrets... et le plus important, se faire plein de bons souvenirs.","authors":["Tomohito Oda"],"category_codes":["3000000","3040000","3040500","3040509"],"visuals":{"large":"https:\/\/images.epagine.fr\/068\/9782811671068_1_75.jpg","medium":"https:\/\/images.epagine.fr\/068\/9782811671068_1_m.jpg","thumbnail":"https:\/\/images.epagine.fr\/068\/9782811671068_1_v.jpg"},"orderable":true,"show_badge":true,"formatted_price":"7,20&nbsp;\u20ac","formatted_published_date":"5 juillet 2023","publisher_availability_label":"Sur commande","short_details":"Tomohito Oda \u2014 Pika \u00c9dition","translator":null,"weight":182,"page_count":192,"readership":"\u00e0 partir de 12 ANS","editor":"Pika \u00c9dition","price":720,"published_date":"2023-07-04T22:00:00.000000Z","support":"Poche","publisher_availability":1,"stock":0,"editions":[],"url":"https:\/\/quaidesbrumes.com\/ouvrage\/9782811671068\/komi-cherche-ses-mots-tome-8"},{"id":"9782818935224","title":"Une vie avec Alexandra David-N\u00e9el Tome 1","description":"Quand la plus grande aventuri\u00e8re du XXe si\u00e8cle d\u00e9voile ses secrets... 1959. La jeune Marie-Madeleine entre au service d'une vieille femme despotique : Alexandra David-N\u00e9el, exploratrice, philosophe, \u00e9crivain, qui fut, au d\u00e9but du si\u00e8cle, la premi\u00e8re femme blanche \u00e0 entrer au Tibet. Dans la villa de Digne o\u00f9 s'entassent les souvenirs de 14 ann\u00e9es pass\u00e9es en Asie, Marie-Madeleine se retrouve plong\u00e9e dans la vie exceptionnelle de l'aventuri\u00e8re.","authors":["Fr\u00e9d\u00e9ric Campoy","Fred Campoy","Mathieu Blanchot"],"category_codes":["3000000","3020000","3020100","3020103"],"visuals":{"large":"https:\/\/images.epagine.fr\/224\/9782818935224_1_75.jpg","medium":"https:\/\/images.epagine.fr\/224\/9782818935224_1_m.jpg","thumbnail":"https:\/\/images.epagine.fr\/224\/9782818935224_1_v.jpg"},"orderable":true,"show_badge":true,"formatted_price":"19,90&nbsp;\u20ac","formatted_published_date":"3 f\u00e9vrier 2016","publisher_availability_label":"Sur commande","short_details":"Fr\u00e9d\u00e9ric Campoy, Fred Campoy, Mathieu Blanchot \u2014 Bamboo","translator":null,"weight":702,"page_count":80,"readership":null,"editor":"Bamboo","price":1990,"published_date":"2016-02-02T23:00:00.000000Z","support":"Grand format","publisher_availability":1,"stock":0,"editions":[],"url":"https:\/\/quaidesbrumes.com\/ouvrage\/9782818935224\/une-vie-avec-alexandra-david-neel-tome-1"},{"id":"9782382331460","title":"Gueule de cuir Tome 1 : L'\u00e9p\u00e9iste","description":"Gueule-de-cuir, c'est une histoire de cape et d'\u00e9p\u00e9e sombre et fantastique, c'est aussi un justicier de la nuit, oeuvrant sous Louis XIII, bien avant un certain \"Chevalier Noir\" ! 1633. Dans la France de Louis XIII et de Richelieu, magie noire et alchimie sont \u00e0 l'oeuvre. Tandis que de myst\u00e9rieuses factions s'affrontent en secret autour du Zodiaque du Diable, un redoutable n\u00e9cromant \u00e9tend son r\u00e8gne sur les bas-fonds de Paris et r\u00eave de vengeance. Contre lui, un seul homme peut encore se dresser. Un duelliste que le destin a maudit et qui n'aura d'autre choix que d'accepter le masque et la destin\u00e9e de Gueule-de-cuir.","authors":["Pierre Pevel","St\u00e9phane Cr\u00e9ty"],"category_codes":["3000000","3020000","3020100","3020105"],"visuals":{"large":"https:\/\/images.epagine.fr\/460\/9782382331460_1_75.jpg","medium":"https:\/\/images.epagine.fr\/460\/9782382331460_1_m.jpg","thumbnail":"https:\/\/images.epagine.fr\/460\/9782382331460_1_v.jpg"},"orderable":true,"show_badge":true,"formatted_price":"15,90&nbsp;\u20ac","formatted_published_date":"10 janvier 2024","publisher_availability_label":"Sur commande","short_details":"Pierre Pevel, St\u00e9phane Cr\u00e9ty \u2014 Drakoo","translator":null,"weight":652,"page_count":64,"readership":null,"editor":"Drakoo","price":1590,"published_date":"2024-01-09T23:00:00.000000Z","support":"Grand format","publisher_availability":1,"stock":0,"editions":[],"url":"https:\/\/quaidesbrumes.com\/ouvrage\/9782382331460\/gueule-de-cuir-tome-1-lepeiste"},{"id":"9782344067604","title":"Luca, v\u00e9t\u00e9rinaire draconique Tome 3","description":"Les v\u00e9t\u00e9rinaires draconiques soignent des cr\u00e9atures aux morphologies tr\u00e8s diverses appel\u00e9es \"dragons\". \u00c0 l'institut sup\u00e9rieur des sciences draconiques Kogniel, Luca fait face aux dures r\u00e9alit\u00e9s de la vie tout en progressant peu \u00e0 peu en tant qu'assistante v\u00e9t\u00e9rinaire, en d\u00e9pit de ses blessures personnelles. Les soup\u00e7ons de trahison qui p\u00e8sent sur son d\u00e9funt p\u00e8re ayant ressurgi dans les journaux, elle est d\u00e9sormais consid\u00e9r\u00e9e comme \"la fille de l'inf\u00e2me Guid\u00e9or\" par tout l'institut. L'apprentie v\u00e9t\u00e9rinaire voudrait souver la vie d'un dragon volant qui s'est bris\u00e9 une aile, mais tant que tous se m\u00e9fieront d'elle, personne n'acceptera de lui confier ce patient. Comment Luca franchira-t-elle la muraille qui se dresse sur son chemin ?","authors":["Y\u00fbna Hirasawa"],"category_codes":["3000000","3040000","3040600","3040604"],"visuals":{"large":"https:\/\/images.epagine.fr\/604\/9782344067604_1_75.jpg","medium":"https:\/\/images.epagine.fr\/604\/9782344067604_1_m.jpg","thumbnail":"https:\/\/images.epagine.fr\/604\/9782344067604_1_v.jpg"},"orderable":true,"show_badge":true,"formatted_price":"7,90&nbsp;\u20ac","formatted_published_date":"5 f\u00e9vrier 2025","publisher_availability_label":"Sur commande","short_details":"Y\u00fbna Hirasawa \u2014 Gl\u00e9nat","translator":null,"weight":155,"page_count":192,"readership":"\u00e0 partir de 14 ans","editor":"Gl\u00e9nat","price":790,"published_date":"2025-02-04T23:00:00.000000Z","support":"Poche","publisher_availability":1,"stock":0,"editions":[],"url":"https:\/\/quaidesbrumes.com\/ouvrage\/9782344067604\/luca-veterinaire-draconique-tome-3"},{"id":"9782889326792","title":"Ballade pour Sophie","description":"Une formidable plong\u00e9e dans le monde de la musique, de la cr\u00e9ation et des affres de la c\u00e9l\u00e9brit\u00e9. C'est surtout l'histoire de deux\u00a0pianistes pris dans les al\u00e9as historiques des ann\u00e9es 1930 \u00e0 1970 en France. Deux musiciens que tout oppose : l'un connaitra le succ\u00e8s et la gloire, l'autre restera \u00e0 jamais inconnu.\u00a0Un roman graphique en hommage \u00e0 la musique, par Filipe melo, sc\u00e9nariste, r\u00e9alisateur de films... et pianiste professionnel.","authors":["Filipe Melo","Juan Cavia"],"category_codes":["3000000","3020000","3020100","3020106"],"visuals":{"large":"https:\/\/images.epagine.fr\/792\/9782889326792_1_75.jpg","medium":"https:\/\/images.epagine.fr\/792\/9782889326792_1_m.jpg","thumbnail":"https:\/\/images.epagine.fr\/792\/9782889326792_1_v.jpg"},"orderable":true,"show_badge":true,"formatted_price":"25,00&nbsp;\u20ac","formatted_published_date":"5 novembre 2025","publisher_availability_label":"Sur commande","short_details":"Filipe Melo, Juan Cavia \u2014 Editions Paquet","translator":null,"weight":908,"page_count":320,"readership":null,"editor":"Editions Paquet","price":2500,"published_date":"2025-11-04T23:00:00.000000Z","support":"Grand format","publisher_availability":1,"stock":0,"editions":[],"url":"https:\/\/quaidesbrumes.com\/ouvrage\/9782889326792\/ballade-pour-sophie"},{"id":"9782351422823","title":"Chocola et Vanilla Tome 7","description":"De la romance, du myst\u00e8re, un duel... Et de la magie ! Suivez les aventures de Chocola et Vanilla, deux petites sorci\u00e8res pr\u00e9tendantes au tr\u00f4ne du royaume magique et pr\u00eates \u00e0 d\u00e9ployer tous leurs charmes pour s'en emparer !\r\nDuke, le serviteur magique de Chocola, \u00e9tait donc en r\u00e9alit\u00e9 un beau sorcier !! Par sa bouche, et celle de son grand-p\u00e8re, Chocola apprendra, non sans \u00e9tonnement, toute la v\u00e9rit\u00e9 sur sa naissance. Son amour pour Pierre en sera-t-il encore renforc\u00e9 ?!\r\n \r\n Un septi\u00e8me volume plein de romance et de myst\u00e8res !!\r\n\r\n \r\n- Prix du manga K\u00f4dansha (cat\u00e9gorie kodomo) - 2005","authors":["Moyoco Anno","Olivier Sart"],"category_codes":["3000000","3040000","3040400","3040405"],"visuals":{"large":"https:\/\/images.epagine.fr\/823\/9782351422823_1_75.jpg","medium":"https:\/\/images.epagine.fr\/823\/9782351422823_1_m.jpg","thumbnail":"https:\/\/images.epagine.fr\/823\/9782351422823_1_v.jpg"},"orderable":true,"show_badge":true,"formatted_price":"7,30&nbsp;\u20ac","formatted_published_date":"14 f\u00e9vrier 2008","publisher_availability_label":"Sur commande","short_details":"Moyoco Anno, Olivier Sart \u2014 Kurokawa","translator":"OLIVIER SART","weight":196,"page_count":194,"readership":"\u00e0 partir de 10 ANS","editor":"Kurokawa","price":730,"published_date":"2008-02-13T23:00:00.000000Z","support":"Poche","publisher_availability":1,"stock":0,"editions":[],"url":"https:\/\/quaidesbrumes.com\/ouvrage\/9782351422823\/chocola-et-vanilla-tome-7"},{"id":"9782380463712","title":"Safar, l'histoire du Coran en Europe","description":"Au XIIe si\u00e8cle, l'abb\u00e9 Pierre le V\u00e9n\u00e9rable, d\u00e9sireux de d\u00e9battre avec les autres religions plut\u00f4t que de multiplier les croisades, supervise la toute premi\u00e8re traduction du Coran en latin. En 1798, le g\u00e9n\u00e9ral Bonaparte d\u00e9barque \u00e0 Alexandrie \u00e0 la t\u00eate d'une arm\u00e9e de 40 000 hommes. Durant son voyage, il a lu et relu le Coran, fascin\u00e9 par Mahomet, qu'il voit comme un tacticien militaire brillant.\u00a0 \r\nD\u00e9couvrez 700 ans d'\u00e9changes et de r\u00e9sistances, de d\u00e9couvertes et de luttes autour du Coran, entre les chr\u00e9tiens d'Europe et les mondes musulmans dans ce Docu-BD...","authors":["John Tolan","Maurizio Busca","Ernesto Anderle"],"category_codes":["3000000","3010000","3010300"],"visuals":{"large":"https:\/\/images.epagine.fr\/712\/9782380463712_1_75.jpg","medium":"https:\/\/images.epagine.fr\/712\/9782380463712_1_m.jpg","thumbnail":"https:\/\/images.epagine.fr\/712\/9782380463712_1_v.jpg"},"orderable":true,"show_badge":true,"formatted_price":"21,90&nbsp;\u20ac","formatted_published_date":"14 mai 2025","publisher_availability_label":"Sur commande","short_details":"John Tolan, Maurizio Busca, Ernesto Anderle \u2014 \u00c9ditions Petit \u00e0 Petit","translator":null,"weight":798,"page_count":128,"readership":"Tout public","editor":"\u00c9ditions Petit \u00e0 Petit","price":2190,"published_date":"2025-05-13T22:00:00.000000Z","support":"Grand format","publisher_availability":1,"stock":0,"editions":[],"url":"https:\/\/quaidesbrumes.com\/ouvrage\/9782380463712\/safar-lhistoire-du-coran-en-europe"},{"id":"9782844147912","title":"Les nouvelles aventures de Lapinot Tome 4 : un peu d'amour","description":"Lapinot, les mains derri\u00e8re le dos, observe dans un cadre un strip de quatre cases\u00c2\u00a0: une cr\u00e9ature se balade en harmonie avec son petit chien avant d'\u00eatre terroris\u00e9e par un monstre qui finit par la prendre en affection. Un peu d'amour est un recueil de 125 strips dont le premier, plac\u00e9 en couverture de l'album, n'\u00e9chappera pas \u00e0 l'oeil du lecteur attentif. Faut-il voir dans ce strip initial une allusion \u00e0 Lapinot, qui subit successivement la haine puis l'amour de Camille, biblioth\u00e9caire passionn\u00e9e\u00c2\u00a0? Car si l'album est constitu\u00e9 de digressions savoureuses, il n'en suit pas moins un fil rouge\u00c2\u00a0: l'amiti\u00e9 entre Lapinot et Marc Bolart, un sans-abri fou de litt\u00e9rature dont les textes seront publi\u00e9s par la maison d'\u00e9dition Carottes, mont\u00e9e par Lapinot et Camille\u00e2E\u00a6 Un peu d'amour, c'est aussi beaucoup d'amiti\u00e9\u00c2\u00a0: on retrouve ainsi la r\u00e9partie cynique de Richard, fid\u00e8le compagnon toujours en verve lorsqu'il s'agit de jeter un regard critique sur ses contemporains. Et l'amiti\u00e9 \u00e7a compte, car Richard serait pr\u00eat \u00e0 suivre Lapinot jusqu'au bout du monde\u00e2E\u00a6 ou du moins jusqu'\u00e0 Ljubljana.","authors":["Lewis Trondheim"],"category_codes":["3000000","3020000","3020100","3020111"],"visuals":{"large":"https:\/\/images.epagine.fr\/912\/9782844147912_1_75.jpg","medium":"https:\/\/images.epagine.fr\/912\/9782844147912_1_m.jpg","thumbnail":"https:\/\/images.epagine.fr\/912\/9782844147912_1_v.jpg"},"orderable":true,"show_badge":true,"formatted_price":"14,00&nbsp;\u20ac","formatted_published_date":"20 ao\u00fbt 2020","publisher_availability_label":"Sur commande","short_details":"Lewis Trondheim \u2014 L'Association","translator":null,"weight":442,"page_count":48,"readership":"\u00e0 partir de 12 ANS","editor":"L'Association","price":1400,"published_date":"2020-08-19T22:00:00.000000Z","support":"Grand format","publisher_availability":1,"stock":0,"editions":[],"url":"https:\/\/quaidesbrumes.com\/ouvrage\/9782844147912\/les-nouvelles-aventures-de-lapinot-tome-4-un-peu-damour"},{"id":"9782368524824","title":"En sc\u00e8ne ! Tome 5","description":"Manga de danse au graphisme sublime, En sc\u00e8ne ! d\u00e9crit avec passion et drame humain les premiers pas d'une jeune ballerine dans la comp\u00e9tition classique.\r\nSuite \u00e0 son entorse \u00e0 la cheville, Kanade est au repos forc\u00e9. Sur les conseils de Lisa, elle en profite pour d\u00e9couvrir les origines de la danse classique \u00e0 travers l'Histoire du ballet. Et bien s\u00fbr, elle assiste \u00e0 la repr\u00e9sentation de  La Belle au bois dormant, \u00e0 laquelle participent Shoko et Emma. Lors de leur entr\u00e9e en sc\u00e8ne, les deux jeunes filles, sous pression, parviennent enfin \u00e0 se rapprocher. De son c\u00f4t\u00e9, Shoko fait face \u00e0 une terrible d\u00e9cision de la part de ses parents ; d\u00e9cision qui risque de bouleverser son avenir...\r\n- S\u00e9lectionn\u00e9 par le jury des \" Mordus du manga \"  (prix remis par les biblioth\u00e8ques de la ville de Paris) - 2017 - S\u00e9lectionn\u00e9 aux Japan Expo Awards pour le Daruma du meilleur sh\u00f4jo (Prix du Public) - 2017","authors":["Cuvie","Satoko Fujimoto"],"category_codes":["3000000","3040000","3040400","3040411"],"visuals":{"large":"https:\/\/images.epagine.fr\/824\/9782368524824_1_75.jpg","medium":"https:\/\/images.epagine.fr\/824\/9782368524824_1_m.jpg","thumbnail":"https:\/\/images.epagine.fr\/824\/9782368524824_1_v.jpg"},"orderable":true,"show_badge":true,"formatted_price":"7,95&nbsp;\u20ac","formatted_published_date":"14 septembre 2017","publisher_availability_label":"Sur commande","short_details":"Cuvie, Satoko Fujimoto \u2014 Kurokawa","translator":"SATOKO FUJIMOTO","weight":179,"page_count":194,"readership":"\u00e0 partir de 14 ans","editor":"Kurokawa","price":795,"published_date":"2017-09-13T22:00:00.000000Z","support":"Poche","publisher_availability":1,"stock":0,"editions":[],"url":"https:\/\/quaidesbrumes.com\/ouvrage\/9782368524824\/en-scene-tome-5"},{"id":"9782344065778","title":"Jules Matrat Tome 3","description":"Le destin\u00a0bris\u00e9\u00a0d'un poilu traumatis\u00e9 par la guerre\r\nC'est dans la paisible Haute-Loire que la guerre vient chercher Jules Matrat, un beau jour d'ao\u00fbt 1914. La guerre, il n'avait pas envie de la faire, comme il n'avait pas envie de laisser Rose, sa fianc\u00e9e. De retour chez lui apr\u00e8s quatre ann\u00e9es terribles dans les tranch\u00e9es o\u00f9 il a vu son ami Louis Agnin p\u00e9rir, Jules n'est plus le m\u00eame homme. Bris\u00e9, il s'est mur\u00e9 dans un douloureux silence. En 1919, apr\u00e8s avoir perdu son fils, il continue de se perdre lui-m\u00eame. Pour l'aider et tenter de sauver leur couple, Rose lui propose de faire ce qu'il avait promis \u00e0 son copain Louis\u00a0: visiter son village et rencontrer sa famille. Peut-\u00eatre qu'apr\u00e8s ce p\u00e8lerinage, la tristesse le quittera enfin. Mais une fois sur place rien ne se passera comme Jules l'avait imagin\u00e9... Son camarade n'est plus\u00a0; dans son village, la vie para\u00eet avoir repris sans lui et seul son chien semble encore attendre son ma\u00eetre. Jules, de retour \u00e0 la maison, se noie dans ses pens\u00e9es les plus noires. Adapt\u00e9 du roman \u00e9ponyme de Charles Exbrayat (publi\u00e9 aux \u00e9ditions Albin Michel), cette trilogie con\u00e7ue comme \u00ab le r\u00e9cit d'une vie quotidienne \u00bb raconte le destin bris\u00e9 d'un jeune poilu hant\u00e9 par les images d'une guerre qualifi\u00e9e de \u00ab boucherie \u00bb. Serge Fino d\u00e9peint avec un r\u00e9alisme d\u00e9concertant la d\u00e9tresse d'un homme et les cons\u00e9quences sur les g\u00e9n\u00e9rations futures de tels massacres, s'affirmant du m\u00eame coup comme un auteur majeur du neuvi\u00e8me art.","authors":["Serge Fino"],"category_codes":["3000000","3020000","3020100","3020108"],"visuals":{"large":"https:\/\/images.epagine.fr\/778\/9782344065778_1_75.jpg","medium":"https:\/\/images.epagine.fr\/778\/9782344065778_1_m.jpg","thumbnail":"https:\/\/images.epagine.fr\/778\/9782344065778_1_v.jpg"},"orderable":true,"show_badge":true,"formatted_price":"16,00&nbsp;\u20ac","formatted_published_date":"20 ao\u00fbt 2025","publisher_availability_label":"Sur commande","short_details":"Serge Fino \u2014 Gl\u00e9nat","translator":null,"weight":648,"page_count":64,"readership":"Tout public","editor":"Gl\u00e9nat","price":1600,"published_date":"2025-08-19T22:00:00.000000Z","support":"Grand format","publisher_availability":1,"stock":0,"editions":[],"url":"https:\/\/quaidesbrumes.com\/ouvrage\/9782344065778\/jules-matrat-tome-3"},{"id":"9782811690366","title":"Komi cherche ses mots Tome 16","description":"L'automne de l'ann\u00e9e de premi\u00e8re est toujours riche en \u00e9v\u00e9nements : f\u00eate du sport, f\u00eate du lyc\u00e9e, repas sous les feuilles d'\u00e9rable, sorties \u00e0 v\u00e9lo avec ses amis, ici Manbagi et Tadano... Mais aussi le fil rouge des sentiments de Komi, qui \u00e9voluent petit \u00e0 petit... Parviendra-t-elle \u00e0 les partager plus qu'auparavant ?","authors":["Tomohito Oda"],"category_codes":["3000000","3040000","3040500","3040509"],"visuals":{"large":"https:\/\/images.epagine.fr\/366\/9782811690366_1_75.jpg","medium":"https:\/\/images.epagine.fr\/366\/9782811690366_1_m.jpg","thumbnail":"https:\/\/images.epagine.fr\/366\/9782811690366_1_v.jpg"},"orderable":true,"show_badge":true,"formatted_price":"7,20&nbsp;\u20ac","formatted_published_date":"4 d\u00e9cembre 2024","publisher_availability_label":"Sur commande","short_details":"Tomohito Oda \u2014 Pika \u00c9dition","translator":null,"weight":170,"page_count":192,"readership":"\u00e0 partir de 12 ANS","editor":"Pika \u00c9dition","price":720,"published_date":"2024-12-03T23:00:00.000000Z","support":"Poche","publisher_availability":1,"stock":0,"editions":[],"url":"https:\/\/quaidesbrumes.com\/ouvrage\/9782811690366\/komi-cherche-ses-mots-tome-16"},{"id":"9782344060780","title":"Yvain, le chevalier au lion Tome 2 : Le Serment du preux","description":"Amour et qu\u00eate de r\u00e9demption\r\nEn tr\u00e8s mauvaise posture, Yvain est recueilli et soign\u00e9 par la servante d'une noble dame. En signe de reconnaissance, le chevalier promet de combattre l'ennemi de sa bienfaitrice. Une fois sa mission couronn\u00e9e de succ\u00e8s, Yvain reprend la route \u00e0 travers bois, pour \u00eatre t\u00e9moin d'une sc\u00e8ne incroyable : le combat sans piti\u00e9 entre un dragon et un lion. Yvain vole au secours du brave lion qui d\u00e8s lors l'accompagne dans toutes ses aventures... Les exploits d'Yvain, le \u00ab\u00a0chevalier au lion\u00a0\u00bb, arrivent bient\u00f4t aux oreilles de la fille cadette du seigneur de Noire \u00c9pine. Cette jeune fille cherche justice devant la cour du roi Arthur - et qui mieux qu'Yvain pour d\u00e9fendre sa noble cause face \u00e0 la cupidit\u00e9 de sa soeur\u00a0? \u00c9pop\u00e9e m\u00e9di\u00e9vale en trois tomes,\u00a0cette nouvelle s\u00e9rie chevaleresque,\u00a0tir\u00e9e du roman de Chr\u00e9tien de Troyes, m\u00eale amour courtois et aventures initiatiques.","authors":["Diego Oddi","Clotilde Bruneau"],"category_codes":["3000000","3020000","3020100","3020108"],"visuals":{"large":"https:\/\/images.epagine.fr\/780\/9782344060780_1_75.jpg","medium":"https:\/\/images.epagine.fr\/780\/9782344060780_1_m.jpg","thumbnail":"https:\/\/images.epagine.fr\/780\/9782344060780_1_v.jpg"},"orderable":true,"show_badge":true,"formatted_price":"15,50&nbsp;\u20ac","formatted_published_date":"9 avril 2025","publisher_availability_label":"Sur commande","short_details":"Diego Oddi, Clotilde Bruneau \u2014 Gl\u00e9nat","translator":null,"weight":602,"page_count":48,"readership":"Tout public","editor":"Gl\u00e9nat","price":1550,"published_date":"2025-04-08T22:00:00.000000Z","support":"Grand format","publisher_availability":1,"stock":0,"editions":[],"url":"https:\/\/quaidesbrumes.com\/ouvrage\/9782344060780\/yvain-le-chevalier-au-lion-tome-2-le-serment-du-preux"}]}