{"data":[{"id":"9782957314805","title":"Une ann\u00e9e exemplaire","description":null,"authors":["Lisa Mandel"],"category_codes":["3000000","3020000","3020100","3020111"],"visuals":{"large":"https:\/\/images.epagine.fr\/805\/9782957314805_1_75.jpg","medium":"https:\/\/images.epagine.fr\/805\/9782957314805_1_m.jpg","thumbnail":"https:\/\/images.epagine.fr\/805\/9782957314805_1_v.jpg"},"orderable":true,"show_badge":true,"formatted_price":"20,00&nbsp;\u20ac","formatted_published_date":"15 septembre 2020","publisher_availability_label":"Sur commande","short_details":"Lisa Mandel \u2014 Lisa Mandel","translator":null,"weight":750,"page_count":400,"readership":null,"editor":"Lisa Mandel","price":2000,"published_date":"2020-09-14T22:00:00.000000Z","support":"Grand format","publisher_availability":1,"stock":0,"editions":[],"url":"https:\/\/quaidesbrumes.com\/ouvrage\/9782957314805\/une-annee-exemplaire"},{"id":"9782373499964","title":"Le Songe d'une nuit d'\u00e9t\u00e9","description":"Th\u00e9s\u00e9e, le tyran d'Ath\u00e8nes, impose \u00e0 Hermia d'\u00e9pouser D\u00e9m\u00e9trius, alors qu'elle aime Lysandre. Pour \u00e9chapper \u00e0 son sort, elle s'enfuit avec Lysandre, poursuivis par D\u00e9m\u00e9trius et H\u00e9l\u00e9na, amoureuse de ce dernier. Tous se retrouvent au coeur d'une for\u00eat enchant\u00e9e, sur laquelle r\u00e8gne Ob\u00e9ron, le roi des elfes, flanqu\u00e9 du lutin Puck et de ses philtres, qui vont nouer et d\u00e9nouer les amours...\u00a0 \r\nF\u00e9erie o\u00f9 les mondes, les histoires d'amour et le th\u00e9\u00e2tre lui-m\u00eame se m\u00e9langent, Le Songe d'une nuit d'\u00e9t\u00e9 est un classique de la com\u00e9die shakespearienne.\u00a0","authors":["William Shakespeare","Po Tse"],"category_codes":["3000000","3040000","3040500","3040501"],"visuals":{"large":"https:\/\/images.epagine.fr\/964\/9782373499964_1_75.jpg","medium":"https:\/\/images.epagine.fr\/964\/9782373499964_1_m.jpg","thumbnail":"https:\/\/images.epagine.fr\/964\/9782373499964_1_v.jpg"},"orderable":true,"show_badge":true,"formatted_price":"10,90&nbsp;\u20ac","formatted_published_date":"17 septembre 2025","publisher_availability_label":"Sur commande","short_details":"William Shakespeare, Po Tse \u2014 Nobi Nobi","translator":null,"weight":290,"page_count":308,"readership":"Tout public","editor":"Nobi Nobi","price":1090,"published_date":"2025-09-16T22:00:00.000000Z","support":"Poche","publisher_availability":1,"stock":0,"editions":[],"url":"https:\/\/quaidesbrumes.com\/ouvrage\/9782373499964\/le-songe-dune-nuit-dete"},{"id":"9782226486899","title":"Oeil de dragon Tome 1 : L'Exil","description":"L'\u00e9pop\u00e9e magique d'une jeune elfe cendr\u00e9e et d'une dragonne m\u00e9tamorphe bannies par leurs propres familles.Kha, jeune elfe cendr\u00e9e, excelle en magie. Iel pense son destin tout trac\u00e9 lorsqu'une nuit iel se fait duper par sa cousine et exclure de sa communaut\u00e9. Kha part alors \u00e0 la d\u00e9couverte du monde et fait en chemin la rencontre d'une dragonne. Mais pourquoi un dragon se donnerait-il la peine de venir en aide \u00e0 un elfe vagabond ?","authors":["Cha Sandmael","Aude Pasquier"],"category_codes":["3000000","3020000","3020200","3020205"],"visuals":{"large":"https:\/\/images.epagine.fr\/899\/9782226486899_1_75.jpg","medium":"https:\/\/images.epagine.fr\/899\/9782226486899_1_m.jpg","thumbnail":"https:\/\/images.epagine.fr\/899\/9782226486899_1_v.jpg"},"orderable":true,"show_badge":true,"formatted_price":"16,90&nbsp;\u20ac","formatted_published_date":"22 mai 2024","publisher_availability_label":"Sur commande","short_details":"Cha Sandmael, Aude Pasquier \u2014 Albin Michel","translator":"AUDE PASQUIER","weight":644,"page_count":144,"readership":"Tout public","editor":"Albin Michel","price":1690,"published_date":"2024-05-21T22:00:00.000000Z","support":"Grand format","publisher_availability":1,"stock":0,"editions":[],"url":"https:\/\/quaidesbrumes.com\/ouvrage\/9782226486899\/oeil-de-dragon-tome-1-lexil"},{"id":"9791041113002","title":"L'\u00e2me du dragon Tome 3","description":"Comment vivent et meurent les humains dans un monde domin\u00e9 par les dragons... Une r\u00e9flexion sur ce qui nourrit la vie.  J'ex\u00e9cuterai tout auteur d'un crime, f\u00fbt-il un dragon! \u00a0Forts de l'enfer qu'ils ont travers\u00e9 et de leur parcours de vie, Isagi Kushinada, \"le coupeur divin\", et S\u00f4hi Yakumo, testeur de tranchant devenu ma\u00eetre d'un sabre mal\u00e9fique, s'engagent l'un et l'autre dans un combat sans piti\u00e9 pour ce dernier.\u00a0Qui sera l'unique survivant de cet affrontement pour la myst\u00e9rieuse lame dragon ?","authors":["Makoto Hoshino"],"category_codes":["3000000","3040000","3040600","3040608"],"visuals":{"large":"https:\/\/images.epagine.fr\/002\/9791041113002_1_75.jpg","medium":"https:\/\/images.epagine.fr\/002\/9791041113002_1_m.jpg","thumbnail":"https:\/\/images.epagine.fr\/002\/9791041113002_1_v.jpg"},"orderable":true,"show_badge":true,"formatted_price":"7,95&nbsp;\u20ac","formatted_published_date":"3 d\u00e9cembre 2025","publisher_availability_label":"Sur commande","short_details":"Makoto Hoshino \u2014 Bamboo","translator":null,"weight":194,"page_count":192,"readership":"\u00e0 partir de 14 ans","editor":"Bamboo","price":795,"published_date":"2025-12-02T23:00:00.000000Z","support":"Poche","publisher_availability":1,"stock":0,"editions":[],"url":"https:\/\/quaidesbrumes.com\/ouvrage\/9791041113002\/lame-du-dragon-tome-3"},{"id":"9782302064249","title":"The legend of Zelda - perfect edition : the minish cap ; phantom of Hourglass","description":"Les aventures de Link se poursuivent dans la for\u00eat des Minish et dans les oc\u00e9ans ! Retrouvez dans ce quatri\u00e8me volume notre h\u00e9ros dans de nouvelles aventures tir\u00e9es des jeux vid\u00e9o !La princesse Zelda a \u00e9t\u00e9 chang\u00e9e en pierre par le mal\u00e9fique Vaati. Pour mettre fin \u00e0 cette mal\u00e9diction, Link doit partir \u00e0 la recherche des Minish vivant dans la for\u00eat de Tyloria. \u00e9chou\u00e9 sur la plage d'une \u00eele myst\u00e9rieuse, Link reprend conscience, r\u00e9veill\u00e9 par la voix d'une f\u00e9e. Avec son aide, il d\u00e9cide de partir \u00e0 la recherche de Tetra, enlev\u00e9e par d'\u00e9tranges puissances mal\u00e9fiques.","authors":["Akira Himekawa"],"category_codes":["3000000","3040000","3040500","3040504"],"visuals":{"large":"https:\/\/images.epagine.fr\/249\/9782302064249_1_75.jpg","medium":"https:\/\/images.epagine.fr\/249\/9782302064249_1_m.jpg","thumbnail":"https:\/\/images.epagine.fr\/249\/9782302064249_1_v.jpg"},"orderable":true,"show_badge":true,"formatted_price":"19,99&nbsp;\u20ac","formatted_published_date":"27 septembre 2017","publisher_availability_label":"Sur commande","short_details":"Akira Himekawa \u2014 Soleil","translator":null,"weight":910,"page_count":368,"readership":"\u00e0 partir de 10 ANS","editor":"Soleil","price":1999,"published_date":"2017-09-26T22:00:00.000000Z","support":"Grand format","publisher_availability":1,"stock":0,"editions":[],"url":"https:\/\/quaidesbrumes.com\/ouvrage\/9782302064249\/the-legend-of-zelda-perfect-edition-the-minish-cap-phantom-of-hourglass"},{"id":"9782344073940","title":"Luca, v\u00e9t\u00e9rinaire draconique Tome 5","description":"Les v\u00e9t\u00e9rinaires draconiques soignent des cr\u00e9atures de formes extr\u00eamement diverses appel\u00e9es \"dragons\". La guerre continue de faire rage alors que la cloche de la tr\u00eave a sonn\u00e9. D\u00e9sireux d'y mettre un terme, Siegfried entre en confrontation\r\ndirecte avec l'arm\u00e9e, qui pr\u00e9voit d'utiliser une fois de plus le virus du dragon fou \u00e0 des fins militaires ! Apr\u00e8s avoir appris la v\u00e9rit\u00e9 au sujet de la mort de son p\u00e8re, Luca se lance \u00e0 la poursuite du professeur en compagnie de ses amies. En effet, elle refuse de perdre un autre\r\n\u00eatre cher et d\u00e9sire en apprendre toujours plus sur la m\u00e9decine draconique ! Elle d\u00e9cide de demander l'aide de la princesse h\u00e9riti\u00e8re d'Ardnog... La d\u00e9termination \u00e0 toute \u00e9preuve de ces jeunes filles est contagieuse !","authors":["Y\u00fbna Hirasawa"],"category_codes":["3000000","3040000","3040600","3040604"],"visuals":{"large":"https:\/\/images.epagine.fr\/940\/9782344073940_1_75.jpg","medium":"https:\/\/images.epagine.fr\/940\/9782344073940_1_m.jpg","thumbnail":"https:\/\/images.epagine.fr\/940\/9782344073940_1_v.jpg"},"orderable":true,"show_badge":true,"formatted_price":"7,90&nbsp;\u20ac","formatted_published_date":"11 f\u00e9vrier 2026","publisher_availability_label":"Sur commande","short_details":"Y\u00fbna Hirasawa \u2014 Gl\u00e9nat","translator":null,"weight":154,"page_count":192,"readership":"\u00e0 partir de 14 ans","editor":"Gl\u00e9nat","price":790,"published_date":"2026-02-10T23:00:00.000000Z","support":"Poche","publisher_availability":1,"stock":0,"editions":[],"url":"https:\/\/quaidesbrumes.com\/ouvrage\/9782344073940\/luca-veterinaire-draconique-tome-5"},{"id":"9782413094067","title":"The Goon - Retour \u00c0 Lonely Street","description":"Eric Powell est de retour aux manettes de sa s\u00e9rie f\u00e9tiche, avec des r\u00e9cits in\u00e9dits qui se situent dans la continuit\u00e9 des histoires pr\u00e9c\u00e9dentes, notamment Les Seigneurs de la Mis\u00e8re.\r\nApr\u00e8s d'\u00e9tranges aventures en dehors de leur ville de pr\u00e9dilection, The Goon et Franky retournent \u00e0 Lonely Street pour d\u00e9couvrir que le vide qu'ils ont laiss\u00e9 a \u00e9t\u00e9 combl\u00e9 par une horde de personnages peu recommandables : Baby Galahad dit \"la goule de l'East-Side', Vinnie Nosferatu et Seti la momie du South-Side, pour n'en nommer que quelques-uns.\r","authors":["Eric Powell","Tom Sniegoski","Brett Parson","Rachel Cohen"],"category_codes":["3000000","3030000","3030100"],"visuals":{"large":"https:\/\/images.epagine.fr\/067\/9782413094067_1_75.jpg","medium":"https:\/\/images.epagine.fr\/067\/9782413094067_1_m.jpg","thumbnail":"https:\/\/images.epagine.fr\/067\/9782413094067_1_v.jpg"},"orderable":true,"show_badge":true,"formatted_price":"19,50&nbsp;\u20ac","formatted_published_date":"12 mars 2026","publisher_availability_label":"Sur commande","short_details":"Eric Powell, Tom Sniegoski, Brett Parson, Rachel Cohen \u2014 Delcourt","translator":null,"weight":910,"page_count":153,"readership":null,"editor":"Delcourt","price":1950,"published_date":"2026-03-11T23:00:00.000000Z","support":"Poche","publisher_availability":1,"stock":0,"editions":[],"url":"https:\/\/quaidesbrumes.com\/ouvrage\/9782413094067\/the-goon-retour-a-lonely-street"},{"id":"9782382330418","title":"Le destin d'Amrak : histoire compl\u00e8te","description":"La chance, ce n'est que de la malchance \u00e0 l'envers. Un jeune templier reprend connaissance sur un champ de bataille, sans le moindre souvenir.Qui est-il ? Que fait-il ici ? Pourquoi sa t\u00eate est-elle mise \u00e0 prix, alors que les dieux eux-m\u00eames semblent le rechercher ?Heureusement, la chance semble \u00eatre de son c\u00f4t\u00e9. Un peu trop, d'ailleurs.Avec l'aide d'une voleuse poissarde, le jeune Amrak va tout faire pour retrouver ses souvenirs et accomplir un destin qui semble le d\u00e9passer. Mais enfin, QUI EST-IL ?\r","authors":["Olivier Gay","Geyser"],"category_codes":["3000000","3020000","3020200","3020205"],"visuals":{"large":"https:\/\/images.epagine.fr\/418\/9782382330418_1_75.jpg","medium":"https:\/\/images.epagine.fr\/418\/9782382330418_1_m.jpg","thumbnail":"https:\/\/images.epagine.fr\/418\/9782382330418_1_v.jpg"},"orderable":true,"show_badge":true,"formatted_price":"14,90&nbsp;\u20ac","formatted_published_date":"20 ao\u00fbt 2025","publisher_availability_label":"Sur commande","short_details":"Olivier Gay, Geyser \u2014 Drakoo","translator":null,"weight":570,"page_count":48,"readership":null,"editor":"Drakoo","price":1490,"published_date":"2025-08-19T22:00:00.000000Z","support":"Grand format","publisher_availability":1,"stock":0,"editions":[],"url":"https:\/\/quaidesbrumes.com\/ouvrage\/9782382330418\/le-destin-damrak-histoire-complete"},{"id":"9782505065357","title":"XIII Mystery Tome 10 : Calvin Wax","description":"Dans ce 10e tome de XIII Mystery, Fred Duval et le jeune dessinateur talentueux Corentin Rouge l\u00e8vent le voile sur Calvin Wax, le n\u00b0 2 de la Conspiration des XX. Fut-il vraiment rejet\u00e9 par William Sheridan car trop proche du Ku Klux Klan ? En voulant recruter le n\u00b0 1, Wax r\u00e9v\u00e8le quel est son v\u00e9ritable r\u00f4le : celui de l'homme de l'ombre, de l'ex\u00e9cuteur des basses oeuvres, qui tire les ficelles en usant de proc\u00e9d\u00e9s peu avouables dans les coulisses d'une campagne pr\u00e9sidentielle men\u00e9e avec succ\u00e8s...\r","authors":["Fred Duval","Corentin Rouge"],"category_codes":["3000000","3020000","3020100","3020107"],"visuals":{"large":"https:\/\/images.epagine.fr\/357\/9782505065357_1_75.jpg","medium":"https:\/\/images.epagine.fr\/357\/9782505065357_1_m.jpg","thumbnail":"https:\/\/images.epagine.fr\/357\/9782505065357_1_v.jpg"},"orderable":true,"show_badge":true,"formatted_price":"13,95&nbsp;\u20ac","formatted_published_date":"28 octobre 2016","publisher_availability_label":"Sur commande","short_details":"Fred Duval, Corentin Rouge \u2014 Dargaud","translator":null,"weight":416,"page_count":64,"readership":"\u00e0 partir de 12 ANS","editor":"Dargaud","price":1395,"published_date":"2016-10-27T22:00:00.000000Z","support":"Grand format","publisher_availability":1,"stock":0,"editions":[],"url":"https:\/\/quaidesbrumes.com\/ouvrage\/9782505065357\/xiii-mystery-tome-10-calvin-wax"},{"id":"9782357961081","title":"Le temps des ombres Tome 3 : Le peuple de l'automne","description":"Pass\u00e9 le choc de la d\u00e9couverte de la Cit\u00e9 Ancienne, Myc\u00e8ne et Roch s'installent au coeur de celle-ci pour poursuivre leur exploration. Pendant que Myc\u00e8ne parcourt les quartiers un \u00e0 un, Roch continue la traduction des textes antiques et ses recherches pour trouver l'antidote des Ombres. Roch, d\u00e9sireux de rejoindre Myc\u00e8ne sur le terrain pour l'aider \u00e0 trouver des indices concernant leur qu\u00eate, d\u00e9cide de partir avec elle dans les b\u00e2tisses proches du haut mur de la Cit\u00e9... Derri\u00e8re l'infranchissable muraille se cachent cercueils et golem ! Les deux protagonistes, en le franchissant, encha\u00eenent r\u00e9v\u00e9lation macabre sur surprise explosive autour de ce mal ancestral...\r","authors":["David Furtaen","Pauline Pernette"],"category_codes":["3000000","3020000","3020200","3020209"],"visuals":{"large":"https:\/\/images.epagine.fr\/081\/9782357961081_1_75.jpg","medium":"https:\/\/images.epagine.fr\/081\/9782357961081_1_m.jpg","thumbnail":"https:\/\/images.epagine.fr\/081\/9782357961081_1_v.jpg"},"orderable":true,"show_badge":true,"formatted_price":"15,70&nbsp;\u20ac","formatted_published_date":"13 septembre 2024","publisher_availability_label":"Sur commande","short_details":"David Furtaen, Pauline Pernette \u2014 Les \u00c9ditions de la Goutti\u00e8re","translator":null,"weight":530,"page_count":88,"readership":null,"editor":"Les \u00c9ditions de la Goutti\u00e8re","price":1570,"published_date":"2024-09-12T22:00:00.000000Z","support":"Grand format","publisher_availability":1,"stock":0,"editions":[],"url":"https:\/\/quaidesbrumes.com\/ouvrage\/9782357961081\/le-temps-des-ombres-tome-3-le-peuple-de-lautomne"},{"id":"9782811699994","title":"La revanche du limier des Baskerville Tome 2","description":"\u00c0 15 ans, Vikir passe pour un g\u00e9nie au sein de la redoutable famille Baskerville. Hugo, le patriarche, le r\u00e9compense en le nommant sous-pr\u00e9fet d'Underdog, une cit\u00e9 du territoire o\u00f9 la p\u00e8gre fait la loi. Mais le jeune limier n'a pas l'intention de se laisser corrompre. Avec l'aide de M. Chihuahua, fid\u00e8le fonctionnaire, il entreprend de d\u00e9barrasser la ville de la vermine qui la gangr\u00e8ne... quitte \u00e0 en inonder les rues de sang !\u00a0\r","authors":["To Walk","Step on a lego","S.Arang"],"category_codes":["3000000","3040000","3040600","3040608"],"visuals":{"large":"https:\/\/images.epagine.fr\/994\/9782811699994_1_75.jpg","medium":"https:\/\/images.epagine.fr\/994\/9782811699994_1_m.jpg","thumbnail":"https:\/\/images.epagine.fr\/994\/9782811699994_1_v.jpg"},"orderable":true,"show_badge":true,"formatted_price":"14,95&nbsp;\u20ac","formatted_published_date":"4 f\u00e9vrier 2026","publisher_availability_label":"Sur commande","short_details":"To Walk, Step on a lego, S.Arang \u2014 Pika \u00c9dition","translator":null,"weight":502,"page_count":296,"readership":"\u00e0 partir de 12 ANS","editor":"Pika \u00c9dition","price":1495,"published_date":"2026-02-03T23:00:00.000000Z","support":"Grand format","publisher_availability":1,"stock":0,"editions":[],"url":"https:\/\/quaidesbrumes.com\/ouvrage\/9782811699994\/la-revanche-du-limier-des-baskerville-tome-2"},{"id":"9782344043950","title":"Les filles des marins perdus Tome 1","description":"\u00ab Y a des marins qui boivent et reboivent aux dames... \u00bbDans Le Port des Marins Perdus, sublime roman graphique paru en 2016 et couronn\u00e9 de succ\u00e8s, on a pu croiser les prostitu\u00e9es du Pilar, un bordel pour marins de Plymouth. Dans ce spin-off, on retrouve ces filles de petite vertu qui nous content \u00e0 tour de r\u00f4le une histoire confi\u00e9e par leur amant d'un soir. Aventure, drame et merveilleux sont au rendez-vous de ce nouveau petit bijou cisel\u00e9 par Teresa Radice et Stefano Turconi.","authors":["Teresa Radice","Stefano Turconi","Fr\u00e9d\u00e9ric Brr\u00e9maud"],"category_codes":["3000000","3030000","3030600"],"visuals":{"large":"https:\/\/images.epagine.fr\/950\/9782344043950_1_75.jpg","medium":"https:\/\/images.epagine.fr\/950\/9782344043950_1_m.jpg","thumbnail":"https:\/\/images.epagine.fr\/950\/9782344043950_1_v.jpg"},"orderable":true,"show_badge":true,"formatted_price":"18,50&nbsp;\u20ac","formatted_published_date":"9 septembre 2020","publisher_availability_label":"Sur commande","short_details":"Teresa Radice, Stefano Turconi, Fr\u00e9d\u00e9ric Brr\u00e9maud \u2014 Gl\u00e9nat","translator":"FREDERIC BRREMAUD","weight":504,"page_count":128,"readership":"Tout public","editor":"Gl\u00e9nat","price":1850,"published_date":"2020-09-08T22:00:00.000000Z","support":"Grand format","publisher_availability":1,"stock":0,"editions":[],"url":"https:\/\/quaidesbrumes.com\/ouvrage\/9782344043950\/les-filles-des-marins-perdus-tome-1"},{"id":"9782749309002","title":"Yellow cab","description":"Un Fran\u00e7ais, chauffeur de taxi \u00e0 New-York.Apr\u00e8s avoir r\u00e9alis\u00e9 des films et des s\u00e9ries pendant 20 ans, Benoit Cohen sent qu'il a besoin de prendre un nouveau d\u00e9part. En 2014, il d\u00e9m\u00e9nage pour New-York et d\u00e9cide de devenir chauffeur de taxi pour les besoins de l'\u00e9criture d'un sc\u00e9nario. En plongeant au coeur de la ville, en se nourrissant de la richesse de la m\u00e9tropole, il esp\u00e8re retrouver l'inspiration. Dans une \u00e9cole du Queens, il apprend les ficelles du m\u00e9tier, fait la rencontre de ses futurs coll\u00e8gues, migrants de tous pays \u00e0 la recherche du \u00ab r\u00eave am\u00e9ricain \u00bb, et affronte le labyrinthe administratif qui m\u00e8ne \u00e0 la licence de taxi driver. Au volant de l'embl\u00e9matique yellow cab, il arpente les rues de Big Apple, observe les visages de milliers de passagers et emmagasine les histoires. \r\n Benoit Cohen pensait tirer un film de cette aventure mais le projet se transforme finalement en un r\u00e9cit publi\u00e9 chez Flammarion. Cet ouvrage travers\u00e9 de souvenirs personnels, de r\u00e9f\u00e9rences cin\u00e9matographiques et de r\u00e9flexions sur le processus cr\u00e9atif, prend dor\u00e9navant la forme d'une bande dessin\u00e9e gr\u00e2ce au talent de Chabout\u00e9. Une aventure sensible, profond\u00e9ment humaine, devenue un album au graphisme \u00e9poustouflant qui rend un vibrant hommage \u00e0 la plus c\u00e9l\u00e8bre des cit\u00e9s am\u00e9ricaines.","authors":["Christophe Chabout\u00e9","Benoit Cohen"],"category_codes":["3000000","3020000","3020300"],"visuals":{"large":"https:\/\/images.epagine.fr\/002\/9782749309002_1_75.jpg","medium":"https:\/\/images.epagine.fr\/002\/9782749309002_1_m.jpg","thumbnail":"https:\/\/images.epagine.fr\/002\/9782749309002_1_v.jpg"},"orderable":true,"show_badge":true,"formatted_price":"22,00&nbsp;\u20ac","formatted_published_date":"13 janvier 2021","publisher_availability_label":"Sur commande","short_details":"Christophe Chabout\u00e9, Benoit Cohen \u2014 Vents d'Ouest","translator":null,"weight":918,"page_count":168,"readership":null,"editor":"Vents d'Ouest","price":2200,"published_date":"2021-01-12T23:00:00.000000Z","support":"Grand format","publisher_availability":1,"stock":0,"editions":[],"url":"https:\/\/quaidesbrumes.com\/ouvrage\/9782749309002\/yellow-cab"},{"id":"9782759505067","title":"Jojo's bizarre adventure - saison 6 ; stone ocean Tome 1","description":"Jolyne Cujoh est impliqu\u00e9e dans un accident de voiture avec son petit ami Romeo. Malgr\u00e9 les efforts de son avocat, elle est condamn\u00e9e \u00e0 une peine de quinze ans dans un p\u00e9nitencier d'\u00c9tat ! Mais l'\u00e9trange pendentif que Jolyne a re\u00e7u de son p\u00e8re, Jotaro Kujo, provoque d'\u00e9tranges ph\u00e9nom\u00e8nes et la jeune fille commence \u00e0 se transformer...","authors":["Hirohiko Araki"],"category_codes":["3000000","3040000","3040500","3040508"],"visuals":{"large":"https:\/\/images.epagine.fr\/067\/9782759505067_1_75.jpg","medium":"https:\/\/images.epagine.fr\/067\/9782759505067_1_m.jpg","thumbnail":"https:\/\/images.epagine.fr\/067\/9782759505067_1_v.jpg"},"orderable":true,"show_badge":true,"formatted_price":"7,29&nbsp;\u20ac","formatted_published_date":"30 juin 2010","publisher_availability_label":"Sur commande","short_details":"Hirohiko Araki \u2014 Delcourt","translator":null,"weight":158,"page_count":224,"readership":"\u00e0 partir de 12 ANS","editor":"Delcourt","price":729,"published_date":"2010-06-29T22:00:00.000000Z","support":"Poche","publisher_availability":1,"stock":0,"editions":[],"url":"https:\/\/quaidesbrumes.com\/ouvrage\/9782759505067\/jojos-bizarre-adventure-saison-6-stone-ocean-tome-1"},{"id":"9782302090507","title":"Frigiel et Fluffy Tome 9 : sauvons Lanniel","description":"Frigiel et ses amis, apr\u00e8s avoir explor\u00e9 les Farlands, reviennent enfin chez eux pour se reposer. Mais Lanniel, leur village, est totalement d\u00e9vast\u00e9 et il n'y a plus personne. Quelle trag\u00e9die s'est-elle d\u00e9roul\u00e9e en leur absence ? Sont-ils indirectement responsables de cette situation ? Ils devront mener l'enqu\u00eate pour retrouver les villageois avant qu'il ne soit trop tard.","authors":["Arianna Sabella","Frigiel","Jean-Christophe Derrien","Minte"],"category_codes":["3000000","3020000","3020200","3020202"],"visuals":{"large":"https:\/\/images.epagine.fr\/507\/9782302090507_1_75.jpg","medium":"https:\/\/images.epagine.fr\/507\/9782302090507_1_m.jpg","thumbnail":"https:\/\/images.epagine.fr\/507\/9782302090507_1_v.jpg"},"orderable":true,"show_badge":true,"formatted_price":"11,50&nbsp;\u20ac","formatted_published_date":"2 d\u00e9cembre 2020","publisher_availability_label":"Sur commande","short_details":"Arianna Sabella, Frigiel, Jean-Christophe Derrien, Minte \u2014 Soleil","translator":null,"weight":412,"page_count":48,"readership":"\u00e0 partir de 8 ANS","editor":"Soleil","price":1150,"published_date":"2020-12-01T23:00:00.000000Z","support":"Grand format","publisher_availability":1,"stock":0,"editions":[],"url":"https:\/\/quaidesbrumes.com\/ouvrage\/9782302090507\/frigiel-et-fluffy-tome-9-sauvons-lanniel"},{"id":"9782413041016","title":"Cabot-Caboche","description":"Jug\u00e9 trop laid pour \u00eatre adopt\u00e9, le Chien est trait\u00e9 comme un vulgaire d\u00e9chet, laiss\u00e9 pour mort dans une d\u00e9charge. Gueule Noire, une vieille chienne qui vit l\u00e0, lui vient en aide. Son principal conseil ? Trouver au plus vite une ma\u00eetresse et, surtout, bien la dresser ! Pomme sera sa ma\u00eetresse. Mais cette petite fille a un solide caract\u00e8re et va s'av\u00e9rer particuli\u00e8rement difficile \u00e0 apprivoiser...","authors":["Gr\u00e9gory Panaccione","Daniel Pennac"],"category_codes":["3000000","3020000","3020200","3020209"],"visuals":{"large":"https:\/\/images.epagine.fr\/016\/9782413041016_1_75.jpg","medium":"https:\/\/images.epagine.fr\/016\/9782413041016_1_m.jpg","thumbnail":"https:\/\/images.epagine.fr\/016\/9782413041016_1_v.jpg"},"orderable":true,"show_badge":true,"formatted_price":"20,50&nbsp;\u20ac","formatted_published_date":"3 novembre 2021","publisher_availability_label":"Sur commande","short_details":"Gr\u00e9gory Panaccione, Daniel Pennac \u2014 Delcourt","translator":null,"weight":904,"page_count":128,"readership":null,"editor":"Delcourt","price":2050,"published_date":"2021-11-02T23:00:00.000000Z","support":"Grand format","publisher_availability":1,"stock":0,"editions":[],"url":"https:\/\/quaidesbrumes.com\/ouvrage\/9782413041016\/cabot-caboche"},{"id":"9791028533120","title":"On n'est pas bien, l\u00e0 ?","description":"Un jour, Sophie, 6 ans, trouve son p\u00e8re tellement ivre qu'elle ne parvient pas \u00e0 le r\u00e9veiller. Alcoolique, il perd son travail, oublie sa fille \u00e0 l'\u00e9cole, l'emm\u00e8ne au bar, ach\u00e8te une arme \u00e0 feu et accumule les dettes pendant que sa femme, solaire, se bat pour maintenir la famille \u00e0 flot. Apr\u00e8s la s\u00e9paration, la m\u00e8re de Sophie fait tout son possible afin de leur construire une nouvelle vie.\r","authors":["Virginie Barbellion"],"category_codes":["3000000","3020000","3020100","3020103"],"visuals":{"large":"https:\/\/images.epagine.fr\/120\/9791028533120_1_75.jpg","medium":"https:\/\/images.epagine.fr\/120\/9791028533120_1_m.jpg","thumbnail":"https:\/\/images.epagine.fr\/120\/9791028533120_1_v.jpg"},"orderable":true,"show_badge":true,"formatted_price":"20,90&nbsp;\u20ac","formatted_published_date":"21 janvier 2026","publisher_availability_label":"Sur commande","short_details":"Virginie Barbellion \u2014 \u00c9ditions Leduc","translator":null,"weight":446,"page_count":160,"readership":null,"editor":"\u00c9ditions Leduc","price":2090,"published_date":"2026-01-20T23:00:00.000000Z","support":"Beaux-livres","publisher_availability":1,"stock":0,"editions":[],"url":"https:\/\/quaidesbrumes.com\/ouvrage\/9791028533120\/on-nest-pas-bien-la"},{"id":"9782728927616","title":"La bible en manga","description":"Pour la premi\u00e8re fois en fran\u00e7ais, ce volume regroupe en un seul volume les trois tomes de la bible de Masakazu Higuchi, l'une des stars du dessin anim\u00e9 japonais. De la cr\u00e9ation du monde aux voyages de saint Paul, tous les grands \u00e9pisodes de l'histoire de l'alliance de Dieu avec les hommes sont retrac\u00e9s dans un style graphique simple et dynamique qui ravira le jeune lecteur. Une premi\u00e8re approche id\u00e9ale de l'ensemble de ce texte insurpassable !\r","authors":["Mazakazu Higuchi"],"category_codes":["3000000","3020000","3020200","3020208"],"visuals":{"large":"https:\/\/images.epagine.fr\/616\/9782728927616_1_75.jpg","medium":"https:\/\/images.epagine.fr\/616\/9782728927616_1_m.jpg","thumbnail":"https:\/\/images.epagine.fr\/616\/9782728927616_1_v.jpg"},"orderable":true,"show_badge":true,"formatted_price":"29,90&nbsp;\u20ac","formatted_published_date":"15 mai 2020","publisher_availability_label":"Sur commande","short_details":"Mazakazu Higuchi \u2014 Mame","translator":null,"weight":1364,"page_count":848,"readership":"\u00e0 partir de 9 ANS","editor":"Mame","price":2990,"published_date":"2020-05-14T22:00:00.000000Z","support":"Grand format","publisher_availability":1,"stock":0,"editions":[],"url":"https:\/\/quaidesbrumes.com\/ouvrage\/9782728927616\/la-bible-en-manga"},{"id":"9791034737758","title":"U4 Tome 4 : Yannis","description":"\u00ab Je m'appelle Yannis. Ce rendez-vous, j'y vais pour rester libre \u00bb.\r\n\r\nYannis vit \u00e0 Marseille. Ses parents et sa petite soeur sont morts du virus U4, qui a d\u00e9cim\u00e9 90 % de la population mondiale en \u00e0 peine dix jours. Lourd de culpabilit\u00e9 de n'avoir pu enterrer ses proches, Yannis voit leurs fant\u00f4mes un peu partout et commence \u00e0 douter de sa raison... Heureusement qu'il lui reste le fid\u00e8le Happy, son chien. Dehors, ils d\u00e9couvrent horrifi\u00e9 une ville o\u00f9 br\u00fblent des b\u00fbchers de cadavres, une ville prise d'assaut par les rats et les go\u00e9lands, mais aussi par des jeunes pr\u00eats \u00e0 tuer ceux qui ne font pas partie de leur bande. Yannis r\u00e9ussit \u00e0 \u00e9chapper aux patrouilles... mais \u00e0 peine a-t-il retrouv\u00e9 son meilleur ami que celui-ci se fait tuer sous ses yeux. Trouvant un scooter, il d\u00e9cide de fuir Marseille et de s'accrocher \u00e0 son dernier espoir : un rendez-vous fix\u00e9 \u00e0 Paris par le myst\u00e9rieux Khronos, qui les a convoqu\u00e9, lui et tous les autres experts de son jeu en ligne pr\u00e9f\u00e9r\u00e9 : \u00ab Warriors of time \u00bb...\r","authors":["Pierre-paul Renders","Denis Lapi\u00e8re","Adri\u00e0n Huelva"],"category_codes":["3000000","3020000","3020200","3020209"],"visuals":{"large":"https:\/\/images.epagine.fr\/758\/9791034737758_1_75.jpg","medium":"https:\/\/images.epagine.fr\/758\/9791034737758_1_m.jpg","thumbnail":"https:\/\/images.epagine.fr\/758\/9791034737758_1_v.jpg"},"orderable":true,"show_badge":true,"formatted_price":"15,95&nbsp;\u20ac","formatted_published_date":"7 janvier 2022","publisher_availability_label":"Sur commande","short_details":"Pierre-paul Renders, Denis Lapi\u00e8re, Adri\u00e0n Huelva \u2014 Dupuis","translator":null,"weight":576,"page_count":144,"readership":null,"editor":"Dupuis","price":1595,"published_date":"2022-01-06T23:00:00.000000Z","support":"Grand format","publisher_availability":1,"stock":0,"editions":[],"url":"https:\/\/quaidesbrumes.com\/ouvrage\/9791034737758\/u4-tome-4-yannis"},{"id":"9791034747801","title":"Raowl Tome 2 : peau d'\u00e2ne, la princesse qui pue","description":"Quand Raowl rencontre Peau d'\u00c2ne, elle n'a pas besoin de lui. Car son truc \u00e0 elle, c'est la peau de b\u00eate et la baston au fond des bois o\u00f9 elle s'est r\u00e9fugi\u00e9e pour \u00e9chapper aux chasseurs de primes envoy\u00e9s par son p\u00e8re qui, \u00e0 d\u00e9faut de se remarier avec elle, voudrait lui faire prendre un bain. Pendant ce temps au ch\u00e2teau, une nouvelle reine impose la dictature de l'hygi\u00e8ne \u00e0 tout le royaume. Il faudra bien affronter cette sorci\u00e8re maniaque de la propret\u00e9. Toujours au service des princesses en d\u00e9tresse, m\u00eame celles qui empestent, Raowl peut toujours esp\u00e9rer se voir r\u00e9compenser d'un baiser \u00e0 l'haleine de poney !\r","authors":["T\u00e9bo"],"category_codes":["3000000","3020000","3020200","3020211"],"visuals":{"large":"https:\/\/images.epagine.fr\/801\/9791034747801_1_75.jpg","medium":"https:\/\/images.epagine.fr\/801\/9791034747801_1_m.jpg","thumbnail":"https:\/\/images.epagine.fr\/801\/9791034747801_1_v.jpg"},"orderable":true,"show_badge":true,"formatted_price":"13,50&nbsp;\u20ac","formatted_published_date":"29 janvier 2021","publisher_availability_label":"Sur commande","short_details":"T\u00e9bo \u2014 Dupuis","translator":null,"weight":605,"page_count":72,"readership":"\u00e0 partir de 9 ANS","editor":"Dupuis","price":1350,"published_date":"2021-01-28T23:00:00.000000Z","support":"Grand format","publisher_availability":1,"stock":0,"editions":[],"url":"https:\/\/quaidesbrumes.com\/ouvrage\/9791034747801\/raowl-tome-2-peau-dane-la-princesse-qui-pue"},{"id":"9782203024632","title":"Magasin g\u00e9n\u00e9ral Tome 5 : Montr\u00e9al","description":"Marie et le jeune Marceau, dans un bref moment d'attirance mutuelle, se sont abandonn\u00e9s l'un \u00e0 l'autre. Un \u00e9pisode charnel qui, h\u00e9las pour eux, n'a pas tard\u00e9 \u00e0 se savoir. La promise de Marceau, Clara, a d\u00e9barqu\u00e9 publiquement au magasin g\u00e9n\u00e9ral en furie, accusant Marie de lui avoir vol\u00e9 son fianc\u00e9. Cris, larmes. Le cur\u00e9 s'en m\u00eale, on jase \u00e0 qui mieux mieux dans les familles, et bient\u00f4t c'est tout le village qui entre en \u00e9bullition ! Cons\u00e9quence directe : le magasin g\u00e9n\u00e9ral est en partie d\u00e9sert\u00e9 et c'est tout Notre Dame des Lacs, ou presque, qui s'applique \u00e0 \u00e9viter Marie comme une pestif\u00e9r\u00e9e. Lorsque sa meilleure amie Ad\u00e8le rejoint elle aussi la r\u00e9probation g\u00e9n\u00e9rale, c'en est trop pour la jeune veuve : elle d\u00e9cide de partir ! De quitter la petite communaut\u00e9, au moins pour un moment. Sur les conseils de Serge, accompagn\u00e9e de Jacinthe qui vient de perdre sa grand-m\u00e8re, Marie prend la route de Montr\u00e9al...","authors":["R\u00e9gis Loisel","Jean-louis Tripp"],"category_codes":["3000000","3020000","3020100","3020109"],"visuals":{"large":"https:\/\/images.epagine.fr\/632\/9782203024632_1_75.jpg","medium":"https:\/\/images.epagine.fr\/632\/9782203024632_1_m.jpg","thumbnail":"https:\/\/images.epagine.fr\/632\/9782203024632_1_v.jpg"},"orderable":true,"show_badge":true,"formatted_price":"16,95&nbsp;\u20ac","formatted_published_date":"31 octobre 2009","publisher_availability_label":"Sur commande","short_details":"R\u00e9gis Loisel, Jean-louis Tripp \u2014 Casterman","translator":null,"weight":752,"page_count":80,"readership":null,"editor":"Casterman","price":1695,"published_date":"2009-10-30T23:00:00.000000Z","support":"Grand format","publisher_availability":1,"stock":0,"editions":[],"url":"https:\/\/quaidesbrumes.com\/ouvrage\/9782203024632\/magasin-general-tome-5-montreal"},{"id":"9782505113607","title":"Complainte des landes perdues - cycle 4 : les Sudenne Tome 3 : la folie Seamus","description":"Le Mal s'incarne-t-il mieux dans les yeux horrifiques du Niddhog, au fond du coeur vaillant de Sioban, reine des Sudenne, ou sous les traits ang\u00e9liques de la sublime Aylissa ?\r\n\r\nSouvent, la monstruosit\u00e9 choisit des chemins inattendus et se niche dans ce qui peut nous appara\u00eetre comme le plus innocent des esprits. Sioban, en guerri\u00e8re clairvoyante, l'a bien compris. Chaque jour, sa cousine Aylissa s'enlise un peu plus dans une cruaut\u00e9 perfide, assoiff\u00e9e de pouvoir. La jeune femme rivalise d'ing\u00e9niosit\u00e9 et de malversation pour arriver \u00e0 ses fins. Jusqu'\u00e0 se servir du fitchell, cette arme tranchant violemment ses victimes et se volatilisant aussit\u00f4t, objet ancestral cr\u00e9\u00e9 des mains des Sorci\u00e8res elles-m\u00eames. Si Aylissa use de la force, elle n'h\u00e9site pas non plus \u00e0 attaquer ses proies de fa\u00e7on plus subtile et... mal\u00e9fique. Bient\u00f4t, Sioban assiste \u00e0 la d\u00e9ch\u00e9ance de son fid\u00e8le Seamus, sombrant dans une folie hallucinatoire de laquelle il semble incapable de s'extraire. La reine des Sudenne supportera-t-elle de voir son ami lynch\u00e9 et... mis \u00e0 mort ?\r\n\r\nPlus que jamais, l'h\u00e9ro\u00efne de la \u00ab Complainte des Landes perdues \u00bb devra faire face \u00e0 ses d\u00e9mons, ext\u00e9rieurs et int\u00e9rieurs, mais aussi aux signes de l'amour, indissociable de sa qu\u00eate sur ces terres de l\u00e9gendes et de pouvoirs.\r","authors":["Jean Dufaux","Teng"],"category_codes":["3000000","3020000","3020100","3020105"],"visuals":{"large":"https:\/\/images.epagine.fr\/607\/9782505113607_1_75.jpg","medium":"https:\/\/images.epagine.fr\/607\/9782505113607_1_m.jpg","thumbnail":"https:\/\/images.epagine.fr\/607\/9782505113607_1_v.jpg"},"orderable":true,"show_badge":true,"formatted_price":"17,50&nbsp;\u20ac","formatted_published_date":"27 octobre 2023","publisher_availability_label":"Sur commande","short_details":"Jean Dufaux, Teng \u2014 Dargaud","translator":null,"weight":612,"page_count":56,"readership":"\u00e0 partir de 16 ans","editor":"Dargaud","price":1750,"published_date":"2023-10-26T22:00:00.000000Z","support":"Grand format","publisher_availability":1,"stock":0,"editions":[],"url":"https:\/\/quaidesbrumes.com\/ouvrage\/9782505113607\/complainte-des-landes-perdues-cycle-4-les-sudenne-tome-3-la-folie-seamus"},{"id":"9782205206401","title":"Wilderman Tome 1 : Adam Wilder","description":"Tous les cinq ans, la guilde des demonios de la Cocagne, des lycanthropes, organise un tournoi afin de d\u00e9signer leur chef : le Wilderman jusqu'alors toujours gagn\u00e9 par le terrible Ysengrin.\r\nAdam Wilder, un jeune demonio, compte bien \u00eatre le nouveau roi ! Mais en fuyant la redoutable Inquisition et son chef Tankred, il trouve refuge dans une \u00e9trange cabane au fond des bois, l'antre de la redoutable sorci\u00e8re Yaya Yaga. Ignorant le danger et ne pouvant r\u00e9sister \u00e0 ses pulsions animales, il d\u00e9vore l'\u00e9norme banquet qui s'y trouve, pomme d'or sacr\u00e9e comprise ! Pour r\u00e9parer sa faute, Yaya Yaga exige de Wilder r\u00e9paration. Il aura pour mission de r\u00e9cup\u00e9rer une nouvelle pomme d'or dans le ch\u00e2teau du terrible Ogre sans visage...\r","authors":["Bertrand Gatignol"],"category_codes":["3000000","3020000","3020200","3020206"],"visuals":{"large":"https:\/\/images.epagine.fr\/401\/9782205206401_1_75.jpg","medium":"https:\/\/images.epagine.fr\/401\/9782205206401_1_m.jpg","thumbnail":"https:\/\/images.epagine.fr\/401\/9782205206401_1_v.jpg"},"orderable":true,"show_badge":true,"formatted_price":"16,95&nbsp;\u20ac","formatted_published_date":"24 mai 2024","publisher_availability_label":"Sur commande","short_details":"Bertrand Gatignol \u2014 Dargaud","translator":null,"weight":606,"page_count":72,"readership":"\u00e0 partir de 9 ANS","editor":"Dargaud","price":1695,"published_date":"2024-05-23T22:00:00.000000Z","support":"Grand format","publisher_availability":1,"stock":0,"editions":[],"url":"https:\/\/quaidesbrumes.com\/ouvrage\/9782205206401\/wilderman-tome-1-adam-wilder"},{"id":"9782360122134","title":"Sortir du ventre du loup","description":"Que se passe-t-il dans la vie du Petit Chaperon Rouge apr\u00e8s \u00eatre sortie du ventre du loup ? Et que se passe-t-il dans la vie des victimes de violences subies dans l'enfance ? \r\n\r\nCe roman graphique offre aux lectrices et lecteurs un voyage au coeur des r\u00e9actions \u00e9motionnelles, des envies et des transformations subies ou n\u00e9cessaires apr\u00e8s une travers\u00e9e post-traumatique. Que devient-on quand on a \u00e9t\u00e9 traumatis\u00e9\u00b7e ? Quels chemins emprunte-t-on pour vivre, ou survivre ? Quels sont nos nouveaux tocs, nos nouvelles habitudes, nos changement alimentaires ou vestimentaires ? Comment r\u00e9agit-on \u00e9motionnellement ? Que devient notre rapport \u00e0 soi et aux autres ? \r\n\r\nChaque page de ce roman graphique puissant apporte une nouvelle r\u00e9ponse r\u00e9aliste, imaginaire, po\u00e9tique, dr\u00f4le ou parfois crue \u00e0 cette question. Des plus rationnelles aux plus d\u00e9lur\u00e9es, en passant par les plus inattendues, les r\u00e9ponses abord\u00e9es explorent \u00e0 tour de r\u00f4le les \u00e9motions, les recherches de r\u00e9confort, les mises en action. De nombreuses \u00e9tapes d'une reconstruction int\u00e9rieure sont \u00e9voqu\u00e9es, n'h\u00e9sitant pas \u00e0 aller fouiller dans des recoins sombres ou plus joyeux. \r\n\r\nAu-del\u00e0 de ce lien tr\u00e8s fort avec les traumatismes subis par les enfants victimes, les strat\u00e9gies mises en oeuvre par ce petit chaperon rouge des temps modernes pour continuer \u00e0 investir un espace public hostile r\u00e9sonneront aux oreilles de toutes les femmes, coutumi\u00e8res des VSS et du harc\u00e8lement de rue.\r\n\r\nLe rythme et l'alternance des pages peintes\/pages crayonn\u00e9es, l'\u00e9criture volontairement fragile et chaotique contribuent \u00e0 l'effet immersif et angoissant de cette plong\u00e9e en apn\u00e9e dans les traumas des enfants victimes, qui prennent ici la forme d'une silhouette blanche, \u00e0 la fois forte et fragile, nous entra\u00eenant avec elle dans cette travers\u00e9e du stress post-traumatique.\r","authors":["Charlotte Melly"],"category_codes":["3000000","3020000","3020300"],"visuals":{"large":"https:\/\/images.epagine.fr\/134\/9782360122134_1_75.jpg","medium":"https:\/\/images.epagine.fr\/134\/9782360122134_1_m.jpg","thumbnail":"https:\/\/images.epagine.fr\/134\/9782360122134_1_v.jpg"},"orderable":true,"show_badge":true,"formatted_price":"18,00&nbsp;\u20ac","formatted_published_date":"4 avril 2025","publisher_availability_label":"Sur commande","short_details":"Charlotte Melly \u2014 La Ville Br\u00fble","translator":null,"weight":414,"page_count":92,"readership":"Tout public","editor":"La Ville Br\u00fble","price":1800,"published_date":"2025-04-03T22:00:00.000000Z","support":"Grand format","publisher_availability":1,"stock":0,"editions":[],"url":"https:\/\/quaidesbrumes.com\/ouvrage\/9782360122134\/sortir-du-ventre-du-loup"}]}