{"data":[{"id":"9782505076544","title":"Slam dunk - star edition Tome 5","description":"Face au match contre Ry\u00f4nan, Sh\u00f4hoku prend ses marques et s'\u00e9lance vers les pr\u00e9s\u00e9lections! Ry\u00f4ta Miyagi, l'\u00e9l\u00e8ve de premi\u00e8re, qui \u00e9tait hospitalis\u00e9, revient au club. Le retour de ce joueur talentueux va \u00eatre \u00e0 l'origine d'un probl\u00e8me inattendu !","authors":["Takehiko Inou\u00e9","Misato Raillard"],"category_codes":["3000000","3040000","3040500","3040511"],"visuals":{"large":"https:\/\/images.epagine.fr\/544\/9782505076544_1_75.jpg","medium":"https:\/\/images.epagine.fr\/544\/9782505076544_1_m.jpg","thumbnail":"https:\/\/images.epagine.fr\/544\/9782505076544_1_v.jpg"},"orderable":true,"show_badge":true,"formatted_price":"10,25&nbsp;\u20ac","formatted_published_date":"15 novembre 2019","publisher_availability_label":"Sur commande","short_details":"Takehiko Inou\u00e9, Misato Raillard \u2014 Kana","translator":"MISATO RAILLARD","weight":220,"page_count":328,"readership":"\u00e0 partir de 10 ANS","editor":"Kana","price":1025,"published_date":"2019-11-14T23:00:00.000000Z","support":"Poche","publisher_availability":1,"stock":0,"editions":[],"url":"https:\/\/quaidesbrumes.com\/ouvrage\/9782505076544\/slam-dunk-star-edition-tome-5"},{"id":"9782365776141","title":"Batman : Off-world","description":"Alors que, comme chaque soir depuis qu'il a enfil\u00e9 sa cape, Bruce Wayne arpentait les rues et les toits de Gotham pour contre-carrer les plans de la p\u00e8gre, ce qui aurait d\u00fb \u00eatre une nuit de routine prit une tout autre tournure. Une rencontre avec un \u00eatre venu d'une autre plan\u00e8te lui fit comprendre la possibilit\u00e9 d'une invasion de la Terre par une race extraterrestre. D\u00e8s lors, une seule solution s'offrit \u00e0 lui, embarquer pour l'autre c\u00f4t\u00e9 de l'Univers pour \u00e9radiquer le mal \u00e0 la racine !","authors":["Jason Aaron","Doug Mahnke","Benjamin Rivi\u00e8re"],"category_codes":["3000000","3030000","3030400"],"visuals":{"large":"https:\/\/images.epagine.fr\/141\/9782365776141_1_75.jpg","medium":"https:\/\/images.epagine.fr\/141\/9782365776141_1_m.jpg","thumbnail":"https:\/\/images.epagine.fr\/141\/9782365776141_1_v.jpg"},"orderable":true,"show_badge":true,"formatted_price":"18,50&nbsp;\u20ac","formatted_published_date":"22 ao\u00fbt 2025","publisher_availability_label":"Sur commande","short_details":"Jason Aaron, Doug Mahnke, Benjamin Rivi\u00e8re \u2014 Urban Comics","translator":"BENJAMIN RIVIERE","weight":700,"page_count":168,"readership":"\u00e0 partir de 12 ANS","editor":"Urban Comics","price":1850,"published_date":"2025-08-21T22:00:00.000000Z","support":"Grand format","publisher_availability":1,"stock":0,"editions":[],"url":"https:\/\/quaidesbrumes.com\/ouvrage\/9782365776141\/batman-off-world"},{"id":"9791032701881","title":"Black torch Tome 1","description":"Jiro n'aspire qu'\u00e0 vivre tranquille, et pourtant c'est un v\u00e9ritable aimant \u00e0 probl\u00e8mes : non seulement il appartient \u00e0 une lign\u00e9e de ninjas, mais il a en plus la capacit\u00e9 de communiquer avec les animaux ! Alors quand il trouve un myst\u00e9rieux chat noir mal en point, il n'h\u00e9site pas une seconde \u00e0 lui venir en aide.\r\n\r\nEn fait de f\u00e9lin, il a recueilli Rago, un Mononoke surpuissant ! Ces cr\u00e9atures surnaturelles, capables de d\u00e9vorer les humains, vivent d'ordinaire cach\u00e9es... Mais Rago est en fuite, poursuivi aussi bien par des exorcistes que par ses propres pairs ! Un d\u00e9mon ne tarde pas \u00e0 retrouver sa trace, et un combat \u00e9pique s'engage. Jiro, imbattable contre de simples humains, ne fait pas le poids face \u00e0 un monstre... Pour sauver son bienfaiteur de la mort, Rago n'a d'autre option que de recourir \u00e0 une technique de possession. Un humain et un Mononoke alli\u00e9s dans un m\u00eame corps, on n'avait jamais vu \u00e7a ! Exorcistes ou esprits, quel camp choisiront-ils ?\r\n\r\nLes fronti\u00e8res du bien et du mal se brouillent dans ce shonen explosif et sans temps mort ! Black Torch r\u00e9invente le r\u00e9cit de ninjas dans une veine moderne et dynamique. Ne vous fiez pas aux apparences : les chats ne sont pas forc\u00e9ment mignons ou c\u00e2lins, et les d\u00e9mons ne sont pas toujours ceux qu'on croit !","authors":["Tsuyoshi Takaki","S\u00e9bastien Ludmann"],"category_codes":["3000000","3040000","3040500","3040505"],"visuals":{"large":"https:\/\/images.epagine.fr\/881\/9791032701881_1_75.jpg","medium":"https:\/\/images.epagine.fr\/881\/9791032701881_1_m.jpg","thumbnail":"https:\/\/images.epagine.fr\/881\/9791032701881_1_v.jpg"},"orderable":true,"show_badge":true,"formatted_price":"6,95&nbsp;\u20ac","formatted_published_date":"8 f\u00e9vrier 2018","publisher_availability_label":"Sur commande","short_details":"Tsuyoshi Takaki, S\u00e9bastien Ludmann \u2014 Ki-oon","translator":"SEBASTIEN LUDMANN","weight":185,"page_count":190,"readership":"\u00e0 partir de 10 ANS","editor":"Ki-oon","price":695,"published_date":"2018-02-07T23:00:00.000000Z","support":"Poche","publisher_availability":1,"stock":0,"editions":[],"url":"https:\/\/quaidesbrumes.com\/ouvrage\/9791032701881\/black-torch-tome-1"},{"id":"9782889230471","title":"D\u00e9cris-Ravage Tome 1 : d\u00e9crire l'Egypte, ravager la Palestine","description":"D\u00e9cris-Ravage, c'est tout d'abord une pi\u00e8ce de th\u00e9\u00e2tre d'Adeline Rosenstein, une pi\u00e8ce qui s'inscrit dans la mouvance du th\u00e9\u00e2tre dit documentaire. Dans cette pi\u00e8ce, il est question de la Palestine, du rapport entre l'Occident et le Moyen-Orient (en remontant \u00e0 Napol\u00e9on Bonaparte), mais aussi de la repr\u00e9sentation de cette r\u00e9gion, ou encore des enjeux qui y sont li\u00e9s. Pour \u00e9voquer tout cela, sont ainsi convoqu\u00e9s des r\u00e9cits historiques, des t\u00e9moignages, mais aussi des textes de pi\u00e8ces de th\u00e9\u00e2tre pour tenter de comprendre \u00ab ce qui a bien pu se passer pour qu'on en arrive l\u00e0 \u00bb. Baladi est parti du texte de la pi\u00e8ce de th\u00e9\u00e2tre pour en livrer une adaptation en bande dessin\u00e9e, et ceci en allant \u00e9galement se nourrir aux m\u00eames sources que celles consult\u00e9es pour l'\u00e9criture du spectacle. Dans ce premier \u00e9pisode se succ\u00e8dent alors paroles d'artistes, textes d'auteurs arabes et descriptions de la campagne d'Egypte de 1798. \r\nDense, passionnant et \u00e9clairant, ce D\u00e9cris-Ravage est un livre sans r\u00e9el \u00e9quivalent, aussi bien dans la bibliographie de l'auteur que dans le paysage actuel de la bande dessin\u00e9e, une tentative in\u00e9dite de r\u00e9flexion sur le sujet qui multiplie des sources et des points de vue souvent oubli\u00e9s, voire m\u00e9pris\u00e9s.\r\nAvec une introduction de Henry Laurens (historien).","authors":["Adeline Rosenstein","Baladi","Alex Baladi"],"category_codes":["3000000","3020000","3020100","3020108"],"visuals":{"large":"https:\/\/images.epagine.fr\/471\/9782889230471_1_75.jpg","medium":"https:\/\/images.epagine.fr\/471\/9782889230471_1_m.jpg","thumbnail":"https:\/\/images.epagine.fr\/471\/9782889230471_1_v.jpg"},"orderable":true,"show_badge":true,"formatted_price":"15,00&nbsp;\u20ac","formatted_published_date":"19 ao\u00fbt 2016","publisher_availability_label":"Sur commande","short_details":"Adeline Rosenstein, Baladi, Alex Baladi \u2014 Atrabile","translator":null,"weight":410,"page_count":69,"readership":"\u00e0 partir de 12 ANS","editor":"Atrabile","price":1500,"published_date":"2016-08-18T22:00:00.000000Z","support":"Grand format","publisher_availability":1,"stock":0,"editions":[],"url":"https:\/\/quaidesbrumes.com\/ouvrage\/9782889230471\/decris-ravage-tome-1-decrire-legypte-ravager-la-palestine"},{"id":"9782818976753","title":"Triple galop Tome 16","description":"La seule et unique BD tr\u00e8s \u00e0 cheval sur l'humour. L'\u00ab amoureux \u00bb de Monique, le g\u00e9n\u00e9ral de cavalerie Adh\u00e9mar-Alphonse Mac Hesse, vient troubler la vie tranquille du club Triple Galop. Enfin, c'est surtout lui, le repr\u00e9sentant de la tradition \u00e9questre, qui va \u00eatre troubl\u00e9 devant le niveau d'\u00e9quitation du club. Il va falloir rem\u00e9dier \u00e0 tout \u00e7a et mettre un peu d'ordre et de rigueur dans ce laxisme ambiant !","authors":["Christophe Cazenove","Beno\u00eet Du Peloux"],"category_codes":["3000000","3020000","3020200","3020211"],"visuals":{"large":"https:\/\/images.epagine.fr\/753\/9782818976753_1_75.jpg","medium":"https:\/\/images.epagine.fr\/753\/9782818976753_1_m.jpg","thumbnail":"https:\/\/images.epagine.fr\/753\/9782818976753_1_v.jpg"},"orderable":true,"show_badge":true,"formatted_price":"11,90&nbsp;\u20ac","formatted_published_date":"26 ao\u00fbt 2020","publisher_availability_label":"Sur commande","short_details":"Christophe Cazenove, Beno\u00eet Du Peloux \u2014 Bamboo","translator":null,"weight":374,"page_count":48,"readership":"Tout public","editor":"Bamboo","price":1190,"published_date":"2020-08-25T22:00:00.000000Z","support":"Grand format","publisher_availability":1,"stock":0,"editions":[],"url":"https:\/\/quaidesbrumes.com\/ouvrage\/9782818976753\/triple-galop-tome-16"},{"id":"9782344014028","title":"Requiem, chevalier vampire Tome 4 : le bal des vampires","description":"\u00ab La mort n'est qu'une longue f\u00eate ! \u00bbL'affrontement contre les l\u00e9mures s'est sold\u00e9 par une victoire totale et radicale. Lors des combats, Requiem a retrouv\u00e9 Rebecca, \u00e0 pr\u00e9sent prisonni\u00e8re des ge\u00f4les vampires. Les derniers vestiges de son humanit\u00e9 lui commandent de la lib\u00e9rer. Pendant ce temps, Dracula savoure sa victoire en s'appr\u00eatant \u00e0 torturer en beaut\u00e9 ses derniers adversaires au cours d'un bal masqu\u00e9. Mais il ne sait pas que, dans son dos, un coup d'\u00e9tat men\u00e9 par ses principaux lieutenants se pr\u00e9pare...Avec Requiem, r\u00e9cit \u00e9pique et gothique sc\u00e9naris\u00e9 par Pat Mills, Olivier Ledroit avait fait d\u00e9couvrir le versant sombre de son talent. Pl\u00e9biscit\u00e9e par les amateurs de dark fantasy, cette s\u00e9rie culte reparait aujourd'hui chez Gl\u00e9nat dans une toute nouvelle \u00e9dition dont chaque volume paraitra tous les 2 mois et sera enrichi d'un cahier de 8 pages.L'occasion de (re)d\u00e9couvrir une oeuvre majeure et l'\u00e9poustouflant graphisme en couleur directe de l'un des meilleurs artistes de sa g\u00e9n\u00e9ration.","authors":["Pat Mills","Olivier Ledroit"],"category_codes":["3000000","3020000","3020100","3020105"],"visuals":{"large":"https:\/\/images.epagine.fr\/028\/9782344014028_1_75.jpg","medium":"https:\/\/images.epagine.fr\/028\/9782344014028_1_m.jpg","thumbnail":"https:\/\/images.epagine.fr\/028\/9782344014028_1_v.jpg"},"orderable":true,"show_badge":true,"formatted_price":"16,00&nbsp;\u20ac","formatted_published_date":"22 juin 2016","publisher_availability_label":"Sur commande","short_details":"Pat Mills, Olivier Ledroit \u2014 Gl\u00e9nat","translator":null,"weight":634,"page_count":56,"readership":"\u00e0 partir de 16 ans","editor":"Gl\u00e9nat","price":1600,"published_date":"2016-06-21T22:00:00.000000Z","support":"Grand format","publisher_availability":1,"stock":0,"editions":[],"url":"https:\/\/quaidesbrumes.com\/ouvrage\/9782344014028\/requiem-chevalier-vampire-tome-4-le-bal-des-vampires"},{"id":"9782205083057","title":"Le temps des mitaines Tome 2 : coeur de renard","description":"C'est l'\u00e9t\u00e9 au village des Mitaines et l'ambiance n'est plus ce qu'elle \u00e9tait au sein du petit groupe d'amis. Il faut dire qu'en d\u00e9couvrant son super pouvoir, le candide Arthur est devenu tr\u00e8s imbu de lui-m\u00eame. Personne ne peut plus le supporter, surtout Kitsu, la jolie renarde, avec qui il fait son stage chez des horticulteurs, au bord de la faillite. R\u00e9ussiront-ils \u00e0 mettre leurs diff\u00e9rents de c\u00f4t\u00e9 pour les sauver ?\r\n\r\nUn deuxi\u00e8me tome rythm\u00e9 et d\u00e9jant\u00e9, sur fond de chronique sociale, pour en conna\u00eetre encore davantage sur l'univers des Mitaines.","authors":["Lo\u00efc Cl\u00e9ment","Anne Montel"],"category_codes":["3000000","3020000","3020200","3020209"],"visuals":{"large":"https:\/\/images.epagine.fr\/057\/9782205083057_1_75.jpg","medium":"https:\/\/images.epagine.fr\/057\/9782205083057_1_m.jpg","thumbnail":"https:\/\/images.epagine.fr\/057\/9782205083057_1_v.jpg"},"orderable":true,"show_badge":true,"formatted_price":"17,50&nbsp;\u20ac","formatted_published_date":"10 juillet 2020","publisher_availability_label":"Sur commande","short_details":"Lo\u00efc Cl\u00e9ment, Anne Montel \u2014 Dargaud","translator":null,"weight":574,"page_count":80,"readership":"\u00e0 partir de 8 ANS","editor":"Dargaud","price":1750,"published_date":"2020-07-09T22:00:00.000000Z","support":"Grand format","publisher_availability":1,"stock":0,"editions":[],"url":"https:\/\/quaidesbrumes.com\/ouvrage\/9782205083057\/le-temps-des-mitaines-tome-2-coeur-de-renard"},{"id":"9782811692117","title":"Blush Tome 1","description":"Momoka Kirino est une otaku qui pr\u00e9f\u00e8re de loin fantasmer sur les beaux gosses de fiction que de tomber amoureuse. Elle affectionne particuli\u00e8rement les tsundere, les personnages au caract\u00e8re rude cachant en r\u00e9alit\u00e9 une tendresse int\u00e9rieure. La jeune fille est donc tr\u00e8s intrigu\u00e9e par Kametani, le nouvel \u00e9l\u00e8ve \u00e0 l'aura dangereuse qui se pr\u00e9sente \u00e0 la classe en ouvrant avec un \"je ne parle pas aux meufs, moi !\" plein d'agressivit\u00e9. Quel ne fut donc pas sa surprise lorsqu'elle d\u00e9couvre, par hasard, qu'il veut simplement cacher \u00e0 tout prix que parler aux filles le fait horriblement rougir. Kametani se r\u00e9v\u00e8le \u00eatre le parfait exemple de personnage de fiction qu'elle adule ! Ainsi d\u00e9bute une \u00e9tonnante relation entre une otaku r\u00e9ticente \u00e0 l'amour et un tsundere particuli\u00e8rement extr\u00eame.","authors":["Reida Soragaki"],"category_codes":["3000000","3040000","3040400","3040409"],"visuals":{"large":"https:\/\/images.epagine.fr\/117\/9782811692117_1_75.jpg","medium":"https:\/\/images.epagine.fr\/117\/9782811692117_1_m.jpg","thumbnail":"https:\/\/images.epagine.fr\/117\/9782811692117_1_v.jpg"},"orderable":true,"show_badge":true,"formatted_price":"7,20&nbsp;\u20ac","formatted_published_date":"21 ao\u00fbt 2024","publisher_availability_label":"Sur commande","short_details":"Reida Soragaki \u2014 Pika \u00c9dition","translator":null,"weight":154,"page_count":176,"readership":"\u00e0 partir de 12 ANS","editor":"Pika \u00c9dition","price":720,"published_date":"2024-08-20T22:00:00.000000Z","support":"Poche","publisher_availability":1,"stock":0,"editions":[],"url":"https:\/\/quaidesbrumes.com\/ouvrage\/9782811692117\/blush-tome-1"},{"id":"9782811671051","title":"Komi cherche ses mots Tome 7","description":"Petit \u00e0 petit, Komi rencontre de nouvelles personnes \u00e0 l'\u00e9cole malgr\u00e9 ses difficult\u00e9s \u00e0 s'ouvrir aux autres. Son paisible quotidien se complique cependant lorsque les vacances d'hiver commencent. Comment inviter des amis \u00e0 sortir, quand on a du mal \u00e0 leur \u00e9crire ? Ses petits camarades prennent le relais : puisque Komi n'y arrive pas, c'est eux qui vont s'arranger pour la voir ! \u00c0 la cl\u00e9, sa premi\u00e8re f\u00eate de No\u00ebl, ses premiers cadeaux venant d'amis et une visite au temple \u00e0 la nouvelle ann\u00e9e...","authors":["Tomohito Oda"],"category_codes":["3000000","3040000","3040500","3040509"],"visuals":{"large":"https:\/\/images.epagine.fr\/051\/9782811671051_1_75.jpg","medium":"https:\/\/images.epagine.fr\/051\/9782811671051_1_m.jpg","thumbnail":"https:\/\/images.epagine.fr\/051\/9782811671051_1_v.jpg"},"orderable":true,"show_badge":true,"formatted_price":"7,20&nbsp;\u20ac","formatted_published_date":"3 mai 2023","publisher_availability_label":"Sur commande","short_details":"Tomohito Oda \u2014 Pika \u00c9dition","translator":null,"weight":180,"page_count":192,"readership":"\u00e0 partir de 12 ANS","editor":"Pika \u00c9dition","price":720,"published_date":"2023-05-02T22:00:00.000000Z","support":"Poche","publisher_availability":1,"stock":0,"editions":[],"url":"https:\/\/quaidesbrumes.com\/ouvrage\/9782811671051\/komi-cherche-ses-mots-tome-7"},{"id":"9782723450287","title":"Eyeshield 21 Tome 2 : un faux h\u00e9ros","description":"Difficile de se faire respecter quand on est depuis toujours le souffre-douleur de ses camarades ! Sena le sait bien, lui qui est constamment charg\u00e9 de faire le \u00ab coursier \u00bb pour tous ceux qui le briment. Pour cette rentr\u00e9e scolaire, Sena veut tourner la page et se d\u00e9cide \u00e0 rentrer dans un club. Malheureusement pour lui, il croise le chemin de Hiruma, le responsable du club de football am\u00e9ricain, un \u00eatre psychotique pr\u00eat \u00e0 toutes les combines pour faire rentrer des joueurs dans son club. Lorsqu'il d\u00e9couvre que Sena est dot\u00e9 d'un jeu de jambe hors du commun, il d\u00e9cide de jeter son d\u00e9volu sur le pauvre gar\u00e7on. Et ils n'ont pas int\u00e9r\u00eat \u00e0 tarder de recruter les onze autres joueurs manquants pour former une \u00e9quipe, car le d\u00e9but du championnat inter lyc\u00e9en d\u00e9bute... dans 24 heures ! \r\nEye Shield 21 est la nouvelle bombe sportive du Sh\u00f4nen Jump, un m\u00e9lange d\u00e9tonnant d'humour et d'action qui fait actuellement fureur au Japon ! Vous ne connaissez rien au foot am\u00e9ricain ? Rassurez-vous, le h\u00e9ros non plus ! Preuve est faite, encore une fois, que les japonais sont capables de rendre passionnant n'importe quel sujet. Un futur hit du sh\u00f4nen en France !","authors":["Riichir\u00f4 Inagaki","Yusuke Murata"],"category_codes":["3000000","3040000","3040500","3040511"],"visuals":{"large":"https:\/\/images.epagine.fr\/287\/9782723450287_1_75.jpg","medium":"https:\/\/images.epagine.fr\/287\/9782723450287_1_m.jpg","thumbnail":"https:\/\/images.epagine.fr\/287\/9782723450287_1_v.jpg"},"orderable":true,"show_badge":true,"formatted_price":"7,20&nbsp;\u20ac","formatted_published_date":"4 mai 2005","publisher_availability_label":"Sur commande","short_details":"Riichir\u00f4 Inagaki, Yusuke Murata \u2014 Gl\u00e9nat","translator":null,"weight":150,"page_count":208,"readership":"\u00e0 partir de 12 ANS","editor":"Gl\u00e9nat","price":720,"published_date":"2005-05-03T22:00:00.000000Z","support":"Poche","publisher_availability":1,"stock":0,"editions":[],"url":"https:\/\/quaidesbrumes.com\/ouvrage\/9782723450287\/eyeshield-21-tome-2-un-faux-heros"},{"id":"9782075152990","title":"\u00c0 boire et \u00e0 manger Tome 5 : L'eau \u00e0 la bouche","description":"Comment r\u00e9ussir ses spaghetti vongole ? Quel est le secret du g\u00e2teau au chocolat 2.0 ? Comment pimper sa mayonnaise ? Quelle est l'histoire du kebab historique ? Guillaume Long revient nous faire p\u00e9tiller les papilles en travaillant nos zygomatiques, avec quatre saisons de recettes gourmandes, de chroniques gastronomiques et d'anecdotes ultra savoureuses... LA r\u00e9f\u00e9rence des livres m\u00ealant cuisine et bande dessiLA r\u00e9f\u00e9rence des livres m\u00ealant cuisine et bande dessin\u00e9e !\r\n\r\nComment r\u00e9ussir ses spaghetti vongole ?\r\nQuel est le secret du g\u00e2teau au chocolat 2.0 ?\r\nComment pimper sa mayonnaise ?\r\nQuelle est l'histoire du kebab historique ?\r\nGuillaume Long revient nous faire p\u00e9tiller les papilles en travaillant nos zygomatiques, avec quatre saisons de recettes gourmandes, de chroniques gastronomiques et d'anecdotes ultra savoureuses...","authors":["Guillaume Long"],"category_codes":["3000000","3020000","3020100","3020103"],"visuals":{"large":"https:\/\/images.epagine.fr\/990\/9782075152990_1_75.jpg","medium":"https:\/\/images.epagine.fr\/990\/9782075152990_1_m.jpg","thumbnail":"https:\/\/images.epagine.fr\/990\/9782075152990_1_v.jpg"},"orderable":true,"show_badge":true,"formatted_price":"24,00&nbsp;\u20ac","formatted_published_date":"9 octobre 2024","publisher_availability_label":"Sur commande","short_details":"Guillaume Long \u2014 Gallimard BD","translator":null,"weight":756,"page_count":144,"readership":null,"editor":"Gallimard BD","price":2400,"published_date":"2024-10-08T22:00:00.000000Z","support":"Grand format","publisher_availability":1,"stock":0,"editions":[],"url":"https:\/\/quaidesbrumes.com\/ouvrage\/9782075152990\/a-boire-et-a-manger-tome-5-leau-a-la-bouche"},{"id":"9782811687328","title":"You're my Soulmate Tome 3","description":"\"J'esp\u00e8re que c'est le destin qui nous a r\u00e9unis.\" Je n'aurais jamais imagin\u00e9 que ces mots sortiraient un jour de ma bouche...\"\r\n\r\nApr\u00e8s avoir entendu dire que Iori n'\u00e9tait plus un coeur \u00e0 prendre depuis longtemps, Y\u00fbki d\u00e9cide de se ranger de son c\u00f4t\u00e9 et de l'encourager comme elle peut. Seulement, Iori lui explique que les rumeurs font fausse route et la serre tout \u00e0 coup dans ses bras, \u00e0 la grande surprise de la jeune fille. Iori d\u00e9couvre en outre l'amour sinc\u00e8re que lui voue Y\u00fbki, et ses sentiments en viennent \u00e0 changer... Quand le destin s'en m\u00eale, les rebondissements palpitants ne manquent pas !","authors":["Anashin"],"category_codes":["3000000","3040000","3040400","3040409"],"visuals":{"large":"https:\/\/images.epagine.fr\/328\/9782811687328_1_75.jpg","medium":"https:\/\/images.epagine.fr\/328\/9782811687328_1_m.jpg","thumbnail":"https:\/\/images.epagine.fr\/328\/9782811687328_1_v.jpg"},"orderable":true,"show_badge":true,"formatted_price":"7,20&nbsp;\u20ac","formatted_published_date":"9 octobre 2024","publisher_availability_label":"Sur commande","short_details":"Anashin \u2014 Pika \u00c9dition","translator":null,"weight":170,"page_count":192,"readership":"\u00e0 partir de 12 ANS","editor":"Pika \u00c9dition","price":720,"published_date":"2024-10-08T22:00:00.000000Z","support":"Poche","publisher_availability":1,"stock":0,"editions":[],"url":"https:\/\/quaidesbrumes.com\/ouvrage\/9782811687328\/youre-my-soulmate-tome-3"},{"id":"9782803621989","title":"Thorgal Tome 29 : le sacrifice","description":"Thorgal parviendra-t-il \u00e0 faire mentir le vieil adage selon lequel \u00abon ne revient jamais chez soi\u00bb oe\r\nNotre h\u00e9ros a enfin retrouv\u00e9 sa famille, mais il est \u00e0 bout de forces, rong\u00e9 par le poison, et les dieux ne lui donnent plus que deux jours \u00e0 vivre... Une fois encore, il devra leur arracher sa survie. Mais cette fois, l'enfant des \u00e9toiles n'est plus seul ! Il est accompagn\u00e9 de son fils Jolan, jeune homme au potentiel illimit\u00e9...","authors":["Jean Van Hamme","Grzegorz Rosinski"],"category_codes":["3000000","3020000","3020200","3020205"],"visuals":{"large":"https:\/\/images.epagine.fr\/989\/9782803621989_1_75.jpg","medium":"https:\/\/images.epagine.fr\/989\/9782803621989_1_m.jpg","thumbnail":"https:\/\/images.epagine.fr\/989\/9782803621989_1_v.jpg"},"orderable":true,"show_badge":true,"formatted_price":"13,95&nbsp;\u20ac","formatted_published_date":"23 novembre 2006","publisher_availability_label":"Sur commande","short_details":"Jean Van Hamme, Grzegorz Rosinski \u2014 \u00c9ditions du Lombard","translator":null,"weight":360,"page_count":48,"readership":"\u00e0 partir de 9 ANS","editor":"\u00c9ditions du Lombard","price":1395,"published_date":"2006-11-22T23:00:00.000000Z","support":"Grand format","publisher_availability":1,"stock":0,"editions":["9782803622276"],"url":"https:\/\/quaidesbrumes.com\/ouvrage\/9782803621989\/thorgal-tome-29-le-sacrifice"},{"id":"9782918645689","title":"B\u00e9b\u00e9 fille","description":"\u00c0 travers les splendides planches de \u00abB\u00e9b\u00e9 Fille\u00bb aussi dr\u00f4les qu'\u00e9mouvantes, \u00c9lisa Marraudino raconte ses souvenirs d'enfance, sa famille italo-vosgienne, sa construction de petite fille entre traditions et modernit\u00e9, les joies et les col\u00e8res qui feront d'elle la jeune femme qu'elle est aujourd'hui.","authors":["Elisa Marraudino"],"category_codes":["3000000","3020000","3020100","3020111"],"visuals":{"large":"https:\/\/images.epagine.fr\/689\/9782918645689_1_75.jpg","medium":"https:\/\/images.epagine.fr\/689\/9782918645689_1_m.jpg","thumbnail":"https:\/\/images.epagine.fr\/689\/9782918645689_1_v.jpg"},"orderable":true,"show_badge":false,"formatted_price":"15,00&nbsp;\u20ac","formatted_published_date":"11 f\u00e9vrier 2022","publisher_availability_label":"Sur commande","short_details":"Elisa Marraudino \u2014 M\u00eame Pas Mal","translator":null,"weight":249,"page_count":64,"readership":null,"editor":"M\u00eame Pas Mal","price":1500,"published_date":"2022-02-10T23:00:00.000000Z","support":"Grand format","publisher_availability":1,"stock":1,"editions":[],"url":"https:\/\/quaidesbrumes.com\/ouvrage\/9782918645689\/bebe-fille"},{"id":"9782889860357","title":"La rivi\u00e8re de mon grand-p\u00e8re","description":"R\u00e9mi fait la surprise \u00e0 son grand-p\u00e8re de le rejoindre pour une partie de p\u00eache. Aussi loin que l'adolescent s'en souvienne, ces moments au bord de la rivi\u00e8re sont les meilleurs instants partag\u00e9s avec lui. Le vieil homme lui confie les secrets de la nature et son amour pour ces longues journ\u00e9es \u00e0 la rivi\u00e8re. Bien que non d\u00e9nu\u00e9e de cruaut\u00e9, la p\u00eache est le seul passe-temps qui permette de ne rien faire pendant des heures ! Le grand-p\u00e8re de R\u00e9mi \u00e9voque aussi des souvenirs d'enfance. Au fil du r\u00e9cit, le gar\u00e7on s'\u00e9tonne : \u00ab Tu en parles beaucoup, de la mort...\u00bb. Un sourire illumine tristement le visage du vieil homme. Il est temps d'aborder la vraie raison de la venue de R\u00e9mi... Avec cette bande dessin\u00e9e personnelle, d'une simplicit\u00e9 tendre et bouleversante, R\u00e9mi Farnos rend un vibrant hommage \u00e0 tous les grand-parents qui font de l'enfance l'une des plus belles \u00e9tapes de la vie et qu'il est parfois bien difficile de laisser partir!","authors":["R\u00e9mi Farnos"],"category_codes":["3000000","3020000","3020200"],"visuals":{"large":"https:\/\/images.epagine.fr\/357\/9782889860357_1_75.jpg","medium":"https:\/\/images.epagine.fr\/357\/9782889860357_1_m.jpg","thumbnail":"https:\/\/images.epagine.fr\/357\/9782889860357_1_v.jpg"},"orderable":true,"show_badge":true,"formatted_price":"19,90&nbsp;\u20ac","formatted_published_date":"13 juin 2025","publisher_availability_label":"Sur commande","short_details":"R\u00e9mi Farnos \u2014 La Joie de lire","translator":null,"weight":604,"page_count":80,"readership":"Tout public","editor":"La Joie de lire","price":1990,"published_date":"2025-06-12T22:00:00.000000Z","support":"Grand format","publisher_availability":1,"stock":0,"editions":[],"url":"https:\/\/quaidesbrumes.com\/ouvrage\/9782889860357\/la-riviere-de-mon-grand-pere"},{"id":"9782344036921","title":"L'\u00e9pop\u00e9e de la franc-ma\u00e7onnerie Tome 9 : destruction","description":"L'avenir s'\u00e9crit sur les barricades. Paris. En ce mois de mai 1871, la capitale est \u00e0 feu et \u00e0 sang. La Commune de Paris qui ne reconna\u00eet pas le nouveau gouvernent s'est insurg\u00e9e ! C'est dans ce chaos, entre les canons et le manque de vivres qu'Albertine met au monde une petite fille. Mais les nouvelles sont inqui\u00e9tantes car son mari Sylvain, franc-ma\u00e7on, vient d'\u00eatre gri\u00e8vement bless\u00e9 sur les barricades. Les communards, rejoint par les francs-ma\u00e7ons, continuent de se dresser contre les balles des soldats versaillais. Pourtant la ma\u00e7onnerie est oppos\u00e9e \u00e0 la lutte arm\u00e9e. Cette guerre civile va \u00e0 l'encontre de ses principes pacifistes ce qui va bient\u00f4t provoquer de vives tensions au sein du mouvement et ouvrir le d\u00e9bat. Pour une partie des fr\u00e8res, en prenant part \u00e0 ce conflit sanglant, la Ma\u00e7onnerie se perdra ! Sylvain ne partage pas cette vision frileuse, il est plus qu'\u00e9vident qu'il faille se battre pour un monde plus juste. Accus\u00e9 de tenir des propos r\u00e9volutionnaires, il va s'engager corps et \u00e2me dans la Commune quitte \u00e0 mettre sa vie en danger... De son c\u00f4t\u00e9, Albertine, impuissante, va faire la connaissance d'une femme de lettre engag\u00e9e, une certaine Louise Michel. M\u00eame si les femmes n'\u00e9taient pas admises aux loges jusqu'\u00e0 pr\u00e9sent, il se pourrait que le destin d'Albertine bascule.","authors":["Pierre Boisserie","Vincent Wagner"],"category_codes":["3000000","3020000","3020100","3020108"],"visuals":{"large":"https:\/\/images.epagine.fr\/921\/9782344036921_1_75.jpg","medium":"https:\/\/images.epagine.fr\/921\/9782344036921_1_m.jpg","thumbnail":"https:\/\/images.epagine.fr\/921\/9782344036921_1_v.jpg"},"orderable":true,"show_badge":true,"formatted_price":"15,50&nbsp;\u20ac","formatted_published_date":"6 septembre 2023","publisher_availability_label":"Sur commande","short_details":"Pierre Boisserie, Vincent Wagner \u2014 Gl\u00e9nat","translator":null,"weight":632,"page_count":56,"readership":null,"editor":"Gl\u00e9nat","price":1550,"published_date":"2023-09-05T22:00:00.000000Z","support":"Grand format","publisher_availability":1,"stock":0,"editions":[],"url":"https:\/\/quaidesbrumes.com\/ouvrage\/9782344036921\/lepopee-de-la-franc-maconnerie-tome-9-destruction"},{"id":"9782330194475","title":"Kinderzimmer : D'apr\u00e8s le roman de Valentine Goby","description":"Kinderzimmer, salu\u00e9 par une critique unanime \u00e0 sa sortie en 2013 , a re\u00e7u dix prix litt\u00e9raires dont Le Prix des Libraires en 2014 et s'est vendu \u00e0 plus de 70 000 ex. Pour adapter ce roman puissant - l'histoire d'une femme enceinte d\u00e9port\u00e9e dans le camp de Ravensbr\u00fcck - Ivan Gros a suivi un parti-pris singulier, celui de travailler \u00e0 partir des centaines de dessins des d\u00e9port\u00e9es elles- m\u00eames. Ces oeuvres, aujourd'hui \u00e9parpill\u00e9es un peu partout en Europe, Ivan Gros a pass\u00e9 plus de 10 ann\u00e9es \u00e0 les r\u00e9unir. Dans sa bande dessin\u00e9e, un jeu subtil s'\u00e9tablit entre fiction et documents d'archives. Ainsi les dessins originaux justifient la fiction tandis que la fiction offre aux dessins un cadre narratif et explicatif. \r\n Un dossier historique rend hommage aux artistes d\u00e9port\u00e9es en fin de volume.","authors":["Valentine Goby","Ivan Gros"],"category_codes":["3000000","3020000","3020200"],"visuals":{"large":"https:\/\/images.epagine.fr\/475\/9782330194475_1_75.jpg","medium":"https:\/\/images.epagine.fr\/475\/9782330194475_1_m.jpg","thumbnail":"https:\/\/images.epagine.fr\/475\/9782330194475_1_v.jpg"},"orderable":true,"show_badge":true,"formatted_price":"33,50&nbsp;\u20ac","formatted_published_date":"28 ao\u00fbt 2024","publisher_availability_label":"Sur commande","short_details":"Valentine Goby, Ivan Gros \u2014 Actes Sud","translator":null,"weight":1162,"page_count":400,"readership":null,"editor":"Actes Sud","price":3350,"published_date":"2024-08-27T22:00:00.000000Z","support":"Grand format","publisher_availability":1,"stock":0,"editions":[],"url":"https:\/\/quaidesbrumes.com\/ouvrage\/9782330194475\/kinderzimmer-dapres-le-roman-de-valentine-goby"},{"id":"9782344061107","title":"Le Masque du renard","description":"L'\u00e9veil des sens\r\nAdolescent rural, Romain m\u00e8ne une vie de lyc\u00e9en ordinaire, partag\u00e9e entre les cours et les sorties entre potes, en compagnie de ses ins\u00e9parables Paule et Gabriel. Mais depuis peu, son quotidien est troubl\u00e9 par l'apparition furtive d'un myst\u00e9rieux renard roux qui, chaque fois qu'il l'aper\u00e7oit, s'enfuit aussit\u00f4t. Un jour, Paule pr\u00e9sente un nouveau copain qui int\u00e8gre leur groupe. Il s'appelle C\u00f4me et est franco-japonais. Rapidement, une belle complicit\u00e9 s'installe entre C\u00f4me et Romain tandis que, toujours silencieux, le renard continue d'envoyer des signaux. Comme s'il savait un secret que Romain n'avait pas encore perc\u00e9...","authors":["Ewen Blain"],"category_codes":["3000000","3020000","3020300","3020305"],"visuals":{"large":"https:\/\/images.epagine.fr\/107\/9782344061107_1_75.jpg","medium":"https:\/\/images.epagine.fr\/107\/9782344061107_1_m.jpg","thumbnail":"https:\/\/images.epagine.fr\/107\/9782344061107_1_v.jpg"},"orderable":true,"show_badge":true,"formatted_price":"20,00&nbsp;\u20ac","formatted_published_date":"16 avril 2025","publisher_availability_label":"Sur commande","short_details":"Ewen Blain \u2014 Gl\u00e9nat","translator":null,"weight":456,"page_count":144,"readership":"Tout public","editor":"Gl\u00e9nat","price":2000,"published_date":"2025-04-15T22:00:00.000000Z","support":"Grand format","publisher_availability":1,"stock":0,"editions":[],"url":"https:\/\/quaidesbrumes.com\/ouvrage\/9782344061107\/le-masque-du-renard"},{"id":"9791039136440","title":"Civil War Tome 5 : Journal de guerre","description":"La Guerre Civile entre super-h\u00e9ros touche tout le monde, y compris l'homme de la rue. Journalistes et citoyens doivent d\u00e9cider dans quel camp ils se situent : pour la r\u00e9gulation des super-h\u00e9ros ou pour la protection de leurs identit\u00e9s secr\u00e8tes ? Quant \u00e0 Speedball, l'un des responsables tragiques de cette situation, son chemin de croix ne fait que commencer.\r\nLa s\u00e9rie Front Line, publi\u00e9e tout au long du crossover Civil War, offre une perspective unique, centr\u00e9e sur les simples citoyens de l'univers Marvel, \u00e0 la mani\u00e8re de la c\u00e9l\u00e8bre s\u00e9rie Marvels. Paul Jenkins, sc\u00e9nariste de Sentry et Wolverine : Les Origines, est aux commandes et nous d\u00e9voile, entre autres, l'une des descentes aux enfers les plus dramatiques pour un h\u00e9ros Marvel.","authors":["Paul Jenkins","Ramon F. Bachs","Lee Weeks","Leandro Fernandez"],"category_codes":["3000000","3030000","3030400"],"visuals":{"large":"https:\/\/images.epagine.fr\/440\/9791039136440_1_75.jpg","medium":"https:\/\/images.epagine.fr\/440\/9791039136440_1_m.jpg","thumbnail":"https:\/\/images.epagine.fr\/440\/9791039136440_1_v.jpg"},"orderable":true,"show_badge":true,"formatted_price":"9,99&nbsp;\u20ac","formatted_published_date":"20 ao\u00fbt 2025","publisher_availability_label":"Sur commande","short_details":"Paul Jenkins, Ramon F. Bachs, Lee Weeks, Leandro Fernandez \u2014 Panini","translator":null,"weight":558,"page_count":328,"readership":"\u00e0 partir de 12 ANS","editor":"Panini","price":999,"published_date":"2025-08-19T22:00:00.000000Z","support":"Poche","publisher_availability":1,"stock":0,"editions":[],"url":"https:\/\/quaidesbrumes.com\/ouvrage\/9791039136440\/civil-war-tome-5-journal-de-guerre"},{"id":"9782383870623","title":"Le n\u00e9cromanchien","description":"Hans Dubonheur et John Morose sont artistes, et se connaissent depuis toujours. Mais si Dubonheur et ses tableaux de chats connaissent un succ\u00e8s retentissant, le monde de l'Art persiste \u00e0 laisser Morose \u00e0 ses portes. Incapable de cr\u00e9er, Morose se retranche inlassablement derri\u00e8re l'id\u00e9e qu'il lui manque LE bon pinceau, LA bonne couleur... et refuse de voir qu'il est avant tout paralys\u00e9 par ses doutes. Mais un jour, son magasin de fournitures pr\u00e9f\u00e9r\u00e9 est remplac\u00e9 par une animalerie : quel d\u00e9sarroi ! En lieu et place du pinceau qui aurait tout chang\u00e9 - c'est s\u00fbr - Morose rentre chez lui avec, entre ses bras, un adorable petit chien... Dans son petit pavillon d\u00e9cr\u00e9pi, \u00e0 l'ombre de l'\u00e9crasante maison-atelier de son ancien camarade des Beaux-Arts, Morose rencontre alors le regard d\u00e9vou\u00e9 de son nouveau compagnon, et s'\u00e9merveille : le destin aurait-il enfin d\u00e9cid\u00e9 de rebattre ses cartes ? Apr\u00e8s \u00ab Bob et Sally sont des copains \u00bb, \u00ab Papayou \u00bb et \u00ab Micro Zouzou chez les maxi-zinzins \u00bb (avec L\u00e9on Maret), Matthias Ar\u00e9gui continue de c\u00e9l\u00e9brer l'amiti\u00e9 en puisant dans les codes du manga autant que dans ses souvenirs de 60 millions d'amis. Il navigue librement entre les registres, nous fait rire (en nous tirant une larme sans qu'on y prenne garde), pour nous parler cette fois, avec sinc\u00e9rit\u00e9, de la condition d'artiste : cr\u00e9er pour entamer un dialogue avec le monde, tout en \u00e9tant \u00e9cras\u00e9 par l'id\u00e9e que personne, peut-\u00eatre, ne r\u00e9pondra... Sans jamais se d\u00e9partir de son humour, avec un talent sans pareil pour mettre en sc\u00e8ne la tendresse, Matthias Ar\u00e9gui signe ici son livre le plus riche et abouti. Un chien, des chats, des doutes - et un fant\u00f4me, \u00e9videmment : Le N\u00e9cromanchien est un r\u00e9cit plein de lumi\u00e8re, aussi surprenant que dr\u00f4le, aussi \u00e9labor\u00e9 que poignant : l'oeuvre remarquable d'un artiste qui a trouv\u00e9 son langage.","authors":["Matthias Ar\u00e9gui"],"category_codes":["3000000","3020000","3020300"],"visuals":{"large":"https:\/\/images.epagine.fr\/623\/9782383870623_1_75.jpg","medium":"https:\/\/images.epagine.fr\/623\/9782383870623_1_m.jpg","thumbnail":"https:\/\/images.epagine.fr\/623\/9782383870623_1_v.jpg"},"orderable":true,"show_badge":true,"formatted_price":"24,00&nbsp;\u20ac","formatted_published_date":"8 septembre 2023","publisher_availability_label":"Sur commande","short_details":"Matthias Ar\u00e9gui \u2014 \u00c9ditions 2024","translator":null,"weight":898,"page_count":104,"readership":null,"editor":"\u00c9ditions 2024","price":2400,"published_date":"2023-09-07T22:00:00.000000Z","support":"Grand format","publisher_availability":1,"stock":0,"editions":[],"url":"https:\/\/quaidesbrumes.com\/ouvrage\/9782383870623\/le-necromanchien"},{"id":"9791032720011","title":"Switch Family Tome 3","description":"Maman, sors de ce corps !\r\nBonus limit\u00e9 au premier tirage : une jaquette alternative r\u00e9versible !\r\nIroha commence \u00e0 se douter que quelque chose ne tourne pas rond chez Oki... Son camarade, d'habitude si r\u00e9serv\u00e9, est devenu soudainement tr\u00e8s sociable. Elle d\u00e9cide donc de le prendre en filature afin de savoir de quoi il retourne ! \r\nLe lyc\u00e9en et sa m\u00e8re parviennent \u00e0 faire taire les soup\u00e7ons de la jeune fille... avant que Tsumugi ne se trahisse sur un d\u00e9tail dont elle n'avait pas connaissance ! Oki, quant \u00e0 lui, est de retour dans le pass\u00e9... et il sent bien que le corps dans lequel il est enferm\u00e9 est sur le point de l\u00e2cher ! Parviendra-t-il \u00e0 revenir \u00e0 son \u00e9poque avant qu'il ne soit trop tard ? ","authors":["Marie Sasano","Ry\u00f4suke Tanno"],"category_codes":["3000000","3040000","3040500","3040510"],"visuals":{"large":"https:\/\/images.epagine.fr\/011\/9791032720011_1_75.jpg","medium":"https:\/\/images.epagine.fr\/011\/9791032720011_1_m.jpg","thumbnail":"https:\/\/images.epagine.fr\/011\/9791032720011_1_v.jpg"},"orderable":true,"show_badge":true,"formatted_price":"7,95&nbsp;\u20ac","formatted_published_date":"28 ao\u00fbt 2025","publisher_availability_label":"Sur commande","short_details":"Marie Sasano, Ry\u00f4suke Tanno \u2014 Ki-oon","translator":null,"weight":200,"page_count":166,"readership":"\u00e0 partir de 12 ANS","editor":"Ki-oon","price":795,"published_date":"2025-08-27T22:00:00.000000Z","support":"Poche","publisher_availability":1,"stock":0,"editions":[],"url":"https:\/\/quaidesbrumes.com\/ouvrage\/9791032720011\/switch-family-tome-3"},{"id":"9782373494051","title":"La mythologie grecque","description":"Avant la terre, la mer et le ciel, \u00e9tait le chaos... Puis, Ga\u00efa, m\u00e8re de toute nature, fit son apparition, permettant \u00e0 l'univers de devenir ce qu'il est et aux terribles Titans de le diriger. Ce n'est que bien plus tard que Zeus et les onze autres dieux de l'Olympe prirent enfin le pouvoir afin de r\u00e9gner sur son immensit\u00e9. Ainsi, \u00e0 travers ses divinit\u00e9s, ses h\u00e9ros et ses trag\u00e9dies, la mythologie grecque pouvait finalement nous \u00eatre cont\u00e9e. De Cronos le Titan \u00e0 Achille le h\u00e9ros immortel, en passant par H\u00e9racl\u00e8s, retrouvez ces nombreux r\u00e9cits qui ont marqu\u00e9 la Gr\u00e8ce antique et le monde entier pendant des mill\u00e9naires.","authors":["Daichi Banjo"],"category_codes":["3000000","3040000"],"visuals":{"large":"https:\/\/images.epagine.fr\/051\/9782373494051_1_75.jpg","medium":"https:\/\/images.epagine.fr\/051\/9782373494051_1_m.jpg","thumbnail":"https:\/\/images.epagine.fr\/051\/9782373494051_1_v.jpg"},"orderable":true,"show_badge":true,"formatted_price":"8,90&nbsp;\u20ac","formatted_published_date":"9 octobre 2019","publisher_availability_label":"Sur commande","short_details":"Daichi Banjo \u2014 Nobi Nobi","translator":null,"weight":180,"page_count":176,"readership":"\u00e0 partir de 11 ANS","editor":"Nobi Nobi","price":890,"published_date":"2019-10-08T22:00:00.000000Z","support":"Poche","publisher_availability":1,"stock":0,"editions":[],"url":"https:\/\/quaidesbrumes.com\/ouvrage\/9782373494051\/la-mythologie-grecque"},{"id":"9782330178154","title":"Cornelius","description":"Cornelius est un chien na\u00eff, l\u00e2che et sans doute d\u00e9pressif qui travaille comme gar\u00e7on d'entretien dans un centre sportif. Il est t\u00e9moin de l'enl\u00e8vement d'Alspacka, la ni\u00e8ce de son patron.\r\nAlors qu'Alspacka tente de s'\u00e9vader de sa prison. Cornelius, lui, entre dans une spirale d'actions malheureuses qui conduisent les d\u00e9tectives enqu\u00eatant sur l'affaire \u00e0 penser que Cornelius est le ravisseur.\r\nCe simple MacGuffin permet \u00e0 Marc Torices de b\u00e2tir la structure narrative de son r\u00e9cit comme une anthologie de fanzine, magazine, jo urnaux et qui convoque toute l'histoire graphique de la bande dessin\u00e9e internationale. Les registres de langage accompagne la dramaturgie du r\u00e9cit. et fouille la psychologie de ses personnages.","authors":["Marc Torices","Fernanda Rivera"],"category_codes":["3000000","3020000","3020200"],"visuals":{"large":"https:\/\/images.epagine.fr\/154\/9782330178154_1_75.jpg","medium":"https:\/\/images.epagine.fr\/154\/9782330178154_1_m.jpg","thumbnail":"https:\/\/images.epagine.fr\/154\/9782330178154_1_v.jpg"},"orderable":true,"show_badge":true,"formatted_price":"34,00&nbsp;\u20ac","formatted_published_date":"16 octobre 2024","publisher_availability_label":"Sur commande","short_details":"Marc Torices, Fernanda Rivera \u2014 Actes Sud","translator":"FERNANDA RIVERA","weight":1490,"page_count":384,"readership":null,"editor":"Actes Sud","price":3400,"published_date":"2024-10-15T22:00:00.000000Z","support":"Grand format","publisher_availability":1,"stock":0,"editions":[],"url":"https:\/\/quaidesbrumes.com\/ouvrage\/9782330178154\/cornelius"},{"id":"9782386690624","title":"Saint-John Perse, d'Atlantique","description":"Qui \u00e9tait vraiment Saint-John Perse\u00a0? \u00c0 la fois po\u00e8te, diplomate et globe-trotteur, Alexis Leger na\u00eet \u00e0 la fin du \r\nXIXe si\u00e8cle en Guadeloupe qu'il quitte enfant avec sa famille pour la m\u00e9tropole. Apr\u00e8s un d\u00e9but remarqu\u00e9 en po\u00e9sie, il opte finalement pour une carri\u00e8re diplomatique, tout en continuant \r\n\u00e0 \u00e9crire avant de conna\u00eetre une reconnaissance internationale \r\nen 1960 avec le prix Nobel de litt\u00e9rature. Sept autrices et auteurs de bande dessin\u00e9e nous entra\u00eenent \u00e0 sa suite, des Antilles \u00e0\r\n la Provence, en passant par l'Asie et le continent am\u00e9ricain.\r\n Une plong\u00e9e fascinante dans l'int\u00e9riorit\u00e9 de cet \u00e9crivain inclassable, infatigable po\u00e8te-voyageur.","authors":["Nina Six","Fr\u00e9d\u00e9ric Coch\u00e9","Lisa Lugrin","Oriane Lassus","Thomas Gosselin","Octavia Eichler","Fran\u00e7ois Henninger"],"category_codes":["3000000","3020000"],"visuals":{"large":"https:\/\/images.epagine.fr\/624\/9782386690624_1_75.jpg","medium":"https:\/\/images.epagine.fr\/624\/9782386690624_1_m.jpg","thumbnail":"https:\/\/images.epagine.fr\/624\/9782386690624_1_v.jpg"},"orderable":true,"show_badge":false,"formatted_price":"19,00&nbsp;\u20ac","formatted_published_date":"8 octobre 2025","publisher_availability_label":"Sur commande","short_details":"Nina Six, Fr\u00e9d\u00e9ric Coch\u00e9, Lisa Lugrin, Oriane Lassus, Thomas Gosselin, Octavia Eichler, Fran\u00e7ois Henninger \u2014 \u00c9ditions Cambourakis","translator":null,"weight":468,"page_count":96,"readership":null,"editor":"\u00c9ditions Cambourakis","price":1900,"published_date":"2025-10-07T22:00:00.000000Z","support":"Grand format","publisher_availability":1,"stock":1,"editions":[],"url":"https:\/\/quaidesbrumes.com\/ouvrage\/9782386690624\/saint-john-perse-datlantique"}]}