{"data":[{"id":"9782822222167","title":"La rivi\u00e8re \u00e0 l'envers Tome 1","description":"Tomek, un jeune \u00e9picier de 13 ans, r\u00eave d'aventures. Un jour, Hannah vient lui acheter un sucre d'orge et lui demande si elle peut trouver de l'eau de la rivi\u00e8re Qjar dans son \u00e9picerie. C'est une rivi\u00e8re qui s'\u00e9coule \u00e0 l'envers et dont l'eau rend immortel.\r","authors":["Maxe L'Hermenier","Djet","Jean-Claude Mourlevat"],"category_codes":["3000000","3020000","3020200","3020206"],"visuals":{"large":"https:\/\/images.epagine.fr\/167\/9782822222167_1_75.jpg","medium":"https:\/\/images.epagine.fr\/167\/9782822222167_1_m.jpg","thumbnail":"https:\/\/images.epagine.fr\/167\/9782822222167_1_v.jpg"},"orderable":true,"show_badge":true,"formatted_price":"17,95&nbsp;\u20ac","formatted_published_date":"17 octobre 2018","publisher_availability_label":"Sur commande","short_details":"Maxe L'Hermenier, Djet, Jean-Claude Mourlevat \u2014 \u00c9ditions Jungle","translator":null,"weight":596,"page_count":72,"readership":null,"editor":"\u00c9ditions Jungle","price":1795,"published_date":"2018-10-16T22:00:00.000000Z","support":"Grand format","publisher_availability":1,"stock":0,"editions":[],"url":"https:\/\/quaidesbrumes.com\/ouvrage\/9782822222167\/la-riviere-a-lenvers-tome-1"},{"id":"9782505065357","title":"XIII Mystery Tome 10 : Calvin Wax","description":"Dans ce 10e tome de XIII Mystery, Fred Duval et le jeune dessinateur talentueux Corentin Rouge l\u00e8vent le voile sur Calvin Wax, le n\u00b0 2 de la Conspiration des XX. Fut-il vraiment rejet\u00e9 par William Sheridan car trop proche du Ku Klux Klan ? En voulant recruter le n\u00b0 1, Wax r\u00e9v\u00e8le quel est son v\u00e9ritable r\u00f4le : celui de l'homme de l'ombre, de l'ex\u00e9cuteur des basses oeuvres, qui tire les ficelles en usant de proc\u00e9d\u00e9s peu avouables dans les coulisses d'une campagne pr\u00e9sidentielle men\u00e9e avec succ\u00e8s...\r","authors":["Fred Duval","Corentin Rouge"],"category_codes":["3000000","3020000","3020100","3020107"],"visuals":{"large":"https:\/\/images.epagine.fr\/357\/9782505065357_1_75.jpg","medium":"https:\/\/images.epagine.fr\/357\/9782505065357_1_m.jpg","thumbnail":"https:\/\/images.epagine.fr\/357\/9782505065357_1_v.jpg"},"orderable":true,"show_badge":true,"formatted_price":"13,95&nbsp;\u20ac","formatted_published_date":"28 octobre 2016","publisher_availability_label":"Sur commande","short_details":"Fred Duval, Corentin Rouge \u2014 Dargaud","translator":null,"weight":416,"page_count":64,"readership":"\u00e0 partir de 12 ANS","editor":"Dargaud","price":1395,"published_date":"2016-10-27T22:00:00.000000Z","support":"Grand format","publisher_availability":1,"stock":0,"editions":[],"url":"https:\/\/quaidesbrumes.com\/ouvrage\/9782505065357\/xiii-mystery-tome-10-calvin-wax"},{"id":"9782728927616","title":"La bible en manga","description":"Pour la premi\u00e8re fois en fran\u00e7ais, ce volume regroupe en un seul volume les trois tomes de la bible de Masakazu Higuchi, l'une des stars du dessin anim\u00e9 japonais. De la cr\u00e9ation du monde aux voyages de saint Paul, tous les grands \u00e9pisodes de l'histoire de l'alliance de Dieu avec les hommes sont retrac\u00e9s dans un style graphique simple et dynamique qui ravira le jeune lecteur. Une premi\u00e8re approche id\u00e9ale de l'ensemble de ce texte insurpassable !\r","authors":["Mazakazu Higuchi"],"category_codes":["3000000","3020000","3020200","3020208"],"visuals":{"large":"https:\/\/images.epagine.fr\/616\/9782728927616_1_75.jpg","medium":"https:\/\/images.epagine.fr\/616\/9782728927616_1_m.jpg","thumbnail":"https:\/\/images.epagine.fr\/616\/9782728927616_1_v.jpg"},"orderable":true,"show_badge":true,"formatted_price":"29,90&nbsp;\u20ac","formatted_published_date":"15 mai 2020","publisher_availability_label":"Sur commande","short_details":"Mazakazu Higuchi \u2014 Mame","translator":null,"weight":1364,"page_count":848,"readership":"\u00e0 partir de 9 ANS","editor":"Mame","price":2990,"published_date":"2020-05-14T22:00:00.000000Z","support":"Grand format","publisher_availability":1,"stock":0,"editions":[],"url":"https:\/\/quaidesbrumes.com\/ouvrage\/9782728927616\/la-bible-en-manga"},{"id":"9791034747801","title":"Raowl Tome 2 : peau d'\u00e2ne, la princesse qui pue","description":"Quand Raowl rencontre Peau d'\u00c2ne, elle n'a pas besoin de lui. Car son truc \u00e0 elle, c'est la peau de b\u00eate et la baston au fond des bois o\u00f9 elle s'est r\u00e9fugi\u00e9e pour \u00e9chapper aux chasseurs de primes envoy\u00e9s par son p\u00e8re qui, \u00e0 d\u00e9faut de se remarier avec elle, voudrait lui faire prendre un bain. Pendant ce temps au ch\u00e2teau, une nouvelle reine impose la dictature de l'hygi\u00e8ne \u00e0 tout le royaume. Il faudra bien affronter cette sorci\u00e8re maniaque de la propret\u00e9. Toujours au service des princesses en d\u00e9tresse, m\u00eame celles qui empestent, Raowl peut toujours esp\u00e9rer se voir r\u00e9compenser d'un baiser \u00e0 l'haleine de poney !\r","authors":["T\u00e9bo"],"category_codes":["3000000","3020000","3020200","3020211"],"visuals":{"large":"https:\/\/images.epagine.fr\/801\/9791034747801_1_75.jpg","medium":"https:\/\/images.epagine.fr\/801\/9791034747801_1_m.jpg","thumbnail":"https:\/\/images.epagine.fr\/801\/9791034747801_1_v.jpg"},"orderable":true,"show_badge":true,"formatted_price":"13,50&nbsp;\u20ac","formatted_published_date":"29 janvier 2021","publisher_availability_label":"Sur commande","short_details":"T\u00e9bo \u2014 Dupuis","translator":null,"weight":605,"page_count":72,"readership":"\u00e0 partir de 9 ANS","editor":"Dupuis","price":1350,"published_date":"2021-01-28T23:00:00.000000Z","support":"Grand format","publisher_availability":1,"stock":0,"editions":[],"url":"https:\/\/quaidesbrumes.com\/ouvrage\/9791034747801\/raowl-tome-2-peau-dane-la-princesse-qui-pue"},{"id":"9782360122134","title":"Sortir du ventre du loup","description":"Que se passe-t-il dans la vie du Petit Chaperon Rouge apr\u00e8s \u00eatre sortie du ventre du loup ? Et que se passe-t-il dans la vie des victimes de violences subies dans l'enfance ? \r\n\r\nCe roman graphique offre aux lectrices et lecteurs un voyage au coeur des r\u00e9actions \u00e9motionnelles, des envies et des transformations subies ou n\u00e9cessaires apr\u00e8s une travers\u00e9e post-traumatique. Que devient-on quand on a \u00e9t\u00e9 traumatis\u00e9\u00b7e ? Quels chemins emprunte-t-on pour vivre, ou survivre ? Quels sont nos nouveaux tocs, nos nouvelles habitudes, nos changement alimentaires ou vestimentaires ? Comment r\u00e9agit-on \u00e9motionnellement ? Que devient notre rapport \u00e0 soi et aux autres ? \r\n\r\nChaque page de ce roman graphique puissant apporte une nouvelle r\u00e9ponse r\u00e9aliste, imaginaire, po\u00e9tique, dr\u00f4le ou parfois crue \u00e0 cette question. Des plus rationnelles aux plus d\u00e9lur\u00e9es, en passant par les plus inattendues, les r\u00e9ponses abord\u00e9es explorent \u00e0 tour de r\u00f4le les \u00e9motions, les recherches de r\u00e9confort, les mises en action. De nombreuses \u00e9tapes d'une reconstruction int\u00e9rieure sont \u00e9voqu\u00e9es, n'h\u00e9sitant pas \u00e0 aller fouiller dans des recoins sombres ou plus joyeux. \r\n\r\nAu-del\u00e0 de ce lien tr\u00e8s fort avec les traumatismes subis par les enfants victimes, les strat\u00e9gies mises en oeuvre par ce petit chaperon rouge des temps modernes pour continuer \u00e0 investir un espace public hostile r\u00e9sonneront aux oreilles de toutes les femmes, coutumi\u00e8res des VSS et du harc\u00e8lement de rue.\r\n\r\nLe rythme et l'alternance des pages peintes\/pages crayonn\u00e9es, l'\u00e9criture volontairement fragile et chaotique contribuent \u00e0 l'effet immersif et angoissant de cette plong\u00e9e en apn\u00e9e dans les traumas des enfants victimes, qui prennent ici la forme d'une silhouette blanche, \u00e0 la fois forte et fragile, nous entra\u00eenant avec elle dans cette travers\u00e9e du stress post-traumatique.\r","authors":["Charlotte Melly"],"category_codes":["3000000","3020000","3020300"],"visuals":{"large":"https:\/\/images.epagine.fr\/134\/9782360122134_1_75.jpg","medium":"https:\/\/images.epagine.fr\/134\/9782360122134_1_m.jpg","thumbnail":"https:\/\/images.epagine.fr\/134\/9782360122134_1_v.jpg"},"orderable":true,"show_badge":true,"formatted_price":"18,00&nbsp;\u20ac","formatted_published_date":"4 avril 2025","publisher_availability_label":"Sur commande","short_details":"Charlotte Melly \u2014 La Ville Br\u00fble","translator":null,"weight":414,"page_count":92,"readership":"Tout public","editor":"La Ville Br\u00fble","price":1800,"published_date":"2025-04-03T22:00:00.000000Z","support":"Grand format","publisher_availability":1,"stock":0,"editions":[],"url":"https:\/\/quaidesbrumes.com\/ouvrage\/9782360122134\/sortir-du-ventre-du-loup"},{"id":"9782808501927","title":"Les singes","description":"Manon revient chez ses parents pour l'\u00e9t\u00e9, l'occasion pour elle de passer le permis, de renouer avec de vieilles connaissances, mais surtout de retrouver le cocon familial. H\u00e9las, l'ambiance n'est pas au rendez-vous. Sa m\u00e8re est aux abonn\u00e9s absents tandis que son p\u00e8re semble avoir l'esprit ailleurs. Ce dernier est en effet pr\u00e9occup\u00e9 par sa relation avec celle qui n'est autre que la soeur de sa femme. Celle-ci, enceinte, compte bien garder le b\u00e9b\u00e9, fruit de leur adult\u00e8re. Entre non-dits et tensions, accabl\u00e9e par la chaleur de l'\u00e9t\u00e9, la famille ne va pas tarder \u00e0 exploser.\r\n\r\nUn roman graphique \u00e0 la mise en sc\u00e8ne et \u00e0 l'atmosph\u00e8re hitchcockiennes, deuxi\u00e8me bande dessin\u00e9e de Yann Le Bec dans \u00ab Les Ondes \u00bb.\r","authors":["Yann Le Bec"],"category_codes":["3000000","3020000","3020300","3020306"],"visuals":{"large":"https:\/\/images.epagine.fr\/927\/9782808501927_1_75.jpg","medium":"https:\/\/images.epagine.fr\/927\/9782808501927_1_m.jpg","thumbnail":"https:\/\/images.epagine.fr\/927\/9782808501927_1_v.jpg"},"orderable":true,"show_badge":true,"formatted_price":"24,00&nbsp;\u20ac","formatted_published_date":"19 septembre 2025","publisher_availability_label":"Sur commande","short_details":"Yann Le Bec \u2014 Dupuis","translator":null,"weight":670,"page_count":144,"readership":"Tout public","editor":"Dupuis","price":2400,"published_date":"2025-09-18T22:00:00.000000Z","support":"Grand format","publisher_availability":1,"stock":0,"editions":[],"url":"https:\/\/quaidesbrumes.com\/ouvrage\/9782808501927\/les-singes"},{"id":"9791026825524","title":"Batman - dark patterns Tome 1 : L'homme bless\u00e9","description":"Affaire #1 : Une s\u00e9rie de meurtres effroyables a provoqu\u00e9 une onde de choc \u00e0 Gotham. La piste m\u00e8ne tout droit vers un sinistre tueur en s\u00e9rie, au corps perc\u00e9 d'innombrables clous et baptis\u00e9 l'\u00e9corch\u00e9. Mais s'agit-il des agissements d'un seul d\u00e9sax\u00e9, ou y a-t-il quelque chose d'encore plus sinistre en jeu ?\r","authors":["Dan Watters","Hayden Sherman","Basile B\u00e9guerie"],"category_codes":["3000000","3030000","3030400"],"visuals":{"large":"https:\/\/images.epagine.fr\/524\/9791026825524_1_75.jpg","medium":"https:\/\/images.epagine.fr\/524\/9791026825524_1_m.jpg","thumbnail":"https:\/\/images.epagine.fr\/524\/9791026825524_1_v.jpg"},"orderable":true,"show_badge":true,"formatted_price":"16,00&nbsp;\u20ac","formatted_published_date":"2 mai 2025","publisher_availability_label":"Sur commande","short_details":"Dan Watters, Hayden Sherman, Basile B\u00e9guerie \u2014 Urban Comics","translator":"BASILE BEGUERIE","weight":438,"page_count":80,"readership":"\u00e0 partir de 15 ans","editor":"Urban Comics","price":1600,"published_date":"2025-05-01T22:00:00.000000Z","support":"Grand format","publisher_availability":1,"stock":0,"editions":[],"url":"https:\/\/quaidesbrumes.com\/ouvrage\/9791026825524\/batman-dark-patterns-tome-1-lhomme-blesse"},{"id":"9782811616076","title":"L'attaque des titans - before the fall Tome 1","description":"L'apparition soudaine des Titans conduit les Hommes \u00e0 \u00e9riger de solides remparts derri\u00e8re lesquels ils se retranchent pour \u00e9chapper \u00e0 l'extermination. Trente ans apr\u00e8s la construction de ces murs, un monstre parvient \u00e0 p\u00e9n\u00e9trer dans le district de Shiganshina o\u00f9 il commet un massacre. Dans les rejets qu'il laisse de son festin est retrouv\u00e9e une femme enceinte... et contre toute attente, son b\u00e9b\u00e9 a surv\u00e9cu...Une pr\u00e9quelle \u00e9blouissante qui l\u00e8vera le voile sur les origines du dispositif de manoeuvre tridimensionnelle, soixante-dix ans avant les \u00e9v\u00e9nements relat\u00e9s dans la s\u00e9rie principale !","authors":["Ry\u00f4 Suzukaze","Satoshi Shiki"],"category_codes":["3000000","3040000","3040600","3040605"],"visuals":{"large":"https:\/\/images.epagine.fr\/076\/9782811616076_1_75.jpg","medium":"https:\/\/images.epagine.fr\/076\/9782811616076_1_m.jpg","thumbnail":"https:\/\/images.epagine.fr\/076\/9782811616076_1_v.jpg"},"orderable":true,"show_badge":true,"formatted_price":"7,20&nbsp;\u20ac","formatted_published_date":"1er octobre 2014","publisher_availability_label":"Sur commande","short_details":"Ry\u00f4 Suzukaze, Satoshi Shiki \u2014 Pika \u00c9dition","translator":null,"weight":178,"page_count":176,"readership":"\u00e0 partir de 15 ans","editor":"Pika \u00c9dition","price":720,"published_date":"2014-09-30T22:00:00.000000Z","support":"Poche","publisher_availability":1,"stock":0,"editions":[],"url":"https:\/\/quaidesbrumes.com\/ouvrage\/9782811616076\/lattaque-des-titans-before-the-fall-tome-1"},{"id":"9782869679931","title":"Joe bar team Tome 5","description":"Ils sont 7 cingl\u00e9s \u00e0 moto pr\u00eats \u00e0 tout. Champions des tours chronom\u00e9tr\u00e9s du p\u00e2t\u00e9 de maison, ces rois de l'arsouille cumulent les gamelles. Quand ils ne sont pas sur leurs motos, on les retrouve au comptoir du Joe Bar en train de commenter leurs derniers exploits avec une mauvaise foi de rigueur... Cette BD qui p\u00e9tarade, sent l'huile bouillie et le radar cram\u00e9, est plus qu'un succ\u00e8s ph\u00e9nom\u00e9nal. Tous les motards en herbe se sont r\u00e9veill\u00e9s \u00e0 la lecture de ces gags pour, \u00e0 l'unisson, chanter la gloire du Joe Bar Team... refrain repris en coeur par les lecteurs de BD du monde entier. \r\n\r\nNon, vous ne r\u00eavez pas ! Oui, vous avez bien lu ! Voici le nouvel album des aventures du Joe Bar Team ! Et, accrochez-vous bien, dessin\u00e9 et sc\u00e9naris\u00e9 par Bar2 en personne, le cr\u00e9ateur de la s\u00e9rie qui, apr\u00e8s de longues ann\u00e9es d'absence, insupportables pour ses nombreux fans, a d\u00e9cid\u00e9 de revenir au dessin, et \u00e0 sa s\u00e9rie f\u00e9tiche... !!! Quand les r\u00eaves les plus fous deviennent r\u00e9alit\u00e9...\r\nVous allez d\u00e9couvrir un Bar2 au top de sa forme, aussi surexcit\u00e9 que ses motards, pr\u00eats \u00e0 gagner tout un tas de nouvelles courses !\r\nAttention, raz de mar\u00e9e en pr\u00e9vision !","authors":["Bar2"],"category_codes":["3000000","3020000","3020100","3020111"],"visuals":{"large":"https:\/\/images.epagine.fr\/931\/9782869679931_1_75.jpg","medium":"https:\/\/images.epagine.fr\/931\/9782869679931_1_m.jpg","thumbnail":"https:\/\/images.epagine.fr\/931\/9782869679931_1_v.jpg"},"orderable":true,"show_badge":true,"formatted_price":"11,50&nbsp;\u20ac","formatted_published_date":"5 novembre 2003","publisher_availability_label":"Sur commande","short_details":"Bar2 \u2014 Vents d'Ouest","translator":null,"weight":385,"page_count":48,"readership":null,"editor":"Vents d'Ouest","price":1150,"published_date":"2003-11-04T23:00:00.000000Z","support":"Grand format","publisher_availability":1,"stock":0,"editions":[],"url":"https:\/\/quaidesbrumes.com\/ouvrage\/9782869679931\/joe-bar-team-tome-5"},{"id":"9782384961627","title":"Iruma \u00e0 l'\u00e9cole des d\u00e9mons Tome 22","description":"Maintenant qu'il est pass\u00e9 au rang cinq, une nouvelle \u00e9preuve attend Iruma : participer avec Kuromu au grand tournoi de fin d'ann\u00e9e o\u00f9 s'affrontent les meilleures diablodoles de l'enfer !! Qui sera la plus mignonne de toutes ?! Le combat s'annonce rude, mais quand il s'agit d'aider une amie, Iruma n'h\u00e9site pas et sort les froufrous !","authors":["Osamu Nishi","Fabrice Colin","Antoine Brivet"],"category_codes":["3000000","3040000","3040500","3040510"],"visuals":{"large":"https:\/\/images.epagine.fr\/627\/9782384961627_1_75.jpg","medium":"https:\/\/images.epagine.fr\/627\/9782384961627_1_m.jpg","thumbnail":"https:\/\/images.epagine.fr\/627\/9782384961627_1_v.jpg"},"orderable":true,"show_badge":true,"formatted_price":"7,20&nbsp;\u20ac","formatted_published_date":"17 avril 2024","publisher_availability_label":"Sur commande","short_details":"Osamu Nishi, Fabrice Colin, Antoine Brivet \u2014 Nobi Nobi","translator":null,"weight":168,"page_count":192,"readership":"\u00e0 partir de 8 ANS","editor":"Nobi Nobi","price":720,"published_date":"2024-04-16T22:00:00.000000Z","support":"Poche","publisher_availability":1,"stock":0,"editions":[],"url":"https:\/\/quaidesbrumes.com\/ouvrage\/9782384961627\/iruma-a-lecole-des-demons-tome-22"},{"id":"9782372878364","title":"Gran Familia Tome 2","description":"L'histoire de la mafia new-yorkaise revisit\u00e9e !\r\nVampires et loups-garous. Pistolets et crocs.\r\nL'affrontement de deux id\u00e9aux s'est transform\u00e9 en une bataille \u00e9pique, provoquant un bouleversement majeur dans le monde. Pour ne rien arranger, un nouveau mutant, Yohan Ganbino, fait son apparition et prend L\u00e9o pour cible. Yohan convoiterait apparemment la chevali\u00e8re de la Gran Familia que poss\u00e8de L\u00e9o, preuve de son appartenance au clan le plus puissant.","authors":["Kenji Hamada"],"category_codes":["3000000","3040000","3040600","3040605"],"visuals":{"large":"https:\/\/images.epagine.fr\/364\/9782372878364_1_75.jpg","medium":"https:\/\/images.epagine.fr\/364\/9782372878364_1_m.jpg","thumbnail":"https:\/\/images.epagine.fr\/364\/9782372878364_1_v.jpg"},"orderable":true,"show_badge":true,"formatted_price":"7,99&nbsp;\u20ac","formatted_published_date":"9 janvier 2025","publisher_availability_label":"Sur commande","short_details":"Kenji Hamada \u2014 Komikku \u00e9ditions","translator":null,"weight":186,"page_count":192,"readership":null,"editor":"Komikku \u00e9ditions","price":799,"published_date":"2025-01-08T23:00:00.000000Z","support":"Poche","publisher_availability":1,"stock":0,"editions":[],"url":"https:\/\/quaidesbrumes.com\/ouvrage\/9782372878364\/gran-familia-tome-2"},{"id":"9791032716403","title":"Ranking of kings Tome 15","description":"Le parcours riche en \u00e9motions et en aventures d'un petit prince sourd-muet \u00e0 la conqu\u00eate du monde !\r\nLe royaume de Kuhya est la cible d'une inf\u00e2me bande de voleurs ! La princesse Mehi et le roi sont en danger... En effet, Ringi n'\u00e9tait autre qu'une taupe au service de Geslan. Heureusement, le commandant Sadi, aid\u00e9 du brave Ombre, jette toutes ses forces dans la bataille pour sauver ceux qui lui sont chers...\r\nPendant ce temps, Bojji tente de retrouver son meilleur ami, avec lequel il s'\u00e9tait disput\u00e9 au sujet de l'inconnu \u00e0 la jambe de bois. En chemin, le petit prince ren- contre un homme \u00e9trange qui semble lui conf\u00e9rer une nouvelle puissance...\r\nSuivez un petit prince d\u00e9sarmant de gentillesse dans son apprentissage de la vie ! D'abord publi\u00e9 en amateur sur Internet, \r\nRanking of Kings a cr\u00e9\u00e9 un tel engouement qu'il a \u00e9t\u00e9 rep\u00e9r\u00e9 par l'un des plus grands \u00e9diteurs du Japon, puis adapt\u00e9 en anime. Sous ses aspects enfantins, cette attachante histoire cache une \u00e9tonnante profondeur. Quel que soit votre \u00e2ge, vous saurez y puiser r\u00e9confort et courage !\r","authors":["S\u00f4suke Toka"],"category_codes":["3000000","3040000","3040500","3040508"],"visuals":{"large":"https:\/\/images.epagine.fr\/403\/9791032716403_1_75.jpg","medium":"https:\/\/images.epagine.fr\/403\/9791032716403_1_m.jpg","thumbnail":"https:\/\/images.epagine.fr\/403\/9791032716403_1_v.jpg"},"orderable":true,"show_badge":true,"formatted_price":"7,95&nbsp;\u20ac","formatted_published_date":"17 avril 2025","publisher_availability_label":"Sur commande","short_details":"S\u00f4suke Toka \u2014 Ki-oon","translator":null,"weight":220,"page_count":226,"readership":"\u00e0 partir de 10 ANS","editor":"Ki-oon","price":795,"published_date":"2025-04-16T22:00:00.000000Z","support":"Poche","publisher_availability":1,"stock":0,"editions":[],"url":"https:\/\/quaidesbrumes.com\/ouvrage\/9791032716403\/ranking-of-kings-tome-15"},{"id":"9791092457353","title":"D\u00e9p\u00f4t de bilan de comp\u00e9tences","description":"Dans cette nouvelle BD, David Snug s'inspire de son parcours professionnel pour nous livrer une critique du travail d\u00e9cal\u00e9e et document\u00e9e. H\u00e9ritier de Bob Black et Paul Lafargue, il d\u00e9nonce avec humour l'absurdit\u00e9 du salariat et les travers du capitalisme tout en cultivant ce go\u00fbt pour la libert\u00e9 et l'autonomie qui lui sont chers.\r\nDe ses \u00e9tudes d'art appliqu\u00e9 \u00e0 l'usine en passant par la case ch\u00f4mage, l'int\u00e9rim et son lot de boulots pr\u00e9caires, il aborde la question du d\u00e9terminisme social, la p\u00e9nibilit\u00e9 du travail \u00e0 la cha\u00eene, la vacuit\u00e9 des formations dites professionnalisantes, pour pointer les disfonctionnements du syst\u00e8me et pr\u00f4ner une vie en marge, mais pas oisive, et envisager des pistes alternatives d'activit\u00e9s.","authors":["David Snug"],"category_codes":["3000000","3020000","3020300"],"visuals":{"large":"https:\/\/images.epagine.fr\/353\/9791092457353_1_75.jpg","medium":"https:\/\/images.epagine.fr\/353\/9791092457353_1_m.jpg","thumbnail":"https:\/\/images.epagine.fr\/353\/9791092457353_1_v.jpg"},"orderable":true,"show_badge":true,"formatted_price":"15,00&nbsp;\u20ac","formatted_published_date":"17 f\u00e9vrier 2020","publisher_availability_label":"Sur commande","short_details":"David Snug \u2014 Nada \u00c9ditions","translator":null,"weight":401,"page_count":96,"readership":null,"editor":"Nada \u00c9ditions","price":1500,"published_date":"2020-02-16T23:00:00.000000Z","support":"Grand format","publisher_availability":1,"stock":0,"editions":[],"url":"https:\/\/quaidesbrumes.com\/ouvrage\/9791092457353\/depot-de-bilan-de-competences"},{"id":"9782372878494","title":"Almark Tome 4","description":"Suivez l'\u00e9pop\u00e9e d'Almark, fils d'un c\u00e9l\u00e8bre mercenaire, au potentiel magique exceptionnel !\r\nAlmark int\u00e8gre l'acad\u00e9mie de magie de Nork afin de devenir mage et de tenir la promesse qu'il a faite \u00e0 son p\u00e8re. Wendy invite Almark et Morgen \u00e0 venir passer quelques jours dans le manoir de sa famille pendant les vacances d'\u00e9t\u00e9, quand la p\u00e9riode d'examens sera derri\u00e8re eux. Cependant, quelques jours plus tard, les deux gar\u00e7ons re\u00e7oivent une lettre de sa part disant \"Pardonnez-moi\" Ils partent alors sauver leur amie des griffes d'un rival politique de son p\u00e8re.","authors":["Noboru Yamada","Posuka Demizu","Hiyoto Yunoki"],"category_codes":["3000000","3040000","3040600","3040604"],"visuals":{"large":"https:\/\/images.epagine.fr\/494\/9782372878494_1_75.jpg","medium":"https:\/\/images.epagine.fr\/494\/9782372878494_1_m.jpg","thumbnail":"https:\/\/images.epagine.fr\/494\/9782372878494_1_v.jpg"},"orderable":true,"show_badge":true,"formatted_price":"7,99&nbsp;\u20ac","formatted_published_date":"27 mars 2025","publisher_availability_label":"Sur commande","short_details":"Noboru Yamada, Posuka Demizu, Hiyoto Yunoki \u2014 Komikku \u00e9ditions","translator":null,"weight":174,"page_count":173,"readership":"\u00e0 partir de 12 ANS","editor":"Komikku \u00e9ditions","price":799,"published_date":"2025-03-26T23:00:00.000000Z","support":"Poche","publisher_availability":1,"stock":0,"editions":[],"url":"https:\/\/quaidesbrumes.com\/ouvrage\/9782372878494\/almark-tome-4"},{"id":"9782072794155","title":"Culott\u00e9es ; des femmes qui ne font que ce qu'elles veulent Tome 1 : Deuxi\u00e8me partie","description":"Danseuse r\u00e9sistante ou gyn\u00e9cologue, imp\u00e9ratrice ou gardienne de phare, les Culott\u00e9es font voler en \u00e9clats les pr\u00e9jug\u00e9s. Sept portraits de femmes qui ont invent\u00e9 leur destin.","authors":["P\u00e9n\u00e9lope Bagieu"],"category_codes":["3000000","3020000","3020100","3020103"],"visuals":{"large":"https:\/\/images.epagine.fr\/155\/9782072794155_1_75.jpg","medium":"https:\/\/images.epagine.fr\/155\/9782072794155_1_m.jpg","thumbnail":"https:\/\/images.epagine.fr\/155\/9782072794155_1_v.jpg"},"orderable":true,"show_badge":false,"formatted_price":"7,65&nbsp;\u20ac","formatted_published_date":"1er novembre 2018","publisher_availability_label":"Sur commande","short_details":"P\u00e9n\u00e9lope Bagieu \u2014 Folio","translator":null,"weight":150,"page_count":80,"readership":"Tout public","editor":"Folio","price":765,"published_date":"2018-10-31T23:00:00.000000Z","support":"Poche","publisher_availability":1,"stock":3,"editions":[],"url":"https:\/\/quaidesbrumes.com\/ouvrage\/9782072794155\/culottees-des-femmes-qui-ne-font-que-ce-quelles-veulent-tome-1-deuxieme-partie"},{"id":"9782369812067","title":"Un \u00e9t\u00e9 d'enfer !","description":"Arriv\u00e9e de Russie, Vera veut \u00e0 tout prix s'int\u00e9grer dans sa nouvelle vie \u00e0 New York mais elle se rend compte tr\u00e8s vite que ce n'est pas facile. Ses amies vivent dans des maisons luxueuses et leurs parents peuvent se permettrent beaucoup de choses comme de les envoyer dans les meilleures colonies de vacances du pays. Vera et sa m\u00e8re n'ont pas les m\u00eames moyens et ne peuvent pas se permettre ces privil\u00e8ges. Mais cette ann\u00e9e, elle part dans une colonie de vacances russe o\u00f9 elle compte bien en profiter. Cependant, rien ne se passera comme Vera l'avait pr\u00e9vu.","authors":["V\u00e9ra Brosgol"],"category_codes":["3000000","3020000","3020200","3020211"],"visuals":{"large":"https:\/\/images.epagine.fr\/067\/9782369812067_1_75.jpg","medium":"https:\/\/images.epagine.fr\/067\/9782369812067_1_m.jpg","thumbnail":"https:\/\/images.epagine.fr\/067\/9782369812067_1_v.jpg"},"orderable":true,"show_badge":true,"formatted_price":"14,00&nbsp;\u20ac","formatted_published_date":"13 mars 2019","publisher_availability_label":"Sur commande","short_details":"V\u00e9ra Brosgol \u2014 Rue de S\u00e8vres","translator":null,"weight":610,"page_count":256,"readership":"3\/6 ans","editor":"Rue de S\u00e8vres","price":1400,"published_date":"2019-03-12T23:00:00.000000Z","support":"Grand format","publisher_availability":1,"stock":0,"editions":[],"url":"https:\/\/quaidesbrumes.com\/ouvrage\/9782369812067\/un-ete-denfer"},{"id":"9782803631483","title":"Yakari Tome 10 : le grand terrier","description":"Yakari entend des voix... Yakari ne sait plus o\u00f9 donner de la t\u00eate... Yakari va disjoncter...\r\n\r\nQuel est donc ce pi\u00e8ge o\u00f9 des fl\u00e8ches myst\u00e9rieuses l'ont emmen\u00e9 ? Ce n'est qu'une farce \u00e9norme, mont\u00e9e par les affreux jojos Tout-Sucre et Tout-Miel, deux oursons jumeaux issus de parents compl\u00e8tement d\u00e9pass\u00e9s : Lune-de-Miel et Bourdon Dodu !\r\n\r\nYakari est attir\u00e9 \u00e0 l'int\u00e9rieur d'un terrier aux multiples galeries...\r","authors":["Job","Derib"],"category_codes":["3000000","3020000","3020200","3020210"],"visuals":{"large":"https:\/\/images.epagine.fr\/483\/9782803631483_1_75.jpg","medium":"https:\/\/images.epagine.fr\/483\/9782803631483_1_m.jpg","thumbnail":"https:\/\/images.epagine.fr\/483\/9782803631483_1_v.jpg"},"orderable":true,"show_badge":true,"formatted_price":"12,95&nbsp;\u20ac","formatted_published_date":"22 mai 2012","publisher_availability_label":"Sur commande","short_details":"Job, Derib \u2014 \u00c9ditions du Lombard","translator":null,"weight":366,"page_count":48,"readership":"\u00e0 partir de 7 ANS","editor":"\u00c9ditions du Lombard","price":1295,"published_date":"2012-05-21T22:00:00.000000Z","support":"Grand format","publisher_availability":1,"stock":0,"editions":[],"url":"https:\/\/quaidesbrumes.com\/ouvrage\/9782803631483\/yakari-tome-10-le-grand-terrier"},{"id":"9782344064375","title":"Jaadugar, la l\u00e9gende de Fatima Tome 3","description":"XIIIe si\u00e8cle, au sein de l'Empire mongol fond\u00e9 par Gengis Khan. Contre toute attente, ce n'est pas le quatri\u00e8me prince Tolui qui est choisi pour monter sur le tr\u00f4ne mais son fr\u00e8re, le troisi\u00e8me prince \u00d6gede\u00ef. Au m\u00eame moment, Fatima, qui a \u00e9t\u00e9 envoy\u00e9e dans une autre cour en tant qu'espionne pour le compte de Sorgaqtani, l'\u00e9pouse principale de Tolui, fait la rencontre de Toregene, sixi\u00e8me \u00e9pouse du grand khagan, avec qui elle partage sa rancoeur envers les Mongols...","authors":["Tomato Soup"],"category_codes":["3000000","3040000","3040700","3040707"],"visuals":{"large":"https:\/\/images.epagine.fr\/375\/9782344064375_1_75.jpg","medium":"https:\/\/images.epagine.fr\/375\/9782344064375_1_m.jpg","thumbnail":"https:\/\/images.epagine.fr\/375\/9782344064375_1_v.jpg"},"orderable":true,"show_badge":true,"formatted_price":"10,95&nbsp;\u20ac","formatted_published_date":"5 mars 2025","publisher_availability_label":"Sur commande","short_details":"Tomato Soup \u2014 Gl\u00e9nat","translator":null,"weight":195,"page_count":176,"readership":"\u00e0 partir de 12 ANS","editor":"Gl\u00e9nat","price":1095,"published_date":"2025-03-04T23:00:00.000000Z","support":"Grand format","publisher_availability":1,"stock":0,"editions":[],"url":"https:\/\/quaidesbrumes.com\/ouvrage\/9782344064375\/jaadugar-la-legende-de-fatima-tome-3"},{"id":"9782811662844","title":"La cuisine des sorciers Tome 1","description":"Quand le manteau de la nuit se d\u00e9ploie sur l'Atelier, c'est l'heure pour Olugio et Kieffrey de laisser leurs talents culinaires s'exprimer ! Mais pour enchanter les papilles, il ne suffit pas de savoir marier les go\u00fbts... Il s'agit aussi d'ex\u00e9cuter savamment les sortil\u00e8ges n\u00e9cessaires pour extraire la chair d\u00e9licieuse des pommes de terre \u00e0 coquille, capturer les curieuses m\u00e9duses-parapluies ou encore sublimer les saveurs acidul\u00e9es des citrons arc-en-ciel ! Or, les deux chefs de l'Atelier ont fort \u00e0 faire pour initier leurs apprenties \u00e0 cet art ancestral qui n'a plus de secret pour eux... ou presque !","authors":["Kamome Shirahama","Hiromi Sato"],"category_codes":["3000000","3040000","3040600","3040604"],"visuals":{"large":"https:\/\/images.epagine.fr\/844\/9782811662844_1_75.jpg","medium":"https:\/\/images.epagine.fr\/844\/9782811662844_1_m.jpg","thumbnail":"https:\/\/images.epagine.fr\/844\/9782811662844_1_v.jpg"},"orderable":true,"show_badge":true,"formatted_price":"7,70&nbsp;\u20ac","formatted_published_date":"3 novembre 2021","publisher_availability_label":"Sur commande","short_details":"Kamome Shirahama, Hiromi Sato \u2014 Pika \u00c9dition","translator":null,"weight":168,"page_count":160,"readership":null,"editor":"Pika \u00c9dition","price":770,"published_date":"2021-11-02T23:00:00.000000Z","support":"Poche","publisher_availability":1,"stock":0,"editions":[],"url":"https:\/\/quaidesbrumes.com\/ouvrage\/9782811662844\/la-cuisine-des-sorciers-tome-1"},{"id":"9782203088313","title":"Les phalanges de l'ordre noir (\u00e9dition 2015)","description":"Par une nuit d'hiver en Espagne, sur les hauts plateaux de la province de l'Aragon, une exp\u00e9dition punitive s'abat sur le petit village de Nieves. Tous ses habitants, y compris les femmes et les enfants, sont ex\u00e9cut\u00e9s et le village est incendi\u00e9. L'attentat est revendiqu\u00e9 par un groupe politique, les Phalanges de l'Ordre Noir, au nom des \u00ab valeurs de l'Occident chr\u00e9tien \u00bb. Le village, haut lieu des affrontements entre r\u00e9publicains et franquistes \u00e0 la fin des ann\u00e9es trente lors de la guerre d'Espagne, venait de voter massivement \u00e0 gauche lors des derni\u00e8res \u00e9lections... Convaincus que ce massacre signe le retour de l'extr\u00eame droite qu'ils ont autrefois combattue, un groupe d'anciens des brigades internationales, quarante ans apr\u00e8s, se d\u00e9cide \u00e0 reprendre les armes. De l'Espagne \u00e0 Suisse en passant par l'Italie, les Pays-Bas et la France, une dizaine d'hommes que l'\u00e2ge a rendus las, mais toujours fid\u00e8les \u00e0 leurs convictions de jeunesse, vont ainsi donner la chasse \u00e0 leurs vieux ennemis, jusqu'\u00e0 l'affrontement final.","authors":["Enki Bilal","Pierre Christin"],"category_codes":["3000000","3020000","3020100"],"visuals":{"large":"https:\/\/images.epagine.fr\/313\/9782203088313_1_75.jpg","medium":"https:\/\/images.epagine.fr\/313\/9782203088313_1_m.jpg","thumbnail":"https:\/\/images.epagine.fr\/313\/9782203088313_1_v.jpg"},"orderable":true,"show_badge":true,"formatted_price":"20,00&nbsp;\u20ac","formatted_published_date":"11 mars 2015","publisher_availability_label":"Sur commande","short_details":"Enki Bilal, Pierre Christin \u2014 Casterman","translator":null,"weight":839,"page_count":120,"readership":null,"editor":"Casterman","price":2000,"published_date":"2015-03-10T23:00:00.000000Z","support":"Grand format","publisher_availability":1,"stock":0,"editions":[],"url":"https:\/\/quaidesbrumes.com\/ouvrage\/9782203088313\/les-phalanges-de-lordre-noir-edition-2015"},{"id":"9782344033746","title":"Ranma 1\/2 - \u00e9dition originale Tome 7","description":"Les \u00e9l\u00e8ves du lyc\u00e9e Furinkan doivent lutter contre leur proviseur, de retour d'Hawaii, car il veut imposer de nouveaux r\u00e8glements compl\u00e8tement farfelus : cr\u00e2ne ras\u00e9 pour les gar\u00e7ons et coupe au bol pour les filles, corv\u00e9e de nettoyage des toilettes pour tout retardataire, et tout \u00e0 l'avenant. De son c\u00f4t\u00e9, Ryoga pense \u00eatre enfin lib\u00e9r\u00e9 de sa mal\u00e9diction car il s'est lav\u00e9 avec un savon imperm\u00e9able qui bloque les effets de l'eau froide sur son organisme...","authors":["Rumiko Takahashi","Fedoua Lamodi\u00e8re"],"category_codes":["3000000","3040000","3040500","3040510"],"visuals":{"large":"https:\/\/images.epagine.fr\/746\/9782344033746_1_75.jpg","medium":"https:\/\/images.epagine.fr\/746\/9782344033746_1_m.jpg","thumbnail":"https:\/\/images.epagine.fr\/746\/9782344033746_1_v.jpg"},"orderable":true,"show_badge":true,"formatted_price":"10,95&nbsp;\u20ac","formatted_published_date":"6 f\u00e9vrier 2019","publisher_availability_label":"Sur commande","short_details":"Rumiko Takahashi, Fedoua Lamodi\u00e8re \u2014 Gl\u00e9nat","translator":"FEDOUA LAMODIERE","weight":274,"page_count":352,"readership":"\u00e0 partir de 10 ANS","editor":"Gl\u00e9nat","price":1095,"published_date":"2019-02-05T23:00:00.000000Z","support":"Poche","publisher_availability":1,"stock":0,"editions":[],"url":"https:\/\/quaidesbrumes.com\/ouvrage\/9782344033746\/ranma-12-edition-originale-tome-7"},{"id":"9782344033753","title":"Ranma 1\/2 - \u00e9dition originale Tome 8","description":"Akan\u00e9 est dans une position d\u00e9licate : l'examen de natation a lieu la semaine prochaine mais elle ne sait pas nager. Bien r\u00e9solue \u00e0 r\u00e9soudre ce probl\u00e8me, elle va faire appel \u00e0 un surprenant ma\u00eetre-nageur : le proviseur ! Mais c'est sans compter sur les interventions de Ranma...","authors":["Rumiko Takahashi","Fedoua Lamodi\u00e8re"],"category_codes":["3000000","3040000","3040500","3040510"],"visuals":{"large":"https:\/\/images.epagine.fr\/753\/9782344033753_1_75.jpg","medium":"https:\/\/images.epagine.fr\/753\/9782344033753_1_m.jpg","thumbnail":"https:\/\/images.epagine.fr\/753\/9782344033753_1_v.jpg"},"orderable":true,"show_badge":true,"formatted_price":"10,95&nbsp;\u20ac","formatted_published_date":"17 avril 2019","publisher_availability_label":"Sur commande","short_details":"Rumiko Takahashi, Fedoua Lamodi\u00e8re \u2014 Gl\u00e9nat","translator":"FEDOUA LAMODIERE","weight":384,"page_count":352,"readership":"\u00e0 partir de 10 ANS","editor":"Gl\u00e9nat","price":1095,"published_date":"2019-04-16T22:00:00.000000Z","support":"Poche","publisher_availability":1,"stock":0,"editions":[],"url":"https:\/\/quaidesbrumes.com\/ouvrage\/9782344033753\/ranma-12-edition-originale-tome-8"},{"id":"9782344039663","title":"Parasite - \u00e9dition originale Tome 8","description":"Avec ou sans Migy, Shinichi doit assurer sa survie...\r\n(Re)d\u00e9couvrez la conclusion de Parasite, dans ce dernier tome de l'\u00e9dition originale.","authors":["Hitoshi Iwaaki","David Deleule"],"category_codes":["3000000","3040000","3040600","3040603"],"visuals":{"large":"https:\/\/images.epagine.fr\/663\/9782344039663_1_75.jpg","medium":"https:\/\/images.epagine.fr\/663\/9782344039663_1_m.jpg","thumbnail":"https:\/\/images.epagine.fr\/663\/9782344039663_1_v.jpg"},"orderable":true,"show_badge":true,"formatted_price":"10,95&nbsp;\u20ac","formatted_published_date":"5 mai 2021","publisher_availability_label":"Sur commande","short_details":"Hitoshi Iwaaki, David Deleule \u2014 Gl\u00e9nat","translator":"DAVID DELEULE","weight":306,"page_count":272,"readership":"\u00e0 partir de 14 ans","editor":"Gl\u00e9nat","price":1095,"published_date":"2021-05-04T22:00:00.000000Z","support":"Poche","publisher_availability":1,"stock":0,"editions":[],"url":"https:\/\/quaidesbrumes.com\/ouvrage\/9782344039663\/parasite-edition-originale-tome-8"},{"id":"9782754848787","title":"Popeye : Les planches du dimanche 1933-1938","description":"On ne pr\u00e9sente plus Popeye, le c\u00e9l\u00e8bre et populaire marin apparu en 1929 dans la presse am\u00e9ricaine. Apr\u00e8s un premier tome paru l'an pass\u00e9 reprenant les pages du dimanche couleur in\u00e9dites en France \u00e0 ce jour, un second et ultime volume arrive, compl\u00e9tant ainsi l'int\u00e9grale des planches de E.C. Segar, le cr\u00e9ateur de cette s\u00e9rie. Outre Popeye, Olive Oyl et Wimpy, ce nouveau tome voit l'arriv\u00e9e d'autres personnages mythiques\u00a0:\u00a0Mimosa, Poppa, Eug\u00e8ne le Jeep et La Sorci\u00e8re des mers. Avec son humour d\u00e9capant, Popeye est un must have pour tout amateur de bande dessin\u00e9e classique. Elsie Crysler Segar, salu\u00e9 par Time Magazine, est l'un des grands ma\u00eetres fondateurs du 9e art. Pour la premi\u00e8re fois, les planches couleurs du dimanche sont r\u00e9unies en int\u00e9grale dans un tirage unique de collection.","authors":["Elzie-crisler Segar"],"category_codes":["3000000","3020000","3020200","3020211"],"visuals":{"large":"https:\/\/images.epagine.fr\/787\/9782754848787_1_75.jpg","medium":"https:\/\/images.epagine.fr\/787\/9782754848787_1_m.jpg","thumbnail":"https:\/\/images.epagine.fr\/787\/9782754848787_1_v.jpg"},"orderable":true,"show_badge":true,"formatted_price":"34,00&nbsp;\u20ac","formatted_published_date":"26 novembre 2025","publisher_availability_label":"Sur commande","short_details":"Elzie-crisler Segar \u2014 Futuropolis","translator":null,"weight":1306,"page_count":256,"readership":null,"editor":"Futuropolis","price":3400,"published_date":"2025-11-25T23:00:00.000000Z","support":"Grand format","publisher_availability":1,"stock":0,"editions":[],"url":"https:\/\/quaidesbrumes.com\/ouvrage\/9782754848787\/popeye-les-planches-du-dimanche-1933-1938"}]}