{"data":[{"id":"9782382884065","title":"The beginning after the end Tome 9","description":"Ancien roi solitaire et obs\u00e9d\u00e9 par la conqu\u00eate, il meurt assassin\u00e9 et se r\u00e9incarne en Arthur Leywin, fils a\u00een\u00e9 d'un modeste couple d'aventuriers pratiquant la magie. Plong\u00e9 dans un monde qu'il ne conna\u00eet pas, il va utiliser tout son savoir pour s'adapter et corriger les erreurs du pass\u00e9. Mais derri\u00e8re la paix et la prosp\u00e9rit\u00e9 de ce nouvel univers se cache une menace sans pr\u00e9c\u00e9dent...","authors":["TurtleMe","Fuyuki23"],"category_codes":["3000000","3040000","3040500","3040504"],"visuals":{"large":"https:\/\/images.epagine.fr\/065\/9782382884065_1_75.jpg","medium":"https:\/\/images.epagine.fr\/065\/9782382884065_1_m.jpg","thumbnail":"https:\/\/images.epagine.fr\/065\/9782382884065_1_v.jpg"},"orderable":true,"show_badge":true,"formatted_price":"14,95&nbsp;\u20ac","formatted_published_date":"1er octobre 2025","publisher_availability_label":"Sur commande","short_details":"TurtleMe, Fuyuki23 \u2014 KBooks","translator":null,"weight":516,"page_count":224,"readership":"\u00e0 partir de 14 ans","editor":"KBooks","price":1495,"published_date":"2025-09-30T22:00:00.000000Z","support":"Grand format","publisher_availability":1,"stock":0,"editions":[],"url":"https:\/\/quaidesbrumes.com\/ouvrage\/9782382884065\/the-beginning-after-the-end-tome-9"},{"id":"9782385037093","title":"Kingdom - Edition ultimate Tome 6","description":"L'un des seinens les plus vendus au Japon depuis 2015 (Oricon) !\r\n\r\n\r\n\r\nLe poids de 400 000 morts\r\n\r\n\r\nL'\u00e9tat de Zhao, dans lequel Ei Sei avait \u00e9t\u00e9 otage jadis voue une haine terrible envers Qin, depuis sa d\u00e9faite \u00e0 Ch\u00f4hei. D\u00e9jouant toutes les pr\u00e9visions, le voil\u00e0 qui lance une fulgurante offensive contre son voisin !! Alors que le royaume est confront\u00e9 \u00e0 une crise qui pourrait lui \u00eatre fatale, \"l'oiseau colossal de Qin\" se remet \u00e0 battre des ailes...\r\n\r\n\r\nQu'une lumi\u00e8re guide ceux qui partent \u00e0 la guerre et qu'une douce paix accueille ceux qui n'en reviennent pas.","authors":["Yasuhisa Hara"],"category_codes":["3000000","3040000","3040600","3040607"],"visuals":{"large":"https:\/\/images.epagine.fr\/093\/9782385037093_1_75.jpg","medium":"https:\/\/images.epagine.fr\/093\/9782385037093_1_m.jpg","thumbnail":"https:\/\/images.epagine.fr\/093\/9782385037093_1_v.jpg"},"orderable":true,"show_badge":true,"formatted_price":"19,95&nbsp;\u20ac","formatted_published_date":"25 f\u00e9vrier 2026","publisher_availability_label":"Sur commande","short_details":"Yasuhisa Hara \u2014 Meian","translator":null,"weight":400,"page_count":472,"readership":"\u00e0 partir de 14 ans","editor":"Meian","price":1995,"published_date":"2026-02-24T23:00:00.000000Z","support":"Grand format","publisher_availability":1,"stock":0,"editions":[],"url":"https:\/\/quaidesbrumes.com\/ouvrage\/9782385037093\/kingdom-edition-ultimate-tome-6"},{"id":"9782413045779","title":"Calamity Jane Tome 2 : l'orage","description":"Martha Jane vient \u00e0 nouveau r\u00e9cup\u00e9rer son p\u00e8re fin saoul au saloon, comme si ce n'\u00e9tait d\u00e9j\u00e0 pas suffisant pour elle de devoir s'occuper de sa fratrie. D'ailleurs, la paroisse a d\u00e9cid\u00e9 de prendre en charge l'\u00e9ducation de celle-ci en l'envoyant \u00e0 l'\u00e9cole, au grand dam de Jane. Mais il y a plus grave : il vient d'y avoir une explosion dans la mine proche et de nombreuses victimes sont \u00e0 d\u00e9plorer...\r","authors":["Adeline Avril"],"category_codes":["3000000","3020000","3020200","3020209"],"visuals":{"large":"https:\/\/images.epagine.fr\/779\/9782413045779_1_75.jpg","medium":"https:\/\/images.epagine.fr\/779\/9782413045779_1_m.jpg","thumbnail":"https:\/\/images.epagine.fr\/779\/9782413045779_1_v.jpg"},"orderable":true,"show_badge":true,"formatted_price":"11,50&nbsp;\u20ac","formatted_published_date":"26 avril 2023","publisher_availability_label":"Sur commande","short_details":"Adeline Avril \u2014 Delcourt","translator":null,"weight":458,"page_count":48,"readership":null,"editor":"Delcourt","price":1150,"published_date":"2023-04-25T22:00:00.000000Z","support":"Grand format","publisher_availability":1,"stock":0,"editions":[],"url":"https:\/\/quaidesbrumes.com\/ouvrage\/9782413045779\/calamity-jane-tome-2-lorage"},{"id":"9782017344193","title":"Ma Premi\u00e8re BD : Stitch","description":"La premi\u00e8re bande dessin\u00e9e Stitch pour les lecteurs d\u00e9butants (5-7 ans), compos\u00e9e de mini histoires in\u00e9dites et hilarantes dans lesquelles le h\u00e9ros bleu invente de nouvelles b\u00eatises\u00a0 !\r\nUne aventure par page centr\u00e9e sur Stitch, accompagn\u00e9 de son amoureuse Angel, de sa meilleure amie Lilo, et aussi de Nani, David, Jumba et Pikly\u00a0 !\r\nDes textes courts, rythm\u00e9s, et toujours aussi impertinents et dr\u00f4les.\r\nAdapt\u00e9 aux lecteurs d\u00e9butants, de 5 \u00e0 7 ans.\u00a0 \r\nLe r\u00e9sum\u00e9\u00a0 : Construire une piscine de cr\u00e8me glac\u00e9e, d\u00e9vorer tous les g\u00e2teaux, pique-niquer sur la lune, cuisiner un pop-corn g\u00e9ant... Stitch et Angel, aussi adorables qu'impertinents, ne sont jamais \u00e0 court d'id\u00e9e pour de nouvelles b\u00eatises\u00a0 !\r","authors":["Disney"],"category_codes":["3000000","3020000","3020200"],"visuals":{"large":"https:\/\/images.epagine.fr\/193\/9782017344193_1_75.jpg","medium":"https:\/\/images.epagine.fr\/193\/9782017344193_1_m.jpg","thumbnail":"https:\/\/images.epagine.fr\/193\/9782017344193_1_v.jpg"},"orderable":true,"show_badge":true,"formatted_price":"8,95&nbsp;\u20ac","formatted_published_date":"18 mars 2026","publisher_availability_label":"Sur commande","short_details":"Disney \u2014 Disney Hachette","translator":null,"weight":178,"page_count":64,"readership":"\u00e0 partir de 5 ANS","editor":"Disney Hachette","price":895,"published_date":"2026-03-17T23:00:00.000000Z","support":"Grand format","publisher_availability":1,"stock":0,"editions":[],"url":"https:\/\/quaidesbrumes.com\/ouvrage\/9782017344193\/ma-premiere-bd-stitch"},{"id":"9791039139168","title":"Et voici Jeff ! - Le Jeff-verse","description":"R\u00e9v\u00e9l\u00e9 aux c\u00f4t\u00e9s de Deadpool, Jeff le Requin de Terre a rapidement conquis le coeur des fans... et il est enfin pr\u00eat \u00e0 vivre ses propres aventures ! Nul n'est \u00e0 l'abri face \u00e0 la mignonnerie du petit animal !\r\nL'adorable et surprenant Jeff est sous les projecteurs depuis son apparition en tant que personnage jouable dans Marvel Rivals. De nombreux fans l'ont alors d\u00e9couvert, et c'est l'occasion id\u00e9ale pour eux (ainsi que pour tous les curieux) de faire plus ample connaissance avec la nouvelle coqueluche des lecteurs !\r","authors":["Kelly Thompson"],"category_codes":["3000000","3030000","3030400"],"visuals":{"large":"https:\/\/images.epagine.fr\/168\/9791039139168_1_75.jpg","medium":"https:\/\/images.epagine.fr\/168\/9791039139168_1_m.jpg","thumbnail":"https:\/\/images.epagine.fr\/168\/9791039139168_1_v.jpg"},"orderable":true,"show_badge":true,"formatted_price":"13,99&nbsp;\u20ac","formatted_published_date":"3 septembre 2025","publisher_availability_label":"Sur commande","short_details":"Kelly Thompson \u2014 Panini","translator":null,"weight":686,"page_count":120,"readership":"Tout public","editor":"Panini","price":1399,"published_date":"2025-09-02T22:00:00.000000Z","support":"Grand format","publisher_availability":1,"stock":0,"editions":[],"url":"https:\/\/quaidesbrumes.com\/ouvrage\/9791039139168\/et-voici-jeff-le-jeff-verse"},{"id":"9782492042294","title":"Figuisch","description":"Recueil d'histoires courtes m\u00ealant horreur psychologique et \u00e9rotisme sombre.\r","authors":["Kotaro Okoshi","Guillaume Mistrot"],"category_codes":["3000000","3040000","3040600"],"visuals":{"large":"https:\/\/images.epagine.fr\/294\/9782492042294_1_75.jpg","medium":"https:\/\/images.epagine.fr\/294\/9782492042294_1_m.jpg","thumbnail":"https:\/\/images.epagine.fr\/294\/9782492042294_1_v.jpg"},"orderable":true,"show_badge":true,"formatted_price":"19,00&nbsp;\u20ac","formatted_published_date":"3 avril 2026","publisher_availability_label":"Sur commande","short_details":"Kotaro Okoshi, Guillaume Mistrot \u2014 Huber","translator":"GUILLAUME MISTROT","weight":360,"page_count":null,"readership":"\u00e0 partir de 16 ans","editor":"Huber","price":1900,"published_date":"2026-04-02T22:00:00.000000Z","support":"Grand format","publisher_availability":1,"stock":0,"editions":[],"url":"https:\/\/quaidesbrumes.com\/ouvrage\/9782492042294\/figuisch"},{"id":"9782302108288","title":"Les druides : Int\u00e9grale Tomes 1 \u00e0 6 : Cycle 1","description":"L'int\u00e9grale du thriller alto-m\u00e9di\u00e9val co-sc\u00e9naris\u00e9 par Istin et Jigourel et illustr\u00e9 par Lamontagne ! Les tomes 1 \u00e0 6 de la s\u00e9rie r\u00e9unis dans une seule int\u00e9grale.\r\nVe si\u00e8cle. Un conflit vient d'\u00e9clater : le Christianisme s'oppose \u00e0 l'ancienne religion. Druides et moines se livrent une guerre dans l'ombre tandis que les Bretons viennent peupler le promontoire rocheux de l'Armorique. Gwenc'hlan, le dernier druide de cette r\u00e9gion, et son apprenti Taran tentent de d\u00e9jouer les pi\u00e8ges tendus par leurs adversaires fanatiques. L'aide de La Morrigane, une femme de l'Autre Monde, sera pr\u00e9cieuse.\r","authors":["Thierry Jigourel","Jean-Luc Istin","Jacques Lamontagne"],"category_codes":["3000000","3020000","3020100","3020105"],"visuals":{"large":"https:\/\/images.epagine.fr\/288\/9782302108288_1_75.jpg","medium":"https:\/\/images.epagine.fr\/288\/9782302108288_1_m.jpg","thumbnail":"https:\/\/images.epagine.fr\/288\/9782302108288_1_v.jpg"},"orderable":true,"show_badge":true,"formatted_price":"52,50&nbsp;\u20ac","formatted_published_date":"9 avril 2026","publisher_availability_label":"Sur commande","short_details":"Thierry Jigourel, Jean-Luc Istin, Jacques Lamontagne \u2014 Soleil","translator":null,"weight":1694,"page_count":296,"readership":"\u00e0 partir de 12 ANS","editor":"Soleil","price":5250,"published_date":"2026-04-08T22:00:00.000000Z","support":"Grand format","publisher_availability":1,"stock":0,"editions":[],"url":"https:\/\/quaidesbrumes.com\/ouvrage\/9782302108288\/les-druides-integrale-tomes-1-a-6-cycle-1"},{"id":"9782808700047","title":"Alya sometimes hides her feelings in russian Tome 5","description":"Afin de recommander Alya comme prochaine pr\u00e9sidente du conseil des \u00e9l\u00e8ves, Masachika d\u00e9cide de rejoindre le conseil. La favorite pour ce poste est sa soeur, la charismatique Yuki. Alya comme Yuki sont d\u00e9termin\u00e9es \u00e0 remporter la pr\u00e9sidence, mais le combat s'annonce difficile, aussi Alya et Masachika vont devoir mettre en place une strat\u00e9gie \u00e0 toute \u00e9preuve !\r","authors":["Momoco","Sun Sansan","Saho Tenamachi"],"category_codes":["3000000","3040000","3040500","3040509"],"visuals":{"large":"https:\/\/images.epagine.fr\/047\/9782808700047_1_75.jpg","medium":"https:\/\/images.epagine.fr\/047\/9782808700047_1_m.jpg","thumbnail":"https:\/\/images.epagine.fr\/047\/9782808700047_1_v.jpg"},"orderable":true,"show_badge":true,"formatted_price":"8,35&nbsp;\u20ac","formatted_published_date":"23 janvier 2026","publisher_availability_label":"Sur commande","short_details":"Momoco, Sun Sansan, Saho Tenamachi \u2014 Vega","translator":null,"weight":128,"page_count":144,"readership":"\u00e0 partir de 12 ANS","editor":"Vega","price":835,"published_date":"2026-01-22T23:00:00.000000Z","support":"Poche","publisher_availability":1,"stock":0,"editions":[],"url":"https:\/\/quaidesbrumes.com\/ouvrage\/9782808700047\/alya-sometimes-hides-her-feelings-in-russian-tome-5"},{"id":"9791026824510","title":"Hyde street Tome 1 : Pour une poign\u00e9e d'\u00e2mes","description":"\u00c0 sa mort, l'ancien escroc des ann\u00e9es 1960, Mr. X-Ray, se retrouve sur Hyde Street, un lieu \u00e9trange o\u00f9 les \u00e2mes tourment\u00e9es sont confront\u00e9es \u00e0 leurs crimes et malhonn\u00eatet\u00e9s pass\u00e9s. Il y croise Pranky, un jeune scout mal\u00e9fique, le Dr Ego ou encore Miss Goodbody, tous oeuvrant pour le compte d'une entit\u00e9 myst\u00e9rieuse appel\u00e9e \u00ab le Comptable des p\u00e9ch\u00e9s \u00bb. Pour quitter Hyde Street ils n'ont qu'une solution : collecter 10 000 \u00e2mes errantes. La fin justifie-t-elle les moyens ?\r","authors":["Geoff Johns","Ivan Reis"],"category_codes":["3000000","3030000","3030200"],"visuals":{"large":"https:\/\/images.epagine.fr\/510\/9791026824510_1_75.jpg","medium":"https:\/\/images.epagine.fr\/510\/9791026824510_1_m.jpg","thumbnail":"https:\/\/images.epagine.fr\/510\/9791026824510_1_v.jpg"},"orderable":true,"show_badge":true,"formatted_price":"25,00&nbsp;\u20ac","formatted_published_date":"31 octobre 2025","publisher_availability_label":"Sur commande","short_details":"Geoff Johns, Ivan Reis \u2014 Urban Comics","translator":null,"weight":954,"page_count":264,"readership":"\u00e0 partir de 12 ANS","editor":"Urban Comics","price":2500,"published_date":"2025-10-30T23:00:00.000000Z","support":"Grand format","publisher_availability":1,"stock":0,"editions":[],"url":"https:\/\/quaidesbrumes.com\/ouvrage\/9791026824510\/hyde-street-tome-1-pour-une-poignee-dames"},{"id":"9782344036938","title":"L'\u00e9pop\u00e9e de la franc-ma\u00e7onnerie Tome 10 : R\u00e9demption","description":"Haute trahison Paris, 1904. Alors que le gouvernement d'\u00c9mile Combes pr\u00f4ne la s\u00e9paration entre l'\u00c9glise et l'\u00c9tat, la loge du Grand Orient collecte secr\u00e8tement des informations sur les officiers pour le compte de l'arm\u00e9e. Pour tous ceux qui cherchent \u00e0 faire tomber le gouvernement, ces documents n'ont pas de prix. Une fois rendus publics, ils pourraient d\u00e9clencher une crise politique sans pr\u00e9c\u00e9dent... Mais pour cela, il faudrait p\u00e9n\u00e9trer le cercle ferm\u00e9 de la franc-ma\u00e7onnerie, ce qui est mission impossible, \u00e0 moins que quelqu'un de l'int\u00e9rieur ne trahisse la loge et ses valeurs. Jean-Baptiste, franc-ma\u00e7on d\u00e9vou\u00e9 osera-t-il se retourner contre les siens ? Influen\u00e7able et na\u00eff, il se rapproche des eccl\u00e9siastiques qui l'accueillent les bras ouverts... Bient\u00f4t, il ne tardera pas \u00e0 pactiser avec le d\u00e9put\u00e9 nationaliste Jean Guyot qui pense d'abord \u00e0 une farce de mauvais go\u00fbt ! Un francs ma\u00e7on repenti, c'est bien inhabituel... Pendant ce temps, \u00e0 la loge du Grand Orient une chasse aux sorci\u00e8res commence, les fr\u00e8res savent que quelqu'un a trahi leur confiance. Mais personne ne soup\u00e7onne encore Jean Baptiste qui joue un double jeu dangereux... Un scandale d'\u00c9tat va bient\u00f4t faire tomber les masques et toucher autant les membres du gouvernement que le corps de l'Arm\u00e9e. La loge du Grand Orient se retrouvera, plus que jamais fragilis\u00e9e. Car en partant, Jean Baptise n'a pas seulement vol\u00e9 des documents top secrets, il a \u00e9galement subtilis\u00e9 un artefact majeur pour la p\u00e9rennit\u00e9 de la franc-ma\u00e7onnerie.\r\nSur fond d'intrigues politiques, ce nouvel opus nous immerge au plus profond des arcanes de la franc-ma\u00e7onnerie. Un tome 10 qui nous entraine au coeur du pouvoir dans une France en mutation pour un moment de lecture plein de suspens et de tension.","authors":["Jean-christophe Camus","Michel Pierret"],"category_codes":["3000000","3020000","3020100","3020108"],"visuals":{"large":"https:\/\/images.epagine.fr\/938\/9782344036938_1_75.jpg","medium":"https:\/\/images.epagine.fr\/938\/9782344036938_1_m.jpg","thumbnail":"https:\/\/images.epagine.fr\/938\/9782344036938_1_v.jpg"},"orderable":true,"show_badge":true,"formatted_price":"15,50&nbsp;\u20ac","formatted_published_date":"17 avril 2024","publisher_availability_label":"Sur commande","short_details":"Jean-christophe Camus, Michel Pierret \u2014 Gl\u00e9nat","translator":null,"weight":636,"page_count":56,"readership":null,"editor":"Gl\u00e9nat","price":1550,"published_date":"2024-04-16T22:00:00.000000Z","support":"Grand format","publisher_availability":1,"stock":0,"editions":[],"url":"https:\/\/quaidesbrumes.com\/ouvrage\/9782344036938\/lepopee-de-la-franc-maconnerie-tome-10-redemption"},{"id":"9791042015916","title":"En Selle, Sakamichi ! Tome 7","description":"La victoire est \u00e0 un coup de p\u00e9dale ! Un manga culte co-\u00e9dit\u00e9 avec L'\u00c9quipe !\r\nUltime confrontation entre les secondes et les premi\u00e8res !\r\nLes membres du club de cyclisme font un stage au cours duquel ils doivent parcourir 1000km en quatre jours. \u00c0 la cl\u00e9 : une participation \u00e0 l'inter-lyc\u00e9e ! Dans l'espoir que ses camarades d\u00e9crochent ce s\u00e9same, Sakamichi se lance dans une attaque d\u00e9sesp\u00e9r\u00e9e pour briser le mur \u00e9rig\u00e9 par Teshima ! Suivez dans ces pages une course pleine d'amiti\u00e9, de d\u00e9termination et de fiert\u00e9, et d\u00e9couvrez qui franchira en premier la ligne d'arriv\u00e9e...\r\nQui arrachera le droit de participer \u00e0 l'inter-lyc\u00e9es ?!","authors":["Wataru Watanabe"],"category_codes":["3000000","3040000","3040500","3040511"],"visuals":{"large":"https:\/\/images.epagine.fr\/916\/9791042015916_1_75.jpg","medium":"https:\/\/images.epagine.fr\/916\/9791042015916_1_m.jpg","thumbnail":"https:\/\/images.epagine.fr\/916\/9791042015916_1_v.jpg"},"orderable":true,"show_badge":true,"formatted_price":"7,30&nbsp;\u20ac","formatted_published_date":"10 avril 2025","publisher_availability_label":"Sur commande","short_details":"Wataru Watanabe \u2014 Kurokawa","translator":null,"weight":144,"page_count":192,"readership":"\u00e0 partir de 12 ANS","editor":"Kurokawa","price":730,"published_date":"2025-04-09T22:00:00.000000Z","support":"Poche","publisher_availability":1,"stock":0,"editions":[],"url":"https:\/\/quaidesbrumes.com\/ouvrage\/9791042015916\/en-selle-sakamichi-tome-7"},{"id":"9782811659455","title":"Edens zero Tome 12 : l'av\u00e8nement du grand d\u00e9mon","description":"Drakkhen a activ\u00e9 son Over Drive. Shiki est sur le point  d'\u00eatre emport\u00e9 par cette puissance \u00e9crasante, mais il est sauv\u00e9 in extremis par l'intervention t\u00e9m\u00e9raire de Wise.  Les autres membres de l'\u00e9quipage trouvent le syst\u00e8me  de pr\u00e9servation vitale et un retournement de situation  se profile, mais... Drakkhen Joe, l'immortel,  n'a pas dit son dernier mot !","authors":["Hiro Mashima","Thibaud Desbief"],"category_codes":["3000000","3040000","3040500","3040508"],"visuals":{"large":"https:\/\/images.epagine.fr\/455\/9782811659455_1_75.jpg","medium":"https:\/\/images.epagine.fr\/455\/9782811659455_1_m.jpg","thumbnail":"https:\/\/images.epagine.fr\/455\/9782811659455_1_v.jpg"},"orderable":true,"show_badge":true,"formatted_price":"7,20&nbsp;\u20ac","formatted_published_date":"6 janvier 2021","publisher_availability_label":"Sur commande","short_details":"Hiro Mashima, Thibaud Desbief \u2014 Pika \u00c9dition","translator":"THIBAUD DESBIEF","weight":184,"page_count":192,"readership":"\u00e0 partir de 12 ANS","editor":"Pika \u00c9dition","price":720,"published_date":"2021-01-05T23:00:00.000000Z","support":"Poche","publisher_availability":1,"stock":0,"editions":[],"url":"https:\/\/quaidesbrumes.com\/ouvrage\/9782811659455\/edens-zero-tome-12-lavenement-du-grand-demon"},{"id":"9782809495683","title":"Banana fish - perfect edition Tome 2","description":"C'est la guerre entre le parrain Dino Golzine et son ancien prot\u00e9g\u00e9, Ash. Le ca\u00efd a fait enlever le jeune homme dans l'espoir de r\u00e9cup\u00e9rer la pr\u00e9cieuse fiole qu'il garde jalousement. Ash r\u00e9ussit \u00e0 \u00e9chapper aux sbires de Papa Dino mais tombe aux mains de la police. La tension monte et le myst\u00e8re \u00ab  Banana Fish  \u00bb s'\u00e9paissit...\r\n\r\n\u00ab  Un chef d'oeuvre qu'on se doit de lire... \u00bb - Manga-News \u00ab  Aucun tabou n'est \u00e9cart\u00e9 dans ce thriller \u00e9poustouflant qui \u00e9gratigne l'Am\u00e9rique  : trafic de drogue menant \u00e0 un complot au plus haut niveau de l'\u00e9tat, prostitution enfantine, meurtres en s\u00e9rie...  \u00bb (Actua BD)","authors":["Akimi Yoshida","Laurence Belingard"],"category_codes":["3000000","3040000","3040600","3040606"],"visuals":{"large":"https:\/\/images.epagine.fr\/683\/9782809495683_1_75.jpg","medium":"https:\/\/images.epagine.fr\/683\/9782809495683_1_m.jpg","thumbnail":"https:\/\/images.epagine.fr\/683\/9782809495683_1_v.jpg"},"orderable":true,"show_badge":true,"formatted_price":"16,99&nbsp;\u20ac","formatted_published_date":"21 avril 2021","publisher_availability_label":"Sur commande","short_details":"Akimi Yoshida, Laurence Belingard \u2014 Panini","translator":"LAURENCE BELINGARD","weight":530,"page_count":378,"readership":"\u00e0 partir de 14 ans","editor":"Panini","price":1699,"published_date":"2021-04-20T22:00:00.000000Z","support":"Grand format","publisher_availability":1,"stock":0,"editions":[],"url":"https:\/\/quaidesbrumes.com\/ouvrage\/9782809495683\/banana-fish-perfect-edition-tome-2"},{"id":"9791042018412","title":"Call of the night Tome 12","description":"En une rencontre, la vie peut reprendre du mordant !\r\nAmi ou ennemi ? Un nouveau vampire attaque !\r\nDans l'espoir d'une r\u00e9conciliation, K\u00f4 et sa bande poursuivent leur enqu\u00eate sur Kiku et Mahiru. Quelle v\u00e9rit\u00e9 troublante la d\u00e9tective d\u00e9couvrira-t-elle en p\u00e9n\u00e9trant le domicile de Mahiru ?\r\n\" Je ferai ce qu'il faudra pour lui reprendre Mahiru. \"\r\nAvant qu'ils aient pu tenter quoi que ce soit, un homme myst\u00e9rieux\r\nappara\u00eet devant eux ! Qui est-il et pourquoi attaque-t-il Nazuna et K\u00f4 ?!","authors":["Kotoyama"],"category_codes":["3000000","3040000","3040500","3040505"],"visuals":{"large":"https:\/\/images.epagine.fr\/412\/9791042018412_1_75.jpg","medium":"https:\/\/images.epagine.fr\/412\/9791042018412_1_m.jpg","thumbnail":"https:\/\/images.epagine.fr\/412\/9791042018412_1_v.jpg"},"orderable":true,"show_badge":true,"formatted_price":"7,30&nbsp;\u20ac","formatted_published_date":"13 f\u00e9vrier 2025","publisher_availability_label":"Sur commande","short_details":"Kotoyama \u2014 Kurokawa","translator":null,"weight":156,"page_count":184,"readership":"\u00e0 partir de 12 ANS","editor":"Kurokawa","price":730,"published_date":"2025-02-12T23:00:00.000000Z","support":"Poche","publisher_availability":1,"stock":0,"editions":[],"url":"https:\/\/quaidesbrumes.com\/ouvrage\/9791042018412\/call-of-the-night-tome-12"},{"id":"9782505116837","title":"Naruto - \u00e9dition Hokage Tome 19","description":null,"authors":["Masashi Kishimoto"],"category_codes":["3000000","3040000","3040500","3040508"],"visuals":{"large":"https:\/\/images.epagine.fr\/837\/9782505116837_1_75.jpg","medium":"https:\/\/images.epagine.fr\/837\/9782505116837_1_m.jpg","thumbnail":"https:\/\/images.epagine.fr\/837\/9782505116837_1_v.jpg"},"orderable":true,"show_badge":true,"formatted_price":"15,95&nbsp;\u20ac","formatted_published_date":"19 janvier 2024","publisher_availability_label":"Sur commande","short_details":"Masashi Kishimoto \u2014 Kana","translator":null,"weight":434,"page_count":380,"readership":"\u00e0 partir de 10 ANS","editor":"Kana","price":1595,"published_date":"2024-01-18T23:00:00.000000Z","support":"Grand format","publisher_availability":1,"stock":0,"editions":[],"url":"https:\/\/quaidesbrumes.com\/ouvrage\/9782505116837\/naruto-edition-hokage-tome-19"},{"id":"9782505116875","title":"Naruto - \u00e9dition Hokage Tome 21","description":null,"authors":["Masashi Kishimoto"],"category_codes":["3000000","3040000","3040500","3040508"],"visuals":{"large":"https:\/\/images.epagine.fr\/875\/9782505116875_1_75.jpg","medium":"https:\/\/images.epagine.fr\/875\/9782505116875_1_m.jpg","thumbnail":"https:\/\/images.epagine.fr\/875\/9782505116875_1_v.jpg"},"orderable":true,"show_badge":true,"formatted_price":"15,95&nbsp;\u20ac","formatted_published_date":"22 mars 2024","publisher_availability_label":"Sur commande","short_details":"Masashi Kishimoto \u2014 Kana","translator":null,"weight":430,"page_count":378,"readership":"\u00e0 partir de 10 ANS","editor":"Kana","price":1595,"published_date":"2024-03-21T23:00:00.000000Z","support":"Grand format","publisher_availability":1,"stock":0,"editions":[],"url":"https:\/\/quaidesbrumes.com\/ouvrage\/9782505116875\/naruto-edition-hokage-tome-21"},{"id":"9782811699994","title":"La revanche du limier des Baskerville Tome 2","description":"\u00c0 15 ans, Vikir passe pour un g\u00e9nie au sein de la redoutable famille Baskerville. Hugo, le patriarche, le r\u00e9compense en le nommant sous-pr\u00e9fet d'Underdog, une cit\u00e9 du territoire o\u00f9 la p\u00e8gre fait la loi. Mais le jeune limier n'a pas l'intention de se laisser corrompre. Avec l'aide de M. Chihuahua, fid\u00e8le fonctionnaire, il entreprend de d\u00e9barrasser la ville de la vermine qui la gangr\u00e8ne... quitte \u00e0 en inonder les rues de sang !\u00a0\r","authors":["To Walk","Step on a lego","S.Arang"],"category_codes":["3000000","3040000","3040600","3040608"],"visuals":{"large":"https:\/\/images.epagine.fr\/994\/9782811699994_1_75.jpg","medium":"https:\/\/images.epagine.fr\/994\/9782811699994_1_m.jpg","thumbnail":"https:\/\/images.epagine.fr\/994\/9782811699994_1_v.jpg"},"orderable":true,"show_badge":true,"formatted_price":"14,95&nbsp;\u20ac","formatted_published_date":"4 f\u00e9vrier 2026","publisher_availability_label":"Sur commande","short_details":"To Walk, Step on a lego, S.Arang \u2014 Pika \u00c9dition","translator":null,"weight":502,"page_count":296,"readership":"\u00e0 partir de 12 ANS","editor":"Pika \u00c9dition","price":1495,"published_date":"2026-02-03T23:00:00.000000Z","support":"Grand format","publisher_availability":1,"stock":0,"editions":[],"url":"https:\/\/quaidesbrumes.com\/ouvrage\/9782811699994\/la-revanche-du-limier-des-baskerville-tome-2"},{"id":"9782344043950","title":"Les filles des marins perdus Tome 1","description":"\u00ab Y a des marins qui boivent et reboivent aux dames... \u00bbDans Le Port des Marins Perdus, sublime roman graphique paru en 2016 et couronn\u00e9 de succ\u00e8s, on a pu croiser les prostitu\u00e9es du Pilar, un bordel pour marins de Plymouth. Dans ce spin-off, on retrouve ces filles de petite vertu qui nous content \u00e0 tour de r\u00f4le une histoire confi\u00e9e par leur amant d'un soir. Aventure, drame et merveilleux sont au rendez-vous de ce nouveau petit bijou cisel\u00e9 par Teresa Radice et Stefano Turconi.","authors":["Teresa Radice","Stefano Turconi","Fr\u00e9d\u00e9ric Brr\u00e9maud"],"category_codes":["3000000","3030000","3030600"],"visuals":{"large":"https:\/\/images.epagine.fr\/950\/9782344043950_1_75.jpg","medium":"https:\/\/images.epagine.fr\/950\/9782344043950_1_m.jpg","thumbnail":"https:\/\/images.epagine.fr\/950\/9782344043950_1_v.jpg"},"orderable":true,"show_badge":true,"formatted_price":"18,50&nbsp;\u20ac","formatted_published_date":"9 septembre 2020","publisher_availability_label":"Sur commande","short_details":"Teresa Radice, Stefano Turconi, Fr\u00e9d\u00e9ric Brr\u00e9maud \u2014 Gl\u00e9nat","translator":"FREDERIC BRREMAUD","weight":504,"page_count":128,"readership":"Tout public","editor":"Gl\u00e9nat","price":1850,"published_date":"2020-09-08T22:00:00.000000Z","support":"Grand format","publisher_availability":1,"stock":0,"editions":[],"url":"https:\/\/quaidesbrumes.com\/ouvrage\/9782344043950\/les-filles-des-marins-perdus-tome-1"},{"id":"9782095030186","title":"Dix minutes \u00e0 perdre","description":"L'adaptation en BD du roman aux 21 prix litt\u00e9raires !\r\nPour la premi\u00e8re fois de sa vie, Tim va passer deux jours tout seul. Seul dans la tr\u00e8s vieille maison o\u00f9 il vient d'emm\u00e9nager avec ses parents. \" Si tu as dix minutes \u00e0 perdre, commence \u00e0 d\u00e9tapisser les murs de ta chambre \", ironise son p\u00e8re. Tim le prend au mot. Dix minutes, pas une de plus. Mais en arrachant de l'affreux papier peint fleuri, Tim fait appara\u00eetre un myst\u00e9rieux message. Ceci est mon histoire...\r\n\r\nLaissez-vous embarquer dans une g\u00e9niale chasse au tr\u00e9sor... en huis clos !","authors":["Jean-Christophe Tixier","Terkel Risbjerg"],"category_codes":["3000000","3020000","3020200","3020202"],"visuals":{"large":"https:\/\/images.epagine.fr\/186\/9782095030186_1_75.jpg","medium":"https:\/\/images.epagine.fr\/186\/9782095030186_1_m.jpg","thumbnail":"https:\/\/images.epagine.fr\/186\/9782095030186_1_v.jpg"},"orderable":true,"show_badge":true,"formatted_price":"14,95&nbsp;\u20ac","formatted_published_date":"26 septembre 2024","publisher_availability_label":"Sur commande","short_details":"Jean-Christophe Tixier, Terkel Risbjerg \u2014 Nathan","translator":null,"weight":546,"page_count":96,"readership":null,"editor":"Nathan","price":1495,"published_date":"2024-09-25T22:00:00.000000Z","support":"Grand format","publisher_availability":1,"stock":0,"editions":[],"url":"https:\/\/quaidesbrumes.com\/ouvrage\/9782095030186\/dix-minutes-a-perdre"},{"id":"9782302064249","title":"The legend of Zelda - perfect edition : the minish cap ; phantom of Hourglass","description":"Les aventures de Link se poursuivent dans la for\u00eat des Minish et dans les oc\u00e9ans ! Retrouvez dans ce quatri\u00e8me volume notre h\u00e9ros dans de nouvelles aventures tir\u00e9es des jeux vid\u00e9o !La princesse Zelda a \u00e9t\u00e9 chang\u00e9e en pierre par le mal\u00e9fique Vaati. Pour mettre fin \u00e0 cette mal\u00e9diction, Link doit partir \u00e0 la recherche des Minish vivant dans la for\u00eat de Tyloria. \u00e9chou\u00e9 sur la plage d'une \u00eele myst\u00e9rieuse, Link reprend conscience, r\u00e9veill\u00e9 par la voix d'une f\u00e9e. Avec son aide, il d\u00e9cide de partir \u00e0 la recherche de Tetra, enlev\u00e9e par d'\u00e9tranges puissances mal\u00e9fiques.","authors":["Akira Himekawa"],"category_codes":["3000000","3040000","3040500","3040504"],"visuals":{"large":"https:\/\/images.epagine.fr\/249\/9782302064249_1_75.jpg","medium":"https:\/\/images.epagine.fr\/249\/9782302064249_1_m.jpg","thumbnail":"https:\/\/images.epagine.fr\/249\/9782302064249_1_v.jpg"},"orderable":true,"show_badge":true,"formatted_price":"19,99&nbsp;\u20ac","formatted_published_date":"27 septembre 2017","publisher_availability_label":"Sur commande","short_details":"Akira Himekawa \u2014 Soleil","translator":null,"weight":910,"page_count":368,"readership":"\u00e0 partir de 10 ANS","editor":"Soleil","price":1999,"published_date":"2017-09-26T22:00:00.000000Z","support":"Grand format","publisher_availability":1,"stock":0,"editions":[],"url":"https:\/\/quaidesbrumes.com\/ouvrage\/9782302064249\/the-legend-of-zelda-perfect-edition-the-minish-cap-phantom-of-hourglass"},{"id":"9782351422106","title":"Yotsuba Tome 6","description":"Vous avez toujours r\u00eav\u00e9 d'avoir une petite soeur ? Vous \u00e9tiez jaloux du voisin qui en avait une ? Eh bien, vous allez vite changer d'avis ! Yotsuba est allum\u00e9e, d\u00e9jant\u00e9e et na\u00efve ! Mais comme elle est marrante et qu'en fait, ce n'est pas votre soeur, vous allez l'adorer !\r\nDans ce volume, Yotsuba apprend \u00e0 recycler mais aussi \u00e0 faire du v\u00e9lo en toute s\u00e9curit\u00e9 avec son p\u00e8re. Elle d\u00e9couvre \u00e9galement ce qu'est le lieu de travail. Elle fait ses devoirs avec les voisins et construit une \u00e9tag\u00e8re avec Jumbo. Enfin, elle d\u00e9guste, bouteille apr\u00e8s bouteille, un d\u00e9licieux lait .\r\n\r\n \r\n- Nomin\u00e9 au prix Konishi 2020 (meilleure traduction fran\u00e7aise d'un manga japonais) - Elu Manga qui vous fait exploser de rire, Lecture relaxante et enfin 3\u00e8me position pour Yotsuba cat\u00e9gorie H\u00e9ro\u00efne pr\u00e9f\u00e9r\u00e9e - Mangaverstival 2010.\r\n- Nomin\u00e9 dans 5 cat\u00e9gories au Mangaverstival 2009, la s\u00e9rie a \u00e9t\u00e9 \u00e9lue Manga le plus dr\u00f4le et Koiwai Yotsuba est arriv\u00e9e 2\u00e8me dans la cat\u00e9gorie H\u00e9ro\u00efnes Pr\u00e9f\u00e9r\u00e9es.\r\n - Yotsuba est arriv\u00e9 2nd r\u00e9v\u00e9lation de l'ann\u00e9e 2006 au festival ANIMELAND (2007).","authors":["Kiyohiko Azuma","Eve Chauvir\u00e9"],"category_codes":["3000000","3040000","3040600","3040602"],"visuals":{"large":"https:\/\/images.epagine.fr\/106\/9782351422106_1_75.jpg","medium":"https:\/\/images.epagine.fr\/106\/9782351422106_1_m.jpg","thumbnail":"https:\/\/images.epagine.fr\/106\/9782351422106_1_v.jpg"},"orderable":true,"show_badge":true,"formatted_price":"7,95&nbsp;\u20ac","formatted_published_date":"13 septembre 2007","publisher_availability_label":"Sur commande","short_details":"Kiyohiko Azuma, Eve Chauvir\u00e9 \u2014 Kurokawa","translator":"EVE CHAUVIRE","weight":232,"page_count":208,"readership":"\u00e0 partir de 14 ans","editor":"Kurokawa","price":795,"published_date":"2007-09-12T22:00:00.000000Z","support":"Poche","publisher_availability":1,"stock":0,"editions":[],"url":"https:\/\/quaidesbrumes.com\/ouvrage\/9782351422106\/yotsuba-tome-6"},{"id":"9782302090507","title":"Frigiel et Fluffy Tome 9 : sauvons Lanniel","description":"Frigiel et ses amis, apr\u00e8s avoir explor\u00e9 les Farlands, reviennent enfin chez eux pour se reposer. Mais Lanniel, leur village, est totalement d\u00e9vast\u00e9 et il n'y a plus personne. Quelle trag\u00e9die s'est-elle d\u00e9roul\u00e9e en leur absence ? Sont-ils indirectement responsables de cette situation ? Ils devront mener l'enqu\u00eate pour retrouver les villageois avant qu'il ne soit trop tard.","authors":["Arianna Sabella","Frigiel","Jean-Christophe Derrien","Minte"],"category_codes":["3000000","3020000","3020200","3020202"],"visuals":{"large":"https:\/\/images.epagine.fr\/507\/9782302090507_1_75.jpg","medium":"https:\/\/images.epagine.fr\/507\/9782302090507_1_m.jpg","thumbnail":"https:\/\/images.epagine.fr\/507\/9782302090507_1_v.jpg"},"orderable":true,"show_badge":true,"formatted_price":"11,50&nbsp;\u20ac","formatted_published_date":"2 d\u00e9cembre 2020","publisher_availability_label":"Sur commande","short_details":"Arianna Sabella, Frigiel, Jean-Christophe Derrien, Minte \u2014 Soleil","translator":null,"weight":412,"page_count":48,"readership":"\u00e0 partir de 8 ANS","editor":"Soleil","price":1150,"published_date":"2020-12-01T23:00:00.000000Z","support":"Grand format","publisher_availability":1,"stock":0,"editions":[],"url":"https:\/\/quaidesbrumes.com\/ouvrage\/9782302090507\/frigiel-et-fluffy-tome-9-sauvons-lanniel"},{"id":"9782413041016","title":"Cabot-Caboche","description":"Jug\u00e9 trop laid pour \u00eatre adopt\u00e9, le Chien est trait\u00e9 comme un vulgaire d\u00e9chet, laiss\u00e9 pour mort dans une d\u00e9charge. Gueule Noire, une vieille chienne qui vit l\u00e0, lui vient en aide. Son principal conseil ? Trouver au plus vite une ma\u00eetresse et, surtout, bien la dresser ! Pomme sera sa ma\u00eetresse. Mais cette petite fille a un solide caract\u00e8re et va s'av\u00e9rer particuli\u00e8rement difficile \u00e0 apprivoiser...","authors":["Gr\u00e9gory Panaccione","Daniel Pennac"],"category_codes":["3000000","3020000","3020200","3020209"],"visuals":{"large":"https:\/\/images.epagine.fr\/016\/9782413041016_1_75.jpg","medium":"https:\/\/images.epagine.fr\/016\/9782413041016_1_m.jpg","thumbnail":"https:\/\/images.epagine.fr\/016\/9782413041016_1_v.jpg"},"orderable":true,"show_badge":true,"formatted_price":"20,50&nbsp;\u20ac","formatted_published_date":"3 novembre 2021","publisher_availability_label":"Sur commande","short_details":"Gr\u00e9gory Panaccione, Daniel Pennac \u2014 Delcourt","translator":null,"weight":904,"page_count":128,"readership":null,"editor":"Delcourt","price":2050,"published_date":"2021-11-02T23:00:00.000000Z","support":"Grand format","publisher_availability":1,"stock":0,"editions":[],"url":"https:\/\/quaidesbrumes.com\/ouvrage\/9782413041016\/cabot-caboche"},{"id":"9782413086031","title":"Anta Tome 2 : Les singes rouges","description":"Anta et Ouley passent la journ\u00e9e au champ avec leurs parents. Alors que les deux soeurs reviennent du village o\u00f9 elles sont all\u00e9es acheter du pain, elles se font surprendre par des singes qui le leur volent ! Un petit gar\u00e7on, Sidi, m\u00e8ne alors les fillettes au repaire des singes, o\u00f9 les enfants d\u00e9couvrent que l'un des animaux est malade... Pour le gu\u00e9rir, ils devront d\u00e9passer leurs peurs.\r","authors":["Nouridine Diop","Gaspard Talmasse","Ana\u00eble Hermans"],"category_codes":["3000000","3020000","3020200","3020209"],"visuals":{"large":"https:\/\/images.epagine.fr\/031\/9782413086031_1_75.jpg","medium":"https:\/\/images.epagine.fr\/031\/9782413086031_1_m.jpg","thumbnail":"https:\/\/images.epagine.fr\/031\/9782413086031_1_v.jpg"},"orderable":true,"show_badge":true,"formatted_price":"11,95&nbsp;\u20ac","formatted_published_date":"8 octobre 2025","publisher_availability_label":"Sur commande","short_details":"Nouridine Diop, Gaspard Talmasse, Ana\u00eble Hermans \u2014 Delcourt","translator":null,"weight":480,"page_count":64,"readership":null,"editor":"Delcourt","price":1195,"published_date":"2025-10-07T22:00:00.000000Z","support":"Grand format","publisher_availability":1,"stock":0,"editions":[],"url":"https:\/\/quaidesbrumes.com\/ouvrage\/9782413086031\/anta-tome-2-les-singes-rouges"}]}