{"data":[{"id":"9791026829515","title":"Hellblazer d\u00e9pendance mortelle","description":"Apr\u00e8s avoir affront\u00e9 les hommes et cr\u00e9atures d\u00e9moniaques les plus dangereux de Londres, John Constantine, magicien cynique et d\u00e9sinvolte devenu enqu\u00eateur, doit aujourd'hui faire face \u00e0 un ennemi qu'il ne peut ni duper ni distancer : le cancer. En sursis, il va devoir mettre \u00e0 profit le peu de temps dont il dispose pour trouver une \u00e9chappatoire. Un salut inesp\u00e9r\u00e9 qu'il pourrait trouver aupr\u00e8s des Seigneurs des t\u00e9n\u00e8bres.","authors":["Garth Ennis","William Simpson"],"category_codes":["3000000","3030000","3030200"],"visuals":{"large":"https:\/\/images.epagine.fr\/515\/9791026829515_1_75.jpg","medium":"https:\/\/images.epagine.fr\/515\/9791026829515_1_m.jpg","thumbnail":"https:\/\/images.epagine.fr\/515\/9791026829515_1_v.jpg"},"orderable":true,"show_badge":true,"formatted_price":"13,90&nbsp;\u20ac","formatted_published_date":"23 ao\u00fbt 2024","publisher_availability_label":"Sur commande","short_details":"Garth Ennis, William Simpson \u2014 Urban Comics","translator":null,"weight":620,"page_count":416,"readership":null,"editor":"Urban Comics","price":1390,"published_date":"2024-08-22T22:00:00.000000Z","support":"Grand format","publisher_availability":1,"stock":0,"editions":[],"url":"https:\/\/quaidesbrumes.com\/ouvrage\/9791026829515\/hellblazer-dependance-mortelle"},{"id":"9782811616168","title":"Yona, princesse de l'aube Tome 3","description":"Suivant le conseil de Mundok, Yona et Hak partent \u00e0 la recherche d'un pr\u00eatre ayant la capacit\u00e9 de pr\u00e9dire l'avenir. Mais, peu apr\u00e8s leur d\u00e9part de F\u00fbga, ils sont attaqu\u00e9s par la tribu du feu ! Accul\u00e9s par les soldats, ils tombent du haut d'une falaise et Hak est gravement bless\u00e9... Par chance, ils sont recueillis et soign\u00e9s par deux \u00e9tranges personnages... Yona va-t-elle trouver le pr\u00eatre ? Que lui r\u00e9serve l'avenir qu'il va lui pr\u00e9dire ?","authors":["Mizuho Kusanagi"],"category_codes":["3000000","3040000","3040400","3040407"],"visuals":{"large":"https:\/\/images.epagine.fr\/168\/9782811616168_1_75.jpg","medium":"https:\/\/images.epagine.fr\/168\/9782811616168_1_m.jpg","thumbnail":"https:\/\/images.epagine.fr\/168\/9782811616168_1_v.jpg"},"orderable":true,"show_badge":true,"formatted_price":"7,20&nbsp;\u20ac","formatted_published_date":"1er octobre 2014","publisher_availability_label":"Sur commande","short_details":"Mizuho Kusanagi \u2014 Pika \u00c9dition","translator":null,"weight":158,"page_count":192,"readership":"\u00e0 partir de 10 ANS","editor":"Pika \u00c9dition","price":720,"published_date":"2014-09-30T22:00:00.000000Z","support":"Poche","publisher_availability":1,"stock":0,"editions":[],"url":"https:\/\/quaidesbrumes.com\/ouvrage\/9782811616168\/yona-princesse-de-laube-tome-3"},{"id":"9782844147462","title":"Les nouvelles aventures de Lapinot Tome 3 : pros\u00e9lytisme & morts-vivants","description":"Devenu l'un des auteurs embl\u00e9matiques de la \"nouvelle bande dessin\u00e9e\" , et avec plus de 160 livres \u00e0 son actif, Lewis Trondheim s'est essay\u00e9 \u00e0 tous les genres. Il est aussi membre fondateur de l'Oubapo (Ouvroir de bande dessin\u00e9e potentielle), cofondateur de l'Association, et dirige la collection \"Shampooing\" aux \u00e9ditions Delcourt. Il a contribu\u00e9 \u00e0 la cr\u00e9ation du SNAC BD (syndicat des auteurs de bande dessin\u00e9e) et a invent\u00e9 le \"Fauve\" devenu la mascotte du festival d'Angoul\u00eame, manifestation qui l'a couronn\u00e9 de son Grand Prix en 2006.\r\nCette carri\u00e8re d'une richesse remarquable le place au carrefour de toutes les \u00e9volutions r\u00e9centes de la bande dessin\u00e9e. D'habitude peu enclin aux interviews et aux apparitions m\u00e9diatiques, Lewis Trondheim s'est cette fois longuement entretenu avec Thierry Groensteen, th\u00e9oricien et historien de la bande dessin\u00e9e, et ami de longue date. Le texte qui en r\u00e9sulte \u00e9claire non seulement un parcours artistique aux avant-postes de la cr\u00e9ation contemporaine, mais \u00e9galement une personnalit\u00e9 int\u00e8gre, un esprit agile et inquiet, un temp\u00e9rament joueur.\r\nCe recueil d'entretiens, illustr\u00e9 de nombreux documents rares ou in\u00e9dits fait le bilan - provisoire - d'une carri\u00e8re \u00e9tonnamment f\u00e9conde. Enrichi du t\u00e9moignage d'une dizaine de proches de Lewis, cet ouvrage para\u00eetra \u00e0 l'occasion de l'exposition r\u00e9trospective \"Lewis Trondheim fait des histoires\" pr\u00e9sent\u00e9e au mus\u00e9e de la Bande dessin\u00e9e d'Angoul\u00eame de janvier \u00e0 mai 2020.\r","authors":["Lewis Trondheim"],"category_codes":["3000000","3020000","3020100","3020111"],"visuals":{"large":"https:\/\/images.epagine.fr\/462\/9782844147462_1_75.jpg","medium":"https:\/\/images.epagine.fr\/462\/9782844147462_1_m.jpg","thumbnail":"https:\/\/images.epagine.fr\/462\/9782844147462_1_v.jpg"},"orderable":true,"show_badge":true,"formatted_price":"14,00&nbsp;\u20ac","formatted_published_date":"17 janvier 2020","publisher_availability_label":"Sur commande","short_details":"Lewis Trondheim \u2014 L'Association","translator":null,"weight":440,"page_count":48,"readership":"\u00e0 partir de 12 ANS","editor":"L'Association","price":1400,"published_date":"2020-01-16T23:00:00.000000Z","support":"Grand format","publisher_availability":1,"stock":0,"editions":[],"url":"https:\/\/quaidesbrumes.com\/ouvrage\/9782844147462\/les-nouvelles-aventures-de-lapinot-tome-3-proselytisme-morts-vivants"},{"id":"9782344033760","title":"Ranma 1\/2 - \u00e9dition originale Tome 9","description":"Il y a une vingtaine d'ann\u00e9es, les trois soeurs Tendo ont \u00e9t\u00e9 promises \u00e0 un myst\u00e9rieux Fran\u00e7ais, Picolet Chardin II, expert en gastronomie martiale. Curieux de ma\u00eetriser les arcanes de cet art, Ranma accepte de se fiancer \u00e0 Picolet et s'installe au manoir des Chardin pour suivre l'entra\u00eenement de la future \u00e9pouse. Le principe : se nourrir sans \u00eatre vu en train de porter les aliments \u00e0 sa bouche. Plus facile quand on poss\u00e8de une langue extensible et une bouche d\u00e9mesur\u00e9e, ce qui n'est pas le cas de Ranma. Arrivera-t-il \u00e0 battre Picolet sur son propre terrain avant de mourir de faim ?","authors":["Rumiko Takahashi","Fedoua Lamodi\u00e8re"],"category_codes":["3000000","3040000","3040500","3040510"],"visuals":{"large":"https:\/\/images.epagine.fr\/760\/9782344033760_1_75.jpg","medium":"https:\/\/images.epagine.fr\/760\/9782344033760_1_m.jpg","thumbnail":"https:\/\/images.epagine.fr\/760\/9782344033760_1_v.jpg"},"orderable":true,"show_badge":true,"formatted_price":"10,95&nbsp;\u20ac","formatted_published_date":"5 juin 2019","publisher_availability_label":"Sur commande","short_details":"Rumiko Takahashi, Fedoua Lamodi\u00e8re \u2014 Gl\u00e9nat","translator":"FEDOUA LAMODIERE","weight":384,"page_count":352,"readership":"\u00e0 partir de 10 ANS","editor":"Gl\u00e9nat","price":1095,"published_date":"2019-06-04T22:00:00.000000Z","support":"Poche","publisher_availability":1,"stock":0,"editions":[],"url":"https:\/\/quaidesbrumes.com\/ouvrage\/9782344033760\/ranma-12-edition-originale-tome-9"},{"id":"9791041113002","title":"L'\u00e2me du dragon Tome 3","description":"Comment vivent et meurent les humains dans un monde domin\u00e9 par les dragons... Une r\u00e9flexion sur ce qui nourrit la vie.  J'ex\u00e9cuterai tout auteur d'un crime, f\u00fbt-il un dragon! \u00a0Forts de l'enfer qu'ils ont travers\u00e9 et de leur parcours de vie, Isagi Kushinada, \"le coupeur divin\", et S\u00f4hi Yakumo, testeur de tranchant devenu ma\u00eetre d'un sabre mal\u00e9fique, s'engagent l'un et l'autre dans un combat sans piti\u00e9 pour ce dernier.\u00a0Qui sera l'unique survivant de cet affrontement pour la myst\u00e9rieuse lame dragon ?","authors":["Makoto Hoshino"],"category_codes":["3000000","3040000","3040600","3040608"],"visuals":{"large":"https:\/\/images.epagine.fr\/002\/9791041113002_1_75.jpg","medium":"https:\/\/images.epagine.fr\/002\/9791041113002_1_m.jpg","thumbnail":"https:\/\/images.epagine.fr\/002\/9791041113002_1_v.jpg"},"orderable":true,"show_badge":true,"formatted_price":"7,95&nbsp;\u20ac","formatted_published_date":"3 d\u00e9cembre 2025","publisher_availability_label":"Sur commande","short_details":"Makoto Hoshino \u2014 Bamboo","translator":null,"weight":194,"page_count":192,"readership":"\u00e0 partir de 14 ans","editor":"Bamboo","price":795,"published_date":"2025-12-02T23:00:00.000000Z","support":"Poche","publisher_availability":1,"stock":0,"editions":[],"url":"https:\/\/quaidesbrumes.com\/ouvrage\/9791041113002\/lame-du-dragon-tome-3"},{"id":"9782505069188","title":"Boule & Bill Tome 38 : symphonie en Bill majeur","description":"La BD pr\u00e9f\u00e9r\u00e9e des enfants revient apr\u00e8s son succ\u00e8s en dessin anim\u00e9 et la sortie d'un deuxi\u00e8me film !\r\n\r\nBoule, c'est un petit gar\u00e7on joyeux, espi\u00e8gle, pas tr\u00e8s travailleur, mais extr\u00eamement malin. Bill, vous avez dit \u00ab un chien \u00bb ? Oui, mais pas n'importe lequel : ce coquin de cocker est adorable, hilarant, menteur, parfois r\u00e9fractaire au bain, mais toujours avec un coeur gros comme \u00e7a ! Entre Boule et Bill, c'est une grande histoire d'amiti\u00e9, de b\u00eatises, d'aventures rocambolesques et, surtout, de complicit\u00e9.","authors":["Jean Bastide","Christophe Cazenove"],"category_codes":["3000000","3020000","3020200","3020211"],"visuals":{"large":"https:\/\/images.epagine.fr\/188\/9782505069188_1_75.jpg","medium":"https:\/\/images.epagine.fr\/188\/9782505069188_1_m.jpg","thumbnail":"https:\/\/images.epagine.fr\/188\/9782505069188_1_v.jpg"},"orderable":true,"show_badge":true,"formatted_price":"12,95&nbsp;\u20ac","formatted_published_date":"27 octobre 2017","publisher_availability_label":"Sur commande","short_details":"Jean Bastide, Christophe Cazenove \u2014 Boule Et Bill","translator":null,"weight":365,"page_count":48,"readership":"Tout public","editor":"Boule Et Bill","price":1295,"published_date":"2017-10-26T22:00:00.000000Z","support":"Grand format","publisher_availability":1,"stock":0,"editions":[],"url":"https:\/\/quaidesbrumes.com\/ouvrage\/9782505069188\/boule-bill-tome-38-symphonie-en-bill-majeur"},{"id":"9791042018443","title":"Call of the night Tome 15","description":"En une rencontre, la vie peut reprendre du mordant !\r\nLes nuits de l'excursion scolaire vont \u00eatre mouvement\u00e9es !\r\nPour leur \" voyage scolaire \", Mahiru et Kiku ont choisi de se rendre \u00e0 Hokkaid\u00f4. \u00c0 peine arriv\u00e9 sur place, K\u00f4, lanc\u00e9 sur leurs traces, fait la connaissance d'un vampire en uniforme scolaire. Il semblerait que ce gar\u00e7on ne soit pas un \u00e9tranger pour Nazuna !\r\n\" Aaaaabruuuutiiii ! \"\r\nL'apparition de ce jeune homme fait exploser la col\u00e8re de K\u00f4 et donne une nouvelle direction \u00e0 son voyage \u00e0 la poursuite de Mahiru et de Kiku !","authors":["Kotoyama","Gregoire Hellot"],"category_codes":["3000000","3040000","3040500","3040505"],"visuals":{"large":"https:\/\/images.epagine.fr\/443\/9791042018443_1_75.jpg","medium":"https:\/\/images.epagine.fr\/443\/9791042018443_1_m.jpg","thumbnail":"https:\/\/images.epagine.fr\/443\/9791042018443_1_v.jpg"},"orderable":true,"show_badge":true,"formatted_price":"7,30&nbsp;\u20ac","formatted_published_date":"13 novembre 2025","publisher_availability_label":"Sur commande","short_details":"Kotoyama, Gregoire Hellot \u2014 Kurokawa","translator":"GREGOIRE HELLOT","weight":158,"page_count":192,"readership":"\u00e0 partir de 12 ANS","editor":"Kurokawa","price":730,"published_date":"2025-11-12T23:00:00.000000Z","support":"Poche","publisher_availability":1,"stock":0,"editions":[],"url":"https:\/\/quaidesbrumes.com\/ouvrage\/9791042018443\/call-of-the-night-tome-15"},{"id":"9782311150841","title":"Outre-m\u00e8res : Le scandale des avortements forc\u00e9s \u00e0 La R\u00e9union","description":"L'histoire vraie d'un scandale totalement oubli\u00e9.\r\nD\u00e9but 1970, \u00e0 La R\u00e9union, Lucie est victime, comme des milliers d'autres femmes, d'une interruption de grossesse forc\u00e9e, assortie d'une st\u00e9rilisation. Sur l'\u00eele, les m\u00e9decins blancs se croient tout permis, avec la complicit\u00e9 de la S\u00e9curit\u00e9 sociale. Lucie prend son courage \u00e0 deux mains et porte plainte.\r\nAu m\u00eame moment, dans l'Hexagone, Marie-Anne, \u00e9l\u00e8ve de terminale, assiste \u00e0 la naissance du Mouvement de lib\u00e9ration des femmes (MLF) et aux premiers d\u00e9bats sur l'IVG. Elle a elle-m\u00eame avort\u00e9 clandestinement quelques mois auparavant.\r\nLeurs destins crois\u00e9s t\u00e9moignent des difficult\u00e9s et des paradoxes extr\u00eames de la lutte men\u00e9e par les femmes, en France, pour disposer de leur corps.\r\nCe roman graphique, f\u00e9ministe et humaniste, revient sur une sombre page de l'histoire du droit des femmes, cinquante ans apr\u00e8s la loi Veil sur le droit \u00e0 l'avortement. Construit comme une enqu\u00eate et parfaitement document\u00e9, il rappelle \u00e0 toutes et tous l'importance du devoir de m\u00e9moire.","authors":["Sophie Adriansen","Anjale"],"category_codes":["3000000","3020000","3020200"],"visuals":{"large":"https:\/\/images.epagine.fr\/841\/9782311150841_1_75.jpg","medium":"https:\/\/images.epagine.fr\/841\/9782311150841_1_m.jpg","thumbnail":"https:\/\/images.epagine.fr\/841\/9782311150841_1_v.jpg"},"orderable":true,"show_badge":true,"formatted_price":"24,90&nbsp;\u20ac","formatted_published_date":"3 octobre 2024","publisher_availability_label":"Sur commande","short_details":"Sophie Adriansen, Anjale \u2014 Vuibert","translator":null,"weight":502,"page_count":208,"readership":null,"editor":"Vuibert","price":2490,"published_date":"2024-10-02T22:00:00.000000Z","support":"Grand format","publisher_availability":1,"stock":0,"editions":[],"url":"https:\/\/quaidesbrumes.com\/ouvrage\/9782311150841\/outre-meres-le-scandale-des-avortements-forces-a-la-reunion"},{"id":"9782390601852","title":"Michel Vaillant : histoires courtes Tome 3 : American Circus","description":"Daytona, Indianapolis, Ford, Chevrolet, Chaparral, NASCAR, Dragster, Can-Am... Michel et Steve affrontent les pilotes am\u00e9ricains dans les \u00e9preuves-phares des ann\u00e9es 70 aux USA, au volant de bolides entr\u00e9s dans la l\u00e9gende !\r\n\r\nBienvenue dans le dernier recueil des histoires courtes de Jean Graton, avec des r\u00e9cits aussi mythiques que Corrida pour une marguerite, Photo-finish ou Moi j'pr\u00e9f\u00e8re les drag's, dont certains recoloris\u00e9s pour l'occasion. Mais vous pourrez aussi d\u00e9couvrir Le 13 fou, deux pages totalement in\u00e9dites en fran\u00e7ais et en album, dessin\u00e9es pour un magazine allemand \u00e0 la fin des ann\u00e9es 70, ainsi que d'impeccables r\u00e9cits de courses de F1 et un Rallye Monte-Carlo particuli\u00e8rement enneig\u00e9 !\r\n\r\nAvec ces histoires br\u00e8ves de Michel Vaillant et Steve Warson, vous ne lirez pas de simples fictions, mais bien de pr\u00e9cieux t\u00e9moignages d'une \u00e9poque, formidable, du sport automobile.\r\n\r\nJean Graton avait ce don pour le r\u00e9cit prenant, mais nourri d'une analyse presque journalistique du sport automobile. Ces histoires courtes en sont un parfait reflet !","authors":["Jean Graton"],"category_codes":["3000000","3020000","3020200","3020209"],"visuals":{"large":"https:\/\/images.epagine.fr\/852\/9782390601852_1_75.jpg","medium":"https:\/\/images.epagine.fr\/852\/9782390601852_1_m.jpg","thumbnail":"https:\/\/images.epagine.fr\/852\/9782390601852_1_v.jpg"},"orderable":true,"show_badge":true,"formatted_price":"15,50&nbsp;\u20ac","formatted_published_date":"12 janvier 2024","publisher_availability_label":"Sur commande","short_details":"Jean Graton \u2014 Graton \u00c9diteur","translator":null,"weight":650,"page_count":64,"readership":"\u00e0 partir de 9 ANS","editor":"Graton \u00c9diteur","price":1550,"published_date":"2024-01-11T23:00:00.000000Z","support":"Grand format","publisher_availability":1,"stock":0,"editions":[],"url":"https:\/\/quaidesbrumes.com\/ouvrage\/9782390601852\/michel-vaillant-histoires-courtes-tome-3-american-circus"},{"id":"9782754844123","title":"La d\u00e9bauche","description":"La rencontre au sommet d'un grand \u00e9crivain, Daniel Pennac, et d'un g\u00e9ant de la bande dessin\u00e9e, Tardi, paru initialement en janvier 2000. Un homme est enferm\u00e9 dans une cage du Jardin des plantes, normalement occup\u00e9e par des tigres ou des gorilles, avec la mention : \u00abHomo Sapiens, Laborare Carens, ch\u00f4meur, Europe\u00bb. C'est une fable sociale qui vire au polar. Une d\u00e9nonciation du pouvoir, des m\u00e9dias, du lib\u00e9ralisme sauvage. Un r\u00e9cit qui n'a pas pris une ride !","authors":["Daniel Pennac","Tardi"],"category_codes":["3000000","3020000","3020100","3020103"],"visuals":{"large":"https:\/\/images.epagine.fr\/123\/9782754844123_1_75.jpg","medium":"https:\/\/images.epagine.fr\/123\/9782754844123_1_m.jpg","thumbnail":"https:\/\/images.epagine.fr\/123\/9782754844123_1_v.jpg"},"orderable":true,"show_badge":true,"formatted_price":"19,00&nbsp;\u20ac","formatted_published_date":"6 novembre 2024","publisher_availability_label":"Sur commande","short_details":"Daniel Pennac, Tardi \u2014 Futuropolis","translator":null,"weight":692,"page_count":80,"readership":null,"editor":"Futuropolis","price":1900,"published_date":"2024-11-05T23:00:00.000000Z","support":"Grand format","publisher_availability":1,"stock":0,"editions":["9782754803304"],"url":"https:\/\/quaidesbrumes.com\/ouvrage\/9782754844123\/la-debauche"},{"id":"9782841727315","title":"La brigade chim\u00e9rique : Int\u00e9grale Tomes 1 \u00e0 6","description":"La Brigade chim\u00e9rique rend hommage \u00e0 une saga de science-fiction oubli\u00e9e, parue en France entre les deux guerres sous la signature de George Spad, L'Homme chim\u00e9rique (\u00e9ditions Louis Querelle). C'est une oeuvre grave qui t\u00e9moigne du traumatisme que la Grande Guerre a inflig\u00e9 \u00e0 l'imaginaire europ\u00e9en.\r\nCette saga, amorc\u00e9e en 1919, s'appr\u00eatait \u00e0 prendre une direction fascinante lorsqu'elle fut interrompue sans explication en 1934. Soixante-treize ans plus tard, La Brigade reprend et prolonge ce tournant - pour le plaisir bien s\u00fbr, mais aussi parce que derri\u00e8re lui se trouve peut-\u00eatre la solution d'une des grandes \u00e9nigmes de l'histoire du vingti\u00e8me si\u00e8cle : pourquoi n'y a-t-il plus de superh\u00e9ros en Europe ?\r\nLe sc\u00e9nario de Serge Lehman et de Fabrice Colin, inscrit dans la tradition des feuilletonistes de l'entre-deux-guerres, a trouv\u00e9 avec Gess un metteur en sc\u00e8ne magnifiquement inspir\u00e9, cr\u00e9ateur d'un univers graphique dans la lign\u00e9e du Bauhaus et de l'expressionnisme allemand, et bas\u00e9 sur un \u00e9norme travail de documentation - costumes, d\u00e9cors, objets, etc.\r\nLa Brigade chim\u00e9rique est plus qu'une simple fiction. C'est une plong\u00e9e arch\u00e9ologique au coeur de l'imaginaire mutil\u00e9 de l'Europe. Une tentative pour reconstituer ce qui nous est arriv\u00e9 il y a soixante-dix ans - pour comprendre comment nous avons perdu le pouvoir hom\u00e9rique d'exprimer nos valeurs sous la forme d'une mythologie.\r\nAvec, peut-\u00eatre, l'espoir que cette confrontation aidera \u00e0 renouer le lien rompu.\r","authors":["Fabrice Colin","Serge Lehman","Gess","C\u00e9line Bessonneau"],"category_codes":["3000000","3020000","3020100","3020106"],"visuals":{"large":"https:\/\/images.epagine.fr\/315\/9782841727315_1_75.jpg","medium":"https:\/\/images.epagine.fr\/315\/9782841727315_1_m.jpg","thumbnail":"https:\/\/images.epagine.fr\/315\/9782841727315_1_v.jpg"},"orderable":true,"show_badge":true,"formatted_price":"39,00&nbsp;\u20ac","formatted_published_date":"22 octobre 2015","publisher_availability_label":"Sur commande","short_details":"Fabrice Colin, Serge Lehman, Gess, C\u00e9line Bessonneau \u2014 L'Atalante","translator":null,"weight":1688,"page_count":320,"readership":null,"editor":"L'Atalante","price":3900,"published_date":"2015-10-21T22:00:00.000000Z","support":"Grand format","publisher_availability":1,"stock":0,"editions":[],"url":"https:\/\/quaidesbrumes.com\/ouvrage\/9782841727315\/la-brigade-chimerique-integrale-tomes-1-a-6"},{"id":"9782754842297","title":"Les petits ruisseaux","description":"R\u00e9cit, dessin et couleurs de Pascal Rabat\u00e9","authors":["Pascal Rabat\u00e9"],"category_codes":["3000000","3020000","3020100","3020103"],"visuals":{"large":"https:\/\/images.epagine.fr\/297\/9782754842297_1_75.jpg","medium":"https:\/\/images.epagine.fr\/297\/9782754842297_1_m.jpg","thumbnail":"https:\/\/images.epagine.fr\/297\/9782754842297_1_v.jpg"},"orderable":true,"show_badge":true,"formatted_price":"22,00&nbsp;\u20ac","formatted_published_date":"7 juin 2023","publisher_availability_label":"Sur commande","short_details":"Pascal Rabat\u00e9 \u2014 Futuropolis","translator":null,"weight":846,"page_count":104,"readership":null,"editor":"Futuropolis","price":2200,"published_date":"2023-06-06T22:00:00.000000Z","support":"Grand format","publisher_availability":1,"stock":0,"editions":["9782754800167"],"url":"https:\/\/quaidesbrumes.com\/ouvrage\/9782754842297\/les-petits-ruisseaux"},{"id":"9782369815884","title":"La venin Tome 3 : entrailles","description":"1900, Oil Town dans l'Ohio. Sur ces terres crasseuses m\u00e9lang\u00e9es aux hydrocarbures, tout le monde travaille de pr\u00e8s ou de loin pour l'or noir. C'est ici qu'arrive qu'Emily accompagn\u00e9e de la petite Claire et de Susan, une femme secourue sur son chemin. D\u00e9sormais, elle sera Mary Mc Cartney, la nouvelle institutrice. C'est ainsi qu'elle croit pouvoir approcher et tromper Drake, le tyrannique et gros exploitant p\u00e9trolier de la ville. Elle ne se doute pas un instant que c'est lui qui l'attend ! D\u00e9masqu\u00e9e, Emily apprendra au passage, un \u00e9l\u00e9ment important sur sa m\u00e8re qui lui fera perdre la raison. Destabilis\u00e9e et traqu\u00e9e par les chasseurs de prime, elle n'aura d'autres choix que de fuir en direction de New York.","authors":["Laurent Astier"],"category_codes":["3000000","3020000","3020100","3020110"],"visuals":{"large":"https:\/\/images.epagine.fr\/884\/9782369815884_1_75.jpg","medium":"https:\/\/images.epagine.fr\/884\/9782369815884_1_m.jpg","thumbnail":"https:\/\/images.epagine.fr\/884\/9782369815884_1_v.jpg"},"orderable":true,"show_badge":true,"formatted_price":"15,00&nbsp;\u20ac","formatted_published_date":"28 octobre 2020","publisher_availability_label":"Sur commande","short_details":"Laurent Astier \u2014 Rue de S\u00e8vres","translator":null,"weight":670,"page_count":64,"readership":null,"editor":"Rue de S\u00e8vres","price":1500,"published_date":"2020-10-27T23:00:00.000000Z","support":"Grand format","publisher_availability":1,"stock":0,"editions":["9782810204533"],"url":"https:\/\/quaidesbrumes.com\/ouvrage\/9782369815884\/la-venin-tome-3-entrailles"},{"id":"9782811686437","title":"Kaguya-sama: Love is War T20","description":"Miyuki Shirogane, le pr\u00e9sident, et Kaguya Shinomiya, la vice-pr\u00e9sidente, se sont rencontr\u00e9s au BDE de l'acad\u00e9mie Sh\u00fbchiin, un lyc\u00e9e fr\u00e9quent\u00e9 par l'\u00e9lite. Apr\u00e8s avoir bataill\u00e9 pour s\u00e9duire l'autre et le forcer \u00e0 d\u00e9clarer sa flamme, ils sont d\u00e9sormais en couple. La Saint-Valentin approche ; la source de tant d'espoir et d'angoisse pour les gar\u00e7ons comme les filles ! Y\u00fb Ishigami va-t-il recevoir des chocolats de Tsubame Koyasu, l'\u00e9lue de son coeur ? Pendant ce temps, Miko Iino prend peu \u00e0 peu conscience de ses sentiments et se demande comment elle devrait r\u00e9agir...","authors":["Aka Akasaka"],"category_codes":["3000000","3040000","3040600"],"visuals":{"large":"https:\/\/images.epagine.fr\/437\/9782811686437_1_75.jpg","medium":"https:\/\/images.epagine.fr\/437\/9782811686437_1_m.jpg","thumbnail":"https:\/\/images.epagine.fr\/437\/9782811686437_1_v.jpg"},"orderable":true,"show_badge":true,"formatted_price":"7,20&nbsp;\u20ac","formatted_published_date":"2 mai 2024","publisher_availability_label":"Sur commande","short_details":"Aka Akasaka \u2014 Pika \u00c9dition","translator":null,"weight":190,"page_count":192,"readership":null,"editor":"Pika \u00c9dition","price":720,"published_date":"2024-05-01T22:00:00.000000Z","support":"Poche","publisher_availability":1,"stock":0,"editions":[],"url":"https:\/\/quaidesbrumes.com\/ouvrage\/9782811686437\/kaguya-sama-love-is-war-t20"},{"id":"9782800167893","title":"Les Tuniques Bleues Tome 61 : l'\u00e9trange soldat Franklin","description":"Le gros, c'est Corn\u00e9lius Chesterfield, sergent z\u00e9l\u00e9 et disciplin\u00e9 de l'arm\u00e9e du Nord des Etats-Unis. Le petit, c'est Blutch, un malin r\u00e2leur et d\u00e9sabus\u00e9 qui ne r\u00eave que de d\u00e9serter. Pris dans les affres de la Guerre de S\u00e9cession, ces deux-l\u00e0 font ce qu'ils peuvent pour \u00e9chapper aux ennuis que leur valent des chefs born\u00e9s, des ordres aberrants et un destin d\u00e9cid\u00e9ment contraire... \u00c0 travers des histoires pleines de rire et d'action, Lambil et Cauvin nous offrent une critique acerbe des absurdit\u00e9s de la guerre et du militarisme obtus.","authors":["Raoul Cauvin","Willy Lambil"],"category_codes":["3000000","3020000","3020200","3020210"],"visuals":{"large":"https:\/\/images.epagine.fr\/893\/9782800167893_1_75.jpg","medium":"https:\/\/images.epagine.fr\/893\/9782800167893_1_m.jpg","thumbnail":"https:\/\/images.epagine.fr\/893\/9782800167893_1_v.jpg"},"orderable":true,"show_badge":true,"formatted_price":"12,95&nbsp;\u20ac","formatted_published_date":"10 novembre 2017","publisher_availability_label":"Sur commande","short_details":"Raoul Cauvin, Willy Lambil \u2014 Dupuis","translator":null,"weight":352,"page_count":48,"readership":"Tout public","editor":"Dupuis","price":1295,"published_date":"2017-11-09T23:00:00.000000Z","support":"Grand format","publisher_availability":1,"stock":0,"editions":["9782800173399"],"url":"https:\/\/quaidesbrumes.com\/ouvrage\/9782800167893\/les-tuniques-bleues-tome-61-letrange-soldat-franklin"},{"id":"9782344059937","title":"Dragon Ball SD - Tome 09","description":"Goku a \u00e9t\u00e9 gravement bless\u00e9 pendant son combat contre le commando Ginyu. De leur c\u00f4t\u00e9, Krilin et Gohan sont en train de se battre contre Freezer, et ils ont \u00e9t\u00e9 rejoints par Piccolo mais m\u00eame lui ne peut rien face \u00e0 ce terrible ennemi apr\u00e8s sa transformation. Quant \u00e0 Vegeta, il a augment\u00e9 sa puissance et affirme \u00eatre devenu un Super Saiyan !","authors":["Akira Toriyama","Naho Ohishi"],"category_codes":["3000000","3040000","3040500","3040510"],"visuals":{"large":"https:\/\/images.epagine.fr\/937\/9782344059937_1_75.jpg","medium":"https:\/\/images.epagine.fr\/937\/9782344059937_1_m.jpg","thumbnail":"https:\/\/images.epagine.fr\/937\/9782344059937_1_v.jpg"},"orderable":true,"show_badge":true,"formatted_price":"7,90&nbsp;\u20ac","formatted_published_date":"22 novembre 2023","publisher_availability_label":"Sur commande","short_details":"Akira Toriyama, Naho Ohishi \u2014 Gl\u00e9nat","translator":null,"weight":218,"page_count":192,"readership":"\u00e0 partir de 6 ANS","editor":"Gl\u00e9nat","price":790,"published_date":"2023-11-21T23:00:00.000000Z","support":"Poche","publisher_availability":1,"stock":0,"editions":[],"url":"https:\/\/quaidesbrumes.com\/ouvrage\/9782344059937\/dragon-ball-sd-tome-09"},{"id":"9782811607159","title":"Sailor Moon ; pretty gardian Tome 3","description":"Apr\u00e8s avoir subi un lavage de cerveau de la terrible Queen Beryl, Tuxedo Mask devient son fid\u00e8le serviteur et attaque Sailor Moon afin de s'emparer du cristal d'argent. Mais comment Usagi pourra t-elle combattre celui qui \u00e9tait et qui sera toujours son grand amour ? Dans une vie ant\u00e9rieure, Princess Serenity et Endymion ont d\u00e9j\u00e0 \u00e9t\u00e9 s\u00e9par\u00e9s. Une fois r\u00e9incarn\u00e9s, les voici contraints de s'entre-d\u00e9chirer \u00e0 nouveau. Heureusement, Usagi peut compter sur l'aide de toutes les Sailor pour emp\u00eacher ce malheur de se reproduire. Mais le soutien de ses amies sera-t-il suffisant pour permettre \u00e0 Sailor Moon d'an\u00e9antir Queen Beryl ?","authors":["Naoko Takeuchi","Fedoua Lamodi\u00e8re"],"category_codes":["3000000","3040000","3040400","3040405"],"visuals":{"large":"https:\/\/images.epagine.fr\/159\/9782811607159_1_75.jpg","medium":"https:\/\/images.epagine.fr\/159\/9782811607159_1_m.jpg","thumbnail":"https:\/\/images.epagine.fr\/159\/9782811607159_1_v.jpg"},"orderable":true,"show_badge":true,"formatted_price":"7,20&nbsp;\u20ac","formatted_published_date":"31 octobre 2012","publisher_availability_label":"Sur commande","short_details":"Naoko Takeuchi, Fedoua Lamodi\u00e8re \u2014 Pika \u00c9dition","translator":"FEDOUA LAMODIERE","weight":208,"page_count":246,"readership":"\u00e0 partir de 10 ANS","editor":"Pika \u00c9dition","price":720,"published_date":"2012-10-30T23:00:00.000000Z","support":"Poche","publisher_availability":1,"stock":0,"editions":["9782811652142"],"url":"https:\/\/quaidesbrumes.com\/ouvrage\/9782811607159\/sailor-moon-pretty-gardian-tome-3"},{"id":"9782373495966","title":"Captain Tsubasa saison 2 Tome 1","description":"Tsubasa et ses amis sont maintenant au coll\u00e8ge. Avant de pouvoir envisager un troisi\u00e8me sacre national cons\u00e9cutif, le coll\u00e8ge Nankatsu va d\u00e9j\u00e0 devoir remporter le tournoi d\u00e9partemental, comp\u00e9tition dans laquelle concourt Otomo, une \u00e9quipe compos\u00e9e d'anciens joueurs du Nankatsu SC...Retrouvez les joueurs de foot les plus mythiques de l'animation japonaise dans cette nouvelle saison encore plus palpitante !\r","authors":["Yoichi Takahashi"],"category_codes":["3000000","3040000","3040500","3040511"],"visuals":{"large":"https:\/\/images.epagine.fr\/966\/9782373495966_1_75.jpg","medium":"https:\/\/images.epagine.fr\/966\/9782373495966_1_m.jpg","thumbnail":"https:\/\/images.epagine.fr\/966\/9782373495966_1_v.jpg"},"orderable":true,"show_badge":true,"formatted_price":"8,90&nbsp;\u20ac","formatted_published_date":"7 juillet 2021","publisher_availability_label":"Sur commande","short_details":"Yoichi Takahashi \u2014 Nobi Nobi","translator":null,"weight":298,"page_count":192,"readership":"\u00e0 partir de 12 ANS","editor":"Nobi Nobi","price":890,"published_date":"2021-07-06T22:00:00.000000Z","support":"Poche","publisher_availability":1,"stock":0,"editions":[],"url":"https:\/\/quaidesbrumes.com\/ouvrage\/9782373495966\/captain-tsubasa-saison-2-tome-1"},{"id":"9782811671075","title":"Komi cherche ses mots Tome 9","description":"Komi se met aux fourneaux et se retrousse les manches pour pr\u00e9parer un bon g\u00e2teau au chocolat chez son amie Onemine, qui l'a gentiment invit\u00e9e. Le jour de la Saint-Valentin, alors que Komi offre des chocopotos \u00e0 tous ses amis, filles comme gar\u00e7ons, Tadano esp\u00e8re en recevoir un. Il regarde dans son casier \u00e0 chaussures, dans son bureau, un peu partout, avec plus d'attention que d'habitude. Komi d\u00e9cide alors de lever une partie du voile qui entoure ses sentiments... Parviendra-t-elle \u00e0 lui offrir le joli cadeau qu'elle lui a pr\u00e9par\u00e9 ?","authors":["Tomohito Oda"],"category_codes":["3000000","3040000","3040500","3040509"],"visuals":{"large":"https:\/\/images.epagine.fr\/075\/9782811671075_1_75.jpg","medium":"https:\/\/images.epagine.fr\/075\/9782811671075_1_m.jpg","thumbnail":"https:\/\/images.epagine.fr\/075\/9782811671075_1_v.jpg"},"orderable":true,"show_badge":true,"formatted_price":"7,20&nbsp;\u20ac","formatted_published_date":"6 septembre 2023","publisher_availability_label":"Sur commande","short_details":"Tomohito Oda \u2014 Pika \u00c9dition","translator":null,"weight":166,"page_count":192,"readership":"\u00e0 partir de 12 ANS","editor":"Pika \u00c9dition","price":720,"published_date":"2023-09-05T22:00:00.000000Z","support":"Poche","publisher_availability":1,"stock":0,"editions":[],"url":"https:\/\/quaidesbrumes.com\/ouvrage\/9782811671075\/komi-cherche-ses-mots-tome-9"},{"id":"9782754833066","title":"Ben Barka : La disparition","description":"Le 29 octobre 1965, Mehdi Ben Barka, le principal opposant au roi du Maroc, Hassan II, a rendez-vous \u00e0 la brasserie Lipp, \u00e0 Paris, avec trois personnes : Philippe Bernier, journaliste, Georges Franju, cin\u00e9aste, et Georges Figon, producteur. L'enjeu de cette rencontre est la signature d'un contrat pour la production d'un film sur les luttes anticoloniales, \u00e9crit par Marguerite Duras, r\u00e9alis\u00e9 par Franju et produit par Figon. Avec, comme t\u00eates d'affiche : Fidel Castro, Che Guevara, Mao, Ho Chi Minh, Nasser... Un casting de r\u00eave, orchestr\u00e9 par Mehdi Ben Barka. Bernier, un ami de Ben Barka, est, \u00e0 son corps d\u00e9fendant, l'un des rouages du complot qui s'est mis en place. Figon est un voyou et il est de m\u00e8che avec les comploteurs. Avant m\u00eame d'entrer dans la c\u00e9l\u00e8bre brasserie, Ben Barka est interpell\u00e9, sur le trottoir, par deux hommes qui se pr\u00e9sentent comme des policiers... Il est embarqu\u00e9 dans une Peugeot 403, direction Fontenay-le-Vicomte, en r\u00e9gion parisienne. On ne le reverra jamais plus... D\u00e8s le d\u00e9but, ma\u00eetre Maurice Buttin, avocat de la famille Ben Barka, comprend que l'enqu\u00eate sur la disparition de l'opposant marocain va \u00eatre tr\u00e8s compliqu\u00e9e. C'est le moins qu'on puisse dire... Qui a tu\u00e9 Ben Barka ? Dans quel but ? Quel est le r\u00f4le des services secrets marocains ? Et celui de la France ? Une enqu\u00eate fouill\u00e9e et passionnante de David Servenay, journaliste au long cours, et de Jacques Raynal, dessinateur au noir et blanc intransigeant.","authors":["Jacques Raynal","David Servenay"],"category_codes":["3000000","3020000","3020100","3020108"],"visuals":{"large":"https:\/\/images.epagine.fr\/066\/9782754833066_1_75.jpg","medium":"https:\/\/images.epagine.fr\/066\/9782754833066_1_m.jpg","thumbnail":"https:\/\/images.epagine.fr\/066\/9782754833066_1_v.jpg"},"orderable":true,"show_badge":true,"formatted_price":"23,00&nbsp;\u20ac","formatted_published_date":"5 f\u00e9vrier 2025","publisher_availability_label":"Sur commande","short_details":"Jacques Raynal, David Servenay \u2014 Futuropolis","translator":null,"weight":758,"page_count":160,"readership":"Tout public","editor":"Futuropolis","price":2300,"published_date":"2025-02-04T23:00:00.000000Z","support":"Grand format","publisher_availability":1,"stock":0,"editions":[],"url":"https:\/\/quaidesbrumes.com\/ouvrage\/9782754833066\/ben-barka-la-disparition"},{"id":"9782344017944","title":"M\u00e9to Tome 1 : la maison","description":"\u00ab 64 gar\u00e7ons vivent dans une grande maison coup\u00e9e du monde. Je suis l'un d'eux \u00bbIls sont 64 enfants, coup\u00e9s du monde et surveill\u00e9s de main de fer par les C\u00e9sars. Le quotidien de M\u00e9to, Quintus et leurs camarades est r\u00e9gul\u00e9 par des r\u00e8gles \u00e9tranges et rigides. Aucun \u00e9cart de conduite n'est tol\u00e9r\u00e9. Seule mani\u00e8re de survivre \u00e0 ce quotidien : respecter le code de conduite, encore et encore. Lorsque M\u00e9to se voit confier la responsabilit\u00e9 de former le nouvel arrivant Crassus, il sait qu'il va devoir mettre les bouch\u00e9es doubles pour ne pas \u00eatre sanctionn\u00e9. Tandis qu'il lui enseigne les r\u00e8gles de la maison, M\u00e9to d\u00e9bute une qu\u00eate de la v\u00e9rit\u00e9 : pourquoi personne n'a de souvenirs d'avant leur arriv\u00e9e ? Pourquoi sont-ils ici ? Et surtout, qu'il y a-t-il \u00e0 l'ext\u00e9rieur ?Lylian et le dessinateur Nesmo retranscrivent avec brio l'ambiance myst\u00e9rieuse et claustrophobique de l'oeuvre d'Yves Grevet. Ce huis clos nous plonge dans les tourments d'adolescents livr\u00e9s \u00e0 eux-m\u00eames, qui doivent faire face \u00e0 des \u00e9preuves aussi bien physiques que mentales face \u00e0 l'inconnu et l'obscurantisme. Le premier tome d'une s\u00e9rie qui s'annonce incontournable.La trilogie culte d'Yves Grevet est \u00e9dit\u00e9e chez Syros, traduite en 8 langues et r\u00e9compens\u00e9e par 13 prix litt\u00e9raires.","authors":["Yves Grevet","Lylian","Nesmo"],"category_codes":["3000000","3020000","3020200","3020209"],"visuals":{"large":"https:\/\/images.epagine.fr\/944\/9782344017944_1_75.jpg","medium":"https:\/\/images.epagine.fr\/944\/9782344017944_1_m.jpg","thumbnail":"https:\/\/images.epagine.fr\/944\/9782344017944_1_v.jpg"},"orderable":true,"show_badge":true,"formatted_price":"16,90&nbsp;\u20ac","formatted_published_date":"6 juin 2018","publisher_availability_label":"Sur commande","short_details":"Yves Grevet, Lylian, Nesmo \u2014 Gl\u00e9nat","translator":null,"weight":546,"page_count":80,"readership":null,"editor":"Gl\u00e9nat","price":1690,"published_date":"2018-06-05T22:00:00.000000Z","support":"Grand format","publisher_availability":1,"stock":0,"editions":[],"url":"https:\/\/quaidesbrumes.com\/ouvrage\/9782344017944\/meto-tome-1-la-maison"},{"id":"9782811698720","title":"Komi cherche ses mots Tome 19","description":"Un an et demi apr\u00e8s son entr\u00e9e au lyc\u00e9e, Komi s'est fait beaucoup d'amis et profite d'\u00e9changes toujours plus hauts en couleur, alors que l'hiver donne une nouvelle teinte aux rencontres \u00e0 venir. Elle va retrouver une vieille amie, et voir ses capacit\u00e9s \u00e0 s'ouvrir aux autres mises \u00e0 l'\u00e9preuve... Pas \u00e0 pas, ses interactions avec ses amis deviennent plus profondes, amusantes et enrichissantes. En parall\u00e8le, l'assembl\u00e9e du fantasme se r\u00e9unit \u00e0 nouveau...","authors":["Tomohito Oda"],"category_codes":["3000000","3040000","3040500","3040509"],"visuals":{"large":"https:\/\/images.epagine.fr\/720\/9782811698720_1_75.jpg","medium":"https:\/\/images.epagine.fr\/720\/9782811698720_1_m.jpg","thumbnail":"https:\/\/images.epagine.fr\/720\/9782811698720_1_v.jpg"},"orderable":true,"show_badge":true,"formatted_price":"7,20&nbsp;\u20ac","formatted_published_date":"18 juin 2025","publisher_availability_label":"Sur commande","short_details":"Tomohito Oda \u2014 Pika \u00c9dition","translator":null,"weight":170,"page_count":192,"readership":"\u00e0 partir de 12 ANS","editor":"Pika \u00c9dition","price":720,"published_date":"2025-06-17T22:00:00.000000Z","support":"Poche","publisher_availability":1,"stock":0,"editions":[],"url":"https:\/\/quaidesbrumes.com\/ouvrage\/9782811698720\/komi-cherche-ses-mots-tome-19"},{"id":"9782070653805","title":"Les royaumes du Nord Tome 1","description":"\u00c9lev\u00e9e par les vieilles barbes du Jordan College \u00e0 Oxford, la jeune Lyra ne pense qu'\u00e0 faire les quatre cents coups avec son ami Roger, le gar\u00e7on des cuisines, et r\u00eave secr\u00e8tement de suivre son oncle, le t\u00e9n\u00e9breux Lord Asriel, vers les royaumes du Nord. L'aventure la rattrape plus t\u00f4t que pr\u00e9vu, alors que Roger dispara\u00eet, probablement enlev\u00e9 par les myst\u00e9rieux Enfourneurs.","authors":["St\u00e9phane Melchior","Cl\u00e9ment Oubrerie","Philip Pullman"],"category_codes":["3000000","3020000","3020200","3020205"],"visuals":{"large":"https:\/\/images.epagine.fr\/805\/9782070653805_1_75.jpg","medium":"https:\/\/images.epagine.fr\/805\/9782070653805_1_m.jpg","thumbnail":"https:\/\/images.epagine.fr\/805\/9782070653805_1_v.jpg"},"orderable":true,"show_badge":true,"formatted_price":"17,80&nbsp;\u20ac","formatted_published_date":"11 septembre 2014","publisher_availability_label":"Sur commande","short_details":"St\u00e9phane Melchior, Cl\u00e9ment Oubrerie, Philip Pullman \u2014 Gallimard BD","translator":null,"weight":700,"page_count":80,"readership":"\u00e0 partir de 8 ANS","editor":"Gallimard BD","price":1780,"published_date":"2014-09-10T22:00:00.000000Z","support":"Grand format","publisher_availability":1,"stock":0,"editions":[],"url":"https:\/\/quaidesbrumes.com\/ouvrage\/9782070653805\/les-royaumes-du-nord-tome-1"},{"id":"9791041103560","title":"Pillard de guerre : Histoire compl\u00e8te","description":"La rencontre entre le r\u00e9volutionnaire Pancho Villa et le pillard Ferdinand Tirancourt en pleine r\u00e9volution mexicaine.\r\nD\u00e9but xxe si\u00e8cle. La vie n'est pas un long fleuve tranquille pour Pancho Villa. Le r\u00e9volutionnaire est pourchass\u00e9 par les Am\u00e9ricains d'un c\u00f4t\u00e9, et de l'autre, il m\u00e8ne une gu\u00e9rilla contre son adversaire le pr\u00e9sident du Mexique qui a envoy\u00e9 \u00e0 ses trousses le g\u00e9n\u00e9ral Murguia, surnomm\u00e9 \u00ab le boucher \u00bb. Heureusement, il peut compter sur ses troupes qui viennent de capturer un groupe de pillards men\u00e9s par le Fran\u00e7ais Ferdinand Tirancourt. \u00c9vad\u00e9 du bagne, ce dernier avoue sans aucun scrupule avoir \u00e9t\u00e9 pay\u00e9 par le gouvernement am\u00e9ricain pour le tuer. Les deux hommes concluent alors un march\u00e9 : Ferdinand guide Pancho vers la mine de Las Palmilla o\u00f9 est cach\u00e9 un important stock d'armes, en \u00e9change, le r\u00e9volutionnaire mexicain doit donner un sauf-conduit au Fran\u00e7ais pour qu'il quitte le continent. Mais il faut faire vite, car le boucher est sur leurs talons... Les deux hors-la-loi r\u00e9ussiront-ils \u00e0 \u00e9chapper aux Am\u00e9ricains ?","authors":["Philippe Pelaez","Francis Porcel"],"category_codes":["3000000","3020000","3020100","3020108"],"visuals":{"large":"https:\/\/images.epagine.fr\/560\/9791041103560_1_75.jpg","medium":"https:\/\/images.epagine.fr\/560\/9791041103560_1_m.jpg","thumbnail":"https:\/\/images.epagine.fr\/560\/9791041103560_1_v.jpg"},"orderable":true,"show_badge":true,"formatted_price":"15,90&nbsp;\u20ac","formatted_published_date":"2 juillet 2025","publisher_availability_label":"Sur commande","short_details":"Philippe Pelaez, Francis Porcel \u2014 Bamboo","translator":null,"weight":612,"page_count":56,"readership":null,"editor":"Bamboo","price":1590,"published_date":"2025-07-01T22:00:00.000000Z","support":"Grand format","publisher_availability":1,"stock":0,"editions":[],"url":"https:\/\/quaidesbrumes.com\/ouvrage\/9791041103560\/pillard-de-guerre-histoire-complete"}]}