{"data":[{"id":"9791026827283","title":"Batman : City of madness","description":"La Cour des Hiboux, sinistre cabale gothamienne qui tire les ficelles dans l'ombre, garde un portail menant \u00e0 une Gotham City d\u00e9form\u00e9e, en proie \u00e0 des cr\u00e9atures terrifiantes d\u00e9passant largement les fronti\u00e8res de l'imaginable. Quand ce passage entre les deux mondes c\u00e8de une cr\u00e9ature de la nuit s'infiltre dans Gotham avec un objectif bien pr\u00e9cis en t\u00eate : trouver son propre Robin pour l'accompagner dans son \u00e9ternelle qu\u00eate de vengeance...","authors":["Collectif","Christian Ward"],"category_codes":["3000000","3030000","3030400"],"visuals":{"large":"https:\/\/images.epagine.fr\/283\/9791026827283_1_75.jpg","medium":"https:\/\/images.epagine.fr\/283\/9791026827283_1_m.jpg","thumbnail":"https:\/\/images.epagine.fr\/283\/9791026827283_1_v.jpg"},"orderable":true,"show_badge":true,"formatted_price":"18,50&nbsp;\u20ac","formatted_published_date":"18 octobre 2024","publisher_availability_label":"Sur commande","short_details":"Collectif, Christian Ward \u2014 Urban Comics","translator":null,"weight":840,"page_count":168,"readership":null,"editor":"Urban Comics","price":1850,"published_date":"2024-10-17T22:00:00.000000Z","support":"Grand format","publisher_availability":1,"stock":0,"editions":[],"url":"https:\/\/quaidesbrumes.com\/ouvrage\/9791026827283\/batman-city-of-madness"},{"id":"9782355925771","title":"Bride stories Tome 5","description":"Une fresque \u00e9pique, humaine et tendre \u00e0 la fois dont on ressort \u00e9mu, mais le coeur gonfl\u00e9 d'\u00e9nergie.\r\nOblig\u00e9 de renoncer \u00e0 la belle Talas, Smith, qui a enfin trouv\u00e9 un guide, repart pour Ankara en passant par la Perse. Mais sa route est sem\u00e9e d'emb\u00fbches... Voil\u00e0 notre chercheur contraint de faire une nouvelle halte non loin de la mer d'Aral !\r\n De son c\u00f4t\u00e9, la famille de Pariya s'appr\u00eate \u00e0 recevoir le p\u00e8re du jeune homme rencontr\u00e9 \u00e0 Kalaza. Un futur \u00e9poux en perspective ? Bride Stories est un manga d'exception dans lequel Kaoru Mori d\u00e9peint les petits riens du quotidien avec une justesse et un souci du d\u00e9tail rares. Avec pour toile de fond la route de la Soie, elle nous livre une fresque \u00e9pique, humaine et tendre \u00e0 la fois dont on ressort \u00e9mu, mais le coeur gonfl\u00e9 d'\u00e9nergie.","authors":["Kaoru Mori","Yohan Leclerc"],"category_codes":["3000000","3040000","3040600","3040607"],"visuals":{"large":"https:\/\/images.epagine.fr\/771\/9782355925771_1_75.jpg","medium":"https:\/\/images.epagine.fr\/771\/9782355925771_1_m.jpg","thumbnail":"https:\/\/images.epagine.fr\/771\/9782355925771_1_v.jpg"},"orderable":true,"show_badge":true,"formatted_price":"7,95&nbsp;\u20ac","formatted_published_date":"12 septembre 2013","publisher_availability_label":"Sur commande","short_details":"Kaoru Mori, Yohan Leclerc \u2014 Ki-oon","translator":"YOHAN LECLERC","weight":215,"page_count":194,"readership":"\u00e0 partir de 14 ans","editor":"Ki-oon","price":795,"published_date":"2013-09-11T22:00:00.000000Z","support":"Poche","publisher_availability":1,"stock":0,"editions":["9782355926365"],"url":"https:\/\/quaidesbrumes.com\/ouvrage\/9782355925771\/bride-stories-tome-5"},{"id":"9791033530893","title":"Ogrest Tome 1","description":"Sur une \u00eele paradisiaque, situ\u00e9e loin de l'agitation du vieux continent, vit Ogrest. Ce petit ogre coule des jours heureux avec Otoma\u00ef, son cr\u00e9ateur, et Dathura, une poup\u00e9e \u00e0 la beaut\u00e9 divine... Jusqu'au jour o\u00f9 les Dofus, pr\u00e9cieux oeufs de dragons magiques, \u00e9chappent \u00e0 la surveillance de leurs gardiens. C'est une aubaine pour tous les aventuriers en herbe, mais pas pour notre trio, dont l'\u00eele h\u00e9berge un Dofus. Tr\u00e8s vite, la convoitise et la soif de pouvoir les entra\u00eeneront dans une sombre machination...","authors":["Mig"],"category_codes":["3000000","3040000","3040500","3040505"],"visuals":{"large":"https:\/\/images.epagine.fr\/893\/9791033530893_1_75.jpg","medium":"https:\/\/images.epagine.fr\/893\/9791033530893_1_m.jpg","thumbnail":"https:\/\/images.epagine.fr\/893\/9791033530893_1_v.jpg"},"orderable":true,"show_badge":true,"formatted_price":"3,00&nbsp;\u20ac","formatted_published_date":"13 juin 2025","publisher_availability_label":"Sur commande","short_details":"Mig \u2014 Ankama \u00c9ditions","translator":null,"weight":160,"page_count":184,"readership":"\u00e0 partir de 10 ANS","editor":"Ankama \u00c9ditions","price":300,"published_date":"2025-06-12T22:00:00.000000Z","support":"Poche","publisher_availability":1,"stock":0,"editions":["9782359104738"],"url":"https:\/\/quaidesbrumes.com\/ouvrage\/9791033530893\/ogrest-tome-1"},{"id":"9782723451291","title":"Bleach Tome 11 : a star and a stray dog","description":"Adolescent de quinze ans, Ichigo Kurosaki poss\u00e8de un don particulier : celui de voir les esprits. Un jour, il croise la route d'une belle shinigami (un \u00eatre spirituel) en train de pourchasser une \"\u00e2me perdue\", un esprit mal\u00e9fique qui hante notre monde et n'arrive pas \u00e0 trouver le repos. Mise en difficult\u00e9 par son ennemi, la jeune fille d\u00e9cide alors de pr\u00eater une partie de ses pouvoirs \u00e0 Ichigo, mais ce dernier h\u00e9rite finalement de toute la puissance d'un shinigami. Contraint d'assumer son nouveau statut, Ichigo va devoir g\u00e9rer ses deux vies : celle de lyc\u00e9en ordinaire, et celle de chasseur de d\u00e9mons... \u00ab Bleach \u00bb est un manga d'action au rythme tr\u00e9pidant, au graphisme soign\u00e9 et \u00e0 l'intrigue palpitante.","authors":["Tite Kubo"],"category_codes":["3000000","3040000","3040500","3040508"],"visuals":{"large":"https:\/\/images.epagine.fr\/291\/9782723451291_1_75.jpg","medium":"https:\/\/images.epagine.fr\/291\/9782723451291_1_m.jpg","thumbnail":"https:\/\/images.epagine.fr\/291\/9782723451291_1_v.jpg"},"orderable":true,"show_badge":true,"formatted_price":"7,20&nbsp;\u20ac","formatted_published_date":"15 juin 2005","publisher_availability_label":"Sur commande","short_details":"Tite Kubo \u2014 Gl\u00e9nat","translator":null,"weight":152,"page_count":208,"readership":"\u00e0 partir de 12 ANS","editor":"Gl\u00e9nat","price":720,"published_date":"2005-06-14T22:00:00.000000Z","support":"Poche","publisher_availability":1,"stock":0,"editions":[],"url":"https:\/\/quaidesbrumes.com\/ouvrage\/9782723451291\/bleach-tome-11-a-star-and-a-stray-dog"},{"id":"9782749309002","title":"Yellow cab","description":"Un Fran\u00e7ais, chauffeur de taxi \u00e0 New-York.Apr\u00e8s avoir r\u00e9alis\u00e9 des films et des s\u00e9ries pendant 20 ans, Benoit Cohen sent qu'il a besoin de prendre un nouveau d\u00e9part. En 2014, il d\u00e9m\u00e9nage pour New-York et d\u00e9cide de devenir chauffeur de taxi pour les besoins de l'\u00e9criture d'un sc\u00e9nario. En plongeant au coeur de la ville, en se nourrissant de la richesse de la m\u00e9tropole, il esp\u00e8re retrouver l'inspiration. Dans une \u00e9cole du Queens, il apprend les ficelles du m\u00e9tier, fait la rencontre de ses futurs coll\u00e8gues, migrants de tous pays \u00e0 la recherche du \u00ab r\u00eave am\u00e9ricain \u00bb, et affronte le labyrinthe administratif qui m\u00e8ne \u00e0 la licence de taxi driver. Au volant de l'embl\u00e9matique yellow cab, il arpente les rues de Big Apple, observe les visages de milliers de passagers et emmagasine les histoires. \r\n Benoit Cohen pensait tirer un film de cette aventure mais le projet se transforme finalement en un r\u00e9cit publi\u00e9 chez Flammarion. Cet ouvrage travers\u00e9 de souvenirs personnels, de r\u00e9f\u00e9rences cin\u00e9matographiques et de r\u00e9flexions sur le processus cr\u00e9atif, prend dor\u00e9navant la forme d'une bande dessin\u00e9e gr\u00e2ce au talent de Chabout\u00e9. Une aventure sensible, profond\u00e9ment humaine, devenue un album au graphisme \u00e9poustouflant qui rend un vibrant hommage \u00e0 la plus c\u00e9l\u00e8bre des cit\u00e9s am\u00e9ricaines.","authors":["Christophe Chabout\u00e9","Benoit Cohen"],"category_codes":["3000000","3020000","3020300"],"visuals":{"large":"https:\/\/images.epagine.fr\/002\/9782749309002_1_75.jpg","medium":"https:\/\/images.epagine.fr\/002\/9782749309002_1_m.jpg","thumbnail":"https:\/\/images.epagine.fr\/002\/9782749309002_1_v.jpg"},"orderable":true,"show_badge":true,"formatted_price":"22,00&nbsp;\u20ac","formatted_published_date":"13 janvier 2021","publisher_availability_label":"Sur commande","short_details":"Christophe Chabout\u00e9, Benoit Cohen \u2014 Vents d'Ouest","translator":null,"weight":918,"page_count":168,"readership":null,"editor":"Vents d'Ouest","price":2200,"published_date":"2021-01-12T23:00:00.000000Z","support":"Grand format","publisher_availability":1,"stock":0,"editions":[],"url":"https:\/\/quaidesbrumes.com\/ouvrage\/9782749309002\/yellow-cab"},{"id":"9782759505067","title":"Jojo's bizarre adventure - saison 6 ; stone ocean Tome 1","description":"Jolyne Cujoh est impliqu\u00e9e dans un accident de voiture avec son petit ami Romeo. Malgr\u00e9 les efforts de son avocat, elle est condamn\u00e9e \u00e0 une peine de quinze ans dans un p\u00e9nitencier d'\u00c9tat ! Mais l'\u00e9trange pendentif que Jolyne a re\u00e7u de son p\u00e8re, Jotaro Kujo, provoque d'\u00e9tranges ph\u00e9nom\u00e8nes et la jeune fille commence \u00e0 se transformer...","authors":["Hirohiko Araki"],"category_codes":["3000000","3040000","3040500","3040508"],"visuals":{"large":"https:\/\/images.epagine.fr\/067\/9782759505067_1_75.jpg","medium":"https:\/\/images.epagine.fr\/067\/9782759505067_1_m.jpg","thumbnail":"https:\/\/images.epagine.fr\/067\/9782759505067_1_v.jpg"},"orderable":true,"show_badge":true,"formatted_price":"7,29&nbsp;\u20ac","formatted_published_date":"30 juin 2010","publisher_availability_label":"Sur commande","short_details":"Hirohiko Araki \u2014 Delcourt","translator":null,"weight":158,"page_count":224,"readership":"\u00e0 partir de 12 ANS","editor":"Delcourt","price":729,"published_date":"2010-06-29T22:00:00.000000Z","support":"Poche","publisher_availability":1,"stock":0,"editions":[],"url":"https:\/\/quaidesbrumes.com\/ouvrage\/9782759505067\/jojos-bizarre-adventure-saison-6-stone-ocean-tome-1"},{"id":"9782226499677","title":"Les Intrigues d'une Borgia Tome 1","description":"Ruby, r\u00e9incarn\u00e9e dans la peau de Rudbeckia de Borgia,\u00a0un personnage secondaire d'un roman de fantasy inspir\u00e9 de la Renaissance italienne, h\u00e9rite d'une terrible r\u00e9putation. Lorsque sa famille arrange son mariage avec le duc Iske Van Omerta, elle va devoir prouver son innocence pour esp\u00e9rer convaincre son pire ennemi - son mari ! \r\nMari\u00e9e \u00e0 son pire ennemi, ses seules armes sont sa sinc\u00e9rit\u00e9 et son courage.","authors":["Spice & Kitty","Siru","Victoria Spens"],"category_codes":["3000000","3040000","3040400"],"visuals":{"large":"https:\/\/images.epagine.fr\/677\/9782226499677_1_75.jpg","medium":"https:\/\/images.epagine.fr\/677\/9782226499677_1_m.jpg","thumbnail":"https:\/\/images.epagine.fr\/677\/9782226499677_1_v.jpg"},"orderable":true,"show_badge":true,"formatted_price":"15,90&nbsp;\u20ac","formatted_published_date":"4 juin 2025","publisher_availability_label":"Sur commande","short_details":"Spice & Kitty, Siru, Victoria Spens \u2014 Albin Michel","translator":"VICTORIA SPENS","weight":568,"page_count":280,"readership":"\u00e0 partir de 13 ANS","editor":"Albin Michel","price":1590,"published_date":"2025-06-03T22:00:00.000000Z","support":"Grand format","publisher_availability":1,"stock":0,"editions":[],"url":"https:\/\/quaidesbrumes.com\/ouvrage\/9782226499677\/les-intrigues-dune-borgia-tome-1"},{"id":"9782344073940","title":"Luca, v\u00e9t\u00e9rinaire draconique Tome 5","description":"Les v\u00e9t\u00e9rinaires draconiques soignent des cr\u00e9atures de formes extr\u00eamement diverses appel\u00e9es \"dragons\". La guerre continue de faire rage alors que la cloche de la tr\u00eave a sonn\u00e9. D\u00e9sireux d'y mettre un terme, Siegfried entre en confrontation\r\ndirecte avec l'arm\u00e9e, qui pr\u00e9voit d'utiliser une fois de plus le virus du dragon fou \u00e0 des fins militaires ! Apr\u00e8s avoir appris la v\u00e9rit\u00e9 au sujet de la mort de son p\u00e8re, Luca se lance \u00e0 la poursuite du professeur en compagnie de ses amies. En effet, elle refuse de perdre un autre\r\n\u00eatre cher et d\u00e9sire en apprendre toujours plus sur la m\u00e9decine draconique ! Elle d\u00e9cide de demander l'aide de la princesse h\u00e9riti\u00e8re d'Ardnog... La d\u00e9termination \u00e0 toute \u00e9preuve de ces jeunes filles est contagieuse !","authors":["Y\u00fbna Hirasawa"],"category_codes":["3000000","3040000","3040600","3040604"],"visuals":{"large":"https:\/\/images.epagine.fr\/940\/9782344073940_1_75.jpg","medium":"https:\/\/images.epagine.fr\/940\/9782344073940_1_m.jpg","thumbnail":"https:\/\/images.epagine.fr\/940\/9782344073940_1_v.jpg"},"orderable":true,"show_badge":true,"formatted_price":"7,90&nbsp;\u20ac","formatted_published_date":"11 f\u00e9vrier 2026","publisher_availability_label":"Sur commande","short_details":"Y\u00fbna Hirasawa \u2014 Gl\u00e9nat","translator":null,"weight":154,"page_count":192,"readership":"\u00e0 partir de 14 ans","editor":"Gl\u00e9nat","price":790,"published_date":"2026-02-10T23:00:00.000000Z","support":"Poche","publisher_availability":1,"stock":0,"editions":[],"url":"https:\/\/quaidesbrumes.com\/ouvrage\/9782344073940\/luca-veterinaire-draconique-tome-5"},{"id":"9782302099333","title":"Les P'tits Diables Tome 35 : Danger soeur baveuse !","description":"Une nouvelle avalanche de gags dans lesquels Tom et Nina rivalisent d'astuces pour se pi\u00e9ger l'un l'autre.","authors":["Olivier Dutto","Beno\u00eet Bekaert"],"category_codes":["3000000","3020000","3020200","3020211"],"visuals":{"large":"https:\/\/images.epagine.fr\/333\/9782302099333_1_75.jpg","medium":"https:\/\/images.epagine.fr\/333\/9782302099333_1_m.jpg","thumbnail":"https:\/\/images.epagine.fr\/333\/9782302099333_1_v.jpg"},"orderable":true,"show_badge":true,"formatted_price":"10,95&nbsp;\u20ac","formatted_published_date":"22 novembre 2023","publisher_availability_label":"Sur commande","short_details":"Olivier Dutto, Beno\u00eet Bekaert \u2014 Soleil","translator":null,"weight":408,"page_count":48,"readership":"\u00e0 partir de 9 ANS","editor":"Soleil","price":1095,"published_date":"2023-11-21T23:00:00.000000Z","support":"Grand format","publisher_availability":1,"stock":0,"editions":[],"url":"https:\/\/quaidesbrumes.com\/ouvrage\/9782302099333\/les-ptits-diables-tome-35-danger-soeur-baveuse"},{"id":"9791028533120","title":"On n'est pas bien, l\u00e0 ?","description":"Un jour, Sophie, 6 ans, trouve son p\u00e8re tellement ivre qu'elle ne parvient pas \u00e0 le r\u00e9veiller. Alcoolique, il perd son travail, oublie sa fille \u00e0 l'\u00e9cole, l'emm\u00e8ne au bar, ach\u00e8te une arme \u00e0 feu et accumule les dettes pendant que sa femme, solaire, se bat pour maintenir la famille \u00e0 flot. Apr\u00e8s la s\u00e9paration, la m\u00e8re de Sophie fait tout son possible afin de leur construire une nouvelle vie.","authors":["Virginie Barbellion"],"category_codes":["3000000","3020000","3020100","3020103"],"visuals":{"large":"https:\/\/images.epagine.fr\/120\/9791028533120_1_75.jpg","medium":"https:\/\/images.epagine.fr\/120\/9791028533120_1_m.jpg","thumbnail":"https:\/\/images.epagine.fr\/120\/9791028533120_1_v.jpg"},"orderable":true,"show_badge":true,"formatted_price":"20,90&nbsp;\u20ac","formatted_published_date":"21 janvier 2026","publisher_availability_label":"Sur commande","short_details":"Virginie Barbellion \u2014 \u00c9ditions Leduc","translator":null,"weight":446,"page_count":160,"readership":null,"editor":"\u00c9ditions Leduc","price":2090,"published_date":"2026-01-20T23:00:00.000000Z","support":"Beaux-livres","publisher_availability":1,"stock":0,"editions":[],"url":"https:\/\/quaidesbrumes.com\/ouvrage\/9791028533120\/on-nest-pas-bien-la"},{"id":"9782302092037","title":"Lanfeust de Troy Tome 9 : la for\u00eat noiseuse","description":"Rien ne va plus dans le monde de Troy. Les sages, relais de la magie, disparaissent un \u00e0 un. Lanfeust lui-m\u00eame a perdu son pouvoir. Qui est cet \u00eatre m\u00e9galomane qui plonge  villes et villages dans le chaos ? Et quid de cet arbre gigantesque d'o\u00f9 semblent provenir tous les maux qui les accablent ?  Lanfeust et H\u00e9bus, \u00e0 nouveau r\u00e9unis, partent au Delpont enqu\u00eater sur ces \u00e9tranges disparitions...","authors":["Christophe Arleston","Didier Tarquin"],"category_codes":["3000000","3020000","3020100","3020105"],"visuals":{"large":"https:\/\/images.epagine.fr\/037\/9782302092037_1_75.jpg","medium":"https:\/\/images.epagine.fr\/037\/9782302092037_1_m.jpg","thumbnail":"https:\/\/images.epagine.fr\/037\/9782302092037_1_v.jpg"},"orderable":true,"show_badge":true,"formatted_price":"15,95&nbsp;\u20ac","formatted_published_date":"3 novembre 2021","publisher_availability_label":"Sur commande","short_details":"Christophe Arleston, Didier Tarquin \u2014 Soleil","translator":null,"weight":580,"page_count":55,"readership":"\u00e0 partir de 12 ANS","editor":"Soleil","price":1595,"published_date":"2021-11-02T23:00:00.000000Z","support":"Grand format","publisher_availability":1,"stock":0,"editions":[],"url":"https:\/\/quaidesbrumes.com\/ouvrage\/9782302092037\/lanfeust-de-troy-tome-9-la-foret-noiseuse"},{"id":"9782822235662","title":"N.E.O. Tome 3 : les deux ch\u00e2teaux","description":"Maxe L'Hermenier a cr\u00e9e l'univers de Pirates des Mille et Une Lunes avec Christophe Alliel. Ce concept de Bande Dessin\u00e9e, regroupant six dessinateurs de tous horizons, s\u00e9duit les \u00e9ditions Soleil Productions. Auteur au talent aussi prolifique que vari\u00e9, Maxe L'Hermenier est capable d'\u00e9crire dans des univers tr\u00e8s diff\u00e9rents (du r\u00e9alisme \u00e0 l'humour en passant par la science-fiction...).\r\nMaxe L'Hermenier est un pilier de la collection P\u00e9pites, il est sc\u00e9nariste de l'ensemble des albums parus \u00e0 date et s'est investi dans la collection en participant \u00e0 la recherche de dessinateurs. Il apporte un savoir-faire affut\u00e9 en terme d'adaptations de romans.\r\nSt\u00e9phane \u00ab Djet \u00bb Robert est originaire du sud de l'\u00eele de la R\u00e9union.\r\n\r\nIl signe avec son premier sc\u00e9nariste,son premier album, L'\u00eele de Puki, un dyptique. Il travaille ensuite une s\u00e9rie de 3 \u00e9pisodes de 22 pages pour les USA, Poet Anderson qui sort en version fran\u00e7aise en 2018. Enfin, Croquemitaines 1 et 2 sortis en 2017, dans le format comics.\r\nAujourd'hui, il pr\u00e9pare son prochain projet avec le sc\u00e9nariste de Croquemitaines apr\u00e8s avoir fini son nouvel album, \u00able monde selon Zach\u00bb dans la collection Grand Angle chez Bamboo \u00e9ditions.","authors":["Michel Bussi","Maxe L'Hermenier","Djet"],"category_codes":["3000000","3020000","3020200","3020204"],"visuals":{"large":"https:\/\/images.epagine.fr\/662\/9782822235662_1_75.jpg","medium":"https:\/\/images.epagine.fr\/662\/9782822235662_1_m.jpg","thumbnail":"https:\/\/images.epagine.fr\/662\/9782822235662_1_v.jpg"},"orderable":true,"show_badge":true,"formatted_price":"14,95&nbsp;\u20ac","formatted_published_date":"25 mai 2022","publisher_availability_label":"Sur commande","short_details":"Michel Bussi, Maxe L'Hermenier, Djet \u2014 \u00c9ditions Jungle","translator":null,"weight":554,"page_count":76,"readership":"\u00e0 partir de 10 ANS","editor":"\u00c9ditions Jungle","price":1495,"published_date":"2022-05-24T22:00:00.000000Z","support":"Grand format","publisher_availability":1,"stock":0,"editions":[],"url":"https:\/\/quaidesbrumes.com\/ouvrage\/9782822235662\/neo-tome-3-les-deux-chateaux"},{"id":"9782205080384","title":"Le g\u00e9nie des alpages : Int\u00e9grale vol.1 : Tomes 1 \u00e0 3","description":"Premi\u00e8re int\u00e9grale de la s\u00e9rie du g\u00e9nial F'murr, disparu il y a tout juste un an, ce volume regroupe les trois premiers albums mettant en sc\u00e8ne le troupeau de moutons le plus fou de l'histoire, de son berger et de son chien. Un texte de Jean-Christophe Menu \u00e9clairera le contexte et l'importance de l'apparition de cette bande dessin\u00e9e, qui reste toujours une des rares r\u00e9ussites d'humour absurde \u00e0 la fran\u00e7aise.","authors":["F'murrr"],"category_codes":["3000000","3020000","3020100","3020111"],"visuals":{"large":"https:\/\/images.epagine.fr\/384\/9782205080384_1_75.jpg","medium":"https:\/\/images.epagine.fr\/384\/9782205080384_1_m.jpg","thumbnail":"https:\/\/images.epagine.fr\/384\/9782205080384_1_v.jpg"},"orderable":true,"show_badge":false,"formatted_price":"22,95&nbsp;\u20ac","formatted_published_date":"30 mai 2019","publisher_availability_label":"Sur commande","short_details":"F'murrr \u2014 Dargaud","translator":null,"weight":963,"page_count":168,"readership":"\u00e0 partir de 16 ans","editor":"Dargaud","price":2295,"published_date":"2019-05-29T22:00:00.000000Z","support":"Grand format","publisher_availability":1,"stock":2,"editions":[],"url":"https:\/\/quaidesbrumes.com\/ouvrage\/9782205080384\/le-genie-des-alpages-integrale-vol1-tomes-1-a-3"},{"id":"9782800163628","title":"Les \u00e9quinoxes","description":"Tenter de capter, malgr\u00e9 son \u00e9vanescence, ce sentiment de solitude qui nous saisit face \u00e0 la complexit\u00e9 du monde. Cet \u00e9tat d'\u00e2me qui, s'il nous isole de nos semblables, est peut-\u00eatre ce qui fait de nous des humains. Outrepassant par la gr\u00e2ce du dessin le principe selon lequel il faut se taire sur ce dont on ne peut pas parler, Cyril Pedrosa suit les m\u00e9andres de cette \u00e9motion, nous livrant un magistral r\u00e9cit en quatre tableaux. Quatre tableaux, pour quatre saisons et autant de personnages en qu\u00eate de leur destin\u00e9e, \u00e0 travers l'espace et \u00e0 travers le temps.\r\nAutour de lieux, \u00e0 l'occasion de luttes, ces \u00eatres sans attaches vont croiser d'autres solitudes et tisser les uns avec les autres le fil t\u00e9nu d'une conscience happ\u00e9e par l'inconnu et tourment\u00e9e par l'\u00e9nigme du sens de la vie. Chaque saison a son identit\u00e9 graphique, chaque voix \u00e9galement. Une oeuvre d'une intensit\u00e9 et d'une sensibilit\u00e9 narrative rares, du cr\u00e9ateur du tr\u00e8s remarqu\u00e9 Portugal.","authors":["Cyril Pedrosa"],"category_codes":["3000000","3020000","3020300"],"visuals":{"large":"https:\/\/images.epagine.fr\/628\/9782800163628_1_75.jpg","medium":"https:\/\/images.epagine.fr\/628\/9782800163628_1_m.jpg","thumbnail":"https:\/\/images.epagine.fr\/628\/9782800163628_1_v.jpg"},"orderable":true,"show_badge":true,"formatted_price":"45,00&nbsp;\u20ac","formatted_published_date":"25 septembre 2015","publisher_availability_label":"Sur commande","short_details":"Cyril Pedrosa \u2014 Dupuis","translator":null,"weight":1952,"page_count":320,"readership":null,"editor":"Dupuis","price":4500,"published_date":"2015-09-24T22:00:00.000000Z","support":"Grand format","publisher_availability":1,"stock":0,"editions":[],"url":"https:\/\/quaidesbrumes.com\/ouvrage\/9782800163628\/les-equinoxes"},{"id":"9782800173795","title":"Aub\u00e9pine Tome 1 : le g\u00e9nie saligaud","description":"Aub\u00e9pine \u00e9tait bien tranquille \u00e0 la ville, et voil\u00e0 que ses parents d\u00e9m\u00e9nagent dans un trou paum\u00e9 \u00e0 la montagne. Il n'y a rien dans le coin et personne \u00e0 qui parler, \u00e0 part peut-\u00eatre une vieille berg\u00e8re myst\u00e9rieuse et ses chiens laineux, des monstres et un g\u00e9nie saligaud ! Aub\u00e9pine ne va pas s'ennuyer finalement: elle va devoir affronter de nombreuses menaces magiques au fil des saisons !\u00a0\r\n\"Aub\u00e9pine\", entre humour pop et avalanche de p\u00e9rip\u00e9ties, bouscule la BD jeunesse !","authors":["Thom Pico","Karensac"],"category_codes":["3000000","3020000","3020200","3020209"],"visuals":{"large":"https:\/\/images.epagine.fr\/795\/9782800173795_1_75.jpg","medium":"https:\/\/images.epagine.fr\/795\/9782800173795_1_m.jpg","thumbnail":"https:\/\/images.epagine.fr\/795\/9782800173795_1_v.jpg"},"orderable":true,"show_badge":true,"formatted_price":"10,95&nbsp;\u20ac","formatted_published_date":"6 avril 2018","publisher_availability_label":"Sur commande","short_details":"Thom Pico, Karensac \u2014 Dupuis","translator":null,"weight":279,"page_count":104,"readership":"\u00e0 partir de 6 ANS","editor":"Dupuis","price":1095,"published_date":"2018-04-05T22:00:00.000000Z","support":"Grand format","publisher_availability":1,"stock":0,"editions":[],"url":"https:\/\/quaidesbrumes.com\/ouvrage\/9782800173795\/aubepine-tome-1-le-genie-saligaud"},{"id":"9791026827238","title":"Sheriff of babylon","description":"2003. Le r\u00e8gne de Saddam Hussein est termin\u00e9. Les Am\u00e9ricains sont aux commandes, et pourtant rien ne semble sous contr\u00f4le. Dans la Green Zone, Chris Henry, l'ancien policier de San Diego devenu instructeur militaire, le sait mieux que quiconque. Envoy\u00e9 sur place pour former une nouvelle force de police irakienne, il apprend le meurtre de l'un de ses \u00e9l\u00e8ves dont le corps a \u00e9t\u00e9 retrouv\u00e9 sur la Grand Place. \u00c9paul\u00e9 de Sofia, une Irakienne \u00e9lev\u00e9e en Am\u00e9rique, et de Nassir, un v\u00e9t\u00e9ran de la police baghdadi, il d\u00e9bute l'une des enqu\u00eates les plus p\u00e9rilleuses de sa vie.","authors":["Tom King","Mitch Gerads"],"category_codes":["3000000","3030000","3030200"],"visuals":{"large":"https:\/\/images.epagine.fr\/238\/9791026827238_1_75.jpg","medium":"https:\/\/images.epagine.fr\/238\/9791026827238_1_m.jpg","thumbnail":"https:\/\/images.epagine.fr\/238\/9791026827238_1_v.jpg"},"orderable":true,"show_badge":true,"formatted_price":"8,90&nbsp;\u20ac","formatted_published_date":"23 ao\u00fbt 2024","publisher_availability_label":"Sur commande","short_details":"Tom King, Mitch Gerads \u2014 Urban Comics","translator":null,"weight":456,"page_count":304,"readership":null,"editor":"Urban Comics","price":890,"published_date":"2024-08-22T22:00:00.000000Z","support":"Grand format","publisher_availability":1,"stock":0,"editions":[],"url":"https:\/\/quaidesbrumes.com\/ouvrage\/9791026827238\/sheriff-of-babylon"},{"id":"9782808502498","title":"Sur le front de Cor\u00e9e","description":"\u00ab Notre m\u00e9tier n'est pas de faire plaisir, non plus de faire du tort, il est de porter la plume dans la plaie. \u00bb\r\nAlbert Londres\r\n\r\nUn laur\u00e9at, un reportage, un roman graphique. L'id\u00e9e est de donner, en s'appuyant sur une cr\u00e9ation originale et contemporaine en bande dessin\u00e9e, un nouveau souffle aux textes des laur\u00e9at.e.s du plus prestigieux des prix journalistiques francophone : le prix Albert-Londres.\r\n\r\nC'est l'occasion de faire revivre des reportages mythiques - souvent inaccessibles au grand public - du prix : de la mont\u00e9e du nazisme \u00e0 l'essor du djihadisme en passant par les conflits au Liban, en Irlande ou en Cor\u00e9e. Parler des h\u00e9ritiers d'Albert Londres, c'est raconter l'\u00e9volution du m\u00e9tier de grand reporter et offrir au lecteur une vision \"\u00e0 l'os\" de l'histoire du XXe si\u00e8cle \u00e0 travers un regard singulier et exigeant.\r\n\r\nPour sa premi\u00e8re exp\u00e9rience de correspondant de guerre, durant huit mois, Henri de Turenne, va arpenter le front d'un conflit aujourd'hui oubli\u00e9 et meurtrier sur fond de guerre froide : la guerre de Cor\u00e9e.\r\n\r\nLes premi\u00e8res semaines, il va assister \u00e0 la d\u00e9route am\u00e9ricaine et sud-cor\u00e9enne face aux Nord-Cor\u00e9ens soutenus par les Russes jusqu'au r\u00e9duit de Pusan o\u00f9, accul\u00e9s, les Am\u00e9ricains tenteront de lancer leur contre-offensive. Puis, ce sera le d\u00e9barquement, grandiose et effrayant, des G.I. dans la baie d'Inchon pr\u00e8s de S\u00e9oul qui changera la donne de cette guerre avant la course folle pour prendre Pyongyang au Nord et qui m\u00e8nera jusqu'aux confins du pays en Mandchourie, \u00e0 la fronti\u00e8re avec la Chine.\r\n\r\nSur le front de la Cor\u00e9e est aussi une incroyable plong\u00e9e en immersion dans le journalisme de l'\u00e9poque. Un journalisme humain, courageux et \u00e9l\u00e9gant. Terriblement moderne aussi, faisant \u00e9cho aux nombreuses difficult\u00e9s des journalistes dans les conflits actuels.","authors":["St\u00e9phane Marchetti","Rafael Ortiz"],"category_codes":["3000000","3020000","3020100","3020108"],"visuals":{"large":"https:\/\/images.epagine.fr\/498\/9782808502498_1_75.jpg","medium":"https:\/\/images.epagine.fr\/498\/9782808502498_1_m.jpg","thumbnail":"https:\/\/images.epagine.fr\/498\/9782808502498_1_v.jpg"},"orderable":true,"show_badge":true,"formatted_price":"25,00&nbsp;\u20ac","formatted_published_date":"18 octobre 2024","publisher_availability_label":"Sur commande","short_details":"St\u00e9phane Marchetti, Rafael Ortiz \u2014 Dupuis","translator":null,"weight":1004,"page_count":120,"readership":"\u00e0 partir de 12 ANS","editor":"Dupuis","price":2500,"published_date":"2024-10-17T22:00:00.000000Z","support":"Grand format","publisher_availability":1,"stock":0,"editions":[],"url":"https:\/\/quaidesbrumes.com\/ouvrage\/9782808502498\/sur-le-front-de-coree"},{"id":"9782373496581","title":"Medalist Tome 1","description":"Le Japon est reconnu comme l'un des meilleurs pays au monde dans le domaine du patinage artistique. Cependant, l'acc\u00e8s au prestigieux championnat national, qui se d\u00e9roule chaque ann\u00e9e, est r\u00e9serv\u00e9 \u00e0 une poign\u00e9e de privil\u00e9gi\u00e9s. Tsukasa, un ancien athl\u00e8te, a vu son r\u00eave se briser apr\u00e8s avoir consacr\u00e9 toute sa vie \u00e0 ce sport. D'un autre c\u00f4t\u00e9, Inori, \u00e2g\u00e9e seulement de 11 ans, nourrit le r\u00eave de devenir une grande patineuse, bien que personne ne croie en elle. Le destin r\u00e9unit ces deux \u00eatres sur la glace, et ensemble, ils se pr\u00e9parent \u00e0 conqu\u00e9rir le monde avec une motivation sans \u00e9gale !","authors":["Tsurumaikada"],"category_codes":["3000000","3040000","3040500","3040511"],"visuals":{"large":"https:\/\/images.epagine.fr\/581\/9782373496581_1_75.jpg","medium":"https:\/\/images.epagine.fr\/581\/9782373496581_1_m.jpg","thumbnail":"https:\/\/images.epagine.fr\/581\/9782373496581_1_v.jpg"},"orderable":true,"show_badge":true,"formatted_price":"7,20&nbsp;\u20ac","formatted_published_date":"7 f\u00e9vrier 2024","publisher_availability_label":"Sur commande","short_details":"Tsurumaikada \u2014 Nobi Nobi","translator":null,"weight":240,"page_count":228,"readership":null,"editor":"Nobi Nobi","price":720,"published_date":"2024-02-06T23:00:00.000000Z","support":"Poche","publisher_availability":1,"stock":0,"editions":[],"url":"https:\/\/quaidesbrumes.com\/ouvrage\/9782373496581\/medalist-tome-1"},{"id":"9782505113607","title":"Complainte des landes perdues - cycle 4 : les Sudenne Tome 3 : la folie Seamus","description":"Le Mal s'incarne-t-il mieux dans les yeux horrifiques du Niddhog, au fond du coeur vaillant de Sioban, reine des Sudenne, ou sous les traits ang\u00e9liques de la sublime Aylissa ?\r\n\r\nSouvent, la monstruosit\u00e9 choisit des chemins inattendus et se niche dans ce qui peut nous appara\u00eetre comme le plus innocent des esprits. Sioban, en guerri\u00e8re clairvoyante, l'a bien compris. Chaque jour, sa cousine Aylissa s'enlise un peu plus dans une cruaut\u00e9 perfide, assoiff\u00e9e de pouvoir. La jeune femme rivalise d'ing\u00e9niosit\u00e9 et de malversation pour arriver \u00e0 ses fins. Jusqu'\u00e0 se servir du fitchell, cette arme tranchant violemment ses victimes et se volatilisant aussit\u00f4t, objet ancestral cr\u00e9\u00e9 des mains des Sorci\u00e8res elles-m\u00eames. Si Aylissa use de la force, elle n'h\u00e9site pas non plus \u00e0 attaquer ses proies de fa\u00e7on plus subtile et... mal\u00e9fique. Bient\u00f4t, Sioban assiste \u00e0 la d\u00e9ch\u00e9ance de son fid\u00e8le Seamus, sombrant dans une folie hallucinatoire de laquelle il semble incapable de s'extraire. La reine des Sudenne supportera-t-elle de voir son ami lynch\u00e9 et... mis \u00e0 mort ?\r\n\r\nPlus que jamais, l'h\u00e9ro\u00efne de la \u00ab Complainte des Landes perdues \u00bb devra faire face \u00e0 ses d\u00e9mons, ext\u00e9rieurs et int\u00e9rieurs, mais aussi aux signes de l'amour, indissociable de sa qu\u00eate sur ces terres de l\u00e9gendes et de pouvoirs.","authors":["Jean Dufaux","Teng"],"category_codes":["3000000","3020000","3020100","3020105"],"visuals":{"large":"https:\/\/images.epagine.fr\/607\/9782505113607_1_75.jpg","medium":"https:\/\/images.epagine.fr\/607\/9782505113607_1_m.jpg","thumbnail":"https:\/\/images.epagine.fr\/607\/9782505113607_1_v.jpg"},"orderable":true,"show_badge":true,"formatted_price":"17,50&nbsp;\u20ac","formatted_published_date":"27 octobre 2023","publisher_availability_label":"Sur commande","short_details":"Jean Dufaux, Teng \u2014 Dargaud","translator":null,"weight":612,"page_count":56,"readership":"\u00e0 partir de 16 ans","editor":"Dargaud","price":1750,"published_date":"2023-10-26T22:00:00.000000Z","support":"Grand format","publisher_availability":1,"stock":0,"editions":[],"url":"https:\/\/quaidesbrumes.com\/ouvrage\/9782505113607\/complainte-des-landes-perdues-cycle-4-les-sudenne-tome-3-la-folie-seamus"},{"id":"9782205206401","title":"Wilderman Tome 1 : Adam Wilder","description":"Tous les cinq ans, la guilde des demonios de la Cocagne, des lycanthropes, organise un tournoi afin de d\u00e9signer leur chef : le Wilderman jusqu'alors toujours gagn\u00e9 par le terrible Ysengrin.\r\nAdam Wilder, un jeune demonio, compte bien \u00eatre le nouveau roi ! Mais en fuyant la redoutable Inquisition et son chef Tankred, il trouve refuge dans une \u00e9trange cabane au fond des bois, l'antre de la redoutable sorci\u00e8re Yaya Yaga. Ignorant le danger et ne pouvant r\u00e9sister \u00e0 ses pulsions animales, il d\u00e9vore l'\u00e9norme banquet qui s'y trouve, pomme d'or sacr\u00e9e comprise ! Pour r\u00e9parer sa faute, Yaya Yaga exige de Wilder r\u00e9paration. Il aura pour mission de r\u00e9cup\u00e9rer une nouvelle pomme d'or dans le ch\u00e2teau du terrible Ogre sans visage...","authors":["Bertrand Gatignol"],"category_codes":["3000000","3020000","3020200","3020206"],"visuals":{"large":"https:\/\/images.epagine.fr\/401\/9782205206401_1_75.jpg","medium":"https:\/\/images.epagine.fr\/401\/9782205206401_1_m.jpg","thumbnail":"https:\/\/images.epagine.fr\/401\/9782205206401_1_v.jpg"},"orderable":true,"show_badge":true,"formatted_price":"16,95&nbsp;\u20ac","formatted_published_date":"24 mai 2024","publisher_availability_label":"Sur commande","short_details":"Bertrand Gatignol \u2014 Dargaud","translator":null,"weight":606,"page_count":72,"readership":"\u00e0 partir de 9 ANS","editor":"Dargaud","price":1695,"published_date":"2024-05-23T22:00:00.000000Z","support":"Grand format","publisher_availability":1,"stock":0,"editions":[],"url":"https:\/\/quaidesbrumes.com\/ouvrage\/9782205206401\/wilderman-tome-1-adam-wilder"},{"id":"9782357961081","title":"Le temps des ombres Tome 3 : Le peuple de l'automne","description":"Pass\u00e9 le choc de la d\u00e9couverte de la Cit\u00e9 Ancienne, Myc\u00e8ne et Roch s'installent au coeur de celle-ci pour poursuivre leur exploration. Pendant que Myc\u00e8ne parcourt les quartiers un \u00e0 un, Roch continue la traduction des textes antiques et ses recherches pour trouver l'antidote des Ombres. Roch, d\u00e9sireux de rejoindre Myc\u00e8ne sur le terrain pour l'aider \u00e0 trouver des indices concernant leur qu\u00eate, d\u00e9cide de partir avec elle dans les b\u00e2tisses proches du haut mur de la Cit\u00e9... Derri\u00e8re l'infranchissable muraille se cachent cercueils et golem ! Les deux protagonistes, en le franchissant, encha\u00eenent r\u00e9v\u00e9lation macabre sur surprise explosive autour de ce mal ancestral...","authors":["David Furtaen","Pauline Pernette"],"category_codes":["3000000","3020000","3020200","3020209"],"visuals":{"large":"https:\/\/images.epagine.fr\/081\/9782357961081_1_75.jpg","medium":"https:\/\/images.epagine.fr\/081\/9782357961081_1_m.jpg","thumbnail":"https:\/\/images.epagine.fr\/081\/9782357961081_1_v.jpg"},"orderable":true,"show_badge":true,"formatted_price":"15,70&nbsp;\u20ac","formatted_published_date":"13 septembre 2024","publisher_availability_label":"Sur commande","short_details":"David Furtaen, Pauline Pernette \u2014 Les \u00c9ditions de la Goutti\u00e8re","translator":null,"weight":530,"page_count":88,"readership":null,"editor":"Les \u00c9ditions de la Goutti\u00e8re","price":1570,"published_date":"2024-09-12T22:00:00.000000Z","support":"Grand format","publisher_availability":1,"stock":0,"editions":[],"url":"https:\/\/quaidesbrumes.com\/ouvrage\/9782357961081\/le-temps-des-ombres-tome-3-le-peuple-de-lautomne"},{"id":"9782487369979","title":"Une fleur venue d'ailleurs Tome 1","description":"Bertine a tout pour \u00eatre heureuse : elle appartient \u00e0 une riche famille du royaume de Saint-Rouant, elle est entour\u00e9e d'amis et de serviteurs loyaux, et elle s'appr\u00eate \u00e0 \u00e9pouser un bon parti. Tout bascule le jour o\u00f9 son pays est somm\u00e9 de verser de lourdes r\u00e9parations de guerre \u00e0 la victorieuse f\u00e9d\u00e9ration du Sud\u00e2E\u00a6 Des r\u00e9parations qu'il esp\u00e8re diminuer en leur livrant la jeune femme ! La voil\u00e0 forc\u00e9e de tout abandonner pour aller \u00e9pouser Cecilio, le dirigeant de cette nation ennemie.  H\u00e9las pour elle, les choses vont aller de mal en pis : non seulement son futur \u00e9poux est absent \u00e0 son arriv\u00e9e, mais en plus, il refuse cat\u00e9goriquement leur union ! Et c'est sans compter l'attitude cruelle des domestiques qui met Bertine et son escorte en p\u00e9ril.  R\u00e9volt\u00e9e par ce destin injuste, elle d\u00e9cide de se retrousser les manches. Puisqu'on la rejette, il est temps pour elle de se faire une place dans ce pays hostile et de leur en mettre plein la vue !","authors":["Syuu","Fujigasaki","Mahoro Nishino"],"category_codes":["3000000","3040000","3040400","3040404"],"visuals":{"large":"https:\/\/images.epagine.fr\/979\/9782487369979_1_75.jpg","medium":"https:\/\/images.epagine.fr\/979\/9782487369979_1_m.jpg","thumbnail":"https:\/\/images.epagine.fr\/979\/9782487369979_1_v.jpg"},"orderable":true,"show_badge":true,"formatted_price":"8,00&nbsp;\u20ac","formatted_published_date":"21 novembre 2025","publisher_availability_label":"Sur commande","short_details":"Syuu, Fujigasaki, Mahoro Nishino \u2014 Mah\u00f4 \u00c9ditions","translator":null,"weight":206,"page_count":160,"readership":"\u00e0 partir de 14 ans","editor":"Mah\u00f4 \u00c9ditions","price":800,"published_date":"2025-11-20T23:00:00.000000Z","support":"Poche","publisher_availability":1,"stock":0,"editions":[],"url":"https:\/\/quaidesbrumes.com\/ouvrage\/9782487369979\/une-fleur-venue-dailleurs-tome-1"},{"id":"9782505116400","title":"Les h\u00e9ritiers d'Ag\u00efone Tome 1","description":"Au royaume de Tyriadoc, chacun a droit \u00e0 une seconde vie en cas de mort pr\u00e9coce. On appelle \u00e7a \u00ab l'\u00cbdre \u00bb.\r\n\r\nParfois la mort est si violente que la renaissance en devient d\u00e9sastreuse.\r\nElle engendre la naissance de Maudits, des monstres cr\u00e9\u00e9s \u00e0 l'image de leur tr\u00e9pas.\r\n\r\nIl existe une exception \u00e0 l'\u00cbdre : les nouveau-n\u00e9s.\r\nTrop faibles et trop purs, ils ne ressuscitent jamais.\r\nJamais, sauf Adalise, la fille du roi.\r\n\r\nElle inspire la crainte et la haine aupr\u00e8s de son peuple, lequel l'a surnomm\u00e9 \u00ab la Princesse Cadavre \u00bb.\r\n\r\nMais Adalise ne d\u00e9sire qu'une chose : retrouver sa m\u00e8re disparue et comprendre le myst\u00e8re entourant sa morte-naissance.","authors":["Tpiu"],"category_codes":["3000000","3040000","3040500","3040508"],"visuals":{"large":"https:\/\/images.epagine.fr\/400\/9782505116400_1_75.jpg","medium":"https:\/\/images.epagine.fr\/400\/9782505116400_1_m.jpg","thumbnail":"https:\/\/images.epagine.fr\/400\/9782505116400_1_v.jpg"},"orderable":true,"show_badge":true,"formatted_price":"8,10&nbsp;\u20ac","formatted_published_date":"31 mai 2024","publisher_availability_label":"Sur commande","short_details":"Tpiu \u2014 Kana","translator":null,"weight":164,"page_count":192,"readership":null,"editor":"Kana","price":810,"published_date":"2024-05-30T22:00:00.000000Z","support":"Poche","publisher_availability":1,"stock":0,"editions":[],"url":"https:\/\/quaidesbrumes.com\/ouvrage\/9782505116400\/les-heritiers-dagione-tome-1"},{"id":"9791026823865","title":"Batman - ghosts of gotham Tome 1 : Cl\u00e9mence et ch\u00e2timent","description":"Il y a de cela des ann\u00e9es, les meurtres de Thomas et Martha Wayne ont marqu\u00e9 durablement la ville de Gotham, et boulevers\u00e9 \u00e0 jamais le destin de leur fils, Bruce. Mais un myst\u00e8re demeure autour de cette nuit \u00e0 Crime Alley et de l'origine tragique du Chevalier Noir, et ce myst\u00e8re s'appr\u00eate aujourd'hui \u00e0 \u00eatre r\u00e9v\u00e9l\u00e9. Alors que Batman n'a d'autres choix que de contempler sa propre mortalit\u00e9 apr\u00e8s une longue carri\u00e8re \u00e0 combattre le crime, et que les cadavres s'empilent suite \u00e0 l'apparition d'un nouveau psychopathe en ville, les fant\u00f4mes de Gotham pourraient bien finir par le rattraper.","authors":["Taylor Tom"],"category_codes":["3000000","3030000","3030400"],"visuals":{"large":"https:\/\/images.epagine.fr\/865\/9791026823865_1_75.jpg","medium":"https:\/\/images.epagine.fr\/865\/9791026823865_1_m.jpg","thumbnail":"https:\/\/images.epagine.fr\/865\/9791026823865_1_v.jpg"},"orderable":true,"show_badge":true,"formatted_price":"20,50&nbsp;\u20ac","formatted_published_date":"27 juin 2025","publisher_availability_label":"Sur commande","short_details":"Taylor Tom \u2014 Urban Comics","translator":null,"weight":622,"page_count":176,"readership":"\u00e0 partir de 9 ANS","editor":"Urban Comics","price":2050,"published_date":"2025-06-26T22:00:00.000000Z","support":"Grand format","publisher_availability":1,"stock":0,"editions":[],"url":"https:\/\/quaidesbrumes.com\/ouvrage\/9791026823865\/batman-ghosts-of-gotham-tome-1-clemence-et-chatiment"}]}