{"data":[{"id":"9782373499964","title":"Le Songe d'une nuit d'\u00e9t\u00e9","description":"Th\u00e9s\u00e9e, le tyran d'Ath\u00e8nes, impose \u00e0 Hermia d'\u00e9pouser D\u00e9m\u00e9trius, alors qu'elle aime Lysandre. Pour \u00e9chapper \u00e0 son sort, elle s'enfuit avec Lysandre, poursuivis par D\u00e9m\u00e9trius et H\u00e9l\u00e9na, amoureuse de ce dernier. Tous se retrouvent au coeur d'une for\u00eat enchant\u00e9e, sur laquelle r\u00e8gne Ob\u00e9ron, le roi des elfes, flanqu\u00e9 du lutin Puck et de ses philtres, qui vont nouer et d\u00e9nouer les amours...\u00a0 \r\nF\u00e9erie o\u00f9 les mondes, les histoires d'amour et le th\u00e9\u00e2tre lui-m\u00eame se m\u00e9langent, Le Songe d'une nuit d'\u00e9t\u00e9 est un classique de la com\u00e9die shakespearienne.\u00a0","authors":["William Shakespeare","Po Tse"],"category_codes":["3000000","3040000","3040500","3040501"],"visuals":{"large":"https:\/\/images.epagine.fr\/964\/9782373499964_1_75.jpg","medium":"https:\/\/images.epagine.fr\/964\/9782373499964_1_m.jpg","thumbnail":"https:\/\/images.epagine.fr\/964\/9782373499964_1_v.jpg"},"orderable":true,"show_badge":true,"formatted_price":"10,90&nbsp;\u20ac","formatted_published_date":"17 septembre 2025","publisher_availability_label":"Sur commande","short_details":"William Shakespeare, Po Tse \u2014 Nobi Nobi","translator":null,"weight":290,"page_count":308,"readership":"Tout public","editor":"Nobi Nobi","price":1090,"published_date":"2025-09-16T22:00:00.000000Z","support":"Poche","publisher_availability":1,"stock":0,"editions":[],"url":"https:\/\/quaidesbrumes.com\/ouvrage\/9782373499964\/le-songe-dune-nuit-dete"},{"id":"9782203101685","title":"Les cit\u00e9s obscures : Int\u00e9grale vol.1 : Tomes 1 et 2","description":"Les Cit\u00e9s obscures sont l'oeuvre culte de Fran\u00e7ois Schuiten et Beno\u00eet Peeters. Nourries de r\u00e9f\u00e9rences \u00e0 notre monde, notamment sur le plan architectural, les villes qu'ils mettent en sc\u00e8ne s'inscrivent dans un univers parall\u00e8le. Le premier Livre de cette int\u00e9grale, enrichi d'extraits du Guide des Cit\u00e9s et de nombreux in\u00e9dits, permet de (re)visiter Xhystos, Samaris, P\u00e2hry, Urbicande et Calvani, et de mesurer mieux encore la puissance et la coh\u00e9rence du monde obscur.","authors":["Beno\u00eet Peeters","Fran\u00e7ois Schuiten"],"category_codes":["3000000","3020000","3020100","3020106"],"visuals":{"large":"https:\/\/images.epagine.fr\/685\/9782203101685_1_75.jpg","medium":"https:\/\/images.epagine.fr\/685\/9782203101685_1_m.jpg","thumbnail":"https:\/\/images.epagine.fr\/685\/9782203101685_1_v.jpg"},"orderable":true,"show_badge":true,"formatted_price":"47,00&nbsp;\u20ac","formatted_published_date":"6 d\u00e9cembre 2017","publisher_availability_label":"Sur commande","short_details":"Beno\u00eet Peeters, Fran\u00e7ois Schuiten \u2014 Casterman","translator":null,"weight":1248,"page_count":328,"readership":null,"editor":"Casterman","price":4700,"published_date":"2017-12-05T23:00:00.000000Z","support":"Grand format","publisher_availability":1,"stock":0,"editions":[],"url":"https:\/\/quaidesbrumes.com\/ouvrage\/9782203101685\/les-cites-obscures-integrale-vol1-tomes-1-et-2"},{"id":"9791039132930","title":"The amazing Spider-Man par Straczynski Tome 1 : Confrontation","description":"Peter Parker, avec ou sans l'identit\u00e9 de Spider-Man, est un h\u00e9ros qui prot\u00e8ge les innocents... mais n'est-il que cela ? Lorsque le myst\u00e9rieux Ezekiel d\u00e9barque dans sa vie, il insiste sur le fait que l'araign\u00e9e qui lui a donn\u00e9 ses pouvoirs ne l'a pas choisi par hasard, mais Peter a du mal \u00e0 y croire. Jusqu'au terrible affrontement contre l'invincible Morlun, qui aura d'immenses cons\u00e9quences sur la vie de Spidey... et celle de la famille Parker.\r\nDeuxi\u00e8me p\u00e9riode essentielle que nous lan\u00e7ons ce mois-ci dans notre gamme poche : le passage r\u00e9put\u00e9 de J. Michael Straczynski (Captain America) sur la s\u00e9rie Amazing Spider-Man ! \u00c9paul\u00e9 par l'impeccable John Romita Jr (Avengers), Straczynski encha\u00eene les coups de th\u00e9\u00e2tre, et signe \u00e9galement un \u00e9pisode entr\u00e9 dans la l\u00e9gende pour rendre hommage aux victimes des attentats du 11 septembre 2001.","authors":["J. Michael Straczynski","John Romita Jr."],"category_codes":["3000000","3030000","3030400"],"visuals":{"large":"https:\/\/images.epagine.fr\/930\/9791039132930_1_75.jpg","medium":"https:\/\/images.epagine.fr\/930\/9791039132930_1_m.jpg","thumbnail":"https:\/\/images.epagine.fr\/930\/9791039132930_1_v.jpg"},"orderable":true,"show_badge":true,"formatted_price":"7,99&nbsp;\u20ac","formatted_published_date":"5 f\u00e9vrier 2025","publisher_availability_label":"Sur commande","short_details":"J. Michael Straczynski, John Romita Jr. \u2014 Panini","translator":null,"weight":427,"page_count":248,"readership":null,"editor":"Panini","price":799,"published_date":"2025-02-04T23:00:00.000000Z","support":"Poche","publisher_availability":1,"stock":0,"editions":[],"url":"https:\/\/quaidesbrumes.com\/ouvrage\/9791039132930\/the-amazing-spider-man-par-straczynski-tome-1-confrontation"},{"id":"9782373495348","title":"Iruma \u00e0 l'\u00e9cole des d\u00e9mons Tome 6","description":"Apr\u00e8s son triomphe sur sc\u00e8ne, Iruma attire de plus en plus les regards. Soucieux de ne pas sortir du lot, il d\u00e9cide d'apprendre quelques sorts magiques de base sous l'\u00e9gide de son nouveau prof au pied lev\u00e9 : Alikred, sa bague gloutonne maintenant dou\u00e9e de parole.\r\nC'est l\u00e0 qu'Am\u00e9lie, la pr\u00e9sidente du bureau des \u00e9l\u00e8ves, le surprend en plein entra\u00eenement dans une position d\u00e9licate... et entreprend alors de le former \u00e0 sa mani\u00e8re !!\r","authors":["Osamu Nishi","Fabrice Colin","Antoine Brivet","Yohan Leclerc"],"category_codes":["3000000","3040000","3040500","3040510"],"visuals":{"large":"https:\/\/images.epagine.fr\/348\/9782373495348_1_75.jpg","medium":"https:\/\/images.epagine.fr\/348\/9782373495348_1_m.jpg","thumbnail":"https:\/\/images.epagine.fr\/348\/9782373495348_1_v.jpg"},"orderable":true,"show_badge":true,"formatted_price":"7,20&nbsp;\u20ac","formatted_published_date":"17 mars 2021","publisher_availability_label":"Sur commande","short_details":"Osamu Nishi, Fabrice Colin, Antoine Brivet, Yohan Leclerc \u2014 Nobi Nobi","translator":"YOHAN LECLERC","weight":184,"page_count":192,"readership":"\u00e0 partir de 8 ANS","editor":"Nobi Nobi","price":720,"published_date":"2021-03-16T23:00:00.000000Z","support":"Poche","publisher_availability":1,"stock":0,"editions":[],"url":"https:\/\/quaidesbrumes.com\/ouvrage\/9782373495348\/iruma-a-lecole-des-demons-tome-6"},{"id":"9782369811282","title":"Quatre soeurs Tome 3 : Bettina","description":"Le printemps, saison du renouveau, des amours et des primeurs, \u00e9clate dans toute sa splendeur \u00e0 tous les \u00e9tages de la Vill'Herv\u00e9. Renouveau ? Oui. Harry et D\u00e9sir\u00e9e, les petits cousins, viennent passer des vacances au grand air. Charlie, \u00e0 sec, s'est r\u00e9sign\u00e9e \u00e0 louer la chambre des parents. Le locataire s'appelle Tancr\u00e8de, il est jeune, c\u00e9libataire, dr\u00f4le, fabricant d'odeurs bizarres. Et beau. Primeurs ? Trop. On retrouve des poireaux nouveaux partout, dans la soupe, coinc\u00e9s dans un cadre de tableau et m\u00eame dans le pot d'\u00e9chappement de la voiture de Tancr\u00e8de. Toujours lui. Amours ? H\u00e9las. Tancr\u00e8de s\u00e8me le trouble et r\u00e9colte la temp\u00eate dans le coeur de Charlie. Bettina se languit du tr\u00e8s tr\u00e8s moche et si splendide Merlin. Enid fait des confidences. Genevi\u00e8ve se tait. Et Mycroft, le rat, tombe amoureux \u00e0 son tour.BD Jeunesse.\r","authors":["Cati Baur","Malika Ferdjoukh"],"category_codes":["3000000","3020000","3020200","3020202"],"visuals":{"large":"https:\/\/images.epagine.fr\/282\/9782369811282_1_75.jpg","medium":"https:\/\/images.epagine.fr\/282\/9782369811282_1_m.jpg","thumbnail":"https:\/\/images.epagine.fr\/282\/9782369811282_1_v.jpg"},"orderable":true,"show_badge":true,"formatted_price":"16,00&nbsp;\u20ac","formatted_published_date":"6 janvier 2016","publisher_availability_label":"Sur commande","short_details":"Cati Baur, Malika Ferdjoukh \u2014 Rue de S\u00e8vres","translator":null,"weight":752,"page_count":164,"readership":"\u00e0 partir de 11 ANS","editor":"Rue de S\u00e8vres","price":1600,"published_date":"2016-01-05T23:00:00.000000Z","support":"Grand format","publisher_availability":1,"stock":0,"editions":[],"url":"https:\/\/quaidesbrumes.com\/ouvrage\/9782369811282\/quatre-soeurs-tome-3-bettina"},{"id":"9791041111459","title":"L'\u00e2me du dragon Tome 2","description":"\"\u00c9coute, je vais formuler les choses autrement pour que tu comprennes... Tout \u00e7a... c'est une question de fiert\u00e9 !\" Alors qu'Isagi et Chienami se trouvent en bien f\u00e2cheuse posture, Mahina J\u00f4monji, g\u00e9rante d'une grande famille de commer\u00e7ants tr\u00e8s r\u00e9put\u00e9e, fait soudain leur apparition devant eux. Mais le march\u00e9 qu'elle leur propose contraint Isagi \u00e0 un choix cruel...Des paroles sont \u00e9chang\u00e9es, les lames sont abaiss\u00e9es...\u00c0 quoi va-t-il de voir se pr\u00e9parer ?","authors":["Makoto Hoshino"],"category_codes":["3000000","3040000","3040600","3040608"],"visuals":{"large":"https:\/\/images.epagine.fr\/459\/9791041111459_1_75.jpg","medium":"https:\/\/images.epagine.fr\/459\/9791041111459_1_m.jpg","thumbnail":"https:\/\/images.epagine.fr\/459\/9791041111459_1_v.jpg"},"orderable":true,"show_badge":true,"formatted_price":"7,95&nbsp;\u20ac","formatted_published_date":"20 ao\u00fbt 2025","publisher_availability_label":"Sur commande","short_details":"Makoto Hoshino \u2014 Bamboo","translator":null,"weight":196,"page_count":192,"readership":"\u00e0 partir de 14 ans","editor":"Bamboo","price":795,"published_date":"2025-08-19T22:00:00.000000Z","support":"Poche","publisher_availability":1,"stock":0,"editions":[],"url":"https:\/\/quaidesbrumes.com\/ouvrage\/9791041111459\/lame-du-dragon-tome-2"},{"id":"9782377171170","title":"Made in abyss Tome 1","description":"Au pied de la ville d'Orse s'\u00e9tend l'Abysse, une faille gigantesque \u00e0 la profondeur inconnue habit\u00e9e par d'\u00e9tranges cr\u00e9atures et emplie d'antiques reliques.\r\nDepuis des ann\u00e9es, ce gouffre attire de nombreux aventuriers s\u00e9duits par l'aura de myst\u00e8re qui l'entoure et qui se font appeler \u00ab les caverniers \u00bb.\r\nC'est ici que vit Rico, une jeune orpheline obs\u00e9d\u00e9e par l'Abysse et d\u00e9sirant marcher dans les traces de sa m\u00e8re qui y a disparu. Un jour, en prospectant, Rico d\u00e9couvre le corps inanim\u00e9 d'un jeune gar\u00e7on. Elle est alors loin d'imaginer \u00e0 quel point cette d\u00e9couverte va changer sa vie et acc\u00e9l\u00e9rer son destin.","authors":["Akihito Tsukushi","Vincent Zouzoulkovsky"],"category_codes":["3000000","3040000","3040600","3040605"],"visuals":{"large":"https:\/\/images.epagine.fr\/170\/9782377171170_1_75.jpg","medium":"https:\/\/images.epagine.fr\/170\/9782377171170_1_m.jpg","thumbnail":"https:\/\/images.epagine.fr\/170\/9782377171170_1_v.jpg"},"orderable":true,"show_badge":true,"formatted_price":"9,35&nbsp;\u20ac","formatted_published_date":"18 mai 2018","publisher_availability_label":"Sur commande","short_details":"Akihito Tsukushi, Vincent Zouzoulkovsky \u2014 Ototo","translator":"VINCENT ZOUZOULKOVSKY","weight":260,"page_count":176,"readership":"\u00e0 partir de 12 ANS","editor":"Ototo","price":935,"published_date":"2018-05-17T22:00:00.000000Z","support":"Grand format","publisher_availability":1,"stock":0,"editions":[],"url":"https:\/\/quaidesbrumes.com\/ouvrage\/9782377171170\/made-in-abyss-tome-1"},{"id":"9791026825937","title":"Justice League Tome 5","description":"La Ligue de Justice est sortie victorieuse de l'\u00e9preuve que lui a lanc\u00e9 le Syndicat du Crime lors du R\u00e8gne du Mal, mais ce ne fut pas sans en payer le prix ! Alors que certains de ses membres ont disparu, la Ligue doit accueillir dans ses rangs de nouvelles recrues dont l'ennemi jur\u00e9 de Superman : Lex Luthor ! Ce dernier para\u00eet de bonne foi dans son d\u00e9sir d'oeuvrer pour le bien commun, mais cette apparente docilit\u00e9 ne cache-t-elle pas une machination encore plus vile ? Batman veille...","authors":["Collectif","Geoff Johns","Jim Lee"],"category_codes":["3000000","3030000","3030400"],"visuals":{"large":"https:\/\/images.epagine.fr\/937\/9791026825937_1_75.jpg","medium":"https:\/\/images.epagine.fr\/937\/9791026825937_1_m.jpg","thumbnail":"https:\/\/images.epagine.fr\/937\/9791026825937_1_v.jpg"},"orderable":true,"show_badge":true,"formatted_price":"8,90&nbsp;\u20ac","formatted_published_date":"23 ao\u00fbt 2024","publisher_availability_label":"Sur commande","short_details":"Collectif, Geoff Johns, Jim Lee \u2014 Urban Comics","translator":null,"weight":418,"page_count":272,"readership":"\u00e0 partir de 12 ANS","editor":"Urban Comics","price":890,"published_date":"2024-08-22T22:00:00.000000Z","support":"Grand format","publisher_availability":1,"stock":0,"editions":[],"url":"https:\/\/quaidesbrumes.com\/ouvrage\/9791026825937\/justice-league-tome-5"},{"id":"9791032717219","title":"L'Anneau de Gyg\u00e8s Tome 2","description":"Le super-pouvoir ne fait pas le super-h\u00e9ros...\r\nApr\u00e8s avoir \u00e9t\u00e9 victime d'un malheureux accident, Kazanin est tomb\u00e9 dans le coma... Une aubaine pour Takeru, qui va devoir combler le vide laiss\u00e9 par le mangaka dans le magazine \r\nShonen Fundy en y publiant sa propre s\u00e9rie, \r\nInvisible Man Zero !\r\nUn titre qui s'inspirera de faits r\u00e9els... car maintenant que Yu peut dispara\u00eetre, il est en mesure d'incarner pour de bon le super-h\u00e9ros de l'histoire ! Sa premi\u00e8re mission l'am\u00e8ne \u00e0 espionner ses voisins et \u00e0 d\u00e9couvrir par la m\u00eame occasion le secret d'Aichin, une autrice vraisemblablement maltrait\u00e9e par son compagnon...\r\nQuand vos r\u00eaves se r\u00e9alisent, c'est peut-\u00eatre le d\u00e9but du cauchemar... Dans un m\u00e9lange de suspense et d'humour noir, \r\nL'Anneau de Gyg\u00e8s nous entra\u00eene sur les pas de h\u00e9ros amateurs qui ont bien mal commenc\u00e9 leur carri\u00e8re !","authors":["Takahiro Kat\u00f4","Alex Ponthaut"],"category_codes":["3000000","3040000","3040600","3040606"],"visuals":{"large":"https:\/\/images.epagine.fr\/219\/9791032717219_1_75.jpg","medium":"https:\/\/images.epagine.fr\/219\/9791032717219_1_m.jpg","thumbnail":"https:\/\/images.epagine.fr\/219\/9791032717219_1_v.jpg"},"orderable":true,"show_badge":true,"formatted_price":"7,95&nbsp;\u20ac","formatted_published_date":"3 juillet 2025","publisher_availability_label":"Sur commande","short_details":"Takahiro Kat\u00f4, Alex Ponthaut \u2014 Ki-oon","translator":"ALEX PONTHAUT","weight":222,"page_count":192,"readership":"\u00e0 partir de 14 ans","editor":"Ki-oon","price":795,"published_date":"2025-07-02T22:00:00.000000Z","support":"Poche","publisher_availability":1,"stock":0,"editions":[],"url":"https:\/\/quaidesbrumes.com\/ouvrage\/9791032717219\/lanneau-de-gyges-tome-2"},{"id":"9782203146549","title":"Hilda Tome 1 : Hilda et le troll","description":"Irr\u00e9sistiblement attir\u00e9e vers la nature et les grands espaces qui environnent sa maison, Hilda met \u00e0 profit l'une de ses longues escapades au grand air en compagnie de Brindille, son animal familier, pour faire la connaissance d'un grand troll de pierre, qu'elle s'empresse de croquer dans son carnet \u00e0 dessins. Et afin de n'\u00eatre pas surprise au cas o\u00f9 le troll se mettrait \u00e0 bouger, accroche une cloche \u00e0 son long nez. H\u00e9las, elle n'a pas pris soin de lire avec suffisamment d'attention son guide Trolls et autres cr\u00e9atures dangereuses ; elle y aurait d\u00e9couvert, ainsi que le lui r\u00e9v\u00e8le son ami le bonhomme de bois, que les trolls ne supportent pas le son des cloches...","authors":["Luke Pearson"],"category_codes":["3000000","3020000","3020200","3020209"],"visuals":{"large":"https:\/\/images.epagine.fr\/549\/9782203146549_1_75.jpg","medium":"https:\/\/images.epagine.fr\/549\/9782203146549_1_m.jpg","thumbnail":"https:\/\/images.epagine.fr\/549\/9782203146549_1_v.jpg"},"orderable":true,"show_badge":true,"formatted_price":"13,00&nbsp;\u20ac","formatted_published_date":"23 d\u00e9cembre 2016","publisher_availability_label":"Sur commande","short_details":"Luke Pearson \u2014 Casterman","translator":null,"weight":432,"page_count":32,"readership":"\u00e0 partir de 8 ANS","editor":"Casterman","price":1300,"published_date":"2016-12-22T23:00:00.000000Z","support":"Grand format","publisher_availability":1,"stock":0,"editions":[],"url":"https:\/\/quaidesbrumes.com\/ouvrage\/9782203146549\/hilda-tome-1-hilda-et-le-troll"},{"id":"9782811606336","title":"Billy Bat Tome 1","description":"En 1949, Kevin Yamagata, dessinateur am\u00e9ricain n\u00e9 de parents japonais immigr\u00e9s aux \u00c9tats-Unis, conna\u00eet un succ\u00e8s formidable avec sa bande dessin\u00e9e \"Billy Bat\" mettant en sc\u00e8ne une chauve-souris dans diverses aventures. Lorsqu'il apprend de fa\u00e7on fortuite qu'un personnage identique au sien existe aussi au Japon, il d\u00e9cide de se rendre \u00e0 Tokyo pour rencontrer le dessinateur \u00e0 qui il a peut-\u00eatre inconsciemment vol\u00e9 l'id\u00e9e durant son service en tant qu'interpr\u00e8te dans l'arm\u00e9e d'occupation du Japon. Une fois sur place, il est rapidement happ\u00e9 par une spirale d'\u00e9v\u00e9nements curieux qui ont pour d\u00e9nominateur commun le motif de la chauve-souris...","authors":["Takashi Nagasaki","Naoki Urasawa"],"category_codes":["3000000","3040000","3040600","3040606"],"visuals":{"large":"https:\/\/images.epagine.fr\/336\/9782811606336_1_75.jpg","medium":"https:\/\/images.epagine.fr\/336\/9782811606336_1_m.jpg","thumbnail":"https:\/\/images.epagine.fr\/336\/9782811606336_1_v.jpg"},"orderable":true,"show_badge":true,"formatted_price":"8,20&nbsp;\u20ac","formatted_published_date":"14 mars 2012","publisher_availability_label":"Sur commande","short_details":"Takashi Nagasaki, Naoki Urasawa \u2014 Pika \u00c9dition","translator":null,"weight":210,"page_count":200,"readership":"\u00e0 partir de 14 ans","editor":"Pika \u00c9dition","price":820,"published_date":"2012-03-13T23:00:00.000000Z","support":"Poche","publisher_availability":1,"stock":0,"editions":[],"url":"https:\/\/quaidesbrumes.com\/ouvrage\/9782811606336\/billy-bat-tome-1"},{"id":"9782811637774","title":"Card captor Sakura Tome 9","description":"Voici l'affrontement final  ! Soutenue par ses amis, Sakura va devoir se battre de toutes ses forces pour vaincre Eriol et la magie de Clow. Mais le pouvoir des cartes sera-t-il suffisant  pour gagner  ? Un dernier volume plein de surprises qui cl\u00f4t la s\u00e9rie en beaut\u00e9  !\r\nRetrouvez la suite des aventures de votre chasseuse de cartes pr\u00e9f\u00e9r\u00e9e dans  Card  Captor Sakura - Clear Card Arc.","authors":["Clamp","Reyda Seddiki"],"category_codes":["3000000","3040000","3040400","3040405"],"visuals":{"large":"https:\/\/images.epagine.fr\/774\/9782811637774_1_75.jpg","medium":"https:\/\/images.epagine.fr\/774\/9782811637774_1_m.jpg","thumbnail":"https:\/\/images.epagine.fr\/774\/9782811637774_1_v.jpg"},"orderable":true,"show_badge":true,"formatted_price":"9,10&nbsp;\u20ac","formatted_published_date":"12 d\u00e9cembre 2018","publisher_availability_label":"Sur commande","short_details":"Clamp, Reyda Seddiki \u2014 Pika \u00c9dition","translator":"REYDA SEDDIKI","weight":200,"page_count":304,"readership":"\u00e0 partir de 8 ANS","editor":"Pika \u00c9dition","price":910,"published_date":"2018-12-11T23:00:00.000000Z","support":"Poche","publisher_availability":1,"stock":0,"editions":[],"url":"https:\/\/quaidesbrumes.com\/ouvrage\/9782811637774\/card-captor-sakura-tome-9"},{"id":"9782811667337","title":"Four knights of the apocalypse Tome 2","description":"Percival d\u00e9couvre pour la premi\u00e8re fois le  monde ext\u00e9rieur. Tout est nouveau, tout est  passionnant, son coeur fr\u00e9mit \u00e0 l'appel de  l'aventure. H\u00e9las, les Chevaliers sacr\u00e9s de  Camelot l'attaquent sans aucune piti\u00e9 car,  d'apr\u00e8s eux, il serait l'un des Four Knights of  the Apocalypse destin\u00e9s \u00e0 d\u00e9truire le monde !  Pourtant, le jeune gar\u00e7on ne s'arr\u00eate pas en  si bon chemin. Il veut retrouver son p\u00e8re,  coupable d'avoir assassin\u00e9 son grand-p\u00e8re, et  ainsi d\u00e9couvrir la v\u00e9rit\u00e9. Il est accompagn\u00e9 par  Donnie, un artiste itin\u00e9rant, et Sin, un renard  qui parle. C'est un long p\u00e9riple qui commence  pour les trois compagnons...","authors":["Nakaba Suzuki"],"category_codes":["3000000","3040000","3040500","3040508"],"visuals":{"large":"https:\/\/images.epagine.fr\/337\/9782811667337_1_75.jpg","medium":"https:\/\/images.epagine.fr\/337\/9782811667337_1_m.jpg","thumbnail":"https:\/\/images.epagine.fr\/337\/9782811667337_1_v.jpg"},"orderable":true,"show_badge":true,"formatted_price":"7,20&nbsp;\u20ac","formatted_published_date":"16 f\u00e9vrier 2022","publisher_availability_label":"Sur commande","short_details":"Nakaba Suzuki \u2014 Pika \u00c9dition","translator":null,"weight":186,"page_count":192,"readership":"\u00e0 partir de 8 ANS","editor":"Pika \u00c9dition","price":720,"published_date":"2022-02-15T23:00:00.000000Z","support":"Poche","publisher_availability":1,"stock":0,"editions":[],"url":"https:\/\/quaidesbrumes.com\/ouvrage\/9782811667337\/four-knights-of-the-apocalypse-tome-2"},{"id":"9782373495980","title":"Captain Tsubasa saison 2 Tome 2","description":"Nankatsu affronte Nishikigaoka, au deuxi\u00e8me tour du tournoi national des coll\u00e8ges. Ce match n'est qu'une formalit\u00e9 pour Tsubasa et ses co\u00e9quipiers. Mais le tour suivant s'annonce bien plus compliqu\u00e9 : ils seront cette fois confront\u00e9s \u00e0 Hanawa, l'\u00e9quipe des spectaculaires fr\u00e8res Tachibana...\r","authors":["Yoichi Takahashi"],"category_codes":["3000000","3040000","3040500","3040511"],"visuals":{"large":"https:\/\/images.epagine.fr\/980\/9782373495980_1_75.jpg","medium":"https:\/\/images.epagine.fr\/980\/9782373495980_1_m.jpg","thumbnail":"https:\/\/images.epagine.fr\/980\/9782373495980_1_v.jpg"},"orderable":true,"show_badge":true,"formatted_price":"8,90&nbsp;\u20ac","formatted_published_date":"15 septembre 2021","publisher_availability_label":"Sur commande","short_details":"Yoichi Takahashi \u2014 Nobi Nobi","translator":null,"weight":296,"page_count":192,"readership":"\u00e0 partir de 12 ANS","editor":"Nobi Nobi","price":890,"published_date":"2021-09-14T22:00:00.000000Z","support":"Poche","publisher_availability":1,"stock":0,"editions":[],"url":"https:\/\/quaidesbrumes.com\/ouvrage\/9782373495980\/captain-tsubasa-saison-2-tome-2"},{"id":"9782811663230","title":"Edens zero Tome 15 : pour pouvoir rire beaucoup","description":"L'affrontement a \u00e9t\u00e9 intense, mais Shiki et l'\u00e9quipage de l'Edens Zero sont finalement venus \u00e0 bout de l'unit\u00e9 6 des Beast de Pos\u00e9idon Nero. Puis, ils ont vu l'arm\u00e9e du syst\u00e8me stellaire gouvernementale d\u00e9barquer et an\u00e9antir sans le moindre effort l'unit\u00e9 1 ! Shiki et Homura ont alors \u00e9t\u00e9 emprisonn\u00e9s en raison de leur lien avec Erzy, et Justice se montre extr\u00eamement agac\u00e9... Harmit et Wise se sont quant \u00e0 eux rendus sur un \"satellite serveur\" qui \u00e9met un virus informatique responsable d'une crise de folie g\u00e9n\u00e9ralis\u00e9e chez les machines. Ils se retrouvent face au professeur Muller qui avait tortur\u00e9 Harmit autrefois, et dont les s\u00e9vices la traumatisent encore aujourd'hui ! Nos amis vont-ils pouvoir se d\u00e9barrasser de ce cruel scientifique et ainsi lib\u00e9rer les machines de leur virus mal\u00e9fique ?","authors":["Hiro Mashima"],"category_codes":["3000000","3040000","3040500","3040508"],"visuals":{"large":"https:\/\/images.epagine.fr\/230\/9782811663230_1_75.jpg","medium":"https:\/\/images.epagine.fr\/230\/9782811663230_1_m.jpg","thumbnail":"https:\/\/images.epagine.fr\/230\/9782811663230_1_v.jpg"},"orderable":true,"show_badge":true,"formatted_price":"7,20&nbsp;\u20ac","formatted_published_date":"15 juillet 2021","publisher_availability_label":"Sur commande","short_details":"Hiro Mashima \u2014 Pika \u00c9dition","translator":null,"weight":184,"page_count":192,"readership":"\u00e0 partir de 12 ANS","editor":"Pika \u00c9dition","price":720,"published_date":"2021-07-14T22:00:00.000000Z","support":"Poche","publisher_availability":1,"stock":0,"editions":[],"url":"https:\/\/quaidesbrumes.com\/ouvrage\/9782811663230\/edens-zero-tome-15-pour-pouvoir-rire-beaucoup"},{"id":"9782017234685","title":"Le Backpacker killer","description":"20 septembre 1992. For\u00eat de Belanglo, Australie.\r\nLes corps de deux jeunes auto-stoppeuses port\u00e9es disparues sont retrouv\u00e9s horriblement mutil\u00e9s. Le d\u00e9but d'une liste macabre de cadavres, ceux de jeunes randonneurs et randonneuses dont le voyage a vir\u00e9 au cauchemar. Le d\u00e9but d'une longue traque de pr\u00e8s de cinq ans pour retrouver le tueur en s\u00e9rie \u00e0 l'origine de ces crimes qui ont marqu\u00e9 au fer rouge l'imaginaire collectif australien : le Backpacker Killer.","authors":["McSkyz","Mina Zampano","Nicolas Ghisalberti"],"category_codes":["3000000","3020000","3020100","3020103"],"visuals":{"large":"https:\/\/images.epagine.fr\/685\/9782017234685_1_75.jpg","medium":"https:\/\/images.epagine.fr\/685\/9782017234685_1_m.jpg","thumbnail":"https:\/\/images.epagine.fr\/685\/9782017234685_1_v.jpg"},"orderable":true,"show_badge":true,"formatted_price":"17,95&nbsp;\u20ac","formatted_published_date":"12 f\u00e9vrier 2025","publisher_availability_label":"Sur commande","short_details":"McSkyz, Mina Zampano, Nicolas Ghisalberti \u2014 Dark Side","translator":null,"weight":542,"page_count":128,"readership":null,"editor":"Dark Side","price":1795,"published_date":"2025-02-11T23:00:00.000000Z","support":"Grand format","publisher_availability":1,"stock":0,"editions":[],"url":"https:\/\/quaidesbrumes.com\/ouvrage\/9782017234685\/le-backpacker-killer"},{"id":"9782749301655","title":"Joe bar team Tome 6","description":"Ce sont sept cingl\u00e9s \u00e0 moto pr\u00eats \u00e0 tout. Champions des tours chronom\u00e9tr\u00e9s du p\u00e2t\u00e9 de maisons, ces rois de l'arsouille cumulent les gamelles. Quand ils ne sont pas sur leurs motos, on les retrouve au comptoir du Joe Bar en train de commenter leurs derniers exploits avec une mauvaise foi de rigueur ... Cette BD qui p\u00e9tarade, sent l'huile bouillie et le radar cram\u00e9, est plus qu'un succ\u00e8s ph\u00e9nom\u00e9nal. Tous les motards en herbe se sont r\u00e9veill\u00e9s \u00e0 la lecture de ces gags pour, \u00e0 l'unisson, chanter la gloire du \u00ab Joe Bar Team \u00bb... refrain repris en coeur par les lecteurs de BD du monde entier. Apr\u00e8s le grand retour de Bar2 il y a quelques mois, voici aujourd'hui celui de 'Fane pour un tome 6 sur les chapeaux de roues ! Un nouvel album uniquement ax\u00e9 \u00ab moto \u00bb, dans le plus pur style du Joe Bar, qui ravira tous les inconditionnels de cette s\u00e9rie devenue culte ! 'Fane a v\u00e9ritablement offert le meilleur de lui-m\u00eame pour un album aussi dr\u00f4le que graphiquement jubilatoire ! D\u00e9cid\u00e9ment, le \u00ab Joe Bar Team \u00bb p\u00e8te la forme, et c'est tant mieux !","authors":["Bar2","'Fane"],"category_codes":["3000000","3020000","3020100","3020111"],"visuals":{"large":"https:\/\/images.epagine.fr\/655\/9782749301655_1_75.jpg","medium":"https:\/\/images.epagine.fr\/655\/9782749301655_1_m.jpg","thumbnail":"https:\/\/images.epagine.fr\/655\/9782749301655_1_v.jpg"},"orderable":true,"show_badge":true,"formatted_price":"11,50&nbsp;\u20ac","formatted_published_date":"26 mai 2004","publisher_availability_label":"Sur commande","short_details":"Bar2, 'Fane \u2014 Vents d'Ouest","translator":null,"weight":392,"page_count":48,"readership":null,"editor":"Vents d'Ouest","price":1150,"published_date":"2004-05-25T22:00:00.000000Z","support":"Grand format","publisher_availability":1,"stock":0,"editions":[],"url":"https:\/\/quaidesbrumes.com\/ouvrage\/9782749301655\/joe-bar-team-tome-6"},{"id":"9782889230358","title":"Cinq mille kilom\u00e8tres par seconde","description":"Souvenez-vous ! Apr\u00e8s deux livres \u00e0 la port\u00e9e confidentielle, Les Gens le dimanche et Icarus (et un autre chez Delcourt, Mademoiselle Else), Atrabile publiait en 2010 le quatri\u00e8me livre de Manuele Fior, Cinq mille kilom\u00e8tres par seconde. Le livre b\u00e9n\u00e9ficia imm\u00e9diatement d'une excellente r\u00e9ception aussi bien critique que publique, jusqu'\u00e0 \u00eatre couronn\u00e9 en janvier 2011 par le Prix du Meilleur Album de l'ann\u00e9e au Festival d'Angoul\u00eame.\r\nVendu \u00e0 plus de 20000 exemplaires, traduit en une dizaine de langues, le livre est devenu un des \u00ab incontournables \u00bb du catalogue atrabilaire. Aujourd'hui \u00e9puis\u00e9, Atrabile propose de pu-blier une nouvelle \u00e9dition du chef d'oeuvre de Manuele Fior, le basculant de la collection Flegme \u00e0 la collection Ichor, et lui offrant ainsi un nouvel \u00e9crin, avec une nouvelle couverture cartonn\u00e9e, et surtout un format sensiblement plus grand - un nouveau format qui permettra d'appr\u00e9cier encore mieux la beaut\u00e9 et la subtilit\u00e9 des aquarelles de ce talentueux auteur italien.\r\nPour m\u00e9moire : Tout en racontant l'histoire d'amour contrari\u00e9e de Piero et Lucia, Cinq mille kilom\u00e8tres par seconde nous prom\u00e8ne dans le monde et dans le temps, \u00e0 l'heure o\u00f9 les nouvelles technologies et la quasi instantan\u00e9it\u00e9 de l'information semble abolir les distances, et rendre plus troubles encore les sentiments humains.\r","authors":["Manuele Fior"],"category_codes":["3000000","3020000","3020100"],"visuals":{"large":"https:\/\/images.epagine.fr\/358\/9782889230358_1_75.jpg","medium":"https:\/\/images.epagine.fr\/358\/9782889230358_1_m.jpg","thumbnail":"https:\/\/images.epagine.fr\/358\/9782889230358_1_v.jpg"},"orderable":true,"show_badge":true,"formatted_price":"24,50&nbsp;\u20ac","formatted_published_date":"15 septembre 2015","publisher_availability_label":"Sur commande","short_details":"Manuele Fior \u2014 Atrabile","translator":null,"weight":870,"page_count":144,"readership":null,"editor":"Atrabile","price":2450,"published_date":"2015-09-14T22:00:00.000000Z","support":"Grand format","publisher_availability":1,"stock":0,"editions":[],"url":"https:\/\/quaidesbrumes.com\/ouvrage\/9782889230358\/cinq-mille-kilometres-par-seconde"},{"id":"9782382811375","title":"Rooster Fighter : coq de baston Tome 1","description":"Pour obtenir justice, il se battra bec et griffes ! Cocori-K.-O. !Dans un Japon ravag\u00e9 par les kij\u00fb, des monstres gigantesques et assoiff\u00e9s de sang, les humains, compl\u00e8tement d\u00e9munis face \u00e0 cette menace sans pr\u00e9c\u00e9dent, vivent chaque jour avec la crainte que celui-ci soit le dernier. Seul un \u00eatre trouve encore le courage de faire face \u00e0 ces myst\u00e9rieuses cr\u00e9atures : un coq, \u00e0 la d\u00e9termination sans faille et au cri surpuissant. Son but, retrouver celui qui lui a enlev\u00e9 la prunelle de ses yeux !\u00c9crit et dessin\u00e9 par Shu Sakuratani, Rooster Fighter est un manga qui a su conqu\u00e9rir le coeur des lecteurs de nombreux pays. Action, parodie et humour sont au centre de ce r\u00e9cit survitamin\u00e9.","authors":["Shu Sakuraya"],"category_codes":["3000000","3040000","3040600","3040610"],"visuals":{"large":"https:\/\/images.epagine.fr\/375\/9782382811375_1_75.jpg","medium":"https:\/\/images.epagine.fr\/375\/9782382811375_1_m.jpg","thumbnail":"https:\/\/images.epagine.fr\/375\/9782382811375_1_v.jpg"},"orderable":true,"show_badge":true,"formatted_price":"7,95&nbsp;\u20ac","formatted_published_date":"4 mai 2022","publisher_availability_label":"Sur commande","short_details":"Shu Sakuraya \u2014 Mangetsu","translator":null,"weight":172,"page_count":192,"readership":"\u00e0 partir de 14 ans","editor":"Mangetsu","price":795,"published_date":"2022-05-03T22:00:00.000000Z","support":"Poche","publisher_availability":1,"stock":0,"editions":[],"url":"https:\/\/quaidesbrumes.com\/ouvrage\/9782382811375\/rooster-fighter-coq-de-baston-tome-1"},{"id":"9782408057473","title":"Moon et Iro Tome 2","description":"Moon cache toujours Iro, une cr\u00e9ature sous-marine avec laquelle elle s'est li\u00e9e d'amiti\u00e9, dans un \u00e9tang secret. Cependant, il ne semble pas gu\u00e9rir de ses blessures dans cette eau douce, et finit par \u00eatre captur\u00e9 par les chasseurs de l'\u00eele et enferm\u00e9 dans un aquarium \u00e9touffant.\r\nLa jeune fille se fait la promesse de lib\u00e9rer son ami et de l'emmener rejoindre la mer.\r\nMais cette s\u00e9paration mettra-t-elle fin \u00e0 leur amiti\u00e9 ?Un monde o\u00f9 les humains cohabitent avec des cr\u00e9atures magiques\r\nVoici un hymne \u00e0 l'amiti\u00e9 et \u00e0 l'entraide, \u00e0 la confiance partag\u00e9e et \u00e0 l'acceptation des diff\u00e9rences. Une histoire terriblement \u00e9mouvante qui plonge les lecteurs dans l'art de vivre cor\u00e9en : somptueux paysages, exquises sc\u00e8nes de rue ou sc\u00e8nes d'int\u00e9rieur pleines de charme.\u00ab Yam Yam \u00bb, le webtoon made in Milan, \u00e0 d\u00e9couvrir d\u00e8s 10 ans !\r\nUne nouvelle litt\u00e9rature pour les lectrices et les lecteurs friands de s\u00e9ries qui les tiennent en haleine et les font vibrer. Action, romance, tranches de vie, science-fiction... \u00ab Yam Yam \u00bb offre des univers vari\u00e9s, sign\u00e9s par des cr\u00e9ateurs du monde entier (Cor\u00e9e, Japon, USA...). Chaque titre se distingue par un style graphique coup de coeur.","authors":["Wonsanji","La\u00efla Sarah Kezzi"],"category_codes":["3000000","3020000","3020200","3020205"],"visuals":{"large":"https:\/\/images.epagine.fr\/473\/9782408057473_1_75.jpg","medium":"https:\/\/images.epagine.fr\/473\/9782408057473_1_m.jpg","thumbnail":"https:\/\/images.epagine.fr\/473\/9782408057473_1_v.jpg"},"orderable":true,"show_badge":true,"formatted_price":"14,95&nbsp;\u20ac","formatted_published_date":"23 avril 2025","publisher_availability_label":"Sur commande","short_details":"Wonsanji, La\u00efla Sarah Kezzi \u2014 Milan","translator":"LAILA SARAH KEZZI","weight":440,"page_count":216,"readership":"\u00e0 partir de 10 ANS","editor":"Milan","price":1495,"published_date":"2025-04-22T22:00:00.000000Z","support":"Grand format","publisher_availability":1,"stock":0,"editions":[],"url":"https:\/\/quaidesbrumes.com\/ouvrage\/9782408057473\/moon-et-iro-tome-2"},{"id":"9782390041276","title":"Sentimental Kiss","description":"C'est la rentr\u00e9e ! Charlie et Anima ne se sont pas vues de tout l'\u00e9t\u00e9, elles se retrouvent juste avant le d\u00e9but des cours. Ces deux adolescentes s'aiment d'une passion candide et fusionnelle. Si l'une est assez exub\u00e9rante et sauvage, l'autre est plus complex\u00e9e et r\u00e9serv\u00e9e. Deux personnalit\u00e9s atypiques qui partagent quelques difficult\u00e9s lorsqu'il s'agit d'interagir avec leurs semblables. Et, le grand sujet du moment \u00e0 l'\u00e9cole, c'est la \u00abmagie\u00bb, qui permet de vivre des aventures fantastiques dans un monde secret mais dont personne ne maitrise v\u00e9ritablement les codes et les manifestations. Une chose est s\u00fbre, c'est qu'une fois qu'on y a pris go\u00fbt, on a envie d'y retourner. Mais encore faut-il y prendre go\u00fbt. D'embl\u00e9e, les deux personnages r\u00e9aliseront qu'elles ne sont plus tout \u00e0 fait les m\u00eames qu'avant les vacances.\r\nSentimental Kiss est un r\u00e9cit qui d\u00e9fend une repr\u00e9sentation positive de l'adolescence sans jamais en oublier les tumultes. Pour sa premi\u00e8re bande dessin\u00e9e, Camille Van Hoof dresse les portraits de \u00ab magical girls \u00bb aussi dr\u00f4les qu'attachantes pour nous parler de l'acceptation de soi, de la d\u00e9couverte de la sexualit\u00e9, du consentement et de l'adaptation dans un nouvel environnement. Sentimental Kiss se veut surtout \u00e9mancipateur des injonctions sociales et propose d'autres chemins qui m\u00e8nent \u00e0 l'\u00e2ge adulte. \u00c0 travers ces diff\u00e9rents possibles, l'autrice bruxelloise nous offre une romance r\u00e9solument contemporaine.","authors":["Camille Van Hoof"],"category_codes":["3000000","3020000","3020300","3020302"],"visuals":{"large":"https:\/\/images.epagine.fr\/276\/9782390041276_1_75.jpg","medium":"https:\/\/images.epagine.fr\/276\/9782390041276_1_m.jpg","thumbnail":"https:\/\/images.epagine.fr\/276\/9782390041276_1_v.jpg"},"orderable":true,"show_badge":false,"formatted_price":"19,00&nbsp;\u20ac","formatted_published_date":"15 janvier 2025","publisher_availability_label":"Sur commande","short_details":"Camille Van Hoof \u2014 L'employ\u00e9 du moi","translator":null,"weight":450,"page_count":248,"readership":"Tout public","editor":"L'employ\u00e9 du moi","price":1900,"published_date":"2025-01-14T23:00:00.000000Z","support":"Grand format","publisher_availability":1,"stock":1,"editions":[],"url":"https:\/\/quaidesbrumes.com\/ouvrage\/9782390041276\/sentimental-kiss"},{"id":"9782754844024","title":"Pigments","description":"Picasso et Soulages l'ont r\u00eav\u00e9, 7 grands noms de la bande dessin\u00e9e l'ont fait ! Edmond Baudoin, Chlo\u00e9 Cruchaudet, \u00c9tienne Davodeau, Emmanuel Guibert, David Prudhomme, Pascal Rabat\u00e9 et Troubs ont \u00e9t\u00e9 invit\u00e9s par le Parc du Quercy \u00e0 investir une petite grotte champignonni\u00e8re pour une exp\u00e9rience in\u00e9dite de peintures rupestres contemporaines. \u00c0 la mani\u00e8re des pr\u00e9historiques il y a 30000 ans (faibles \u00e9clairages et pigments naturels) mais avec leurs envies, leurs techniques et leurs choix artistiques d'aujourd'hui, les dessinateurs se sont confront\u00e9s au support de la paroi calcaire qui a influenc\u00e9 leurs dessins. Les auteurs reviennent dans Pigments sur cette exp\u00e9rience unique et le pr\u00e9historien Marc Az\u00e9ma, qui les a accompagn\u00e9s, raconte l'histoire des grottes rupestres et leur d\u00e9couverte. Les dessins r\u00e9alis\u00e9s dans la grotte seront reproduits gr\u00e2ce aux photographies de R\u00e9mi Flament.","authors":["Collectif"],"category_codes":["3000000","3020000","3020100","3020103"],"visuals":{"large":"https:\/\/images.epagine.fr\/024\/9782754844024_1_75.jpg","medium":"https:\/\/images.epagine.fr\/024\/9782754844024_1_m.jpg","thumbnail":"https:\/\/images.epagine.fr\/024\/9782754844024_1_v.jpg"},"orderable":true,"show_badge":true,"formatted_price":"23,00&nbsp;\u20ac","formatted_published_date":"20 novembre 2024","publisher_availability_label":"Sur commande","short_details":"Collectif \u2014 Futuropolis","translator":null,"weight":784,"page_count":160,"readership":null,"editor":"Futuropolis","price":2300,"published_date":"2024-11-19T23:00:00.000000Z","support":"Grand format","publisher_availability":1,"stock":0,"editions":[],"url":"https:\/\/quaidesbrumes.com\/ouvrage\/9782754844024\/pigments"},{"id":"9782344001677","title":"H\u00e9racl\u00e8s Tome 1 : la jeunesse du h\u00e9ros","description":"Le plus grand h\u00e9ros de la mythologie grecqueMont Olympe. S'il veut pouvoir garantir la paix entre les hommes, Zeus doit envoyer un repr\u00e9sentant sur Terre. Mais qui pourrait \u00eatre \u00e0 la hauteur ? Sur les bons conseils d'Herm\u00e8s, le roi des dieux d\u00e9cide d'engendrer un fils avec une mortelle : un demi-dieu, voil\u00e0 le candidat id\u00e9al pour s'acquitter de cette t\u00e2che ! L'heureuse \u00e9lue sera Alcm\u00e8ne, reine de Th\u00e8bes et descendante de Pers\u00e9e. Zeus profitera de l'absence de son mari parti \u00e0 la guerre pour s'unir \u00e0 elle. Leur fils, H\u00e9racl\u00e8s, deviendra le guerrier ultime, \u00e0 m\u00eame d'accomplir les plus grands exploits. Il aura la force et le courage d'un lion. Mais Zeus ignore que l'ombre de la jalousie d'H\u00e9ra, son \u00e9pouse, plane sur le destin de ce fils providentiel...D\u00e9couvrez la gen\u00e8se du plus grand h\u00e9ros de la mythologie grecque dans une passionnante trilogie o\u00f9 action, aventure et querelles divines sont rendez-vous. D\u00e8s le deuxi\u00e8me tome, H\u00e9racl\u00e8s entamera ses fameux 12 travaux...","authors":["Didier Poli","Clotilde Bruneau","Annabel","Luc Ferry"],"category_codes":["3000000","3020000","3020100","3020108"],"visuals":{"large":"https:\/\/images.epagine.fr\/677\/9782344001677_1_75.jpg","medium":"https:\/\/images.epagine.fr\/677\/9782344001677_1_m.jpg","thumbnail":"https:\/\/images.epagine.fr\/677\/9782344001677_1_v.jpg"},"orderable":true,"show_badge":true,"formatted_price":"15,50&nbsp;\u20ac","formatted_published_date":"8 mars 2017","publisher_availability_label":"Sur commande","short_details":"Didier Poli, Clotilde Bruneau, Annabel, Luc Ferry \u2014 Gl\u00e9nat","translator":null,"weight":642,"page_count":56,"readership":null,"editor":"Gl\u00e9nat","price":1550,"published_date":"2017-03-07T23:00:00.000000Z","support":"Grand format","publisher_availability":1,"stock":0,"editions":[],"url":"https:\/\/quaidesbrumes.com\/ouvrage\/9782344001677\/heracles-tome-1-la-jeunesse-du-heros"},{"id":"9782344036907","title":"L'\u00e9pop\u00e9e de la franc-ma\u00e7onnerie Tome 7 : neuf soeurs et trois fr\u00e8res","description":"Un agent infiltr\u00e9 parmi les francs-ma\u00e7ons...1780, Versailles. La franc-ma\u00e7onnerie, qui a vu na\u00eetre ses textes fondateurs en Angleterre fait souffler un vent nouveau en France en propageant des notions comme Libert\u00e9, Egalit\u00e9, Fraternit\u00e9. Cela pourrait grandement fragiliser les Bourbons qui tirent leur l\u00e9gitimit\u00e9 du droit divin ! Dans ce contexte, sa Majest\u00e9 le roi d\u00e9cide de confier une mission de la plus haute importance au Chevalier Artus de Senissone : infiltrer la loge des Neuf Soeurs, celle qui accueillit jadis Voltaire et sa philosophie des Lumi\u00e8res. Elle continue d'attirer toutes les \u00e9lites intellectuelles et des personnalit\u00e9s comme Benjamin Franklin... Leur meneur doit \u00eatre d\u00e9masqu\u00e9 avant que ces id\u00e9es subversives ne viennent troubler l'ordre \u00e9tabli. Le chevalier de Senissone va se montrer d'une habilet\u00e9 hors pair. Se faisant passer pour un com\u00e9dien humaniste, il int\u00e8gre la loge. Le voil\u00e0 au coeur de tous les arcanes ! Mais au cours d'une f\u00eate ma\u00e7onnique la situation va prendre une tournure dramatique sous ses yeux. Se pourrait-il qu'un membre de la famille royale oeuvre en secret dans ce cercle ? Une double enqu\u00eate passionnante qui nous entra\u00eene des beaux salons aux catacombes et nous permet d'approcher la myst\u00e9rieuse organisation des francs-ma\u00e7ons dans un septi\u00e8me volume plein de suspense.","authors":["Pierre Boisserie","Eric Lambert"],"category_codes":["3000000","3020000","3020100","3020108"],"visuals":{"large":"https:\/\/images.epagine.fr\/907\/9782344036907_1_75.jpg","medium":"https:\/\/images.epagine.fr\/907\/9782344036907_1_m.jpg","thumbnail":"https:\/\/images.epagine.fr\/907\/9782344036907_1_v.jpg"},"orderable":true,"show_badge":true,"formatted_price":"15,50&nbsp;\u20ac","formatted_published_date":"14 septembre 2022","publisher_availability_label":"Sur commande","short_details":"Pierre Boisserie, Eric Lambert \u2014 Gl\u00e9nat","translator":null,"weight":630,"page_count":56,"readership":null,"editor":"Gl\u00e9nat","price":1550,"published_date":"2022-09-13T22:00:00.000000Z","support":"Grand format","publisher_availability":1,"stock":0,"editions":[],"url":"https:\/\/quaidesbrumes.com\/ouvrage\/9782344036907\/lepopee-de-la-franc-maconnerie-tome-7-neuf-soeurs-et-trois-freres"}]}