{"data":[{"id":"9782412078624","title":"Gamines : Tribulations d'une maman ado","description":"Une bande dessin\u00e9e touchante sur la maternit\u00e9 adolescente, bas\u00e9e sur l'histoire vraie de l'autrice-illustratrice. Et avec une pointe de romance !\r\n\u00c0 17 ans, Lili devient maman. Livr\u00e9e \u00e0 elle-m\u00eame, elle doit apprendre \u00e0 \u00e9lever sa fille Mayou au milieu des doutes, des obstacles et des clich\u00e9s qui p\u00e8sent sur les m\u00e8res-adolescentes. Heureusement, leur complicit\u00e9 grandissante, leur lien indestructible et leur humour les aident \u00e0 avancer et grandir ensemble. Mais certains souvenirs, plus douloureux, remontent parfois \u00e0 la surface...\r\n\r\nUn t\u00e9moignage \u00e0 la fois tendre, dr\u00f4le et touchant, inspir\u00e9 de la propre histoire de l'autrice-illustratrice.","authors":["Aliz\u00e9e T."],"category_codes":["3000000","3020000","3020100","3020103"],"visuals":{"large":"https:\/\/images.epagine.fr\/624\/9782412078624_1_75.jpg","medium":"https:\/\/images.epagine.fr\/624\/9782412078624_1_m.jpg","thumbnail":"https:\/\/images.epagine.fr\/624\/9782412078624_1_v.jpg"},"orderable":true,"show_badge":true,"formatted_price":"23,95&nbsp;\u20ac","formatted_published_date":"26 mars 2026","publisher_availability_label":"Sur commande","short_details":"Aliz\u00e9e T. \u2014 First \u00c9ditions","translator":null,"weight":820,"page_count":192,"readership":null,"editor":"First \u00c9ditions","price":2395,"published_date":"2026-03-25T23:00:00.000000Z","support":"Grand format","publisher_availability":1,"stock":0,"editions":[],"url":"https:\/\/quaidesbrumes.com\/ouvrage\/9782412078624\/gamines-tribulations-dune-maman-ado"},{"id":"9782849535172","title":"Le Ma\u00eetre de California Hill","description":"Afin de d\u00e9couvrir si un cheval au galop garde, ou non, toujours un sabot en contact avec le sol, Muybridge et Stanford vont r\u00e9volutionner la photographie...\r\nAu milieu des ann\u00e9es 1860, la construction de la premi\u00e8re ligne de chemin de fer transcontinentale arrive \u00e0 son terme. Derri\u00e8re ce projet colossal, c\u00f4t\u00e9 Ouest, le magnat et ancien gouverneur de Californie, Leland Stanford, un homme connu pour sa voracit\u00e9 et qui ne vit que par et pour ses chevaux - qu'il garde pr\u00e8s de lui dans son manoir de California Hill.\r\nAinsi, le jour o\u00f9 son partenaire et rival, Mr Durant, lui fait part de la question qui agite les milieux hippiques de l'\u00e9poque, ils se lancent un pari : celui qui parviendra \u00e0 prouver si un cheval au galop garde, ou non, toujours un sabot en contact avec le sol gagnera 10 % de l'entreprise de l'autre.\r\nPour battre son rival, Stanford offre des moyens quasi illimit\u00e9s \u00e0 Eadweard Muybridge, un photographe talentueux mais psychologiquement instable. Muybridge entreprend donc de photographier, un \u00e0 un, les mouvements d'un cheval au galop, qu'importe que la technologie ne le permette pas encore...\r\nD\u00e9bute ainsi une collaboration funeste o\u00f9 se rencontrent avidit\u00e9 et d\u00e9mesure, mais qui r\u00e9volutionnera la photographie et posera les bases du cin\u00e9ma.","authors":["Georges Van linthout","Laurent-Fr\u00e9d\u00e9ric Boll\u00e9e"],"category_codes":["3000000","3020000","3020100","3020108"],"visuals":{"large":"https:\/\/images.epagine.fr\/172\/9782849535172_1_75.jpg","medium":"https:\/\/images.epagine.fr\/172\/9782849535172_1_m.jpg","thumbnail":"https:\/\/images.epagine.fr\/172\/9782849535172_1_v.jpg"},"orderable":true,"show_badge":true,"formatted_price":"25,00&nbsp;\u20ac","formatted_published_date":"5 f\u00e9vrier 2025","publisher_availability_label":"Sur commande","short_details":"Georges Van linthout, Laurent-Fr\u00e9d\u00e9ric Boll\u00e9e \u2014 La Bo\u00eete \u00e0 bulles","translator":null,"weight":786,"page_count":128,"readership":"\u00e0 partir de 12 ANS","editor":"La Bo\u00eete \u00e0 bulles","price":2500,"published_date":"2025-02-04T23:00:00.000000Z","support":"Grand format","publisher_availability":1,"stock":0,"editions":[],"url":"https:\/\/quaidesbrumes.com\/ouvrage\/9782849535172\/le-maitre-de-california-hill"},{"id":"9782344040157","title":"Pendragon Tome 2 : Le conseil des Rois","description":"Une \u00e9p\u00e9e pour les gouverner tous !Depuis le d\u00e9part des l\u00e9gions romaines, les dieux semblent avoir abandonn\u00e9 les hommes et les terres d'Alba. Menac\u00e9s de toutes parts, les Sept Royaumes sombreront bient\u00f4t dans le chaos. Aussi, Merlin cherche-t-il sans rel\u00e2che un roi capable de r\u00e9tablir l'harmonie. Mais Arthur, son champion, refuse pour l'instant de jouer ce r\u00f4le. Il n'aspire qu'\u00e0 d\u00e9poser son costume de chef de guerre pour vivre en paix sur ses terres avec sa future \u00e9pouse. L'urgence est pourtant grande car les menaces se font chaque jour plus pressantes. Les Cimbres qui s'amassent \u00e0 l'Est, les Hiberniens qui pillent les c\u00f4tes et les Pictes qui s'unissent en arm\u00e9e sont autant de fl\u00e9aux capables d'an\u00e9antir Alba. Pouss\u00e9 par Merlin, Arthur c\u00e8dera-t-il finalement aux sir\u00e8nes du pouvoir ? La d\u00e9couverte par la pr\u00eatresse Nimue de l'\u00e9p\u00e9e perdue de l'ancien Roi-Dragon changera-t-elle les choses ? Le jour du Conseil des rois approche, leur vote sera d\u00e9cisif \u00e0 moins... que les dieux ne s'en m\u00ealent. Car les l\u00e9gendes racontent que la lame Calib\u00f9r a le pouvoir de choisir son porteur. Le futur Pendra\u00ecg d'Alba.\r\nEt si le roi Arthur avait r\u00e9gn\u00e9 au Ve si\u00e8cle apr\u00e8s J.-C. ? J\u00e9r\u00f4me Le Gris revisite librement le mythe chr\u00e9tien du Graal en l'inscrivant dans le contexte historique qui aurait vu \u00e9merger cette figure l\u00e9gendaire. Le dessin g\u00e9n\u00e9reux et flamboyant de Paolo Martinello nous propose un univers sauvage, empreint de mythologie celte, tout en s'appuyant sur le story-board hollywoodien de Beno\u00eet Dellac.","authors":["J\u00e9r\u00f4me Le gris","Beno\u00eet Dellac","Paolo Martinello"],"category_codes":["3000000","3020000","3020100","3020108"],"visuals":{"large":"https:\/\/images.epagine.fr\/157\/9782344040157_1_75.jpg","medium":"https:\/\/images.epagine.fr\/157\/9782344040157_1_m.jpg","thumbnail":"https:\/\/images.epagine.fr\/157\/9782344040157_1_v.jpg"},"orderable":true,"show_badge":true,"formatted_price":"15,50&nbsp;\u20ac","formatted_published_date":"4 septembre 2024","publisher_availability_label":"Sur commande","short_details":"J\u00e9r\u00f4me Le gris, Beno\u00eet Dellac, Paolo Martinello \u2014 Gl\u00e9nat","translator":null,"weight":642,"page_count":56,"readership":"\u00e0 partir de 16 ans","editor":"Gl\u00e9nat","price":1550,"published_date":"2024-09-03T22:00:00.000000Z","support":"Grand format","publisher_availability":1,"stock":0,"editions":["9782344065082"],"url":"https:\/\/quaidesbrumes.com\/ouvrage\/9782344040157\/pendragon-tome-2-le-conseil-des-rois"},{"id":"9782800157818","title":"Le vol du corbeau ; int\u00e9grale","description":"L'\u00e9dition d\u00e9finitive et augment\u00e9e de l'un des ouvrages les plus marquants de la collection \u00ab Aire Libre \u00bb. Grand classique de la collection \u00ab Aire Libre \u00bb, Le vol du corbeau d\u00e9crit avec brio et sensibilit\u00e9 le th\u00e9\u00e2tre de la vie sous l'Occupation. Une oeuvre majeure, graphiquement \u00e9poustouflante et enfin r\u00e9unie en int\u00e9grale dans une \u00e9dition d\u00e9finitive. Sous une nouvelle couverture, Le vol du corbeau est \u00e9galement agr\u00e9ment\u00e9 d'un cahier graphique richement illustr\u00e9 r\u00e9unissant plus d'une vingtaine de dessins in\u00e9dits, qui donnent la mesure de la virtuosit\u00e9 de Jean-Pierre Gibrat.","authors":["Jean-Pierre Gibrat"],"category_codes":["3000000","3020000","3020100","3020108"],"visuals":{"large":"https:\/\/images.epagine.fr\/818\/9782800157818_1_75.jpg","medium":"https:\/\/images.epagine.fr\/818\/9782800157818_1_m.jpg","thumbnail":"https:\/\/images.epagine.fr\/818\/9782800157818_1_v.jpg"},"orderable":true,"show_badge":true,"formatted_price":"29,95&nbsp;\u20ac","formatted_published_date":"30 octobre 2015","publisher_availability_label":"Sur commande","short_details":"Jean-Pierre Gibrat \u2014 Dupuis","translator":null,"weight":1003,"page_count":136,"readership":null,"editor":"Dupuis","price":2995,"published_date":"2015-10-29T23:00:00.000000Z","support":"Grand format","publisher_availability":1,"stock":0,"editions":[],"url":"https:\/\/quaidesbrumes.com\/ouvrage\/9782800157818\/le-vol-du-corbeau-integrale"},{"id":"9782871292050","title":"D\u00e9tective Conan Tome 11","description":"Salut, c'est gosho aoyama.\r\nOn me demande souvent pourquoi, alors que tous mes personnages portent des noms d'auteurs tel que conan doyle, agatha christie ou maurice leblanc, le nom d'ellery queen n'appara\u00eet pas ? h\u00e9 h\u00e9 h\u00e9...\r\nEn r\u00e9alit\u00e9, je le gardais pour un nouveau personnage, un personnage-cl\u00e9.\r\n Vous avez s\u00fbrement devin\u00e9. il s'agit de... non, non. le mieux est encore que vous le d\u00e9couvriez vous-m\u00eame en lisant ce volume.","authors":["G\u00f4sh\u00f4 Aoyama"],"category_codes":["3000000","3040000","3040500","3040506"],"visuals":{"large":"https:\/\/images.epagine.fr\/050\/9782871292050_1_75.jpg","medium":"https:\/\/images.epagine.fr\/050\/9782871292050_1_m.jpg","thumbnail":"https:\/\/images.epagine.fr\/050\/9782871292050_1_v.jpg"},"orderable":true,"show_badge":true,"formatted_price":"7,30&nbsp;\u20ac","formatted_published_date":"7 d\u00e9cembre 2001","publisher_availability_label":"Sur commande","short_details":"G\u00f4sh\u00f4 Aoyama \u2014 Kana","translator":null,"weight":150,"page_count":190,"readership":"\u00e0 partir de 12 ANS","editor":"Kana","price":730,"published_date":"2001-12-06T23:00:00.000000Z","support":"Poche","publisher_availability":1,"stock":0,"editions":[],"url":"https:\/\/quaidesbrumes.com\/ouvrage\/9782871292050\/detective-conan-tome-11"},{"id":"9782871292081","title":"D\u00e9tective Conan Tome 14","description":"Ran commence \u00e0 avoir de s\u00e9rieux doutes sur l'identit\u00e9 de Conan. Les parents de Shinichi participent pour la deuxi\u00e8me fois \u00e0 une enqu\u00eate du fiston.","authors":["G\u00f4sh\u00f4 Aoyama"],"category_codes":["3000000","3040000","3040500","3040506"],"visuals":{"large":"https:\/\/images.epagine.fr\/081\/9782871292081_1_75.jpg","medium":"https:\/\/images.epagine.fr\/081\/9782871292081_1_m.jpg","thumbnail":"https:\/\/images.epagine.fr\/081\/9782871292081_1_v.jpg"},"orderable":true,"show_badge":true,"formatted_price":"7,30&nbsp;\u20ac","formatted_published_date":"7 d\u00e9cembre 2001","publisher_availability_label":"Sur commande","short_details":"G\u00f4sh\u00f4 Aoyama \u2014 Kana","translator":null,"weight":145,"page_count":190,"readership":"\u00e0 partir de 12 ANS","editor":"Kana","price":730,"published_date":"2001-12-06T23:00:00.000000Z","support":"Poche","publisher_availability":1,"stock":0,"editions":[],"url":"https:\/\/quaidesbrumes.com\/ouvrage\/9782871292081\/detective-conan-tome-14"},{"id":"9782803672325","title":"Hubert Reeves nous explique Tome 2 : la for\u00eat","description":"La for\u00eat est la maison de nos plus lointains anc\u00eatres, elle est le lieu de notre pass\u00e9 et nous relie \u00e0 lui. Nous y retournons pour nous p\u00e9n\u00e9trer de notre origine et pour en retrouver la formidable vitalit\u00e9. Gr\u00e2ce aux r\u00e9centes observations scientifiques, nous savons d\u00e9sormais que le monde v\u00e9g\u00e9tal et le monde animal se ressemblent plus qu'on ne le pensait. Car les arbres sont eux aussi et \u00e0 leur fa\u00e7on des \u00eatres sensibles. Il importe d'assurer le d\u00e9veloppement durable des for\u00eats et la protection de toutes les esp\u00e8ces, v\u00e9g\u00e9tales et animales, qui constituent ces \u00e9cosyst\u00e8mes.","authors":["Hubert Reeves","Daniel Casanave"],"category_codes":["3000000","3020000","3020200","3020203"],"visuals":{"large":"https:\/\/images.epagine.fr\/325\/9782803672325_1_75.jpg","medium":"https:\/\/images.epagine.fr\/325\/9782803672325_1_m.jpg","thumbnail":"https:\/\/images.epagine.fr\/325\/9782803672325_1_v.jpg"},"orderable":true,"show_badge":true,"formatted_price":"13,45&nbsp;\u20ac","formatted_published_date":"12 octobre 2018","publisher_availability_label":"Sur commande","short_details":"Hubert Reeves, Daniel Casanave \u2014 \u00c9ditions du Lombard","translator":null,"weight":536,"page_count":62,"readership":"\u00e0 partir de 3 ANS","editor":"\u00c9ditions du Lombard","price":1345,"published_date":"2018-10-11T22:00:00.000000Z","support":"Grand format","publisher_availability":1,"stock":0,"editions":[],"url":"https:\/\/quaidesbrumes.com\/ouvrage\/9782803672325\/hubert-reeves-nous-explique-tome-2-la-foret"},{"id":"9791092111774","title":"Supers - cycle 1 Tome 4 : solitudes","description":"Alors que dans la plupart des familles, on se r\u00e9unit pour les f\u00eates de fin d'ann\u00e9e, la fratrie de super-h\u00e9ros est d\u00e9sormais s\u00e9par\u00e9e... Mat s'en veut terriblement : son petit fr\u00e8re, Benji, est aux mains de la police et des scientifiques, des experts pr\u00eats \u00e0 tout pour analyser le jeune enfant, qu'ils consid\u00e8rent comme un passionnant sp\u00e9cimen d'origine extraterrestre. Compl\u00e8tement abattu, Mat laisse sa soeur, Lili, prendre les choses en main et tenter de trouver refuge aupr\u00e8s de l'inspecteur Lesec.\r\n\r\n","authors":["Fr\u00e9d\u00e9ric Maupom\u00e9","Dawid"],"category_codes":["3000000","3020000","3020200","3020204"],"visuals":{"large":"https:\/\/images.epagine.fr\/774\/9791092111774_1_75.jpg","medium":"https:\/\/images.epagine.fr\/774\/9791092111774_1_m.jpg","thumbnail":"https:\/\/images.epagine.fr\/774\/9791092111774_1_v.jpg"},"orderable":true,"show_badge":false,"formatted_price":"18,00&nbsp;\u20ac","formatted_published_date":"31 ao\u00fbt 2018","publisher_availability_label":"Sur commande","short_details":"Fr\u00e9d\u00e9ric Maupom\u00e9, Dawid \u2014 Les \u00c9ditions de la Goutti\u00e8re","translator":null,"weight":510,"page_count":118,"readership":"\u00e0 partir de 8 ANS","editor":"Les \u00c9ditions de la Goutti\u00e8re","price":1800,"published_date":"2018-08-30T22:00:00.000000Z","support":"Grand format","publisher_availability":1,"stock":1,"editions":[],"url":"https:\/\/quaidesbrumes.com\/ouvrage\/9791092111774\/supers-cycle-1-tome-4-solitudes"},{"id":"9791042021375","title":"Demon slave Tome 19","description":"Quand le sc\u00e9nariste de Red Eyes Sword donne le pouvoir aux femmes et encha\u00eene son h\u00e9ros !\r\nApr\u00e8s la tumultueuse \u00e9lection pour la commandante en chef, les escadrons antid\u00e9mons se pr\u00e9parent au grand duel contre les Yaraijin.\r\n \r\n Les Yaraijin apprennent que Y\u00fbki abrite trois de leurs soeurs dans son esprit et d\u00e9cident d'attaquer. Pendant ce temps, Haruno Ku\u00e9, une ancienne membre du 7e escadron, revient apr\u00e8s une longue p\u00e9riode de convalescence et permet \u00e0 Y\u00fbki d'obtenir une transformation.\r\n \r\n C'est alors que la plus puissante des Yaraijin, Taikyoku, entre en sc\u00e8ne !","authors":["Yohei Takemura","Takahiro","Pierre Giner"],"category_codes":["3000000","3040000","3040500","3040508"],"visuals":{"large":"https:\/\/images.epagine.fr\/375\/9791042021375_1_75.jpg","medium":"https:\/\/images.epagine.fr\/375\/9791042021375_1_m.jpg","thumbnail":"https:\/\/images.epagine.fr\/375\/9791042021375_1_v.jpg"},"orderable":true,"show_badge":true,"formatted_price":"7,30&nbsp;\u20ac","formatted_published_date":"9 avril 2026","publisher_availability_label":"Sur commande","short_details":"Yohei Takemura, Takahiro, Pierre Giner \u2014 Kurokawa","translator":"PIERRE GINER","weight":170,"page_count":208,"readership":"\u00e0 partir de 12 ANS","editor":"Kurokawa","price":730,"published_date":"2026-04-08T22:00:00.000000Z","support":"Poche","publisher_availability":1,"stock":0,"editions":[],"url":"https:\/\/quaidesbrumes.com\/ouvrage\/9791042021375\/demon-slave-tome-19"},{"id":"9782505116882","title":"Naruto - \u00e9dition Hokage Tome 22","description":null,"authors":["Masashi Kishimoto"],"category_codes":["3000000","3040000","3040500","3040508"],"visuals":{"large":"https:\/\/images.epagine.fr\/882\/9782505116882_1_75.jpg","medium":"https:\/\/images.epagine.fr\/882\/9782505116882_1_m.jpg","thumbnail":"https:\/\/images.epagine.fr\/882\/9782505116882_1_v.jpg"},"orderable":true,"show_badge":true,"formatted_price":"15,95&nbsp;\u20ac","formatted_published_date":"19 avril 2024","publisher_availability_label":"Sur commande","short_details":"Masashi Kishimoto \u2014 Kana","translator":null,"weight":486,"page_count":434,"readership":"\u00e0 partir de 10 ANS","editor":"Kana","price":1595,"published_date":"2024-04-18T22:00:00.000000Z","support":"Grand format","publisher_availability":1,"stock":0,"editions":[],"url":"https:\/\/quaidesbrumes.com\/ouvrage\/9782505116882\/naruto-edition-hokage-tome-22"},{"id":"9791026819493","title":"Superman : American alien","description":"Il y a des ann\u00e9es, Clark Kent, envoy\u00e9 de la plan\u00e8te Krypton apr\u00e8s la destruction de cette derni\u00e8re, a \u00e9t\u00e9 recueilli et \u00e9lev\u00e9 par les Kent, un couple de fermiers du Kansas. D\u00e8s lors, sa jeunesse et son adolescence ont \u00e9t\u00e9 marqu\u00e9es par la d\u00e9couverte et l'apprentissage de ses pouvoirs et des responsabilit\u00e9s qui en d\u00e9coulent. Mais, \u00e0 son arriv\u00e9e \u00e0 Metropolis, ses rencontres avec le justicier masqu\u00e9 Batman et avec la journaliste Lois Lane, vont l'inciter \u00e0 utiliser ses dons \u00e0 une plus grande \u00e9chelle.","authors":["Collectif","Max Landis","Laurent Queyssi"],"category_codes":["3000000","3030000","3030200"],"visuals":{"large":"https:\/\/images.epagine.fr\/493\/9791026819493_1_75.jpg","medium":"https:\/\/images.epagine.fr\/493\/9791026819493_1_m.jpg","thumbnail":"https:\/\/images.epagine.fr\/493\/9791026819493_1_v.jpg"},"orderable":true,"show_badge":true,"formatted_price":"8,90&nbsp;\u20ac","formatted_published_date":"24 janvier 2025","publisher_availability_label":"Sur commande","short_details":"Collectif, Max Landis, Laurent Queyssi \u2014 Urban Comics","translator":"LAURENT QUEYSSI","weight":288,"page_count":192,"readership":null,"editor":"Urban Comics","price":890,"published_date":"2025-01-23T23:00:00.000000Z","support":"Grand format","publisher_availability":1,"stock":0,"editions":[],"url":"https:\/\/quaidesbrumes.com\/ouvrage\/9791026819493\/superman-american-alien"},{"id":"9782800154176","title":"Petit Poilu Tome 11 : l'h\u00f4pital des docteurs Toc-Toc","description":"Comme chaque matin, Petit Poilu marche avec entrain sur le chemin. Tout \u00e0 coup, un myst\u00e9rieux nuage gris lui enveloppe la t\u00eate. Petit Poilu \u00e9ternue, tousse. Il faut qu'il se mouche ! Heureusement, le nuage s'en va et Petit Poilu reprend sa route. Apr\u00e8s quelques m\u00e8tres, un \u00e9trange ascenseur s'ouvre \u00e0 lui. Intrigu\u00e9, Petit Poilu p\u00e9n\u00e8tre \u00e0 l'int\u00e9rieur... L'ascenseur se referme brutalement et notre petit bonhomme, d\u00e9sempar\u00e9, appuie sur les boutons lumineux. Mais voil\u00e0 que l'ascenseur monte \u00e0 toute vitesse\u00a0! Lorsque la porte s'ouvre enfin, il tombe nez \u00e0 nez avec un dr\u00f4le de docteur \u00e0 2 t\u00eates. Ce sont les docteurs Toc- Toc\u00a0! Ceux-ci examinent Petit Poilu et lui d\u00e9couvrent un vilain virus nomm\u00e9 Malfichu. Petit Poilu doit se faire hospitaliser... Heureusement, il partage sa chambre d'h\u00f4pital avec le gentil petit Paul qui l'accueille \u00e0 bras ouverts. Les infirmi\u00e8res Aspirine et Sparadra lui r\u00e9servent de bien belles surprises avec leurs pitreries! Et m\u00eame l'impressionnante Piq\u00fbousette parvient \u00e0 le faire sourire\u00a0! Les docteurs Toc-Toc sont fiers de Petit Poilu. Il a \u00e9t\u00e9 courageux et Malfichu s'en est all\u00e9. Pour f\u00eater \u00e7a, une tourn\u00e9e g\u00e9n\u00e9rale de g\u00e2teaux \u00e0 la cr\u00e8me fra\u00eeche! \r\n\r\nUne histoire pleine d'humour et de p\u00e9rip\u00e9ties, id\u00e9ales pour les petits qui ne savent pas encore lire.","authors":["C\u00e9line Fraipont","Pierre Bailly"],"category_codes":["3000000","3020000","3020200","3020209"],"visuals":{"large":"https:\/\/images.epagine.fr\/176\/9782800154176_1_75.jpg","medium":"https:\/\/images.epagine.fr\/176\/9782800154176_1_m.jpg","thumbnail":"https:\/\/images.epagine.fr\/176\/9782800154176_1_v.jpg"},"orderable":true,"show_badge":true,"formatted_price":"10,95&nbsp;\u20ac","formatted_published_date":"31 mai 2012","publisher_availability_label":"Sur commande","short_details":"C\u00e9line Fraipont, Pierre Bailly \u2014 Dupuis","translator":null,"weight":325,"page_count":32,"readership":"\u00e0 partir de 3 ANS","editor":"Dupuis","price":1095,"published_date":"2012-05-30T22:00:00.000000Z","support":"Grand format","publisher_availability":1,"stock":0,"editions":[],"url":"https:\/\/quaidesbrumes.com\/ouvrage\/9782800154176\/petit-poilu-tome-11-lhopital-des-docteurs-toc-toc"},{"id":"9782505126409","title":"Sakura, Saku Tome 6","description":"Saku se souvient de sa rencontre avec Iry\u00fb par le pass\u00e9 et tous deux se rapprochent nettement. Au fond d'Iry\u00fb, un nouveau sentiment commence \u00e0 na\u00eetre...? De son c\u00f4t\u00e9, Saku promet \u00e0 Haruki de faire le tour de la f\u00eate du lyc\u00e9e avec lui et a le coeur rempli d'espoir...","authors":["Io Sakisaka"],"category_codes":["3000000","3040000","3040400","3040409"],"visuals":{"large":"https:\/\/images.epagine.fr\/409\/9782505126409_1_75.jpg","medium":"https:\/\/images.epagine.fr\/409\/9782505126409_1_m.jpg","thumbnail":"https:\/\/images.epagine.fr\/409\/9782505126409_1_v.jpg"},"orderable":true,"show_badge":true,"formatted_price":"7,30&nbsp;\u20ac","formatted_published_date":"7 juin 2024","publisher_availability_label":"Sur commande","short_details":"Io Sakisaka \u2014 Kana","translator":null,"weight":128,"page_count":184,"readership":null,"editor":"Kana","price":730,"published_date":"2024-06-06T22:00:00.000000Z","support":"Poche","publisher_availability":1,"stock":0,"editions":[],"url":"https:\/\/quaidesbrumes.com\/ouvrage\/9782505126409\/sakura-saku-tome-6"},{"id":"9782505126423","title":"Le secret de scarecrow Tome 1","description":"Les humains luttent avec acharnement contre les Crows, de sombres monstres semblables \u00e0 de gigantesques corbeaux.\r\n\r\nLa l\u00e9gende raconte que les Scarecrows ont jadis assist\u00e9s les humains dans leur lutte, avant de dispara\u00eetre un jour dans des circonstances myst\u00e9rieuses.\r\n\r\nEngell, la fille du roi, est convaincue de l'existence des Scarecrows et se lance \u00e0 leur recherche. Mais c'est quand elle finit par en retrouver un que la v\u00e9ritable aventure commence...","authors":["Gin Zarbo"],"category_codes":["3000000","3040000","3040500","3040508"],"visuals":{"large":"https:\/\/images.epagine.fr\/423\/9782505126423_1_75.jpg","medium":"https:\/\/images.epagine.fr\/423\/9782505126423_1_m.jpg","thumbnail":"https:\/\/images.epagine.fr\/423\/9782505126423_1_v.jpg"},"orderable":true,"show_badge":true,"formatted_price":"8,10&nbsp;\u20ac","formatted_published_date":"20 septembre 2024","publisher_availability_label":"Sur commande","short_details":"Gin Zarbo \u2014 Kana","translator":null,"weight":142,"page_count":174,"readership":"\u00e0 partir de 14 ans","editor":"Kana","price":810,"published_date":"2024-09-19T22:00:00.000000Z","support":"Poche","publisher_availability":1,"stock":0,"editions":[],"url":"https:\/\/quaidesbrumes.com\/ouvrage\/9782505126423\/le-secret-de-scarecrow-tome-1"},{"id":"9782505126546","title":"The Ichinose family's deadly sins Tome 5","description":"ses autres colocataires pour vivre comme une vraie famille. Mais tr\u00e8s vite, Tsubasa remarque l'\u00e9trange comportement de Kenta et quelque chose en lui l'alerte. Maintenant qu'il conna\u00eet la v\u00e9ritable nature du gar\u00e7on, pourra-t-il continuer \u00e0 faire comme si de rien n'\u00e9tait, sans en parler \u00e0 S\u00f4ta ?","authors":["Taizan5"],"category_codes":["3000000","3040000","3040500","3040502"],"visuals":{"large":"https:\/\/images.epagine.fr\/546\/9782505126546_1_75.jpg","medium":"https:\/\/images.epagine.fr\/546\/9782505126546_1_m.jpg","thumbnail":"https:\/\/images.epagine.fr\/546\/9782505126546_1_v.jpg"},"orderable":true,"show_badge":true,"formatted_price":"7,30&nbsp;\u20ac","formatted_published_date":"24 janvier 2025","publisher_availability_label":"Sur commande","short_details":"Taizan5 \u2014 Kana","translator":null,"weight":136,"page_count":192,"readership":"\u00e0 partir de 10 ANS","editor":"Kana","price":730,"published_date":"2025-01-23T23:00:00.000000Z","support":"Poche","publisher_availability":1,"stock":0,"editions":[],"url":"https:\/\/quaidesbrumes.com\/ouvrage\/9782505126546\/the-ichinose-familys-deadly-sins-tome-5"},{"id":"9782505130970","title":"Sakura, Saku Tome 8","description":"Haruki d\u00e9clare son amour \u00e0 Saku...! Pr\u00e9occup\u00e9e par Hazuki, Saku, qui devrait pourtant \u00eatre ravie, ne peut accueillir imm\u00e9diatement cette nouvelle. Hazuki est-elle celle qui sera capable d'effacer la blessure de Haruki ? Quant \u00e0 Iry\u00fb, il propose \u00e0 Saku de faire une sortie pour lui changer les id\u00e9es. Apr\u00e8s les cours, leur t\u00eate-\u00e0-t\u00eate prend une tournure inattendue...?! Les sentiments qui auraient d\u00fb \u00eatre transmis ne l'ont pas \u00e9t\u00e9... Que va-t-il se passer entre tous ces amours \u00e0 sens unique...?","authors":["Io Sakisaka"],"category_codes":["3000000","3040000","3040400","3040409"],"visuals":{"large":"https:\/\/images.epagine.fr\/970\/9782505130970_1_75.jpg","medium":"https:\/\/images.epagine.fr\/970\/9782505130970_1_m.jpg","thumbnail":"https:\/\/images.epagine.fr\/970\/9782505130970_1_v.jpg"},"orderable":true,"show_badge":true,"formatted_price":"7,30&nbsp;\u20ac","formatted_published_date":"7 f\u00e9vrier 2025","publisher_availability_label":"Sur commande","short_details":"Io Sakisaka \u2014 Kana","translator":null,"weight":134,"page_count":192,"readership":null,"editor":"Kana","price":730,"published_date":"2025-02-06T23:00:00.000000Z","support":"Poche","publisher_availability":1,"stock":0,"editions":[],"url":"https:\/\/quaidesbrumes.com\/ouvrage\/9782505130970\/sakura-saku-tome-8"},{"id":"9782808700085","title":"Cicatrices de guerre","description":"Trois jeunes gens Ukrainiens voient leur vie basculer le jour o\u00f9 Vladimir Poutine d\u00e9clare la guerre \u00e0 leur pays. Des fr\u00e8res d'armes affrontent ensemble la violence des assauts de l'ennemi. Une jeune serveuse viol\u00e9e par des soldats russes r\u00e9alise peu apr\u00e8s qu'elle attend un enfant. Un enfant plein de vie doit accepter de voir son p\u00e8re partir au combat sans comprendre pourquoi. Trois nouvelles qui abordent les ravages psychologiques que la guerre entra\u00eene sur les habitants, adoptant pour chacune le point de vue d'un personnage diff\u00e9rent.","authors":["Kazuya Kuramoto"],"category_codes":["3000000","3040000","3040600"],"visuals":{"large":"https:\/\/images.epagine.fr\/085\/9782808700085_1_75.jpg","medium":"https:\/\/images.epagine.fr\/085\/9782808700085_1_m.jpg","thumbnail":"https:\/\/images.epagine.fr\/085\/9782808700085_1_v.jpg"},"orderable":true,"show_badge":true,"formatted_price":"12,50&nbsp;\u20ac","formatted_published_date":"12 septembre 2025","publisher_availability_label":"Sur commande","short_details":"Kazuya Kuramoto \u2014 Vega","translator":null,"weight":230,"page_count":152,"readership":null,"editor":"Vega","price":1250,"published_date":"2025-09-11T22:00:00.000000Z","support":"Grand format","publisher_availability":1,"stock":0,"editions":[],"url":"https:\/\/quaidesbrumes.com\/ouvrage\/9782808700085\/cicatrices-de-guerre"},{"id":"9791026826583","title":"Batman - dark patterns Tome 2 : La tour aux mille voix","description":"Il existe \u00e0 Gotham City une \u00e9trange tour, d'o\u00f9 r\u00e9sonnent les voix des vivants et des morts. La police est en alerte et encercle l'immeuble, et la tension n'en finit de monter : un officier a d\u00e9j\u00e0 perdu la vie, et un autre est retenu en otage \u00e0 l'int\u00e9rieur. Une \u00e9meute semble in\u00e9vitable... \u00e0 moins que Batman ne parvienne \u00e0 s'infiltrer dans le b\u00e2timent pour sauver l'officier de police disparu. Mais le Chevalier Noir d\u00e9couvre vite que les habitants de la tour suivent les ordres d'une voix unique et \u00e9trangement famili\u00e8re qui parcourt les \u00e9tages... et cette voix ne s'arr\u00eatera pas avant d'avoir eu du sang.","authors":["Dan Watters","Hayden Sherman","Basile B\u00e9guerie"],"category_codes":["3000000","3030000","3030400"],"visuals":{"large":"https:\/\/images.epagine.fr\/583\/9791026826583_1_75.jpg","medium":"https:\/\/images.epagine.fr\/583\/9791026826583_1_m.jpg","thumbnail":"https:\/\/images.epagine.fr\/583\/9791026826583_1_v.jpg"},"orderable":true,"show_badge":true,"formatted_price":"16,00&nbsp;\u20ac","formatted_published_date":"12 septembre 2025","publisher_availability_label":"Sur commande","short_details":"Dan Watters, Hayden Sherman, Basile B\u00e9guerie \u2014 Urban Comics","translator":"BASILE BEGUERIE","weight":438,"page_count":80,"readership":"\u00e0 partir de 15 ans","editor":"Urban Comics","price":1600,"published_date":"2025-09-11T22:00:00.000000Z","support":"Grand format","publisher_availability":1,"stock":0,"editions":[],"url":"https:\/\/quaidesbrumes.com\/ouvrage\/9791026826583\/batman-dark-patterns-tome-2-la-tour-aux-mille-voix"},{"id":"9782207162835","title":"L'\u00e9pop\u00e9e espagnole ; int\u00e9grale","description":"Pr\u00e9face de Viviane Alary","authors":["Antonio Altarriba","Kim","Alexandra Carrasco"],"category_codes":["3000000","3020000","3020300"],"visuals":{"large":"https:\/\/images.epagine.fr\/835\/9782207162835_1_75.jpg","medium":"https:\/\/images.epagine.fr\/835\/9782207162835_1_m.jpg","thumbnail":"https:\/\/images.epagine.fr\/835\/9782207162835_1_v.jpg"},"orderable":true,"show_badge":true,"formatted_price":"39,90&nbsp;\u20ac","formatted_published_date":"24 mars 2021","publisher_availability_label":"Sur commande","short_details":"Antonio Altarriba, Kim, Alexandra Carrasco \u2014 \u00c9ditions Deno\u00ebl","translator":"ALEXANDRA CARRASCO","weight":1992,"page_count":502,"readership":null,"editor":"\u00c9ditions Deno\u00ebl","price":3990,"published_date":"2021-03-23T23:00:00.000000Z","support":"Grand format","publisher_availability":1,"stock":0,"editions":[],"url":"https:\/\/quaidesbrumes.com\/ouvrage\/9782207162835\/lepopee-espagnole-integrale"},{"id":"9791032713174","title":"My hero Academia - team-up mission Tome 4","description":"De nouvelles aventures in\u00e9dites des \u00e9l\u00e8ves de la Hero Academia !\r\n\r\nAu sein du programme d'entra\u00eenement \"Team Up Mission', ce n'est pas toujours facile pour les apprentis h\u00e9ros de travailler ensemble ! En effet, les \u00e9l\u00e8ves de Yuei doivent parfois apprendre \u00e0 mettre leur fiert\u00e9 de c\u00f4t\u00e9 pour atteindre leurs objectifs.\r\n\r\nEn revanche, si certaines associations ont tout d'improbable, d'autres semblent avoir \u00e9t\u00e9 d\u00e9cid\u00e9es par le destin lui-m\u00eame ! C'est dans ces conditions que Fumikage et Shihai sont amen\u00e9s \u00e0 unir leurs forces pour venir \u00e0 bout d'un myst\u00e9rieux adepte des abysses capable de r\u00e9v\u00e9ler les plus sombres secrets de nos h\u00e9ros...","authors":["Kohei Horikoshi","Yoko Akiyama"],"category_codes":["3000000","3040000","3040500","3040508"],"visuals":{"large":"https:\/\/images.epagine.fr\/174\/9791032713174_1_75.jpg","medium":"https:\/\/images.epagine.fr\/174\/9791032713174_1_m.jpg","thumbnail":"https:\/\/images.epagine.fr\/174\/9791032713174_1_v.jpg"},"orderable":true,"show_badge":true,"formatted_price":"6,95&nbsp;\u20ac","formatted_published_date":"4 mai 2023","publisher_availability_label":"Sur commande","short_details":"Kohei Horikoshi, Yoko Akiyama \u2014 Ki-oon","translator":null,"weight":178,"page_count":177,"readership":"\u00e0 partir de 8 ANS","editor":"Ki-oon","price":695,"published_date":"2023-05-03T22:00:00.000000Z","support":"Poche","publisher_availability":1,"stock":0,"editions":[],"url":"https:\/\/quaidesbrumes.com\/ouvrage\/9791032713174\/my-hero-academia-team-up-mission-tome-4"},{"id":"9782749305172","title":"Joe bar team Tome 7","description":"Les JBT reviennent pour un septi\u00e8me tome qui transpire la gomme br\u00fbl\u00e9e et les freinages rat\u00e9s.Joe Bar Team revient pour un septi\u00e8me tome qui transpire la gomme br\u00fbl\u00e9e et les freinages rat\u00e9s.\r\nIl faut bien l'admettre, J\u00e9r\u00e9mie Lapur\u00e9e, Pierrot Lafouine et Paul Position n'ont pas beaucoup m\u00fbri... Ils ont tout de m\u00eame troqu\u00e9 leurs anciennes montures pour des engins plus modernes, dignes du statut de pilotes exp\u00e9riment\u00e9s qu'ils ont acquis de haute lutte contre vents et radars. Ces nouvelles motos plus puissantes mais tout aussi capricieuses vont-elles am\u00e9liorer leur fameux style de pilotage ? Rien n'est moins s\u00fbr, d'autant qu'\u00e0 l'issue d'un stage sur circuit J\u00e9j\u00e9 a fait la connaissance d'un quatri\u00e8me larron tout aussi raisonnable que lui : Marius Sonpeneu, Marseillais pur-sang, venu s'initier aux joies de la glisse dans une ville du Nord o\u00f9, comme chacun le sait : \u00ab le mouill\u00e9, c'est dans la t\u00eate \u00bb.Pour ce septi\u00e8me opus, le Joe Bar Team nous revient fid\u00e8le \u00e0 sa devise : \u00ab Quand les r\u00e9tros passent, tout passe. \u00bb","authors":["Patrice Perna","'Fane","Bar2","Henri Jenf\u00e8vre"],"category_codes":["3000000","3020000","3020100","3020111"],"visuals":{"large":"https:\/\/images.epagine.fr\/172\/9782749305172_1_75.jpg","medium":"https:\/\/images.epagine.fr\/172\/9782749305172_1_m.jpg","thumbnail":"https:\/\/images.epagine.fr\/172\/9782749305172_1_v.jpg"},"orderable":true,"show_badge":true,"formatted_price":"11,50&nbsp;\u20ac","formatted_published_date":"8 septembre 2010","publisher_availability_label":"Sur commande","short_details":"Patrice Perna, 'Fane, Bar2, Henri Jenf\u00e8vre \u2014 Vents d'Ouest","translator":null,"weight":390,"page_count":48,"readership":null,"editor":"Vents d'Ouest","price":1150,"published_date":"2010-09-07T22:00:00.000000Z","support":"Grand format","publisher_availability":1,"stock":0,"editions":[],"url":"https:\/\/quaidesbrumes.com\/ouvrage\/9782749305172\/joe-bar-team-tome-7"},{"id":"9782811671099","title":"Komi cherche ses mots Tome 11","description":"Ce sont les vacances de printemps, et la famille Komi part en voyage !  Mais ils ne sont pas les seuls au centre de loisirs : la famille Tadano accompagn\u00e9 de Najimi est de la partie ! Entre escalade, camping  et barbecue, les deux groupes passent un excellent moment ensemble.  Mais la nuit venue, une brusque averse va isoler Tadano et Komi  dans une cabane d\u00e9serte. Avec une seule couverture pour deux,  comment se prot\u00e9ger du froid tout en communiquant  sa pr\u00e9venance envers l'autre ?","authors":["Tomohito Oda"],"category_codes":["3000000","3040000","3040500","3040509"],"visuals":{"large":"https:\/\/images.epagine.fr\/099\/9782811671099_1_75.jpg","medium":"https:\/\/images.epagine.fr\/099\/9782811671099_1_m.jpg","thumbnail":"https:\/\/images.epagine.fr\/099\/9782811671099_1_v.jpg"},"orderable":true,"show_badge":true,"formatted_price":"7,20&nbsp;\u20ac","formatted_published_date":"7 f\u00e9vrier 2024","publisher_availability_label":"Sur commande","short_details":"Tomohito Oda \u2014 Pika \u00c9dition","translator":null,"weight":170,"page_count":192,"readership":"\u00e0 partir de 12 ANS","editor":"Pika \u00c9dition","price":720,"published_date":"2024-02-06T23:00:00.000000Z","support":"Poche","publisher_availability":1,"stock":0,"editions":[],"url":"https:\/\/quaidesbrumes.com\/ouvrage\/9782811671099\/komi-cherche-ses-mots-tome-11"},{"id":"9782344038314","title":"Mickey et la terre des anciens","description":"D\u00e9rive des continents.Dans un monde o\u00f9 chacun vit sur de pr\u00e9caires lopins de terre flottants pouvant \u00e0 tout moment \u00eatre emport\u00e9s par de violentes temp\u00eates, Mickey, ma\u00eetre cordier, a pour mission de tenir en place ces fragiles \u00eeles volantes. Sans cesse sollicit\u00e9, son travail lui \u00e9vite de trop penser \u00e0 la perte r\u00e9cente de son ami Dingo. Jamais Mickey n'a \u00e9t\u00e9 aussi seul et d\u00e9muni. Il doit pourtant affronter le tyrannique seigneur Fant\u00f4me, voleur des terres des plus pauvres. Pour cela, il se r\u00e9concilie \u00e0 contrecoeur avec Minnie, un peu trop occup\u00e9e \u00e0 vainement rechercher un continent chim\u00e9rique et s'allie \u00e0 Pat Hibulaire, leader d'une guilde ind\u00e9pendante aux agissements douteux, qui lui cache toutefois une bien belle surprise.\r\nAventure m\u00e2tin\u00e9e de Moebius, Miyazaki et Tolkien, ce one-shot virtuose confirme le talent de Denis-Pierre Filippi et Silvio Camboni pour enrichir l'univers Disney. Apr\u00e8s Mickey et l'Oc\u00e9an perdu, le duo revient avec un traitement sombre et in\u00e9dit de son personnage principal, dans un r\u00e9cit fantastique rythm\u00e9 par des dialogues particuli\u00e8rement justes et un dessin incroyablement beau et d\u00e9taill\u00e9.","authors":["Denis-Pierre Filippi","Silvio Camboni"],"category_codes":["3000000","3020000","3020200","3020209"],"visuals":{"large":"https:\/\/images.epagine.fr\/314\/9782344038314_1_75.jpg","medium":"https:\/\/images.epagine.fr\/314\/9782344038314_1_m.jpg","thumbnail":"https:\/\/images.epagine.fr\/314\/9782344038314_1_v.jpg"},"orderable":true,"show_badge":true,"formatted_price":"15,00&nbsp;\u20ac","formatted_published_date":"16 septembre 2020","publisher_availability_label":"Sur commande","short_details":"Denis-Pierre Filippi, Silvio Camboni \u2014 Gl\u00e9nat","translator":null,"weight":774,"page_count":64,"readership":null,"editor":"Gl\u00e9nat","price":1500,"published_date":"2020-09-15T22:00:00.000000Z","support":"Grand format","publisher_availability":1,"stock":0,"editions":[],"url":"https:\/\/quaidesbrumes.com\/ouvrage\/9782344038314\/mickey-et-la-terre-des-anciens"},{"id":"9791032705889","title":"Beyond the clouds Tome 4","description":"Percez les nuages gris du quotidien et retrouvez vos r\u00eaves d'enfant !\r\nNora, le jeune voyant avec qui Mia et Th\u00e9o avaient sympathis\u00e9, a \u00e9t\u00e9 enlev\u00e9 par des bandits ! Ses amis comptent bien le secourir : avec l'aide de la petite lumibelette Tama, ils retrouvent le repaire des kidnappeurs.\r\n\r\nMalheureusement, l'op\u00e9ration tourne \u00e0 la catastrophe quand, prise de panique, Mia fait \u00e0 nouveau surgir un f\u00e9lin gigantesque... et parfaitement hors de contr\u00f4le ! Ce n'est qu'apr\u00e8s qu'elle a perdu connaissance que l'animal finit par dispara\u00eetre. Le pire a \u00e9t\u00e9 \u00e9vit\u00e9, mais la fillette se sent de plus en plus coupable vis-\u00e0-vis de Th\u00e9o...","authors":["Nicke","Fedoua Lamodi\u00e8re"],"category_codes":["3000000","3040000","3040500","3040505"],"visuals":{"large":"https:\/\/images.epagine.fr\/889\/9791032705889_1_75.jpg","medium":"https:\/\/images.epagine.fr\/889\/9791032705889_1_m.jpg","thumbnail":"https:\/\/images.epagine.fr\/889\/9791032705889_1_v.jpg"},"orderable":true,"show_badge":true,"formatted_price":"7,95&nbsp;\u20ac","formatted_published_date":"1er juillet 2021","publisher_availability_label":"Sur commande","short_details":"Nicke, Fedoua Lamodi\u00e8re \u2014 Ki-oon","translator":"FEDOUA LAMODIERE","weight":180,"page_count":null,"readership":"\u00e0 partir de 10 ANS","editor":"Ki-oon","price":795,"published_date":"2021-06-30T22:00:00.000000Z","support":"Poche","publisher_availability":1,"stock":0,"editions":[],"url":"https:\/\/quaidesbrumes.com\/ouvrage\/9791032705889\/beyond-the-clouds-tome-4"}]}