{"data":[{"id":"9782203284159","title":"Le tueur, affaires d'Etat Tome 6 : Rigor Mortis","description":"\u00ab La mort et la vie, c'est noir ou blanc. Presser sur la d\u00e9tente, c'est oui ou c'est non... \u00bb Le Tueur aimerait croire en cette sentence, mais lorsqu'il se retrouve avec une petite fille rescap\u00e9e d'une tuerie sur les bras, il se refuse \u00e0 l'abandonner. Barbara, son contact \u00e0 la police, d\u00e9c\u00e8le en lui une lueur d'humanit\u00e9, car prot\u00e9ger cette enfant, c'est s'exposer \u00e0 de mortels dangers. Le dernier opus de ce cycle, o\u00f9 le Tueur va devoir d\u00e9roger \u00e0 ses principes.","authors":["Matz","Luc Jacamon"],"category_codes":["3000000","3020000","3020100","3020107"],"visuals":{"large":"https:\/\/images.epagine.fr\/159\/9782203284159_1_75.jpg","medium":"https:\/\/images.epagine.fr\/159\/9782203284159_1_m.jpg","thumbnail":"https:\/\/images.epagine.fr\/159\/9782203284159_1_v.jpg"},"orderable":true,"show_badge":true,"formatted_price":"12,95&nbsp;\u20ac","formatted_published_date":"16 octobre 2024","publisher_availability_label":"Sur commande","short_details":"Matz, Luc Jacamon \u2014 Casterman","translator":null,"weight":518,"page_count":64,"readership":null,"editor":"Casterman","price":1295,"published_date":"2024-10-15T22:00:00.000000Z","support":"Grand format","publisher_availability":1,"stock":0,"editions":[],"url":"https:\/\/quaidesbrumes.com\/ouvrage\/9782203284159\/le-tueur-affaires-detat-tome-6-rigor-mortis"},{"id":"9791041112296","title":"Raja Tome 2","description":"Si vous tenez absolument \u00e0 ce que coule le sang de quelqu'un, prenez donc le mien ! Le sous-continent indien au IVe si\u00e8cle av. J.-C. L'\u00e8re des \"Seize royaumes\"...En ces temps recul\u00e9s, un seul et unique facteur d\u00e9cidait de mani\u00e8re inique de toute la vie des individus : la lign\u00e9e.D\u00e9termin\u00e9s \u00e0 en finir avec l'injustice de leur \u00e9poque, deux h\u00e9ros nomm\u00e9s Kautilya et Chandragupta d\u00e9cident de r\u00e9aliser l'unification du monde indien afin de lui imposer un ordre nouveau. Un ordre plus juste...Mais \u00e0 cette fin, il va leur falloir faire la guerre. Et le nerf de la guerre, c'est l'argent !Afin de s'assurer les ressources n\u00e9cessaires \u00e0 leur campagne militaire, ils se rendent aupr\u00e8s d'un riche marchand dont ils esp\u00e8rent faire leur m\u00e9c\u00e8ne : Zamran. Mais ils d\u00e9couvrent avec stupeur que celui-ci se livre au plus ignoble des commerces : le trafic d'esclaves...","authors":["K\u00f4ta Innami"],"category_codes":["3000000","3040000","3040600","3040607"],"visuals":{"large":"https:\/\/images.epagine.fr\/296\/9791041112296_1_75.jpg","medium":"https:\/\/images.epagine.fr\/296\/9791041112296_1_m.jpg","thumbnail":"https:\/\/images.epagine.fr\/296\/9791041112296_1_v.jpg"},"orderable":true,"show_badge":true,"formatted_price":"7,95&nbsp;\u20ac","formatted_published_date":"1er octobre 2025","publisher_availability_label":"Sur commande","short_details":"K\u00f4ta Innami \u2014 Bamboo","translator":null,"weight":254,"page_count":256,"readership":"\u00e0 partir de 14 ans","editor":"Bamboo","price":795,"published_date":"2025-09-30T22:00:00.000000Z","support":"Poche","publisher_availability":1,"stock":0,"editions":[],"url":"https:\/\/quaidesbrumes.com\/ouvrage\/9791041112296\/raja-tome-2"},{"id":"9782344057438","title":"Les gouttes de Dieu Tome 3","description":"\u00c0 consommer sans mod\u00e9rationLorsque le prestigieux oenologue Yutaka Kanzaki d\u00e9c\u00e8de, son testament est clair : son extraordinaire cave reviendra \u00e0 celui de ses deux fils qui r\u00e9soudra 12 \u00e9nigmes concernant 12 vins. Il d\u00e9couvrira alors un treizi\u00e8me et myst\u00e9rieux vin, inconnu de tous, surnomm\u00e9 \"Les Gouttes de Dieu\". Une chasse au tr\u00e9sor sous forme d'enqu\u00eate polici\u00e8re va confronter les deux fr\u00e8res aux caract\u00e8res et parcours oppos\u00e9s... Myst\u00e8res et investigations se succ\u00e8dent autour des crus les plus prestigieux, pour les deux fr\u00e8res ennemis qui se livrent \u00e0 une v\u00e9ritable course-poursuite. Au travers de cet affrontement, le sc\u00e9nario conduit le lecteur dans une d\u00e9couverte de l'univers du vin, son langage, ses particularit\u00e9s, ses traditions.S\u00e9rie embl\u00e9matique et accessible sur le vin, Les Gouttes de Dieu a permis \u00e0 nombre de lecteurs de s'initier \u00e0 la fois aux myst\u00e8res du manga et aux secrets de cette boisson alcoolis\u00e9e. Avec cette \u00e9dition sp\u00e9ciale \u00e0 5 , chaque lecteur et chaque lectrice peut d\u00e9sormais s'approprier cette qu\u00eate oenologique r\u00e9volutionnaire et embarquer avec Shizuku et Tomine dans un voyage aux multiples saveurs.","authors":["Tadashi Agi","Shu Okimoto"],"category_codes":["3000000","3040000","3040600","3040611"],"visuals":{"large":"https:\/\/images.epagine.fr\/438\/9782344057438_1_75.jpg","medium":"https:\/\/images.epagine.fr\/438\/9782344057438_1_m.jpg","thumbnail":"https:\/\/images.epagine.fr\/438\/9782344057438_1_v.jpg"},"orderable":true,"show_badge":true,"formatted_price":"5,00&nbsp;\u20ac","formatted_published_date":"15 mai 2024","publisher_availability_label":"Sur commande","short_details":"Tadashi Agi, Shu Okimoto \u2014 Gl\u00e9nat","translator":null,"weight":188,"page_count":240,"readership":"\u00e0 partir de 14 ans","editor":"Gl\u00e9nat","price":500,"published_date":"2024-05-14T22:00:00.000000Z","support":"Poche","publisher_availability":1,"stock":0,"editions":[],"url":"https:\/\/quaidesbrumes.com\/ouvrage\/9782344057438\/les-gouttes-de-dieu-tome-3"},{"id":"9782749308685","title":"Le grand Mort Tome 8 : renaissance","description":"Un monde pour en sauver un autre ?Pour \u00e9chapper \u00e0 leurs agresseurs, Pauline et Ga\u00eblle n'ont eu d'autre choix que de se r\u00e9fugier dans le Petit Monde \u00e0 l'aide des larmes d'abeille. Dans cet endroit o\u00f9 le temps s'\u00e9coule plus lentement, elles font la rencontre de Sombre, le fils qu'Erwan a eu avec la pr\u00eatresse hermaphrodite. Alors que Ga\u00eblle se prend d'affection pour le petit, elle le ram\u00e8ne accidentellement avec elle dans le vrai monde. Ici, plusieurs semaines ont pass\u00e9 et les tensions entre Erwan et Blanche sont plus que palpables alors que la catastrophe s'est r\u00e9pandue, que les \u00e9pid\u00e9mies se succ\u00e8dent et que l'humanit\u00e9, r\u00e9duite \u00e0 ses plus bas instincts, semble ne plus en avoir pour longtemps. Se retrouvant sur le m\u00eame plan d'existence, Blanche et Sombre vont enfin pouvoir se retrouver... Mais quelles seront les cons\u00e9quences ?Avec ce huiti\u00e8me volume, d\u00e9couvrez la conclusion \u00e9pique et tant attendue du Grand Mort, s\u00e9rie unique en son genre qui m\u00eale avec une virtuosit\u00e9 rare le fantastique au r\u00e9cit post-apocalyptique. Un r\u00e9cit aussi myst\u00e9rieux qu'ambitieux, miroir des probl\u00e9matiques \u00e9cologiques et sociales de notre temps, et rendu somptueux par la plume de Vincent Malli\u00e9 et la palette de Fran\u00e7ois Lapierre.","authors":["Jean-Blaise Djian","R\u00e9gis Loisel","Vincent Malli\u00e9","Fran\u00e7ois Lapierre"],"category_codes":["3000000","3020000","3020100","3020106"],"visuals":{"large":"https:\/\/images.epagine.fr\/685\/9782749308685_1_75.jpg","medium":"https:\/\/images.epagine.fr\/685\/9782749308685_1_m.jpg","thumbnail":"https:\/\/images.epagine.fr\/685\/9782749308685_1_v.jpg"},"orderable":true,"show_badge":true,"formatted_price":"18,00&nbsp;\u20ac","formatted_published_date":"16 janvier 2019","publisher_availability_label":"Sur commande","short_details":"Jean-Blaise Djian, R\u00e9gis Loisel, Vincent Malli\u00e9, Fran\u00e7ois Lapierre \u2014 Vents d'Ouest","translator":null,"weight":794,"page_count":88,"readership":"\u00e0 partir de 12 ANS","editor":"Vents d'Ouest","price":1800,"published_date":"2019-01-15T23:00:00.000000Z","support":"Grand format","publisher_availability":1,"stock":0,"editions":[],"url":"https:\/\/quaidesbrumes.com\/ouvrage\/9782749308685\/le-grand-mort-tome-8-renaissance"},{"id":"9782931300268","title":"Les Foot Furieux Tome 29 : Les Foot furieux T29","description":"Erreur de vestiaire !\u00a0 \r\n\u00a0 \r\nChez les Fontaine, tout tourne autour du foot en g\u00e9n\u00e9ral et de leur club de coeur en particulier\u00a0 : Ville-Basse. Au grand d\u00e9sarroi de Lily, la fille de la famille, qui du haut de ses seize ans a d'autres centres d'int\u00e9r\u00eat, moins sportifs et plus girly. Mais le regard que la jeune ado porte sur le ballon rond pourrait bien changer avec l'arriv\u00e9e chez elle de Baptiste, un jeune stagiaire particuli\u00e8rement \u00e0 son go\u00fbt que son papa a accept\u00e9 d'accueillir pour l'ann\u00e9e. Vu les pi\u00e8tres qualit\u00e9s footballistiques de son fils Jules, ce pourrait bien \u00eatre pour le p\u00e8re de famille la seule chance d'h\u00e9berger sous son toit un futur joueur de l'\u00e9quipe premi\u00e8re. Tout le monde vivrait donc heureux chez les Fontaine, si au dernier moment, suite \u00e0 un imbroglio contractuel, ils ne se rendaient compte que le jeune stagiaire avait en fait sign\u00e9 dans le club voisin et ennemi : Ville-Haute !\r\n\u00a0 \r\nLes Foot Furieux 2.0\u00a0 !\u00a0 \r\n\u00a0 \r\nDepuis plus de vingt ans, chaque nouveaut\u00e9 des Foot Furieux est attendue par une foule de plus en plus nombreuse de supporters acharn\u00e9s. Partant du principe que leur attachement \u00e0 la s\u00e9rie se nourrit de surprises, les auteurs et leur \u00e9diteur ont d\u00e9cid\u00e9 cette fois de changer radicalement la formule qui a fait leur succ\u00e8s. Hors-jeu les gags en une page et les personnages \u00e0 chaque fois renouvel\u00e9s, Les Foot Furieux se d\u00e9clineront d\u00e9sormais en histoires longues, anim\u00e9es par des personnages r\u00e9currents. Bienvenue donc \u00e0 Baptiste, jeune prodige du ballon rond \u00e9voluant \u00e0 Ville-Haute, \u00e0 la famille Fontaine, aficionados officiels du club rival de Ville-Basse, et \u00e0 une galerie de personnages tous plus hauts en couleur les uns que les autres, gravitant autour de ces deux clubs ennemis. Let Derby Rock! Les prochains derbys risquent d'\u00eatre anim\u00e9s\u00a0 !","authors":["Daniel Bultreys","Gurcan G\u00fcrsel"],"category_codes":["3000000","3020000","3020200","3020211"],"visuals":{"large":"https:\/\/images.epagine.fr\/268\/9782931300268_1_75.jpg","medium":"https:\/\/images.epagine.fr\/268\/9782931300268_1_m.jpg","thumbnail":"https:\/\/images.epagine.fr\/268\/9782931300268_1_v.jpg"},"orderable":true,"show_badge":true,"formatted_price":"11,95&nbsp;\u20ac","formatted_published_date":"5 novembre 2025","publisher_availability_label":"Sur commande","short_details":"Daniel Bultreys, Gurcan G\u00fcrsel \u2014 Kennes Les 3 As","translator":null,"weight":440,"page_count":48,"readership":"\u00e0 partir de 9 ANS","editor":"Kennes Les 3 As","price":1195,"published_date":"2025-11-04T23:00:00.000000Z","support":"Grand format","publisher_availability":1,"stock":0,"editions":[],"url":"https:\/\/quaidesbrumes.com\/ouvrage\/9782931300268\/les-foot-furieux-tome-29-les-foot-furieux-t29"},{"id":"9782344021910","title":"Bleach Tome 74 : the death and the strawberry","description":"Un homme se bat pour des liens qu'il veut sauvegarder... Ayant grav\u00e9 tous les sentiments qui le lient \u00e0 ses amis dans son sabre, Ichigo se lance dans son ultime duel contre Yhwach ! Le conflit qui dure depuis mille ans entre shinigamis et Quincy va trouver son issue... L'\u00e9motion est \u00e0 son comble dans cet ultime tome de Bleach.","authors":["Tite Kubo"],"category_codes":["3000000","3040000","3040500","3040508"],"visuals":{"large":"https:\/\/images.epagine.fr\/910\/9782344021910_1_75.jpg","medium":"https:\/\/images.epagine.fr\/910\/9782344021910_1_m.jpg","thumbnail":"https:\/\/images.epagine.fr\/910\/9782344021910_1_v.jpg"},"orderable":true,"show_badge":true,"formatted_price":"7,20&nbsp;\u20ac","formatted_published_date":"6 septembre 2017","publisher_availability_label":"Sur commande","short_details":"Tite Kubo \u2014 Gl\u00e9nat","translator":null,"weight":240,"page_count":240,"readership":"\u00e0 partir de 12 ANS","editor":"Gl\u00e9nat","price":720,"published_date":"2017-09-05T22:00:00.000000Z","support":"Poche","publisher_availability":1,"stock":0,"editions":[],"url":"https:\/\/quaidesbrumes.com\/ouvrage\/9782344021910\/bleach-tome-74-the-death-and-the-strawberry"},{"id":"9782494182264","title":"De mains en mains","description":null,"authors":["Georgelin Lea"],"category_codes":["3000000","3020000","3020100"],"visuals":{"large":"https:\/\/images.epagine.fr\/264\/9782494182264_1_75.jpg","medium":"https:\/\/images.epagine.fr\/264\/9782494182264_1_m.jpg","thumbnail":"https:\/\/images.epagine.fr\/264\/9782494182264_1_v.jpg"},"orderable":true,"show_badge":true,"formatted_price":"29,90&nbsp;\u20ac","formatted_published_date":"7 novembre 2025","publisher_availability_label":"Sur commande","short_details":"Georgelin Lea \u2014 PANTHERA","translator":null,"weight":922,"page_count":144,"readership":null,"editor":"PANTHERA","price":2990,"published_date":"2025-11-06T23:00:00.000000Z","support":"Grand format","publisher_availability":1,"stock":0,"editions":[],"url":"https:\/\/quaidesbrumes.com\/ouvrage\/9782494182264\/de-mains-en-mains"},{"id":"9782356394309","title":"L'album d'une vie russe","description":"\"Il y a tr\u00e8s longtemps, \u00e0 une \u00e9poque o\u00f9 Internet et les r\u00e9seaux sociaux n'existaient pas, les amis \u00e9taient pr\u00eats \u00e0 traverser toute la ville pour \u00e9couter un r\u00e9cit de descente en kayak, accompagn\u00e9, bien s\u00fbr, d'une dizaine de photos en noir et blanc. Et si la conversation s'enlisait pendant le th\u00e9, on sortait l'album de famille de sa cachette et on se mettait \u00e0 feuilleter les pages. Chez certains, l'album avait une rigueur toute germanique : net, logique, tout par dates ; mais le plus souvent, c'\u00e9tait un vrai fourre-tout. Voil\u00e0 l'album que je vous propose de feuilleter. Seulement, au lieu de photos, ce sont des croquis r\u00e9alis\u00e9s ces derni\u00e8res ann\u00e9es. La chronologie ? Euh... Au mieux, une co\u00efncidence. Une autobiographie ? Pas franchement. Quoique... Les commentaires, eux, sont bien l\u00e0. Parfois courts, sous forme d'anecdotes, m\u00eame de v\u00e9ritables histoires... Dans tous les cas, bienvenue en Russie !\"","authors":["Vladimir Diatlenko","Simon Rocher"],"category_codes":["3000000","3020000"],"visuals":{"large":"https:\/\/images.epagine.fr\/309\/9782356394309_1_75.jpg","medium":"https:\/\/images.epagine.fr\/309\/9782356394309_1_m.jpg","thumbnail":"https:\/\/images.epagine.fr\/309\/9782356394309_1_v.jpg"},"orderable":true,"show_badge":true,"formatted_price":"29,90&nbsp;\u20ac","formatted_published_date":"7 novembre 2025","publisher_availability_label":"Sur commande","short_details":"Vladimir Diatlenko, Simon Rocher \u2014 \u00c9ditions Elytis","translator":"SIMON ROCHER","weight":682,"page_count":128,"readership":null,"editor":"\u00c9ditions Elytis","price":2990,"published_date":"2025-11-06T23:00:00.000000Z","support":"Grand format","publisher_availability":1,"stock":0,"editions":[],"url":"https:\/\/quaidesbrumes.com\/ouvrage\/9782356394309\/lalbum-dune-vie-russe"},{"id":"9782221272725","title":"Les sorci\u00e8res de l'\u00eele","description":"Un conte initiatique et fantastique comme une ode \u00e0 la sororit\u00e9.\r\nSayuri vit avec sa grand-m\u00e8re sur une \u00eele, au coeur des bois. Sorci\u00e8res gu\u00e9risseuses de g\u00e9n\u00e9ration en g\u00e9n\u00e9ration, elles veillent sur les villageois mais ont interdiction formelle de les fr\u00e9quenter en dehors des soins qu'elles leur prodiguent. La vie est douce, rythm\u00e9e par les visites saisonni\u00e8res du Grand Champelier, sorcier charismatique auquel les sorci\u00e8res doivent toute leur magie.\r\nAlors que la c\u00e9r\u00e9monie de ses dix-huit ans approche, Sayuri, qui a soif d'aventure, d\u00e9couvre un secret qui pourrait bien faire basculer l'ordre \u00e9tabli...","authors":["Caly","Floriane Soulas"],"category_codes":["3000000","3020000","3020100"],"visuals":{"large":"https:\/\/images.epagine.fr\/725\/9782221272725_1_75.jpg","medium":"https:\/\/images.epagine.fr\/725\/9782221272725_1_m.jpg","thumbnail":"https:\/\/images.epagine.fr\/725\/9782221272725_1_v.jpg"},"orderable":true,"show_badge":true,"formatted_price":"21,90&nbsp;\u20ac","formatted_published_date":"24 octobre 2024","publisher_availability_label":"Sur commande","short_details":"Caly, Floriane Soulas \u2014 Robert Laffont","translator":null,"weight":472,"page_count":136,"readership":null,"editor":"Robert Laffont","price":2190,"published_date":"2024-10-23T22:00:00.000000Z","support":"Grand format","publisher_availability":1,"stock":0,"editions":[],"url":"https:\/\/quaidesbrumes.com\/ouvrage\/9782221272725\/les-sorcieres-de-lile"},{"id":"9782357613911","title":"Le chien et son meilleur ami","description":"Un flipbook double sign\u00e9 Rosario Lucas Recto : le chien et son milleur ami effectuent un pas de deux typique des meilleurs ballets. Verso : le chien et son meilleur ami se d\u00e9hanchent comme des oufs sur un disco endiabl\u00e9.","authors":["Rosario Lucas"],"category_codes":["3000000","3020000"],"visuals":{"large":"https:\/\/images.epagine.fr\/911\/9782357613911_1_75.jpg","medium":"https:\/\/images.epagine.fr\/911\/9782357613911_1_m.jpg","thumbnail":"https:\/\/images.epagine.fr\/911\/9782357613911_1_v.jpg"},"orderable":true,"show_badge":true,"formatted_price":"5,90&nbsp;\u20ac","formatted_published_date":"21 novembre 2025","publisher_availability_label":"Sur commande","short_details":"Rosario Lucas \u2014 \u00c9ditions Flblb","translator":null,"weight":106,"page_count":144,"readership":null,"editor":"\u00c9ditions Flblb","price":590,"published_date":"2025-11-20T23:00:00.000000Z","support":"Grand format","publisher_availability":1,"stock":0,"editions":[],"url":"https:\/\/quaidesbrumes.com\/ouvrage\/9782357613911\/le-chien-et-son-meilleur-ami"},{"id":"9791032717196","title":"L'eden des sorci\u00e8res Tome 7","description":"Dans un monde abandonn\u00e9 par la nature, les sorci\u00e8res sont le seul espoir de l'humanit\u00e9 !","authors":["Yumeji"],"category_codes":["3000000","3040000","3040500","3040505"],"visuals":{"large":"https:\/\/images.epagine.fr\/196\/9791032717196_1_75.jpg","medium":"https:\/\/images.epagine.fr\/196\/9791032717196_1_m.jpg","thumbnail":"https:\/\/images.epagine.fr\/196\/9791032717196_1_v.jpg"},"orderable":true,"show_badge":true,"formatted_price":"7,95&nbsp;\u20ac","formatted_published_date":"29 ao\u00fbt 2024","publisher_availability_label":"Sur commande","short_details":"Yumeji \u2014 Ki-oon","translator":null,"weight":214,"page_count":188,"readership":"\u00e0 partir de 12 ANS","editor":"Ki-oon","price":795,"published_date":"2024-08-28T22:00:00.000000Z","support":"Poche","publisher_availability":1,"stock":0,"editions":[],"url":"https:\/\/quaidesbrumes.com\/ouvrage\/9791032717196\/leden-des-sorcieres-tome-7"},{"id":"9782756056982","title":"Jojo's bizarre adventure - saison 7 ; steel ball run Tome 19","description":"Steel Ball Run est une course de chevaux qui a lieu aux USA au d\u00e9part de San Diego pour finir \u00e0 New York, \u00e0 la fin du XIXe si\u00e8cle. Avec plus de 6 000 km \u00e0 parcourir, la r\u00e9compense s'av\u00e8re \u00e0 la hauteur : 50 millions de dollars. Les participants viennent de tous les horizons et tous ont leur propre motivation, comme ce jockey en qu\u00eate de gloire ou encore ce jeune Indien qui veut r\u00e9cup\u00e9rer sa terre.","authors":["Hirohiko Araki","Satoko Fujimoto"],"category_codes":["3000000","3040000","3040500","3040508"],"visuals":{"large":"https:\/\/images.epagine.fr\/982\/9782756056982_1_75.jpg","medium":"https:\/\/images.epagine.fr\/982\/9782756056982_1_m.jpg","thumbnail":"https:\/\/images.epagine.fr\/982\/9782756056982_1_v.jpg"},"orderable":true,"show_badge":true,"formatted_price":"7,29&nbsp;\u20ac","formatted_published_date":"6 janvier 2016","publisher_availability_label":"Sur commande","short_details":"Hirohiko Araki, Satoko Fujimoto \u2014 Delcourt","translator":"SATOKO FUJIMOTO","weight":138,"page_count":192,"readership":"\u00e0 partir de 12 ANS","editor":"Delcourt","price":729,"published_date":"2016-01-05T23:00:00.000000Z","support":"Poche","publisher_availability":1,"stock":0,"editions":[],"url":"https:\/\/quaidesbrumes.com\/ouvrage\/9782756056982\/jojos-bizarre-adventure-saison-7-steel-ball-run-tome-19"},{"id":"9782889231584","title":"Douzi\u00e8me congr\u00e8s des bonnes vibrations","description":"Nous sommes au d\u00e9but des ann\u00e9es 70. Flor\u00e9ale, une vieille dame \u00e0 l'article de la mort, c\u00e8de \u00e0 ses h\u00e9ritiers (son neveu Timoth\u00e9e et son petit-neveu Abdel) une phrase sibylline et une bille noire myst\u00e9rieuse. Cet objet \u00e9nigmatique les conduit indirectement jusqu'\u00e0 l'\u00eele de Moirey o\u00f9 se d\u00e9roule le Douzi\u00e8me Congr\u00e8s des Bonnes Vibrations : un festival synesth\u00e9sique, multim\u00e9dia, total. Le r\u00e9cit devient alors choral, passant ainsi d'un personnage \u00e0 l'autre au gr\u00e9 des pr\u00e9parations du festival, de la venue des invit\u00e9s et des touristes, de l'\u00e9puisement des festivit\u00e9s, du montage des stands, des probl\u00e8mes d'ins\u00e9curit\u00e9 sentimentale et de parasitage, chacun, chacune, tentant d'\u00e9lever ses \u00e9pisodes ou ses anecdotes au rang d'aventures.\r\nEn parall\u00e8le, une polici\u00e8re et une infirmi\u00e8re cherchent \u00e0 introduire de l'ordre pour que les myst\u00e8res autour de la vieille Flor\u00e9ale s'\u00e9claircissent enfin.\r\nCe Douzi\u00e8me congr\u00e8s des bonnes vibrations marque la rencontre artistique de Thomas Gosselin (au sc\u00e9nario) et Renaud Thomas (au dessin).\r\nCe qui en sort, c'est un livre passablement mouvement\u00e9, empli d'\u00e9nigmes, de recettes, de freaks, d'objets capricieux, mais aussi d'impr\u00e9vus, de temp\u00eates et de tourbillons - bref, un livre au climat assur\u00e9ment tropical.","authors":["Thomas Gosselin","Renaud Thomas"],"category_codes":["3000000","3020000","3020300"],"visuals":{"large":"https:\/\/images.epagine.fr\/584\/9782889231584_1_75.jpg","medium":"https:\/\/images.epagine.fr\/584\/9782889231584_1_m.jpg","thumbnail":"https:\/\/images.epagine.fr\/584\/9782889231584_1_v.jpg"},"orderable":true,"show_badge":true,"formatted_price":"22,00&nbsp;\u20ac","formatted_published_date":"7 novembre 2025","publisher_availability_label":"Sur commande","short_details":"Thomas Gosselin, Renaud Thomas \u2014 Atrabile","translator":null,"weight":640,"page_count":96,"readership":"Tout public","editor":"Atrabile","price":2200,"published_date":"2025-11-06T23:00:00.000000Z","support":"Grand format","publisher_availability":1,"stock":0,"editions":[],"url":"https:\/\/quaidesbrumes.com\/ouvrage\/9782889231584\/douzieme-congres-des-bonnes-vibrations"},{"id":"9782382126578","title":"Un comptable \u00e0 la cour Tome 3","description":"Dans Un Comptable \u00e0 la cour, suivez l'aventure \u00e9pique et romantique d'un salari\u00e9 addict au travail qui, gr\u00e2ce \u00e0 ses comp\u00e9tences organisationnelles, trouvera sa place dans un autre monde de la plus improbable des mani\u00e8res !\r\nSeichir\u00f4 Kond\u00f4, salari\u00e9 japonais transport\u00e9 malgr\u00e9 lui dans le royaume de Romani, est toujours aussi pris par son poste de responsable adjoint du service comptable. Bien qu'il b\u00e9n\u00e9ficie d\u00e9sormais de la protection du chevalier Aresh Indrak et du chancelier Kamil Calvada, sa pr\u00e9sence est loin de faire l'unanimit\u00e9 \u00e0 la cour. Alors que les conditions sont favorables pour lancer l'exp\u00e9dition visant \u00e0 sauver le royaume, le comptable subit une agression et fr\u00f4le de nouveau la mort... Comment r\u00e9agira Aresh ?","authors":["Yatsuki Wakatsu","Kazuki Irodori","Kikka Ohashi"],"category_codes":["3000000","3040000","3040800","3040805"],"visuals":{"large":"https:\/\/images.epagine.fr\/578\/9782382126578_1_75.jpg","medium":"https:\/\/images.epagine.fr\/578\/9782382126578_1_m.jpg","thumbnail":"https:\/\/images.epagine.fr\/578\/9782382126578_1_v.jpg"},"orderable":true,"show_badge":true,"formatted_price":"8,05&nbsp;\u20ac","formatted_published_date":"9 janvier 2025","publisher_availability_label":"Sur commande","short_details":"Yatsuki Wakatsu, Kazuki Irodori, Kikka Ohashi \u2014 Akata","translator":null,"weight":190,"page_count":192,"readership":"\u00e0 partir de 14 ans","editor":"Akata","price":805,"published_date":"2025-01-08T23:00:00.000000Z","support":"Poche","publisher_availability":1,"stock":0,"editions":[],"url":"https:\/\/quaidesbrumes.com\/ouvrage\/9782382126578\/un-comptable-a-la-cour-tome-3"},{"id":"9782840556930","title":"Donjon Parade Tome 2 : le sage du ghetto","description":"Retour chez le gardien du Donjon, un Donjon transform\u00e9 depuis en mus\u00e9e. Lors d'une visite guid\u00e9e, Herbert d\u00e9couvre une lampe \u00e0 souhaits, seule faille \u00e0 cette trouvaille, celle-ci ne comporte plus qu'un seul v'u r\u00e9alisable. Aussi, une visite au sage Mattathias devient-elle imp\u00e9rative. L'exp\u00e9dition sera charg\u00e9e d'\u00e9pisodes grotesques et farfelus, pour d\u00e9boucher en d\u00e9finitive sur l'essence m\u00eame de la vie : l'espoir en l'avenir.","authors":["Joann Sfar","Lewis Trondheim","Manu Larcenet"],"category_codes":["3000000","3020000","3020100","3020111"],"visuals":{"large":"https:\/\/images.epagine.fr\/930\/9782840556930_1_75.jpg","medium":"https:\/\/images.epagine.fr\/930\/9782840556930_1_m.jpg","thumbnail":"https:\/\/images.epagine.fr\/930\/9782840556930_1_v.jpg"},"orderable":true,"show_badge":true,"formatted_price":"11,50&nbsp;\u20ac","formatted_published_date":"1er janvier 2004","publisher_availability_label":"Sur commande","short_details":"Joann Sfar, Lewis Trondheim, Manu Larcenet \u2014 Delcourt","translator":null,"weight":380,"page_count":32,"readership":null,"editor":"Delcourt","price":1150,"published_date":"2003-12-31T23:00:00.000000Z","support":"Grand format","publisher_availability":1,"stock":0,"editions":[],"url":"https:\/\/quaidesbrumes.com\/ouvrage\/9782840556930\/donjon-parade-tome-2-le-sage-du-ghetto"},{"id":"9782382815496","title":"School of villains Tome 2","description":"\u00ab Pour atteindre le sommet, il faut savoir bien s'entourer ! \u00bb\r\nJ\u00f4ichir\u00f4 Kirinji, fils du Premier ministre du Japon, s'est inscrit au lyc\u00e9e Biran dans l'espoir de gravir les \u00e9chelons de la p\u00e8gre et se hisser au sommet du pays. Apr\u00e8s avoir conquis ses rivaux au sein de sa propre classe, sa premi\u00e8re mission en tant que d\u00e9l\u00e9gu\u00e9 sera d'affronter une classe rivale lors d'un match sanglant de balle aux prisonniers. Arrivera-t-il \u00e0 vaincre les terribles jumeaux Togawa et \u00e0 sceller une alliance pour prendre le contr\u00f4le de toutes les secondes ?\r\nHiromasa Okujima (Au bain, les Yankees!, Vavam Vampire, Les Racailles de l'autre monde) revient sur le devant de la sc\u00e8ne avec School of Villains, une oeuvre en trois tomes publi\u00e9e aux \u00e9ditions Shinchosha !","authors":["Hiromasa Okujima"],"category_codes":["3000000","3040000","3040600","3040608"],"visuals":{"large":"https:\/\/images.epagine.fr\/496\/9782382815496_1_75.jpg","medium":"https:\/\/images.epagine.fr\/496\/9782382815496_1_m.jpg","thumbnail":"https:\/\/images.epagine.fr\/496\/9782382815496_1_v.jpg"},"orderable":true,"show_badge":true,"formatted_price":"7,95&nbsp;\u20ac","formatted_published_date":"5 novembre 2025","publisher_availability_label":"Sur commande","short_details":"Hiromasa Okujima \u2014 Mangetsu","translator":null,"weight":165,"page_count":176,"readership":"\u00e0 partir de 14 ans","editor":"Mangetsu","price":795,"published_date":"2025-11-04T23:00:00.000000Z","support":"Poche","publisher_availability":1,"stock":0,"editions":[],"url":"https:\/\/quaidesbrumes.com\/ouvrage\/9782382815496\/school-of-villains-tome-2"},{"id":"9791039140577","title":"Katana Beast Tome 4","description":"Le c\u00e9l\u00e8bre  festival , o\u00f9 s'affrontent les diff\u00e9rents clans, est sur le point de commencer... l'heure est grave. L'\u00e9quipe de Hidemaru est toujours incompl\u00e8te : il manque un cinqui\u00e8me membre. Alors qu'il s'interroge sur la personne \u00e0 recruter, un candidat inattendu se pr\u00e9sente... mais contre toute attente, le chef d'\u00e9quipe refuse de l'accepter.\r\nPourquoi rejeter cette aide alors que le temps presse ? Qu'est-ce qui motive une telle obstination ?","authors":["Akimine Kamijy\u00f4"],"category_codes":["3000000","3040000","3040500","3040508"],"visuals":{"large":"https:\/\/images.epagine.fr\/577\/9791039140577_1_75.jpg","medium":"https:\/\/images.epagine.fr\/577\/9791039140577_1_m.jpg","thumbnail":"https:\/\/images.epagine.fr\/577\/9791039140577_1_v.jpg"},"orderable":true,"show_badge":true,"formatted_price":"7,29&nbsp;\u20ac","formatted_published_date":"3 d\u00e9cembre 2025","publisher_availability_label":"Sur commande","short_details":"Akimine Kamijy\u00f4 \u2014 Panini","translator":null,"weight":152,"page_count":192,"readership":"\u00e0 partir de 12 ANS","editor":"Panini","price":729,"published_date":"2025-12-02T23:00:00.000000Z","support":"Poche","publisher_availability":1,"stock":0,"editions":[],"url":"https:\/\/quaidesbrumes.com\/ouvrage\/9791039140577\/katana-beast-tome-4"},{"id":"9782385692896","title":"Num\u00e9ro invalide Tome 2","description":"Dans Num\u00e9ro invalide, Lost Memory d\u00e9nonce les violences syst\u00e9miques et structurelles qui se jouent chaque jour au coeur de nos institutions. Au travers du r\u00e9cit de son combat, du d\u00e9but de sa prise en charge jusqu'\u00e0 la publication de cette s\u00e9rie, elle livre un t\u00e9moignage radical et important.\r\nL'h\u00f4pital qui a suivi Coralie jusqu'ici refuse de continuer \u00e0 la prendre en charge. En d\u00e9pit de ses douleurs et de ses difficult\u00e9s motrices, elle est contrainte de retourner vivre dans sa famille. Tr\u00e8s vite, le quotidien s'av\u00e8re insoutenable. L'adolescente et sa m\u00e8re cherchent alors d\u00e9sesp\u00e9r\u00e9ment un m\u00e9decin qui acceptera de lui venir en aide. H\u00e9las, \u00e0 chaque rendez-vous, c'est la m\u00eame rengaine : ses probl\u00e8mes seraient d'ordre psychologique. Mais la psychiatrie est-elle vraiment la solution ?","authors":["Lost memory"],"category_codes":["3000000","3040000","3040600","3040602"],"visuals":{"large":"https:\/\/images.epagine.fr\/896\/9782385692896_1_75.jpg","medium":"https:\/\/images.epagine.fr\/896\/9782385692896_1_m.jpg","thumbnail":"https:\/\/images.epagine.fr\/896\/9782385692896_1_v.jpg"},"orderable":true,"show_badge":true,"formatted_price":"9,25&nbsp;\u20ac","formatted_published_date":"2 octobre 2025","publisher_availability_label":"Sur commande","short_details":"Lost memory \u2014 Akata","translator":null,"weight":292,"page_count":292,"readership":"\u00e0 partir de 14 ans","editor":"Akata","price":925,"published_date":"2025-10-01T22:00:00.000000Z","support":"Poche","publisher_availability":1,"stock":0,"editions":[],"url":"https:\/\/quaidesbrumes.com\/ouvrage\/9782385692896\/numero-invalide-tome-2"},{"id":"9782413041696","title":"Louis XI, l'universelle araign\u00e9e","description":"Mars 1476. Louis XI fait tomber la forteresse de Carlat, place forte du Duc de Nemours pourtant r\u00e9put\u00e9e imprenable. Jacques de Nemours est fait prisonnier. Autrefois, il a partag\u00e9 sa passion pour les \u00e9checs avec le Dauphin, mais cette amiti\u00e9 ancienne n'emp\u00eachera pas Jacques de le trahir par trois fois... Son proc\u00e8s permet de mettre en lumi\u00e8re les qualit\u00e9s m\u00e9connues d'un roi mal-aim\u00e9 de l'Histoire.","authors":["Francesco De Stena","Degreff","Jean-\u00e9douard Gr\u00e9sy","Makyo"],"category_codes":["3000000","3020000","3020100","3020108"],"visuals":{"large":"https:\/\/images.epagine.fr\/696\/9782413041696_1_75.jpg","medium":"https:\/\/images.epagine.fr\/696\/9782413041696_1_m.jpg","thumbnail":"https:\/\/images.epagine.fr\/696\/9782413041696_1_v.jpg"},"orderable":true,"show_badge":true,"formatted_price":"29,95&nbsp;\u20ac","formatted_published_date":"7 mai 2025","publisher_availability_label":"Sur commande","short_details":"Francesco De Stena, Degreff, Jean-\u00e9douard Gr\u00e9sy, Makyo \u2014 Delcourt","translator":null,"weight":1001,"page_count":112,"readership":"Tout public","editor":"Delcourt","price":2995,"published_date":"2025-05-06T22:00:00.000000Z","support":"Grand format","publisher_availability":1,"stock":0,"editions":[],"url":"https:\/\/quaidesbrumes.com\/ouvrage\/9782413041696\/louis-xi-luniverselle-araignee"},{"id":"9782413091684","title":"Pipoute la louze, au naturel","description":"Bienvenue dans l'univers d\u00e9complex\u00e9 de Pipoute la Louze, jeune femme moderne (\u00e0 t\u00eate de caniche) et de la faune anthropomorphique qui gravite autour d'elle, copines, colocataire, amoureux multiples... Un univers o\u00f9 l'absurde c\u00f4toie l'insolence et o\u00f9 l'humour qui ne se prend pas au s\u00e9rieux r\u00e8gne, un humour pour l'humour en somme (comme il y a l'art pour l'art), pour le pur plaisir du gag.","authors":["James"],"category_codes":["3000000","3020000","3020100","3020111"],"visuals":{"large":"https:\/\/images.epagine.fr\/684\/9782413091684_1_75.jpg","medium":"https:\/\/images.epagine.fr\/684\/9782413091684_1_m.jpg","thumbnail":"https:\/\/images.epagine.fr\/684\/9782413091684_1_v.jpg"},"orderable":true,"show_badge":true,"formatted_price":"15,95&nbsp;\u20ac","formatted_published_date":"17 septembre 2025","publisher_availability_label":"Sur commande","short_details":"James \u2014 Delcourt","translator":null,"weight":440,"page_count":104,"readership":"Tout public","editor":"Delcourt","price":1595,"published_date":"2025-09-16T22:00:00.000000Z","support":"Grand format","publisher_availability":1,"stock":0,"editions":[],"url":"https:\/\/quaidesbrumes.com\/ouvrage\/9782413091684\/pipoute-la-louze-au-naturel"},{"id":"9782413010869","title":"Saison brune","description":"\u00c9t\u00e9 2006. Philippe Squarzoni finalise son album politique \"Dol\", mais il lui reste un passage \u00e0 traiter, celui de l'\u00e9cologie. Peu connaisseur, il veut ma\u00eetriser son sujet et parler en d\u00e9tail du changement climatique. D\u00e9stabilis\u00e9 par l'ampleur du probl\u00e8me, il s'interroge, s'informe, se trouve confront\u00e9 \u00e0 des impasses, ou renvoy\u00e9 \u00e0 de nouveaux questionnements. S'ensuivent six ans de recherches...","authors":["Philippe Squarzoni"],"category_codes":["3000000","3020000","3020100","3020103"],"visuals":{"large":"https:\/\/images.epagine.fr\/869\/9782413010869_1_75.jpg","medium":"https:\/\/images.epagine.fr\/869\/9782413010869_1_m.jpg","thumbnail":"https:\/\/images.epagine.fr\/869\/9782413010869_1_v.jpg"},"orderable":true,"show_badge":true,"formatted_price":"29,95&nbsp;\u20ac","formatted_published_date":"20 juin 2018","publisher_availability_label":"Sur commande","short_details":"Philippe Squarzoni \u2014 Delcourt","translator":null,"weight":1308,"page_count":480,"readership":null,"editor":"Delcourt","price":2995,"published_date":"2018-06-19T22:00:00.000000Z","support":"Grand format","publisher_availability":1,"stock":0,"editions":[],"url":"https:\/\/quaidesbrumes.com\/ouvrage\/9782413010869\/saison-brune"},{"id":"9782302097568","title":"Fuze et Didier Tome 3 : restructuration","description":"\u00c7a va mal pour la FUZE CORP ! Elle vient d'\u00eatre absorb\u00e9e par SCAM Industries. \u00c0 peine revenu de la Lune, Fuze est oblig\u00e9 de quitter son entreprise, suivi par Framboise et Didier. Mais comment red\u00e9marrer quand on est tout en bas de l'\u00e9chelle ?","authors":["Fuze","Jean-Christophe Derrien","Ornella Greco"],"category_codes":["3000000","3020000","3020200","3020211"],"visuals":{"large":"https:\/\/images.epagine.fr\/568\/9782302097568_1_75.jpg","medium":"https:\/\/images.epagine.fr\/568\/9782302097568_1_m.jpg","thumbnail":"https:\/\/images.epagine.fr\/568\/9782302097568_1_v.jpg"},"orderable":true,"show_badge":true,"formatted_price":"11,50&nbsp;\u20ac","formatted_published_date":"16 novembre 2022","publisher_availability_label":"Sur commande","short_details":"Fuze, Jean-Christophe Derrien, Ornella Greco \u2014 Soleil","translator":null,"weight":426,"page_count":48,"readership":null,"editor":"Soleil","price":1150,"published_date":"2022-11-15T23:00:00.000000Z","support":"Grand format","publisher_availability":1,"stock":0,"editions":[],"url":"https:\/\/quaidesbrumes.com\/ouvrage\/9782302097568\/fuze-et-didier-tome-3-restructuration"},{"id":"9782413089582","title":"Plus jamais je ne visiterai Auschwitz","description":"Racont\u00e9 du point de vue de quatre g\u00e9n\u00e9rations de la famille de l'auteur, de l'Allemagne d'avant-guerre \u00e0 l'Am\u00e9rique de post-Trump, Plus jamais je ne visiterai Auschwitz est \u00e0 la fois une c\u00e9l\u00e9bration de la r\u00e9silience culturelle juive et un avertissement sur la fragilit\u00e9 de la d\u00e9mocratie face aux forces s\u00e9duisantes de l'autoritarisme.","authors":["Ari Richter"],"category_codes":["3000000","3020000","3020300","3020307"],"visuals":{"large":"https:\/\/images.epagine.fr\/582\/9782413089582_1_75.jpg","medium":"https:\/\/images.epagine.fr\/582\/9782413089582_1_m.jpg","thumbnail":"https:\/\/images.epagine.fr\/582\/9782413089582_1_v.jpg"},"orderable":true,"show_badge":false,"formatted_price":"29,95&nbsp;\u20ac","formatted_published_date":"15 octobre 2025","publisher_availability_label":"Sur commande","short_details":"Ari Richter \u2014 Delcourt","translator":null,"weight":1184,"page_count":264,"readership":null,"editor":"Delcourt","price":2995,"published_date":"2025-10-14T22:00:00.000000Z","support":"Grand format","publisher_availability":1,"stock":1,"editions":[],"url":"https:\/\/quaidesbrumes.com\/ouvrage\/9782413089582\/plus-jamais-je-ne-visiterai-auschwitz"},{"id":"9782889324767","title":"Petiot","description":"Sur une plan\u00e8te fantastique \u00e0 mi-chemin entre moyen \u00e2ge et notre \u00e9poque, le turbulent Petiot est un gar\u00e7on d'une dizaine d'ann\u00e9es qui r\u00eave de devenir le plus grand chevalier du monde. Mais l'enfant \u00e0 le sens des priorit\u00e9s : c'est pour l'instant beaucoup plus important de faire les 400 coups avec son ind\u00e9fectible bande de copains. Exploration du vestiaire des filles, punition pour tricherie, travers\u00e9e de la fosse \u00e0 purin, sont quelques-unes des activit\u00e9s qui ponctuent le quotidien de ce gang de terreurs. La bande doit aussi aller \u00e0 l'\u00e9cole, mais s\u00fbrement pas pour \u00e9tudier, surtout pour se retrouver entre potes et rigoler parce que c'est bien plus important.\u00a0","authors":["Peter Bruder"],"category_codes":["3000000","3020000","3020200"],"visuals":{"large":"https:\/\/images.epagine.fr\/767\/9782889324767_1_75.jpg","medium":"https:\/\/images.epagine.fr\/767\/9782889324767_1_m.jpg","thumbnail":"https:\/\/images.epagine.fr\/767\/9782889324767_1_v.jpg"},"orderable":true,"show_badge":true,"formatted_price":"10,00&nbsp;\u20ac","formatted_published_date":"1er avril 2026","publisher_availability_label":"Sur commande","short_details":"Peter Bruder \u2014 Editions Paquet","translator":null,"weight":452,"page_count":null,"readership":"Tout public","editor":"Editions Paquet","price":1000,"published_date":"2026-03-31T22:00:00.000000Z","support":"Grand format","publisher_availability":1,"stock":0,"editions":[],"url":"https:\/\/quaidesbrumes.com\/ouvrage\/9782889324767\/petiot"}]}