{"data":[{"id":"9782756057019","title":"Jojo's bizarre adventure - saison 7 ; steel ball run Tome 22","description":"Steel Ball Run est la septi\u00e8me saison de la saga culte Jojo's Bizarre Adventure. Ce manga nous emm\u00e8ne \u00e0 travers les \u00e9tats- Unis pour une course de chevaux endiabl\u00e9e, qui n'est pas sans rappeler le film Hidalgo.Steel Ball Run est une course de chevaux qui a lieu aux USA, au d\u00e9part de San Diego pour finir \u00e0 New York, \u00e0 la fin du XIXe si\u00e8cle. Plus de 6 000 km \u00e0 parcourir, mais la r\u00e9compense s'av\u00e8re \u00e0 la hauteur : 50 millions de dollars. Les participants viennent de tous les horizons et tous ont leur propre motivation, comme ce jockey en qu\u00eate de gloire ou encore ce jeune Indien qui veut r\u00e9cup\u00e9rer sa terre.","authors":["Hirohiko Araki"],"category_codes":["3000000","3040000","3040500","3040508"],"visuals":{"large":"https:\/\/images.epagine.fr\/019\/9782756057019_1_75.jpg","medium":"https:\/\/images.epagine.fr\/019\/9782756057019_1_m.jpg","thumbnail":"https:\/\/images.epagine.fr\/019\/9782756057019_1_v.jpg"},"orderable":true,"show_badge":true,"formatted_price":"7,29&nbsp;\u20ac","formatted_published_date":"6 juillet 2016","publisher_availability_label":"Sur commande","short_details":"Hirohiko Araki \u2014 Delcourt","translator":null,"weight":128,"page_count":192,"readership":"\u00e0 partir de 12 ANS","editor":"Delcourt","price":729,"published_date":"2016-07-05T22:00:00.000000Z","support":"Poche","publisher_availability":1,"stock":0,"editions":[],"url":"https:\/\/quaidesbrumes.com\/ouvrage\/9782756057019\/jojos-bizarre-adventure-saison-7-steel-ball-run-tome-22"},{"id":"9782756081564","title":"Jojo's bizarre adventure - saison 8 ; Jojolion Tome 2","description":"Avec Jojolion, Delcourt\/Tonkam rattrape enfin la publication japonaise de Jojo's Bizarre adventure !La ville de Morio est d\u00e9vast\u00e9e par le s\u00e9isme de la c\u00f4te Pacifique du Japon. \u00e0 la suite de cette catastrophe, d'\u00e9tranges \u00e9difices appel\u00e9s \u00ab murs aux yeux \u00bb font leur apparition. Yasuho, une \u00e9tudiante, va trouver un jeune homme nu, coiff\u00e9 d'un b\u00e9ret de marin, dans les d\u00e9combres. Il ne se souvient de rien. Ils vont alors partir dans une qu\u00eate \u00e0 la recherche de son v\u00e9ritable nom...","authors":["Hirohiko Araki"],"category_codes":["3000000","3040000","3040500","3040508"],"visuals":{"large":"https:\/\/images.epagine.fr\/564\/9782756081564_1_75.jpg","medium":"https:\/\/images.epagine.fr\/564\/9782756081564_1_m.jpg","thumbnail":"https:\/\/images.epagine.fr\/564\/9782756081564_1_v.jpg"},"orderable":true,"show_badge":true,"formatted_price":"7,29&nbsp;\u20ac","formatted_published_date":"4 janvier 2017","publisher_availability_label":"Sur commande","short_details":"Hirohiko Araki \u2014 Delcourt","translator":null,"weight":142,"page_count":224,"readership":"\u00e0 partir de 12 ANS","editor":"Delcourt","price":729,"published_date":"2017-01-03T23:00:00.000000Z","support":"Poche","publisher_availability":1,"stock":0,"editions":[],"url":"https:\/\/quaidesbrumes.com\/ouvrage\/9782756081564\/jojos-bizarre-adventure-saison-8-jojolion-tome-2"},{"id":"9791041117437","title":"The rising of the shield hero Tome 28","description":"\"Bient\u00f4t, j'aurai tout ce que je d\u00e9sire entre les mains... m\u00eame si je dois tout sacrifier !\" Apr\u00e8s \u00eatre tomb\u00e9s dans une embuscade tendue par des assassins venus d'un autre monde, Naofumi et ses compagnons retrouvent Ren et Motoyasu en train de se battre l'un contre l'autre. En voyant le h\u00e9ros \u00e0 l'\u00e9p\u00e9e multiplier les coups bas et essayer d'\u00e9viter le combat, \u00c9clair perd patience et le d\u00e9fie \u00e0 son tour ! Mais Ren est d\u00e9sormais affect\u00e9 par deux mal\u00e9dictions...","authors":["Yusagi Aneko","Ky\u00fb Aiya"],"category_codes":["3000000","3040000","3040600","3040608"],"visuals":{"large":"https:\/\/images.epagine.fr\/437\/9791041117437_1_75.jpg","medium":"https:\/\/images.epagine.fr\/437\/9791041117437_1_m.jpg","thumbnail":"https:\/\/images.epagine.fr\/437\/9791041117437_1_v.jpg"},"orderable":true,"show_badge":true,"formatted_price":"7,95&nbsp;\u20ac","formatted_published_date":"4 mars 2026","publisher_availability_label":"Sur commande","short_details":"Yusagi Aneko, Ky\u00fb Aiya \u2014 Bamboo","translator":null,"weight":178,"page_count":160,"readership":"\u00e0 partir de 12 ANS","editor":"Bamboo","price":795,"published_date":"2026-03-03T23:00:00.000000Z","support":"Poche","publisher_availability":1,"stock":0,"editions":[],"url":"https:\/\/quaidesbrumes.com\/ouvrage\/9791041117437\/the-rising-of-the-shield-hero-tome-28"},{"id":"9782302108219","title":"Paris Saint-Germain - Paris est magique !","description":"La saison 2024-2025 du Paris Saint-Germain a \u00e9t\u00e9 exceptionnelle \u00e0 diff\u00e9rents niveaux.\u00a0 Mais elle est unique pour cette premi\u00e8re Ligue des Champions apport\u00e9e au club. Un troph\u00e9e tant attendu et tellement m\u00e9rit\u00e9. Jamais une \u00e9quipe n'avait autant d\u00e9fendu et n'avait aussi bien jou\u00e9. Elle a montr\u00e9 une qualit\u00e9 collective qui a fait vibrer les supporters et le public dans toutes les r\u00e9gions de France.\u00a0","authors":["Marco Castricini","Mathieu Mariolle"],"category_codes":["3000000","3020000","3020200"],"visuals":{"large":"https:\/\/images.epagine.fr\/219\/9782302108219_1_75.jpg","medium":"https:\/\/images.epagine.fr\/219\/9782302108219_1_m.jpg","thumbnail":"https:\/\/images.epagine.fr\/219\/9782302108219_1_v.jpg"},"orderable":true,"show_badge":true,"formatted_price":"16,50&nbsp;\u20ac","formatted_published_date":"19 novembre 2025","publisher_availability_label":"Sur commande","short_details":"Marco Castricini, Mathieu Mariolle \u2014 Soleil","translator":null,"weight":658,"page_count":53,"readership":null,"editor":"Soleil","price":1650,"published_date":"2025-11-18T23:00:00.000000Z","support":"Grand format","publisher_availability":1,"stock":0,"editions":[],"url":"https:\/\/quaidesbrumes.com\/ouvrage\/9782302108219\/paris-saint-germain-paris-est-magique"},{"id":"9782380714241","title":"Ars\u00e8ne Lupin gentleman-cambrioleur Tome 8 : l'aiguille creuse Tome 1","description":"D\u00e9couvrez les aventures du c\u00e9l\u00e8bre cambrioleur, qui ont d\u00e9j\u00e0 fait frissonner les lecteurs du monde entier ! Au programme : intrigues, enqu\u00eates et myst\u00e8res !!\r\nLe comte de Gesvres est victime d'un vol.\r\nEn s'enfuyant, le chef des voleurs est touch\u00e9 par une balle de fusil.\r\nBeautrelet, lyc\u00e9en d\u00e9tective amateur, r\u00e9sout petit \u00e0 petit les \u00e9nigmes qui entourent cette affaire et parvient \u00e0 retrouver la route emprunt\u00e9e par les voleurs.\r\nQuelle v\u00e9rit\u00e9 se cache derri\u00e8re ces \u00e9v\u00e9nements ?\r\n\r\nUn tir de fusil qui donne le signal du d\u00e9but d'une enqu\u00eate magistrale !","authors":["Takashi Morita","Fabien Nabhan"],"category_codes":["3000000","3040000","3040500","3040506"],"visuals":{"large":"https:\/\/images.epagine.fr\/241\/9782380714241_1_75.jpg","medium":"https:\/\/images.epagine.fr\/241\/9782380714241_1_m.jpg","thumbnail":"https:\/\/images.epagine.fr\/241\/9782380714241_1_v.jpg"},"orderable":true,"show_badge":true,"formatted_price":"7,95&nbsp;\u20ac","formatted_published_date":"13 octobre 2022","publisher_availability_label":"Sur commande","short_details":"Takashi Morita, Fabien Nabhan \u2014 Kurokawa","translator":"FABIEN NABHAN","weight":236,"page_count":260,"readership":"\u00e0 partir de 14 ans","editor":"Kurokawa","price":795,"published_date":"2022-10-12T22:00:00.000000Z","support":"Poche","publisher_availability":1,"stock":0,"editions":[],"url":"https:\/\/quaidesbrumes.com\/ouvrage\/9782380714241\/arsene-lupin-gentleman-cambrioleur-tome-8-laiguille-creuse-tome-1"},{"id":"9782348077241","title":"Place \u00e0 la r\u00e9publique : De la commune \u00e0 la belle \u00e9poque","description":"Paris, aujourd'hui : qui a bien pu faire dispara\u00eetre les c\u00e9l\u00e8bres statues des places de la R\u00e9publique et de la Nation ? Une journaliste du XXIe si\u00e8cle m\u00e8ne l'enqu\u00eate, bient\u00f4t aid\u00e9e par une galerie de personnages \u00e9chapp\u00e9s du XIXe si\u00e8cle : Victor Hugo, Louise Michel, L\u00e9on Gambetta, Hubertine Auclert, S\u00e9verine, Jean Jaur\u00e8s, Charles P\u00e9guy. Tout ce petit monde curieux et bavard, querelleur mais p\u00e9dagogue, est convaincu que la clef du myst\u00e8re se trouve dans l'histoire m\u00e9connue de la IIIe R\u00e9publique, un r\u00e9gime qui a su s'installer durablement, mais qui se connaissait beaucoup d'ennemis. Les royalistes, les anarchistes, les ouvriers, les femmes, les peuples colonis\u00e9s : toutes et tous n'ont-ils pas de bonnes raisons de s'en prendre aux incarnations de la R\u00e9publique ? \u00c0 moins qu'un g\u00e9nie du crime n'ait de mauvaises intentions...","authors":["Kim Consigny","Arnaud-Dominique Houte"],"category_codes":["3000000","3010000","3010300"],"visuals":{"large":"https:\/\/images.epagine.fr\/241\/9782348077241_1_75.jpg","medium":"https:\/\/images.epagine.fr\/241\/9782348077241_1_m.jpg","thumbnail":"https:\/\/images.epagine.fr\/241\/9782348077241_1_v.jpg"},"orderable":true,"show_badge":true,"formatted_price":"23,00&nbsp;\u20ac","formatted_published_date":"24 octobre 2024","publisher_availability_label":"Sur commande","short_details":"Kim Consigny, Arnaud-Dominique Houte \u2014 La d\u00e9couverte","translator":null,"weight":624,"page_count":168,"readership":null,"editor":"La d\u00e9couverte","price":2300,"published_date":"2024-10-23T22:00:00.000000Z","support":"Grand format","publisher_availability":1,"stock":0,"editions":[],"url":"https:\/\/quaidesbrumes.com\/ouvrage\/9782348077241\/place-a-la-republique-de-la-commune-a-la-belle-epoque"},{"id":"9782413009061","title":"La vie de Bouddha : Int\u00e9grale vol.1","description":"Tatta, petit voyou, Chaprah, esclave qui deviendra guerrier, le g\u00e9n\u00e9ral Boudha\u00ef, le v\u00e9n\u00e9rable Asitta et bien d'autres personnages vont \u00eatre les t\u00e9moins de la naissance du prince Siddharta au ch\u00e2teau de Kapilavastu. Commence alors pour ce dernier un long voyage initiatique...","authors":["Osamu Tezuka"],"category_codes":["3000000","3040000","3040600"],"visuals":{"large":"https:\/\/images.epagine.fr\/061\/9782413009061_1_75.jpg","medium":"https:\/\/images.epagine.fr\/061\/9782413009061_1_m.jpg","thumbnail":"https:\/\/images.epagine.fr\/061\/9782413009061_1_v.jpg"},"orderable":true,"show_badge":true,"formatted_price":"32,99&nbsp;\u20ac","formatted_published_date":"31 octobre 2018","publisher_availability_label":"Sur commande","short_details":"Osamu Tezuka \u2014 Delcourt","translator":"JACQUES LALLOZ","weight":1460,"page_count":816,"readership":"\u00e0 partir de 14 ans","editor":"Delcourt","price":3299,"published_date":"2018-10-30T23:00:00.000000Z","support":"Grand format","publisher_availability":1,"stock":0,"editions":[],"url":"https:\/\/quaidesbrumes.com\/ouvrage\/9782413009061\/la-vie-de-bouddha-integrale-vol1"},{"id":"9782360810710","title":"Francis Tome 2 : Francis veut mourir","description":"Les auteurs poursuivent leurs exp\u00e9riences sur les animaux : pouss\u00e9 \u00e0 bout, \u00e9reint\u00e9 par les multiples p\u00e9rip\u00e9ties de son destin farceur, Francis le Blaireau a d\u00e9cid\u00e9 de se suicider.\r\nOn lira ses difficult\u00e9s \u00e0 y parvenir et \u00e0 mener une vie normale ensuite.\r\nEncore une nouvelle \u00e9dition consid\u00e9rablement augment\u00e9e.","authors":["Jake Raynal","Claire Bouilhac"],"category_codes":["3000000","3020000","3020100","3020111"],"visuals":{"large":"https:\/\/images.epagine.fr\/710\/9782360810710_1_75.jpg","medium":"https:\/\/images.epagine.fr\/710\/9782360810710_1_m.jpg","thumbnail":"https:\/\/images.epagine.fr\/710\/9782360810710_1_v.jpg"},"orderable":true,"show_badge":true,"formatted_price":"9,50&nbsp;\u20ac","formatted_published_date":"29 ao\u00fbt 2013","publisher_availability_label":"Sur commande","short_details":"Jake Raynal, Claire Bouilhac \u2014 Corn\u00e9lius","translator":null,"weight":146,"page_count":40,"readership":"Tout public","editor":"Corn\u00e9lius","price":950,"published_date":"2013-08-28T22:00:00.000000Z","support":"Grand format","publisher_availability":1,"stock":0,"editions":[],"url":"https:\/\/quaidesbrumes.com\/ouvrage\/9782360810710\/francis-tome-2-francis-veut-mourir"},{"id":"9782302077768","title":"Frigiel et Fluffy Tome 6 : le manoir d'H\u00e9robrine","description":"En chemin pour les Farlands, Frigiel et ses amis rendent visite \u00e0 Lord Natch qui vit dans un grand manoir au milieu de la for\u00eat. L'endroit est sinistre et leur h\u00f4te semble fort pr\u00e9occup\u00e9. Une pr\u00e9sence surnaturelle se manifeste pendant la nuit. La b\u00e2tisse a-t-elle \u00e9t\u00e9 construite sur un lieu sacr\u00e9, o\u00f9 reposerait le mythique Herobrine ? Ce dernier, s'il se r\u00e9veille, risque d'\u00eatre en col\u00e8re...","authors":["Frigiel","Jean-Christophe Derrien","Minte"],"category_codes":["3000000","3020000","3020200","3020202"],"visuals":{"large":"https:\/\/images.epagine.fr\/768\/9782302077768_1_75.jpg","medium":"https:\/\/images.epagine.fr\/768\/9782302077768_1_m.jpg","thumbnail":"https:\/\/images.epagine.fr\/768\/9782302077768_1_v.jpg"},"orderable":true,"show_badge":true,"formatted_price":"11,50&nbsp;\u20ac","formatted_published_date":"21 ao\u00fbt 2019","publisher_availability_label":"Sur commande","short_details":"Frigiel, Jean-Christophe Derrien, Minte \u2014 Soleil","translator":null,"weight":404,"page_count":56,"readership":"\u00e0 partir de 8 ANS","editor":"Soleil","price":1150,"published_date":"2019-08-20T22:00:00.000000Z","support":"Grand format","publisher_availability":1,"stock":0,"editions":[],"url":"https:\/\/quaidesbrumes.com\/ouvrage\/9782302077768\/frigiel-et-fluffy-tome-6-le-manoir-dherobrine"},{"id":"9782505073222","title":"Les \u00e2ges perdus Tome 1 : le fort des Landes","description":"\u00c0 la veille de l'An Mil, le feu du ciel se d\u00e9cha\u00eene sur la Terre et la plonge dans une nuit \u00e9ternelle. Les villes sont ray\u00e9es de la carte. Les humains se r\u00e9fugient dans des grottes. Le temps de l'Obscure est venu...\r\n\r\n\r\n\r\nQuelques milliers d'ann\u00e9es plus tard, tandis que le soleil est r\u00e9apparu, la vie reprend enfin ses droits. Mais les savoirs anciens ont disparu. Pour survivre, des clans nomades se forment et se partagent les territoires et les ressources selon des r\u00e8gles \u00e9tablies. \r\n\r\n\r\n\r\nUn homme, Primus, a trouv\u00e9 le moyen de faire pousser une plante, l'engrain. Sa d\u00e9couverte permettrait aux siens de ne plus jamais conna\u00eetre la faim. Mais elle remet en cause la coutume et le pouvoir des autres clans... \r\n\r\n\u00c0 la mort de Primus, il appartient \u00e0 sa fille, Ela\u00ecne de Mo\u00f2r, de prendre en main le destin de son peuple et de le pr\u00e9server de la destruction.","authors":["J\u00e9r\u00f4me Le gris","Didier Poli","Fabrice Colin","Antoine Brivet"],"category_codes":["3000000","3020000","3020100","3020105"],"visuals":{"large":"https:\/\/images.epagine.fr\/222\/9782505073222_1_75.jpg","medium":"https:\/\/images.epagine.fr\/222\/9782505073222_1_m.jpg","thumbnail":"https:\/\/images.epagine.fr\/222\/9782505073222_1_v.jpg"},"orderable":true,"show_badge":true,"formatted_price":"17,50&nbsp;\u20ac","formatted_published_date":"26 mars 2021","publisher_availability_label":"Sur commande","short_details":"J\u00e9r\u00f4me Le gris, Didier Poli, Fabrice Colin, Antoine Brivet \u2014 Dargaud","translator":null,"weight":603,"page_count":56,"readership":null,"editor":"Dargaud","price":1750,"published_date":"2021-03-25T23:00:00.000000Z","support":"Grand format","publisher_availability":1,"stock":0,"editions":[],"url":"https:\/\/quaidesbrumes.com\/ouvrage\/9782505073222\/les-ages-perdus-tome-1-le-fort-des-landes"},{"id":"9782505084761","title":"D\u00e9tective Conan Tome 99","description":"Imaginez un Sherlock Holmes moderne, \u00e2g\u00e9 d'\u00e0 peine 17 ans, vivant \u00e0 la fin des ann\u00e9es 1990! Comme si cela ne suffisait pas, imaginez en outre qu'il a l'apparence d'un petit gar\u00e7on de 6 ans...\r\nVictime d'une myst\u00e9rieuse organisation d'hommes en noir qui l'ont empoisonn\u00e9 et l'ont ainsi fait redevenir un enfant, cet adolescent se retrouve contraint de retourner \u00e0 l'\u00e9cole primaire et, tout en veillant \u00e0 ce que le secret de sa nouvelle identit\u00e9 soit pr\u00e9serv\u00e9, il m\u00e8ne des enqu\u00eates et r\u00e9sout des affaires t\u00e9n\u00e9breuses et autres meurtres inexpliqu\u00e9s.","authors":["G\u00f4sh\u00f4 Aoyama"],"category_codes":["3000000","3040000","3040500","3040506"],"visuals":{"large":"https:\/\/images.epagine.fr\/761\/9782505084761_1_75.jpg","medium":"https:\/\/images.epagine.fr\/761\/9782505084761_1_m.jpg","thumbnail":"https:\/\/images.epagine.fr\/761\/9782505084761_1_v.jpg"},"orderable":true,"show_badge":true,"formatted_price":"7,30&nbsp;\u20ac","formatted_published_date":"5 novembre 2021","publisher_availability_label":"Sur commande","short_details":"G\u00f4sh\u00f4 Aoyama \u2014 Kana","translator":null,"weight":132,"page_count":null,"readership":"\u00e0 partir de 12 ANS","editor":"Kana","price":730,"published_date":"2021-11-04T23:00:00.000000Z","support":"Poche","publisher_availability":1,"stock":0,"editions":[],"url":"https:\/\/quaidesbrumes.com\/ouvrage\/9782505084761\/detective-conan-tome-99"},{"id":"9782505111542","title":"Complainte des landes perdues - cycle 4 : les Sudenne Tome 2 : Aylissa","description":"Sobold est mort subitement. Il \u00e9tait le chef du clan des Greenwald et le mari d'Aylissa, la cousine de Sioban. Ses hommes sont en col\u00e8re. Ils ne s'expliquent pas ce d\u00e9c\u00e8s brutal. Il faudra toute la force de persuasion de Sioban pour les rappeler \u00e0 leur devoir de fid\u00e9lit\u00e9 vis-vis des Sudenne. Cette force, elle en aura aussi besoin pour atteindre son objectif : garantir la paix entre les clans, malgr\u00e9 leurs divergences. Aylissa, aussi perfide que s\u00e9ductrice, ne partage pas cette vision. \u00c0 ses yeux, seul le pouvoir compte. Et tous les moyens sont bons pour l'obtenir. Bient\u00f4t, les \u00e9v\u00e9nements se pr\u00e9cipitent. Les Sacrifi\u00e9s, venus des terres pourpres au-del\u00e0 des landes perdues, s'appr\u00eatent \u00e0 attaquer. L'affrontement est in\u00e9luctable. Sioban devra triompher, tout comme elle devra triompher du pi\u00e8ge du Mal, tapi en elle et toujours pr\u00eat \u00e0 resurgir... Dans ce deuxi\u00e8me tome du quatri\u00e8me cycle de La Complainte des landes perdues, Jean Dufaux et Paul Teng composent une fresque ambitieuse, entre sc\u00e8nes d'action spectaculaires et exploration de la psychologie, parfois tortueuse, des personnages de cette saga haute en couleur.","authors":["Jean Dufaux","Teng"],"category_codes":["3000000","3020000","3020100","3020105"],"visuals":{"large":"https:\/\/images.epagine.fr\/542\/9782505111542_1_75.jpg","medium":"https:\/\/images.epagine.fr\/542\/9782505111542_1_m.jpg","thumbnail":"https:\/\/images.epagine.fr\/542\/9782505111542_1_v.jpg"},"orderable":true,"show_badge":true,"formatted_price":"17,50&nbsp;\u20ac","formatted_published_date":"7 octobre 2022","publisher_availability_label":"Sur commande","short_details":"Jean Dufaux, Teng \u2014 Dargaud","translator":null,"weight":608,"page_count":56,"readership":"\u00e0 partir de 16 ans","editor":"Dargaud","price":1750,"published_date":"2022-10-06T22:00:00.000000Z","support":"Grand format","publisher_availability":1,"stock":0,"editions":[],"url":"https:\/\/quaidesbrumes.com\/ouvrage\/9782505111542\/complainte-des-landes-perdues-cycle-4-les-sudenne-tome-2-aylissa"},{"id":"9782379507618","title":"The fake alchemist Tome 1","description":"Apr\u00e8s sa r\u00e9incarnation dans un monde m\u00e9di\u00e9val fantastique, Paracelsus choisit un pouvoir lui permettant de r\u00e9ussir toutes les recettes et devient alchimiste. Un jour, il d\u00e9cide d'acheter une jeune esclave nomm\u00e9e Nora pour l'aider dans ses activit\u00e9s. Il r\u00e9cup\u00e8re aussi une elfe esclave, gri\u00e8vement mutil\u00e9e et incapable de bouger, de voir ou de parler. Paracelsus ram\u00e8ne les deux chez lui et commence \u00e0 soigner l'elfe gr\u00e2ce \u00e0 ses comp\u00e9tences en alchimie. Il d\u00e9couvrira vite que de sombres secrets se cachent dans l'histoire de cette elfe...","authors":["Jiro Sugiura","Umemaru"],"category_codes":["3000000","3040000","3040600","3040604"],"visuals":{"large":"https:\/\/images.epagine.fr\/618\/9782379507618_1_75.jpg","medium":"https:\/\/images.epagine.fr\/618\/9782379507618_1_m.jpg","thumbnail":"https:\/\/images.epagine.fr\/618\/9782379507618_1_v.jpg"},"orderable":true,"show_badge":true,"formatted_price":"8,35&nbsp;\u20ac","formatted_published_date":"11 avril 2025","publisher_availability_label":"Sur commande","short_details":"Jiro Sugiura, Umemaru \u2014 Vega","translator":null,"weight":158,"page_count":192,"readership":"\u00e0 partir de 14 ans","editor":"Vega","price":835,"published_date":"2025-04-10T22:00:00.000000Z","support":"Poche","publisher_availability":1,"stock":0,"editions":[],"url":"https:\/\/quaidesbrumes.com\/ouvrage\/9782379507618\/the-fake-alchemist-tome-1"},{"id":"9791033517825","title":"Jakob Tome 1 : La Communaut\u00e9","description":"Bridge Brook, Oklahoma, 336 habitants. Ici, on n'esp\u00e8re pas de meilleurs lendemains. Tout se ressemble, les jours comme les gens... Mais quand Harper rencontre Tonie, une adolescente solaire issue de la communaut\u00e9 qui vient de s'installer aux abords de la ville, elle se surprend \u00e0 sourire, \u00e0 revivre. Alors pourquoi les autres ont-ils tous peur de ces gens ? Et surtout de Jakob, leur leader charismatique.\r\n\r\n","authors":["Mud","Zheping"],"category_codes":["3000000","3020000","3020100","3020107"],"visuals":{"large":"https:\/\/images.epagine.fr\/825\/9791033517825_1_75.jpg","medium":"https:\/\/images.epagine.fr\/825\/9791033517825_1_m.jpg","thumbnail":"https:\/\/images.epagine.fr\/825\/9791033517825_1_v.jpg"},"orderable":true,"show_badge":true,"formatted_price":"19,95&nbsp;\u20ac","formatted_published_date":"5 septembre 2025","publisher_availability_label":"Sur commande","short_details":"Mud, Zheping \u2014 Ankama \u00c9ditions","translator":null,"weight":684,"page_count":120,"readership":"\u00e0 partir de 14 ans","editor":"Ankama \u00c9ditions","price":1995,"published_date":"2025-09-04T22:00:00.000000Z","support":"Grand format","publisher_availability":1,"stock":0,"editions":[],"url":"https:\/\/quaidesbrumes.com\/ouvrage\/9791033517825\/jakob-tome-1-la-communaute"},{"id":"9782353480845","title":"Chiisakobe Tome 4","description":"Dans ce quatri\u00e8me et dernier tome de la s\u00e9rie, les enfants et les apprentis partent pour un s\u00e9jour d'une nuit dans une station thermale tandis que Shigeji et Ritsu doivent veiller sur la petite Attchan qui souffre de fi\u00e8vre.\r\nAlors que la fin de l'ann\u00e9e approche, les personnages se r\u00e9v\u00e8lent, les malentendus se dissipent, pour le meilleur ou pour le pire...\r","authors":["Minetaro Mochizuki","Sh\u00fbgor\u00f4 Yamamoto","Miyako Slocombe"],"category_codes":["3000000","3040000","3040600","3040602"],"visuals":{"large":"https:\/\/images.epagine.fr\/845\/9782353480845_1_75.jpg","medium":"https:\/\/images.epagine.fr\/845\/9782353480845_1_m.jpg","thumbnail":"https:\/\/images.epagine.fr\/845\/9782353480845_1_v.jpg"},"orderable":true,"show_badge":true,"formatted_price":"15,00&nbsp;\u20ac","formatted_published_date":"17 novembre 2016","publisher_availability_label":"Sur commande","short_details":"Minetaro Mochizuki, Sh\u00fbgor\u00f4 Yamamoto, Miyako Slocombe \u2014 \u00c9ditions le l\u00e9zard noir","translator":"MIYAKO SLOCOMBE","weight":454,"page_count":232,"readership":"\u00e0 partir de 15 ans","editor":"\u00c9ditions le l\u00e9zard noir","price":1500,"published_date":"2016-11-16T23:00:00.000000Z","support":"Grand format","publisher_availability":1,"stock":0,"editions":[],"url":"https:\/\/quaidesbrumes.com\/ouvrage\/9782353480845\/chiisakobe-tome-4"},{"id":"9791032704363","title":"Les liens du sang Tome 3","description":"Shigeru a surv\u00e9cu \u00e0 sa chute dans la montagne, mais il est d\u00e9sormais dans le coma... Pour sa famille, le choc est terrible. Si la m\u00e8re de Seiichi fait comme si de rien n'\u00e9tait, lui commence \u00e0 avoir du mal \u00e0 s'exprimer : il b\u00e9gaie et bute sur les mots...\r\n\r\nQuand elle lui rend visite, Yuiko ne comprend pas ce qui se passe et se retrouve vite chass\u00e9e de la maison par Seiko, qui a aper\u00e7u la lettre d'amour que la lyc\u00e9enne a remise \u00e0 son fils... \u00c9tendue avec lui sur le lit, la jeune femme au foyer le force \u00e0 d\u00e9chirer la d\u00e9licate feuille de papier. Jusqu'o\u00f9 ira cette relation fusionnelle ?","authors":["Shuzo Oshimi","S\u00e9bastien Ludmann"],"category_codes":["3000000","3040000","3040600","3040602"],"visuals":{"large":"https:\/\/images.epagine.fr\/363\/9791032704363_1_75.jpg","medium":"https:\/\/images.epagine.fr\/363\/9791032704363_1_m.jpg","thumbnail":"https:\/\/images.epagine.fr\/363\/9791032704363_1_v.jpg"},"orderable":true,"show_badge":true,"formatted_price":"7,95&nbsp;\u20ac","formatted_published_date":"14 ao\u00fbt 2019","publisher_availability_label":"Sur commande","short_details":"Shuzo Oshimi, S\u00e9bastien Ludmann \u2014 Ki-oon","translator":"SEBASTIEN LUDMANN","weight":245,"page_count":222,"readership":"\u00e0 partir de 14 ans","editor":"Ki-oon","price":795,"published_date":"2019-08-13T22:00:00.000000Z","support":"Poche","publisher_availability":1,"stock":0,"editions":[],"url":"https:\/\/quaidesbrumes.com\/ouvrage\/9791032704363\/les-liens-du-sang-tome-3"},{"id":"9782203198821","title":"Dans les for\u00eats de Sib\u00e9rie","description":"Peut-on se d\u00e9tacher compl\u00e8tement du monde des hommes ? Quitter la ville et son quotidien pour aller vivre au bout du monde, tel est le d\u00e9fi que s'est donn\u00e9 Sylvain Tesson. De f\u00e9vrier \u00e0 juillet 2010, l'\u00e9crivain voyageur a choisi de vivre la fin de l'hiver puis le printemps sib\u00e9rien. Habitant seul une cabane au bord du Lac Ba\u00efkal, il s'est pli\u00e9 au silence en choisissant de vivre lentement, environn\u00e9 de livres, de vodka et de souvenirs. Sans d\u00e9ranger la nature mais en s'interrogeant avec elle dans une introspection au long cours, Tesson a march\u00e9, explor\u00e9, p\u00each\u00e9, il a fait du patin \u00e0 glace sur le lac et accept\u00e9 l'hospitalit\u00e9 de ses rares voisins. Cette asc\u00e8se de six mois loin de la France, l'auteur en a fait le r\u00e9cit dans son c\u00e9l\u00e8bre livre paru chez Gallimard en 2011. Par un dessin subtil et g\u00e9n\u00e9reux tout en couleur, Virgile Dureuil en propose pour la premi\u00e8re fois une adaptation en bande dessin\u00e9e...","authors":["Virgile Dureuil","Sylvain Tesson"],"category_codes":["3000000","3020000","3020100"],"visuals":{"large":"https:\/\/images.epagine.fr\/821\/9782203198821_1_75.jpg","medium":"https:\/\/images.epagine.fr\/821\/9782203198821_1_m.jpg","thumbnail":"https:\/\/images.epagine.fr\/821\/9782203198821_1_v.jpg"},"orderable":true,"show_badge":true,"formatted_price":"18,00&nbsp;\u20ac","formatted_published_date":"13 novembre 2019","publisher_availability_label":"Sur commande","short_details":"Virgile Dureuil, Sylvain Tesson \u2014 Casterman","translator":null,"weight":592,"page_count":112,"readership":null,"editor":"Casterman","price":1800,"published_date":"2019-11-12T23:00:00.000000Z","support":"Grand format","publisher_availability":1,"stock":0,"editions":[],"url":"https:\/\/quaidesbrumes.com\/ouvrage\/9782203198821\/dans-les-forets-de-siberie"},{"id":"9782505113812","title":"Adabana Tome 2","description":"Retour six mois avant les disparitions tragiques de Mako Igarashi et de son oncle, et les aveux de Mizuki Aikawa qui s'en sont ensuivis. Mako fait la rencontre de Y\u00fbki Akatsuki, dont elle tombe rapidement amoureuse. En parall\u00e8le, elle renoue des liens d'amiti\u00e9 forts avec Mizuki, son amie d'enfance. Comment expliquer le d\u00e9c\u00e8s de Mako, alors qu'elle semblait enfin \u00e9panouie ? Le voile se l\u00e8ve peu \u00e0 peu sur la v\u00e9rit\u00e9, avec le r\u00e9cit des \u00e9v\u00e9nements du point de vue de Mako, la victime. L'autrice NON r\u00e9ussit un tour de force en nous embarquant dans son r\u00e9cit \u00e0 suspense fascinant de bout en bout, malgr\u00e9 des sc\u00e8nes de violence physique explicites, hyper-r\u00e9alistes, aux limites du sordide, mais jamais gratuites. \u00c2mes sensibles, passez votre chemin...","authors":["Non"],"category_codes":["3000000","3040000","3040600","3040606"],"visuals":{"large":"https:\/\/images.epagine.fr\/812\/9782505113812_1_75.jpg","medium":"https:\/\/images.epagine.fr\/812\/9782505113812_1_m.jpg","thumbnail":"https:\/\/images.epagine.fr\/812\/9782505113812_1_v.jpg"},"orderable":true,"show_badge":true,"formatted_price":"13,25&nbsp;\u20ac","formatted_published_date":"1er juillet 2022","publisher_availability_label":"Sur commande","short_details":"Non \u2014 Kana","translator":null,"weight":242,"page_count":224,"readership":"\u00e0 partir de 16 ans","editor":"Kana","price":1325,"published_date":"2022-06-30T22:00:00.000000Z","support":"Grand format","publisher_availability":1,"stock":0,"editions":[],"url":"https:\/\/quaidesbrumes.com\/ouvrage\/9782505113812\/adabana-tome-2"},{"id":"9782505116783","title":"Naruto - \u00e9dition Hokage Tome 15","description":"Dans le village de Konoha s\u00e9vit Naruto, le pire garnement de l'\u00e9cole des ninjas ! Son passe-temps favori ? Faire les quatre cents coups ! Mais Naruto a aussi un r\u00eave d\u00e9mesur\u00e9 : devenir le plus puissant ninja de son village. Seulement voil\u00e0, un grand myst\u00e8re plane autour de ce gar\u00e7on... \"Un jour, je deviendrai Hokage, moi aussi !\"","authors":["Masashi Kishimoto"],"category_codes":["3000000","3040000","3040500","3040508"],"visuals":{"large":"https:\/\/images.epagine.fr\/783\/9782505116783_1_75.jpg","medium":"https:\/\/images.epagine.fr\/783\/9782505116783_1_m.jpg","thumbnail":"https:\/\/images.epagine.fr\/783\/9782505116783_1_v.jpg"},"orderable":true,"show_badge":true,"formatted_price":"15,95&nbsp;\u20ac","formatted_published_date":"1er septembre 2023","publisher_availability_label":"Sur commande","short_details":"Masashi Kishimoto \u2014 Kana","translator":null,"weight":424,"page_count":372,"readership":"\u00e0 partir de 10 ANS","editor":"Kana","price":1595,"published_date":"2023-08-31T22:00:00.000000Z","support":"Grand format","publisher_availability":1,"stock":0,"editions":[],"url":"https:\/\/quaidesbrumes.com\/ouvrage\/9782505116783\/naruto-edition-hokage-tome-15"},{"id":"9791026823308","title":"Super sons","description":"Si Jon Kent est le fils du plus grand super-h\u00e9ros, Damian Wayne est celui du plus dangereux... Et malgr\u00e9 l'amiti\u00e9 que se portent les deux membres de la Ligue de Justice Superman et Batman, leur prog\u00e9niture, elle, a plus de mal \u00e0 s'entendre. La menace de Kid Amazo va cependant lier \u00e0 jamais les deux jeunes h\u00e9ros, Superboy et Robin, dans un tandem destin\u00e9 \u00e0 reprendre les r\u00eanes de leurs parents dans la lutte contre le crime !","authors":["Peter J. Tomasi","Jorge Jim\u00e9nez"],"category_codes":["3000000","3030000","3030200"],"visuals":{"large":"https:\/\/images.epagine.fr\/308\/9791026823308_1_75.jpg","medium":"https:\/\/images.epagine.fr\/308\/9791026823308_1_m.jpg","thumbnail":"https:\/\/images.epagine.fr\/308\/9791026823308_1_v.jpg"},"orderable":true,"show_badge":true,"formatted_price":"5,90&nbsp;\u20ac","formatted_published_date":"19 janvier 2024","publisher_availability_label":"Sur commande","short_details":"Peter J. Tomasi, Jorge Jim\u00e9nez \u2014 Urban Comics","translator":null,"weight":204,"page_count":128,"readership":null,"editor":"Urban Comics","price":590,"published_date":"2024-01-18T23:00:00.000000Z","support":"Grand format","publisher_availability":1,"stock":0,"editions":[],"url":"https:\/\/quaidesbrumes.com\/ouvrage\/9791026823308\/super-sons"},{"id":"9782810212767","title":"Miroir de nos peines","description":"Avril 1940. Louise, en \u00e9tat de choc suite au suicide d'un homme \u00e2g\u00e9 sous ses yeux, se retrouve \u00e0 courir nue dans Paris. Tentant de comprendre ce fait divers dans lequel elle est impliqu\u00e9e, elle se laissera entrainer dans le pass\u00e9 de sa propre m\u00e8re et se d\u00e9couvrira un demi-fr\u00e8re cach\u00e9. Sa route croisera au hasard les destins de Raoul, soldat d\u00e9serteur emmen\u00e9 en prison, Fernand, un garde p\u00e9nitencier et D\u00e9sir\u00e9, myst\u00e9rieux personnage aux nombreuses facettes.","authors":["Christian de Metter","Pierre Lemaitre"],"category_codes":["3000000","3020000","3020100","3020102"],"visuals":{"large":"https:\/\/images.epagine.fr\/767\/9782810212767_1_75.jpg","medium":"https:\/\/images.epagine.fr\/767\/9782810212767_1_m.jpg","thumbnail":"https:\/\/images.epagine.fr\/767\/9782810212767_1_v.jpg"},"orderable":true,"show_badge":true,"formatted_price":"25,00&nbsp;\u20ac","formatted_published_date":"8 novembre 2023","publisher_availability_label":"Sur commande","short_details":"Christian de Metter, Pierre Lemaitre \u2014 Rue de S\u00e8vres","translator":null,"weight":1022,"page_count":184,"readership":null,"editor":"Rue de S\u00e8vres","price":2500,"published_date":"2023-11-07T23:00:00.000000Z","support":"Grand format","publisher_availability":1,"stock":0,"editions":[],"url":"https:\/\/quaidesbrumes.com\/ouvrage\/9782810212767\/miroir-de-nos-peines"},{"id":"9782800140315","title":"Les nombrils Tome 3 : les liens de l'amiti\u00e9","description":"Jeunes, belles ... et vaches ! \r\nJenny, Vicky (les deux pestes top canons) et Karine (la gentille grande bringue) sont de retour ! Au menu de ce troisi\u00e8me album : des coups bas, quelques beaux gars, de la trahison en veux-tu en voil\u00e0, bref de l'amour haine et tout le tralala, des oh et des ah et puis aussi un scoop final \u00e0 en rester baba ! Pas de doute, avec les Nombrils, on ne s'ennuie pas !\r\nApr\u00e8s deux tomes remarquables et remarqu\u00e9s, Delaf et Dubuc reviennent avec leurs trois h\u00e9ro\u00efnes super d\u00e9capantes. \u00c0 travers leur s\u00e9rie hilarante et tr\u00e8s m\u00e9chante, les deux auteurs qu\u00e9b\u00e9cois nous dressent un portrait au vitriol d'une certaine adolescence o\u00f9 tous les coups sont permis. Une s\u00e9rie au graphisme moderne et efficace, aux couleurs p\u00e9tantes et au ton r\u00e9solument acide o\u00f9 l'on ne prend pas de pincettes pour parler des pr\u00e9occupations des ados. De plus, en v\u00e9ritables architectes du gag, Delaf et Dubuc nous livrent des histoires piquantes qui, lorsqu'elles sont lues dans la continuit\u00e9 d'un album, r\u00e9v\u00e8lent encore plus la richesse de l'univers et l'intelligence avec laquelle les diff\u00e9rents \u00e9l\u00e9ments sont amen\u00e9s. La lecture de ce troisi\u00e8me tome ne laissera aucun lecteur indiff\u00e9rent !\r\n","authors":["Maryse Dubuc","Delaf"],"category_codes":["3000000","3020000","3020200","3020211"],"visuals":{"large":"https:\/\/images.epagine.fr\/315\/9782800140315_1_75.jpg","medium":"https:\/\/images.epagine.fr\/315\/9782800140315_1_m.jpg","thumbnail":"https:\/\/images.epagine.fr\/315\/9782800140315_1_v.jpg"},"orderable":true,"show_badge":true,"formatted_price":"12,95&nbsp;\u20ac","formatted_published_date":"5 mars 2008","publisher_availability_label":"Sur commande","short_details":"Maryse Dubuc, Delaf \u2014 Dupuis","translator":null,"weight":352,"page_count":48,"readership":"\u00e0 partir de 9 ANS","editor":"Dupuis","price":1295,"published_date":"2008-03-04T23:00:00.000000Z","support":"Grand format","publisher_availability":1,"stock":0,"editions":[],"url":"https:\/\/quaidesbrumes.com\/ouvrage\/9782800140315\/les-nombrils-tome-3-les-liens-de-lamitie"},{"id":"9782756061825","title":"Jojo's bizarre adventure - saison 1 ; phantom blood Tome 3","description":"Suite \u00e0 l'attaque de Dio, Jojo est en convalescence. Un myst\u00e9rieux individu, le baron Zeppeli, fait alors irruption dans sa vie. Alors que ce baron paraissait dangereux et violent, il se r\u00e9v\u00e8le finalement fort utile \u00e0 Jojo puisqu'il soigne son bras et lui apprend l'art de \u00ab l'Onde \u00bb. Le combat entre le mal\u00e9fique Dio et la famille Joestar peut se poursuivre !","authors":["Hirohiko Araki","Satoko Fujimoto"],"category_codes":["3000000","3040000","3040500","3040508"],"visuals":{"large":"https:\/\/images.epagine.fr\/825\/9782756061825_1_75.jpg","medium":"https:\/\/images.epagine.fr\/825\/9782756061825_1_m.jpg","thumbnail":"https:\/\/images.epagine.fr\/825\/9782756061825_1_v.jpg"},"orderable":true,"show_badge":true,"formatted_price":"7,29&nbsp;\u20ac","formatted_published_date":"24 septembre 2014","publisher_availability_label":"Sur commande","short_details":"Hirohiko Araki, Satoko Fujimoto \u2014 Delcourt","translator":"SATOKO FUJIMOTO","weight":154,"page_count":208,"readership":"\u00e0 partir de 12 ANS","editor":"Delcourt","price":729,"published_date":"2014-09-23T22:00:00.000000Z","support":"Poche","publisher_availability":1,"stock":0,"editions":[],"url":"https:\/\/quaidesbrumes.com\/ouvrage\/9782756061825\/jojos-bizarre-adventure-saison-1-phantom-blood-tome-3"},{"id":"9782203245129","title":"Le monde d'Edena : coffret Int\u00e9grale Tomes 1 \u00e0 6","description":"M\u00e9canicien vagabonds de l'espace, Stel et Atan ne se contentent pas de r\u00e9parer les machines : ils apprennent \u00e0 rena\u00eetre pour r\u00e9enchanter le monde. Conte \u00e9cologique et fable spirituelle, Le Monde d'Edena est le r\u00e9cit le plus personnel et autobiographique de Moebius. Chef-d'oeuvre de la SF mondiale, Le Monde d'Edena est un cristal \u00e9tincelant dans la bibliographie du cr\u00e9ateur de L'Incal et du Garage herm\u00e9tique.","authors":["Moebius"],"category_codes":["3000000","3020000","3020100","3020104"],"visuals":{"large":"https:\/\/images.epagine.fr\/129\/9782203245129_1_75.jpg","medium":"https:\/\/images.epagine.fr\/129\/9782203245129_1_m.jpg","thumbnail":"https:\/\/images.epagine.fr\/129\/9782203245129_1_v.jpg"},"orderable":true,"show_badge":true,"formatted_price":"39,00&nbsp;\u20ac","formatted_published_date":"30 novembre 2022","publisher_availability_label":"Sur commande","short_details":"Moebius \u2014 Casterman","translator":null,"weight":1408,"page_count":408,"readership":null,"editor":"Casterman","price":3900,"published_date":"2022-11-29T23:00:00.000000Z","support":"Grand format","publisher_availability":1,"stock":0,"editions":[],"url":"https:\/\/quaidesbrumes.com\/ouvrage\/9782203245129\/le-monde-dedena-coffret-integrale-tomes-1-a-6"}]}