{"data":[{"id":"9782811677053","title":"Edens zero Tome 24","description":"Grand D\u00e9mon Vs. Grand D\u00e9mon ! C'est l'heure de l'affrontement tant attendu entre Ziggy et Shiki. Lors du combat, Shiki brise le masque de Ziggy et la terrible v\u00e9rit\u00e9 \u00e9clate au grand jour ! Les Six G\u00e9n\u00e9raux galactiques d\u00e9moniaques ainsi que l'Arm\u00e9e du syst\u00e8me stellaire sont r\u00e9unis dans la m\u00eame zone de l'univers. Intrigues, relations, enjeux... tout devient tr\u00e8s complexe ! Hawley se retrouve \u00e0 l'int\u00e9rieur du corps du g\u00e9ant Deadend Crow, son ennemi jur\u00e9 ; pendant qu'Erzy affronte Justice au coeur d'une horde de dragons... Se rapprochant inexorablement de ce vaste champ de bataille, le Croque-mitemps fait peser une menace bien r\u00e9elle sur tous nos h\u00e9ros !","authors":["Hiro Mashima"],"category_codes":["3000000","3040000","3040500","3040508"],"visuals":{"large":"https:\/\/images.epagine.fr\/053\/9782811677053_1_75.jpg","medium":"https:\/\/images.epagine.fr\/053\/9782811677053_1_m.jpg","thumbnail":"https:\/\/images.epagine.fr\/053\/9782811677053_1_v.jpg"},"orderable":true,"show_badge":true,"formatted_price":"7,20&nbsp;\u20ac","formatted_published_date":"15 mars 2023","publisher_availability_label":"Sur commande","short_details":"Hiro Mashima \u2014 Pika \u00c9dition","translator":null,"weight":180,"page_count":192,"readership":"\u00e0 partir de 12 ANS","editor":"Pika \u00c9dition","price":720,"published_date":"2023-03-14T23:00:00.000000Z","support":"Poche","publisher_availability":1,"stock":0,"editions":[],"url":"https:\/\/quaidesbrumes.com\/ouvrage\/9782811677053\/edens-zero-tome-24"},{"id":"9782811669799","title":"Edens zero Tome 20 : trois ans plus tard","description":"Ziggy le Grand D\u00e9mon oeuvrait dans l'ombre pour s'emparer de Cosmos Aoi, et Shura comptait en profiter pour \u00e9liminer Nero, son propre p\u00e8re. Les desseins des uns et des autres ont conduit \u00e0 une grande bataille au coeur de Cosmos Aoi qui s'est sold\u00e9e par la destruction de l'Empire. Encore une fois, les pertes sont nombreuses... L'\u00e9quipage de l'Edens Zero pleure la disparition de l'une des leurs. Malgr\u00e9 la douleur, il se promet de venir \u00e0 bout de la menace que repr\u00e9sente Ziggy... Arriv\u00e9 \u00e0 un tournant tr\u00e8s important du r\u00e9cit, l'Edens Zero va s'envoler pour un nouveau voyage.","authors":["Hiro Mashima"],"category_codes":["3000000","3040000","3040500","3040508"],"visuals":{"large":"https:\/\/images.epagine.fr\/799\/9782811669799_1_75.jpg","medium":"https:\/\/images.epagine.fr\/799\/9782811669799_1_m.jpg","thumbnail":"https:\/\/images.epagine.fr\/799\/9782811669799_1_v.jpg"},"orderable":true,"show_badge":true,"formatted_price":"7,20&nbsp;\u20ac","formatted_published_date":"13 juillet 2022","publisher_availability_label":"Sur commande","short_details":"Hiro Mashima \u2014 Pika \u00c9dition","translator":null,"weight":216,"page_count":192,"readership":"\u00e0 partir de 12 ANS","editor":"Pika \u00c9dition","price":720,"published_date":"2022-07-12T22:00:00.000000Z","support":"Poche","publisher_availability":1,"stock":0,"editions":[],"url":"https:\/\/quaidesbrumes.com\/ouvrage\/9782811669799\/edens-zero-tome-20-trois-ans-plus-tard"},{"id":"9782353483037","title":"Le vendeur du magasin de v\u00e9los Tome 3","description":null,"authors":["Arare Matsumushi"],"category_codes":["3000000","3040000","3040600","3040609"],"visuals":{"large":"https:\/\/images.epagine.fr\/037\/9782353483037_1_75.jpg","medium":"https:\/\/images.epagine.fr\/037\/9782353483037_1_m.jpg","thumbnail":"https:\/\/images.epagine.fr\/037\/9782353483037_1_v.jpg"},"orderable":true,"show_badge":true,"formatted_price":"8,50&nbsp;\u20ac","formatted_published_date":"3 janvier 2024","publisher_availability_label":"Sur commande","short_details":"Arare Matsumushi \u2014 \u00c9ditions le l\u00e9zard noir","translator":null,"weight":188,"page_count":168,"readership":"\u00e0 partir de 14 ans","editor":"\u00c9ditions le l\u00e9zard noir","price":850,"published_date":"2024-01-02T23:00:00.000000Z","support":"Poche","publisher_availability":1,"stock":0,"editions":[],"url":"https:\/\/quaidesbrumes.com\/ouvrage\/9782353483037\/le-vendeur-du-magasin-de-velos-tome-3"},{"id":"9782348065156","title":"Printemps du peuple : Des derniers rois \u00e0 Marianne","description":"1815-1871 : trois r\u00e9volutions (1830, 1848, 1870), l'\u00e9chec d'une quatri\u00e8me (1871), un coup d'\u00c9tat (1851). Pourquoi ? Comment ? Et les autres r\u00e9volutions, industrielle, urbaine, culturelle, m\u00e9diatique, qu'en dire ? Pour tenter d'y voir clair, nos envoy\u00e9s sp\u00e9ciaux se sont int\u00e9ress\u00e9s \u00e0 Adolphe Thiers - oui oui, le \" boucher de la Commune \" mais aussi celui qui aurait inspir\u00e9 \u00e0 Balzac son Rastignac. On le suit dans ses relations compliqu\u00e9es avec Marianne, de plus en plus associ\u00e9e \u00e0 l'id\u00e9e r\u00e9publicaine, mais quelle R\u00e9publique ? Dans la travers\u00e9e des deux t(h)iers du si\u00e8cle, ce duo pas si improbable croise d'autres acteurs, George Sand ou Victor Hugo, mais aussi des rois, un pr\u00e9sident devenu empereur et, bien s\u00fbr, le \" peuple \", printemps de la d\u00e9mocratie oblige.","authors":["Fabrice Erre","Claire Fredj"],"category_codes":["3000000","3010000","3010300"],"visuals":{"large":"https:\/\/images.epagine.fr\/156\/9782348065156_1_75.jpg","medium":"https:\/\/images.epagine.fr\/156\/9782348065156_1_m.jpg","thumbnail":"https:\/\/images.epagine.fr\/156\/9782348065156_1_v.jpg"},"orderable":true,"show_badge":true,"formatted_price":"23,00&nbsp;\u20ac","formatted_published_date":"26 septembre 2024","publisher_availability_label":"Sur commande","short_details":"Fabrice Erre, Claire Fredj \u2014 La d\u00e9couverte","translator":null,"weight":624,"page_count":168,"readership":null,"editor":"La d\u00e9couverte","price":2300,"published_date":"2024-09-25T22:00:00.000000Z","support":"Grand format","publisher_availability":1,"stock":0,"editions":[],"url":"https:\/\/quaidesbrumes.com\/ouvrage\/9782348065156\/printemps-du-peuple-des-derniers-rois-a-marianne"},{"id":"9782889326532","title":"Golden goal Tome 2","description":"Na\u00efm, un jeune immigr\u00e9 marocain, perd de vue son fr\u00e8re lors de son arriv\u00e9e en Espagne. Une filiale de la mafia l'utilise pour acheminer une cargaison illicite en France, o\u00f9 il va passer un test de s\u00e9lection pour le c\u00e9l\u00e8bre club de football de la ville de Charmy.\u00a0 \r\nLes sc\u00e8nes d'action sont dynamiques et destin\u00e9es aux adolescents (Sh\u00f4nen). La s\u00e9rie combine les \u00e9l\u00e9ments des mangas de foot classiques avec des matchs palpitants m\u00ealant technique et strat\u00e9gie. Ce qui distingue Golden Goal, c'est son univers extrasportif, abordant la mafia, l'immigration et la trahison dans le milieu sportif, offrant ainsi une s\u00e9rie pleine de suspense et d'action.","authors":["Guillaume Main","Weijun Ni"],"category_codes":["3000000","3040000","3040500","3040511"],"visuals":{"large":"https:\/\/images.epagine.fr\/532\/9782889326532_1_75.jpg","medium":"https:\/\/images.epagine.fr\/532\/9782889326532_1_m.jpg","thumbnail":"https:\/\/images.epagine.fr\/532\/9782889326532_1_v.jpg"},"orderable":true,"show_badge":true,"formatted_price":"7,95&nbsp;\u20ac","formatted_published_date":"14 mai 2025","publisher_availability_label":"Sur commande","short_details":"Guillaume Main, Weijun Ni \u2014 Editions Paquet","translator":null,"weight":186,"page_count":null,"readership":"\u00e0 partir de 12 ANS","editor":"Editions Paquet","price":795,"published_date":"2025-05-13T22:00:00.000000Z","support":"Poche","publisher_availability":1,"stock":0,"editions":[],"url":"https:\/\/quaidesbrumes.com\/ouvrage\/9782889326532\/golden-goal-tome-2"},{"id":"9782016291283","title":"Black Gospel","description":"\u00ab I have a dream... \u00bb\r\nQuatre mots parmi les plus c\u00e9l\u00e8bres au monde, prononc\u00e9s par Martin Luther King le 28 ao\u00fbt 1963 \u00e0 Washington, lors de la c\u00e9l\u00e8bre Marche pour le travail et la libert\u00e9.\r\nMais quand, en ao\u00fbt 1983, on s'appr\u00eate \u00e0 c\u00e9l\u00e9brer le 20e anniversaire du fameux discours et que deux jeunes stagiaires d'un cabinet d'avocats de Manhattan sont retrouv\u00e9es mortes chez elles, on pense qu'un tueur en s\u00e9rie a commenc\u00e9 \u00e0 f\u00eater \u00e0 sa mani\u00e8re ce jour historique...\r\nDe New York \u00e0 Washington, en passant par Accra, la capitale du Ghana, l'inspecteur Jack Kovalski va voir sa vie changer \u00e0 jamais. Il va surtout traquer un criminel qui a toujours un coup d'avance sur lui.\r\nLe r\u00eave se transforme en cauchemar...\r\n\u00a0","authors":["Laurent-Fr\u00e9d\u00e9ric Boll\u00e9e","Boris Beuzelin"],"category_codes":["3000000","3020000","3020100","3020107"],"visuals":{"large":"https:\/\/images.epagine.fr\/283\/9782016291283_1_75.jpg","medium":"https:\/\/images.epagine.fr\/283\/9782016291283_1_m.jpg","thumbnail":"https:\/\/images.epagine.fr\/283\/9782016291283_1_v.jpg"},"orderable":true,"show_badge":true,"formatted_price":"25,95&nbsp;\u20ac","formatted_published_date":"4 juin 2025","publisher_availability_label":"Sur commande","short_details":"Laurent-Fr\u00e9d\u00e9ric Boll\u00e9e, Boris Beuzelin \u2014 ROBINSON","translator":null,"weight":1010,"page_count":168,"readership":"Tout public","editor":"ROBINSON","price":2595,"published_date":"2025-06-03T22:00:00.000000Z","support":"Grand format","publisher_availability":1,"stock":0,"editions":[],"url":"https:\/\/quaidesbrumes.com\/ouvrage\/9782016291283\/black-gospel"},{"id":"9782344057223","title":"La bataille de Sinope","description":"La plus grande bataille navale russo-turque !\r\nAvec la fin du XVIIIe si\u00e8cle, les fondations de l'Empire Ottoman avaient trembl\u00e9, annon\u00e7ant son lent d\u00e9clin. Au si\u00e8cle suivant, la Sublime Porte n'est plus que l'ombre d'elle-m\u00eame, un empire sous influence, pris en \u00e9tau entre une Russie, artisan d'une politique expansionniste sans concession, un Royaume-Uni qui craint pour la stabilit\u00e9 dans son empire colonial et une France qui est devenue une r\u00e9publique. Mais dans le jeu trouble des relations diplomatiques, chacun tente de duper l'autre sans prendre conscience que le chemin parfois emprunt\u00e9 conduit irr\u00e9m\u00e9diablement au conflit arm\u00e9. On commence par se disputer pour des futilit\u00e9s administratives avant d'envoyer des vaisseaux de guerre.  Le 26 septembre 1853, poussez par les partis bellicistes et craignant un soul\u00e8vement populaire, Abd\u00fcl Medjid 1er , 31\u00e8me sultan ottoman d\u00e9clare la guerre \u00e0 la Russie. Deux mois plus tard, les forces navales russes en Mer Noir se pr\u00e9sentent devant le port de Sinope. Nous sommes le 30 novembre 1853 et une escadre ottomane y mouillent paisiblement ses ancres.","authors":["Jean-Yves Delitte","Sandro"],"category_codes":["3000000","3020000","3020100","3020108"],"visuals":{"large":"https:\/\/images.epagine.fr\/223\/9782344057223_1_75.jpg","medium":"https:\/\/images.epagine.fr\/223\/9782344057223_1_m.jpg","thumbnail":"https:\/\/images.epagine.fr\/223\/9782344057223_1_v.jpg"},"orderable":true,"show_badge":true,"formatted_price":"16,00&nbsp;\u20ac","formatted_published_date":"16 avril 2025","publisher_availability_label":"Sur commande","short_details":"Jean-Yves Delitte, Sandro \u2014 Gl\u00e9nat","translator":null,"weight":584,"page_count":56,"readership":"Tout public","editor":"Gl\u00e9nat","price":1600,"published_date":"2025-04-15T22:00:00.000000Z","support":"Grand format","publisher_availability":1,"stock":0,"editions":[],"url":"https:\/\/quaidesbrumes.com\/ouvrage\/9782344057223\/la-bataille-de-sinope"},{"id":"9791039137584","title":"Katana Beast Tome 2","description":"Ibusuki croise la route de Hijimaru, qui devient le tout premier guerrier-b\u00eate des lapins. Au cours de leur p\u00e9riple, ils rencontrent deux nouveaux compagnons qui d\u00e9cident de les rejoindre. Leur aide sera pr\u00e9cieuse, car de redoutables adversaires veulent la peau de l'h\u00e9ro\u00efne !\r\nAkimine Kamijyo est une figure incontournable du manga, connue pour Samurai Deeper Kyo, un classique du r\u00e9cit historique et guerrier actuellement r\u00e9\u00e9dit\u00e9 chez Kana. Elle est aussi l'autrice de Code:Breaker chez Pika et a m\u00eame \u00e9t\u00e9 assistante de Rumiko Takahashi.\r\nAujourd'hui, elle fait son grand retour en France chez Panini Manga avec Juushin no Katana. Fid\u00e8le \u00e0 l'esprit de son oeuvre la plus embl\u00e9matique, ce nouveau titre m\u00eale arts martiaux et fantastique, port\u00e9 par son trait reconnaissable entre mille","authors":["Akimine Kamijy\u00f4"],"category_codes":["3000000","3040000","3040500","3040508"],"visuals":{"large":"https:\/\/images.epagine.fr\/584\/9791039137584_1_75.jpg","medium":"https:\/\/images.epagine.fr\/584\/9791039137584_1_m.jpg","thumbnail":"https:\/\/images.epagine.fr\/584\/9791039137584_1_v.jpg"},"orderable":true,"show_badge":true,"formatted_price":"7,29&nbsp;\u20ac","formatted_published_date":"20 ao\u00fbt 2025","publisher_availability_label":"Sur commande","short_details":"Akimine Kamijy\u00f4 \u2014 Panini","translator":null,"weight":176,"page_count":192,"readership":"\u00e0 partir de 12 ANS","editor":"Panini","price":729,"published_date":"2025-08-19T22:00:00.000000Z","support":"Poche","publisher_availability":1,"stock":0,"editions":[],"url":"https:\/\/quaidesbrumes.com\/ouvrage\/9791039137584\/katana-beast-tome-2"},{"id":"9782384962754","title":"Iruma \u00e0 l'\u00e9cole des d\u00e9mons Tome 27","description":"Asmodeus, contre un ennemi aux flammes plus fortes que les siennes !!\r\nEn pleine \u00e9preuve de \"l'arrache-coeur\", les anormaux ont bien du mal \u00e0 faire face \u00e0 leurs terribles enseignants, d'autant que le proviseur Sullivan menace de se joindre lui-m\u00eame \u00e0 la bataille ! Pour l'\u00e9viter, Asmodeus et Kamui doivent passer une alliance contre nature, ou plut\u00f4t... un \"accord entre gentlemen\" !","authors":["Osamu Nishi"],"category_codes":["3000000","3040000","3040500","3040510"],"visuals":{"large":"https:\/\/images.epagine.fr\/754\/9782384962754_1_75.jpg","medium":"https:\/\/images.epagine.fr\/754\/9782384962754_1_m.jpg","thumbnail":"https:\/\/images.epagine.fr\/754\/9782384962754_1_v.jpg"},"orderable":true,"show_badge":true,"formatted_price":"7,20&nbsp;\u20ac","formatted_published_date":"5 f\u00e9vrier 2025","publisher_availability_label":"Sur commande","short_details":"Osamu Nishi \u2014 Nobi Nobi","translator":null,"weight":170,"page_count":192,"readership":"\u00e0 partir de 8 ANS","editor":"Nobi Nobi","price":720,"published_date":"2025-02-04T23:00:00.000000Z","support":"Poche","publisher_availability":1,"stock":0,"editions":[],"url":"https:\/\/quaidesbrumes.com\/ouvrage\/9782384962754\/iruma-a-lecole-des-demons-tome-27"},{"id":"9782818966013","title":"Camomille et les chevaux Tome 4 : les champions","description":"Humour, po\u00e9sie et tendresse au club des Quatre-Fers. Camomille a 10 ans. Et elle a une passion : les chevaux. Mais \u00e7a n'a pas toujours \u00e9t\u00e9 le cas. Quand elle \u00e9tait petite et qu'elle passait devant le club \u00e9questre des Quatre-Fers, elle se pin\u00e7ait le nez. Et puis, elle a fait la connaissance d'un superbe cheval, Oc\u00e9an. Depuis, ils sont devenus ins\u00e9parables et ensemble, ils ne galopent pas, ils volent.","authors":["Lili M\u00e9sange","Stefano Turconi"],"category_codes":["3000000","3020000","3020200","3020211"],"visuals":{"large":"https:\/\/images.epagine.fr\/013\/9782818966013_1_75.jpg","medium":"https:\/\/images.epagine.fr\/013\/9782818966013_1_m.jpg","thumbnail":"https:\/\/images.epagine.fr\/013\/9782818966013_1_v.jpg"},"orderable":true,"show_badge":true,"formatted_price":"11,90&nbsp;\u20ac","formatted_published_date":"9 janvier 2019","publisher_availability_label":"Sur commande","short_details":"Lili M\u00e9sange, Stefano Turconi \u2014 Bamboo","translator":null,"weight":366,"page_count":48,"readership":"Tout public","editor":"Bamboo","price":1190,"published_date":"2019-01-08T23:00:00.000000Z","support":"Grand format","publisher_availability":1,"stock":0,"editions":[],"url":"https:\/\/quaidesbrumes.com\/ouvrage\/9782818966013\/camomille-et-les-chevaux-tome-4-les-champions"},{"id":"9791041114580","title":"Les grimpeurs Tome 1","description":"La seule BD o\u00f9 vous serez toujours \u00e0 bloc !\r\n\r\nEntre d\u00e9fis improbables, moments de camaraderie et situations loufoques et hilarantes, suivez les aventures d'une bande de potes grimpeurs dans l'univers d\u00e9jant\u00e9 de l'escalade en bloc. Une immersion pleine d'humour dans le monde des amateurs de grimpe dans lequel les petites gal\u00e8res s'effacent vite devant la passion.\r\n \r\nInclus : un cahier p\u00e9dagogique en partenariat avec la FFME - F\u00e9d\u00e9ration fran\u00e7aise de la montagne et de l'escalade","authors":["David Volpi","Jack Domon"],"category_codes":["3000000","3020000","3020200","3020211"],"visuals":{"large":"https:\/\/images.epagine.fr\/580\/9791041114580_1_75.jpg","medium":"https:\/\/images.epagine.fr\/580\/9791041114580_1_m.jpg","thumbnail":"https:\/\/images.epagine.fr\/580\/9791041114580_1_v.jpg"},"orderable":true,"show_badge":true,"formatted_price":"11,90&nbsp;\u20ac","formatted_published_date":"2 juillet 2025","publisher_availability_label":"Sur commande","short_details":"David Volpi, Jack Domon \u2014 Bamboo","translator":null,"weight":382,"page_count":48,"readership":"Tout public","editor":"Bamboo","price":1190,"published_date":"2025-07-01T22:00:00.000000Z","support":"Grand format","publisher_availability":1,"stock":0,"editions":[],"url":"https:\/\/quaidesbrumes.com\/ouvrage\/9791041114580\/les-grimpeurs-tome-1"},{"id":"9782344067444","title":"Baby Tome 3","description":"50% femme. 50% machine.\u00a0100% badass\u00a0!\r\n1er d\u00e9cembre 2043... le \u00ab Jour du Jugement \u00bb est proche.\u00a0Dans les rues d\u00e9labr\u00e9es de Ta\u00efwan un parasite inconnu,\u00a0Baby\u00a0transforme les \u00eatres humains en monstres m\u00e9caniques, provoquant un v\u00e9ritable carnage et poussant l'Humanit\u00e9 au bord de l'extinction. Attaqu\u00e9e par l'un de ces mutants, \u00c9lisa survit, mais un\u00a0Baby\u00a0r\u00e9ussit \u00e0 s'introduire dans sa main gauche, sans pour autant la transformer en un hybride m\u00e9canique\u00a0! Un an plus tard, \u00c9lisa d\u00e9cide de quitter la ville pour faire toute la lumi\u00e8re sur cette affaire. Alors qu'elle est gravement bless\u00e9e, elle croise sous terre une \u00e9quipe de chercheurs en mission secr\u00e8te\u00a0: ils doivent ramener une myst\u00e9rieuse jeune fille nomm\u00e9e Alice au sanctuaire des humains. Alors qu'ils sont cern\u00e9s par les mutants et se demandent si leur derni\u00e8re heure a sonn\u00e9, Alice pourrait bien \u00eatre la cl\u00e9 de l'\u00e9nigme... Quelle est la v\u00e9ritable origine de\u00a0Baby\u00a0? Le myst\u00e8re qui se cache derri\u00e8re tout ce chaos sera \u00e9lucid\u00e9 au moment m\u00eame o\u00f9 l'identit\u00e9 d'Alice sera r\u00e9v\u00e9l\u00e9e...\u00a0Apr\u00e8s\u00a0Yan, Chang Sheng revisite le r\u00e9cit postapocalyptique et le\u00a0survival\u00a0dans une trilogie d'action survitamin\u00e9e, entre\u00a0Parasite\u00a0et\u00a0The Walking Dead\u00a0!","authors":["Sheng Chang"],"category_codes":["3000000","3040000","3040600","3040603"],"visuals":{"large":"https:\/\/images.epagine.fr\/444\/9782344067444_1_75.jpg","medium":"https:\/\/images.epagine.fr\/444\/9782344067444_1_m.jpg","thumbnail":"https:\/\/images.epagine.fr\/444\/9782344067444_1_v.jpg"},"orderable":true,"show_badge":true,"formatted_price":"14,95&nbsp;\u20ac","formatted_published_date":"17 septembre 2025","publisher_availability_label":"Sur commande","short_details":"Sheng Chang \u2014 Gl\u00e9nat","translator":null,"weight":484,"page_count":312,"readership":"\u00e0 partir de 14 ans","editor":"Gl\u00e9nat","price":1495,"published_date":"2025-09-16T22:00:00.000000Z","support":"Grand format","publisher_availability":1,"stock":0,"editions":[],"url":"https:\/\/quaidesbrumes.com\/ouvrage\/9782344067444\/baby-tome-3"},{"id":"9782810208661","title":"Jane face aux Sir\u00e8nes","description":"Jane est une adolescente ordinaire et peu appr\u00e9ci\u00e9e. Quand ses riches parents d\u00e9c\u00e8dent lors d'un accident, Jane, adolescente ordinaire, se retrouve d\u00e9poss\u00e9d\u00e9e de ses biens, \u00e0 moins qu'elle ne se marie avec son horrible cousin qui ne la consid\u00e8re qu'avec d\u00e9dain. Son autre solution : trouver le plus rapidement possible son futur mari, en l'occurrence le beau Peter, qui pourrait ben accepter pour s'\u00e9loigner de son p\u00e8re le condamnant \u00e0 un avenir qu'il n'a pas choisi. Le plan aurait \u00e9t\u00e9 parfait, si Peter n'avait pas \u00e9t\u00e9 kidnapp\u00e9 par une sir\u00e8ne ! Sa derni\u00e8re chance de bonheur \u00e9tant perdue dans les profondeurs de la mer, Jane doit s'aventurer dans le monde sous-marin pour sauver son fianc\u00e9. Les myst\u00e8res et les cr\u00e9atures qui l'y attendent vont amener Jane, que tous voient comme banale et m\u00e9prisable, \u00e0 se d\u00e9couvrir une force et une volont\u00e9 uniques.","authors":["V\u00e9ra Brosgol","Alice Delarbre"],"category_codes":["3000000","3020000","3020200"],"visuals":{"large":"https:\/\/images.epagine.fr\/661\/9782810208661_1_75.jpg","medium":"https:\/\/images.epagine.fr\/661\/9782810208661_1_m.jpg","thumbnail":"https:\/\/images.epagine.fr\/661\/9782810208661_1_v.jpg"},"orderable":true,"show_badge":false,"formatted_price":"20,00&nbsp;\u20ac","formatted_published_date":"11 septembre 2024","publisher_availability_label":"Sur commande","short_details":"V\u00e9ra Brosgol, Alice Delarbre \u2014 Rue de S\u00e8vres","translator":"ALICE DELARBRE","weight":1100,"page_count":368,"readership":null,"editor":"Rue de S\u00e8vres","price":2000,"published_date":"2024-09-10T22:00:00.000000Z","support":"Grand format","publisher_availability":1,"stock":1,"editions":[],"url":"https:\/\/quaidesbrumes.com\/ouvrage\/9782810208661\/jane-face-aux-sirenes"},{"id":"9782368525692","title":"Goblin slayer Tome 2","description":"\" Je ne sauve pas le monde. Je ne fais que tuer des gobelins. \" En acceptant une qu\u00eate d'extermination de gobelins, Goblin Slayer est rejoint par un nouveau groupe d'aventuriers notamment compos\u00e9 d'une Elfe. Mais ces aventuriers doutent rapidement du bon sens de la personne qu'ils ont engag\u00e9e lorsqu'ils l'entendent dire qu'un massacre de gobelins est bien plus important que l'avenir de l'humanit\u00e9.\r\n Que lui apporteront ces nouveaux alli\u00e9s ?!","authors":["Kumo Kagyu","Kousuke Kurose","Fabien Nabhan"],"category_codes":["3000000","3040000","3040600","3040605"],"visuals":{"large":"https:\/\/images.epagine.fr\/692\/9782368525692_1_75.jpg","medium":"https:\/\/images.epagine.fr\/692\/9782368525692_1_m.jpg","thumbnail":"https:\/\/images.epagine.fr\/692\/9782368525692_1_v.jpg"},"orderable":true,"show_badge":true,"formatted_price":"7,65&nbsp;\u20ac","formatted_published_date":"15 novembre 2018","publisher_availability_label":"Sur commande","short_details":"Kumo Kagyu, Kousuke Kurose, Fabien Nabhan \u2014 Kurokawa","translator":"FABIEN NABHAN","weight":167,"page_count":178,"readership":"\u00e0 partir de 14 ans","editor":"Kurokawa","price":765,"published_date":"2018-11-14T23:00:00.000000Z","support":"Poche","publisher_availability":1,"stock":0,"editions":[],"url":"https:\/\/quaidesbrumes.com\/ouvrage\/9782368525692\/goblin-slayer-tome-2"},{"id":"9782378870904","title":"Scott Pilgrim - perfect edition Tome 1","description":"Scott Pilgrim a une vie g\u00e9niale. Il a vingt-trois ans, il joue dans un groupe de rock, il est \u00ab entre deux boulots \u00bb, et il sort avec une mignonne petite lyc\u00e9enne. Tout est fabuleux jusqu'au moment o\u00f9 une livreuse en rollers nomm\u00e9e Ramona Flowers, s\u00e9rieusement atomique et dangereusement trendy, commence \u00e0 traverser ses r\u00eaves et \u00e0 le croiser \u00e0 des f\u00eates. Mais le chemin qui m\u00e8ne \u00e0 Mlle Flowers n'est pas couvert de p\u00e9tales de roses. Ses sept ex-petits amis mal\u00e9fiques barrent la route du v\u00e9ritable bonheur de Scott. Pourra-t-il vaincre les m\u00e9chants et gagner le coeur de cette fille sans chambouler int\u00e9gralement sa pr\u00e9cieuse petite vie ?","authors":["Bryan lee O'malley","Philippe Touboul"],"category_codes":["3000000","3030000","3030100"],"visuals":{"large":"https:\/\/images.epagine.fr\/904\/9782378870904_1_75.jpg","medium":"https:\/\/images.epagine.fr\/904\/9782378870904_1_m.jpg","thumbnail":"https:\/\/images.epagine.fr\/904\/9782378870904_1_v.jpg"},"orderable":true,"show_badge":true,"formatted_price":"29,95&nbsp;\u20ac","formatted_published_date":"20 f\u00e9vrier 2019","publisher_availability_label":"Sur commande","short_details":"Bryan lee O'malley, Philippe Touboul \u2014 HiComics","translator":"PHILIPPE TOUBOUL","weight":904,"page_count":412,"readership":null,"editor":"HiComics","price":2995,"published_date":"2019-02-19T23:00:00.000000Z","support":"Grand format","publisher_availability":1,"stock":0,"editions":[],"url":"https:\/\/quaidesbrumes.com\/ouvrage\/9782378870904\/scott-pilgrim-perfect-edition-tome-1"},{"id":"9782811615444","title":"Seven Deadly Sins Tome 4","description":"Meliodas et toute la troupe ont r\u00e9ussi \u00e0 entrer dans la Capitale des D\u00e9funts. Tr\u00e8s vite, un combat s'engage entre Ban et King, car ce dernier accuse son ancien camarade d'avoir tu\u00e9 Ellaine, sa soeur cadette. Mais alors que King avait lanc\u00e9 sur Ban un sort de p\u00e9trification, Ellaine intervient pour le lib\u00e9rer. Elle supplie son fr\u00e8re de prot\u00e9ger Ban, et King r\u00e9int\u00e8gre donc les Seven Deadly Sins, balayant au passage Guila, un chevalier sacr\u00e9 qui donnait du fil \u00e0 retordre aux trois autres. Il est maintenant temps pour la petite bande de partir \u00e0 la recherche de leurs reliques, des armes qui leur conf\u00e8re des pouvoirs magiques ph\u00e9nom\u00e9naux !","authors":["Nakaba Suzuki"],"category_codes":["3000000","3040000","3040500","3040508"],"visuals":{"large":"https:\/\/images.epagine.fr\/444\/9782811615444_1_75.jpg","medium":"https:\/\/images.epagine.fr\/444\/9782811615444_1_m.jpg","thumbnail":"https:\/\/images.epagine.fr\/444\/9782811615444_1_v.jpg"},"orderable":true,"show_badge":true,"formatted_price":"7,20&nbsp;\u20ac","formatted_published_date":"20 ao\u00fbt 2014","publisher_availability_label":"Sur commande","short_details":"Nakaba Suzuki \u2014 Pika \u00c9dition","translator":null,"weight":186,"page_count":192,"readership":"\u00e0 partir de 12 ANS","editor":"Pika \u00c9dition","price":720,"published_date":"2014-08-19T22:00:00.000000Z","support":"Poche","publisher_availability":1,"stock":0,"editions":[],"url":"https:\/\/quaidesbrumes.com\/ouvrage\/9782811615444\/seven-deadly-sins-tome-4"},{"id":"9782344063743","title":"Choujin X Tome 7","description":"Tokio est de retour \u00e0 Yamato. Les retrouvailles avec ses coll\u00e8gues de Yamatomori seront br\u00e8ves. \u00c0 peine arriv\u00e9, il se pr\u00e9pare \u00e0 un nouvel affrontement contre Zora, et son \u00e9quipe est d\u00e9j\u00e0 en train d'\u00e9laborer une op\u00e9ration.Un combat qui embrassera le pass\u00e9, le pr\u00e9sent et le futur des choujin est sur le point de commencer.Ce tome abordera le th\u00e8me de la douleur, un mal qui n'\u00e9pargne aucune cr\u00e9ature, pas m\u00eame un choujin...","authors":["Sui Ishida"],"category_codes":["3000000","3040000","3040600","3040605"],"visuals":{"large":"https:\/\/images.epagine.fr\/743\/9782344063743_1_75.jpg","medium":"https:\/\/images.epagine.fr\/743\/9782344063743_1_m.jpg","thumbnail":"https:\/\/images.epagine.fr\/743\/9782344063743_1_v.jpg"},"orderable":true,"show_badge":true,"formatted_price":"7,90&nbsp;\u20ac","formatted_published_date":"3 juillet 2024","publisher_availability_label":"Sur commande","short_details":"Sui Ishida \u2014 Gl\u00e9nat","translator":null,"weight":198,"page_count":244,"readership":null,"editor":"Gl\u00e9nat","price":790,"published_date":"2024-07-02T22:00:00.000000Z","support":"Poche","publisher_availability":1,"stock":0,"editions":[],"url":"https:\/\/quaidesbrumes.com\/ouvrage\/9782344063743\/choujin-x-tome-7"},{"id":"9782723448529","title":"Bleach Tome 10 : tatoo on the sky","description":"Adolescent de quinze ans, Ichigo Kurosaki poss\u00e8de un don particulier : celui de voir les esprits. Un jour, il croise la route d'une belle shinigami (un \u00eatre spirituel) en train de pourchasser une \"\u00e2me perdue\", un esprit mal\u00e9fique qui hante notre monde et n'arrive pas \u00e0 trouver le repos. Mise en difficult\u00e9 par son ennemi, la jeune fille d\u00e9cide alors de pr\u00eater une partie de ses pouvoirs \u00e0 Ichigo, mais ce dernier h\u00e9rite finalement de toute la puissance d'un shinigami. Contraint d'assumer son nouveau statut, Ichigo va devoir g\u00e9rer ses deux vies : celle de lyc\u00e9en ordinaire, et celle de chasseur de d\u00e9mons... \u00ab Bleach \u00bb est un manga d'action au rythme tr\u00e9pidant, au graphisme soign\u00e9 et \u00e0 l'intrigue palpitante.","authors":["Tite Kubo"],"category_codes":["3000000","3040000","3040500","3040508"],"visuals":{"large":"https:\/\/images.epagine.fr\/529\/9782723448529_1_75.jpg","medium":"https:\/\/images.epagine.fr\/529\/9782723448529_1_m.jpg","thumbnail":"https:\/\/images.epagine.fr\/529\/9782723448529_1_v.jpg"},"orderable":true,"show_badge":true,"formatted_price":"7,20&nbsp;\u20ac","formatted_published_date":"20 avril 2005","publisher_availability_label":"Sur commande","short_details":"Tite Kubo \u2014 Gl\u00e9nat","translator":null,"weight":214,"page_count":208,"readership":"\u00e0 partir de 12 ANS","editor":"Gl\u00e9nat","price":720,"published_date":"2005-04-19T22:00:00.000000Z","support":"Poche","publisher_availability":1,"stock":0,"editions":[],"url":"https:\/\/quaidesbrumes.com\/ouvrage\/9782723448529\/bleach-tome-10-tatoo-on-the-sky"},{"id":"9782820351913","title":"Kill Blue Tome 7","description":"Gr\u00e2ce au rem\u00e8de \u00e9ph\u00e9m\u00e8re concoct\u00e9 par Eri, J\u00fbz\u00f4 a pu momentan\u00e9ment reprendre son apparence normale et sauver ses camarades du Club de travaux domestiques. Malheureusement, ce n'\u00e9tait pas sans risques puisque qu'il en subit d\u00e9sormais les effets secondaires... C'est dans ces circonstances que lui, Tenma et d'autres camarades se rendent sur une \u00eele isol\u00e9e o\u00f9 la famille de Noren poss\u00e8de une maison de vacances. Et d'apr\u00e8s les rumeurs, la r\u00e9sidence serait hant\u00e9e !! \u00c0 peine d\u00e9barqu\u00e9e sur les lieux, l'\u00e9quipe tombe sur un homme masqu\u00e9. Alors que la temp\u00eate se l\u00e8ve, un incident survient...","authors":["Tadatoshi Fujimaki"],"category_codes":["3000000","3040000","3040500","3040508"],"visuals":{"large":"https:\/\/images.epagine.fr\/913\/9782820351913_1_75.jpg","medium":"https:\/\/images.epagine.fr\/913\/9782820351913_1_m.jpg","thumbnail":"https:\/\/images.epagine.fr\/913\/9782820351913_1_v.jpg"},"orderable":true,"show_badge":true,"formatted_price":"7,29&nbsp;\u20ac","formatted_published_date":"5 novembre 2025","publisher_availability_label":"Sur commande","short_details":"Tadatoshi Fujimaki \u2014 Crunchyroll","translator":null,"weight":134,"page_count":null,"readership":"\u00e0 partir de 12 ANS","editor":"Crunchyroll","price":729,"published_date":"2025-11-04T23:00:00.000000Z","support":"Poche","publisher_availability":1,"stock":0,"editions":[],"url":"https:\/\/quaidesbrumes.com\/ouvrage\/9782820351913\/kill-blue-tome-7"},{"id":"9782344013243","title":"Tokyo ghoul : Re Tome 3","description":"Pour mettre un terme aux \"ench\u00e8res\" humaines des goules, le CCG lance une vaste op\u00e9ration de nettoyage, baptis\u00e9e \"Cl\u00f4ture des ench\u00e8res\". Le groupe \"Quinckes\" men\u00e9 par Haise Sasaki participe \u00e0 cette op\u00e9ration dans l'espoir de mettre la main sur sa propre cible, la goule \"Nutcracker\". Mais la silhouette tourment\u00e9e d'un \u00eatre familier s'approche d'eux, dans l'ombre. La nouvelle \"Chouette\". Lorsqu'il pose le regard sur cette ombre tortur\u00e9e surgie des abysses de son pass\u00e9, Haise entend la \"voix\" r\u00e9sonner en lui...","authors":["Sui Ishida"],"category_codes":["3000000","3040000","3040500","3040505"],"visuals":{"large":"https:\/\/images.epagine.fr\/243\/9782344013243_1_75.jpg","medium":"https:\/\/images.epagine.fr\/243\/9782344013243_1_m.jpg","thumbnail":"https:\/\/images.epagine.fr\/243\/9782344013243_1_v.jpg"},"orderable":true,"show_badge":true,"formatted_price":"7,20&nbsp;\u20ac","formatted_published_date":"11 mai 2016","publisher_availability_label":"Sur commande","short_details":"Sui Ishida \u2014 Gl\u00e9nat","translator":null,"weight":206,"page_count":244,"readership":"\u00e0 partir de 14 ans","editor":"Gl\u00e9nat","price":720,"published_date":"2016-05-10T22:00:00.000000Z","support":"Poche","publisher_availability":1,"stock":0,"editions":[],"url":"https:\/\/quaidesbrumes.com\/ouvrage\/9782344013243\/tokyo-ghoul-re-tome-3"},{"id":"9782368469286","title":"Hiver nucl\u00e9aire","description":"Caroline Breault, alias CAB, est une autrice illustratrice qu\u00e9becoise.\r\nApr\u00e8s des \u00e9tudes de graphisme, Cab vient \u00e0 la bande dessin\u00e9e \"sur le tard\", sur les conseils d'une amie elle-m\u00eame b\u00e9d\u00e9iste. Les oeuvres de Caroline Breault\/CAB sont r\u00e9solument engag\u00e9es et traitent de pr\u00e9occupations li\u00e9es \u00e0 la crise climatique, \u00e0 la crise du logement et aux luttes sociales. Son coup de crayon expressif et ses textes, bien que portant sur des sujets dramatiques, sont plein d'humour. Sa trilogie \r\nHiver nucl\u00e9aire a \u00e9t\u00e9 traduite en anglais, de m\u00eame que son roman graphique suivant \r\nUtown, qui remportera le Prix B\u00e9d\u00e9lys de la meilleure oeuvre qu\u00e9b\u00e9coise 2023.\r\nElle signe \u00e9galement des couvertures et des illustrations int\u00e9rieures pour plusieurs romans et albums jeunesse au Qu\u00e9bec.\r\nEntre les contrats d'illustration, Cab aime dessiner sa ville et ses fa\u00e7ades, prendre des photos 35mm, faire du v\u00e9lo, boire du caf\u00e9 et acheter des crayons dont elle n'a pas de besoin. Caroline Breault est aussi chroniqueuse pour le podcast \r\nLes Myst\u00e9rieux \u00e9tonnants.","authors":["Cab"],"category_codes":["3000000","3020000","3020100","3020104"],"visuals":{"large":"https:\/\/images.epagine.fr\/286\/9782368469286_1_75.jpg","medium":"https:\/\/images.epagine.fr\/286\/9782368469286_1_m.jpg","thumbnail":"https:\/\/images.epagine.fr\/286\/9782368469286_1_v.jpg"},"orderable":true,"show_badge":true,"formatted_price":"24,00&nbsp;\u20ac","formatted_published_date":"16 octobre 2025","publisher_availability_label":"Sur commande","short_details":"Cab \u2014 \u00c9ditions Steinkis","translator":null,"weight":758,"page_count":262,"readership":"Tout public","editor":"\u00c9ditions Steinkis","price":2400,"published_date":"2025-10-15T22:00:00.000000Z","support":"Grand format","publisher_availability":1,"stock":0,"editions":[],"url":"https:\/\/quaidesbrumes.com\/ouvrage\/9782368469286\/hiver-nucleaire"},{"id":"9782351429068","title":"Pok\u00e9mon - noir et blanc Tome 8","description":"Les aventures de deux dresseurs talentueux dans la r\u00e9gion d'Unys !\r\nLe combat fait toujours rage pour le titre de Champion de la Ligue. Mais, dans l'ombre, la Team Plasma poursuit ses manigances. Noir r\u00e9ussira-t-il \u00e0 lever le voile sur ces myst\u00e8res ?!","authors":["Hidenori Kusaka","Satoshi Yamamoto","Fabien Vautrin"],"category_codes":["3000000","3040000","3040500","3040508"],"visuals":{"large":"https:\/\/images.epagine.fr\/068\/9782351429068_1_75.jpg","medium":"https:\/\/images.epagine.fr\/068\/9782351429068_1_m.jpg","thumbnail":"https:\/\/images.epagine.fr\/068\/9782351429068_1_v.jpg"},"orderable":true,"show_badge":true,"formatted_price":"7,30&nbsp;\u20ac","formatted_published_date":"12 d\u00e9cembre 2013","publisher_availability_label":"Sur commande","short_details":"Hidenori Kusaka, Satoshi Yamamoto, Fabien Vautrin \u2014 Kurokawa","translator":"FABIEN VAUTRIN","weight":160,"page_count":176,"readership":"\u00e0 partir de 8 ANS","editor":"Kurokawa","price":730,"published_date":"2013-12-11T23:00:00.000000Z","support":"Poche","publisher_availability":1,"stock":0,"editions":[],"url":"https:\/\/quaidesbrumes.com\/ouvrage\/9782351429068\/pokemon-noir-et-blanc-tome-8"},{"id":"9791041115105","title":"Raja Tome 3","description":"L'unification de l'Inde antique : un r\u00e9cit digne des plus grandes mythologies ! Ne te satisfais jamais de ce que tu as \"maintenant\".L'oc\u00e9an... Trait d'union entre les terres, lien entre les continents.Les yeux riv\u00e9s sur l'horizon, Chandragupta d\u00e9taille le pass\u00e9 d'une formidable rencontre.Celle d'un homme aux yeux vairons. Celle d'un roi.L'intemporelle connexion entre deux destins qui s'appr\u00eatent marquer l'histoire...\u00c0 une \u00e9poque o\u00f9 le chaos succ\u00e8de \u00e0 l'ordre chaque fois que l'ordre prend le pas sur le chaos, Chandragupta et Kautilya continuent leur extraordinaire aventure !Dans le sang, dans les larmes, dans la bravoure et dans la d\u00e9termination, voici la conclusion d'une \u00e9pop\u00e9e que l'Histoire retiendra comme les pr\u00e9mices d'un bouleversement majeur !","authors":["K\u00f4ta Innami"],"category_codes":["3000000","3040000","3040600","3040607"],"visuals":{"large":"https:\/\/images.epagine.fr\/105\/9791041115105_1_75.jpg","medium":"https:\/\/images.epagine.fr\/105\/9791041115105_1_m.jpg","thumbnail":"https:\/\/images.epagine.fr\/105\/9791041115105_1_v.jpg"},"orderable":true,"show_badge":true,"formatted_price":"7,95&nbsp;\u20ac","formatted_published_date":"3 d\u00e9cembre 2025","publisher_availability_label":"Sur commande","short_details":"K\u00f4ta Innami \u2014 Bamboo","translator":null,"weight":254,"page_count":256,"readership":"\u00e0 partir de 14 ans","editor":"Bamboo","price":795,"published_date":"2025-12-02T23:00:00.000000Z","support":"Poche","publisher_availability":1,"stock":0,"editions":[],"url":"https:\/\/quaidesbrumes.com\/ouvrage\/9791041115105\/raja-tome-3"},{"id":"9782344027905","title":"Hawkmoon Tome 2 : La bataille de Kamarg","description":"La Kamarg seule contre le Mal !Le T\u00e9n\u00e9breux Empire continue d'\u00e9tendre son pouvoir sur le Vieux Continent. Tomb\u00e9 aux mains de l'ennemi, le duc Dorian Hawkmoon a \u00e9t\u00e9 victime d'une exp\u00e9rimentation effroyable, et le joyau noir implant\u00e9 sur son front assujettit d\u00e9sormais son esprit \u00e0 la volont\u00e9 du Baron Meliadus. Envoy\u00e9 comme espion en Kamarg, un des derniers royaumes libres, Dorian a pour mission de gagner la confiance de son souverain, le Comte Airain, et d'enlever sa fille Yisselda ! Mais ce plan machiav\u00e9lique pourrait bien \u00e9chouer gr\u00e2ce \u00e0 la science des savants de Kamarg. Toujours menac\u00e9 par le pouvoir de la pierre noire, Hawkmoon pourra-t-il arr\u00eater les Granbretons qui marchent sur la cit\u00e9 d'Aigues-Mortes ? Prot\u00e9g\u00e9e derri\u00e8re ses hautes tours sentinelles et dot\u00e9e d'une technologie puissante, la Kamarg peut se d\u00e9fendre. Mais elle n'a encore jamais affront\u00e9 d'adversaire aussi redoutable. Le l\u00e9gendaire duc de Koln parviendra-t-il \u00e0 prot\u00e9ger ses alli\u00e9s et emp\u00eacher la chute du Comte Airain face aux arm\u00e9es mal\u00e9fiques du Roi-Empereur d\u00e9g\u00e9n\u00e9r\u00e9...\r\n Apr\u00e8s Elric, l'adaptation de l'autre grande saga de fantasy de Michael Moorcock, cette ambitieuse s\u00e9rie continue de nous surprendre, r\u00e9v\u00e9lant une oeuvre sombre, m\u00e2tin\u00e9e de science primitive et de magie futuriste. Cycle \u00e9pique et inclassable par son m\u00e9lange de r\u00e9f\u00e9rences, Hawkmoon est aussi le r\u00e9cit d'une vengeance terrible que J\u00e9r\u00f4me Le Gris et Beno\u00eet Dellac magnifient avec g\u00e9n\u00e9rosit\u00e9. Ils redonnent \u00e0 cette oeuvre magistrale un souffle d'une troublante modernit\u00e9.","authors":["Michael Moorcock","J\u00e9r\u00f4me Le gris","Beno\u00eet Dellac","Didier Poli"],"category_codes":["3000000","3020000","3020100","3020105"],"visuals":{"large":"https:\/\/images.epagine.fr\/905\/9782344027905_1_75.jpg","medium":"https:\/\/images.epagine.fr\/905\/9782344027905_1_m.jpg","thumbnail":"https:\/\/images.epagine.fr\/905\/9782344027905_1_v.jpg"},"orderable":true,"show_badge":true,"formatted_price":"16,00&nbsp;\u20ac","formatted_published_date":"17 mai 2023","publisher_availability_label":"Sur commande","short_details":"Michael Moorcock, J\u00e9r\u00f4me Le gris, Beno\u00eet Dellac, Didier Poli \u2014 Gl\u00e9nat","translator":null,"weight":676,"page_count":64,"readership":null,"editor":"Gl\u00e9nat","price":1600,"published_date":"2023-05-16T22:00:00.000000Z","support":"Grand format","publisher_availability":1,"stock":0,"editions":[],"url":"https:\/\/quaidesbrumes.com\/ouvrage\/9782344027905\/hawkmoon-tome-2-la-bataille-de-kamarg"}]}