{"data":[{"id":"9791039143455","title":"Et voici Jeff ! La semaine de Jeff","description":"Il est de retour ! Le requin terrestre pr\u00e9f\u00e9r\u00e9 des fans, Jeff, repart pour une nouvelle vague d'aventures et cette fois, il n'est pas seul ! Retrouvez toute l'animalerie Marvel : le chien de Hawkeye, le chat de Captain Marvel, l'\u00e9cureuil d'\u00c9cureuillette, le dragon de Kitty Pryde et bien d'autres encore ! Mais quelle menace peut bien rassembler tous les animaux du Multivers ?\r\nBoost\u00e9 par sa popularit\u00e9 dans le jeu Marvel Rivals, Jeff revient dans un deuxi\u00e8me album d\u00e9bordant d'humour, m\u00ealant gags en une page et aventures plus longues. Un album irr\u00e9sistible, sans doute le plus transg\u00e9n\u00e9rationnel de l'ann\u00e9e !","authors":["Jason Loo","Kelly Thompson","Alyssa Wong","Nao Fuji","Gurihiru"],"category_codes":["3000000","3030000","3030400"],"visuals":{"large":"https:\/\/images.epagine.fr\/455\/9791039143455_1_75.jpg","medium":"https:\/\/images.epagine.fr\/455\/9791039143455_1_m.jpg","thumbnail":"https:\/\/images.epagine.fr\/455\/9791039143455_1_v.jpg"},"orderable":true,"show_badge":true,"formatted_price":"14,99&nbsp;\u20ac","formatted_published_date":"18 mars 2026","publisher_availability_label":"Sur commande","short_details":"Jason Loo, Kelly Thompson, Alyssa Wong, Nao Fuji, Gurihiru \u2014 Panini","translator":null,"weight":829,"page_count":160,"readership":null,"editor":"Panini","price":1499,"published_date":"2026-03-17T23:00:00.000000Z","support":"Grand format","publisher_availability":1,"stock":0,"editions":[],"url":"https:\/\/quaidesbrumes.com\/ouvrage\/9791039143455\/et-voici-jeff-la-semaine-de-jeff"},{"id":"9782302048560","title":"Elfes Tome 12 : la reine des Sylvains","description":"La jeune Ora, elfe Orpheline, est partag\u00e9e entre son d\u00e9sir de vengeance et le sort tragique du peuple Elfe qui l'a jadis abandonn\u00e9e.Ora, une jeune elfe \u00e9lev\u00e9e par des orcs est devenue une guerri\u00e8re et veut prouver \u00e0 tous qu'elle est digne du clan. Elle d\u00e9cide alors de se venger de celle qui a tu\u00e9 ses parents et l'a chass\u00e9e de sa for\u00eat : Eliseii, la reine des elfes. Mais la tuer condamnerait les Sylvains \u00e0 une mort certaine, car partout autour d'eux, les hommes meurent sous les crocs de monstres venus du Nord... avant de revenir \u00e0 la vie, affam\u00e9s et malveillants !","authors":["Nicolas Jarry","Gianluca Maconi","Olivier H\u00e9ban"],"category_codes":["3000000","3020000","3020100","3020105"],"visuals":{"large":"https:\/\/images.epagine.fr\/560\/9782302048560_1_75.jpg","medium":"https:\/\/images.epagine.fr\/560\/9782302048560_1_m.jpg","thumbnail":"https:\/\/images.epagine.fr\/560\/9782302048560_1_v.jpg"},"orderable":true,"show_badge":true,"formatted_price":"15,95&nbsp;\u20ac","formatted_published_date":"4 d\u00e9cembre 2015","publisher_availability_label":"Sur commande","short_details":"Nicolas Jarry, Gianluca Maconi, Olivier H\u00e9ban \u2014 Soleil","translator":null,"weight":592,"page_count":53,"readership":null,"editor":"Soleil","price":1595,"published_date":"2015-12-03T23:00:00.000000Z","support":"Grand format","publisher_availability":1,"stock":0,"editions":[],"url":"https:\/\/quaidesbrumes.com\/ouvrage\/9782302048560\/elfes-tome-12-la-reine-des-sylvains"},{"id":"9782302055858","title":"Elfes Tome 16 : rouge comme la lave","description":"L'ultime confrontation entre Lah'saa et les peuples unifi\u00e9s des Terres d'Arran...Contre toute attente, l'elfe bleu Ath\u00e9'non a surv\u00e9cu \u00e0 l'assaut de la forteresse de Kastennroc. Il est aux portes de la mort mais se venger de Lah'saa est une id\u00e9e qui l'aide \u00e0 survivre.Lah'saa qui, au pied de la citadelle de Slurce, n\u00e9gocie avec les elfes noirs... Soit ils l'acceptent comme leur souveraine, soit elle les d\u00e9truit tous. Les elfes Noirs acceptent et laissent Lah'saa atteindre l'objectif qu'elle s'est fix\u00e9e. L'elfe n\u00e9cromancienne exerce d\u00e9sormais son pouvoir sur les terres d'Arran \u00e0 partir de la citadelle...Mais une autre arm\u00e9e approche, dirig\u00e9e par Tenashep l'elfe blanc, Redwin le guerrier nain, Aamnon le seigneur elfe Bleu, Gal l'Yrlanais, et on raconte m\u00eame qu'il y aurait un mage parmi eux...","authors":["Jean-Luc Istin","Kyko Duarte","Olivier H\u00e9ban"],"category_codes":["3000000","3020000","3020100","3020105"],"visuals":{"large":"https:\/\/images.epagine.fr\/858\/9782302055858_1_75.jpg","medium":"https:\/\/images.epagine.fr\/858\/9782302055858_1_m.jpg","thumbnail":"https:\/\/images.epagine.fr\/858\/9782302055858_1_v.jpg"},"orderable":true,"show_badge":true,"formatted_price":"16,50&nbsp;\u20ac","formatted_published_date":"22 f\u00e9vrier 2017","publisher_availability_label":"Sur commande","short_details":"Jean-Luc Istin, Kyko Duarte, Olivier H\u00e9ban \u2014 Soleil","translator":null,"weight":664,"page_count":68,"readership":null,"editor":"Soleil","price":1650,"published_date":"2017-02-21T23:00:00.000000Z","support":"Grand format","publisher_availability":1,"stock":0,"editions":[],"url":"https:\/\/quaidesbrumes.com\/ouvrage\/9782302055858\/elfes-tome-16-rouge-comme-la-lave"},{"id":"9782302059603","title":"Elfes Tome 17 : le sang noir des Sylvains","description":"On ne peut oublier qui l'on est vraiment...Ilaw a sept ans quand ses parents l'abandonnent. C'est \u00e0 son oncle, un b\u00e2tard de Sylvain et de Bleu, capitaine de navire, que revient la t\u00e2che de l'\u00e9lever. Au fil des ann\u00e9es, le jeune elfe oublie tout de sa vie dans la for\u00eat. Apr\u00e8s plus d'une d\u00e9cennie pass\u00e9e en mer \u00e0 voguer de port en port, son oncle se fait tuer. Ilaw est alors livr\u00e9 \u00e0 lui-m\u00eame. Fuyant l'avanc\u00e9e des goules, il rencontre Ora, la reine de la for\u00eat de Duhann.Il pense avoir enfin trouv\u00e9 une nouvelle famille, un nouveau clan, jusqu'\u00e0 ce que des assassins elfes noirs lui r\u00e9v\u00e8lent le sombre secret qui se cache en lui et la raison pour laquelle ses parents l'ont jadis abandonn\u00e9...","authors":["Nicolas Jarry","Gianluca Maconi","Nicola Righi"],"category_codes":["3000000","3020000","3020100","3020105"],"visuals":{"large":"https:\/\/images.epagine.fr\/603\/9782302059603_1_75.jpg","medium":"https:\/\/images.epagine.fr\/603\/9782302059603_1_m.jpg","thumbnail":"https:\/\/images.epagine.fr\/603\/9782302059603_1_v.jpg"},"orderable":true,"show_badge":true,"formatted_price":"15,95&nbsp;\u20ac","formatted_published_date":"17 mai 2017","publisher_availability_label":"Sur commande","short_details":"Nicolas Jarry, Gianluca Maconi, Nicola Righi \u2014 Soleil","translator":null,"weight":626,"page_count":54,"readership":null,"editor":"Soleil","price":1595,"published_date":"2017-05-16T22:00:00.000000Z","support":"Grand format","publisher_availability":1,"stock":0,"editions":[],"url":"https:\/\/quaidesbrumes.com\/ouvrage\/9782302059603\/elfes-tome-17-le-sang-noir-des-sylvains"},{"id":"9782302071391","title":"Elfes Tome 22 : le gardien des racines","description":"Lah'saa est morte et la pluie a lav\u00e9 le sang de ses innombrables victimes... Mais les terres les plus sacr\u00e9es des Sylvains ont \u00e9t\u00e9 souill\u00e9es et la menace n'a jamais \u00e9t\u00e9 si grande.B\u00ealoenn, le ma\u00eetre des \u00e9corces irascible, veille sur les arbres anciens. Il vit en ermite jusqu'au jour o\u00f9 La\u00eadyss, une chasseuse dont le clan a \u00e9t\u00e9 massacr\u00e9, vient lui demander son aide. Partout sur les Terres d'Arran, les cr\u00e9atures des bois deviennent folles et attaquent les elfes Sylvains... L'origine du mal plonge ses racines au plus profond de la for\u00eat de Duhann, dans le sanctuaire de la reine Ora, gardienne du cristal vert...","authors":["Nicolas Jarry","Giancula Maconi"],"category_codes":["3000000","3020000","3020100","3020105"],"visuals":{"large":"https:\/\/images.epagine.fr\/391\/9782302071391_1_75.jpg","medium":"https:\/\/images.epagine.fr\/391\/9782302071391_1_m.jpg","thumbnail":"https:\/\/images.epagine.fr\/391\/9782302071391_1_v.jpg"},"orderable":true,"show_badge":true,"formatted_price":"15,95&nbsp;\u20ac","formatted_published_date":"21 novembre 2018","publisher_availability_label":"Sur commande","short_details":"Nicolas Jarry, Giancula Maconi \u2014 Soleil","translator":null,"weight":600,"page_count":51,"readership":null,"editor":"Soleil","price":1595,"published_date":"2018-11-20T23:00:00.000000Z","support":"Grand format","publisher_availability":1,"stock":0,"editions":[],"url":"https:\/\/quaidesbrumes.com\/ouvrage\/9782302071391\/elfes-tome-22-le-gardien-des-racines"},{"id":"9782302083141","title":"Orcs et gobelins Tome 10 : Dunnrak","description":"Un jour, en p\u00eachant, Dunnrak l'orc r\u00e9cup\u00e8re au fond du lac un pendentif. Lorsque le nom de son fr\u00e8re se grave sur la pierre, Dunnrak ne s'en pr\u00e9occupe pas, sauf que son fr\u00e8re meurt dans la journ\u00e9e et aussit\u00f4t son nom dispara\u00eet. Tr\u00e8s vite le ph\u00e9nom\u00e8ne se renouvelle. Dunnrak est-il fou ? Est-ce une pierre de divination ? Et pourquoi personne d'autre que lui ne peut lire les noms inscrits dans la pierre ?","authors":["Jean-Luc Istin","Alex Sierra"],"category_codes":["3000000","3020000","3020100","3020105"],"visuals":{"large":"https:\/\/images.epagine.fr\/141\/9782302083141_1_75.jpg","medium":"https:\/\/images.epagine.fr\/141\/9782302083141_1_m.jpg","thumbnail":"https:\/\/images.epagine.fr\/141\/9782302083141_1_v.jpg"},"orderable":true,"show_badge":true,"formatted_price":"16,50&nbsp;\u20ac","formatted_published_date":"21 octobre 2020","publisher_availability_label":"Sur commande","short_details":"Jean-Luc Istin, Alex Sierra \u2014 Soleil","translator":null,"weight":650,"page_count":52,"readership":null,"editor":"Soleil","price":1650,"published_date":"2020-10-20T22:00:00.000000Z","support":"Grand format","publisher_availability":1,"stock":0,"editions":[],"url":"https:\/\/quaidesbrumes.com\/ouvrage\/9782302083141\/orcs-et-gobelins-tome-10-dunnrak"},{"id":"9782302091429","title":"Orcs et gobelins Tome 15 : Lardeur","description":"S'ils avaient su ce qui les attendait en Terres des Ogres, Lardeur et sa bande de mercenaires ne seraient jamais descendus aussi loin au sud des Terres d'Arran. Mais quand la mort est \u00e0 vos trousses, et que vous avez d\u00e9j\u00e0 tout perdu, que vient le temps d'embrasser la Faucheuse, autant se pr\u00e9senter \u00e0 elle en v\u00e9ritable cul-vert, le poing serr\u00e9 et la rage au coeur.","authors":["Olivier Peru","Ma Yi"],"category_codes":["3000000","3020000","3020100","3020105"],"visuals":{"large":"https:\/\/images.epagine.fr\/429\/9782302091429_1_75.jpg","medium":"https:\/\/images.epagine.fr\/429\/9782302091429_1_m.jpg","thumbnail":"https:\/\/images.epagine.fr\/429\/9782302091429_1_v.jpg"},"orderable":true,"show_badge":true,"formatted_price":"15,95&nbsp;\u20ac","formatted_published_date":"10 novembre 2021","publisher_availability_label":"Sur commande","short_details":"Olivier Peru, Ma Yi \u2014 Soleil","translator":null,"weight":610,"page_count":51,"readership":null,"editor":"Soleil","price":1595,"published_date":"2021-11-09T23:00:00.000000Z","support":"Grand format","publisher_availability":1,"stock":0,"editions":[],"url":"https:\/\/quaidesbrumes.com\/ouvrage\/9782302091429\/orcs-et-gobelins-tome-15-lardeur"},{"id":"9791036366093","title":"Mo\u00fcn Tome 4 : Les Dragouna\u00ef contre-attaquent !","description":"Quelle ann\u00e9e mouvement\u00e9e au clos des dragons !\r\n\u00c9t\u00e9 comme hiver, Grumfy multiplie les ruses pour croquer les licornes.\r\nPers\u00e9fone et Moun d\u00e9couvrent pourtant bien pire que l'odieux troll : cousine Kimberly ! \r\nMais quand sa licorne Tiffany est kidnapp\u00e9e, celle-ci va pouvoir compter sur notre duo ador\u00e9.","authors":["C\u00e9cile Alix","Katherine Ferrier"],"category_codes":["3000000","3020000","3020200","3020206"],"visuals":{"large":"https:\/\/images.epagine.fr\/093\/9791036366093_1_75.jpg","medium":"https:\/\/images.epagine.fr\/093\/9791036366093_1_m.jpg","thumbnail":"https:\/\/images.epagine.fr\/093\/9791036366093_1_v.jpg"},"orderable":true,"show_badge":true,"formatted_price":"11,00&nbsp;\u20ac","formatted_published_date":"14 f\u00e9vrier 2024","publisher_availability_label":"Sur commande","short_details":"C\u00e9cile Alix, Katherine Ferrier \u2014 Bayard Jeunesse","translator":null,"weight":198,"page_count":64,"readership":null,"editor":"Bayard Jeunesse","price":1100,"published_date":"2024-02-13T23:00:00.000000Z","support":"Grand format","publisher_availability":1,"stock":0,"editions":[],"url":"https:\/\/quaidesbrumes.com\/ouvrage\/9791036366093\/moun-tome-4-les-dragounai-contre-attaquent"},{"id":"9782889323883","title":"Tomcat","description":"25 octobre 1994, au large de San Diego, Californie. Un F14 est sur le point d'apponter quand un grave incident se produit. Dans les ultimes secondes avant de se crasher, l'avion voit sa vie d\u00e9filer, de sa naissance \u00e0 son vol final...\r\nTOMCAT suit les destins entrem\u00eal\u00e9s de cet avion et de KARA HULTGREEN, la premi\u00e8re femme pilote de chasse am\u00e9ricaine de la Navy, des ann\u00e9es 80 \u00e0 90.\r\nLui, Fast Eagle 107, c'est le puissant F14 Tomcat dont le combat a\u00e9rien mythique dans le golf de Sidra a inspir\u00e9 le film Top Gun. Son probl\u00e8me : il a des r\u00e9acteurs capricieux, qui ont d\u00e9j\u00e0 caus\u00e9 la mort de plusieurs pilotes.\r\nElle, c'est Kara, solaire et audacieuse, qui veut devenir pilote de chasse de combat. Son probl\u00e8me : c'est une femme. Sans jamais se d\u00e9partir de son humour, cette brillante aviatrice pulv\u00e9rise un \u00e0 un les pr\u00e9jug\u00e9s du milieu de l'aviation militaire \u00e0 l'\u00e9gard de son genre.\r\nJusqu'\u00e0 ce qu'elle et ses comparses f\u00e9minines aient enfin le droit de piloter ce fameux F14.\r\nJusqu'\u00e0 ce fameux 25 octobre 1994...","authors":["Anastasia Heinzl","Romain Hugault"],"category_codes":["3000000","3020000","3020100","3020108"],"visuals":{"large":"https:\/\/images.epagine.fr\/883\/9782889323883_1_75.jpg","medium":"https:\/\/images.epagine.fr\/883\/9782889323883_1_m.jpg","thumbnail":"https:\/\/images.epagine.fr\/883\/9782889323883_1_v.jpg"},"orderable":true,"show_badge":true,"formatted_price":"17,50&nbsp;\u20ac","formatted_published_date":"30 octobre 2024","publisher_availability_label":"Sur commande","short_details":"Anastasia Heinzl, Romain Hugault \u2014 Editions Paquet","translator":null,"weight":696,"page_count":62,"readership":null,"editor":"Editions Paquet","price":1750,"published_date":"2024-10-29T23:00:00.000000Z","support":"Grand format","publisher_availability":1,"stock":0,"editions":[],"url":"https:\/\/quaidesbrumes.com\/ouvrage\/9782889323883\/tomcat"},{"id":"9782266330862","title":"La guerre des clans : le vent du changement","description":"Une aventure in\u00e9dite et illustr\u00e9e de la guerre des clans dans un tout nouveau format et en couleur !\r\nApr\u00e8s avoir \u00e9t\u00e9 chass\u00e9s de la for\u00eat, les clans ont trouv\u00e9 de nouveaux territoires o\u00f9 s'installer. Les \u00e9preuves qu'ils ont travers\u00e9es pourraient resserrer leurs liens. Mais Griffe de Pierre, le lieutenant du Clan du Vent, est m\u00e9fiant. Il ne croit pas \u00e0 une amiti\u00e9 entre les clans. Alors que son chef, \u00c9toile Filante, s'appr\u00eate \u00e0 d\u00e9signer son successeur, Griffe de Pierre se promet d'assurer l'avenir des siens, quel que soit le prix \u00e0 payer.","authors":["Erin Hunter","Dan Jolley","James L. Barry","Aude Carlier"],"category_codes":["3000000","3020000","3020200","3020205"],"visuals":{"large":"https:\/\/images.epagine.fr\/862\/9782266330862_1_75.jpg","medium":"https:\/\/images.epagine.fr\/862\/9782266330862_1_m.jpg","thumbnail":"https:\/\/images.epagine.fr\/862\/9782266330862_1_v.jpg"},"orderable":true,"show_badge":true,"formatted_price":"12,90&nbsp;\u20ac","formatted_published_date":"31 ao\u00fbt 2023","publisher_availability_label":"Sur commande","short_details":"Erin Hunter, Dan Jolley, James L. Barry, Aude Carlier \u2014 Pocket Jeunesse","translator":"AUDE CARLIER","weight":350,"page_count":208,"readership":"9\/12 ans","editor":"Pocket Jeunesse","price":1290,"published_date":"2023-08-30T22:00:00.000000Z","support":"Poche","publisher_availability":1,"stock":0,"editions":[],"url":"https:\/\/quaidesbrumes.com\/ouvrage\/9782266330862\/la-guerre-des-clans-le-vent-du-changement"},{"id":"9782207182024","title":"Tamara Drewe","description":"Avec son nez refait, ses jambes interminables, ses airs de princesse sexy, son job dans la presse de caniveau, ses aspirations \u00e0 la c\u00e9l\u00e9brit\u00e9 et sa facilit\u00e9 \u00e0 briser les coeurs, Tamara Drewe est l'Amazone urbaine du XXI? si\u00e8cle. Son retour \u00e0 la campagne, dans le village o\u00f9 a v\u00e9cu sa m\u00e8re, est un choc pour la petite communaut\u00e9 qui y prosp\u00e8re en paix. Hommes et femmes, bobos et ruraux, auteur \u00e0 gros tirage, universitaire frustr\u00e9, rock star au rancart, fils du pays, teenagers locales gav\u00e9es de people, tous et toutes sont attir\u00e9s par Tamara, dont la beaut\u00e9 pyromane, les liaisons dangereuses et les divagations amoureuses \u00e9veillent d'obscures passions et provoquent un encha\u00eenement de circonstances aboutissant \u00e0 une trag\u00e9die \u00e0 la Posy Simmonds, c'est-\u00e0-dire \u00e0 la fois poignante et absurde. Librement inspir\u00e9 du roman de Thomas Hardy Loin de la foule d\u00e9cha\u00een\u00e9e, un portrait \u00e0 charge d\u00e9licieusement cruel et ironique de l'Angleterre d'aujourd'hui.","authors":["Posy Simmonds"],"category_codes":["3000000","3020000"],"visuals":{"large":"https:\/\/images.epagine.fr\/024\/9782207182024_1_75.jpg","medium":"https:\/\/images.epagine.fr\/024\/9782207182024_1_m.jpg","thumbnail":"https:\/\/images.epagine.fr\/024\/9782207182024_1_v.jpg"},"orderable":true,"show_badge":true,"formatted_price":"22,90&nbsp;\u20ac","formatted_published_date":"26 avril 2024","publisher_availability_label":"Sur commande","short_details":"Posy Simmonds \u2014 \u00c9ditions Deno\u00ebl","translator":null,"weight":554,"page_count":136,"readership":null,"editor":"\u00c9ditions Deno\u00ebl","price":2290,"published_date":"2024-04-25T22:00:00.000000Z","support":"Grand format","publisher_availability":1,"stock":0,"editions":[],"url":"https:\/\/quaidesbrumes.com\/ouvrage\/9782207182024\/tamara-drewe"},{"id":"9782803632992","title":"Thorgal Tome 34 : Kah-Aniel","description":"Alors que Thorgal, \u00e0 bord du Bateau-Sabre, se dirige vers Bag Dadh \u00e0 la recherche d'Aniel, la belle et myst\u00e9rieuse Salouma lui apprend que les Magiciens Rouges ont condamn\u00e9 son fils \u00e0 mort afin qu'il renaisse en tant que Ma\u00eetre des Magiciens Rouges. Salouma lui raconte l'histoire de la ville de Bag Dadh et de la Confr\u00e9rie des Magiciens Rouges. A la lumi\u00e8re de ce r\u00e9cit, Thorgal se trouve face \u00e0 un dilemme : sauver son fils ou sauver Bag Dadh de la tyrannie ? La vie de son fils vaut-elle la souffrance d'une ville enti\u00e8re ?","authors":["Yves Sente","Jean Van Hamme","Grzegorz Rosinski"],"category_codes":["3000000","3020000","3020200","3020205"],"visuals":{"large":"https:\/\/images.epagine.fr\/992\/9782803632992_1_75.jpg","medium":"https:\/\/images.epagine.fr\/992\/9782803632992_1_m.jpg","thumbnail":"https:\/\/images.epagine.fr\/992\/9782803632992_1_v.jpg"},"orderable":true,"show_badge":true,"formatted_price":"13,95&nbsp;\u20ac","formatted_published_date":"7 novembre 2013","publisher_availability_label":"Sur commande","short_details":"Yves Sente, Jean Van Hamme, Grzegorz Rosinski \u2014 \u00c9ditions du Lombard","translator":null,"weight":390,"page_count":46,"readership":"\u00e0 partir de 9 ANS","editor":"\u00c9ditions du Lombard","price":1395,"published_date":"2013-11-06T23:00:00.000000Z","support":"Grand format","publisher_availability":1,"stock":0,"editions":[],"url":"https:\/\/quaidesbrumes.com\/ouvrage\/9782803632992\/thorgal-tome-34-kah-aniel"},{"id":"9782731623468","title":"L'Incal ; une aventure de John Difool Tome 4 : ce qui est en haut","description":"Le classique de Moebius et Jodorowsky enfin restaur\u00e9 dans ses couleurs d'origine continue sa parution en tomes s\u00e9par\u00e9s.\r","authors":["Alexandro Jodorowsky","Moebius"],"category_codes":["3000000","3020000","3020100","3020104"],"visuals":{"large":"https:\/\/images.epagine.fr\/468\/9782731623468_1_75.jpg","medium":"https:\/\/images.epagine.fr\/468\/9782731623468_1_m.jpg","thumbnail":"https:\/\/images.epagine.fr\/468\/9782731623468_1_v.jpg"},"orderable":true,"show_badge":true,"formatted_price":"15,50&nbsp;\u20ac","formatted_published_date":"20 avril 2011","publisher_availability_label":"Sur commande","short_details":"Alexandro Jodorowsky, Moebius \u2014 Les Humano\u00efdes Associ\u00e9s","translator":null,"weight":614,"page_count":60,"readership":"\u00e0 partir de 12 ANS","editor":"Les Humano\u00efdes Associ\u00e9s","price":1550,"published_date":"2011-04-19T22:00:00.000000Z","support":"Grand format","publisher_availability":1,"stock":0,"editions":["9782731657012"],"url":"https:\/\/quaidesbrumes.com\/ouvrage\/9782731623468\/lincal-une-aventure-de-john-difool-tome-4-ce-qui-est-en-haut"},{"id":"9782344014110","title":"Requiem, chevalier vampire Tome 10 : bain de sang","description":"Rien de tel qu'un bain de sang pour se refaire une beaut\u00e9.Obs\u00e9d\u00e9e par la jeunesse \u00e9ternelle, la comtesse Bathory a pris l'habitude de se laver dans le sang des vierges pour pr\u00e9server sa beaut\u00e9. Ce nouvel \u00e9pisode des p\u00e9r\u00e9grinations du chevalier vampire fait la part belle \u00e0 ce personnage mythique, cruel et envo\u00fbtant qui a jadis v\u00e9ritablement exist\u00e9 sur les terres hongroises. Inspir\u00e9 de son histoire, ce nouvel opus aux dessins spectaculaires va faire plaisir \u00e0 tous les fans de dark fantasy !","authors":["Pat Mills","Olivier Ledroit"],"category_codes":["3000000","3020000","3020100","3020105"],"visuals":{"large":"https:\/\/images.epagine.fr\/110\/9782344014110_1_75.jpg","medium":"https:\/\/images.epagine.fr\/110\/9782344014110_1_m.jpg","thumbnail":"https:\/\/images.epagine.fr\/110\/9782344014110_1_v.jpg"},"orderable":true,"show_badge":true,"formatted_price":"16,00&nbsp;\u20ac","formatted_published_date":"17 ao\u00fbt 2022","publisher_availability_label":"Sur commande","short_details":"Pat Mills, Olivier Ledroit \u2014 Gl\u00e9nat","translator":null,"weight":401,"page_count":62,"readership":"\u00e0 partir de 16 ans","editor":"Gl\u00e9nat","price":1600,"published_date":"2022-08-16T22:00:00.000000Z","support":"Grand format","publisher_availability":1,"stock":0,"editions":[],"url":"https:\/\/quaidesbrumes.com\/ouvrage\/9782344014110\/requiem-chevalier-vampire-tome-10-bain-de-sang"},{"id":"9782803607549","title":"Thorgal Tome 15 : le ma\u00eetre des montagnes","description":"La saga viking continue... O\u00f9 l'on verra Thorgal vivre dans le futur.","authors":["Jean Van Hamme","Grzegorz Rosinski"],"category_codes":["3000000","3020000","3020200","3020205"],"visuals":{"large":"https:\/\/images.epagine.fr\/549\/9782803607549_1_75.jpg","medium":"https:\/\/images.epagine.fr\/549\/9782803607549_1_m.jpg","thumbnail":"https:\/\/images.epagine.fr\/549\/9782803607549_1_v.jpg"},"orderable":true,"show_badge":true,"formatted_price":"13,95&nbsp;\u20ac","formatted_published_date":"7 juin 1996","publisher_availability_label":"Sur commande","short_details":"Jean Van Hamme, Grzegorz Rosinski \u2014 \u00c9ditions du Lombard","translator":null,"weight":350,"page_count":48,"readership":"\u00e0 partir de 9 ANS","editor":"\u00c9ditions du Lombard","price":1395,"published_date":"1996-06-06T22:00:00.000000Z","support":"Grand format","publisher_availability":1,"stock":0,"editions":[],"url":"https:\/\/quaidesbrumes.com\/ouvrage\/9782803607549\/thorgal-tome-15-le-maitre-des-montagnes"},{"id":"9782803609321","title":"Thorgal Tome 17 : la gardienne des cl\u00e9s","description":"Thorgal et ses amis sont sur une \u00eele o\u00f9 r\u00e8gne la redoutable Kriss de Valnor qui ne tardera pas \u00e0 les prendre en otages...","authors":["Jean Van Hamme","Grzegorz Rosinski"],"category_codes":["3000000","3020000","3020200","3020205"],"visuals":{"large":"https:\/\/images.epagine.fr\/321\/9782803609321_1_75.jpg","medium":"https:\/\/images.epagine.fr\/321\/9782803609321_1_m.jpg","thumbnail":"https:\/\/images.epagine.fr\/321\/9782803609321_1_v.jpg"},"orderable":true,"show_badge":true,"formatted_price":"13,95&nbsp;\u20ac","formatted_published_date":"7 juin 1996","publisher_availability_label":"Sur commande","short_details":"Jean Van Hamme, Grzegorz Rosinski \u2014 \u00c9ditions du Lombard","translator":null,"weight":345,"page_count":null,"readership":"\u00e0 partir de 9 ANS","editor":"\u00c9ditions du Lombard","price":1395,"published_date":"1996-06-06T22:00:00.000000Z","support":"Grand format","publisher_availability":1,"stock":0,"editions":[],"url":"https:\/\/quaidesbrumes.com\/ouvrage\/9782803609321\/thorgal-tome-17-la-gardienne-des-cles"},{"id":"9782803611010","title":"Thorgal Tome 20 : la marque des bannis","description":"Comme le veut la loi viking, le coupable d'un crime doit \u00eatre banni en m\u00eame temps que toute sa famille. Et, afin que chacun connaisse leur faute, on leur appose sur la joue, au fer rouge, la marque des bannis. Suite \u00e0 une abominable machination, Thorgal et les siens deviennent des r\u00e9prouv\u00e9s du monde viking.","authors":["Jean Van Hamme","Grzegorz Rosinski"],"category_codes":["3000000","3020000","3020200","3020205"],"visuals":{"large":"https:\/\/images.epagine.fr\/010\/9782803611010_1_75.jpg","medium":"https:\/\/images.epagine.fr\/010\/9782803611010_1_m.jpg","thumbnail":"https:\/\/images.epagine.fr\/010\/9782803611010_1_v.jpg"},"orderable":true,"show_badge":true,"formatted_price":"13,95&nbsp;\u20ac","formatted_published_date":"7 juin 1996","publisher_availability_label":"Sur commande","short_details":"Jean Van Hamme, Grzegorz Rosinski \u2014 \u00c9ditions du Lombard","translator":null,"weight":400,"page_count":null,"readership":"\u00e0 partir de 9 ANS","editor":"\u00c9ditions du Lombard","price":1395,"published_date":"1996-06-06T22:00:00.000000Z","support":"Grand format","publisher_availability":1,"stock":0,"editions":[],"url":"https:\/\/quaidesbrumes.com\/ouvrage\/9782803611010\/thorgal-tome-20-la-marque-des-bannis"},{"id":"9782413038153","title":"Calamity Jane Tome 1 : la fi\u00e8vre","description":"Jane prend son r\u00f4le d'a\u00een\u00e9e tr\u00e8s au s\u00e9rieux car son p\u00e8re est parti quelques jours en ville, la laissant en charge de ses fr\u00e8res et soeurs. Ils sont pauvres, livr\u00e9s \u00e0 eux-m\u00eames dans ce ranch au milieu d'une nature sauvage. La vie est dure mais ils ne sont pas malheureux : jeux, aventures, chamailleries, fous rires, tout irait pour le mieux si la petite derni\u00e8re de 3 ans n'\u00e9tait pas tomb\u00e9e malade...","authors":["Adeline Avril"],"category_codes":["3000000","3020000","3020200","3020209"],"visuals":{"large":"https:\/\/images.epagine.fr\/153\/9782413038153_1_75.jpg","medium":"https:\/\/images.epagine.fr\/153\/9782413038153_1_m.jpg","thumbnail":"https:\/\/images.epagine.fr\/153\/9782413038153_1_v.jpg"},"orderable":true,"show_badge":true,"formatted_price":"11,50&nbsp;\u20ac","formatted_published_date":"6 octobre 2021","publisher_availability_label":"Sur commande","short_details":"Adeline Avril \u2014 Delcourt","translator":null,"weight":422,"page_count":48,"readership":null,"editor":"Delcourt","price":1150,"published_date":"2021-10-05T22:00:00.000000Z","support":"Grand format","publisher_availability":1,"stock":0,"editions":[],"url":"https:\/\/quaidesbrumes.com\/ouvrage\/9782413038153\/calamity-jane-tome-1-la-fievre"},{"id":"9782820338228","title":"Hell's paradise Tome 9","description":"Par leurs efforts conjugu\u00e9s, Gantetsusai et Fuchi sont parvenus \u00e0 toucher le dan tian de Taofa, contraignant ce dernier \u00e0 appeler \u00e0 l'aide Jufa, lui-m\u00eame confront\u00e9 aux fr\u00e8res Aza. L'\u00e9trange \"couple\" de tensen acc\u00e8de alors au kishikai par le biais de la fusion, d\u00e9voilant un monstre volant dont la taille comme la vitesse sont d\u00e9cupl\u00e9es. Pour esp\u00e9rer venir \u00e0 bout de cet \u00eatre surpuissant, les bandits Aza vont devoir conjuguer leur tao \u00e0 ceux de Fuchi et Gantetsusai...\r","authors":["Y\u00fbji Kaku","Thibaud Desbief"],"category_codes":["3000000","3040000","3040500","3040505"],"visuals":{"large":"https:\/\/images.epagine.fr\/228\/9782820338228_1_75.jpg","medium":"https:\/\/images.epagine.fr\/228\/9782820338228_1_m.jpg","thumbnail":"https:\/\/images.epagine.fr\/228\/9782820338228_1_v.jpg"},"orderable":true,"show_badge":true,"formatted_price":"7,29&nbsp;\u20ac","formatted_published_date":"26 ao\u00fbt 2020","publisher_availability_label":"Sur commande","short_details":"Y\u00fbji Kaku, Thibaud Desbief \u2014 Crunchyroll","translator":"THIBAUD DESBIEF","weight":144,"page_count":208,"readership":"\u00e0 partir de 12 ANS","editor":"Crunchyroll","price":729,"published_date":"2020-08-25T22:00:00.000000Z","support":"Poche","publisher_availability":1,"stock":0,"editions":[],"url":"https:\/\/quaidesbrumes.com\/ouvrage\/9782820338228\/hells-paradise-tome-9"},{"id":"9782820340603","title":"Hell's paradise Tome 11","description":"Suite \u00e0 la mort de plusieurs Tensen et \u00e0 l'arriv\u00e9e du nouveau groupe compos\u00e9 des meilleurs shinobis du clan Iwagakure et des plus puissants membres Yamada Asaemon, Lhien d\u00e9cide de contre-attaquer. Il lance tous ses pr\u00eatres et leurs montures \u00e0 l'assaut des humains, transformant l'\u00eele en v\u00e9ritable champ de bataille ! Mais au milieu de la ru\u00e9e, ce sont les criminels qui semblent le plus en danger...","authors":["Y\u00fbji Kaku","Thibaud Desbief"],"category_codes":["3000000","3040000","3040500","3040505"],"visuals":{"large":"https:\/\/images.epagine.fr\/603\/9782820340603_1_75.jpg","medium":"https:\/\/images.epagine.fr\/603\/9782820340603_1_m.jpg","thumbnail":"https:\/\/images.epagine.fr\/603\/9782820340603_1_v.jpg"},"orderable":true,"show_badge":true,"formatted_price":"7,29&nbsp;\u20ac","formatted_published_date":"24 f\u00e9vrier 2021","publisher_availability_label":"Sur commande","short_details":"Y\u00fbji Kaku, Thibaud Desbief \u2014 Crunchyroll","translator":"THIBAUD DESBIEF","weight":140,"page_count":192,"readership":"\u00e0 partir de 12 ANS","editor":"Crunchyroll","price":729,"published_date":"2021-02-23T23:00:00.000000Z","support":"Poche","publisher_availability":1,"stock":0,"editions":[],"url":"https:\/\/quaidesbrumes.com\/ouvrage\/9782820340603\/hells-paradise-tome-11"},{"id":"9782811663308","title":"Kaguya-sama : love is war Tome 5","description":"Vous aimez les intrigues soutenues, le suspense, les sc\u00e9narii profonds et les illustrations riches et d\u00e9taill\u00e9es ?Retrouvez tous les meilleurs seinen du moment ! Laissez-vous \u00e9merveiller par la magie de L'Atelier des Sorciers ! Combattez les Titans au c\u00f4t\u00e9 d'Eren et Mikasa dans L'Attaque des Titans ! D\u00e9m\u00ealez les fils de l'Histoire dans NeuN ou Billy Bat ! Fr\u00e9missez avec Starving Anonymous et MPD Psycho !La collection Pika Seinen vous plonge dans une multitude d'univers intenses dont vous aurez bien du mal \u00e0 vous \u00e9chapper !\r","authors":["Aka Akasaka"],"category_codes":["3000000","3040000","3040600","3040609"],"visuals":{"large":"https:\/\/images.epagine.fr\/308\/9782811663308_1_75.jpg","medium":"https:\/\/images.epagine.fr\/308\/9782811663308_1_m.jpg","thumbnail":"https:\/\/images.epagine.fr\/308\/9782811663308_1_v.jpg"},"orderable":true,"show_badge":true,"formatted_price":"7,20&nbsp;\u20ac","formatted_published_date":"8 septembre 2021","publisher_availability_label":"Sur commande","short_details":"Aka Akasaka \u2014 Pika \u00c9dition","translator":null,"weight":222,"page_count":228,"readership":"\u00e0 partir de 14 ans","editor":"Pika \u00c9dition","price":720,"published_date":"2021-09-07T22:00:00.000000Z","support":"Poche","publisher_availability":1,"stock":0,"editions":[],"url":"https:\/\/quaidesbrumes.com\/ouvrage\/9782811663308\/kaguya-sama-love-is-war-tome-5"},{"id":"9782754822527","title":"La Terre des fils","description":"La Terre des fils marque un point de bascule dans l'oeuvre du grand auteur italien. Trois ans apr\u00e8s Vois comme ton ombre s'allonge, La Terre des fils r\u00e9v\u00e8le une nouvelle \u00e9criture dans l'oeuvre de Gipi. Un livre riche, tant roman d'anticipation que roman d'initiation, La Terre des fils est une oeuvre ambitieuse, r\u00e9flexion sur la langue et ode \u00e0 l'amour seul capable de changer le monde malgr\u00e9 les pires fl\u00e9aux. Pour ce magistral roman graphique, l'artiste renonce aux couleurs et au r\u00e9citatif. Seuls les silences et le dialogue racontent, en noir et blanc, une histoire \u00e2pre et magnifique. Travaillant de livre en livre sur le passage d'un \u00e2ge d'enfant \u00e0 celui d'adulte, Gipi interroge ici sur l'abandon et la mort mais surtout sur ce que nous laissons en h\u00e9ritage. D'une \u00e9criture minimaliste, il raconte une histoire d'\u00e9preuve ; celle de l'apprentissage de l'autonomie et de la connaissance de la r\u00e9alit\u00e9, illustrant de nouvelle mani\u00e8re l'all\u00e9gorie de la caverne de Platon. Une aventure en zone \u00e9trange empreinte ici de t\u00e9n\u00e8bres mais aussi de lumi\u00e8re et d'horizon. Incertain mais ouvert.","authors":["Gipi"],"category_codes":["3000000","3020000","3020100","3020104"],"visuals":{"large":"https:\/\/images.epagine.fr\/527\/9782754822527_1_75.jpg","medium":"https:\/\/images.epagine.fr\/527\/9782754822527_1_m.jpg","thumbnail":"https:\/\/images.epagine.fr\/527\/9782754822527_1_v.jpg"},"orderable":true,"show_badge":true,"formatted_price":"25,00&nbsp;\u20ac","formatted_published_date":"9 mars 2017","publisher_availability_label":"Sur commande","short_details":"Gipi \u2014 Futuropolis","translator":null,"weight":1198,"page_count":288,"readership":null,"editor":"Futuropolis","price":2500,"published_date":"2017-03-08T23:00:00.000000Z","support":"Grand format","publisher_availability":1,"stock":0,"editions":[],"url":"https:\/\/quaidesbrumes.com\/ouvrage\/9782754822527\/la-terre-des-fils"},{"id":"9782810201716","title":"Un concours plein d'obstacles !","description":"Rien ne fait plus plaisir \u00e0 Kati que d'aller au Haras retrouver son cheval. C'est dommage que sa meilleure copine Becky soit allergique, elle aurait ador\u00e9 avoir une alli\u00e9e \u00e0 ses c\u00f4t\u00e9s. Elle se sent vuln\u00e9rable sans elle.\r\nLes filles qui montent avec elles sont des pestes en particulier quand elle fait une chute ce qui malheureusement lui arrive r\u00e9guli\u00e8rement. Et l'\u00e9quilibre n'est pas son seul souci... elle n'est pas du tout s\u00fbre d'elle, tr\u00e8s complex\u00e9e par son petit embonpoint auquel son go\u00fbt pour les tshirt \u00e0 rayures horizontales ne rend pas forc\u00e9ment hommage.\r\nMais heureusement les choses finissent toujours par s'arranger.\r","authors":["Kristin Varner"],"category_codes":["3000000","3020000","3020200","3020203"],"visuals":{"large":"https:\/\/images.epagine.fr\/716\/9782810201716_1_75.jpg","medium":"https:\/\/images.epagine.fr\/716\/9782810201716_1_m.jpg","thumbnail":"https:\/\/images.epagine.fr\/716\/9782810201716_1_v.jpg"},"orderable":true,"show_badge":true,"formatted_price":"12,50&nbsp;\u20ac","formatted_published_date":"5 janvier 2022","publisher_availability_label":"Sur commande","short_details":"Kristin Varner \u2014 Rue de S\u00e8vres","translator":null,"weight":630,"page_count":272,"readership":null,"editor":"Rue de S\u00e8vres","price":1250,"published_date":"2022-01-04T23:00:00.000000Z","support":"Grand format","publisher_availability":1,"stock":0,"editions":[],"url":"https:\/\/quaidesbrumes.com\/ouvrage\/9782810201716\/un-concours-plein-dobstacles"},{"id":"9782373496703","title":"Yuzu, la petite v\u00e9t\u00e9rinaire Tome 5","description":"Le quotidien de Yuzu \u00e0 la clinique v\u00e9t\u00e9rinaire Miawouf est sur le point de changer : en effet, sa m\u00e8re est autoris\u00e9e \u00e0 sortir de l'h\u00f4pital et va vivre avec elle pendant deux semaines ! Au m\u00eame moment, deux chiots abandonn\u00e9s sont amen\u00e9s \u00e0 la clinique, et la fillette va devoir jouer les mamans de remplacement. L'apprentie v\u00e9t\u00e9rinaire va \u00e9galement faire la rencontre de Kenta, le carlin paresseux, de Mascotte, le matou qui n'en fait qu'\u00e0 sa t\u00eate et d'Alan, un chien qui ne parvient pas \u00e0 s'attacher \u00e0 son jeune ma\u00eetre...","authors":["Mingo Ito"],"category_codes":["3000000","3040000","3040400","3040402"],"visuals":{"large":"https:\/\/images.epagine.fr\/703\/9782373496703_1_75.jpg","medium":"https:\/\/images.epagine.fr\/703\/9782373496703_1_m.jpg","thumbnail":"https:\/\/images.epagine.fr\/703\/9782373496703_1_v.jpg"},"orderable":true,"show_badge":true,"formatted_price":"7,20&nbsp;\u20ac","formatted_published_date":"17 ao\u00fbt 2022","publisher_availability_label":"Sur commande","short_details":"Mingo Ito \u2014 Nobi Nobi","translator":null,"weight":140,"page_count":162,"readership":"\u00e0 partir de 8 ANS","editor":"Nobi Nobi","price":720,"published_date":"2022-08-16T22:00:00.000000Z","support":"Poche","publisher_availability":1,"stock":0,"editions":[],"url":"https:\/\/quaidesbrumes.com\/ouvrage\/9782373496703\/yuzu-la-petite-veterinaire-tome-5"}]}