{"data":[{"id":"9781835400432","title":"J'habille mes amies : Le royaume enchant\u00e9","description":"Un livre d'autocollants rempli de f\u00e9es, de licornes et de sir\u00e8nes \u00e0 habiller et de d\u00e9cors enchant\u00e9s \u00e0 compl\u00e9ter.\r\nD\u00e8s 5 ans\r\n\r\nLes enfants sont invit\u00e9s \u00e0 d\u00e9couvrir un royaume enchant\u00e9 rempli de f\u00e9es et de dragons qui traversent des arcs-en-ciel, un palais sous-marin peupl\u00e9 de phoques et de sir\u00e8nes, un champignon g\u00e9ant o\u00f9 dansent des f\u00e9es, une for\u00eat secr\u00e8te en compagnie de lutins... Ils auront plaisir \u00e0 habiller les amies et \u00e0 compl\u00e9ter les sc\u00e8nes enchant\u00e9es \u00e0 l'aide des nombreux autocollants de ce livre plein de magie.\r\n\r\nDes heures de plaisir pour les enfants qui, tout en s'amusant, pourront donner libre cours \u00e0 leur imagination et d\u00e9velopper leur motricit\u00e9 fine et leur concentration.\r\n?Une collection \u00e0 grand succ\u00e8s, tr\u00e8s appr\u00e9ci\u00e9e des enfants.\r\nUne s\u00e9rie incontournable avec plus de 34 millions de copies vendues dans le monde. \r\n\r\nbroch\u00e9 \/ 24 pages + 10 pages autocollants \/ d\u00e8s 5 ans","authors":["Fiona Watt","Antonia Miller"],"category_codes":["2000000","2080000","2080200"],"visuals":{"large":"https:\/\/images.epagine.fr\/432\/9781835400432_1_75.jpg","medium":"https:\/\/images.epagine.fr\/432\/9781835400432_1_m.jpg","thumbnail":"https:\/\/images.epagine.fr\/432\/9781835400432_1_v.jpg"},"orderable":true,"show_badge":true,"formatted_price":"7,50&nbsp;\u20ac","formatted_published_date":"11 avril 2024","publisher_availability_label":"Sur commande","short_details":"Fiona Watt, Antonia Miller \u2014 Usborne","translator":null,"weight":292,"page_count":34,"readership":"\u00e0 partir de 5 ANS","editor":"Usborne","price":750,"published_date":"2024-04-10T22:00:00.000000Z","support":"Papeterie \/ Coloriage","publisher_availability":1,"stock":0,"editions":[],"url":"https:\/\/quaidesbrumes.com\/ouvrage\/9781835400432\/jhabille-mes-amies-le-royaume-enchante"},{"id":"9782017333791","title":"Vampire Diaries Tome 1 : Le r\u00e9veil","description":"D\u00e8s l'arriv\u00e9e de Stefan Salvatore \u00e0 Fell's Church, Elena, la reine du lyc\u00e9e, se jure de le s\u00e9duire. D'abord distant, le gar\u00e7on aux allures d'ange rebelle finit par c\u00e9der \u00e0 sa passion d\u00e9vorante... et lui r\u00e9v\u00e9ler son terrible secret. Quelques si\u00e8cles plus t\u00f4t, la femme qu'il aimait l'a transform\u00e9 en vampire, avant de le trahir avec son fr\u00e8re ennemi, Damon. Des \u00e9v\u00e9nements tragiques se succ\u00e8dent bient\u00f4t. Tout accuse Stefan mais Elena est convaincue de son innocence.\r\n","authors":["L. J. Smith","Agn\u00e8s Girard","Maud Godoc"],"category_codes":["2000000","2050000","2050200"],"visuals":{"large":"https:\/\/images.epagine.fr\/791\/9782017333791_1_75.jpg","medium":"https:\/\/images.epagine.fr\/791\/9782017333791_1_m.jpg","thumbnail":"https:\/\/images.epagine.fr\/791\/9782017333791_1_v.jpg"},"orderable":true,"show_badge":true,"formatted_price":"7,90&nbsp;\u20ac","formatted_published_date":"20 ao\u00fbt 2025","publisher_availability_label":"Sur commande","short_details":"L. J. Smith, Agn\u00e8s Girard, Maud Godoc \u2014 Le Livre de Poche Jeunesse","translator":"AGNES GIRARD","weight":268,"page_count":448,"readership":"\u00e0 partir de 13 ANS","editor":"Le Livre de Poche Jeunesse","price":790,"published_date":"2025-08-19T22:00:00.000000Z","support":"Poche","publisher_availability":1,"stock":0,"editions":[],"url":"https:\/\/quaidesbrumes.com\/ouvrage\/9782017333791\/vampire-diaries-tome-1-le-reveil"},{"id":"9782955777091","title":"Philonimo Tome 2 : le corbeau d'\u00c9pict\u00e8te","description":"Depuis des milliers d'ann\u00e9es les corbeaux croassent, et depuis des milliers d'ann\u00e9es les hommes craignent d'y lire un mauvais pr\u00e9sage. Mais de quoi d\u00e9pend mon bonheur ? D'un oiseau ? D'un signe ? De l'avenir ?","authors":["Alice Bri\u00e8re-Haquet","Csil"],"category_codes":["2000000","2070000","2070700"],"visuals":{"large":"https:\/\/images.epagine.fr\/091\/9782955777091_1_75.jpg","medium":"https:\/\/images.epagine.fr\/091\/9782955777091_1_m.jpg","thumbnail":"https:\/\/images.epagine.fr\/091\/9782955777091_1_v.jpg"},"orderable":true,"show_badge":true,"formatted_price":"9,00&nbsp;\u20ac","formatted_published_date":"28 ao\u00fbt 2020","publisher_availability_label":"Sur commande","short_details":"Alice Bri\u00e8re-Haquet, Csil \u2014 3oeil","translator":null,"weight":80,"page_count":32,"readership":"\u00e0 partir de 10 ANS","editor":"3oeil","price":900,"published_date":"2020-08-27T22:00:00.000000Z","support":"Grand format","publisher_availability":1,"stock":0,"editions":[],"url":"https:\/\/quaidesbrumes.com\/ouvrage\/9782955777091\/philonimo-tome-2-le-corbeau-depictete"},{"id":"9782745938046","title":"Les bateaux","description":"Des documentaires illustr\u00e9s qui r\u00e9pondent \u00e0 toutes les questions des petits curieux \u00e0 partir de 3 ans. Des textes courts et instructifs, de belles illustrations et un papier ind\u00e9chirable font de cette collection un outil id\u00e9al pour accompagner et guider nos enfants dans la d\u00e9couverte du monde... Comment l'id\u00e9e de construire un bateau est-elle venue aux hommes ? \u00c0 quoi sert une voile ? Qui a fait le premier tour du monde ? Comment s'organise une bataille navale ? Pourquoi tant de bateaux diff\u00e9rents dans un port ? Comment devient-on marin ?","authors":["Robert Barborini","St\u00e9phanie Ledu"],"category_codes":["2000000","2070000","2070200"],"visuals":{"large":"https:\/\/images.epagine.fr\/046\/9782745938046_1_75.jpg","medium":"https:\/\/images.epagine.fr\/046\/9782745938046_1_m.jpg","thumbnail":"https:\/\/images.epagine.fr\/046\/9782745938046_1_v.jpg"},"orderable":true,"show_badge":true,"formatted_price":"7,90&nbsp;\u20ac","formatted_published_date":"11 mars 2010","publisher_availability_label":"Sur commande","short_details":"Robert Barborini, St\u00e9phanie Ledu \u2014 Milan","translator":null,"weight":255,"page_count":32,"readership":"\u00e0 partir de 3 ANS","editor":"Milan","price":790,"published_date":"2010-03-10T23:00:00.000000Z","support":"Grand format","publisher_availability":1,"stock":0,"editions":[],"url":"https:\/\/quaidesbrumes.com\/ouvrage\/9782745938046\/les-bateaux"},{"id":"9782075124751","title":"L'anniversaire et autres po\u00e8mes","description":"Derri\u00e8re des images touchantes et des jeux de mots joyeux se dessine le regard malicieux et sensible d'une grande auteure. Ce recueil contient : - \u00abL'anniversaire\u00bb - \u00abLa fringale\u00bb - \u00abLa ch\u00e8vre magique\u00bb - \u00abChass\u00e9-crois\u00e9\u00bb - \u00abLa fourmi et la cigale\u00bb - \u00abSingulier\u00bb - \u00abPavane de la virgule\u00bb - \u00abL'oiseau\u00bb - \u00abArbres\u00bb - \u00abBr\u00e8ve invit\u00e9e\u00bb","authors":["Andr\u00e9e Ch\u00e9did","Marie Mignot"],"category_codes":["2000000","2040000","2040600"],"visuals":{"large":"https:\/\/images.epagine.fr\/751\/9782075124751_1_75.jpg","medium":"https:\/\/images.epagine.fr\/751\/9782075124751_1_m.jpg","thumbnail":"https:\/\/images.epagine.fr\/751\/9782075124751_1_v.jpg"},"orderable":true,"show_badge":true,"formatted_price":"7,50&nbsp;\u20ac","formatted_published_date":"7 mars 2019","publisher_availability_label":"Sur commande","short_details":"Andr\u00e9e Ch\u00e9did, Marie Mignot \u2014 Gallimard Jeunesse","translator":null,"weight":80,"page_count":28,"readership":"\u00e0 partir de 7 ANS","editor":"Gallimard Jeunesse","price":750,"published_date":"2019-03-06T23:00:00.000000Z","support":"Grand format","publisher_availability":1,"stock":0,"editions":[],"url":"https:\/\/quaidesbrumes.com\/ouvrage\/9782075124751\/lanniversaire-et-autres-poemes"},{"id":"9782075130592","title":"Lancelot ou le chevalier \u00e0 la charrette","description":"La cour d'Arthur est en \u00e9moi : la reine Gueni\u00e8vre a \u00e9t\u00e9 enlev\u00e9e ! Qui saura la retrouver ? Le roi et ses hommes la cherchent en vain lorsqu'ils croisent un chevalier inconnu, l'intr\u00e9pide Lancelot du Lac. Pour d\u00e9livrer celle qu'il aime en secret, il est pr\u00eat \u00e0 affronter les pires \u00e9preuves. Mais, par loyaut\u00e9 envers le roi, Lancelot devra-t-il renoncer \u00e0 son amour pour Gueni\u00e8vre ?","authors":["Chr\u00e9tien de Troyes","Pierre-Marie Beaude"],"category_codes":["2000000","2040000","2040500"],"visuals":{"large":"https:\/\/images.epagine.fr\/592\/9782075130592_1_75.jpg","medium":"https:\/\/images.epagine.fr\/592\/9782075130592_1_m.jpg","thumbnail":"https:\/\/images.epagine.fr\/592\/9782075130592_1_v.jpg"},"orderable":true,"show_badge":true,"formatted_price":"4,00&nbsp;\u20ac","formatted_published_date":"15 ao\u00fbt 2019","publisher_availability_label":"Sur commande","short_details":"Chr\u00e9tien de Troyes, Pierre-Marie Beaude \u2014 Gallimard Jeunesse","translator":"PIERRE-MARIE BEAUDE","weight":108,"page_count":144,"readership":"\u00e0 partir de 6 ANS","editor":"Gallimard Jeunesse","price":400,"published_date":"2019-08-14T22:00:00.000000Z","support":"Poche","publisher_availability":1,"stock":0,"editions":["9782290258538","9782210751057","9782080705563"],"url":"https:\/\/quaidesbrumes.com\/ouvrage\/9782075130592\/lancelot-ou-le-chevalier-a-la-charrette"},{"id":"9782095031077","title":"Am\u00e9lie Mal\u00e9fice : L'abominable temp\u00eate de neige","description":"Am\u00e9lie Mal\u00e9fice sauvera-t-elle ses amis d'un affreux y\u00e9ti ?\r\nL'histoire : Am\u00e9lie et son copain Sim\u00e9on ont envie de jouer dans la neige. Ils trouvent une formule pour la faire tomber, mais les flocons attendus se transforment en temp\u00eate !\r\n En cherchant \u00e0 r\u00e9parer leur b\u00eatise, les deux amis se retrouvent nez-\u00e0-nez avec un y\u00e9ti affam\u00e9, qui d\u00e9vorerait bien des petits sorciers pour le go\u00fbter...\r\n \r\n \r\nAvec la collection, votre enfant va d\u00e9couvrir ses premi\u00e8res histoires, s'attacher \u00e0 des personnages, d\u00e9velopper son imaginaire...\r\n Au d\u00e9but, vous pourrez partager cette lecture avec lui : il lira les bulles et vous le texte. \r\n Ensuite il pourra lire et relire toute l'histoire tout seul, go\u00fbter au plaisir de la fiction et ne plus s'en passer !\r","authors":["Arnaud Alm\u00e9ras","Ga\u00eblle Duhaz\u00e9"],"category_codes":["2000000","2040000","2040300"],"visuals":{"large":"https:\/\/images.epagine.fr\/077\/9782095031077_1_75.jpg","medium":"https:\/\/images.epagine.fr\/077\/9782095031077_1_m.jpg","thumbnail":"https:\/\/images.epagine.fr\/077\/9782095031077_1_v.jpg"},"orderable":true,"show_badge":true,"formatted_price":"6,20&nbsp;\u20ac","formatted_published_date":"1er f\u00e9vrier 2024","publisher_availability_label":"Sur commande","short_details":"Arnaud Alm\u00e9ras, Ga\u00eblle Duhaz\u00e9 \u2014 Nathan","translator":null,"weight":110,"page_count":32,"readership":"\u00e0 partir de 6 ANS","editor":"Nathan","price":620,"published_date":"2024-01-31T23:00:00.000000Z","support":"Grand format","publisher_availability":1,"stock":0,"editions":[],"url":"https:\/\/quaidesbrumes.com\/ouvrage\/9782095031077\/amelie-malefice-labominable-tempete-de-neige"},{"id":"9782095031091","title":"Am\u00e9lie Mal\u00e9fice : La vengeance des petits sorciers","description":"L'heure de la vengeance des petits fr\u00e8res a sonn\u00e9 !\r\nL'histoire : Am\u00e9lie et Sim\u00e9on surprennent la grande soeur de Sim\u00e9on, Jessica, en train de concocter un philtre d'amour. C'est l'occasion de se venger enfin de toutes les fois o\u00f9 elle les a martyris\u00e9s !\r\nLes petits sorciers trafiquent le philtre d'amour, sans se douter des cons\u00e9quences de leurs b\u00eatises...\r\n\r\nAvec la collection, votre enfant va d\u00e9couvrir ses premi\u00e8res histoires, s'attacher \u00e0 des personnages, d\u00e9velopper son imaginaire...\r\nAu d\u00e9but, vous pourrez partager cette lecture avec lui : il lira les bulles et vous le texte. \r\nEnsuite il pourra lire et relire toute l'histoire tout seul, go\u00fbter au plaisir de la fiction et ne plus s'en passer !\r","authors":["Arnaud Alm\u00e9ras","Ga\u00eblle Duhaz\u00e9"],"category_codes":["2000000","2040000","2040300"],"visuals":{"large":"https:\/\/images.epagine.fr\/091\/9782095031091_1_75.jpg","medium":"https:\/\/images.epagine.fr\/091\/9782095031091_1_m.jpg","thumbnail":"https:\/\/images.epagine.fr\/091\/9782095031091_1_v.jpg"},"orderable":true,"show_badge":true,"formatted_price":"6,20&nbsp;\u20ac","formatted_published_date":"1er f\u00e9vrier 2024","publisher_availability_label":"Sur commande","short_details":"Arnaud Alm\u00e9ras, Ga\u00eblle Duhaz\u00e9 \u2014 Nathan","translator":null,"weight":108,"page_count":32,"readership":"\u00e0 partir de 6 ANS","editor":"Nathan","price":620,"published_date":"2024-01-31T23:00:00.000000Z","support":"Grand format","publisher_availability":1,"stock":0,"editions":[],"url":"https:\/\/quaidesbrumes.com\/ouvrage\/9782095031091\/amelie-malefice-la-vengeance-des-petits-sorciers"},{"id":"9782408050863","title":"Les fleurs","description":"Se promener au milieu des champs de fleurs ou parmi les rayons odorants du fleuriste ? Une nouvelle imagerie pour c\u00e9l\u00e9brer l arriv\u00e9e du printemps !\r\n Comprendre la nature et le cycle de vie des plantes \u00e0 fleurs en toute simplicit\u00e9\r\nEn cinq chapitres, l enfant en apprend plus sur les diff\u00e9rentes parties d une fleur et son r\u00f4le pour la plante. Il observe diff\u00e9rentes esp\u00e8ces pousser \u00e0 la campagne, \u00e0 la montagne, au bord de l eau ou en ville, et il voyage \u00e0 travers le monde, du Grand Nord \u00e0 la for\u00eat amazonienne, pour s \u00e9merveiller. Il apprend \u00e0 reconna\u00eetre quelques grandes fleurs comme la rose, la tulipe, le tournesol... avant de d\u00e9couvrir le lien entre les humains et les fleurs (les jardins c\u00e9l\u00e8bres dans le monde, les grandes f\u00eates, la fabrication du parfum, la composition d un herbier...)\r\n \r\nL univers de la vie v\u00e9g\u00e9tale \u00e0 port\u00e9e des petits\r\nLe texte de Pauline Payen, \u00e0 qui l on doit plusieurs ouvrages sur la vie sauvage et v\u00e9g\u00e9tale, est tr\u00e8s accessible et pose en quelques mots des notions fortes, comme la pollinisation et la pr\u00e9servation de la biodiversit\u00e9 en ville.\r\nDes questions vivantes, des r\u00e9ponses simples\r\nSur chaque double page, \u00e0 c\u00f4t\u00e9 de la grande sc\u00e8ne ou des vignettes, une question interpelle le lecteur : \u00ab Pourquoi y a-t-il des poils sur la tige du coquelicot ? \u00bb, \u00ab Qu est-ce qu'une serre ? \u00bb ou encore \u00ab C est quoi, un bulbe ? \u00bb. Des questions proches des interrogations de l'enfant, trait\u00e9es avec dynamisme. \r\n Un ouvrage aussi d\u00e9licat que des p\u00e9tales de fleurs\r\nDans cette imagerie, on retrouve les illustrations chamarr\u00e9es de Robert Barborini, Ella Bailey, Ilaria Falorsi et Vanessa Robidou.","authors":["Pauline Payen","Ilaria Falorsi","Ella Bailey","Robert Barborini","Vanessa Robidou"],"category_codes":["2000000","2070000","2070300"],"visuals":{"large":"https:\/\/images.epagine.fr\/863\/9782408050863_1_75.jpg","medium":"https:\/\/images.epagine.fr\/863\/9782408050863_1_m.jpg","thumbnail":"https:\/\/images.epagine.fr\/863\/9782408050863_1_v.jpg"},"orderable":true,"show_badge":true,"formatted_price":"12,90&nbsp;\u20ac","formatted_published_date":"2 avril 2025","publisher_availability_label":"Sur commande","short_details":"Pauline Payen, Ilaria Falorsi, Ella Bailey, Robert Barborini, Vanessa Robidou \u2014 Milan","translator":null,"weight":652,"page_count":96,"readership":"\u00e0 partir de 3 ANS","editor":"Milan","price":1290,"published_date":"2025-04-01T22:00:00.000000Z","support":"Grand format","publisher_availability":1,"stock":0,"editions":[],"url":"https:\/\/quaidesbrumes.com\/ouvrage\/9782408050863\/les-fleurs"},{"id":"3575678940165","title":"Peluche Calinours","description":"Jeune ours tendre et espi\u00e8gle, Calinours prend vie pour jouer et s'amuser avec les petits en peluche !  Avec sa fourrure toute douce, son petit nez en trompette et ses yeux plein de douceur, Calinours vous invite \u00e0 imaginer toutes sortes d'aventures tendres et po\u00e9tiques.","authors":["Alain Broutin","Fr\u00e9d\u00e9ric Stehr"],"category_codes":["2000000","2020000","2020100"],"visuals":{"large":"https:\/\/images.epagine.fr\/165\/3575678940165_1_75.jpg","medium":"https:\/\/images.epagine.fr\/165\/3575678940165_1_m.jpg","thumbnail":"https:\/\/images.epagine.fr\/165\/3575678940165_1_v.jpg"},"orderable":true,"show_badge":true,"formatted_price":"0,00&nbsp;\u20ac","formatted_published_date":"12 octobre 2022","publisher_availability_label":"Sur commande","short_details":"Alain Broutin, Fr\u00e9d\u00e9ric Stehr \u2014 L'\u00c9cole des loisirs","translator":null,"weight":150,"page_count":null,"readership":"\u00e0 partir de 3 ANS","editor":"L'\u00c9cole des loisirs","price":0,"published_date":"2022-10-11T22:00:00.000000Z","support":"Objet","publisher_availability":1,"stock":0,"editions":[],"url":"https:\/\/quaidesbrumes.com\/ouvrage\/3575678940165\/peluche-calinours"},{"id":"9791026405047","title":"Mini peluche Monstre grise","description":"Artiste, auteure-illustratrice et art-th\u00e9rapeute sp\u00e9cialis\u00e9e en \u00e9ducation \u00e9motionnelle, Anna Llenas peint, d\u00e9coupe, cr\u00e9e\u00a0 depuis son enfance, avec beaucoup de sensibilit\u00e9, d'humour et d'intelligence. Ses ouvrages ont pour vocation d'aider chacun -et surtout les plus les jeunes-, \u00e0 plonger dans son monde int\u00e9rieur.\r\nSon livre La Couleur des \u00e9motions, qui conna\u00eet un grand succ\u00e8s mondial, est devenu une oeuvre phare dans le domaine.\r\n\u00a0","authors":["Anna Llenas"],"category_codes":["2000000","2020000"],"visuals":{"large":"https:\/\/images.epagine.fr\/047\/9791026405047_1_75.jpg","medium":"https:\/\/images.epagine.fr\/047\/9791026405047_1_m.jpg","thumbnail":"https:\/\/images.epagine.fr\/047\/9791026405047_1_v.jpg"},"orderable":true,"show_badge":true,"formatted_price":"0,00&nbsp;\u20ac","formatted_published_date":"7 mai 2025","publisher_availability_label":"Sur commande","short_details":"Anna Llenas \u2014 Gl\u00e9nat Jeunesse","translator":null,"weight":43,"page_count":1,"readership":"\u00e0 partir de 1 AN","editor":"Gl\u00e9nat Jeunesse","price":0,"published_date":"2025-05-06T22:00:00.000000Z","support":"Objet","publisher_availability":1,"stock":0,"editions":[],"url":"https:\/\/quaidesbrumes.com\/ouvrage\/9791026405047\/mini-peluche-monstre-grise"},{"id":"9782244063393","title":"Gommettes pour les petites mains : gomm ptes mains ; le train des animaux","description":"Des gommettes sp\u00e9cialement con\u00e7ues pour les plus petits, tr\u00e8s color\u00e9es, de grande taille et faciles \u00e0 coller. Tchou, tchou !!! Assemble les wagons et emm\u00e8ne tous les animaux en voyage...","authors":["Collectif","Sonia Baretti"],"category_codes":["2000000","2080000","2080200"],"visuals":{"large":"https:\/\/images.epagine.fr\/393\/9782244063393_1_75.jpg","medium":"https:\/\/images.epagine.fr\/393\/9782244063393_1_m.jpg","thumbnail":"https:\/\/images.epagine.fr\/393\/9782244063393_1_v.jpg"},"orderable":true,"show_badge":true,"formatted_price":"0,00&nbsp;\u20ac","formatted_published_date":"1er mai 2021","publisher_availability_label":"Sur commande","short_details":"Collectif, Sonia Baretti \u2014 \u00c9ditions Lito","translator":null,"weight":70,"page_count":null,"readership":null,"editor":"\u00c9ditions Lito","price":0,"published_date":"2021-04-30T22:00:00.000000Z","support":"Papeterie \/ Coloriage","publisher_availability":1,"stock":0,"editions":[],"url":"https:\/\/quaidesbrumes.com\/ouvrage\/9782244063393\/gommettes-pour-les-petites-mains-gomm-ptes-mains-le-train-des-animaux"},{"id":"9782386141508","title":"Les grands aviateurs : \u00c0 travers les nuages","description":"Ces femmes et ces hommes avaient le regard tourn\u00e9 vers le ciel, \u00e0 une \u00e9poque o\u00f9 il \u00e9tait encore tr\u00e8s rare de voir des avions sillonner le ciel...\r\nMarie Marvingt, Roland Garros, Georges Guynemer, Amelia Earhart et Antoine de Saint-Exup\u00e9ry se sont pris de passion pour l'a\u00e9ronautique. Envole-toi avec ces aventuriers des airs !","authors":["Cl\u00e9mentine V. Baron","Patricia Cr\u00e9t\u00e9","Emmanuel Mounier","Patrick H\u00e9brard","Aur\u00e9lien Fernandez","Mathieu Ferret","Nuno Alves Rodrigues","Bruno Wennagel","Mathilde Tuffin","Guillaume Biasse","Laurica Andriantsarafara"],"category_codes":["2000000","2070000","2070400"],"visuals":{"large":"https:\/\/images.epagine.fr\/508\/9782386141508_1_75.jpg","medium":"https:\/\/images.epagine.fr\/508\/9782386141508_1_m.jpg","thumbnail":"https:\/\/images.epagine.fr\/508\/9782386141508_1_v.jpg"},"orderable":true,"show_badge":true,"formatted_price":"13,95&nbsp;\u20ac","formatted_published_date":"9 juillet 2025","publisher_availability_label":"Sur commande","short_details":"Cl\u00e9mentine V. Baron, Patricia Cr\u00e9t\u00e9, Emmanuel Mounier, Patrick H\u00e9brard, Aur\u00e9lien Fernandez, Mathieu Ferret, Nuno Alves Rodrigues, Bruno Wennagel, Mathilde Tuffin, Guillaume Biasse, Laurica Andriantsarafara \u2014 QUELLE HISTOIRE","translator":null,"weight":468,"page_count":92,"readership":"Tout public","editor":"QUELLE HISTOIRE","price":1395,"published_date":"2025-07-08T22:00:00.000000Z","support":"Grand format","publisher_availability":1,"stock":0,"editions":[],"url":"https:\/\/quaidesbrumes.com\/ouvrage\/9782386141508\/les-grands-aviateurs-a-travers-les-nuages"},{"id":"9782366249897","title":"Herbarium : La prairie d'Emily Dickinson","description":"Comment r\u00e9ussir \u00e0 \u00e9crire ce que l'on veut vraiment dire ? C'est la question que se pose la jeune Emily lorsqu'elle croise la route d'Abiah, une camarade de classe. Alors, \u00e0 l'aide de violettes, de boutons d'or et de pivoines, elle commence \u00e0 imaginer un langage buissonnier, pour confier quelques-uns de ses secrets.","authors":["Laura Ulonati","Nathalie Novi"],"category_codes":["2000000","2030000","2030400"],"visuals":{"large":"https:\/\/images.epagine.fr\/897\/9782366249897_1_75.jpg","medium":"https:\/\/images.epagine.fr\/897\/9782366249897_1_m.jpg","thumbnail":"https:\/\/images.epagine.fr\/897\/9782366249897_1_v.jpg"},"orderable":true,"show_badge":true,"formatted_price":"18,00&nbsp;\u20ac","formatted_published_date":"9 avril 2025","publisher_availability_label":"Sur commande","short_details":"Laura Ulonati, Nathalie Novi \u2014 \u00c9ditions Cambourakis","translator":null,"weight":388,"page_count":80,"readership":"\u00e0 partir de 5 ANS","editor":"\u00c9ditions Cambourakis","price":1800,"published_date":"2025-04-08T22:00:00.000000Z","support":"Grand format","publisher_availability":1,"stock":0,"editions":[],"url":"https:\/\/quaidesbrumes.com\/ouvrage\/9782366249897\/herbarium-la-prairie-demily-dickinson"},{"id":"9791036372452","title":"Chair de poule Tome 16 : Sous-sol interdit","description":"Le docteur Brouwer fait des exp\u00e9riences dans son laboratoire. Rien de dangereux... il est botaniste.\r\nPourtant, Jane et Michael sont inquiets. Leur p\u00e8re a chang\u00e9 : son comportement est bizarre.\r\nPourquoi mange-t-il du fertilisant en cachette dans la cuisine ? Est-ce du sang vert qui coule de sa main bless\u00e9e ?\r\nLes exp\u00e9riences du docteur Brouwer sont-elles si inoffensives que cela ?","authors":["R. L. Stine","Nathali Derevitsky"],"category_codes":["2000000","2040000","2040500","2040503"],"visuals":{"large":"https:\/\/images.epagine.fr\/452\/9791036372452_1_75.jpg","medium":"https:\/\/images.epagine.fr\/452\/9791036372452_1_m.jpg","thumbnail":"https:\/\/images.epagine.fr\/452\/9791036372452_1_v.jpg"},"orderable":true,"show_badge":true,"formatted_price":"6,50&nbsp;\u20ac","formatted_published_date":"25 septembre 2024","publisher_availability_label":"Sur commande","short_details":"R. L. Stine, Nathali Derevitsky \u2014 Bayard Jeunesse","translator":"NATHALI DEREVITSKY","weight":140,"page_count":160,"readership":"\u00e0 partir de 9 ANS","editor":"Bayard Jeunesse","price":650,"published_date":"2024-09-24T22:00:00.000000Z","support":"Poche","publisher_availability":1,"stock":0,"editions":[],"url":"https:\/\/quaidesbrumes.com\/ouvrage\/9791036372452\/chair-de-poule-tome-16-sous-sol-interdit"},{"id":"9782075206044","title":"La vie commence en sixi\u00e8me Tome 2 : Idrissa","description":"Vous connaissez la Bande des Thons ?\r\nC'est Catarina, Pablo, Ninon, Esther et Idrissa, votre serviteur. Unis comme les cinq doigts de la main! Il faudra bien \u00e7a pour r\u00e9ussir cette ann\u00e9e de sixi\u00e8me. Une alarme attentat-intrusion, des parents au comportement supect, un crush ultrasecret et un chat fant\u00f4me nomm\u00e9 Azuki 3, c'est d\u00e9j\u00e0 beaucoup, m\u00eame pour le meilleur \u00e9l\u00e8ve de la classe (sans me vanter). Alors, quand un chapeau magique vous fait capter en direct toutes les histoires d'amour du coll\u00e8ge, au secours !","authors":["Alice Butaud","Lisa Chetteau"],"category_codes":["2000000","2040000","2040500"],"visuals":{"large":"https:\/\/images.epagine.fr\/044\/9782075206044_1_75.jpg","medium":"https:\/\/images.epagine.fr\/044\/9782075206044_1_m.jpg","thumbnail":"https:\/\/images.epagine.fr\/044\/9782075206044_1_v.jpg"},"orderable":true,"show_badge":false,"formatted_price":"13,00&nbsp;\u20ac","formatted_published_date":"20 juin 2024","publisher_availability_label":"Sur commande","short_details":"Alice Butaud, Lisa Chetteau \u2014 Gallimard Jeunesse","translator":null,"weight":255,"page_count":208,"readership":"\u00e0 partir de 10 ANS","editor":"Gallimard Jeunesse","price":1300,"published_date":"2024-06-19T22:00:00.000000Z","support":"Grand format","publisher_availability":1,"stock":1,"editions":[],"url":"https:\/\/quaidesbrumes.com\/ouvrage\/9782075206044\/la-vie-commence-en-sixieme-tome-2-idrissa"},{"id":"9782203257214","title":"B\u00e9b\u00e9 Champi","description":"Quand B\u00e9b\u00e9 Champi sort de terre, \u00e7a signifie que l'automne est arriv\u00e9. B\u00e9b\u00e9 Champi peut revoir ses amis, se blottir entre les feuilles, profiter de la pluie... Et \u00e7a, c'est super ! Un petit r\u00e9cit \u00e0 raconter et \u00e0 jouer par les parents. Une histoire qui prend vie gr\u00e2ce \u00e0 une chouette marionnette pour une lecture p\u00e9tillante et rigolote. Le tout-petit devient l'acteur enthousiaste d'une premi\u00e8re lecture tr\u00e8s interactive dans un livre qu'il peut s'approprier.","authors":["H\u00e9l\u00e8ne Chetaud"],"category_codes":["2000000","2020000","2020500"],"visuals":{"large":"https:\/\/images.epagine.fr\/214\/9782203257214_1_75.jpg","medium":"https:\/\/images.epagine.fr\/214\/9782203257214_1_m.jpg","thumbnail":"https:\/\/images.epagine.fr\/214\/9782203257214_1_v.jpg"},"orderable":true,"show_badge":true,"formatted_price":"6,95&nbsp;\u20ac","formatted_published_date":"12 juin 2024","publisher_availability_label":"Sur commande","short_details":"H\u00e9l\u00e8ne Chetaud \u2014 Casterman","translator":null,"weight":190,"page_count":12,"readership":"0\/3 ans","editor":"Casterman","price":695,"published_date":"2024-06-11T22:00:00.000000Z","support":"Grand format","publisher_availability":1,"stock":0,"editions":[],"url":"https:\/\/quaidesbrumes.com\/ouvrage\/9782203257214\/bebe-champi"},{"id":"9782070641888","title":"Pierre Lapin ; mon premier livre pour poussette","description":"Un adorable petit livre \u00e0 accrocher \u00e0 la poussette!","authors":["Beatrix Potter"],"category_codes":["2000000","2020000","2020300"],"visuals":{"large":"https:\/\/images.epagine.fr\/888\/9782070641888_1_75.jpg","medium":"https:\/\/images.epagine.fr\/888\/9782070641888_1_m.jpg","thumbnail":"https:\/\/images.epagine.fr\/888\/9782070641888_1_v.jpg"},"orderable":true,"show_badge":true,"formatted_price":"6,50&nbsp;\u20ac","formatted_published_date":"29 septembre 2011","publisher_availability_label":"Sur commande","short_details":"Beatrix Potter \u2014 Gallimard Jeunesse","translator":null,"weight":106,"page_count":12,"readership":"0\/3 ans","editor":"Gallimard Jeunesse","price":650,"published_date":"2011-09-28T22:00:00.000000Z","support":"Grand format","publisher_availability":1,"stock":0,"editions":[],"url":"https:\/\/quaidesbrumes.com\/ouvrage\/9782070641888\/pierre-lapin-mon-premier-livre-pour-poussette"},{"id":"9782017245391","title":"Minecraft Tome 3 : Les \u00e9preuves d'\u00c9den","description":"C\u00e9ci et T\u00e9ri sont les meilleures amies du monde. Mais quand T\u00e9ri d\u00e9m\u00e9nage du jour au lendemain sans lui dire au revoir, C\u00e9ci se retrouve seule, sans aucun moyen de la joindre. Jusqu'\u00e0 ce qu'elle re\u00e7oive un myst\u00e9rieux message de T\u00e9ri sur sa tablette : son amie l'invite \u00e0 la rejoindre sur Minecraft, dans un monde appel\u00e9 l'\u00c9den. Mais ce n'est pas si simple. Pour y acc\u00e9der, C\u00e9ci va devoir r\u00e9ussir trois \u00e9preuves... et affronter les cr\u00e9atures les plus hostiles du jeu. Alors, sera-t-elle \u00e0 la hauteur ?","authors":["Mojang"],"category_codes":["2000000","2040000","2040300"],"visuals":{"large":"https:\/\/images.epagine.fr\/391\/9782017245391_1_75.jpg","medium":"https:\/\/images.epagine.fr\/391\/9782017245391_1_m.jpg","thumbnail":"https:\/\/images.epagine.fr\/391\/9782017245391_1_v.jpg"},"orderable":true,"show_badge":true,"formatted_price":"6,50&nbsp;\u20ac","formatted_published_date":"17 septembre 2025","publisher_availability_label":"Sur commande","short_details":"Mojang \u2014 Hachette Jeunesse","translator":null,"weight":240,"page_count":256,"readership":"\u00e0 partir de 10 ANS","editor":"Hachette Jeunesse","price":650,"published_date":"2025-09-16T22:00:00.000000Z","support":"Poche","publisher_availability":1,"stock":0,"editions":[],"url":"https:\/\/quaidesbrumes.com\/ouvrage\/9782017245391\/minecraft-tome-3-les-epreuves-deden"},{"id":"9791039546324","title":"Mes fabuleux bijoux licornes magiques","description":"Charms arc-en-ciel, licorne ou encore baguette magique... R\u00e9alise 8 magnifiques bracelets magiques sur la th\u00e9matique des licornes. Ce coffret contient aussi un pin's licorne cosmique \u00e0 accrocher o\u00f9 tu veux !","authors":["Shiilia"],"category_codes":["2000000","2060000"],"visuals":{"large":"https:\/\/images.epagine.fr\/324\/9791039546324_1_75.jpg","medium":"https:\/\/images.epagine.fr\/324\/9791039546324_1_m.jpg","thumbnail":"https:\/\/images.epagine.fr\/324\/9791039546324_1_v.jpg"},"orderable":true,"show_badge":true,"formatted_price":"0,00&nbsp;\u20ac","formatted_published_date":"4 octobre 2024","publisher_availability_label":"Sur commande","short_details":"Shiilia \u2014 Auzou","translator":null,"weight":334,"page_count":24,"readership":null,"editor":"Auzou","price":0,"published_date":"2024-10-03T22:00:00.000000Z","support":"Coffret \/ Bo&icirc;te","publisher_availability":1,"stock":0,"editions":[],"url":"https:\/\/quaidesbrumes.com\/ouvrage\/9791039546324\/mes-fabuleux-bijoux-licornes-magiques"},{"id":"9781836069720","title":"L'espace","description":"Un premier livre documentaire \u00e0 rabats pour d\u00e9couvrir l'espace.\r\nPourquoi les \u00e9toiles brillent ? Comment est arriv\u00e9e la lune ?\r\nD\u00e9collage pour l'espace dans ce petit livre avec plus de 70 rabats pour r\u00e9pondre aux questions des enfants sur les secrets de l'univers. Chaque double page, avec ses illustrations color\u00e9es et les explications simples, comporte des rabats \u00e0 soulever pour r\u00e9v\u00e9ler les d\u00e9tails de la sc\u00e8ne : l'int\u00e9rieur de la Station spatiale internationale, ce qu'ont fait les premiers hommes sur la Lune, mais aussi l'histoire de l'astronomie depuis Galil\u00e9e jusqu'au t\u00e9lescope spatial Hubble.","authors":["Rob Lloyd Jones","Benedetta Giaufret","Enrica Rusina","Claire Lefebvre"],"category_codes":["2000000","2070000","2070500"],"visuals":{"large":"https:\/\/images.epagine.fr\/720\/9781836069720_1_75.jpg","medium":"https:\/\/images.epagine.fr\/720\/9781836069720_1_m.jpg","thumbnail":"https:\/\/images.epagine.fr\/720\/9781836069720_1_v.jpg"},"orderable":true,"show_badge":true,"formatted_price":"10,95&nbsp;\u20ac","formatted_published_date":"29 janvier 2026","publisher_availability_label":"Sur commande","short_details":"Rob Lloyd Jones, Benedetta Giaufret, Enrica Rusina, Claire Lefebvre \u2014 Usborne","translator":"CLAIRE LEFEBVRE","weight":448,"page_count":14,"readership":"\u00e0 partir de 5 ANS","editor":"Usborne","price":1095,"published_date":"2026-01-28T23:00:00.000000Z","support":"Grand format","publisher_availability":1,"stock":0,"editions":[],"url":"https:\/\/quaidesbrumes.com\/ouvrage\/9781836069720\/lespace"},{"id":"9791027613359","title":"Mon grand imagier de presque tout","description":"Un super livre sur presque tout, e crit et illustr\u00e9 par Georgette, pour d\u00e9couvrir et nommer les animaux, les fruits, les l\u00e9gumes, les objets du quotidien, les saisons, les maisons, les \u00e9motions, les v\u00eatements, les arbres, les fleurs, le corps et bien d'autres choses encore...\r\nLe livre indispensable des biblioth\u00e8ques des enfants\r\nUn tr\u00e8s bel imagier \u00e0 d\u00e9couvrir \u00e0 partir de 1 an. Ce sont plus de 400 \u00e9l\u00e9ments illustr\u00e9s sur diff\u00e9rentes th\u00e9matiques : les objets du quotidien, les animaux, les saisons, les premi\u00e8res notions, la nature, la nourriture... Sur chaque page, plein de petits d\u00e9tails \u00e0 observer pour le bonheur des petits et des grands, avec des textes et des illustrations remplis de fantaisies et d'humour. \u00c0 lire et \u00e0 relire !\u00a0\r\nUne fabrication soign\u00e9e\r\nAvec son grand format et sa couverture travaill\u00e9e, cet imagier a \u00e9t\u00e9 pens\u00e9 pour durer dans le temps avec un beau papier et une fabrication solide.\u00a0","authors":["Georgette"],"category_codes":["2000000","2020000","2020300"],"visuals":{"large":"https:\/\/images.epagine.fr\/359\/9791027613359_1_75.jpg","medium":"https:\/\/images.epagine.fr\/359\/9791027613359_1_m.jpg","thumbnail":"https:\/\/images.epagine.fr\/359\/9791027613359_1_v.jpg"},"orderable":true,"show_badge":true,"formatted_price":"15,90&nbsp;\u20ac","formatted_published_date":"8 octobre 2025","publisher_availability_label":"Sur commande","short_details":"Georgette \u2014 \u00c9ditions Tourbillon","translator":null,"weight":942,"page_count":44,"readership":"0\/3 ans","editor":"\u00c9ditions Tourbillon","price":1590,"published_date":"2025-10-07T22:00:00.000000Z","support":"Grand format","publisher_availability":1,"stock":0,"editions":[],"url":"https:\/\/quaidesbrumes.com\/ouvrage\/9791027613359\/mon-grand-imagier-de-presque-tout"},{"id":"9782244230115","title":"Autocollants : A la ferme","description":null,"authors":["Cl\u00e9mentine D\u00e9rodit"],"category_codes":["2000000","2080000","2080200"],"visuals":{"large":"https:\/\/images.epagine.fr\/115\/9782244230115_1_75.jpg","medium":"https:\/\/images.epagine.fr\/115\/9782244230115_1_m.jpg","thumbnail":"https:\/\/images.epagine.fr\/115\/9782244230115_1_v.jpg"},"orderable":true,"show_badge":true,"formatted_price":"5,90&nbsp;\u20ac","formatted_published_date":"1er mars 2026","publisher_availability_label":"Sur commande","short_details":"Cl\u00e9mentine D\u00e9rodit \u2014 \u00c9ditions Lito","translator":null,"weight":120,"page_count":10,"readership":"\u00e0 partir de 2 ANS","editor":"\u00c9ditions Lito","price":590,"published_date":"2026-02-28T23:00:00.000000Z","support":"Papeterie \/ Coloriage","publisher_availability":1,"stock":0,"editions":[],"url":"https:\/\/quaidesbrumes.com\/ouvrage\/9782244230115\/autocollants-a-la-ferme"},{"id":"9789403243443","title":"Mes jolies gommes : Animaux sauvages","description":"Dans ce livre, tu trouveras plein de jeux amusants et de jolis coloriages sur le th\u00e8me des animaux. Et ce n'est pas tout : trois adorbales gommes sont incluses !","authors":["Collectif"],"category_codes":["2000000","2060000","2060500"],"visuals":{"large":"https:\/\/images.epagine.fr\/443\/9789403243443_1_75.jpg","medium":"https:\/\/images.epagine.fr\/443\/9789403243443_1_m.jpg","thumbnail":"https:\/\/images.epagine.fr\/443\/9789403243443_1_v.jpg"},"orderable":true,"show_badge":true,"formatted_price":"9,99&nbsp;\u20ac","formatted_published_date":"4 mars 2026","publisher_availability_label":"Sur commande","short_details":"Collectif \u2014 Le Ballon","translator":null,"weight":270,"page_count":32,"readership":"\u00e0 partir de 4 ANS","editor":"Le Ballon","price":999,"published_date":"2026-03-03T23:00:00.000000Z","support":"Grand format","publisher_availability":1,"stock":0,"editions":[],"url":"https:\/\/quaidesbrumes.com\/ouvrage\/9789403243443\/mes-jolies-gommes-animaux-sauvages"}]}