{"data":[{"id":"9782017868651","title":"BFF : best friends forever ! Tome 3 : croisi\u00e8re mouvement\u00e9e","description":"Charlotte et \u00c9milie sont ravies. Elles embarquent pour la croisi\u00e8re qui r\u00e9compense les gagnants de l'inter-coll\u00e8ges et vont enfin pouvoir passer du temps ensemble ! Charlotte voudrait profiter de l'occasion pour reconqu\u00e9rir Sasha, son ex-petit copain, et \u00c9milie a peur que sa turbulence finisse par faire fuir son ch\u00e9ri. Les deux amies d\u00e9cident alors de conclure un pacte pour devenir de meilleures personnes. Mais voil\u00e0, \u00e0 bord du bateau, tout ne se passera pas comme pr\u00e9vu... Deux \u00e9tonnantes colocataires et un myst\u00e9rieux Olivier viendront semer le trouble sur leur belle amiti\u00e9. Jusqu'o\u00f9 iront-elles pour tenir leurs engagements ?","authors":["Marilou Addison","Genevi\u00e8ve Guilbault"],"category_codes":["2000000","2040000","2040300"],"visuals":{"large":"https:\/\/images.epagine.fr\/651\/9782017868651_1_75.jpg","medium":"https:\/\/images.epagine.fr\/651\/9782017868651_1_m.jpg","thumbnail":"https:\/\/images.epagine.fr\/651\/9782017868651_1_v.jpg"},"orderable":true,"show_badge":true,"formatted_price":"7,90&nbsp;\u20ac","formatted_published_date":"30 septembre 2020","publisher_availability_label":"Sur commande","short_details":"Marilou Addison, Genevi\u00e8ve Guilbault \u2014 Le Livre de Poche Jeunesse","translator":null,"weight":232,"page_count":368,"readership":"\u00e0 partir de 9 ANS","editor":"Le Livre de Poche Jeunesse","price":790,"published_date":"2020-09-29T22:00:00.000000Z","support":"Poche","publisher_availability":1,"stock":0,"editions":[],"url":"https:\/\/quaidesbrumes.com\/ouvrage\/9782017868651\/bff-best-friends-forever-tome-3-croisiere-mouvementee"},{"id":"9782017240211","title":"L'internat de l'Ile aux Cigales Tome 4 : adieu le coll\u00e8ge","description":"Agostino, Marguerite, Caleb, Cerise et Nordine s'appr\u00eatent \u00e0 retourner sur l'\u00eele aux Cigales pour leur derni\u00e8re ann\u00e9e de coll\u00e8ge. Ils s'attendent \u00e0 tout, apr\u00e8s les folles p\u00e9rip\u00e9ties des ann\u00e9es pr\u00e9c\u00e9dentes. A tout, sauf \u00e0 \u00e7a. Cette fois-ci, ils vont devoir faire face \u00e0 des \u00e9v\u00e9nements exceptionnels, qui vont bouleverser leur vie... En montant sur sc\u00e8ne pour gagner un tremplin rock, r\u00e9ussiront-ils \u00e0 sauver leur internat ?","authors":["Julie Bonnie"],"category_codes":["2000000","2040000","2040300"],"visuals":{"large":"https:\/\/images.epagine.fr\/211\/9782017240211_1_75.jpg","medium":"https:\/\/images.epagine.fr\/211\/9782017240211_1_m.jpg","thumbnail":"https:\/\/images.epagine.fr\/211\/9782017240211_1_v.jpg"},"orderable":true,"show_badge":true,"formatted_price":"7,90&nbsp;\u20ac","formatted_published_date":"18 octobre 2023","publisher_availability_label":"Sur commande","short_details":"Julie Bonnie \u2014 Le Livre de Poche Jeunesse","translator":null,"weight":224,"page_count":368,"readership":"\u00e0 partir de 11 ANS","editor":"Le Livre de Poche Jeunesse","price":790,"published_date":"2023-10-17T22:00:00.000000Z","support":"Poche","publisher_availability":1,"stock":0,"editions":[],"url":"https:\/\/quaidesbrumes.com\/ouvrage\/9782017240211\/linternat-de-lile-aux-cigales-tome-4-adieu-le-college"},{"id":"9782386140631","title":"Les super vilains de la mythologie en BD","description":"Tu connais s\u00fbrement le Cyclope, le Minotaure, la M\u00e9duse ou bien encore le terrible Pose\u00efdon. Partout, leur mauvaise r\u00e9putation les pr\u00e9c\u00e8de et les humains l'ont bien compris, mieux vaut ne pas les contrarier ! Mais, et si derri\u00e8re leur air si m\u00e9chant, se cachaient des \u00eatres sensibles ? \u00c0 toi d'en juger !","authors":["Mathieu Ferret","Jeanne Fremont","Bruno Wennagel"],"category_codes":["2000000","2070000","2070400"],"visuals":{"large":"https:\/\/images.epagine.fr\/631\/9782386140631_1_75.jpg","medium":"https:\/\/images.epagine.fr\/631\/9782386140631_1_m.jpg","thumbnail":"https:\/\/images.epagine.fr\/631\/9782386140631_1_v.jpg"},"orderable":true,"show_badge":true,"formatted_price":"12,90&nbsp;\u20ac","formatted_published_date":"2 octobre 2024","publisher_availability_label":"Sur commande","short_details":"Mathieu Ferret, Jeanne Fremont, Bruno Wennagel \u2014 QUELLE HISTOIRE","translator":null,"weight":410,"page_count":48,"readership":"\u00e0 partir de 6 ANS","editor":"QUELLE HISTOIRE","price":1290,"published_date":"2024-10-01T22:00:00.000000Z","support":"Grand format","publisher_availability":1,"stock":0,"editions":[],"url":"https:\/\/quaidesbrumes.com\/ouvrage\/9782386140631\/les-super-vilains-de-la-mythologie-en-bd"},{"id":"9782203255784","title":"Les derniers g\u00e9ants","description":"C'est au cours d'une promenade sur les docks que j'achetai l'objet qui devait \u00e0 jamais transformer ma vie : une \u00e9norme dent couverte de gravures \u00e9tranges. L'homme qui me la vendit en demandait un bon prix, pr\u00e9textant que ce n'\u00e9tait pas une vulgaire dent de cachalot sculpt\u00e9e, mais une dent de g\u00e9ant...  Ainsi commence cet album, salu\u00e9 par la critique d\u00e8s sa premi\u00e8re parution. Il est aujourd'hui consid\u00e9r\u00e9 comme un classique de la litt\u00e9rature jeunesse.","authors":["Fran\u00e7ois Place"],"category_codes":["2000000","2030000","2030400"],"visuals":{"large":"https:\/\/images.epagine.fr\/784\/9782203255784_1_75.jpg","medium":"https:\/\/images.epagine.fr\/784\/9782203255784_1_m.jpg","thumbnail":"https:\/\/images.epagine.fr\/784\/9782203255784_1_v.jpg"},"orderable":true,"show_badge":true,"formatted_price":"19,90&nbsp;\u20ac","formatted_published_date":"1er mars 2023","publisher_availability_label":"Sur commande","short_details":"Fran\u00e7ois Place \u2014 Casterman","translator":null,"weight":600,"page_count":82,"readership":"3\/6 ans","editor":"Casterman","price":1990,"published_date":"2023-02-28T23:00:00.000000Z","support":"Grand format","publisher_availability":1,"stock":0,"editions":[],"url":"https:\/\/quaidesbrumes.com\/ouvrage\/9782203255784\/les-derniers-geants"},{"id":"9782408053352","title":"Le cambriolage","description":"Tom et ses parents rentrent de vacances. En arrivant chez eux, ils d\u00e9couvrent qu'ils ont \u00e9t\u00e9 cambriol\u00e9s ! Un \u00ab Mes p'tits pourquoi \u00bb pour aider les 4-7 ans \u00e0 mieux vivre cette difficile \u00e9preuve.\r\n\r\nUn livre pour aider les petits \u00e0 comprendre leurs \u00e9motions apr\u00e8s un cambriolage\r\nApr\u00e8s le cambriolage, Tom traverse toute une palette d'\u00e9motions. D'abord, il ne comprend pas ce qu'il se passe, il est sous le choc. Puis il est triste, parce que des objets auxquels il tenait ont \u00e9t\u00e9 cass\u00e9s et vol\u00e9s. Vient ensuite la col\u00e8re, les voleurs n'avaient pas le droit de prendre ses affaires, pourquoi ont-ils fait \u00e7a ? Tom a aussi peur de dormir tout seul, et si les cambrioleurs revenaient ? Papa et maman parviennent \u00e0 le rassurer en lui expliquant que les voleurs ne reviendront pas, et qu'ils sont l\u00e0 pour veiller sur Tom. Sans compter sur les nouvelles mesures de s\u00e9curit\u00e9 prises. Apr\u00e8s un cambriolage, le plus important est d'en parler et de parvenir \u00e0 reprendre ses habitudes pour se sentir \u00e0 nouveau bien chez soi.\r\n\r\nIntervention de la police, assurances, mesures de s\u00e9curit\u00e9 - ce qu'il se passe apr\u00e8s le vol\r\nCe \u00ab Mes p'tits pourquoi \u00bb explique le r\u00f4le de la police et des assurances apr\u00e8s un cambriolage, mais aussi quels objets privil\u00e9gient les voleurs et pourquoi. Les parents de Tom prennent des pr\u00e9cautions pour \u00e9viter que cela ne recommence.","authors":["Camille Masson","Candela Ferrandez"],"category_codes":["2000000","2070000","2070700"],"visuals":{"large":"https:\/\/images.epagine.fr\/352\/9782408053352_1_75.jpg","medium":"https:\/\/images.epagine.fr\/352\/9782408053352_1_m.jpg","thumbnail":"https:\/\/images.epagine.fr\/352\/9782408053352_1_v.jpg"},"orderable":true,"show_badge":true,"formatted_price":"7,90&nbsp;\u20ac","formatted_published_date":"4 septembre 2024","publisher_availability_label":"Sur commande","short_details":"Camille Masson, Candela Ferrandez \u2014 Milan","translator":null,"weight":252,"page_count":32,"readership":"\u00e0 partir de 4 ANS","editor":"Milan","price":790,"published_date":"2024-09-03T22:00:00.000000Z","support":"Grand format","publisher_availability":1,"stock":0,"editions":[],"url":"https:\/\/quaidesbrumes.com\/ouvrage\/9782408053352\/le-cambriolage"},{"id":"9782215166160","title":"M\u00e8ne ton enqu\u00eate : au temps des pyramides","description":"Un roman jeu : id\u00e9al pour appr\u00e9cier la lecture en s'amusant ! Un r\u00e9cit-fiction pour mener l'enqu\u00eate avec de nombreuses animations : des messages cod\u00e9s ou en miroir \u00e0 d\u00e9crypter, des messages cach\u00e9s \u00e0 r\u00e9v\u00e9ler, des \u00e9l\u00e9ments cach\u00e9s dans les illustrations...\r\nUn terrible complot menace l'Egypte et son pharaon, Thoutm\u00f4sis II. Heureusement, Hatchepsout et Thout, ses jeunes h\u00e9ritiers, veillent. Mais seront-ils de taille \u00e0 vaincre les Hyks\u00f4s, ce peuple contre lequel l'Egypte est en guerre depuis des ann\u00e9es ?\r\nAid\u00e9s par Anupet, un b\u00e9b\u00e9 chacal espi\u00e8gle et gourmand, les apprentis devront faire appel \u00e0 toute leur ing\u00e9niosit\u00e9 pour d\u00e9jouer l'effroyable conspiration !\r\nAvec des pages secr\u00e8tes, des cartes \u00e0 gratter et un miroir !","authors":["Artemisia","Charlotte Grosset\u00eate"],"category_codes":["2000000","2040000","2040500","2040502"],"visuals":{"large":"https:\/\/images.epagine.fr\/160\/9782215166160_1_75.jpg","medium":"https:\/\/images.epagine.fr\/160\/9782215166160_1_m.jpg","thumbnail":"https:\/\/images.epagine.fr\/160\/9782215166160_1_v.jpg"},"orderable":true,"show_badge":true,"formatted_price":"14,90&nbsp;\u20ac","formatted_published_date":"10 septembre 2021","publisher_availability_label":"Sur commande","short_details":"Artemisia, Charlotte Grosset\u00eate \u2014 Fleurus","translator":null,"weight":378,"page_count":96,"readership":"\u00e0 partir de 6 ANS","editor":"Fleurus","price":1490,"published_date":"2021-09-09T22:00:00.000000Z","support":"Grand format","publisher_availability":1,"stock":0,"editions":[],"url":"https:\/\/quaidesbrumes.com\/ouvrage\/9782215166160\/mene-ton-enquete-au-temps-des-pyramides"},{"id":"9782278065622","title":"Le machin","description":"L'histoire d'un dr\u00f4le de machin qui passe entre toutes les mains... Un conte-randonn\u00e9e sous forme de devinette, id\u00e9al pour les tout-petits ! Craquant comme un doudou.","authors":["C\u00e9cile Bonbon","St\u00e9phane Servant"],"category_codes":["2000000","2020000","2020400"],"visuals":{"large":"https:\/\/images.epagine.fr\/622\/9782278065622_1_75.jpg","medium":"https:\/\/images.epagine.fr\/622\/9782278065622_1_m.jpg","thumbnail":"https:\/\/images.epagine.fr\/622\/9782278065622_1_v.jpg"},"orderable":true,"show_badge":true,"formatted_price":"5,90&nbsp;\u20ac","formatted_published_date":"12 octobre 2011","publisher_availability_label":"Sur commande","short_details":"C\u00e9cile Bonbon, St\u00e9phane Servant \u2014 Didier jeunesse","translator":null,"weight":100,"page_count":32,"readership":"0\/3 ans","editor":"Didier jeunesse","price":590,"published_date":"2011-10-11T22:00:00.000000Z","support":"Grand format","publisher_availability":1,"stock":0,"editions":["9782278057115"],"url":"https:\/\/quaidesbrumes.com\/ouvrage\/9782278065622\/le-machin"},{"id":"9782378013509","title":"Par la fen\u00eatre","description":"Chaque jour, une petite fille prom\u00e8ne son chien dans son quartier. Chaque jour, \u00e0 l'angle de la rue, elle voit \u00e0 sa fen\u00eatre une femme qui travaille. Dans la nuit, la fen\u00eatre de la dame brille aussi fort que la lune, tandis que chez elle, des rideaux occultent sans cesse le monde ext\u00e9rieur. Fascin\u00e9e, la petite fille salue cette femme ouverte sur le monde qui \u00e9crit en regardant par sa fen\u00eatre. Petit \u00e0 petit, des liens se tissent entre elles...\r\n\r\nLa plume po\u00e9tique et douce de l'auteure raconte ici comment une enfant, par le simple geste d'ouvrir une fen\u00eatre, d\u00e9couvre le monde d'un autre point de vue. Le lecteur apprendra qu'il n'y a parfois rien de plus beau que d'appr\u00e9cier les moments de partages et qu'il suffit de voir les choses diff\u00e9remment pour les embellir.\r\n\r\nLe talent de Qin Leg accompagne chaque ligne avec douceur et lenteur, et illustre \u00e0 chaque instant les \u00e9motions de l'enfant.","authors":["Lim Hope","Qin Leng"],"category_codes":["2000000","2030000","2030400"],"visuals":{"large":"https:\/\/images.epagine.fr\/509\/9782378013509_1_75.jpg","medium":"https:\/\/images.epagine.fr\/509\/9782378013509_1_m.jpg","thumbnail":"https:\/\/images.epagine.fr\/509\/9782378013509_1_v.jpg"},"orderable":true,"show_badge":true,"formatted_price":"14,90&nbsp;\u20ac","formatted_published_date":"16 mai 2025","publisher_availability_label":"Sur commande","short_details":"Lim Hope, Qin Leng \u2014 Saltimbanque \u00c9ditions","translator":null,"weight":466,"page_count":42,"readership":"3\/6 ans","editor":"Saltimbanque \u00c9ditions","price":1490,"published_date":"2025-05-15T22:00:00.000000Z","support":"Grand format","publisher_availability":1,"stock":0,"editions":[],"url":"https:\/\/quaidesbrumes.com\/ouvrage\/9782378013509\/par-la-fenetre"},{"id":"9782215193272","title":"Le corps humain","description":"Soul\u00e8ve les flaps, tourne les roues, actionne les tirettes... et d\u00e9couvre comment fonctionnent les poumons, combien d'os compte le corps humain ou pourquoi c'est important de faire du sport !\r\nAvec en plus un pop-up, un quiz et un cherche et trouve !","authors":["Claudine Gaston","El Gunto"],"category_codes":["2000000","2070000","2070500"],"visuals":{"large":"https:\/\/images.epagine.fr\/272\/9782215193272_1_75.jpg","medium":"https:\/\/images.epagine.fr\/272\/9782215193272_1_m.jpg","thumbnail":"https:\/\/images.epagine.fr\/272\/9782215193272_1_v.jpg"},"orderable":true,"show_badge":true,"formatted_price":"15,95&nbsp;\u20ac","formatted_published_date":"6 septembre 2024","publisher_availability_label":"Sur commande","short_details":"Claudine Gaston, El Gunto \u2014 Fleurus","translator":null,"weight":810,"page_count":16,"readership":null,"editor":"Fleurus","price":1595,"published_date":"2024-09-05T22:00:00.000000Z","support":"Grand format","publisher_availability":1,"stock":0,"editions":[],"url":"https:\/\/quaidesbrumes.com\/ouvrage\/9782215193272\/le-corps-humain"},{"id":"9782215194408","title":"Charlie Chaplin","description":"Le cin\u00e9aste et com\u00e9dien Charlie Chaplin (1889-1977), premi\u00e8re grande star du cin\u00e9ma au XXe si\u00e8cle, est un pionnier du cin\u00e9ma muet. Il a cr\u00e9\u00e9 le personnage de Charlot, qu'il a interpr\u00e9t\u00e9 dans la plupart de ses films, dont \"Le Kid\", \"La Ru\u00e9e vers l'or\" ou \"Les Temps modernes\".\r\nCette Grande Imagerie richement illustr\u00e9e vous propose d'aller \u00e0 la rencontre de ce grand artiste et de d\u00e9couvrir sa vie et son oeuvre !","authors":["Marion Polirsztok"],"category_codes":["2000000","2070000","2070800"],"visuals":{"large":"https:\/\/images.epagine.fr\/408\/9782215194408_1_75.jpg","medium":"https:\/\/images.epagine.fr\/408\/9782215194408_1_m.jpg","thumbnail":"https:\/\/images.epagine.fr\/408\/9782215194408_1_v.jpg"},"orderable":true,"show_badge":true,"formatted_price":"8,95&nbsp;\u20ac","formatted_published_date":"22 ao\u00fbt 2025","publisher_availability_label":"Sur commande","short_details":"Marion Polirsztok \u2014 Fleurus","translator":null,"weight":378,"page_count":32,"readership":"Tout public","editor":"Fleurus","price":895,"published_date":"2025-08-21T22:00:00.000000Z","support":"Grand format","publisher_availability":1,"stock":0,"editions":[],"url":"https:\/\/quaidesbrumes.com\/ouvrage\/9782215194408\/charlie-chaplin"},{"id":"9782012102187","title":"La caserne de pompiers des Monsieur Madame","description":"\u00c0 la caserne de pompiers des Monsieur Madame tout se passe normalement...enfin, presque. Mme Magie appara\u00eet dans le camion comme par magie, M. Bruit fait office de sir\u00e8ne, M. Chatouille s'emm\u00eale avec la lance \u00e0 eau... En fait, c'est une aventure !\r","authors":["Roger Hargreaves"],"category_codes":["2000000","2030000","2030400"],"visuals":{"large":"https:\/\/images.epagine.fr\/187\/9782012102187_1_75.jpg","medium":"https:\/\/images.epagine.fr\/187\/9782012102187_1_m.jpg","thumbnail":"https:\/\/images.epagine.fr\/187\/9782012102187_1_v.jpg"},"orderable":true,"show_badge":true,"formatted_price":"2,90&nbsp;\u20ac","formatted_published_date":"26 f\u00e9vrier 2020","publisher_availability_label":"Sur commande","short_details":"Roger Hargreaves \u2014 Hachette Jeunesse","translator":null,"weight":54,"page_count":40,"readership":"\u00e0 partir de 4 ANS","editor":"Hachette Jeunesse","price":290,"published_date":"2020-02-25T23:00:00.000000Z","support":"Grand format","publisher_availability":1,"stock":0,"editions":[],"url":"https:\/\/quaidesbrumes.com\/ouvrage\/9782012102187\/la-caserne-de-pompiers-des-monsieur-madame"},{"id":"9782017043867","title":"Magnus Chase et les dieux d'Asgard Tome 3 : le vaisseau des damn\u00e9s","description":"Catastrophe\u00a0 ! Loki le Terrible a r\u00e9ussi \u00e0 s'\u00e9vader. Avec son arm\u00e9e de g\u00e9ants et de guerriers zombies, il embraque sur le vaisseau des damn\u00e9s, afin de pr\u00e9cipiter le Ragnar\u00f6k, la fin du monde\u00a0 ! Alors qu'une bataille navale se pr\u00e9pare, qui mieux que Percy Jackson, fils du dieu de la mer, pour conseiller Magnus Chase et sa bande\u00a0 ? Cette qu\u00eate \u00e9pique les emm\u00e8nera d'un bout \u00e0 l'autre des neuf mondes, de la tani\u00e8re d'un loup \u00e0 un bateau jaune en forme de banane, d'un combat contre un g\u00e9ant et ses neuf filles assoiff\u00e9es de sang \u00e0 une bataille face \u00e0 un dragon f\u00e9roce.\r","authors":["Rick Riordan","Nathalie Serval"],"category_codes":["2000000","2050000","2050200","2050203"],"visuals":{"large":"https:\/\/images.epagine.fr\/867\/9782017043867_1_75.jpg","medium":"https:\/\/images.epagine.fr\/867\/9782017043867_1_m.jpg","thumbnail":"https:\/\/images.epagine.fr\/867\/9782017043867_1_v.jpg"},"orderable":true,"show_badge":true,"formatted_price":"7,90&nbsp;\u20ac","formatted_published_date":"20 mars 2019","publisher_availability_label":"Sur commande","short_details":"Rick Riordan, Nathalie Serval \u2014 Le Livre de Poche Jeunesse","translator":"NATHALIE SERVAL","weight":282,"page_count":432,"readership":"\u00e0 partir de 12 ANS","editor":"Le Livre de Poche Jeunesse","price":790,"published_date":"2019-03-19T23:00:00.000000Z","support":"Poche","publisher_availability":1,"stock":0,"editions":["9782226325204"],"url":"https:\/\/quaidesbrumes.com\/ouvrage\/9782017043867\/magnus-chase-et-les-dieux-dasgard-tome-3-le-vaisseau-des-damnes"},{"id":"9782378882686","title":"Le petit renard","description":"Depuis quelque temps, \u00e0 la nuit tomb\u00e9e, un petit renard s'avance vers la piste d'atterrissage. Il semble attendre quelqu'un. Un soir, un homme s'approche prudemment et lui dit : \u00ab Bonsoir, que fais-tu ici ? \u00bb Sur le tarmac d'un a\u00e9roport, au milieu du ballet incessant des avions, un m\u00e9canicien et un renard se rencontrent et s'apprivoisent.","authors":["C\u00e9line Person","C\u00e9dric Abt"],"category_codes":["2000000","2030000","2030400"],"visuals":{"large":"https:\/\/images.epagine.fr\/686\/9782378882686_1_75.jpg","medium":"https:\/\/images.epagine.fr\/686\/9782378882686_1_m.jpg","thumbnail":"https:\/\/images.epagine.fr\/686\/9782378882686_1_v.jpg"},"orderable":true,"show_badge":true,"formatted_price":"14,00&nbsp;\u20ac","formatted_published_date":"26 mars 2025","publisher_availability_label":"Sur commande","short_details":"C\u00e9line Person, C\u00e9dric Abt \u2014 Kal\u00e9idoscope","translator":null,"weight":568,"page_count":40,"readership":"\u00e0 partir de 3 ANS","editor":"Kal\u00e9idoscope","price":1400,"published_date":"2025-03-25T23:00:00.000000Z","support":"Grand format","publisher_availability":1,"stock":0,"editions":[],"url":"https:\/\/quaidesbrumes.com\/ouvrage\/9782378882686\/le-petit-renard"},{"id":"9791040805427","title":"C'est l'histoire d'un \u00e9l\u00e9phant","description":"Un incontournable du catalogue Sarbacane r\u00e9-\u00e9dit\u00e9 dans un petit format cartonn\u00e9, au sein de la nouvelle collection sarbabb. Une histoire en boucle dr\u00f4le et jubilatoire, \u00e0 relire sans fin : encore !\r\n\r\nC'est l'histoire d'un \u00e9l\u00e9phant qui a mal dormi \u00e0 cause d'une chauve-souris qui a fait \u00ab crunch crunch \u00bb toute la nuit, pile au-dessus de son lit. Il croise alors un singe et d\u00e9verse sa mauvaise humeur sur lui. Le singe, qui a eu une peur bleue, se d\u00e9foule ensuite sur un serpent, qui s'en prend \u00e0 la premi\u00e8re souris venue et \u00e0 ses dix petits. Affol\u00e9e, la souris s'enfuit - pour enfin renverser toute l'histoire...\r\n\r\nEn mettant en sc\u00e8ne une s\u00e9rie d'animaux, Agn\u00e8s de Lestrade rend un hommage savoureux au Livre de la jungle de Kipling. Son histoire, d'une efficacit\u00e9 redoutable, sollicite avec bonheur tous les ressorts de la tradition orale, pour le plus grand plaisir des tout-petits.","authors":["Agn\u00e8s de Lestrade","Guillaume Plantevin"],"category_codes":["2000000","2020000","2020300"],"visuals":{"large":"https:\/\/images.epagine.fr\/427\/9791040805427_1_75.jpg","medium":"https:\/\/images.epagine.fr\/427\/9791040805427_1_m.jpg","thumbnail":"https:\/\/images.epagine.fr\/427\/9791040805427_1_v.jpg"},"orderable":true,"show_badge":true,"formatted_price":"10,90&nbsp;\u20ac","formatted_published_date":"6 mars 2024","publisher_availability_label":"Sur commande","short_details":"Agn\u00e8s de Lestrade, Guillaume Plantevin \u2014 Sarbacane","translator":null,"weight":276,"page_count":32,"readership":"0\/3 ans","editor":"Sarbacane","price":1090,"published_date":"2024-03-05T23:00:00.000000Z","support":"Grand format","publisher_availability":1,"stock":0,"editions":["9782848655055"],"url":"https:\/\/quaidesbrumes.com\/ouvrage\/9791040805427\/cest-lhistoire-dun-elephant"},{"id":"9782095047863","title":"Mon livre tout doux et qui fait du bruit ! Bonjour !","description":"Un premier livre sensoriel en tissu bio tout doux, avec une page crissante pour \u00e9veiller les sens de b\u00e9b\u00e9. Une aventure tactile et visuelle autour d'un adorable lapin.\r\n\r\nCon\u00e7u sp\u00e9cialement pour les tout-petits d\u00e8s 3 mois, ce livre en coton bio offre une exp\u00e9rience sensorielle compl\u00e8te. Sa page crissante stimule la curiosit\u00e9. Format parfait pour les petites mains, il est facile \u00e0 manipuler et \u00e0 laver. Les illustrations douces aux couleurs apaisantes mettent en sc\u00e8ne un adorable lapin pour accompagner les premiers moments d'\u00e9veil de votre b\u00e9b\u00e9.","authors":["Emiri Hayashi"],"category_codes":["2000000","2020000","2020200"],"visuals":{"large":"https:\/\/images.epagine.fr\/863\/9782095047863_1_75.jpg","medium":"https:\/\/images.epagine.fr\/863\/9782095047863_1_m.jpg","thumbnail":"https:\/\/images.epagine.fr\/863\/9782095047863_1_v.jpg"},"orderable":true,"show_badge":true,"formatted_price":"0,00&nbsp;\u20ac","formatted_published_date":"26 juin 2025","publisher_availability_label":"Sur commande","short_details":"Emiri Hayashi \u2014 Nathan","translator":null,"weight":40,"page_count":6,"readership":"0\/3 ans","editor":"Nathan","price":0,"published_date":"2025-06-25T22:00:00.000000Z","support":"Grand format","publisher_availability":1,"stock":0,"editions":[],"url":"https:\/\/quaidesbrumes.com\/ouvrage\/9782095047863\/mon-livre-tout-doux-et-qui-fait-du-bruit-bonjour"},{"id":"9782075158602","title":"2 petites mains et 2 petits pieds","description":"1 b\u00e9b\u00e9 est n\u00e9 au pays des pingouins.Et 1 autre ailleurs, dans le d\u00e9sert lointain. Et ces b\u00e9b\u00e9s, tout le monde le sait, ont 2 petites mains et 2 petits pieds!","authors":["Mem Fox","Helen Oxenbury","Anne Krief"],"category_codes":["2000000","2030000","2030300"],"visuals":{"large":"https:\/\/images.epagine.fr\/602\/9782075158602_1_75.jpg","medium":"https:\/\/images.epagine.fr\/602\/9782075158602_1_m.jpg","thumbnail":"https:\/\/images.epagine.fr\/602\/9782075158602_1_v.jpg"},"orderable":true,"show_badge":true,"formatted_price":"5,50&nbsp;\u20ac","formatted_published_date":"27 mai 2021","publisher_availability_label":"Sur commande","short_details":"Mem Fox, Helen Oxenbury, Anne Krief \u2014 Gallimard Jeunesse","translator":"ANNE KRIEF","weight":118,"page_count":40,"readership":"\u00e0 partir de 18 mois","editor":"Gallimard Jeunesse","price":550,"published_date":"2021-05-26T22:00:00.000000Z","support":"Grand format","publisher_availability":1,"stock":0,"editions":["9782075095174"],"url":"https:\/\/quaidesbrumes.com\/ouvrage\/9782075158602\/2-petites-mains-et-2-petits-pieds"},{"id":"9782355047671","title":"Filles, femmes, libert\u00e9 : Elles font changer le monde","description":"Apr\u00e8s Tous ensemble, le livre qui racontait les grandes luttes pacifiques qui ont fait bouger le monde, ce nouvel album du m\u00eame duo d'auteurs nous invite \u00e0 faire le tour de la plan\u00e8te des luttes de femmes qui ont fait avancer les droits \u00e0 l'\u00e9galit\u00e9, au respect et \u00e0 la libert\u00e9.\r\nDes rues de T\u00e9h\u00e9ran aux combats autour de #metoo, c'est \u00e0 chaque fois en agissant ensemble, que ces femmes interpellent l'opinion mondiale et finissent parfois par l'emporter...\r\n\r\nOn rencontre ainsi les femmes d'Arabie Saoudite qui se sont battus pour le droit de conduire, des Marocaines pour le droit \u00e0 la terre ou des ouvri\u00e8res de chez Ford, en Grande-Bretagne, pour l'\u00e9galit\u00e9 salariale. Les illustrations chaleureuses de l'album nous invite les jeunes lecteurs solidarit\u00e9 et \u00e0 la vigilance.","authors":["Ximo Abadia","Rebecca June","Laurana Serres-Giardi"],"category_codes":["2000000","2070000","2070400"],"visuals":{"large":"https:\/\/images.epagine.fr\/671\/9782355047671_1_75.jpg","medium":"https:\/\/images.epagine.fr\/671\/9782355047671_1_m.jpg","thumbnail":"https:\/\/images.epagine.fr\/671\/9782355047671_1_v.jpg"},"orderable":true,"show_badge":true,"formatted_price":"19,50&nbsp;\u20ac","formatted_published_date":"14 juin 2024","publisher_availability_label":"Sur commande","short_details":"Ximo Abadia, Rebecca June, Laurana Serres-Giardi \u2014 Rue du monde","translator":"LAURANA SERRES-GIARDI","weight":608,"page_count":64,"readership":null,"editor":"Rue du monde","price":1950,"published_date":"2024-06-13T22:00:00.000000Z","support":"Grand format","publisher_availability":1,"stock":0,"editions":[],"url":"https:\/\/quaidesbrumes.com\/ouvrage\/9782355047671\/filles-femmes-liberte-elles-font-changer-le-monde"},{"id":"9782215201397","title":"La maison","description":"De belles photos, des illustrations et des informations pour d\u00e9couvrir le monde en s'amusant !\r\nEt de petites questions pour amuser les petits curieux.\r\nLes objets dans le salon, la salle \u00e0 manger, la cuisine, la chambre, la salle de bains, le bureau, le garage, le jardin.","authors":["Camille Ferrari"],"category_codes":["2000000","2020000","2020300"],"visuals":{"large":"https:\/\/images.epagine.fr\/397\/9782215201397_1_75.jpg","medium":"https:\/\/images.epagine.fr\/397\/9782215201397_1_m.jpg","thumbnail":"https:\/\/images.epagine.fr\/397\/9782215201397_1_v.jpg"},"orderable":true,"show_badge":true,"formatted_price":"9,95&nbsp;\u20ac","formatted_published_date":"13 mars 2026","publisher_availability_label":"Sur commande","short_details":"Camille Ferrari \u2014 Fleurus","translator":null,"weight":266,"page_count":24,"readership":"0\/3 ans","editor":"Fleurus","price":995,"published_date":"2026-03-12T23:00:00.000000Z","support":"Grand format","publisher_availability":1,"stock":0,"editions":[],"url":"https:\/\/quaidesbrumes.com\/ouvrage\/9782215201397\/la-maison"},{"id":"9782075223690","title":"La saison des fleurs","description":"Une trag\u00e9die familiale envo\u00fbtante et puissante, hymne \u00e0 la sororit\u00e9.\r\n\r\nC'est l'\u00e9t\u00e9, tout \u00e9touffe et tout br\u00fble.\r\nDans un moulin isol\u00e9 en lisi\u00e8re de for\u00eat, une m\u00e8re meurt brusquement suite \u00e0 une violente dispute, laissant ses trois filles orphelines et terrifi\u00e9es: Alecto, la bris\u00e9e, majeure dans deux mois, P\u00e9n\u00e9lope, la rationnelle, et sa jumelle, Ariane, la pr\u00e9f\u00e9r\u00e9e. Pour ne pas \u00eatre s\u00e9par\u00e9es, les trois soeurs doivent cacher ce d\u00e9c\u00e8s jusqu'aux dix-huit ans de l'a\u00een\u00e9e. Mais l'ombre inqui\u00e9tante du maire r\u00f4de autour de la maison. Ainsi que les fant\u00f4mes d'un pass\u00e9 obscur...\r\n\r\nUn roman finaliste du concours du premier roman Gallimard Jeunesse, T\u00e9l\u00e9rama, RTL.","authors":["Loly Axmann"],"category_codes":["2000000","2040000","2040500","2040508"],"visuals":{"large":"https:\/\/images.epagine.fr\/690\/9782075223690_1_75.jpg","medium":"https:\/\/images.epagine.fr\/690\/9782075223690_1_m.jpg","thumbnail":"https:\/\/images.epagine.fr\/690\/9782075223690_1_v.jpg"},"orderable":true,"show_badge":true,"formatted_price":"12,90&nbsp;\u20ac","formatted_published_date":"12 juin 2025","publisher_availability_label":"Sur commande","short_details":"Loly Axmann \u2014 Gallimard Jeunesse","translator":null,"weight":294,"page_count":272,"readership":"\u00e0 partir de 6 ANS","editor":"Gallimard Jeunesse","price":1290,"published_date":"2025-06-11T22:00:00.000000Z","support":"Grand format","publisher_availability":1,"stock":0,"editions":[],"url":"https:\/\/quaidesbrumes.com\/ouvrage\/9782075223690\/la-saison-des-fleurs"},{"id":"9782080478085","title":"Je suis en CP : Histoires sur la nature","description":"\u00ab- Aujourd'hui, on va planter des arbres dans la cour, annonce Ma\u00eetresse Julie. - C'est bien, dit R\u00e9da. Pour les animaux comme pour nous, il faut prot\u00e9ger la nature\u00a0!\u00bb 3 histoires sur la nature + 1 dico mot-image + des activit\u00e9s ludiques.","authors":["Magdalena","Emmanuel Ristord"],"category_codes":["2000000","2040000","2040200"],"visuals":{"large":"https:\/\/images.epagine.fr\/085\/9782080478085_1_75.jpg","medium":"https:\/\/images.epagine.fr\/085\/9782080478085_1_m.jpg","thumbnail":"https:\/\/images.epagine.fr\/085\/9782080478085_1_v.jpg"},"orderable":true,"show_badge":true,"formatted_price":"10,95&nbsp;\u20ac","formatted_published_date":"4 juin 2025","publisher_availability_label":"Sur commande","short_details":"Magdalena, Emmanuel Ristord \u2014 P\u00e8re Castor","translator":null,"weight":286,"page_count":96,"readership":"\u00e0 partir de 6 ANS","editor":"P\u00e8re Castor","price":1095,"published_date":"2025-06-03T22:00:00.000000Z","support":"Grand format","publisher_availability":1,"stock":0,"editions":[],"url":"https:\/\/quaidesbrumes.com\/ouvrage\/9782080478085\/je-suis-en-cp-histoires-sur-la-nature"},{"id":"9782075075022","title":"Sim\u00e9on le papillon","description":"Sim\u00e9on aime la compagnie des fleurs et vole de l'une \u00e0 l'autre. Cependant, un matin, les fleurs ne veulent pas s'ouvrir. Sim\u00e9on part faire son enqu\u00eate et apprend qu'un myst\u00e9rieux papillon de nuit donne des bals en jouant de la trompette.\r","authors":["Antoon Krings"],"category_codes":["2000000","2030000","2030400"],"visuals":{"large":"https:\/\/images.epagine.fr\/022\/9782075075022_1_75.jpg","medium":"https:\/\/images.epagine.fr\/022\/9782075075022_1_m.jpg","thumbnail":"https:\/\/images.epagine.fr\/022\/9782075075022_1_v.jpg"},"orderable":true,"show_badge":true,"formatted_price":"6,50&nbsp;\u20ac","formatted_published_date":"6 juillet 2017","publisher_availability_label":"Sur commande","short_details":"Antoon Krings \u2014 Gallimard Jeunesse-Giboul\u00e9es","translator":null,"weight":239,"page_count":28,"readership":"3\/6 ans","editor":"Gallimard Jeunesse-Giboul\u00e9es","price":650,"published_date":"2017-07-05T22:00:00.000000Z","support":"Grand format","publisher_availability":1,"stock":0,"editions":[],"url":"https:\/\/quaidesbrumes.com\/ouvrage\/9782075075022\/simeon-le-papillon"},{"id":"9791036324666","title":"La cabane magique Tome 46 : mission en Egypte","description":"Tom et L\u00e9a doivent d\u00e9couvrir le secret d'une infirmi\u00e8re anglaise : Florence Nightingale. Ils se retrouvent \u00e0 Th\u00e8bes, en \u00c9gypte au XIXe si\u00e8cle. Sur place, ils font la connaissance d'un couple de touristes anglais, proches de la jeune femme. Et ils apprennent que, non seulement Florence n'est pas c\u00e9l\u00e8bre, mais qu'en plus, elle n'a jamais travaill\u00e9 dans un h\u00f4pital ! Leur mission commence mal... De plus, on leur confie la garde d'un b\u00e9b\u00e9 babouin, Koki. Comment vont-ils pouvoir suivre Florence et essayer de mieux la conna\u00eetre, tout en s'occupant en m\u00eame temps du petit singe ?","authors":["Mary Pope Osborne","Sidonie Van Den Dries"],"category_codes":["2000000","2040000","2040300"],"visuals":{"large":"https:\/\/images.epagine.fr\/666\/9791036324666_1_75.jpg","medium":"https:\/\/images.epagine.fr\/666\/9791036324666_1_m.jpg","thumbnail":"https:\/\/images.epagine.fr\/666\/9791036324666_1_v.jpg"},"orderable":true,"show_badge":true,"formatted_price":"6,90&nbsp;\u20ac","formatted_published_date":"27 janvier 2021","publisher_availability_label":"Sur commande","short_details":"Mary Pope Osborne, Sidonie Van Den Dries \u2014 Bayard Jeunesse","translator":"SIDONIE VAN DEN DRIES","weight":230,"page_count":160,"readership":"\u00e0 partir de 6 ANS","editor":"Bayard Jeunesse","price":690,"published_date":"2021-01-26T23:00:00.000000Z","support":"Poche","publisher_availability":1,"stock":0,"editions":[],"url":"https:\/\/quaidesbrumes.com\/ouvrage\/9791036324666\/la-cabane-magique-tome-46-mission-en-egypte"},{"id":"9782344066225","title":"La route qui traverse la for\u00eat","description":"Un album de saison qui invite \u00e0 plonger dans l'automne et ses couleurs, pour encourager l'enfant \u00e0 conna\u00eetre la for\u00eat et \u00e0 respecter ses habitants !\r\nUn matin, les animaux de la for\u00eat se r\u00e9veillent et constatent que quelque chose a chang\u00e9 : un myst\u00e9rieux ruban noir coupe la for\u00eat en deux. Chef le cerf, Domino la cigogne, Brochette le h\u00e9risson et Vampe la chauve-souris ne sont pas d'accord, c'est chez eux ici ! Ils mettent au point un plan ing\u00e9nieux pour faire fuir les humains, en leur faisant peur \u00e0 leur tour\u00a0!\r\nUn ouvrage r\u00e9alis\u00e9 en partenariat avec l'ASPAS (Association pour la Protection des animaux sauvages).","authors":["Sophie Adriansen","Chevalier Gambette"],"category_codes":["2000000","2030000","2030400"],"visuals":{"large":"https:\/\/images.epagine.fr\/225\/9782344066225_1_75.jpg","medium":"https:\/\/images.epagine.fr\/225\/9782344066225_1_m.jpg","thumbnail":"https:\/\/images.epagine.fr\/225\/9782344066225_1_v.jpg"},"orderable":true,"show_badge":true,"formatted_price":"14,90&nbsp;\u20ac","formatted_published_date":"1er octobre 2025","publisher_availability_label":"Sur commande","short_details":"Sophie Adriansen, Chevalier Gambette \u2014 Gl\u00e9nat Jeunesse","translator":null,"weight":512,"page_count":48,"readership":"\u00e0 partir de 5 ANS","editor":"Gl\u00e9nat Jeunesse","price":1490,"published_date":"2025-09-30T22:00:00.000000Z","support":"Grand format","publisher_availability":1,"stock":0,"editions":[],"url":"https:\/\/quaidesbrumes.com\/ouvrage\/9782344066225\/la-route-qui-traverse-la-foret"},{"id":"9782095049393","title":"En avant foot : Un coup pas franc de Zac","description":"\u00catre d\u00e9pass\u00e9 par une fille sur le terrain...Et si c'\u00e9tait l'occasion de grandir plut\u00f4t que de se braquer ? Une histoire sur l'acceptation de soi et le respect des talents de chacun.\r\n\r\nL'histoire : Zac se sent seul au sein des Lynx : il n'est pas le buteur ni le bel apollon. Il n'est pas un tr\u00e8s bon joueur mais quand Morgane, la fille de l'\u00e9quipe, le dribble \u00e0 l'entra\u00eenement, il se vexe et devient blessant.\r\nL'\u00e9quipe qui jusque-l\u00e0 brillait par sa solidarit\u00e9 va-t-elle vaciller ?\r\n\r\nUn r\u00e9cit accessible \u00e0 partir de 7 ans qui valorise la diversit\u00e9 des talents et l'\u00e9galit\u00e9 des genres dans le sport, tout en montrant comment les pr\u00e9jug\u00e9s peuvent fragiliser un collectif.","authors":["Emmanuel Tr\u00e9dez","Cl\u00e9ment Devaux"],"category_codes":["2000000","2040000","2040300"],"visuals":{"large":"https:\/\/images.epagine.fr\/393\/9782095049393_1_75.jpg","medium":"https:\/\/images.epagine.fr\/393\/9782095049393_1_m.jpg","thumbnail":"https:\/\/images.epagine.fr\/393\/9782095049393_1_v.jpg"},"orderable":true,"show_badge":true,"formatted_price":"6,50&nbsp;\u20ac","formatted_published_date":"5 juin 2025","publisher_availability_label":"Sur commande","short_details":"Emmanuel Tr\u00e9dez, Cl\u00e9ment Devaux \u2014 Nathan","translator":null,"weight":138,"page_count":48,"readership":"\u00e0 partir de 7 ANS","editor":"Nathan","price":650,"published_date":"2025-06-04T22:00:00.000000Z","support":"Grand format","publisher_availability":1,"stock":0,"editions":[],"url":"https:\/\/quaidesbrumes.com\/ouvrage\/9782095049393\/en-avant-foot-un-coup-pas-franc-de-zac"}]}