{"data":[{"id":"9782215174530","title":"La soupe au caillou","description":"Il \u00e9tait une fois... L'histoire de la soupe au caillou tendrement illustr\u00e9e pour faire d\u00e9couvrir aux tout-petits les contes de notre enfance.","authors":["Pauline Caudrillier"],"category_codes":["2000000","2040000","2040400"],"visuals":{"large":"https:\/\/images.epagine.fr\/530\/9782215174530_1_75.jpg","medium":"https:\/\/images.epagine.fr\/530\/9782215174530_1_m.jpg","thumbnail":"https:\/\/images.epagine.fr\/530\/9782215174530_1_v.jpg"},"orderable":true,"show_badge":true,"formatted_price":"1,99&nbsp;\u20ac","formatted_published_date":"10 janvier 2020","publisher_availability_label":"Sur commande","short_details":"Pauline Caudrillier \u2014 Fleurus","translator":null,"weight":76,"page_count":1,"readership":"\u00e0 partir de 4 ANS","editor":"Fleurus","price":199,"published_date":"2020-01-09T23:00:00.000000Z","support":"Grand format","publisher_availability":1,"stock":0,"editions":["9782215201571"],"url":"https:\/\/quaidesbrumes.com\/ouvrage\/9782215174530\/la-soupe-au-caillou"},{"id":"9782408006013","title":"Les dinosaures","description":"Un \"Doc \u00e0 coller\" sous une forme interactive et ludique, qui valorise la participation de l'enfant, tout en lui apportant des informations. Un concept simple et efficace : donner \u00e0 d\u00e9couvrir aux petits leurs premiers savoirs documentaires en positionnant des autocollants sur de grandes images aux bons endroits. Pour tout savoir sur les dinosaures, pas besoin d'aller \u00e0 Jurassic Park !","authors":["St\u00e9phanie Ledu","Mathilde George"],"category_codes":["2000000","2080000","2080200"],"visuals":{"large":"https:\/\/images.epagine.fr\/013\/9782408006013_1_75.jpg","medium":"https:\/\/images.epagine.fr\/013\/9782408006013_1_m.jpg","thumbnail":"https:\/\/images.epagine.fr\/013\/9782408006013_1_v.jpg"},"orderable":true,"show_badge":true,"formatted_price":"5,50&nbsp;\u20ac","formatted_published_date":"12 septembre 2018","publisher_availability_label":"Sur commande","short_details":"St\u00e9phanie Ledu, Mathilde George \u2014 Milan","translator":null,"weight":120,"page_count":16,"readership":"3\/6 ans","editor":"Milan","price":550,"published_date":"2018-09-11T22:00:00.000000Z","support":"Grand format","publisher_availability":1,"stock":0,"editions":[],"url":"https:\/\/quaidesbrumes.com\/ouvrage\/9782408006013\/les-dinosaures"},{"id":"9782302078970","title":"Histoires  de fant\u00f4mes du Japon","description":"Fascin\u00e9 par le Japon - son art, sa culture et ses paysages - depuis ses plus tendres ann\u00e9es, Benjamin Lacombe a souhait\u00e9 illustrer Fant\u00f4mes du Japon, un recueil d'histoires impr\u00e9gn\u00e9es du folklore japonais, recueillies par Lafcadio Hearn. Cet \u00e9crivain irlandais a \u00e9t\u00e9 l'un des premiers occidentaux \u00e0 obtenir la nationalit\u00e9 japonaise. Il est connu pour avoir sillonn\u00e9 les provinces de ce pays, recueilli et mis par \u00e9crit les contes et l\u00e9gendes de fant\u00f4mes japonais. Pour cet ouvrage, Benjamin a choisi d'illustrer un panel de bestiaire large et diversifi\u00e9 ; une diversit\u00e9 qu'il \u00e9tait essentiel pour lui de laisser transpara\u00eetre dans un traitement graphique diff\u00e9rent pour chaque histoire. En fin de livre, la cr\u00e9ation de jeux, inspir\u00e9s de jeux anciens, offre la possibilit\u00e9 de raconter sa propre l\u00e9gende de y\u00f4kai. Un hommage de toute splendeur, au ton juste.","authors":["Lafcadio Hearn","Benjamin Lacombe"],"category_codes":["2000000","2030000","2030400"],"visuals":{"large":"https:\/\/images.epagine.fr\/970\/9782302078970_1_75.jpg","medium":"https:\/\/images.epagine.fr\/970\/9782302078970_1_m.jpg","thumbnail":"https:\/\/images.epagine.fr\/970\/9782302078970_1_v.jpg"},"orderable":true,"show_badge":true,"formatted_price":"29,95&nbsp;\u20ac","formatted_published_date":"27 novembre 2019","publisher_availability_label":"Sur commande","short_details":"Lafcadio Hearn, Benjamin Lacombe \u2014 Soleil","translator":null,"weight":996,"page_count":208,"readership":"3\/6 ans","editor":"Soleil","price":2995,"published_date":"2019-11-26T23:00:00.000000Z","support":"Grand format","publisher_availability":1,"stock":0,"editions":[],"url":"https:\/\/quaidesbrumes.com\/ouvrage\/9782302078970\/histoires-de-fantomes-du-japon"},{"id":"9782898151439","title":"Une girafe, \u00e7a sourit, oui","description":"\u00c0 travers une narration po\u00e9tique ainsi que des illustrations pleines de douceur, \r\nAndr\u00e9e Poulin et \r\nGenevi\u00e8ve Despr\u00e9s nous invitent \u00e0 suivre une op\u00e9ration de sauvetage ayant s\u00e9par\u00e9 un girafon de sa maman quelque temps avant qu'ils ne puissent enfin retrouver les autres girafes de leur clan.\r\nSi j'avais su, le titre pr\u00e9c\u00e9dent de Genevi\u00e8ve Despr\u00e9s aux 400 coups, a vendu plus de 6600 exemplaires en date du 17 septembre 2025.\r\nSi j'avais su, le titre pr\u00e9c\u00e9dent de Genevi\u00e8ve Despr\u00e9s, a \u00e9t\u00e9 s\u00e9lectionn\u00e9 pour le prix des Incorruptibles, et a \u00e9t\u00e9 finaliste au Prix des libraires du Qu\u00e9bec.","authors":["Andr\u00e9e Poulin","Genevi\u00e8ve Despr\u00e9s"],"category_codes":["2000000","2030000","2030400"],"visuals":{"large":"https:\/\/images.epagine.fr\/439\/9782898151439_1_75.jpg","medium":"https:\/\/images.epagine.fr\/439\/9782898151439_1_m.jpg","thumbnail":"https:\/\/images.epagine.fr\/439\/9782898151439_1_v.jpg"},"orderable":true,"show_badge":true,"formatted_price":"15,00&nbsp;\u20ac","formatted_published_date":"12 f\u00e9vrier 2026","publisher_availability_label":"Sur commande","short_details":"Andr\u00e9e Poulin, Genevi\u00e8ve Despr\u00e9s \u2014 Les 400 coups","translator":null,"weight":386,"page_count":32,"readership":"3\/6 ans","editor":"Les 400 coups","price":1500,"published_date":"2026-02-11T23:00:00.000000Z","support":"Grand format","publisher_availability":1,"stock":0,"editions":[],"url":"https:\/\/quaidesbrumes.com\/ouvrage\/9782898151439\/une-girafe-ca-sourit-oui"},{"id":"9782017264200","title":"Vaiana 2 : L'histoire du film","description":"Toute l'histoire du film Vaiana 2 dans un album grand format, pour un moment de lecture \u00e0 partager entre parents et enfants.\r\n  \r\n- L'histoire compl\u00e8te du film avec des textes courts et faciles \u00e0 lire, rythm\u00e9s par des dialogues et des images en pleine page.\r\n  \r\nD\u00e8s 3 ans.  \r\n  \r\nR\u00e9sum\u00e9 : Il y a bien longtemps, le dieu Nalo a s\u00e9par\u00e9 les peuples aux quatre coins de l'oc\u00e9an, sans qu'ils puissent se retrouver... Lorsque Vaiana re\u00e7oit une visite de son anc\u00eatre l'appelant \u00e0 lever cette mal\u00e9diction, la jeune exploratrice r\u00e9unit un \u00e9quipage improbable. Accompagn\u00e9s de Maui, ils devront faire face aux montres et temp\u00eates de la mer.","authors":["Disney"],"category_codes":["2000000","2030000","2030400"],"visuals":{"large":"https:\/\/images.epagine.fr\/200\/9782017264200_1_75.jpg","medium":"https:\/\/images.epagine.fr\/200\/9782017264200_1_m.jpg","thumbnail":"https:\/\/images.epagine.fr\/200\/9782017264200_1_v.jpg"},"orderable":true,"show_badge":true,"formatted_price":"14,95&nbsp;\u20ac","formatted_published_date":"6 novembre 2024","publisher_availability_label":"Sur commande","short_details":"Disney \u2014 Disney Hachette","translator":null,"weight":714,"page_count":96,"readership":"\u00e0 partir de 3 ANS","editor":"Disney Hachette","price":1495,"published_date":"2024-11-05T23:00:00.000000Z","support":"Grand format","publisher_availability":1,"stock":0,"editions":["9782017264194","9782017264231","9782017264217"],"url":"https:\/\/quaidesbrumes.com\/ouvrage\/9782017264200\/vaiana-2-lhistoire-du-film"},{"id":"9782215196235","title":"J'apprends \u00e0 dessiner : Les animaux de la ferme","description":"La m\u00e9thode Philippe Legendre est une m\u00e9thode reconnue et facile, en quatre \u00e9tapes, pour apprendre \u00e0 dessiner comme les grands !\r\nLe vocabulaire de formes permet \u00e0 l'enfant de r\u00e9ussir tous ses dessins.\r\nCe livre pr\u00e9sente 9 mod\u00e8les d'animaux de la ferme embl\u00e9matiques : \u00e2ne, cheval, ch\u00e8vre, cochon, coq, mouton, oie, poule, vache.","authors":["Philippe Legendre","Cl\u00e9mentine Guivarc'h"],"category_codes":["2000000","2060000","2060300","2060303"],"visuals":{"large":"https:\/\/images.epagine.fr\/235\/9782215196235_1_75.jpg","medium":"https:\/\/images.epagine.fr\/235\/9782215196235_1_m.jpg","thumbnail":"https:\/\/images.epagine.fr\/235\/9782215196235_1_v.jpg"},"orderable":true,"show_badge":true,"formatted_price":"6,99&nbsp;\u20ac","formatted_published_date":"18 avril 2025","publisher_availability_label":"Sur commande","short_details":"Philippe Legendre, Cl\u00e9mentine Guivarc'h \u2014 Fleurus","translator":null,"weight":264,"page_count":32,"readership":"\u00e0 partir de 3 ANS","editor":"Fleurus","price":699,"published_date":"2025-04-17T22:00:00.000000Z","support":"Grand format","publisher_availability":1,"stock":0,"editions":[],"url":"https:\/\/quaidesbrumes.com\/ouvrage\/9782215196235\/japprends-a-dessiner-les-animaux-de-la-ferme"},{"id":"9782215194347","title":"Les grands singes","description":"Gorilles, orangs-outans, bonobos, chimpanz\u00e9s, gibbons et siamangs... les grands singes nous ont toujours fascin\u00e9s. Comment, en effet, ne pas \u00eatre sensible \u00e0 leurs expressions, leur regard, leurs comportements rappelant parfois ceux des humains ? il y a une raison \u00e0 cela : nous faisons partie de la m\u00eame famille : les hominid\u00e9s.\r\n\r\nS'appuyant sur une importante exp\u00e9rience de terrain et sur les derni\u00e8res d\u00e9couvertes scientifiques, la primatologue Emmanuelle Grundmann nous entra\u00eene \u00e0 la rencontre de ces \u00eatres si proches de nous : elle nous raconte leur quotidien, leurs habitudes de vie, leurs r\u00e9gimes alimentaires, d\u00e9crypte pour nous leurs comportements et fait le point sur les nombreuses menaces qui p\u00e8sent aujourd'hui sur eux.","authors":["Emmanuelle Grundmann"],"category_codes":["2000000","2070000","2070300"],"visuals":{"large":"https:\/\/images.epagine.fr\/347\/9782215194347_1_75.jpg","medium":"https:\/\/images.epagine.fr\/347\/9782215194347_1_m.jpg","thumbnail":"https:\/\/images.epagine.fr\/347\/9782215194347_1_v.jpg"},"orderable":true,"show_badge":true,"formatted_price":"8,95&nbsp;\u20ac","formatted_published_date":"7 mars 2025","publisher_availability_label":"Sur commande","short_details":"Emmanuelle Grundmann \u2014 Fleurus","translator":null,"weight":370,"page_count":32,"readership":null,"editor":"Fleurus","price":895,"published_date":"2025-03-06T23:00:00.000000Z","support":"Grand format","publisher_availability":1,"stock":0,"editions":[],"url":"https:\/\/quaidesbrumes.com\/ouvrage\/9782215194347\/les-grands-singes"},{"id":"9782362666704","title":"Chantage \u00e0 la r\u00e9cr\u00e9","description":"Moi c'est Louise.\r\nJe suis dans la m\u00eame \u00e9cole que ma soeur L\u00e9a.\r\nElle, en CM2. Moi, en CE2.\r\nAvant, quand je me faisais attaquer, j'allais la trouver et elle me d\u00e9fendait.\r\nMaintenant, elle ne veut plus.\r\nJe crois qu'elle a des ennuis avec Capucine, la terreur de l'\u00e9cole...","authors":["Elsa Devernois","Camille Carreau"],"category_codes":["2000000","2040000","2040200"],"visuals":{"large":"https:\/\/images.epagine.fr\/704\/9782362666704_1_75.jpg","medium":"https:\/\/images.epagine.fr\/704\/9782362666704_1_m.jpg","thumbnail":"https:\/\/images.epagine.fr\/704\/9782362666704_1_v.jpg"},"orderable":true,"show_badge":true,"formatted_price":"8,90&nbsp;\u20ac","formatted_published_date":"23 ao\u00fbt 2024","publisher_availability_label":"Sur commande","short_details":"Elsa Devernois, Camille Carreau \u2014 \u00c9ditions Talents Hauts","translator":null,"weight":130,"page_count":80,"readership":"\u00e0 partir de 6 ANS","editor":"\u00c9ditions Talents Hauts","price":890,"published_date":"2024-08-22T22:00:00.000000Z","support":"Grand format","publisher_availability":1,"stock":0,"editions":[],"url":"https:\/\/quaidesbrumes.com\/ouvrage\/9782362666704\/chantage-a-la-recre"},{"id":"9782211343046","title":"L'apprenti-conteur","description":"Pas facile d'\u00eatre le fils du grand Charles Perrault...  A douze ans, Pierre est envoy\u00e9 \u00e0 la campagne pour y \u00e9crire le recueil de po\u00e8mes qui le fera remarquer \u00e0 Versailles. Afin d'\u00e9chapper \u00e0 la corv\u00e9e, le gar\u00e7on se dit que collecter des contes aupr\u00e8s d'une vieille nourrice puis les retranscrire ne devrait pas lui demander trop d'efforts.  Mais la premi\u00e8re histoire, celle d'une petite fille croqu\u00e9e par un loup, n'a ni queue ni t\u00eate et tient en trois lignes ! Il faut bien davantage pour captiver des lecteurs. Fort heureusement, Pierre a une imagination d\u00e9bordante et de quoi l'alimenter. Chaque nuit, il fait d'\u00e9tranges rencontres : une petite Mariette habill\u00e9e d'un chaperon rouge, un Messire Leloup qui porte une barbe aux reflets bleut\u00e9s, sept jeunes ogresses... De quoi donner des id\u00e9es \u00e0 l'apprenti conteur.","authors":["Ga\u00ebl Aymon","Siegfried de Turckheim"],"category_codes":["2000000","2040000","2040500"],"visuals":{"large":"https:\/\/images.epagine.fr\/046\/9782211343046_1_75.jpg","medium":"https:\/\/images.epagine.fr\/046\/9782211343046_1_m.jpg","thumbnail":"https:\/\/images.epagine.fr\/046\/9782211343046_1_v.jpg"},"orderable":true,"show_badge":true,"formatted_price":"7,00&nbsp;\u20ac","formatted_published_date":"18 novembre 2024","publisher_availability_label":"Sur commande","short_details":"Ga\u00ebl Aymon, Siegfried de Turckheim \u2014 L'\u00c9cole des loisirs","translator":null,"weight":159,"page_count":152,"readership":"\u00e0 partir de 8 ANS","editor":"L'\u00c9cole des loisirs","price":700,"published_date":"2024-11-17T23:00:00.000000Z","support":"Poche","publisher_availability":1,"stock":0,"editions":[],"url":"https:\/\/quaidesbrumes.com\/ouvrage\/9782211343046\/lapprenti-conteur"},{"id":"9782075148153","title":"L'anti-magicien Tome 2 : l'ombre au noir","description":"Kelen est d\u00e9sormais un hors-la-loi recherch\u00e9 dans tout le continent. Accompagn\u00e9 de ses deux acolytes incontr\u00f4lables, Furia et rakis, il parcourt les terres de la Fronti\u00e8res en qu\u00eate d'un rem\u00e8de contre le mal qui le ronge : l'ombre au noir. Alors que la mal\u00e9dition se propage, il met au jour un effroyable complot...","authors":["S\u00e9bastien de Castell","Laetitia Devaux"],"category_codes":["2000000","2050000","2050200"],"visuals":{"large":"https:\/\/images.epagine.fr\/153\/9782075148153_1_75.jpg","medium":"https:\/\/images.epagine.fr\/153\/9782075148153_1_m.jpg","thumbnail":"https:\/\/images.epagine.fr\/153\/9782075148153_1_v.jpg"},"orderable":true,"show_badge":true,"formatted_price":"8,20&nbsp;\u20ac","formatted_published_date":"29 avril 2021","publisher_availability_label":"Sur commande","short_details":"S\u00e9bastien de Castell, Laetitia Devaux \u2014 Gallimard Jeunesse","translator":"LAETITIA DEVAUX","weight":204,"page_count":416,"readership":"\u00e0 partir de 12 ANS","editor":"Gallimard Jeunesse","price":820,"published_date":"2021-04-28T22:00:00.000000Z","support":"Poche","publisher_availability":1,"stock":0,"editions":["9782075085601"],"url":"https:\/\/quaidesbrumes.com\/ouvrage\/9782075148153\/lanti-magicien-tome-2-lombre-au-noir"},{"id":"9782211239585","title":"Ch\u00e8re Bertille... et la lune en gruy\u00e8re","description":"Bertille a huit ans et un r\u00eave : aller sur la lune. Comme c'est une petite souris d\u00e9termin\u00e9e, elle \u00e9crit \u00e0 M. Pavel, dont l'arri\u00e8re-arri\u00e8re-arri\u00e8re-arri\u00e8re grand-m\u00e8re La\u00efka \u00e9tait une pionni\u00e8re de l'espace. Mais lui, qui est p\u00e2tissier, conna\u00eet tr\u00e8s bien le g\u00e2teau aux myrtilles, pas trop les fus\u00e9es spatiales. Par contre le  petit-fils de sa voisine, Youn\u00e8s, lui est un super bricoleur. Et bient\u00f4t, c'est toute la ville qui se pr\u00e9pare au d\u00e9collage.\r","authors":["Cl\u00e9mentine M\u00e9lois","Rudy Spiessert"],"category_codes":["2000000","2040000","2040200"],"visuals":{"large":"https:\/\/images.epagine.fr\/585\/9782211239585_1_75.jpg","medium":"https:\/\/images.epagine.fr\/585\/9782211239585_1_m.jpg","thumbnail":"https:\/\/images.epagine.fr\/585\/9782211239585_1_v.jpg"},"orderable":true,"show_badge":true,"formatted_price":"7,00&nbsp;\u20ac","formatted_published_date":"2 janvier 2019","publisher_availability_label":"Sur commande","short_details":"Cl\u00e9mentine M\u00e9lois, Rudy Spiessert \u2014 L'\u00c9cole des loisirs","translator":null,"weight":86,"page_count":48,"readership":"\u00e0 partir de 6 ANS","editor":"L'\u00c9cole des loisirs","price":700,"published_date":"2019-01-01T23:00:00.000000Z","support":"Grand format","publisher_availability":1,"stock":0,"editions":[],"url":"https:\/\/quaidesbrumes.com\/ouvrage\/9782211239585\/chere-bertille-et-la-lune-en-gruyere"},{"id":"9782215194736","title":"Bonjour, Petit Prince !","description":"\"Le Petit Prince vit sur une plan\u00e8te. Il aime s'asseoir et regarder le soleil se coucher. Mais ce qu'il pr\u00e9f\u00e8re, c'est s'occuper de sa rose....\"\r\nLa belle histoire du Petit Prince \u00e0 partager avec son b\u00e9b\u00e9.\r\nUn joli livre avec des pages d\u00e9coup\u00e9es !","authors":["Collectif","Antoine de Saint-Exup\u00e9ry"],"category_codes":["2000000","2020000","2020400"],"visuals":{"large":"https:\/\/images.epagine.fr\/736\/9782215194736_1_75.jpg","medium":"https:\/\/images.epagine.fr\/736\/9782215194736_1_m.jpg","thumbnail":"https:\/\/images.epagine.fr\/736\/9782215194736_1_v.jpg"},"orderable":true,"show_badge":true,"formatted_price":"13,95&nbsp;\u20ac","formatted_published_date":"26 septembre 2025","publisher_availability_label":"Sur commande","short_details":"Collectif, Antoine de Saint-Exup\u00e9ry \u2014 Fleurus","translator":null,"weight":332,"page_count":10,"readership":"0\/3 ans","editor":"Fleurus","price":1395,"published_date":"2025-09-25T22:00:00.000000Z","support":"Grand format","publisher_availability":1,"stock":0,"editions":[],"url":"https:\/\/quaidesbrumes.com\/ouvrage\/9782215194736\/bonjour-petit-prince"},{"id":"9782017180593","title":"Bienvenue au refuge Tome 1 : chaton en danger","description":"Elise, Robin, Audrey et Marco adorent les animaux ! Alors quand ils d\u00e9couvrent un chaton perdu et tr\u00e8s affaibli dans la for\u00eat, ils n'h\u00e9sitent pas une seconde \u00e0 cr\u00e9er un refuge secret dans leur jardin pour aider la petite boule de poils \u00e0 reprendre des forces. Et si c'\u00e9tait le d\u00e9but d'une grande aventure ?","authors":["Pascal Ruter"],"category_codes":["2000000","2040000","2040300"],"visuals":{"large":"https:\/\/images.epagine.fr\/593\/9782017180593_1_75.jpg","medium":"https:\/\/images.epagine.fr\/593\/9782017180593_1_m.jpg","thumbnail":"https:\/\/images.epagine.fr\/593\/9782017180593_1_v.jpg"},"orderable":true,"show_badge":true,"formatted_price":"5,90&nbsp;\u20ac","formatted_published_date":"29 juin 2022","publisher_availability_label":"Sur commande","short_details":"Pascal Ruter \u2014 Hachette Jeunesse","translator":null,"weight":128,"page_count":96,"readership":"\u00e0 partir de 6 ANS","editor":"Hachette Jeunesse","price":590,"published_date":"2022-06-28T22:00:00.000000Z","support":"Poche","publisher_availability":1,"stock":0,"editions":[],"url":"https:\/\/quaidesbrumes.com\/ouvrage\/9782017180593\/bienvenue-au-refuge-tome-1-chaton-en-danger"},{"id":"9782244354217","title":"Pouet ! Pouet ! Les animaux","description":"Un imagier sur les animaux, petit format, adapt\u00e9 pour les petites mains. Un ouvrage ludique et sonore o\u00f9 l'enfant appuie sur la couverture pour faire \" pouet-pouet \" qui amusera les tout-petits comme les plus grands.","authors":["Marion Billet"],"category_codes":["2000000","2020000","2020300"],"visuals":{"large":"https:\/\/images.epagine.fr\/217\/9782244354217_1_75.jpg","medium":"https:\/\/images.epagine.fr\/217\/9782244354217_1_m.jpg","thumbnail":"https:\/\/images.epagine.fr\/217\/9782244354217_1_v.jpg"},"orderable":true,"show_badge":true,"formatted_price":"7,90&nbsp;\u20ac","formatted_published_date":"1er janvier 2026","publisher_availability_label":"Sur commande","short_details":"Marion Billet \u2014 \u00c9ditions Lito","translator":null,"weight":173,"page_count":10,"readership":"0\/3 ans","editor":"\u00c9ditions Lito","price":790,"published_date":"2025-12-31T23:00:00.000000Z","support":"Grand format","publisher_availability":1,"stock":0,"editions":[],"url":"https:\/\/quaidesbrumes.com\/ouvrage\/9782244354217\/pouet-pouet-les-animaux"},{"id":"9782080468277","title":"\u00c9cureuil et Oiseau cherchent les feuilles","description":"- Les feuilles de mon arbre ont disparu ! Qui les a vol\u00e9es ? Une nouvelle histoire d'\u00c9cureuil et Oiseau, avec des rabats en feutrine adapt\u00e9s aux petites mains.","authors":["Alice Hemming","Nicola Slater"],"category_codes":["2000000","2020000","2020200"],"visuals":{"large":"https:\/\/images.epagine.fr\/277\/9782080468277_1_75.jpg","medium":"https:\/\/images.epagine.fr\/277\/9782080468277_1_m.jpg","thumbnail":"https:\/\/images.epagine.fr\/277\/9782080468277_1_v.jpg"},"orderable":true,"show_badge":true,"formatted_price":"10,90&nbsp;\u20ac","formatted_published_date":"9 avril 2025","publisher_availability_label":"Sur commande","short_details":"Alice Hemming, Nicola Slater \u2014 P\u00e8re Castor","translator":null,"weight":298,"page_count":10,"readership":"0\/3 ans","editor":"P\u00e8re Castor","price":1090,"published_date":"2025-04-08T22:00:00.000000Z","support":"Grand format","publisher_availability":1,"stock":0,"editions":[],"url":"https:\/\/quaidesbrumes.com\/ouvrage\/9782080468277\/ecureuil-et-oiseau-cherchent-les-feuilles"},{"id":"9782361935405","title":"Coucou","description":"Coucous bleus, coucous jaunes, coucous ray\u00e9s, coucous confetti...\r\nUne jolie partie de cache-cache se met en place gr\u00e2ce \u00e0 ce petit livre accord\u00e9on. Tout en transparence et en couleur, il invite parents et enfants \u00e0 un \u00e9veil complice en jouant avec les formes et la lumi\u00e8re. Un livre qui se plie et se d\u00e9plie pour faire varier les exp\u00e9riences?!","authors":["Lucie F\u00e9lix"],"category_codes":["2000000","2020000","2020200"],"visuals":{"large":"https:\/\/images.epagine.fr\/405\/9782361935405_1_75.jpg","medium":"https:\/\/images.epagine.fr\/405\/9782361935405_1_m.jpg","thumbnail":"https:\/\/images.epagine.fr\/405\/9782361935405_1_v.jpg"},"orderable":true,"show_badge":true,"formatted_price":"22,00&nbsp;\u20ac","formatted_published_date":"22 novembre 2018","publisher_availability_label":"Sur commande","short_details":"Lucie F\u00e9lix \u2014 \u00c9ditions des Grandes Personnes","translator":null,"weight":552,"page_count":6,"readership":"0\/3 ans","editor":"\u00c9ditions des Grandes Personnes","price":2200,"published_date":"2018-11-21T23:00:00.000000Z","support":"Grand format","publisher_availability":1,"stock":0,"editions":[],"url":"https:\/\/quaidesbrumes.com\/ouvrage\/9782361935405\/coucou"},{"id":"9791036366550","title":"L'incroyable histoire du ch\u00e2teau de Versailles, le palais du Roi-Soleil","description":"Un roman doc pour les enfants \u00e0 partir de 9 ans, sur le ch\u00e2teau de Versailles, monument embl\u00e9matique et chef d'oeuvre architectural; qui accueille chaque ann\u00e9e plus de 7 millions de visiteurs.\r\nUn ch\u00e2teau fascinant\r\nComment vivait Louis XIV \u00e0 Versailles ? Qui \u00e9taient les courtisans ? Comment Louis XVI et Marie-Antoinette occupaient-ils leur temps ? Qu'est devenu le ch\u00e2teau de Versailles apr\u00e8s la R\u00e9volution ?\r\nCe roman-doc r\u00e9pond \u00e0 ces questions, \u00e0 travers un t\u00e9moin original qui a tout vu, et m\u00eame refl\u00e9t\u00e9 : un miroir de la Galerie des glaces ! Des travaux gigantesques voulus par Louis XIV pour agrandir le pavillon de chasse de son p\u00e8re Louis XIII jusqu'\u00e0 la temp\u00eate qui ravagea le parc du ch\u00e2teau en 2019, c'est le quotidien des habitants de ce palais, sur plusieurs si\u00e8cles, que le lecteur d\u00e9couvre.\r\nUn roman ET des pages doc\r\nDes pages documentaires compl\u00e8tent le r\u00e9cit et abordent les sujets suivants : le chantier supervis\u00e9 par le Roi-Soleil, la vie des courtisans, Versailles secret et insolite, Versailles apr\u00e8s la R\u00e9volution, et Versailles aujourd'hui. Un roman ET des pages doc, c'est la marque de fabrique de la collection des romans-doc: d\u00e9j\u00e0 plus d'1 million d'exemplaires vendus !","authors":["Elisabeth de Lambilly","Virginie Vidal"],"category_codes":["2000000","2040000","2040500"],"visuals":{"large":"https:\/\/images.epagine.fr\/550\/9791036366550_1_75.jpg","medium":"https:\/\/images.epagine.fr\/550\/9791036366550_1_m.jpg","thumbnail":"https:\/\/images.epagine.fr\/550\/9791036366550_1_v.jpg"},"orderable":true,"show_badge":true,"formatted_price":"7,20&nbsp;\u20ac","formatted_published_date":"26 f\u00e9vrier 2025","publisher_availability_label":"Sur commande","short_details":"Elisabeth de Lambilly, Virginie Vidal \u2014 Bayard Jeunesse","translator":null,"weight":122,"page_count":48,"readership":"\u00e0 partir de 6 ANS","editor":"Bayard Jeunesse","price":720,"published_date":"2025-02-25T23:00:00.000000Z","support":"Grand format","publisher_availability":1,"stock":0,"editions":[],"url":"https:\/\/quaidesbrumes.com\/ouvrage\/9791036366550\/lincroyable-histoire-du-chateau-de-versailles-le-palais-du-roi-soleil"},{"id":"9782017354901","title":"Danse tes r\u00eaves ! Tome 2 : Le secret d'Antoine","description":"R\u00e9sum\u00e9\r\n\u00c0 l'acad\u00e9mie Brunet, l'ann\u00e9e est bien lanc\u00e9e ! Tandis qu'Alix s'entra\u00eene pour le gala de rentr\u00e9e, Antoine r\u00e9p\u00e8te en cachette chaque soir... jusqu'au jour o\u00f9 elle le surprend ! La jeune fille d\u00e9cide aussit\u00f4t d'aider Antoine \u00e0 r\u00e9aliser son r\u00eave : devenir danseur. Mais les deux amis devront se montrer prudents, car Sabrina est bien d\u00e9cid\u00e9e \u00e0 r\u00e9cup\u00e9rer le premier r\u00f4le du gala... quoi qu'il en co\u00fbte !\r\nLes aventures \u00e0 l'acad\u00e9mie Brunet d'Alix et Antoine, deux adolescents passionn\u00e9s par la danse classique !\r\nUne cr\u00e9ation originale de la Biblioth\u00e8que Rose\r\nPour tous les fans de danse classique !\u00a0 \r\nUne maquette agr\u00e9ment\u00e9e d'illustrations in\u00e9dites en couleurs\r\nD\u00e8s 8 ans.","authors":["Collectif","Amandine Lebois","Catherine Kalengula"],"category_codes":["2000000","2040000","2040500"],"visuals":{"large":"https:\/\/images.epagine.fr\/901\/9782017354901_1_75.jpg","medium":"https:\/\/images.epagine.fr\/901\/9782017354901_1_m.jpg","thumbnail":"https:\/\/images.epagine.fr\/901\/9782017354901_1_v.jpg"},"orderable":true,"show_badge":true,"formatted_price":"5,90&nbsp;\u20ac","formatted_published_date":"22 avril 2026","publisher_availability_label":"Sur commande","short_details":"Collectif, Amandine Lebois, Catherine Kalengula \u2014 Hachette Jeunesse","translator":null,"weight":136,"page_count":128,"readership":"\u00e0 partir de 8 ANS","editor":"Hachette Jeunesse","price":590,"published_date":"2026-04-21T22:00:00.000000Z","support":"Poche","publisher_availability":1,"stock":0,"editions":[],"url":"https:\/\/quaidesbrumes.com\/ouvrage\/9782017354901\/danse-tes-reves-tome-2-le-secret-dantoine"},{"id":"9791036324710","title":"La cabane magique Tome 51 : le roi du baseball","description":"La f\u00e9e Morgane envoie Tom et L\u00e9a \u00e0 Brooklyn, le 15 avril 1947, pour assister \u00e0 un match historique de baseball. Cette fois-ci, les enfants ne sont pas tr\u00e8s enthousiastes, car ils n'aiment pas ce sport... Mais, une fois dans les vestiaires, ils d\u00e9couvrent des tenues de ramasseurs de balles, et se d\u00e9p\u00eachent de les enfiler. Les voil\u00e0, sur le terrain, au plus pr\u00e8s de l'action ! Il s'agit d'un match important o\u00f9 Jackie Robinson, premier noir Am\u00e9ricain, joue dans l'\u00e9quipe nationale. Seulement, quand L\u00e9a perd sa casquette, et qu'on d\u00e9couvre que c'est une fille, c'est le retour \u00e0 la case d\u00e9part. Les enfants sont expuls\u00e9s illico du stade. Heureusement, ils font la connaissance d'Otis et Olive, deux jeunes noirs qui vivent \u00e0 c\u00f4t\u00e9 de l'enceinte sportive. Et ils sont invit\u00e9s \u00e0 venir regarder le match sur le toit de leur maison...","authors":["Mary Pope Osborne","Sidonie Van Den Dries"],"category_codes":["2000000","2040000","2040300"],"visuals":{"large":"https:\/\/images.epagine.fr\/710\/9791036324710_1_75.jpg","medium":"https:\/\/images.epagine.fr\/710\/9791036324710_1_m.jpg","thumbnail":"https:\/\/images.epagine.fr\/710\/9791036324710_1_v.jpg"},"orderable":true,"show_badge":true,"formatted_price":"6,90&nbsp;\u20ac","formatted_published_date":"27 janvier 2021","publisher_availability_label":"Sur commande","short_details":"Mary Pope Osborne, Sidonie Van Den Dries \u2014 Bayard Jeunesse","translator":"SIDONIE VAN DEN DRIES","weight":212,"page_count":144,"readership":"\u00e0 partir de 6 ANS","editor":"Bayard Jeunesse","price":690,"published_date":"2021-01-26T23:00:00.000000Z","support":"Poche","publisher_availability":1,"stock":0,"editions":[],"url":"https:\/\/quaidesbrumes.com\/ouvrage\/9791036324710\/la-cabane-magique-tome-51-le-roi-du-baseball"},{"id":"9782095045913","title":"La brigade des p\u00e2tissiers avec Silax Tome 3 : Le secret de Gabrielle","description":"Gabrielle parviendra-t-elle \u00e0 remporter la comp\u00e9tition malgr\u00e9 les menaces ? \r\nGabrielle ne craint qu'une chose : qu'on d\u00e9couvre que son p\u00e8re est Pierre Sallette, le c\u00e9l\u00e8bre chef. Tout le monde penserait que c'est gr\u00e2ce \u00e0 lui que tout lui r\u00e9ussit, elle en est persuad\u00e9e.\r\nMais alors qu'elle est bien partie pour remporter un concours prestigieux avec ses amis Rayane et Emmy, un compte Instagram anonyme menace de tout r\u00e9v\u00e9ler si elle n'abandonne pas la comp\u00e9tition ! \r\nLa s\u00e9rie passion pour les fans de p\u00e2tisserie. D\u00e9couvrez la recette in\u00e9dite de Silax en fin d'ouvrage !","authors":["Elizabeth Barf\u00e9ty","Silamaka Soukouna","Gabriel Germain"],"category_codes":["2000000","2040000","2040300"],"visuals":{"large":"https:\/\/images.epagine.fr\/913\/9782095045913_1_75.jpg","medium":"https:\/\/images.epagine.fr\/913\/9782095045913_1_m.jpg","thumbnail":"https:\/\/images.epagine.fr\/913\/9782095045913_1_v.jpg"},"orderable":true,"show_badge":true,"formatted_price":"9,95&nbsp;\u20ac","formatted_published_date":"21 ao\u00fbt 2025","publisher_availability_label":"Sur commande","short_details":"Elizabeth Barf\u00e9ty, Silamaka Soukouna, Gabriel Germain \u2014 Nathan","translator":null,"weight":222,"page_count":162,"readership":"\u00e0 partir de 6 ANS","editor":"Nathan","price":995,"published_date":"2025-08-20T22:00:00.000000Z","support":"Grand format","publisher_availability":1,"stock":0,"editions":[],"url":"https:\/\/quaidesbrumes.com\/ouvrage\/9782095045913\/la-brigade-des-patissiers-avec-silax-tome-3-le-secret-de-gabrielle"},{"id":"9782375544884","title":"Libert\u00e9 oblige","description":"Gabrielle est-elle pr\u00eate \u00e0 tout pour porter la voix du peuple ?\r\nVoici l'espionne antiroyaliste \u00e0 la t\u00eate du royaume de France ! La mort de Louis XXII se r\u00e9v\u00e8le \u00eatre un soulagement de bien courte dur\u00e9e pour Gabrielle. Elle manque de soutien, d'exp\u00e9rience et de temps : sa r\u00e9gence est menac\u00e9e, au moins autant que sa vie. Pour s'en sortir et faire entendre ses id\u00e9es, elle doit jouer le jeu de ses opposants et repasser devant les cam\u00e9ras. Complots, drames et trahisons l'attendent au tournant. Tous les regards sont riv\u00e9s sur cette nouvelle saison de Noblesse Oblige. Moteur... Action !\r\n\r\nUn deuxi\u00e8me tome aussi surprenant, r\u00e9jouissant et intense que le premier opus, Noblesse Oblige.","authors":["Maiwenn Alix"],"category_codes":["2000000","2050000","2050200","2050210"],"visuals":{"large":"https:\/\/images.epagine.fr\/884\/9782375544884_1_75.jpg","medium":"https:\/\/images.epagine.fr\/884\/9782375544884_1_m.jpg","thumbnail":"https:\/\/images.epagine.fr\/884\/9782375544884_1_v.jpg"},"orderable":true,"show_badge":true,"formatted_price":"18,95&nbsp;\u20ac","formatted_published_date":"6 mars 2025","publisher_availability_label":"Sur commande","short_details":"Maiwenn Alix \u2014 Slalom","translator":null,"weight":600,"page_count":544,"readership":"\u00e0 partir de 16 ans","editor":"Slalom","price":1895,"published_date":"2025-03-05T23:00:00.000000Z","support":"Grand format","publisher_availability":1,"stock":0,"editions":[],"url":"https:\/\/quaidesbrumes.com\/ouvrage\/9782375544884\/liberte-oblige"},{"id":"9791039544627","title":"Bo\u00eete de gommettes m\u00e9tal : Les transports","description":"Une belle bo\u00eete m\u00e9tallique \u00e0 conserver remplie de gommettes transports !\r\nD\u00e9couvre 300 gommettes sur le th\u00e8me des transports et des v\u00e9hicules dans une belle bo\u00eete en m\u00e9tal. Garde cette bo\u00eete pour ranger tes gommettes et tous tes tr\u00e9sors !","authors":["St\u00e9phanie Bardy","Jannie Ho","Mr. Iwi"],"category_codes":["2000000","2080000","2080200"],"visuals":{"large":"https:\/\/images.epagine.fr\/627\/9791039544627_1_75.jpg","medium":"https:\/\/images.epagine.fr\/627\/9791039544627_1_m.jpg","thumbnail":"https:\/\/images.epagine.fr\/627\/9791039544627_1_v.jpg"},"orderable":true,"show_badge":true,"formatted_price":"0,00&nbsp;\u20ac","formatted_published_date":"16 janvier 2025","publisher_availability_label":"Sur commande","short_details":"St\u00e9phanie Bardy, Jannie Ho, Mr. Iwi \u2014 Auzou","translator":null,"weight":150,"page_count":null,"readership":"\u00e0 partir de 2 ANS","editor":"Auzou","price":0,"published_date":"2025-01-15T23:00:00.000000Z","support":"Objet","publisher_availability":1,"stock":0,"editions":[],"url":"https:\/\/quaidesbrumes.com\/ouvrage\/9791039544627\/boite-de-gommettes-metal-les-transports"},{"id":"9782408059071","title":"Devine quoi !","description":"Devine quoi ! Qui se cache derri\u00e8re la fleur, le parapluie ou le chapeau ? \u00c0 l'enfant de deviner en actionnant les tirettes. Un livre anim\u00e9 original et ludique pour amuser b\u00e9b\u00e9 et d\u00e9velopper son sens de l observation. Un livre pour jouer aux devinettes \r\nDans cet album anim\u00e9, l enfant joue aux devinettes. \u00ab Qui se cache derri\u00e8re la fleur ? Une grenouille ! Et derri\u00e8re le parapluie ? Une chauve-souris ! \u00bb En manipulant son livre, l'enfant devient le roi des devinettes. \u00c0 chaque s\u00e9quence, une question en \u00ab Devine qui ? \u00bb, sous forme d'une ritournelle, interpelle l'enfant. Un livre anim\u00e9 autour de cache-cache visuels \r\nAvec un syst\u00e8me ing\u00e9nieux de pages qui s'\u00e9tirent, des objets se transforment pour laisser place \u00e0 des animaux qui jouent gr\u00e2ce \u00e0 leur forme. Tristan Mory, roi des livres \u00e0 syst\u00e8mes, propose ici un livre anim\u00e9 qui invite l'enfant \u00e0 agir sur son livre et sur les images. Imagination et cr\u00e9ativit\u00e9 au coeur de la lecture\r\nUn livre qui cr\u00e9e l'effet de surprise, et qui d\u00e9clenche le rire et l'amusement chez les petits d\u00e8s 10 mois, et aussi chez les grands.","authors":["Tristan Mory"],"category_codes":["2000000","2020000","2020500"],"visuals":{"large":"https:\/\/images.epagine.fr\/071\/9782408059071_1_75.jpg","medium":"https:\/\/images.epagine.fr\/071\/9782408059071_1_m.jpg","thumbnail":"https:\/\/images.epagine.fr\/071\/9782408059071_1_v.jpg"},"orderable":true,"show_badge":true,"formatted_price":"14,90&nbsp;\u20ac","formatted_published_date":"7 mai 2025","publisher_availability_label":"Sur commande","short_details":"Tristan Mory \u2014 Milan","translator":null,"weight":384,"page_count":12,"readership":"\u00e0 partir de 1 AN","editor":"Milan","price":1490,"published_date":"2025-05-06T22:00:00.000000Z","support":"Poche","publisher_availability":1,"stock":0,"editions":[],"url":"https:\/\/quaidesbrumes.com\/ouvrage\/9782408059071\/devine-quoi"},{"id":"9791036358043","title":"Fr\u00e8re Wulf Tome 1 : L'enl\u00e8vement de l'Epouvanteur","description":"\u00ab Tu as pu constater \u00e0 quel point il est dangereux de m'accompagner, et il te manque certaines comp\u00e9tences pour rester dans une relative s\u00e9curit\u00e9 face \u00e0 l'obscur. Par chance, tu poss\u00e8des l'essentiel de ce qu'il faut \u00e0 un apprenti \u00e9pouvanteur. \u00c0 l'\u00e9poque o\u00f9 je cherchais un secr\u00e9taire, le prieur m'a assur\u00e9 que c'\u00e9tait inscrit dans les archives du monast\u00e8re : tu es le septi\u00e8me fils d'un septi\u00e8me fils. \u00bb\r\n\r\nFr\u00e8re Wulf, un jeune moine, doit espionner Johnson, un \u00e9pouvanteur aux pratiques douteuses. Se faisant passer pour un scribe, Fr\u00e8re Wulf \u00e9tudie le quotidien de son nouveau ma\u00eetre. Mais un jour, Johnson dispara\u00eet. Tr\u00e8s inquiet, Wulf d\u00e9cide de chercher de l'aide. \r\nC'est donc au milieu de la nuit qu'il frappe \u00e0 la porte d'une \u00e9trange maison, dont le propri\u00e9taire n'est autre que Tom Ward. Ensemble, les deux hommes partent affronter une puissante cr\u00e9ature de l'obscur... Mais le chemin est long, et les dangers, nombreux.\r\n\r\nAttention ! Histoire \u00e0 ne pas lire la nuit...","authors":["Joseph Delaney","Marie-H\u00e9l\u00e8ne Delval"],"category_codes":["2000000","2050000","2050200","2050204"],"visuals":{"large":"https:\/\/images.epagine.fr\/043\/9791036358043_1_75.jpg","medium":"https:\/\/images.epagine.fr\/043\/9791036358043_1_m.jpg","thumbnail":"https:\/\/images.epagine.fr\/043\/9791036358043_1_v.jpg"},"orderable":true,"show_badge":true,"formatted_price":"8,30&nbsp;\u20ac","formatted_published_date":"3 avril 2024","publisher_availability_label":"Sur commande","short_details":"Joseph Delaney, Marie-H\u00e9l\u00e8ne Delval \u2014 Bayard Jeunesse","translator":"MARIE-HELENE DELVAL","weight":232,"page_count":304,"readership":"\u00e0 partir de 12 ANS","editor":"Bayard Jeunesse","price":830,"published_date":"2024-04-02T22:00:00.000000Z","support":"Poche","publisher_availability":1,"stock":0,"editions":[],"url":"https:\/\/quaidesbrumes.com\/ouvrage\/9791036358043\/frere-wulf-tome-1-lenlevement-de-lepouvanteur"}]}