{"data":[{"id":"9782324036637","title":"Comptines et jeux de doigts","description":"Mon premier livre avec des puces sonores pour \u00e9couter et mimer les comptines et s'amuser avec des jeux de doigts.\r\nAvec ses puces sonores qui parlent ou chantent, ce recueil est unique.\r\n \r\nSur chaque page, l'enfant recherche dans l'illustration le petit bouton qui d\u00e9clenchera la m\u00e9lodie chant\u00e9e et mise en musique. En \u00e9coutant, le petit peut observer tous les d\u00e9tails de l'image et mimer la comptine avec ses parents, s'\u00e9veiller et apprendre les parties de son corps.\r\n \r\n\u00c0 retrouver au fil des pages \" La Petite b\u00eate \" ; \" Tourne petit moulin \" ; \" Ma poule a pondu un oeuf \" ; \" Pouce, pouce \" ; \" Que fait ma main ? \" et \" Zim la boum \" !","authors":["Sophie Rohrbach"],"category_codes":["2000000","2020000","2020600"],"visuals":{"large":"https:\/\/images.epagine.fr\/637\/9782324036637_1_75.jpg","medium":"https:\/\/images.epagine.fr\/637\/9782324036637_1_m.jpg","thumbnail":"https:\/\/images.epagine.fr\/637\/9782324036637_1_v.jpg"},"orderable":true,"show_badge":true,"formatted_price":"12,00&nbsp;\u20ac","formatted_published_date":"27 mars 2025","publisher_availability_label":"Sur commande","short_details":"Sophie Rohrbach \u2014 Gr\u00fcnd","translator":null,"weight":198,"page_count":6,"readership":"0\/3 ans","editor":"Gr\u00fcnd","price":1200,"published_date":"2025-03-26T23:00:00.000000Z","support":"Grand format","publisher_availability":1,"stock":0,"editions":[],"url":"https:\/\/quaidesbrumes.com\/ouvrage\/9782324036637\/comptines-et-jeux-de-doigts"},{"id":"9782324005350","title":"Mes premi\u00e8res comptines","description":"Un recueil de comptines \u00e0 \u00e9couter\u00a0 grace \u00e0 des puces sonores, en savourant des images pleines de malice !","authors":["S\u00e9verine Cordier"],"category_codes":["2000000","2020000","2020600"],"visuals":{"large":"https:\/\/images.epagine.fr\/350\/9782324005350_1_75.jpg","medium":"https:\/\/images.epagine.fr\/350\/9782324005350_1_m.jpg","thumbnail":"https:\/\/images.epagine.fr\/350\/9782324005350_1_v.jpg"},"orderable":true,"show_badge":true,"formatted_price":"10,00&nbsp;\u20ac","formatted_published_date":"30 mai 2013","publisher_availability_label":"Sur commande","short_details":"S\u00e9verine Cordier \u2014 Gr\u00fcnd","translator":null,"weight":264,"page_count":14,"readership":"0\/3 ans","editor":"Gr\u00fcnd","price":1000,"published_date":"2013-05-29T22:00:00.000000Z","support":"Grand format","publisher_availability":1,"stock":0,"editions":["9782324038259"],"url":"https:\/\/quaidesbrumes.com\/ouvrage\/9782324005350\/mes-premieres-comptines"},{"id":"9791023521511","title":"A dada sur mon bidet","description":"\"Bon pour les b\u00e9b\u00e9s\", LA collection incontournable des 0-3 ans !\r\nLa tr\u00e8s c\u00e9l\u00e8bre comptine mise en images par Thierry Dedieu, tout en humour et en noir et blanc.","authors":["Thierry Dedieu"],"category_codes":["2000000","2020000","2020400"],"visuals":{"large":"https:\/\/images.epagine.fr\/511\/9791023521511_1_75.jpg","medium":"https:\/\/images.epagine.fr\/511\/9791023521511_1_m.jpg","thumbnail":"https:\/\/images.epagine.fr\/511\/9791023521511_1_v.jpg"},"orderable":true,"show_badge":true,"formatted_price":"14,90&nbsp;\u20ac","formatted_published_date":"7 f\u00e9vrier 2025","publisher_availability_label":"Sur commande","short_details":"Thierry Dedieu \u2014 Le Seuil jeunesse","translator":null,"weight":442,"page_count":12,"readership":"0\/3 ans","editor":"Le Seuil jeunesse","price":1490,"published_date":"2025-02-06T23:00:00.000000Z","support":"Grand format","publisher_availability":1,"stock":0,"editions":[],"url":"https:\/\/quaidesbrumes.com\/ouvrage\/9791023521511\/a-dada-sur-mon-bidet"},{"id":"9791040120636","title":"Le labo des myst\u00e8res","description":"Pourquoi r\u00eavons-nous? Comment se forment les tornades? Pourquoi les z\u00e8bres ont-ils des rayures? Qu'y a-t-il dans un trou noir?\r\n\r\nLes progr\u00e8s de la science sont \u00e9tonnants, pourtant il reste tant de questions sans r\u00e9ponse qui fascinent et d\u00e9routent les plus grands esprits!\r\nLes \u00e9nigmes du corps, celles de la Terre, les secrets de la nature, les casse-t\u00eate cosmiques et autres colles diverses... en 5 chapitres, cette encyclop\u00e9die scientifique autant que ludique et visuellement \u00e9poustouflante se penche sur ces myst\u00e8res non r\u00e9solus mais tellement captivants qui d\u00e9fient toujours les chercheurs. Des sujets proches de nous (\u00c0 quoi servent nos empreintes digitales ?) aux questions fondamentales (Comment la vie a-t-elle commenc\u00e9 ?), en passant par de plus anecdotiques et dr\u00f4les (Pourquoi les chats aiment-ils les cercles ?), elle explique les th\u00e9ories les plus r\u00e9centes et certaines des hypoth\u00e8ses farfelues qui ont pu \u00eatre \u00e9mises.\r\nLa soif de connaissances qui anime les chercheurs est communicative. La preuve: la lecture de ce livre est addictive. De quoi susciter des vocations!\r\n\r\nAttention, ce Labo des myst\u00e8res pourrait bien bouleverser votre vision du monde et du savoir ! Une encyclop\u00e9die \u00e9tonnante, extraordinairement riche et document\u00e9e, qui captivera l'imagination des lecteurs, jeunes et moins jeunes, pour les inciter \u00e0 ne jamais cesser de se demander Comment? Quoi? Pourquoi?...","authors":["Clive Gifford","Camille Von Rosenschild"],"category_codes":["2000000","2070000","2070500"],"visuals":{"large":"https:\/\/images.epagine.fr\/636\/9791040120636_1_75.jpg","medium":"https:\/\/images.epagine.fr\/636\/9791040120636_1_m.jpg","thumbnail":"https:\/\/images.epagine.fr\/636\/9791040120636_1_v.jpg"},"orderable":true,"show_badge":true,"formatted_price":"23,90&nbsp;\u20ac","formatted_published_date":"7 mars 2025","publisher_availability_label":"Sur commande","short_details":"Clive Gifford, Camille Von Rosenschild \u2014 La Martini\u00e8re jeunesse","translator":"CAMILLE VON ROSENSCHILD","weight":950,"page_count":112,"readership":"\u00e0 partir de 8 ANS","editor":"La Martini\u00e8re jeunesse","price":2390,"published_date":"2025-03-06T23:00:00.000000Z","support":"Grand format","publisher_availability":1,"stock":0,"editions":[],"url":"https:\/\/quaidesbrumes.com\/ouvrage\/9791040120636\/le-labo-des-mysteres"},{"id":"9782244125121","title":"Coloriage : Les animaux de la mer","description":null,"authors":["Isabelle Nicolle"],"category_codes":["2000000","2080000","2080300"],"visuals":{"large":"https:\/\/images.epagine.fr\/121\/9782244125121_1_75.jpg","medium":"https:\/\/images.epagine.fr\/121\/9782244125121_1_m.jpg","thumbnail":"https:\/\/images.epagine.fr\/121\/9782244125121_1_v.jpg"},"orderable":true,"show_badge":true,"formatted_price":"4,50&nbsp;\u20ac","formatted_published_date":"1er mai 2026","publisher_availability_label":"Sur commande","short_details":"Isabelle Nicolle \u2014 \u00c9ditions Lito","translator":null,"weight":68,"page_count":8,"readership":"\u00e0 partir de 18 mois","editor":"\u00c9ditions Lito","price":450,"published_date":"2026-04-30T22:00:00.000000Z","support":"Papeterie \/ Coloriage","publisher_availability":1,"stock":0,"editions":[],"url":"https:\/\/quaidesbrumes.com\/ouvrage\/9782244125121\/coloriage-les-animaux-de-la-mer"},{"id":"9782809656763","title":"L\u00e9na en Russie ; carnet cr\u00e9atif","description":"Dessine tes poup\u00e9es et collectionne tes jolis bracelets. Des silhouettes, des mod\u00e8les, des autocollants.\r","authors":["Julie Camel"],"category_codes":["2000000","2060000","2060200","2060204"],"visuals":{"large":"https:\/\/images.epagine.fr\/763\/9782809656763_1_75.jpg","medium":"https:\/\/images.epagine.fr\/763\/9782809656763_1_m.jpg","thumbnail":"https:\/\/images.epagine.fr\/763\/9782809656763_1_v.jpg"},"orderable":true,"show_badge":true,"formatted_price":"9,90&nbsp;\u20ac","formatted_published_date":"2 novembre 2016","publisher_availability_label":"Sur commande","short_details":"Julie Camel \u2014 \u00c9ditions playBac","translator":null,"weight":185,"page_count":88,"readership":null,"editor":"\u00c9ditions playBac","price":990,"published_date":"2016-11-01T23:00:00.000000Z","support":"Papeterie \/ Coloriage","publisher_availability":1,"stock":0,"editions":[],"url":"https:\/\/quaidesbrumes.com\/ouvrage\/9782809656763\/lena-en-russie-carnet-creatif"},{"id":"9782075147781","title":"Enqu\u00eate au coll\u00e8ge Tome 8 : l'\u00e9l\u00e8ve qui n'existait pas","description":"Un vol au coll\u00e8ge... Un \u00e9l\u00e8ve qui n'existe pas mais qui r\u00f4de la nuit dans les couloirs endormis... Une vieille maison abandonn\u00e9e... Il n'en faut pas plus \u00e0 R\u00e9mi, \u00e0 Mathilde et au g\u00e9nial P.P. Cul-Vert pour se lancer dans une enqu\u00eate \u00e9chevel\u00e9e. Mais le temps presse\u00a0: s'ils ne d\u00e9couvrent pas le coupable, les internes seront tous priv\u00e9s de vacances de No\u00ebl\u00a0!","authors":["Jean-Philippe Arrou-Vignod"],"category_codes":["2000000","2040000","2040500"],"visuals":{"large":"https:\/\/images.epagine.fr\/781\/9782075147781_1_75.jpg","medium":"https:\/\/images.epagine.fr\/781\/9782075147781_1_m.jpg","thumbnail":"https:\/\/images.epagine.fr\/781\/9782075147781_1_v.jpg"},"orderable":true,"show_badge":true,"formatted_price":"7,90&nbsp;\u20ac","formatted_published_date":"14 janvier 2021","publisher_availability_label":"Sur commande","short_details":"Jean-Philippe Arrou-Vignod \u2014 Gallimard Jeunesse","translator":null,"weight":102,"page_count":160,"readership":"\u00e0 partir de 9 ANS","editor":"Gallimard Jeunesse","price":790,"published_date":"2021-01-13T23:00:00.000000Z","support":"Poche","publisher_availability":1,"stock":0,"editions":["9782075134590"],"url":"https:\/\/quaidesbrumes.com\/ouvrage\/9782075147781\/enquete-au-college-tome-8-leleve-qui-nexistait-pas"},{"id":"9782017288473","title":"Pok\u00e9mon - Les Horizons Tome 12 : \u00c0 la recherche de Lokhlass","description":"Bien d\u00e9cid\u00e9e \u00e0 retrouver les Six H\u00e9ros de Lucius, des Pok\u00e9mon myst\u00e9rieux gard\u00e9s par l'Aventurier du pass\u00e9 dans des Pok\u00e9 Balls anciennes, Liko se lance \u00e0 la recherche d'un Pok\u00e9mon chantant qui sauve les navires perdus dans le brouillard. Alors que le Brave d'Oliville atterrit sur l'eau, une \u00e9trange brume s'abat sur le vaisseau...","authors":["Collectif"],"category_codes":["2000000","2040000","2040300"],"visuals":{"large":"https:\/\/images.epagine.fr\/473\/9782017288473_1_75.jpg","medium":"https:\/\/images.epagine.fr\/473\/9782017288473_1_m.jpg","thumbnail":"https:\/\/images.epagine.fr\/473\/9782017288473_1_v.jpg"},"orderable":true,"show_badge":true,"formatted_price":"5,90&nbsp;\u20ac","formatted_published_date":"3 d\u00e9cembre 2025","publisher_availability_label":"Sur commande","short_details":"Collectif \u2014 Hachette Jeunesse","translator":null,"weight":104,"page_count":64,"readership":"\u00e0 partir de 6 ANS","editor":"Hachette Jeunesse","price":590,"published_date":"2025-12-02T23:00:00.000000Z","support":"Poche","publisher_availability":1,"stock":0,"editions":[],"url":"https:\/\/quaidesbrumes.com\/ouvrage\/9782017288473\/pokemon-les-horizons-tome-12-a-la-recherche-de-lokhlass"},{"id":"9782278132089","title":"F\u00e9lix et le voleur de voeux","description":"Pourquoi R\u00e9becca d\u00e9teste-t-elle autant son petit fr\u00e8re F\u00e9lix ? Elle a m\u00eame oubli\u00e9 de le ramener \u00e0 la maison apr\u00e8s son entra\u00eenement de foot ! Lorsqu'il formule le voeu de redevenir complice avec sa soeur , F\u00e9lix ne s'attend pas \u00e0 un miracle. Pourtant, un petit vieillard \u00e9trange, v\u00eatu d'un bonnet \u00e0 \u00e9toile, l'a entendu. Ce n'est autre que Rupus Beewinkle, le gardien de voeux de Whittlestone. Et il a besoin d'un apprenti !\r\nNi une ni deux, F\u00e9lix est recrut\u00e9 pour apprendre les rudiments de cette magie extraordinaire. Mais devenir apprenti gardien ne se limite pas qu'\u00e0 trier et exaucer les souhaits. F\u00e9lix doit aussi faire face \u00e0 un sombre danger : celui d'un inqui\u00e9tant homme-loup qui hante ses r\u00eaves, et qui menace de voler les voeux de tous les habitants. Une cr\u00e9ature qui semble en avoir particuli\u00e8rement apr\u00e8s lui...","authors":["Rachel Chivers Khoo","Rachel Sanson","Aur\u00e9lien d' Almeida"],"category_codes":["2000000","2040000","2040500"],"visuals":{"large":"https:\/\/images.epagine.fr\/089\/9782278132089_1_75.jpg","medium":"https:\/\/images.epagine.fr\/089\/9782278132089_1_m.jpg","thumbnail":"https:\/\/images.epagine.fr\/089\/9782278132089_1_v.jpg"},"orderable":true,"show_badge":true,"formatted_price":"13,90&nbsp;\u20ac","formatted_published_date":"15 octobre 2025","publisher_availability_label":"Sur commande","short_details":"Rachel Chivers Khoo, Rachel Sanson, Aur\u00e9lien d' Almeida \u2014 Didier jeunesse","translator":"AURELIEN D' ALMEIDA","weight":266,"page_count":240,"readership":"\u00e0 partir de 9 ANS","editor":"Didier jeunesse","price":1390,"published_date":"2025-10-14T22:00:00.000000Z","support":"Grand format","publisher_availability":1,"stock":0,"editions":[],"url":"https:\/\/quaidesbrumes.com\/ouvrage\/9782278132089\/felix-et-le-voleur-de-voeux"},{"id":"9782874266959","title":"Olivia : La vie est un film","description":"Olivia est une fille de 12 ans comme les autres qui vit \u00e0 Barcelone, avec son petit fr\u00e8re et sa maman actrice.\r\n Un jour, le courant est coup\u00e9, puis il n'y a plus d'eau chaude, et leurs meubles sont saisis. La famille se retrouve \u00e0 la rue.\r\n Alors, avec son petit fr\u00e8re Tim, elle va devoir faire preuve de courage et d'ing\u00e9niosit\u00e9 afin de se sortir de cette situation.\r\nOlivia est une fille de 12 ans comme les autres qui vit \u00e0 Barcelone, avec son petit fr\u00e8re et sa maman actrice.\r\n Un jour, le courant est coup\u00e9, puis il n'y a plus d'eau chaude, et leurs meubles sont saisis. La famille se retrouve \u00e0 la rue.\r\n Alors, avec son petit fr\u00e8re Tim, elle va devoir faire preuve de courage et d'ing\u00e9niosit\u00e9 afin de se sortir de cette situation.\r\nMait\u00e9 Carranza a re\u00e7u les prix suivants:\r\n Prix Serra d'Or Critics 1987\r\n Prix Folch i Torres Prize 1987\r\n Prix Joaquim Ruyra 1989\r\n Prix EDEB\u00c9 2002","authors":["Ma\u00eft\u00e9 Carranza","Anne Cohen Beucher"],"category_codes":["2000000","2050000","2050200"],"visuals":{"large":"https:\/\/images.epagine.fr\/959\/9782874266959_1_75.jpg","medium":"https:\/\/images.epagine.fr\/959\/9782874266959_1_m.jpg","thumbnail":"https:\/\/images.epagine.fr\/959\/9782874266959_1_v.jpg"},"orderable":true,"show_badge":true,"formatted_price":"6,90&nbsp;\u20ac","formatted_published_date":"15 janvier 2026","publisher_availability_label":"Sur commande","short_details":"Ma\u00eft\u00e9 Carranza, Anne Cohen Beucher \u2014 Alice \u00c9ditions","translator":"ANNE COHEN BEUCHER","weight":206,"page_count":240,"readership":"\u00e0 partir de 12 ANS","editor":"Alice \u00c9ditions","price":690,"published_date":"2026-01-14T23:00:00.000000Z","support":"Poche","publisher_availability":1,"stock":0,"editions":[],"url":"https:\/\/quaidesbrumes.com\/ouvrage\/9782874266959\/olivia-la-vie-est-un-film"},{"id":"9782807702103","title":"Le pestacle","description":"Dans la classe, c'est l'effervescence: c'est bient\u00f4t le jour du grand spectacle! Dans sa chambre, Jacques r\u00e9p\u00e8te tous les soirs. Il est pr\u00eat! Mais la veille du grand jour, il n'arrive pas \u00e0 dormir, il a le trac. Et s'il se trompe? S'il tombe? Et puis, il faut bien dire que lui, il aurait quand m\u00eame pr\u00e9f\u00e9r\u00e9 jouer le r\u00f4le du capitaine Barbe Noire, pas celui de la vague! Heureusement, m\u00eame une vague peut se r\u00e9v\u00e9ler importante! Excitation, trac, craintes et poids du regard des autres, les spectacles scolaires sont souvent l'occasion de se confronter \u00e0 de nombreuses \u00e9motions !","authors":["Maude de Bel","Quentin Gr\u00e9ban"],"category_codes":["2000000","2030000","2030400"],"visuals":{"large":"https:\/\/images.epagine.fr\/103\/9782807702103_1_75.jpg","medium":"https:\/\/images.epagine.fr\/103\/9782807702103_1_m.jpg","thumbnail":"https:\/\/images.epagine.fr\/103\/9782807702103_1_v.jpg"},"orderable":true,"show_badge":true,"formatted_price":"13,00&nbsp;\u20ac","formatted_published_date":"6 juin 2024","publisher_availability_label":"Sur commande","short_details":"Maude de Bel, Quentin Gr\u00e9ban \u2014 \u00c9ditions Mijade","translator":null,"weight":504,"page_count":32,"readership":"\u00e0 partir de 4 ANS","editor":"\u00c9ditions Mijade","price":1300,"published_date":"2024-06-05T22:00:00.000000Z","support":"Grand format","publisher_availability":1,"stock":0,"editions":[],"url":"https:\/\/quaidesbrumes.com\/ouvrage\/9782807702103\/le-pestacle"},{"id":"9782095040512","title":"Clarisse Caldwell Tome 2 : Le gala des Mal\u00e9fices","description":"Une s\u00e9rie de magie tr\u00e9pidante dans le Paris des ann\u00e9es 20 !\r\nAdmises \u00e0 l'\u00e9cole de danse des Sortil\u00e8ges, Clarisse et Freya pr\u00e9parent l'audition pour le myst\u00e9rieux gala des Mal\u00e9fices. Quand M\u00e9line est faite prisonni\u00e8re par les R\u00e9gulateurs, Clarisse tente de monter une dangereuse exp\u00e9dition pour la lib\u00e9rer. Freya, elle, cherche \u00e0 tout prix \u00e0 d\u00e9couvrir l'identit\u00e9 de son p\u00e8re...\r\nLeur amiti\u00e9 r\u00e9sistera-t-elle \u00e0 ces d\u00e9fis ? \r\n\r\nUne s\u00e9rie de magie \u00e0 d\u00e9couvir d\u00e8s 9 ans !","authors":["Catherine Kalengula","Ariane Delrieu"],"category_codes":["2000000","2040000","2040500","2040504"],"visuals":{"large":"https:\/\/images.epagine.fr\/512\/9782095040512_1_75.jpg","medium":"https:\/\/images.epagine.fr\/512\/9782095040512_1_m.jpg","thumbnail":"https:\/\/images.epagine.fr\/512\/9782095040512_1_v.jpg"},"orderable":true,"show_badge":true,"formatted_price":"13,95&nbsp;\u20ac","formatted_published_date":"11 juillet 2024","publisher_availability_label":"Sur commande","short_details":"Catherine Kalengula, Ariane Delrieu \u2014 Nathan","translator":null,"weight":392,"page_count":336,"readership":"\u00e0 partir de 9 ANS","editor":"Nathan","price":1395,"published_date":"2024-07-10T22:00:00.000000Z","support":"Grand format","publisher_availability":1,"stock":0,"editions":[],"url":"https:\/\/quaidesbrumes.com\/ouvrage\/9782095040512\/clarisse-caldwell-tome-2-le-gala-des-malefices"},{"id":"9782508062919","title":"Mon p'tit Hemma : Coloriage et gommettes repositionnables pour les petits : Paris","description":"Un nouveau titre dans cette collection de livres de coloriages et de gommettes repositionnables pour d\u00e9couvrir Paris en s'amusant.\r\nParis : la tour Eiffel, le Sacr\u00e9 Coeur, une p\u00e9niche sur la Seine... Dans ce bel album silhouett\u00e9, les petits artistes vont s'amuser \u00e0 colorier, coller, d\u00e9coller et repositionner les gommettes aux formes simples sur de jolies illustrations color\u00e9es !","authors":["Collectif","Carotte et Compagnie"],"category_codes":["2000000","2080000","2080200"],"visuals":{"large":"https:\/\/images.epagine.fr\/919\/9782508062919_1_75.jpg","medium":"https:\/\/images.epagine.fr\/919\/9782508062919_1_m.jpg","thumbnail":"https:\/\/images.epagine.fr\/919\/9782508062919_1_v.jpg"},"orderable":true,"show_badge":true,"formatted_price":"0,00&nbsp;\u20ac","formatted_published_date":"19 mars 2026","publisher_availability_label":"Sur commande","short_details":"Collectif, Carotte et Compagnie \u2014 Hemma","translator":null,"weight":152,"page_count":28,"readership":null,"editor":"Hemma","price":0,"published_date":"2026-03-18T23:00:00.000000Z","support":"Papeterie \/ Coloriage","publisher_availability":1,"stock":0,"editions":[],"url":"https:\/\/quaidesbrumes.com\/ouvrage\/9782508062919\/mon-ptit-hemma-coloriage-et-gommettes-repositionnables-pour-les-petits-paris"},{"id":"9791039573511","title":"Mon ardoise magique avec tom le pompier : Dessine, efface, recommence !","description":"Une ardoise magique adorable pour dessiner et re-dessiner \u00e0 l'infini !\r\nUne ardoise magique qui s'efface pour recommencer encore et encore !","authors":["Alicia Cambridge"],"category_codes":["2000000","2060000"],"visuals":{"large":"https:\/\/images.epagine.fr\/511\/9791039573511_1_75.jpg","medium":"https:\/\/images.epagine.fr\/511\/9791039573511_1_m.jpg","thumbnail":"https:\/\/images.epagine.fr\/511\/9791039573511_1_v.jpg"},"orderable":false,"show_badge":true,"formatted_price":"0,00&nbsp;\u20ac","formatted_published_date":"13 mai 2026","publisher_availability_label":"\u00c0 para\u00eetre","short_details":"Alicia Cambridge \u2014 Auzou","translator":null,"weight":116,"page_count":null,"readership":null,"editor":"Auzou","price":0,"published_date":"2026-05-12T22:00:00.000000Z","support":"Objet","publisher_availability":2,"stock":0,"editions":[],"url":"https:\/\/quaidesbrumes.com\/ouvrage\/9791039573511\/mon-ardoise-magique-avec-tom-le-pompier-dessine-efface-recommence"},{"id":"9791039573528","title":"Mon ardoise magique avec diane la sir\u00e8ne - Dessine, efface, recommence !","description":"Une ardoise magique adorable pour dessiner et re-dessiner \u00e0 l'infini !\r\nUne ardoise magique qui s'efface pour recommencer encore et encore !","authors":["Alicia Cambridge"],"category_codes":["2000000","2060000"],"visuals":{"large":"https:\/\/images.epagine.fr\/528\/9791039573528_1_75.jpg","medium":"https:\/\/images.epagine.fr\/528\/9791039573528_1_m.jpg","thumbnail":"https:\/\/images.epagine.fr\/528\/9791039573528_1_v.jpg"},"orderable":false,"show_badge":true,"formatted_price":"0,00&nbsp;\u20ac","formatted_published_date":"13 mai 2026","publisher_availability_label":"\u00c0 para\u00eetre","short_details":"Alicia Cambridge \u2014 Auzou","translator":null,"weight":130,"page_count":null,"readership":null,"editor":"Auzou","price":0,"published_date":"2026-05-12T22:00:00.000000Z","support":"Papeterie \/ Coloriage","publisher_availability":2,"stock":0,"editions":[],"url":"https:\/\/quaidesbrumes.com\/ouvrage\/9791039573528\/mon-ardoise-magique-avec-diane-la-sirene-dessine-efface-recommence"},{"id":"9791039573559","title":"Mon ardoise magique avec l\u00e9o le dino - Dessine, efface, recommence !","description":"Une ardoise magique adorable pour dessiner et re-dessiner \u00e0 l'infini !\r\nUne ardoise magique qui s'efface pour recommencer encore et encore !","authors":["Alicia Cambridge"],"category_codes":["2000000","2060000"],"visuals":{"large":"https:\/\/images.epagine.fr\/559\/9791039573559_1_75.jpg","medium":"https:\/\/images.epagine.fr\/559\/9791039573559_1_m.jpg","thumbnail":"https:\/\/images.epagine.fr\/559\/9791039573559_1_v.jpg"},"orderable":false,"show_badge":true,"formatted_price":"0,00&nbsp;\u20ac","formatted_published_date":"13 mai 2026","publisher_availability_label":"\u00c0 para\u00eetre","short_details":"Alicia Cambridge \u2014 Auzou","translator":null,"weight":116,"page_count":null,"readership":null,"editor":"Auzou","price":0,"published_date":"2026-05-12T22:00:00.000000Z","support":"Objet","publisher_availability":2,"stock":0,"editions":[],"url":"https:\/\/quaidesbrumes.com\/ouvrage\/9791039573559\/mon-ardoise-magique-avec-leo-le-dino-dessine-efface-recommence"},{"id":"9782874266997","title":"Les pies parapluie","description":"Quand une IA un peu trop fi\u00e8re d'elle-m\u00eame d\u00e9couvre une nouvelle esp\u00e8ce d'oiseaux...\r\nBienvenue dans le futur avec cet album enti\u00e8rement con\u00e7u par une I.A.A.A.A.Une Intelligence Artificielle Autrice d'Albums sur les Animaux. Mais je ne me suis pas pr\u00e9sent\u00e9e ! Je suis I.Alpha, l'intelligence artificielle sup\u00e9rieure qui a con\u00e7u et fabriqu\u00e9 cette incroyable machine. Tr\u00eave de bavardages ! Plongeons sans plus tarder dans cet ouvrage. Il semblerait que l'I.A.A.A.A ait d\u00e9couvert une toute nouvelle esp\u00e8ce de pie : Les pies parapluies.\r\nLaur\u00e9at Prix des Incorruptibles (CP) 2020-2021 : Une fin de loup\r\nLaur\u00e9at Prix Gayant Lecture 2021 (cat\u00e9gore 2 \u00e0 partir 6\/7 ans) : PAF !\r\nLaur\u00e9at Prix des Incorruptibles CP 2021-2022 : PAF !\r\nLaur\u00e9at Prix Tatoulu jaune 2022 cat\u00e9gorie 5-6 ans : Sa majest\u00e9 Versa\u00ef","authors":["J\u00e9r\u00f4me Camil"],"category_codes":["2000000","2030000","2030400"],"visuals":{"large":"https:\/\/images.epagine.fr\/997\/9782874266997_1_75.jpg","medium":"https:\/\/images.epagine.fr\/997\/9782874266997_1_m.jpg","thumbnail":"https:\/\/images.epagine.fr\/997\/9782874266997_1_v.jpg"},"orderable":true,"show_badge":true,"formatted_price":"16,00&nbsp;\u20ac","formatted_published_date":"2 avril 2026","publisher_availability_label":"Sur commande","short_details":"J\u00e9r\u00f4me Camil \u2014 Alice \u00c9ditions","translator":null,"weight":486,"page_count":48,"readership":"3\/6 ans","editor":"Alice \u00c9ditions","price":1600,"published_date":"2026-04-01T22:00:00.000000Z","support":"Grand format","publisher_availability":1,"stock":0,"editions":[],"url":"https:\/\/quaidesbrumes.com\/ouvrage\/9782874266997\/les-pies-parapluie"},{"id":"9782487583085","title":"Perch\u00e9s","description":"\"On est six. On est six, perch\u00e9s dans les arbres... On est l\u00e0 parce qu'on n'est pas d\u00e9cid\u00e9s \u00e0 se laisser faire... La tron\u00e7onneuse ne passera pas.\"\r\nUne histoire de jeunes adolescents qui entrent en r\u00e9sistance. Un texte pour sensibiliser \u00e0 l'am\u00e9nagement \u00e9cologique des cit\u00e9s. Une histoire qui met en avant des liens forts [ados - parents - adultes du quartier] au service de l'engagement citoyen.","authors":["Florence M\u00e9dina","Charlotte Andr\u00e9"],"category_codes":["2000000","2040000","2040500"],"visuals":{"large":"https:\/\/images.epagine.fr\/085\/9782487583085_1_75.jpg","medium":"https:\/\/images.epagine.fr\/085\/9782487583085_1_m.jpg","thumbnail":"https:\/\/images.epagine.fr\/085\/9782487583085_1_v.jpg"},"orderable":true,"show_badge":true,"formatted_price":"9,50&nbsp;\u20ac","formatted_published_date":"14 avril 2026","publisher_availability_label":"Sur commande","short_details":"Florence M\u00e9dina, Charlotte Andr\u00e9 \u2014 Editions Du Pourquoi Pas","translator":null,"weight":240,"page_count":156,"readership":"\u00e0 partir de 6 ANS","editor":"Editions Du Pourquoi Pas","price":950,"published_date":"2026-04-13T22:00:00.000000Z","support":"Grand format","publisher_availability":1,"stock":0,"editions":[],"url":"https:\/\/quaidesbrumes.com\/ouvrage\/9782487583085\/perches"},{"id":"9791039146296","title":"Les amours de Lara Jean Tome 1 : A tous les gar\u00e7ons que j'ai aim\u00e9s","description":"Et si les gar\u00e7ons pour lesquels vous aviez eu le b\u00e9guin d\u00e9couvraient vos sentiments... tous en m\u00eame temps ? Lara Jean Song conserve ses lettres d'amour dans une bo\u00eete a chapeau que sa m\u00e8re lui a donn\u00e9e. Ce ne sont pas des lettres qu'elle a re\u00e7ues, ce sont celles qu'elle a \u00e9crites. Une pour chaque gar\u00e7on qu'elle a aim\u00e9. Lorsqu'elle \u00e9crit, elle ose ouvrir son coeur et dire toutes les choses que jamais elle n'exprimerait dans la vraie vie, car ses lettres ne sont que pour elle. Jusqu'au jour ou Lara d\u00e9couvre que ses lettres secr\u00e8tes ont toutes \u00e9t\u00e9 post\u00e9es... Elle doit soudain faire face \u00e0 son pass\u00e9 amoureux, la situation devient vite hors de contr\u00f4le mais qui sait ? Quelque chose de positif pourrait ressortir de ces lettres, apr\u00e8s tout.","authors":["Jenny Han"],"category_codes":["2000000","2050000","2050200","2050208"],"visuals":{"large":"https:\/\/images.epagine.fr\/296\/9791039146296_1_75.jpg","medium":"https:\/\/images.epagine.fr\/296\/9791039146296_1_m.jpg","thumbnail":"https:\/\/images.epagine.fr\/296\/9791039146296_1_v.jpg"},"orderable":true,"show_badge":true,"formatted_price":"24,95&nbsp;\u20ac","formatted_published_date":"15 avril 2026","publisher_availability_label":"Sur commande","short_details":"Jenny Han \u2014 Panini","translator":null,"weight":552,"page_count":null,"readership":"\u00e0 partir de 15 ans","editor":"Panini","price":2495,"published_date":"2026-04-14T22:00:00.000000Z","support":"Grand format","publisher_availability":1,"stock":0,"editions":[],"url":"https:\/\/quaidesbrumes.com\/ouvrage\/9791039146296\/les-amours-de-lara-jean-tome-1-a-tous-les-garcons-que-jai-aimes"},{"id":"9782803465293","title":"Tuut, tuut : En route ! Un livre rempli de gros camions","description":"Tuut tuut ! \r\n\r\nEn route vers le chantier, les camions rencontrent un accident, un embouteillage, une montagne de neige et une grosse flaque de boue. R\u00e9ussiront-ils \u00e0 terminer le chantier \u00e0 temps ? Bien s\u00fbr !\r\n\r\nDe jolies rimes pour les tout-petits qui aiment les camions et les gros v\u00e9hicules !","authors":["Michelle Robinson","Jez Tuya"],"category_codes":["2000000","2030000","2030400"],"visuals":{"large":"https:\/\/images.epagine.fr\/293\/9782803465293_1_75.jpg","medium":"https:\/\/images.epagine.fr\/293\/9782803465293_1_m.jpg","thumbnail":"https:\/\/images.epagine.fr\/293\/9782803465293_1_v.jpg"},"orderable":true,"show_badge":true,"formatted_price":"12,95&nbsp;\u20ac","formatted_published_date":"16 avril 2026","publisher_availability_label":"Sur commande","short_details":"Michelle Robinson, Jez Tuya \u2014 Chantecler","translator":null,"weight":359,"page_count":26,"readership":"\u00e0 partir de 3 ANS","editor":"Chantecler","price":1295,"published_date":"2026-04-15T22:00:00.000000Z","support":"Grand format","publisher_availability":1,"stock":0,"editions":[],"url":"https:\/\/quaidesbrumes.com\/ouvrage\/9782803465293\/tuut-tuut-en-route-un-livre-rempli-de-gros-camions"},{"id":"9782215202967","title":"Mes dessins choupis : Une ann\u00e9e adorable","description":"Bienvenue \u00e0 Choupiville, la ville la plus choupie du monde !\r\nDans ce livre, Pitichou, l'adorable mascotte de cette ville imaginaire, nous apprend \u00e0 dessiner des personnages merveilleux et des sc\u00e8nes rigolotes gr\u00e2ce \u00e0 20 pas-\u00e0-pas.\r\nAu programme : pique-nique, feu d'artifice, chasse aux champignons, bataille de boules de neige... Toutes les activit\u00e9s pr\u00e9f\u00e9r\u00e9es de ces choupivillois au caract\u00e8re bien tremp\u00e9 au fil des saisons !","authors":["Stelloupi"],"category_codes":["2000000","2060000","2060300"],"visuals":{"large":"https:\/\/images.epagine.fr\/967\/9782215202967_1_75.jpg","medium":"https:\/\/images.epagine.fr\/967\/9782215202967_1_m.jpg","thumbnail":"https:\/\/images.epagine.fr\/967\/9782215202967_1_v.jpg"},"orderable":true,"show_badge":true,"formatted_price":"6,99&nbsp;\u20ac","formatted_published_date":"27 mars 2026","publisher_availability_label":"Sur commande","short_details":"Stelloupi \u2014 Fleurus","translator":null,"weight":266,"page_count":32,"readership":null,"editor":"Fleurus","price":699,"published_date":"2026-03-26T23:00:00.000000Z","support":"Grand format","publisher_availability":1,"stock":0,"editions":[],"url":"https:\/\/quaidesbrumes.com\/ouvrage\/9782215202967\/mes-dessins-choupis-une-annee-adorable"},{"id":"9782386140976","title":"Coluche","description":"Tu ne le connais s\u00fbrement pas, mais Coluche a beaucoup fait rire les g\u00e9n\u00e9rations de tes parents et de tes grands-parents! Cet acteur et humoriste fran\u00e7ais s'est m\u00eame pr\u00e9sent\u00e9 \u00e0 l'\u00e9lection pr\u00e9sidentielle de 1981, avant de se retirer. Tr\u00e8s touch\u00e9 par la pauvret\u00e9, il a \u00e9galement fond\u00e9 l'association des Restos du Coeur, qui porte assistance aux plus d\u00e9munis. Plonge dans l'univers de ce personnage haut en couleurs!","authors":["Dominique de Coster","Mathieu Ferret","Bruno Wennagel"],"category_codes":["2000000","2070000","2070400"],"visuals":{"large":"https:\/\/images.epagine.fr\/976\/9782386140976_1_75.jpg","medium":"https:\/\/images.epagine.fr\/976\/9782386140976_1_m.jpg","thumbnail":"https:\/\/images.epagine.fr\/976\/9782386140976_1_v.jpg"},"orderable":true,"show_badge":true,"formatted_price":"5,00&nbsp;\u20ac","formatted_published_date":"8 janvier 2025","publisher_availability_label":"Sur commande","short_details":"Dominique de Coster, Mathieu Ferret, Bruno Wennagel \u2014 QUELLE HISTOIRE","translator":null,"weight":90,"page_count":40,"readership":"\u00e0 partir de 6 ANS","editor":"QUELLE HISTOIRE","price":500,"published_date":"2025-01-07T23:00:00.000000Z","support":"Grand format","publisher_availability":1,"stock":0,"editions":[],"url":"https:\/\/quaidesbrumes.com\/ouvrage\/9782386140976\/coluche"},{"id":"9782383070757","title":"Le toboggan","description":"Une apr\u00e8s-midi \u00e0 la piscine comme les petits en r\u00eavent, \u00e0 glisser sur le toboggan de piscine mi-r\u00e9aliste mi-fantastique imagin\u00e9 par Elsa Fouquier. L'occasion d'aborder des notions contraires fondamentales, tout en vivant le grand frisson !","authors":["Elsa Fouquier"],"category_codes":["2000000","2020000","2020300"],"visuals":{"large":"https:\/\/images.epagine.fr\/757\/9782383070757_1_75.jpg","medium":"https:\/\/images.epagine.fr\/757\/9782383070757_1_m.jpg","thumbnail":"https:\/\/images.epagine.fr\/757\/9782383070757_1_v.jpg"},"orderable":true,"show_badge":false,"formatted_price":"14,90&nbsp;\u20ac","formatted_published_date":"10 mai 2024","publisher_availability_label":"Sur commande","short_details":"Elsa Fouquier \u2014 Marcel et Joachim","translator":null,"weight":298,"page_count":22,"readership":"\u00e0 partir de 2 ANS","editor":"Marcel et Joachim","price":1490,"published_date":"2024-05-09T22:00:00.000000Z","support":"Grand format","publisher_availability":1,"stock":1,"editions":[],"url":"https:\/\/quaidesbrumes.com\/ouvrage\/9782383070757\/le-toboggan"},{"id":"9782490015313","title":"Raouf","description":"Raouf est un livre tout-carton en forme de maison. Il raconte un simple jeu de cache-cache entre un chien et son petit maitre. \r\nL'auteur retranscrit avec tendresse l'enthousiasme qui caract\u00e9rise les enfants.\r\nLe dessin de Krocui est reconnaissable entre mille. Son parti pris graphique est radical mais s'adresse aux enfants de mani\u00e8re directe, sans \u00e9vacuer le cot\u00e9 mignon qui leur pla\u00eet tant. Ses textes rythm\u00e9s et tendres savent eux aussi captiver les jeunes oreilles.\r\nRaouf propose une \u00e9volution int\u00e9ressante du style de Krocui qui \u00e9pure ses illustrations pour les rendre plus minimales, ne gardant que l'essentiel : deux personnages et un lieu, figur\u00e9 par l'espace m\u00eame de la page. Ici la simplicit\u00e9 des images permet de mettre en lumi\u00e8re ce qui importe dans le livre : la relation complice entre un chien et un enfant. Un moment de jeu vivant, puis de bonheur fugace si bien restitu\u00e9 qu'il r\u00e9jouira les plus jeunes, leur parents et leurs toutous.\r\nLivre tout-carton \/ 6 pantones \/ Jaspage","authors":["Krocui"],"category_codes":["2000000","2020000","2020300"],"visuals":{"large":"https:\/\/images.epagine.fr\/313\/9782490015313_1_75.jpg","medium":"https:\/\/images.epagine.fr\/313\/9782490015313_1_m.jpg","thumbnail":"https:\/\/images.epagine.fr\/313\/9782490015313_1_v.jpg"},"orderable":true,"show_badge":false,"formatted_price":"18,00&nbsp;\u20ac","formatted_published_date":"3 octobre 2025","publisher_availability_label":"Sur commande","short_details":"Krocui \u2014 Articho","translator":null,"weight":296,"page_count":24,"readership":"0\/3 ans","editor":"Articho","price":1800,"published_date":"2025-10-02T22:00:00.000000Z","support":"Grand format","publisher_availability":1,"stock":1,"editions":[],"url":"https:\/\/quaidesbrumes.com\/ouvrage\/9782490015313\/raouf"}]}