{"data":[{"id":"9782386140983","title":"Les b\u00e2tisseurs de cath\u00e9drales","description":"Remonte le temps jusqu'au Moyen-\u00c2ge \u00e0 la d\u00e9couverte de l'art gothique ! \u00c0 l'\u00e9poque de l'\u00e9dification des premi\u00e8res cath\u00e9drales, les techniques n'\u00e9taient pas celles d'aujourd'hui. Pars \u00e0 la rencontre du tailleur de pierre, du ma\u00e7on, du charpentier, du ma\u00eetre-verrier... qui participaient \u00e0 la construction de ces somptueux \u00e9difices, que tu peux encore admirer partout en France!\r","authors":["Nuno Alves Rodrigues","Marine Breuil-Salles","Mathieu Ferret","Bruno Wennagel"],"category_codes":["2000000","2070000","2070400"],"visuals":{"large":"https:\/\/images.epagine.fr\/983\/9782386140983_1_75.jpg","medium":"https:\/\/images.epagine.fr\/983\/9782386140983_1_m.jpg","thumbnail":"https:\/\/images.epagine.fr\/983\/9782386140983_1_v.jpg"},"orderable":true,"show_badge":true,"formatted_price":"5,00&nbsp;\u20ac","formatted_published_date":"8 janvier 2025","publisher_availability_label":"Sur commande","short_details":"Nuno Alves Rodrigues, Marine Breuil-Salles, Mathieu Ferret, Bruno Wennagel \u2014 Quelle Histoire","translator":null,"weight":90,"page_count":40,"readership":"\u00e0 partir de 6 ANS","editor":"Quelle Histoire","price":500,"published_date":"2025-01-07T23:00:00.000000Z","support":"Grand format","publisher_availability":1,"stock":0,"editions":[],"url":"https:\/\/quaidesbrumes.com\/ouvrage\/9782386140983\/les-batisseurs-de-cathedrales"},{"id":"9791023521283","title":"De l'autre c\u00f4t\u00e9","description":"Qui n'a jamais r\u00eav\u00e9 un jour de changer de peau, de vie ! Eh bien c'est ce qui arrive \u00e0 Ernest, 11 ans, un jour o\u00f9 il a peut-\u00eatre pens\u00e9 un peu trop fort dans sa t\u00eate qu'il en avait marre de sa maman et de ses fragilit\u00e9s, et qu'il aimerait ENFIN vivre une vie NORMALE avec des parents NORMAUX !!!! Zwouip, comme par magie, le voil\u00e0 dans la peau de Martin, le fils des voisins. Magnifiquement illustr\u00e9 par Jeanne Briand, ce texte de Fanny Chartres aborde avec humour et d\u00e9licatesse des sujets peu trait\u00e9s en litt\u00e9rature jeunesse et d\u00e9construit l'id\u00e9e de la famille id\u00e9ale sans bosses ni failles.\r","authors":["Fanny Chartres","Jeanne Briand"],"category_codes":["2000000","2040000","2040500"],"visuals":{"large":"https:\/\/images.epagine.fr\/283\/9791023521283_1_75.jpg","medium":"https:\/\/images.epagine.fr\/283\/9791023521283_1_m.jpg","thumbnail":"https:\/\/images.epagine.fr\/283\/9791023521283_1_v.jpg"},"orderable":true,"show_badge":true,"formatted_price":"9,90&nbsp;\u20ac","formatted_published_date":"11 avril 2025","publisher_availability_label":"Sur commande","short_details":"Fanny Chartres, Jeanne Briand \u2014 Le Seuil jeunesse","translator":null,"weight":166,"page_count":96,"readership":"\u00e0 partir de 9 ANS","editor":"Le Seuil jeunesse","price":990,"published_date":"2025-04-10T22:00:00.000000Z","support":"Poche","publisher_availability":1,"stock":0,"editions":[],"url":"https:\/\/quaidesbrumes.com\/ouvrage\/9791023521283\/de-lautre-cote"},{"id":"9782244303772","title":"Cherche, trouve et compte : Les animaux","description":null,"authors":["Marzia Giordano"],"category_codes":["2000000","2060000","2060500"],"visuals":{"large":"https:\/\/images.epagine.fr\/772\/9782244303772_1_75.jpg","medium":"https:\/\/images.epagine.fr\/772\/9782244303772_1_m.jpg","thumbnail":"https:\/\/images.epagine.fr\/772\/9782244303772_1_v.jpg"},"orderable":true,"show_badge":true,"formatted_price":"12,90&nbsp;\u20ac","formatted_published_date":"1er mars 2026","publisher_availability_label":"Sur commande","short_details":"Marzia Giordano \u2014 \u00c9ditions Lito","translator":null,"weight":650,"page_count":16,"readership":"\u00e0 partir de 3 ANS","editor":"\u00c9ditions Lito","price":1290,"published_date":"2026-02-28T23:00:00.000000Z","support":"Grand format","publisher_availability":1,"stock":0,"editions":[],"url":"https:\/\/quaidesbrumes.com\/ouvrage\/9782244303772\/cherche-trouve-et-compte-les-animaux"},{"id":"9782931273265","title":"Bessie Coleman, la casse-cou","description":"\" Premi\u00e8re afro-am\u00e9ricaine pilote d'avion, Bessie Coleman a d\u00e9jou\u00e9 tous les d\u00e9terminismes. N\u00e9e en 1890 dans les champs de coton, celle dont l'avenir est \u00e9crit d'avance en d\u00e9tourne le trac\u00e9, direction le ciel. Bravant la s\u00e9gr\u00e9gation, le racisme et son genre, la jeune femme traverse l'Atlantique pour aller au bout de sa passion. C'est en France qu'elle obtient son pr\u00e9cieux s\u00e9same et en Europe qu'elle acquiert le statut de voltigeuse. Enfin reconnue dans son pays, elle encha\u00eene les exploits et d\u00e9croche le surnom de Queen Bess ! Mais entre deux arabesques a\u00e9riennes, son souhait le plus cher reste de mettre \"des couleurs dans le ciel\". Le danger, dont elle fait fi, finit par la rattraper...\r","authors":["Anne Loyer","Claire Gaudriot"],"category_codes":["2000000","2030000"],"visuals":{"large":"https:\/\/images.epagine.fr\/265\/9782931273265_1_75.jpg","medium":"https:\/\/images.epagine.fr\/265\/9782931273265_1_m.jpg","thumbnail":"https:\/\/images.epagine.fr\/265\/9782931273265_1_v.jpg"},"orderable":true,"show_badge":true,"formatted_price":"19,00&nbsp;\u20ac","formatted_published_date":"14 avril 2026","publisher_availability_label":"Sur commande","short_details":"Anne Loyer, Claire Gaudriot \u2014 \u00c0 pas de loups","translator":null,"weight":200,"page_count":48,"readership":"3\/6 ans","editor":"\u00c0 pas de loups","price":1900,"published_date":"2026-04-13T22:00:00.000000Z","support":"Grand format","publisher_availability":1,"stock":0,"editions":[],"url":"https:\/\/quaidesbrumes.com\/ouvrage\/9782931273265\/bessie-coleman-la-casse-cou"},{"id":"9791095184911","title":"L'enfance des m\u00e9chants,  des vilaines et des affreux","description":"Le m\u00e9chant... quel personnage fascinant ! Depuis la nuit des temps, il nourrit les r\u00e9cits. Mais pourquoi est-il si m\u00e9chant ? Est-il n\u00e9 ainsi ou l'est-il devenu ?\r\n\u00c0 travers vingt portraits savoureux, d\u00e9couvrez l'enfance des plus c\u00e9l\u00e8bres m\u00e9chants, vilaines et affreux.","authors":["S\u00e9bastien Perez","Benjamin Lacombe"],"category_codes":["2000000","2030000","2030400"],"visuals":{"large":"https:\/\/images.epagine.fr\/911\/9791095184911_1_75.jpg","medium":"https:\/\/images.epagine.fr\/911\/9791095184911_1_m.jpg","thumbnail":"https:\/\/images.epagine.fr\/911\/9791095184911_1_v.jpg"},"orderable":true,"show_badge":true,"formatted_price":"19,90&nbsp;\u20ac","formatted_published_date":"11 octobre 2023","publisher_availability_label":"Sur commande","short_details":"S\u00e9bastien Perez, Benjamin Lacombe \u2014 \u00c9ditions Margot","translator":null,"weight":912,"page_count":64,"readership":"\u00e0 partir de 6 ANS","editor":"\u00c9ditions Margot","price":1990,"published_date":"2023-10-10T22:00:00.000000Z","support":"Grand format","publisher_availability":1,"stock":0,"editions":[],"url":"https:\/\/quaidesbrumes.com\/ouvrage\/9791095184911\/lenfance-des-mechants-des-vilaines-et-des-affreux"},{"id":"9791036378652","title":"Les Belles Histoires de mes 2 ans","description":"Huit petites histoires pleines d'imaginaire, mais qui rejoignent les petits de 2 ans dans les probl\u00e9matiques de leur \u00e2ge. Il y sera question du fameux \"non\", du doudou, du rhume, de la propret\u00e9, mais aussi de plein d'\u00e9motions fortes que les petits pourront mieux identifier et discuter.","authors":["Sibylle Delacroix","Roland Nadaus","Pierre Oertel","Evelyne Reberg","Josse Goffin","Guido Van Genechten"],"category_codes":["2000000","2030000","2030300"],"visuals":{"large":"https:\/\/images.epagine.fr\/652\/9791036378652_1_75.jpg","medium":"https:\/\/images.epagine.fr\/652\/9791036378652_1_m.jpg","thumbnail":"https:\/\/images.epagine.fr\/652\/9791036378652_1_v.jpg"},"orderable":true,"show_badge":true,"formatted_price":"12,90&nbsp;\u20ac","formatted_published_date":"5 f\u00e9vrier 2025","publisher_availability_label":"Sur commande","short_details":"Sibylle Delacroix, Roland Nadaus, Pierre Oertel, Evelyne Reberg, Josse Goffin, Guido Van Genechten \u2014 Bayard Jeunesse","translator":null,"weight":740,"page_count":212,"readership":"\u00e0 partir de 2 ANS","editor":"Bayard Jeunesse","price":1290,"published_date":"2025-02-04T23:00:00.000000Z","support":"Grand format","publisher_availability":1,"stock":0,"editions":[],"url":"https:\/\/quaidesbrumes.com\/ouvrage\/9791036378652\/les-belles-histoires-de-mes-2-ans"},{"id":"9782898570957","title":"Passer \u00e0 l'action","description":"L'engagement vient d'une envie de changer quelque chose, de prendre part \u00e0 un mouvement, de partager une passion ou de sentir qu'on appartient \u00e0 une communaut\u00e9... Appuyer une cause, participer \u00e0 un projet dans son \u00e9cole, d\u00e9fendre ses id\u00e9es, aider un organisme, influencer des d\u00e9cisions, revendiquer des changements... Il existe autant de raisons de s'engager que de gens qui s'engagent. Dans Passer \u00e0 l'action ! Catherine Ouellet-Cummings pr\u00e9sente une grande diversit\u00e9 de jeunes qui ont choisi de s'impliquer. Leurs r\u00e9cits nous montrent combien le fait de passer \u00e0 l'action est enrichissant et stimulant et demeure le meilleur moyen pour contrer le d\u00e9faitisme et le sentiment d'impuissance. Une bo\u00eete \u00e0 outils indispensable pour changer le monde!","authors":["Catherine Ouellet-Cummings"],"category_codes":["2000000","2070000"],"visuals":{"large":"https:\/\/images.epagine.fr\/957\/9782898570957_1_75.jpg","medium":"https:\/\/images.epagine.fr\/957\/9782898570957_1_m.jpg","thumbnail":"https:\/\/images.epagine.fr\/957\/9782898570957_1_v.jpg"},"orderable":true,"show_badge":true,"formatted_price":"15,00&nbsp;\u20ac","formatted_published_date":"23 janvier 2026","publisher_availability_label":"Sur commande","short_details":"Catherine Ouellet-Cummings \u2014 \u00c9cosoci\u00e9t\u00e9","translator":null,"weight":162,"page_count":120,"readership":null,"editor":"\u00c9cosoci\u00e9t\u00e9","price":1500,"published_date":"2026-01-22T23:00:00.000000Z","support":"Grand format","publisher_availability":1,"stock":0,"editions":[],"url":"https:\/\/quaidesbrumes.com\/ouvrage\/9782898570957\/passer-a-laction"},{"id":"9782898024115","title":"Ton corps t'appartient !","description":"Id\u00e9al pour sensibiliser les enfants aux premi\u00e8res notions d'intimit\u00e9 et au consentement.\r\nCet album \u00e9ducatif a pour vocation d'expliquer aux filles et aux gar\u00e7ons les sp\u00e9cificit\u00e9s anatomiques de leurs corps mais aussi et surtout, de les sensibiliser aux premi\u00e8res notions d'intimit\u00e9 et au consentement.\r\n \u00c0 l'aide des descriptions et exemples, l'album leur montre que leur corps leur appartient, que personne n'a le droit d'y toucher sans leur accord, et qu'ils peuvent se tourner vers un adulte de confiance s'ils rencontrent un probl\u00e8me \u00e0 ce sujet.\r\n Avec ses illustrations r\u00e9alistes pour l'anatomie et ses personnages auxquels les enfants peuvent s'identifier, l'ouvrage est un support id\u00e9al pour aborder le sujet des parties intimes en famille ou au sein des \u00e9coles, ouvrir le dialogue et ainsi donner aux enfants des cl\u00e9s pour se prot\u00e9ger.","authors":["Lucia Serrano","Ian Ericksen"],"category_codes":["2000000","2030000","2030400"],"visuals":{"large":"https:\/\/images.epagine.fr\/115\/9782898024115_1_75.jpg","medium":"https:\/\/images.epagine.fr\/115\/9782898024115_1_m.jpg","thumbnail":"https:\/\/images.epagine.fr\/115\/9782898024115_1_v.jpg"},"orderable":true,"show_badge":true,"formatted_price":"12,95&nbsp;\u20ac","formatted_published_date":"23 mars 2023","publisher_availability_label":"Sur commande","short_details":"Lucia Serrano, Ian Ericksen \u2014 Crackboom","translator":null,"weight":340,"page_count":40,"readership":"6\/9 ans","editor":"Crackboom","price":1295,"published_date":"2023-03-22T23:00:00.000000Z","support":"Grand format","publisher_availability":1,"stock":0,"editions":[],"url":"https:\/\/quaidesbrumes.com\/ouvrage\/9782898024115\/ton-corps-tappartient"},{"id":"9791023515541","title":"Le chevalier de Ventre-\u00e0-terre","description":"Seuil'issime, pour red\u00e9couvrir les plus grands albums du Seuil jeunesse au format et au prix du poche : brillantissime !\r\nL'humour de Gilles Bachelet nous enchante une fois de plus dans cette fable pacifiste, fourmillante de d\u00e9tails et de clins d'oeil aux contes et \u00e0 la vie quotidienne.\r\nAujourd'hui c'est le grand jour. Le chevalier de Ventre-\u00e0-Terre doit se rendre au combat contre son rival Corne-Molle. Mais avant de partir, cet escargot bien press\u00e9 doit r\u00e9gler quelques d\u00e9tails. Oh, trois fois rien ! Prendre son petit d\u00e9jeuner, mettre \u00e0 jour sa page Facebook, embrasser sa femme et ses enfants, d\u00e9livrer une princesse, faire une petite partie d'\u00e9checs...\r\nArriv\u00e9 sur le champ de bataille, c'est l'heure de d\u00e9jeuner. Il est d\u00e9cid\u00e9 que l'on reprendra le combat apr\u00e8s un bon repas et une sieste r\u00e9paratrice, mais le temps manque et on n'aime pas b\u00e2cler. Le rendez-vous est donc fix\u00e9 au lendemain, histoire de faire les choses comme il faut. Le chevalier de Ventre-\u00e0-Terre rentre alors chez lui, pour revenir le jour suivant...\r","authors":["Gilles Bachelet"],"category_codes":["2000000","2030000","2030400"],"visuals":{"large":"https:\/\/images.epagine.fr\/541\/9791023515541_1_75.jpg","medium":"https:\/\/images.epagine.fr\/541\/9791023515541_1_m.jpg","thumbnail":"https:\/\/images.epagine.fr\/541\/9791023515541_1_v.jpg"},"orderable":true,"show_badge":true,"formatted_price":"5,00&nbsp;\u20ac","formatted_published_date":"2 avril 2021","publisher_availability_label":"Sur commande","short_details":"Gilles Bachelet \u2014 Le Seuil jeunesse","translator":null,"weight":92,"page_count":36,"readership":"\u00e0 partir de 5 ANS","editor":"Le Seuil jeunesse","price":500,"published_date":"2021-04-01T22:00:00.000000Z","support":"Grand format","publisher_availability":1,"stock":0,"editions":["9791023503548"],"url":"https:\/\/quaidesbrumes.com\/ouvrage\/9791023515541\/le-chevalier-de-ventre-a-terre"},{"id":"9791040118824","title":"Bleu","description":"Un jeune gar\u00e7on - fascin\u00e9 par la beaut\u00e9 et la vie foisonnante de l'oc\u00e9an mais conscient de sa fragilit\u00e9 - nous emm\u00e8ne avec lui lors d'une de ses plong\u00e9es.\r\n\r\nIl y d\u00e9crit ses immersions dans les r\u00e9cifs, ses rencontres avec des cr\u00e9atures marines, et surtout sa relation particuli\u00e8re avec une baleine \u00e0 bosse, qu'il admire pour sa gr\u00e2ce et sa capacit\u00e9 \u00e0 plonger dans les profondeurs. Chaque ann\u00e9e, il attend avec impatience son retour, voyant en elle une source d'inspiration et un lien avec les myst\u00e8res de la mer. L'histoire m\u00eale \u00e9merveillement, r\u00e9flexion sur les menaces pesant sur les oc\u00e9ans et une profonde connexion \u00e9motionnelle avec la nature.\r\n\r\n\u00c0 travers un texte fort et des illustrations po\u00e9tiques, St\u00e9phane Kiehl nous plonge dans le Grand Bleu.\r","authors":["St\u00e9phane Kiehl"],"category_codes":["2000000","2030000","2030400"],"visuals":{"large":"https:\/\/images.epagine.fr\/824\/9791040118824_1_75.jpg","medium":"https:\/\/images.epagine.fr\/824\/9791040118824_1_m.jpg","thumbnail":"https:\/\/images.epagine.fr\/824\/9791040118824_1_v.jpg"},"orderable":true,"show_badge":true,"formatted_price":"17,90&nbsp;\u20ac","formatted_published_date":"20 juin 2025","publisher_availability_label":"Sur commande","short_details":"St\u00e9phane Kiehl \u2014 La Martini\u00e8re jeunesse","translator":null,"weight":446,"page_count":32,"readership":"\u00e0 partir de 5 ANS","editor":"La Martini\u00e8re jeunesse","price":1790,"published_date":"2025-06-19T22:00:00.000000Z","support":"Grand format","publisher_availability":1,"stock":0,"editions":[],"url":"https:\/\/quaidesbrumes.com\/ouvrage\/9791040118824\/bleu"},{"id":"9782075094436","title":"Le sel de nos larmes","description":"Hiver 1945. Quatre adolescents, chacun n\u00e9 dans un pays diff\u00e9rent, chacun hant\u00e9 par sa propre guerre. Parmi les milliers de r\u00e9fugi\u00e9s fuyant \u00e0 pied, le destin les a r\u00e9unis pour affronter le froid, la faim, la peur, les bombes... et embarquer sur le \u00ab Wilhem Gustloff \u00bb, un navire promesse de libert\u00e9.","authors":["Ruta Sepetys","Bee Formentelli"],"category_codes":["2000000","2050000","2050200","2050207"],"visuals":{"large":"https:\/\/images.epagine.fr\/436\/9782075094436_1_75.jpg","medium":"https:\/\/images.epagine.fr\/436\/9782075094436_1_m.jpg","thumbnail":"https:\/\/images.epagine.fr\/436\/9782075094436_1_v.jpg"},"orderable":true,"show_badge":true,"formatted_price":"8,65&nbsp;\u20ac","formatted_published_date":"4 janvier 2018","publisher_availability_label":"Sur commande","short_details":"Ruta Sepetys, Bee Formentelli \u2014 Gallimard Jeunesse","translator":"BEE FORMENTELLI","weight":256,"page_count":496,"readership":"\u00e0 partir de 12 ANS","editor":"Gallimard Jeunesse","price":865,"published_date":"2018-01-03T23:00:00.000000Z","support":"Grand format","publisher_availability":1,"stock":0,"editions":[],"url":"https:\/\/quaidesbrumes.com\/ouvrage\/9782075094436\/le-sel-de-nos-larmes"},{"id":"9782080273017","title":"Maldoror Tome 2 : le prince fauve","description":"Menac\u00e9s par le Grand Cophte, Anja et ses compagnons fuient les plaines de Sib\u00e9rie et reprennent la route en direction de Vienne. Alors que leur amiti\u00e9 est mise \u00e0 l'\u00e9preuve par les machinations de la police secr\u00e8te, Anja n'aspire qu'\u00e0 retrouver sa vie d'autrefois. De Kiev \u00e0 Paris, P\u00e9pina, Tchavolo, J\u00f8rn et Piotr poursuivent leur p\u00e9riple, bien d\u00e9cid\u00e9s \u00e0 d\u00e9couvrir le v\u00e9ritable h\u00e9ritier de Maldoror, le Prince Fauve. Le Prince Fauve est le deuxi\u00e8me tome de la trilogie Maldoror, grand r\u00e9cit d'aventure teint\u00e9 de fantastique et rythm\u00e9 par la musique slave.","authors":["Philippe Lechermeier"],"category_codes":["2000000","2040000","2040500"],"visuals":{"large":"https:\/\/images.epagine.fr\/017\/9782080273017_1_75.jpg","medium":"https:\/\/images.epagine.fr\/017\/9782080273017_1_m.jpg","thumbnail":"https:\/\/images.epagine.fr\/017\/9782080273017_1_v.jpg"},"orderable":true,"show_badge":true,"formatted_price":"16,90&nbsp;\u20ac","formatted_published_date":"5 octobre 2022","publisher_availability_label":"Sur commande","short_details":"Philippe Lechermeier \u2014 Flammarion jeunesse","translator":null,"weight":414,"page_count":344,"readership":"\u00e0 partir de 10 ANS","editor":"Flammarion jeunesse","price":1690,"published_date":"2022-10-04T22:00:00.000000Z","support":"Grand format","publisher_availability":1,"stock":0,"editions":[],"url":"https:\/\/quaidesbrumes.com\/ouvrage\/9782080273017\/maldoror-tome-2-le-prince-fauve"},{"id":"9782075198196","title":"Au pays des histoires : L'enfance de Charlotte, Branwell, Emily et Anne Bront\u00eb","description":"Voici l'histoire d'une famille unique, aux quatre enfants extraordinaires. L'histoire d'un fr\u00e8re, Branwell, et de trois soeurs, Charlotte, Emily et Anne, qui deviendront plus tard les c\u00e9l\u00e8bres soeurs Bront\u00eb. \u00c9lev\u00e9s par leur p\u00e8re dans la campagne anglaise, les enfants d\u00e9veloppent un app\u00e9tit insatiable pour les livres. Ils cr\u00e9ent des ouvrages miniatures pour leurs petits soldats, ils inventent des po\u00e8mes, imaginent des personnages et des mondes fabuleux... Une enfance au pays des histoires qu'ils ne quitteront jamais totalement.","authors":["Briony May Smith","Sara O'Leary"],"category_codes":["2000000","2030000","2030400"],"visuals":{"large":"https:\/\/images.epagine.fr\/196\/9782075198196_1_75.jpg","medium":"https:\/\/images.epagine.fr\/196\/9782075198196_1_m.jpg","thumbnail":"https:\/\/images.epagine.fr\/196\/9782075198196_1_v.jpg"},"orderable":true,"show_badge":true,"formatted_price":"15,50&nbsp;\u20ac","formatted_published_date":"1er f\u00e9vrier 2024","publisher_availability_label":"Sur commande","short_details":"Briony May Smith, Sara O'Leary \u2014 Gallimard Jeunesse","translator":null,"weight":382,"page_count":40,"readership":"\u00e0 partir de 5 ANS","editor":"Gallimard Jeunesse","price":1550,"published_date":"2024-01-31T23:00:00.000000Z","support":"Grand format","publisher_availability":1,"stock":0,"editions":[],"url":"https:\/\/quaidesbrumes.com\/ouvrage\/9782075198196\/au-pays-des-histoires-lenfance-de-charlotte-branwell-emily-et-anne-bronte"},{"id":"9782075212946","title":"La nature en \u00e9quilibre : D\u00e9couvre les interactions entre les esp\u00e8ces d'un m\u00eame \u00e9cosyst\u00e8me","description":"Observez, dans chaque milieu naturel (mer, prairie, for\u00eat, d\u00e9sert, savane...), les esp\u00e8ces dites \u00abcl\u00e9s de vo\u00fbte\u00bb comme l'\u00e9l\u00e9phant, le loup, le colibri, le castor, l'abeille ou le saguaro, dont l'existence est indispensable pour favoriser la biodiversit\u00e9 et pr\u00e9server ou r\u00e9g\u00e9n\u00e9rer un \u00e9cosyst\u00e8me. D\u00e9couvrez la vie sauvage, les liens entre les animaux et les plantes dans la cha\u00eene alimentaire et les nouvelles pratiques de conservation pour prot\u00e9ger les esp\u00e8ces en danger et pr\u00e9server l'\u00e9quilibre de la nature.","authors":["Sharon Wismer","Terri Po","Sophie Lecoq"],"category_codes":["2000000","2070000","2070300"],"visuals":{"large":"https:\/\/images.epagine.fr\/946\/9782075212946_1_75.jpg","medium":"https:\/\/images.epagine.fr\/946\/9782075212946_1_m.jpg","thumbnail":"https:\/\/images.epagine.fr\/946\/9782075212946_1_v.jpg"},"orderable":true,"show_badge":false,"formatted_price":"18,00&nbsp;\u20ac","formatted_published_date":"27 mars 2025","publisher_availability_label":"Sur commande","short_details":"Sharon Wismer, Terri Po, Sophie Lecoq \u2014 Gallimard Jeunesse","translator":"SOPHIE LECOQ","weight":534,"page_count":80,"readership":"\u00e0 partir de 8 ANS","editor":"Gallimard Jeunesse","price":1800,"published_date":"2025-03-26T23:00:00.000000Z","support":"Grand format","publisher_availability":1,"stock":1,"editions":[],"url":"https:\/\/quaidesbrumes.com\/ouvrage\/9782075212946\/la-nature-en-equilibre-decouvre-les-interactions-entre-les-especes-dun-meme-ecosysteme"},{"id":"9782081440258","title":"Perlette, goutte d'eau","description":"Perlette, la petite goutte d'eau, d\u00e9cide de quitter ses soeurs et son nuage pour descendre visiter la terre. En suivant le cours d'un ruisseau, elle d\u00e9couvre de nombreux paysages et arrive jusqu'\u00e0 la ville. Mais la vie ici-bas est bien trop mouvement\u00e9e et dangereuse, et \u00bfnalement Perlette retourne \u00e0 son nuage... jusqu'\u00e0 la prochaine pluie !","authors":["Marie Colmont","Gerda Muller"],"category_codes":["2000000","2030000","2030400"],"visuals":{"large":"https:\/\/images.epagine.fr\/258\/9782081440258_1_75.jpg","medium":"https:\/\/images.epagine.fr\/258\/9782081440258_1_m.jpg","thumbnail":"https:\/\/images.epagine.fr\/258\/9782081440258_1_v.jpg"},"orderable":true,"show_badge":true,"formatted_price":"5,95&nbsp;\u20ac","formatted_published_date":"22 ao\u00fbt 2018","publisher_availability_label":"Sur commande","short_details":"Marie Colmont, Gerda Muller \u2014 P\u00e8re Castor","translator":null,"weight":110,"page_count":32,"readership":"3\/6 ans","editor":"P\u00e8re Castor","price":595,"published_date":"2018-08-21T22:00:00.000000Z","support":"Grand format","publisher_availability":1,"stock":0,"editions":[],"url":"https:\/\/quaidesbrumes.com\/ouvrage\/9782081440258\/perlette-goutte-deau"},{"id":"9782017155195","title":"Winterhouse h\u00f4tel Tome 2 : retour \u00e0 Winterhouse H\u00f4tel","description":"Apr\u00e8s des mois d'attente, Elizabeth est enfin de retour \u00e0 Winterhouse H\u00f4tel  !  Elle apprend avec bonheur que Norbridge a finalement r\u00e9ussi \u00e0 prouver qu'il est bien son grand-p\u00e8re, elle va donc s'\u00e9tablir \u00e0 l'h\u00f4tel pour de bon  ! Toute \u00e0 sa joie de retrouver Freddy et sa biblioth\u00e8que ch\u00e9rie, Elizabeth n'en remarque pas moins quelques bizarreries... Qui est cette Elana qui l'assaille de questions  ? Que signifient les mots grav\u00e9s sur le sceau de Winterhouse H\u00f4tel  ? Pourquoi la tombe de Gracella est-elle introuvable au cimeti\u00e8re de la ville  ? Autant de myst\u00e8res \u00e0 r\u00e9soudre dans l'atmosph\u00e8re envo\u00fbtante de Winterhouse H\u00f4tel  !","authors":["Chlo\u00e9 Bristol","Ben Guterson","Anne-Sylvie Homassel"],"category_codes":["2000000","2040000","2040300"],"visuals":{"large":"https:\/\/images.epagine.fr\/195\/9782017155195_1_75.jpg","medium":"https:\/\/images.epagine.fr\/195\/9782017155195_1_m.jpg","thumbnail":"https:\/\/images.epagine.fr\/195\/9782017155195_1_v.jpg"},"orderable":true,"show_badge":true,"formatted_price":"7,90&nbsp;\u20ac","formatted_published_date":"6 octobre 2021","publisher_availability_label":"Sur commande","short_details":"Chlo\u00e9 Bristol, Ben Guterson, Anne-Sylvie Homassel \u2014 Le Livre de Poche Jeunesse","translator":"ANNE-SYLVIE HOMASSEL","weight":278,"page_count":448,"readership":"\u00e0 partir de 9 ANS","editor":"Le Livre de Poche Jeunesse","price":790,"published_date":"2021-10-05T22:00:00.000000Z","support":"Poche","publisher_availability":1,"stock":0,"editions":["9782226436795"],"url":"https:\/\/quaidesbrumes.com\/ouvrage\/9782017155195\/winterhouse-hotel-tome-2-retour-a-winterhouse-hotel"},{"id":"9782211335935","title":"Au secours, Papa!","description":"Crocus et Mim ont peur des araign\u00e9es. Ils tremblent, ils crient, ils veulent que leur Papa les \u00e9crase. Sagement, Papa explique l'utilit\u00e9 de ces bestioles. Mais lui, au fait, il n'a peur de rien, peut-\u00eatre ?","authors":["Jean Leroy","Ella Charbon"],"category_codes":["2000000","2020000","2020400"],"visuals":{"large":"https:\/\/images.epagine.fr\/935\/9782211335935_1_75.jpg","medium":"https:\/\/images.epagine.fr\/935\/9782211335935_1_m.jpg","thumbnail":"https:\/\/images.epagine.fr\/935\/9782211335935_1_v.jpg"},"orderable":true,"show_badge":true,"formatted_price":"6,00&nbsp;\u20ac","formatted_published_date":"17 janvier 2024","publisher_availability_label":"Sur commande","short_details":"Jean Leroy, Ella Charbon \u2014 L'\u00c9cole des loisirs","translator":null,"weight":104,"page_count":32,"readership":"0\/3 ans","editor":"L'\u00c9cole des loisirs","price":600,"published_date":"2024-01-16T23:00:00.000000Z","support":"Poche","publisher_availability":1,"stock":0,"editions":["9782211305877"],"url":"https:\/\/quaidesbrumes.com\/ouvrage\/9782211335935\/au-secours-papa"},{"id":"9782017288695","title":"Les Monsieur Madame et le b\u00e9b\u00e9 dinosaure","description":"Monsieur Non, Madame Canaille, Monsieur Costaud et tous leurs amis. Des personnages connus de tous les enfants pour d\u00e9couvrir les traits de caract\u00e8res et les premi\u00e8res notions avec humour. Une collection de r\u00e9f\u00e9rence, fortement prescrite dans les \u00e9coles.","authors":["Sanrio"],"category_codes":["2000000","2030000","2030400"],"visuals":{"large":"https:\/\/images.epagine.fr\/695\/9782017288695_1_75.jpg","medium":"https:\/\/images.epagine.fr\/695\/9782017288695_1_m.jpg","thumbnail":"https:\/\/images.epagine.fr\/695\/9782017288695_1_v.jpg"},"orderable":true,"show_badge":true,"formatted_price":"2,90&nbsp;\u20ac","formatted_published_date":"28 mai 2025","publisher_availability_label":"Sur commande","short_details":"Sanrio \u2014 Hachette Jeunesse","translator":null,"weight":54,"page_count":40,"readership":"\u00e0 partir de 4 ANS","editor":"Hachette Jeunesse","price":290,"published_date":"2025-05-27T22:00:00.000000Z","support":"Grand format","publisher_availability":1,"stock":0,"editions":[],"url":"https:\/\/quaidesbrumes.com\/ouvrage\/9782017288695\/les-monsieur-madame-et-le-bebe-dinosaure"},{"id":"9782749961712","title":"\u00c0 nous la 6e !","description":"\u00c0 NOUS LA SIXI\u00c8ME, PR\u00caTS POUR LA GRANDE AVENTURE !\r\nC'est le grand jour ! Eulalie rentre en sixi\u00e8me et c'est stressant car il y a plein de nouvelles aventures \u00e0 vivre. Rencontrer de nouveaux professeurs, choisir ses activit\u00e9s, d\u00e9couvrir que l'amour, ce n'est pas si simple... Dans sa classe, les jeunes coll\u00e9giens ont h\u00e2te de se lancer dans la cour des grands ! Avec sa meilleure amie, Sala, mais aussi les gar\u00e7ons de la bande, Soan et Maurin, Eulalie va vivre une ann\u00e9e qu'elle n'est pas pr\u00e8s d'oublier !\r","authors":["Magdalena"],"category_codes":["2000000","2040000","2040500"],"visuals":{"large":"https:\/\/images.epagine.fr\/712\/9782749961712_1_75.jpg","medium":"https:\/\/images.epagine.fr\/712\/9782749961712_1_m.jpg","thumbnail":"https:\/\/images.epagine.fr\/712\/9782749961712_1_v.jpg"},"orderable":true,"show_badge":true,"formatted_price":"12,95&nbsp;\u20ac","formatted_published_date":"19 juin 2025","publisher_availability_label":"Sur commande","short_details":"Magdalena \u2014 Michel Lafon","translator":null,"weight":204,"page_count":160,"readership":"\u00e0 partir de 6 ANS","editor":"Michel Lafon","price":1295,"published_date":"2025-06-18T22:00:00.000000Z","support":"Grand format","publisher_availability":1,"stock":0,"editions":[],"url":"https:\/\/quaidesbrumes.com\/ouvrage\/9782749961712\/a-nous-la-6e"},{"id":"9791036382918","title":"Les chercheurs de Dieu en BD : J\u00e9sus","description":"Mais qui est donc J\u00e9sus ? De sa naissance en Isra\u00ebl dans une cr\u00e8che, il y a deux mille ans, \u00e0 sa mort sur une croix. Il a boulevers\u00e9 l'existence de ceux qui l'ont rencontr\u00e9. Qui est cet homme qui prie Dieu en l'appelant \u00ab P\u00e8re \u00bb, qui bouscule les traditions, gu\u00e9rit, r\u00e9conforte et parle d'une vie nouvelle ? Une bande dessin\u00e9e pour d\u00e9couvrir ou red\u00e9couvrir la vie de celui que certains appellent le fils de Dieu.\r","authors":["Jean-Fran\u00e7ois Kieffer","Beno\u00eet Marchon"],"category_codes":["2000000","2070000","2071000"],"visuals":{"large":"https:\/\/images.epagine.fr\/918\/9791036382918_1_75.jpg","medium":"https:\/\/images.epagine.fr\/918\/9791036382918_1_m.jpg","thumbnail":"https:\/\/images.epagine.fr\/918\/9791036382918_1_v.jpg"},"orderable":true,"show_badge":true,"formatted_price":"11,90&nbsp;\u20ac","formatted_published_date":"11 f\u00e9vrier 2026","publisher_availability_label":"Sur commande","short_details":"Jean-Fran\u00e7ois Kieffer, Beno\u00eet Marchon \u2014 Bayard Jeunesse","translator":null,"weight":376,"page_count":48,"readership":"\u00e0 partir de 8 ANS","editor":"Bayard Jeunesse","price":1190,"published_date":"2026-02-10T23:00:00.000000Z","support":"Grand format","publisher_availability":1,"stock":0,"editions":[],"url":"https:\/\/quaidesbrumes.com\/ouvrage\/9791036382918\/les-chercheurs-de-dieu-en-bd-jesus"},{"id":"9782095030537","title":"Mauvaise soeur","description":"Plongez dans un thriller page-turner young adult o\u00f9 deux soeurs disparaissent en for\u00eat lors d'un voyage scolaire. Une seule en reviendra, sans souvenirs. Pourra-t-elle sauver sa soeur et prouver son innocence ?\r\n\"Mauvaise Soeur\" est un thriller palpitant avec tous les codes de l'univers lyc\u00e9ens et des adolescents. Grace et Maddy, deux soeurs aux personnalit\u00e9s oppos\u00e9es, se retrouvent au coeur d'un myst\u00e8re terrifiant lors de leur voyage scolaire. Perdues en for\u00eat, seule l'une d'entre elles en r\u00e9chappera, sans aucun souvenir des \u00e9v\u00e9nements pass\u00e9s.\r\n\r\nCe roman captivant explore les secrets et les tensions de l'univers lyc\u00e9en, tout en d\u00e9roulant une enqu\u00eate complexe parsem\u00e9e de flash-backs et de multiples points de vue. L'auteure Megan Davidhizar tisse habilement une intrigue qui remet en question toutes vos certitudes, avec un plot-twist magistral qui bouleversera votre lecture.\r\n\r\nId\u00e9al pour les amateurs de suspense psychologique et les lecteurs adolescents en qu\u00eate de frissons, \"Mauvaise Soeur\" vous plonge dans une aventure o\u00f9 chaque page vous rapproche de la v\u00e9rit\u00e9... ou vous en \u00e9loigne.","authors":["Megan Davidhizar","Julie Lopez"],"category_codes":["2000000","2050000","2050200","2050206"],"visuals":{"large":"https:\/\/images.epagine.fr\/537\/9782095030537_1_75.jpg","medium":"https:\/\/images.epagine.fr\/537\/9782095030537_1_m.jpg","thumbnail":"https:\/\/images.epagine.fr\/537\/9782095030537_1_v.jpg"},"orderable":true,"show_badge":true,"formatted_price":"17,95&nbsp;\u20ac","formatted_published_date":"6 f\u00e9vrier 2025","publisher_availability_label":"Sur commande","short_details":"Megan Davidhizar, Julie Lopez \u2014 Nathan","translator":"JULIE LOPEZ","weight":392,"page_count":336,"readership":"\u00e0 partir de 12 ANS","editor":"Nathan","price":1795,"published_date":"2025-02-05T23:00:00.000000Z","support":"Grand format","publisher_availability":1,"stock":0,"editions":[],"url":"https:\/\/quaidesbrumes.com\/ouvrage\/9782095030537\/mauvaise-soeur"},{"id":"9782266328487","title":"Crookhaven Tome 3 : Le grand cambriolage de l'\u00eele","description":"Quand un pickpocket surdou\u00e9 int\u00e8gre une \u00e9cole de voleurs, tout peut arriver...\r\nC'est la troisi\u00e8me ann\u00e9e de Gabriel \u00e0 l'\u00e9cole des voleurs de Crookhaven. En plus de l'habituel d\u00e9fi et de nouveaux cours tr\u00e8s difficiles, Gabriel et ses amis ont un autre objectif : faire tomber les Sans-Nom.\r\nCe sont les pires criminels qui soient : ils volent, trompent et kidnappent pour leur propre compte, plut\u00f4t que pour faire le bien dans le monde. Chaque membre de l'\u00e9quipe de Gabriel a une raison tr\u00e8s personnelle de vouloir faire tomber les Sans Nom. Mais que peut faire un groupe d'\u00e9coliers mineurs face \u00e0 l'\u00e9quipe la plus puissante de la p\u00e8gre ?\r\nHeureusement, il y a peut-\u00eatre quelque chose de cach\u00e9 \u00e0 Crookhaven qui pourrait les aider. Mais ils doivent d'abord le trouver...\r","authors":["J.J. Arcanjo","Ana\u00efs Papillon"],"category_codes":["2000000","2040000","2040300"],"visuals":{"large":"https:\/\/images.epagine.fr\/487\/9782266328487_1_75.jpg","medium":"https:\/\/images.epagine.fr\/487\/9782266328487_1_m.jpg","thumbnail":"https:\/\/images.epagine.fr\/487\/9782266328487_1_v.jpg"},"orderable":true,"show_badge":true,"formatted_price":"18,90&nbsp;\u20ac","formatted_published_date":"16 janvier 2025","publisher_availability_label":"Sur commande","short_details":"J.J. Arcanjo, Ana\u00efs Papillon \u2014 Pocket Jeunesse","translator":"ANAIS PAPILLON","weight":370,"page_count":352,"readership":"9\/12 ans","editor":"Pocket Jeunesse","price":1890,"published_date":"2025-01-15T23:00:00.000000Z","support":"Grand format","publisher_availability":1,"stock":0,"editions":[],"url":"https:\/\/quaidesbrumes.com\/ouvrage\/9782266328487\/crookhaven-tome-3-le-grand-cambriolage-de-lile"},{"id":"9782371041240","title":"Les Egyptiens : civilisation","description":"Pyramides, hi\u00e9roglyphes, momies et dieux aux t\u00eates d'animaux... Ils sont bien myst\u00e9rieux, ces \u00c9gyptiens ! Pars \u00e0 la rencontre d'une des civilisations les plus captivantes de l'histoire. Une civilisation qui n'aurait pu b\u00e2tir un empire sans le Nil, son fleuve sacr\u00e9...\r","authors":["Collectif"],"category_codes":["2000000","2070000","2070400"],"visuals":{"large":"https:\/\/images.epagine.fr\/240\/9782371041240_1_75.jpg","medium":"https:\/\/images.epagine.fr\/240\/9782371041240_1_m.jpg","thumbnail":"https:\/\/images.epagine.fr\/240\/9782371041240_1_v.jpg"},"orderable":true,"show_badge":true,"formatted_price":"5,00&nbsp;\u20ac","formatted_published_date":"1er octobre 2015","publisher_availability_label":"Sur commande","short_details":"Collectif \u2014 Quelle Histoire","translator":null,"weight":90,"page_count":40,"readership":null,"editor":"Quelle Histoire","price":500,"published_date":"2015-09-30T22:00:00.000000Z","support":"Grand format","publisher_availability":1,"stock":0,"editions":[],"url":"https:\/\/quaidesbrumes.com\/ouvrage\/9782371041240\/les-egyptiens-civilisation"},{"id":"9782244804330","title":"Mots Crois\u00e9s M\u00eal\u00e9s Fl\u00e9ch\u00e9s","description":null,"authors":["Collectif"],"category_codes":["2000000","2060000","2060500"],"visuals":{"large":"https:\/\/images.epagine.fr\/330\/9782244804330_1_75.jpg","medium":"https:\/\/images.epagine.fr\/330\/9782244804330_1_m.jpg","thumbnail":"https:\/\/images.epagine.fr\/330\/9782244804330_1_v.jpg"},"orderable":true,"show_badge":true,"formatted_price":"5,90&nbsp;\u20ac","formatted_published_date":"1er septembre 2022","publisher_availability_label":"Sur commande","short_details":"Collectif \u2014 \u00c9ditions Lito","translator":null,"weight":200,"page_count":64,"readership":"\u00e0 partir de 8 ANS","editor":"\u00c9ditions Lito","price":590,"published_date":"2022-08-31T22:00:00.000000Z","support":"Grand format","publisher_availability":1,"stock":0,"editions":["9782244804347","9782244804323","9782244804316"],"url":"https:\/\/quaidesbrumes.com\/ouvrage\/9782244804330\/mots-croises-meles-fleches"}]}