{"data":[{"id":"9782360121748","title":"Internet aussi, c'est la vraie vie !","description":"Internet, le web et les nouvelles technologies font partie de nos vies, pour aujourd'hui et pour toujours. Ce n'est pas un monde \u00e0 part, et r\u00e9fl\u00e9chir aux liens entre le num\u00e9rique et le monde dans lequel nous vivons, c'est tenter de r\u00e9pondre \u00e0 de nombreuses questions qui ont un impact imm\u00e9diat sur nos vies et sur le monde dans lequel nous vivons.\r\n\r\nLes grandes entreprises qui dominent le web sont-elles dangereuses ? Une intelligence artificielle peut-elle \u00eatre stupide ? Internet est-il raciste et sexiste ? Pourquoi se sent-on moche sur les r\u00e9seaux sociaux ? Qui a dit que les smartphones rendaient les ados b\u00eates et tristes ? Et bien d'autres encore...\r\n\r\nCe petit livre destin\u00e9 aux ados est une invitation \u00e0 r\u00e9fl\u00e9chir \u00e0 leur fonctionnement et \u00e0 leurs cons\u00e9quences, pour construire un futur connect\u00e9, inclusif et plus juste !","authors":["Mirion Malle","Lucie Ronfaut-hazard"],"category_codes":["2000000","2070000","2070700"],"visuals":{"large":"https:\/\/images.epagine.fr\/748\/9782360121748_1_75.jpg","medium":"https:\/\/images.epagine.fr\/748\/9782360121748_1_m.jpg","thumbnail":"https:\/\/images.epagine.fr\/748\/9782360121748_1_v.jpg"},"orderable":true,"show_badge":false,"formatted_price":"12,00&nbsp;\u20ac","formatted_published_date":"1er mars 2024","publisher_availability_label":"Sur commande","short_details":"Mirion Malle, Lucie Ronfaut-hazard \u2014 La Ville Br\u00fble","translator":null,"weight":234,"page_count":80,"readership":null,"editor":"La Ville Br\u00fble","price":1200,"published_date":"2024-02-29T23:00:00.000000Z","support":"Grand format","publisher_availability":1,"stock":1,"editions":[],"url":"https:\/\/quaidesbrumes.com\/ouvrage\/9782360121748\/internet-aussi-cest-la-vraie-vie"},{"id":"9782386141362","title":"C'est quoi d\u00e9j\u00e0 ? : La R\u00e9volution fran\u00e7aise","description":"Pas envie de r\u00e9viser ? Pas grave... La collection C'est Quoi d\u00e9j\u00e0 est surtout faite pour t'int\u00e9resser ! Avec ses contenus hyper clairs, ses textes courts, ses cartes faciles \u00e0 comprendre et ses illustrations humoristiques, tu vas conna\u00eetre l'essentiel de la R\u00e9volution fran\u00e7aise en un clin d'oeil : les personnages cl\u00e9s et les p\u00e9riodes importantes telles que les \u00c9tats-G\u00e9n\u00e9raux, la prise de la Bastille, la premi\u00e8re R\u00e9publique ou encore la Terreur.","authors":["Fran\u00e7oise Ancey","Bruno Wennagel","Mathieu Ferret"],"category_codes":["2000000","2070000","2070400"],"visuals":{"large":"https:\/\/images.epagine.fr\/362\/9782386141362_1_75.jpg","medium":"https:\/\/images.epagine.fr\/362\/9782386141362_1_m.jpg","thumbnail":"https:\/\/images.epagine.fr\/362\/9782386141362_1_v.jpg"},"orderable":true,"show_badge":true,"formatted_price":"8,95&nbsp;\u20ac","formatted_published_date":"13 ao\u00fbt 2025","publisher_availability_label":"Sur commande","short_details":"Fran\u00e7oise Ancey, Bruno Wennagel, Mathieu Ferret \u2014 QUELLE HISTOIRE","translator":null,"weight":134,"page_count":44,"readership":"Tout public","editor":"QUELLE HISTOIRE","price":895,"published_date":"2025-08-12T22:00:00.000000Z","support":"Grand format","publisher_availability":1,"stock":0,"editions":[],"url":"https:\/\/quaidesbrumes.com\/ouvrage\/9782386141362\/cest-quoi-deja-la-revolution-francaise"},{"id":"9782386141560","title":"C'est quoi d\u00e9j\u00e0 ? : Les Romains","description":"Plonge dans l'Antiquit\u00e9 en toute simplicit\u00e9 ! Avec cette nouvelle collection, d\u00e9couvre l'essentiel d'un sujet avec des contenus clairs, des cartes faciles \u00e0 comprendre et quelques blagues par-ci par-l\u00e0... Depuis la cr\u00e9ation de Rome avec Romulus et R\u00e9mus, en passant par la R\u00e9publique ou l'Empire et \u00e0 travers la d\u00e9couverte de figures telles que Jules C\u00e9sar, Auguste, N\u00e9ron, Livie ou Agripine, l'Antiquit\u00e9 romaine n'aura plus de secrets pour toi !","authors":["No\u00e9mie Wavrer","Bruno Wennagel","Mathieu Ferret"],"category_codes":["2000000","2070000","2070400"],"visuals":{"large":"https:\/\/images.epagine.fr\/560\/9782386141560_1_75.jpg","medium":"https:\/\/images.epagine.fr\/560\/9782386141560_1_m.jpg","thumbnail":"https:\/\/images.epagine.fr\/560\/9782386141560_1_v.jpg"},"orderable":true,"show_badge":true,"formatted_price":"8,95&nbsp;\u20ac","formatted_published_date":"13 ao\u00fbt 2025","publisher_availability_label":"Sur commande","short_details":"No\u00e9mie Wavrer, Bruno Wennagel, Mathieu Ferret \u2014 Quelle Histoire","translator":null,"weight":134,"page_count":44,"readership":"Tout public","editor":"Quelle Histoire","price":895,"published_date":"2025-08-12T22:00:00.000000Z","support":"Grand format","publisher_availability":1,"stock":0,"editions":[],"url":"https:\/\/quaidesbrumes.com\/ouvrage\/9782386141560\/cest-quoi-deja-les-romains"},{"id":"9782884802062","title":"Max veut \u00eatre d\u00e9l\u00e9gu\u00e9 de classe","description":"A l'\u00e9cole Max fait sa campagne \u00e9lectorale et Lili dessine ses affiches. Il est \u00e9lu avec Fathia et d\u00e9couvre les avantages et les inconv\u00e9nients du r\u00f4le de d\u00e9l\u00e9gu\u00e9, il doit parler au nom de tous, donner de son temps pour les autres, ne pas se poser en chef de classe, etc.\r","authors":["Serge Bloch","Dominique de Saint-Mars"],"category_codes":["2000000","2040000","2040200"],"visuals":{"large":"https:\/\/images.epagine.fr\/062\/9782884802062_1_75.jpg","medium":"https:\/\/images.epagine.fr\/062\/9782884802062_1_m.jpg","thumbnail":"https:\/\/images.epagine.fr\/062\/9782884802062_1_v.jpg"},"orderable":true,"show_badge":true,"formatted_price":"6,20&nbsp;\u20ac","formatted_published_date":"8 septembre 2005","publisher_availability_label":"Sur commande","short_details":"Serge Bloch, Dominique de Saint-Mars \u2014 Calligram","translator":null,"weight":119,"page_count":43,"readership":"6\/9 ans","editor":"Calligram","price":620,"published_date":"2005-09-07T22:00:00.000000Z","support":"Grand format","publisher_availability":1,"stock":0,"editions":[],"url":"https:\/\/quaidesbrumes.com\/ouvrage\/9782884802062\/max-veut-etre-delegue-de-classe"},{"id":"9782884803212","title":"Max aime les monstres","description":"Max ne pense plus qu'aux monstres ! Mais quelle id\u00e9e de traiter Lili de fille sans imagination pour se venger, elle emm\u00e8ne son fr\u00e8re \u00e0 la cabane.\r\nAvec clara, ils vont y passer la nuit des morts-vivants \u00e0 la pleine lune... Mais qui va avoir le plus peur ? Une histoire de Max et Lili sur les monstres, ceux de l'imaginaire et ceux de la r\u00e9alit\u00e9. On y d\u00e9couvre que filles et gar\u00e7ons peuvent avoir un imaginaire diff\u00e9rent. mais ils aiment se faire peur et faire peur aux autres, pour se sentir plus fort, se rassurer... Chacun apprend ainsi \u00e0 apprivoiser ses peurs, ses violences, \u00e0 se d\u00e9fendre, et s'initie au bien et au mal.\r\nL'imagination aide \u00e0 vivre... \u00e0 condition de ne pas la confondre avec la r\u00e9alit\u00e9 !\r","authors":["Dominique de Saint-Mars","Serge Bloch"],"category_codes":["2000000","2040000","2040200"],"visuals":{"large":"https:\/\/images.epagine.fr\/212\/9782884803212_1_75.jpg","medium":"https:\/\/images.epagine.fr\/212\/9782884803212_1_m.jpg","thumbnail":"https:\/\/images.epagine.fr\/212\/9782884803212_1_v.jpg"},"orderable":true,"show_badge":true,"formatted_price":"6,20&nbsp;\u20ac","formatted_published_date":"16 novembre 2006","publisher_availability_label":"Sur commande","short_details":"Dominique de Saint-Mars, Serge Bloch \u2014 Calligram","translator":null,"weight":115,"page_count":43,"readership":"6\/9 ans","editor":"Calligram","price":620,"published_date":"2006-11-15T23:00:00.000000Z","support":"Grand format","publisher_availability":1,"stock":0,"editions":[],"url":"https:\/\/quaidesbrumes.com\/ouvrage\/9782884803212\/max-aime-les-monstres"},{"id":"9791036324499","title":"La cabane magique Tome 29 : temp\u00eate de sable","description":"Aider le calife de Bagdad \u00e0 r\u00e9pandre la sagesse dans le monde ? Voil\u00e0 une mission bien \u00e9trange !  \r\nTom et L\u00e9a atterrissent au milieu du d\u00e9sert. Heureusement, le chef d'une caravane, Mamun, leur propose de les aider \u00e0 rejoindre Bagdad. Mais apr\u00e8s une terrible temp\u00eate de sable, les deux enfants se retrouvent seuls, perdus !","authors":["Mary Pope Osborne","Marie-H\u00e9l\u00e8ne Delval"],"category_codes":["2000000","2040000","2040300"],"visuals":{"large":"https:\/\/images.epagine.fr\/499\/9791036324499_1_75.jpg","medium":"https:\/\/images.epagine.fr\/499\/9791036324499_1_m.jpg","thumbnail":"https:\/\/images.epagine.fr\/499\/9791036324499_1_v.jpg"},"orderable":true,"show_badge":true,"formatted_price":"6,90&nbsp;\u20ac","formatted_published_date":"27 janvier 2021","publisher_availability_label":"Sur commande","short_details":"Mary Pope Osborne, Marie-H\u00e9l\u00e8ne Delval \u2014 Bayard Jeunesse","translator":"MARIE-HELENE DELVAL","weight":230,"page_count":160,"readership":"\u00e0 partir de 6 ANS","editor":"Bayard Jeunesse","price":690,"published_date":"2021-01-26T23:00:00.000000Z","support":"Poche","publisher_availability":1,"stock":0,"editions":[],"url":"https:\/\/quaidesbrumes.com\/ouvrage\/9791036324499\/la-cabane-magique-tome-29-tempete-de-sable"},{"id":"9782036072022","title":"Licornia : Une classe verte dans les nuages","description":"Faire du camping dans les nuages   n'est possible que dans l'endroit le plus magique du monde : Licornia !\r\n  \r\nIci, les tentes flottent sur des nuages   ressemblant \u00e0 du coton et tu peux toucher l'arc-en-ciel du bout des doigts !\r\n  \r\nMais un myst\u00e8re plane : pourquoi les \u00e9toiles brillent-elles ? Chlo\u00e9, Sarah et Pauline, parviendront-elles \u00e0 obtenir des r\u00e9ponses  ?","authors":["Ana Punset","Diana Vicedo","Claire Tr\u00e9vise"],"category_codes":["2000000","2040000","2040200"],"visuals":{"large":"https:\/\/images.epagine.fr\/022\/9782036072022_1_75.jpg","medium":"https:\/\/images.epagine.fr\/022\/9782036072022_1_m.jpg","thumbnail":"https:\/\/images.epagine.fr\/022\/9782036072022_1_v.jpg"},"orderable":true,"show_badge":true,"formatted_price":"9,99&nbsp;\u20ac","formatted_published_date":"23 avril 2025","publisher_availability_label":"Sur commande","short_details":"Ana Punset, Diana Vicedo, Claire Tr\u00e9vise \u2014 Larousse","translator":"CLAIRE TREVISE","weight":247,"page_count":128,"readership":"\u00e0 partir de 6 ANS","editor":"Larousse","price":999,"published_date":"2025-04-22T22:00:00.000000Z","support":"Grand format","publisher_availability":1,"stock":0,"editions":[],"url":"https:\/\/quaidesbrumes.com\/ouvrage\/9782036072022\/licornia-une-classe-verte-dans-les-nuages"},{"id":"9791039546430","title":"Hayate et la f\u00e9e Lilipuce","description":"Hayate est une pirate qui veut faire le bien et secourir les cr\u00e9atures fantastiques en detresse.\r\nHayate est \u00e0 la t\u00eate du Volovent avec ses fid\u00e8les Chapirates lorsque sa boussole lui indique qu'une cr\u00e9ature magique a besoin d'aide ! C'est Lilipuce la f\u00e9e ! Le sorcier Merlinus et le terrible Croc-noir s'en prennent \u00e0 ses amis de Perp\u00e8te-Lamagie. Vite, Hayate ne peut laisser passer \u00e7a.","authors":["Yann Walcker"],"category_codes":["2000000","2030000","2030400"],"visuals":{"large":"https:\/\/images.epagine.fr\/430\/9791039546430_1_75.jpg","medium":"https:\/\/images.epagine.fr\/430\/9791039546430_1_m.jpg","thumbnail":"https:\/\/images.epagine.fr\/430\/9791039546430_1_v.jpg"},"orderable":true,"show_badge":true,"formatted_price":"5,95&nbsp;\u20ac","formatted_published_date":"30 janvier 2025","publisher_availability_label":"Sur commande","short_details":"Yann Walcker \u2014 Auzou","translator":null,"weight":180,"page_count":31,"readership":"\u00e0 partir de 3 ANS","editor":"Auzou","price":595,"published_date":"2025-01-29T23:00:00.000000Z","support":"Grand format","publisher_availability":1,"stock":0,"editions":[],"url":"https:\/\/quaidesbrumes.com\/ouvrage\/9791039546430\/hayate-et-la-fee-lilipuce"},{"id":"9791023520415","title":"Nina perd le nord","description":"Chez les Faubert p\u00e8re et fille, on se demande parfois qui est l'adulte. Lo\u00efc est un veuf d\u00e9sorganis\u00e9 et fauch\u00e9 tandis que Nina, 14 ans, r\u00eave d'avoir une vie d'ado insouciante, sans avoir \u00e0 se pr\u00e9occuper de l'\u00e9tat de la maison (toujours catastrophique) ou du moral de son p\u00e8re (jamais tr\u00e8s bon).\r\nTout va changer quand ils apprennent qu'une lointaine tante Suzanne est d\u00e9c\u00e9d\u00e9e et leur a l\u00e9gu\u00e9 une jolie somme.\r\nMais il y a une condition : pour toucher l'h\u00e9ritage, ils doivent imp\u00e9rativement disperser les cendres de la vieille dame dans les mines de Falun, en Su\u00e8de.\r\nLo\u00efc et Nina, qui n'ont jamais quitt\u00e9 la Sologne, partent donc pour le Nord avec une urne fun\u00e9raire dans leurs valises et des questions plein la t\u00eate. Pourquoi Suzanne voulait-elle reposer en Su\u00e8de ? Le trajet a-t-il des chances de bien se passer quand on se d\u00e9couvre une phobie de l'avion ? Nina parviendra-t-elle \u00e0 vivre sa premi\u00e8re histoire d'amour alors que son p\u00e8re est dans les parages ? Peut-on partir dans un pays \u00e9tranger et laisser ses probl\u00e8mes \u00e0 la maison ?\r\nEst-ce honteux d'\u00e9couter Abba quand on a 14 ans ?\r\nUne chose est certaine : p\u00e8re et fille vont enfin se parler \u00e0 coeur ouvert et r\u00e9duire la distance qui les s\u00e9parait depuis des ann\u00e9es.\r\n\r\nUn roman fran\u00e7ais touchant et d\u00e9cal\u00e9 sur le deuil, la famille et les premi\u00e8res amours.","authors":["C\u00e9line Gourjault"],"category_codes":["2000000","2050000","2050200","2050210"],"visuals":{"large":"https:\/\/images.epagine.fr\/415\/9791023520415_1_75.jpg","medium":"https:\/\/images.epagine.fr\/415\/9791023520415_1_m.jpg","thumbnail":"https:\/\/images.epagine.fr\/415\/9791023520415_1_v.jpg"},"orderable":true,"show_badge":false,"formatted_price":"14,90&nbsp;\u20ac","formatted_published_date":"7 mars 2025","publisher_availability_label":"Sur commande","short_details":"C\u00e9line Gourjault \u2014 Le Seuil jeunesse","translator":null,"weight":312,"page_count":288,"readership":"\u00e0 partir de 12 ANS","editor":"Le Seuil jeunesse","price":1490,"published_date":"2025-03-06T23:00:00.000000Z","support":"Grand format","publisher_availability":1,"stock":2,"editions":[],"url":"https:\/\/quaidesbrumes.com\/ouvrage\/9791023520415\/nina-perd-le-nord"},{"id":"9791023521917","title":"Coquille d'oeuf","description":"L\u00e9on aimerait que ses parents l'appellent par son pr\u00e9nom. Il ne veut plus r\u00e9pondre au nom de L\u00e9onie, ce n'est pas lui, c'est une autre. Il voudrait juste que ses parents comprennent \u00e7a. Et que les enfants de sa classe arr\u00eatent de le harceler. Surtout, L\u00e9on aimerait \u00eatre moins seul.\r\nAlors, quand tout devient trop difficile, il se r\u00e9fugie dans son jardin secret, un blockhaus cach\u00e9, entour\u00e9 de ronces. Mais il n'est pas seul \u00e0 conna\u00eetre cette base secr\u00e8te. Quatre jeunes s'y r\u00e9unissent apr\u00e8s les cours.\r\nEt si ces coll\u00e9giens \u00e9taient comme lui ? Des exclus, des nulle part o\u00f9 aller ?\r\nEt si ces adolescents pouvaient changer sa vie ?","authors":["Florence Rivi\u00e8res","H\u00e9l\u00e8ne Le Cam"],"category_codes":["2000000","2040000","2040500","2040508"],"visuals":{"large":"https:\/\/images.epagine.fr\/917\/9791023521917_1_75.jpg","medium":"https:\/\/images.epagine.fr\/917\/9791023521917_1_m.jpg","thumbnail":"https:\/\/images.epagine.fr\/917\/9791023521917_1_v.jpg"},"orderable":true,"show_badge":true,"formatted_price":"10,90&nbsp;\u20ac","formatted_published_date":"30 mai 2025","publisher_availability_label":"Sur commande","short_details":"Florence Rivi\u00e8res, H\u00e9l\u00e8ne Le Cam \u2014 Le Seuil jeunesse","translator":null,"weight":256,"page_count":160,"readership":"9\/12 ans","editor":"Le Seuil jeunesse","price":1090,"published_date":"2025-05-29T22:00:00.000000Z","support":"Grand format","publisher_availability":1,"stock":0,"editions":[],"url":"https:\/\/quaidesbrumes.com\/ouvrage\/9791023521917\/coquille-doeuf"},{"id":"9782075176392","title":"Les comptines du Weepers Circus","description":"Le c\u00e9l\u00e8bre groupe strasbourgeois d\u00e9poussi\u00e8re les comptines c\u00e9l\u00e8bres pour la plus grande joie des petits ! - Une poule sur un mur - Une souris verte - Coccinelle demoiselle - Savez-vous plantez les choux ? - Sur le pont d'Avignon. Et toujours \u00e0 la fin, un jeu de cherche et trouve sonore gr\u00e2ce \u00e0 une puce al\u00e9atoire in\u00e9dite et tr\u00e8s ludique !","authors":["Collectif"],"category_codes":["2000000","2020000","2020200"],"visuals":{"large":"https:\/\/images.epagine.fr\/392\/9782075176392_1_75.jpg","medium":"https:\/\/images.epagine.fr\/392\/9782075176392_1_m.jpg","thumbnail":"https:\/\/images.epagine.fr\/392\/9782075176392_1_v.jpg"},"orderable":true,"show_badge":true,"formatted_price":"10,00&nbsp;\u20ac","formatted_published_date":"14 septembre 2023","publisher_availability_label":"Sur commande","short_details":"Collectif \u2014 Gallimard Jeunesse","translator":null,"weight":270,"page_count":12,"readership":"\u00e0 partir de 2 ANS","editor":"Gallimard Jeunesse","price":1000,"published_date":"2023-09-13T22:00:00.000000Z","support":"Grand format","publisher_availability":1,"stock":0,"editions":[],"url":"https:\/\/quaidesbrumes.com\/ouvrage\/9782075176392\/les-comptines-du-weepers-circus"},{"id":"9791039539241","title":"P'tit Loup : Mes comptines pour \u00eatre tout propre","description":"Dans ce nouveau recueil de comptines, l'enfant d\u00e9couvre 4 nouvelles chansons pour accompagner l'apprentissage de la propret\u00e9 : se laver les mains, se brosser les dents, aller sur le pot et se laver. L'ouvrage contient aussi 2 pistes sonores qui reprennent les bruitages de la salle de bain et des toilettes !","authors":["Orianne Lallemand","El\u00e9onore Thuillier"],"category_codes":["2000000","2020000","2020600"],"visuals":{"large":"https:\/\/images.epagine.fr\/241\/9791039539241_1_75.jpg","medium":"https:\/\/images.epagine.fr\/241\/9791039539241_1_m.jpg","thumbnail":"https:\/\/images.epagine.fr\/241\/9791039539241_1_v.jpg"},"orderable":true,"show_badge":true,"formatted_price":"10,95&nbsp;\u20ac","formatted_published_date":"26 avril 2024","publisher_availability_label":"Sur commande","short_details":"Orianne Lallemand, El\u00e9onore Thuillier \u2014 Auzou","translator":null,"weight":244,"page_count":12,"readership":"\u00e0 partir de 2 ANS","editor":"Auzou","price":1095,"published_date":"2024-04-25T22:00:00.000000Z","support":"Grand format","publisher_availability":1,"stock":0,"editions":[],"url":"https:\/\/quaidesbrumes.com\/ouvrage\/9791039539241\/ptit-loup-mes-comptines-pour-etre-tout-propre"},{"id":"9782092549377","title":"La danse","description":"Sais-tu ce qu'est le hip-hop ? Qui sont les petits rats de l'op\u00e9ra ? Entre dans la danse avec Kididoc ! Actionne une tirette et tu d\u00e9couvriras les danses \u00e0 deux, feuillette les livrets, tu apprendras qu'il y a mille fa\u00e7ons de bouger en musique...","authors":["Fran\u00e7oise de Guibert","Delphine Renon"],"category_codes":["2000000","2070000","2070800"],"visuals":{"large":"https:\/\/images.epagine.fr\/377\/9782092549377_1_75.jpg","medium":"https:\/\/images.epagine.fr\/377\/9782092549377_1_m.jpg","thumbnail":"https:\/\/images.epagine.fr\/377\/9782092549377_1_v.jpg"},"orderable":true,"show_badge":true,"formatted_price":"13,95&nbsp;\u20ac","formatted_published_date":"12 juin 2014","publisher_availability_label":"Sur commande","short_details":"Fran\u00e7oise de Guibert, Delphine Renon \u2014 Nathan","translator":null,"weight":412,"page_count":32,"readership":null,"editor":"Nathan","price":1395,"published_date":"2014-06-11T22:00:00.000000Z","support":"Grand format","publisher_availability":1,"stock":0,"editions":[],"url":"https:\/\/quaidesbrumes.com\/ouvrage\/9782092549377\/la-danse"},{"id":"9782700287103","title":"CLUEDLE Tome 1 : L'Affaire du diamant disparu","description":"50 \u00e9nigmes amusantes \u00e0 faire pour r\u00e9v\u00e9ler des indices et r\u00e9soudre le myst\u00e8re du Diamant disparu. Casse-toi la t\u00eate en bonne et due forme et marche dans les pas du d\u00e9tective priv\u00e9 de renomm\u00e9e mondiale, Hartigan Browne !\u00a0 \r\nRempli de codes \u00e0 d\u00e9chiffrer, de preuves \u00e0 \u00e9valuer, d'indices \u00e0 d\u00e9m\u00ealer et de cartes \u00e0 parcourir, une histoire pleine d'humour et d'\u00e9nigmes, pour toute la famille.","authors":["Hartigan Browne","Eva Grynszpan"],"category_codes":["2000000","2040000","2040500","2040506"],"visuals":{"large":"https:\/\/images.epagine.fr\/103\/9782700287103_1_75.jpg","medium":"https:\/\/images.epagine.fr\/103\/9782700287103_1_m.jpg","thumbnail":"https:\/\/images.epagine.fr\/103\/9782700287103_1_v.jpg"},"orderable":true,"show_badge":true,"formatted_price":"10,50&nbsp;\u20ac","formatted_published_date":"9 juillet 2025","publisher_availability_label":"Sur commande","short_details":"Hartigan Browne, Eva Grynszpan \u2014 Rageot \u00c9diteur","translator":"EVA GRYNSZPAN","weight":235,"page_count":224,"readership":"\u00e0 partir de 8 ANS","editor":"Rageot \u00c9diteur","price":1050,"published_date":"2025-07-08T22:00:00.000000Z","support":"Grand format","publisher_availability":1,"stock":0,"editions":[],"url":"https:\/\/quaidesbrumes.com\/ouvrage\/9782700287103\/cluedle-tome-1-laffaire-du-diamant-disparu"},{"id":"9782358802017","title":"Revue Dada n.296 : Martin Parr","description":"A l'occasion de l'exposition au mus\u00e9e du Jeu de Paume, Paris (fin janvier \/ fin mai 2026).","authors":["Collectif","Antoine Ullmann"],"category_codes":["2000000","2070000","2070800"],"visuals":{"large":"https:\/\/images.epagine.fr\/017\/9782358802017_1_75.jpg","medium":"https:\/\/images.epagine.fr\/017\/9782358802017_1_m.jpg","thumbnail":"https:\/\/images.epagine.fr\/017\/9782358802017_1_v.jpg"},"orderable":true,"show_badge":true,"formatted_price":"9,50&nbsp;\u20ac","formatted_published_date":"9 janvier 2026","publisher_availability_label":"Sur commande","short_details":"Collectif, Antoine Ullmann \u2014 \u00c9ditions Arola","translator":null,"weight":210,"page_count":50,"readership":null,"editor":"\u00c9ditions Arola","price":950,"published_date":"2026-01-08T23:00:00.000000Z","support":"Revue","publisher_availability":1,"stock":0,"editions":[],"url":"https:\/\/quaidesbrumes.com\/ouvrage\/9782358802017\/revue-dada-n296-martin-parr"},{"id":"9782361936464","title":"M\u00e9li-M\u00e9lo en Australie","description":"\u00abDr\u00f4le de kangourous, d'o\u00f9 arrivez-vous ?\u00bb On part en Australie, le pays des kangourous. Mais aussi celui des koalas, des fourmis \u00e0 miel, des dingos sauvages. Et celui des aborig\u00e8nes, habitants de toujours de cette terre. On d\u00e9couvre ce pays-continent, en jouant aux devinettes.","authors":["Martine Perrin"],"category_codes":["2000000","2020000","2020300"],"visuals":{"large":"https:\/\/images.epagine.fr\/464\/9782361936464_1_75.jpg","medium":"https:\/\/images.epagine.fr\/464\/9782361936464_1_m.jpg","thumbnail":"https:\/\/images.epagine.fr\/464\/9782361936464_1_v.jpg"},"orderable":true,"show_badge":true,"formatted_price":"14,50&nbsp;\u20ac","formatted_published_date":"17 mars 2022","publisher_availability_label":"Sur commande","short_details":"Martine Perrin \u2014 \u00c9ditions des Grandes Personnes","translator":null,"weight":310,"page_count":34,"readership":"\u00e0 partir de 18 mois","editor":"\u00c9ditions des Grandes Personnes","price":1450,"published_date":"2022-03-16T23:00:00.000000Z","support":"Grand format","publisher_availability":1,"stock":0,"editions":[],"url":"https:\/\/quaidesbrumes.com\/ouvrage\/9782361936464\/meli-melo-en-australie"},{"id":"9782211201643","title":"\u00c0 la sieste, tout le monde !","description":"Hmmm. qu'on est bien sur ce futon tout propre et doux ! Grand-M\u00e8re vient de l'\u00e9tendre pour qu'il s\u00e8che sur la v\u00e9randa, et le chat est le premier \u00e0 s'y installer. Bient\u00f4t, Grand-M\u00e8re le suit, puis la poule, un petit gar\u00e7on, le chien, la ch\u00e8vre... Il y a de la place pour tous!\r","authors":["Yuichi Kasano"],"category_codes":["2000000","2030000","2030400"],"visuals":{"large":"https:\/\/images.epagine.fr\/643\/9782211201643_1_75.jpg","medium":"https:\/\/images.epagine.fr\/643\/9782211201643_1_m.jpg","thumbnail":"https:\/\/images.epagine.fr\/643\/9782211201643_1_v.jpg"},"orderable":true,"show_badge":true,"formatted_price":"6,00&nbsp;\u20ac","formatted_published_date":"3 juin 2010","publisher_availability_label":"Sur commande","short_details":"Yuichi Kasano \u2014 L'\u00c9cole des loisirs","translator":null,"weight":83,"page_count":32,"readership":"3\/6 ans","editor":"L'\u00c9cole des loisirs","price":600,"published_date":"2010-06-02T22:00:00.000000Z","support":"Poche","publisher_availability":1,"stock":0,"editions":["9782211094863"],"url":"https:\/\/quaidesbrumes.com\/ouvrage\/9782211201643\/a-la-sieste-tout-le-monde"},{"id":"9782080468420","title":"Je rentre en CP Tome 31 : Les musiciens de Br\u00eame","description":"\u00ab- Amis musiciens, faites du bruit ! dit l'\u00e2ne \u00e0 ses camarades.\u00bb 1 conte + la version sonore pour s'entra\u00eener + des activit\u00e9s ludiques.","authors":["Magdalena"],"category_codes":["2000000","2040000","2040200"],"visuals":{"large":"https:\/\/images.epagine.fr\/420\/9782080468420_1_75.jpg","medium":"https:\/\/images.epagine.fr\/420\/9782080468420_1_m.jpg","thumbnail":"https:\/\/images.epagine.fr\/420\/9782080468420_1_v.jpg"},"orderable":true,"show_badge":true,"formatted_price":"5,80&nbsp;\u20ac","formatted_published_date":"19 mars 2025","publisher_availability_label":"Sur commande","short_details":"Magdalena \u2014 P\u00e8re Castor","translator":null,"weight":88,"page_count":32,"readership":"\u00e0 partir de 6 ANS","editor":"P\u00e8re Castor","price":580,"published_date":"2025-03-18T23:00:00.000000Z","support":"Grand format","publisher_availability":1,"stock":0,"editions":[],"url":"https:\/\/quaidesbrumes.com\/ouvrage\/9782080468420\/je-rentre-en-cp-tome-31-les-musiciens-de-breme"},{"id":"9782092492352","title":"Questions r\u00e9ponses 7+ : passion football","description":"Pour \u00eatre un vrai champion sur le foot !\r\nUn maillot, des crampons, pour quoi faire ? Comment r\u00e9ussir une passe ? L'arbitre a-t-il toujours raison ? Pourquoi le gardien porte-t-il des gants ? Comment devenir un joueur de l\u00e9gende ? Qu'est-ce que la Coupe du Monde ?\r\n\r\n32 questions-r\u00e9ponses pour d\u00e9couvrir ce sport universel, ses r\u00e8gles, le r\u00f4le, l'entra\u00eenement et les actions de chaque joueur dans l'\u00e9quipe.\r\nUn livre documentaire pour les enfants d\u00e8s 7 ans.","authors":["J\u00e9r\u00f4me Brasseur","Micka\u00ebl Grall"],"category_codes":["2000000","2070000","2070900"],"visuals":{"large":"https:\/\/images.epagine.fr\/352\/9782092492352_1_75.jpg","medium":"https:\/\/images.epagine.fr\/352\/9782092492352_1_m.jpg","thumbnail":"https:\/\/images.epagine.fr\/352\/9782092492352_1_v.jpg"},"orderable":true,"show_badge":true,"formatted_price":"8,20&nbsp;\u20ac","formatted_published_date":"6 mai 2021","publisher_availability_label":"Sur commande","short_details":"J\u00e9r\u00f4me Brasseur, Micka\u00ebl Grall \u2014 Nathan","translator":null,"weight":420,"page_count":40,"readership":null,"editor":"Nathan","price":820,"published_date":"2021-05-05T22:00:00.000000Z","support":"Grand format","publisher_availability":1,"stock":0,"editions":[],"url":"https:\/\/quaidesbrumes.com\/ouvrage\/9782092492352\/questions-reponses-7-passion-football"},{"id":"9782211017701","title":"Calinours va faire les courses","description":"En faisant les courses, Calinours a d\u00e9pens\u00e9 tout son argent. Mais pourquoi son panier est-il \u00e0 nouveau vide ?\r","authors":["Alain Broutin","Fr\u00e9d\u00e9ric Stehr"],"category_codes":["2000000","2030000","2030300"],"visuals":{"large":"https:\/\/images.epagine.fr\/701\/9782211017701_1_75.jpg","medium":"https:\/\/images.epagine.fr\/701\/9782211017701_1_m.jpg","thumbnail":"https:\/\/images.epagine.fr\/701\/9782211017701_1_v.jpg"},"orderable":true,"show_badge":true,"formatted_price":"6,00&nbsp;\u20ac","formatted_published_date":"1er janvier 1988","publisher_availability_label":"Sur commande","short_details":"Alain Broutin, Fr\u00e9d\u00e9ric Stehr \u2014 L'\u00c9cole des loisirs","translator":null,"weight":80,"page_count":32,"readership":"3\/6 ans","editor":"L'\u00c9cole des loisirs","price":600,"published_date":"1987-12-31T23:00:00.000000Z","support":"Poche","publisher_availability":1,"stock":0,"editions":["9782211026260"],"url":"https:\/\/quaidesbrumes.com\/ouvrage\/9782211017701\/calinours-va-faire-les-courses"},{"id":"9782378882259","title":"Au bois fleuri","description":"Fini l'hiver ! Tout s'\u00e9veille ! Au bois fleuri, chacun sort de sa cachette. Vite, il faut se d\u00e9gourdir les pattes (ou les ailes) et trouver de quoi manger. Mais pour les petites jambes aussi, c'est le printemps. Surtout, ne pas en perdre un instant !","authors":["Karen Jameson","Marc Boutavant","Rose-Marie Vassallo"],"category_codes":["2000000","2030000"],"visuals":{"large":"https:\/\/images.epagine.fr\/259\/9782378882259_1_75.jpg","medium":"https:\/\/images.epagine.fr\/259\/9782378882259_1_m.jpg","thumbnail":"https:\/\/images.epagine.fr\/259\/9782378882259_1_v.jpg"},"orderable":true,"show_badge":true,"formatted_price":"13,50&nbsp;\u20ac","formatted_published_date":"6 mars 2024","publisher_availability_label":"Sur commande","short_details":"Karen Jameson, Marc Boutavant, Rose-Marie Vassallo \u2014 Kal\u00e9idoscope","translator":"ROSE-MARIE VASSALLO","weight":356,"page_count":32,"readership":"3\/6 ans","editor":"Kal\u00e9idoscope","price":1350,"published_date":"2024-03-05T23:00:00.000000Z","support":"Grand format","publisher_availability":1,"stock":0,"editions":[],"url":"https:\/\/quaidesbrumes.com\/ouvrage\/9782378882259\/au-bois-fleuri"},{"id":"9782075204378","title":"Minecraft D\u00e9fis de survie : Le livre de l'aventure","description":"Complet, rempli de magnifiques illustrations et de conseils d'experts du d\u00e9but \u00e0 la fin, ce livre saura vous guider dans votre ascension au titre d'expert Minecraft de la survie.\r\n\u00cates-vous pr\u00eat \u00e0 am\u00e9liorer vos comp\u00e9tences Minecraft en mode survie\u00a0? Peu importe la fa\u00e7on dont vous jouez, ce livre est rempli de d\u00e9fis qui vont am\u00e9liorer vos capacit\u00e9s et vous donneront de nouvelles mani\u00e8res d'aimer le monde de Minecraft, que vous jouyez seul ou avec vos amis.","authors":["Collectif","Alexandre Fil"],"category_codes":["2000000","2060000","2060500"],"visuals":{"large":"https:\/\/images.epagine.fr\/378\/9782075204378_1_75.jpg","medium":"https:\/\/images.epagine.fr\/378\/9782075204378_1_m.jpg","thumbnail":"https:\/\/images.epagine.fr\/378\/9782075204378_1_v.jpg"},"orderable":true,"show_badge":true,"formatted_price":"12,50&nbsp;\u20ac","formatted_published_date":"3 avril 2025","publisher_availability_label":"Sur commande","short_details":"Collectif, Alexandre Fil \u2014 Gallimard Jeunesse","translator":"ALEXANDRE FIL","weight":314,"page_count":96,"readership":null,"editor":"Gallimard Jeunesse","price":1250,"published_date":"2025-04-02T22:00:00.000000Z","support":"Poche","publisher_availability":1,"stock":0,"editions":[],"url":"https:\/\/quaidesbrumes.com\/ouvrage\/9782075204378\/minecraft-defis-de-survie-le-livre-de-laventure"},{"id":"9782931273265","title":"Bessie Coleman, la casse-cou","description":"\" Premi\u00e8re afro-am\u00e9ricaine pilote d'avion, Bessie Coleman a d\u00e9jou\u00e9 tous les d\u00e9terminismes. N\u00e9e en 1890 dans les champs de coton, celle dont l'avenir est \u00e9crit d'avance en d\u00e9tourne le trac\u00e9, direction le ciel. Bravant la s\u00e9gr\u00e9gation, le racisme et son genre, la jeune femme traverse l'Atlantique pour aller au bout de sa passion. C'est en France qu'elle obtient son pr\u00e9cieux s\u00e9same et en Europe qu'elle acquiert le statut de voltigeuse. Enfin reconnue dans son pays, elle encha\u00eene les exploits et d\u00e9croche le surnom de Queen Bess ! Mais entre deux arabesques a\u00e9riennes, son souhait le plus cher reste de mettre \"des couleurs dans le ciel\". Le danger, dont elle fait fi, finit par la rattraper...","authors":["Anne Loyer","Claire Gaudriot"],"category_codes":["2000000","2030000"],"visuals":{"large":"https:\/\/images.epagine.fr\/265\/9782931273265_1_75.jpg","medium":"https:\/\/images.epagine.fr\/265\/9782931273265_1_m.jpg","thumbnail":"https:\/\/images.epagine.fr\/265\/9782931273265_1_v.jpg"},"orderable":true,"show_badge":true,"formatted_price":"19,00&nbsp;\u20ac","formatted_published_date":"14 avril 2026","publisher_availability_label":"Sur commande","short_details":"Anne Loyer, Claire Gaudriot \u2014 \u00c0 pas de loups","translator":null,"weight":200,"page_count":48,"readership":"3\/6 ans","editor":"\u00c0 pas de loups","price":1900,"published_date":"2026-04-13T22:00:00.000000Z","support":"Grand format","publisher_availability":1,"stock":0,"editions":[],"url":"https:\/\/quaidesbrumes.com\/ouvrage\/9782931273265\/bessie-coleman-la-casse-cou"},{"id":"9782215164821","title":"Les motos","description":"Tu es passionn\u00e9 de motos ? Gr\u00e2ce \u00e0 ce documentaire tr\u00e8s illustr\u00e9, d\u00e9couvre l'histoire de la moto, les plus grandes marques de motos dans le monde et les comp\u00e9titions \u00e0 suivre !\r\nAu d\u00e9but du livre, tu trouveras des images \u00e0 d\u00e9couper pour apprendre en t'amusant","authors":["Agn\u00e8s Vandewiele","Jacques Dayan"],"category_codes":["2000000","2070000","2070700"],"visuals":{"large":"https:\/\/images.epagine.fr\/821\/9782215164821_1_75.jpg","medium":"https:\/\/images.epagine.fr\/821\/9782215164821_1_m.jpg","thumbnail":"https:\/\/images.epagine.fr\/821\/9782215164821_1_v.jpg"},"orderable":true,"show_badge":true,"formatted_price":"8,95&nbsp;\u20ac","formatted_published_date":"12 mars 2021","publisher_availability_label":"Sur commande","short_details":"Agn\u00e8s Vandewiele, Jacques Dayan \u2014 Fleurus","translator":null,"weight":455,"page_count":32,"readership":null,"editor":"Fleurus","price":895,"published_date":"2021-03-11T23:00:00.000000Z","support":"Grand format","publisher_availability":1,"stock":0,"editions":[],"url":"https:\/\/quaidesbrumes.com\/ouvrage\/9782215164821\/les-motos"}]}