{"data":[{"id":"9782095030537","title":"Mauvaise soeur","description":"Plongez dans un thriller page-turner young adult o\u00f9 deux soeurs disparaissent en for\u00eat lors d'un voyage scolaire. Une seule en reviendra, sans souvenirs. Pourra-t-elle sauver sa soeur et prouver son innocence ?\r\n\"Mauvaise Soeur\" est un thriller palpitant avec tous les codes de l'univers lyc\u00e9ens et des adolescents. Grace et Maddy, deux soeurs aux personnalit\u00e9s oppos\u00e9es, se retrouvent au coeur d'un myst\u00e8re terrifiant lors de leur voyage scolaire. Perdues en for\u00eat, seule l'une d'entre elles en r\u00e9chappera, sans aucun souvenir des \u00e9v\u00e9nements pass\u00e9s.\r\n\r\nCe roman captivant explore les secrets et les tensions de l'univers lyc\u00e9en, tout en d\u00e9roulant une enqu\u00eate complexe parsem\u00e9e de flash-backs et de multiples points de vue. L'auteure Megan Davidhizar tisse habilement une intrigue qui remet en question toutes vos certitudes, avec un plot-twist magistral qui bouleversera votre lecture.\r\n\r\nId\u00e9al pour les amateurs de suspense psychologique et les lecteurs adolescents en qu\u00eate de frissons, \"Mauvaise Soeur\" vous plonge dans une aventure o\u00f9 chaque page vous rapproche de la v\u00e9rit\u00e9... ou vous en \u00e9loigne.","authors":["Megan Davidhizar","Julie Lopez"],"category_codes":["2000000","2050000","2050200","2050206"],"visuals":{"large":"https:\/\/images.epagine.fr\/537\/9782095030537_1_75.jpg","medium":"https:\/\/images.epagine.fr\/537\/9782095030537_1_m.jpg","thumbnail":"https:\/\/images.epagine.fr\/537\/9782095030537_1_v.jpg"},"orderable":true,"show_badge":true,"formatted_price":"17,95&nbsp;\u20ac","formatted_published_date":"6 f\u00e9vrier 2025","publisher_availability_label":"Sur commande","short_details":"Megan Davidhizar, Julie Lopez \u2014 Nathan","translator":"JULIE LOPEZ","weight":392,"page_count":336,"readership":"\u00e0 partir de 12 ANS","editor":"Nathan","price":1795,"published_date":"2025-02-05T23:00:00.000000Z","support":"Grand format","publisher_availability":1,"stock":0,"editions":[],"url":"https:\/\/quaidesbrumes.com\/ouvrage\/9782095030537\/mauvaise-soeur"},{"id":"9791026404835","title":"Ma maman \u00e0 moi","description":"Ma maman \u00e0 moi, c'est un oc\u00e9an de bonheur\u00a0!\r\nDessiner, inventer des histoires, veiller parfois tr\u00e8s tard, manger des bonbons...\r\nOn fait tout \u00e7a, et bien plus encore, avec Ma maman \u00e0 moi !\r","authors":["Donata Montanari"],"category_codes":["2000000","2020000","2020500"],"visuals":{"large":"https:\/\/images.epagine.fr\/835\/9791026404835_1_75.jpg","medium":"https:\/\/images.epagine.fr\/835\/9791026404835_1_m.jpg","thumbnail":"https:\/\/images.epagine.fr\/835\/9791026404835_1_v.jpg"},"orderable":true,"show_badge":true,"formatted_price":"4,90&nbsp;\u20ac","formatted_published_date":"28 janvier 2026","publisher_availability_label":"Sur commande","short_details":"Donata Montanari \u2014 Gl\u00e9nat Jeunesse","translator":null,"weight":81,"page_count":24,"readership":"\u00e0 partir de 1 AN","editor":"Gl\u00e9nat Jeunesse","price":490,"published_date":"2026-01-27T23:00:00.000000Z","support":"Grand format","publisher_availability":1,"stock":0,"editions":[],"url":"https:\/\/quaidesbrumes.com\/ouvrage\/9791026404835\/ma-maman-a-moi"},{"id":"9782385651046","title":"Un pass\u00e9 englouti","description":"\" Les Cents Fonds sont le genre d'endroit d'o\u00f9 les jeunes filles s'\u00e9chappent, pas o\u00f9 elles s'enfuient. \"\r\nSeule la mer est notre ennemie.\r\n\r\nEffy Sayre a toujours cru aux l\u00e9gendes du Petit Peuple. Hant\u00e9e depuis son enfance par des visions du roi des f\u00e9es, elle ne trouve de r\u00e9confort que dans les pages d'Angharad, l'\u00e9pop\u00e9e d'Emrys Myrddin, son auteur pr\u00e9f\u00e9r\u00e9. Le livre en lambeaux est tout ce qui lui permet de survivre \u00e0 ses \u00e9tudes d'architecture. Aussi, lorsqu'elle remporte un concours pour restaurer le manoir du d\u00e9funt Myrddin, elle est persuad\u00e9e que c'est un signe du destin. Domaine d\u00e9cr\u00e9pit sur le point de s'effondrer dans une mer affam\u00e9e, le Manoir d'Hiraeth est un lieu perch\u00e9 \u00e0 la fronti\u00e8re entre les mondes, peupl\u00e9 d'\u00eatres myst\u00e9rieux. Parmi eux se trouve Preston H\u00e9loury, jeune \u00e9tudiant en litt\u00e9rature, bien d\u00e9termin\u00e9 \u00e0 prouver que Myrddin est un imposteur. Enqu\u00eatant sur l'h\u00e9ritage de l'\u00e9crivain, les deux \u00e9tudiants d\u00e9couvriront peu \u00e0 peu que des forces obscures conspirent contre e ux, et que la v\u00e9rit\u00e9 pourrait les mener \u00e0 la ruine.","authors":["Ava Reid","Michelle Charrier"],"category_codes":["2000000","2050000","2050200","2050204"],"visuals":{"large":"https:\/\/images.epagine.fr\/046\/9782385651046_1_75.jpg","medium":"https:\/\/images.epagine.fr\/046\/9782385651046_1_m.jpg","thumbnail":"https:\/\/images.epagine.fr\/046\/9782385651046_1_v.jpg"},"orderable":true,"show_badge":true,"formatted_price":"7,80&nbsp;\u20ac","formatted_published_date":"29 octobre 2025","publisher_availability_label":"Sur commande","short_details":"Ava Reid, Michelle Charrier \u2014 P\u00e0L","translator":"MICHELLE CHARRIER","weight":212,"page_count":385,"readership":"\u00e0 partir de 12 ANS","editor":"P\u00e0L","price":780,"published_date":"2025-10-28T23:00:00.000000Z","support":"Poche","publisher_availability":1,"stock":0,"editions":["9782378764784","9782378764791"],"url":"https:\/\/quaidesbrumes.com\/ouvrage\/9782385651046\/un-passe-englouti"},{"id":"9791035208103","title":"Ils arrivent","description":"La premi\u00e8re fois qu'il entend parler d'eux, c'est un soir, \u00e0 table, \u00e0 la t\u00e9l\u00e9vision. \u00c0 ce moment-l\u00e0, il devine de la peur sur le visage de son p\u00e8re qui, d'habitude, n'a jamais peur de rien. Alors il comprend qu'il ferait mieux de s'inqui\u00e9ter, lui aussi. Car qu'il s'agisse de soldats casqu\u00e9s ou de cr\u00e9atures extraterrestres, ils arrivent. Et, \u00e0 en croire les r\u00e9actions des adultes, cela n'a rien d'une bonne nouvelle.","authors":["Eric Pessan"],"category_codes":["2000000","2040000"],"visuals":{"large":"https:\/\/images.epagine.fr\/103\/9791035208103_1_75.jpg","medium":"https:\/\/images.epagine.fr\/103\/9791035208103_1_m.jpg","thumbnail":"https:\/\/images.epagine.fr\/103\/9791035208103_1_v.jpg"},"orderable":true,"show_badge":true,"formatted_price":"4,20&nbsp;\u20ac","formatted_published_date":"5 f\u00e9vrier 2025","publisher_availability_label":"Sur commande","short_details":"Eric Pessan \u2014 \u00c9ditions Thierry Magnier","translator":null,"weight":52,"page_count":48,"readership":"\u00e0 partir de 6 ANS","editor":"\u00c9ditions Thierry Magnier","price":420,"published_date":"2025-02-04T23:00:00.000000Z","support":"Poche","publisher_availability":1,"stock":0,"editions":[],"url":"https:\/\/quaidesbrumes.com\/ouvrage\/9791035208103\/ils-arrivent"},{"id":"9782017355144","title":"Mes premiers romans Cars Tome 1 : Vive la course !","description":"R\u00e9sum\u00e9\r\nCruz r\u00eave de devenir pilote ! Aujourd'hui, elle s'entra\u00eene pour le prochain grand prix. Mais elle commet beaucoup d'erreurs... Flash comprend le probl\u00e8me : Cruz doute d'elle-m\u00eame ! Pourra-t-il l'aider \u00e0 devenir une championne ?\r\nUne aventure de Flash McQueen et ses amis adapt\u00e9e aux lecteurs d\u00e9butants !\r\nPour tous les fans de voitures et de course !\r\nUne maquette richement agr\u00e9ment\u00e9e d'illustrations originales\r\nUn texte pens\u00e9 pour les lecteurs d\u00e9butants, avec un vocabulaire et une syntaxe adapt\u00e9s\u00a0 \r\nD\u00e8s 6 ans.","authors":["Disney Pixar"],"category_codes":["2000000","2040000","2040500"],"visuals":{"large":"https:\/\/images.epagine.fr\/144\/9782017355144_1_75.jpg","medium":"https:\/\/images.epagine.fr\/144\/9782017355144_1_m.jpg","thumbnail":"https:\/\/images.epagine.fr\/144\/9782017355144_1_v.jpg"},"orderable":true,"show_badge":true,"formatted_price":"5,90&nbsp;\u20ac","formatted_published_date":"4 mars 2026","publisher_availability_label":"Sur commande","short_details":"Disney Pixar \u2014 Hachette Jeunesse","translator":null,"weight":102,"page_count":64,"readership":"\u00e0 partir de 6 ANS","editor":"Hachette Jeunesse","price":590,"published_date":"2026-03-03T23:00:00.000000Z","support":"Poche","publisher_availability":1,"stock":0,"editions":[],"url":"https:\/\/quaidesbrumes.com\/ouvrage\/9782017355144\/mes-premiers-romans-cars-tome-1-vive-la-course"},{"id":"9782211070492","title":"Elmer et papillon","description":"Au cours d'une banale promenade, Elmer sauve la vie de Papillon en soulevant la branche qui retenait son ami prisonnier. \u00ab Je te revaudrai \u00e7a \u00bb, dit Papillon reconnaissant. Elmer sourit parce que, s\u00e9rieusement, a-t-on jamais vu un papillon sauver un \u00e9l\u00e9phant ?","authors":["David McKee"],"category_codes":["2000000","2030000","2030400"],"visuals":{"large":"https:\/\/images.epagine.fr\/492\/9782211070492_1_75.jpg","medium":"https:\/\/images.epagine.fr\/492\/9782211070492_1_m.jpg","thumbnail":"https:\/\/images.epagine.fr\/492\/9782211070492_1_v.jpg"},"orderable":true,"show_badge":true,"formatted_price":"6,00&nbsp;\u20ac","formatted_published_date":"24 mai 2003","publisher_availability_label":"Sur commande","short_details":"David McKee \u2014 L'\u00c9cole des loisirs","translator":null,"weight":84,"page_count":32,"readership":"\u00e0 partir de 3 ANS","editor":"L'\u00c9cole des loisirs","price":600,"published_date":"2003-05-23T22:00:00.000000Z","support":"Poche","publisher_availability":1,"stock":0,"editions":[],"url":"https:\/\/quaidesbrumes.com\/ouvrage\/9782211070492\/elmer-et-papillon"},{"id":"9782361937362","title":"Quel chantier !","description":"Un nouveau titre dans la s\u00e9rie des grands imagiers de Fran\u00e7ois Delebecque. Grue, camion toupie, mini tractopelle, pelleteuse... tous s'agitent sur le chantier. Mais sais-tu \u00e0 quoi servent ces fabuleux engins ? Gr\u00e2ce aux photos de FRAN\u00c7OIS DELEBECQUE, participe \u00e0 la visite de chantier !\r\nUne premi\u00e8re \u00e9dition de cet ouvrage a paru au Seuil jeunesse en 2003.","authors":["Fran\u00e7ois Delebecque"],"category_codes":["2000000","2020000","2020400"],"visuals":{"large":"https:\/\/images.epagine.fr\/362\/9782361937362_1_75.jpg","medium":"https:\/\/images.epagine.fr\/362\/9782361937362_1_m.jpg","thumbnail":"https:\/\/images.epagine.fr\/362\/9782361937362_1_v.jpg"},"orderable":true,"show_badge":true,"formatted_price":"16,50&nbsp;\u20ac","formatted_published_date":"23 mai 2024","publisher_availability_label":"Sur commande","short_details":"Fran\u00e7ois Delebecque \u2014 \u00c9ditions des Grandes Personnes","translator":null,"weight":585,"page_count":18,"readership":"\u00e0 partir de 18 mois","editor":"\u00c9ditions des Grandes Personnes","price":1650,"published_date":"2024-05-22T22:00:00.000000Z","support":"Grand format","publisher_availability":1,"stock":0,"editions":[],"url":"https:\/\/quaidesbrumes.com\/ouvrage\/9782361937362\/quel-chantier"},{"id":"9782385070557","title":"Ma premi\u00e8re s\u00e9rie documentaire : Pompiers et pompi\u00e8res : Mission feu","description":"Immersion imm\u00e9diate d\u00e8s la premi\u00e8re page : un immeuble est en feu, pompiers et pompi\u00e8res doivent agir de toute urgence ! De l'intervention au sauvetage des victimes, de la gestion des appels en caserne \u00e0 la recherche des causes du sinistre, d'un feu en ville aux grands incendies de for\u00eat : un titre exaltant pour comprendre comment s'organisent les secours et d\u00e9couvrir des m\u00e9tiers passionnants \u00e0 haut risque.\r","authors":["Anne-Sophie Baumann","Benjamin Strickler"],"category_codes":["2000000","2070000"],"visuals":{"large":"https:\/\/images.epagine.fr\/557\/9782385070557_1_75.jpg","medium":"https:\/\/images.epagine.fr\/557\/9782385070557_1_m.jpg","thumbnail":"https:\/\/images.epagine.fr\/557\/9782385070557_1_v.jpg"},"orderable":true,"show_badge":true,"formatted_price":"9,90&nbsp;\u20ac","formatted_published_date":"4 juin 2025","publisher_availability_label":"Sur commande","short_details":"Anne-Sophie Baumann, Benjamin Strickler \u2014 Sens dessus dessous","translator":null,"weight":325,"page_count":40,"readership":"\u00e0 partir de 6 ANS","editor":"Sens dessus dessous","price":990,"published_date":"2025-06-03T22:00:00.000000Z","support":"Grand format","publisher_availability":1,"stock":0,"editions":[],"url":"https:\/\/quaidesbrumes.com\/ouvrage\/9782385070557\/ma-premiere-serie-documentaire-pompiers-et-pompieres-mission-feu"},{"id":"9782012240872","title":"Mini-Loup \u00e0 la piscine","description":"Le jeudi, Mini-Loup et sa classe se rendent \u00e0 la piscine. Au programme: cours de natation, de plongeon, \u00e9claboussures et blagues en tout genre. Mais attention, il faut savoir rester prudent !","authors":["Philippe Matter"],"category_codes":["2000000","2030000","2030400"],"visuals":{"large":"https:\/\/images.epagine.fr\/872\/9782012240872_1_75.jpg","medium":"https:\/\/images.epagine.fr\/872\/9782012240872_1_m.jpg","thumbnail":"https:\/\/images.epagine.fr\/872\/9782012240872_1_v.jpg"},"orderable":true,"show_badge":true,"formatted_price":"6,95&nbsp;\u20ac","formatted_published_date":"10 mai 2000","publisher_availability_label":"Sur commande","short_details":"Philippe Matter \u2014 Hachette Enfants","translator":null,"weight":258,"page_count":32,"readership":"\u00e0 partir de 3 ANS","editor":"Hachette Enfants","price":695,"published_date":"2000-05-09T22:00:00.000000Z","support":"Grand format","publisher_availability":1,"stock":0,"editions":["9782017223238"],"url":"https:\/\/quaidesbrumes.com\/ouvrage\/9782012240872\/mini-loup-a-la-piscine"},{"id":"9782095031374","title":"Les animaux de Lou : Tu es super, Petit Hamster !","description":"Une nouvelle histoire de Lou, la petite fille qui comprend le langage des animaux !\r\nLou est une petite fille qui comprend le langage des animaux, dans chaque aventure elle part \u00e0 la rencontre d'un nouvel animal en danger.\r\nL'histoire : Lou aide son ami Jules \u00e0 s'occuper de son hamster. Mais voil\u00e0 que la petite b\u00eate, tr\u00e8s peureuse, s'enfuit et se cache dans la maison...\r\n\r\n?Des premi\u00e8res histoires \u00e0 lire d\u00e8s 6 ans.\r\n\r\nAvec la collection, votre enfant va d\u00e9couvrir ses premi\u00e8res histoires, s'attacher \u00e0 des personnages, d\u00e9velopper son imaginaire...\r\nAu d\u00e9but, vous pourrez partager cette lecture avec lui : il lira les bulles et vous le texte. \r\nEnsuite il pourra lire et relire toute l'histoire tout seul, go\u00fbter au plaisir de la fiction et ne plus s'en passer !\r","authors":["Mymi Doinet","M\u00e9lanie Allag"],"category_codes":["2000000","2040000","2040200"],"visuals":{"large":"https:\/\/images.epagine.fr\/374\/9782095031374_1_75.jpg","medium":"https:\/\/images.epagine.fr\/374\/9782095031374_1_m.jpg","thumbnail":"https:\/\/images.epagine.fr\/374\/9782095031374_1_v.jpg"},"orderable":true,"show_badge":true,"formatted_price":"6,20&nbsp;\u20ac","formatted_published_date":"1er f\u00e9vrier 2024","publisher_availability_label":"Sur commande","short_details":"Mymi Doinet, M\u00e9lanie Allag \u2014 Nathan","translator":null,"weight":110,"page_count":32,"readership":"\u00e0 partir de 6 ANS","editor":"Nathan","price":620,"published_date":"2024-01-31T23:00:00.000000Z","support":"Grand format","publisher_availability":1,"stock":0,"editions":[],"url":"https:\/\/quaidesbrumes.com\/ouvrage\/9782095031374\/les-animaux-de-lou-tu-es-super-petit-hamster"},{"id":"9782244106540","title":"Les b\u00e9b\u00e9s animaux","description":"Des coloriages sous forme de bloc, avec de gros et grands dessins adapt\u00e9s aux petites mains. Des coloriages avec des traits \u00e9pais, en couleur, pour aider l'enfant \u00e0 ne pas d\u00e9passer et avec un mod\u00e8le pour le guider.\r","authors":["Marie-H\u00e9l\u00e8ne Gr\u00e9goire"],"category_codes":["2000000","2080000","2080300"],"visuals":{"large":"https:\/\/images.epagine.fr\/540\/9782244106540_1_75.jpg","medium":"https:\/\/images.epagine.fr\/540\/9782244106540_1_m.jpg","thumbnail":"https:\/\/images.epagine.fr\/540\/9782244106540_1_v.jpg"},"orderable":true,"show_badge":true,"formatted_price":"5,00&nbsp;\u20ac","formatted_published_date":"1er avril 2026","publisher_availability_label":"Sur commande","short_details":"Marie-H\u00e9l\u00e8ne Gr\u00e9goire \u2014 \u00c9ditions Lito","translator":null,"weight":230,"page_count":48,"readership":null,"editor":"\u00c9ditions Lito","price":500,"published_date":"2026-03-31T22:00:00.000000Z","support":"Papeterie \/ Coloriage","publisher_availability":1,"stock":0,"editions":["9789465246888"],"url":"https:\/\/quaidesbrumes.com\/ouvrage\/9782244106540\/les-bebes-animaux"},{"id":"9782378882860","title":"Rose et C\u00e9lestine","description":"En pleine nuit, Rose entend un curieux \u00ab flap, flap, flap \u00bb. C'est C\u00e9lestine, une petite chauve-souris qui a trouv\u00e9 refuge chez la vieille dame, car elle a peur du noir ! \u00c9tonnant, n'est-ce pas ? Rose lui propose de surmonter ses craintes en l'accompagnant pour une promenade bucolique sous le ciel \u00e9toil\u00e9. Au fil de leur d\u00e9ambulation, une belle amiti\u00e9 voit le jour....","authors":["Maylis Daufresne","Fanny Ducass\u00e9"],"category_codes":["2000000","2030000","2030400"],"visuals":{"large":"https:\/\/images.epagine.fr\/860\/9782378882860_1_75.jpg","medium":"https:\/\/images.epagine.fr\/860\/9782378882860_1_m.jpg","thumbnail":"https:\/\/images.epagine.fr\/860\/9782378882860_1_v.jpg"},"orderable":true,"show_badge":true,"formatted_price":"13,50&nbsp;\u20ac","formatted_published_date":"12 mars 2025","publisher_availability_label":"Sur commande","short_details":"Maylis Daufresne, Fanny Ducass\u00e9 \u2014 Kal\u00e9idoscope","translator":null,"weight":407,"page_count":36,"readership":"\u00e0 partir de 4 ANS","editor":"Kal\u00e9idoscope","price":1350,"published_date":"2025-03-11T23:00:00.000000Z","support":"Grand format","publisher_availability":1,"stock":0,"editions":[],"url":"https:\/\/quaidesbrumes.com\/ouvrage\/9782378882860\/rose-et-celestine"},{"id":"9782211201643","title":"\u00c0 la sieste, tout le monde !","description":"Hmmm. qu'on est bien sur ce futon tout propre et doux ! Grand-M\u00e8re vient de l'\u00e9tendre pour qu'il s\u00e8che sur la v\u00e9randa, et le chat est le premier \u00e0 s'y installer. Bient\u00f4t, Grand-M\u00e8re le suit, puis la poule, un petit gar\u00e7on, le chien, la ch\u00e8vre... Il y a de la place pour tous!","authors":["Yuichi Kasano"],"category_codes":["2000000","2030000","2030400"],"visuals":{"large":"https:\/\/images.epagine.fr\/643\/9782211201643_1_75.jpg","medium":"https:\/\/images.epagine.fr\/643\/9782211201643_1_m.jpg","thumbnail":"https:\/\/images.epagine.fr\/643\/9782211201643_1_v.jpg"},"orderable":true,"show_badge":true,"formatted_price":"6,00&nbsp;\u20ac","formatted_published_date":"3 juin 2010","publisher_availability_label":"Sur commande","short_details":"Yuichi Kasano \u2014 L'\u00c9cole des loisirs","translator":null,"weight":83,"page_count":32,"readership":"3\/6 ans","editor":"L'\u00c9cole des loisirs","price":600,"published_date":"2010-06-02T22:00:00.000000Z","support":"Poche","publisher_availability":1,"stock":0,"editions":["9782211094863"],"url":"https:\/\/quaidesbrumes.com\/ouvrage\/9782211201643\/a-la-sieste-tout-le-monde"},{"id":"9782330199432","title":"Mes amis dinos","description":"Un album \u00e0 flaps pour apprendre le nom des dinosaures... Gr\u00e2ce aux joyeuses illustrations d'Ingela P. Arrhenius, les tout-petits sauront bient\u00f4t reconna\u00eetre le st\u00e9gosaure, le tric\u00e9ratops ou le tyrannosaure... mais aussi d'autres herbivores, dinos \u00e0 plumes ou \u00e0 collerette plus m\u00e9connus !","authors":["Ingela Peterson Arrhenius"],"category_codes":["2000000","2030000","2030500"],"visuals":{"large":"https:\/\/images.epagine.fr\/432\/9782330199432_1_75.jpg","medium":"https:\/\/images.epagine.fr\/432\/9782330199432_1_m.jpg","thumbnail":"https:\/\/images.epagine.fr\/432\/9782330199432_1_v.jpg"},"orderable":true,"show_badge":true,"formatted_price":"16,50&nbsp;\u20ac","formatted_published_date":"8 janvier 2025","publisher_availability_label":"Sur commande","short_details":"Ingela Peterson Arrhenius \u2014 H\u00e9lium \u00c9ditions","translator":null,"weight":568,"page_count":12,"readership":"3\/6 ans","editor":"H\u00e9lium \u00c9ditions","price":1650,"published_date":"2025-01-07T23:00:00.000000Z","support":"Grand format","publisher_availability":1,"stock":0,"editions":[],"url":"https:\/\/quaidesbrumes.com\/ouvrage\/9782330199432\/mes-amis-dinos"},{"id":"9782017297765","title":"Les enqu\u00eates de Jane Austen Tome 2 : un voleur au bal","description":"Angleterre 1789. Convi\u00e9e au bal de leur ancienne \u00e9cole, Cassandra, la soeur de Jane, oblige sa cadette \u00e0 l'accompagner malgr\u00e9 ses r\u00e9ticences.  Qu'y a-t-il de pire que de se ridiculiser sur la piste de danse devant une troupe de jeunes galants ? Par chance, la soir\u00e9e prend vite un tour plus int\u00e9ressant lorsqu'un collier de diamants d'une valeur inestimable est d\u00e9rob\u00e9 \u00e0 l'une des invit\u00e9es. Jane s'empresse alors de mener l'enqu\u00eate pour d\u00e9masquer le voleur.","authors":["Julia Golding","Emma Troude-Beheregaray"],"category_codes":["2000000","2040000","2040500","2040506"],"visuals":{"large":"https:\/\/images.epagine.fr\/765\/9782017297765_1_75.jpg","medium":"https:\/\/images.epagine.fr\/765\/9782017297765_1_m.jpg","thumbnail":"https:\/\/images.epagine.fr\/765\/9782017297765_1_v.jpg"},"orderable":true,"show_badge":true,"formatted_price":"6,90&nbsp;\u20ac","formatted_published_date":"29 janvier 2025","publisher_availability_label":"Sur commande","short_details":"Julia Golding, Emma Troude-Beheregaray \u2014 Le Livre de Poche Jeunesse","translator":"EMMA TROUDE-BEHEREGARAY","weight":172,"page_count":288,"readership":"\u00e0 partir de 10 ANS","editor":"Le Livre de Poche Jeunesse","price":690,"published_date":"2025-01-28T23:00:00.000000Z","support":"Poche","publisher_availability":1,"stock":0,"editions":["9782226471321"],"url":"https:\/\/quaidesbrumes.com\/ouvrage\/9782017297765\/les-enquetes-de-jane-austen-tome-2-un-voleur-au-bal"},{"id":"9782812625022","title":"La derni\u00e8re saison de Selim","description":"L'empire de Selim, son soleil de plomb, ses dunes \u00e0 perte de vue, son sultan cruel fils de tyran cruel, sa religion incarn\u00e9e par la D\u00e9esse Innommable, sans oublier sa Proph\u00e9tie qui a commenc\u00e9 \u00e0 se r\u00e9aliser, inoculant la peur car tout le monde conna\u00eet ses derni\u00e8res strophes : \"Lorsque le soleil ne se l\u00e8vera plus, ce que vous consommez vous consumera.\" Avant qu'il ne soit trop tard, l'impossible doit \u00eatre fait et la derni\u00e8re chance de Selim repose sur un \u00e9trange duo : Esm\u00e9e et Mercenaire. Apr\u00e8s le fabuleux Royaume de Pierre d'Angle (prix Elbakin et prix Millepages du roman SF-Fantasy 2019), Pascale Quiviger renoue avec son univers monde et certains de ses personnages les plus embl\u00e9matiques...","authors":["Pascale Quiviger"],"category_codes":["2000000","2050000","2050200","2050204"],"visuals":{"large":"https:\/\/images.epagine.fr\/022\/9782812625022_1_75.jpg","medium":"https:\/\/images.epagine.fr\/022\/9782812625022_1_m.jpg","thumbnail":"https:\/\/images.epagine.fr\/022\/9782812625022_1_v.jpg"},"orderable":true,"show_badge":true,"formatted_price":"21,00&nbsp;\u20ac","formatted_published_date":"6 septembre 2023","publisher_availability_label":"Sur commande","short_details":"Pascale Quiviger \u2014 Rouergue","translator":null,"weight":624,"page_count":624,"readership":"\u00e0 partir de 12 ANS","editor":"Rouergue","price":2100,"published_date":"2023-09-05T22:00:00.000000Z","support":"Grand format","publisher_availability":1,"stock":0,"editions":[],"url":"https:\/\/quaidesbrumes.com\/ouvrage\/9782812625022\/la-derniere-saison-de-selim"},{"id":"9782278132041","title":"La R\u00e9volution de Sophie","description":"Juillet 1789. Sophie, 13 ans, s'ennuie \u00e0 mourir dans sa vie \u00e9triqu\u00e9e de jeune fille bourgeoise. Une seule mati\u00e8re l'anime et fait vibrer son coeur : les math\u00e9matiques ! Mais la R\u00e9volution fran\u00e7aise fait rage \u00e0 Paris, et sa famille la voit aux bras d'un mari. Qu'\u00e0 cela ne tienne, Sophie vit son r\u00eave au travers de son meilleur ami Antoine, pour qui elle r\u00e9sout en cachette les probl\u00e8mes que lui donne son professeur. Mais quand ce dernier est rendu coupable de haute trahison et se retrouve emprisonn\u00e9, Sophie va user de son talent inou\u00ef avec les chiffres pour le faire lib\u00e9rer !","authors":["Nathalie Somers"],"category_codes":["2000000","2040000","2040500"],"visuals":{"large":"https:\/\/images.epagine.fr\/041\/9782278132041_1_75.jpg","medium":"https:\/\/images.epagine.fr\/041\/9782278132041_1_m.jpg","thumbnail":"https:\/\/images.epagine.fr\/041\/9782278132041_1_v.jpg"},"orderable":true,"show_badge":true,"formatted_price":"13,90&nbsp;\u20ac","formatted_published_date":"20 ao\u00fbt 2025","publisher_availability_label":"Sur commande","short_details":"Nathalie Somers \u2014 Didier jeunesse","translator":null,"weight":203,"page_count":176,"readership":"\u00e0 partir de 8 ANS","editor":"Didier jeunesse","price":1390,"published_date":"2025-08-19T22:00:00.000000Z","support":"Grand format","publisher_availability":1,"stock":0,"editions":[],"url":"https:\/\/quaidesbrumes.com\/ouvrage\/9782278132041\/la-revolution-de-sophie"},{"id":"9782017297864","title":"Allie Tome 4 : La pi\u00e8ce de th\u00e9\u00e2tre","description":"Une nouvelle agite l'\u00e9cole  : la classe de Mme Hunter monte une pi\u00e8ce de th\u00e9\u00e2tre. Voil\u00e0 qui enthousiasme beaucoup Allie  ! Elle est persuad\u00e9e d'avoir toutes les chances de d\u00e9crocher le premier r\u00f4le, celui de la princesse. Mais il y a un souci  : il semblerait que sa meilleure amie veuille jouer le m\u00eame personnage. Allie va-t-elle devoir choisir entre r\u00e9aliser son r\u00eave sur sc\u00e8ne et sauver son amiti\u00e9  ?","authors":["Meg Cabot","Josette Chicheportiche","Fabienne Duvigneau"],"category_codes":["2000000","2040000","2040300"],"visuals":{"large":"https:\/\/images.epagine.fr\/864\/9782017297864_1_75.jpg","medium":"https:\/\/images.epagine.fr\/864\/9782017297864_1_m.jpg","thumbnail":"https:\/\/images.epagine.fr\/864\/9782017297864_1_v.jpg"},"orderable":true,"show_badge":true,"formatted_price":"7,90&nbsp;\u20ac","formatted_published_date":"9 avril 2025","publisher_availability_label":"Sur commande","short_details":"Meg Cabot, Josette Chicheportiche, Fabienne Duvigneau \u2014 Le Livre de Poche Jeunesse","translator":"JOSETTE CHICHEPORTICHE","weight":256,"page_count":224,"readership":"\u00e0 partir de 10 ANS","editor":"Le Livre de Poche Jeunesse","price":790,"published_date":"2025-04-08T22:00:00.000000Z","support":"Poche","publisher_availability":1,"stock":0,"editions":[],"url":"https:\/\/quaidesbrumes.com\/ouvrage\/9782017297864\/allie-tome-4-la-piece-de-theatre"},{"id":"9791039562867","title":"P'tit loup - mon cherche et trouve sonore","description":"\u00c9coute, cherche et trouve avec P'tit Loup : le nouveau livre sonore 20 touches !\r\nUn nouveau titre dans ce format de livre sonore chez P'tit Loup : un module avec 20 touches !\r\nSur chaque double-page, l'enfant doit trouver 5 \u00e9l\u00e9ments. Il les cherche gr\u00e2ce \u00e0 l'illustration mais aussi gr\u00e2ce au son correspondant \u00e0 l'\u00e9l\u00e9ment (cris d'animaux, bruit de transport, d'outils, d'objets du quotidien...) \r\n20 doubles-pages avec des univers du quotidien de P'tit Loup : parc, \u00e9cole, cuisine, ferme... \r\n\u00c0 la fin une page avec des sons \u00e0 deviner !","authors":["Orianne Lallemand","El\u00e9onore Thuillier"],"category_codes":["2000000","2020000","2020200"],"visuals":{"large":"https:\/\/images.epagine.fr\/867\/9791039562867_1_75.jpg","medium":"https:\/\/images.epagine.fr\/867\/9791039562867_1_m.jpg","thumbnail":"https:\/\/images.epagine.fr\/867\/9791039562867_1_v.jpg"},"orderable":true,"show_badge":true,"formatted_price":"20,95&nbsp;\u20ac","formatted_published_date":"18 septembre 2025","publisher_availability_label":"Sur commande","short_details":"Orianne Lallemand, El\u00e9onore Thuillier \u2014 Auzou","translator":null,"weight":744,"page_count":40,"readership":"0\/3 ans","editor":"Auzou","price":2095,"published_date":"2025-09-17T22:00:00.000000Z","support":"Grand format","publisher_availability":1,"stock":0,"editions":[],"url":"https:\/\/quaidesbrumes.com\/ouvrage\/9791039562867\/ptit-loup-mon-cherche-et-trouve-sonore"},{"id":"9782017237129","title":"Destins de champions Tome 9 : Une biographie d'Olivier Giroud","description":"Tant\u00f4t admir\u00e9, tant\u00f4t critiqu\u00e9, Olivier Giroud a connu un parcours sportif sem\u00e9 d'emb\u00fbches. Mais gr\u00e2ce \u00e0 sa pers\u00e9v\u00e9rance, son humilit\u00e9 et son travail acharn\u00e9, cet attaquant hors pair a su montrer de quoi il \u00e9tait capable pour se hisser au plus haut niveau et r\u00e9aliser son r\u00eave. Champion du monde, meilleur buteur de l'histoire de l'\u00e9quipe de France, vainqueur de la Ligue des champions... Le \u00ab petit Olive \u00bb a maintenant tout d'un g\u00e9ant !\r\n\r\nUne biographie \u00e9crite par Luca Caioli et Cyril Collot, journalistes sportifs auteurs de nombreux ouvrages sur le football.","authors":["Luca Caioli","Cyril Collot"],"category_codes":["2000000","2040000","2040500"],"visuals":{"large":"https:\/\/images.epagine.fr\/129\/9782017237129_1_75.jpg","medium":"https:\/\/images.epagine.fr\/129\/9782017237129_1_m.jpg","thumbnail":"https:\/\/images.epagine.fr\/129\/9782017237129_1_v.jpg"},"orderable":true,"show_badge":true,"formatted_price":"5,90&nbsp;\u20ac","formatted_published_date":"28 f\u00e9vrier 2024","publisher_availability_label":"Sur commande","short_details":"Luca Caioli, Cyril Collot \u2014 Hachette Jeunesse","translator":null,"weight":138,"page_count":128,"readership":"\u00e0 partir de 8 ANS","editor":"Hachette Jeunesse","price":590,"published_date":"2024-02-27T23:00:00.000000Z","support":"Poche","publisher_availability":1,"stock":0,"editions":[],"url":"https:\/\/quaidesbrumes.com\/ouvrage\/9782017237129\/destins-de-champions-tome-9-une-biographie-dolivier-giroud"},{"id":"9782211342629","title":"Histoires naturelles : Un temps de chien","description":"J'ai rencontr\u00e9 Snowball un jour o\u00f9 je n'avais pas tr\u00e8s envie d'aller \u00e0 l'\u00e9cole. Quand je l'ai pris dans mes bras, il \u00e9tait si l\u00e9ger que j'ai eu l'impression de soulever une boule de coton. La petite langue rose de Snowball me chatouillait les doigts, et j'ai tout de suite compris que plus rien, jamais, ne pourrait nous s\u00e9parer. Pas m\u00eame un ouragan de cat\u00e9gorie 5.","authors":["Xavier-Laurent Petit","Amandine Delaunay"],"category_codes":["2000000","2040000","2040500"],"visuals":{"large":"https:\/\/images.epagine.fr\/629\/9782211342629_1_75.jpg","medium":"https:\/\/images.epagine.fr\/629\/9782211342629_1_m.jpg","thumbnail":"https:\/\/images.epagine.fr\/629\/9782211342629_1_v.jpg"},"orderable":true,"show_badge":true,"formatted_price":"7,00&nbsp;\u20ac","formatted_published_date":"12 f\u00e9vrier 2025","publisher_availability_label":"Sur commande","short_details":"Xavier-Laurent Petit, Amandine Delaunay \u2014 L'\u00c9cole des loisirs","translator":null,"weight":200,"page_count":136,"readership":"\u00e0 partir de 8 ANS","editor":"L'\u00c9cole des loisirs","price":700,"published_date":"2025-02-11T23:00:00.000000Z","support":"Poche","publisher_availability":1,"stock":0,"editions":[],"url":"https:\/\/quaidesbrumes.com\/ouvrage\/9782211342629\/histoires-naturelles-un-temps-de-chien"},{"id":"9782330207960","title":"Histoires de rue","description":"Comme dans un long travelling de cin\u00e9ma, on regarde cette rue - qui pourrait \u00eatre partout en France - se transformer et \u00e9voluer au fil du temps et des pages de cet album. Cette rue nous raconte l'histoire des hommes et de la ville. Les illustrations pr\u00e9cises et color\u00e9es font revivre un d\u00e9cor, des costumes, des faits historiques. On y d\u00e9couvre des d\u00e9tails et des anecdotes sur la vie de chaque \u00e9poque : artisans, petits m\u00e9tiers et moyens de locomotion sont d\u00e9crits tr\u00e8s pr\u00e9cis\u00e9ment. Le jeune lecteur, en suivant ce fil,  comprendra ainsi ce qu'est l'Histoire.","authors":["Emmanuelle Grundmann","Marta Orzel"],"category_codes":["2000000","2070000","2070700"],"visuals":{"large":"https:\/\/images.epagine.fr\/960\/9782330207960_1_75.jpg","medium":"https:\/\/images.epagine.fr\/960\/9782330207960_1_m.jpg","thumbnail":"https:\/\/images.epagine.fr\/960\/9782330207960_1_v.jpg"},"orderable":true,"show_badge":false,"formatted_price":"16,90&nbsp;\u20ac","formatted_published_date":"4 juin 2025","publisher_availability_label":"Sur commande","short_details":"Emmanuelle Grundmann, Marta Orzel \u2014 Actes Sud","translator":null,"weight":296,"page_count":40,"readership":"\u00e0 partir de 8 ANS","editor":"Actes Sud","price":1690,"published_date":"2025-06-03T22:00:00.000000Z","support":"Grand format","publisher_availability":1,"stock":1,"editions":[],"url":"https:\/\/quaidesbrumes.com\/ouvrage\/9782330207960\/histoires-de-rue"},{"id":"9782378882648","title":"Lettre \u00e0 Florette","description":"Cet \u00e9t\u00e9, P'tit Poulet est tomb\u00e9 amoureux pour la toute premi\u00e8re fois.Mais, une fois les vacances termin\u00e9es, Florette est rentr\u00e9e chez elle, loin de lui.Malgr\u00e9 sa timidit\u00e9, P'tit Poulet arrivera-t-il \u00e0 lui avouer ses sentiments ?","authors":["Anthony Martinez"],"category_codes":["2000000","2030000","2030400"],"visuals":{"large":"https:\/\/images.epagine.fr\/648\/9782378882648_1_75.jpg","medium":"https:\/\/images.epagine.fr\/648\/9782378882648_1_m.jpg","thumbnail":"https:\/\/images.epagine.fr\/648\/9782378882648_1_v.jpg"},"orderable":true,"show_badge":true,"formatted_price":"14,50&nbsp;\u20ac","formatted_published_date":"25 septembre 2024","publisher_availability_label":"Sur commande","short_details":"Anthony Martinez \u2014 Kal\u00e9idoscope","translator":null,"weight":380,"page_count":40,"readership":"3\/6 ans","editor":"Kal\u00e9idoscope","price":1450,"published_date":"2024-09-24T22:00:00.000000Z","support":"Grand format","publisher_availability":1,"stock":0,"editions":[],"url":"https:\/\/quaidesbrumes.com\/ouvrage\/9782378882648\/lettre-a-florette"},{"id":"9782733882870","title":"Mes p'tits tattoos : fleurs","description":"D\u00e9couvre 2 magnifiques planches de tatouages \u00e0 l'int\u00e9rieur !","authors":["Paula McGloin"],"category_codes":["2000000","2080000","2080400"],"visuals":{"large":"https:\/\/images.epagine.fr\/870\/9782733882870_1_75.jpg","medium":"https:\/\/images.epagine.fr\/870\/9782733882870_1_m.jpg","thumbnail":"https:\/\/images.epagine.fr\/870\/9782733882870_1_v.jpg"},"orderable":true,"show_badge":true,"formatted_price":"0,00&nbsp;\u20ac","formatted_published_date":"20 mai 2022","publisher_availability_label":"Sur commande","short_details":"Paula McGloin \u2014 Auzou","translator":null,"weight":28,"page_count":2,"readership":"\u00e0 partir de 3 ANS","editor":"Auzou","price":0,"published_date":"2022-05-19T22:00:00.000000Z","support":"Papeterie \/ Coloriage","publisher_availability":1,"stock":0,"editions":[],"url":"https:\/\/quaidesbrumes.com\/ouvrage\/9782733882870\/mes-ptits-tattoos-fleurs"}]}