{"data":[{"id":"9782508063206","title":"Mon colo m\u00e9li-m\u00e9lo : Animaux de la jungle","description":"Colorier et m\u00e9langer les pages pour cr\u00e9er des animaux rigolos : un croco-toucan ou un \u00e9l\u00e9phant-tigre, tout est possible !\r\n24 animaux \u00e0 colorier et \u00e0 mixer pour un effet carr\u00e9ment rigolo ! Un livre original avec une d\u00e9coupe au milieu de chaque page permet \u00e0 l'enfant de m\u00e9langer les t\u00eates et les corps \u00e0 volont\u00e9. Un croco-toucan, un \u00e9l\u00e9phant-tigre, une panth\u00e8re-tortue... les combinaisons sont infinies ! Les pages en couleurs guident les petits, tout en stimulant leur cr\u00e9ativit\u00e9, leur imagination et leur motricit\u00e9 fine. Un livre ludique qui promet des heures de rires et d'inventivit\u00e9.","authors":["Ad\u00e8le Dafflon"],"category_codes":["2000000","2080000","2080300"],"visuals":{"large":"https:\/\/images.epagine.fr\/206\/9782508063206_1_75.jpg","medium":"https:\/\/images.epagine.fr\/206\/9782508063206_1_m.jpg","thumbnail":"https:\/\/images.epagine.fr\/206\/9782508063206_1_v.jpg"},"orderable":true,"show_badge":true,"formatted_price":"6,95&nbsp;\u20ac","formatted_published_date":"26 mars 2026","publisher_availability_label":"Sur commande","short_details":"Ad\u00e8le Dafflon \u2014 Hemma","translator":null,"weight":192,"page_count":48,"readership":null,"editor":"Hemma","price":695,"published_date":"2026-03-25T23:00:00.000000Z","support":"Papeterie \/ Coloriage","publisher_availability":1,"stock":0,"editions":[],"url":"https:\/\/quaidesbrumes.com\/ouvrage\/9782508063206\/mon-colo-meli-melo-animaux-de-la-jungle"},{"id":"9782803465286","title":"Vroum vroum : Au travail ! Un livre rempli de tracteurs courageux","description":"Vroum vroum !\r\n\r\nLabourer, semer, moissonner... les tracteurs ont beaucoup de travail \u00e0 la ferme. Mais d\u00e8s qu'un mouton s'\u00e9chappe, la situation se complique. Les tracteurs r\u00e9ussiront-ils \u00e0 tout arranger ? Bien s\u00fbr !\r\n\r\nDe jolies rimes pour les tout-petits qui aiment les tracteurs et le monde de la ferme !","authors":["Michelle Robinson","Jez Tuya"],"category_codes":["2000000","2030000","2030400"],"visuals":{"large":"https:\/\/images.epagine.fr\/286\/9782803465286_1_75.jpg","medium":"https:\/\/images.epagine.fr\/286\/9782803465286_1_m.jpg","thumbnail":"https:\/\/images.epagine.fr\/286\/9782803465286_1_v.jpg"},"orderable":true,"show_badge":false,"formatted_price":"12,95&nbsp;\u20ac","formatted_published_date":"16 avril 2026","publisher_availability_label":"Sur commande","short_details":"Michelle Robinson, Jez Tuya \u2014 Chantecler","translator":null,"weight":357,"page_count":26,"readership":"\u00e0 partir de 3 ANS","editor":"Chantecler","price":1295,"published_date":"2026-04-15T22:00:00.000000Z","support":"Grand format","publisher_availability":1,"stock":1,"editions":[],"url":"https:\/\/quaidesbrumes.com\/ouvrage\/9782803465286\/vroum-vroum-au-travail-un-livre-rempli-de-tracteurs-courageux"},{"id":"9782215177739","title":"Chats & sorci\u00e8res Tome 2 : menace sur Avalon","description":"Moustik est une collection in\u00e9dite de romans-BD : 96 pages de roman entrecoup\u00e9es de 16 planches de BD, qui ne viennent pas seulement illustrer le texte mais le remplacer \u00e0 certains endroits-cl\u00e9s de l'histoire !\r\nSeulement deux semaines apr\u00e8s la rentr\u00e9e \u00e0 l'\u00e9cole magique d'Avalon, Merline d\u00e9couvre son don : elle peut voir et entendre les Ondines, de petites cr\u00e9atures des eaux. Mais sa joie est de courte dur\u00e9e !\r\nCette fois, c'est confirm\u00e9 : Morgane s'est bien lib\u00e9r\u00e9e de la prison o\u00f9 l'avait enferm\u00e9 Merlin. Et la terrible f\u00e9e-sorci\u00e8re est d\u00e9termin\u00e9e \u00e0 prendre le contr\u00f4le de l'\u00e9cole... par la force !\r\nMerline parviendra-t-elle \u00e0 sauver Avalon ?\r\nHeureusement, la jeune sorci\u00e8re peut compter sur ses fid\u00e8les amies, Rose et Nina, et leurs Chats-Sorciers respectifs !\r\nEntre roman et BD, cette nouvelle s\u00e9rie Moustik devrait plaire \u00e0 tous les petits lecteurs en herbe : ceux qui aiment d\u00e9j\u00e0 lire, et ceux qui n'ont plus qu'un pas \u00e0 faire pour sauter de la BD au roman !","authors":["Charlotte Grosset\u00eate","Faltazius"],"category_codes":["2000000","2040000","2040300"],"visuals":{"large":"https:\/\/images.epagine.fr\/739\/9782215177739_1_75.jpg","medium":"https:\/\/images.epagine.fr\/739\/9782215177739_1_m.jpg","thumbnail":"https:\/\/images.epagine.fr\/739\/9782215177739_1_v.jpg"},"orderable":true,"show_badge":true,"formatted_price":"12,90&nbsp;\u20ac","formatted_published_date":"22 avril 2022","publisher_availability_label":"Sur commande","short_details":"Charlotte Grosset\u00eate, Faltazius \u2014 Fleurus","translator":null,"weight":322,"page_count":96,"readership":"\u00e0 partir de 6 ANS","editor":"Fleurus","price":1290,"published_date":"2022-04-21T22:00:00.000000Z","support":"Grand format","publisher_availability":1,"stock":0,"editions":[],"url":"https:\/\/quaidesbrumes.com\/ouvrage\/9782215177739\/chats-sorcieres-tome-2-menace-sur-avalon"},{"id":"9782215201007","title":"Mon grand coffret de coloriage Mini Mim's","description":"Pr\u00e9parer un smoothie, \u00e9couter de la musique, pique-niquer entre copains... Les Mini Mim's ont toujours des id\u00e9es pour s'amuser ! D\u00e9couvre-les \u00e0 travers 32 coloriages trop mignons et, gr\u00e2ce aux feutres inclus, colorie toutes ces sc\u00e8nes comme un vrai artiste !\r\nLe coffret comprend : 8 feutres \u00e0 alcool, 1 stylo \u00e0 peinture blanche, 1 bloc de 32 coloriages, 1 page de protection.","authors":["Collectif"],"category_codes":["2000000","2080000","2080300"],"visuals":{"large":"https:\/\/images.epagine.fr\/007\/9782215201007_1_75.jpg","medium":"https:\/\/images.epagine.fr\/007\/9782215201007_1_m.jpg","thumbnail":"https:\/\/images.epagine.fr\/007\/9782215201007_1_v.jpg"},"orderable":true,"show_badge":true,"formatted_price":"0,00&nbsp;\u20ac","formatted_published_date":"6 mars 2026","publisher_availability_label":"Sur commande","short_details":"Collectif \u2014 Fleurus","translator":null,"weight":668,"page_count":32,"readership":null,"editor":"Fleurus","price":0,"published_date":"2026-03-05T23:00:00.000000Z","support":"Papeterie \/ Coloriage","publisher_availability":1,"stock":0,"editions":[],"url":"https:\/\/quaidesbrumes.com\/ouvrage\/9782215201007\/mon-grand-coffret-de-coloriage-mini-mims"},{"id":"9791036341434","title":"Petit Ours Brun veut prot\u00e9ger la plan\u00e8te","description":"Petit Ours Brun sait qu'il faut prendre soin de la plan\u00e8te.\r\nPour \u00e7a, sa ma\u00eetresse lui a donn\u00e9 une astuce pas b\u00eate : le z\u00e9ro-d\u00e9chet. \r\nDepuis, Petit Ours Brun fait bien attention \u00e0 ce qu'il jette \u00e0 la poubelle.","authors":["Marie Aubinais","Dani\u00e8le Bour"],"category_codes":["2000000","2020000","2020400"],"visuals":{"large":"https:\/\/images.epagine.fr\/434\/9791036341434_1_75.jpg","medium":"https:\/\/images.epagine.fr\/434\/9791036341434_1_m.jpg","thumbnail":"https:\/\/images.epagine.fr\/434\/9791036341434_1_v.jpg"},"orderable":true,"show_badge":true,"formatted_price":"5,80&nbsp;\u20ac","formatted_published_date":"9 mars 2022","publisher_availability_label":"Sur commande","short_details":"Marie Aubinais, Dani\u00e8le Bour \u2014 Bayard Jeunesse","translator":null,"weight":160,"page_count":16,"readership":"0\/3 ans","editor":"Bayard Jeunesse","price":580,"published_date":"2022-03-08T23:00:00.000000Z","support":"Grand format","publisher_availability":1,"stock":0,"editions":[],"url":"https:\/\/quaidesbrumes.com\/ouvrage\/9791036341434\/petit-ours-brun-veut-proteger-la-planete"},{"id":"9791039524353","title":"Jeu de chasseur d'oeufs : Retrouve l'oeuf en 4 questions !","description":"Deviens le meilleur chasseur d'oeufs ! Devine l'oeuf de ton adversaire en maximum 4 questions ! Ou alors jouer ensemble contre le jeu pour gagner le plus de poussins. Un jeu de d\u00e9duction et de r\u00e9flexion.","authors":["Marine Faraguna","Inga Wilmink"],"category_codes":["2000000","2060000","2060500"],"visuals":{"large":"https:\/\/images.epagine.fr\/353\/9791039524353_1_75.jpg","medium":"https:\/\/images.epagine.fr\/353\/9791039524353_1_m.jpg","thumbnail":"https:\/\/images.epagine.fr\/353\/9791039524353_1_v.jpg"},"orderable":true,"show_badge":true,"formatted_price":"0,00&nbsp;\u20ac","formatted_published_date":"3 mars 2023","publisher_availability_label":"Sur commande","short_details":"Marine Faraguna, Inga Wilmink \u2014 Auzou","translator":null,"weight":173,"page_count":null,"readership":"\u00e0 partir de 4 ANS","editor":"Auzou","price":0,"published_date":"2023-03-02T23:00:00.000000Z","support":"Coffret \/ Bo&icirc;te","publisher_availability":1,"stock":0,"editions":[],"url":"https:\/\/quaidesbrumes.com\/ouvrage\/9791039524353\/jeu-de-chasseur-doeufs-retrouve-loeuf-en-4-questions"},{"id":"9782215159308","title":"M\u00e8ne ton enqu\u00eate : chez les dieux grecs","description":"Un roman jeu : id\u00e9al pour appr\u00e9cier la lecture en s'amusant ! Un r\u00e9cit-fiction pour mener l'enqu\u00eate avec de nombreux jeux inclus dans l'histoire pour r\u00e9colter des indices : des messages cod\u00e9s ou en miroir \u00e0 d\u00e9crypter, des jeux de m\u00e9moire et de d\u00e9duction, des \u00e9l\u00e9ments cach\u00e9s dans les illustrations (cherche et trouve)...\r\n\r\nUne enqu\u00eate palpitante chez les dieux olympiens !\r\n\r\nBien avant de rencontrer le destin qu'on leur conna\u00eet, la nymphe Th\u00e9tis et le jeune Narcisse ne sont que deux adolescents comme les autres... enfin, presque ! Alors qu'ils sont en vacances sur le mont Olympe, Zeus leur confie une mission de la plus haute importance ! Quelqu'un lui a vol\u00e9 la broche en forme d'\u00e9clair que lui a offerte sa femme, H\u00e9ra. N'ayant confiance en personne d'autre, le roi des dieux demande aux enfants de la retrouver avant la grande r\u00e9ception du soir, au cours de laquelle il est cens\u00e9 la porter...\r\n\r\nAid\u00e9s de Dor, un griffon au caract\u00e8re bien tremp\u00e9, Th\u00e9tis et Narcisse devront faire preuve de sagacit\u00e9 pour d\u00e9jouer la machination mont\u00e9e contre Zeus Toi aussi, m\u00e8ne l'enqu\u00eate avec Th\u00e9tis, Narcisse et Dor !\r\nCherche les indices dans les illustrations, r\u00e9sous les \u00e9nigmes et d\u00e9chiffre les messages cod\u00e9s ou en miroir pour d\u00e9couvrir qui a vol\u00e9 l'\u00e9clair de Zeus.","authors":["El Gunto","Christophe Lambert"],"category_codes":["2000000","2040000","2040500","2040502"],"visuals":{"large":"https:\/\/images.epagine.fr\/308\/9782215159308_1_75.jpg","medium":"https:\/\/images.epagine.fr\/308\/9782215159308_1_m.jpg","thumbnail":"https:\/\/images.epagine.fr\/308\/9782215159308_1_v.jpg"},"orderable":true,"show_badge":true,"formatted_price":"12,90&nbsp;\u20ac","formatted_published_date":"26 juin 2020","publisher_availability_label":"Sur commande","short_details":"El Gunto, Christophe Lambert \u2014 Fleurus","translator":null,"weight":326,"page_count":96,"readership":"\u00e0 partir de 6 ANS","editor":"Fleurus","price":1290,"published_date":"2020-06-25T22:00:00.000000Z","support":"Grand format","publisher_availability":1,"stock":0,"editions":[],"url":"https:\/\/quaidesbrumes.com\/ouvrage\/9782215159308\/mene-ton-enquete-chez-les-dieux-grecs"},{"id":"9782897771836","title":"Grandes oreilles","description":"Chez L\u00e9ontine et Sam, tous les soirs, c'est le m\u00eame rituel : L\u00e9ontine grimpe sur le lit de Sam et pose ses grandes oreilles sur ses pieds. Sam dort les pieds bien au chaud. Mais un soir, Sam va dormir chez son ami F\u00e9lix et L\u00e9ontine ne sait plus quoi faire de ses grandes oreilles...","authors":["Julie Delporte"],"category_codes":["2000000","2030000","2030400"],"visuals":{"large":"https:\/\/images.epagine.fr\/836\/9782897771836_1_75.jpg","medium":"https:\/\/images.epagine.fr\/836\/9782897771836_1_m.jpg","thumbnail":"https:\/\/images.epagine.fr\/836\/9782897771836_1_v.jpg"},"orderable":true,"show_badge":true,"formatted_price":"17,00&nbsp;\u20ac","formatted_published_date":"7 mars 2025","publisher_availability_label":"Sur commande","short_details":"Julie Delporte \u2014 La Past\u00e8que","translator":null,"weight":308,"page_count":40,"readership":"3\/6 ans","editor":"La Past\u00e8que","price":1700,"published_date":"2025-03-06T23:00:00.000000Z","support":"Grand format","publisher_availability":1,"stock":0,"editions":[],"url":"https:\/\/quaidesbrumes.com\/ouvrage\/9782897771836\/grandes-oreilles"},{"id":"9782075094436","title":"Le sel de nos larmes","description":"Hiver 1945. Quatre adolescents, chacun n\u00e9 dans un pays diff\u00e9rent, chacun hant\u00e9 par sa propre guerre. Parmi les milliers de r\u00e9fugi\u00e9s fuyant \u00e0 pied, le destin les a r\u00e9unis pour affronter le froid, la faim, la peur, les bombes... et embarquer sur le \u00ab Wilhem Gustloff \u00bb, un navire promesse de libert\u00e9.","authors":["Ruta Sepetys","Bee Formentelli"],"category_codes":["2000000","2050000","2050200","2050207"],"visuals":{"large":"https:\/\/images.epagine.fr\/436\/9782075094436_1_75.jpg","medium":"https:\/\/images.epagine.fr\/436\/9782075094436_1_m.jpg","thumbnail":"https:\/\/images.epagine.fr\/436\/9782075094436_1_v.jpg"},"orderable":true,"show_badge":true,"formatted_price":"8,65&nbsp;\u20ac","formatted_published_date":"4 janvier 2018","publisher_availability_label":"Sur commande","short_details":"Ruta Sepetys, Bee Formentelli \u2014 Gallimard Jeunesse","translator":"BEE FORMENTELLI","weight":256,"page_count":496,"readership":"\u00e0 partir de 12 ANS","editor":"Gallimard Jeunesse","price":865,"published_date":"2018-01-03T23:00:00.000000Z","support":"Grand format","publisher_availability":1,"stock":0,"editions":[],"url":"https:\/\/quaidesbrumes.com\/ouvrage\/9782075094436\/le-sel-de-nos-larmes"},{"id":"9782215198642","title":"Chaque amiti\u00e9 est pr\u00e9cieuse","description":"M\u00e9lisande, Lily, Ma\u00eblle et Chiara entrent en premi\u00e8re ! Chiara arrivera-t-elle \u00e0 assouvir sa passion du th\u00e9\u00e2tre ? M\u00e9lisande percera-t-elle le secret de sa m\u00e8re ? Ma\u00eblle retrouvera-t-elle le beau Maxime ? Lily tombera-t-elle dans les filets d'Adrien ? Suspens, amour et amiti\u00e9 ! Les quatre filles sont de retour !","authors":["Nathalie Somers","Laurence Ningre"],"category_codes":["2000000","2050000","2050200","2050208"],"visuals":{"large":"https:\/\/images.epagine.fr\/642\/9782215198642_1_75.jpg","medium":"https:\/\/images.epagine.fr\/642\/9782215198642_1_m.jpg","thumbnail":"https:\/\/images.epagine.fr\/642\/9782215198642_1_v.jpg"},"orderable":true,"show_badge":true,"formatted_price":"14,95&nbsp;\u20ac","formatted_published_date":"29 ao\u00fbt 2025","publisher_availability_label":"Sur commande","short_details":"Nathalie Somers, Laurence Ningre \u2014 Fleurus","translator":null,"weight":386,"page_count":304,"readership":"\u00e0 partir de 12 ANS","editor":"Fleurus","price":1495,"published_date":"2025-08-28T22:00:00.000000Z","support":"Grand format","publisher_availability":1,"stock":0,"editions":[],"url":"https:\/\/quaidesbrumes.com\/ouvrage\/9782215198642\/chaque-amitie-est-precieuse"},{"id":"9782728936793","title":"Les merveilleuses histoires de Grand-P\u00e8re dans la for\u00eat","description":"Un nouvel album de Karine-Marie Amiot et Julie Mellan pour r\u00eaver en famille de printemps, de for\u00eat et d'aventures.\r\n","authors":["Karine-Marie Amiot","Julie Mellan"],"category_codes":["2000000","2030000","2030400"],"visuals":{"large":"https:\/\/images.epagine.fr\/793\/9782728936793_1_75.jpg","medium":"https:\/\/images.epagine.fr\/793\/9782728936793_1_m.jpg","thumbnail":"https:\/\/images.epagine.fr\/793\/9782728936793_1_v.jpg"},"orderable":true,"show_badge":true,"formatted_price":"16,90&nbsp;\u20ac","formatted_published_date":"11 avril 2025","publisher_availability_label":"Sur commande","short_details":"Karine-Marie Amiot, Julie Mellan \u2014 Mame","translator":null,"weight":668,"page_count":64,"readership":"3\/6 ans","editor":"Mame","price":1690,"published_date":"2025-04-10T22:00:00.000000Z","support":"Grand format","publisher_availability":1,"stock":0,"editions":[],"url":"https:\/\/quaidesbrumes.com\/ouvrage\/9782728936793\/les-merveilleuses-histoires-de-grand-pere-dans-la-foret"},{"id":"9791023519693","title":"Rio et la baleine perdue","description":"Tandis que sa m\u00e8re est hospitalis\u00e9e, Rio part vivre en Californie chez sa grand-m\u00e8re qu'il conna\u00eet \u00e0 peine.\r\nTriste et perdu, il se referme sur lui-m\u00eame. Jusqu'\u00e0 ce que, sur la plage, il rencontre une dr\u00f4le de fille. Elle s'appelle Marina et vit sur un bateau avec son p\u00e8re qui organise des excursions pour observer les baleines.\r\nEn leur compagnie, Rio retrouve peu \u00e0 peu le sourire et d\u00e9couvre le monde fascinant des c\u00e9tac\u00e9s. Le jour o\u00f9 il tombe accidentellement \u00e0 l'eau, c'est une baleine grise surnomm\u00e9e Bec Blanc qui lui vient en aide. Rio tisse un lien tr\u00e8s fort avec elle. Il pense m\u00eame pouvoir la comprendre !\r\nMais soudain, Bec Blanc dispara\u00eet, Rio et Marina partent alors \u00e0 sa recherche, persuad\u00e9s qu'elle court un grave danger. Car, d\u00e9sormais, Bec Blanc est leur amie, et l'oc\u00e9an leur maison.","authors":["Hannah Gold","Levi Pinfold","Thomas Leclere"],"category_codes":["2000000","2040000","2040500","2040502"],"visuals":{"large":"https:\/\/images.epagine.fr\/693\/9791023519693_1_75.jpg","medium":"https:\/\/images.epagine.fr\/693\/9791023519693_1_m.jpg","thumbnail":"https:\/\/images.epagine.fr\/693\/9791023519693_1_v.jpg"},"orderable":true,"show_badge":true,"formatted_price":"14,50&nbsp;\u20ac","formatted_published_date":"5 janvier 2024","publisher_availability_label":"Sur commande","short_details":"Hannah Gold, Levi Pinfold, Thomas Leclere \u2014 Le Seuil jeunesse","translator":"THOMAS LECLERE","weight":288,"page_count":304,"readership":"\u00e0 partir de 9 ANS","editor":"Le Seuil jeunesse","price":1450,"published_date":"2024-01-04T23:00:00.000000Z","support":"Grand format","publisher_availability":1,"stock":0,"editions":[],"url":"https:\/\/quaidesbrumes.com\/ouvrage\/9791023519693\/rio-et-la-baleine-perdue"},{"id":"9791091180535","title":"Il \u00e9tait une forme","description":"Au royaume des formes, \u00e7a ne tourne pas rond : la Reine et le Roi exigent un successeur aux angles bien droits. Mais par un \u00e9trange malheur, ils font des enfants tout en rondeurs... Parviendront-ils \u00e0 mettre au monde le beau polygone qui acc\u00e8dera au tr\u00f4ne ? Un conte \u00e9pique et romantique, dans un curieux royaume o\u00f9 la g\u00e9om\u00e9trie fait de la po\u00e9sie.\r","authors":["Gazhole","Cruschiform"],"category_codes":["2000000","2030000","2030400"],"visuals":{"large":"https:\/\/images.epagine.fr\/535\/9791091180535_1_75.jpg","medium":"https:\/\/images.epagine.fr\/535\/9791091180535_1_m.jpg","thumbnail":"https:\/\/images.epagine.fr\/535\/9791091180535_1_v.jpg"},"orderable":true,"show_badge":false,"formatted_price":"19,90&nbsp;\u20ac","formatted_published_date":"17 septembre 2021","publisher_availability_label":"Sur commande","short_details":"Gazhole, Cruschiform \u2014 Maison Georges","translator":null,"weight":488,"page_count":60,"readership":"\u00e0 partir de 7 ANS","editor":"Maison Georges","price":1990,"published_date":"2021-09-16T22:00:00.000000Z","support":"Grand format","publisher_availability":1,"stock":2,"editions":[],"url":"https:\/\/quaidesbrumes.com\/ouvrage\/9791091180535\/il-etait-une-forme"},{"id":"9791039514767","title":"Petite Taupe est malade","description":"Aujourd'hui, Petite Taupe tousse et tremble comme une feuille ! Que lui arrive-t-il ? Heureusement, le Loup appelle le docteur hirondelle \u00e0 la rescousse. Plop, un bouton appara\u00eet sur le nez de Petite Taupe. Le docteur est formel : Petite Taupe a attrap\u00e9 la taupicelle !","authors":["Orianne Lallemand","Claire Frossard"],"category_codes":["2000000","2030000","2030400"],"visuals":{"large":"https:\/\/images.epagine.fr\/767\/9791039514767_1_75.jpg","medium":"https:\/\/images.epagine.fr\/767\/9791039514767_1_m.jpg","thumbnail":"https:\/\/images.epagine.fr\/767\/9791039514767_1_v.jpg"},"orderable":true,"show_badge":true,"formatted_price":"5,95&nbsp;\u20ac","formatted_published_date":"13 janvier 2023","publisher_availability_label":"Sur commande","short_details":"Orianne Lallemand, Claire Frossard \u2014 Auzou","translator":null,"weight":176,"page_count":29,"readership":"\u00e0 partir de 3 ANS","editor":"Auzou","price":595,"published_date":"2023-01-12T23:00:00.000000Z","support":"Grand format","publisher_availability":1,"stock":0,"editions":["9782733899106"],"url":"https:\/\/quaidesbrumes.com\/ouvrage\/9791039514767\/petite-taupe-est-malade"},{"id":"9782211077095","title":"1, 2, 3 petits chats qui savaient compter jusqu'\u00e0 3","description":"Il \u00e9tait une fois une maman qui avait 1, 2, 3 petits chats qui savaient compter jusqu'\u00e0 3. Avant d'aller dormir, ils prenaient leur bain dans 1, 2, 3 petites bassines. Une pour chacun. \u00ab Maman, Maman, il manque un petit canard ! Il manque un seau ! Il manque un ballon ! \u00bb\r","authors":["Michel Van Zeveren"],"category_codes":["2000000","2020000","2020400"],"visuals":{"large":"https:\/\/images.epagine.fr\/095\/9782211077095_1_75.jpg","medium":"https:\/\/images.epagine.fr\/095\/9782211077095_1_m.jpg","thumbnail":"https:\/\/images.epagine.fr\/095\/9782211077095_1_v.jpg"},"orderable":true,"show_badge":true,"formatted_price":"12,00&nbsp;\u20ac","formatted_published_date":"1er octobre 2004","publisher_availability_label":"Sur commande","short_details":"Michel Van Zeveren \u2014 L'\u00c9cole des loisirs","translator":null,"weight":325,"page_count":32,"readership":"0\/3 ans","editor":"L'\u00c9cole des loisirs","price":1200,"published_date":"2004-09-30T22:00:00.000000Z","support":"Grand format","publisher_availability":1,"stock":0,"editions":[],"url":"https:\/\/quaidesbrumes.com\/ouvrage\/9782211077095\/1-2-3-petits-chats-qui-savaient-compter-jusqua-3"},{"id":"9782095043681","title":"Mon imagier anim\u00e9 : Ma famille","description":"D\u00e9couvrez le th\u00e8me de la famille avec ce livre anim\u00e9 Kididoc !\r\nCe livre anim\u00e9 offre un apprentissage unique pour les enfants d\u00e8s 1 an. Con\u00e7u pour \u00e9veiller la curiosit\u00e9 et stimuler l'imagination , il combine 5 animations robustes et un jeu amusant.\r\n\r\nExplorez ensemble :\r\nLes parents\r\nLes grands-parents\r\nLes enfants\r\nLes cousins\r\nLes oncles et tantes...\r\n\r\nParfait pour d\u00e9velopper le vocabulaire , la motricit\u00e9 et la compr\u00e9hension du concept de famille , il deviendra vite le favori de votre enfant.","authors":["Nathalie Choux"],"category_codes":["2000000","2020000","2020500"],"visuals":{"large":"https:\/\/images.epagine.fr\/681\/9782095043681_1_75.jpg","medium":"https:\/\/images.epagine.fr\/681\/9782095043681_1_m.jpg","thumbnail":"https:\/\/images.epagine.fr\/681\/9782095043681_1_v.jpg"},"orderable":true,"show_badge":true,"formatted_price":"8,95&nbsp;\u20ac","formatted_published_date":"6 f\u00e9vrier 2025","publisher_availability_label":"Sur commande","short_details":"Nathalie Choux \u2014 Nathan","translator":null,"weight":302,"page_count":10,"readership":"\u00e0 partir de 1 AN","editor":"Nathan","price":895,"published_date":"2025-02-05T23:00:00.000000Z","support":"Grand format","publisher_availability":1,"stock":0,"editions":[],"url":"https:\/\/quaidesbrumes.com\/ouvrage\/9782095043681\/mon-imagier-anime-ma-famille"},{"id":"9782749961712","title":"\u00c0 nous la 6e !","description":"\u00c0 NOUS LA SIXI\u00c8ME, PR\u00caTS POUR LA GRANDE AVENTURE !\r\nC'est le grand jour ! Eulalie rentre en sixi\u00e8me et c'est stressant car il y a plein de nouvelles aventures \u00e0 vivre. Rencontrer de nouveaux professeurs, choisir ses activit\u00e9s, d\u00e9couvrir que l'amour, ce n'est pas si simple... Dans sa classe, les jeunes coll\u00e9giens ont h\u00e2te de se lancer dans la cour des grands ! Avec sa meilleure amie, Sala, mais aussi les gar\u00e7ons de la bande, Soan et Maurin, Eulalie va vivre une ann\u00e9e qu'elle n'est pas pr\u00e8s d'oublier !","authors":["Magdalena"],"category_codes":["2000000","2040000","2040500"],"visuals":{"large":"https:\/\/images.epagine.fr\/712\/9782749961712_1_75.jpg","medium":"https:\/\/images.epagine.fr\/712\/9782749961712_1_m.jpg","thumbnail":"https:\/\/images.epagine.fr\/712\/9782749961712_1_v.jpg"},"orderable":true,"show_badge":true,"formatted_price":"12,95&nbsp;\u20ac","formatted_published_date":"19 juin 2025","publisher_availability_label":"Sur commande","short_details":"Magdalena \u2014 Michel Lafon","translator":null,"weight":204,"page_count":160,"readership":"\u00e0 partir de 6 ANS","editor":"Michel Lafon","price":1295,"published_date":"2025-06-18T22:00:00.000000Z","support":"Grand format","publisher_availability":1,"stock":0,"editions":[],"url":"https:\/\/quaidesbrumes.com\/ouvrage\/9782749961712\/a-nous-la-6e"},{"id":"9782408007676","title":"Copain de l'\u00e9cologie ; prenons soin de la Terre !","description":"Prot\u00e9ger la biodiversit\u00e9, pr\u00e9server les ressources, r\u00e9duire les pollutions, freiner le r\u00e9chauffement climatique... Un livre pour d\u00e9couvrir les enjeux de l'\u00e9cologie et une foule d'activit\u00e9s pour devenir acteur de la protection de l'environnement.\r","authors":["Ang\u00e9lique Le Touze","Anne Lesterlin"],"category_codes":["2000000","2070000","2070700"],"visuals":{"large":"https:\/\/images.epagine.fr\/676\/9782408007676_1_75.jpg","medium":"https:\/\/images.epagine.fr\/676\/9782408007676_1_m.jpg","thumbnail":"https:\/\/images.epagine.fr\/676\/9782408007676_1_v.jpg"},"orderable":true,"show_badge":true,"formatted_price":"15,50&nbsp;\u20ac","formatted_published_date":"23 septembre 2020","publisher_availability_label":"Sur commande","short_details":"Ang\u00e9lique Le Touze, Anne Lesterlin \u2014 Milan","translator":null,"weight":630,"page_count":192,"readership":"\u00e0 partir de 7 ANS","editor":"Milan","price":1550,"published_date":"2020-09-22T22:00:00.000000Z","support":"Grand format","publisher_availability":1,"stock":0,"editions":[],"url":"https:\/\/quaidesbrumes.com\/ouvrage\/9782408007676\/copain-de-lecologie-prenons-soin-de-la-terre"},{"id":"9782017132134","title":"Le Club des Cinq Tome 22 : les cinq sont les plus forts","description":null,"authors":["Enid Blyton"],"category_codes":["2000000","2040000","2040300"],"visuals":{"large":"https:\/\/images.epagine.fr\/134\/9782017132134_1_75.jpg","medium":"https:\/\/images.epagine.fr\/134\/9782017132134_1_m.jpg","thumbnail":"https:\/\/images.epagine.fr\/134\/9782017132134_1_v.jpg"},"orderable":true,"show_badge":true,"formatted_price":"6,50&nbsp;\u20ac","formatted_published_date":"25 ao\u00fbt 2021","publisher_availability_label":"Sur commande","short_details":"Enid Blyton \u2014 Hachette Jeunesse","translator":null,"weight":160,"page_count":160,"readership":"\u00e0 partir de 8 ANS","editor":"Hachette Jeunesse","price":650,"published_date":"2021-08-24T22:00:00.000000Z","support":"Poche","publisher_availability":1,"stock":0,"editions":[],"url":"https:\/\/quaidesbrumes.com\/ouvrage\/9782017132134\/le-club-des-cinq-tome-22-les-cinq-sont-les-plus-forts"},{"id":"9782092524824","title":"Les d\u00e9sastreuses aventures des orphelins Baudelaire Tome 2 ; le laboratoire aux serpents","description":"La s\u00e9rie culte !\r\nD\u00e8s 11 ans.\r\n\r\nDans cette s\u00e9rie, les malheurs succ\u00e8dent aux malheurs, pour le plus grand d\u00e9sespoir des h\u00e9ros, et pour le plus grand plaisir des lecteurs... Le tout men\u00e9 par la plume ironique et brillante de Lemony Snicket. S\u00e9rie Les d\u00e9sastreuses aventures des orphelins Baudelaire. La suite des savoureux r\u00e9cits tragi-comiques des Orphelins Baudelaire o\u00f9 les trois enfants affrontent une odeur d\u00e9testable, un terrible accident de voiture, un serpent au venin mortel, un coutelas pointu, un cadenas r\u00e9tif et le retour d'une personne qu'ils esp\u00e9raient ne jamais revoir...","authors":["Lemony Snicket"],"category_codes":["2000000","2040000","2040300"],"visuals":{"large":"https:\/\/images.epagine.fr\/824\/9782092524824_1_75.jpg","medium":"https:\/\/images.epagine.fr\/824\/9782092524824_1_m.jpg","thumbnail":"https:\/\/images.epagine.fr\/824\/9782092524824_1_v.jpg"},"orderable":true,"show_badge":true,"formatted_price":"7,50&nbsp;\u20ac","formatted_published_date":"4 juin 2009","publisher_availability_label":"Sur commande","short_details":"Lemony Snicket \u2014 Nathan","translator":null,"weight":192,"page_count":208,"readership":"\u00e0 partir de 6 ANS","editor":"Nathan","price":750,"published_date":"2009-06-03T22:00:00.000000Z","support":"Poche","publisher_availability":1,"stock":0,"editions":[],"url":"https:\/\/quaidesbrumes.com\/ouvrage\/9782092524824\/les-desastreuses-aventures-des-orphelins-baudelaire-tome-2-le-laboratoire-aux-serpents"},{"id":"9782215201939","title":"J'apprends \u00e0 dessiner : la pr\u00e9histoire","description":"La m\u00e9thode Philippe Legendre est une m\u00e9thode reconnue et facile, en quatre \u00e9tapes, pour apprendre \u00e0 dessiner comme les grands !\r\n\r\nLe vocabulaire de formes permet \u00e0 l'enfant de r\u00e9ussir tous ses dessins.\r\n\r\nCe livre pr\u00e9sente 9 mod\u00e8les inspir\u00e9s de la Pr\u00e9histoire : mammouth, tigre \u00e0 dents de sabre, chasseur, rhinoc\u00e9ros laineux, aurochs, femme pr\u00e9historique, homme de Cro-Magnon, cheval, grotte.","authors":["Philippe Legendre","Cl\u00e9mentine Guivarc'h"],"category_codes":["2000000","2060000","2060300","2060302"],"visuals":{"large":"https:\/\/images.epagine.fr\/939\/9782215201939_1_75.jpg","medium":"https:\/\/images.epagine.fr\/939\/9782215201939_1_m.jpg","thumbnail":"https:\/\/images.epagine.fr\/939\/9782215201939_1_v.jpg"},"orderable":true,"show_badge":true,"formatted_price":"6,99&nbsp;\u20ac","formatted_published_date":"17 avril 2026","publisher_availability_label":"Sur commande","short_details":"Philippe Legendre, Cl\u00e9mentine Guivarc'h \u2014 Fleurus","translator":null,"weight":268,"page_count":32,"readership":null,"editor":"Fleurus","price":699,"published_date":"2026-04-16T22:00:00.000000Z","support":"Grand format","publisher_availability":1,"stock":0,"editions":[],"url":"https:\/\/quaidesbrumes.com\/ouvrage\/9782215201939\/japprends-a-dessiner-la-prehistoire"},{"id":"9782226494511","title":"Autre-Monde Tome 3 : Le Coeur de la Terre","description":"Les Pans n'ont plus le choix : il faut se battre ou mourir. Alors que le conflit entre les jeunes survivants et les Cyniks est imminent, Matt et Ambre tentent de rassembler les troupes au sein d'Eden, la premi\u00e8re cit\u00e9 des Pans. De la survie d'Eden d\u00e9pendent celle des adolescents, et de leur union, l'avenir de cette \u00e9trange plan\u00e8te, transform\u00e9e par la Temp\u00eate. Pour l'Alliance des Trois, c'est l'\u00e9preuve ultime, la fin d'une longue qu\u00eate, naissance ou mort de l'espoir.","authors":["Maxime Chattam"],"category_codes":["2000000","2050000","2050200","2050205"],"visuals":{"large":"https:\/\/images.epagine.fr\/511\/9782226494511_1_75.jpg","medium":"https:\/\/images.epagine.fr\/511\/9782226494511_1_m.jpg","thumbnail":"https:\/\/images.epagine.fr\/511\/9782226494511_1_v.jpg"},"orderable":true,"show_badge":true,"formatted_price":"17,90&nbsp;\u20ac","formatted_published_date":"28 ao\u00fbt 2024","publisher_availability_label":"Sur commande","short_details":"Maxime Chattam \u2014 Albin Michel","translator":null,"weight":606,"page_count":480,"readership":"\u00e0 partir de 13 ANS","editor":"Albin Michel","price":1790,"published_date":"2024-08-27T22:00:00.000000Z","support":"Grand format","publisher_availability":1,"stock":0,"editions":["9782253173595"],"url":"https:\/\/quaidesbrumes.com\/ouvrage\/9782226494511\/autre-monde-tome-3-le-coeur-de-la-terre"},{"id":"9782095024123","title":"La ferme : mon imagier anim\u00e9","description":"Les premiers imagiers Kididoc ! La collection pr\u00e9f\u00e9r\u00e9e des b\u00e9b\u00e9s ! \r\nUn imagier avec 5 animations tr\u00e8s solides con\u00e7ues pour les petites mains afin de d\u00e9couvrir les mots de la ferme.\r\nOn fait bouger la poule qui picore.\r\nOn fait appara\u00eetre le coq qui chante \" Cocorico \" On pousse les cochons \u00e0 la queue en tire-bouchon.\r\nOn d\u00e9couvre le lapin qui se cache derri\u00e8re la salade.\r\nOn fait avancer le tracteur et sa remorque.\r\nD\u00e8s 1 an","authors":["Nathalie Choux"],"category_codes":["2000000","2020000","2020500"],"visuals":{"large":"https:\/\/images.epagine.fr\/123\/9782095024123_1_75.jpg","medium":"https:\/\/images.epagine.fr\/123\/9782095024123_1_m.jpg","thumbnail":"https:\/\/images.epagine.fr\/123\/9782095024123_1_v.jpg"},"orderable":true,"show_badge":true,"formatted_price":"8,95&nbsp;\u20ac","formatted_published_date":"5 octobre 2023","publisher_availability_label":"Sur commande","short_details":"Nathalie Choux \u2014 Nathan","translator":null,"weight":286,"page_count":10,"readership":"\u00e0 partir de 1 AN","editor":"Nathan","price":895,"published_date":"2023-10-04T22:00:00.000000Z","support":"Grand format","publisher_availability":1,"stock":0,"editions":[],"url":"https:\/\/quaidesbrumes.com\/ouvrage\/9782095024123\/la-ferme-mon-imagier-anime"},{"id":"9782095029180","title":"La jeune fille au cr\u00e2ne","description":"D\u00e9couvrez l'histoire fascinante de Lucie et du cr\u00e2ne parlant ! Un roman captivant m\u00ealant r\u00e9alisme et fantastique pour les jeunes lecteurs \u00e0 partir de 10 ans.\r\n\r\n\"La jeune fille au cr\u00e2ne\" un roman unique pour les jeunes lecteurs. Lors de vacances en Alsace, Lucie d\u00e9couvre un cr\u00e2ne myst\u00e9rieux dans un ossuaire. De retour chez elle pour sa rentr\u00e9e en sixi\u00e8me, ce cr\u00e2ne pos\u00e9 sur sa table de chevet se met \u00e0 lui parler, bouleversant son quotidien.\r\n\r\nL'auteur aborde l'ann\u00e9e de sixi\u00e8me de fa\u00e7on tr\u00e8s originale et fantaisiste, m\u00ealant habilement r\u00e9alisme contemporain et \u00e9l\u00e9ments fantastiques. Une lecture parfaitement adapt\u00e9e pour les jeunes \u00e0 partir de 10 ans, alliant myst\u00e8re, aventure et d\u00e9couverte de soi dans un univers \u00e0 la fois familier et extraordinaire.","authors":["Beno\u00eet Richter"],"category_codes":["2000000","2040000","2040500"],"visuals":{"large":"https:\/\/images.epagine.fr\/180\/9782095029180_1_75.jpg","medium":"https:\/\/images.epagine.fr\/180\/9782095029180_1_m.jpg","thumbnail":"https:\/\/images.epagine.fr\/180\/9782095029180_1_v.jpg"},"orderable":true,"show_badge":false,"formatted_price":"13,95&nbsp;\u20ac","formatted_published_date":"9 janvier 2025","publisher_availability_label":"Sur commande","short_details":"Beno\u00eet Richter \u2014 Nathan","translator":null,"weight":332,"page_count":256,"readership":"\u00e0 partir de 10 ANS","editor":"Nathan","price":1395,"published_date":"2025-01-08T23:00:00.000000Z","support":"Grand format","publisher_availability":1,"stock":1,"editions":[],"url":"https:\/\/quaidesbrumes.com\/ouvrage\/9782095029180\/la-jeune-fille-au-crane"}]}