{"data":[{"id":"9782408054557","title":"Les oiseaux","description":"Un \u00ab Mes tout premiers docs \u00bb pour se familiariser avec les oiseaux que les enfants peuvent observer dans le jardin, au bord de la mer ou en ville ! Pour d\u00e9couvrir des oiseaux dans diff\u00e9rents environnements \r\nAu r\u00e9veil, Akiko entend les oiseaux chanter. Cui cui ! Puis elle observe une m\u00e9sange qui prend son bain et lisse ses plumes. Ensuite, papa l'emm\u00e8ne d\u00e9couvrir un nid d'hirondelles de fen\u00eatre, les oeufs couv\u00e9s se cassent, et des b\u00e9b\u00e9s oiseaux naissent ! Au parc, Akiko voit un rouge-gorge manger un ver de terre. Puis elle aper\u00e7oit des oiseaux marins aux plumes imperm\u00e9ables : le cormoran, le go\u00e9land, la mouette. \u00c0 la fin de l'\u00e9t\u00e9, le ciel se remplit de cigognes qui migrent vers les pays chauds.Un documentaire riche en vocabulaire et qui permet l'identification des tout-petits \r\nDans ce documentaire, gr\u00e2ce au fil narratif, on apprend en s'amusant le lexique des oiseaux : les ailes, le lissage des plumes, les oeufs couv\u00e9s, les oiseaux migrateurs, les noms de diff\u00e9rentes esp\u00e8ces...Un livre solide, pens\u00e9 pour les tout-petits \r\nDu papier ind\u00e9chirable, des coins ronds, un petit format : une fabrication tr\u00e8s adapt\u00e9e aux petites mains !","authors":["Prune Mah\u00e9sine","Sandra De la prada"],"category_codes":["2000000","2070000","2070300"],"visuals":{"large":"https:\/\/images.epagine.fr\/557\/9782408054557_1_75.jpg","medium":"https:\/\/images.epagine.fr\/557\/9782408054557_1_m.jpg","thumbnail":"https:\/\/images.epagine.fr\/557\/9782408054557_1_v.jpg"},"orderable":true,"show_badge":true,"formatted_price":"5,50&nbsp;\u20ac","formatted_published_date":"2 avril 2025","publisher_availability_label":"Sur commande","short_details":"Prune Mah\u00e9sine, Sandra De la prada \u2014 Milan","translator":null,"weight":178,"page_count":24,"readership":"\u00e0 partir de 2 ANS","editor":"Milan","price":550,"published_date":"2025-04-01T22:00:00.000000Z","support":"Grand format","publisher_availability":1,"stock":0,"editions":[],"url":"https:\/\/quaidesbrumes.com\/ouvrage\/9782408054557\/les-oiseaux"},{"id":"9782075195782","title":"Le piratosaure et le tr\u00e9sor des pyramides","description":"Le Piratosaure a trouv\u00e9 une carte au tr\u00e9sor... mais l'inf\u00e2me Capitaine Castagnette le convoite aussi !","authors":["Alex Sanders"],"category_codes":["2000000","2030000","2030300"],"visuals":{"large":"https:\/\/images.epagine.fr\/782\/9782075195782_1_75.jpg","medium":"https:\/\/images.epagine.fr\/782\/9782075195782_1_m.jpg","thumbnail":"https:\/\/images.epagine.fr\/782\/9782075195782_1_v.jpg"},"orderable":true,"show_badge":true,"formatted_price":"5,50&nbsp;\u20ac","formatted_published_date":"21 septembre 2023","publisher_availability_label":"Sur commande","short_details":"Alex Sanders \u2014 Gallimard Jeunesse","translator":null,"weight":128,"page_count":40,"readership":"\u00e0 partir de 5 ANS","editor":"Gallimard Jeunesse","price":550,"published_date":"2023-09-20T22:00:00.000000Z","support":"Grand format","publisher_availability":1,"stock":0,"editions":["9782075109802"],"url":"https:\/\/quaidesbrumes.com\/ouvrage\/9782075195782\/le-piratosaure-et-le-tresor-des-pyramides"},{"id":"9782745963444","title":"Les dinosaures","description":"Cette collection documentaire pour les petits d\u00e9veloppe des encyclop\u00e9dies accessibles et modernes. Elle se propose de devenir une r\u00e9f\u00e9rence d'images tant pour les parents et leurs enfants que pour les enseignants des \u00e9coles maternelle et primaire.\r\n\r\nConna\u00eetre les diff\u00e9rentes esp\u00e8ces de dinosaures, d\u00e9couvrir les plus connus dans leur milieu naturel, comprendre comment ils vivaient et comment ils ont disparu... \"Mes ann\u00e9es pourquoi\" : pour apprendre et comprendre en images.","authors":["Benjamin B\u00e9cue"],"category_codes":["2000000","2070000","2070300"],"visuals":{"large":"https:\/\/images.epagine.fr\/444\/9782745963444_1_75.jpg","medium":"https:\/\/images.epagine.fr\/444\/9782745963444_1_m.jpg","thumbnail":"https:\/\/images.epagine.fr\/444\/9782745963444_1_v.jpg"},"orderable":true,"show_badge":true,"formatted_price":"12,90&nbsp;\u20ac","formatted_published_date":"4 septembre 2013","publisher_availability_label":"Sur commande","short_details":"Benjamin B\u00e9cue \u2014 Milan","translator":null,"weight":638,"page_count":96,"readership":"\u00e0 partir de 3 ANS","editor":"Milan","price":1290,"published_date":"2013-09-03T22:00:00.000000Z","support":"Grand format","publisher_availability":1,"stock":0,"editions":[],"url":"https:\/\/quaidesbrumes.com\/ouvrage\/9782745963444\/les-dinosaures"},{"id":"9782931273234","title":"Et le monde se portera mieux...","description":"Apr\u00e8s \u00c0 pas de loups, S'aimer et Je t'emm\u00e8ne en voyage. voici notre nouveau livre collectif. Inspir\u00e9 par les illustrations de 40 artistes, Thomas Scotto a \u00e9crit une suite de prologues, d'incipit... autant de premiers pas d'histoires, de \u00abchapitre 1\u00bb, pour imaginer le monde, autant de d\u00e9buts pour que chacun.e s'y fasse une place. Avec la possibilit\u00e9 d'un d\u00e9but de monde \u00e0 chaque nouvelle image, un monde \u00e0 continuer par les lecteurs.ices, ce sont 40 illustrateurs.ices qui se sont empar\u00e9s.\u00e9es de ce th\u00e8me : Carole Chaix, Natali Fortier, Joanna Concejo, R\u00e9gis Lejonc, Laurent Corvaisier...","authors":["Thomas Scotto","Collectif"],"category_codes":["2000000","2030000","2030400"],"visuals":{"large":"https:\/\/images.epagine.fr\/234\/9782931273234_1_75.jpg","medium":"https:\/\/images.epagine.fr\/234\/9782931273234_1_m.jpg","thumbnail":"https:\/\/images.epagine.fr\/234\/9782931273234_1_v.jpg"},"orderable":true,"show_badge":false,"formatted_price":"22,00&nbsp;\u20ac","formatted_published_date":"14 janvier 2026","publisher_availability_label":"Sur commande","short_details":"Thomas Scotto, Collectif \u2014 \u00c0 pas de loups","translator":null,"weight":150,"page_count":88,"readership":"3\/6 ans","editor":"\u00c0 pas de loups","price":2200,"published_date":"2026-01-13T23:00:00.000000Z","support":"Grand format","publisher_availability":1,"stock":1,"editions":[],"url":"https:\/\/quaidesbrumes.com\/ouvrage\/9782931273234\/et-le-monde-se-portera-mieux"},{"id":"9782075169820","title":"Oiseaux","description":"Timide et discret ou \u00e0 l'inverse v\u00e9ritable ma\u00eetre du jardin, roucoulant sur les toits ou volant sur de longues distances... chaque oiseau a sa particularit\u00e9 ! Apprenez \u00e0 les reconna\u00eetre \u00e0 leurs pattes, bec ou plumage, et d\u00e9couvrez la personnalit\u00e9 de 37 oiseaux \u00e0 observer facilement.","authors":["Emmanuelle K\u00e9cir-Lepetit","L\u00e9a Maupetit"],"category_codes":["2000000","2070000","2070300"],"visuals":{"large":"https:\/\/images.epagine.fr\/820\/9782075169820_1_75.jpg","medium":"https:\/\/images.epagine.fr\/820\/9782075169820_1_m.jpg","thumbnail":"https:\/\/images.epagine.fr\/820\/9782075169820_1_v.jpg"},"orderable":true,"show_badge":false,"formatted_price":"16,90&nbsp;\u20ac","formatted_published_date":"26 mai 2022","publisher_availability_label":"Sur commande","short_details":"Emmanuelle K\u00e9cir-Lepetit, L\u00e9a Maupetit \u2014 Gallimard Jeunesse","translator":null,"weight":1720,"page_count":96,"readership":"\u00e0 partir de 7 ANS","editor":"Gallimard Jeunesse","price":1690,"published_date":"2022-05-25T22:00:00.000000Z","support":"Grand format","publisher_availability":1,"stock":1,"editions":[],"url":"https:\/\/quaidesbrumes.com\/ouvrage\/9782075169820\/oiseaux"},{"id":"9782408050689","title":"La tour Eiffel","description":"Dans une nouvelle \u00e9dition, ce \"P'tits docs\" fait d\u00e9couvrir la tour Eiffel, son histoire de sa construction jusqu'\u00e0 nos jours, en passant par Gustave Eiffel, les innovations et nouveaut\u00e9s technologiques qu'elle a n\u00e9cessit\u00e9es, avec une visite des trois \u00e9tages comme si on y \u00e9tait !\r\n\r\nPour conna\u00eetre toute l'histoire de la tour Eiffel\r\nCe \"P'tits docs\" retrace l'histoire de ce monument si connu. Inaugur\u00e9e lors de l'Exposition universelle de 1889, elle \u00e9tait le plus haut b\u00e2timent existant de l'\u00e9poque. La tour devait \u00eatre d\u00e9mont\u00e9e, mais Gustave Eiffel l'a sauv\u00e9e en en faisant un paratonnerre. Elle a aussi servi d'antenne radio pendant la Premi\u00e8re Guerre mondiale, puis de radio grand public plus tard. Aujourd'hui, les gratte-ciels l'ont d\u00e9pass\u00e9e, mais elle fait partie de l'histoire et continue de fasciner petits et grands. \r\n\r\nLa tour Eiffel retrouve ses couleurs d'antan\r\nLa \u00ab Dame de fer \u00bb est un monument qui ne cesse de changer. Elle est repeinte tous les sept ans ! Des travaux sont en cours pour la repeindre en jaune-brun, sa teinte historique du d\u00e9but du XXe si\u00e8cle. Un livre pour accompagner les enfants dans ce voyage dans le pass\u00e9...","authors":["St\u00e9phanie Ledu","Sylvain Cabot"],"category_codes":["2000000","2070000","2070500"],"visuals":{"large":"https:\/\/images.epagine.fr\/689\/9782408050689_1_75.jpg","medium":"https:\/\/images.epagine.fr\/689\/9782408050689_1_m.jpg","thumbnail":"https:\/\/images.epagine.fr\/689\/9782408050689_1_v.jpg"},"orderable":true,"show_badge":true,"formatted_price":"7,90&nbsp;\u20ac","formatted_published_date":"3 avril 2024","publisher_availability_label":"Sur commande","short_details":"St\u00e9phanie Ledu, Sylvain Cabot \u2014 Milan","translator":null,"weight":254,"page_count":32,"readership":"\u00e0 partir de 4 ANS","editor":"Milan","price":790,"published_date":"2024-04-02T22:00:00.000000Z","support":"Grand format","publisher_availability":1,"stock":0,"editions":[],"url":"https:\/\/quaidesbrumes.com\/ouvrage\/9782408050689\/la-tour-eiffel"},{"id":"9782017271314","title":"D\u00e9fil\u00e9s de mode : Fashion","description":"Voici plus de 250 autocollants pour habiller tes mod\u00e8les !\r\nPour chacun d'eux, choisis une tenue, de jolis accessoires ainsi qu'un pr\u00e9nom...\r\nPuis colorie le d\u00e9cor et organise ton plus beau d\u00e9fil\u00e9 !","authors":["Malwina Werner"],"category_codes":["2000000","2080000","2080200"],"visuals":{"large":"https:\/\/images.epagine.fr\/314\/9782017271314_1_75.jpg","medium":"https:\/\/images.epagine.fr\/314\/9782017271314_1_m.jpg","thumbnail":"https:\/\/images.epagine.fr\/314\/9782017271314_1_v.jpg"},"orderable":true,"show_badge":true,"formatted_price":"9,95&nbsp;\u20ac","formatted_published_date":"18 f\u00e9vrier 2026","publisher_availability_label":"Sur commande","short_details":"Malwina Werner \u2014 \u00c9ditions Deux Coqs d'Or","translator":null,"weight":204,"page_count":48,"readership":"6\/9 ans","editor":"\u00c9ditions Deux Coqs d'Or","price":995,"published_date":"2026-02-17T23:00:00.000000Z","support":"Papeterie \/ Coloriage","publisher_availability":1,"stock":0,"editions":[],"url":"https:\/\/quaidesbrumes.com\/ouvrage\/9782017271314\/defiles-de-mode-fashion"},{"id":"9782508062926","title":"Mon p'tit Hemma : Mon gros livre du printemps : Gommettes et coloriage","description":"D\u00e9couvre la magie du printemps avec Mon P'tit Hemma gr\u00e2ce \u00e0 ce gros livre de gommettes repositionnables et de coloriages !\r\nUn format original, avec une jolie d\u00e9coupe, sign\u00e9 Mon P'tit Hemma, pour des moments de plaisir et de d\u00e9tente ! Amusement garanti gr\u00e2ce aux gommettes repositionnables \u00e0 replacer dans les d\u00e9cors printaniers, aux coloriages et aux jolis stickers.","authors":["Collectif","Carotte et Compagnie"],"category_codes":["2000000","2080000","2080200"],"visuals":{"large":"https:\/\/images.epagine.fr\/926\/9782508062926_1_75.jpg","medium":"https:\/\/images.epagine.fr\/926\/9782508062926_1_m.jpg","thumbnail":"https:\/\/images.epagine.fr\/926\/9782508062926_1_v.jpg"},"orderable":true,"show_badge":true,"formatted_price":"0,00&nbsp;\u20ac","formatted_published_date":"5 mars 2026","publisher_availability_label":"Sur commande","short_details":"Collectif, Carotte et Compagnie \u2014 Hemma","translator":null,"weight":224,"page_count":44,"readership":null,"editor":"Hemma","price":0,"published_date":"2026-03-04T23:00:00.000000Z","support":"Papeterie \/ Coloriage","publisher_availability":1,"stock":0,"editions":[],"url":"https:\/\/quaidesbrumes.com\/ouvrage\/9782508062926\/mon-ptit-hemma-mon-gros-livre-du-printemps-gommettes-et-coloriage"},{"id":"9782075153584","title":"Ariel, petit arc-en ciel","description":"Aujourd'hui il pleut, les petites butineuses s'ennuient dans la ruche ! Et Nounou a beau les distraire comme elle peut, voici la petite Ariel qui se met \u00e0 dessiner quelque chose que ses amies Iris et Lily n'ont jamais vu ! Qu'\u00e0 cela ne tienne : un jardin pluvieux, \u00e7a n'a rien d'ennuyeux, on y invente toutes sortes de jeux, et surtout quel bon pr\u00e9texte pour sortir et d\u00e9couvrir avec Ariel l'un des plus beaux spectacles de la nature : un arc-en-ciel !","authors":["Antoon Krings"],"category_codes":["2000000","2030000","2030400"],"visuals":{"large":"https:\/\/images.epagine.fr\/584\/9782075153584_1_75.jpg","medium":"https:\/\/images.epagine.fr\/584\/9782075153584_1_m.jpg","thumbnail":"https:\/\/images.epagine.fr\/584\/9782075153584_1_v.jpg"},"orderable":true,"show_badge":true,"formatted_price":"6,50&nbsp;\u20ac","formatted_published_date":"6 mai 2021","publisher_availability_label":"Sur commande","short_details":"Antoon Krings \u2014 Gallimard Jeunesse-Giboul\u00e9es","translator":null,"weight":232,"page_count":32,"readership":"3\/6 ans","editor":"Gallimard Jeunesse-Giboul\u00e9es","price":650,"published_date":"2021-05-05T22:00:00.000000Z","support":"Grand format","publisher_availability":1,"stock":0,"editions":[],"url":"https:\/\/quaidesbrumes.com\/ouvrage\/9782075153584\/ariel-petit-arc-en-ciel"},{"id":"9782383828075","title":"52 activit\u00e9s \u00e0 fabricoter","description":"D\u00e9couvre 52 id\u00e9es d'activit\u00e9s pour s'occuper \u00e0 la maison : cuisine, r\u00e9alisation de bijoux, d\u00e9guisement de prince...\r\nPour chaque activit\u00e9 propos\u00e9e, retrouve la liste du mat\u00e9riel n\u00e9cessaire, des \u00e9tapes d\u00e9taill\u00e9es et une jolie illustration.\r\nDans un format chevalet hyper pratique pour pouvoir le poser \u00e0 quoi de soi et r\u00e9aliser l'activit\u00e9.\r\nDes activit\u00e9s con\u00e7ues par Emmanuelle Polim\u00e9ni et des illustrations de Joelle Dreidemy","authors":["Emmanuelle Polim\u00e9ni","Jo\u00eblle Dreidemy"],"category_codes":["2000000","2060000","2060200"],"visuals":{"large":"https:\/\/images.epagine.fr\/075\/9782383828075_1_75.jpg","medium":"https:\/\/images.epagine.fr\/075\/9782383828075_1_m.jpg","thumbnail":"https:\/\/images.epagine.fr\/075\/9782383828075_1_v.jpg"},"orderable":true,"show_badge":true,"formatted_price":"12,95&nbsp;\u20ac","formatted_published_date":"6 f\u00e9vrier 2026","publisher_availability_label":"Sur commande","short_details":"Emmanuelle Polim\u00e9ni, Jo\u00eblle Dreidemy \u2014 \u00c9ditions 365","translator":null,"weight":450,"page_count":56,"readership":"\u00e0 partir de 6 ANS","editor":"\u00c9ditions 365","price":1295,"published_date":"2026-02-05T23:00:00.000000Z","support":"Grand format","publisher_availability":1,"stock":0,"editions":[],"url":"https:\/\/quaidesbrumes.com\/ouvrage\/9782383828075\/52-activites-a-fabricoter"},{"id":"9782728937721","title":"Promenade au mus\u00e9e : L'histoire de France racont\u00e9e en 25 oeuvres d'art","description":"25 tableaux \u00e0 d\u00e9couvrir pour mettre l'art et l'histoire de France \u00e0 la port\u00e9e de tous les enfants !\r\n\r\nDe la grotte de Lascaux aux vitraux du D\u00e9barquement, en passant par la tapisserie de Bayeux, les gisants de la basilique Saint-Denis ou Bonaparte franchissant le col du Grand Saint-Bernard : 25 chefs d'oeuvre, pr\u00e9sent\u00e9s dans l'ordre chronologique, avec des clefs de lecture pour mieux comprendre les enjeux historiques et artistiques.\r\n\r\nDes explications claires et des d\u00e9tails tout simples pour conna\u00eetre l'histoire de France, apprendre \u00e0 observer et donner le go\u00fbt des visites culturelles et du patrimoine.","authors":["Sophie Roubertie"],"category_codes":["2000000","2070000","2070800"],"visuals":{"large":"https:\/\/images.epagine.fr\/721\/9782728937721_1_75.jpg","medium":"https:\/\/images.epagine.fr\/721\/9782728937721_1_m.jpg","thumbnail":"https:\/\/images.epagine.fr\/721\/9782728937721_1_v.jpg"},"orderable":true,"show_badge":true,"formatted_price":"19,90&nbsp;\u20ac","formatted_published_date":"12 septembre 2025","publisher_availability_label":"Sur commande","short_details":"Sophie Roubertie \u2014 Criterion","translator":null,"weight":508,"page_count":96,"readership":null,"editor":"Criterion","price":1990,"published_date":"2025-09-11T22:00:00.000000Z","support":"Grand format","publisher_availability":1,"stock":0,"editions":[],"url":"https:\/\/quaidesbrumes.com\/ouvrage\/9782728937721\/promenade-au-musee-lhistoire-de-france-racontee-en-25-oeuvres-dart"},{"id":"9782266323628","title":"Le cercle des 17 Tome 6 : la chute d'Had\u00e8s","description":"Malgr\u00e9 tous les efforts de l'\u00c9lectroclan, les Elgen continuent de se renforcer. Mais Welch, l'ancien bras droit de Hatch, est toujours en cavale... et Quentin, Tara et Torstyn, ses trois enfants \u00e9lectriques les plus puissants, l'ont trahi. Michael et ses amis ont un plan pour arr\u00eater Hatch d\u00e9finitivement. Avec l'aide de leurs ennemis...","authors":["Richard Paul Evans","Christophe Rosson"],"category_codes":["2000000","2040000","2040500","2040503"],"visuals":{"large":"https:\/\/images.epagine.fr\/628\/9782266323628_1_75.jpg","medium":"https:\/\/images.epagine.fr\/628\/9782266323628_1_m.jpg","thumbnail":"https:\/\/images.epagine.fr\/628\/9782266323628_1_v.jpg"},"orderable":true,"show_badge":true,"formatted_price":"8,10&nbsp;\u20ac","formatted_published_date":"5 mai 2022","publisher_availability_label":"Sur commande","short_details":"Richard Paul Evans, Christophe Rosson \u2014 Pocket Jeunesse","translator":"CHRISTOPHE ROSSON","weight":234,"page_count":448,"readership":"9\/12 ans","editor":"Pocket Jeunesse","price":810,"published_date":"2022-05-04T22:00:00.000000Z","support":"Poche","publisher_availability":1,"stock":0,"editions":["9782266228794"],"url":"https:\/\/quaidesbrumes.com\/ouvrage\/9782266323628\/le-cercle-des-17-tome-6-la-chute-dhades"},{"id":"9782075170956","title":"La petite encyclop\u00e9die des dinosaures","description":"Qui sont les dinosaures ? Quand ont-ils v\u00e9cu ? Pourquoi ont-ils disparu ? Comment sait-on qu'ils ont exist\u00e9 ? \u00c0 travers les plus anciennes p\u00e9riodes de la pr\u00e9histoire et les transformations de notre plan\u00e8te, bien avant l'apparition des humains, partez \u00e0 la d\u00e9couverte des grands reptiles fossiles, de leur mode de vie, des plantes et des autres animaux de leur \u00e9poque.","authors":["Sophie Lamoureux"],"category_codes":["2000000","2070000","2070400"],"visuals":{"large":"https:\/\/images.epagine.fr\/956\/9782075170956_1_75.jpg","medium":"https:\/\/images.epagine.fr\/956\/9782075170956_1_m.jpg","thumbnail":"https:\/\/images.epagine.fr\/956\/9782075170956_1_v.jpg"},"orderable":true,"show_badge":true,"formatted_price":"14,90&nbsp;\u20ac","formatted_published_date":"8 septembre 2022","publisher_availability_label":"Sur commande","short_details":"Sophie Lamoureux \u2014 Gallimard Jeunesse","translator":null,"weight":604,"page_count":68,"readership":"\u00e0 partir de 3 ANS","editor":"Gallimard Jeunesse","price":1490,"published_date":"2022-09-07T22:00:00.000000Z","support":"Grand format","publisher_availability":1,"stock":0,"editions":[],"url":"https:\/\/quaidesbrumes.com\/ouvrage\/9782075170956\/la-petite-encyclopedie-des-dinosaures"},{"id":"9782215187851","title":"Aladin","description":"Il \u00e9tait une fois... L'histoire d'Aladin tendrement illustr\u00e9e pour faire d\u00e9couvrir aux tout-petits les contes de notre enfance.","authors":["Agn\u00e8s Yvan"],"category_codes":["2000000","2030000","2030400"],"visuals":{"large":"https:\/\/images.epagine.fr\/851\/9782215187851_1_75.jpg","medium":"https:\/\/images.epagine.fr\/851\/9782215187851_1_m.jpg","thumbnail":"https:\/\/images.epagine.fr\/851\/9782215187851_1_v.jpg"},"orderable":true,"show_badge":true,"formatted_price":"1,99&nbsp;\u20ac","formatted_published_date":"22 ao\u00fbt 2025","publisher_availability_label":"Sur commande","short_details":"Agn\u00e8s Yvan \u2014 Fleurus","translator":null,"weight":80,"page_count":16,"readership":"\u00e0 partir de 4 ANS","editor":"Fleurus","price":199,"published_date":"2025-08-21T22:00:00.000000Z","support":"Grand format","publisher_availability":1,"stock":0,"editions":[],"url":"https:\/\/quaidesbrumes.com\/ouvrage\/9782215187851\/aladin"},{"id":"3127020500833","title":"Ou es-tu petit bleu?","description":"Installez le plateau et choisissiez votre couleur. Serez-vous Petit-Bleu ou Petit-Jaune ? R\u00e9unissez-les sur la case d\u00e9part, devenez Petit-Bleu\u00a0ou Petit-jaune, revivez-avec eux leurs aventures (au parc, en classe, avec\u00a0leurs amis) et aidez-les \u00e0 rejoindre leurs parents. Le premier arriv\u00e9 a gagn\u00e9 ! Un jeu tendre et color\u00e9 pour les tout-petits. 2 joueurs, 1 plateau, 1 d\u00e9, 2 pions.\r","authors":["Leo Lionni"],"category_codes":["2000000","2060000","2060500"],"visuals":{"large":"https:\/\/images.epagine.fr\/833\/3127020500833_1_75.jpg","medium":"https:\/\/images.epagine.fr\/833\/3127020500833_1_m.jpg","thumbnail":"https:\/\/images.epagine.fr\/833\/3127020500833_1_v.jpg"},"orderable":true,"show_badge":true,"formatted_price":"0,00&nbsp;\u20ac","formatted_published_date":"16 septembre 2020","publisher_availability_label":"Sur commande","short_details":"Leo Lionni \u2014 L'\u00c9cole des loisirs","translator":null,"weight":309,"page_count":1,"readership":"\u00e0 partir de 3 ANS","editor":"L'\u00c9cole des loisirs","price":0,"published_date":"2020-09-15T22:00:00.000000Z","support":"Objet","publisher_availability":1,"stock":0,"editions":[],"url":"https:\/\/quaidesbrumes.com\/ouvrage\/3127020500833\/ou-es-tu-petit-bleu"},{"id":"9782884800228","title":"Le cousin de Max et Lili se drogue","description":"Chouette, Victor vient pour le week-end ! Mais Max et Lili ne reconnaissent plus leur grand cousin. Ils le trouvent ramolli et lointain. Ils d\u00e9couvrent qu'il fume des p\u00e9tards, du cannabis... Ce livre de Max et Lili explique que m\u00eame une drogue \u00abdouce\u00bb est un dangereux faux ami qui donne un plaisir passager mais rend seul, emp\u00eache d'apprendre, cache la d\u00e9prime derri\u00e8re un \u00e9cran de fum\u00e9e, et l'aggrave ! Les drogues \u00abdouces\u00bb peuvent mener aux crises d'angoisse et aux drogues \u00abdures\u00bb. A tout \u00e2ge, on a le droit de dire non \u00e0 un copain, de parler de ses stress, de trouver des plaisirs qui ne sont pas des poisons, pour rester ma\u00eetre de sa vie !\r","authors":["Dominique de Saint-Mars","Serge Bloch"],"category_codes":["2000000","2040000","2040200"],"visuals":{"large":"https:\/\/images.epagine.fr\/228\/9782884800228_1_75.jpg","medium":"https:\/\/images.epagine.fr\/228\/9782884800228_1_m.jpg","thumbnail":"https:\/\/images.epagine.fr\/228\/9782884800228_1_v.jpg"},"orderable":true,"show_badge":true,"formatted_price":"6,20&nbsp;\u20ac","formatted_published_date":"24 janvier 2005","publisher_availability_label":"Sur commande","short_details":"Dominique de Saint-Mars, Serge Bloch \u2014 Calligram","translator":null,"weight":120,"page_count":43,"readership":"6\/9 ans","editor":"Calligram","price":620,"published_date":"2005-01-23T23:00:00.000000Z","support":"Grand format","publisher_availability":1,"stock":0,"editions":[],"url":"https:\/\/quaidesbrumes.com\/ouvrage\/9782884800228\/le-cousin-de-max-et-lili-se-drogue"},{"id":"9782931296288","title":"Un coin pour bruncher","description":"Ce matin, tous les canards se r\u00e9unissent pour bruncher. Et Philippe qui avait compl\u00e8tement oubli\u00e9! Brioche moelleuse pour se r\u00e9veiller, soupe orange pour barboter, confiture, oeufs trou\u00e9s ou chocolat chaud \u00e9pic\u00e9, il y a de quoi se r\u00e9galer ! Philippe fera un d'une nappe \u00e0 carreaux un baluchon pour emporter les cookies restants.\r\nAussi illustratrice que p\u00e2tissi\u00e8re, Juliette Farges a combin\u00e9 ses deux m\u00e9tiers ! Elle cr\u00e9e deux petits albums m\u00ealant une histoire et des recettes, con\u00e7ues pour \u00eatre facilement r\u00e9alis\u00e9es par des enfants. Ses illustrations na\u00efves et gourmandes ajoutent de la fantaisie \u00e0 ses r\u00e9cits culinaires.","authors":["Juliette Farges"],"category_codes":["2000000","2020000","2020400"],"visuals":{"large":"https:\/\/images.epagine.fr\/288\/9782931296288_1_75.jpg","medium":"https:\/\/images.epagine.fr\/288\/9782931296288_1_m.jpg","thumbnail":"https:\/\/images.epagine.fr\/288\/9782931296288_1_v.jpg"},"orderable":true,"show_badge":false,"formatted_price":"11,90&nbsp;\u20ac","formatted_published_date":"12 septembre 2025","publisher_availability_label":"Sur commande","short_details":"Juliette Farges \u2014 Versant Sud Jeunesse","translator":null,"weight":220,"page_count":32,"readership":"\u00e0 partir de 4 ANS","editor":"Versant Sud Jeunesse","price":1190,"published_date":"2025-09-11T22:00:00.000000Z","support":"Grand format","publisher_availability":1,"stock":1,"editions":[],"url":"https:\/\/quaidesbrumes.com\/ouvrage\/9782931296288\/un-coin-pour-bruncher"},{"id":"9782732499222","title":"Sexe : mes premiers pas sans tabou ni complexe","description":"TOUT CE QU'IL FAUT SAVOIR AVANT DE TE LANCER DANS L'AVENTURE DE LA SEXUALIT\u00c9.\r\nCorps, identit\u00e9, amour, d\u00e9sir, masturbation, orientation sexuelle, contraception, consentement, plaisir, mais aussi porno, violences sexuelles et slut shaming...\r\n\r\nTrouve dans ce manuel les r\u00e9ponses \u00e0 tous tes questionnements, m\u00eame les plus intimes.\r\nSans tabou ni complexe, ce livre guidera tes premiers pas vers une sexualit\u00e9 respectueuse et \u00e9panouie.","authors":["Emma Strack","Benjamin Chaud","Isabelle Rabarot"],"category_codes":["2000000","2050000","2050400"],"visuals":{"large":"https:\/\/images.epagine.fr\/222\/9782732499222_1_75.jpg","medium":"https:\/\/images.epagine.fr\/222\/9782732499222_1_m.jpg","thumbnail":"https:\/\/images.epagine.fr\/222\/9782732499222_1_v.jpg"},"orderable":true,"show_badge":true,"formatted_price":"17,50&nbsp;\u20ac","formatted_published_date":"3 mars 2023","publisher_availability_label":"Sur commande","short_details":"Emma Strack, Benjamin Chaud, Isabelle Rabarot \u2014 La Martini\u00e8re jeunesse","translator":null,"weight":458,"page_count":160,"readership":"\u00e0 partir de 12 ANS","editor":"La Martini\u00e8re jeunesse","price":1750,"published_date":"2023-03-02T23:00:00.000000Z","support":"Grand format","publisher_availability":1,"stock":0,"editions":[],"url":"https:\/\/quaidesbrumes.com\/ouvrage\/9782732499222\/sexe-mes-premiers-pas-sans-tabou-ni-complexe"},{"id":"9791040123309","title":"Throne of Glass - Le Tr\u00f4ne de verre : La lame de l'assassineuse","description":"LA NAISSANCE D'UNE L\u00c9GENDE. \r\n\r\nRien ni personne ne r\u00e9siste \u00e0 Celaena Sardothien, la tueuse la plus redout\u00e9e du royaume d'Adarlan. \r\nLa jeune femme doit sa r\u00e9putation et ses nombreux contrats \u00e0 son ma\u00eetre, Arobynn Hamel, en qui elle a une confiance infinie. \r\nMais lorsque ce dernier l'envoie en mission loin de la capitale, Celaena se retrouve confront\u00e9e \u00e0 des choix difficiles, loin de l'influence de son mentor. \r\nBient\u00f4t, c'est son all\u00e9geance \u00e0 la Guilde des assassins qu'elle remet en question...\r\n\r\nLe pass\u00e9 de Celaena enfin d\u00e9voil\u00e9 dans cinq r\u00e9cits in\u00e9dits.","authors":["Sarah J. Maas"],"category_codes":["2000000","2050000","2050200","2050204"],"visuals":{"large":"https:\/\/images.epagine.fr\/309\/9791040123309_1_75.jpg","medium":"https:\/\/images.epagine.fr\/309\/9791040123309_1_m.jpg","thumbnail":"https:\/\/images.epagine.fr\/309\/9791040123309_1_v.jpg"},"orderable":true,"show_badge":true,"formatted_price":"25,00&nbsp;\u20ac","formatted_published_date":"7 novembre 2025","publisher_availability_label":"Sur commande","short_details":"Sarah J. Maas \u2014 La Martini\u00e8re jeunesse","translator":null,"weight":616,"page_count":464,"readership":"\u00e0 partir de 15 ans","editor":"La Martini\u00e8re jeunesse","price":2500,"published_date":"2025-11-06T23:00:00.000000Z","support":"Grand format","publisher_availability":1,"stock":0,"editions":["9791040122791"],"url":"https:\/\/quaidesbrumes.com\/ouvrage\/9791040123309\/throne-of-glass-le-trone-de-verre-la-lame-de-lassassineuse"},{"id":"9782092493694","title":"Vir\u00e9e mortelle","description":"Meurtres et rumeurs, par la reine du thriller ado ! \r\nUn matin, les ex-meilleurs amis Ivy, Mateo et Cal se retrouvent par hasard et d\u00e9cident de s\u00e9cher les cours, sans rien dire \u00e0 personne. Mais lorsqu'ils tombent sur le cadavre de Boney, le meilleur \u00e9l\u00e8ve du lyc\u00e9e, et qu'ils sont film\u00e9s en train de s'enfuir, leur journ\u00e9e de repos va se transformer en course contre la montre. Alors que les rumeurs au lyc\u00e9e deviennent folles, ils n'ont que quelques heures pour trouver le meurtrier et ses prochaines victimes...\r\n\r\n\r\n\r\n\r\nUn thriller ado \u00e0 lire d\u00e8s 13 ans !","authors":["Karen M. McManus","Anne Delcourt"],"category_codes":["2000000","2050000","2050200","2050206"],"visuals":{"large":"https:\/\/images.epagine.fr\/694\/9782092493694_1_75.jpg","medium":"https:\/\/images.epagine.fr\/694\/9782092493694_1_m.jpg","thumbnail":"https:\/\/images.epagine.fr\/694\/9782092493694_1_v.jpg"},"orderable":true,"show_badge":true,"formatted_price":"18,95&nbsp;\u20ac","formatted_published_date":"2 mars 2023","publisher_availability_label":"Sur commande","short_details":"Karen M. McManus, Anne Delcourt \u2014 Nathan","translator":"ANNE DELCOURT","weight":458,"page_count":384,"readership":"\u00e0 partir de 13 ANS","editor":"Nathan","price":1895,"published_date":"2023-03-01T23:00:00.000000Z","support":"Grand format","publisher_availability":1,"stock":0,"editions":[],"url":"https:\/\/quaidesbrumes.com\/ouvrage\/9782092493694\/viree-mortelle"},{"id":"9782017132059","title":"L'\u00e9talon noir Tome 3 : le ranch de l'\u00e9talon noir","description":"Alec participe \u00e0 de nombreuses courses avec Satan, le fils de Black, offert comme promis par Abou ben Ichak. Black, rest\u00e9 en Arabie, lui manque cruellement. Mais Abou ben Ichak meurt \u00e0 la suite d'une chute. Conform\u00e9ment \u00e0 ses derni\u00e8res volont\u00e9s, l'\u00e9talon noir est transport\u00e9 aux \u00c9tats-Unis et Alec l'enr\u00f4le dans la Coupe Internationale.\r","authors":["Steven Farley","Walter Farley","Jean Muray"],"category_codes":["2000000","2040000","2040300"],"visuals":{"large":"https:\/\/images.epagine.fr\/059\/9782017132059_1_75.jpg","medium":"https:\/\/images.epagine.fr\/059\/9782017132059_1_m.jpg","thumbnail":"https:\/\/images.epagine.fr\/059\/9782017132059_1_v.jpg"},"orderable":true,"show_badge":true,"formatted_price":"6,50&nbsp;\u20ac","formatted_published_date":"16 juin 2021","publisher_availability_label":"Sur commande","short_details":"Steven Farley, Walter Farley, Jean Muray \u2014 Hachette Jeunesse","translator":"JEAN MURAY","weight":288,"page_count":272,"readership":"\u00e0 partir de 8 ANS","editor":"Hachette Jeunesse","price":650,"published_date":"2021-06-15T22:00:00.000000Z","support":"Poche","publisher_availability":1,"stock":0,"editions":[],"url":"https:\/\/quaidesbrumes.com\/ouvrage\/9782017132059\/letalon-noir-tome-3-le-ranch-de-letalon-noir"},{"id":"9791023521870","title":"Trop classe la sixi\u00e8me ! Tome 1 : Les aventures h\u00e9ro\u00efques d'un gar\u00e7on pas h\u00e9ro\u00efque du tout","description":"Trevor n'aime pas le changements. Alors, ce matin, il a toutes les raisons d'\u00eatre angoiss\u00e9 : il entre en sixi\u00e8me. Quand sa meilleure amie Libby lui annonce qu'ils doivent se faire de nouveaux amis, et qu'il ne pourra plus compter sur elle pour le sortir de ses faux pas, c'est la panique. Sans compter que Corey, un m\u00e9chant cinqui\u00e8me, fait aussit\u00f4t de lui son souffre-douleur... \r\nMais le pire reste \u00e0 venir et Trevor va devoir prendre son courage \u00e0 deux mains : il va devoir se trouver une cavali\u00e8re pour le bal de la rentr\u00e9e. Tr\u00e9vor survivra-t-il \u00e0 cette rentr\u00e9e catastrophique ? Rien n'est moins s\u00fbr, car en plus d'\u00eatre timide, il est le roi des gaffeurs !","authors":["Robin Mellom","Stephen Gilpin","Sabine Boulongne"],"category_codes":["2000000","2040000","2040500","2040508"],"visuals":{"large":"https:\/\/images.epagine.fr\/870\/9791023521870_1_75.jpg","medium":"https:\/\/images.epagine.fr\/870\/9791023521870_1_m.jpg","thumbnail":"https:\/\/images.epagine.fr\/870\/9791023521870_1_v.jpg"},"orderable":true,"show_badge":true,"formatted_price":"13,90&nbsp;\u20ac","formatted_published_date":"5 septembre 2025","publisher_availability_label":"Sur commande","short_details":"Robin Mellom, Stephen Gilpin, Sabine Boulongne \u2014 Le Seuil jeunesse","translator":"SABINE BOULONGNE","weight":276,"page_count":304,"readership":"\u00e0 partir de 9 ANS","editor":"Le Seuil jeunesse","price":1390,"published_date":"2025-09-04T22:00:00.000000Z","support":"Grand format","publisher_availability":1,"stock":0,"editions":[],"url":"https:\/\/quaidesbrumes.com\/ouvrage\/9791023521870\/trop-classe-la-sixieme-tome-1-les-aventures-heroiques-dun-garcon-pas-heroique-du-tout"},{"id":"9791023522426","title":"Trop classe la sixi\u00e8me ! Tome 2 : Ne votez pas pour moi !","description":"Trevor a finalement plut\u00f4t bien r\u00e9ussi son entr\u00e9e au coll\u00e8ge. En affrontant Corey , le tyran des cinqui\u00e8mes, il est m\u00eame devenu... cool ! Profitant de sa nouvelle popularit\u00e9, il aide sa meilleure amie Libby \u00e0 se pr\u00e9senter aux \u00e9lections des d\u00e9l\u00e9gu\u00e9s de classe.\r\nMais dans la jungle du coll\u00e8ge, le moindre faux pas peut vous co\u00fbter cher. Et quand Trevor provoque une catastrophe \u00e0 la caf\u00e9t\u00e9ria, il redevient un z\u00e9ro...\r\nForc\u00e9 de se pr\u00e9senter aux \u00e9lections des d\u00e9l\u00e9gu\u00e9s par manque de candidats, il se dit que, au moins, Libby est s\u00fbre de gagner contre lui. Mais quand il d\u00e9couvre que Libby l'a trahi, Trevor voit rouge : la guerre est d\u00e9clar\u00e9e !","authors":["Robin Mellom","Stephen Gilpin","Sabine Boulongne"],"category_codes":["2000000","2040000","2040500","2040508"],"visuals":{"large":"https:\/\/images.epagine.fr\/426\/9791023522426_1_75.jpg","medium":"https:\/\/images.epagine.fr\/426\/9791023522426_1_m.jpg","thumbnail":"https:\/\/images.epagine.fr\/426\/9791023522426_1_v.jpg"},"orderable":true,"show_badge":true,"formatted_price":"13,90&nbsp;\u20ac","formatted_published_date":"5 septembre 2025","publisher_availability_label":"Sur commande","short_details":"Robin Mellom, Stephen Gilpin, Sabine Boulongne \u2014 Le Seuil jeunesse","translator":"SABINE BOULONGNE","weight":276,"page_count":288,"readership":"\u00e0 partir de 9 ANS","editor":"Le Seuil jeunesse","price":1390,"published_date":"2025-09-04T22:00:00.000000Z","support":"Grand format","publisher_availability":1,"stock":0,"editions":[],"url":"https:\/\/quaidesbrumes.com\/ouvrage\/9791023522426\/trop-classe-la-sixieme-tome-2-ne-votez-pas-pour-moi"},{"id":"9782244106557","title":"Coloriage ; les animaux de la ferme","description":"Des coloriages sous forme de bloc, avec de gros et grands dessins adapt\u00e9s aux petites mains. Des coloriages avec des traits \u00e9pais, en couleur, pour aider l'enfant \u00e0 ne pas d\u00e9passer et avec un mod\u00e8le pour le guider.","authors":["Marie-H\u00e9l\u00e8ne Gr\u00e9goire"],"category_codes":["2000000","2080000","2080300"],"visuals":{"large":"https:\/\/images.epagine.fr\/557\/9782244106557_1_75.jpg","medium":"https:\/\/images.epagine.fr\/557\/9782244106557_1_m.jpg","thumbnail":"https:\/\/images.epagine.fr\/557\/9782244106557_1_v.jpg"},"orderable":true,"show_badge":true,"formatted_price":"5,00&nbsp;\u20ac","formatted_published_date":"1er mars 2026","publisher_availability_label":"Sur commande","short_details":"Marie-H\u00e9l\u00e8ne Gr\u00e9goire \u2014 \u00c9ditions Lito","translator":null,"weight":225,"page_count":48,"readership":"\u00e0 partir de 2 ANS","editor":"\u00c9ditions Lito","price":500,"published_date":"2026-02-28T23:00:00.000000Z","support":"Papeterie \/ Coloriage","publisher_availability":1,"stock":0,"editions":["9782244106571"],"url":"https:\/\/quaidesbrumes.com\/ouvrage\/9782244106557\/coloriage-les-animaux-de-la-ferme"}]}