{"data":[{"id":"9782809694659","title":"Harry Potter : Mes coloriages mignons : Hermione et ses amis","description":"Plongez dans l'univers magique de Poudlard avec ce carnet de coloriage Harry Potter au style \"chibi\", aussi mignon qu'ensorcelant ! Red\u00e9couvrez vos personnages pr\u00e9f\u00e9r\u00e9s (Harry, Hermione, Ron, Hagrid, Dobby, etc.) dans une version adorable et pleine de charme, \u00e0 colorier selon vos envies.\r\n\u00a0 \r\nUn moment de d\u00e9tente et de cr\u00e9ativit\u00e9 garanti :\r\nQue vous soyez un enfant fan de sorcellerie ou un adulte en qu\u00eate de relaxation, ce carnet est fait pour vous. Le coloriage est une activit\u00e9 apaisante, id\u00e9ale pour se d\u00e9connecter et stimuler l'imaginaire.\r\n\u00a0 \r\nPlus de 70 illustrations \u00e0 colorier\r\nConvient aux enfants comme aux adultes\r\nPapier de qualit\u00e9 adapt\u00e9 aux crayons et feutres\r\nId\u00e9al pour les fans de Harry Potter, les artistes en herbe et les moments de d\u00e9tente\u00a0 \r\nLaissez parler votre magie, un coloriage \u00e0 la fois !","authors":["Collectif"],"category_codes":["2000000","2080000","2080300"],"visuals":{"large":"https:\/\/images.epagine.fr\/659\/9782809694659_1_75.jpg","medium":"https:\/\/images.epagine.fr\/659\/9782809694659_1_m.jpg","thumbnail":"https:\/\/images.epagine.fr\/659\/9782809694659_1_v.jpg"},"orderable":true,"show_badge":true,"formatted_price":"10,90&nbsp;\u20ac","formatted_published_date":"4 f\u00e9vrier 2026","publisher_availability_label":"Sur commande","short_details":"Collectif \u2014 \u00c9ditions playBac","translator":null,"weight":178,"page_count":80,"readership":"\u00e0 partir de 6 ANS","editor":"\u00c9ditions playBac","price":1090,"published_date":"2026-02-03T23:00:00.000000Z","support":"Papeterie \/ Coloriage","publisher_availability":1,"stock":0,"editions":[],"url":"https:\/\/quaidesbrumes.com\/ouvrage\/9782809694659\/harry-potter-mes-coloriages-mignons-hermione-et-ses-amis"},{"id":"9782324036378","title":"Mes premiers airs de carnaval","description":"Le tour du monde des carnavals !\r\nAvec ses puces sonores musicales, ce recueil est unique. Sur chaque page, l'enfant recherche dans l'illustration le petit bouton qui d\u00e9clenchera la musique.\r\n\r\nDe Rio de Janeiro \u00e0 la Nouvelle-Orl\u00e9ans, de Dunkerque \u00e0 Venise ou de Binche (Belgique) \u00e0 Mindelo (Cap vert), c'est une plong\u00e9e dans l'ambiance effr\u00e9n\u00e9e ces incontournables carnavals que nous propose ce livre sonore.\r\nLes illustrations minimalistes dans le choix des couleurs, tr\u00e8s stylis\u00e9es de Manon Bucciarelli, entrainent les petits vers de nouvelles d\u00e9couvertes graphiques.","authors":["Manon Bucciarelli"],"category_codes":["2000000","2020000","2020600"],"visuals":{"large":"https:\/\/images.epagine.fr\/378\/9782324036378_1_75.jpg","medium":"https:\/\/images.epagine.fr\/378\/9782324036378_1_m.jpg","thumbnail":"https:\/\/images.epagine.fr\/378\/9782324036378_1_v.jpg"},"orderable":true,"show_badge":true,"formatted_price":"12,00&nbsp;\u20ac","formatted_published_date":"30 janvier 2025","publisher_availability_label":"Sur commande","short_details":"Manon Bucciarelli \u2014 Gr\u00fcnd","translator":null,"weight":216,"page_count":6,"readership":"0\/3 ans","editor":"Gr\u00fcnd","price":1200,"published_date":"2025-01-29T23:00:00.000000Z","support":"Grand format","publisher_availability":1,"stock":0,"editions":[],"url":"https:\/\/quaidesbrumes.com\/ouvrage\/9782324036378\/mes-premiers-airs-de-carnaval"},{"id":"9782017901617","title":"Pok\u00e9mon : Pok\u00e9dex \u00e0 colorier Alola","description":"Les Pok\u00e9mon d\u00e9couverts \u00e0 Alola te fascinent ?\r\nCe livre de coloriages est fait pour toi !\r\nTypes, cat\u00e9gories, \u00e9volutions, faiblesses...\r\nD\u00e9couvre les informations incontournables, prends tes plus beaux crayons et c'est parti !","authors":["Collectif"],"category_codes":["2000000","2080000","2080300"],"visuals":{"large":"https:\/\/images.epagine.fr\/617\/9782017901617_1_75.jpg","medium":"https:\/\/images.epagine.fr\/617\/9782017901617_1_m.jpg","thumbnail":"https:\/\/images.epagine.fr\/617\/9782017901617_1_v.jpg"},"orderable":true,"show_badge":true,"formatted_price":"5,00&nbsp;\u20ac","formatted_published_date":"4 mars 2026","publisher_availability_label":"Sur commande","short_details":"Collectif \u2014 Hachette Jeunesse","translator":null,"weight":139,"page_count":64,"readership":null,"editor":"Hachette Jeunesse","price":500,"published_date":"2026-03-03T23:00:00.000000Z","support":"Grand format","publisher_availability":1,"stock":0,"editions":[],"url":"https:\/\/quaidesbrumes.com\/ouvrage\/9782017901617\/pokemon-pokedex-a-colorier-alola"},{"id":"9782244111667","title":"Coloriage : La mer","description":null,"authors":["Marion Billet"],"category_codes":["2000000","2080000","2080300"],"visuals":{"large":"https:\/\/images.epagine.fr\/667\/9782244111667_1_75.jpg","medium":"https:\/\/images.epagine.fr\/667\/9782244111667_1_m.jpg","thumbnail":"https:\/\/images.epagine.fr\/667\/9782244111667_1_v.jpg"},"orderable":true,"show_badge":true,"formatted_price":"3,90&nbsp;\u20ac","formatted_published_date":"1er mars 2026","publisher_availability_label":"Sur commande","short_details":"Marion Billet \u2014 \u00c9ditions Lito","translator":null,"weight":69,"page_count":12,"readership":"\u00e0 partir de 3 ANS","editor":"\u00c9ditions Lito","price":390,"published_date":"2026-02-28T23:00:00.000000Z","support":"Papeterie \/ Coloriage","publisher_availability":1,"stock":0,"editions":[],"url":"https:\/\/quaidesbrumes.com\/ouvrage\/9782244111667\/coloriage-la-mer"},{"id":"9782080443830","title":"Mon imagier nature : La montagne","description":"Pour toutes les petites mains ! Observe attentivement la nature qui t'entoure et d\u00e9couvre le monde merveilleux de la montagne. Marmotte - Edelweiss - Bouquetin - \u00c9pic\u00e9a - Ours brun.","authors":["Adeline Ruel"],"category_codes":["2000000","2020000","2020300"],"visuals":{"large":"https:\/\/images.epagine.fr\/830\/9782080443830_1_75.jpg","medium":"https:\/\/images.epagine.fr\/830\/9782080443830_1_m.jpg","thumbnail":"https:\/\/images.epagine.fr\/830\/9782080443830_1_v.jpg"},"orderable":true,"show_badge":false,"formatted_price":"9,95&nbsp;\u20ac","formatted_published_date":"17 avril 2024","publisher_availability_label":"Sur commande","short_details":"Adeline Ruel \u2014 P\u00e8re Castor","translator":null,"weight":228,"page_count":12,"readership":"0\/3 ans","editor":"P\u00e8re Castor","price":995,"published_date":"2024-04-16T22:00:00.000000Z","support":"Grand format","publisher_availability":1,"stock":1,"editions":[],"url":"https:\/\/quaidesbrumes.com\/ouvrage\/9782080443830\/mon-imagier-nature-la-montagne"},{"id":"9782812623233","title":"Les m\u00e9sanges Tome 1 : Abi","description":"Abi a une sp\u00e9cialit\u00e9 : se rendre invisible. D'ailleurs, elle ma\u00eetrise sur le bout des doigts l'art de rester dans l'ombre et les techniques les plus subtiles pour ne pas se faire remarquer. Mais avec une m\u00e8re am\u00e9ricano-babacool tendance chamane adepte du no bra, une petite soeur beaucoup trop populaire et sa nouvelle amie Lila (trop maquill\u00e9e, trop court, trop strass, trop paillettes, trop grande gueule), Abi va devoir sortir de sa zone de confort et affronter les regards.","authors":["Audrey Bischoff"],"category_codes":["2000000","2050000","2050200"],"visuals":{"large":"https:\/\/images.epagine.fr\/233\/9782812623233_1_75.jpg","medium":"https:\/\/images.epagine.fr\/233\/9782812623233_1_m.jpg","thumbnail":"https:\/\/images.epagine.fr\/233\/9782812623233_1_v.jpg"},"orderable":true,"show_badge":true,"formatted_price":"11,80&nbsp;\u20ac","formatted_published_date":"6 avril 2022","publisher_availability_label":"Sur commande","short_details":"Audrey Bischoff \u2014 Rouergue","translator":null,"weight":182,"page_count":144,"readership":"3\/6 ans","editor":"Rouergue","price":1180,"published_date":"2022-04-05T22:00:00.000000Z","support":"Grand format","publisher_availability":1,"stock":0,"editions":[],"url":"https:\/\/quaidesbrumes.com\/ouvrage\/9782812623233\/les-mesanges-tome-1-abi"},{"id":"9791039562188","title":"Mes puzzles en bois : Mon grand puzzle du monde Loup","description":"Ce magnifique puzzle g\u00e9ant fera voyager les enfants !\r\n\r\nUne carte tr\u00e8s bien illustr\u00e9e et compl\u00e8te sur laquelle les enfants pourront retrouver les beaut\u00e9s de notre plan\u00e8te !\r\n\r\nUn poster est inclu dans la bo\u00eete pour aider les enfants \u00e0 r\u00e9aliser le puzzle !","authors":["Orianne Lallemand","El\u00e9onore Thuillier"],"category_codes":["2000000","2060000","2060500"],"visuals":{"large":"https:\/\/images.epagine.fr\/188\/9791039562188_1_75.jpg","medium":"https:\/\/images.epagine.fr\/188\/9791039562188_1_m.jpg","thumbnail":"https:\/\/images.epagine.fr\/188\/9791039562188_1_v.jpg"},"orderable":true,"show_badge":true,"formatted_price":"0,00&nbsp;\u20ac","formatted_published_date":"9 octobre 2025","publisher_availability_label":"Sur commande","short_details":"Orianne Lallemand, El\u00e9onore Thuillier \u2014 Auzou","translator":null,"weight":1040,"page_count":null,"readership":"Tout public","editor":"Auzou","price":0,"published_date":"2025-10-08T22:00:00.000000Z","support":"Objet","publisher_availability":1,"stock":0,"editions":[],"url":"https:\/\/quaidesbrumes.com\/ouvrage\/9791039562188\/mes-puzzles-en-bois-mon-grand-puzzle-du-monde-loup"},{"id":"9782080292520","title":"Inspecteur Raptor Tome 2 : Le gang des oeufs","description":"On a vol\u00e9 des oeufs de Sauropodes ! Voil\u00e0 une affaire pour Raptor et son \u00e9quipe de choc. Entre les analyses des empreintes et les interrogatoires des suspects, les dinos ne sont pas au bout de leurs surprises...","authors":["Etienne Friess","Laurent Souill\u00e9","Olivier Souill\u00e9"],"category_codes":["2000000","2040000","2040500"],"visuals":{"large":"https:\/\/images.epagine.fr\/520\/9782080292520_1_75.jpg","medium":"https:\/\/images.epagine.fr\/520\/9782080292520_1_m.jpg","thumbnail":"https:\/\/images.epagine.fr\/520\/9782080292520_1_v.jpg"},"orderable":true,"show_badge":true,"formatted_price":"9,50&nbsp;\u20ac","formatted_published_date":"30 ao\u00fbt 2023","publisher_availability_label":"Sur commande","short_details":"Etienne Friess, Laurent Souill\u00e9, Olivier Souill\u00e9 \u2014 Flammarion jeunesse","translator":null,"weight":166,"page_count":80,"readership":"\u00e0 partir de 8 ANS","editor":"Flammarion jeunesse","price":950,"published_date":"2023-08-29T22:00:00.000000Z","support":"Grand format","publisher_availability":1,"stock":0,"editions":[],"url":"https:\/\/quaidesbrumes.com\/ouvrage\/9782080292520\/inspecteur-raptor-tome-2-le-gang-des-oeufs"},{"id":"9782080468284","title":"Le peuple des dragons Tome 3 : La riposte","description":"Une jeune fille aux \u00e9tranges pouvoirs. Un dragon au regard dor\u00e9. Aurora et Neptune, deux destins li\u00e9s. Une nouvelle menace p\u00e8se sur le royaume de Lanvolon. D\u00e9sireux de restaurer la paix et de prot\u00e9ger les dragons, Aurora et son ami Lad infiltrent le camp ennemi pour d\u00e9jouer les plans du Commandeur...","authors":["Anne Auger","Elo\u00efse Girard"],"category_codes":["2000000","2040000","2040500","2040504"],"visuals":{"large":"https:\/\/images.epagine.fr\/284\/9782080468284_1_75.jpg","medium":"https:\/\/images.epagine.fr\/284\/9782080468284_1_m.jpg","thumbnail":"https:\/\/images.epagine.fr\/284\/9782080468284_1_v.jpg"},"orderable":true,"show_badge":true,"formatted_price":"13,50&nbsp;\u20ac","formatted_published_date":"26 mars 2025","publisher_availability_label":"Sur commande","short_details":"Anne Auger, Elo\u00efse Girard \u2014 Flammarion jeunesse","translator":null,"weight":294,"page_count":192,"readership":"\u00e0 partir de 8 ANS","editor":"Flammarion jeunesse","price":1350,"published_date":"2025-03-25T23:00:00.000000Z","support":"Grand format","publisher_availability":1,"stock":0,"editions":[],"url":"https:\/\/quaidesbrumes.com\/ouvrage\/9782080468284\/le-peuple-des-dragons-tome-3-la-riposte"},{"id":"9782075096751","title":"Les \u00e9motions et les sentiments","description":"Les \u00e9motions et les sentiments sont la cause de toutes nos difficult\u00e9s avec les autres. Quand tout va bien, ils nous permettent d'aimer et d'\u00eatre aim\u00e9 et aussi d'apprendre et grandir. Mais parfois, ils sont trop forts pour nous, ou on met du \u00abtrop\u00bb dans toutes nos relations. Il faut apprivoiser ces forces qui nous habitent et, parfois, nous encombrent.","authors":["Catherine Dolto","Colline Faure-poir\u00e9e","Robin"],"category_codes":["2000000","2070000","2070700"],"visuals":{"large":"https:\/\/images.epagine.fr\/751\/9782075096751_1_75.jpg","medium":"https:\/\/images.epagine.fr\/751\/9782075096751_1_m.jpg","thumbnail":"https:\/\/images.epagine.fr\/751\/9782075096751_1_v.jpg"},"orderable":true,"show_badge":true,"formatted_price":"6,90&nbsp;\u20ac","formatted_published_date":"7 f\u00e9vrier 2019","publisher_availability_label":"Sur commande","short_details":"Catherine Dolto, Colline Faure-poir\u00e9e, Robin \u2014 Gallimard Jeunesse-Giboul\u00e9es","translator":null,"weight":272,"page_count":28,"readership":"\u00e0 partir de 2 ANS","editor":"Gallimard Jeunesse-Giboul\u00e9es","price":690,"published_date":"2019-02-06T23:00:00.000000Z","support":"Grand format","publisher_availability":1,"stock":0,"editions":[],"url":"https:\/\/quaidesbrumes.com\/ouvrage\/9782075096751\/les-emotions-et-les-sentiments"},{"id":"9782075229265","title":"Badaboum","description":null,"authors":["Marguerite Courtieu","Margaux Morier"],"category_codes":["2000000","2020000","2020300"],"visuals":{"large":"https:\/\/images.epagine.fr\/265\/9782075229265_1_75.jpg","medium":"https:\/\/images.epagine.fr\/265\/9782075229265_1_m.jpg","thumbnail":"https:\/\/images.epagine.fr\/265\/9782075229265_1_v.jpg"},"orderable":true,"show_badge":false,"formatted_price":"12,90&nbsp;\u20ac","formatted_published_date":"11 septembre 2025","publisher_availability_label":"Sur commande","short_details":"Marguerite Courtieu, Margaux Morier \u2014 Marcel et Joachim","translator":null,"weight":326,"page_count":22,"readership":"0\/3 ans","editor":"Marcel et Joachim","price":1290,"published_date":"2025-09-10T22:00:00.000000Z","support":"Grand format","publisher_availability":1,"stock":1,"editions":[],"url":"https:\/\/quaidesbrumes.com\/ouvrage\/9782075229265\/badaboum"},{"id":"9782203242135","title":"K\u00e9o et l'\u00e9p\u00e9e magique Tome 1 : l'arm\u00e9e des orcs","description":"Le jour de ses dix ans, K\u00e9o voit son village se faire attaquer par de terribles guerriers orcs. Il est le seul \u00e0 leur \u00e9chapper. Alors qu'il se demande comment sauver ses parents et ses amis, K\u00e9o trouve une \u00e9p\u00e9e magique qui poss\u00e8de de puissants pouvoirs... et un sacr\u00e9 caract\u00e8re !","authors":["Paul Beorn","Alexandre Cochez"],"category_codes":["2000000","2040000","2040200"],"visuals":{"large":"https:\/\/images.epagine.fr\/135\/9782203242135_1_75.jpg","medium":"https:\/\/images.epagine.fr\/135\/9782203242135_1_m.jpg","thumbnail":"https:\/\/images.epagine.fr\/135\/9782203242135_1_v.jpg"},"orderable":true,"show_badge":true,"formatted_price":"6,95&nbsp;\u20ac","formatted_published_date":"4 mai 2022","publisher_availability_label":"Sur commande","short_details":"Paul Beorn, Alexandre Cochez \u2014 Casterman","translator":null,"weight":152,"page_count":64,"readership":"\u00e0 partir de 7 ANS","editor":"Casterman","price":695,"published_date":"2022-05-03T22:00:00.000000Z","support":"Grand format","publisher_availability":1,"stock":0,"editions":[],"url":"https:\/\/quaidesbrumes.com\/ouvrage\/9782203242135\/keo-et-lepee-magique-tome-1-larmee-des-orcs"},{"id":"9782095046293","title":"Tu es le h\u00e9ros ! : Dans la peau d'un pirate","description":"Embarque pour une aventure palpitante dans la peau d'un jeune pirate ! Fais les bons choix, affronte mille p\u00e9rils et deviens la terreur des Cara\u00efbes dans ce livre-jeu passionnant pour les 8 ans et plus.\r\nPlonge dans l'univers fascinant des pirates avec ce livre-jeu d'aventure ! En tant que jeune pirate, tu vas vivre une exp\u00e9rience inoubliable \u00e0 travers les mers des Cara\u00efbes. Pr\u00e9pare-toi \u00e0 affronter de nombreux d\u00e9fis et \u00e0 prendre des d\u00e9cisions cruciales qui influenceront ton destin.\r\n\r\nCe livre interactif offre :\r\n20 combinaisons et fins diff\u00e9rentes pour une rejouabilit\u00e9 infinie\r\nUne histoire captivante \u00e0 lire et \u00e0 relire\r\nDes quiz pour gagner des points et d\u00e9couvrir quel h\u00e9ros tu es\r\nDes bulles informatives pour en apprendre davantage sur la vie des pirates\r\nUn dossier de jeux pour prolonger l'amusement","authors":["Madeleine Deny","Gabriel Germain"],"category_codes":["2000000","2040000","2040500"],"visuals":{"large":"https:\/\/images.epagine.fr\/293\/9782095046293_1_75.jpg","medium":"https:\/\/images.epagine.fr\/293\/9782095046293_1_m.jpg","thumbnail":"https:\/\/images.epagine.fr\/293\/9782095046293_1_v.jpg"},"orderable":true,"show_badge":true,"formatted_price":"6,95&nbsp;\u20ac","formatted_published_date":"13 f\u00e9vrier 2025","publisher_availability_label":"Sur commande","short_details":"Madeleine Deny, Gabriel Germain \u2014 Nathan","translator":null,"weight":138,"page_count":96,"readership":"\u00e0 partir de 8 ANS","editor":"Nathan","price":695,"published_date":"2025-02-12T23:00:00.000000Z","support":"Grand format","publisher_availability":1,"stock":0,"editions":[],"url":"https:\/\/quaidesbrumes.com\/ouvrage\/9782095046293\/tu-es-le-heros-dans-la-peau-dun-pirate"},{"id":"9782215200895","title":"Mes premi\u00e8res gommettes : F\u00eate foraine","description":"Sp\u00e9cialement con\u00e7u pour les petites mains, ce livre contient plus de 60 gommettes repositionnables pour compl\u00e9ter les paysages.","authors":["Marine Fleury"],"category_codes":["2000000","2080000","2080200"],"visuals":{"large":"https:\/\/images.epagine.fr\/895\/9782215200895_1_75.jpg","medium":"https:\/\/images.epagine.fr\/895\/9782215200895_1_m.jpg","thumbnail":"https:\/\/images.epagine.fr\/895\/9782215200895_1_v.jpg"},"orderable":true,"show_badge":true,"formatted_price":"0,00&nbsp;\u20ac","formatted_published_date":"6 f\u00e9vrier 2026","publisher_availability_label":"Sur commande","short_details":"Marine Fleury \u2014 Fleurus","translator":null,"weight":78,"page_count":10,"readership":null,"editor":"Fleurus","price":0,"published_date":"2026-02-05T23:00:00.000000Z","support":"Papeterie \/ Coloriage","publisher_availability":1,"stock":0,"editions":[],"url":"https:\/\/quaidesbrumes.com\/ouvrage\/9782215200895\/mes-premieres-gommettes-fete-foraine"},{"id":"9782215203612","title":"Les ateliers cr\u00e9a' : Cartes \u00e0 gratter : Nature magique","description":"F\u00e9es, papillons, oiseaux et bien d'autres animaux majestueux peuplent cette nature merveilleuse... Il suffit de gratter la surface des 10 cartes avec le stylet en bois fourni pour r\u00e9v\u00e9ler les images secr\u00e8tes qui s'y cachent !","authors":["L\u00e9a Fabre"],"category_codes":["2000000","2060000","2060200"],"visuals":{"large":"https:\/\/images.epagine.fr\/612\/9782215203612_1_75.jpg","medium":"https:\/\/images.epagine.fr\/612\/9782215203612_1_m.jpg","thumbnail":"https:\/\/images.epagine.fr\/612\/9782215203612_1_v.jpg"},"orderable":true,"show_badge":true,"formatted_price":"0,00&nbsp;\u20ac","formatted_published_date":"20 mars 2026","publisher_availability_label":"Sur commande","short_details":"L\u00e9a Fabre \u2014 Fleurus","translator":null,"weight":154,"page_count":10,"readership":null,"editor":"Fleurus","price":0,"published_date":"2026-03-19T23:00:00.000000Z","support":"Papeterie \/ Coloriage","publisher_availability":1,"stock":0,"editions":[],"url":"https:\/\/quaidesbrumes.com\/ouvrage\/9782215203612\/les-ateliers-crea-cartes-a-gratter-nature-magique"},{"id":"9782748539141","title":"Power Club Tome 3 : Un r\u00eave indestructible","description":"Le Power Club\u00a9 peut faire de vous un super-h\u00e9ros, mais \u00e0 quel prix ?\r\nDu haut de ses dix-neuf ans, Anna a d\u00e9j\u00e0 sauv\u00e9 le monde, mais elle a v\u00e9cu le pire. Qui irait imaginer que la personne la plus puissante sur Terre souffre de stress post-traumatique ? Alors qu'elle est au centre de l'attention, Anna est la seule \u00e0 voir venir une menace plus grande encore : le s\u00e9nateur Wallace, qui a promis de cr\u00e9er une arm\u00e9e de soldats surhumains, est sur le point d'\u00eatre \u00e9lu pr\u00e9sident des \u00c9tats-Unis. Malgr\u00e9 sa fragilit\u00e9, Anna est aussi la seule capable de l'arr\u00eater.","authors":["Alain Gagnol"],"category_codes":["2000000","2050000","2050200","2050205"],"visuals":{"large":"https:\/\/images.epagine.fr\/141\/9782748539141_1_75.jpg","medium":"https:\/\/images.epagine.fr\/141\/9782748539141_1_m.jpg","thumbnail":"https:\/\/images.epagine.fr\/141\/9782748539141_1_v.jpg"},"orderable":true,"show_badge":true,"formatted_price":"9,95&nbsp;\u20ac","formatted_published_date":"18 septembre 2025","publisher_availability_label":"Sur commande","short_details":"Alain Gagnol \u2014 Syros","translator":null,"weight":350,"page_count":448,"readership":"\u00e0 partir de 13 ANS","editor":"Syros","price":995,"published_date":"2025-09-17T22:00:00.000000Z","support":"Grand format","publisher_availability":1,"stock":0,"editions":[],"url":"https:\/\/quaidesbrumes.com\/ouvrage\/9782748539141\/power-club-tome-3-un-reve-indestructible"},{"id":"9782080437358","title":"Je suis en CP Tome 40 : Vive le ski !","description":"\u00ab- Bonjour ! dit le moniteur. C'est parti pour une semaine de ski ! - Youpi ! crient L\u00e9a et Ana. - Et \u00e0 la fin, on aura peut-\u00eatre\r\nune m\u00e9daille, ajoute No\u00e9.\u00bb 1 histoire + 1 dico mot-image + des activit\u00e9s ludiques.","authors":["Magdalena","Emmanuel Ristord"],"category_codes":["2000000","2040000","2040200"],"visuals":{"large":"https:\/\/images.epagine.fr\/358\/9782080437358_1_75.jpg","medium":"https:\/\/images.epagine.fr\/358\/9782080437358_1_m.jpg","thumbnail":"https:\/\/images.epagine.fr\/358\/9782080437358_1_v.jpg"},"orderable":true,"show_badge":true,"formatted_price":"5,80&nbsp;\u20ac","formatted_published_date":"7 f\u00e9vrier 2024","publisher_availability_label":"Sur commande","short_details":"Magdalena, Emmanuel Ristord \u2014 P\u00e8re Castor","translator":null,"weight":108,"page_count":40,"readership":"\u00e0 partir de 6 ANS","editor":"P\u00e8re Castor","price":580,"published_date":"2024-02-06T23:00:00.000000Z","support":"Grand format","publisher_availability":1,"stock":0,"editions":[],"url":"https:\/\/quaidesbrumes.com\/ouvrage\/9782080437358\/je-suis-en-cp-tome-40-vive-le-ski"},{"id":"9782386690563","title":"Mieko danse","description":"Mieko a h\u00e2te : c'est la rentr\u00e9e et qui dit rentr\u00e9e, dit reprise des cours de danse. Sauf que la danse vient aussi pour Mieko avec son lot de contraintes. D'abord, elle doit s'attacher les cheveux et aussi rev\u00eatir un justaucorps qui la serre. Cette ann\u00e9e, Mieko a donc d\u00e9cid\u00e9 de ne pas se laisser marcher sur les pieds... Un premier album pour aborder en douceur avec les petits lecteurs la question du genre et de la diff\u00e9rence.","authors":["Mariko Miyata-Jancey","Skinkeape","Catherine Renaud"],"category_codes":["2000000","2020000","2020400"],"visuals":{"large":"https:\/\/images.epagine.fr\/563\/9782386690563_1_75.jpg","medium":"https:\/\/images.epagine.fr\/563\/9782386690563_1_m.jpg","thumbnail":"https:\/\/images.epagine.fr\/563\/9782386690563_1_v.jpg"},"orderable":true,"show_badge":true,"formatted_price":"15,00&nbsp;\u20ac","formatted_published_date":"3 septembre 2025","publisher_availability_label":"Sur commande","short_details":"Mariko Miyata-Jancey, Skinkeape, Catherine Renaud \u2014 \u00c9ditions Cambourakis","translator":"CATHERINE RENAUD","weight":424,"page_count":48,"readership":"\u00e0 partir de 3 ANS","editor":"\u00c9ditions Cambourakis","price":1500,"published_date":"2025-09-02T22:00:00.000000Z","support":"Grand format","publisher_availability":1,"stock":0,"editions":[],"url":"https:\/\/quaidesbrumes.com\/ouvrage\/9782386690563\/mieko-danse"},{"id":"9791039539838","title":"Mes lectures du CP avec Loup : Les jeux sportifs de la for\u00eat","description":"Loup et ses amis affrontent les Renards dans une grande comp\u00e9tition sportive.\r\nDu judo \u00e0 la nage en passant par la gymnastique, les sportifs sont d\u00e9cha\u00een\u00e9s et pr\u00eats \u00e0 d\u00e9crocher un maximum de m\u00e9dailles d'or !","authors":["Orianne Lallemand","El\u00e9onore Thuillier","Sess"],"category_codes":["2000000","2040000","2040200"],"visuals":{"large":"https:\/\/images.epagine.fr\/838\/9791039539838_1_75.jpg","medium":"https:\/\/images.epagine.fr\/838\/9791039539838_1_m.jpg","thumbnail":"https:\/\/images.epagine.fr\/838\/9791039539838_1_v.jpg"},"orderable":true,"show_badge":true,"formatted_price":"5,50&nbsp;\u20ac","formatted_published_date":"29 mars 2024","publisher_availability_label":"Sur commande","short_details":"Orianne Lallemand, El\u00e9onore Thuillier, Sess \u2014 Auzou","translator":null,"weight":128,"page_count":33,"readership":"\u00e0 partir de 6 ANS","editor":"Auzou","price":550,"published_date":"2024-03-28T23:00:00.000000Z","support":"Grand format","publisher_availability":1,"stock":0,"editions":[],"url":"https:\/\/quaidesbrumes.com\/ouvrage\/9791039539838\/mes-lectures-du-cp-avec-loup-les-jeux-sportifs-de-la-foret"},{"id":"9782378767884","title":"F\u00e9roce d\u00e9f\u00e9rence","description":"Bien avant que Dacre et Enva ne se d\u00e9clarent la guerre, une d\u00e9esse et un mortel se mirent \u00e0 r\u00eaver.\r\nD\u00e9couvrez l'origine des dieux dans ce fabuleux pr\u00e9quel de Divines Rivalit\u00e9s.\r\n\r\nDans les profondeurs du domaine souterrain na\u00eet Matilda, messag\u00e8re des dieux et unique divinit\u00e9 capable de voyager entre les mondes. Cherchant encore sa place entre des royaumes faits de violence et de convoitise, elle d\u00e9couvre que son destin est li\u00e9 \u00e0 celui d'un jeune mortel.\r\n\r\nDepuis des ann\u00e9es, Vincent est visit\u00e9 en r\u00eave par une jeune d\u00e9esse. Quand sa vie le confronte aux affres de la guerre, c'est vers son amie qu'il se tourne. Mais ses pri\u00e8res ne rencontrent que le silence.\r\n\r\nLe jour o\u00f9 la Mort voit dans sa tapisserie le d\u00e9c\u00e8s de Vincent, Matilda est la seule \u00e0 pouvoir le sauver. Pour cela, elle devra apprendre qui elle est, quelle d\u00e9esse elle veut devenir... et ce qu'elle est pr\u00eate \u00e0 sacrifier.","authors":["Rebecca Ross","Laurent Bury"],"category_codes":["2000000","2050000","2050200","2050204"],"visuals":{"large":"https:\/\/images.epagine.fr\/884\/9782378767884_1_75.jpg","medium":"https:\/\/images.epagine.fr\/884\/9782378767884_1_m.jpg","thumbnail":"https:\/\/images.epagine.fr\/884\/9782378767884_1_v.jpg"},"orderable":true,"show_badge":true,"formatted_price":"27,90&nbsp;\u20ac","formatted_published_date":"20 novembre 2025","publisher_availability_label":"Sur commande","short_details":"Rebecca Ross, Laurent Bury \u2014 Ds De Saxus","translator":"LAURENT BURY","weight":770,"page_count":672,"readership":"\u00e0 partir de 12 ANS","editor":"Ds De Saxus","price":2790,"published_date":"2025-11-19T23:00:00.000000Z","support":"Grand format","publisher_availability":1,"stock":0,"editions":["9782378767891"],"url":"https:\/\/quaidesbrumes.com\/ouvrage\/9782378767884\/feroce-deference"},{"id":"9782095046309","title":"Tu es le h\u00e9ros ! : Dans la peau d'un pharaon","description":"Vis une aventure unique dans la peau de Rams\u00e8s II : tes choix d\u00e9termineront si tu deviendras un pharaon de l\u00e9gende !\r\nCette nouvelle \u00e9dition te plonge dans l'\u00c9gypte antique o\u00f9, en tant que Rams\u00e8s II, tu devras affronter des envahisseurs, d\u00e9jouer des complots, construire des temples majestueux. Tu devras faire preuve de sagesse et de courage...\r\n\r\nAvec plus de 20 fins diff\u00e9rentes, des quiz et un dossier de jeux, d\u00e9couvre la vie passionnante des pharaons d\u00e8s 8 ans !","authors":["Madeleine Deny","C\u00e9cile Jugla","Gabriel Germain"],"category_codes":["2000000","2040000","2040500"],"visuals":{"large":"https:\/\/images.epagine.fr\/309\/9782095046309_1_75.jpg","medium":"https:\/\/images.epagine.fr\/309\/9782095046309_1_m.jpg","thumbnail":"https:\/\/images.epagine.fr\/309\/9782095046309_1_v.jpg"},"orderable":true,"show_badge":true,"formatted_price":"6,95&nbsp;\u20ac","formatted_published_date":"10 avril 2025","publisher_availability_label":"Sur commande","short_details":"Madeleine Deny, C\u00e9cile Jugla, Gabriel Germain \u2014 Nathan","translator":null,"weight":138,"page_count":96,"readership":"\u00e0 partir de 8 ANS","editor":"Nathan","price":695,"published_date":"2025-04-09T22:00:00.000000Z","support":"Grand format","publisher_availability":1,"stock":0,"editions":[],"url":"https:\/\/quaidesbrumes.com\/ouvrage\/9782095046309\/tu-es-le-heros-dans-la-peau-dun-pharaon"},{"id":"9782884454940","title":"Lili se fait toujours gronder","description":"Lili n'arr\u00eate pas de se faire gronder. Pourtant, elle a envie de faire plaisir. Elle se replie sur elle-m\u00eame, puis se rebelle. Cette histoire de Max et Lili sur la mauvaise image de soi montre que cela n'aide jamais un enfant de l'enfoncer dans sa nullit\u00e9, de se moquer de lui.\r","authors":["Serge Bloch","Dominique de Saint-Mars"],"category_codes":["2000000","2040000","2040200"],"visuals":{"large":"https:\/\/images.epagine.fr\/940\/9782884454940_1_75.jpg","medium":"https:\/\/images.epagine.fr\/940\/9782884454940_1_m.jpg","thumbnail":"https:\/\/images.epagine.fr\/940\/9782884454940_1_v.jpg"},"orderable":true,"show_badge":true,"formatted_price":"6,20&nbsp;\u20ac","formatted_published_date":"11 f\u00e9vrier 2005","publisher_availability_label":"Sur commande","short_details":"Serge Bloch, Dominique de Saint-Mars \u2014 Calligram","translator":null,"weight":117,"page_count":43,"readership":"6\/9 ans","editor":"Calligram","price":620,"published_date":"2005-02-10T23:00:00.000000Z","support":"Grand format","publisher_availability":1,"stock":0,"editions":[],"url":"https:\/\/quaidesbrumes.com\/ouvrage\/9782884454940\/lili-se-fait-toujours-gronder"},{"id":"9782884451925","title":"Lili est d\u00e9sordre","description":"Trop c'est trop ! On ne retrouve vraiment plus rien dans la chambre de Lili, pas plus que dans son armoire ou son cartable, et quand Maman s'en m\u00eale... Une histoire pour prendre go\u00fbt \u00e0 l'ordre et \u00e0 une certaine organisation, sans devenir maniaque pour autant !","authors":["Serge Bloch","Dominique de Saint-Mars"],"category_codes":["2000000","2040000","2040200"],"visuals":{"large":"https:\/\/images.epagine.fr\/925\/9782884451925_1_75.jpg","medium":"https:\/\/images.epagine.fr\/925\/9782884451925_1_m.jpg","thumbnail":"https:\/\/images.epagine.fr\/925\/9782884451925_1_v.jpg"},"orderable":true,"show_badge":true,"formatted_price":"6,20&nbsp;\u20ac","formatted_published_date":"3 ao\u00fbt 1995","publisher_availability_label":"Sur commande","short_details":"Serge Bloch, Dominique de Saint-Mars \u2014 Calligram","translator":null,"weight":119,"page_count":41,"readership":"6\/9 ans","editor":"Calligram","price":620,"published_date":"1995-08-02T22:00:00.000000Z","support":"Grand format","publisher_availability":1,"stock":0,"editions":[],"url":"https:\/\/quaidesbrumes.com\/ouvrage\/9782884451925\/lili-est-desordre"},{"id":"9782017330943","title":"Les petits bonheurs de Ginger","description":"Dans la vie de Ginger, la petite aviatrice,\r\ntout est calme et tranquille.\r\nPrendre soin de son jardin, s'envoler, go\u00fbter le vent...\r\nPourtant, on dirait que Ginger attend.\r\nCar les petits bonheurs sont meilleurs\r\nquand on les savoure \u00e0 plusieurs !","authors":["Camille Martin"],"category_codes":["2000000","2020000","2020400"],"visuals":{"large":"https:\/\/images.epagine.fr\/943\/9782017330943_1_75.jpg","medium":"https:\/\/images.epagine.fr\/943\/9782017330943_1_m.jpg","thumbnail":"https:\/\/images.epagine.fr\/943\/9782017330943_1_v.jpg"},"orderable":true,"show_badge":true,"formatted_price":"12,99&nbsp;\u20ac","formatted_published_date":"11 juin 2025","publisher_availability_label":"Sur commande","short_details":"Camille Martin \u2014 Gautier Languereau","translator":null,"weight":350,"page_count":40,"readership":"0\/3 ans","editor":"Gautier Languereau","price":1299,"published_date":"2025-06-10T22:00:00.000000Z","support":"Grand format","publisher_availability":1,"stock":0,"editions":[],"url":"https:\/\/quaidesbrumes.com\/ouvrage\/9782017330943\/les-petits-bonheurs-de-ginger"}]}