{"data":[{"id":"9791036363351","title":"Chair de poule Tome 10 : La colo de la peur","description":"Quel est ce camp \u00e9trange o\u00f9 les enfants disparaissent myst\u00e9rieusement et o\u00f9 d'horribles cr\u00e9atures hurlent \u00e0 la mort chaque nuit ? Pourquoi les moniteurs proposent des activit\u00e9s si dangereuses ? Axel cherche \u00e0 comprendre. Mais personne ne veut r\u00e9pondre \u00e0 ses questions...","authors":["R. L. Stine","Marie-H\u00e9l\u00e8ne Delval"],"category_codes":["2000000","2040000","2040500","2040503"],"visuals":{"large":"https:\/\/images.epagine.fr\/351\/9791036363351_1_75.jpg","medium":"https:\/\/images.epagine.fr\/351\/9791036363351_1_m.jpg","thumbnail":"https:\/\/images.epagine.fr\/351\/9791036363351_1_v.jpg"},"orderable":true,"show_badge":true,"formatted_price":"6,50&nbsp;\u20ac","formatted_published_date":"3 avril 2024","publisher_availability_label":"Sur commande","short_details":"R. L. Stine, Marie-H\u00e9l\u00e8ne Delval \u2014 Bayard Jeunesse","translator":"MARIE-HELENE DELVAL","weight":154,"page_count":160,"readership":"\u00e0 partir de 9 ANS","editor":"Bayard Jeunesse","price":650,"published_date":"2024-04-02T22:00:00.000000Z","support":"Poche","publisher_availability":1,"stock":0,"editions":[],"url":"https:\/\/quaidesbrumes.com\/ouvrage\/9791036363351\/chair-de-poule-tome-10-la-colo-de-la-peur"},{"id":"9791036324673","title":"La cabane magique Tome 47 : coupe du monde \u00e0 Mexico","description":"Merlin a lanc\u00e9 un nouveau d\u00e9fi \u00e0 Tom et L\u00e9a, celui de d\u00e9couvrir le secret du grand footballeur : Pel\u00e9. Les voici \u00e0 Mexico, en 1970, lors du mondial de foot ! Deux \u00e9quipes s'affrontent en finale : le Br\u00e9sil et l'Italie. Les enfants ont bien du mal \u00e0 rejoindre le stade, \u00e0 cause des transports en commun qui sont bond\u00e9s, mais ils finissent heureusement par tomber sur un jeune supporter mexicain, Roberto, qui leur propose de les y emmener. Gr\u00e2ce \u00e0 lui, ils arrivent juste \u00e0 temps pour assister au grand match, et \u00e0 la victoire de l'\u00e9quipe br\u00e9silienne. Lorsqu'\u00e0 la fin du match, ils veulent approcher Pel\u00e9 pour qu'il leur r\u00e9v\u00e8le le secret de sa grandeur, ils se retrouvent au milieu d'une foule de fans en liesse, et perdent sa trace...","authors":["Mary Pope Osborne","Sidonie Van Den Dries"],"category_codes":["2000000","2040000","2040300"],"visuals":{"large":"https:\/\/images.epagine.fr\/673\/9791036324673_1_75.jpg","medium":"https:\/\/images.epagine.fr\/673\/9791036324673_1_m.jpg","thumbnail":"https:\/\/images.epagine.fr\/673\/9791036324673_1_v.jpg"},"orderable":true,"show_badge":true,"formatted_price":"6,90&nbsp;\u20ac","formatted_published_date":"27 janvier 2021","publisher_availability_label":"Sur commande","short_details":"Mary Pope Osborne, Sidonie Van Den Dries \u2014 Bayard Jeunesse","translator":"SIDONIE VAN DEN DRIES","weight":230,"page_count":160,"readership":"\u00e0 partir de 6 ANS","editor":"Bayard Jeunesse","price":690,"published_date":"2021-01-26T23:00:00.000000Z","support":"Poche","publisher_availability":1,"stock":0,"editions":[],"url":"https:\/\/quaidesbrumes.com\/ouvrage\/9791036324673\/la-cabane-magique-tome-47-coupe-du-monde-a-mexico"},{"id":"9782278131952","title":"La Lign\u00e9e des maudits","description":"Dans une \u00c9cosse ind\u00e9pendante de l'\u00e9poque victorienne, r\u00f4de une brume myst\u00e9rieuse qui offre des pouvoirs paranormaux \u00e0 une minorit\u00e9... et empoisonne la majorit\u00e9. La famille d'Ava Hazegast est la seule \u00e0 qui le sort a souri. De g\u00e9n\u00e9ration en g\u00e9n\u00e9ration, elle vend ses services de m\u00e9diums \u00e0 la famille royale et aux villageois. Services ou... arnaque ? En r\u00e9alit\u00e9, Ava est la seule \u00e0 poss\u00e9der un don, celui de voir les morts, alors que son entourage utilise la ruse et le charlatanisme comme business. De plus, une mal\u00e9diction semble peser sur certains membres. Lorsque l'h\u00e9ritier du tr\u00f4ne se fait assassiner, les Hazegast sont d\u00e9sign\u00e9s d'office pour trouver le coupable. Ils ont un mois pour r\u00e9soudre ce meurtre, ou la reine les ex\u00e9cutera tous. La menace vient \u00e0 peine de tomber qu'Ava doit g\u00e9rer un invit\u00e9 surprise : le fant\u00f4me du prince assassin\u00e9, qui a bien l'intention de d\u00e9terrer les secrets familiaux...","authors":["Bleuenn Guillou","Pauline Gallois"],"category_codes":["2000000","2050000","2050200"],"visuals":{"large":"https:\/\/images.epagine.fr\/952\/9782278131952_1_75.jpg","medium":"https:\/\/images.epagine.fr\/952\/9782278131952_1_m.jpg","thumbnail":"https:\/\/images.epagine.fr\/952\/9782278131952_1_v.jpg"},"orderable":true,"show_badge":true,"formatted_price":"19,95&nbsp;\u20ac","formatted_published_date":"15 janvier 2025","publisher_availability_label":"Sur commande","short_details":"Bleuenn Guillou, Pauline Gallois \u2014 Didier jeunesse","translator":null,"weight":492,"page_count":448,"readership":"\u00e0 partir de 15 ans","editor":"Didier jeunesse","price":1995,"published_date":"2025-01-14T23:00:00.000000Z","support":"Grand format","publisher_availability":1,"stock":0,"editions":[],"url":"https:\/\/quaidesbrumes.com\/ouvrage\/9782278131952\/la-lignee-des-maudits"},{"id":"9782244223056","title":"Autocollants : La mer","description":"L'enfant observe les formes blanches indiquant les images manquantes dans le d\u00e9cor. Ensuite, il trouve et d\u00e9tache l'autocollant correspondant sur les planches situ\u00e9es en d\u00e9but et fin d'album. Enfin, il colle l'autocollant au bon endroit. Une collection bien guid\u00e9e et id\u00e9ale pour d\u00e9velopper le sens de l'observation et la motricit\u00e9. Ce titre propose \u00e0 l'enfant de d\u00e9couvrir le milieu marin.\r","authors":["Collectif"],"category_codes":["2000000","2080000","2080200"],"visuals":{"large":"https:\/\/images.epagine.fr\/056\/9782244223056_1_75.jpg","medium":"https:\/\/images.epagine.fr\/056\/9782244223056_1_m.jpg","thumbnail":"https:\/\/images.epagine.fr\/056\/9782244223056_1_v.jpg"},"orderable":true,"show_badge":true,"formatted_price":"5,90&nbsp;\u20ac","formatted_published_date":"1er avril 2026","publisher_availability_label":"Sur commande","short_details":"Collectif \u2014 \u00c9ditions Lito","translator":null,"weight":105,"page_count":14,"readership":"\u00e0 partir de 3 ANS","editor":"\u00c9ditions Lito","price":590,"published_date":"2026-03-31T22:00:00.000000Z","support":"Papeterie \/ Coloriage","publisher_availability":1,"stock":0,"editions":[],"url":"https:\/\/quaidesbrumes.com\/ouvrage\/9782244223056\/autocollants-la-mer"},{"id":"9782095036249","title":"Les animaux de Lou : Ne pleure plus, Petit Roux !","description":"Lou, la petite fille qui parle le langage des animaux, trouve un renardeau abandonn\u00e9 dans la for\u00eat.\r\nLou est une petite fille qui comprend le langage des animaux, dans chaque aventure elle part \u00e0 la rencontre d'un nouvel animal en danger.\r\nL'histoire : En se promenant dans les bois, Lou trouve un renardeau qui a perdu sa maman et d\u00e9cide de l'emmener chez elle. Mais un animal sauvage n'a pas sa place dans une maison : de b\u00eatises en catastrophe, le renard met la maison sens dessus dessous. Les parents de Lou sont \u00e0 bout !\r","authors":["Mymi Doinet","M\u00e9lanie Allag"],"category_codes":["2000000","2040000","2040200"],"visuals":{"large":"https:\/\/images.epagine.fr\/249\/9782095036249_1_75.jpg","medium":"https:\/\/images.epagine.fr\/249\/9782095036249_1_m.jpg","thumbnail":"https:\/\/images.epagine.fr\/249\/9782095036249_1_v.jpg"},"orderable":true,"show_badge":true,"formatted_price":"6,20&nbsp;\u20ac","formatted_published_date":"13 juin 2024","publisher_availability_label":"Sur commande","short_details":"Mymi Doinet, M\u00e9lanie Allag \u2014 Nathan","translator":null,"weight":110,"page_count":32,"readership":"\u00e0 partir de 6 ANS","editor":"Nathan","price":620,"published_date":"2024-06-12T22:00:00.000000Z","support":"Grand format","publisher_availability":1,"stock":0,"editions":[],"url":"https:\/\/quaidesbrumes.com\/ouvrage\/9782095036249\/les-animaux-de-lou-ne-pleure-plus-petit-roux"},{"id":"9782017347262","title":"Mes princesses \u00e0 d\u00e9corer en perles nacr\u00e9es","description":"Une pochette contenant tout le n\u00e9cessaire pour r\u00e9aliser 3 princesses sur socle et d\u00e9corer leurs robes dans une ambiance f\u00e9\u00e9rique.\r\nDes activit\u00e9s cr\u00e9atives qui apportent calme, concentration et apaisement.\r\nUne pause inattendue et b\u00e9n\u00e9fique pour les petits comme pour les grands.\u00a0","authors":["Kabuki"],"category_codes":["2000000","2080000","2080200"],"visuals":{"large":"https:\/\/images.epagine.fr\/262\/9782017347262_1_75.jpg","medium":"https:\/\/images.epagine.fr\/262\/9782017347262_1_m.jpg","thumbnail":"https:\/\/images.epagine.fr\/262\/9782017347262_1_v.jpg"},"orderable":true,"show_badge":true,"formatted_price":"0,00&nbsp;\u20ac","formatted_published_date":"4 f\u00e9vrier 2026","publisher_availability_label":"Sur commande","short_details":"Kabuki \u2014 \u00c9ditions Deux Coqs d'Or","translator":null,"weight":210,"page_count":5,"readership":"\u00e0 partir de 7 ANS","editor":"\u00c9ditions Deux Coqs d'Or","price":0,"published_date":"2026-02-03T23:00:00.000000Z","support":"Coffret \/ Bo&icirc;te","publisher_availability":1,"stock":0,"editions":[],"url":"https:\/\/quaidesbrumes.com\/ouvrage\/9782017347262\/mes-princesses-a-decorer-en-perles-nacrees"},{"id":"9791037504067","title":"Les odyss\u00e9es Tome 1 : les grandes aventures de l'histoire racont\u00e9es aux enfants","description":"La grotte de Lascaux, le voyage de Marco Polo, la folle \u00e9nigme de l'homme au masque de fer, l'incroyable destin d'Ali\u00e9nor d'Aquitaine, Puyi le dernier empereur de Chine, Mission Apollo 11 l'histoire du premier homme qui a march\u00e9 sur la Lune, l'histoire du monstre du Loch Ness, Toutankhamon, deux pirates des Cara\u00efbes, Anne Bonny et Marie Read, l'exp\u00e9dition d'Ernest Shackleton, Martin Luther King, Calamity Jane...\r\n12 r\u00e9cits historiques passionnants par l'autrice des Odyss\u00e9es de France Inter, magnifiquement illustr\u00e9s, compl\u00e9t\u00e9s d'un cahier documentaire. Un livre inspirant pour les enfants d\u00e8s l'\u00e2ge de 7 ans.","authors":["Laure Grandbesan\u00e7on"],"category_codes":["2000000","2070000","2070400"],"visuals":{"large":"https:\/\/images.epagine.fr\/067\/9791037504067_1_75.jpg","medium":"https:\/\/images.epagine.fr\/067\/9791037504067_1_m.jpg","thumbnail":"https:\/\/images.epagine.fr\/067\/9791037504067_1_v.jpg"},"orderable":true,"show_badge":false,"formatted_price":"19,90&nbsp;\u20ac","formatted_published_date":"6 mai 2021","publisher_availability_label":"Sur commande","short_details":"Laure Grandbesan\u00e7on \u2014 \u00c9ditions Les Ar\u00e8nes","translator":null,"weight":734,"page_count":165,"readership":"\u00e0 partir de 7 ANS","editor":"\u00c9ditions Les Ar\u00e8nes","price":1990,"published_date":"2021-05-05T22:00:00.000000Z","support":"Grand format","publisher_availability":1,"stock":1,"editions":[],"url":"https:\/\/quaidesbrumes.com\/ouvrage\/9791037504067\/les-odyssees-tome-1-les-grandes-aventures-de-lhistoire-racontees-aux-enfants"},{"id":"9782493330079","title":"Mon p'tit loup : Le livre-disque contre les violences sexuelles faites aux enfants","description":"Mon p'tit loup, le livre-disque contre les violences sexuelles faites aux enfants.\r\nMilitant hyperactif de la lutte contre les violences sexuelles faites aux enfants, Nicolas Puluhen, qui est \u00e9galement programmateur de spectacles, a fait appel \u00e0 son r\u00e9seau d'artistes musiciens pour leur demander de prendre la plume et la lyre \u00e0 ses c\u00f4t\u00e9s.\r\nDans le sillage de figures du rock et de la chanson fran\u00e7aise comme Catherine Ringer, Albin de la Simone, Les Ogres de Barback, La Rue K\u00e9tanou, JP Nataf (Les Innocents), Magyd Cherfi (Zebda), Didier Wampas, Flavia Coelho, Oldelaf, se m\u00ealent des artistes que l'on d\u00e9couvrira avec plaisir, comme les jeunes coll\u00e9giens Mam'zelle Prune & Kamalam ou le groupe jeune public Minibus et sa chanson \u00ab Le monde est \u00e0 toi \u00bb \u00e9crite sur l'\u00eele de Mayotte avec des enfants migrants sous l'\u00e9gide de l'association de Nicolas, et bien d'autres non moins talentueux... \r\nDe nombreuses chansons in\u00e9dites, cr\u00e9\u00e9es pour l'occasion, telles le duo de Polo (Les Satellites) et Catherine Ringer \u00ab Sous la mer \u00bb qui ouvre le bal, \u00ab Le Buissonnier \u00bb de JP Nataf, cachant sa douleur sous un voile bucolique, \u00ab Eux, ils parlent de toi \u00bb, de Fredo (Les Ogres de Barback), Guizmo (Tryo) et Mike & Rik\u00e9 (Sinsemilia), accompagn\u00e9e de la jubilatoire fanfare Eyo'nl\u00e9, ou encore \u00ab Les innocents \u00bb de Magyd Cherfi, auteur \u00e0 la plume toujours savoureuse, et \u00ab Trompe la mort \u00bb, le #meetoo \u00e9lectro pop de David Courtin. On trouvera aussi des reprises hautes en couleurs comme \u00ab L'aigle noir \u00bb de Barbara chant\u00e9 par Didier Wampas ou l'incontournable \u00ab Mon p'tit loup \u00bb de Pierre Perret par Flavia Coelho. \r\nAu final, le sujet des violences sexuelles est abord\u00e9 par tous les c\u00f4t\u00e9s, explor\u00e9 par toute les sensibilit\u00e9s, d\u00e9pass\u00e9 par tous les talents de toutes les g\u00e9n\u00e9rations.","authors":["Collectif"],"category_codes":["2000000","2030000","2030600"],"visuals":{"large":"https:\/\/images.epagine.fr\/079\/9782493330079_1_75.jpg","medium":"https:\/\/images.epagine.fr\/079\/9782493330079_1_m.jpg","thumbnail":"https:\/\/images.epagine.fr\/079\/9782493330079_1_v.jpg"},"orderable":true,"show_badge":true,"formatted_price":"25,00&nbsp;\u20ac","formatted_published_date":"25 octobre 2024","publisher_availability_label":"Sur commande","short_details":"Collectif \u2014 Irfan Le Label","translator":null,"weight":518,"page_count":48,"readership":"Tout public","editor":"Irfan Le Label","price":2500,"published_date":"2024-10-24T22:00:00.000000Z","support":"Livre + CD Audio","publisher_availability":1,"stock":0,"editions":[],"url":"https:\/\/quaidesbrumes.com\/ouvrage\/9782493330079\/mon-ptit-loup-le-livre-disque-contre-les-violences-sexuelles-faites-aux-enfants"},{"id":"9782017155393","title":"Le coll\u00e8ge Dread Wood Tome 1","description":"Pour Hallie, Angelo, Gustav et Naira, il n'y a rien de pire que faire des heures de colle au coll\u00e8ge un samedi. Mais ils se trompent. Les choses sont sur le point de devenir vraiment terribles. Qu'est-ce qui a assomm\u00e9 leur professeur  ? Pourquoi les effrayants gardiens fredonnent-ils sans arr\u00eat une comptine pour enfants  ? Et quelles horreurs se cachent dans l'ombre, devenant plus fortes et plus m\u00e9chantes \u00e0 chaque minute  ? Coup\u00e9s de tout aide, le seul espoir de la bande est de travailler ensemble. Mais ce n'est pas une co\u00efncidence s'ils sont en d\u00e9tention. Quelqu'un les a observ\u00e9s, a complot\u00e9 et veut se venger...","authors":["Jennifer Killick","Samuel Loussouarn"],"category_codes":["2000000","2040000","2040500","2040503"],"visuals":{"large":"https:\/\/images.epagine.fr\/393\/9782017155393_1_75.jpg","medium":"https:\/\/images.epagine.fr\/393\/9782017155393_1_m.jpg","thumbnail":"https:\/\/images.epagine.fr\/393\/9782017155393_1_v.jpg"},"orderable":true,"show_badge":true,"formatted_price":"12,90&nbsp;\u20ac","formatted_published_date":"26 mars 2025","publisher_availability_label":"Sur commande","short_details":"Jennifer Killick, Samuel Loussouarn \u2014 Hachette Romans","translator":"SAMUEL LOUSSOUARN","weight":172,"page_count":208,"readership":"\u00e0 partir de 9 ANS","editor":"Hachette Romans","price":1290,"published_date":"2025-03-25T23:00:00.000000Z","support":"Grand format","publisher_availability":1,"stock":0,"editions":[],"url":"https:\/\/quaidesbrumes.com\/ouvrage\/9782017155393\/le-college-dread-wood-tome-1"},{"id":"9782386141195","title":"Winston Churchill","description":"\u00ab Je n'ai \u00e0 offrir que du sang, du labeur, des larmes et de la sueur \u00bb, d\u00e9clare le Premier ministre du Royaume-Uni en mai 1940. Selon lui, c'est le prix \u00e0 payer pour venir \u00e0 bout de l'Allemagne nazie. Les talents d'orateur et le caract\u00e8re bien tremp\u00e9 de Winston Churchill lui permettent de redonner courage \u00e0 un peuple qui traverse une des p\u00e9riodes les plus terribles de son histoire...","authors":["Bruno Wennagel","Mathieu Ferret","Aur\u00e9lie Verdon","Claire Martin","Paul Cotoni","Guillaume Biasse"],"category_codes":["2000000","2070000","2070400"],"visuals":{"large":"https:\/\/images.epagine.fr\/195\/9782386141195_1_75.jpg","medium":"https:\/\/images.epagine.fr\/195\/9782386141195_1_m.jpg","thumbnail":"https:\/\/images.epagine.fr\/195\/9782386141195_1_v.jpg"},"orderable":true,"show_badge":true,"formatted_price":"5,00&nbsp;\u20ac","formatted_published_date":"23 avril 2025","publisher_availability_label":"Sur commande","short_details":"Bruno Wennagel, Mathieu Ferret, Aur\u00e9lie Verdon, Claire Martin, Paul Cotoni, Guillaume Biasse \u2014 QUELLE HISTOIRE","translator":null,"weight":90,"page_count":40,"readership":"Tout public","editor":"QUELLE HISTOIRE","price":500,"published_date":"2025-04-22T22:00:00.000000Z","support":"Grand format","publisher_availability":1,"stock":0,"editions":[],"url":"https:\/\/quaidesbrumes.com\/ouvrage\/9782386141195\/winston-churchill"},{"id":"9782075227285","title":"Loup solitaire Tome 21 : Le Voyage de la Pierre de Lune","description":"La Pierre de Lune n'est plus entre les griffes de Naar, le Dieu Sombre\u00a0! Loup Solitaire est revenu de l'univers parall\u00e8le des T\u00e9n\u00e8bres avec ce joyau l\u00e9gendaire qui renferme tous les pouvoirs des Shiantis. Mais le plus difficile reste \u00e0 faire\u00a0:\u00a0restituer la Pierre de Lune \u00e0 ses cr\u00e9ateurs, exil\u00e9s aux confins du Magnamund M\u00e9ridional. Et c'est vous, guerrier d'\u00e9lite du Sommerlund, que Loup Solitaire a choisi pour accomplir cette mission. Fort des armes sp\u00e9ciales et des talents d'un Grand Ma\u00eetre du Second Ordre Ka\u00ef, vous vous mettez en route pour l'\u00eele de Lorn. Mais votre voyage se transforme rapidement en un dangereux p\u00e9riple o\u00f9 la mort vous menace \u00e0 chaque instant...","authors":["Joe Dever","Mona de Pracontal"],"category_codes":["2000000","2050000","2050200"],"visuals":{"large":"https:\/\/images.epagine.fr\/285\/9782075227285_1_75.jpg","medium":"https:\/\/images.epagine.fr\/285\/9782075227285_1_m.jpg","thumbnail":"https:\/\/images.epagine.fr\/285\/9782075227285_1_v.jpg"},"orderable":true,"show_badge":false,"formatted_price":"14,95&nbsp;\u20ac","formatted_published_date":"26 juin 2025","publisher_availability_label":"Sur commande","short_details":"Joe Dever, Mona de Pracontal \u2014 Gallimard Jeunesse","translator":"MONA DE PRACONTAL","weight":396,"page_count":336,"readership":"\u00e0 partir de 12 ANS","editor":"Gallimard Jeunesse","price":1495,"published_date":"2025-06-25T22:00:00.000000Z","support":"Grand format","publisher_availability":1,"stock":2,"editions":[],"url":"https:\/\/quaidesbrumes.com\/ouvrage\/9782075227285\/loup-solitaire-tome-21-le-voyage-de-la-pierre-de-lune"},{"id":"9782700286199","title":"Colombe \u00e0 l'H\u00f4tel du Lac Tome 4 : Derni\u00e8res r\u00e9v\u00e9lations","description":"\u00c0 L'H\u00f4tel du lac, Colombe s'int\u00e9resse au client Malek Yurbiz, qui se dit l'ami de Harry Shawn, petit-fils des anciens propri\u00e9taires. L'homme pose plein de questions, fur\u00e8te partout... En parall\u00e8le, le faucon de la jeune fille lui rapporte une petite \u00e9toile bleue. Caspar son jeune fr\u00e8re en d\u00e9couvre aussi. Ils apprennent que les \u00e9toiles \u00e9taient utilis\u00e9es par des enfants qui \u00e9taient l\u00e0 en vacances dans les ann\u00e9es 80. La jeune fille les colle sur son mur de photos.\r\nInqui\u00e8te, elle fouille la chambre du client\u00a0 : elle trouve dans une sacoche la photocopie d'une lettre du peintre am\u00e9ricain Marsden Hartley. Yurbiz chercherait-il une oeuvre originale du peintre ici\u00a0 ? Aid\u00e9e de ses amis, Colombe approche du but...","authors":["Sophie Rigal-Goulard"],"category_codes":["2000000","2040000","2040500","2040506"],"visuals":{"large":"https:\/\/images.epagine.fr\/199\/9782700286199_1_75.jpg","medium":"https:\/\/images.epagine.fr\/199\/9782700286199_1_m.jpg","thumbnail":"https:\/\/images.epagine.fr\/199\/9782700286199_1_v.jpg"},"orderable":true,"show_badge":true,"formatted_price":"13,50&nbsp;\u20ac","formatted_published_date":"2 juillet 2025","publisher_availability_label":"Sur commande","short_details":"Sophie Rigal-Goulard \u2014 Rageot \u00c9diteur","translator":null,"weight":315,"page_count":200,"readership":"\u00e0 partir de 9 ANS","editor":"Rageot \u00c9diteur","price":1350,"published_date":"2025-07-01T22:00:00.000000Z","support":"Grand format","publisher_availability":1,"stock":0,"editions":[],"url":"https:\/\/quaidesbrumes.com\/ouvrage\/9782700286199\/colombe-a-lhotel-du-lac-tome-4-dernieres-revelations"},{"id":"9782408060633","title":"Le panda","description":"\u00ab Hiii, voici mon premier cri de b\u00e9b\u00e9 panda. Je viens de na\u00eetre et je suis si petit que l'on me voit \u00e0 peine entre les pattes de maman. \u00bb Suivez toutes les \u00e9tapes de l'enfance du panda, du bout de vos doigts.\u00a0\r\n\u00a0\u00c0 la d\u00e9couverte du panda\r\nDans ce tout premier documentaire animalier, les tout-petits pourront d\u00e9couvrir les premiers pas de la vie des pandas.\u00a0Les illustrations tendres de M\u00e9lisande Luthringer proposent une d\u00e9couverte toute en douceur.\r\n\u00a0Un documentaire \u00e0 toucher\r\nLe pelage, le bambou ou encore la douceur des oreilles du panda... Le jeune lecteur appr\u00e9hendera l'univers de cet animal, du bout des doigts. Avec la lecture sensorielle, l'enfant d\u00e9veloppe et comprend mieux ses connaissances.\u00a0\u00a0\r\n\u00a0\u00ab Mes animaux \u00e0 toucher \u00bb, une collection adapt\u00e9e aux tout-petits\r\nAvec cette collection, les petits lecteurs vont pouvoir suivre un animal de sa naissance \u00e0 l'\u00e2ge adulte. Une histoire tendre incarn\u00e9e, avec un vocabulaire et des faits simples pour permettre \u00e0 l'enfant de comprendre le monde d'un animal, de fa\u00e7on douce. Les mati\u00e8res viennent enrichir la d\u00e9couverte des plus jeunes et approfondir leurs connaissances.\u00a0\r\n\u00a0\r\n\u00a0\r\n\u00a0","authors":["M\u00e9lisande Luthringer"],"category_codes":["2000000","2020000","2020200"],"visuals":{"large":"https:\/\/images.epagine.fr\/633\/9782408060633_1_75.jpg","medium":"https:\/\/images.epagine.fr\/633\/9782408060633_1_m.jpg","thumbnail":"https:\/\/images.epagine.fr\/633\/9782408060633_1_v.jpg"},"orderable":true,"show_badge":true,"formatted_price":"10,90&nbsp;\u20ac","formatted_published_date":"10 septembre 2025","publisher_availability_label":"Sur commande","short_details":"M\u00e9lisande Luthringer \u2014 Milan","translator":null,"weight":220,"page_count":10,"readership":"\u00e0 partir de 1 AN","editor":"Milan","price":1090,"published_date":"2025-09-09T22:00:00.000000Z","support":"Grand format","publisher_availability":1,"stock":0,"editions":[],"url":"https:\/\/quaidesbrumes.com\/ouvrage\/9782408060633\/le-panda"},{"id":"9782408052058","title":"Le manga","description":"Un documentaire qui se lit comme un r\u00e9cit, des moments cl\u00e9s d'un univers litt\u00e9raire - la bande dessin\u00e9e japonaise - illustr\u00e9s par treize oeuvres qui font d\u00e9couvrir les origines, les auteurs, les h\u00e9ros, les codes d'un genre tr\u00e8s \u00e0 la mode, aux ventes en librairie vertigineuses ! \r\n\r\nLe manga : la star des rayons en librairie\r\nPour tout savoir sur les mangas : Le manga, comment \u00e7a marche ? Qui sont les mangakas les plus c\u00e9l\u00e8bres ? Quels sont les h\u00e9ros qu'appr\u00e9cient le plus les enfants ? \u00ab Sh\u00f4nen \u00bb, \u00ab sh\u00f4jo \u00bb, \u00ab seinen \u00bb..., \u00e7a veut dire quoi ? C'est quoi ? Quel est le manga le plus vendu au monde ? Un livre pour d\u00e9couvrir un art \u00e0 part enti\u00e8re, forg\u00e9 depuis plus de soixante-dix ans par de talentueux cr\u00e9ateurs et cr\u00e9atrices qui ne cessent de se r\u00e9inventer, et qui ont \u00e9lev\u00e9 la BD japonaise au rang d'art ! Pour d\u00e9couvrir les codes, les genres, les th\u00e8mes et l'histoire du manga !\r\n\r\nUn ouvrage didactique m\u00ealant photo et illustrations\r\nLes treize photos de l'ouvrage : \u00ab Pratique du Kendo \u00bb, extrait des \u00ab Hokusai manga \u00bb (Katsushika Hokusai), \u00ab Tagosaku to Mokube no Tokyo Kenbutsu \u00bb (Rakuten Kitazawa), \u00ab Les Aventures de Sh\u00f4-chan \u00bb (Katsuichi Kabashima et Nobutsune Oda), \u00ab La Nouvelle \u00cele au tr\u00e9sor \u00bb (Osamu Tezuka), \u00ab Astro le petit robot \u00bb (Osamu Tezuka), \u00ab La Rose de Versailles \u00bb (Riyoko Ikeda), \u00ab Le Roi L\u00e9o \u00bb (Osamu Tezuka), \u00ab Nausica\u00e4 \u00bb (Hayao Miyazaki), \u00ab Dragon Ball \u00bb (Akira Toriyama), \u00ab Ranma 1\/2 \u00bb (Rumiko Takahashi), \u00ab One Piece \u00bb (Eiichiro Oda), \u00ab Chi, une vie de chat \u00bb (Konami Kanata), \u00ab L'Atelier des sorciers \u00bb (Kamome Shirahama).","authors":["Annabelle Fati","Anne Pomel"],"category_codes":["2000000","2070000","2070800"],"visuals":{"large":"https:\/\/images.epagine.fr\/058\/9782408052058_1_75.jpg","medium":"https:\/\/images.epagine.fr\/058\/9782408052058_1_m.jpg","thumbnail":"https:\/\/images.epagine.fr\/058\/9782408052058_1_v.jpg"},"orderable":true,"show_badge":true,"formatted_price":"9,90&nbsp;\u20ac","formatted_published_date":"8 janvier 2025","publisher_availability_label":"Sur commande","short_details":"Annabelle Fati, Anne Pomel \u2014 Milan","translator":null,"weight":337,"page_count":40,"readership":"\u00e0 partir de 5 ANS","editor":"Milan","price":990,"published_date":"2025-01-07T23:00:00.000000Z","support":"Grand format","publisher_availability":1,"stock":0,"editions":[],"url":"https:\/\/quaidesbrumes.com\/ouvrage\/9782408052058\/le-manga"},{"id":"9791040808589","title":"La petite rouge courroux","description":"Elle est rouge, la petite : rouge courroux.\r\nParce qu'elle a toutes les corv\u00e9es de la\r\nmaison sur le dos, que son p\u00e8re ne veut pas\r\nqu'elle sorte, que son fr\u00e8re la nargue et, pire,\r\nparce que sa m\u00e8re ne dit rien contre tout \u00e7a.\r\nCe matin, on lui demande de faire une galette\r\nau beurre pour sa grand-m\u00e8re qui l'aime tant :\r\n\u00ab Et le fr\u00e8re alors ? Pourquoi il ne fait pas la\r\ngalette, lui ? \u00bb Il la lui portera. \u00ab Et pourquoi\r\npas moi ? \u00bb C'est trop dangereux, tu pourrais\r\nrencontrer le loup ! La petite n'en a cure : elle\r\nest rouge \u00e9carlate, cette fois. Le loup n'a qu'\u00e0\r\nbien se tenir, face \u00e0 la col\u00e8re g\u00e9ante de la\r\nrouge rebelle !\r\n","authors":["Rapha\u00eble Frier","Victoria Dorche"],"category_codes":["2000000","2030000","2030400"],"visuals":{"large":"https:\/\/images.epagine.fr\/589\/9791040808589_1_75.jpg","medium":"https:\/\/images.epagine.fr\/589\/9791040808589_1_m.jpg","thumbnail":"https:\/\/images.epagine.fr\/589\/9791040808589_1_v.jpg"},"orderable":true,"show_badge":true,"formatted_price":"6,50&nbsp;\u20ac","formatted_published_date":"3 septembre 2025","publisher_availability_label":"Sur commande","short_details":"Rapha\u00eble Frier, Victoria Dorche \u2014 Sarbacane","translator":null,"weight":92,"page_count":32,"readership":"\u00e0 partir de 5 ANS","editor":"Sarbacane","price":650,"published_date":"2025-09-02T22:00:00.000000Z","support":"Grand format","publisher_availability":1,"stock":0,"editions":[],"url":"https:\/\/quaidesbrumes.com\/ouvrage\/9791040808589\/la-petite-rouge-courroux"},{"id":"9782749955698","title":"L'histoire du suppositoire qui visait la lune","description":"Un album hilarant pour tous les \u00e2ges, par ALEX VIZOREK\r\nIl y a bien longtemps, dans une pharmacie lointaine, tr\u00e8s lointaine, Luc le suppositoire vivait paisiblement au milieu de ses cong\u00e9n\u00e8res : les m\u00e9dicaments. Jusqu'au jour o\u00f9 il est jet\u00e9 dans la trousse de secours de la spationaute Ariane. Serait-ce l'occasion, pour un petit suppositoire qui n'a jamais os\u00e9 r\u00eaver, de s'approcher des \u00e9toiles ? Apr\u00e8s tout, viser la Lune, \u00e7a ne lui fait pas peur...","authors":["Caroline Allan","Alex Vizorek","Karo Pauwels"],"category_codes":["2000000","2030000","2030400"],"visuals":{"large":"https:\/\/images.epagine.fr\/698\/9782749955698_1_75.jpg","medium":"https:\/\/images.epagine.fr\/698\/9782749955698_1_m.jpg","thumbnail":"https:\/\/images.epagine.fr\/698\/9782749955698_1_v.jpg"},"orderable":true,"show_badge":true,"formatted_price":"12,95&nbsp;\u20ac","formatted_published_date":"12 octobre 2023","publisher_availability_label":"Sur commande","short_details":"Caroline Allan, Alex Vizorek, Karo Pauwels \u2014 Michel Lafon","translator":null,"weight":274,"page_count":40,"readership":"\u00e0 partir de 3 ANS","editor":"Michel Lafon","price":1295,"published_date":"2023-10-11T22:00:00.000000Z","support":"Grand format","publisher_availability":1,"stock":0,"editions":[],"url":"https:\/\/quaidesbrumes.com\/ouvrage\/9782749955698\/lhistoire-du-suppositoire-qui-visait-la-lune"},{"id":"9782211339940","title":"Tout le monde fait dodo","description":"Tout le monde fait dodo. L'escargot dans sa coquille, la tortue dans sa carapace, l'ogre sur sa paillasse, le pirate dans son hamac, l'\u00e9l\u00e9phant debout sur ses quatre pattes ! \r\nEt moi, ce sera juste apr\u00e8s les bisous du soir. \u00c0 moins que les moustiques ne s'en m\u00ealent !","authors":["Rascal","Pascal Lema\u00eetre"],"category_codes":["2000000","2020000","2020300"],"visuals":{"large":"https:\/\/images.epagine.fr\/940\/9782211339940_1_75.jpg","medium":"https:\/\/images.epagine.fr\/940\/9782211339940_1_m.jpg","thumbnail":"https:\/\/images.epagine.fr\/940\/9782211339940_1_v.jpg"},"orderable":true,"show_badge":true,"formatted_price":"14,00&nbsp;\u20ac","formatted_published_date":"4 juin 2025","publisher_availability_label":"Sur commande","short_details":"Rascal, Pascal Lema\u00eetre \u2014 L'\u00c9cole des loisirs","translator":null,"weight":557,"page_count":28,"readership":"0\/3 ans","editor":"L'\u00c9cole des loisirs","price":1400,"published_date":"2025-06-03T22:00:00.000000Z","support":"Grand format","publisher_availability":1,"stock":0,"editions":[],"url":"https:\/\/quaidesbrumes.com\/ouvrage\/9782211339940\/tout-le-monde-fait-dodo"},{"id":"9782493290762","title":"Petites loutres","description":"Petite Loutre poursuit sa soeur le long de la rivi\u00e8re. Mais la grande est trop rapide... Hop, elle se jette \u00e0 l'eau. Petite loutre plonge aussi. Mais que c'est dur ! \" Regarde, Petite Loutre ! Voil\u00e0 un bon gouter ! \" \" Si tu veux, demain, je t'apprendrai \u00e0 nager ! \"","authors":["Julie Lardon","Fabienne Cinquin"],"category_codes":["2000000","2020000","2020400"],"visuals":{"large":"https:\/\/images.epagine.fr\/762\/9782493290762_1_75.jpg","medium":"https:\/\/images.epagine.fr\/762\/9782493290762_1_m.jpg","thumbnail":"https:\/\/images.epagine.fr\/762\/9782493290762_1_v.jpg"},"orderable":true,"show_badge":true,"formatted_price":"10,00&nbsp;\u20ac","formatted_published_date":"28 ao\u00fbt 2025","publisher_availability_label":"Sur commande","short_details":"Julie Lardon, Fabienne Cinquin \u2014 La Poule qui pond \u00c9dition","translator":null,"weight":182,"page_count":18,"readership":"0\/3 ans","editor":"La Poule qui pond \u00c9dition","price":1000,"published_date":"2025-08-27T22:00:00.000000Z","support":"Grand format","publisher_availability":1,"stock":0,"editions":[],"url":"https:\/\/quaidesbrumes.com\/ouvrage\/9782493290762\/petites-loutres"},{"id":"9782355048043","title":"Quelle pomme es-tu pour rire des poires ?","description":"Entre peintures plus vraies que nature et bouch\u00e9es po\u00e9tiques, d\u00e9couvrez les poires comme vous ne les avez jamais savour\u00e9es.","authors":["Alain Serres","Martin Jarrie"],"category_codes":["2000000","2030000","2030400"],"visuals":{"large":"https:\/\/images.epagine.fr\/043\/9782355048043_1_75.jpg","medium":"https:\/\/images.epagine.fr\/043\/9782355048043_1_m.jpg","thumbnail":"https:\/\/images.epagine.fr\/043\/9782355048043_1_v.jpg"},"orderable":true,"show_badge":true,"formatted_price":"15,00&nbsp;\u20ac","formatted_published_date":"24 octobre 2025","publisher_availability_label":"Sur commande","short_details":"Alain Serres, Martin Jarrie \u2014 Rue du monde","translator":null,"weight":176,"page_count":64,"readership":"3\/6 ans","editor":"Rue du monde","price":1500,"published_date":"2025-10-23T22:00:00.000000Z","support":"Grand format","publisher_availability":1,"stock":0,"editions":[],"url":"https:\/\/quaidesbrumes.com\/ouvrage\/9782355048043\/quelle-pomme-es-tu-pour-rire-des-poires"},{"id":"9782017308201","title":"Stitch Tome 15 : Silence, \u00e7a tourne !","description":"Un c\u00e9l\u00e8bre acteur vient tourner l'un des \u00e9pisodes de sa s\u00e9rie sur l'\u00eele ! Tous ont h\u00e2te de l'approcher et de l'observer en pleine action. Mais alors que Yuna donne un cours de karat\u00e9, le jeune com\u00e9dien rep\u00e8re les talents de Stitch et lui propose de rejoindre le casting de l'\u00e9pisode. Stitch saura-t-il relever ce nouveau d\u00e9fi ?","authors":["Disney","Th\u00e9o Duval"],"category_codes":["2000000","2040000","2040300"],"visuals":{"large":"https:\/\/images.epagine.fr\/201\/9782017308201_1_75.jpg","medium":"https:\/\/images.epagine.fr\/201\/9782017308201_1_m.jpg","thumbnail":"https:\/\/images.epagine.fr\/201\/9782017308201_1_v.jpg"},"orderable":true,"show_badge":true,"formatted_price":"5,90&nbsp;\u20ac","formatted_published_date":"18 juin 2025","publisher_availability_label":"Sur commande","short_details":"Disney, Th\u00e9o Duval \u2014 Hachette Jeunesse","translator":"THEO DUVAL","weight":136,"page_count":128,"readership":"\u00e0 partir de 8 ANS","editor":"Hachette Jeunesse","price":590,"published_date":"2025-06-17T22:00:00.000000Z","support":"Poche","publisher_availability":1,"stock":0,"editions":[],"url":"https:\/\/quaidesbrumes.com\/ouvrage\/9782017308201\/stitch-tome-15-silence-ca-tourne"},{"id":"9782401112773","title":"La classe dont tu es le h\u00e9ros Tome 9 : Mission P\u00f4le Nord !","description":"La visite de la patinoire avec ta classe a mal tourn\u00e9 : ton ma\u00eetre vient de s'enfoncer dans la glace ! Et qui doit le sauver ? C'est toi, bien s\u00fbr ! Gr\u00e2ce \u00e0 ta combinaison sp\u00e9ciale, te voil\u00e0 propuls\u00e9\u00b7e dans le froid du p\u00f4le Nord. D\u00e9campe d'ici ! Sinon tu risques de geler sur place ou de te retrouver nez \u00e0 nez avec un ours polaire.\r\n\u00c0 toi de jouer  !\r\n  \r\nLa classe dont tu es le h\u00e9ros est une s\u00e9rie de premi\u00e8res lectures destin\u00e9es aux enfants de 6-7 ans.\r\n- des livres-jeux dont tu es le h\u00e9ros permettant aux jeunes lecteurs et lectrices de prendre le contr\u00f4le de leur aventure gr\u00e2ce \u00e0 leurs d\u00e9cisions et \u00e0 la r\u00e9solution de puzzles et d'\u00e9nigmes  ;\r\n- des th\u00e9matiques-passions et des univers loufoques et immersifs imagin\u00e9s par la talentueuse Lilas Nord et superbement illustr\u00e9s par Medhi Doigts, pour des aventures pleines d'humour et d'action  ;\r\n- un encart \u00e0 vis\u00e9e p\u00e9dagogique pour approfondir ses connaissances sur la th\u00e9matique explor\u00e9e et des jeux \u00e0 la fin  !\r\nRetrouve toute la classe dans les autres albums de la collection !","authors":["Lilas Nord","Mehdi Doigts"],"category_codes":["2000000","2040000","2040200"],"visuals":{"large":"https:\/\/images.epagine.fr\/773\/9782401112773_1_75.jpg","medium":"https:\/\/images.epagine.fr\/773\/9782401112773_1_m.jpg","thumbnail":"https:\/\/images.epagine.fr\/773\/9782401112773_1_v.jpg"},"orderable":true,"show_badge":true,"formatted_price":"6,20&nbsp;\u20ac","formatted_published_date":"2 avril 2025","publisher_availability_label":"Sur commande","short_details":"Lilas Nord, Mehdi Doigts \u2014 Hatier","translator":null,"weight":113,"page_count":48,"readership":"\u00e0 partir de 6 ANS","editor":"Hatier","price":620,"published_date":"2025-04-01T22:00:00.000000Z","support":"Grand format","publisher_availability":1,"stock":0,"editions":[],"url":"https:\/\/quaidesbrumes.com\/ouvrage\/9782401112773\/la-classe-dont-tu-es-le-heros-tome-9-mission-pole-nord"},{"id":"9782244219219","title":"Autocollants : \u00c0 la ferme","description":"Un cahier aux illustrations simples et efficaces qui permet au tout-petit d'apprendre \u00e0 d\u00e9coller et \u00e0 coller les autocollants. En positionnant les stickers \u00e0 la bonne place, l'enfant d\u00e9couvre les animaux de la ferme : poule, coq, \u00e2ne, cochon, canard, vache, mouton... Les grosses forment rondes guident l'enfant.","authors":["Marion Billet"],"category_codes":["2000000","2080000","2080200"],"visuals":{"large":"https:\/\/images.epagine.fr\/219\/9782244219219_1_75.jpg","medium":"https:\/\/images.epagine.fr\/219\/9782244219219_1_m.jpg","thumbnail":"https:\/\/images.epagine.fr\/219\/9782244219219_1_v.jpg"},"orderable":true,"show_badge":true,"formatted_price":"5,90&nbsp;\u20ac","formatted_published_date":"1er janvier 2026","publisher_availability_label":"Sur commande","short_details":"Marion Billet \u2014 \u00c9ditions Lito","translator":null,"weight":79,"page_count":10,"readership":"\u00e0 partir de 18 mois","editor":"\u00c9ditions Lito","price":590,"published_date":"2025-12-31T23:00:00.000000Z","support":"Papeterie \/ Coloriage","publisher_availability":1,"stock":0,"editions":[],"url":"https:\/\/quaidesbrumes.com\/ouvrage\/9782244219219\/autocollants-a-la-ferme"},{"id":"9782095018306","title":"T'choupi part \u00e0 l'aventure","description":"T'choupi part \u00e0 l'aventure !\r\nAujourd'hui, T'choupi et Pilou partent \u00e0 l'aventure. Jumelles, loupe, lampe et sifflet en poche, ils vont devoir se camoufler, explorer les buissons, traverser la rivi\u00e8re aux crocodiles, retrouver leur chemin, construire une cabane, et d\u00e9guster un bon go\u00fbter pour se remettre de leurs \u00e9motions....\r\nVive l'aventure!\r\n\r\nNouveau : avec votre enfant \u00e9coutez la version audio de l'histoire ! Tous les albums T'choupi sont maintenant accompagn\u00e9s d'une version audio, accessible gratuitement en scannant la couverture avec l'application Nathan Live.\r\n\r\nDes livres pour les enfants de 2 \u00e0 4 ans con\u00e7us dans un format id\u00e9al pour les petites mains : coins arrondis, pages plastifi\u00e9es r\u00e9sistantes. Un livre fabriqu\u00e9 en Europe.\r\nUn nouvel album qui fait d\u00e9couvrir le plaisir de se promener en for\u00eat avec ses grands-parents.","authors":["Thierry Courtin"],"category_codes":["2000000","2020000","2020400"],"visuals":{"large":"https:\/\/images.epagine.fr\/306\/9782095018306_1_75.jpg","medium":"https:\/\/images.epagine.fr\/306\/9782095018306_1_m.jpg","thumbnail":"https:\/\/images.epagine.fr\/306\/9782095018306_1_v.jpg"},"orderable":true,"show_badge":true,"formatted_price":"6,30&nbsp;\u20ac","formatted_published_date":"4 mai 2023","publisher_availability_label":"Sur commande","short_details":"Thierry Courtin \u2014 Nathan","translator":null,"weight":133,"page_count":24,"readership":"\u00e0 partir de 2 ANS","editor":"Nathan","price":630,"published_date":"2023-05-03T22:00:00.000000Z","support":"Grand format","publisher_availability":1,"stock":0,"editions":[],"url":"https:\/\/quaidesbrumes.com\/ouvrage\/9782095018306\/tchoupi-part-a-laventure"},{"id":"9782382150917","title":"Georges n.78 : Volcan","description":"Georges r\u00e9chauffe l'automne avec son N\u00b0 Volcan ! Au \u00ab sommet \u00bb de ce num\u00e9ro : une grande BD explosive, un \u00e9pisode de Cagoule et Lapin tout feu, tout flammes, l'histoire vraie de Pomp\u00e9i, un reportage avec un ou une vulcanologue. Dans la partie \"Jeux\", Georges vous propose de comprendre en s'amusant comment fonctionne un volcan, rencontrer Vulcain, fils de Jupiter et dieu mythologique du feu  (oui, oui, on vous ouvre notre carnet d'adresse), glisser sur les volcans de glace extraterrestres et suivre la lave dans un labyrinthe enflamm\u00e9. La cr\u00e9ation en 3D de ce num\u00e9ro sera volcanique \u00e0 monter sans se br\u00fbler le bout des doigts. Et pour finir, dans la Partie 3, celle des activit\u00e9s, vous pourrez r\u00e9aliser une \u00e9ruption \u00e0 la maison, dessiner une carte g\u00e9ologique, pr\u00e9parer un g\u00e2teau gros comme le Stromboli et fabriquer une lampe \u00e0 lave. Bref, un num\u00e9ro \u00ab chaud \u00bb en couleur !","authors":["Collectif"],"category_codes":["2000000","2000000"],"visuals":{"large":"https:\/\/images.epagine.fr\/917\/9782382150917_1_75.jpg","medium":"https:\/\/images.epagine.fr\/917\/9782382150917_1_m.jpg","thumbnail":"https:\/\/images.epagine.fr\/917\/9782382150917_1_v.jpg"},"orderable":true,"show_badge":false,"formatted_price":"10,90&nbsp;\u20ac","formatted_published_date":"3 octobre 2025","publisher_availability_label":"Sur commande","short_details":"Collectif \u2014 Maison Georges","translator":null,"weight":250,"page_count":60,"readership":"\u00e0 partir de 7 ANS","editor":"Maison Georges","price":1090,"published_date":"2025-10-02T22:00:00.000000Z","support":"Revue","publisher_availability":1,"stock":1,"editions":[],"url":"https:\/\/quaidesbrumes.com\/ouvrage\/9782382150917\/georges-n78-volcan"}]}