{"data":[{"id":"9782072935053","title":"Le clan des Otori Tome 4 : le vol du h\u00e9ron","description":"Seize ans ont pass\u00e9... Takeo et Kaede font r\u00e9gner sur les Trois Pays la paix et la prosp\u00e9rit\u00e9. Leur fille a\u00een\u00e9e, la belle Shigeko, promet d'\u00eatre une h\u00e9riti\u00e8re digne d'eux. Mais cette harmonie est en danger. Certains membres de la Tribu n'ont pas renonc\u00e9 \u00e0 leur vengeance, des guerriers forts de l'appui de l'empereur convoitent le pouvoir, les \u00e9trangers arrivent avec leur religion et leurs armes \u00e0 feu, et le fils cach\u00e9 de Takeo, que la proph\u00e9tie d\u00e9signe comme artisan de sa mort, a grandi. Les ressorts de la trag\u00e9die sont en place... Apr\u00e8s Le Silence du rossignol, Les Neiges de l'exil et La Clart\u00e9 de la lune, Le Vol du h\u00e9ron vient conclure le cycle du Clan des Otori.","authors":["Lian Hearn","Philippe Giraudon"],"category_codes":["2000000","2050000","2050200","2050207"],"visuals":{"large":"https:\/\/images.epagine.fr\/053\/9782072935053_1_75.jpg","medium":"https:\/\/images.epagine.fr\/053\/9782072935053_1_m.jpg","thumbnail":"https:\/\/images.epagine.fr\/053\/9782072935053_1_v.jpg"},"orderable":true,"show_badge":true,"formatted_price":"10,40&nbsp;\u20ac","formatted_published_date":"11 mars 2021","publisher_availability_label":"Sur commande","short_details":"Lian Hearn, Philippe Giraudon \u2014 Folio","translator":"PHILIPPE GIRAUDON","weight":364,"page_count":768,"readership":"\u00e0 partir de 13 ANS","editor":"Folio","price":1040,"published_date":"2021-03-10T23:00:00.000000Z","support":"Poche","publisher_availability":1,"stock":0,"editions":["9782075088305"],"url":"https:\/\/quaidesbrumes.com\/ouvrage\/9782072935053\/le-clan-des-otori-tome-4-le-vol-du-heron"},{"id":"9782017038184","title":"Magnus Chase et les dieux d'Asgard Tome 2 : le marteau de Thor","description":"Thor a perdu son marteau, une fois de plus. A moins qu'il ait \u00e9t\u00e9 vol\u00e9, ce qui serait un tantinet probl\u00e9matique. S'il ne le retrouve pas rapidement, les g\u00e9ants d\u00e9ferleront chez les mortels, et il ne donnera pas cher des Neuf Mondes... Heureusement, il a un alli\u00e9 qui pourrait l'aider dans son enqu\u00eate. Le seul prol\u00e8me ? Il s'agit de Loki, son plus fid\u00e8le ennemi. Bref, il s'attend au pire, pour changer.","authors":["Rick Riordan","Nathalie Duport-Serval"],"category_codes":["2000000","2050000","2050200","2050203"],"visuals":{"large":"https:\/\/images.epagine.fr\/184\/9782017038184_1_75.jpg","medium":"https:\/\/images.epagine.fr\/184\/9782017038184_1_m.jpg","thumbnail":"https:\/\/images.epagine.fr\/184\/9782017038184_1_v.jpg"},"orderable":true,"show_badge":true,"formatted_price":"8,90&nbsp;\u20ac","formatted_published_date":"30 mai 2018","publisher_availability_label":"Sur commande","short_details":"Rick Riordan, Nathalie Duport-Serval \u2014 Le Livre de Poche Jeunesse","translator":"NATHALIE DUPORT-SERVAL","weight":324,"page_count":480,"readership":"\u00e0 partir de 12 ANS","editor":"Le Livre de Poche Jeunesse","price":890,"published_date":"2018-05-29T22:00:00.000000Z","support":"Poche","publisher_availability":1,"stock":0,"editions":["9782226325198"],"url":"https:\/\/quaidesbrumes.com\/ouvrage\/9782017038184\/magnus-chase-et-les-dieux-dasgard-tome-2-le-marteau-de-thor"},{"id":"9782092494110","title":"Les combats d'Achille","description":"Les Histoires noires de la Mythologie : Les Combats d'Achille \" - As-tu oubli\u00e9 la pr\u00e9diction du devin Calchas ?\r\n- Non, m\u00e8re, mais mon choix est fait. Je pr\u00e9f\u00e8re la gloire des combats, au risque d'y perdre la vie. Je veux que mon nom retentisse \u00e9ternellement dans la m\u00e9moire des hommes... Et je me refuse \u00e0 penser que mon destin est d\u00e9j\u00e0 tout trac\u00e9. \" Les r\u00e9cits les plus sombres de la mythologie adapt\u00e9s pour les adolescents. \r\nD\u00e8s 12 ans.","authors":["Mano Gentil"],"category_codes":["2000000","2050000","2050200"],"visuals":{"large":"https:\/\/images.epagine.fr\/110\/9782092494110_1_75.jpg","medium":"https:\/\/images.epagine.fr\/110\/9782092494110_1_m.jpg","thumbnail":"https:\/\/images.epagine.fr\/110\/9782092494110_1_v.jpg"},"orderable":true,"show_badge":true,"formatted_price":"6,95&nbsp;\u20ac","formatted_published_date":"9 septembre 2021","publisher_availability_label":"Sur commande","short_details":"Mano Gentil \u2014 Nathan","translator":null,"weight":202,"page_count":128,"readership":"\u00e0 partir de 12 ANS","editor":"Nathan","price":695,"published_date":"2021-09-08T22:00:00.000000Z","support":"Poche","publisher_availability":1,"stock":0,"editions":[],"url":"https:\/\/quaidesbrumes.com\/ouvrage\/9782092494110\/les-combats-dachille"},{"id":"9782017371908","title":"L'Animalerie magique Tome 1 : Carlicorne \u00e0 la rescousse !","description":"R\u00e9sum\u00e9\r\nAujourd'hui, la princesse Ava et Carlinou se rendent \u00e0 l'Animalerie Magique pour faire quelques emplettes ! Mais Mme Papatte a beaucoup de travail, car elle doit s'occuper de lapinpillons \u00e9gar\u00e9s... Heureusement, elle peut compter sur l'aide d'Ava et Carlinou. Et lorsqu'une des petites cr\u00e9atures dispara\u00eet, les deux ins\u00e9parables amis n'h\u00e9sitent pas une seconde \u00e0 se lancer \u00e0 sa recherche !\r\nD\u00e9couvrez les aventures de Carlinou le carlicorne et de la princesse Ava\u00a0 \u00e0 l'Animalerie Magique !\r\nUne maquette agr\u00e9ment\u00e9e d'adorables illustrations en couleur\r\nPour les fans d'animaux et de magie\u00a0 !\r\nUn texte plein de f\u00e9erie, adapt\u00e9 aux jeunes lecteurs\r\nD\u00e8s 6 ans.\r\n\r\n\u00a0","authors":["Matilda Rose","Tim Budgen"],"category_codes":["2000000","2040000","2040200"],"visuals":{"large":"https:\/\/images.epagine.fr\/908\/9782017371908_1_75.jpg","medium":"https:\/\/images.epagine.fr\/908\/9782017371908_1_m.jpg","thumbnail":"https:\/\/images.epagine.fr\/908\/9782017371908_1_v.jpg"},"orderable":true,"show_badge":true,"formatted_price":"5,90&nbsp;\u20ac","formatted_published_date":"18 f\u00e9vrier 2026","publisher_availability_label":"Sur commande","short_details":"Matilda Rose, Tim Budgen \u2014 Hachette Jeunesse","translator":null,"weight":128,"page_count":96,"readership":"\u00e0 partir de 6 ANS","editor":"Hachette Jeunesse","price":590,"published_date":"2026-02-17T23:00:00.000000Z","support":"Poche","publisher_availability":1,"stock":0,"editions":[],"url":"https:\/\/quaidesbrumes.com\/ouvrage\/9782017371908\/lanimalerie-magique-tome-1-carlicorne-a-la-rescousse"},{"id":"9782075229203","title":"La savane","description":"Le premier imagier pour b\u00e9b\u00e9, une r\u00e9alisation brillante de l'artiste renomm\u00e9e, Ingela P Arrhenius. C'est une c\u00e9l\u00e9bration visuelle, une invitation \u00e0 la d\u00e9couverte pour les plus jeunes et une source de ravissement pour les adultes.\r\n","authors":["Ingela Peterson Arrhenius"],"category_codes":["2000000","2020000","2020300"],"visuals":{"large":"https:\/\/images.epagine.fr\/203\/9782075229203_1_75.jpg","medium":"https:\/\/images.epagine.fr\/203\/9782075229203_1_m.jpg","thumbnail":"https:\/\/images.epagine.fr\/203\/9782075229203_1_v.jpg"},"orderable":true,"show_badge":true,"formatted_price":"10,00&nbsp;\u20ac","formatted_published_date":"11 septembre 2025","publisher_availability_label":"Sur commande","short_details":"Ingela Peterson Arrhenius \u2014 Marcel et Joachim","translator":null,"weight":109,"page_count":10,"readership":"0\/3 ans","editor":"Marcel et Joachim","price":1000,"published_date":"2025-09-10T22:00:00.000000Z","support":"Grand format","publisher_availability":1,"stock":0,"editions":[],"url":"https:\/\/quaidesbrumes.com\/ouvrage\/9782075229203\/la-savane"},{"id":"9782017213550","title":"Sherlock, Lupin & moi Tome 8 : le secret de l'oeil d'Horus","description":"Londres, No\u00ebl 1871. Alors que l'humeur est \u00e0 la f\u00eate, un sinistre \u00e9v\u00e9nement vient secouer la ville : le directeur du British Museum a \u00e9t\u00e9 assassin\u00e9 dans des conditions tr\u00e8s \u00e9tranges. Seul indice, un symbole d'Horus laiss\u00e9 comme un message... Irene, Sherlock et Ars\u00e8ne s'emparent aussit\u00f4t d l'affaire. Cette enqu\u00eate p\u00e9rilleuse les m\u00e8ne sur les traces d'une exp\u00e9dition en \u00c9gypte vieille de vingt ans. Les fant\u00f4mes du pass\u00e9 ressurgissent pour d\u00e9voiler leurs secrets.","authors":["Irene Adler","B\u00e9atrice Didiot"],"category_codes":["2000000","2040000","2040500","2040506"],"visuals":{"large":"https:\/\/images.epagine.fr\/550\/9782017213550_1_75.jpg","medium":"https:\/\/images.epagine.fr\/550\/9782017213550_1_m.jpg","thumbnail":"https:\/\/images.epagine.fr\/550\/9782017213550_1_v.jpg"},"orderable":true,"show_badge":true,"formatted_price":"6,90&nbsp;\u20ac","formatted_published_date":"8 f\u00e9vrier 2023","publisher_availability_label":"Sur commande","short_details":"Irene Adler, B\u00e9atrice Didiot \u2014 Le Livre de Poche Jeunesse","translator":"BEATRICE DIDIOT","weight":164,"page_count":256,"readership":"\u00e0 partir de 10 ANS","editor":"Le Livre de Poche Jeunesse","price":690,"published_date":"2023-02-07T23:00:00.000000Z","support":"Poche","publisher_availability":1,"stock":0,"editions":["9782226443168"],"url":"https:\/\/quaidesbrumes.com\/ouvrage\/9782017213550\/sherlock-lupin-moi-tome-8-le-secret-de-loeil-dhorus"},{"id":"9791039543583","title":"Jade et les chevaux Tome 4 : Une randonn\u00e9e pleine de surprises !","description":"\u00c7a y est, c'est les vacances ! Jade et In\u00e8s partent pour leur premi\u00e8re randonn\u00e9e seules avec leurs chevaux. La for\u00eat est magnifique, mais tr\u00e8s vite, les choses se compliquent... Les deux amies arriveront-elles \u00e0 retrouver leur chemin dans les bois ?","authors":["Philippine de Gr\u00e9a","Lymut"],"category_codes":["2000000","2040000","2040300"],"visuals":{"large":"https:\/\/images.epagine.fr\/583\/9791039543583_1_75.jpg","medium":"https:\/\/images.epagine.fr\/583\/9791039543583_1_m.jpg","thumbnail":"https:\/\/images.epagine.fr\/583\/9791039543583_1_v.jpg"},"orderable":true,"show_badge":true,"formatted_price":"5,95&nbsp;\u20ac","formatted_published_date":"7 juin 2024","publisher_availability_label":"Sur commande","short_details":"Philippine de Gr\u00e9a, Lymut \u2014 Auzou","translator":null,"weight":148,"page_count":62,"readership":"\u00e0 partir de 7 ANS","editor":"Auzou","price":595,"published_date":"2024-06-06T22:00:00.000000Z","support":"Grand format","publisher_availability":1,"stock":0,"editions":[],"url":"https:\/\/quaidesbrumes.com\/ouvrage\/9791039543583\/jade-et-les-chevaux-tome-4-une-randonnee-pleine-de-surprises"},{"id":"9782244060972","title":"Je plante les fleurs","description":"Des coquelicots, des p\u00e2querettes, des tulipes, des roses... Plante les fleurs de toutes les couleurs et fais pousser le plus beau des jardins. Place \u00e0 l'imagination !","authors":["Maria Mestre Vericat"],"category_codes":["2000000","2080000","2080200"],"visuals":{"large":"https:\/\/images.epagine.fr\/972\/9782244060972_1_75.jpg","medium":"https:\/\/images.epagine.fr\/972\/9782244060972_1_m.jpg","thumbnail":"https:\/\/images.epagine.fr\/972\/9782244060972_1_v.jpg"},"orderable":true,"show_badge":true,"formatted_price":"0,00&nbsp;\u20ac","formatted_published_date":"1er avril 2023","publisher_availability_label":"Sur commande","short_details":"Maria Mestre Vericat \u2014 \u00c9ditions Lito","translator":null,"weight":50,"page_count":null,"readership":"\u00e0 partir de 3 ANS","editor":"\u00c9ditions Lito","price":0,"published_date":"2023-03-31T22:00:00.000000Z","support":"Papeterie \/ Coloriage","publisher_availability":1,"stock":0,"editions":[],"url":"https:\/\/quaidesbrumes.com\/ouvrage\/9782244060972\/je-plante-les-fleurs"},{"id":"9782378882532","title":"La Belle et la B\u00eate","description":"Il \u00e9tait une fois un prince arrogant et cruel qu'un sortil\u00e8ge m\u00e9tamorphosa en b\u00eate repoussante. Sous l'effet de cette magie, le prince perdit tout ce qu'il poss\u00e9dait et fut condamn\u00e9 \u00e0 rester prisonnier de son palais. Il ne recouvrirait sa libert\u00e9 que s'il apprenait \u00e0 aimer...","authors":["J\u00e9r\u00e9my Pailler"],"category_codes":["2000000","2030000","2030400"],"visuals":{"large":"https:\/\/images.epagine.fr\/532\/9782378882532_1_75.jpg","medium":"https:\/\/images.epagine.fr\/532\/9782378882532_1_m.jpg","thumbnail":"https:\/\/images.epagine.fr\/532\/9782378882532_1_v.jpg"},"orderable":true,"show_badge":true,"formatted_price":"15,00&nbsp;\u20ac","formatted_published_date":"9 octobre 2024","publisher_availability_label":"Sur commande","short_details":"J\u00e9r\u00e9my Pailler \u2014 Kal\u00e9idoscope","translator":null,"weight":408,"page_count":44,"readership":"\u00e0 partir de 6 ANS","editor":"Kal\u00e9idoscope","price":1500,"published_date":"2024-10-08T22:00:00.000000Z","support":"Grand format","publisher_availability":1,"stock":0,"editions":[],"url":"https:\/\/quaidesbrumes.com\/ouvrage\/9782378882532\/la-belle-et-la-bete"},{"id":"9791039558013","title":"Puzzle cherche et trouve : les dinosaures","description":"Un grand puzzle cherche et trouve \u00e0 partir de 4 ans !\r\nUn magnifique puzzle cherche et trouve sur les dinosaures !\r\nPuzzle \u00e0 partir de 4 ans, fabriqu\u00e9 en France.\r\nLe puzzle cherche et trouve est une d\u00e9clinaison de la collection de cherche et trouve.\r\nAvec un poster : au recto, la belle illustration ; au verso, les \u00e9l\u00e9ments \u00e0 cherche et retrouver dans le puzzle !\r\n\u00e2ge : 4 ans\r\n54 pi\u00e8ces\r\nFormat puzzle : 47,5 x 33 cm\r\nTh\u00e8me : les dinosaures","authors":["Collectif"],"category_codes":["2000000","2060000","2060500"],"visuals":{"large":"https:\/\/images.epagine.fr\/013\/9791039558013_1_75.jpg","medium":"https:\/\/images.epagine.fr\/013\/9791039558013_1_m.jpg","thumbnail":"https:\/\/images.epagine.fr\/013\/9791039558013_1_v.jpg"},"orderable":true,"show_badge":true,"formatted_price":"0,00&nbsp;\u20ac","formatted_published_date":"24 avril 2025","publisher_availability_label":"Sur commande","short_details":"Collectif \u2014 Auzou","translator":null,"weight":522,"page_count":null,"readership":"\u00e0 partir de 4 ANS","editor":"Auzou","price":0,"published_date":"2025-04-23T22:00:00.000000Z","support":"Objet","publisher_availability":1,"stock":0,"editions":["9782386140815"],"url":"https:\/\/quaidesbrumes.com\/ouvrage\/9791039558013\/puzzle-cherche-et-trouve-les-dinosaures"},{"id":"9782070655397","title":"Fables","description":"Avec ses Fables, La Fontaine s'inscrit dans une tradition multiple et universelle : la fable grecque en prose, suivie d'une br\u00e8ve moralit\u00e9, avec \u00c9sope ; la fable latine, br\u00e8ve, \u00e9galement en prose, avec Ph\u00e8dre, ainsi que la fable orientale.\r\nChez La Fontaine aussi les animaux discutent de morale, les hommes font les \u00e2nes... En apparence, il se place donc dans la lign\u00e9e de ceux qui voient dans la fable un court r\u00e9cit destin\u00e9 \u00e0 enseigner la morale. Et le d\u00e9dicataire du premier recueil n'est autre que le Grand Dauphin, le fils du roi alors \u00e2g\u00e9 de sept ans ! Mais, sous des airs de r\u00e9citations enfantines, se cache une peinture critique de la soci\u00e9t\u00e9 du Roi-Soleil, qui gr\u00e2ce \u00e0 son talent devient universelle. Et au-del\u00e0 des histoires pour enfants sages, on d\u00e9couvre une r\u00e9flexion profonde sur l'humaine condition.\r","authors":["Jean de La Fontaine","Daniel Maja"],"category_codes":["2000000","2030000","2030300"],"visuals":{"large":"https:\/\/images.epagine.fr\/397\/9782070655397_1_75.jpg","medium":"https:\/\/images.epagine.fr\/397\/9782070655397_1_m.jpg","thumbnail":"https:\/\/images.epagine.fr\/397\/9782070655397_1_v.jpg"},"orderable":true,"show_badge":true,"formatted_price":"7,50&nbsp;\u20ac","formatted_published_date":"5 septembre 2013","publisher_availability_label":"Sur commande","short_details":"Jean de La Fontaine, Daniel Maja \u2014 Gallimard Jeunesse","translator":null,"weight":116,"page_count":44,"readership":"3\/6 ans","editor":"Gallimard Jeunesse","price":750,"published_date":"2013-09-04T22:00:00.000000Z","support":"Grand format","publisher_availability":1,"stock":0,"editions":[],"url":"https:\/\/quaidesbrumes.com\/ouvrage\/9782070655397\/fables"},{"id":"9782075203661","title":"Les cacato\u00e8s","description":"Le professeur Dupont est un homme d'habitudes. Tous les matins, il r\u00e9p\u00e8te les m\u00eames gestes et vient saluer ses dix cacato\u00e8s avec la m\u00eame phrase. Un jour, les cacato\u00e8s d\u00e9cident de quitter les lieux, au grand d\u00e9sarroi du professeur Dupont. D\u00e8s 3 ans","authors":["Quentin Blake"],"category_codes":["2000000","2030000","2030300"],"visuals":{"large":"https:\/\/images.epagine.fr\/661\/9782075203661_1_75.jpg","medium":"https:\/\/images.epagine.fr\/661\/9782075203661_1_m.jpg","thumbnail":"https:\/\/images.epagine.fr\/661\/9782075203661_1_v.jpg"},"orderable":true,"show_badge":true,"formatted_price":"5,50&nbsp;\u20ac","formatted_published_date":"14 mars 2024","publisher_availability_label":"Sur commande","short_details":"Quentin Blake \u2014 Gallimard Jeunesse","translator":null,"weight":118,"page_count":40,"readership":"\u00e0 partir de 4 ANS","editor":"Gallimard Jeunesse","price":550,"published_date":"2024-03-13T23:00:00.000000Z","support":"Grand format","publisher_availability":1,"stock":0,"editions":[],"url":"https:\/\/quaidesbrumes.com\/ouvrage\/9782075203661\/les-cacatoes"},{"id":"9782211033558","title":"Sur le chantier","description":"H\u00e9, les gars ! Mettons-nous au travail. D\u00e9molissons cet immeuble. Creusons cette route. Chargeons ce camion. D\u00e9chargeons ces gravats. M\u00e9langeons ce ciment. Quelle journ\u00e9e...\r","authors":["Byron Barton"],"category_codes":["2000000","2030000","2030300"],"visuals":{"large":"https:\/\/images.epagine.fr\/558\/9782211033558_1_75.jpg","medium":"https:\/\/images.epagine.fr\/558\/9782211033558_1_m.jpg","thumbnail":"https:\/\/images.epagine.fr\/558\/9782211033558_1_v.jpg"},"orderable":true,"show_badge":true,"formatted_price":"6,00&nbsp;\u20ac","formatted_published_date":"17 mai 1995","publisher_availability_label":"Sur commande","short_details":"Byron Barton \u2014 L'\u00c9cole des loisirs","translator":null,"weight":92,"page_count":36,"readership":"3\/6 ans","editor":"L'\u00c9cole des loisirs","price":600,"published_date":"1995-05-16T22:00:00.000000Z","support":"Poche","publisher_availability":1,"stock":0,"editions":["9782211017039"],"url":"https:\/\/quaidesbrumes.com\/ouvrage\/9782211033558\/sur-le-chantier"},{"id":"9782278129621","title":"Comptines d'amandes et de citrons","description":"Un hommage aux dialectes de l'Italie du Sud.\r\nDans les 28 comptines, berceuses et jeux de doigts de ce grand livre musical, nous avons choisi de mettre en valeur les dialectes de l'Italie du Sud : le napolitain, le calabrais, le sicilien, le sarde, l'arb\u00ebresh...\r\nAinsi, dans la musique traditionnelle italienne comme dans les arrangements ici, l'accord\u00e9on est pr\u00e9sent partout. Il existe par ailleurs en Italie du Sud une tradition vivante de chants et de danses, comme la tarentelle, que ce grand livre musical met \u00e0 l'honneur.","authors":["Collectif","Elisa Caroli"],"category_codes":["2000000","2030000","2030600"],"visuals":{"large":"https:\/\/images.epagine.fr\/621\/9782278129621_1_75.jpg","medium":"https:\/\/images.epagine.fr\/621\/9782278129621_1_m.jpg","thumbnail":"https:\/\/images.epagine.fr\/621\/9782278129621_1_v.jpg"},"orderable":true,"show_badge":true,"formatted_price":"24,90&nbsp;\u20ac","formatted_published_date":"5 mars 2025","publisher_availability_label":"Sur commande","short_details":"Collectif, Elisa Caroli \u2014 Didier jeunesse","translator":null,"weight":622,"page_count":48,"readership":"3\/6 ans","editor":"Didier jeunesse","price":2490,"published_date":"2025-03-04T23:00:00.000000Z","support":"Livre + CD Audio","publisher_availability":1,"stock":0,"editions":[],"url":"https:\/\/quaidesbrumes.com\/ouvrage\/9782278129621\/comptines-damandes-et-de-citrons"},{"id":"9782378881481","title":"Tout est bon dans le loup","description":"On entend souvent parler du Grand M\u00e9chant Loup, de ses longues dents, de sa roublardise, de sa vilenie... mais l'int\u00e9ress\u00e9 en a ras la casquette de cette \u00e9tiquette ! Il aimerait qu'on \u00e9voque sa sensibilit\u00e9, la douceur de son pelage, ou encore la brillance de ses moustaches.\r\nEh bien, c'est chose faite dans cet album qui vous fera d\u00e9couvrir le loup sous un nouveau jour !","authors":["Didier L\u00e9vy","Ir\u00e8ne Bonacina"],"category_codes":["2000000","2030000","2030400"],"visuals":{"large":"https:\/\/images.epagine.fr\/481\/9782378881481_1_75.jpg","medium":"https:\/\/images.epagine.fr\/481\/9782378881481_1_m.jpg","thumbnail":"https:\/\/images.epagine.fr\/481\/9782378881481_1_v.jpg"},"orderable":true,"show_badge":true,"formatted_price":"14,00&nbsp;\u20ac","formatted_published_date":"22 mai 2024","publisher_availability_label":"Sur commande","short_details":"Didier L\u00e9vy, Ir\u00e8ne Bonacina \u2014 Kal\u00e9idoscope","translator":null,"weight":388,"page_count":48,"readership":"\u00e0 partir de 6 ANS","editor":"Kal\u00e9idoscope","price":1400,"published_date":"2024-05-21T22:00:00.000000Z","support":"Grand format","publisher_availability":1,"stock":0,"editions":[],"url":"https:\/\/quaidesbrumes.com\/ouvrage\/9782378881481\/tout-est-bon-dans-le-loup"},{"id":"9791036355578","title":"Missions \u00e0 tous les \u00e9tages Tome 3 : \u00c0 la poursuite de Lothar Rantul","description":"Cet album-jeu, cousin des \u00c9nigmes \u00e0 tous les \u00e9tages et inspir\u00e9 des livres dont vous \u00eates le h\u00e9ros, entra\u00eene les enfants \u00e0 partir de 9-10 ans sur la piste d'un collectionneur d'antiquit\u00e9 aux sombres projets. Cinq enqu\u00eates bas\u00e9es sur l'observation, la logique et un fonctionnement interactif \u00e0 la fa\u00e7on des livres dont vous \u00eates le h\u00e9ros : le lecteur\/h\u00e9ros choisit les actions qu'il veut mener. Parviendra-t-il \u00e0 remplir ses missions ?\r\nCon\u00e7ues et \u00e9crites par Paul Martin (dont les \u00c9nigmes se sont d\u00e9j\u00e0 vendues \u00e0 plus de 420 000  ex) et Erwann Surcouff (auteur des Sauroctones chez Dargaud), ces missions sont illustr\u00e9es par Mok\u00e9, Marie Sp\u00e9nale et L\u00e9a German. Elles entra\u00eenent le lecteur dans un parcours visuel \u00e0 travers des lieux \u00e9tranges et inqui\u00e9tants, vus de l'ext\u00e9rieur et de l'int\u00e9rieur (comme dans les \u00c9nigmes \u00e0 tous les \u00e9tages), dans un livre compos\u00e9 de grandes pages d\u00e9pliantes panoramiques et avec un livret top-secret.","authors":["Paul Martin","Erwann Surcouf","Mok\u00eb","L\u00e9a German","Marie Sp\u00e9nale"],"category_codes":["2000000","2060000","2060500"],"visuals":{"large":"https:\/\/images.epagine.fr\/578\/9791036355578_1_75.jpg","medium":"https:\/\/images.epagine.fr\/578\/9791036355578_1_m.jpg","thumbnail":"https:\/\/images.epagine.fr\/578\/9791036355578_1_v.jpg"},"orderable":true,"show_badge":true,"formatted_price":"13,50&nbsp;\u20ac","formatted_published_date":"22 mai 2024","publisher_availability_label":"Sur commande","short_details":"Paul Martin, Erwann Surcouf, Mok\u00eb, L\u00e9a German, Marie Sp\u00e9nale \u2014 Bayard Jeunesse","translator":null,"weight":353,"page_count":48,"readership":null,"editor":"Bayard Jeunesse","price":1350,"published_date":"2024-05-21T22:00:00.000000Z","support":"Grand format","publisher_availability":1,"stock":0,"editions":[],"url":"https:\/\/quaidesbrumes.com\/ouvrage\/9791036355578\/missions-a-tous-les-etages-tome-3-a-la-poursuite-de-lothar-rantul"},{"id":"9782012102132","title":"Les Monsieur Madame : tu es exceptionnel","description":"Un livre plein de positivit\u00e9 \u00e0 offrir pour donner confiance et encourager tous ceux qu'on aime.\r","authors":["Roger Hargreaves"],"category_codes":["2000000","2030000","2030400"],"visuals":{"large":"https:\/\/images.epagine.fr\/132\/9782012102132_1_75.jpg","medium":"https:\/\/images.epagine.fr\/132\/9782012102132_1_m.jpg","thumbnail":"https:\/\/images.epagine.fr\/132\/9782012102132_1_v.jpg"},"orderable":true,"show_badge":true,"formatted_price":"2,90&nbsp;\u20ac","formatted_published_date":"8 janvier 2020","publisher_availability_label":"Sur commande","short_details":"Roger Hargreaves \u2014 Hachette Jeunesse","translator":null,"weight":54,"page_count":40,"readership":"\u00e0 partir de 4 ANS","editor":"Hachette Jeunesse","price":290,"published_date":"2020-01-07T23:00:00.000000Z","support":"Grand format","publisher_availability":1,"stock":0,"editions":[],"url":"https:\/\/quaidesbrumes.com\/ouvrage\/9782012102132\/les-monsieur-madame-tu-es-exceptionnel"},{"id":"9791036372476","title":"Chair de poule Tome 18 : L'horloge maudite","description":"Le p\u00e8re de Michael et de Tania vient d'acheter l'horloge dont il avait toujours r\u00eav\u00e9. Michael a une id\u00e9e : et s'il l'ab\u00eemait, en faisant accuser sa petite soeur ? Il se vengerait enfin de tous les mauvais tours qu'elle lui a jou\u00e9s. Mais en tordant la t\u00eate du coucou, Michael va inverser le cours du temps. D\u00e9finitivement ?","authors":["R. L. Stine","Ma\u00efca Sanconie"],"category_codes":["2000000","2040000","2040500","2040503"],"visuals":{"large":"https:\/\/images.epagine.fr\/476\/9791036372476_1_75.jpg","medium":"https:\/\/images.epagine.fr\/476\/9791036372476_1_m.jpg","thumbnail":"https:\/\/images.epagine.fr\/476\/9791036372476_1_v.jpg"},"orderable":true,"show_badge":true,"formatted_price":"6,50&nbsp;\u20ac","formatted_published_date":"25 septembre 2024","publisher_availability_label":"Sur commande","short_details":"R. L. Stine, Ma\u00efca Sanconie \u2014 Bayard Jeunesse","translator":"MAICA SANCONIE","weight":140,"page_count":144,"readership":"\u00e0 partir de 9 ANS","editor":"Bayard Jeunesse","price":650,"published_date":"2024-09-24T22:00:00.000000Z","support":"Poche","publisher_availability":1,"stock":0,"editions":[],"url":"https:\/\/quaidesbrumes.com\/ouvrage\/9791036372476\/chair-de-poule-tome-18-lhorloge-maudite"},{"id":"9791039534765","title":"La saga des dragons - cycle 3 : la col\u00e8re des dragons : Int\u00e9grale","description":"Quand Erva\u00ebl, le roi-dragon, apprend que L\u00e9na est condamn\u00e9e \u00e0 mort, il brave l'interdit pour sauver son amie et retourne sur le monde d'Organd. Les dangers y sont nombreux, mais des rencontres inesp\u00e9r\u00e9es chez les humains le font s'interroger : la paix serait-elle possible entre les peuples ennemis ?","authors":["Eric Sanvoisin","J\u00e9r\u00e9mie Fleury"],"category_codes":["2000000","2040000","2040500","2040503"],"visuals":{"large":"https:\/\/images.epagine.fr\/765\/9791039534765_1_75.jpg","medium":"https:\/\/images.epagine.fr\/765\/9791039534765_1_m.jpg","thumbnail":"https:\/\/images.epagine.fr\/765\/9791039534765_1_v.jpg"},"orderable":true,"show_badge":true,"formatted_price":"14,95&nbsp;\u20ac","formatted_published_date":"6 octobre 2023","publisher_availability_label":"Sur commande","short_details":"Eric Sanvoisin, J\u00e9r\u00e9mie Fleury \u2014 Auzou","translator":null,"weight":468,"page_count":192,"readership":"\u00e0 partir de 7 ANS","editor":"Auzou","price":1495,"published_date":"2023-10-05T22:00:00.000000Z","support":"Grand format","publisher_availability":1,"stock":0,"editions":[],"url":"https:\/\/quaidesbrumes.com\/ouvrage\/9791039534765\/la-saga-des-dragons-cycle-3-la-colere-des-dragons-integrale"},{"id":"9782070650408","title":"Cheval d'orage Tome 3 ; galop de feu","description":"Casey a d\u00e9sormais tout pour elle : la c\u00e9l\u00e9brit\u00e9, l'amour, et bien s\u00fbr son cheval Ciel d'Orage, devenu un champion. Mais voil\u00e0 que Kyle West, jeune entra\u00eeneur aussi brillant que s\u00e9duisant, lui propose ses services. Comment rester concentr\u00e9e sur la pr\u00e9paration du concours de Burghley ? Surtout lorsque d'\u00e9tranges \u00e9v\u00e9nements se produisent pendant son entra\u00eenement : Casey est en danger...","authors":["Lauren St john","Alice Marchand"],"category_codes":["2000000","2040000","2040500"],"visuals":{"large":"https:\/\/images.epagine.fr\/408\/9782070650408_1_75.jpg","medium":"https:\/\/images.epagine.fr\/408\/9782070650408_1_m.jpg","thumbnail":"https:\/\/images.epagine.fr\/408\/9782070650408_1_v.jpg"},"orderable":true,"show_badge":true,"formatted_price":"8,90&nbsp;\u20ac","formatted_published_date":"8 mars 2018","publisher_availability_label":"Sur commande","short_details":"Lauren St john, Alice Marchand \u2014 Gallimard Jeunesse","translator":"ALICE MARCHAND","weight":208,"page_count":336,"readership":"\u00e0 partir de 8 ANS","editor":"Gallimard Jeunesse","price":890,"published_date":"2018-03-07T23:00:00.000000Z","support":"Poche","publisher_availability":1,"stock":0,"editions":[],"url":"https:\/\/quaidesbrumes.com\/ouvrage\/9782070650408\/cheval-dorage-tome-3-galop-de-feu"},{"id":"9782017071471","title":"Spirit ; au galop en toute libert\u00e9 Tome 1 : le cheval sauvage","description":"Lucky d\u00e9m\u00e9nage pour le Far West, mais elle s'en serait bien pass\u00e9... Elle aimait tant la ville et ses copines d'avant ! Ici, tout est diff\u00e9rent, et sa rentr\u00e9e se passe... plut\u00f4t mal. Heureusement, un cheval semble aussi perdu qu'elle et, tr\u00e8s vite, la jeune fille s'attache \u00e0 lui. Et \u00e7a tombe bien, car Apo et Abiga\u00eblle, deux filles de sa classe, adorent elles aussi les chevaux !","authors":["Collectif","Christelle Chatel"],"category_codes":["2000000","2040000","2040300"],"visuals":{"large":"https:\/\/images.epagine.fr\/471\/9782017071471_1_75.jpg","medium":"https:\/\/images.epagine.fr\/471\/9782017071471_1_m.jpg","thumbnail":"https:\/\/images.epagine.fr\/471\/9782017071471_1_v.jpg"},"orderable":true,"show_badge":true,"formatted_price":"5,90&nbsp;\u20ac","formatted_published_date":"2 mai 2019","publisher_availability_label":"Sur commande","short_details":"Collectif, Christelle Chatel \u2014 Hachette Jeunesse","translator":"CHRISTELLE CHATEL","weight":130,"page_count":96,"readership":"\u00e0 partir de 8 ANS","editor":"Hachette Jeunesse","price":590,"published_date":"2019-05-01T22:00:00.000000Z","support":"Poche","publisher_availability":1,"stock":0,"editions":[],"url":"https:\/\/quaidesbrumes.com\/ouvrage\/9782017071471\/spirit-au-galop-en-toute-liberte-tome-1-le-cheval-sauvage"},{"id":"9782080479914","title":"Je suis en CE2 : Une journ\u00e9e au vert","description":"\u00ab- Nous allons participer \u00e0 l'op\u00e9ration de nettoyage \u00abMa ville est verte\u00bb, annonce madame Chabon. Qui sait \u00e0 quoi cela sert ? - C'est pour prot\u00e9ger la nature et les animaux ! r\u00e9pond Kanoa.\u00bb 1 histoire + 1 dico + des activit\u00e9s ludiques.","authors":["Magdalena","Emmanuel Ristord"],"category_codes":["2000000","2040000","2040200"],"visuals":{"large":"https:\/\/images.epagine.fr\/914\/9782080479914_1_75.jpg","medium":"https:\/\/images.epagine.fr\/914\/9782080479914_1_m.jpg","thumbnail":"https:\/\/images.epagine.fr\/914\/9782080479914_1_v.jpg"},"orderable":true,"show_badge":true,"formatted_price":"6,50&nbsp;\u20ac","formatted_published_date":"16 avril 2025","publisher_availability_label":"Sur commande","short_details":"Magdalena, Emmanuel Ristord \u2014 P\u00e8re Castor","translator":null,"weight":140,"page_count":56,"readership":"\u00e0 partir de 8 ANS","editor":"P\u00e8re Castor","price":650,"published_date":"2025-04-15T22:00:00.000000Z","support":"Grand format","publisher_availability":1,"stock":0,"editions":[],"url":"https:\/\/quaidesbrumes.com\/ouvrage\/9782080479914\/je-suis-en-ce2-une-journee-au-vert"},{"id":"9791039558969","title":"Histoires d'enfants pas sages \u00e0 travers les \u00e2ges","description":"Tout au long de l'Histoire, il y a eu dans le monde des dizaines d'enfants extr\u00eamement m\u00e9chants, distraits, sales ou stupides. Ils ne sont pas un exemple \u00e0 suivre et la majorit\u00e9 d'entre eux a \u00e9t\u00e9 oubli\u00e9. Ce livre souhaite r\u00e9parer cette injustice. En plus de passer un bon moment, vous en apprendrez davantage sur la Pr\u00e9histoire, les grands navigateurs, la R\u00e9volution Fran\u00e7aise et bien d'autres faits historiques, jusqu'\u00e0 ce jour.","authors":["Mikel Valverde"],"category_codes":["2000000","2070000"],"visuals":{"large":"https:\/\/images.epagine.fr\/969\/9791039558969_1_75.jpg","medium":"https:\/\/images.epagine.fr\/969\/9791039558969_1_m.jpg","thumbnail":"https:\/\/images.epagine.fr\/969\/9791039558969_1_v.jpg"},"orderable":true,"show_badge":true,"formatted_price":"12,95&nbsp;\u20ac","formatted_published_date":"28 ao\u00fbt 2025","publisher_availability_label":"Sur commande","short_details":"Mikel Valverde \u2014 Auzou","translator":null,"weight":560,"page_count":72,"readership":"Tout public","editor":"Auzou","price":1295,"published_date":"2025-08-27T22:00:00.000000Z","support":"Grand format","publisher_availability":1,"stock":0,"editions":[],"url":"https:\/\/quaidesbrumes.com\/ouvrage\/9791039558969\/histoires-denfants-pas-sages-a-travers-les-ages"},{"id":"9782408054069","title":"La petite boutique des cauchemars Tome 1 : La poudre \u00e0 chatouilles","description":"Des \u00e9tag\u00e8res en bazar, un fant\u00f4me timide, un animal inqui\u00e9tant... La jeune Nina est loin d'imaginer ce qu'elle va d\u00e9couvrir quand elle pousse la porte de la Petite boutique des cauchemars. \u00ab Besoin d'aide \u00bb, disait l'annonce dans la vitrine ? On dirait bien !\r\nUn univers fantastique... \u00e0 mourir de rire\r\nUne s\u00e9rie pleine de personnages excentriques et d'intrigues farfelues : les journ\u00e9es de travail ne sont jamais ennuyeuses dans la Petite boutique des cauchemars ! Nina va devoir garder la t\u00eate froide pour ne pas se laisser entra\u00eener par la douce folie qui semble animer tout le monde, ici.Une boutique curieuse pour les curieux\r\nLes illustrations humoristiques fourmillantes de d\u00e9tails invitent le lecteur \u00e0 explorer les rayonnages du magasin : ils sont surcharg\u00e9s de potions bizarres aux \u00e9tiquettes malicieuses. Un r\u00e9gal pour ceux qui aiment d\u00e9couvrir de nouvelles choses \u00e0 chaque lecture !\r\nDes romans pour partager sa lecture\r\nLes \u00ab Roman Milan 7+ \u00bb, des premiers romans pour les 7-9 ans pr\u00eats \u00e0 plonger dans des histoires plus riches ! Avec, en bonus, deux pages pour cr\u00e9er son \u00ab carnet de lecture \u00bb gr\u00e2ce \u00e0 des rubriques\u00a0li\u00e9es aux th\u00e8mes du roman.","authors":["Magdalena Halonen","Teemu Juhani Karttunen","Johanna Kuningas"],"category_codes":["2000000","2040000","2040200"],"visuals":{"large":"https:\/\/images.epagine.fr\/069\/9782408054069_1_75.jpg","medium":"https:\/\/images.epagine.fr\/069\/9782408054069_1_m.jpg","thumbnail":"https:\/\/images.epagine.fr\/069\/9782408054069_1_v.jpg"},"orderable":true,"show_badge":true,"formatted_price":"7,50&nbsp;\u20ac","formatted_published_date":"1er octobre 2025","publisher_availability_label":"Sur commande","short_details":"Magdalena Halonen, Teemu Juhani Karttunen, Johanna Kuningas \u2014 Milan","translator":"JOHANNA KUNINGAS","weight":166,"page_count":64,"readership":"\u00e0 partir de 7 ANS","editor":"Milan","price":750,"published_date":"2025-09-30T22:00:00.000000Z","support":"Grand format","publisher_availability":1,"stock":0,"editions":[],"url":"https:\/\/quaidesbrumes.com\/ouvrage\/9782408054069\/la-petite-boutique-des-cauchemars-tome-1-la-poudre-a-chatouilles"}]}