{"data":[{"id":"9782244802251","title":"50 jeux pour mes 3 ans","description":"50 jeux simples et vari\u00e9s pour les plus petits d\u00e8s 3 ans. Pour s'amuser avec des labyrinthes, des coloriages, des points par points, des intrus \u00e0 trouver... De tout premiers jeux simples et color\u00e9s.","authors":["Eva Maria Gey Trenado"],"category_codes":["2000000","2060000","2060500"],"visuals":{"large":"https:\/\/images.epagine.fr\/251\/9782244802251_1_75.jpg","medium":"https:\/\/images.epagine.fr\/251\/9782244802251_1_m.jpg","thumbnail":"https:\/\/images.epagine.fr\/251\/9782244802251_1_v.jpg"},"orderable":true,"show_badge":true,"formatted_price":"5,90&nbsp;\u20ac","formatted_published_date":"1er f\u00e9vrier 2026","publisher_availability_label":"Sur commande","short_details":"Eva Maria Gey Trenado \u2014 \u00c9ditions Lito","translator":null,"weight":210,"page_count":48,"readership":"\u00e0 partir de 3 ANS","editor":"\u00c9ditions Lito","price":590,"published_date":"2026-01-31T23:00:00.000000Z","support":"Grand format","publisher_availability":1,"stock":0,"editions":[],"url":"https:\/\/quaidesbrumes.com\/ouvrage\/9782244802251\/50-jeux-pour-mes-3-ans"},{"id":"9782075188302","title":"\u00c0 qui appartient Mimicha ?","description":"Gustave et C\u00e9sar trouvent un chaton abandonn\u00e9. Mila, la grande soeur de Gustave, se doute que la famille de \u00abMimicha\u00bb n'est pas loin. La petite bande m\u00e8ne l'enqu\u00eate.","authors":["Catherine Dolto","Colline Faure-poir\u00e9e","Robin"],"category_codes":["2000000","2030000","2030400"],"visuals":{"large":"https:\/\/images.epagine.fr\/302\/9782075188302_1_75.jpg","medium":"https:\/\/images.epagine.fr\/302\/9782075188302_1_m.jpg","thumbnail":"https:\/\/images.epagine.fr\/302\/9782075188302_1_v.jpg"},"orderable":true,"show_badge":true,"formatted_price":"8,90&nbsp;\u20ac","formatted_published_date":"7 novembre 2024","publisher_availability_label":"Sur commande","short_details":"Catherine Dolto, Colline Faure-poir\u00e9e, Robin \u2014 Gallimard Jeunesse-Giboul\u00e9es","translator":null,"weight":158,"page_count":48,"readership":"\u00e0 partir de 7 ANS","editor":"Gallimard Jeunesse-Giboul\u00e9es","price":890,"published_date":"2024-11-06T23:00:00.000000Z","support":"Grand format","publisher_availability":1,"stock":0,"editions":[],"url":"https:\/\/quaidesbrumes.com\/ouvrage\/9782075188302\/a-qui-appartient-mimicha"},{"id":"9782075126830","title":"Artemis Fowl Tome 4 : op\u00e9ration opale","description":"Les secrets du Peuple des f\u00e9es sont d\u00e9sormais bien gard\u00e9s : pour se prot\u00e9ger d'Artemis Fowl, elles ont effac\u00e9 tous ses souvenirs. Sauf qu'aujourd'hui, elles auraient bien besoin d'un de ses coups de g\u00e9nie : Opale Kobo\u00ef, une f\u00e9e dangeureuse et assoiff\u00e9e de pouvoir les menace. Annihiler le Peuple des f\u00e9es, humilier Holly Short et Artemis avant de les supprimer... ambitieux portable. Artemis doit \u00e0 tout prix retrouver la m\u00e9moire, et vite !","authors":["Eoin Colfer","Jean-Fran\u00e7ois M\u00e9nard"],"category_codes":["2000000","2040000","2040500","2040503"],"visuals":{"large":"https:\/\/images.epagine.fr\/830\/9782075126830_1_75.jpg","medium":"https:\/\/images.epagine.fr\/830\/9782075126830_1_m.jpg","thumbnail":"https:\/\/images.epagine.fr\/830\/9782075126830_1_v.jpg"},"orderable":true,"show_badge":true,"formatted_price":"9,90&nbsp;\u20ac","formatted_published_date":"11 avril 2019","publisher_availability_label":"Sur commande","short_details":"Eoin Colfer, Jean-Fran\u00e7ois M\u00e9nard \u2014 Gallimard Jeunesse","translator":"JEAN-FRANCOIS MENARD","weight":272,"page_count":448,"readership":"\u00e0 partir de 11 ANS","editor":"Gallimard Jeunesse","price":990,"published_date":"2019-04-10T22:00:00.000000Z","support":"Poche","publisher_availability":1,"stock":0,"editions":["9782070524945"],"url":"https:\/\/quaidesbrumes.com\/ouvrage\/9782075126830\/artemis-fowl-tome-4-operation-opale"},{"id":"9782095039806","title":"Am\u00e9lie Mal\u00e9fice : La classe de potion","description":"Am\u00e9lie Mal\u00e9fice, la nouvelle h\u00e9ro\u00efne des Premi\u00e8res Lectures !\r\nUn roman \u00e0 lire \u00e0 deux pour les premiers pas en lecture !\r\nL'histoire : Am\u00e9lie et Sim\u00e9on sont en CP.\r\n\u00c7a veut dire Classe de Potion !\r\nAu lieu d'un flacon de parfum, Am\u00e9lie verse un \u00e9lixir de fou rire dans son chaudron...\r\nQuand Am\u00e9lie et la ma\u00eetresse sont victimes de la potion rat\u00e9e, c'est \u00e0 Sim\u00e9on de trouver une solution !\r\n\r\nUn livre test\u00e9 par des enseignants de CP et CE1 pour les enfants d\u00e8s 6 ans.\r\n\r\nSp\u00e9cial enseignant.e.s : des ressources p\u00e9dagogiques sont \u00e0 votre disposition pour \u00e9tudier cet ouvrage en classe.","authors":["Arnaud Alm\u00e9ras","Ga\u00eblle Duhaz\u00e9"],"category_codes":["2000000","2040000","2040300"],"visuals":{"large":"https:\/\/images.epagine.fr\/806\/9782095039806_1_75.jpg","medium":"https:\/\/images.epagine.fr\/806\/9782095039806_1_m.jpg","thumbnail":"https:\/\/images.epagine.fr\/806\/9782095039806_1_v.jpg"},"orderable":true,"show_badge":true,"formatted_price":"6,20&nbsp;\u20ac","formatted_published_date":"30 septembre 2024","publisher_availability_label":"Sur commande","short_details":"Arnaud Alm\u00e9ras, Ga\u00eblle Duhaz\u00e9 \u2014 Nathan","translator":null,"weight":110,"page_count":32,"readership":"\u00e0 partir de 6 ANS","editor":"Nathan","price":620,"published_date":"2024-09-29T22:00:00.000000Z","support":"Grand format","publisher_availability":1,"stock":0,"editions":[],"url":"https:\/\/quaidesbrumes.com\/ouvrage\/9782095039806\/amelie-malefice-la-classe-de-potion"},{"id":"9782080237156","title":"L'imagier du P\u00e8re Castor en langue de signes","description":"La langue des signes peut \u00eatre utilis\u00e9e par tous les b\u00e9b\u00e9s avant l'arriv\u00e9e des premiers mots.Cet imagier propose 20 signes essentiels du quotidien pour mieux communiquer avec son enfant, d\u00e8s 6 mois.Chaque signe est expliqu\u00e9 et illustr\u00e9 \u00e9tape par \u00e9tape.L'Imagier du P\u00e8re Castor aide parents et tout-petits \u00e0 \u00e9changer de fa\u00e7on ludique et facilite l'acquisition du langage.","authors":["Madeleine Brunelet"],"category_codes":["2000000","2020000","2020300"],"visuals":{"large":"https:\/\/images.epagine.fr\/156\/9782080237156_1_75.jpg","medium":"https:\/\/images.epagine.fr\/156\/9782080237156_1_m.jpg","thumbnail":"https:\/\/images.epagine.fr\/156\/9782080237156_1_v.jpg"},"orderable":true,"show_badge":false,"formatted_price":"13,50&nbsp;\u20ac","formatted_published_date":"26 janvier 2022","publisher_availability_label":"Sur commande","short_details":"Madeleine Brunelet \u2014 P\u00e8re Castor","translator":null,"weight":396,"page_count":52,"readership":"0\/3 ans","editor":"P\u00e8re Castor","price":1350,"published_date":"2022-01-25T23:00:00.000000Z","support":"Grand format","publisher_availability":1,"stock":1,"editions":[],"url":"https:\/\/quaidesbrumes.com\/ouvrage\/9782080237156\/limagier-du-pere-castor-en-langue-de-signes"},{"id":"9782211337533","title":"Pas pr\u00e9vu...","description":"Lapin est plut\u00f4t de bonne humeur, contrairement \u00e0 son ami Ours qui bougonne et ronchonne quand les choses ne se d\u00e9roulent pas comme il l'avait pr\u00e9vu. Toute la journ\u00e9e, Ours est m\u00e9content \u00e0 cause de petits contretemps qu'il n'avait pas anticip\u00e9s, quand Lapin, lui, voit plut\u00f4t le bon c\u00f4t\u00e9 des choses...\r\nComment cette journ\u00e9e pleine d'impr\u00e9vus pour Ours va-t-elle se terminer ?","authors":["Elo"],"category_codes":["2000000","2020000","2020500"],"visuals":{"large":"https:\/\/images.epagine.fr\/533\/9782211337533_1_75.jpg","medium":"https:\/\/images.epagine.fr\/533\/9782211337533_1_m.jpg","thumbnail":"https:\/\/images.epagine.fr\/533\/9782211337533_1_v.jpg"},"orderable":true,"show_badge":true,"formatted_price":"12,50&nbsp;\u20ac","formatted_published_date":"25 septembre 2024","publisher_availability_label":"Sur commande","short_details":"Elo \u2014 L'\u00c9cole des loisirs","translator":null,"weight":392,"page_count":20,"readership":"\u00e0 partir de 2 ANS","editor":"L'\u00c9cole des loisirs","price":1250,"published_date":"2024-09-24T22:00:00.000000Z","support":"Grand format","publisher_availability":1,"stock":0,"editions":[],"url":"https:\/\/quaidesbrumes.com\/ouvrage\/9782211337533\/pas-prevu"},{"id":"9782017221425","title":"Les coquillages ne s'ouvrent qu'en \u00e9t\u00e9","description":"Comme chaque ann\u00e9e, L\u00e9na et Phoebe passent les vacances d'\u00e9t\u00e9 sur la c\u00f4te basque. L\u00e9na ne r\u00eave que de surf et de faire la f\u00eate sur la plage, tandis que Phoebe peine \u00e0 reprendre son souffle apr\u00e8s une premi\u00e8re ann\u00e9e de fac compliqu\u00e9e. Les deux soeurs ne se parlent presque plus et leur famille est au bord de l'implosion. Mais cet \u00e9t\u00e9, il y a Inaya, cette fille qui bouleverse toutes les certitudes de L\u00e9na. Il y a aussi Isaac, le premier amour de Phoebe \u00e0 qui elle a bris\u00e9 le coeur l'\u00e9t\u00e9 dernier. Il y a surtout ces choses que les deux soeurs ne se sont jamais dites.","authors":["Clara H\u00e9raut"],"category_codes":["2000000","2050000","2050200"],"visuals":{"large":"https:\/\/images.epagine.fr\/425\/9782017221425_1_75.jpg","medium":"https:\/\/images.epagine.fr\/425\/9782017221425_1_m.jpg","thumbnail":"https:\/\/images.epagine.fr\/425\/9782017221425_1_v.jpg"},"orderable":true,"show_badge":false,"formatted_price":"19,00&nbsp;\u20ac","formatted_published_date":"29 mai 2024","publisher_availability_label":"Sur commande","short_details":"Clara H\u00e9raut \u2014 Hachette Romans","translator":null,"weight":502,"page_count":436,"readership":"\u00e0 partir de 15 ans","editor":"Hachette Romans","price":1900,"published_date":"2024-05-28T22:00:00.000000Z","support":"Grand format","publisher_availability":1,"stock":1,"editions":[],"url":"https:\/\/quaidesbrumes.com\/ouvrage\/9782017221425\/les-coquillages-ne-souvrent-quen-ete"},{"id":"9782075161718","title":"Kate m\u00e8ne l'enqu\u00eate Tome 3","description":"Kate est d\u00e9sign\u00e9e par la r\u00e9dactrice en chef du journal Le D\u00e9couvreur pour trouver qui s'acharne \u00e0 trafiquer les pages du c\u00e9l\u00e8bre quotidien. D\u00e9termin\u00e9e \u00e0 faire ses preuves en tant que grand reporter et \u00e9paul\u00e9e par son ami, Roberto le souriceau, Kate va mener l'enqu\u00eate la plus importante de sa carri\u00e8re. Mais le temps est compt\u00e9 : \u00e0 la fin de la semaine, Catherine Rodriguez, l'idole de Kate, doit remettre un article top secret et il est hors de question que son nom soit tourn\u00e9 en ridicule.","authors":["Hannah Peck"],"category_codes":["2000000","2040000","2040500"],"visuals":{"large":"https:\/\/images.epagine.fr\/718\/9782075161718_1_75.jpg","medium":"https:\/\/images.epagine.fr\/718\/9782075161718_1_m.jpg","thumbnail":"https:\/\/images.epagine.fr\/718\/9782075161718_1_v.jpg"},"orderable":true,"show_badge":false,"formatted_price":"9,80&nbsp;\u20ac","formatted_published_date":"19 octobre 2023","publisher_availability_label":"Sur commande","short_details":"Hannah Peck \u2014 Gallimard Jeunesse","translator":null,"weight":370,"page_count":192,"readership":"\u00e0 partir de 8 ANS","editor":"Gallimard Jeunesse","price":980,"published_date":"2023-10-18T22:00:00.000000Z","support":"Grand format","publisher_availability":1,"stock":1,"editions":[],"url":"https:\/\/quaidesbrumes.com\/ouvrage\/9782075161718\/kate-mene-lenquete-tome-3"},{"id":"9791036382567","title":"La v\u00e9ritable histoire de Tom, moussaillon au temps des pirates","description":"1721. Tom a 10 ans et vit aux Cara\u00efbes. Il r\u00eave de retrouver son fr\u00e8re qui navigue dans les Indes. Aussi s'entend-il avec le capitaine de l'Indian Queen pour embarquer \u00e0 bord de ce navire en partance pour les Indes. \u00c0 peine les amarres largu\u00e9es, il se rend compte qu'il va voyager sur un bateau de pirates. Entre temp\u00eates et abordages, la violence est de mise. Aussi Tom s'\u00e9chappe avec une jeune esclave sauv\u00e9e d'un naufrage, pour rejoindre Madagascar o\u00f9 se trouverait son fr\u00e8re...","authors":["Pascale Perrier","Lo\u00efc Locatelli"],"category_codes":["2000000","2070000","2070400"],"visuals":{"large":"https:\/\/images.epagine.fr\/567\/9791036382567_1_75.jpg","medium":"https:\/\/images.epagine.fr\/567\/9791036382567_1_m.jpg","thumbnail":"https:\/\/images.epagine.fr\/567\/9791036382567_1_v.jpg"},"orderable":true,"show_badge":true,"formatted_price":"7,20&nbsp;\u20ac","formatted_published_date":"7 mai 2025","publisher_availability_label":"Sur commande","short_details":"Pascale Perrier, Lo\u00efc Locatelli \u2014 Bayard Jeunesse","translator":null,"weight":123,"page_count":48,"readership":"\u00e0 partir de 8 ANS","editor":"Bayard Jeunesse","price":720,"published_date":"2025-05-06T22:00:00.000000Z","support":"Grand format","publisher_availability":1,"stock":0,"editions":[],"url":"https:\/\/quaidesbrumes.com\/ouvrage\/9791036382567\/la-veritable-histoire-de-tom-moussaillon-au-temps-des-pirates"},{"id":"9782386142185","title":"Le Belem","description":"Bienvenue \u00e0 bord du Belem, le dernier grand voilier de commerce fran\u00e7ais du XIXe si\u00e8cle encore en navigation.\r\nAvec ses trois m\u00e2ts et sa coque en acier, il a sillonn\u00e9 les mers et surv\u00e9cu \u00e0 bien des dangers !\r\nClass\u00e9 monument historique, il embarque aujourd'hui tous ceux qui souhaitent le visiter ou exp\u00e9rimenter la vie d'un matelot, gr\u00e2ce \u00e0 la Fondation Belem Caisse d'Epargne.\r\nD\u00e9couvre son incroyable histoire !\r","authors":["Mathieu Ferret"],"category_codes":["2000000","2070000","2070400"],"visuals":{"large":"https:\/\/images.epagine.fr\/185\/9782386142185_1_75.jpg","medium":"https:\/\/images.epagine.fr\/185\/9782386142185_1_m.jpg","thumbnail":"https:\/\/images.epagine.fr\/185\/9782386142185_1_v.jpg"},"orderable":true,"show_badge":true,"formatted_price":"5,00&nbsp;\u20ac","formatted_published_date":"9 juillet 2025","publisher_availability_label":"Sur commande","short_details":"Mathieu Ferret \u2014 QUELLE HISTOIRE","translator":null,"weight":90,"page_count":40,"readership":"Tout public","editor":"QUELLE HISTOIRE","price":500,"published_date":"2025-07-08T22:00:00.000000Z","support":"Grand format","publisher_availability":1,"stock":0,"editions":[],"url":"https:\/\/quaidesbrumes.com\/ouvrage\/9782386142185\/le-belem"},{"id":"9791039526821","title":"Mes p'tits tattoos : pirates","description":"Plus de 50 tattoos sur le th\u00e8me des pirates, magnifiquement illustr\u00e9s par Christina H\u00e4gerfors.\r\nLe petit \"cadeau compl\u00e9ment\" id\u00e9al pour les anniversaires !","authors":["Christina H\u00e4gerfors"],"category_codes":["2000000","2080000","2080400"],"visuals":{"large":"https:\/\/images.epagine.fr\/821\/9791039526821_1_75.jpg","medium":"https:\/\/images.epagine.fr\/821\/9791039526821_1_m.jpg","thumbnail":"https:\/\/images.epagine.fr\/821\/9791039526821_1_v.jpg"},"orderable":true,"show_badge":true,"formatted_price":"0,00&nbsp;\u20ac","formatted_published_date":"5 mai 2023","publisher_availability_label":"Sur commande","short_details":"Christina H\u00e4gerfors \u2014 Auzou","translator":null,"weight":25,"page_count":null,"readership":"\u00e0 partir de 3 ANS","editor":"Auzou","price":0,"published_date":"2023-05-04T22:00:00.000000Z","support":"Papeterie \/ Coloriage","publisher_availability":1,"stock":0,"editions":[],"url":"https:\/\/quaidesbrumes.com\/ouvrage\/9791039526821\/mes-ptits-tattoos-pirates"},{"id":"9782203225923","title":"L'acad\u00e9mie des dragons Tome 2 : Cara et Voleuse d'Argent","description":"Cara a toujours entendu une voix dans son esprit. Lorsqu'elle apprend que celle-ci appartient \u00e0 Voleuse d'Argent, sa dragonne, son monde est boulevers\u00e9. Elle rejoint alors l'Acad\u00e9mie des dragons : une \u00e9cole o\u00f9 dragons et apprentis s'entrainent ensemble pour prot\u00e9ger le Royaume. Mais tout cela est trop beau pour \u00eatre vrai. D'ailleurs Cridy, le peu sympathique ma\u00eetre-dragonnier, semble cacher quelque chose. Cara et Voleuse d'Argent sont d\u00e9termin\u00e9es \u00e0 d\u00e9couvrir son secret...","authors":["Alastair Chisholm","Sarah Dali"],"category_codes":["2000000","2040000","2040500","2040503"],"visuals":{"large":"https:\/\/images.epagine.fr\/923\/9782203225923_1_75.jpg","medium":"https:\/\/images.epagine.fr\/923\/9782203225923_1_m.jpg","thumbnail":"https:\/\/images.epagine.fr\/923\/9782203225923_1_v.jpg"},"orderable":true,"show_badge":true,"formatted_price":"6,95&nbsp;\u20ac","formatted_published_date":"7 septembre 2022","publisher_availability_label":"Sur commande","short_details":"Alastair Chisholm, Sarah Dali \u2014 Casterman","translator":"SARAH DALI","weight":146,"page_count":120,"readership":"\u00e0 partir de 8 ANS","editor":"Casterman","price":695,"published_date":"2022-09-06T22:00:00.000000Z","support":"Poche","publisher_availability":1,"stock":0,"editions":[],"url":"https:\/\/quaidesbrumes.com\/ouvrage\/9782203225923\/lacademie-des-dragons-tome-2-cara-et-voleuse-dargent"},{"id":"9782017204176","title":"Destins de champions Tome 3 : une biographie de Lionel Messi","description":"Messi poss\u00e8de l'un des plus beaux palmar\u00e8s du football mondial : quatre Ligues des champions, dix championnats d'Espagne, sans oublier la Copa Am\u00e9rica, ainsi qu'une m\u00e9daille d'or olympique et une Coupe du monde. Cette biographie raconte le destin incroyable de l'Argentin aux sept Ballons d'or, sa carri\u00e8re exceptionnelle au sein du FC Barcelone, jusqu'\u00e0 son arriv\u00e9e tonitruante au Paris Saint-Germain et son sacre de champion du monde.\r\nUne biographie \u00e9crite par Luca Caioli, journaliste sportif auteur de nombreux ouvrages sur le football.","authors":["Luca Caioli"],"category_codes":["2000000","2040000","2040500"],"visuals":{"large":"https:\/\/images.epagine.fr\/176\/9782017204176_1_75.jpg","medium":"https:\/\/images.epagine.fr\/176\/9782017204176_1_m.jpg","thumbnail":"https:\/\/images.epagine.fr\/176\/9782017204176_1_v.jpg"},"orderable":true,"show_badge":true,"formatted_price":"5,90&nbsp;\u20ac","formatted_published_date":"7 juin 2023","publisher_availability_label":"Sur commande","short_details":"Luca Caioli \u2014 Hachette Jeunesse","translator":null,"weight":150,"page_count":128,"readership":"\u00e0 partir de 8 ANS","editor":"Hachette Jeunesse","price":590,"published_date":"2023-06-06T22:00:00.000000Z","support":"Poche","publisher_availability":1,"stock":0,"editions":[],"url":"https:\/\/quaidesbrumes.com\/ouvrage\/9782017204176\/destins-de-champions-tome-3-une-biographie-de-lionel-messi"},{"id":"9782700279979","title":"Jouer avec le feu","description":"Enqu\u00eates, fausses pistes, myst\u00e8res et sueurs froides... Heure Noire, la collection leader du polar jeunesse  !","authors":["Sophie Rigal-Goulard"],"category_codes":["2000000","2040000","2040500"],"visuals":{"large":"https:\/\/images.epagine.fr\/979\/9782700279979_1_75.jpg","medium":"https:\/\/images.epagine.fr\/979\/9782700279979_1_m.jpg","thumbnail":"https:\/\/images.epagine.fr\/979\/9782700279979_1_v.jpg"},"orderable":true,"show_badge":true,"formatted_price":"8,00&nbsp;\u20ac","formatted_published_date":"16 avril 2025","publisher_availability_label":"Sur commande","short_details":"Sophie Rigal-Goulard \u2014 Rageot \u00c9diteur","translator":null,"weight":155,"page_count":128,"readership":"\u00e0 partir de 10 ANS","editor":"Rageot \u00c9diteur","price":800,"published_date":"2025-04-15T22:00:00.000000Z","support":"Poche","publisher_availability":1,"stock":0,"editions":[],"url":"https:\/\/quaidesbrumes.com\/ouvrage\/9782700279979\/jouer-avec-le-feu"},{"id":"9782095044046","title":"Au dodo : C'est l'heure du marchand de sable","description":"Accompagnez votre b\u00e9b\u00e9 vers le pays des r\u00eaves avec ce livre aux douces animations. Le marchand de sable arrive pour une nuit sereine et des r\u00eaves enchant\u00e9s !\r\nLe livre id\u00e9al pour cr\u00e9er un rituel du coucher apaisant avec votre b\u00e9b\u00e9 d\u00e8s 6 mois !\r\n\r\nQuand la nuit tombe et que les yeux des petits picotent de sommeil, le marchand de sable rend visite \u00e0 Susie, Mehdi, Colette et tous leurs amis. Pour chacun, il a un petit mot rassurant et gr\u00e2ce \u00e0 son sable magique, il les invite \u00e0 passer une douce nuit remplie de beaux r\u00eaves...\r\n\r\nLa collection Au dodo : des livres anim\u00e9s tendres et ludiques pour accompagner le rituel du coucher des b\u00e9b\u00e9s. A chaque page, b\u00e9b\u00e9 ferme les yeux des personnages et leur dit \" bonne nuit \" pour se pr\u00e9parer \u00e0 aller au dodo \u00e0 son tour.","authors":["Charlotte Roederer"],"category_codes":["2000000","2020000","2020400"],"visuals":{"large":"https:\/\/images.epagine.fr\/046\/9782095044046_1_75.jpg","medium":"https:\/\/images.epagine.fr\/046\/9782095044046_1_m.jpg","thumbnail":"https:\/\/images.epagine.fr\/046\/9782095044046_1_v.jpg"},"orderable":true,"show_badge":true,"formatted_price":"13,95&nbsp;\u20ac","formatted_published_date":"9 octobre 2025","publisher_availability_label":"Sur commande","short_details":"Charlotte Roederer \u2014 Nathan","translator":null,"weight":410,"page_count":12,"readership":"0\/3 ans","editor":"Nathan","price":1395,"published_date":"2025-10-08T22:00:00.000000Z","support":"Grand format","publisher_availability":1,"stock":0,"editions":[],"url":"https:\/\/quaidesbrumes.com\/ouvrage\/9782095044046\/au-dodo-cest-lheure-du-marchand-de-sable"},{"id":"9782383224310","title":"La jolie jupe de No\u00e9","description":"L'histoire pleine d'amour et de joie d'un petit gar\u00e7on qui a envie de porter une jupe mais qui a peur du regard des autres.\r\n\"Quand No\u00e9 enfile une jupe, il se sent tout... VIREVOLTANT ! Il se sent vraiment... FABULEUX ! Il se sent juste... LUI-M\u00caME !\r\nMais qu'en diront les autres ?\r\nUne histoire pleine d'amour pour oser \u00eatre la meilleure et la plus scintillante version de soi-m\u00eame.\"","authors":["Lucy Fleming"],"category_codes":["2000000","2030000","2030400"],"visuals":{"large":"https:\/\/images.epagine.fr\/310\/9782383224310_1_75.jpg","medium":"https:\/\/images.epagine.fr\/310\/9782383224310_1_m.jpg","thumbnail":"https:\/\/images.epagine.fr\/310\/9782383224310_1_v.jpg"},"orderable":true,"show_badge":true,"formatted_price":"14,95&nbsp;\u20ac","formatted_published_date":"21 ao\u00fbt 2025","publisher_availability_label":"Sur commande","short_details":"Lucy Fleming \u2014 \u00c9ditions Kimane","translator":null,"weight":408,"page_count":32,"readership":"3\/6 ans","editor":"\u00c9ditions Kimane","price":1495,"published_date":"2025-08-20T22:00:00.000000Z","support":"Grand format","publisher_availability":1,"stock":0,"editions":[],"url":"https:\/\/quaidesbrumes.com\/ouvrage\/9782383224310\/la-jolie-jupe-de-noe"},{"id":"9791039562706","title":"Cache-cache p'tit loup","description":"Le premier grand livre \u00e0 flaps de P'tit Loup pour retrouver P'tit Loup \u00e0 toutes les pages !\r\nCinq doubles-pages avec des grandes sc\u00e8nes de la vie de P'tit Loup avec des flaps en feutrine \u00e0 manipuler par les tout-petits pour d\u00e9velopper le toucher et la motricit\u00e9 fine en s'amusant ! \r\nSur chaque double-page, P'tit Loup est cach\u00e9 sous un flap, on peut donc lire le livre avec une ritournelle \"Mais o\u00f9 est cach\u00e9 P'tit Loup ?\" et l'enfant s'amusera \u00e0 le retrouver.","authors":["Orianne Lallemand","El\u00e9onore Thuillier"],"category_codes":["2000000","2020000"],"visuals":{"large":"https:\/\/images.epagine.fr\/706\/9791039562706_1_75.jpg","medium":"https:\/\/images.epagine.fr\/706\/9791039562706_1_m.jpg","thumbnail":"https:\/\/images.epagine.fr\/706\/9791039562706_1_v.jpg"},"orderable":true,"show_badge":true,"formatted_price":"14,95&nbsp;\u20ac","formatted_published_date":"11 septembre 2025","publisher_availability_label":"Sur commande","short_details":"Orianne Lallemand, El\u00e9onore Thuillier \u2014 Auzou","translator":null,"weight":556,"page_count":10,"readership":"0\/3 ans","editor":"Auzou","price":1495,"published_date":"2025-09-10T22:00:00.000000Z","support":"Grand format","publisher_availability":1,"stock":0,"editions":[],"url":"https:\/\/quaidesbrumes.com\/ouvrage\/9791039562706\/cache-cache-ptit-loup"},{"id":"9782075163033","title":"Emile file droit","description":"C'est un copain d'un copain de sa m\u00e8re qui le garde. \u00c9mile a plut\u00f4t int\u00e9r\u00eat \u00e0 filer droit ! Pas de bonbon, de caprices ou de truc de ce genre ! Parce que les m\u00f4mes, on leur donne \u00e7a et ils prennent \u00e7a ! Mais \u00e7a tombe bien, \u00c9mile a d\u00e9cid\u00e9 de filer droit ! Le soir, \u00c9mile d\u00e9couvre que celui qui le garde \u00e9tait un garnementqui faisait pipi sur le chien des voisins, mangeait les fleurs du jardin et cachait des escargots dans les chaussures de sa m\u00e9m\u00e9... Promis. \u00c9mile ne dira rien. Il pr\u00e9f\u00e8re filer droit et manger sa glace.","authors":["Vincent Cuvellier","Ronan Badel"],"category_codes":["2000000","2030000","2030400"],"visuals":{"large":"https:\/\/images.epagine.fr\/033\/9782075163033_1_75.jpg","medium":"https:\/\/images.epagine.fr\/033\/9782075163033_1_m.jpg","thumbnail":"https:\/\/images.epagine.fr\/033\/9782075163033_1_v.jpg"},"orderable":true,"show_badge":true,"formatted_price":"6,90&nbsp;\u20ac","formatted_published_date":"24 mars 2022","publisher_availability_label":"Sur commande","short_details":"Vincent Cuvellier, Ronan Badel \u2014 Gallimard Jeunesse-Giboul\u00e9es","translator":null,"weight":192,"page_count":32,"readership":"\u00e0 partir de 3 ANS","editor":"Gallimard Jeunesse-Giboul\u00e9es","price":690,"published_date":"2022-03-23T23:00:00.000000Z","support":"Grand format","publisher_availability":1,"stock":0,"editions":[],"url":"https:\/\/quaidesbrumes.com\/ouvrage\/9782075163033\/emile-file-droit"},{"id":"9781836066484","title":"Ma petite collection J'habille mes amies : Les f\u00e9es danseuses","description":"Un livre avec plus de 175 autocollants pour habiller les petites f\u00e9es et d\u00e9corer les sc\u00e8nes.\r\nLes f\u00e9es dansent avec des cygnes, au dans un jardin de roses, parmi les papillons ou les flocons de neige et bien plus encore . Avec plus de 175 autocollants, les enfants passeront des heures \u00e0 habiller les personnages et \u00e0 d\u00e9corer les sc\u00e8nes f\u00e9\u00e9riques.","authors":["Fiona Watt","Lizzie Mackay","Veronique Duran"],"category_codes":["2000000","2080000","2080200"],"visuals":{"large":"https:\/\/images.epagine.fr\/484\/9781836066484_1_75.jpg","medium":"https:\/\/images.epagine.fr\/484\/9781836066484_1_m.jpg","thumbnail":"https:\/\/images.epagine.fr\/484\/9781836066484_1_v.jpg"},"orderable":true,"show_badge":true,"formatted_price":"6,95&nbsp;\u20ac","formatted_published_date":"6 novembre 2025","publisher_availability_label":"Sur commande","short_details":"Fiona Watt, Lizzie Mackay, Veronique Duran \u2014 Usborne","translator":"VERONIQUE DURAN","weight":160,"page_count":24,"readership":"\u00e0 partir de 4 ANS","editor":"Usborne","price":695,"published_date":"2025-11-05T23:00:00.000000Z","support":"Papeterie \/ Coloriage","publisher_availability":1,"stock":0,"editions":[],"url":"https:\/\/quaidesbrumes.com\/ouvrage\/9781836066484\/ma-petite-collection-jhabille-mes-amies-les-fees-danseuses"},{"id":"9791039504850","title":"Cherche et trouve des tout-petits : P\u00e2ques","description":"Un cherche et trouve d\u00e9di\u00e9 aux plus petits, avec 7 gros \u00e9l\u00e9ments \u00e0 retrouver par page.\r\n\u00c0 faire et \u00e0 refaire, seul ou avec ses parents.\r\nUne th\u00e9matique saisonni\u00e8re incontournable :\r\nP\u00e2ques !","authors":["Marine Fleury"],"category_codes":["2000000","2060000","2060500"],"visuals":{"large":"https:\/\/images.epagine.fr\/850\/9791039504850_1_75.jpg","medium":"https:\/\/images.epagine.fr\/850\/9791039504850_1_m.jpg","thumbnail":"https:\/\/images.epagine.fr\/850\/9791039504850_1_v.jpg"},"orderable":true,"show_badge":true,"formatted_price":"10,95&nbsp;\u20ac","formatted_published_date":"4 mars 2022","publisher_availability_label":"Sur commande","short_details":"Marine Fleury \u2014 Auzou","translator":null,"weight":662,"page_count":20,"readership":"\u00e0 partir de 18 mois","editor":"Auzou","price":1095,"published_date":"2022-03-03T23:00:00.000000Z","support":"Grand format","publisher_availability":1,"stock":0,"editions":[],"url":"https:\/\/quaidesbrumes.com\/ouvrage\/9791039504850\/cherche-et-trouve-des-tout-petits-paques"},{"id":"9782095037758","title":"Il y a une montagne dans ce livre","description":"Embarquez pour une aventure extraordinaire \u00e0 travers les plus belles montagnes du monde ! Un livre immersif qui \u00e9merveillera petits et grands randonneurs.\r\n\"Il y a une montagne dans ce livre\" vous invite \u00e0 une randonn\u00e9e inoubliable \u00e0 travers quatre incroyables r\u00e9gions montagneuses . Des Alpes majestueuses aux vastes canyons des Rocheuses, en passant par les for\u00eats tropicales du Kilimandjaro et jusqu'au sommet de l'Everest, chaque page vous fera grimper plus haut dans l'aventure.\r\n\r\nCe magnifique album aux illustrations \u00e9poustouflantes vous fera d\u00e9couvrir des \u00e9cosyst\u00e8mes uniques au monde. Rencontrez des animaux \u00e9tonnants comme les ours imposants, les myst\u00e9rieux l\u00e9opards des neiges, et m\u00eame une salamandre des grottes d\u00e9pourvue d'yeux !\r\n\r\nGr\u00e2ce aux pages panoramiques \u00e0 d\u00e9plier, aux d\u00e9coupes et aux rabats, vivez une exp\u00e9rience de lecture immersive . Les conseils pratiques pour randonner ajoutent une dimension \u00e9ducative \u00e0 ce voyage visuel. La couverture en relief fait de ce livre un magnifique cadeau pour tous les amoureux de la montagne, quelle que soit la saison.","authors":["Rachel Elliot","Genevieve Lacroix","Adrien Scharff"],"category_codes":["2000000","2070000","2070300"],"visuals":{"large":"https:\/\/images.epagine.fr\/758\/9782095037758_1_75.jpg","medium":"https:\/\/images.epagine.fr\/758\/9782095037758_1_m.jpg","thumbnail":"https:\/\/images.epagine.fr\/758\/9782095037758_1_v.jpg"},"orderable":true,"show_badge":false,"formatted_price":"19,95&nbsp;\u20ac","formatted_published_date":"6 f\u00e9vrier 2025","publisher_availability_label":"Sur commande","short_details":"Rachel Elliot, Genevieve Lacroix, Adrien Scharff \u2014 Nathan","translator":"ADRIEN SCHARFF","weight":560,"page_count":48,"readership":null,"editor":"Nathan","price":1995,"published_date":"2025-02-05T23:00:00.000000Z","support":"Grand format","publisher_availability":1,"stock":1,"editions":[],"url":"https:\/\/quaidesbrumes.com\/ouvrage\/9782095037758\/il-y-a-une-montagne-dans-ce-livre"},{"id":"3127020500970","title":"Le jeu qui rigole","description":"Assemblez les 9 pi\u00e8ces\u00a0du plateau et faites 5 tas\u00a0de cartes, 1 par couleur,\u00a0face visage (sans texte). Les joueurs placent leurs pions \u00ab\u00a0Souris\u00a0\u00bb sur la case d\u00e9part. Le plus jeune joueur commence et lance le d\u00e9.  Si le d\u00e9 tombe sur une face couleur, il avance son pion sur la prochaine case de la m\u00eame couleur. Il pioche la carte de la couleur correspondante et r\u00e9alise l'action demand\u00e9e. Si le d\u00e9 tombe sur la face \u00ab\u00a0Souris\u00a0\u00bb, le joueur avance jusqu'\u00e0 la prochaine carte \u00ab\u00a0Souris d\u00e9fis\u00a0\u00bb et r\u00e9alise l'action demand\u00e9e. Le premier arriv\u00e9 sur la case de la souris au centre du plateau gagne la partie ! De 2 \u00e0 4 joueurs. 1 plateau, 50 cartes, 4 pions, 1 d\u00e9 magique.","authors":["C\u00e9dric Ramadier","Vincent Bourgeau"],"category_codes":["2000000","2060000","2060500"],"visuals":{"large":"https:\/\/images.epagine.fr\/970\/3127020500970_1_75.jpg","medium":"https:\/\/images.epagine.fr\/970\/3127020500970_1_m.jpg","thumbnail":"https:\/\/images.epagine.fr\/970\/3127020500970_1_v.jpg"},"orderable":true,"show_badge":true,"formatted_price":"0,00&nbsp;\u20ac","formatted_published_date":"30 septembre 2020","publisher_availability_label":"Sur commande","short_details":"C\u00e9dric Ramadier, Vincent Bourgeau \u2014 L'\u00c9cole des loisirs","translator":null,"weight":442,"page_count":1,"readership":"\u00e0 partir de 3 ANS","editor":"L'\u00c9cole des loisirs","price":0,"published_date":"2020-09-29T22:00:00.000000Z","support":"Objet","publisher_availability":1,"stock":0,"editions":[],"url":"https:\/\/quaidesbrumes.com\/ouvrage\/3127020500970\/le-jeu-qui-rigole"},{"id":"9782011801005","title":"Ma vie, mes copines ! Tome 1 : vive la rentr\u00e9e","description":"Chlo\u00e9 avait r\u00eav\u00e9 d'une rentr\u00e9e en sixi\u00e8me idyllique (ou au moins que tout se passerait \u00e0 peu pr\u00e8s bien). Mais ses pires craintes se r\u00e9alisent ! \r\nPetit 1, sa prof principale n'est autre que Judith, sa belle-m\u00e8re. \r\nPetit 2, elle n'est pas dans la m\u00eame classe que sa meilleure amie, Kim. \r\nPetit 3 (Cerise sur le g\u00e2teau !) : suite \u00e0 une erreur d'inscription, elle se retrouve en option \u00ab sciences et techniques \u00bb au lieu de l'option \u00ab musique et chant \u00bb souhait\u00e9e. \r\nD\u00e9cid\u00e9ment, cette rentr\u00e9e au Coll\u00e8ge s'annonce pleine de surprises pour Chlo\u00e9, des mauvaises certes, mais de tr\u00e8s bonnes aussi...","authors":["Catherine Kalengula"],"category_codes":["2000000","2040000","2040500","2040508"],"visuals":{"large":"https:\/\/images.epagine.fr\/005\/9782011801005_1_75.jpg","medium":"https:\/\/images.epagine.fr\/005\/9782011801005_1_m.jpg","thumbnail":"https:\/\/images.epagine.fr\/005\/9782011801005_1_v.jpg"},"orderable":true,"show_badge":true,"formatted_price":"5,90&nbsp;\u20ac","formatted_published_date":"14 septembre 2016","publisher_availability_label":"Sur commande","short_details":"Catherine Kalengula \u2014 Hachette Jeunesse","translator":null,"weight":160,"page_count":128,"readership":"\u00e0 partir de 8 ANS","editor":"Hachette Jeunesse","price":590,"published_date":"2016-09-13T22:00:00.000000Z","support":"Poche","publisher_availability":1,"stock":0,"editions":[],"url":"https:\/\/quaidesbrumes.com\/ouvrage\/9782011801005\/ma-vie-mes-copines-tome-1-vive-la-rentree"},{"id":"9782080449276","title":"Le chat, la chouette et le poisson frais","description":"Un conte de Nadine Robert illustr\u00e9 par Sang Miao.","authors":["Sang Miao","Nadine Robert"],"category_codes":["2000000","2030000","2030400"],"visuals":{"large":"https:\/\/images.epagine.fr\/276\/9782080449276_1_75.jpg","medium":"https:\/\/images.epagine.fr\/276\/9782080449276_1_m.jpg","thumbnail":"https:\/\/images.epagine.fr\/276\/9782080449276_1_v.jpg"},"orderable":true,"show_badge":false,"formatted_price":"5,95&nbsp;\u20ac","formatted_published_date":"28 ao\u00fbt 2024","publisher_availability_label":"Sur commande","short_details":"Sang Miao, Nadine Robert \u2014 P\u00e8re Castor","translator":null,"weight":112,"page_count":32,"readership":"3\/6 ans","editor":"P\u00e8re Castor","price":595,"published_date":"2024-08-27T22:00:00.000000Z","support":"Grand format","publisher_availability":1,"stock":1,"editions":[],"url":"https:\/\/quaidesbrumes.com\/ouvrage\/9782080449276\/le-chat-la-chouette-et-le-poisson-frais"}]}