{"data":[{"id":"9782017308201","title":"Stitch Tome 15 : Silence, \u00e7a tourne !","description":"Un c\u00e9l\u00e8bre acteur vient tourner l'un des \u00e9pisodes de sa s\u00e9rie sur l'\u00eele ! Tous ont h\u00e2te de l'approcher et de l'observer en pleine action. Mais alors que Yuna donne un cours de karat\u00e9, le jeune com\u00e9dien rep\u00e8re les talents de Stitch et lui propose de rejoindre le casting de l'\u00e9pisode. Stitch saura-t-il relever ce nouveau d\u00e9fi ?","authors":["Disney","Th\u00e9o Duval"],"category_codes":["2000000","2040000","2040300"],"visuals":{"large":"https:\/\/images.epagine.fr\/201\/9782017308201_1_75.jpg","medium":"https:\/\/images.epagine.fr\/201\/9782017308201_1_m.jpg","thumbnail":"https:\/\/images.epagine.fr\/201\/9782017308201_1_v.jpg"},"orderable":true,"show_badge":true,"formatted_price":"5,90&nbsp;\u20ac","formatted_published_date":"18 juin 2025","publisher_availability_label":"Sur commande","short_details":"Disney, Th\u00e9o Duval \u2014 Hachette Jeunesse","translator":"THEO DUVAL","weight":136,"page_count":128,"readership":"\u00e0 partir de 8 ANS","editor":"Hachette Jeunesse","price":590,"published_date":"2025-06-17T22:00:00.000000Z","support":"Poche","publisher_availability":1,"stock":0,"editions":[],"url":"https:\/\/quaidesbrumes.com\/ouvrage\/9782017308201\/stitch-tome-15-silence-ca-tourne"},{"id":"9782095037758","title":"Il y a une montagne dans ce livre","description":"Embarquez pour une aventure extraordinaire \u00e0 travers les plus belles montagnes du monde ! Un livre immersif qui \u00e9merveillera petits et grands randonneurs.\r\n\"Il y a une montagne dans ce livre\" vous invite \u00e0 une randonn\u00e9e inoubliable \u00e0 travers quatre incroyables r\u00e9gions montagneuses . Des Alpes majestueuses aux vastes canyons des Rocheuses, en passant par les for\u00eats tropicales du Kilimandjaro et jusqu'au sommet de l'Everest, chaque page vous fera grimper plus haut dans l'aventure.\r\n\r\nCe magnifique album aux illustrations \u00e9poustouflantes vous fera d\u00e9couvrir des \u00e9cosyst\u00e8mes uniques au monde. Rencontrez des animaux \u00e9tonnants comme les ours imposants, les myst\u00e9rieux l\u00e9opards des neiges, et m\u00eame une salamandre des grottes d\u00e9pourvue d'yeux !\r\n\r\nGr\u00e2ce aux pages panoramiques \u00e0 d\u00e9plier, aux d\u00e9coupes et aux rabats, vivez une exp\u00e9rience de lecture immersive . Les conseils pratiques pour randonner ajoutent une dimension \u00e9ducative \u00e0 ce voyage visuel. La couverture en relief fait de ce livre un magnifique cadeau pour tous les amoureux de la montagne, quelle que soit la saison.","authors":["Rachel Elliot","Genevieve Lacroix","Adrien Scharff"],"category_codes":["2000000","2070000","2070300"],"visuals":{"large":"https:\/\/images.epagine.fr\/758\/9782095037758_1_75.jpg","medium":"https:\/\/images.epagine.fr\/758\/9782095037758_1_m.jpg","thumbnail":"https:\/\/images.epagine.fr\/758\/9782095037758_1_v.jpg"},"orderable":true,"show_badge":false,"formatted_price":"19,95&nbsp;\u20ac","formatted_published_date":"6 f\u00e9vrier 2025","publisher_availability_label":"Sur commande","short_details":"Rachel Elliot, Genevieve Lacroix, Adrien Scharff \u2014 Nathan","translator":"ADRIEN SCHARFF","weight":560,"page_count":48,"readership":null,"editor":"Nathan","price":1995,"published_date":"2025-02-05T23:00:00.000000Z","support":"Grand format","publisher_availability":1,"stock":1,"editions":[],"url":"https:\/\/quaidesbrumes.com\/ouvrage\/9782095037758\/il-y-a-une-montagne-dans-ce-livre"},{"id":"9782401112773","title":"La classe dont tu es le h\u00e9ros Tome 9 : Mission P\u00f4le Nord !","description":"La visite de la patinoire avec ta classe a mal tourn\u00e9 : ton ma\u00eetre vient de s'enfoncer dans la glace ! Et qui doit le sauver ? C'est toi, bien s\u00fbr ! Gr\u00e2ce \u00e0 ta combinaison sp\u00e9ciale, te voil\u00e0 propuls\u00e9\u00b7e dans le froid du p\u00f4le Nord. D\u00e9campe d'ici ! Sinon tu risques de geler sur place ou de te retrouver nez \u00e0 nez avec un ours polaire.\r\n\u00c0 toi de jouer  !\r\n  \r\nLa classe dont tu es le h\u00e9ros est une s\u00e9rie de premi\u00e8res lectures destin\u00e9es aux enfants de 6-7 ans.\r\n- des livres-jeux dont tu es le h\u00e9ros permettant aux jeunes lecteurs et lectrices de prendre le contr\u00f4le de leur aventure gr\u00e2ce \u00e0 leurs d\u00e9cisions et \u00e0 la r\u00e9solution de puzzles et d'\u00e9nigmes  ;\r\n- des th\u00e9matiques-passions et des univers loufoques et immersifs imagin\u00e9s par la talentueuse Lilas Nord et superbement illustr\u00e9s par Medhi Doigts, pour des aventures pleines d'humour et d'action  ;\r\n- un encart \u00e0 vis\u00e9e p\u00e9dagogique pour approfondir ses connaissances sur la th\u00e9matique explor\u00e9e et des jeux \u00e0 la fin  !\r\nRetrouve toute la classe dans les autres albums de la collection !","authors":["Lilas Nord","Mehdi Doigts"],"category_codes":["2000000","2040000","2040200"],"visuals":{"large":"https:\/\/images.epagine.fr\/773\/9782401112773_1_75.jpg","medium":"https:\/\/images.epagine.fr\/773\/9782401112773_1_m.jpg","thumbnail":"https:\/\/images.epagine.fr\/773\/9782401112773_1_v.jpg"},"orderable":true,"show_badge":true,"formatted_price":"6,20&nbsp;\u20ac","formatted_published_date":"2 avril 2025","publisher_availability_label":"Sur commande","short_details":"Lilas Nord, Mehdi Doigts \u2014 Hatier","translator":null,"weight":113,"page_count":48,"readership":"\u00e0 partir de 6 ANS","editor":"Hatier","price":620,"published_date":"2025-04-01T22:00:00.000000Z","support":"Grand format","publisher_availability":1,"stock":0,"editions":[],"url":"https:\/\/quaidesbrumes.com\/ouvrage\/9782401112773\/la-classe-dont-tu-es-le-heros-tome-9-mission-pole-nord"},{"id":"9782011801005","title":"Ma vie, mes copines ! Tome 1 : vive la rentr\u00e9e","description":"Chlo\u00e9 avait r\u00eav\u00e9 d'une rentr\u00e9e en sixi\u00e8me idyllique (ou au moins que tout se passerait \u00e0 peu pr\u00e8s bien). Mais ses pires craintes se r\u00e9alisent ! \r\nPetit 1, sa prof principale n'est autre que Judith, sa belle-m\u00e8re. \r\nPetit 2, elle n'est pas dans la m\u00eame classe que sa meilleure amie, Kim. \r\nPetit 3 (Cerise sur le g\u00e2teau !) : suite \u00e0 une erreur d'inscription, elle se retrouve en option \u00ab sciences et techniques \u00bb au lieu de l'option \u00ab musique et chant \u00bb souhait\u00e9e. \r\nD\u00e9cid\u00e9ment, cette rentr\u00e9e au Coll\u00e8ge s'annonce pleine de surprises pour Chlo\u00e9, des mauvaises certes, mais de tr\u00e8s bonnes aussi...","authors":["Catherine Kalengula"],"category_codes":["2000000","2040000","2040500","2040508"],"visuals":{"large":"https:\/\/images.epagine.fr\/005\/9782011801005_1_75.jpg","medium":"https:\/\/images.epagine.fr\/005\/9782011801005_1_m.jpg","thumbnail":"https:\/\/images.epagine.fr\/005\/9782011801005_1_v.jpg"},"orderable":true,"show_badge":true,"formatted_price":"5,90&nbsp;\u20ac","formatted_published_date":"14 septembre 2016","publisher_availability_label":"Sur commande","short_details":"Catherine Kalengula \u2014 Hachette Jeunesse","translator":null,"weight":160,"page_count":128,"readership":"\u00e0 partir de 8 ANS","editor":"Hachette Jeunesse","price":590,"published_date":"2016-09-13T22:00:00.000000Z","support":"Poche","publisher_availability":1,"stock":0,"editions":[],"url":"https:\/\/quaidesbrumes.com\/ouvrage\/9782011801005\/ma-vie-mes-copines-tome-1-vive-la-rentree"},{"id":"9782080449276","title":"Le chat, la chouette et le poisson frais","description":"Un conte de Nadine Robert illustr\u00e9 par Sang Miao.","authors":["Sang Miao","Nadine Robert"],"category_codes":["2000000","2030000","2030400"],"visuals":{"large":"https:\/\/images.epagine.fr\/276\/9782080449276_1_75.jpg","medium":"https:\/\/images.epagine.fr\/276\/9782080449276_1_m.jpg","thumbnail":"https:\/\/images.epagine.fr\/276\/9782080449276_1_v.jpg"},"orderable":true,"show_badge":false,"formatted_price":"5,95&nbsp;\u20ac","formatted_published_date":"28 ao\u00fbt 2024","publisher_availability_label":"Sur commande","short_details":"Sang Miao, Nadine Robert \u2014 P\u00e8re Castor","translator":null,"weight":112,"page_count":32,"readership":"3\/6 ans","editor":"P\u00e8re Castor","price":595,"published_date":"2024-08-27T22:00:00.000000Z","support":"Grand format","publisher_availability":1,"stock":1,"editions":[],"url":"https:\/\/quaidesbrumes.com\/ouvrage\/9782080449276\/le-chat-la-chouette-et-le-poisson-frais"},{"id":"9782382150917","title":"Georges n.78 : Volcan","description":"Georges r\u00e9chauffe l'automne avec son N\u00b0 Volcan ! Au \u00ab sommet \u00bb de ce num\u00e9ro : une grande BD explosive, un \u00e9pisode de Cagoule et Lapin tout feu, tout flammes, l'histoire vraie de Pomp\u00e9i, un reportage avec un ou une vulcanologue. Dans la partie \"Jeux\", Georges vous propose de comprendre en s'amusant comment fonctionne un volcan, rencontrer Vulcain, fils de Jupiter et dieu mythologique du feu  (oui, oui, on vous ouvre notre carnet d'adresse), glisser sur les volcans de glace extraterrestres et suivre la lave dans un labyrinthe enflamm\u00e9. La cr\u00e9ation en 3D de ce num\u00e9ro sera volcanique \u00e0 monter sans se br\u00fbler le bout des doigts. Et pour finir, dans la Partie 3, celle des activit\u00e9s, vous pourrez r\u00e9aliser une \u00e9ruption \u00e0 la maison, dessiner une carte g\u00e9ologique, pr\u00e9parer un g\u00e2teau gros comme le Stromboli et fabriquer une lampe \u00e0 lave. Bref, un num\u00e9ro \u00ab chaud \u00bb en couleur !","authors":["Collectif"],"category_codes":["2000000","2000000"],"visuals":{"large":"https:\/\/images.epagine.fr\/917\/9782382150917_1_75.jpg","medium":"https:\/\/images.epagine.fr\/917\/9782382150917_1_m.jpg","thumbnail":"https:\/\/images.epagine.fr\/917\/9782382150917_1_v.jpg"},"orderable":true,"show_badge":false,"formatted_price":"10,90&nbsp;\u20ac","formatted_published_date":"3 octobre 2025","publisher_availability_label":"Sur commande","short_details":"Collectif \u2014 Maison Georges","translator":null,"weight":250,"page_count":60,"readership":"\u00e0 partir de 7 ANS","editor":"Maison Georges","price":1090,"published_date":"2025-10-02T22:00:00.000000Z","support":"Revue","publisher_availability":1,"stock":1,"editions":[],"url":"https:\/\/quaidesbrumes.com\/ouvrage\/9782382150917\/georges-n78-volcan"},{"id":"9791036372728","title":"Rosie, bandit de grand chemin","description":"Alors qu'elle aide sa soeur dans la boutique de leur grand-p\u00e8re, Rosie, orpheline de 12 ans, d\u00e9couvre un curieux masque \u00e9carlate. Un picotement dans ses doigts lui dit de l'essayer. Mais il lui va si bien qu'elle ne peut pas l'enlever... Et lorsqu'elle se regarde dans le miroir, elle voit le visage de Jack le Diamant, c\u00e9l\u00e8bre bandit de grand chemin appartenant \u00e0 la bande des Brigands. \r\nQuand son grand-p\u00e8re est enlev\u00e9 par un dangereux gang, Rosie d\u00e9cide d'enfiler \u00e0 nouveau le masque de Jack le Diamant. Elle est rejointe dans son aventure par son meilleur ami Ernest, fan inconditionnel du v\u00e9ritable Jack le Diamant, Agn\u00e8s la Lame et Charlie la G\u00e2chette, deux membres des Brigands.","authors":["Anna Rainbow","Cecilia Lapeze","Laurence Bouvard"],"category_codes":["2000000","2040000","2040500"],"visuals":{"large":"https:\/\/images.epagine.fr\/728\/9791036372728_1_75.jpg","medium":"https:\/\/images.epagine.fr\/728\/9791036372728_1_m.jpg","thumbnail":"https:\/\/images.epagine.fr\/728\/9791036372728_1_v.jpg"},"orderable":true,"show_badge":true,"formatted_price":"16,90&nbsp;\u20ac","formatted_published_date":"10 septembre 2025","publisher_availability_label":"Sur commande","short_details":"Anna Rainbow, Cecilia Lapeze, Laurence Bouvard \u2014 Bayard Jeunesse","translator":"LAURENCE BOUVARD","weight":412,"page_count":336,"readership":"\u00e0 partir de 9 ANS","editor":"Bayard Jeunesse","price":1690,"published_date":"2025-09-09T22:00:00.000000Z","support":"Grand format","publisher_availability":1,"stock":0,"editions":[],"url":"https:\/\/quaidesbrumes.com\/ouvrage\/9791036372728\/rosie-bandit-de-grand-chemin"},{"id":"9782401038837","title":"Le monde dont tu es le h\u00e9ros Tome 1 : L'environnement","description":"Toi aussi tu trouves que le monde ne tourne pas toujours rond  ? Le livre que tu as entre les mains va te permettre de le changer en jouant. Et pourquoi pas commencer dans ton \u00e9cole, dans laquelle \u00e9voluent tout un tas de personnes, professeurs, \u00e9l\u00e8ves, mais pas seulement  ! Aujourd'hui, tu d\u00e9cides de d\u00e9fendre l'environnement avec ta classe lors d'une sortie scolaire.\r\n  \r\n\u00c0 toi de jouer  !\r\n  \r\nLe monde dont tu es le h\u00e9ros est une s\u00e9rie de premi\u00e8res lectures destin\u00e9es aux enfants de 7-8 ans.\r\n- apr\u00e8s le succ\u00e8s de \u00ab  La classe dont tu es le h\u00e9ros  \u00bb, une nouvelle s\u00e9rie de livres dont tu es le h\u00e9ros pour aider les enfants \u00e0 r\u00e9fl\u00e9chir \u00e0 des th\u00e9matiques \u00e9thiques dans un environnement qui est le leur  : l'\u00e9cole.\r\n- des livres-jeux dont tu es le h\u00e9ros permettant aux jeunes lecteurs et lectrices de prendre le contr\u00f4le de leur aventure gr\u00e2ce \u00e0 leurs d\u00e9cisions et \u00e0 la r\u00e9solution de puzzles et d'\u00e9nigmes, devenant v\u00e9ritablement acteurs et actrices du monde d'aujourd'hui  ;\r\n- des th\u00e9matiques abord\u00e9es \u00e0 hauteur d'enfant avec le soutien d'experts par Lilas Nord, et illustr\u00e9es par St\u00e9phanie Alastra d'un trait \u00e0 la fois tendre et \u00e9nergique  ;\r\n- des encarts \u00e0 vis\u00e9e p\u00e9dagogique entre chaque chapitre pour approfondir ses connaissances sur la th\u00e9matique explor\u00e9e  !","authors":["Lilas Nord","St\u00e9phanie Alastra"],"category_codes":["2000000","2040000","2040200"],"visuals":{"large":"https:\/\/images.epagine.fr\/837\/9782401038837_1_75.jpg","medium":"https:\/\/images.epagine.fr\/837\/9782401038837_1_m.jpg","thumbnail":"https:\/\/images.epagine.fr\/837\/9782401038837_1_v.jpg"},"orderable":true,"show_badge":true,"formatted_price":"6,20&nbsp;\u20ac","formatted_published_date":"2 avril 2025","publisher_availability_label":"Sur commande","short_details":"Lilas Nord, St\u00e9phanie Alastra \u2014 Hatier","translator":null,"weight":110,"page_count":48,"readership":"\u00e0 partir de 7 ANS","editor":"Hatier","price":620,"published_date":"2025-04-01T22:00:00.000000Z","support":"Grand format","publisher_availability":1,"stock":0,"editions":[],"url":"https:\/\/quaidesbrumes.com\/ouvrage\/9782401038837\/le-monde-dont-tu-es-le-heros-tome-1-lenvironnement"},{"id":"9791032410622","title":"Balade Royale Tome 1 : Bienvenue dans l'ar\u00e8ne","description":"Suivez les aventures de Paul, h\u00e9ros malgr\u00e9 lui, pris au pi\u00e8ge en plein Battle Royale dans cette fiction haletante !\r\nPaul, 17 ans, n'a qu'un seul r\u00eave : devenir acteur. Et voil\u00e0 qu'on lui propose un petit r\u00f4le dans un \u00e9norme blockbuster. C'est l'occasion \u00e0 ne pas rater ! Seulement, il semblerait que le tournage sur l'\u00eele ne soit pas de tout repos... Entre temp\u00eates soudaines, bus volants, lamas bariol\u00e9s et danses endiabl\u00e9es, Paul se demande bien o\u00f9 il a mis les pieds. Sans compter que les habitants, arm\u00e9s jusqu'aux dents, cherchent tous \u00e0 s'entretuer. Dans l'espoir de quitter cette \u00eele au plus vite, et ayant les armes en horreur, notre h\u00e9ros zigzague entre les balles pour sauver sa peau !\r\nRejoins Paul dans cette aventure palpitante inspir\u00e9e de ton jeu vid\u00e9o pr\u00e9f\u00e9r\u00e9 Fortnite !","authors":["Mathias Lavorel","Saboten"],"category_codes":["2000000","2050000","2050200"],"visuals":{"large":"https:\/\/images.epagine.fr\/622\/9791032410622_1_75.jpg","medium":"https:\/\/images.epagine.fr\/622\/9791032410622_1_m.jpg","thumbnail":"https:\/\/images.epagine.fr\/622\/9791032410622_1_v.jpg"},"orderable":true,"show_badge":true,"formatted_price":"11,95&nbsp;\u20ac","formatted_published_date":"22 janvier 2026","publisher_availability_label":"Sur commande","short_details":"Mathias Lavorel, Saboten \u2014 404 \u00c9ditions","translator":null,"weight":346,"page_count":192,"readership":"\u00e0 partir de 12 ANS","editor":"404 \u00c9ditions","price":1195,"published_date":"2026-01-21T23:00:00.000000Z","support":"Grand format","publisher_availability":1,"stock":0,"editions":[],"url":"https:\/\/quaidesbrumes.com\/ouvrage\/9791032410622\/balade-royale-tome-1-bienvenue-dans-larene"},{"id":"9782809694659","title":"Harry Potter : Mes coloriages mignons : Hermione et ses amis","description":"Plongez dans l'univers magique de Poudlard avec ce carnet de coloriage Harry Potter au style \"chibi\", aussi mignon qu'ensorcelant ! Red\u00e9couvrez vos personnages pr\u00e9f\u00e9r\u00e9s (Harry, Hermione, Ron, Hagrid, Dobby, etc.) dans une version adorable et pleine de charme, \u00e0 colorier selon vos envies.\r\n\u00a0 \r\nUn moment de d\u00e9tente et de cr\u00e9ativit\u00e9 garanti :\r\nQue vous soyez un enfant fan de sorcellerie ou un adulte en qu\u00eate de relaxation, ce carnet est fait pour vous. Le coloriage est une activit\u00e9 apaisante, id\u00e9ale pour se d\u00e9connecter et stimuler l'imaginaire.\r\n\u00a0 \r\nPlus de 70 illustrations \u00e0 colorier\r\nConvient aux enfants comme aux adultes\r\nPapier de qualit\u00e9 adapt\u00e9 aux crayons et feutres\r\nId\u00e9al pour les fans de Harry Potter, les artistes en herbe et les moments de d\u00e9tente\u00a0 \r\nLaissez parler votre magie, un coloriage \u00e0 la fois !","authors":["Collectif"],"category_codes":["2000000","2080000","2080300"],"visuals":{"large":"https:\/\/images.epagine.fr\/659\/9782809694659_1_75.jpg","medium":"https:\/\/images.epagine.fr\/659\/9782809694659_1_m.jpg","thumbnail":"https:\/\/images.epagine.fr\/659\/9782809694659_1_v.jpg"},"orderable":true,"show_badge":true,"formatted_price":"10,90&nbsp;\u20ac","formatted_published_date":"4 f\u00e9vrier 2026","publisher_availability_label":"Sur commande","short_details":"Collectif \u2014 \u00c9ditions playBac","translator":null,"weight":178,"page_count":80,"readership":"\u00e0 partir de 6 ANS","editor":"\u00c9ditions playBac","price":1090,"published_date":"2026-02-03T23:00:00.000000Z","support":"Papeterie \/ Coloriage","publisher_availability":1,"stock":0,"editions":[],"url":"https:\/\/quaidesbrumes.com\/ouvrage\/9782809694659\/harry-potter-mes-coloriages-mignons-hermione-et-ses-amis"},{"id":"9782244063218","title":"Gommettes pour les petites mains : 50 grandes gommettes autocollantes ; \u00e0 la ferme","description":"50 gommettes color\u00e9es de grande taille, faciles \u00e0 coller, pour les plus petits. Fermier, poulailler, vache, cheval, lapin... 14 formes pour s amuser d\u00e8s le plus jeune \u00e2ge.","authors":["Sonia Baretti"],"category_codes":["2000000","2080000","2080200"],"visuals":{"large":"https:\/\/images.epagine.fr\/218\/9782244063218_1_75.jpg","medium":"https:\/\/images.epagine.fr\/218\/9782244063218_1_m.jpg","thumbnail":"https:\/\/images.epagine.fr\/218\/9782244063218_1_v.jpg"},"orderable":true,"show_badge":true,"formatted_price":"0,00&nbsp;\u20ac","formatted_published_date":"1er janvier 2017","publisher_availability_label":"Sur commande","short_details":"Sonia Baretti \u2014 \u00c9ditions Lito","translator":null,"weight":65,"page_count":null,"readership":"0\/3 ans","editor":"\u00c9ditions Lito","price":0,"published_date":"2016-12-31T23:00:00.000000Z","support":"Papeterie \/ Coloriage","publisher_availability":1,"stock":0,"editions":[],"url":"https:\/\/quaidesbrumes.com\/ouvrage\/9782244063218\/gommettes-pour-les-petites-mains-50-grandes-gommettes-autocollantes-a-la-ferme"},{"id":"9782755679502","title":"Tous champions ! Antoine Dupont : et la l\u00e9gende de Vachenoire","description":"La nouvelle collection de lecture jeunesse pour tous les fans de sport !\r\nDes ouvrages pens\u00e9s pour les 8-12 ans, adapt\u00e9s \u00e0 leur univers et leurs d\u00e9couvertes.\r\nAntoine est le petit gar\u00e7on le plus heureux du monde : il vit dans la ferme de ses grands-parents entour\u00e9 de sa famille et de ses animaux pr\u00e9f\u00e9r\u00e9s,\u00a0jouant au rugby d\u00e8s qu'il le peut avec ses amis.\u00a0\r\nMais pour progresser jusqu'\u00e0 devenir le meilleur du monde dans son sport favori, Antoine n'a d'autre choix que de quitter la ferme, ses copains et ses b\u00eates...\u00a0\r\nPour esp\u00e9rer devenir un champion.","authors":["Louis-St\u00e9phane Ulysse"],"category_codes":["2000000","2040000","2040300"],"visuals":{"large":"https:\/\/images.epagine.fr\/502\/9782755679502_1_75.jpg","medium":"https:\/\/images.epagine.fr\/502\/9782755679502_1_m.jpg","thumbnail":"https:\/\/images.epagine.fr\/502\/9782755679502_1_v.jpg"},"orderable":true,"show_badge":true,"formatted_price":"9,95&nbsp;\u20ac","formatted_published_date":"5 mars 2025","publisher_availability_label":"Sur commande","short_details":"Louis-St\u00e9phane Ulysse \u2014 Hugo Jeunesse","translator":null,"weight":196,"page_count":160,"readership":"\u00e0 partir de 9 ANS","editor":"Hugo Jeunesse","price":995,"published_date":"2025-03-04T23:00:00.000000Z","support":"Grand format","publisher_availability":1,"stock":0,"editions":[],"url":"https:\/\/quaidesbrumes.com\/ouvrage\/9782755679502\/tous-champions-antoine-dupont-et-la-legende-de-vachenoire"},{"id":"9782408064525","title":"Mes histoires d'animaux de la ferme","description":"Un poussin trop timide, une visite chez le docteur pour un petit lapin, un petit mouton qui ne veut pas aller se coucher...\r\nVoici un recueil d'histoires du quotidien qui accompagnera \u00a0les tout-petits d\u00e8s 1 an. Un livre en tout-carton, solide et doux, pens\u00e9 pour leurs premi\u00e8res lectures.Des histoires du quotidien avec les animaux pr\u00e9f\u00e9r\u00e9s des tout-petits\r\nCe recueil propose quatre histoires courtes. Chaque r\u00e9cit met en sc\u00e8ne un animal de la ferme dans une situation famili\u00e8re : ne pas avoir envie d'aller se coucher, la timidit\u00e9, une visite chez le docteur... Ces histoires aident les jeunes lecteurs \u00e0 comprendre et \u00e0 apprivoiser leurs \u00e9motions \u00e0 travers des personnages animaliers rassurants et attachants, qui vivent la m\u00eame chose qu'eux.\u00a0Un format solide pens\u00e9 pour les petites mains\r\nCon\u00e7u pour les enfants d\u00e8s 1 an, ce livre est r\u00e9sistant aux manipulations des plus petits. Sa taille est id\u00e9ale pour une prise en main facile, que ce soit pour un moment de lecture entre parents et enfants, ou pour que l'enfant le feuillette seul. C'est un compagnon id\u00e9al pour les premi\u00e8res lectures partag\u00e9es.\u00a0Un univers graphique riche et accessible \u00e0 petit prix\u00a0\r\nPour chaque histoire, un illustrateur diff\u00e9rent. Dans ce recueil, on retrouve : Ninie, Marion Billet, Chiaki Miyamoto et enfin Nathalie Choux, qui illustre la couverture.\u00a0","authors":["Emmanuelle Cabrol","Marion Billet","Chiaki Miyamoto","Ninie","Nathalie Choux"],"category_codes":["2000000","2020000","2020300"],"visuals":{"large":"https:\/\/images.epagine.fr\/525\/9782408064525_1_75.jpg","medium":"https:\/\/images.epagine.fr\/525\/9782408064525_1_m.jpg","thumbnail":"https:\/\/images.epagine.fr\/525\/9782408064525_1_v.jpg"},"orderable":true,"show_badge":true,"formatted_price":"7,90&nbsp;\u20ac","formatted_published_date":"18 f\u00e9vrier 2026","publisher_availability_label":"Sur commande","short_details":"Emmanuelle Cabrol, Marion Billet, Chiaki Miyamoto, Ninie, Nathalie Choux \u2014 Milan","translator":null,"weight":250,"page_count":18,"readership":"\u00e0 partir de 1 AN","editor":"Milan","price":790,"published_date":"2026-02-17T23:00:00.000000Z","support":"Grand format","publisher_availability":1,"stock":0,"editions":[],"url":"https:\/\/quaidesbrumes.com\/ouvrage\/9782408064525\/mes-histoires-danimaux-de-la-ferme"},{"id":"9791026405467","title":"Brun comme le cerf","description":"Un livre en tissu tout doux, enrichi de papier crissant, de broderie et de petits rubans sur le th\u00e8me des animaux de la for\u00eat !\r\nPars \u00e0 la d\u00e9couverte des animaux de la for\u00eat dans ce nouveau titre de la collection \u00ab Les Couleurs des tout-petits \u00bb. Un moment de douceur et de partage, embelli par une couverture en velours brod\u00e9, des pages en tissu et six petits rubans \u00e0 manipuler.","authors":["Shannon Hays"],"category_codes":["2000000","2020000","2020200"],"visuals":{"large":"https:\/\/images.epagine.fr\/467\/9791026405467_1_75.jpg","medium":"https:\/\/images.epagine.fr\/467\/9791026405467_1_m.jpg","thumbnail":"https:\/\/images.epagine.fr\/467\/9791026405467_1_v.jpg"},"orderable":true,"show_badge":true,"formatted_price":"11,90&nbsp;\u20ac","formatted_published_date":"25 f\u00e9vrier 2026","publisher_availability_label":"Sur commande","short_details":"Shannon Hays \u2014 Gl\u00e9nat Jeunesse","translator":null,"weight":112,"page_count":8,"readership":"\u00e0 partir de 1 AN","editor":"Gl\u00e9nat Jeunesse","price":1190,"published_date":"2026-02-24T23:00:00.000000Z","support":"Grand format","publisher_availability":1,"stock":0,"editions":[],"url":"https:\/\/quaidesbrumes.com\/ouvrage\/9791026405467\/brun-comme-le-cerf"},{"id":"9782508063176","title":"Mon coloriage romantique : Go\u00fbter gourmand","description":"Un bel album de coloriage plein de douceurs et de gourmandises !\r\nUn joli livre de coloriage qui emm\u00e8nera les enfants, d\u00e8s 7 ans, pour une pause gourmande. Les illustrations pleines de charme invitent au r\u00e9confort : petits g\u00e2teaux, friandises, sucres d'orge... Chaque page est imprim\u00e9e sur un beau papier, avec quelques touches d\u00e9j\u00e0 color\u00e9es pour inspirer l'imagination. La couverture cartonn\u00e9e, rehauss\u00e9e de fer \u00e0 dorer, en fait un bel objet \u00e0 offrir. Un moment calme et po\u00e9tique, pour du coloriage tout en douceur.","authors":["Collectif","Audrey Bussi"],"category_codes":["2000000","2080000","2080300"],"visuals":{"large":"https:\/\/images.epagine.fr\/176\/9782508063176_1_75.jpg","medium":"https:\/\/images.epagine.fr\/176\/9782508063176_1_m.jpg","thumbnail":"https:\/\/images.epagine.fr\/176\/9782508063176_1_v.jpg"},"orderable":true,"show_badge":true,"formatted_price":"8,95&nbsp;\u20ac","formatted_published_date":"26 f\u00e9vrier 2026","publisher_availability_label":"Sur commande","short_details":"Collectif, Audrey Bussi \u2014 Hemma","translator":null,"weight":452,"page_count":56,"readership":"\u00e0 partir de 7 ANS","editor":"Hemma","price":895,"published_date":"2026-02-25T23:00:00.000000Z","support":"Papeterie \/ Coloriage","publisher_availability":1,"stock":0,"editions":[],"url":"https:\/\/quaidesbrumes.com\/ouvrage\/9782508063176\/mon-coloriage-romantique-gouter-gourmand"},{"id":"9782244303758","title":"Cherche, trouve et compte : A la ferme","description":null,"authors":["Marzia Giordano"],"category_codes":["2000000","2060000","2060500"],"visuals":{"large":"https:\/\/images.epagine.fr\/758\/9782244303758_1_75.jpg","medium":"https:\/\/images.epagine.fr\/758\/9782244303758_1_m.jpg","thumbnail":"https:\/\/images.epagine.fr\/758\/9782244303758_1_v.jpg"},"orderable":true,"show_badge":true,"formatted_price":"12,90&nbsp;\u20ac","formatted_published_date":"1er mars 2026","publisher_availability_label":"Sur commande","short_details":"Marzia Giordano \u2014 \u00c9ditions Lito","translator":null,"weight":650,"page_count":16,"readership":"\u00e0 partir de 3 ANS","editor":"\u00c9ditions Lito","price":1290,"published_date":"2026-02-28T23:00:00.000000Z","support":"Grand format","publisher_availability":1,"stock":0,"editions":[],"url":"https:\/\/quaidesbrumes.com\/ouvrage\/9782244303758\/cherche-trouve-et-compte-a-la-ferme"},{"id":"9782889770441","title":"La Science du spaghetti","description":"Un spaghetti en guise de fil rouge...","authors":["Lucia Rush","Aur\u00e9lie Odiet"],"category_codes":["2000000","2060000","2060200","2060203"],"visuals":{"large":"https:\/\/images.epagine.fr\/441\/9782889770441_1_75.jpg","medium":"https:\/\/images.epagine.fr\/441\/9782889770441_1_m.jpg","thumbnail":"https:\/\/images.epagine.fr\/441\/9782889770441_1_v.jpg"},"orderable":true,"show_badge":true,"formatted_price":"16,00&nbsp;\u20ac","formatted_published_date":"5 mars 2026","publisher_availability_label":"Sur commande","short_details":"Lucia Rush, Aur\u00e9lie Odiet \u2014 Helvetiq","translator":"AURELIE ODIET","weight":400,"page_count":48,"readership":"\u00e0 partir de 6 ANS","editor":"Helvetiq","price":1600,"published_date":"2026-03-04T23:00:00.000000Z","support":"Grand format","publisher_availability":1,"stock":0,"editions":[],"url":"https:\/\/quaidesbrumes.com\/ouvrage\/9782889770441\/la-science-du-spaghetti"},{"id":"3127020502578","title":"Petit Sudoku pour Grosse Col\u00e8re","description":"Soit le premier \u00e0 avoir rang\u00e9 ta chambre en compl\u00e9tant correctement ta grille \u00e0 la mani\u00e8re d'un sudoku.","authors":["Mireille d' Allanc\u00e9"],"category_codes":["2000000","2060000","2060500"],"visuals":{"large":"https:\/\/images.epagine.fr\/578\/3127020502578_1_75.jpg","medium":"https:\/\/images.epagine.fr\/578\/3127020502578_1_m.jpg","thumbnail":"https:\/\/images.epagine.fr\/578\/3127020502578_1_v.jpg"},"orderable":true,"show_badge":true,"formatted_price":"0,00&nbsp;\u20ac","formatted_published_date":"6 septembre 2023","publisher_availability_label":"Sur commande","short_details":"Mireille d' Allanc\u00e9 \u2014 L'\u00c9cole des loisirs","translator":null,"weight":316,"page_count":1,"readership":"\u00e0 partir de 3 ANS","editor":"L'\u00c9cole des loisirs","price":0,"published_date":"2023-09-05T22:00:00.000000Z","support":"Objet","publisher_availability":1,"stock":0,"editions":[],"url":"https:\/\/quaidesbrumes.com\/ouvrage\/3127020502578\/petit-sudoku-pour-grosse-colere"},{"id":"9782244223070","title":"Autocollants : La montagne","description":"L'enfant observe les formes blanches indiquant les images manquantes dans le d\u00e9cor. Ensuite, il trouve et d\u00e9tache l'autocollant correspondant sur les planches situ\u00e9es en d\u00e9but et en fin d'album. Enfin, il colle l'autocollant au bon endroit. Une collection bien guid\u00e9e et id\u00e9ale pour d\u00e9velopper le sens de l'observation et la motricit\u00e9. Ce titre propose \u00e0 l'enfant de d\u00e9couvrir la montagne et ses animaux.\r","authors":["Collectif"],"category_codes":["2000000","2080000","2080200"],"visuals":{"large":"https:\/\/images.epagine.fr\/070\/9782244223070_1_75.jpg","medium":"https:\/\/images.epagine.fr\/070\/9782244223070_1_m.jpg","thumbnail":"https:\/\/images.epagine.fr\/070\/9782244223070_1_v.jpg"},"orderable":true,"show_badge":true,"formatted_price":"5,90&nbsp;\u20ac","formatted_published_date":"1er avril 2026","publisher_availability_label":"Sur commande","short_details":"Collectif \u2014 \u00c9ditions Lito","translator":null,"weight":105,"page_count":14,"readership":"\u00e0 partir de 3 ANS","editor":"\u00c9ditions Lito","price":590,"published_date":"2026-03-31T22:00:00.000000Z","support":"Papeterie \/ Coloriage","publisher_availability":1,"stock":0,"editions":[],"url":"https:\/\/quaidesbrumes.com\/ouvrage\/9782244223070\/autocollants-la-montagne"},{"id":"9782215200895","title":"Mes premi\u00e8res gommettes : F\u00eate foraine","description":"Sp\u00e9cialement con\u00e7u pour les petites mains, ce livre contient plus de 60 gommettes repositionnables pour compl\u00e9ter les paysages.\r","authors":["Marine Fleury"],"category_codes":["2000000","2080000","2080200"],"visuals":{"large":"https:\/\/images.epagine.fr\/895\/9782215200895_1_75.jpg","medium":"https:\/\/images.epagine.fr\/895\/9782215200895_1_m.jpg","thumbnail":"https:\/\/images.epagine.fr\/895\/9782215200895_1_v.jpg"},"orderable":true,"show_badge":true,"formatted_price":"0,00&nbsp;\u20ac","formatted_published_date":"6 f\u00e9vrier 2026","publisher_availability_label":"Sur commande","short_details":"Marine Fleury \u2014 Fleurus","translator":null,"weight":78,"page_count":10,"readership":null,"editor":"Fleurus","price":0,"published_date":"2026-02-05T23:00:00.000000Z","support":"Papeterie \/ Coloriage","publisher_availability":1,"stock":0,"editions":[],"url":"https:\/\/quaidesbrumes.com\/ouvrage\/9782215200895\/mes-premieres-gommettes-fete-foraine"},{"id":"9782386690563","title":"Mieko danse","description":"Mieko a h\u00e2te : c'est la rentr\u00e9e et qui dit rentr\u00e9e, dit reprise des cours de danse. Sauf que la danse vient aussi pour Mieko avec son lot de contraintes. D'abord, elle doit s'attacher les cheveux et aussi rev\u00eatir un justaucorps qui la serre. Cette ann\u00e9e, Mieko a donc d\u00e9cid\u00e9 de ne pas se laisser marcher sur les pieds... Un premier album pour aborder en douceur avec les petits lecteurs la question du genre et de la diff\u00e9rence.","authors":["Mariko Miyata-Jancey","Skinkeape","Catherine Renaud"],"category_codes":["2000000","2020000","2020400"],"visuals":{"large":"https:\/\/images.epagine.fr\/563\/9782386690563_1_75.jpg","medium":"https:\/\/images.epagine.fr\/563\/9782386690563_1_m.jpg","thumbnail":"https:\/\/images.epagine.fr\/563\/9782386690563_1_v.jpg"},"orderable":true,"show_badge":true,"formatted_price":"15,00&nbsp;\u20ac","formatted_published_date":"3 septembre 2025","publisher_availability_label":"Sur commande","short_details":"Mariko Miyata-Jancey, Skinkeape, Catherine Renaud \u2014 \u00c9ditions Cambourakis","translator":"CATHERINE RENAUD","weight":424,"page_count":48,"readership":"\u00e0 partir de 3 ANS","editor":"\u00c9ditions Cambourakis","price":1500,"published_date":"2025-09-02T22:00:00.000000Z","support":"Grand format","publisher_availability":1,"stock":0,"editions":[],"url":"https:\/\/quaidesbrumes.com\/ouvrage\/9782386690563\/mieko-danse"},{"id":"9782884455756","title":"Max ne veut pas se laver","description":"Max est d\u00e9go\u00fbtant, Max fait pipi dans le bain, Max ne se lave pas les dents, ni les mains... Il n'a jamais le temps, il pr\u00e9f\u00e8re jouer. Alors, ses parents s'\u00e9nervent, on le fuit. Comment va-t-il s'en sortir ? Ce livre de Max et Lili parle des diff\u00e9rentes fa\u00e7ons d'\u00eatre propre ou sale ! Il peut aider \u00e0 comprendre pourquoi on aime \u00eatre crasseux et se comporter comme un cochon. Sans en faire une obsession, on peut trouver du plaisir \u00e0 \u00eatre propre et \u00e0 s'occuper de son corps et son environnement.","authors":["Serge Bloch","Dominique de Saint-Mars"],"category_codes":["2000000","2040000","2040200"],"visuals":{"large":"https:\/\/images.epagine.fr\/756\/9782884455756_1_75.jpg","medium":"https:\/\/images.epagine.fr\/756\/9782884455756_1_m.jpg","thumbnail":"https:\/\/images.epagine.fr\/756\/9782884455756_1_v.jpg"},"orderable":true,"show_badge":true,"formatted_price":"6,20&nbsp;\u20ac","formatted_published_date":"11 f\u00e9vrier 2005","publisher_availability_label":"Sur commande","short_details":"Serge Bloch, Dominique de Saint-Mars \u2014 Calligram","translator":null,"weight":117,"page_count":43,"readership":"6\/9 ans","editor":"Calligram","price":620,"published_date":"2005-02-10T23:00:00.000000Z","support":"Grand format","publisher_availability":1,"stock":0,"editions":[],"url":"https:\/\/quaidesbrumes.com\/ouvrage\/9782884455756\/max-ne-veut-pas-se-laver"},{"id":"9782884800402","title":"Max va \u00e0 la p\u00eache avec son p\u00e8re","description":"Enfin seul avec son p\u00e8re ! Max en r\u00eavait depuis longtemps! C'est le moment de prouver qu'il a l'\u00e2me d'un p\u00eacheur, pr\u00eat \u00e0 affronter les dangers de la mer, \u00e0 rivaliser d'adresse avec son p\u00e8re et m\u00eame \u00e0 rentrer bredouille! Comment va-t-il s'en sortir ?\r\nCe livre de Max et Lili parle de l'importance de la relation d'un enfant avec son p\u00e8re.\r\nIl peut vivre tout pr\u00e8s de lui sans le conna\u00eetre bien, en avoir peur, rester f\u00e2ch\u00e9 ou ne jamais le faire rire.\r\nPourtant, un p\u00e8re peut \u00eatre celui qui dirige, montre l'exemple, apprend, donne confiance et... emm\u00e8ne \u00e0 la p\u00eache, et aussi celui qui \u00e9coute, montre ses \u00e9motions, ne se prend pas au s\u00e9rieux, demande pardon !\r\nEt alors, quel bonheur le plaisir partag\u00e9 !","authors":["Serge Bloch","Dominique de Saint-Mars"],"category_codes":["2000000","2040000","2040200"],"visuals":{"large":"https:\/\/images.epagine.fr\/402\/9782884800402_1_75.jpg","medium":"https:\/\/images.epagine.fr\/402\/9782884800402_1_m.jpg","thumbnail":"https:\/\/images.epagine.fr\/402\/9782884800402_1_v.jpg"},"orderable":true,"show_badge":true,"formatted_price":"6,20&nbsp;\u20ac","formatted_published_date":"4 f\u00e9vrier 2005","publisher_availability_label":"Sur commande","short_details":"Serge Bloch, Dominique de Saint-Mars \u2014 Calligram","translator":null,"weight":119,"page_count":43,"readership":"6\/9 ans","editor":"Calligram","price":620,"published_date":"2005-02-03T23:00:00.000000Z","support":"Grand format","publisher_availability":1,"stock":0,"editions":[],"url":"https:\/\/quaidesbrumes.com\/ouvrage\/9782884800402\/max-va-a-la-peche-avec-son-pere"},{"id":"9782075227315","title":"Loup solitaire Tome 22 : Les pirates de Chadaki","description":"Cr\u00e9\u00e9e \u00e0 l'aube de l'humanit\u00e9 par les dieux Shianti, la Pierre de Lune est un joyau magique aux pouvoirs extraordinaires. Ce n'est qu'au terme d'une lutte farouche que Loup Solitaire a pu l'arracher des griffes de Naar, le Dieu Sombre. Mais la Pierre de Lune ne sera \u00e0 l'abri des forces du mal que le jour o\u00f9 elle retournera \u00e0 ses cr\u00e9ateurs. Et c'est \u00e0 vous, le plus valeureux sujet du Second Ordre Ka\u00ef, que Loup Solitaire a confi\u00e9 cette d\u00e9licate mission. Embarqu\u00e9 sur un navire marchand, vous \u00eates en route vers la lointaine \u00eele de Lorn, esp\u00e9rant une travers\u00e9e paisible. Mais des pirates sanguinaires hantent les eaux du Magnamund austral, laissant planer une terrible menace sur votre exp\u00e9dition...","authors":["Joe Dever","Mona de Pracontal"],"category_codes":["2000000","2050000","2050200","2050203"],"visuals":{"large":"https:\/\/images.epagine.fr\/315\/9782075227315_1_75.jpg","medium":"https:\/\/images.epagine.fr\/315\/9782075227315_1_m.jpg","thumbnail":"https:\/\/images.epagine.fr\/315\/9782075227315_1_v.jpg"},"orderable":true,"show_badge":true,"formatted_price":"14,95&nbsp;\u20ac","formatted_published_date":"26 juin 2025","publisher_availability_label":"Sur commande","short_details":"Joe Dever, Mona de Pracontal \u2014 Gallimard Jeunesse","translator":"MONA DE PRACONTAL","weight":414,"page_count":352,"readership":"\u00e0 partir de 12 ANS","editor":"Gallimard Jeunesse","price":1495,"published_date":"2025-06-25T22:00:00.000000Z","support":"Grand format","publisher_availability":1,"stock":0,"editions":[],"url":"https:\/\/quaidesbrumes.com\/ouvrage\/9782075227315\/loup-solitaire-tome-22-les-pirates-de-chadaki"}]}