{"data":[{"id":"9782211316149","title":"Le Renard et le Lutin","description":"Comme cette nuit est claire ! La neige est si blanche et les \u00e9toiles si chatoyantes. Goupil, un renard affam\u00e9 r\u00f4de autour de la ferme. Les enfants jouent dans le salon. Ils ignorent tout du renard et du lutin qui veille dehors. Tout ce qu'ils savent, c'est que No\u00ebl c'est chouette, et qu'il faut en profiter le plus possible avant d'aller au lit. Goupil se faufile dans la grange...\r","authors":["Eva Eriksson","Astrid Lindgren"],"category_codes":["2000000","2030000","2030400"],"visuals":{"large":"https:\/\/images.epagine.fr\/149\/9782211316149_1_75.jpg","medium":"https:\/\/images.epagine.fr\/149\/9782211316149_1_m.jpg","thumbnail":"https:\/\/images.epagine.fr\/149\/9782211316149_1_v.jpg"},"orderable":true,"show_badge":true,"formatted_price":"6,00&nbsp;\u20ac","formatted_published_date":"27 octobre 2021","publisher_availability_label":"Sur commande","short_details":"Eva Eriksson, Astrid Lindgren \u2014 L'\u00c9cole des loisirs","translator":null,"weight":90,"page_count":29,"readership":"3\/6 ans","editor":"L'\u00c9cole des loisirs","price":600,"published_date":"2021-10-26T22:00:00.000000Z","support":"Poche","publisher_availability":1,"stock":0,"editions":["9782211238496"],"url":"https:\/\/quaidesbrumes.com\/ouvrage\/9782211316149\/le-renard-et-le-lutin"},{"id":"9782884453134","title":"Nina a \u00e9t\u00e9 adopt\u00e9e","description":"Max et Lili entendent leur m\u00e8re parler d'adoption. Ils se posent des tas de questions. Heureusement leur amie Nina, adopt\u00e9e quand elle \u00e9tait b\u00e9b\u00e9, est l\u00e0 pour leur raconter son histoire. Un petit livre pour comprendre que l'adoption est toujours une grande histoire d'amour.\r","authors":["Dominique de Saint-Mars","Serge Bloch"],"category_codes":["2000000","2040000","2040200"],"visuals":{"large":"https:\/\/images.epagine.fr\/134\/9782884453134_1_75.jpg","medium":"https:\/\/images.epagine.fr\/134\/9782884453134_1_m.jpg","thumbnail":"https:\/\/images.epagine.fr\/134\/9782884453134_1_v.jpg"},"orderable":true,"show_badge":true,"formatted_price":"6,20&nbsp;\u20ac","formatted_published_date":"30 janvier 1996","publisher_availability_label":"Sur commande","short_details":"Dominique de Saint-Mars, Serge Bloch \u2014 Calligram","translator":null,"weight":117,"page_count":43,"readership":"6\/9 ans","editor":"Calligram","price":620,"published_date":"1996-01-29T23:00:00.000000Z","support":"Grand format","publisher_availability":1,"stock":0,"editions":[],"url":"https:\/\/quaidesbrumes.com\/ouvrage\/9782884453134\/nina-a-ete-adoptee"},{"id":"9782075194112","title":"Je d\u00e9teste l'\u00e9cole","description":"Honora B\u00e9l\u00e9toile d\u00e9teste l'\u00e9cole. Quoi d'\u00e9tonnant \u00e0 cela ?Sa ma\u00eetresse est un crapaud gluant et sa classe un trou puant !C'est du moins ce qu'Honora B\u00e9l\u00e9toile raconte \u00e0 qui voulait l'entendre...Assaisonn\u00e9 d'une bonne dose d'humour, un d\u00e9sopilant plaidoyer en faveur de l'\u00e9cole, qui s\u00e9duira petits et grands !","authors":["Jeanne Willis","Tony Ross"],"category_codes":["2000000","2030000","2030300"],"visuals":{"large":"https:\/\/images.epagine.fr\/112\/9782075194112_1_75.jpg","medium":"https:\/\/images.epagine.fr\/112\/9782075194112_1_m.jpg","thumbnail":"https:\/\/images.epagine.fr\/112\/9782075194112_1_v.jpg"},"orderable":true,"show_badge":false,"formatted_price":"5,50&nbsp;\u20ac","formatted_published_date":"6 juillet 2023","publisher_availability_label":"Sur commande","short_details":"Jeanne Willis, Tony Ross \u2014 Gallimard Jeunesse","translator":null,"weight":98,"page_count":32,"readership":"\u00e0 partir de 5 ANS","editor":"Gallimard Jeunesse","price":550,"published_date":"2023-07-05T22:00:00.000000Z","support":"Grand format","publisher_availability":1,"stock":1,"editions":[],"url":"https:\/\/quaidesbrumes.com\/ouvrage\/9782075194112\/je-deteste-lecole"},{"id":"9782211068956","title":"Neige","description":"\"Il y avait une fois un loup blanc...\" Blanc comme la neige, blanc comme un mouton, blanc comme du pain blanc, mais les loups, eux, sont bruns ou gris. Pas blancs. Abandonn\u00e9 par sa famille, sans m\u00eame avoir un nom \u00e0 lui, le loup blanc commence sa longue marche dans les bois. Jusqu'au jour o\u00f9 il rencontre un loup noir, lui aussi diff\u00e9rent des autres loups. De ces deux diff\u00e9rences peut na\u00eetre, au prix d'une attente patiente, une belle amiti\u00e9 et... un pr\u00e9nom","authors":["Gr\u00e9goire Solotareff","Olga Lecaye"],"category_codes":["2000000","2030000","2030400"],"visuals":{"large":"https:\/\/images.epagine.fr\/956\/9782211068956_1_75.jpg","medium":"https:\/\/images.epagine.fr\/956\/9782211068956_1_m.jpg","thumbnail":"https:\/\/images.epagine.fr\/956\/9782211068956_1_v.jpg"},"orderable":true,"show_badge":true,"formatted_price":"6,00&nbsp;\u20ac","formatted_published_date":"1er novembre 2002","publisher_availability_label":"Sur commande","short_details":"Gr\u00e9goire Solotareff, Olga Lecaye \u2014 L'\u00c9cole des loisirs","translator":null,"weight":100,"page_count":36,"readership":"0\/3 ans","editor":"L'\u00c9cole des loisirs","price":600,"published_date":"2002-10-31T23:00:00.000000Z","support":"Poche","publisher_availability":1,"stock":0,"editions":[],"url":"https:\/\/quaidesbrumes.com\/ouvrage\/9782211068956\/neige"},{"id":"9782266328470","title":"Crookhaven Tome 2 : Le labyrinthe oubli\u00e9","description":"Quand un pickpocket surdou\u00e9 int\u00e8gre une \u00e9cole de voleurs, tout peut arriver...\r\nC'est la deuxi\u00e8me ann\u00e9e de Gabriel \u00e0 l'\u00e9cole de Crookhaven. Et elle s'annonce charg\u00e9e, avec le d\u00e9fi lanc\u00e9 par les directeurs : le Grand Cambriolage de la biblioth\u00e8que des professeurs suppos\u00e9e imprenable.\r\nPourtant, tout cela devient secondaire quand Gabriel et ses amis apprennent l'existence du labyrinthe de Maravel. Cach\u00e9 sous le lac, ce lieu oubli\u00e9 de tous est truff\u00e9 de pi\u00e8ges et d'obstacles plus p\u00e9rilleux les uns que les autres, \u00e0 premi\u00e8re vue impossibles \u00e0 franchir.\r\nMais l'impossible n'a jamais arr\u00eat\u00e9 l'\u00e9quipe de Gabriel. Encore moins quand se cache au coeur du d\u00e9dale un secret qu'ils veulent tous d\u00e9sesp\u00e9r\u00e9ment d\u00e9couvrir...","authors":["J.J. Arcanjo","Ana\u00efs Papillon"],"category_codes":["2000000","2040000","2040300"],"visuals":{"large":"https:\/\/images.epagine.fr\/470\/9782266328470_1_75.jpg","medium":"https:\/\/images.epagine.fr\/470\/9782266328470_1_m.jpg","thumbnail":"https:\/\/images.epagine.fr\/470\/9782266328470_1_v.jpg"},"orderable":true,"show_badge":true,"formatted_price":"17,90&nbsp;\u20ac","formatted_published_date":"18 janvier 2024","publisher_availability_label":"Sur commande","short_details":"J.J. Arcanjo, Ana\u00efs Papillon \u2014 Pocket Jeunesse","translator":"ANAIS PAPILLON","weight":412,"page_count":384,"readership":"9\/12 ans","editor":"Pocket Jeunesse","price":1790,"published_date":"2024-01-17T23:00:00.000000Z","support":"Grand format","publisher_availability":1,"stock":0,"editions":[],"url":"https:\/\/quaidesbrumes.com\/ouvrage\/9782266328470\/crookhaven-tome-2-le-labyrinthe-oublie"},{"id":"9782330202101","title":"Au march\u00e9, je choisis...","description":"Aujourd'hui, tu vas au march\u00e9 : \u00e0 toi de choisir l\u00e9gumes ou fruits de toutes les formes, de toutes les couleurs et avec tous sortes de go\u00fbts ! \r\n Un imagier-puzzle avec des formes pour jouer.","authors":["Gaia Stella"],"category_codes":["2000000","2030000","2030400"],"visuals":{"large":"https:\/\/images.epagine.fr\/101\/9782330202101_1_75.jpg","medium":"https:\/\/images.epagine.fr\/101\/9782330202101_1_m.jpg","thumbnail":"https:\/\/images.epagine.fr\/101\/9782330202101_1_v.jpg"},"orderable":true,"show_badge":false,"formatted_price":"14,90&nbsp;\u20ac","formatted_published_date":"2 avril 2025","publisher_availability_label":"Sur commande","short_details":"Gaia Stella \u2014 H\u00e9lium \u00c9ditions","translator":null,"weight":392,"page_count":16,"readership":"\u00e0 partir de 3 ANS","editor":"H\u00e9lium \u00c9ditions","price":1490,"published_date":"2025-04-01T22:00:00.000000Z","support":"Grand format","publisher_availability":1,"stock":1,"editions":[],"url":"https:\/\/quaidesbrumes.com\/ouvrage\/9782330202101\/au-marche-je-choisis"},{"id":"9781836066514","title":"Mon grand livre des plan\u00e8tes et des \u00e9toiles","description":"Un album documentaire avec de grands rabats et d\u00e9pliants g\u00e9ants pour d\u00e9couvrir l'espace et les plan\u00e8tes de notre syst\u00e8me solaire.\r\nDans cet album documentaire, les enfants vont pouvoir parcourir l'espace, et explorer le soleil et les plan\u00e8tes du syst\u00e8me solaire, mais aussi des \u00e9toiles gigantesques, les vastes galaxies et bien plus encore. A chaque page ils retrouveront soit deux tr\u00e8s grands rabats soit un d\u00e9pliant g\u00e9ant de quatre pages qui s'ouvre en accord\u00e9on. Un livre id\u00e9al pour apprendre \u00e0 identifier et nommer toutes les plan\u00e8tes, ainsi que de nombreuses lunes et \u00e9toiles.","authors":["Emily Bone","Fabiono Fiorin","Pascal Varejka"],"category_codes":["2000000","2070000","2070500"],"visuals":{"large":"https:\/\/images.epagine.fr\/514\/9781836066514_1_75.jpg","medium":"https:\/\/images.epagine.fr\/514\/9781836066514_1_m.jpg","thumbnail":"https:\/\/images.epagine.fr\/514\/9781836066514_1_v.jpg"},"orderable":true,"show_badge":false,"formatted_price":"11,95&nbsp;\u20ac","formatted_published_date":"13 novembre 2025","publisher_availability_label":"Sur commande","short_details":"Emily Bone, Fabiono Fiorin, Pascal Varejka \u2014 Usborne","translator":"PASCAL VAREJKA","weight":462,"page_count":16,"readership":"\u00e0 partir de 4 ANS","editor":"Usborne","price":1195,"published_date":"2025-11-12T23:00:00.000000Z","support":"Grand format","publisher_availability":1,"stock":1,"editions":[],"url":"https:\/\/quaidesbrumes.com\/ouvrage\/9781836066514\/mon-grand-livre-des-planetes-et-des-etoiles"},{"id":"9791039543583","title":"Jade et les chevaux Tome 4 : Une randonn\u00e9e pleine de surprises !","description":"\u00c7a y est, c'est les vacances ! Jade et In\u00e8s partent pour leur premi\u00e8re randonn\u00e9e seules avec leurs chevaux. La for\u00eat est magnifique, mais tr\u00e8s vite, les choses se compliquent... Les deux amies arriveront-elles \u00e0 retrouver leur chemin dans les bois ?","authors":["Philippine de Gr\u00e9a","Lymut"],"category_codes":["2000000","2040000","2040300"],"visuals":{"large":"https:\/\/images.epagine.fr\/583\/9791039543583_1_75.jpg","medium":"https:\/\/images.epagine.fr\/583\/9791039543583_1_m.jpg","thumbnail":"https:\/\/images.epagine.fr\/583\/9791039543583_1_v.jpg"},"orderable":true,"show_badge":true,"formatted_price":"5,95&nbsp;\u20ac","formatted_published_date":"7 juin 2024","publisher_availability_label":"Sur commande","short_details":"Philippine de Gr\u00e9a, Lymut \u2014 Auzou","translator":null,"weight":148,"page_count":62,"readership":"\u00e0 partir de 7 ANS","editor":"Auzou","price":595,"published_date":"2024-06-06T22:00:00.000000Z","support":"Grand format","publisher_availability":1,"stock":0,"editions":[],"url":"https:\/\/quaidesbrumes.com\/ouvrage\/9791039543583\/jade-et-les-chevaux-tome-4-une-randonnee-pleine-de-surprises"},{"id":"9782244802251","title":"50 jeux pour mes 3 ans","description":"50 jeux simples et vari\u00e9s pour les plus petits d\u00e8s 3 ans. Pour s'amuser avec des labyrinthes, des coloriages, des points par points, des intrus \u00e0 trouver... De tout premiers jeux simples et color\u00e9s.","authors":["Eva Maria Gey Trenado"],"category_codes":["2000000","2060000","2060500"],"visuals":{"large":"https:\/\/images.epagine.fr\/251\/9782244802251_1_75.jpg","medium":"https:\/\/images.epagine.fr\/251\/9782244802251_1_m.jpg","thumbnail":"https:\/\/images.epagine.fr\/251\/9782244802251_1_v.jpg"},"orderable":true,"show_badge":true,"formatted_price":"5,90&nbsp;\u20ac","formatted_published_date":"1er f\u00e9vrier 2026","publisher_availability_label":"Sur commande","short_details":"Eva Maria Gey Trenado \u2014 \u00c9ditions Lito","translator":null,"weight":210,"page_count":48,"readership":"\u00e0 partir de 3 ANS","editor":"\u00c9ditions Lito","price":590,"published_date":"2026-01-31T23:00:00.000000Z","support":"Grand format","publisher_availability":1,"stock":0,"editions":[],"url":"https:\/\/quaidesbrumes.com\/ouvrage\/9782244802251\/50-jeux-pour-mes-3-ans"},{"id":"9782081431027","title":"Le Chat bott\u00e9","description":"Un meunier ne laissa pour tous biens \u00e0 ses trois enfants que son moulin, son \u00e2ne et son chat. L'a\u00een\u00e9 eut le moulin. Le second eut l'\u00e2ne. Et le plus jeune n'eut que le chat...","authors":["Charles Perrault"],"category_codes":["2000000","2040000","2040400"],"visuals":{"large":"https:\/\/images.epagine.fr\/027\/9782081431027_1_75.jpg","medium":"https:\/\/images.epagine.fr\/027\/9782081431027_1_m.jpg","thumbnail":"https:\/\/images.epagine.fr\/027\/9782081431027_1_v.jpg"},"orderable":true,"show_badge":true,"formatted_price":"5,95&nbsp;\u20ac","formatted_published_date":"30 mai 2018","publisher_availability_label":"Sur commande","short_details":"Charles Perrault \u2014 P\u00e8re Castor","translator":null,"weight":110,"page_count":32,"readership":"\u00e0 partir de 6 ANS","editor":"P\u00e8re Castor","price":595,"published_date":"2018-05-29T22:00:00.000000Z","support":"Grand format","publisher_availability":1,"stock":0,"editions":["9782070669868","9782410011203","9782375400258","9782090316933","9782075101837"],"url":"https:\/\/quaidesbrumes.com\/ouvrage\/9782081431027\/le-chat-botte"},{"id":"9782017371908","title":"L'Animalerie magique Tome 1 : Carlicorne \u00e0 la rescousse !","description":"R\u00e9sum\u00e9\r\nAujourd'hui, la princesse Ava et Carlinou se rendent \u00e0 l'Animalerie Magique pour faire quelques emplettes ! Mais Mme Papatte a beaucoup de travail, car elle doit s'occuper de lapinpillons \u00e9gar\u00e9s... Heureusement, elle peut compter sur l'aide d'Ava et Carlinou. Et lorsqu'une des petites cr\u00e9atures dispara\u00eet, les deux ins\u00e9parables amis n'h\u00e9sitent pas une seconde \u00e0 se lancer \u00e0 sa recherche !\r\nD\u00e9couvrez les aventures de Carlinou le carlicorne et de la princesse Ava\u00a0 \u00e0 l'Animalerie Magique !\r\nUne maquette agr\u00e9ment\u00e9e d'adorables illustrations en couleur\r\nPour les fans d'animaux et de magie\u00a0 !\r\nUn texte plein de f\u00e9erie, adapt\u00e9 aux jeunes lecteurs\r\nD\u00e8s 6 ans.\r\n\r\n\u00a0","authors":["Matilda Rose","Tim Budgen"],"category_codes":["2000000","2040000","2040200"],"visuals":{"large":"https:\/\/images.epagine.fr\/908\/9782017371908_1_75.jpg","medium":"https:\/\/images.epagine.fr\/908\/9782017371908_1_m.jpg","thumbnail":"https:\/\/images.epagine.fr\/908\/9782017371908_1_v.jpg"},"orderable":true,"show_badge":true,"formatted_price":"5,90&nbsp;\u20ac","formatted_published_date":"18 f\u00e9vrier 2026","publisher_availability_label":"Sur commande","short_details":"Matilda Rose, Tim Budgen \u2014 Hachette Jeunesse","translator":null,"weight":128,"page_count":96,"readership":"\u00e0 partir de 6 ANS","editor":"Hachette Jeunesse","price":590,"published_date":"2026-02-17T23:00:00.000000Z","support":"Poche","publisher_availability":1,"stock":0,"editions":[],"url":"https:\/\/quaidesbrumes.com\/ouvrage\/9782017371908\/lanimalerie-magique-tome-1-carlicorne-a-la-rescousse"},{"id":"9782075188302","title":"\u00c0 qui appartient Mimicha ?","description":"Gustave et C\u00e9sar trouvent un chaton abandonn\u00e9. Mila, la grande soeur de Gustave, se doute que la famille de \u00abMimicha\u00bb n'est pas loin. La petite bande m\u00e8ne l'enqu\u00eate.","authors":["Catherine Dolto","Colline Faure-poir\u00e9e","Robin"],"category_codes":["2000000","2030000","2030400"],"visuals":{"large":"https:\/\/images.epagine.fr\/302\/9782075188302_1_75.jpg","medium":"https:\/\/images.epagine.fr\/302\/9782075188302_1_m.jpg","thumbnail":"https:\/\/images.epagine.fr\/302\/9782075188302_1_v.jpg"},"orderable":true,"show_badge":true,"formatted_price":"8,90&nbsp;\u20ac","formatted_published_date":"7 novembre 2024","publisher_availability_label":"Sur commande","short_details":"Catherine Dolto, Colline Faure-poir\u00e9e, Robin \u2014 Gallimard Jeunesse-Giboul\u00e9es","translator":null,"weight":158,"page_count":48,"readership":"\u00e0 partir de 7 ANS","editor":"Gallimard Jeunesse-Giboul\u00e9es","price":890,"published_date":"2024-11-06T23:00:00.000000Z","support":"Grand format","publisher_availability":1,"stock":0,"editions":[],"url":"https:\/\/quaidesbrumes.com\/ouvrage\/9782075188302\/a-qui-appartient-mimicha"},{"id":"9782211304184","title":"Qui crie comme \u00e7a ?","description":"Aki entend quelqu'un lui crier \u00ab Coucou ! \u00bb Chouette, c'est Line, son amie, qui le rejoint pour \u00e9couter attentivement et de concert avec lui. Qui parle ? Qui appelle ? \u00c0 qui sont ces cris ? \u00ab Miaou ! Hiiiii ! Coa coa ! Ouaf ouaf ! \u00bb, etc. \u00c0 chaque cri bien identifi\u00e9, les enfants sont rejoints par l'animal auquel ce cri appartient.\r","authors":["Tatsuhide Matsuoka"],"category_codes":["2000000","2020000","2020400"],"visuals":{"large":"https:\/\/images.epagine.fr\/184\/9782211304184_1_75.jpg","medium":"https:\/\/images.epagine.fr\/184\/9782211304184_1_m.jpg","thumbnail":"https:\/\/images.epagine.fr\/184\/9782211304184_1_v.jpg"},"orderable":true,"show_badge":true,"formatted_price":"6,00&nbsp;\u20ac","formatted_published_date":"21 octobre 2020","publisher_availability_label":"Sur commande","short_details":"Tatsuhide Matsuoka \u2014 L'\u00c9cole des loisirs","translator":null,"weight":136,"page_count":36,"readership":"0\/3 ans","editor":"L'\u00c9cole des loisirs","price":600,"published_date":"2020-10-20T22:00:00.000000Z","support":"Grand format","publisher_availability":1,"stock":0,"editions":["9782211232425"],"url":"https:\/\/quaidesbrumes.com\/ouvrage\/9782211304184\/qui-crie-comme-ca"},{"id":"9782070655397","title":"Fables","description":"Avec ses Fables, La Fontaine s'inscrit dans une tradition multiple et universelle : la fable grecque en prose, suivie d'une br\u00e8ve moralit\u00e9, avec \u00c9sope ; la fable latine, br\u00e8ve, \u00e9galement en prose, avec Ph\u00e8dre, ainsi que la fable orientale.\r\nChez La Fontaine aussi les animaux discutent de morale, les hommes font les \u00e2nes... En apparence, il se place donc dans la lign\u00e9e de ceux qui voient dans la fable un court r\u00e9cit destin\u00e9 \u00e0 enseigner la morale. Et le d\u00e9dicataire du premier recueil n'est autre que le Grand Dauphin, le fils du roi alors \u00e2g\u00e9 de sept ans ! Mais, sous des airs de r\u00e9citations enfantines, se cache une peinture critique de la soci\u00e9t\u00e9 du Roi-Soleil, qui gr\u00e2ce \u00e0 son talent devient universelle. Et au-del\u00e0 des histoires pour enfants sages, on d\u00e9couvre une r\u00e9flexion profonde sur l'humaine condition.\r","authors":["Jean de La Fontaine","Daniel Maja"],"category_codes":["2000000","2030000","2030300"],"visuals":{"large":"https:\/\/images.epagine.fr\/397\/9782070655397_1_75.jpg","medium":"https:\/\/images.epagine.fr\/397\/9782070655397_1_m.jpg","thumbnail":"https:\/\/images.epagine.fr\/397\/9782070655397_1_v.jpg"},"orderable":true,"show_badge":true,"formatted_price":"7,50&nbsp;\u20ac","formatted_published_date":"5 septembre 2013","publisher_availability_label":"Sur commande","short_details":"Jean de La Fontaine, Daniel Maja \u2014 Gallimard Jeunesse","translator":null,"weight":116,"page_count":44,"readership":"3\/6 ans","editor":"Gallimard Jeunesse","price":750,"published_date":"2013-09-04T22:00:00.000000Z","support":"Grand format","publisher_availability":1,"stock":0,"editions":[],"url":"https:\/\/quaidesbrumes.com\/ouvrage\/9782070655397\/fables"},{"id":"9782080237156","title":"L'imagier du P\u00e8re Castor en langue de signes","description":"La langue des signes peut \u00eatre utilis\u00e9e par tous les b\u00e9b\u00e9s avant l'arriv\u00e9e des premiers mots.Cet imagier propose 20 signes essentiels du quotidien pour mieux communiquer avec son enfant, d\u00e8s 6 mois.Chaque signe est expliqu\u00e9 et illustr\u00e9 \u00e9tape par \u00e9tape.L'Imagier du P\u00e8re Castor aide parents et tout-petits \u00e0 \u00e9changer de fa\u00e7on ludique et facilite l'acquisition du langage.","authors":["Madeleine Brunelet"],"category_codes":["2000000","2020000","2020300"],"visuals":{"large":"https:\/\/images.epagine.fr\/156\/9782080237156_1_75.jpg","medium":"https:\/\/images.epagine.fr\/156\/9782080237156_1_m.jpg","thumbnail":"https:\/\/images.epagine.fr\/156\/9782080237156_1_v.jpg"},"orderable":true,"show_badge":false,"formatted_price":"13,50&nbsp;\u20ac","formatted_published_date":"26 janvier 2022","publisher_availability_label":"Sur commande","short_details":"Madeleine Brunelet \u2014 P\u00e8re Castor","translator":null,"weight":396,"page_count":52,"readership":"0\/3 ans","editor":"P\u00e8re Castor","price":1350,"published_date":"2022-01-25T23:00:00.000000Z","support":"Grand format","publisher_availability":1,"stock":1,"editions":[],"url":"https:\/\/quaidesbrumes.com\/ouvrage\/9782080237156\/limagier-du-pere-castor-en-langue-de-signes"},{"id":"9782278129621","title":"Comptines d'amandes et de citrons","description":"Un hommage aux dialectes de l'Italie du Sud.\r\nDans les 28 comptines, berceuses et jeux de doigts de ce grand livre musical, nous avons choisi de mettre en valeur les dialectes de l'Italie du Sud : le napolitain, le calabrais, le sicilien, le sarde, l'arb\u00ebresh...\r\nAinsi, dans la musique traditionnelle italienne comme dans les arrangements ici, l'accord\u00e9on est pr\u00e9sent partout. Il existe par ailleurs en Italie du Sud une tradition vivante de chants et de danses, comme la tarentelle, que ce grand livre musical met \u00e0 l'honneur.","authors":["Collectif","Elisa Caroli"],"category_codes":["2000000","2030000","2030600"],"visuals":{"large":"https:\/\/images.epagine.fr\/621\/9782278129621_1_75.jpg","medium":"https:\/\/images.epagine.fr\/621\/9782278129621_1_m.jpg","thumbnail":"https:\/\/images.epagine.fr\/621\/9782278129621_1_v.jpg"},"orderable":true,"show_badge":true,"formatted_price":"24,90&nbsp;\u20ac","formatted_published_date":"5 mars 2025","publisher_availability_label":"Sur commande","short_details":"Collectif, Elisa Caroli \u2014 Didier jeunesse","translator":null,"weight":622,"page_count":48,"readership":"3\/6 ans","editor":"Didier jeunesse","price":2490,"published_date":"2025-03-04T23:00:00.000000Z","support":"Livre + CD Audio","publisher_availability":1,"stock":0,"editions":[],"url":"https:\/\/quaidesbrumes.com\/ouvrage\/9782278129621\/comptines-damandes-et-de-citrons"},{"id":"9782211337533","title":"Pas pr\u00e9vu...","description":"Lapin est plut\u00f4t de bonne humeur, contrairement \u00e0 son ami Ours qui bougonne et ronchonne quand les choses ne se d\u00e9roulent pas comme il l'avait pr\u00e9vu. Toute la journ\u00e9e, Ours est m\u00e9content \u00e0 cause de petits contretemps qu'il n'avait pas anticip\u00e9s, quand Lapin, lui, voit plut\u00f4t le bon c\u00f4t\u00e9 des choses...\r\nComment cette journ\u00e9e pleine d'impr\u00e9vus pour Ours va-t-elle se terminer ?","authors":["Elo"],"category_codes":["2000000","2020000","2020500"],"visuals":{"large":"https:\/\/images.epagine.fr\/533\/9782211337533_1_75.jpg","medium":"https:\/\/images.epagine.fr\/533\/9782211337533_1_m.jpg","thumbnail":"https:\/\/images.epagine.fr\/533\/9782211337533_1_v.jpg"},"orderable":true,"show_badge":true,"formatted_price":"12,50&nbsp;\u20ac","formatted_published_date":"25 septembre 2024","publisher_availability_label":"Sur commande","short_details":"Elo \u2014 L'\u00c9cole des loisirs","translator":null,"weight":392,"page_count":20,"readership":"\u00e0 partir de 2 ANS","editor":"L'\u00c9cole des loisirs","price":1250,"published_date":"2024-09-24T22:00:00.000000Z","support":"Grand format","publisher_availability":1,"stock":0,"editions":[],"url":"https:\/\/quaidesbrumes.com\/ouvrage\/9782211337533\/pas-prevu"},{"id":"9782386142185","title":"Le Belem","description":"Bienvenue \u00e0 bord du Belem, le dernier grand voilier de commerce fran\u00e7ais du XIXe si\u00e8cle encore en navigation.\r\nAvec ses trois m\u00e2ts et sa coque en acier, il a sillonn\u00e9 les mers et surv\u00e9cu \u00e0 bien des dangers !\r\nClass\u00e9 monument historique, il embarque aujourd'hui tous ceux qui souhaitent le visiter ou exp\u00e9rimenter la vie d'un matelot, gr\u00e2ce \u00e0 la Fondation Belem Caisse d'Epargne.\r\nD\u00e9couvre son incroyable histoire !\r","authors":["Mathieu Ferret"],"category_codes":["2000000","2070000","2070400"],"visuals":{"large":"https:\/\/images.epagine.fr\/185\/9782386142185_1_75.jpg","medium":"https:\/\/images.epagine.fr\/185\/9782386142185_1_m.jpg","thumbnail":"https:\/\/images.epagine.fr\/185\/9782386142185_1_v.jpg"},"orderable":true,"show_badge":true,"formatted_price":"5,00&nbsp;\u20ac","formatted_published_date":"9 juillet 2025","publisher_availability_label":"Sur commande","short_details":"Mathieu Ferret \u2014 QUELLE HISTOIRE","translator":null,"weight":90,"page_count":40,"readership":"Tout public","editor":"QUELLE HISTOIRE","price":500,"published_date":"2025-07-08T22:00:00.000000Z","support":"Grand format","publisher_availability":1,"stock":0,"editions":[],"url":"https:\/\/quaidesbrumes.com\/ouvrage\/9782386142185\/le-belem"},{"id":"9791039534765","title":"La saga des dragons - cycle 3 : la col\u00e8re des dragons : Int\u00e9grale","description":"Quand Erva\u00ebl, le roi-dragon, apprend que L\u00e9na est condamn\u00e9e \u00e0 mort, il brave l'interdit pour sauver son amie et retourne sur le monde d'Organd. Les dangers y sont nombreux, mais des rencontres inesp\u00e9r\u00e9es chez les humains le font s'interroger : la paix serait-elle possible entre les peuples ennemis ?","authors":["Eric Sanvoisin","J\u00e9r\u00e9mie Fleury"],"category_codes":["2000000","2040000","2040500","2040503"],"visuals":{"large":"https:\/\/images.epagine.fr\/765\/9791039534765_1_75.jpg","medium":"https:\/\/images.epagine.fr\/765\/9791039534765_1_m.jpg","thumbnail":"https:\/\/images.epagine.fr\/765\/9791039534765_1_v.jpg"},"orderable":true,"show_badge":true,"formatted_price":"14,95&nbsp;\u20ac","formatted_published_date":"6 octobre 2023","publisher_availability_label":"Sur commande","short_details":"Eric Sanvoisin, J\u00e9r\u00e9mie Fleury \u2014 Auzou","translator":null,"weight":468,"page_count":192,"readership":"\u00e0 partir de 7 ANS","editor":"Auzou","price":1495,"published_date":"2023-10-05T22:00:00.000000Z","support":"Grand format","publisher_availability":1,"stock":0,"editions":[],"url":"https:\/\/quaidesbrumes.com\/ouvrage\/9791039534765\/la-saga-des-dragons-cycle-3-la-colere-des-dragons-integrale"},{"id":"9782070650408","title":"Cheval d'orage Tome 3 ; galop de feu","description":"Casey a d\u00e9sormais tout pour elle : la c\u00e9l\u00e9brit\u00e9, l'amour, et bien s\u00fbr son cheval Ciel d'Orage, devenu un champion. Mais voil\u00e0 que Kyle West, jeune entra\u00eeneur aussi brillant que s\u00e9duisant, lui propose ses services. Comment rester concentr\u00e9e sur la pr\u00e9paration du concours de Burghley ? Surtout lorsque d'\u00e9tranges \u00e9v\u00e9nements se produisent pendant son entra\u00eenement : Casey est en danger...","authors":["Lauren St john","Alice Marchand"],"category_codes":["2000000","2040000","2040500"],"visuals":{"large":"https:\/\/images.epagine.fr\/408\/9782070650408_1_75.jpg","medium":"https:\/\/images.epagine.fr\/408\/9782070650408_1_m.jpg","thumbnail":"https:\/\/images.epagine.fr\/408\/9782070650408_1_v.jpg"},"orderable":true,"show_badge":true,"formatted_price":"8,90&nbsp;\u20ac","formatted_published_date":"8 mars 2018","publisher_availability_label":"Sur commande","short_details":"Lauren St john, Alice Marchand \u2014 Gallimard Jeunesse","translator":"ALICE MARCHAND","weight":208,"page_count":336,"readership":"\u00e0 partir de 8 ANS","editor":"Gallimard Jeunesse","price":890,"published_date":"2018-03-07T23:00:00.000000Z","support":"Poche","publisher_availability":1,"stock":0,"editions":[],"url":"https:\/\/quaidesbrumes.com\/ouvrage\/9782070650408\/cheval-dorage-tome-3-galop-de-feu"},{"id":"9782017204176","title":"Destins de champions Tome 3 : une biographie de Lionel Messi","description":"Messi poss\u00e8de l'un des plus beaux palmar\u00e8s du football mondial : quatre Ligues des champions, dix championnats d'Espagne, sans oublier la Copa Am\u00e9rica, ainsi qu'une m\u00e9daille d'or olympique et une Coupe du monde. Cette biographie raconte le destin incroyable de l'Argentin aux sept Ballons d'or, sa carri\u00e8re exceptionnelle au sein du FC Barcelone, jusqu'\u00e0 son arriv\u00e9e tonitruante au Paris Saint-Germain et son sacre de champion du monde.\r\nUne biographie \u00e9crite par Luca Caioli, journaliste sportif auteur de nombreux ouvrages sur le football.","authors":["Luca Caioli"],"category_codes":["2000000","2040000","2040500"],"visuals":{"large":"https:\/\/images.epagine.fr\/176\/9782017204176_1_75.jpg","medium":"https:\/\/images.epagine.fr\/176\/9782017204176_1_m.jpg","thumbnail":"https:\/\/images.epagine.fr\/176\/9782017204176_1_v.jpg"},"orderable":true,"show_badge":true,"formatted_price":"5,90&nbsp;\u20ac","formatted_published_date":"7 juin 2023","publisher_availability_label":"Sur commande","short_details":"Luca Caioli \u2014 Hachette Jeunesse","translator":null,"weight":150,"page_count":128,"readership":"\u00e0 partir de 8 ANS","editor":"Hachette Jeunesse","price":590,"published_date":"2023-06-06T22:00:00.000000Z","support":"Poche","publisher_availability":1,"stock":0,"editions":[],"url":"https:\/\/quaidesbrumes.com\/ouvrage\/9782017204176\/destins-de-champions-tome-3-une-biographie-de-lionel-messi"},{"id":"9782700279979","title":"Jouer avec le feu","description":"Enqu\u00eates, fausses pistes, myst\u00e8res et sueurs froides... Heure Noire, la collection leader du polar jeunesse  !","authors":["Sophie Rigal-Goulard"],"category_codes":["2000000","2040000","2040500"],"visuals":{"large":"https:\/\/images.epagine.fr\/979\/9782700279979_1_75.jpg","medium":"https:\/\/images.epagine.fr\/979\/9782700279979_1_m.jpg","thumbnail":"https:\/\/images.epagine.fr\/979\/9782700279979_1_v.jpg"},"orderable":true,"show_badge":true,"formatted_price":"8,00&nbsp;\u20ac","formatted_published_date":"16 avril 2025","publisher_availability_label":"Sur commande","short_details":"Sophie Rigal-Goulard \u2014 Rageot \u00c9diteur","translator":null,"weight":155,"page_count":128,"readership":"\u00e0 partir de 10 ANS","editor":"Rageot \u00c9diteur","price":800,"published_date":"2025-04-15T22:00:00.000000Z","support":"Poche","publisher_availability":1,"stock":0,"editions":[],"url":"https:\/\/quaidesbrumes.com\/ouvrage\/9782700279979\/jouer-avec-le-feu"},{"id":"9782408056544","title":"La Terre, la vie, l'Univers : En questions","description":"Un livre qui r\u00e9pond \u00e0 toutes les grandes questions sur la vie, la Terre et l'Univers, qui n'en finissent pas d'intriguer les enfants ! Dans la collection \u00ab Topic \u00bb, riche de photos et d'illustrations r\u00e9alistes pour donner \u00e0 voir le r\u00e9el. 16 questions d'enfants pour r\u00e9pondre \u00e0 leurs questions sur l'origine de l'Univers et de la vie D'o\u00f9 vient l'Univers ? Qu'est-ce qu'une \u00e9toile ? Comment la Terre s'est-elle form\u00e9e ? Comment sait-on ce qui se passait avant nous ? La Terre a-t-elle toujours \u00e9t\u00e9 comme aujourd'hui ? Quand la vie est-elle n\u00e9e sur la Terre ? Quels \u00e9taient les premiers animaux ? D'o\u00f9 viennent les plantes ? Comment les animaux pr\u00e9historiques ont-ils \u00e9volu\u00e9 ? L'humain descend-il du singe ? Sommes-nous des animaux ? Pourquoi meurt-on ? Certains disent que Dieu a fait la Terre, est-ce vrai ? Le Soleil va-t-il s'\u00e9teindre un jour ? Peut-on habiter sur la Lune ? Y a-t-il de la vie sur d'autres plan\u00e8tes ? \u00ab Topic \u00bb, une collection documentaire ludique Chaque paragraphe est associ\u00e9 \u00e0 un pictogramme, \u00e0 retrouver dans un sommaire alternatif en d\u00e9but d'ouvrage. Ces pictogrammes proposent une exp\u00e9rience de lecture diff\u00e9rente, en piochant les informations d'une m\u00eame cat\u00e9gorie. Envie de savoir de quoi parle le pictogramme diamant ? Rendez-vous aux pages indiqu\u00e9es par cette image myst\u00e8re !","authors":["Jean-Baptiste de Panafieu","Mathilde Laurent","Aronne Nembrini"],"category_codes":["2000000","2070000","2070300"],"visuals":{"large":"https:\/\/images.epagine.fr\/544\/9782408056544_1_75.jpg","medium":"https:\/\/images.epagine.fr\/544\/9782408056544_1_m.jpg","thumbnail":"https:\/\/images.epagine.fr\/544\/9782408056544_1_v.jpg"},"orderable":true,"show_badge":true,"formatted_price":"9,20&nbsp;\u20ac","formatted_published_date":"26 f\u00e9vrier 2025","publisher_availability_label":"Sur commande","short_details":"Jean-Baptiste de Panafieu, Mathilde Laurent, Aronne Nembrini \u2014 Milan","translator":null,"weight":445,"page_count":40,"readership":null,"editor":"Milan","price":920,"published_date":"2025-02-25T23:00:00.000000Z","support":"Grand format","publisher_availability":1,"stock":0,"editions":[],"url":"https:\/\/quaidesbrumes.com\/ouvrage\/9782408056544\/la-terre-la-vie-lunivers-en-questions"},{"id":"9782075163033","title":"Emile file droit","description":"C'est un copain d'un copain de sa m\u00e8re qui le garde. \u00c9mile a plut\u00f4t int\u00e9r\u00eat \u00e0 filer droit ! Pas de bonbon, de caprices ou de truc de ce genre ! Parce que les m\u00f4mes, on leur donne \u00e7a et ils prennent \u00e7a ! Mais \u00e7a tombe bien, \u00c9mile a d\u00e9cid\u00e9 de filer droit ! Le soir, \u00c9mile d\u00e9couvre que celui qui le garde \u00e9tait un garnementqui faisait pipi sur le chien des voisins, mangeait les fleurs du jardin et cachait des escargots dans les chaussures de sa m\u00e9m\u00e9... Promis. \u00c9mile ne dira rien. Il pr\u00e9f\u00e8re filer droit et manger sa glace.","authors":["Vincent Cuvellier","Ronan Badel"],"category_codes":["2000000","2030000","2030400"],"visuals":{"large":"https:\/\/images.epagine.fr\/033\/9782075163033_1_75.jpg","medium":"https:\/\/images.epagine.fr\/033\/9782075163033_1_m.jpg","thumbnail":"https:\/\/images.epagine.fr\/033\/9782075163033_1_v.jpg"},"orderable":true,"show_badge":true,"formatted_price":"6,90&nbsp;\u20ac","formatted_published_date":"24 mars 2022","publisher_availability_label":"Sur commande","short_details":"Vincent Cuvellier, Ronan Badel \u2014 Gallimard Jeunesse-Giboul\u00e9es","translator":null,"weight":192,"page_count":32,"readership":"\u00e0 partir de 3 ANS","editor":"Gallimard Jeunesse-Giboul\u00e9es","price":690,"published_date":"2022-03-23T23:00:00.000000Z","support":"Grand format","publisher_availability":1,"stock":0,"editions":[],"url":"https:\/\/quaidesbrumes.com\/ouvrage\/9782075163033\/emile-file-droit"}]}