{"data":[{"id":"9782070582600","title":"Silhouette","description":"Lorsqu'elle d\u00e9couvre que son acteur pr\u00e9f\u00e9r\u00e9 tourne un film pr\u00e8s de chez elle, Pauline s'inscrit au casting pour \u00eatre \u00abSilhouette\u00bb. Puisque ses jours sont compt\u00e9s, monsieur Duc tente de se faire pardonner des personnes qu'il a pu blesser au cours de sa vie. Dans le car qui l'emm\u00e8ne en colo, Guillaume d\u00e9cide de retourner d\u00e9livrer son chat, qu'il a enferm\u00e9 par erreur dans sa chambre.\r","authors":["Jean-Claude Mourlevat"],"category_codes":["2000000","2050000","2050200"],"visuals":{"large":"https:\/\/images.epagine.fr\/600\/9782070582600_1_75.jpg","medium":"https:\/\/images.epagine.fr\/600\/9782070582600_1_m.jpg","thumbnail":"https:\/\/images.epagine.fr\/600\/9782070582600_1_v.jpg"},"orderable":true,"show_badge":true,"formatted_price":"6,30&nbsp;\u20ac","formatted_published_date":"3 mars 2016","publisher_availability_label":"Sur commande","short_details":"Jean-Claude Mourlevat \u2014 Gallimard Jeunesse","translator":null,"weight":148,"page_count":240,"readership":"\u00e0 partir de 13 ANS","editor":"Gallimard Jeunesse","price":630,"published_date":"2016-03-02T23:00:00.000000Z","support":"Grand format","publisher_availability":1,"stock":0,"editions":["9791035823528"],"url":"https:\/\/quaidesbrumes.com\/ouvrage\/9782070582600\/silhouette"},{"id":"9782226473028","title":"Souris des bois : Une ann\u00e9e dans la for\u00eat","description":"Souris des bois traverse la for\u00eat au fil des mois, et rend visite \u00e0 ses nombreux amis : le H\u00e9risson, le Blaireau, l'\u00c9cureuil... En juillet, lorsque le bois est au plus chaud, ils vont se baigner ; mais en novembre, ils se blottissent plut\u00f4t autour du feu pour affronter les froides soir\u00e9es ! Ensemble, tous les animaux savourent le changement des saisons et la nature qui s'offre \u00e0 eux.Dans cet album, 14 rabats et d\u00e9coupes permettent \u00e0 la nature de se d\u00e9ployer dans ses infimes d\u00e9tails, d\u00e9cortiqu\u00e9s dans trois pages documentaires en fin d'ouvrage. \r\n\u00c0 partir de 3 ans","authors":["Alice Melvin","Ramona Badescu"],"category_codes":["2000000","2030000","2030400"],"visuals":{"large":"https:\/\/images.epagine.fr\/028\/9782226473028_1_75.jpg","medium":"https:\/\/images.epagine.fr\/028\/9782226473028_1_m.jpg","thumbnail":"https:\/\/images.epagine.fr\/028\/9782226473028_1_v.jpg"},"orderable":true,"show_badge":true,"formatted_price":"18,90&nbsp;\u20ac","formatted_published_date":"4 mai 2022","publisher_availability_label":"Sur commande","short_details":"Alice Melvin, Ramona Badescu \u2014 Albin Michel","translator":"RAMONA BADESCU","weight":568,"page_count":56,"readership":"\u00e0 partir de 3 ANS","editor":"Albin Michel","price":1890,"published_date":"2022-05-03T22:00:00.000000Z","support":"Grand format","publisher_availability":1,"stock":0,"editions":[],"url":"https:\/\/quaidesbrumes.com\/ouvrage\/9782226473028\/souris-des-bois-une-annee-dans-la-foret"},{"id":"9782203295780","title":"Quand s'envolent les cigognes","description":"Un premier roman plein d'intensit\u00e9 aux parfums d'\u00e9t\u00e9 et d'amour.\r\n\r\nUp\u00e8 et Gelynas sont deux jeunes lituaniens de 19 ans ins\u00e9parables depuis l'enfance, ayant grandi dans le m\u00eame petit village. Depuis quelques temps ils se retrouvent l'\u00e9t\u00e9, travaillant dans le m\u00eame bar et passant leur temps \u00e0 se baigner ou \u00e0 observer les oiseaux au coeur de la for\u00eat. Or cet \u00e9t\u00e9-l\u00e0, tout est diff\u00e9rent, pour elle comme pour lui : Up\u00e8 a pass\u00e9 une premi\u00e8re ann\u00e9e universitaire \u00e0 Vilnius, elle a nou\u00e9 des liens avec des jeunes citadins \u00e0 mille lieues de sa vie \u00e0 la campagne, mais elle ne souhaite pas y retourner \u00e0 la rentr\u00e9e et personne ne sait pourquoi. Quant \u00e0 Gelynas, qui est atteint de troubles schizophr\u00e9niques, il a arr\u00eat\u00e9 de prendre son traitement et commence petit \u00e0 petit \u00e0 perdre pied avec la r\u00e9alit\u00e9.\r\n\r\nEntre d\u00e9couverte du d\u00e9sir, fuite en avant, folie, abandon, amour et ses limites... tous deux vivent sans le savoir le dernier \u00e9t\u00e9 de leur adolescence.\r\n","authors":["Sarah Talote"],"category_codes":["2000000","2050000","2050200","2050208"],"visuals":{"large":"https:\/\/images.epagine.fr\/780\/9782203295780_1_75.jpg","medium":"https:\/\/images.epagine.fr\/780\/9782203295780_1_m.jpg","thumbnail":"https:\/\/images.epagine.fr\/780\/9782203295780_1_v.jpg"},"orderable":true,"show_badge":true,"formatted_price":"14,90&nbsp;\u20ac","formatted_published_date":"4 juin 2025","publisher_availability_label":"Sur commande","short_details":"Sarah Talote \u2014 Casterman","translator":null,"weight":238,"page_count":224,"readership":"\u00e0 partir de 14 ans","editor":"Casterman","price":1490,"published_date":"2025-06-03T22:00:00.000000Z","support":"Grand format","publisher_availability":1,"stock":0,"editions":[],"url":"https:\/\/quaidesbrumes.com\/ouvrage\/9782203295780\/quand-senvolent-les-cigognes"},{"id":"9782075229203","title":"La savane","description":"Le premier imagier pour b\u00e9b\u00e9, une r\u00e9alisation brillante de l'artiste renomm\u00e9e, Ingela P Arrhenius. C'est une c\u00e9l\u00e9bration visuelle, une invitation \u00e0 la d\u00e9couverte pour les plus jeunes et une source de ravissement pour les adultes.\r\n","authors":["Ingela Peterson Arrhenius"],"category_codes":["2000000","2020000","2020300"],"visuals":{"large":"https:\/\/images.epagine.fr\/203\/9782075229203_1_75.jpg","medium":"https:\/\/images.epagine.fr\/203\/9782075229203_1_m.jpg","thumbnail":"https:\/\/images.epagine.fr\/203\/9782075229203_1_v.jpg"},"orderable":true,"show_badge":true,"formatted_price":"10,00&nbsp;\u20ac","formatted_published_date":"11 septembre 2025","publisher_availability_label":"Sur commande","short_details":"Ingela Peterson Arrhenius \u2014 Marcel et Joachim","translator":null,"weight":109,"page_count":10,"readership":"0\/3 ans","editor":"Marcel et Joachim","price":1000,"published_date":"2025-09-10T22:00:00.000000Z","support":"Grand format","publisher_availability":1,"stock":0,"editions":[],"url":"https:\/\/quaidesbrumes.com\/ouvrage\/9782075229203\/la-savane"},{"id":"9782266342254","title":"A(ni)mal","description":"\"\u00c0 partir de maintenant, tu n'es personne, tu n'es de nulle part. \u00c0 toi de redevenir quelqu'un, c'est possible. \u00c0 ton \u00e2ge, tout est possible.\"\r\nAvoir 15 ans dans un pays en guerre, \u00eatre forc\u00e9 de devenir un homme, se retrouver projet\u00e9 sur les chemins de la clandestinit\u00e9, effleurer les limites de l'humanit\u00e9, apprendre \u00e0 survivre, s'effacer, oublier...\r\n\r\nPuis\r\nVivre - \u00e0 nouveau\r\nRessentir - encore\r\nFaire confiance - petit \u00e0 petit\r\nGarder espoir - toujours\r\n\r\nLe parcours d'un migrant, des difficult\u00e9s indicibles de son voyage jusqu'\u00e0 la r\u00e9silience.","authors":["C\u00e9cile Alix"],"category_codes":["2000000","2050000","2050200","2050210"],"visuals":{"large":"https:\/\/images.epagine.fr\/254\/9782266342254_1_75.jpg","medium":"https:\/\/images.epagine.fr\/254\/9782266342254_1_m.jpg","thumbnail":"https:\/\/images.epagine.fr\/254\/9782266342254_1_v.jpg"},"orderable":true,"show_badge":true,"formatted_price":"8,10&nbsp;\u20ac","formatted_published_date":"14 ao\u00fbt 2024","publisher_availability_label":"Sur commande","short_details":"C\u00e9cile Alix \u2014 Pocket Jeunesse","translator":null,"weight":156,"page_count":304,"readership":"\u00e0 partir de 12 ANS","editor":"Pocket Jeunesse","price":810,"published_date":"2024-08-13T22:00:00.000000Z","support":"Poche","publisher_availability":1,"stock":0,"editions":["9782375543313"],"url":"https:\/\/quaidesbrumes.com\/ouvrage\/9782266342254\/animal"},{"id":"9791026404842","title":"Mon papa \u00e0 moi","description":"Mon papa \u00e0 moi, c'est un monde de douceur\u00a0!\r\nSe d\u00e9guiser, manger du pop-corn, rire aux \u00e9clats, raconter doucement, chanter tr\u00e8s fort...\r\nOn fait tout \u00e7a, et bien plus encore, avec mon papa \u00e0 moi !","authors":["Donata Montanari"],"category_codes":["2000000","2020000","2020500"],"visuals":{"large":"https:\/\/images.epagine.fr\/842\/9791026404842_1_75.jpg","medium":"https:\/\/images.epagine.fr\/842\/9791026404842_1_m.jpg","thumbnail":"https:\/\/images.epagine.fr\/842\/9791026404842_1_v.jpg"},"orderable":true,"show_badge":true,"formatted_price":"4,90&nbsp;\u20ac","formatted_published_date":"28 janvier 2026","publisher_availability_label":"Sur commande","short_details":"Donata Montanari \u2014 Gl\u00e9nat Jeunesse","translator":null,"weight":82,"page_count":24,"readership":"\u00e0 partir de 1 AN","editor":"Gl\u00e9nat Jeunesse","price":490,"published_date":"2026-01-27T23:00:00.000000Z","support":"Grand format","publisher_availability":1,"stock":0,"editions":[],"url":"https:\/\/quaidesbrumes.com\/ouvrage\/9791026404842\/mon-papa-a-moi"},{"id":"9782494136267","title":"Mes parents se s\u00e9parent, et moi dans tout \u00e7a ?","description":"Tes parents se s\u00e9parent ou divorcent et cette s\u00e9paration t'inqui\u00e8te ? Alors ce livre est fait pour toi !\r\nIl r\u00e9pond \u00e0 toutes les questions que tu peux te poser :\r\n-Pourquoi mes parents se s\u00e9parent ?\r\n-Qu'est-ce qui va changer dans mon quotidien ?\r\n-Qui peut m'aider \u00e0 traverser cette p\u00e9riode difficile ?\r\n-Que faire si mes parents se disputent beaucoup ?\r\n-Comment r\u00e9agir s'ils rencontrent quelqu'un d'autre ?\r\nTu trouveras des conseils pour pr\u00e9server les relations avec tes parents et pour bien communiquer avec eux. Ce livre t'aidera \u00e0 trouver ta place au sein de ta famille, en particulier si tu as un beau-p\u00e8re et\/ou une belle-m\u00e8re, des demi-fr\u00e8res et\/ou demi-soeurs...\r\n","authors":["Ivy Daure","Cl\u00e9mentine Latron"],"category_codes":["2000000","2050000","2050400"],"visuals":{"large":"https:\/\/images.epagine.fr\/267\/9782494136267_1_75.jpg","medium":"https:\/\/images.epagine.fr\/267\/9782494136267_1_m.jpg","thumbnail":"https:\/\/images.epagine.fr\/267\/9782494136267_1_v.jpg"},"orderable":true,"show_badge":true,"formatted_price":"17,50&nbsp;\u20ac","formatted_published_date":"2 octobre 2025","publisher_availability_label":"Sur commande","short_details":"Ivy Daure, Cl\u00e9mentine Latron \u2014 Magenta Editions","translator":null,"weight":205,"page_count":128,"readership":"Tout public","editor":"Magenta Editions","price":1750,"published_date":"2025-10-01T22:00:00.000000Z","support":"Grand format","publisher_availability":1,"stock":0,"editions":[],"url":"https:\/\/quaidesbrumes.com\/ouvrage\/9782494136267\/mes-parents-se-separent-et-moi-dans-tout-ca"},{"id":"9782017334019","title":"Merci d'\u00eatre toi","description":"Le plus beau cadeau de la vie, c'est toi.","authors":["M.H. Clark","C\u00e9cile Metzger"],"category_codes":["2000000","2020000","2020400"],"visuals":{"large":"https:\/\/images.epagine.fr\/019\/9782017334019_1_75.jpg","medium":"https:\/\/images.epagine.fr\/019\/9782017334019_1_m.jpg","thumbnail":"https:\/\/images.epagine.fr\/019\/9782017334019_1_v.jpg"},"orderable":true,"show_badge":true,"formatted_price":"15,00&nbsp;\u20ac","formatted_published_date":"11 f\u00e9vrier 2026","publisher_availability_label":"Sur commande","short_details":"M.H. Clark, C\u00e9cile Metzger \u2014 Le lotus et l'\u00e9l\u00e9phant","translator":null,"weight":276,"page_count":48,"readership":"\u00e0 partir de 3 ANS","editor":"Le lotus et l'\u00e9l\u00e9phant","price":1500,"published_date":"2026-02-10T23:00:00.000000Z","support":"Grand format","publisher_availability":1,"stock":0,"editions":[],"url":"https:\/\/quaidesbrumes.com\/ouvrage\/9782017334019\/merci-detre-toi"},{"id":"9782809664324","title":"Livre musical ; mon premier Renaud","description":"\u00c9couter et fredonner Renaud aux tout-petits !  \r\n\r\nAvec ce livre sonore, l'enfant d\u00e9couvre les classiques de Renaud. Il s'amuse \u00e0 chercher la puce dans une sc\u00e8ne tendre et color\u00e9e, et appuie dessus pour lancer la musique tout seul. Un vrai moment de complicit\u00e9 et d'\u00e9motion \u00e0 partager avec b\u00e9b\u00e9.\r\n\r\nDans ce livre :\r\n- Mistral gagnant ;\r\n- Laisse b\u00e9ton ;\r\n- Chanson pour Pierrot ;\r\n- D\u00e8s que le vent soufflera ;\r\n- Amoureux de Paname.\r\n\r\nAvec un niveau sonore ma\u00eetris\u00e9, le livre est adapt\u00e9 aux plus petits.","authors":["M\u00e9lanie Grandgirard"],"category_codes":["2000000","2020000","2020200"],"visuals":{"large":"https:\/\/images.epagine.fr\/324\/9782809664324_1_75.jpg","medium":"https:\/\/images.epagine.fr\/324\/9782809664324_1_m.jpg","thumbnail":"https:\/\/images.epagine.fr\/324\/9782809664324_1_v.jpg"},"orderable":true,"show_badge":false,"formatted_price":"11,90&nbsp;\u20ac","formatted_published_date":"9 janvier 2019","publisher_availability_label":"Sur commande","short_details":"M\u00e9lanie Grandgirard \u2014 \u00c9ditions playBac","translator":null,"weight":236,"page_count":12,"readership":"0\/3 ans","editor":"\u00c9ditions playBac","price":1190,"published_date":"2019-01-08T23:00:00.000000Z","support":"Grand format","publisher_availability":1,"stock":1,"editions":[],"url":"https:\/\/quaidesbrumes.com\/ouvrage\/9782809664324\/livre-musical-mon-premier-renaud"},{"id":"9782211312813","title":"L'estrange malaventure de Mirella","description":"Moyen Age. Les rats ont envahi la paisible bourgade d'Hamelin. Vous croyez conna\u00eetre cette histoire par coeur ? Vous savez qu'un joueur de fl\u00fbte va arriver, noyer les rats en musique, puis les enfants d'Hamelin ? Oubliez ces sornettes : la v\u00e9ritable histoire est bien pire, et c'est gr\u00e2ce \u00e0 Mirella, une jeune fille de 15 ans, qu'on l'a enfin compris. Jusqu'ici, elle passait inaper\u00e7ue en ville - qui s'int\u00e9resserait \u00e0 une porteuse d'eau, \u00e0 une cr\u00e8ve-la-faim, une enfant trouv\u00e9e ? Seulement voil\u00e0, Mirella a un don ignor\u00e9 de tous : elle voit ce que personne d'autre ne voit.\r\nPar exemple, elle a bien rep\u00e9r\u00e9 ce beau jeune homme en noir, qui murmure \u00e0 l'oreille de ceux qui vont mourir de la peste... Et \u00e7a lui donne une sacr\u00e9e longueur d'avance. Y compris sur le plus c\u00e9l\u00e8bre d\u00e9ratiseur de tous les temps.","authors":["Flore Vesco"],"category_codes":["2000000","2040000","2040500"],"visuals":{"large":"https:\/\/images.epagine.fr\/813\/9782211312813_1_75.jpg","medium":"https:\/\/images.epagine.fr\/813\/9782211312813_1_m.jpg","thumbnail":"https:\/\/images.epagine.fr\/813\/9782211312813_1_v.jpg"},"orderable":true,"show_badge":true,"formatted_price":"8,50&nbsp;\u20ac","formatted_published_date":"3 mars 2021","publisher_availability_label":"Sur commande","short_details":"Flore Vesco \u2014 L'\u00c9cole des loisirs","translator":null,"weight":270,"page_count":304,"readership":"\u00e0 partir de 13 ANS","editor":"L'\u00c9cole des loisirs","price":850,"published_date":"2021-03-02T23:00:00.000000Z","support":"Poche","publisher_availability":1,"stock":0,"editions":["9782211333948","9782211301558"],"url":"https:\/\/quaidesbrumes.com\/ouvrage\/9782211312813\/lestrange-malaventure-de-mirella"},{"id":"9788832916270","title":"Mon corps change : Guide de survie \u00e0 la pubert\u00e9","description":"La pubert\u00e9 est une p\u00e9riode pleine de transformations que chacun vit \u00e0 son rythme et \u00e0 sa mani\u00e8re. Une phase fondamentale durant laquelle ton corps conna\u00eet un profond changement, tes \u00e9motions sont intenses, tes pens\u00e9es s'affirment...\r\nTu trouveras dans ce guide, illustr\u00e9 de sympathiques \u00e9pisodes sous forme de roman graphique, des informations et des conseils pratiques pour t'aider \u00e0 vivre cette transition, les in\u00e9vitables bouleversements, les moments de crise mais aussi des d\u00e9couvertes palpitantes. Un pr\u00e9cieux outil, destin\u00e9 aussi bien aux filles qu'aux gar\u00e7ons, pour les aider \u00e0 vivre avec un peu plus d'assurance et de s\u00e9r\u00e9nit\u00e9 cette merveilleuse aventure du d\u00e9veloppement humain.","authors":["Francesca Palazzetti","Giulia Marchesi","Silvia Vanni"],"category_codes":["2000000","2070000","2070700"],"visuals":{"large":"https:\/\/images.epagine.fr\/270\/9788832916270_1_75.jpg","medium":"https:\/\/images.epagine.fr\/270\/9788832916270_1_m.jpg","thumbnail":"https:\/\/images.epagine.fr\/270\/9788832916270_1_v.jpg"},"orderable":true,"show_badge":true,"formatted_price":"14,90&nbsp;\u20ac","formatted_published_date":"21 ao\u00fbt 2025","publisher_availability_label":"Sur commande","short_details":"Francesca Palazzetti, Giulia Marchesi, Silvia Vanni \u2014 White Star Kids","translator":null,"weight":336,"page_count":96,"readership":"Tout public","editor":"White Star Kids","price":1490,"published_date":"2025-08-20T22:00:00.000000Z","support":"Grand format","publisher_availability":1,"stock":0,"editions":[],"url":"https:\/\/quaidesbrumes.com\/ouvrage\/9788832916270\/mon-corps-change-guide-de-survie-a-la-puberte"},{"id":"9782383828037","title":"250 infos, jeux et activit\u00e9s : Chevaux","description":"Fan de chevaux et de poneys ?\r\nAmuse-toi avec ces 250 jeux sur le th\u00e8me des chevaux et des poneys : labyrinthes, coloriages, dessins en pas \u00e0 pas, quiz, mots cas\u00e9s, diff\u00e9rences...il y en a pour tous les go\u00fbts !\r\nD\u00e9couvre \u00e9galement pleins d'infos sur les chevaux et apprends tout en t'amusant.\r\nRetrouve les solutions des jeux \u00e0 la fin du livre","authors":["Aurore Meyer","Emmanuelle Polim\u00e9ni","Laura Gomez Guerra"],"category_codes":["2000000","2060000","2060500"],"visuals":{"large":"https:\/\/images.epagine.fr\/037\/9782383828037_1_75.jpg","medium":"https:\/\/images.epagine.fr\/037\/9782383828037_1_m.jpg","thumbnail":"https:\/\/images.epagine.fr\/037\/9782383828037_1_v.jpg"},"orderable":true,"show_badge":true,"formatted_price":"9,99&nbsp;\u20ac","formatted_published_date":"6 f\u00e9vrier 2026","publisher_availability_label":"Sur commande","short_details":"Aurore Meyer, Emmanuelle Polim\u00e9ni, Laura Gomez Guerra \u2014 \u00c9ditions 365","translator":null,"weight":342,"page_count":308,"readership":null,"editor":"\u00c9ditions 365","price":999,"published_date":"2026-02-05T23:00:00.000000Z","support":"Poche","publisher_availability":1,"stock":0,"editions":[],"url":"https:\/\/quaidesbrumes.com\/ouvrage\/9782383828037\/250-infos-jeux-et-activites-chevaux"},{"id":"9782070616343","title":"Le cheval","description":"Sauvage ou domestique, noir, bai ou blanc...\r\n Regardons le cheval na\u00eetre, grandir, sauter des obstacles. observons aussi le poney et tous ses autres cousins \u00e0 sabots.\r","authors":["Collectif"],"category_codes":["2000000","2070000","2070300"],"visuals":{"large":"https:\/\/images.epagine.fr\/343\/9782070616343_1_75.jpg","medium":"https:\/\/images.epagine.fr\/343\/9782070616343_1_m.jpg","thumbnail":"https:\/\/images.epagine.fr\/343\/9782070616343_1_v.jpg"},"orderable":true,"show_badge":true,"formatted_price":"9,90&nbsp;\u20ac","formatted_published_date":"3 avril 2008","publisher_availability_label":"Sur commande","short_details":"Collectif \u2014 Gallimard Jeunesse","translator":null,"weight":375,"page_count":24,"readership":null,"editor":"Gallimard Jeunesse","price":990,"published_date":"2008-04-02T22:00:00.000000Z","support":"Grand format","publisher_availability":1,"stock":0,"editions":["9782842591595"],"url":"https:\/\/quaidesbrumes.com\/ouvrage\/9782070616343\/le-cheval"},{"id":"9782080492081","title":"Le vent dans les saules","description":"L'arriv\u00e9e du printemps r\u00e9jouit Taupe qui sort enfin de sa galerie. Au bord de la rivi\u00e8re, il fait la connaissance de l'espi\u00e8gle Rat, du Crapaud farfelu et du Blaireau solitaire. Les quatre comp\u00e8res se lancent alors dans de fantastiques aventures, au coeur d'une nature foisonnante. Une inoubliable fable animali\u00e8re dans un univers merveilleux\u00a0:\u00a0un grand classique de la litt\u00e9rature anglo-saxonne.","authors":["Kenneth Grahame","Jacques Parsons"],"category_codes":["2000000","2040000","2040500"],"visuals":{"large":"https:\/\/images.epagine.fr\/081\/9782080492081_1_75.jpg","medium":"https:\/\/images.epagine.fr\/081\/9782080492081_1_m.jpg","thumbnail":"https:\/\/images.epagine.fr\/081\/9782080492081_1_v.jpg"},"orderable":true,"show_badge":true,"formatted_price":"6,20&nbsp;\u20ac","formatted_published_date":"27 ao\u00fbt 2025","publisher_availability_label":"Sur commande","short_details":"Kenneth Grahame, Jacques Parsons \u2014 Flammarion jeunesse","translator":"JACQUES PARSONS","weight":232,"page_count":288,"readership":"9\/12 ans","editor":"Flammarion jeunesse","price":620,"published_date":"2025-08-26T22:00:00.000000Z","support":"Poche","publisher_availability":1,"stock":0,"editions":["9782080470102","9782369146940","9782253240525","9782378283445"],"url":"https:\/\/quaidesbrumes.com\/ouvrage\/9782080492081\/le-vent-dans-les-saules"},{"id":"9782070616411","title":"L'\u00e9cole maternelle","description":"Pourquoi va-t-on \u00e0 l'\u00e9cole ? Tout au long d'une journ\u00e9e de classe, d\u00e9couvre des activit\u00e9s passionnantes ou amusantes, et partage avec de nouveaux amis le plaisir d'apprendre et de grandir.","authors":["Collectif"],"category_codes":["2000000","2070000","2070700"],"visuals":{"large":"https:\/\/images.epagine.fr\/411\/9782070616411_1_75.jpg","medium":"https:\/\/images.epagine.fr\/411\/9782070616411_1_m.jpg","thumbnail":"https:\/\/images.epagine.fr\/411\/9782070616411_1_v.jpg"},"orderable":true,"show_badge":true,"formatted_price":"9,90&nbsp;\u20ac","formatted_published_date":"25 ao\u00fbt 2008","publisher_availability_label":"Sur commande","short_details":"Collectif \u2014 Gallimard Jeunesse","translator":null,"weight":316,"page_count":24,"readership":"\u00e0 partir de 3 ANS","editor":"Gallimard Jeunesse","price":990,"published_date":"2008-08-24T22:00:00.000000Z","support":"Grand format","publisher_availability":1,"stock":0,"editions":["9782745969613"],"url":"https:\/\/quaidesbrumes.com\/ouvrage\/9782070616411\/lecole-maternelle"},{"id":"9782080490674","title":"Jonathan Livingston le go\u00e9land","description":"Jonathan Livingston n'est pas un go\u00e9land comme les autres. Sa seule passion, c'est de voler toujours plus vite et plus haut. Incompris des autres go\u00e9lands, il est chass\u00e9 du clan et condamn\u00e9 \u00e0 une vie solitaire. Jonathan poursuit sa qu\u00eate de libert\u00e9 et bient\u00f4t, de nouvelles rencontres vont bouleverser son existence. Puissant et po\u00e9tique, ce classique de la litt\u00e9rature jeunesse, tout illustr\u00e9, est un hymne \u00e0 la diff\u00e9rence et \u00e0 la libert\u00e9.","authors":["Richard Bach"],"category_codes":["2000000","2040000","2040500"],"visuals":{"large":"https:\/\/images.epagine.fr\/674\/9782080490674_1_75.jpg","medium":"https:\/\/images.epagine.fr\/674\/9782080490674_1_m.jpg","thumbnail":"https:\/\/images.epagine.fr\/674\/9782080490674_1_v.jpg"},"orderable":true,"show_badge":true,"formatted_price":"5,90&nbsp;\u20ac","formatted_published_date":"14 mai 2025","publisher_availability_label":"Sur commande","short_details":"Richard Bach \u2014 Flammarion jeunesse","translator":null,"weight":108,"page_count":128,"readership":"\u00e0 partir de 6 ANS","editor":"Flammarion jeunesse","price":590,"published_date":"2025-05-13T22:00:00.000000Z","support":"Poche","publisher_availability":1,"stock":0,"editions":["9782290429211","9782895588405","9782895582830","9782290215623"],"url":"https:\/\/quaidesbrumes.com\/ouvrage\/9782080490674\/jonathan-livingston-le-goeland"},{"id":"9782361934057","title":"Paris Pop up","description":"Huit pop-ups des plus beaux monuments de Paris, l'Arc de Triomphe, la tour Eiffel, les Invalides, le Louvre, Notre-Dame, la place des Vosges, Beaubourg, le Sacr\u00e9-Coeur, accompagn\u00e9s de huit doubles-pages documentaires pour conna\u00eetre tous leurs secrets. Un livre beau et ing\u00e9nieux qui enchantera tous les amoureux de Paris, con\u00e7u par le talentueux Dominique Ehrhard.","authors":["Dominique Ehrhard","Carole Saturno"],"category_codes":["2000000","2030000","2030500"],"visuals":{"large":"https:\/\/images.epagine.fr\/057\/9782361934057_1_75.jpg","medium":"https:\/\/images.epagine.fr\/057\/9782361934057_1_m.jpg","thumbnail":"https:\/\/images.epagine.fr\/057\/9782361934057_1_v.jpg"},"orderable":true,"show_badge":true,"formatted_price":"19,90&nbsp;\u20ac","formatted_published_date":"25 juin 2015","publisher_availability_label":"Sur commande","short_details":"Dominique Ehrhard, Carole Saturno \u2014 \u00c9ditions des Grandes Personnes","translator":null,"weight":244,"page_count":34,"readership":"\u00e0 partir de 6 ANS","editor":"\u00c9ditions des Grandes Personnes","price":1990,"published_date":"2015-06-24T22:00:00.000000Z","support":"Grand format","publisher_availability":1,"stock":0,"editions":["9782361934477"],"url":"https:\/\/quaidesbrumes.com\/ouvrage\/9782361934057\/paris-pop-up"},{"id":"9782211302685","title":"Sauveur & Fils : Saison 2","description":"Au num\u00e9ro 12 de la rue des Murlins, \u00e0 Orl\u00e9ans, vit Sauveur Saint-Yves, un psychologue antillais de 40 ans, 1,90 m\u00e8tre pour 80 kilos. C\u00f4t\u00e9 jardin, il m\u00e8ne sa vie priv\u00e9e avec son fils Lazare, \u00e2g\u00e9 de 9 ans, et il a quelque espoir de reconstruire une famille avec Louise Rocheteau et ses deux enfants. C\u00f4t\u00e9 ville, Sauveur re\u00e7oit ses patients.","authors":["Marie-Aude Murail"],"category_codes":["2000000","2050000","2050200","2050210"],"visuals":{"large":"https:\/\/images.epagine.fr\/685\/9782211302685_1_75.jpg","medium":"https:\/\/images.epagine.fr\/685\/9782211302685_1_m.jpg","thumbnail":"https:\/\/images.epagine.fr\/685\/9782211302685_1_v.jpg"},"orderable":true,"show_badge":true,"formatted_price":"8,50&nbsp;\u20ac","formatted_published_date":"15 mai 2019","publisher_availability_label":"Sur commande","short_details":"Marie-Aude Murail \u2014 L'\u00c9cole des loisirs","translator":null,"weight":330,"page_count":384,"readership":"\u00e0 partir de 13 ANS","editor":"L'\u00c9cole des loisirs","price":850,"published_date":"2019-05-14T22:00:00.000000Z","support":"Poche","publisher_availability":1,"stock":0,"editions":["9782211230865"],"url":"https:\/\/quaidesbrumes.com\/ouvrage\/9782211302685\/sauveur-fils-saison-2"},{"id":"9782361934590","title":"Egyptomania","description":"Un livre pour d\u00e9couvrir l'\u00c9gypte antique, longer les rives du Nil, suivre le rythme des saisons, saluer Pharaon, percer les secrets de la momification... Emma Giuliani et Carole Saturno vous invitent \u00e0 remonter le temps, \u00e0 la rencontre de cette \u00e9blouissante civilisation qui r\u00eavait d'\u00e9ternit\u00e9.","authors":["Emma Giuliani","Carole Saturno"],"category_codes":["2000000","2030000","2030400"],"visuals":{"large":"https:\/\/images.epagine.fr\/590\/9782361934590_1_75.jpg","medium":"https:\/\/images.epagine.fr\/590\/9782361934590_1_m.jpg","thumbnail":"https:\/\/images.epagine.fr\/590\/9782361934590_1_v.jpg"},"orderable":true,"show_badge":true,"formatted_price":"29,50&nbsp;\u20ac","formatted_published_date":"21 novembre 2016","publisher_availability_label":"Sur commande","short_details":"Emma Giuliani, Carole Saturno \u2014 \u00c9ditions des Grandes Personnes","translator":null,"weight":940,"page_count":20,"readership":"\u00e0 partir de 5 ANS","editor":"\u00c9ditions des Grandes Personnes","price":2950,"published_date":"2016-11-20T23:00:00.000000Z","support":"Grand format","publisher_availability":1,"stock":0,"editions":[],"url":"https:\/\/quaidesbrumes.com\/ouvrage\/9782361934590\/egyptomania"},{"id":"9782215135623","title":"Jack et le haricot magique","description":"Il \u00e9tait une fois... L'histoire de Jack et le haricot magique tendrement illustr\u00e9e pour faire d\u00e9couvrir aux tout-petits les contes de notre enfance.","authors":["Crescence Bouvarel"],"category_codes":["2000000","2040000","2040400"],"visuals":{"large":"https:\/\/images.epagine.fr\/623\/9782215135623_1_75.jpg","medium":"https:\/\/images.epagine.fr\/623\/9782215135623_1_m.jpg","thumbnail":"https:\/\/images.epagine.fr\/623\/9782215135623_1_v.jpg"},"orderable":true,"show_badge":true,"formatted_price":"1,99&nbsp;\u20ac","formatted_published_date":"19 janvier 2018","publisher_availability_label":"Sur commande","short_details":"Crescence Bouvarel \u2014 Fleurus","translator":null,"weight":77,"page_count":16,"readership":"\u00e0 partir de 4 ANS","editor":"Fleurus","price":199,"published_date":"2018-01-18T23:00:00.000000Z","support":"Grand format","publisher_availability":1,"stock":0,"editions":[],"url":"https:\/\/quaidesbrumes.com\/ouvrage\/9782215135623\/jack-et-le-haricot-magique"},{"id":"9782215158363","title":"L'automobile","description":"Gr\u00e2ce \u00e0 ce documentaire riche en images, apprends \u00e0 mieux conna\u00eetre l'univers de l'automobile : les types de voitures, les sports automobiles, les innovations... Au d\u00e9but du livre, d\u00e9couvre des vignettes \u00e0 d\u00e9couper pour apprendre en t'amusant !","authors":["Collectif"],"category_codes":["2000000","2070000"],"visuals":{"large":"https:\/\/images.epagine.fr\/363\/9782215158363_1_75.jpg","medium":"https:\/\/images.epagine.fr\/363\/9782215158363_1_m.jpg","thumbnail":"https:\/\/images.epagine.fr\/363\/9782215158363_1_v.jpg"},"orderable":true,"show_badge":true,"formatted_price":"8,95&nbsp;\u20ac","formatted_published_date":"7 mai 2021","publisher_availability_label":"Sur commande","short_details":"Collectif \u2014 Fleurus","translator":null,"weight":450,"page_count":32,"readership":null,"editor":"Fleurus","price":895,"published_date":"2021-05-06T22:00:00.000000Z","support":"Grand format","publisher_availability":1,"stock":0,"editions":[],"url":"https:\/\/quaidesbrumes.com\/ouvrage\/9782215158363\/lautomobile"},{"id":"9782378013356","title":"Non !","description":"Non, on ne vide pas les tiroirs !\r\nNon, on ne mange pas de bonbons avant le d\u00eener !\r\nNon, on ne se prom\u00e8ne pas tout nu !\r\nNon, on ne monte pas sur la table !\r\nNon, on ne joue pas au foot dans la maison !\r\nOui, on est sage !\r\n\r\nA peine apprennent-ils \u00e0 marcher que les enfants s'empressent de tester de nouvelles choses en d\u00e9jouant l'autorit\u00e9 de leurs parents pour leur plus grand plaisir... et au plus grand d\u00e9sespoir des concern\u00e9s, les parents.\r\nParce qu'ils sont impatients de d\u00e9couvrir le monde qui les entoure, les enfants ne peuvent s'emp\u00eacher de toucher \u00e0 tout et faire de nombreuses b\u00eatises et tester l'autorit\u00e9 des parents.\r\nSoledad Bravi revient avec ses illustrations embl\u00e9matiques pour faire rire les enfants et d\u00e9dramatiser le quotidien des parents qui se reconna\u00eetront sans aucun doute dans toutes ces situations !","authors":["Soledad Bravi"],"category_codes":["2000000","2020000","2020300"],"visuals":{"large":"https:\/\/images.epagine.fr\/356\/9782378013356_1_75.jpg","medium":"https:\/\/images.epagine.fr\/356\/9782378013356_1_m.jpg","thumbnail":"https:\/\/images.epagine.fr\/356\/9782378013356_1_v.jpg"},"orderable":true,"show_badge":true,"formatted_price":"13,90&nbsp;\u20ac","formatted_published_date":"10 janvier 2025","publisher_availability_label":"Sur commande","short_details":"Soledad Bravi \u2014 Saltimbanque \u00c9ditions","translator":null,"weight":602,"page_count":94,"readership":"0\/3 ans","editor":"Saltimbanque \u00c9ditions","price":1390,"published_date":"2025-01-09T23:00:00.000000Z","support":"Grand format","publisher_availability":1,"stock":0,"editions":[],"url":"https:\/\/quaidesbrumes.com\/ouvrage\/9782378013356\/non"},{"id":"9782368291894","title":"La poule qui n'aimait pas les oeufs","description":"Cun\u00e9gonde est une poule qui n'aime pas pondre. Et pour une poule, ne pas aimer pondre, c'est vraiment INCROYABLE !\r\nEt tr\u00e8s compliqu\u00e9 aussi car Cun\u00e9gonde pond un oeuf tous les jours ! Mais comment s'en d\u00e9barrasser ? C'est d\u00e9cid\u00e9, Cun\u00e9gonde va entamer un p\u00e9riple qui pourrait bien la transporter loin de son poulailler !","authors":["S\u00e9verine de La Croix","Pauline Roland","Anthony Signol"],"category_codes":["2000000","2030000","2030400"],"visuals":{"large":"https:\/\/images.epagine.fr\/894\/9782368291894_1_75.jpg","medium":"https:\/\/images.epagine.fr\/894\/9782368291894_1_m.jpg","thumbnail":"https:\/\/images.epagine.fr\/894\/9782368291894_1_v.jpg"},"orderable":true,"show_badge":true,"formatted_price":"8,95&nbsp;\u20ac","formatted_published_date":"17 mai 2017","publisher_availability_label":"Sur commande","short_details":"S\u00e9verine de La Croix, Pauline Roland, Anthony Signol \u2014 \u00c9ditions Splash!","translator":null,"weight":278,"page_count":40,"readership":"3\/6 ans","editor":"\u00c9ditions Splash!","price":895,"published_date":"2017-05-16T22:00:00.000000Z","support":"Grand format","publisher_availability":1,"stock":0,"editions":[],"url":"https:\/\/quaidesbrumes.com\/ouvrage\/9782368291894\/la-poule-qui-naimait-pas-les-oeufs"},{"id":"9782884455848","title":"Lili trouve sa ma\u00eetresse m\u00e9chante","description":"La ma\u00eetresse de Lili ne perd pas une occasion pour la reprendre, la punir, l'humilier. Lili en souffre, elle se d\u00e9courage, se r\u00e9volte, n'ose pas en parler. Finalement, elle comprend qu'un professeur a un m\u00e9tier difficile, avec des droits et des devoirs comme tout le monde.\r","authors":["Serge Bloch","Dominique de Saint-Mars"],"category_codes":["2000000","2040000","2040200"],"visuals":{"large":"https:\/\/images.epagine.fr\/848\/9782884455848_1_75.jpg","medium":"https:\/\/images.epagine.fr\/848\/9782884455848_1_m.jpg","thumbnail":"https:\/\/images.epagine.fr\/848\/9782884455848_1_v.jpg"},"orderable":true,"show_badge":true,"formatted_price":"6,20&nbsp;\u20ac","formatted_published_date":"9 mars 2005","publisher_availability_label":"Sur commande","short_details":"Serge Bloch, Dominique de Saint-Mars \u2014 Calligram","translator":null,"weight":113,"page_count":43,"readership":"6\/9 ans","editor":"Calligram","price":620,"published_date":"2005-03-08T23:00:00.000000Z","support":"Grand format","publisher_availability":1,"stock":0,"editions":[],"url":"https:\/\/quaidesbrumes.com\/ouvrage\/9782884455848\/lili-trouve-sa-maitresse-mechante"}]}