{"data":[{"id":"9782244061252","title":"Les petites b\u00eates du jardin","description":"80 gommettes color\u00e9es et facilement manipulables pour jouer avec les insectes et les petits animaux qui vivent dans les jardins.","authors":["Collectif"],"category_codes":["2000000","2080000","2080200"],"visuals":{"large":"https:\/\/images.epagine.fr\/252\/9782244061252_1_75.jpg","medium":"https:\/\/images.epagine.fr\/252\/9782244061252_1_m.jpg","thumbnail":"https:\/\/images.epagine.fr\/252\/9782244061252_1_v.jpg"},"orderable":true,"show_badge":true,"formatted_price":"0,00&nbsp;\u20ac","formatted_published_date":"1er juin 2025","publisher_availability_label":"Sur commande","short_details":"Collectif \u2014 \u00c9ditions Lito","translator":null,"weight":55,"page_count":null,"readership":"Tout public","editor":"\u00c9ditions Lito","price":0,"published_date":"2025-05-31T22:00:00.000000Z","support":"Papeterie \/ Coloriage","publisher_availability":1,"stock":0,"editions":["9782070662876"],"url":"https:\/\/quaidesbrumes.com\/ouvrage\/9782244061252\/les-petites-betes-du-jardin"},{"id":"9782355043963","title":"Sous la terre, sous l'eau","description":"Le duo de graphistes polonais, heureux auteurs de Cartes, propose une plong\u00e9e en parall\u00e8le sous la terre et sous l'eau.\r\nCe bel album nous livre ainsi les secrets de la vie souterraine et sous-marine partout sous la plan\u00e8te. On p\u00e9n\u00e8tre dans des univers aussi vari\u00e9s que l'\u00e9pave du Titanic, les m\u00e9andres d'une fourmili\u00e8re, le coeur d'une mine de fer ou d'un volcan, les r\u00e9cifs coralliens, le circuit des eaux us\u00e9es ou le m\u00e9tro d'une grande capitale ! Trois th\u00e9matiques se dessinent au fil des pages :\r\nLa diversit\u00e9 des richesses naturelles, l'intervention de l'homme et les traces laiss\u00e9es par le pass\u00e9.\r","authors":["Aleksandra Mizielinska","Daniel Mizielinski"],"category_codes":["2000000","2070000","2070300"],"visuals":{"large":"https:\/\/images.epagine.fr\/963\/9782355043963_1_75.jpg","medium":"https:\/\/images.epagine.fr\/963\/9782355043963_1_m.jpg","thumbnail":"https:\/\/images.epagine.fr\/963\/9782355043963_1_v.jpg"},"orderable":true,"show_badge":true,"formatted_price":"26,40&nbsp;\u20ac","formatted_published_date":"20 octobre 2015","publisher_availability_label":"Sur commande","short_details":"Aleksandra Mizielinska, Daniel Mizielinski \u2014 Rue du monde","translator":null,"weight":1212,"page_count":112,"readership":"\u00e0 partir de 8 ANS","editor":"Rue du monde","price":2640,"published_date":"2015-10-19T22:00:00.000000Z","support":"Grand format","publisher_availability":1,"stock":0,"editions":[],"url":"https:\/\/quaidesbrumes.com\/ouvrage\/9782355043963\/sous-la-terre-sous-leau"},{"id":"9782092574621","title":"T'choupi dit non !","description":"T'choupi, l'ami des petits, accompagne l'enfant qui grandit !\r\nDes histoires qui racontent la vie des enfants de 2 \u00e0 4 ans, les grandes joies, les temps forts de la vie de famille et les petits tracas du quotidien. Gr\u00e2ce \u00e0 T'choupi, de nombreux petits probl\u00e8mes trouvent leur solution tout en douceur.\r\nR\u00e9sum\u00e9 de cette histoire : T'choupi joue au parc avec son papa.\r\nMais quand il est l'heure de partir, T'choupi n'est pas du tout d'accord : \"non, non et non !' Le papa de T'choupi a alors une id\u00e9e...\r\nNouveau : avec votre enfant \u00e9coutez la version audio de l'histoire ! Tous les albums T'choupi sont maintenant accompagn\u00e9s d'une version audio, accessible gratuitement en scannant la couverture avec l'application Nathan Live.\r\nDes livres pour les enfants de 2 \u00e0 4 ans con\u00e7us dans un format id\u00e9al pour les petites mains : coins arrondis, pages plastifi\u00e9es r\u00e9sistantes.","authors":["Thierry Courtin"],"category_codes":["2000000","2020000","2020400"],"visuals":{"large":"https:\/\/images.epagine.fr\/621\/9782092574621_1_75.jpg","medium":"https:\/\/images.epagine.fr\/621\/9782092574621_1_m.jpg","thumbnail":"https:\/\/images.epagine.fr\/621\/9782092574621_1_v.jpg"},"orderable":true,"show_badge":true,"formatted_price":"6,30&nbsp;\u20ac","formatted_published_date":"11 mai 2017","publisher_availability_label":"Sur commande","short_details":"Thierry Courtin \u2014 Nathan","translator":null,"weight":135,"page_count":24,"readership":"0\/3 ans","editor":"Nathan","price":630,"published_date":"2017-05-10T22:00:00.000000Z","support":"Grand format","publisher_availability":1,"stock":0,"editions":[],"url":"https:\/\/quaidesbrumes.com\/ouvrage\/9782092574621\/tchoupi-dit-non"},{"id":"9782366249040","title":"Comment Aidan est devenu un grand fr\u00e8re","description":"Quand Aidan est n\u00e9, tout le monde pensait qu'il \u00e9tait une fille. Mais petit \u00e0 petit, Aidan d\u00e9couvre qu'il est un gar\u00e7on : il se choisit un nouveau pr\u00e9nom, de nouveaux habits, et son quotidien devient plus doux et serein. Alors, lorsque sa maman lui annonce qu'elle est enceinte, Aidan se sent investi d'une grande responsabilit\u00e9. Car qui mieux que lui va pouvoir aider ses parents \u00e0 pr\u00e9parer l'arriv\u00e9e de b\u00e9b\u00e9 ? Sauf que b\u00e9b\u00e9 a peut-\u00eatre d\u00e9j\u00e0 tout ce qu'il lui faut : une famille impatiente de l'accueillir et de l'aimer, peu importe la personne que b\u00e9b\u00e9 choisira d'\u00eatre.","authors":["Kyle Lukoff","Kaylani Juanita","G\u00e9raldine Chognard"],"category_codes":["2000000","2020000","2020400"],"visuals":{"large":"https:\/\/images.epagine.fr\/040\/9782366249040_1_75.jpg","medium":"https:\/\/images.epagine.fr\/040\/9782366249040_1_m.jpg","thumbnail":"https:\/\/images.epagine.fr\/040\/9782366249040_1_v.jpg"},"orderable":true,"show_badge":true,"formatted_price":"15,00&nbsp;\u20ac","formatted_published_date":"21 ao\u00fbt 2024","publisher_availability_label":"Sur commande","short_details":"Kyle Lukoff, Kaylani Juanita, G\u00e9raldine Chognard \u2014 \u00c9ditions Cambourakis","translator":"GERALDINE CHOGNARD","weight":348,"page_count":32,"readership":"0\/3 ans","editor":"\u00c9ditions Cambourakis","price":1500,"published_date":"2024-08-20T22:00:00.000000Z","support":"Grand format","publisher_availability":1,"stock":0,"editions":[],"url":"https:\/\/quaidesbrumes.com\/ouvrage\/9782366249040\/comment-aidan-est-devenu-un-grand-frere"},{"id":"9782075136303","title":"\u00c9mile va bien","description":"Ah ouais, \u00e7a c'est s\u00fbr ! \u00c9mile en a parl\u00e9 avec tous ses copains, \u00e0 sa lampe et m\u00eame \u00e0 sa gourde. \u00c9mile n'est pas triste, il a m\u00eame souri hier ! Mais sa maman veut l'emmener chez le docteur, un docteur pour les enfants qui se posent trop de questions...","authors":["Vincent Cuvellier","Ronan Badel"],"category_codes":["2000000","2030000","2030400"],"visuals":{"large":"https:\/\/images.epagine.fr\/303\/9782075136303_1_75.jpg","medium":"https:\/\/images.epagine.fr\/303\/9782075136303_1_m.jpg","thumbnail":"https:\/\/images.epagine.fr\/303\/9782075136303_1_v.jpg"},"orderable":true,"show_badge":true,"formatted_price":"6,90&nbsp;\u20ac","formatted_published_date":"19 mars 2020","publisher_availability_label":"Sur commande","short_details":"Vincent Cuvellier, Ronan Badel \u2014 Gallimard Jeunesse-Giboul\u00e9es","translator":null,"weight":196,"page_count":28,"readership":"\u00e0 partir de 3 ANS","editor":"Gallimard Jeunesse-Giboul\u00e9es","price":690,"published_date":"2020-03-18T23:00:00.000000Z","support":"Grand format","publisher_availability":1,"stock":0,"editions":[],"url":"https:\/\/quaidesbrumes.com\/ouvrage\/9782075136303\/emile-va-bien"},{"id":"9782075126830","title":"Artemis Fowl Tome 4 : op\u00e9ration opale","description":"Les secrets du Peuple des f\u00e9es sont d\u00e9sormais bien gard\u00e9s : pour se prot\u00e9ger d'Artemis Fowl, elles ont effac\u00e9 tous ses souvenirs. Sauf qu'aujourd'hui, elles auraient bien besoin d'un de ses coups de g\u00e9nie : Opale Kobo\u00ef, une f\u00e9e dangeureuse et assoiff\u00e9e de pouvoir les menace. Annihiler le Peuple des f\u00e9es, humilier Holly Short et Artemis avant de les supprimer... ambitieux portable. Artemis doit \u00e0 tout prix retrouver la m\u00e9moire, et vite !","authors":["Eoin Colfer","Jean-Fran\u00e7ois M\u00e9nard"],"category_codes":["2000000","2040000","2040500","2040503"],"visuals":{"large":"https:\/\/images.epagine.fr\/830\/9782075126830_1_75.jpg","medium":"https:\/\/images.epagine.fr\/830\/9782075126830_1_m.jpg","thumbnail":"https:\/\/images.epagine.fr\/830\/9782075126830_1_v.jpg"},"orderable":true,"show_badge":true,"formatted_price":"9,90&nbsp;\u20ac","formatted_published_date":"11 avril 2019","publisher_availability_label":"Sur commande","short_details":"Eoin Colfer, Jean-Fran\u00e7ois M\u00e9nard \u2014 Gallimard Jeunesse","translator":"JEAN-FRANCOIS MENARD","weight":272,"page_count":448,"readership":"\u00e0 partir de 11 ANS","editor":"Gallimard Jeunesse","price":990,"published_date":"2019-04-10T22:00:00.000000Z","support":"Poche","publisher_availability":1,"stock":0,"editions":["9782070524945"],"url":"https:\/\/quaidesbrumes.com\/ouvrage\/9782075126830\/artemis-fowl-tome-4-operation-opale"},{"id":"9782070550678","title":"La petite encyclop\u00e9die des comment ?","description":"Comment poussent les plantes? Comment dorment les animaux? Comment l'eau arrive-t-elle au robinet? Comment fait-on les b\u00e9b\u00e9s? Comment vole un avion? Comment combattaient les pirates?\r\n\r\nDes r\u00e9ponses courtes, claires et pr\u00e9cises \u00e0 pr\u00e8s de 150 questions des petits sur la nature, le corps, la vie quotidienne, l'histoire des hommes.\r","authors":["Sophie Lamoureux"],"category_codes":["2000000","2070000","2070200"],"visuals":{"large":"https:\/\/images.epagine.fr\/678\/9782070550678_1_75.jpg","medium":"https:\/\/images.epagine.fr\/678\/9782070550678_1_m.jpg","thumbnail":"https:\/\/images.epagine.fr\/678\/9782070550678_1_v.jpg"},"orderable":true,"show_badge":true,"formatted_price":"12,50&nbsp;\u20ac","formatted_published_date":"3 octobre 2016","publisher_availability_label":"Sur commande","short_details":"Sophie Lamoureux \u2014 Gallimard Jeunesse","translator":null,"weight":612,"page_count":68,"readership":"\u00e0 partir de 3 ANS","editor":"Gallimard Jeunesse","price":1250,"published_date":"2016-10-02T22:00:00.000000Z","support":"Grand format","publisher_availability":1,"stock":0,"editions":[],"url":"https:\/\/quaidesbrumes.com\/ouvrage\/9782070550678\/la-petite-encyclopedie-des-comment"},{"id":"9782386141195","title":"Winston Churchill","description":"\u00ab Je n'ai \u00e0 offrir que du sang, du labeur, des larmes et de la sueur \u00bb, d\u00e9clare le Premier ministre du Royaume-Uni en mai 1940. Selon lui, c'est le prix \u00e0 payer pour venir \u00e0 bout de l'Allemagne nazie. Les talents d'orateur et le caract\u00e8re bien tremp\u00e9 de Winston Churchill lui permettent de redonner courage \u00e0 un peuple qui traverse une des p\u00e9riodes les plus terribles de son histoire...","authors":["Bruno Wennagel","Mathieu Ferret","Aur\u00e9lie Verdon","Claire Martin","Paul Cotoni","Guillaume Biasse"],"category_codes":["2000000","2070000","2070400"],"visuals":{"large":"https:\/\/images.epagine.fr\/195\/9782386141195_1_75.jpg","medium":"https:\/\/images.epagine.fr\/195\/9782386141195_1_m.jpg","thumbnail":"https:\/\/images.epagine.fr\/195\/9782386141195_1_v.jpg"},"orderable":true,"show_badge":true,"formatted_price":"5,00&nbsp;\u20ac","formatted_published_date":"23 avril 2025","publisher_availability_label":"Sur commande","short_details":"Bruno Wennagel, Mathieu Ferret, Aur\u00e9lie Verdon, Claire Martin, Paul Cotoni, Guillaume Biasse \u2014 QUELLE HISTOIRE","translator":null,"weight":90,"page_count":40,"readership":"Tout public","editor":"QUELLE HISTOIRE","price":500,"published_date":"2025-04-22T22:00:00.000000Z","support":"Grand format","publisher_availability":1,"stock":0,"editions":[],"url":"https:\/\/quaidesbrumes.com\/ouvrage\/9782386141195\/winston-churchill"},{"id":"9782075161718","title":"Kate m\u00e8ne l'enqu\u00eate Tome 3","description":"Kate est d\u00e9sign\u00e9e par la r\u00e9dactrice en chef du journal Le D\u00e9couvreur pour trouver qui s'acharne \u00e0 trafiquer les pages du c\u00e9l\u00e8bre quotidien. D\u00e9termin\u00e9e \u00e0 faire ses preuves en tant que grand reporter et \u00e9paul\u00e9e par son ami, Roberto le souriceau, Kate va mener l'enqu\u00eate la plus importante de sa carri\u00e8re. Mais le temps est compt\u00e9 : \u00e0 la fin de la semaine, Catherine Rodriguez, l'idole de Kate, doit remettre un article top secret et il est hors de question que son nom soit tourn\u00e9 en ridicule.","authors":["Hannah Peck"],"category_codes":["2000000","2040000","2040500"],"visuals":{"large":"https:\/\/images.epagine.fr\/718\/9782075161718_1_75.jpg","medium":"https:\/\/images.epagine.fr\/718\/9782075161718_1_m.jpg","thumbnail":"https:\/\/images.epagine.fr\/718\/9782075161718_1_v.jpg"},"orderable":true,"show_badge":false,"formatted_price":"9,80&nbsp;\u20ac","formatted_published_date":"19 octobre 2023","publisher_availability_label":"Sur commande","short_details":"Hannah Peck \u2014 Gallimard Jeunesse","translator":null,"weight":370,"page_count":192,"readership":"\u00e0 partir de 8 ANS","editor":"Gallimard Jeunesse","price":980,"published_date":"2023-10-18T22:00:00.000000Z","support":"Grand format","publisher_availability":1,"stock":1,"editions":[],"url":"https:\/\/quaidesbrumes.com\/ouvrage\/9782075161718\/kate-mene-lenquete-tome-3"},{"id":"9791036382567","title":"La v\u00e9ritable histoire de Tom, moussaillon au temps des pirates","description":"1721. Tom a 10 ans et vit aux Cara\u00efbes. Il r\u00eave de retrouver son fr\u00e8re qui navigue dans les Indes. Aussi s'entend-il avec le capitaine de l'Indian Queen pour embarquer \u00e0 bord de ce navire en partance pour les Indes. \u00c0 peine les amarres largu\u00e9es, il se rend compte qu'il va voyager sur un bateau de pirates. Entre temp\u00eates et abordages, la violence est de mise. Aussi Tom s'\u00e9chappe avec une jeune esclave sauv\u00e9e d'un naufrage, pour rejoindre Madagascar o\u00f9 se trouverait son fr\u00e8re...","authors":["Pascale Perrier","Lo\u00efc Locatelli"],"category_codes":["2000000","2070000","2070400"],"visuals":{"large":"https:\/\/images.epagine.fr\/567\/9791036382567_1_75.jpg","medium":"https:\/\/images.epagine.fr\/567\/9791036382567_1_m.jpg","thumbnail":"https:\/\/images.epagine.fr\/567\/9791036382567_1_v.jpg"},"orderable":true,"show_badge":true,"formatted_price":"7,20&nbsp;\u20ac","formatted_published_date":"7 mai 2025","publisher_availability_label":"Sur commande","short_details":"Pascale Perrier, Lo\u00efc Locatelli \u2014 Bayard Jeunesse","translator":null,"weight":123,"page_count":48,"readership":"\u00e0 partir de 8 ANS","editor":"Bayard Jeunesse","price":720,"published_date":"2025-05-06T22:00:00.000000Z","support":"Grand format","publisher_availability":1,"stock":0,"editions":[],"url":"https:\/\/quaidesbrumes.com\/ouvrage\/9791036382567\/la-veritable-histoire-de-tom-moussaillon-au-temps-des-pirates"},{"id":"9782080479914","title":"Je suis en CE2 : Une journ\u00e9e au vert","description":"\u00ab- Nous allons participer \u00e0 l'op\u00e9ration de nettoyage \u00abMa ville est verte\u00bb, annonce madame Chabon. Qui sait \u00e0 quoi cela sert ? - C'est pour prot\u00e9ger la nature et les animaux ! r\u00e9pond Kanoa.\u00bb 1 histoire + 1 dico + des activit\u00e9s ludiques.","authors":["Magdalena","Emmanuel Ristord"],"category_codes":["2000000","2040000","2040200"],"visuals":{"large":"https:\/\/images.epagine.fr\/914\/9782080479914_1_75.jpg","medium":"https:\/\/images.epagine.fr\/914\/9782080479914_1_m.jpg","thumbnail":"https:\/\/images.epagine.fr\/914\/9782080479914_1_v.jpg"},"orderable":true,"show_badge":true,"formatted_price":"6,50&nbsp;\u20ac","formatted_published_date":"16 avril 2025","publisher_availability_label":"Sur commande","short_details":"Magdalena, Emmanuel Ristord \u2014 P\u00e8re Castor","translator":null,"weight":140,"page_count":56,"readership":"\u00e0 partir de 8 ANS","editor":"P\u00e8re Castor","price":650,"published_date":"2025-04-15T22:00:00.000000Z","support":"Grand format","publisher_availability":1,"stock":0,"editions":[],"url":"https:\/\/quaidesbrumes.com\/ouvrage\/9782080479914\/je-suis-en-ce2-une-journee-au-vert"},{"id":"9782408054069","title":"La petite boutique des cauchemars Tome 1 : La poudre \u00e0 chatouilles","description":"Des \u00e9tag\u00e8res en bazar, un fant\u00f4me timide, un animal inqui\u00e9tant... La jeune Nina est loin d'imaginer ce qu'elle va d\u00e9couvrir quand elle pousse la porte de la Petite boutique des cauchemars. \u00ab Besoin d'aide \u00bb, disait l'annonce dans la vitrine ? On dirait bien !\r\nUn univers fantastique... \u00e0 mourir de rire\r\nUne s\u00e9rie pleine de personnages excentriques et d'intrigues farfelues : les journ\u00e9es de travail ne sont jamais ennuyeuses dans la Petite boutique des cauchemars ! Nina va devoir garder la t\u00eate froide pour ne pas se laisser entra\u00eener par la douce folie qui semble animer tout le monde, ici.Une boutique curieuse pour les curieux\r\nLes illustrations humoristiques fourmillantes de d\u00e9tails invitent le lecteur \u00e0 explorer les rayonnages du magasin : ils sont surcharg\u00e9s de potions bizarres aux \u00e9tiquettes malicieuses. Un r\u00e9gal pour ceux qui aiment d\u00e9couvrir de nouvelles choses \u00e0 chaque lecture !\r\nDes romans pour partager sa lecture\r\nLes \u00ab Roman Milan 7+ \u00bb, des premiers romans pour les 7-9 ans pr\u00eats \u00e0 plonger dans des histoires plus riches ! Avec, en bonus, deux pages pour cr\u00e9er son \u00ab carnet de lecture \u00bb gr\u00e2ce \u00e0 des rubriques\u00a0li\u00e9es aux th\u00e8mes du roman.","authors":["Magdalena Halonen","Teemu Juhani Karttunen","Johanna Kuningas"],"category_codes":["2000000","2040000","2040200"],"visuals":{"large":"https:\/\/images.epagine.fr\/069\/9782408054069_1_75.jpg","medium":"https:\/\/images.epagine.fr\/069\/9782408054069_1_m.jpg","thumbnail":"https:\/\/images.epagine.fr\/069\/9782408054069_1_v.jpg"},"orderable":true,"show_badge":true,"formatted_price":"7,50&nbsp;\u20ac","formatted_published_date":"1er octobre 2025","publisher_availability_label":"Sur commande","short_details":"Magdalena Halonen, Teemu Juhani Karttunen, Johanna Kuningas \u2014 Milan","translator":"JOHANNA KUNINGAS","weight":166,"page_count":64,"readership":"\u00e0 partir de 7 ANS","editor":"Milan","price":750,"published_date":"2025-09-30T22:00:00.000000Z","support":"Grand format","publisher_availability":1,"stock":0,"editions":[],"url":"https:\/\/quaidesbrumes.com\/ouvrage\/9782408054069\/la-petite-boutique-des-cauchemars-tome-1-la-poudre-a-chatouilles"},{"id":"9791036357053","title":"L'Histoire du monde en BD : De la pr\u00e9histoire \u00e0 nos jours","description":"Cet ouvrage retrace l'histoire des hommes \u00e0 travers le monde, par le biais de la bande dessin\u00e9e. \r\nIl est divis\u00e9 en sept parties, correspondant aux grandes p\u00e9riodes historiques :\r\nPr\u00e9histoire, Antiquit\u00e9, Moyen \u00c2ge, Renaissance, Temps modernes, XIXe si\u00e8cle, Du XXe si\u00e8cle \u00e0 nos jours.\r\nChaque bande dessin\u00e9e est compl\u00e9t\u00e9e par des pages documentaires.","authors":["Collectif"],"category_codes":["2000000","2070000","2070200"],"visuals":{"large":"https:\/\/images.epagine.fr\/053\/9791036357053_1_75.jpg","medium":"https:\/\/images.epagine.fr\/053\/9791036357053_1_m.jpg","thumbnail":"https:\/\/images.epagine.fr\/053\/9791036357053_1_v.jpg"},"orderable":true,"show_badge":false,"formatted_price":"25,90&nbsp;\u20ac","formatted_published_date":"17 janvier 2024","publisher_availability_label":"Sur commande","short_details":"Collectif \u2014 Bayard Jeunesse","translator":null,"weight":1572,"page_count":424,"readership":"\u00e0 partir de 8 ANS","editor":"Bayard Jeunesse","price":2590,"published_date":"2024-01-16T23:00:00.000000Z","support":"Grand format","publisher_availability":1,"stock":1,"editions":[],"url":"https:\/\/quaidesbrumes.com\/ouvrage\/9791036357053\/lhistoire-du-monde-en-bd-de-la-prehistoire-a-nos-jours"},{"id":"9782493290762","title":"Petites loutres","description":"Petite Loutre poursuit sa soeur le long de la rivi\u00e8re. Mais la grande est trop rapide... Hop, elle se jette \u00e0 l'eau. Petite loutre plonge aussi. Mais que c'est dur ! \" Regarde, Petite Loutre ! Voil\u00e0 un bon gouter ! \" \" Si tu veux, demain, je t'apprendrai \u00e0 nager ! \"","authors":["Julie Lardon","Fabienne Cinquin"],"category_codes":["2000000","2020000","2020400"],"visuals":{"large":"https:\/\/images.epagine.fr\/762\/9782493290762_1_75.jpg","medium":"https:\/\/images.epagine.fr\/762\/9782493290762_1_m.jpg","thumbnail":"https:\/\/images.epagine.fr\/762\/9782493290762_1_v.jpg"},"orderable":true,"show_badge":true,"formatted_price":"10,00&nbsp;\u20ac","formatted_published_date":"28 ao\u00fbt 2025","publisher_availability_label":"Sur commande","short_details":"Julie Lardon, Fabienne Cinquin \u2014 La Poule qui pond \u00c9dition","translator":null,"weight":182,"page_count":18,"readership":"0\/3 ans","editor":"La Poule qui pond \u00c9dition","price":1000,"published_date":"2025-08-27T22:00:00.000000Z","support":"Grand format","publisher_availability":1,"stock":0,"editions":[],"url":"https:\/\/quaidesbrumes.com\/ouvrage\/9782493290762\/petites-loutres"},{"id":"9782383224310","title":"La jolie jupe de No\u00e9","description":"L'histoire pleine d'amour et de joie d'un petit gar\u00e7on qui a envie de porter une jupe mais qui a peur du regard des autres.\r\n\"Quand No\u00e9 enfile une jupe, il se sent tout... VIREVOLTANT ! Il se sent vraiment... FABULEUX ! Il se sent juste... LUI-M\u00caME !\r\nMais qu'en diront les autres ?\r\nUne histoire pleine d'amour pour oser \u00eatre la meilleure et la plus scintillante version de soi-m\u00eame.\"","authors":["Lucy Fleming"],"category_codes":["2000000","2030000","2030400"],"visuals":{"large":"https:\/\/images.epagine.fr\/310\/9782383224310_1_75.jpg","medium":"https:\/\/images.epagine.fr\/310\/9782383224310_1_m.jpg","thumbnail":"https:\/\/images.epagine.fr\/310\/9782383224310_1_v.jpg"},"orderable":true,"show_badge":true,"formatted_price":"14,95&nbsp;\u20ac","formatted_published_date":"21 ao\u00fbt 2025","publisher_availability_label":"Sur commande","short_details":"Lucy Fleming \u2014 \u00c9ditions Kimane","translator":null,"weight":408,"page_count":32,"readership":"3\/6 ans","editor":"\u00c9ditions Kimane","price":1495,"published_date":"2025-08-20T22:00:00.000000Z","support":"Grand format","publisher_availability":1,"stock":0,"editions":[],"url":"https:\/\/quaidesbrumes.com\/ouvrage\/9782383224310\/la-jolie-jupe-de-noe"},{"id":"9782408052447","title":"Mon recueil de comptines pour jeux de doigts","description":"Chantez, mimez, dansez sur les plus c\u00e9l\u00e8bres comptines de jeux de doigts. \r\nAvec ce grand livre sonore au bo\u00eetier solide et aux puces faciles \u00e0 d\u00e9clencher, le tout-petit se charge de la playlist musicale !\r\n\r\nUn \u00e9veil en musique \r\n\u00ab Toc toc toc, tortue \u00bb, \u00ab Tourne tourne, petit moulin \u00bb, \u00ab Savez-vous planter les choux ? \u00bb, \u00ab Ainsi font font font... \u00bb, \u00ab T\u00eate, \u00e9paules, genoux et pieds \u00bb... ce sont en tout 20 comptines incontournables \u00e0 mimer qui invitent b\u00e9b\u00e9 \u00e0 jouer avec son corps et \u00e0 d\u00e9velopper sa motricit\u00e9, tout en musique.\r\n\r\nUne fabrication soign\u00e9e et ludique pour une lecture en toute autonomie\r\nUn livre grand format \u00e0 la fabrication solide. Le bo\u00eetier offre 20 puces de 20 secondes en plastique mou, facile \u00e0 d\u00e9clencher par le b\u00e9b\u00e9. Gr\u00e2ce \u00e0 ce bo\u00eetier sonore fix\u00e9 sur le livre, la lecture de l'illustration et l'\u00e9coute des sons sont simultan\u00e9es. Un concept simple et ludique qui constitue un premier pas vers l'autonomie de lecture, avec des piles AAA longue dur\u00e9e.","authors":["Marie Bretin","Amy Blay","Sophie Bouxom","Kiko"],"category_codes":["2000000","2020000","2020200"],"visuals":{"large":"https:\/\/images.epagine.fr\/447\/9782408052447_1_75.jpg","medium":"https:\/\/images.epagine.fr\/447\/9782408052447_1_m.jpg","thumbnail":"https:\/\/images.epagine.fr\/447\/9782408052447_1_v.jpg"},"orderable":true,"show_badge":true,"formatted_price":"20,90&nbsp;\u20ac","formatted_published_date":"16 octobre 2024","publisher_availability_label":"Sur commande","short_details":"Marie Bretin, Amy Blay, Sophie Bouxom, Kiko \u2014 Milan","translator":null,"weight":700,"page_count":40,"readership":"\u00e0 partir de 1 AN","editor":"Milan","price":2090,"published_date":"2024-10-15T22:00:00.000000Z","support":"Grand format","publisher_availability":1,"stock":0,"editions":[],"url":"https:\/\/quaidesbrumes.com\/ouvrage\/9782408052447\/mon-recueil-de-comptines-pour-jeux-de-doigts"},{"id":"9782203293427","title":"Mon imagier \u00e0 jouer : Les v\u00eatements","description":"Un imagier pour apprendre 60 mots en s'amusant\u00a0! Un imagier \u00e0 jouer, pour d\u00e9couvrir tous les diff\u00e9rents v\u00eatements du quotidien, pr\u00e9sent\u00e9s par saison. 60 mots sont r\u00e9partis en 5 sc\u00e8nes de Cherche et Trouve\u00a0:\u00a0les mots sur les rabats sont \u00e0 retrouver dans la grande sc\u00e8ne centrale de chaque double page. De quoi enrichir le vocabulaire des enfants et participer \u00e0 leurs premiers apprentissages, gr\u00e2ce au jeu. Une belle fabrication\u00a0:\u00a0couverture toute douce, coins ronds et format \u00e9l\u00e9gant.","authors":["Adeline Ruel"],"category_codes":["2000000","2020000","2020500"],"visuals":{"large":"https:\/\/images.epagine.fr\/427\/9782203293427_1_75.jpg","medium":"https:\/\/images.epagine.fr\/427\/9782203293427_1_m.jpg","thumbnail":"https:\/\/images.epagine.fr\/427\/9782203293427_1_v.jpg"},"orderable":true,"show_badge":true,"formatted_price":"9,90&nbsp;\u20ac","formatted_published_date":"15 octobre 2025","publisher_availability_label":"Sur commande","short_details":"Adeline Ruel \u2014 Casterman","translator":null,"weight":340,"page_count":10,"readership":"\u00e0 partir de 2 ANS","editor":"Casterman","price":990,"published_date":"2025-10-14T22:00:00.000000Z","support":"Grand format","publisher_availability":1,"stock":0,"editions":[],"url":"https:\/\/quaidesbrumes.com\/ouvrage\/9782203293427\/mon-imagier-a-jouer-les-vetements"},{"id":"9791036314018","title":"Petit Ours Brun mange la galette des rois","description":"Petit Ours Brun et Petit Ours Gris vont manger la galette des Rois.\r\nPetit Ours Brun a distribu\u00e9 les parts.\r\nQui aura la f\u00e8ve ?","authors":["Marie Aubinais","Dani\u00e8le Bour"],"category_codes":["2000000","2020000","2020400"],"visuals":{"large":"https:\/\/images.epagine.fr\/018\/9791036314018_1_75.jpg","medium":"https:\/\/images.epagine.fr\/018\/9791036314018_1_m.jpg","thumbnail":"https:\/\/images.epagine.fr\/018\/9791036314018_1_v.jpg"},"orderable":true,"show_badge":true,"formatted_price":"5,80&nbsp;\u20ac","formatted_published_date":"13 novembre 2019","publisher_availability_label":"Sur commande","short_details":"Marie Aubinais, Dani\u00e8le Bour \u2014 Bayard Jeunesse","translator":null,"weight":178,"page_count":18,"readership":"0\/3 ans","editor":"Bayard Jeunesse","price":580,"published_date":"2019-11-12T23:00:00.000000Z","support":"Poche","publisher_availability":1,"stock":0,"editions":[],"url":"https:\/\/quaidesbrumes.com\/ouvrage\/9791036314018\/petit-ours-brun-mange-la-galette-des-rois"},{"id":"9782017294849","title":"Pleine nuit","description":"Cette nuit, une \u00e9trange c\u00e9r\u00e9monie va commencer.Connaissez-vous la nuit de l'Ourse ?Entour\u00e9e de lucioles, l'esprit de l'Ourse rend visite \u00e0 ses vieux amis, tous se sont r\u00e9unis pour la saluer.  Le premier album d'Antoine Guillopp\u00e9 m\u00ealant deux fers \u00e0 dorer : or et argent.Une rencontre inattendue, une promenade po\u00e9tique sous la nuit \u00e9toil\u00e9e.","authors":["Antoine Guillopp\u00e9"],"category_codes":["2000000","2020000","2020200"],"visuals":{"large":"https:\/\/images.epagine.fr\/849\/9782017294849_1_75.jpg","medium":"https:\/\/images.epagine.fr\/849\/9782017294849_1_m.jpg","thumbnail":"https:\/\/images.epagine.fr\/849\/9782017294849_1_v.jpg"},"orderable":true,"show_badge":true,"formatted_price":"22,95&nbsp;\u20ac","formatted_published_date":"6 novembre 2024","publisher_availability_label":"Sur commande","short_details":"Antoine Guillopp\u00e9 \u2014 Gautier Languereau","translator":null,"weight":735,"page_count":40,"readership":"0\/3 ans","editor":"Gautier Languereau","price":2295,"published_date":"2024-11-05T23:00:00.000000Z","support":"Grand format","publisher_availability":1,"stock":0,"editions":[],"url":"https:\/\/quaidesbrumes.com\/ouvrage\/9782017294849\/pleine-nuit"},{"id":"9782355048043","title":"Quelle pomme es-tu pour rire des poires ?","description":"Entre peintures plus vraies que nature et bouch\u00e9es po\u00e9tiques, d\u00e9couvrez les poires comme vous ne les avez jamais savour\u00e9es.","authors":["Alain Serres","Martin Jarrie"],"category_codes":["2000000","2030000","2030400"],"visuals":{"large":"https:\/\/images.epagine.fr\/043\/9782355048043_1_75.jpg","medium":"https:\/\/images.epagine.fr\/043\/9782355048043_1_m.jpg","thumbnail":"https:\/\/images.epagine.fr\/043\/9782355048043_1_v.jpg"},"orderable":true,"show_badge":true,"formatted_price":"15,00&nbsp;\u20ac","formatted_published_date":"24 octobre 2025","publisher_availability_label":"Sur commande","short_details":"Alain Serres, Martin Jarrie \u2014 Rue du monde","translator":null,"weight":176,"page_count":64,"readership":"3\/6 ans","editor":"Rue du monde","price":1500,"published_date":"2025-10-23T22:00:00.000000Z","support":"Grand format","publisher_availability":1,"stock":0,"editions":[],"url":"https:\/\/quaidesbrumes.com\/ouvrage\/9782355048043\/quelle-pomme-es-tu-pour-rire-des-poires"},{"id":"9781836066484","title":"Ma petite collection J'habille mes amies : Les f\u00e9es danseuses","description":"Un livre avec plus de 175 autocollants pour habiller les petites f\u00e9es et d\u00e9corer les sc\u00e8nes.\r\nLes f\u00e9es dansent avec des cygnes, au dans un jardin de roses, parmi les papillons ou les flocons de neige et bien plus encore . Avec plus de 175 autocollants, les enfants passeront des heures \u00e0 habiller les personnages et \u00e0 d\u00e9corer les sc\u00e8nes f\u00e9\u00e9riques.","authors":["Fiona Watt","Lizzie Mackay","Veronique Duran"],"category_codes":["2000000","2080000","2080200"],"visuals":{"large":"https:\/\/images.epagine.fr\/484\/9781836066484_1_75.jpg","medium":"https:\/\/images.epagine.fr\/484\/9781836066484_1_m.jpg","thumbnail":"https:\/\/images.epagine.fr\/484\/9781836066484_1_v.jpg"},"orderable":true,"show_badge":true,"formatted_price":"6,95&nbsp;\u20ac","formatted_published_date":"6 novembre 2025","publisher_availability_label":"Sur commande","short_details":"Fiona Watt, Lizzie Mackay, Veronique Duran \u2014 Usborne","translator":"VERONIQUE DURAN","weight":160,"page_count":24,"readership":"\u00e0 partir de 4 ANS","editor":"Usborne","price":695,"published_date":"2025-11-05T23:00:00.000000Z","support":"Papeterie \/ Coloriage","publisher_availability":1,"stock":0,"editions":[],"url":"https:\/\/quaidesbrumes.com\/ouvrage\/9781836066484\/ma-petite-collection-jhabille-mes-amies-les-fees-danseuses"},{"id":"9782075102193","title":"Jasmine, l'apprentie v\u00e9t\u00e9rinaire Tome 2 : Un chiot nomm\u00e9 Star","description":"Pr\u00e8s de la ferme de ses parents, Jasmine a trouv\u00e9 un chiot abandonn\u00e9, blotti sous une haie. Le petit animal a \u00e9t\u00e9 maltrait\u00e9 et il va falloir toute la patience et les soins de Jasmine et de son ami Tom pour le remettre sur pied. Malgr\u00e9 leurs efforts, Star sera-t-elle capable de faire \u00e0 nouveau confiance aux humains ?","authors":["Helen Peters","Ellie Snowdon","Vanessa Rubio-Barreau"],"category_codes":["2000000","2040000","2040500"],"visuals":{"large":"https:\/\/images.epagine.fr\/193\/9782075102193_1_75.jpg","medium":"https:\/\/images.epagine.fr\/193\/9782075102193_1_m.jpg","thumbnail":"https:\/\/images.epagine.fr\/193\/9782075102193_1_v.jpg"},"orderable":true,"show_badge":true,"formatted_price":"7,90&nbsp;\u20ac","formatted_published_date":"7 juin 2018","publisher_availability_label":"Sur commande","short_details":"Helen Peters, Ellie Snowdon, Vanessa Rubio-Barreau \u2014 Gallimard Jeunesse","translator":"VANESSA RUBIO-BARREAU","weight":153,"page_count":144,"readership":"\u00e0 partir de 8 ANS","editor":"Gallimard Jeunesse","price":790,"published_date":"2018-06-06T22:00:00.000000Z","support":"Poche","publisher_availability":1,"stock":0,"editions":[],"url":"https:\/\/quaidesbrumes.com\/ouvrage\/9782075102193\/jasmine-lapprentie-veterinaire-tome-2-un-chiot-nomme-star"},{"id":"9781836067641","title":"Les robots","description":"Un livre d'autocollants pour rencontrer des dizaines de robots et d\u00e9couvrir leur ville, avec plus de 100 autocollants dont de nombreux brillants.\r\nBienvenue \u00e0 Robot city ! D\u00e9couvre des dizaines de robots qui s'envolent dans les airs, construisent une fus\u00e9e \u00e0 partir de pi\u00e8ces recycl\u00e9es vont se reposer \u00e0 l'atelier de r\u00e9parations.\r\nAvec plus de 100 autocollants \u00e0 placer, dont de nombreux brillants, les enfants passeront des heures \u00e0 d\u00e9corer les sc\u00e8nes en rajoutant des personnages et des objets, et ils pourront m\u00eame construire et personnaliser leur propre robot.","authors":["Alice Beecham","Valeria Danilova","Veronique Duran"],"category_codes":["2000000","2080000","2080200"],"visuals":{"large":"https:\/\/images.epagine.fr\/641\/9781836067641_1_75.jpg","medium":"https:\/\/images.epagine.fr\/641\/9781836067641_1_m.jpg","thumbnail":"https:\/\/images.epagine.fr\/641\/9781836067641_1_v.jpg"},"orderable":true,"show_badge":true,"formatted_price":"0,00&nbsp;\u20ac","formatted_published_date":"15 janvier 2026","publisher_availability_label":"Sur commande","short_details":"Alice Beecham, Valeria Danilova, Veronique Duran \u2014 Usborne","translator":"VERONIQUE DURAN","weight":178,"page_count":16,"readership":"\u00e0 partir de 3 ANS","editor":"Usborne","price":0,"published_date":"2026-01-14T23:00:00.000000Z","support":"Papeterie \/ Coloriage","publisher_availability":1,"stock":0,"editions":[],"url":"https:\/\/quaidesbrumes.com\/ouvrage\/9781836067641\/les-robots"},{"id":"9782036078130","title":"Dis-moi : C'\u00e9tait quand d\u00e9j\u00e0 ?","description":"212 questions sur les sciences et les inventions, r\u00e9parties en 4 th\u00e8mes, s\u00e9par\u00e9es par des intercalaires\u00a0 : Les personnages et monuments, l'Histoire et la science, la culture et le sport, la vie quotidienne.\r\nChaque question-r\u00e9ponse est illustr\u00e9e par un dessin amusant, le tout dans une maquette ludique, parfaitement adapt\u00e9e aux 6\/8 ans.\r\nUn collectif de 4 illustrateur.rice.s, permettant de donner une identit\u00e9 particuli\u00e8re \u00e0 chacun des 4 th\u00e8mes.\r\nUn objet-livre original avec une reliure spirale, des intercalaires et une fermeture amusante, qui rendent cet ouvrage tr\u00e8s agr\u00e9able \u00e0 utiliser et \u00e0 prendre en main, aussi bien pour les enfants que pour les parents\u00a0 !","authors":["G\u00e9raldine Maincent"],"category_codes":["2000000","2070000","2070400"],"visuals":{"large":"https:\/\/images.epagine.fr\/130\/9782036078130_1_75.jpg","medium":"https:\/\/images.epagine.fr\/130\/9782036078130_1_m.jpg","thumbnail":"https:\/\/images.epagine.fr\/130\/9782036078130_1_v.jpg"},"orderable":true,"show_badge":true,"formatted_price":"16,99&nbsp;\u20ac","formatted_published_date":"3 septembre 2025","publisher_availability_label":"Sur commande","short_details":"G\u00e9raldine Maincent \u2014 Larousse","translator":null,"weight":680,"page_count":112,"readership":"\u00e0 partir de 6 ANS","editor":"Larousse","price":1699,"published_date":"2025-09-02T22:00:00.000000Z","support":"Grand format","publisher_availability":1,"stock":0,"editions":[],"url":"https:\/\/quaidesbrumes.com\/ouvrage\/9782036078130\/dis-moi-cetait-quand-deja"}]}