{"data":[{"id":"9782492898518","title":"Les plantes aromatiques : Plante, fais pousser et d\u00e9guste du basilic vert et pourpre !","description":"De la graine \u00e0 l'assiette ! L'enfant fabrique son jardin potager et fait pousser du basilic vert et du basilic pourpre. Des fines herbes aux herbes proven\u00e7ales, ces plantes aux go\u00fbts et aux odeurs incroyables n'ont pas fini de le surprendre. Il d\u00e9couvre pourquoi les plantes aromatiques sentent si fort, et comment les utiliser en cuisine.","authors":["Collectif"],"category_codes":["2000000","2060000","2060400","2060402"],"visuals":{"large":"https:\/\/images.epagine.fr\/518\/9782492898518_1_75.jpg","medium":"https:\/\/images.epagine.fr\/518\/9782492898518_1_m.jpg","thumbnail":"https:\/\/images.epagine.fr\/518\/9782492898518_1_v.jpg"},"orderable":true,"show_badge":true,"formatted_price":"0,00&nbsp;\u20ac","formatted_published_date":"9 avril 2025","publisher_availability_label":"Sur commande","short_details":"Collectif \u2014 Pandacraft","translator":null,"weight":350,"page_count":null,"readership":"\u00e0 partir de 8 ANS","editor":"Pandacraft","price":0,"published_date":"2025-04-08T22:00:00.000000Z","support":"Coffret \/ Bo&icirc;te","publisher_availability":1,"stock":0,"editions":[],"url":"https:\/\/quaidesbrumes.com\/ouvrage\/9782492898518\/les-plantes-aromatiques-plante-fais-pousser-et-deguste-du-basilic-vert-et-pourpre"},{"id":"9782080483096","title":"La danse de l'automne","description":"\u00ab C'est une maison au coeur de la for\u00eat. L\u00e0 vit heureuse une famille d'ours\u00a0:\u00a0Papours, Mamourse et leurs quatre petits. Le vent s'est lev\u00e9 et des milliers de feuilles color\u00e9es dansent dans le ciel. - Suivons-les\u00a0! s'exclament les oursons. \u00bb Tendresse et l\u00e9g\u00e8ret\u00e9 pour savourer les joies de l'automne.","authors":["Emilie Zemanel","Mich"],"category_codes":["2000000","2030000","2030400"],"visuals":{"large":"https:\/\/images.epagine.fr\/096\/9782080483096_1_75.jpg","medium":"https:\/\/images.epagine.fr\/096\/9782080483096_1_m.jpg","thumbnail":"https:\/\/images.epagine.fr\/096\/9782080483096_1_v.jpg"},"orderable":true,"show_badge":true,"formatted_price":"5,95&nbsp;\u20ac","formatted_published_date":"3 septembre 2025","publisher_availability_label":"Sur commande","short_details":"Emilie Zemanel, Mich \u2014 P\u00e8re Castor","translator":null,"weight":110,"page_count":32,"readership":"3\/6 ans","editor":"P\u00e8re Castor","price":595,"published_date":"2025-09-02T22:00:00.000000Z","support":"Grand format","publisher_availability":1,"stock":0,"editions":[],"url":"https:\/\/quaidesbrumes.com\/ouvrage\/9782080483096\/la-danse-de-lautomne"},{"id":"9782755679496","title":"Tous champions ! Kylian Mbapp\u00e9 : D'un r\u00eave \u00e0 l'autre","description":"Meilleur buteur de l'histoire du PSG, deuxi\u00e8me joueur \u00e0 marquer un tripl\u00e9 lors d'une finale de coupe du monde (sa deuxi\u00e8me, d\u00e9j\u00e0), Kylian Mbapp\u00e9 est bien d\u00e9cid\u00e9 \u00e0 devenir le plus grand joueur fran\u00e7ais de tous les temps. Apr\u00e8s son transfert tant attendu au Real de Madrid, de nombreux d\u00e9fis lui restent encore \u00e0 relever !","authors":["Fabrice Colin"],"category_codes":["2000000","2040000","2040300"],"visuals":{"large":"https:\/\/images.epagine.fr\/496\/9782755679496_1_75.jpg","medium":"https:\/\/images.epagine.fr\/496\/9782755679496_1_m.jpg","thumbnail":"https:\/\/images.epagine.fr\/496\/9782755679496_1_v.jpg"},"orderable":true,"show_badge":true,"formatted_price":"9,95&nbsp;\u20ac","formatted_published_date":"5 mars 2025","publisher_availability_label":"Sur commande","short_details":"Fabrice Colin \u2014 Hugo Jeunesse","translator":null,"weight":196,"page_count":160,"readership":"\u00e0 partir de 9 ANS","editor":"Hugo Jeunesse","price":995,"published_date":"2025-03-04T23:00:00.000000Z","support":"Grand format","publisher_availability":1,"stock":0,"editions":[],"url":"https:\/\/quaidesbrumes.com\/ouvrage\/9782755679496\/tous-champions-kylian-mbappe-dun-reve-a-lautre"},{"id":"9782215203612","title":"Les ateliers cr\u00e9a' : Cartes \u00e0 gratter : Nature magique","description":"F\u00e9es, papillons, oiseaux et bien d'autres animaux majestueux peuplent cette nature merveilleuse... Il suffit de gratter la surface des 10 cartes avec le stylet en bois fourni pour r\u00e9v\u00e9ler les images secr\u00e8tes qui s'y cachent !","authors":["L\u00e9a Fabre"],"category_codes":["2000000","2060000","2060200"],"visuals":{"large":"https:\/\/images.epagine.fr\/612\/9782215203612_1_75.jpg","medium":"https:\/\/images.epagine.fr\/612\/9782215203612_1_m.jpg","thumbnail":"https:\/\/images.epagine.fr\/612\/9782215203612_1_v.jpg"},"orderable":true,"show_badge":true,"formatted_price":"0,00&nbsp;\u20ac","formatted_published_date":"20 mars 2026","publisher_availability_label":"Sur commande","short_details":"L\u00e9a Fabre \u2014 Fleurus","translator":null,"weight":154,"page_count":10,"readership":null,"editor":"Fleurus","price":0,"published_date":"2026-03-19T23:00:00.000000Z","support":"Papeterie \/ Coloriage","publisher_availability":1,"stock":0,"editions":[],"url":"https:\/\/quaidesbrumes.com\/ouvrage\/9782215203612\/les-ateliers-crea-cartes-a-gratter-nature-magique"},{"id":"9782095024130","title":"Les v\u00e9hicules : mon imagier anim\u00e9","description":"Les premiers imagiers Kididoc ! La collection pr\u00e9f\u00e9r\u00e9e des b\u00e9b\u00e9s !\r\nUn imagier avec 5 animations tr\u00e8s solides con\u00e7ues pour les petites mains afin de d\u00e9couvrir les noms des v\u00e9hicules.\r\nOn actionne la tractopelle.\r\nOn fait avancer la voiture. Vroum !\r\nOn d\u00e9ploie l'\u00e9chelle du camion de pompiers.\r\nOn soul\u00e8ve des pierre avec la grue.\r\nOn fait tourner l'h\u00e9lice de l'h\u00e9licopt\u00e8re.\r\n D\u00e8s 1 an","authors":["Nathalie Choux"],"category_codes":["2000000","2020000","2020500"],"visuals":{"large":"https:\/\/images.epagine.fr\/130\/9782095024130_1_75.jpg","medium":"https:\/\/images.epagine.fr\/130\/9782095024130_1_m.jpg","thumbnail":"https:\/\/images.epagine.fr\/130\/9782095024130_1_v.jpg"},"orderable":true,"show_badge":true,"formatted_price":"8,95&nbsp;\u20ac","formatted_published_date":"5 octobre 2023","publisher_availability_label":"Sur commande","short_details":"Nathalie Choux \u2014 Nathan","translator":null,"weight":320,"page_count":10,"readership":"\u00e0 partir de 1 AN","editor":"Nathan","price":895,"published_date":"2023-10-04T22:00:00.000000Z","support":"Grand format","publisher_availability":1,"stock":0,"editions":[],"url":"https:\/\/quaidesbrumes.com\/ouvrage\/9782095024130\/les-vehicules-mon-imagier-anime"},{"id":"9782017258391","title":"\u00c0 contre-sens Tome 2","description":"Quand Noah a d\u00e9barqu\u00e9 chez moi, ma vie a bascul\u00e9. Cette fille est insaisissable  : tant\u00f4t sensible et sage, tant\u00f4t imp\u00e9rieuse et craquante. Elle a beau \u00eatre capable de me mettre hors de moi, elle m'attire comme un aimant.\r\nAvec elle, rien ne se passe jamais comme pr\u00e9vu.\r\nJe voudrais qu'elle me fasse confiance et donne une chance \u00e0 notre relation, m\u00eame si personne ne la verra d'un bon oeil et malgr\u00e9 ma jalousie, qui n'a jamais \u00e9t\u00e9 aussi forte que depuis que je vois la fille dont je suis fou amoureux profiter de sa libert\u00e9 et des f\u00eates universitaires...\r\nComment parvenir \u00e0 se construire quand tout nous oppose, et que, avec ma col\u00e8re, je risque de tout envoyer valser  ?","authors":["Mercedes Ron","Nathalie N\u00e9d\u00e9lec-Court\u00e8s"],"category_codes":["2000000","2050000","2050200","2050208"],"visuals":{"large":"https:\/\/images.epagine.fr\/391\/9782017258391_1_75.jpg","medium":"https:\/\/images.epagine.fr\/391\/9782017258391_1_m.jpg","thumbnail":"https:\/\/images.epagine.fr\/391\/9782017258391_1_v.jpg"},"orderable":true,"show_badge":true,"formatted_price":"20,00&nbsp;\u20ac","formatted_published_date":"23 octobre 2024","publisher_availability_label":"Sur commande","short_details":"Mercedes Ron, Nathalie N\u00e9d\u00e9lec-Court\u00e8s \u2014 Hachette Romans","translator":"NATHALIE NEDELEC-COURTES","weight":482,"page_count":500,"readership":"\u00e0 partir de 15 ans","editor":"Hachette Romans","price":2000,"published_date":"2024-10-22T22:00:00.000000Z","support":"Grand format","publisher_availability":1,"stock":0,"editions":[],"url":"https:\/\/quaidesbrumes.com\/ouvrage\/9782017258391\/a-contre-sens-tome-2"},{"id":"9782226495969","title":"Les Mikrosaures Tome 1 : Le Secret des dinosaures","description":"Joey croyait tout savoir sur les dinosaures. Ce qui n'est pas tr\u00e8s difficile quand on est fille de conservateur de mus\u00e9e. Mais voil\u00e0 qu'un fossile extraordinaire dispara\u00eet subitement, et que le richissime lord Neville annonce \u00eatre parvenu \u00e0 cr\u00e9er un tout nouveau genre de dinosaures miniatures. Joey le sent, l'homme dissimule un sombre secret. Aid\u00e9e de ses meilleurs amis, elle compte bien d\u00e9couvrir ce qui se cache derri\u00e8re ce projet fou...","authors":["P\u00e9n\u00e9lope Plessis"],"category_codes":["2000000","2040000","2040500"],"visuals":{"large":"https:\/\/images.epagine.fr\/969\/9782226495969_1_75.jpg","medium":"https:\/\/images.epagine.fr\/969\/9782226495969_1_m.jpg","thumbnail":"https:\/\/images.epagine.fr\/969\/9782226495969_1_v.jpg"},"orderable":true,"show_badge":true,"formatted_price":"14,90&nbsp;\u20ac","formatted_published_date":"28 mai 2025","publisher_availability_label":"Sur commande","short_details":"P\u00e9n\u00e9lope Plessis \u2014 Albin Michel","translator":null,"weight":342,"page_count":288,"readership":"\u00e0 partir de 8 ANS","editor":"Albin Michel","price":1490,"published_date":"2025-05-27T22:00:00.000000Z","support":"Grand format","publisher_availability":1,"stock":0,"editions":[],"url":"https:\/\/quaidesbrumes.com\/ouvrage\/9782226495969\/les-mikrosaures-tome-1-le-secret-des-dinosaures"},{"id":"9782408059026","title":"Il \u00e9tait une fois un monde sauvage : Vingt r\u00e9cits o\u00f9 la nature reprend ses droits","description":"Un beau livre de fin d'ann\u00e9e, \u00e0 la couverture scintillante, c\u00e9l\u00e9brant la force de la nature \u00e0 travers vingt r\u00e9cits pr\u00e9sent\u00e9s comme des histoires \u00e0 lire le soir. Des contes bien r\u00e9els favorisant l'action, l'espoir et les r\u00eaves (au sens propre comme au figur\u00e9 !).\u00a0Vers un monde plus sauvage\r\nDe nos jours, beaucoup d'espaces sauvages, ainsi que de nombreuses cr\u00e9atures, sont en danger. Malgr\u00e9 tout, il est essentiel de bien se le rappeler : nous avons de multiples raisons de garder espoir ! Cet ouvrage pr\u00e9sente vingt r\u00e9cits de vrais projets men\u00e9s dans le monde entier, qui s'appliquent \u00e0 \u00ab r\u00e9ensauvager la plan\u00e8te \u00bb de diverses mani\u00e8res. Mais qu'entend-on exactement par \u00ab r\u00e9ensauvagement \u00bb ? Il s'agit d'essayer de r\u00e9parer les d\u00e9g\u00e2ts, de ramener la vie sauvage aux endroits o\u00f9 elle prosp\u00e9rait auparavant. Parfois, cela implique de mettre la main \u00e0 la p\u00e2te pour faire revenir les v\u00e9g\u00e9taux et les animaux dans une zone en particulier ; d'autres fois, il vaut mieux se mettre en retrait pour permettre \u00e0 la nature de se gu\u00e9rir par elle-m\u00eame.Un voyage inspirant\r\nCes diff\u00e9rentes histoires font voyager le lecteur autour du monde en lui permettant de d\u00e9couvrir le travail accompli pour aider la nature \u00e0 se r\u00e9g\u00e9n\u00e9rer. Des petites fermes anglaises aux vastes prairies am\u00e9ricaines, des for\u00eats de bambou chinoises \u00e0 la savane africaine, \u00e0 la rencontre d'animaux \u00e9poustouflants et de personnes extraordinaires. Peut-\u00eatre que certains trouveront de l'inspiration dans ces contes (r\u00e9els !) - tout comme dans la r\u00e9silience de la vie sauvage et dans le remarquable d\u00e9vouement de ceux qui tentent de rattraper les erreurs du pass\u00e9... Pourvu que ces r\u00e9cits nous donnent \u00e0 toutes et \u00e0 tous de l'espoir pour l'avenir !Sensibiliser en faisant r\u00eaver\r\nLoin de l'\u00e9coanxi\u00e9t\u00e9, le sujet est trait\u00e9 avec l\u00e9g\u00e8ret\u00e9, po\u00e9sie et optimisme, pour sensibiliser tout en faisant r\u00eaver. Entraide, espoir, d\u00e9termination et action sont inscrits en filigrane derri\u00e8re chaque histoire. Les sublimes illustrations \u00e0 l'aquarelle d'Ella Beech parcourent les doubles pages, magnifiant paysages et animaux m\u00e9connus, pour un voyage autour du monde tout en douceur, empreint de lyrisme.","authors":["Emily Hawkins","Ella Beech","Laurence Gravier"],"category_codes":["2000000","2070000","2070300"],"visuals":{"large":"https:\/\/images.epagine.fr\/026\/9782408059026_1_75.jpg","medium":"https:\/\/images.epagine.fr\/026\/9782408059026_1_m.jpg","thumbnail":"https:\/\/images.epagine.fr\/026\/9782408059026_1_v.jpg"},"orderable":true,"show_badge":true,"formatted_price":"16,50&nbsp;\u20ac","formatted_published_date":"8 octobre 2025","publisher_availability_label":"Sur commande","short_details":"Emily Hawkins, Ella Beech, Laurence Gravier \u2014 Milan","translator":"LAURENCE GRAVIER","weight":710,"page_count":96,"readership":"\u00e0 partir de 8 ANS","editor":"Milan","price":1650,"published_date":"2025-10-07T22:00:00.000000Z","support":"Grand format","publisher_availability":1,"stock":0,"editions":[],"url":"https:\/\/quaidesbrumes.com\/ouvrage\/9782408059026\/il-etait-une-fois-un-monde-sauvage-vingt-recits-ou-la-nature-reprend-ses-droits"},{"id":"9782017089612","title":"Gaston la licorne : les \u00e9motions de Gaston : je boude","description":"Gaston est une petite licorne diff\u00e9rente des autres.\r\nIl a une particularit\u00e9 : sa crini\u00e8re porte les couleurs de l'arc-en-ciel lorsqu'il va bien, mais d\u00e8s qu'une \u00e9motion forte le submerge, sa crini\u00e8re et sa queue changent de couleur selon son humeur : la tristesse, la col\u00e8re ou encore la joie par exemple.  \r\n\r\nUne s\u00e9rie d'albums \u00e9crite et illustr\u00e9e par Aur\u00e9lie Chien Chow Chine, sophrologue pour les adultes et les enfants. Elle exerce notamment dans les \u00e9coles maternelles.\r\nUne \u00e9motion par album. Dans celui-ci : le m\u00e9contentement.\r\n\u00c0 la fin de chaque histoire : des petits gestes magiques (petits exercices tr\u00e8s simples) pour aider l'enfant \u00e0 g\u00e9rer ses \u00e9motions.","authors":["Aur\u00e9lie Chien Chow Chine"],"category_codes":["2000000","2070000","2070700"],"visuals":{"large":"https:\/\/images.epagine.fr\/612\/9782017089612_1_75.jpg","medium":"https:\/\/images.epagine.fr\/612\/9782017089612_1_m.jpg","thumbnail":"https:\/\/images.epagine.fr\/612\/9782017089612_1_v.jpg"},"orderable":true,"show_badge":true,"formatted_price":"6,95&nbsp;\u20ac","formatted_published_date":"2 mai 2019","publisher_availability_label":"Sur commande","short_details":"Aur\u00e9lie Chien Chow Chine \u2014 Hachette Enfants","translator":null,"weight":155,"page_count":32,"readership":"0\/3 ans","editor":"Hachette Enfants","price":695,"published_date":"2019-05-01T22:00:00.000000Z","support":"Grand format","publisher_availability":1,"stock":0,"editions":[],"url":"https:\/\/quaidesbrumes.com\/ouvrage\/9782017089612\/gaston-la-licorne-les-emotions-de-gaston-je-boude"},{"id":"9782215201410","title":"La ferme","description":"De belles photos, des illustrations et des informations pour d\u00e9couvrir le monde en s'amusant !\r\n\r\nEt de petites questions pour amuser les petits curieux.\r\n\r\nDans la cour de la ferme, dans la mare, dans le poulailler, dans le pr\u00e9, dans le champ, dans le potager, dans le verger, dans l'\u00e9table.","authors":["Camille Ferrari"],"category_codes":["2000000","2020000","2020300"],"visuals":{"large":"https:\/\/images.epagine.fr\/410\/9782215201410_1_75.jpg","medium":"https:\/\/images.epagine.fr\/410\/9782215201410_1_m.jpg","thumbnail":"https:\/\/images.epagine.fr\/410\/9782215201410_1_v.jpg"},"orderable":true,"show_badge":true,"formatted_price":"9,95&nbsp;\u20ac","formatted_published_date":"13 mars 2026","publisher_availability_label":"Sur commande","short_details":"Camille Ferrari \u2014 Fleurus","translator":null,"weight":274,"page_count":24,"readership":"0\/3 ans","editor":"Fleurus","price":995,"published_date":"2026-03-12T23:00:00.000000Z","support":"Grand format","publisher_availability":1,"stock":0,"editions":[],"url":"https:\/\/quaidesbrumes.com\/ouvrage\/9782215201410\/la-ferme"},{"id":"9791040807247","title":"L\u00e9opold, Chien de divan","description":"L\u00e9opold s'ennuie. Lui qui aurait aim\u00e9 \u00eatre guide d'aveugle ou chien policier, tirer des tra\u00eeneaux et sauver des gens en montagne, il est tomb\u00e9 sur un auteur de BD qui vit coll\u00e9 \u00e0 sa table \u00e0 dessin. Alors il r\u00eave d'aventure, vautr\u00e9 sur le canap\u00e9... Sauf le jeudi. Le jeudi, son ma\u00eetre va manger chez sa m\u00e8re et passe au centre commercial lui acheter un magnet. L\u00e9opold adore fl\u00e2ner en attendant et r\u00eaver de se faire adopter. Mais un beau jour, plus de ma\u00eetre ! L\u00e9opold s'affole... L'aurait-il oubli\u00e9 ?","authors":["Davide Cal\u00ec","Camille Jourdy"],"category_codes":["2000000","2030000","2030400"],"visuals":{"large":"https:\/\/images.epagine.fr\/247\/9791040807247_1_75.jpg","medium":"https:\/\/images.epagine.fr\/247\/9791040807247_1_m.jpg","thumbnail":"https:\/\/images.epagine.fr\/247\/9791040807247_1_v.jpg"},"orderable":true,"show_badge":true,"formatted_price":"6,50&nbsp;\u20ac","formatted_published_date":"2 janvier 2025","publisher_availability_label":"Sur commande","short_details":"Davide Cal\u00ec, Camille Jourdy \u2014 Sarbacane","translator":null,"weight":94,"page_count":32,"readership":"3\/6 ans","editor":"Sarbacane","price":650,"published_date":"2025-01-01T23:00:00.000000Z","support":"Grand format","publisher_availability":1,"stock":0,"editions":[],"url":"https:\/\/quaidesbrumes.com\/ouvrage\/9791040807247\/leopold-chien-de-divan"},{"id":"9782017213543","title":"Sherlock, Lupin & moi Tome 7 : l'\u00e9nigme du cobra royal","description":"Ir\u00e8ne rentre \u00e0 Londres avec son p\u00e8re, o\u00f9 elle retrouve avec joie Sherlock et Ars\u00e8ne. Mais un \u00e9v\u00e9nement vient aussit\u00f4t perturber les retrouvailles : Horatio, le majordome de la famille Adler, a disparu ! Plus \u00e9trange encore, il a laiss\u00e9 une note avec quelques mots griffonn\u00e9s. Convaincue que quelque chose se trame et que la note peut \u00eatre un indice, Ir\u00e8ne en appelle \u00e0 l'aide de ses amis pour enqu\u00eater. Les trois amis se trouvent alors confront\u00e9s \u00e0 une v\u00e9ritable \u00e9nigme, qui les plongera dans l'histoire des colonies britanniques en Inde.","authors":["Irene Adler","B\u00e9atrice Didiot"],"category_codes":["2000000","2040000","2040500","2040506"],"visuals":{"large":"https:\/\/images.epagine.fr\/543\/9782017213543_1_75.jpg","medium":"https:\/\/images.epagine.fr\/543\/9782017213543_1_m.jpg","thumbnail":"https:\/\/images.epagine.fr\/543\/9782017213543_1_v.jpg"},"orderable":true,"show_badge":true,"formatted_price":"6,90&nbsp;\u20ac","formatted_published_date":"8 f\u00e9vrier 2023","publisher_availability_label":"Sur commande","short_details":"Irene Adler, B\u00e9atrice Didiot \u2014 Le Livre de Poche Jeunesse","translator":"BEATRICE DIDIOT","weight":166,"page_count":256,"readership":"\u00e0 partir de 10 ANS","editor":"Le Livre de Poche Jeunesse","price":690,"published_date":"2023-02-07T23:00:00.000000Z","support":"Poche","publisher_availability":1,"stock":0,"editions":["9782226443151"],"url":"https:\/\/quaidesbrumes.com\/ouvrage\/9782017213543\/sherlock-lupin-moi-tome-7-lenigme-du-cobra-royal"},{"id":"9782330196622","title":"Barbe Belle et autres contes pour toutes et tous","description":"Il \u00e9tait une fois... sept contes de f\u00e9es adapt\u00e9s \u00e0 notre \u00e9poque, pour parents et enfants aspirant \u00e0 un monde meilleur, \u00e0 une soci\u00e9t\u00e9 plus ouverte, \u00e9galitaire et inclusive. br \/ Engag\u00e9s, inspir\u00e9s et r\u00e9\u00e9crits avec humour, ces contes sont aussi sublim\u00e9s par des frises et illustrations, \u00e0 la mani\u00e8re denluminures mais joyeusement actuelles.","authors":["Adley","H\u00e9l\u00e8ne Combis"],"category_codes":["2000000","2040000","2040400"],"visuals":{"large":"https:\/\/images.epagine.fr\/622\/9782330196622_1_75.jpg","medium":"https:\/\/images.epagine.fr\/622\/9782330196622_1_m.jpg","thumbnail":"https:\/\/images.epagine.fr\/622\/9782330196622_1_v.jpg"},"orderable":true,"show_badge":false,"formatted_price":"19,90&nbsp;\u20ac","formatted_published_date":"9 octobre 2024","publisher_availability_label":"Sur commande","short_details":"Adley, H\u00e9l\u00e8ne Combis \u2014 H\u00e9lium \u00c9ditions","translator":null,"weight":468,"page_count":144,"readership":"\u00e0 partir de 9 ANS","editor":"H\u00e9lium \u00c9ditions","price":1990,"published_date":"2024-10-08T22:00:00.000000Z","support":"Grand format","publisher_availability":1,"stock":1,"editions":[],"url":"https:\/\/quaidesbrumes.com\/ouvrage\/9782330196622\/barbe-belle-et-autres-contes-pour-toutes-et-tous"},{"id":"9782075194228","title":"Insectes autour de nous","description":"Pr\u00e9sentation documentaire et po\u00e9tique des sp\u00e9cificit\u00e9s de 37 insectes, de l'abeille au gendarme en passant par la mouche, le moustique, la sauterelle, le doryphore ou le ver luisant.","authors":["Emmanuelle K\u00e9cir-Lepetit","L\u00e9a Maupetit"],"category_codes":["2000000","2070000","2070300"],"visuals":{"large":"https:\/\/images.epagine.fr\/228\/9782075194228_1_75.jpg","medium":"https:\/\/images.epagine.fr\/228\/9782075194228_1_m.jpg","thumbnail":"https:\/\/images.epagine.fr\/228\/9782075194228_1_v.jpg"},"orderable":true,"show_badge":false,"formatted_price":"16,90&nbsp;\u20ac","formatted_published_date":"18 avril 2024","publisher_availability_label":"Sur commande","short_details":"Emmanuelle K\u00e9cir-Lepetit, L\u00e9a Maupetit \u2014 Gallimard Jeunesse","translator":null,"weight":344,"page_count":96,"readership":"\u00e0 partir de 7 ANS","editor":"Gallimard Jeunesse","price":1690,"published_date":"2024-04-17T22:00:00.000000Z","support":"Grand format","publisher_availability":1,"stock":1,"editions":[],"url":"https:\/\/quaidesbrumes.com\/ouvrage\/9782075194228\/insectes-autour-de-nous"},{"id":"9782075202558","title":"La vie selon C\u00e9la","description":"\u00c0 quoi servent les gens?\r\nTelle est la question que se pose C\u00e9l\u00e0 Ella Fleurd\u00e9pine. \u00c0 devenir c\u00e9l\u00e8bre, selon sa m\u00e8re, Mme la maire de Valfoly. \u00c0 gagner de l'argent, selon son p\u00e8re, tr\u00e9sorier municipal. Accompagn\u00e9e d'un blaireau caract\u00e9riel, d'un gar\u00e7on qui ne quitte pas sa combinaison de protection et de biblioth\u00e9caires inspirants, C\u00e9la part en qu\u00eate de la meilleure r\u00e9ponse possible, d\u00e9clenchant une folle r\u00e9action en cha\u00eene qui mettra la ville sens dessus dessous.","authors":["Sara Pennypacker","Faustina Fiore"],"category_codes":["2000000","2040000","2040500"],"visuals":{"large":"https:\/\/images.epagine.fr\/558\/9782075202558_1_75.jpg","medium":"https:\/\/images.epagine.fr\/558\/9782075202558_1_m.jpg","thumbnail":"https:\/\/images.epagine.fr\/558\/9782075202558_1_v.jpg"},"orderable":true,"show_badge":false,"formatted_price":"17,50&nbsp;\u20ac","formatted_published_date":"25 avril 2024","publisher_availability_label":"Sur commande","short_details":"Sara Pennypacker, Faustina Fiore \u2014 Gallimard Jeunesse","translator":"FAUSTINA FIORE","weight":410,"page_count":336,"readership":"\u00e0 partir de 10 ANS","editor":"Gallimard Jeunesse","price":1750,"published_date":"2024-04-24T22:00:00.000000Z","support":"Grand format","publisher_availability":1,"stock":1,"editions":[],"url":"https:\/\/quaidesbrumes.com\/ouvrage\/9782075202558\/la-vie-selon-cela"},{"id":"9782070650187","title":"Le th\u00e9\u00e2tre du poulailler Tome 1","description":"Depuis qu'Hannah a perdu sa m\u00e8re, son p\u00e8re fait de son mieux pour s'occuper de la famille. Mais leur ferme est en danger... Hannah garde le moral gr\u00e2ce \u00e0 un projet fou : monter, avec son amie Lottie, une pi\u00e8ce qu'elle a \u00e9crite elle-m\u00eame pour gagner un concours! Et elle peut compter sur la d\u00e9brouillardise de ses fr\u00e8re et surs : la joyeuse petite troupe va se battre, car leur passion pour le th\u00e9\u00e2tre pourrait bien sauver la maison et leurs chers animaux!\r\n\r\nDe jeunes h\u00e9ros optimistes et courageux. Une famille formidable, la ferme comme si on y \u00e9tait, et la magie du th\u00e9\u00e2tre... Plongez dans un livre irr\u00e9sistible!","authors":["Helen Peters","Vanessa Rubio-Barreau"],"category_codes":["2000000","2040000","2040500","2040508"],"visuals":{"large":"https:\/\/images.epagine.fr\/187\/9782070650187_1_75.jpg","medium":"https:\/\/images.epagine.fr\/187\/9782070650187_1_m.jpg","thumbnail":"https:\/\/images.epagine.fr\/187\/9782070650187_1_v.jpg"},"orderable":true,"show_badge":true,"formatted_price":"11,90&nbsp;\u20ac","formatted_published_date":"15 mai 2013","publisher_availability_label":"Sur commande","short_details":"Helen Peters, Vanessa Rubio-Barreau \u2014 Gallimard Jeunesse","translator":"VANESSA RUBIO-BARREAU","weight":210,"page_count":352,"readership":"\u00e0 partir de 10 ANS","editor":"Gallimard Jeunesse","price":1190,"published_date":"2013-05-14T22:00:00.000000Z","support":"Poche","publisher_availability":1,"stock":0,"editions":[],"url":"https:\/\/quaidesbrumes.com\/ouvrage\/9782070650187\/le-theatre-du-poulailler-tome-1"},{"id":"9782408037253","title":"La cr\u00e8che","description":"Pendant que maman et papa travaillent, L\u00e9o va \u00e0 la cr\u00e8che. Le lecteur accompagne le tout petit h\u00e9ros \u00e9tape par \u00e9tape dans sa journ\u00e9e.\r\n \r\nLa journ\u00e9e de cr\u00e8che expliqu\u00e9e \u00e9tape par \u00e9tape On suit la journ\u00e9e de L\u00e9o, de l'arriv\u00e9e \u00e0 la cr\u00e8che avec maman, jusqu'\u00e0 l'heure des parents avec papa qui vient le chercher. L\u00e9o range ses affaires dans son casier, chante une comptine avec la pu\u00e9ricultrice, fait de la peinture, mange de la pur\u00e9e avec sa cuill\u00e8re, fait la sieste, prend le go\u00fbter puis joue au toboggan dehors.\r\n\r\nUn documentaire pour d\u00e9dramatiser l'entr\u00e9e \u00e0 la cr\u00e8che  Dans ce documentaire, gr\u00e2ce au fil narratif, on apprend en s'amusant plein de vocabulaire comme \"pu\u00e9ricultrice\", \"dortoir\", \"casier\". L'approche sensorielle du texte permet de rester proche du monde tel qu'il est appr\u00e9hend\u00e9 par les tout-petits. L'enfant se repr\u00e9sente la sensation de la peinture qu'on \u00e9tale avec les mains, de la tour de cubes qui tombe... Gr\u00e2ce \u00e0 cette immersion dans le texte, le petit lecteur peut aborder l'\u00e9tape du passage \u00e0 la cr\u00e8che sans frayeur, via un texte qui d\u00e9dramatise ce moment parfois d\u00e9licat.\r\n\r\nUn livre solide, pens\u00e9 pour les tout-petits  Du papier ind\u00e9chirable, des coins ronds, un petit format : une fabrication tr\u00e8s adapt\u00e9e pour les petites mains !","authors":["Delphine Soury","Marine Fleury"],"category_codes":["2000000","2070000","2070700"],"visuals":{"large":"https:\/\/images.epagine.fr\/253\/9782408037253_1_75.jpg","medium":"https:\/\/images.epagine.fr\/253\/9782408037253_1_m.jpg","thumbnail":"https:\/\/images.epagine.fr\/253\/9782408037253_1_v.jpg"},"orderable":true,"show_badge":true,"formatted_price":"5,50&nbsp;\u20ac","formatted_published_date":"24 ao\u00fbt 2022","publisher_availability_label":"Sur commande","short_details":"Delphine Soury, Marine Fleury \u2014 Milan","translator":null,"weight":186,"page_count":24,"readership":"\u00e0 partir de 2 ANS","editor":"Milan","price":550,"published_date":"2022-08-23T22:00:00.000000Z","support":"Grand format","publisher_availability":1,"stock":0,"editions":[],"url":"https:\/\/quaidesbrumes.com\/ouvrage\/9782408037253\/la-creche"},{"id":"9782036058828","title":"Licornia : Un anniversaire inoubliable","description":"Il n'y a qu'une seule chose qui soit plus fantastique qu'un anniversaire : un anniversaire f\u00eat\u00e9 \u00e0 Licornia ! Les g\u00e2teaux sont magiques et les bonbons changent de go\u00fbt et de forme. Les parcs d'attractions sont couverts de paillettes, et la grande roue vole dans le ciel. Et pourtant, l'anniversaire de Pauline a mal commenc\u00e9. Chlo\u00e9 et Sarah, ses meilleures amies, \u00e9laborent un plan pour \u00e9viter la catastrophe. Seront-elles capables de rendre cette f\u00eate inoubliable ?","authors":["Ana Punset","Diana Vicedo","Faustina Fiore"],"category_codes":["2000000","2040000","2040500"],"visuals":{"large":"https:\/\/images.epagine.fr\/828\/9782036058828_1_75.jpg","medium":"https:\/\/images.epagine.fr\/828\/9782036058828_1_m.jpg","thumbnail":"https:\/\/images.epagine.fr\/828\/9782036058828_1_v.jpg"},"orderable":true,"show_badge":true,"formatted_price":"9,95&nbsp;\u20ac","formatted_published_date":"6 mars 2024","publisher_availability_label":"Sur commande","short_details":"Ana Punset, Diana Vicedo, Faustina Fiore \u2014 Larousse","translator":"FAUSTINA FIORE","weight":246,"page_count":128,"readership":"\u00e0 partir de 7 ANS","editor":"Larousse","price":995,"published_date":"2024-03-05T23:00:00.000000Z","support":"Grand format","publisher_availability":1,"stock":0,"editions":[],"url":"https:\/\/quaidesbrumes.com\/ouvrage\/9782036058828\/licornia-un-anniversaire-inoubliable"},{"id":"9782330095062","title":"Cach\u00e9s dans la mer ; cherche et trouve","description":"Apr\u00e8s le succ\u00e8s de \u00abCach\u00e9s dans la jungle\u00bb, un nouveau \u00ab cherche et trouve \u00bb qui nous plonge cette fois dans les profondeurs marines. Dix paysages spectaculaires \u00e0 scruter tr\u00e8s attentivement pour retrouver vingt animaux savamment dissimul\u00e9s. L'enfant prendra plaisir \u00e0 les d\u00e9nicher et \u00e0 observer une multitude de d\u00e9tails \u00e9tonnants.\r","authors":["Peggy Nille"],"category_codes":["2000000","2060000","2060500"],"visuals":{"large":"https:\/\/images.epagine.fr\/062\/9782330095062_1_75.jpg","medium":"https:\/\/images.epagine.fr\/062\/9782330095062_1_m.jpg","thumbnail":"https:\/\/images.epagine.fr\/062\/9782330095062_1_v.jpg"},"orderable":true,"show_badge":true,"formatted_price":"15,50&nbsp;\u20ac","formatted_published_date":"1er juillet 2021","publisher_availability_label":"Sur commande","short_details":"Peggy Nille \u2014 Actes Sud","translator":null,"weight":510,"page_count":32,"readership":"\u00e0 partir de 4 ANS","editor":"Actes Sud","price":1550,"published_date":"2021-06-30T22:00:00.000000Z","support":"Grand format","publisher_availability":1,"stock":0,"editions":[],"url":"https:\/\/quaidesbrumes.com\/ouvrage\/9782330095062\/caches-dans-la-mer-cherche-et-trouve"},{"id":"9782408047757","title":"L'amiti\u00e9","description":"Un \"Mes p'tites questions\" qui se penche sur un lien affectif indispensable \u00e0 la construction des enfants \r\nEn phase avec les enfants d'aujourd'hui, cet ouvrage fait la lumi\u00e8re sur les liens d'amiti\u00e9 qui permettent de s'\u00e9panouir et de grandir. Mais aussi sur ceux qui provoquent de grands chagrins d'enfance, pour accompagner les petits dans ces \u00e9tapes importantes de la vie.\r\nDes questions pour permettre \u00e0 l'enfant de mieux se comprendre, et de trouver sa place dans ses liens avec les autres. En expliquant les \u00e9motions li\u00e9es \u00e0 la th\u00e9matique, et en \u00e9voquant des sujets de soci\u00e9t\u00e9, tels que le harc\u00e8lement scolaire ainsi que le consentement, n\u00e9cessaire aux relations amicales. \r\n\r\n16 questions d'enfants pour mieux se conna\u00eetre et comprendre ses copains\r\nC'est quoi, l'amiti\u00e9 ? \u00c7a sert \u00e0 quoi, les amis ? Comment \u00eatre un super-copain ? Pourquoi mon meilleur copain, c'est Hugo ? Pourquoi c'est parfois difficile de se faire des copains ? Est-ce que les filles et les gar\u00e7ons peuvent \u00eatre copains ? Si je d\u00e9m\u00e9nage, je vais perdre tous mes amis ? \u00c7a arrive, les chagrins d'amiti\u00e9 ? On peut \u00eatre ami avec quelqu'un pour de mauvaises raisons ? Pourquoi Na\u00efma et son amie font tout pareil ? Pourquoi l'amiti\u00e9 peut rendre jaloux ? Pourquoi c'est plus facile de dire un secret \u00e0 un ami ? Le harc\u00e8lement, c'est quoi ? C'est grave si je n'ai pas de copains ? Je suis oblig\u00e9 d'ob\u00e9ir \u00e0 mon copain ? Est-ce que l'amiti\u00e9 dure toujours ?\r\n\r\nPour tout comprendre facilement de l'amiti\u00e9, un sentiment complexe \r\nDes r\u00e9ponses p\u00e9dagogiques et documentaires, via des explications courtes et ludiques et des images vives et pleines de sensibilit\u00e9 qui immergent au coeur des relations amicales.","authors":["Astrid Dumontet","El\u00e9onore Della Malva"],"category_codes":["2000000","2070000","2070700"],"visuals":{"large":"https:\/\/images.epagine.fr\/757\/9782408047757_1_75.jpg","medium":"https:\/\/images.epagine.fr\/757\/9782408047757_1_m.jpg","thumbnail":"https:\/\/images.epagine.fr\/757\/9782408047757_1_v.jpg"},"orderable":true,"show_badge":true,"formatted_price":"9,50&nbsp;\u20ac","formatted_published_date":"6 septembre 2023","publisher_availability_label":"Sur commande","short_details":"Astrid Dumontet, El\u00e9onore Della Malva \u2014 Milan","translator":null,"weight":336,"page_count":40,"readership":"\u00e0 partir de 7 ANS","editor":"Milan","price":950,"published_date":"2023-09-05T22:00:00.000000Z","support":"Grand format","publisher_availability":1,"stock":0,"editions":[],"url":"https:\/\/quaidesbrumes.com\/ouvrage\/9782408047757\/lamitie"},{"id":"9782075170109","title":"Le bateau r\u00eave","description":"Un matin, Idriss se r\u00e9veille encore tout impr\u00e9gn\u00e9 du r\u00eave qu'il a fait durant la nuit. Avec son amie Simona, il d\u00e9cide alors de construire une incroyable machine, un bateau ail\u00e9 gr\u00e2ce auquel ils pourront explorer le royaume de la nuit ! Rencontrer l'oiseau de feu, devenir minuscule dans une cit\u00e9 immense ou g\u00e9ante dans un univers de lilliputiens, voler par-del\u00e0 la Voie lact\u00e9e... Mais m\u00eame apr\u00e8s un si fantastique voyage, il est bon de rentrer chez soi et de retrouver ses amis.","authors":["Julien Arnal","S\u00e9verine Vidal"],"category_codes":["2000000","2030000","2030400"],"visuals":{"large":"https:\/\/images.epagine.fr\/109\/9782075170109_1_75.jpg","medium":"https:\/\/images.epagine.fr\/109\/9782075170109_1_m.jpg","thumbnail":"https:\/\/images.epagine.fr\/109\/9782075170109_1_v.jpg"},"orderable":true,"show_badge":true,"formatted_price":"15,90&nbsp;\u20ac","formatted_published_date":"31 ao\u00fbt 2023","publisher_availability_label":"Sur commande","short_details":"Julien Arnal, S\u00e9verine Vidal \u2014 Gallimard Jeunesse","translator":null,"weight":472,"page_count":32,"readership":"\u00e0 partir de 4 ANS","editor":"Gallimard Jeunesse","price":1590,"published_date":"2023-08-30T22:00:00.000000Z","support":"Grand format","publisher_availability":1,"stock":0,"editions":[],"url":"https:\/\/quaidesbrumes.com\/ouvrage\/9782075170109\/le-bateau-reve"},{"id":"9782700280845","title":"Ultimage, le ma\u00eetre des magies Tome 4 : La magie de la nature","description":"Ma\u00ebl doit d\u00e9sormais apprendre la magie de la nature. Son nouvel instructeur  : le corbeau \u00e9meraude, celui-l\u00e0 m\u00eame qui l'a fait venir en Oara. Mais cette fois, l'apprentissage n'est pas si facile pour le gar\u00e7on... Il faut dire que son ma\u00eetre n'est pas tr\u00e8s dou\u00e9 et cache bien des secrets. Pourtant, le temps presse  : Ma\u00ebl doit ma\u00eetriser cette magie s'il veut r\u00e9cup\u00e9rer le grimoire des No'rel, le puissant livre de magie de son arri\u00e8re-grand-m\u00e8re, avant que le tyran L\u00e9othax ne s'en empare.","authors":["Adrien Tomas","Elisabeth Jammes"],"category_codes":["2000000","2040000","2040500","2040503"],"visuals":{"large":"https:\/\/images.epagine.fr\/845\/9782700280845_1_75.jpg","medium":"https:\/\/images.epagine.fr\/845\/9782700280845_1_m.jpg","thumbnail":"https:\/\/images.epagine.fr\/845\/9782700280845_1_v.jpg"},"orderable":true,"show_badge":true,"formatted_price":"7,90&nbsp;\u20ac","formatted_published_date":"9 ao\u00fbt 2023","publisher_availability_label":"Sur commande","short_details":"Adrien Tomas, Elisabeth Jammes \u2014 Rageot \u00c9diteur","translator":null,"weight":338,"page_count":192,"readership":"\u00e0 partir de 8 ANS","editor":"Rageot \u00c9diteur","price":790,"published_date":"2023-08-08T22:00:00.000000Z","support":"Poche","publisher_availability":1,"stock":0,"editions":[],"url":"https:\/\/quaidesbrumes.com\/ouvrage\/9782700280845\/ultimage-le-maitre-des-magies-tome-4-la-magie-de-la-nature"},{"id":"9782211318334","title":"Pablo","description":"C'est la derni\u00e8re nuit que Pablo passe dans son oeuf. Il doit sortir de sa coquille, il est trop grand maintenant. Comme il a un tout petit peu peur, il commence par un tout petit trou, suivi d'un deuxi\u00e8me petit trou. Il regarde \u00e0 gauche, \u00e0 droite. Pablo ne veut pas perdre une miette du monde qui l'entoure !","authors":["Rascal"],"category_codes":["2000000","2020000","2020400"],"visuals":{"large":"https:\/\/images.epagine.fr\/334\/9782211318334_1_75.jpg","medium":"https:\/\/images.epagine.fr\/334\/9782211318334_1_m.jpg","thumbnail":"https:\/\/images.epagine.fr\/334\/9782211318334_1_v.jpg"},"orderable":true,"show_badge":true,"formatted_price":"6,00&nbsp;\u20ac","formatted_published_date":"20 avril 2022","publisher_availability_label":"Sur commande","short_details":"Rascal \u2014 L'\u00c9cole des loisirs","translator":null,"weight":116,"page_count":32,"readership":"0\/3 ans","editor":"L'\u00c9cole des loisirs","price":600,"published_date":"2022-04-19T22:00:00.000000Z","support":"Grand format","publisher_availability":1,"stock":0,"editions":["9782211238472"],"url":"https:\/\/quaidesbrumes.com\/ouvrage\/9782211318334\/pablo"},{"id":"9789403242668","title":"Je d\u00e9couvre les robots","description":"Les robots et l'IA expliqu\u00e9s aux plus petits\r\nApprentissage STIAM\r\nJoue et d\u00e9couvrePars \u00e0 la d\u00e9couverte de l'univers des robots, du robot pieuvre tout mou aux robots spatiaux dot\u00e9s d'une intelligence artificielle !\u00a0 \r\nDonne vie \u00e0 l'atelier des inventeurs en actionnant les glissi\u00e8res, jette un\u00a0 oeil \u00e0 l'int\u00e9rieur du cerveau d'un robot en soulevant le volet, et bien plus encore !","authors":["Collectif"],"category_codes":["2000000","2030000","2030500"],"visuals":{"large":"https:\/\/images.epagine.fr\/668\/9789403242668_1_75.jpg","medium":"https:\/\/images.epagine.fr\/668\/9789403242668_1_m.jpg","thumbnail":"https:\/\/images.epagine.fr\/668\/9789403242668_1_v.jpg"},"orderable":true,"show_badge":true,"formatted_price":"11,95&nbsp;\u20ac","formatted_published_date":"4 f\u00e9vrier 2026","publisher_availability_label":"Sur commande","short_details":"Collectif \u2014 Le Ballon","translator":null,"weight":618,"page_count":18,"readership":"\u00e0 partir de 3 ANS","editor":"Le Ballon","price":1195,"published_date":"2026-02-03T23:00:00.000000Z","support":"Grand format","publisher_availability":1,"stock":0,"editions":[],"url":"https:\/\/quaidesbrumes.com\/ouvrage\/9789403242668\/je-decouvre-les-robots"}]}