{"data":[{"id":"9782017271338","title":"D\u00e9fil\u00e9s de mode : Au pays des licornes","description":"Un cahier souple de 20 pages avec une histoire compos\u00e9e de 9 d\u00e9cors en double-page et 1 d\u00e9cor en page simple avec des filles \u00e0 habiller sur le th\u00e8me des princesses et des f\u00e9es au pays des licornes. 4 doubles-pages de stickers dont une double-page avec des d\u00e9tails en dorure. En bonus : une planche de strass !","authors":["Aur\u00e9lie Desfour","Audrey Bussi"],"category_codes":["2000000","2080000","2080200"],"visuals":{"large":"https:\/\/images.epagine.fr\/338\/9782017271338_1_75.jpg","medium":"https:\/\/images.epagine.fr\/338\/9782017271338_1_m.jpg","thumbnail":"https:\/\/images.epagine.fr\/338\/9782017271338_1_v.jpg"},"orderable":true,"show_badge":true,"formatted_price":"7,95&nbsp;\u20ac","formatted_published_date":"25 f\u00e9vrier 2026","publisher_availability_label":"Sur commande","short_details":"Aur\u00e9lie Desfour, Audrey Bussi \u2014 \u00c9ditions Deux Coqs d'Or","translator":null,"weight":200,"page_count":24,"readership":"6\/9 ans","editor":"\u00c9ditions Deux Coqs d'Or","price":795,"published_date":"2026-02-24T23:00:00.000000Z","support":"Papeterie \/ Coloriage","publisher_availability":1,"stock":0,"editions":["9782017271239"],"url":"https:\/\/quaidesbrumes.com\/ouvrage\/9782017271338\/defiles-de-mode-au-pays-des-licornes"},{"id":"9791036381508","title":"Mes cartes mentales pour d\u00e9couvrir la mythologie grecque en un coup d'oeil","description":"Un beau livre au format g\u00e9n\u00e9reux avec 28 cartes mentales, des explications, des arbres g\u00e9n\u00e9alogiques et des sch\u00e9mas pour tout comprendre sur la mythologie grecque.\r\nLes cartes mentales\r\nUn concept visuel fort, construit autour d'une personnalit\u00e9 centrale. Des textes courts tous illustr\u00e9s, qui facilitent la lecture et encouragent la d\u00e9couverte.\r\nLa mythologie comme jamais vue auparavant\r\nLe fil d'Ariane, la guerre de Troie, la musique d'Orph\u00e9e ou encore l'enl\u00e8vement de Pers\u00e9phone... des histoires fantastiques expliqu\u00e9es et racont\u00e9es en cartes mentales.\r\n28 personnalit\u00e9s fortes\r\nAchille et Hector pour raconter la guerre de Troie, Zeus pour raconter les dieux de l'Olympe, ou encore Pandore et Prom\u00e9th\u00e9e pour raconter les premiers humains... divinit\u00e9s et heros permettent de raconter la mythologie grecque.","authors":["Elisabeth de Lambilly","Marygribouille","Gabrielle Berger"],"category_codes":["2000000","2040000","2040400"],"visuals":{"large":"https:\/\/images.epagine.fr\/508\/9791036381508_1_75.jpg","medium":"https:\/\/images.epagine.fr\/508\/9791036381508_1_m.jpg","thumbnail":"https:\/\/images.epagine.fr\/508\/9791036381508_1_v.jpg"},"orderable":true,"show_badge":true,"formatted_price":"15,90&nbsp;\u20ac","formatted_published_date":"8 avril 2026","publisher_availability_label":"Sur commande","short_details":"Elisabeth de Lambilly, Marygribouille, Gabrielle Berger \u2014 Bayard Jeunesse","translator":null,"weight":670,"page_count":80,"readership":"\u00e0 partir de 8 ANS","editor":"Bayard Jeunesse","price":1590,"published_date":"2026-04-07T22:00:00.000000Z","support":"Grand format","publisher_availability":1,"stock":0,"editions":[],"url":"https:\/\/quaidesbrumes.com\/ouvrage\/9791036381508\/mes-cartes-mentales-pour-decouvrir-la-mythologie-grecque-en-un-coup-doeil"},{"id":"9782080443816","title":"L'Imagier g\u00e9ant du P\u00e8re Castor : Les dinosaures","description":"L'Imagier du P\u00e8re Castor est une collection de r\u00e9f\u00e9rence pour accompagner les tout-petits dans leurs premiers apprentissages. Elle les invite \u00e0 d\u00e9couvrir les images, reconna\u00eetre les mots et enrichir leur vocabulaire. Cet imagier pr\u00e9sente 80 dinosaures, \u00e0 cornes, \u00e0 cuirasse, carnivores, volants... Les enfants pourront plonger avec plaisir dans ce livre g\u00e9ant, et ainsi, d\u00e9couvrir un monde fascinant.","authors":["Adeline Ruel"],"category_codes":["2000000","2020000","2020300"],"visuals":{"large":"https:\/\/images.epagine.fr\/816\/9782080443816_1_75.jpg","medium":"https:\/\/images.epagine.fr\/816\/9782080443816_1_m.jpg","thumbnail":"https:\/\/images.epagine.fr\/816\/9782080443816_1_v.jpg"},"orderable":true,"show_badge":true,"formatted_price":"19,90&nbsp;\u20ac","formatted_published_date":"30 octobre 2024","publisher_availability_label":"Sur commande","short_details":"Adeline Ruel \u2014 P\u00e8re Castor","translator":null,"weight":904,"page_count":16,"readership":"0\/3 ans","editor":"P\u00e8re Castor","price":1990,"published_date":"2024-10-29T23:00:00.000000Z","support":"Grand format","publisher_availability":1,"stock":0,"editions":[],"url":"https:\/\/quaidesbrumes.com\/ouvrage\/9782080443816\/limagier-geant-du-pere-castor-les-dinosaures"},{"id":"9791023521672","title":"Pourquoi les lapins ne portent pas de culotte","description":"Zou est un jeune lapin \u00e0 la vie de r\u00eave : il gambade toute la journ\u00e9e, croque des baies lorsqu'il a faim, lape l'eau de la rivi\u00e8re lorsqu'il a soif. C'est le paradis sur terre ! Pourtant, le jour o\u00f9 Zou tombe amoureux de Betty, la vie ne va plus \u00eatre aussi tranquille. Pour s\u00e9duire la lapine, Zou d\u00e9cide de l'\u00e9blouir en portant une magnifique culotte rouge. Cette trouvaille va bouleverser les habitudes bien r\u00e9gl\u00e9es des lapins.\r\nZou va r\u00e9ussir \u00e0 remettre de l'ordre dans cette joyeuse pagaille et le lecteur saura d\u00e9sormais pourquoi les lapins ne portent pas de culotte !","authors":["Antonin Louchard"],"category_codes":["2000000","2030000","2030400"],"visuals":{"large":"https:\/\/images.epagine.fr\/672\/9791023521672_1_75.jpg","medium":"https:\/\/images.epagine.fr\/672\/9791023521672_1_m.jpg","thumbnail":"https:\/\/images.epagine.fr\/672\/9791023521672_1_v.jpg"},"orderable":true,"show_badge":true,"formatted_price":"5,00&nbsp;\u20ac","formatted_published_date":"3 janvier 2025","publisher_availability_label":"Sur commande","short_details":"Antonin Louchard \u2014 Le Seuil jeunesse","translator":null,"weight":152,"page_count":64,"readership":"\u00e0 partir de 5 ANS","editor":"Le Seuil jeunesse","price":500,"published_date":"2025-01-02T23:00:00.000000Z","support":"Grand format","publisher_availability":1,"stock":0,"editions":["9791023506587"],"url":"https:\/\/quaidesbrumes.com\/ouvrage\/9791023521672\/pourquoi-les-lapins-ne-portent-pas-de-culotte"},{"id":"9782017287896","title":"Mystery Lane Tome 3 : Le tr\u00e9sor des catacombes","description":"Le professeur Bones, un c\u00e9l\u00e8bre arch\u00e9ologue, a \u00e9t\u00e9 enlev\u00e9 par un robot apr\u00e8s avoir fait une d\u00e9couverte historique ! Son perroquet Champollion vient voir Clever et Bro pour le retrouver. Cette nouvelle enqu\u00eate entra\u00eene les deux hamsters dans les profondeurs des catacombes, sur les traces du tr\u00e9sor des Templiers...","authors":["Collectif"],"category_codes":["2000000","2040000","2040300"],"visuals":{"large":"https:\/\/images.epagine.fr\/896\/9782017287896_1_75.jpg","medium":"https:\/\/images.epagine.fr\/896\/9782017287896_1_m.jpg","thumbnail":"https:\/\/images.epagine.fr\/896\/9782017287896_1_v.jpg"},"orderable":true,"show_badge":true,"formatted_price":"5,90&nbsp;\u20ac","formatted_published_date":"13 novembre 2024","publisher_availability_label":"Sur commande","short_details":"Collectif \u2014 Hachette Jeunesse","translator":null,"weight":132,"page_count":96,"readership":"\u00e0 partir de 6 ANS","editor":"Hachette Jeunesse","price":590,"published_date":"2024-11-12T23:00:00.000000Z","support":"Poche","publisher_availability":1,"stock":0,"editions":[],"url":"https:\/\/quaidesbrumes.com\/ouvrage\/9782017287896\/mystery-lane-tome-3-le-tresor-des-catacombes"},{"id":"9782374080918","title":"Papa-Poulpe","description":"En vir\u00e9e \u00e0 Paris, le poulpe a pr\u00e9vu une journ\u00e9e bien rempli pour occuper joyeusement la fratrie : visite de mus\u00e9e, pique-nique, promenade sur les quais de la Seine... Mais auront-ils le temps de cl\u00f4turer en beaut\u00e9 et de voir la tour Eiffel ?","authors":["Sandra Le Guen","Maur\u00e8en Poignonec"],"category_codes":["2000000","2030000","2030400"],"visuals":{"large":"https:\/\/images.epagine.fr\/918\/9782374080918_1_75.jpg","medium":"https:\/\/images.epagine.fr\/918\/9782374080918_1_m.jpg","thumbnail":"https:\/\/images.epagine.fr\/918\/9782374080918_1_v.jpg"},"orderable":true,"show_badge":true,"formatted_price":"14,50&nbsp;\u20ac","formatted_published_date":"11 avril 2025","publisher_availability_label":"Sur commande","short_details":"Sandra Le Guen, Maur\u00e8en Poignonec \u2014 Little Urban","translator":null,"weight":430,"page_count":32,"readership":"3\/6 ans","editor":"Little Urban","price":1450,"published_date":"2025-04-10T22:00:00.000000Z","support":"Grand format","publisher_availability":1,"stock":0,"editions":[],"url":"https:\/\/quaidesbrumes.com\/ouvrage\/9782374080918\/papa-poulpe"},{"id":"9782215199519","title":"P'tits v\u00e9hicules : La ferme","description":"Vroum vroum ! Un livre qui roule !\r\nUn livre-jouet pour d\u00e9couvrir l'univers de la ferme.","authors":["Nathalie B\u00e9lineau","Alexis Nesme"],"category_codes":["2000000","2020000","2020200"],"visuals":{"large":"https:\/\/images.epagine.fr\/519\/9782215199519_1_75.jpg","medium":"https:\/\/images.epagine.fr\/519\/9782215199519_1_m.jpg","thumbnail":"https:\/\/images.epagine.fr\/519\/9782215199519_1_v.jpg"},"orderable":true,"show_badge":true,"formatted_price":"10,95&nbsp;\u20ac","formatted_published_date":"17 avril 2026","publisher_availability_label":"Sur commande","short_details":"Nathalie B\u00e9lineau, Alexis Nesme \u2014 Fleurus","translator":null,"weight":206,"page_count":10,"readership":"0\/3 ans","editor":"Fleurus","price":1095,"published_date":"2026-04-16T22:00:00.000000Z","support":"Grand format","publisher_availability":1,"stock":0,"editions":[],"url":"https:\/\/quaidesbrumes.com\/ouvrage\/9782215199519\/ptits-vehicules-la-ferme"},{"id":"9791026405450","title":"Orange comme le canari","description":"Un livre en tissu tout doux, enrichi de papier crissant, de broderie et de petits rubans sur le th\u00e8me des petits animaux !\u00a0\r\nTiens, voici les petits animaux du jardin ! Avec sa couverture en velours brod\u00e9, ses pages vives en tissu et ses six rubans \u00e0 manipuler, ce joli livre offre un moment de partage et de tendresse. \u00c0 d\u00e9couvrir dans la collection \u00ab Les couleurs des tout-petits \u00bb.","authors":["Shannon Hays"],"category_codes":["2000000","2020000","2020200"],"visuals":{"large":"https:\/\/images.epagine.fr\/450\/9791026405450_1_75.jpg","medium":"https:\/\/images.epagine.fr\/450\/9791026405450_1_m.jpg","thumbnail":"https:\/\/images.epagine.fr\/450\/9791026405450_1_v.jpg"},"orderable":true,"show_badge":true,"formatted_price":"11,90&nbsp;\u20ac","formatted_published_date":"25 f\u00e9vrier 2026","publisher_availability_label":"Sur commande","short_details":"Shannon Hays \u2014 Gl\u00e9nat Jeunesse","translator":null,"weight":112,"page_count":8,"readership":"\u00e0 partir de 1 AN","editor":"Gl\u00e9nat Jeunesse","price":1190,"published_date":"2026-02-24T23:00:00.000000Z","support":"Grand format","publisher_availability":1,"stock":0,"editions":[],"url":"https:\/\/quaidesbrumes.com\/ouvrage\/9791026405450\/orange-comme-le-canari"},{"id":"9782215167280","title":"M\u00e8ne ton enqu\u00eate : au Ch\u00e2teau de Versailles","description":"Un roman jeu : id\u00e9al pour appr\u00e9cier la lecture en s'amusant ! Un r\u00e9cit-fiction pour mener l'enqu\u00eate avec de nombreuses animations : des messages cod\u00e9s ou en miroir \u00e0 d\u00e9crypter, des messages cach\u00e9s \u00e0 r\u00e9v\u00e9ler, des \u00e9l\u00e9ments cach\u00e9s dans les illustrations...\r\n\r\nPassage nuageux \u00e0 la cour du Roi Soleil... Le marquis d'Ostheim, inspecteur des arm\u00e9es royales, a \u00e9t\u00e9 condamn\u00e9 aux gal\u00e8res pour trahison ! D\u00e9termin\u00e9e \u00e0 prouver son innocence, Ang\u00e8le, une jeune marchande de fleurs, infiltre le ch\u00e2teau de Versailles pour faire \u00e9clater la v\u00e9rit\u00e9. Aid\u00e9e par Orane, une gerboise au flair redoutable, la jeune fille va d\u00e9couvrir les complots qui se trament derri\u00e8re les jolies tapisseries...","authors":["Charlotte Grosset\u00eate","Myrtille Tournefeuille"],"category_codes":["2000000","2040000","2040500","2040502"],"visuals":{"large":"https:\/\/images.epagine.fr\/280\/9782215167280_1_75.jpg","medium":"https:\/\/images.epagine.fr\/280\/9782215167280_1_m.jpg","thumbnail":"https:\/\/images.epagine.fr\/280\/9782215167280_1_v.jpg"},"orderable":true,"show_badge":true,"formatted_price":"14,90&nbsp;\u20ac","formatted_published_date":"5 juillet 2019","publisher_availability_label":"Sur commande","short_details":"Charlotte Grosset\u00eate, Myrtille Tournefeuille \u2014 Fleurus","translator":null,"weight":386,"page_count":96,"readership":"\u00e0 partir de 6 ANS","editor":"Fleurus","price":1490,"published_date":"2019-07-04T22:00:00.000000Z","support":"Grand format","publisher_availability":1,"stock":0,"editions":[],"url":"https:\/\/quaidesbrumes.com\/ouvrage\/9782215167280\/mene-ton-enquete-au-chateau-de-versailles"},{"id":"9791040120735","title":"Les grands classiques : Comme on ne te les a jamais r\u00e9sum\u00e9s","description":"Les grands classiques enfin r\u00e9sum\u00e9s de fa\u00e7on moderne, incisive et accessible.\r\n\r\nDe La Princesse de Cl\u00e8ves \u00e0 Crime et Ch\u00e2timent, en passant par Madame Bovary, chaque oeuvre est relue avec un regard neuf et replac\u00e9e dans son contexte historique et social pour en r\u00e9v\u00e9ler toute la force et la modernit\u00e9. Ici, les intrigues vibrent, les personnages s'incarnent et les drames r\u00e9sonnent avec notre \u00e9poque : loin des clich\u00e9s scolaires, ces r\u00e9sum\u00e9s modernes vous donnent enfin envie de plonger t\u00eate la premi\u00e8re dans les textes originaux.\r\n\r\nOubliez les analyses poussi\u00e9reuses : il est temps de d\u00e9sembourgeoiser la litt\u00e9rature.","authors":["Alexandre Lansky"],"category_codes":["2000000","2070000","2070800"],"visuals":{"large":"https:\/\/images.epagine.fr\/735\/9791040120735_1_75.jpg","medium":"https:\/\/images.epagine.fr\/735\/9791040120735_1_m.jpg","thumbnail":"https:\/\/images.epagine.fr\/735\/9791040120735_1_v.jpg"},"orderable":true,"show_badge":true,"formatted_price":"14,90&nbsp;\u20ac","formatted_published_date":"19 septembre 2025","publisher_availability_label":"Sur commande","short_details":"Alexandre Lansky \u2014 La Martini\u00e8re jeunesse","translator":null,"weight":268,"page_count":160,"readership":"\u00e0 partir de 16 ans","editor":"La Martini\u00e8re jeunesse","price":1490,"published_date":"2025-09-18T22:00:00.000000Z","support":"Grand format","publisher_availability":1,"stock":0,"editions":[],"url":"https:\/\/quaidesbrumes.com\/ouvrage\/9791040120735\/les-grands-classiques-comme-on-ne-te-les-a-jamais-resumes"},{"id":"9791036383014","title":"Mon premier petit livre des religions","description":"Un album illustr\u00e9 pour expliquer avec des mots simples aux 3-6 ans ce qu'est une religion et ce qui fait la sp\u00e9cificit\u00e9 du juda\u00efsme, du christianisme et de l'islam.\r\nUne introduction aux religions pour les tout-petits\r\nCet album illustr\u00e9 pr\u00e9sente le quotidien de trois jeunes amis : Sarah, Malik et Paul. L'une est juive, le deuxi\u00e8me musulman et le troisi\u00e8me chr\u00e9tien. \u00c0 travers ce que vit chaque enfant dans sa famille et ce qu'ils partagent ensemble, le jeune lecteur d\u00e9couvre ce qui fait la sp\u00e9cificit\u00e9 du juda\u00efsme, de l'islam et du christianisme.\r\nSepti\u00e8me tome d'une collection d\u00e9j\u00e0 bien \u00e9tablie :  Mon premier petit livre , qui pr\u00e9sente les grands rep\u00e8res de la foi chr\u00e9tienne, dans un esprit d'ouverture.\r\nUn outil p\u00e9dagogique pour favoriser le dialogue interreligieux\r\nPubli\u00e9 par un \u00e9diteur chr\u00e9tien, cet ouvrage est un excellent outil pour les familles qui souhaitent transmettre \u00e0 leurs enfants, d\u00e8s le plus jeune \u00e2ge, le respect de l'autre et de sa diff\u00e9rence. C'est une invitation \u00e0 vivre fraternellement, dans une soci\u00e9t\u00e9 o\u00f9 le dialogue est parfois frein\u00e9 par la peur et la m\u00e9connaissance de l'autre.\u00a0\r\nLe texte simple et profond d'Anne-Isabelle Lacassagne, relu par des experts des trois religions, donne du sens aux observations des enfants :  Pourquoi certains ne mangent pas de porc ? ,  Pourquoi d'autres vont \u00e0 la messe le dimanche ?  etc.\r\nLes illustrations vivantes et color\u00e9es de Marie-\u00c9lise Masson permettent au jeune lecteur de s'immerger dans une culture et un quotidien diff\u00e9rent du sien.","authors":["Anne-Isabelle Lacassagne","Marie-Elise Masson"],"category_codes":["2000000","2070000","2071000"],"visuals":{"large":"https:\/\/images.epagine.fr\/014\/9791036383014_1_75.jpg","medium":"https:\/\/images.epagine.fr\/014\/9791036383014_1_m.jpg","thumbnail":"https:\/\/images.epagine.fr\/014\/9791036383014_1_v.jpg"},"orderable":true,"show_badge":true,"formatted_price":"9,90&nbsp;\u20ac","formatted_published_date":"3 septembre 2025","publisher_availability_label":"Sur commande","short_details":"Anne-Isabelle Lacassagne, Marie-Elise Masson \u2014 Bayard Jeunesse","translator":null,"weight":266,"page_count":48,"readership":"\u00e0 partir de 3 ANS","editor":"Bayard Jeunesse","price":990,"published_date":"2025-09-02T22:00:00.000000Z","support":"Grand format","publisher_availability":1,"stock":0,"editions":[],"url":"https:\/\/quaidesbrumes.com\/ouvrage\/9791036383014\/mon-premier-petit-livre-des-religions"},{"id":"9782215198574","title":"L'apprentie de Merlin : L'ogre et le bouclier","description":"\u00ab Le mythe devient r\u00e9alit\u00e9. La Table ronde est sur le point de na\u00eetre. \u00bb\r\n\r\nAna n'est plus la petite voleuse d'antan. D\u00e9sormais, elle est l'apprentie de Merlin. Le c\u00e9l\u00e8bre enchanteur l'a plong\u00e9e dans un long sommeil. \u00c0 son r\u00e9veil, la jeune fille d\u00e9couvre qu'Arthur est en \u00e2ge de r\u00e9clamer la couronne d'Angleterre. Mais pour cela, il doit s'en montrer digne et retirer Excalibur de son rocher. Or de nombreux chevaliers convoitent l'\u00e9p\u00e9e magique. D'autres obstacles et p\u00e9rils vont parsemer sa route. Afin de l'assister dans sa qu\u00eate, Ana aide Arthur \u00e0 rassembler autour de lui de valeureux compagnons. Des gar\u00e7ons fougueux qui ont pour nom Lancelot ou Gauvain, promis eux aussi \u00e0 un destin d'exception. Sous l'oeil de Merlin, le fils d'Uther Pendragon devra vaincre ses ennemis et se faire le bouclier de son peuple.","authors":["Fabien Clavel"],"category_codes":["2000000","2050000","2050200","2050204"],"visuals":{"large":"https:\/\/images.epagine.fr\/574\/9782215198574_1_75.jpg","medium":"https:\/\/images.epagine.fr\/574\/9782215198574_1_m.jpg","thumbnail":"https:\/\/images.epagine.fr\/574\/9782215198574_1_v.jpg"},"orderable":true,"show_badge":true,"formatted_price":"17,95&nbsp;\u20ac","formatted_published_date":"26 septembre 2025","publisher_availability_label":"Sur commande","short_details":"Fabien Clavel \u2014 Fleurus","translator":null,"weight":418,"page_count":360,"readership":"\u00e0 partir de 12 ANS","editor":"Fleurus","price":1795,"published_date":"2025-09-25T22:00:00.000000Z","support":"Grand format","publisher_availability":1,"stock":0,"editions":[],"url":"https:\/\/quaidesbrumes.com\/ouvrage\/9782215198574\/lapprentie-de-merlin-logre-et-le-bouclier"},{"id":"9782378013257","title":"Polaire, le petit renard de feu","description":"Un renard polaire enferm\u00e9 dans un zoo cherche \u00e0 trouver d'o\u00f9 il vient. Il d\u00e9cide alors de fuir et, guid\u00e9 par son instinct, va entamer un long p\u00e9riple.\r\n\r\nIl rencontre en chemin un semblable pourtant tr\u00e8s diff\u00e9rent : alors que la fourrure de Polaire est blanc immacul\u00e9, le pelage de Roux est flamboyant.\r\n\r\nLes deux renards vont marcher un moment ensemble, jusqu'\u00e0 ce que leur chemin se s\u00e9pare \u00c0 mesure que Polaire avance, la neige recouvre la terre et il d\u00e9couvre le froid, doux et blanc et... des renards polaires !\r\n\r\n\u00c0 la fin du livre, un texte documentaire fait le lien entre les renards polaires et les aurores bor\u00e9ales. En Finlande, selon certaines croyances, les aurores seraient n\u00e9es de la course folle des renards polaires dans la neige. \u00c0 travers cet album po\u00e9tique, l'auteure-illustratrice imagine le p\u00e9riple de ce renard pr\u00eat \u00e0 tout pour retrouver sa libert\u00e9 et son environnement naturel.","authors":["Mathilde Joly"],"category_codes":["2000000","2030000","2030400"],"visuals":{"large":"https:\/\/images.epagine.fr\/257\/9782378013257_1_75.jpg","medium":"https:\/\/images.epagine.fr\/257\/9782378013257_1_m.jpg","thumbnail":"https:\/\/images.epagine.fr\/257\/9782378013257_1_v.jpg"},"orderable":true,"show_badge":true,"formatted_price":"14,50&nbsp;\u20ac","formatted_published_date":"7 novembre 2025","publisher_availability_label":"Sur commande","short_details":"Mathilde Joly \u2014 Saltimbanque \u00c9ditions","translator":null,"weight":526,"page_count":48,"readership":"3\/6 ans","editor":"Saltimbanque \u00c9ditions","price":1450,"published_date":"2025-11-06T23:00:00.000000Z","support":"Grand format","publisher_availability":1,"stock":0,"editions":[],"url":"https:\/\/quaidesbrumes.com\/ouvrage\/9782378013257\/polaire-le-petit-renard-de-feu"},{"id":"9782211310765","title":"Adam et Thomas","description":"Quand la m\u00e8re d'Adam le conduit dans la for\u00eat, elle promet de venir le chercher le soir m\u00eame. \u00ab Aie confiance, tu connais la for\u00eat et tout ce qu'elle contient \u00bb, lui dit-elle. Mais comment avoir confiance alors que la guerre se d\u00e9cha\u00eene, que les rafles se succ\u00e8dent dans le ghetto et que les enfants juifs sont pourchass\u00e9s ? La journ\u00e9e passe. Adam retrouve Thomas, un gar\u00e7on de sa classe que sa m\u00e8re est \u00e9galement venue cacher l\u00e0. Les deux gamins sont diff\u00e9rents et compl\u00e9mentaires : Adam sait grimper aux arbres et se rep\u00e8re dans la for\u00eat comme s'il y \u00e9tait n\u00e9. Thomas est r\u00e9fl\u00e9chi et craintif. \u00c0 la nuit tomb\u00e9e, les m\u00e8res ne sont pas revenues. Les enfants s'organisent et construisent un nid dans un arbre. Ils ignorent encore qu'ils passeront de longs mois ainsi, affrontant la faim, la pluie, la neige et le vent, sans oublier les questions essentielles : qu'est-ce que le courage ? Comment parlent les animaux ? D'o\u00f9 vient la haine ? \u00c0 quoi sert l'amour ?","authors":["Aharon Appelfeld","Amandine Delaunay","Val\u00e9rie Zenatti"],"category_codes":["2000000","2050000","2050200"],"visuals":{"large":"https:\/\/images.epagine.fr\/765\/9782211310765_1_75.jpg","medium":"https:\/\/images.epagine.fr\/765\/9782211310765_1_m.jpg","thumbnail":"https:\/\/images.epagine.fr\/765\/9782211310765_1_v.jpg"},"orderable":true,"show_badge":true,"formatted_price":"7,00&nbsp;\u20ac","formatted_published_date":"21 ao\u00fbt 2024","publisher_availability_label":"Sur commande","short_details":"Aharon Appelfeld, Amandine Delaunay, Val\u00e9rie Zenatti \u2014 L'\u00c9cole des loisirs","translator":"VALERIE ZENATTI","weight":165,"page_count":160,"readership":"\u00e0 partir de 11 ANS","editor":"L'\u00c9cole des loisirs","price":700,"published_date":"2024-08-20T22:00:00.000000Z","support":"Poche","publisher_availability":1,"stock":0,"editions":[],"url":"https:\/\/quaidesbrumes.com\/ouvrage\/9782211310765\/adam-et-thomas"},{"id":"3575678940219","title":"Peluche chaplapla","description":"Les h\u00e9ros de l'\u00e9cole des loisirs s'\u00e9chappent cette fois-ci des livres pour devenir de v\u00e9ritables compagnons de route pour les enfants.","authors":["Boutavant"],"category_codes":["2000000","2080000"],"visuals":{"large":"https:\/\/images.epagine.fr\/219\/3575678940219_1_75.jpg","medium":"https:\/\/images.epagine.fr\/219\/3575678940219_1_m.jpg","thumbnail":"https:\/\/images.epagine.fr\/219\/3575678940219_1_v.jpg"},"orderable":true,"show_badge":true,"formatted_price":"0,00&nbsp;\u20ac","formatted_published_date":"19 novembre 2021","publisher_availability_label":"Sur commande","short_details":"Boutavant \u2014 L'\u00c9cole des loisirs","translator":null,"weight":153,"page_count":1,"readership":"Tout public","editor":"L'\u00c9cole des loisirs","price":0,"published_date":"2021-11-18T23:00:00.000000Z","support":"Objet","publisher_availability":1,"stock":0,"editions":[],"url":"https:\/\/quaidesbrumes.com\/ouvrage\/3575678940219\/peluche-chaplapla"},{"id":"9782266351256","title":"Un nom sur la liste","description":"APR\u00c8S LA GUERRE, JE TE RETROUVERAI.\r\nC'est la promesse qu'a faite Zofia \u00e0 son petit fr\u00e8re Abek, trois ans plus t\u00f4t, juste avant qu'ils ne soient s\u00e9par\u00e9s dans le camp de Birkenau. La guerre est maintenant finie, et il ne reste plus \u00e0 Zofia que ce fr\u00e8re disparu auquel se raccrocher.\r\nElle est pr\u00eate \u00e0 tout pour le retrouver, m\u00eame \u00e0 affronter ses souvenirs, qui semblent lui jouer des tours. Mais Zofia arrivera-t-elle \u00e0 vivre avec les r\u00e9ponses trouv\u00e9es en chemin ?","authors":["Monica Hesse","Anne Krief"],"category_codes":["2000000","2050000","2050200","2050210"],"visuals":{"large":"https:\/\/images.epagine.fr\/256\/9782266351256_1_75.jpg","medium":"https:\/\/images.epagine.fr\/256\/9782266351256_1_m.jpg","thumbnail":"https:\/\/images.epagine.fr\/256\/9782266351256_1_v.jpg"},"orderable":true,"show_badge":true,"formatted_price":"8,70&nbsp;\u20ac","formatted_published_date":"23 janvier 2025","publisher_availability_label":"Sur commande","short_details":"Monica Hesse, Anne Krief \u2014 Pocket Jeunesse","translator":"ANNE KRIEF","weight":222,"page_count":464,"readership":null,"editor":"Pocket Jeunesse","price":870,"published_date":"2025-01-22T23:00:00.000000Z","support":"Poche","publisher_availability":1,"stock":0,"editions":["9782092595237"],"url":"https:\/\/quaidesbrumes.com\/ouvrage\/9782266351256\/un-nom-sur-la-liste"},{"id":"9782266326650","title":"La fille renard et le festin fantastique","description":"L'aventure et la magie se cachent dans chaque tasse de th\u00e9 !\r\nLe salon de th\u00e9 ambulant qui est devenu le foyer de Faye Fox et de ses amis est vol\u00e9 par une cr\u00e9ature malfaisante. Pour le r\u00e9cup\u00e9rer, elle doit participer \u00e0 une comp\u00e9tition p\u00e9rilleuse organis\u00e9e par la reine des f\u00e9es : le Festin Fantastique.\r\nMais on ne va pas lui faciliter la t\u00e2che... Car quand des membres de la cour des f\u00e9es commencent \u00e0 \u00eatre enlev\u00e9s, la reine accuse Faye de leur disparition. L'apprentie sorci\u00e8re devra donc aussi prouver son innocence ! Tout en d\u00e9jouant les pi\u00e8ges du tournoi, les amis de la Boutique-sur-Pattes m\u00e8nent l'enqu\u00eate, et d\u00e9couvrent peu \u00e0 peu que quelque chose de bien plus sinistre est en jeu...","authors":["Andy Sagar","Emmanuel Gros"],"category_codes":["2000000","2040000","2040500","2040504"],"visuals":{"large":"https:\/\/images.epagine.fr\/650\/9782266326650_1_75.jpg","medium":"https:\/\/images.epagine.fr\/650\/9782266326650_1_m.jpg","thumbnail":"https:\/\/images.epagine.fr\/650\/9782266326650_1_v.jpg"},"orderable":true,"show_badge":true,"formatted_price":"16,50&nbsp;\u20ac","formatted_published_date":"20 juin 2024","publisher_availability_label":"Sur commande","short_details":"Andy Sagar, Emmanuel Gros \u2014 Pocket Jeunesse","translator":"EMMANUEL GROS","weight":376,"page_count":352,"readership":"9\/12 ans","editor":"Pocket Jeunesse","price":1650,"published_date":"2024-06-19T22:00:00.000000Z","support":"Grand format","publisher_availability":1,"stock":0,"editions":[],"url":"https:\/\/quaidesbrumes.com\/ouvrage\/9782266326650\/la-fille-renard-et-le-festin-fantastique"},{"id":"9782266326667","title":"La fille renard et le secret de la sorci\u00e8re de th\u00e9","description":"L'aventure et la magie se cachent dans chaque tasse de th\u00e9 et chaque miette de g\u00e2teau partag\u00e9es avec des amis !\r\nDe retour dans la Boutique-sur-Pattes, Faye Fox, l'apprentie sorci\u00e8re de th\u00e9, et ses amis cherchent activement comment vaincre le sinistre Ma\u00eetre Chantepleure. Arrive un \u00e9trange courrier qui les met sur une piste inattendue : celle de la m\u00e8re disparue de Faye ! Et si elle pouvait les aider \u00e0 trouver le point faible de leur ennemi jur\u00e9 ? Pour cela, l'apprentie sorci\u00e8re doit mobiliser les \u00eatres du monde magique. Sans eux, impossible de mettre fin au r\u00e8gne de celui qui la hante, et qui semble pr\u00eat \u00e0 tout pour l'encha\u00eener \u00e0 ses c\u00f4t\u00e9s...","authors":["Andy Sagar","Emmanuel Gros"],"category_codes":["2000000","2040000","2040500","2040504"],"visuals":{"large":"https:\/\/images.epagine.fr\/667\/9782266326667_1_75.jpg","medium":"https:\/\/images.epagine.fr\/667\/9782266326667_1_m.jpg","thumbnail":"https:\/\/images.epagine.fr\/667\/9782266326667_1_v.jpg"},"orderable":true,"show_badge":true,"formatted_price":"16,50&nbsp;\u20ac","formatted_published_date":"27 mars 2025","publisher_availability_label":"Sur commande","short_details":"Andy Sagar, Emmanuel Gros \u2014 Pocket Jeunesse","translator":"EMMANUEL GROS","weight":398,"page_count":368,"readership":"9\/12 ans","editor":"Pocket Jeunesse","price":1650,"published_date":"2025-03-26T23:00:00.000000Z","support":"Grand format","publisher_availability":1,"stock":0,"editions":[],"url":"https:\/\/quaidesbrumes.com\/ouvrage\/9782266326667\/la-fille-renard-et-le-secret-de-la-sorciere-de-the"},{"id":"9782095003791","title":"Les enqu\u00eates d'Enola Holmes Tome 6 : m\u00e9tro Baker Street","description":"Enola Holmes retrouvera-t-elle enfin sa m\u00e8re disparue ? \r\n  \r\n  \r\n \r\n1889, Londres. Alors qu'Enola est lanc\u00e9e dans une nouvelle enqu\u00eate sur la disparition de Lady Blanchefleur del Campo, elle d\u00e9couvre que son fr\u00e8re Sherlock la recherche d\u00e9sesp\u00e9r\u00e9ment. Il vient en effet de recevoir un \u00e9nigmatique paquet en provenance de leur m\u00e8re, adress\u00e9 tout sp\u00e9cifiquement \u00e0 Enola, et qu'elle seule saurait d\u00e9crypter. Sherlock, accompagn\u00e9 de son fr\u00e8re Mycroft, se voit donc contraint de suivre les traces d'Enola dans ses p\u00e9r\u00e9grinations au c?ur des sombres tunnels de Londres. Ensemble, les trois Holmes devront r\u00e9pondre \u00e0 une triple question : Qu'est-il arriv\u00e9 \u00e0 leur m\u00e8re ? O\u00f9 est donc Lady Blanchefleur ? Et que d\u00e9cidera l'a\u00een\u00e9 Mycroft de l'avenir d'Enola lorsque ses fr\u00e8res l'auront rattrap\u00e9s ?\r\n\r\nUn roman poche \u00e0 lire d\u00e8s 12 ans","authors":["Nancy Springer","Rose-Marie Vassallo-Villaneau"],"category_codes":["2000000","2050000","2050200","2050206"],"visuals":{"large":"https:\/\/images.epagine.fr\/791\/9782095003791_1_75.jpg","medium":"https:\/\/images.epagine.fr\/791\/9782095003791_1_m.jpg","thumbnail":"https:\/\/images.epagine.fr\/791\/9782095003791_1_v.jpg"},"orderable":true,"show_badge":true,"formatted_price":"7,99&nbsp;\u20ac","formatted_published_date":"2 mars 2023","publisher_availability_label":"Sur commande","short_details":"Nancy Springer, Rose-Marie Vassallo-Villaneau \u2014 Nathan","translator":"ROSE-MARIE VASSALLO-VILLANEAU","weight":162,"page_count":212,"readership":"\u00e0 partir de 12 ANS","editor":"Nathan","price":799,"published_date":"2023-03-01T23:00:00.000000Z","support":"Grand format","publisher_availability":1,"stock":0,"editions":[],"url":"https:\/\/quaidesbrumes.com\/ouvrage\/9782095003791\/les-enquetes-denola-holmes-tome-6-metro-baker-street"},{"id":"9782266304818","title":"Le jeu du ma\u00eetre Tome 1 : la partie infinie","description":"Quand le quotidien est sans int\u00e9r\u00eat, que les r\u00eaves n'existent plus, il reste la r\u00e9alit\u00e9 virtuelle. Comme la plupart des jeunes de son \u00e2ge, Michael passe son temps sur le VirtNet, une plateforme tentaculaire \u00e0 mi-chemin entre jeu vid\u00e9o et r\u00e9seau social. Mais quand une s\u00e9rie de suicides - bien r\u00e9els, ceux-l\u00e0 - intervient dans le cadre du jeu le plus populaire, Michael doit se rendre \u00e0 l'effrayante \u00e9vidence. L'intelligence artificielle aurait-elle pris le pas sur la r\u00e9alit\u00e9 ?","authors":["James Dashner","Guillaume Fournier"],"category_codes":["2000000","2050000","2050200","2050205"],"visuals":{"large":"https:\/\/images.epagine.fr\/818\/9782266304818_1_75.jpg","medium":"https:\/\/images.epagine.fr\/818\/9782266304818_1_m.jpg","thumbnail":"https:\/\/images.epagine.fr\/818\/9782266304818_1_v.jpg"},"orderable":true,"show_badge":true,"formatted_price":"8,10&nbsp;\u20ac","formatted_published_date":"13 f\u00e9vrier 2020","publisher_availability_label":"Sur commande","short_details":"James Dashner, Guillaume Fournier \u2014 Pocket Jeunesse","translator":"GUILLAUME FOURNIER","weight":190,"page_count":368,"readership":"\u00e0 partir de 13 ANS","editor":"Pocket Jeunesse","price":810,"published_date":"2020-02-12T23:00:00.000000Z","support":"Poche","publisher_availability":1,"stock":0,"editions":[],"url":"https:\/\/quaidesbrumes.com\/ouvrage\/9782266304818\/le-jeu-du-maitre-tome-1-la-partie-infinie"},{"id":"9782492898631","title":"D\u00e9plimondes : L'espace : Je lis, je d\u00e9plie, je joue","description":"Ce livre-jeu unique te fait d\u00e9couvrir l'espace et le syst\u00e8me solaire d'une mani\u00e8re totalement in\u00e9dite !\r\nLis un documentaire illustr\u00e9 passionnant, puis d\u00e9plie ton livre pour le transformer en un imagier GEANT rempli de jeux.\u00a0 \r\nAssemble des astres et des plan\u00e8tes en 3D pour former ton syst\u00e8me solaire, place des autocollants phosphorescents, explore les constellations avec un filtre magique, \u00e9quipe ton astronaute et bien plus encore !\u00a0 \r\nUne exp\u00e9rience ludique et immersive pour apprendre en s'amusant, \u00e0 la maison ou en voyage.","authors":["Collectif"],"category_codes":["2000000","2060000","2060200"],"visuals":{"large":"https:\/\/images.epagine.fr\/631\/9782492898631_1_75.jpg","medium":"https:\/\/images.epagine.fr\/631\/9782492898631_1_m.jpg","thumbnail":"https:\/\/images.epagine.fr\/631\/9782492898631_1_v.jpg"},"orderable":true,"show_badge":true,"formatted_price":"9,90&nbsp;\u20ac","formatted_published_date":"10 septembre 2025","publisher_availability_label":"Sur commande","short_details":"Collectif \u2014 PANDACRAFT","translator":null,"weight":119,"page_count":null,"readership":"\u00e0 partir de 4 ANS","editor":"PANDACRAFT","price":990,"published_date":"2025-09-09T22:00:00.000000Z","support":"Objet","publisher_availability":1,"stock":0,"editions":[],"url":"https:\/\/quaidesbrumes.com\/ouvrage\/9782492898631\/deplimondes-lespace-je-lis-je-deplie-je-joue"},{"id":"9782075086356","title":"Encyclop\u00e9die des religions","description":"Cette encyclop\u00e9die richement illustr\u00e9e offre un panorama tr\u00e8s large des religions actuellement pratiqu\u00e9es dans le monde.Les croyances, les rites et les pratiques sont expliqu\u00e9s en images. Chaque livre sacr\u00e9 est pr\u00e9sent\u00e9. Toutes les f\u00eates et toutes les c\u00e9r\u00e9monies qui rythment l'ann\u00e9e ou la vie des croyants sont racont\u00e9es. Avec plus de 700 photos d'objets sacr\u00e9s ou de lieux de culte, temples, synagogues, \u00e9glises ou mosqu\u00e9es, cet ouvrage propose un voyage culturel au coeur du patrimoine des religions les plus pratiqu\u00e9es aujourd'hui. Une encyclop\u00e9die indispensable pour avoir des rep\u00e8res culturels, historiques et g\u00e9ographiques essentiels qui aident \u00e0 comprendre le monde \u00e0 travers le prisme des religions.","authors":["Douglas Charing","Philip Wilkinson"],"category_codes":["2000000","2070000","2070200"],"visuals":{"large":"https:\/\/images.epagine.fr\/356\/9782075086356_1_75.jpg","medium":"https:\/\/images.epagine.fr\/356\/9782075086356_1_m.jpg","thumbnail":"https:\/\/images.epagine.fr\/356\/9782075086356_1_v.jpg"},"orderable":true,"show_badge":true,"formatted_price":"24,95&nbsp;\u20ac","formatted_published_date":"8 novembre 2018","publisher_availability_label":"Sur commande","short_details":"Douglas Charing, Philip Wilkinson \u2014 Gallimard Jeunesse","translator":null,"weight":1316,"page_count":256,"readership":"\u00e0 partir de 9 ANS","editor":"Gallimard Jeunesse","price":2495,"published_date":"2018-11-07T23:00:00.000000Z","support":"Grand format","publisher_availability":1,"stock":0,"editions":[],"url":"https:\/\/quaidesbrumes.com\/ouvrage\/9782075086356\/encyclopedie-des-religions"},{"id":"9782330120016","title":"Crocolou aime les oeufs de P\u00e2ques","description":"C'est P\u00e2ques ! \u00c0 l'\u00e9cole, Crocolou peint des oeufs pour pr\u00e9parer la f\u00eate. \u00c0 la maison, il aide ses parents \u00e0 tout d\u00e9corer pour la venue de Papi et Mamie. Papa cache des oeufs en chocolat dans le jardin. Crocolou et sa petite soeur Marilou vont-ils les retrouver ? \u00a0","authors":["Oph\u00e9lie Texier"],"category_codes":["2000000","2020000","2020400"],"visuals":{"large":"https:\/\/images.epagine.fr\/016\/9782330120016_1_75.jpg","medium":"https:\/\/images.epagine.fr\/016\/9782330120016_1_m.jpg","thumbnail":"https:\/\/images.epagine.fr\/016\/9782330120016_1_v.jpg"},"orderable":true,"show_badge":true,"formatted_price":"5,40&nbsp;\u20ac","formatted_published_date":"3 avril 2019","publisher_availability_label":"Sur commande","short_details":"Oph\u00e9lie Texier \u2014 Actes Sud Jeunesse","translator":null,"weight":90,"page_count":32,"readership":"3\/6 ans","editor":"Actes Sud Jeunesse","price":540,"published_date":"2019-04-02T22:00:00.000000Z","support":"Grand format","publisher_availability":1,"stock":0,"editions":[],"url":"https:\/\/quaidesbrumes.com\/ouvrage\/9782330120016\/crocolou-aime-les-oeufs-de-paques"},{"id":"9782492898563","title":"Les volcans : Construis ton volcan et d\u00e9clenche des \u00e9ruptions !","description":"R\u00e9alise une exp\u00e9rience scientifique incroyable : d\u00e9clenche des \u00e9ruptions volcaniques chez toi !\r\nAvec ton livre documentaire, apprends \u00e0 reconnaitre les diff\u00e9rents types d'\u00e9ruptions et accompagne les volcanologues dans leurs recherches.\r\nConstruis ta maquette de volcan et \u00e9tudie-la comme un vrai vulcanologue gr\u00e2ce \u00e0 :\r\n- ton mat\u00e9riel de chimie pour r\u00e9aliser des \u00e9ruptions waouh\r\n- ton carnet de scientifique pour noter tes observations\r\n- la recette pour r\u00e9aliser des \u00e9ruptions chez toi \u00e0 l'infini !","authors":["Collectif"],"category_codes":["2000000","2070000","2070500"],"visuals":{"large":"https:\/\/images.epagine.fr\/563\/9782492898563_1_75.jpg","medium":"https:\/\/images.epagine.fr\/563\/9782492898563_1_m.jpg","thumbnail":"https:\/\/images.epagine.fr\/563\/9782492898563_1_v.jpg"},"orderable":true,"show_badge":true,"formatted_price":"0,00&nbsp;\u20ac","formatted_published_date":"27 ao\u00fbt 2025","publisher_availability_label":"Sur commande","short_details":"Collectif \u2014 PANDACRAFT","translator":null,"weight":404,"page_count":null,"readership":"\u00e0 partir de 8 ANS","editor":"PANDACRAFT","price":0,"published_date":"2025-08-26T22:00:00.000000Z","support":"Objet","publisher_availability":1,"stock":0,"editions":[],"url":"https:\/\/quaidesbrumes.com\/ouvrage\/9782492898563\/les-volcans-construis-ton-volcan-et-declenche-des-eruptions"}]}