{"data":[{"id":"9782244106533","title":"Coloriage ; les doudous","description":null,"authors":["Marie-H\u00e9l\u00e8ne Gr\u00e9goire"],"category_codes":["2000000","2080000","2080300"],"visuals":{"large":"https:\/\/images.epagine.fr\/533\/9782244106533_1_75.jpg","medium":"https:\/\/images.epagine.fr\/533\/9782244106533_1_m.jpg","thumbnail":"https:\/\/images.epagine.fr\/533\/9782244106533_1_v.jpg"},"orderable":true,"show_badge":true,"formatted_price":"5,00&nbsp;\u20ac","formatted_published_date":"1er mars 2026","publisher_availability_label":"Sur commande","short_details":"Marie-H\u00e9l\u00e8ne Gr\u00e9goire \u2014 \u00c9ditions Lito","translator":null,"weight":225,"page_count":48,"readership":"\u00e0 partir de 18 mois","editor":"\u00c9ditions Lito","price":500,"published_date":"2026-02-28T23:00:00.000000Z","support":"Papeterie \/ Coloriage","publisher_availability":1,"stock":0,"editions":[],"url":"https:\/\/quaidesbrumes.com\/ouvrage\/9782244106533\/coloriage-les-doudous"},{"id":"9782821219366","title":"Pok\u00e9mon : Mon grand poster cherche-et-trouve \u00e0 colorier","description":"Un poster g\u00e9ant \u00e0 colorier pour partir \u00e0 la recherche des Pok\u00e9mon !\r\nUn super poster pour un super cherche-et-trouve ! Sur les deux faces du poster, deux sc\u00e8nes remplies de Pok\u00e9mon n'attendent qu'\u00e0 \u00eatre observ\u00e9es et colori\u00e9es. Pour les retrouver dans ces d\u00e9cors, il faudra r\u00e9soudre des \u00e9nigmes auxquelles seul un v\u00e9ritable Dresseur saurait r\u00e9pondre !\r\nLe poster indispensable pour des heures de jeu en compagnie de Pikachu et ses amis !\r\n \r\nEn bonus : 4 planches de stickers offertes !\r","authors":["The Pok\u00e9mon Company"],"category_codes":["2000000","2080000","2080300"],"visuals":{"large":"https:\/\/images.epagine.fr\/366\/9782821219366_1_75.jpg","medium":"https:\/\/images.epagine.fr\/366\/9782821219366_1_m.jpg","thumbnail":"https:\/\/images.epagine.fr\/366\/9782821219366_1_v.jpg"},"orderable":true,"show_badge":true,"formatted_price":"0,00&nbsp;\u20ac","formatted_published_date":"26 mars 2026","publisher_availability_label":"Sur commande","short_details":"The Pok\u00e9mon Company \u2014 Les Livres du Dragon d'Or","translator":null,"weight":136,"page_count":1,"readership":null,"editor":"Les Livres du Dragon d'Or","price":0,"published_date":"2026-03-25T23:00:00.000000Z","support":"Poster","publisher_availability":1,"stock":0,"editions":[],"url":"https:\/\/quaidesbrumes.com\/ouvrage\/9782821219366\/pokemon-mon-grand-poster-cherche-et-trouve-a-colorier"},{"id":"9782070616459","title":"L'oeuf","description":"L'oeuf de la poule et son poussin illustr\u00e9s par Ren\u00e9 Mettler. Mais sais-tu que le crocodile, la fourmi, le serpent, la grenouille ou l'escargot pondent aussi des oeufs ?","authors":["Collectif"],"category_codes":["2000000","2070000","2070200"],"visuals":{"large":"https:\/\/images.epagine.fr\/459\/9782070616459_1_75.jpg","medium":"https:\/\/images.epagine.fr\/459\/9782070616459_1_m.jpg","thumbnail":"https:\/\/images.epagine.fr\/459\/9782070616459_1_v.jpg"},"orderable":true,"show_badge":true,"formatted_price":"9,90&nbsp;\u20ac","formatted_published_date":"3 avril 2008","publisher_availability_label":"Sur commande","short_details":"Collectif \u2014 Gallimard Jeunesse","translator":null,"weight":370,"page_count":24,"readership":"\u00e0 partir de 2 ANS","editor":"Gallimard Jeunesse","price":990,"published_date":"2008-04-02T22:00:00.000000Z","support":"Grand format","publisher_availability":1,"stock":0,"editions":[],"url":"https:\/\/quaidesbrumes.com\/ouvrage\/9782070616459\/loeuf"},{"id":"9782211318228","title":"Elmer et le tr\u00e9sor perdu","description":"Ce matin, Elmer et son cousin Walter partent explorer la jungle avec trois autres \u00e9l\u00e9phants. Apr\u00e8s quelques p\u00e9rip\u00e9ties, ils d\u00e9couvrent un palais cach\u00e9 dans la v\u00e9g\u00e9tation. Statues, mosa\u00efques, fresques murales... il est magnifique. Et s'il abritait le Tr\u00e9sor Perdu dont parle la l\u00e9gende ?","authors":["David McKee"],"category_codes":["2000000","2030000","2030400"],"visuals":{"large":"https:\/\/images.epagine.fr\/228\/9782211318228_1_75.jpg","medium":"https:\/\/images.epagine.fr\/228\/9782211318228_1_m.jpg","thumbnail":"https:\/\/images.epagine.fr\/228\/9782211318228_1_v.jpg"},"orderable":true,"show_badge":true,"formatted_price":"6,00&nbsp;\u20ac","formatted_published_date":"27 avril 2022","publisher_availability_label":"Sur commande","short_details":"David McKee \u2014 L'\u00c9cole des loisirs","translator":null,"weight":86,"page_count":32,"readership":"3\/6 ans","editor":"L'\u00c9cole des loisirs","price":600,"published_date":"2022-04-26T22:00:00.000000Z","support":"Poche","publisher_availability":1,"stock":0,"editions":["9782378880262"],"url":"https:\/\/quaidesbrumes.com\/ouvrage\/9782211318228\/elmer-et-le-tresor-perdu"},{"id":"9782081497689","title":"Un poussin, un caneton","description":"Un poussin et un caneton sont n\u00e9s le m\u00eame jour dans la ferme. Ils ne se quittent pas, et le poussin imite en tout le caneton. Mais quand le poussin se jette \u00e0 l'eau, heureusement que le caneton est l\u00e0 pour le sauver! Tous les deux d\u00e9couvrent ainsi leurs diff\u00e9rences et aussi leur compl\u00e9mentarit\u00e9. Les voil\u00e0 amis pour la vie:l'un aidant l'autre tour \u00e0 tour.","authors":["Anne Fronsacq","S\u00e9bastien Pelon"],"category_codes":["2000000","2030000","2030400"],"visuals":{"large":"https:\/\/images.epagine.fr\/689\/9782081497689_1_75.jpg","medium":"https:\/\/images.epagine.fr\/689\/9782081497689_1_m.jpg","thumbnail":"https:\/\/images.epagine.fr\/689\/9782081497689_1_v.jpg"},"orderable":true,"show_badge":true,"formatted_price":"5,95&nbsp;\u20ac","formatted_published_date":"25 ao\u00fbt 2021","publisher_availability_label":"Sur commande","short_details":"Anne Fronsacq, S\u00e9bastien Pelon \u2014 P\u00e8re Castor","translator":null,"weight":112,"page_count":32,"readership":"3\/6 ans","editor":"P\u00e8re Castor","price":595,"published_date":"2021-08-24T22:00:00.000000Z","support":"Grand format","publisher_availability":1,"stock":0,"editions":[],"url":"https:\/\/quaidesbrumes.com\/ouvrage\/9782081497689\/un-poussin-un-caneton"},{"id":"9782226443977","title":"Arno, le valet de Nostradamus Tome 2 : la Cour des Miracles","description":"Alors qu'il commence \u00e0 s'habituer \u00e0 la compagnie de son nouveau ma\u00eetre, Arno se fait enlever. Son agresseur le ram\u00e8ne de force \u00e0 la Cour des Miracles, devant un roi des voleurs furieux. Face \u00e0 Melchior, pour sauver sa peau, le gar\u00e7on n'a d'autre choix que de mentir effront\u00e9ment. Il affirme n'avoir fr\u00e9quent\u00e9 Nostradamus et le palais des Tournelles que dans une optique de rep\u00e9rage, afin de mieux les piller ensuite... Cette d\u00e9claration s\u00e9duit Melchior, qui \u00e9labore aussit\u00f4t un plan pour d\u00e9rober les richesses royales. Cependant, de son c\u00f4t\u00e9, le c\u00e9l\u00e8bre m\u00e9decin s'inqui\u00e8te d\u00e9j\u00e0 de l'absence de son valet. Il est grand temps pour Arno de choisir son camp... \u00c0 partir de 8 ans","authors":["Annie Jay"],"category_codes":["2000000","2040000","2040500"],"visuals":{"large":"https:\/\/images.epagine.fr\/977\/9782226443977_1_75.jpg","medium":"https:\/\/images.epagine.fr\/977\/9782226443977_1_m.jpg","thumbnail":"https:\/\/images.epagine.fr\/977\/9782226443977_1_v.jpg"},"orderable":true,"show_badge":true,"formatted_price":"7,90&nbsp;\u20ac","formatted_published_date":"26 f\u00e9vrier 2020","publisher_availability_label":"Sur commande","short_details":"Annie Jay \u2014 Albin Michel","translator":null,"weight":242,"page_count":144,"readership":"\u00e0 partir de 8 ANS","editor":"Albin Michel","price":790,"published_date":"2020-02-25T23:00:00.000000Z","support":"Grand format","publisher_availability":1,"stock":0,"editions":[],"url":"https:\/\/quaidesbrumes.com\/ouvrage\/9782226443977\/arno-le-valet-de-nostradamus-tome-2-la-cour-des-miracles"},{"id":"9782211337595","title":"Gabi sur son skate","description":"Glisser, tourner, sauter... Le skate, \u00e7a a l'air facile, mais avant de se d\u00e9brouiller, il faut beaucoup s'entra\u00eener - et beaucoup tomber. Heureusement, Gabi peut compter sur son copain Milo pour lui apprendre les figures. Et sur sa maman pour soigner les bobos ! \r\n","authors":["Soledad Bravi"],"category_codes":["2000000","2040000","2040200"],"visuals":{"large":"https:\/\/images.epagine.fr\/595\/9782211337595_1_75.jpg","medium":"https:\/\/images.epagine.fr\/595\/9782211337595_1_m.jpg","thumbnail":"https:\/\/images.epagine.fr\/595\/9782211337595_1_v.jpg"},"orderable":true,"show_badge":true,"formatted_price":"7,50&nbsp;\u20ac","formatted_published_date":"15 mai 2024","publisher_availability_label":"Sur commande","short_details":"Soledad Bravi \u2014 L'\u00c9cole des loisirs","translator":null,"weight":88,"page_count":56,"readership":"\u00e0 partir de 6 ANS","editor":"L'\u00c9cole des loisirs","price":750,"published_date":"2024-05-14T22:00:00.000000Z","support":"Grand format","publisher_availability":1,"stock":0,"editions":[],"url":"https:\/\/quaidesbrumes.com\/ouvrage\/9782211337595\/gabi-sur-son-skate"},{"id":"9782700276749","title":"Les tisseurs de r\u00eaves Tome 1 : Manel et les m\u00e9lodies secr\u00e8tes","description":"Manel fait beaucoup de sacrifices pour devenir une grande violoniste. Elle n\u00e9glige ses camarades, m\u00eame Anouck et Liam qui ont des pouvoirs magiques et qui partagent son secret. Gr\u00e2ce \u00e0 son violon, Manel peut modifier la r\u00e9alit\u00e9 ! Mais quand des \u00e9v\u00e9nements anormaux se produisent dans son \u00e9cole, Manel ne peut plus rester \u00e0 l'\u00e9cart... Il y a un quatri\u00e8me Tisseurs de r\u00eaves et il a besoin d'aide.","authors":["Manon Fargetton"],"category_codes":["2000000","2040000","2040500","2040503"],"visuals":{"large":"https:\/\/images.epagine.fr\/749\/9782700276749_1_75.jpg","medium":"https:\/\/images.epagine.fr\/749\/9782700276749_1_m.jpg","thumbnail":"https:\/\/images.epagine.fr\/749\/9782700276749_1_v.jpg"},"orderable":true,"show_badge":true,"formatted_price":"12,70&nbsp;\u20ac","formatted_published_date":"15 septembre 2021","publisher_availability_label":"Sur commande","short_details":"Manon Fargetton \u2014 Rageot \u00c9diteur","translator":null,"weight":210,"page_count":160,"readership":"\u00e0 partir de 8 ANS","editor":"Rageot \u00c9diteur","price":1270,"published_date":"2021-09-14T22:00:00.000000Z","support":"Grand format","publisher_availability":1,"stock":0,"editions":[],"url":"https:\/\/quaidesbrumes.com\/ouvrage\/9782700276749\/les-tisseurs-de-reves-tome-1-manel-et-les-melodies-secretes"},{"id":"9782745992215","title":"Le ciel et l'espace","description":"\"Mes ann\u00e9es pourquoi\", collection documentaire qui d\u00e9veloppe, pour les petits, des encyclop\u00e9dies compl\u00e8tes, accessibles et modernes. Vraie r\u00e9f\u00e9rence d'images, tant pour les parents et leurs enfants que pour les enseignants. \u00c0 travers 4 grandes parties, l'enfant d\u00e9couvre le ciel, le syst\u00e8me solaire, comment observer l'Univers et la conqu\u00eate spatiale.","authors":["Collectif"],"category_codes":["2000000","2070000","2070500"],"visuals":{"large":"https:\/\/images.epagine.fr\/215\/9782745992215_1_75.jpg","medium":"https:\/\/images.epagine.fr\/215\/9782745992215_1_m.jpg","thumbnail":"https:\/\/images.epagine.fr\/215\/9782745992215_1_v.jpg"},"orderable":true,"show_badge":true,"formatted_price":"12,90&nbsp;\u20ac","formatted_published_date":"21 mars 2018","publisher_availability_label":"Sur commande","short_details":"Collectif \u2014 Milan","translator":null,"weight":563,"page_count":80,"readership":"\u00e0 partir de 4 ANS","editor":"Milan","price":1290,"published_date":"2018-03-20T23:00:00.000000Z","support":"Grand format","publisher_availability":1,"stock":0,"editions":[],"url":"https:\/\/quaidesbrumes.com\/ouvrage\/9782745992215\/le-ciel-et-lespace"},{"id":"9782408060886","title":"C'est quoi : L'\u00e9cologie ?","description":"Pourquoi on ne donne plus de sacs en plastique \u00e0 la caisse ? Pourquoi il faut r\u00e9duire les d\u00e9chets ? Pas plus de 2 \u00b0C : il vient d'o\u00f9, cet objectif pour la plan\u00e8te ? Pourquoi on a besoin des abeilles ? C'est quoi, le r\u00e9chauffement climatique ? L'\u00e9cologie fait aujourd'hui partie des programmes scolaires, et \u00e9coliers et coll\u00e9giens sont sensibilis\u00e9s au r\u00e9chauffement climatique, aux probl\u00e8mes de pollution ainsi qu'aux enjeux de la protection des ressources naturelles de notre plan\u00e8te. Des r\u00e9ponses en BD \u00e0 toutes ces questions, et \u00e0 bien d'autres, pour d\u00e9crypter les enjeux de l'\u00e9cologie.La BD comme vecteur d'explication\r\nDes BD directement issues des vid\u00e9os du magazine \u00ab 1jour1actu \u00bb. Ces vid\u00e9os p\u00e9dagogiques r\u00e9pondent chaque jour \u00e0 une question d'enfant en lien avec l'actu, en une minute et trente secondes. Le commentaire explicatif est toujours dr\u00f4le, le dessin est l\u00e9ger et espi\u00e8gle. L'intention est d'aider l'enfant \u00e0 construire son propre raisonnement et \u00e0 obtenir les cl\u00e9s qui lui permettront de se forger sa propre opinion. Chaque BD d\u00e9veloppe une id\u00e9e principale associ\u00e9e \u00e0 quelques id\u00e9es secondaires dont l'objectif est uniquement d'\u00e9tayer, d'\u00e9clairer, de contextualiser l'id\u00e9e principale.Infographies et rep\u00e8res\r\nPour relier toutes ces BD, s'ajoutent des pages-rep\u00e8res en d\u00e9but de chapitre. Sur la base d'infographies claires et pr\u00e9cises, des informations plus g\u00e9n\u00e9rales, toujours courtes et incisives, viennent compl\u00e9ter le sujet abord\u00e9. Des chiffres cl\u00e9s, des cartes et des cabochons permettent d'expliquer d'une fa\u00e7on tr\u00e8s simple la biodiversit\u00e9, les grands \u00e9cosyst\u00e8mes, les esp\u00e8ces menac\u00e9es, la pollution, le r\u00e9chauffement climatique et le d\u00e9veloppement durable. Ces pages fonctionnent comme des fiches techniques. Id\u00e9al pour pr\u00e9parer un expos\u00e9 !Un partenariat Milan\/France T\u00e9l\u00e9visions\u00a0\r\n\u00ab 1jour1actu \u00bb s'est associ\u00e9 \u00e0 France T\u00e9l\u00e9visions pour la cr\u00e9ation (\u00e0 partir de ses vid\u00e9os) et la diffusion de la s\u00e9rie quotidienne \u00ab 1jour1question \u00bb sur la cha\u00eene France 4. Chaque \u00e9pisode est diffus\u00e9 quatre fois dans la matin\u00e9e, puis est disponible en replay (6 saisons sur 10, 212 \u00e9pisodes sont toujours accessibles). La s\u00e9rie est aussi accessible sur le site Lumni, plateforme \u00e9ducative num\u00e9rique de l'audiovisuel public fran\u00e7ais.","authors":["Sophie Dussaussois","Jacques Azam"],"category_codes":["2000000","2070000","2070700"],"visuals":{"large":"https:\/\/images.epagine.fr\/886\/9782408060886_1_75.jpg","medium":"https:\/\/images.epagine.fr\/886\/9782408060886_1_m.jpg","thumbnail":"https:\/\/images.epagine.fr\/886\/9782408060886_1_v.jpg"},"orderable":true,"show_badge":true,"formatted_price":"6,90&nbsp;\u20ac","formatted_published_date":"27 ao\u00fbt 2025","publisher_availability_label":"Sur commande","short_details":"Sophie Dussaussois, Jacques Azam \u2014 Milan","translator":null,"weight":162,"page_count":64,"readership":"\u00e0 partir de 9 ANS","editor":"Milan","price":690,"published_date":"2025-08-26T22:00:00.000000Z","support":"Grand format","publisher_availability":1,"stock":0,"editions":[],"url":"https:\/\/quaidesbrumes.com\/ouvrage\/9782408060886\/cest-quoi-lecologie"},{"id":"9782374255293","title":"De la dictature","description":"Dans certains pays, une seule personne\r\nconcentre tous les pouvoirs et prend les d\u00e9cisions contre\r\nla majorit\u00e9. Le dictateur gouverne par la peur : ceux qui\r\nne lui ob\u00e9issent pas sont punis. Il n'y a pas de libert\u00e9 : il\r\nest interdit de penser autre chose que ce que pense le\r\ndictateur. Il n'y a pas davantage d'\u00e9galit\u00e9 : le dictateur\r\nd\u00e9fend les int\u00e9r\u00eats de quelques-uns, au d\u00e9triment des\r\nautres.\r\n\u00c0 un \u00e2ge o\u00f9 l'on commence \u00e0 d\u00e9velopper son esprit\r\ncritique, cet album souligne l'importance de penser par\r\nsoi-m\u00eame : ce n'est pas parce que quelqu'un affirme \u00eatre\r\nle plus grand, le plus beau, le plus intelligent, que cela\r\nest vrai. Personne n'a le droit de d\u00e9cider pour les autres,\r\nchacun est libre d'exprimer ses opinions et ses\r\nd\u00e9saccords pour enfin dire \u00ab non \u00e0 la dictature \u00bb et \u00ab oui\r\n\u00e0 la libert\u00e9 \u00bb !","authors":["Plantel","Mikel Casal"],"category_codes":["2000000","2070000","2070400"],"visuals":{"large":"https:\/\/images.epagine.fr\/293\/9782374255293_1_75.jpg","medium":"https:\/\/images.epagine.fr\/293\/9782374255293_1_m.jpg","thumbnail":"https:\/\/images.epagine.fr\/293\/9782374255293_1_v.jpg"},"orderable":true,"show_badge":true,"formatted_price":"13,90&nbsp;\u20ac","formatted_published_date":"2 septembre 2025","publisher_availability_label":"Sur commande","short_details":"Plantel, Mikel Casal \u2014 Rue de l''\u00e9chiquier","translator":null,"weight":166,"page_count":48,"readership":"\u00e0 partir de 6 ANS","editor":"Rue de l''\u00e9chiquier","price":1390,"published_date":"2025-09-01T22:00:00.000000Z","support":"Grand format","publisher_availability":1,"stock":0,"editions":[],"url":"https:\/\/quaidesbrumes.com\/ouvrage\/9782374255293\/de-la-dictature"},{"id":"9782377424160","title":"Sarah des Limbes","description":"Tomb\u00e9e dans le monde des Oubli\u00e9s, saura-t-elle en sortir ?\r\nOrpheline, insignifiante - presque invisible - aux yeux des autres, Sarah a bascul\u00e9 dans les Limbes, un univers parall\u00e8le o\u00f9 errent les \u00e2mes oubli\u00e9es. Traqu\u00e9e par un myst\u00e9rieux Contr\u00f4leur qui exige son \" permis d'exister \", elle comprend que plus le temps passe dans cette \u00e9trange dimension, plus elle risque d'y rester prisonni\u00e8re \u00e0 jamais. Entre cr\u00e9atures d\u00e9vorantes et fant\u00f4mes en tout genre, Sarah devra choisir : tenter de retrouver sa vie d'avant... ou r\u00e9volutionner ce monde de l'ombre ?\r\nUne histoire frissonnante dans un univers aussi fascinant que dangereux.","authors":["Maxime Fontaine","Benjamin Strickler"],"category_codes":["2000000","2050000","2050200"],"visuals":{"large":"https:\/\/images.epagine.fr\/160\/9782377424160_1_75.jpg","medium":"https:\/\/images.epagine.fr\/160\/9782377424160_1_m.jpg","thumbnail":"https:\/\/images.epagine.fr\/160\/9782377424160_1_v.jpg"},"orderable":true,"show_badge":true,"formatted_price":"12,95&nbsp;\u20ac","formatted_published_date":"25 septembre 2025","publisher_availability_label":"Sur commande","short_details":"Maxime Fontaine, Benjamin Strickler \u2014 Poulpe Fictions","translator":null,"weight":328,"page_count":256,"readership":"\u00e0 partir de 6 ANS","editor":"Poulpe Fictions","price":1295,"published_date":"2025-09-24T22:00:00.000000Z","support":"Grand format","publisher_availability":1,"stock":0,"editions":[],"url":"https:\/\/quaidesbrumes.com\/ouvrage\/9782377424160\/sarah-des-limbes"},{"id":"9782075210058","title":"Cherche et trouve : Gruffalo et compagnie","description":"Gruffalo et Petit Gruffalo, le g\u00e9ant \u00e9l\u00e9gant, la baleine et l'escargote, la sorci\u00e8re dans les airs... Les c\u00e9l\u00e8bres personnages cr\u00e9\u00e9s par le duo Donaldson-Scheffler sont r\u00e9unis dans ce cherche et trouve original. Plongez dans 14 grandes sc\u00e8nes immersives \u00e0 la recherche des h\u00e9ros connus des enfants et de mille autres d\u00e9tails, avec, au total, plus de 120 \u00e9l\u00e9ments \u00e0 trouver !","authors":["Julia Donaldson","Axel Scheffler"],"category_codes":["2000000","2030000","2030400"],"visuals":{"large":"https:\/\/images.epagine.fr\/058\/9782075210058_1_75.jpg","medium":"https:\/\/images.epagine.fr\/058\/9782075210058_1_m.jpg","thumbnail":"https:\/\/images.epagine.fr\/058\/9782075210058_1_v.jpg"},"orderable":true,"show_badge":false,"formatted_price":"14,90&nbsp;\u20ac","formatted_published_date":"3 octobre 2024","publisher_availability_label":"Sur commande","short_details":"Julia Donaldson, Axel Scheffler \u2014 Gallimard Jeunesse","translator":null,"weight":408,"page_count":40,"readership":"3\/6 ans","editor":"Gallimard Jeunesse","price":1490,"published_date":"2024-10-02T22:00:00.000000Z","support":"Grand format","publisher_availability":1,"stock":1,"editions":[],"url":"https:\/\/quaidesbrumes.com\/ouvrage\/9782075210058\/cherche-et-trouve-gruffalo-et-compagnie"},{"id":"9782075217668","title":"Le roi qui tombait amoureux","description":"Musique de Karol Beffa. Interpr\u00e9t\u00e9e par Karol Beffa, Renaud Capu\u00e7on, Paul Meyer et Edgar Moreau. Racont\u00e9 par Guillaume Gallienne. Contient un CD audio + un QR code. Dur\u00e9e d'\u00e9coute\u00a0:\u00a025 min","authors":["Mathieu Laine"],"category_codes":["2000000","2030000","2030400"],"visuals":{"large":"https:\/\/images.epagine.fr\/668\/9782075217668_1_75.jpg","medium":"https:\/\/images.epagine.fr\/668\/9782075217668_1_m.jpg","thumbnail":"https:\/\/images.epagine.fr\/668\/9782075217668_1_v.jpg"},"orderable":true,"show_badge":true,"formatted_price":"24,90&nbsp;\u20ac","formatted_published_date":"2 octobre 2025","publisher_availability_label":"Sur commande","short_details":"Mathieu Laine \u2014 Gallimard Jeunesse","translator":null,"weight":450,"page_count":40,"readership":"3\/6 ans","editor":"Gallimard Jeunesse","price":2490,"published_date":"2025-10-01T22:00:00.000000Z","support":"Livre + CD Audio","publisher_availability":1,"stock":0,"editions":[],"url":"https:\/\/quaidesbrumes.com\/ouvrage\/9782075217668\/le-roi-qui-tombait-amoureux"},{"id":"9782266326650","title":"La fille renard et le festin fantastique","description":"L'aventure et la magie se cachent dans chaque tasse de th\u00e9 !\r\nLe salon de th\u00e9 ambulant qui est devenu le foyer de Faye Fox et de ses amis est vol\u00e9 par une cr\u00e9ature malfaisante. Pour le r\u00e9cup\u00e9rer, elle doit participer \u00e0 une comp\u00e9tition p\u00e9rilleuse organis\u00e9e par la reine des f\u00e9es : le Festin Fantastique.\r\nMais on ne va pas lui faciliter la t\u00e2che... Car quand des membres de la cour des f\u00e9es commencent \u00e0 \u00eatre enlev\u00e9s, la reine accuse Faye de leur disparition. L'apprentie sorci\u00e8re devra donc aussi prouver son innocence ! Tout en d\u00e9jouant les pi\u00e8ges du tournoi, les amis de la Boutique-sur-Pattes m\u00e8nent l'enqu\u00eate, et d\u00e9couvrent peu \u00e0 peu que quelque chose de bien plus sinistre est en jeu...","authors":["Andy Sagar","Emmanuel Gros"],"category_codes":["2000000","2040000","2040500","2040504"],"visuals":{"large":"https:\/\/images.epagine.fr\/650\/9782266326650_1_75.jpg","medium":"https:\/\/images.epagine.fr\/650\/9782266326650_1_m.jpg","thumbnail":"https:\/\/images.epagine.fr\/650\/9782266326650_1_v.jpg"},"orderable":true,"show_badge":true,"formatted_price":"16,50&nbsp;\u20ac","formatted_published_date":"20 juin 2024","publisher_availability_label":"Sur commande","short_details":"Andy Sagar, Emmanuel Gros \u2014 Pocket Jeunesse","translator":"EMMANUEL GROS","weight":376,"page_count":352,"readership":"9\/12 ans","editor":"Pocket Jeunesse","price":1650,"published_date":"2024-06-19T22:00:00.000000Z","support":"Grand format","publisher_availability":1,"stock":0,"editions":[],"url":"https:\/\/quaidesbrumes.com\/ouvrage\/9782266326650\/la-fille-renard-et-le-festin-fantastique"},{"id":"9782492768620","title":"Une si longue vie","description":"Le saviez-vous\u00a0? Un \u00e9l\u00e9phant vit en moyenne 60 ans. Cela repr\u00e9sente 100 vies d'un papillon. La poule, elle, vit en moyenne 12 ans, soit 3 vies de renard mais aussi 3 vies de lombric... Dans des compositions color\u00e9es, Giulia Vetri compare les long\u00e9vit\u00e9s des animaux, avec une pr\u00e9sence humaine en rep\u00e8re. Elle part des plus br\u00e8ves, avec le c\u00e9l\u00e8bre \u00e9ph\u00e9m\u00e8re, jusqu'aux plus longues\u00a0:\u00a0c\u00e9tac\u00e9s bicentenaires, arbres, coraux mill\u00e9naires et la m\u00e9duse immortelle... Certaines planches regroupent des animaux qui partagent la m\u00eame long\u00e9vit\u00e9, d'autres posent des \u00e9quivalences ludiques qui cr\u00e9ent parfois des surprises. Une partie documentaire captivante explique les facteurs qui influent sur la dur\u00e9e de vie d'un \u00eatre vivant\u00a0:\u00a0s'agit-il d'un m\u00e2le, d'une femelle\u00a0? d'un animal sauvage, domestique, en captivit\u00e9\u00a0? son milieu naturel connait-il des bouleversements\u00a0?","authors":["Giulia Vetri"],"category_codes":["2000000","2030000","2030400"],"visuals":{"large":"https:\/\/images.epagine.fr\/620\/9782492768620_1_75.jpg","medium":"https:\/\/images.epagine.fr\/620\/9782492768620_1_m.jpg","thumbnail":"https:\/\/images.epagine.fr\/620\/9782492768620_1_v.jpg"},"orderable":true,"show_badge":true,"formatted_price":"20,00&nbsp;\u20ac","formatted_published_date":"27 f\u00e9vrier 2025","publisher_availability_label":"Sur commande","short_details":"Giulia Vetri \u2014 La Partie","translator":null,"weight":520,"page_count":48,"readership":"3\/6 ans","editor":"La Partie","price":2000,"published_date":"2025-02-26T23:00:00.000000Z","support":"Grand format","publisher_availability":1,"stock":0,"editions":[],"url":"https:\/\/quaidesbrumes.com\/ouvrage\/9782492768620\/une-si-longue-vie"},{"id":"9782408053987","title":"J'\u00e9l\u00e8ve mon chat","description":"Le chat n'est-il pas devenu notre meilleur ami ? On peut le croire au nombre de vid\u00e9os de chat qui sont diffus\u00e9es sur Instagram ou sur TikTok ! Envie d'en adopter un ? de faire le grand saut ? Alors voil\u00e0 le livre id\u00e9al pour apprendre \u00e0 en prendre soin avec le plus de respect possible. Ce \u00ab Copain \u00bb propose 35 activit\u00e9s sympas, class\u00e9es en 4 rubriques autour de sa personnalit\u00e9, son territoire, ses activit\u00e9s pr\u00e9f\u00e9r\u00e9es et son bien-\u00eatre.  Langage et ronronnements Chaque chat est unique, bien s\u00fbr. Mais c'est d'abord un chat, qui r\u00e9agit comme tous ceux de son esp\u00e8ce. En sachant l'observer et d\u00e9coder ses r\u00e9actions, on communiquera mieux avec lui pour qu'il reste \u00ab bien dans sa t\u00eate \u00bb en toutes circonstances ! Voil\u00e0 donc plein de conseils pour comprendre les signaux qu'il envoie, \u00e9tablir la meilleure des relations... Entre eux, les chats miaulent assez peu et communiquent surtout par des postures ou des odeurs. La voix est plut\u00f4t r\u00e9serv\u00e9e aux \u00e9motions fortes : disputes, saison des amours, cris des chatons... Avec les humains, ils peuvent \u00eatre beaucoup plus bavards. Le chat module sa voix, du petit miaulement au cri rauque, en passant par toutes les nuances. Selon le contexte et le ton, on va apprendre \u00e0 d\u00e9crypter ce qu'il dit ! Le ronronnement sert aussi \u00e0 communiquer. La chatte le fait quand elle allaite, pour rassurer ses petits. Un chat peut ronronner pour \u00e9viter un conflit avec un autre chat. Ou pour se rassurer lui-m\u00eame, quand il est stress\u00e9 ! Cela peut \u00eatre aussi pour nous solliciter, en r\u00e9clamant \u00e0 manger... ou un c\u00e2lin. Le chat est un malin ! Territoire et confort de vie Ne jamais oublier que son chat est d'abord un chasseur, un fauve en miniature. Alors, m\u00eame en appartement, il faut lui offrir l'occasion de se d\u00e9fouler \u00e0 travers toutes sortes de jeux et d'activit\u00e9s ; cela lui permettra de laisser jaillir son instinct (et ses griffes) ! Comment faire plaisir \u00e0 son chat ? En am\u00e9nageant son univers ! On va donc ici apprendre \u00e0 construire des paniers, des abris, des choses \u00e0 griffer ou \u00e0 escalader... Les id\u00e9es et les astuces ne manquent pas, et pour ces bricolages souvent simples, on utilisera un maximum d'objets recycl\u00e9s. Et qu'il vive en pleine campagne, dans une maison avec un jardin ou en appartement, le chat s'adaptera au territoire disponible. \u00c0 nous de lui proposer un domaine id\u00e9al ! Et les chats libres ? Dans chaque ville, il y a des associations qui s'occupent des chats libres. D\u00e9couvrons-les et faisons un petit tour des am\u00e9nagements n\u00e9cessaires et de l'aide dont elles ont besoin. Il est toujours possible d'y participer avec sa famille, son \u00e9cole, ses amis... Et lorsqu'on croise un chat libre, dans tous les cas, le mieux est de le laisser venir \u00e0 nous. On apprendra \u00e0 ne jamais forcer le contact et \u00e0 se mettre \u00e0 son rythme. L'id\u00e9al est de s'accroupir \u00e0 sa hauteur et de tendre la main pour qu'il la flaire. Pour d\u00e9buter une relation, tous ces petits f\u00e9lins appr\u00e9cieront les m\u00eames r\u00e8gles simples, bas\u00e9es sur l'autonomie, le calme et la confiance. Pr\u00eat(e) \u00e0 adopter ?","authors":["St\u00e9phane Frattini","Fabrice Mosca","Julie Guillem"],"category_codes":["2000000","2060000","2060500"],"visuals":{"large":"https:\/\/images.epagine.fr\/987\/9782408053987_1_75.jpg","medium":"https:\/\/images.epagine.fr\/987\/9782408053987_1_m.jpg","thumbnail":"https:\/\/images.epagine.fr\/987\/9782408053987_1_v.jpg"},"orderable":true,"show_badge":true,"formatted_price":"12,90&nbsp;\u20ac","formatted_published_date":"5 mars 2025","publisher_availability_label":"Sur commande","short_details":"St\u00e9phane Frattini, Fabrice Mosca, Julie Guillem \u2014 Milan","translator":null,"weight":356,"page_count":112,"readership":"\u00e0 partir de 6 ANS","editor":"Milan","price":1290,"published_date":"2025-03-04T23:00:00.000000Z","support":"Grand format","publisher_availability":1,"stock":0,"editions":[],"url":"https:\/\/quaidesbrumes.com\/ouvrage\/9782408053987\/jeleve-mon-chat"},{"id":"9782378767846","title":"La revanche d'une princesse","description":"L'amour est un champ de bataille et elle est pr\u00eate \u00e0 en d\u00e9coudre.\r\nTout semble sourire \u00e0 Cl\u00edodhna, la princesse d'\u00c1lainndore. Elle est promise depuis l'enfance au prince Domhnall et leur union approche \u00e0 grands pas. Dommage que ce dernier rompe brutalement leurs fian\u00e7ailles, pr\u00e9textant qu'elle n'est pas \u00e0 la hauteur pour \u00eatre sa reine.\r\n\r\nLe coeur bris\u00e9 et d\u00e9termin\u00e9e \u00e0 lui donner tort, Cl\u00eda s'enr\u00f4le dans la prestigieuse acad\u00e9mie militaire de Caisle\u00e1n Costa. Mais elle se retrouve bient\u00f4t au beau milieu d'un conflit qui s'\u00e9tendra \u00e0 son royaume si elle n'y met pas fin. Avec l'aide de Ronan, capitaine de la garde et meilleur ami de Domhnall, Cl\u00eda devra user de toutes les armes \u00e0 sa disposition, car elle compte bien montrer \u00e0 tous ceux qui la sous-estiment de quoi une princesse en col\u00e8re est capable.","authors":["Cait Jacobs","Camille Cosson"],"category_codes":["2000000","2050000","2050200","2050204"],"visuals":{"large":"https:\/\/images.epagine.fr\/846\/9782378767846_1_75.jpg","medium":"https:\/\/images.epagine.fr\/846\/9782378767846_1_m.jpg","thumbnail":"https:\/\/images.epagine.fr\/846\/9782378767846_1_v.jpg"},"orderable":true,"show_badge":true,"formatted_price":"25,90&nbsp;\u20ac","formatted_published_date":"13 novembre 2025","publisher_availability_label":"Sur commande","short_details":"Cait Jacobs, Camille Cosson \u2014 Ds De Saxus","translator":"CAMILLE COSSON","weight":628,"page_count":528,"readership":"\u00e0 partir de 12 ANS","editor":"Ds De Saxus","price":2590,"published_date":"2025-11-12T23:00:00.000000Z","support":"Grand format","publisher_availability":1,"stock":0,"editions":[],"url":"https:\/\/quaidesbrumes.com\/ouvrage\/9782378767846\/la-revanche-dune-princesse"},{"id":"9782278132010","title":"Les Archipels engloutis","description":"Atlas, pupille de l'alchimiste du roi, ne r\u00eave que d'une chose : rejoindre l'escadron des Ouragans, une arm\u00e9e ail\u00e9e qui se rend r\u00e9guli\u00e8rement au coeur du Cyclone. Le ph\u00e9nom\u00e8ne a isol\u00e9 le royaume d'une partie de ses \u00eeles et risque de le faire sombrer dans le chaos depuis des g\u00e9n\u00e9rations. Les soldats sont les seuls \u00e0 risquer leur vie pour le comprendre et le ma\u00eetriser. Nymu\u00eb, elle, vient de l'autre c\u00f4t\u00e9 des nuages, de cet archipel mythique qui vit dans les l\u00e9gendes. Elle est charg\u00e9e d'une mission : d\u00e9couvrir qui menace son peuple, car si le Cyclone existe, c'est pour les prot\u00e9ger. Et pour cela, elle est pr\u00eate \u00e0 tout, comme sympathiser avec Atlas et s'infiltrer dans les plus hautes sph\u00e8res pour atteindre le Palais Royal.\r\nLe mal vient de la mer, et l\u00e0 o\u00f9 le tonnerre gronde, les plus grands secrets sont pr\u00eats \u00e0 \u00e9clater.","authors":["Nancy Guilbert","Martin Meyronne"],"category_codes":["2000000","2050000","2050200"],"visuals":{"large":"https:\/\/images.epagine.fr\/010\/9782278132010_1_75.jpg","medium":"https:\/\/images.epagine.fr\/010\/9782278132010_1_m.jpg","thumbnail":"https:\/\/images.epagine.fr\/010\/9782278132010_1_v.jpg"},"orderable":true,"show_badge":true,"formatted_price":"18,50&nbsp;\u20ac","formatted_published_date":"17 septembre 2025","publisher_availability_label":"Sur commande","short_details":"Nancy Guilbert, Martin Meyronne \u2014 Didier jeunesse","translator":null,"weight":518,"page_count":480,"readership":"\u00e0 partir de 12 ANS","editor":"Didier jeunesse","price":1850,"published_date":"2025-09-16T22:00:00.000000Z","support":"Grand format","publisher_availability":1,"stock":0,"editions":[],"url":"https:\/\/quaidesbrumes.com\/ouvrage\/9782278132010\/les-archipels-engloutis"},{"id":"9782383224815","title":"Notre amour \u00e0 l'infini","description":"Un livre plein de tendresse et aux douces aquarelles pour rappeler le soutien et l'amour ind\u00e9fectibles d'un parent.\r\n\"Notre amour est plus grand qu'une rivi\u00e8re.\r\nIl s'\u00e9l\u00e8ve plus haut que les arbres.\r\nNotre amour est dans chaque chose...\r\ncar notre amour est partout.\r\nUn livre plein de tendresse pour d\u00e9couvrir la beaut\u00e9 de l'amour inconditionnel, et rappeler aux petits le soutien et l'affection ind\u00e9fectibles d'un parent.\"","authors":["Fatima Ordinola"],"category_codes":["2000000","2030000","2030400"],"visuals":{"large":"https:\/\/images.epagine.fr\/815\/9782383224815_1_75.jpg","medium":"https:\/\/images.epagine.fr\/815\/9782383224815_1_m.jpg","thumbnail":"https:\/\/images.epagine.fr\/815\/9782383224815_1_v.jpg"},"orderable":true,"show_badge":true,"formatted_price":"14,95&nbsp;\u20ac","formatted_published_date":"12 f\u00e9vrier 2026","publisher_availability_label":"Sur commande","short_details":"Fatima Ordinola \u2014 \u00c9ditions Kimane","translator":null,"weight":474,"page_count":36,"readership":"3\/6 ans","editor":"\u00c9ditions Kimane","price":1495,"published_date":"2026-02-11T23:00:00.000000Z","support":"Grand format","publisher_availability":1,"stock":0,"editions":[],"url":"https:\/\/quaidesbrumes.com\/ouvrage\/9782383224815\/notre-amour-a-linfini"},{"id":"9791039550161","title":"L'\u00e9change : \u00e0 la base, on voulait juste qu'il se passe un truc","description":"\u00ab Je suis \u00e0 genoux dans les feuilles et je le supplie de ne pas tirer, mais il ne m'entend pas, il ne voit pas non plus que je pleure.\r\nOn n'a rien maitris\u00e9, rien anticip\u00e9, comment on pouvait se douter ? Tout a d\u00e9rap\u00e9 en si peu de temps. Et maintenant, c'est trop tard. \u00bb\r\n\r\nAvoir dix-huit ans dans un bled paum\u00e9, c'est l'enfer.\r\nC'est comme \u00e7a qu'on a eu cette id\u00e9e : pendant l'\u00e9t\u00e9, tout le monde s'\u00e9change les maisons.  \r\nMais tout n'est pas rose derri\u00e8re les portes des voisins. \r\nChacun a ses secrets, et certains sont plus dangereux que d'autres...\r\n","authors":["Herv\u00e9 Comm\u00e8re"],"category_codes":["2000000","2050000","2050200"],"visuals":{"large":"https:\/\/images.epagine.fr\/161\/9791039550161_1_75.jpg","medium":"https:\/\/images.epagine.fr\/161\/9791039550161_1_m.jpg","thumbnail":"https:\/\/images.epagine.fr\/161\/9791039550161_1_v.jpg"},"orderable":true,"show_badge":true,"formatted_price":"16,95&nbsp;\u20ac","formatted_published_date":"4 octobre 2024","publisher_availability_label":"Sur commande","short_details":"Herv\u00e9 Comm\u00e8re \u2014 Auzou","translator":null,"weight":574,"page_count":432,"readership":"\u00e0 partir de 12 ANS","editor":"Auzou","price":1695,"published_date":"2024-10-03T22:00:00.000000Z","support":"Grand format","publisher_availability":1,"stock":0,"editions":[],"url":"https:\/\/quaidesbrumes.com\/ouvrage\/9791039550161\/lechange-a-la-base-on-voulait-juste-quil-se-passe-un-truc"},{"id":"9782215194613","title":"Les trains","description":"Un livre-jeu avec 5 trains \u00e0 faire rouler sur des circuits gr\u00e2ce \u00e0 une pi\u00e8ce mobile \u00e0 faire coulisser.\r\nDes images l\u00e9gend\u00e9es pour d\u00e9couvrir les trains et des questions\/jeux d'observation pour une lecture interactive.\r\nLe livre id\u00e9al pour les enfants qui aiment toutes les sortes de trains : les trains \u00e0 vapeur, les trains de marchandises, les trains \u00e0 grande vitesse...et m\u00eame les m\u00e9tros !\r","authors":["Johnny Dyrander"],"category_codes":["2000000","2020000","2020200"],"visuals":{"large":"https:\/\/images.epagine.fr\/613\/9782215194613_1_75.jpg","medium":"https:\/\/images.epagine.fr\/613\/9782215194613_1_m.jpg","thumbnail":"https:\/\/images.epagine.fr\/613\/9782215194613_1_v.jpg"},"orderable":true,"show_badge":false,"formatted_price":"12,95&nbsp;\u20ac","formatted_published_date":"21 f\u00e9vrier 2025","publisher_availability_label":"Sur commande","short_details":"Johnny Dyrander \u2014 Fleurus","translator":null,"weight":366,"page_count":8,"readership":"0\/3 ans","editor":"Fleurus","price":1295,"published_date":"2025-02-20T23:00:00.000000Z","support":"Grand format","publisher_availability":1,"stock":1,"editions":[],"url":"https:\/\/quaidesbrumes.com\/ouvrage\/9782215194613\/les-trains"},{"id":"9782374086033","title":"D\u00e9tectives Grebor : De p\u00e8re en fille","description":"Paris, 1984. Ombeline est une coll\u00e9gienne de douze ans dont le p\u00e8re est d\u00e9tective. Mais les clients se font rares et les fins de mois sont difficiles. BINGO ! Les voici contact\u00e9s par la grande star de la chanson Franky Fran\u00e7ois. Entre les fans en d\u00e9lire et les nombreux suspects, cette enqu\u00eate leur r\u00e9servera bien des surprises !\r","authors":["Carole Tr\u00e9bor","Yves Grevet","Benjamin Chaud"],"category_codes":["2000000","2040000","2040500","2040507"],"visuals":{"large":"https:\/\/images.epagine.fr\/033\/9782374086033_1_75.jpg","medium":"https:\/\/images.epagine.fr\/033\/9782374086033_1_m.jpg","thumbnail":"https:\/\/images.epagine.fr\/033\/9782374086033_1_v.jpg"},"orderable":true,"show_badge":true,"formatted_price":"13,50&nbsp;\u20ac","formatted_published_date":"13 septembre 2024","publisher_availability_label":"Sur commande","short_details":"Carole Tr\u00e9bor, Yves Grevet, Benjamin Chaud \u2014 Little Urban","translator":null,"weight":344,"page_count":248,"readership":"\u00e0 partir de 9 ANS","editor":"Little Urban","price":1350,"published_date":"2024-09-12T22:00:00.000000Z","support":"Grand format","publisher_availability":1,"stock":0,"editions":[],"url":"https:\/\/quaidesbrumes.com\/ouvrage\/9782374086033\/detectives-grebor-de-pere-en-fille"},{"id":"9782012248175","title":"Madame Acrobate","description":"Monsieur Non, Madame Canaille, Monsieur Costaud et tous leurs amis. Des personnages connus de tous les enfants pour d\u00e9couvrir les traits de caract\u00e8res et les premi\u00e8res notions avec humour. Une collection de r\u00e9f\u00e9rence, fortement prescrite dans les \u00e9coles.","authors":["Roger Hargreaves"],"category_codes":["2000000","2030000","2030400"],"visuals":{"large":"https:\/\/images.epagine.fr\/175\/9782012248175_1_75.jpg","medium":"https:\/\/images.epagine.fr\/175\/9782012248175_1_m.jpg","thumbnail":"https:\/\/images.epagine.fr\/175\/9782012248175_1_v.jpg"},"orderable":true,"show_badge":true,"formatted_price":"2,90&nbsp;\u20ac","formatted_published_date":"16 ao\u00fbt 2007","publisher_availability_label":"Sur commande","short_details":"Roger Hargreaves \u2014 Hachette Jeunesse","translator":null,"weight":54,"page_count":40,"readership":"\u00e0 partir de 4 ANS","editor":"Hachette Jeunesse","price":290,"published_date":"2007-08-15T22:00:00.000000Z","support":"Poche","publisher_availability":1,"stock":0,"editions":[],"url":"https:\/\/quaidesbrumes.com\/ouvrage\/9782012248175\/madame-acrobate"}]}