{"data":[{"id":"9782017273523","title":"Destins de champions Tome 11 : Une biographie de Rafael Nadal","description":"Record de victoires \u00e0 Roland-Garros, m\u00e9daille d'or olympique de tennis, 22 titres du Grand Chelem, le palmar\u00e8s de Rafael Nadal fascine et suscite l'admiration. Petit d\u00e9j\u00e0, l'Espagnol impressionnait par son endurance, sa volont\u00e9 et son attitude sur le terrain. Red\u00e9couvre le parcours de ce champion exceptionnel dans cette biographie in\u00e9dite !\r\n\r\nUne biographie \u00e9crite par Luca Caioli et Cyril Collot, journalistes sportifs auteurs de nombreux ouvrages sur les plus grands champions.","authors":["Luca Caioli","Cyril Collot"],"category_codes":["2000000","2040000","2040500"],"visuals":{"large":"https:\/\/images.epagine.fr\/523\/9782017273523_1_75.jpg","medium":"https:\/\/images.epagine.fr\/523\/9782017273523_1_m.jpg","thumbnail":"https:\/\/images.epagine.fr\/523\/9782017273523_1_v.jpg"},"orderable":true,"show_badge":true,"formatted_price":"5,90&nbsp;\u20ac","formatted_published_date":"2 mai 2024","publisher_availability_label":"Sur commande","short_details":"Luca Caioli, Cyril Collot \u2014 Hachette Jeunesse","translator":null,"weight":136,"page_count":128,"readership":"\u00e0 partir de 8 ANS","editor":"Hachette Jeunesse","price":590,"published_date":"2024-05-01T22:00:00.000000Z","support":"Poche","publisher_availability":1,"stock":0,"editions":[],"url":"https:\/\/quaidesbrumes.com\/ouvrage\/9782017273523\/destins-de-champions-tome-11-une-biographie-de-rafael-nadal"},{"id":"9782211317665","title":"Jean a deux mamans","description":"Jean a deux mamans. Une maman ou deux mamans, est-ce vraiment si diff\u00e9rent ? Oui, s\u00fbrement. Mais qu'en pense Jean ?\r","authors":["Oph\u00e9lie Texier"],"category_codes":["2000000","2020000","2020400"],"visuals":{"large":"https:\/\/images.epagine.fr\/665\/9782211317665_1_75.jpg","medium":"https:\/\/images.epagine.fr\/665\/9782211317665_1_m.jpg","thumbnail":"https:\/\/images.epagine.fr\/665\/9782211317665_1_v.jpg"},"orderable":true,"show_badge":true,"formatted_price":"9,00&nbsp;\u20ac","formatted_published_date":"6 d\u00e9cembre 2021","publisher_availability_label":"Sur commande","short_details":"Oph\u00e9lie Texier \u2014 L'\u00c9cole des loisirs","translator":null,"weight":230,"page_count":20,"readership":"0\/3 ans","editor":"L'\u00c9cole des loisirs","price":900,"published_date":"2021-12-05T23:00:00.000000Z","support":"Grand format","publisher_availability":1,"stock":0,"editions":[],"url":"https:\/\/quaidesbrumes.com\/ouvrage\/9782211317665\/jean-a-deux-mamans"},{"id":"9782330069926","title":"Jean-Michel et la r\u00e9volution en Poponie","description":"Panique au pays des petits poneys ! Le Grand Matou a pris le pouvoir et instaure une terrible dictature. La Poponie est en train de devenir un poney-club strict o\u00f9 tous les habitants doivent, entre autres, avoir la m\u00eame couleur de crini\u00e8re... Heureusement, Jean-Michel le caribou d\u00e9barque \u00e0 leur rescousse pour faire la r\u00e9volution ! Les aventures du super-h\u00e9ros imagin\u00e9 par Magali Le Huche continuent en bande dessin\u00e9e avant d'occuper bient\u00f4t les \u00e9crans. Fous rires garantis.\r","authors":["Magali Le Huche"],"category_codes":["2000000","2030000","2030400"],"visuals":{"large":"https:\/\/images.epagine.fr\/926\/9782330069926_1_75.jpg","medium":"https:\/\/images.epagine.fr\/926\/9782330069926_1_m.jpg","thumbnail":"https:\/\/images.epagine.fr\/926\/9782330069926_1_v.jpg"},"orderable":true,"show_badge":true,"formatted_price":"13,50&nbsp;\u20ac","formatted_published_date":"9 novembre 2016","publisher_availability_label":"Sur commande","short_details":"Magali Le Huche \u2014 Actes Sud Jeunesse","translator":null,"weight":264,"page_count":40,"readership":"\u00e0 partir de 5 ANS","editor":"Actes Sud Jeunesse","price":1350,"published_date":"2016-11-08T23:00:00.000000Z","support":"Grand format","publisher_availability":1,"stock":0,"editions":[],"url":"https:\/\/quaidesbrumes.com\/ouvrage\/9782330069926\/jean-michel-et-la-revolution-en-poponie"},{"id":"9782408013844","title":"Copain des oiseaux ; le guide des jeunes ornithologues","description":"D'o\u00f9 vient la couleur des flamants ? O\u00f9 vont les hirondelles en hiver ? \u00c0 quelle vitesse peut foncer un rapace ?\r\nCapables de parcourir des milliers de kilom\u00e8tres, les oiseaux nous intriguent et nous fascinent. Ce livre d\u00e9voile leurs plus grands secrets. On y d\u00e9couvre pourquoi le toucan a un si gros bec ou encore comment fait le perroquet pour compter des cacahu\u00e8tes. Il explique aussi comment identifier les chants des oiseaux et propose la construction de nichoirs et mangeoires. Un ouvrage pour tout savoir sur les oiseaux du monde entier, des plus familiers aux plus \u00e9tonnants.","authors":["Collectif"],"category_codes":["2000000","2070000","2070300"],"visuals":{"large":"https:\/\/images.epagine.fr\/844\/9782408013844_1_75.jpg","medium":"https:\/\/images.epagine.fr\/844\/9782408013844_1_m.jpg","thumbnail":"https:\/\/images.epagine.fr\/844\/9782408013844_1_v.jpg"},"orderable":true,"show_badge":true,"formatted_price":"15,50&nbsp;\u20ac","formatted_published_date":"17 avril 2019","publisher_availability_label":"Sur commande","short_details":"Collectif \u2014 Milan","translator":null,"weight":843,"page_count":256,"readership":null,"editor":"Milan","price":1550,"published_date":"2019-04-16T22:00:00.000000Z","support":"Grand format","publisher_availability":1,"stock":0,"editions":[],"url":"https:\/\/quaidesbrumes.com\/ouvrage\/9782408013844\/copain-des-oiseaux-le-guide-des-jeunes-ornithologues"},{"id":"3575678940226","title":"Petit chien bleu ; peluche","description":null,"authors":["Nadja"],"category_codes":["2000000","2080000","2080100"],"visuals":{"large":"https:\/\/images.epagine.fr\/226\/3575678940226_1_75.jpg","medium":"https:\/\/images.epagine.fr\/226\/3575678940226_1_m.jpg","thumbnail":"https:\/\/images.epagine.fr\/226\/3575678940226_1_v.jpg"},"orderable":true,"show_badge":true,"formatted_price":"0,00&nbsp;\u20ac","formatted_published_date":"15 octobre 2020","publisher_availability_label":"Sur commande","short_details":"Nadja \u2014 L'\u00c9cole des loisirs","translator":null,"weight":202,"page_count":null,"readership":null,"editor":"L'\u00c9cole des loisirs","price":0,"published_date":"2020-10-14T22:00:00.000000Z","support":"Objet","publisher_availability":1,"stock":0,"editions":[],"url":"https:\/\/quaidesbrumes.com\/ouvrage\/3575678940226\/petit-chien-bleu-peluche"},{"id":"9782211001069","title":"Manu et Nono chez Ursule","description":"Manu et Nono sont deux copains, ils habitent dans une petite maison, au bord d'un lac. Quand Ursule les invite \u00e0 prendre le th\u00e9, ils ne veulent pas se rendre chez leur amie les mains vides. Que vont-ils pouvoir lui offrir ? Qu'est-ce que \u00e7a aime, une chouette ? \u00ab Le plus important pour moi, c'est que mes histoires soient r\u00e9confortantes et dr\u00f4les. J'ai souvent remarqu\u00e9 que, d\u00e9j\u00e0 tr\u00e8s jeunes, les enfants sont sensibles \u00e0 l'humour un peu absurde. Celui qui ne fait pas rire, mais sourire. Celui qui me r\u00e9conforte, moi aussi. \u00bb C. Valckx","authors":["Catharina Valckx"],"category_codes":["2000000","2040000","2040200"],"visuals":{"large":"https:\/\/images.epagine.fr\/069\/9782211001069_1_75.jpg","medium":"https:\/\/images.epagine.fr\/069\/9782211001069_1_m.jpg","thumbnail":"https:\/\/images.epagine.fr\/069\/9782211001069_1_v.jpg"},"orderable":true,"show_badge":true,"formatted_price":"6,50&nbsp;\u20ac","formatted_published_date":"20 janvier 2021","publisher_availability_label":"Sur commande","short_details":"Catharina Valckx \u2014 L'\u00c9cole des loisirs","translator":null,"weight":90,"page_count":48,"readership":"\u00e0 partir de 5 ANS","editor":"L'\u00c9cole des loisirs","price":650,"published_date":"2021-01-19T23:00:00.000000Z","support":"Grand format","publisher_availability":1,"stock":0,"editions":[],"url":"https:\/\/quaidesbrumes.com\/ouvrage\/9782211001069\/manu-et-nono-chez-ursule"},{"id":"9791039573573","title":"Biblioth\u00e8que p'tit loup : Mes 7 livres pour apprendre","description":"Une biblioth\u00e8que P'tit Loup pour apprendre les premi\u00e8res notions !\r\nChaque jour, un nouveau livre pour apprendre en s'amusant avec P'tit Loup. \r\nLes 7 livres : \r\n- Les formes\r\nLes chiffres\r\nLes couleurs\r\nLes saisons \r\nLes mots de l'\u00e9cole\r\nL'anglais \r\nLes contraires \r\nToutes les notions de l'apprentissage des tout-petits dans une belle biblioth\u00e8que en forme d'\u00e9cole !","authors":["Orianne Lallemand","El\u00e9onore Thuillier"],"category_codes":["2000000","2020000"],"visuals":{"large":"https:\/\/images.epagine.fr\/573\/9791039573573_1_75.jpg","medium":"https:\/\/images.epagine.fr\/573\/9791039573573_1_m.jpg","thumbnail":"https:\/\/images.epagine.fr\/573\/9791039573573_1_v.jpg"},"orderable":true,"show_badge":true,"formatted_price":"14,95&nbsp;\u20ac","formatted_published_date":"5 f\u00e9vrier 2026","publisher_availability_label":"Sur commande","short_details":"Orianne Lallemand, El\u00e9onore Thuillier \u2014 Auzou","translator":null,"weight":710,"page_count":null,"readership":"0\/3 ans","editor":"Auzou","price":1495,"published_date":"2026-02-04T23:00:00.000000Z","support":"Grand format","publisher_availability":1,"stock":0,"editions":[],"url":"https:\/\/quaidesbrumes.com\/ouvrage\/9791039573573\/bibliotheque-ptit-loup-mes-7-livres-pour-apprendre"},{"id":"9782324038815","title":"Timot\u00e9 aime le printemps","description":"Timot\u00e9 d\u00e9couvre le printemps !\r\nTimot\u00e9 est un petit lapin qui, au fil des albums, partage sa vie avec ses copains et sa famille.\r\n\r\nL'hiver est termin\u00e9, les jours s'allongent : \u00e7a y est, le printemps arrive ! Timot\u00e9 est tout content : en classe puis chez ses grands-parents, il d\u00e9couvre les bourgeons sur les arbres, les abeilles qui butinent les nouvelles fleurs et les oiseaux qui d\u00e9fendent leur nid et leurs petits. Sans parler de tous les b\u00e9b\u00e9s animaux qui naissent \u00e0 cette saison ! C'est s\u00fbr, Timot\u00e9 aime vraiment le printemps !\r\n\r\nVotre enfant peut d\u00e9sormais \u00e9couter gratuitement la version audio de l'histoire via l'application Lizzie en scannant le QR code \u00e0 retrouver dans le livre !","authors":["M\u00e9lanie Combes","Chantal Janisson"],"category_codes":["2000000","2020000","2020400"],"visuals":{"large":"https:\/\/images.epagine.fr\/815\/9782324038815_1_75.jpg","medium":"https:\/\/images.epagine.fr\/815\/9782324038815_1_m.jpg","thumbnail":"https:\/\/images.epagine.fr\/815\/9782324038815_1_v.jpg"},"orderable":true,"show_badge":true,"formatted_price":"5,70&nbsp;\u20ac","formatted_published_date":"5 mars 2026","publisher_availability_label":"Sur commande","short_details":"M\u00e9lanie Combes, Chantal Janisson \u2014 Gr\u00fcnd","translator":null,"weight":188,"page_count":32,"readership":"\u00e0 partir de 2 ANS","editor":"Gr\u00fcnd","price":570,"published_date":"2026-03-04T23:00:00.000000Z","support":"Grand format","publisher_availability":1,"stock":0,"editions":[],"url":"https:\/\/quaidesbrumes.com\/ouvrage\/9782324038815\/timote-aime-le-printemps"},{"id":"9782416025006","title":"Avec respect, tout est parfait !","description":"Sais-tu que tu es absolument unique au monde ? Eh bien, les filles et les gar\u00e7ons de ta classe le sont aussi !\r\n\r\nCertains adorent chanter \u00e0 tue-t\u00eate, d'autres courent plus vite que le vent. Il y a ceux qui d\u00e9vorent les livres en silence, et ceux qui brillent par leur imagination. Nous sommes tous diff\u00e9rents, et c'est tant mieux !\r\n\r\nCES DIFF\u00c9RENCES, C'EST CE QUI NOUS REND EXTRAORDINAIRES.\r\n\r\nAu fil de cette histoire tendre et p\u00e9tillante, tu rencontreras plein d'enfants, chacun avec sa personnalit\u00e9, ses talents et ses petites particularit\u00e9s... comme toi ! Tu d\u00e9couvriras aussi les secrets simples pour bien vivre ensemble, se comprendre et prendre soin les uns des autres. Car nous avons tous un point commun : nous voulons \u00eatre trait\u00e9s avec respect.\r\n\r\n\u00catre gentil, c'est la r\u00e8gle la plus importante sur Terre. Et bonne nouvelle : tout le monde peut y arriver !","authors":["Lucia Serrano","Val\u00e9rie Espinasse"],"category_codes":["2000000","2030000","2030400"],"visuals":{"large":"https:\/\/images.epagine.fr\/006\/9782416025006_1_75.jpg","medium":"https:\/\/images.epagine.fr\/006\/9782416025006_1_m.jpg","thumbnail":"https:\/\/images.epagine.fr\/006\/9782416025006_1_v.jpg"},"orderable":true,"show_badge":true,"formatted_price":"13,50&nbsp;\u20ac","formatted_published_date":"19 mars 2026","publisher_availability_label":"Sur commande","short_details":"Lucia Serrano, Val\u00e9rie Espinasse \u2014 \u00c9ditions Eyrolles","translator":"VALERIE ESPINASSE","weight":549,"page_count":44,"readership":"3\/6 ans","editor":"\u00c9ditions Eyrolles","price":1350,"published_date":"2026-03-18T23:00:00.000000Z","support":"Grand format","publisher_availability":1,"stock":0,"editions":[],"url":"https:\/\/quaidesbrumes.com\/ouvrage\/9782416025006\/avec-respect-tout-est-parfait"},{"id":"9782215165651","title":"La moufle","description":"Il \u00e9tait une fois... L'histoire de la moufle tendrement illustr\u00e9e pour faire d\u00e9couvrir aux tout-petits les contes de notre enfance.","authors":["Collectif"],"category_codes":["2000000","2040000","2040400"],"visuals":{"large":"https:\/\/images.epagine.fr\/651\/9782215165651_1_75.jpg","medium":"https:\/\/images.epagine.fr\/651\/9782215165651_1_m.jpg","thumbnail":"https:\/\/images.epagine.fr\/651\/9782215165651_1_v.jpg"},"orderable":true,"show_badge":true,"formatted_price":"1,99&nbsp;\u20ac","formatted_published_date":"8 janvier 2021","publisher_availability_label":"Sur commande","short_details":"Collectif \u2014 Fleurus","translator":null,"weight":77,"page_count":16,"readership":"\u00e0 partir de 4 ANS","editor":"Fleurus","price":199,"published_date":"2021-01-07T23:00:00.000000Z","support":"Grand format","publisher_availability":1,"stock":0,"editions":["9782244425542"],"url":"https:\/\/quaidesbrumes.com\/ouvrage\/9782215165651\/la-moufle"},{"id":"9791036354519","title":"Gardiens des \u00e9l\u00e9ments Tome 2 : Le monstre du chaos","description":"Plongez dans un Londres magique !\r\nMarisee et Robert   les D\u00e9tectives \u00c9l\u00e9mentaires   sont de retour pour r\u00e9soudre une nouvelle \u00e9nigme dans les rues du Londres du XVIIIe si\u00e8cle. Une explosion secoue l'orchestre des jardins de Vauxhall, et soudain, la musique disparait de Londres... tandis qu'un monstre terrifiant s'\u00e9veille pr\u00e8s de la p\u00e9ninsule de Greenwich, mena\u00e7ant d'\u00e9craser la ville sous ses pas. Les d\u00e9tectives doivent retrouver le voleur responsable de cette disparition musicale, en passant par la Galerie des Murmures de la cath\u00e9drale Saint-Paul, un moulin \u00e0 vent dot\u00e9 de dents sur l'\u00eele aux Chiens, et les sombres rues de Soho... o\u00f9 un myst\u00e9rieux criminel et ses espions m\u00e9caniques r\u00f4dent.\r\nUn r\u00e9cit audacieux et puissant, destin\u00e9 \u00e0 devenir un classique pour une nouvelle g\u00e9n\u00e9ration.\u00a0\r\nUn Londres o\u00f9 la magie affleure sous la surface   ce livre est pr\u00eat \u00e0 enflammer l'imagination des jeunes lecteurs. Ce deuxi\u00e8me tome cl\u00f4ture la s\u00e9rie fantastique.\u00a0Une aventure fantastique, riche en action.\u00a0\r\n\u00ab Un livre magnifiquement \u00e9crit, d\u00e9bordant de magie, situ\u00e9 dans un Londres ancien peupl\u00e9 de dragons, de fant\u00f4mes, d'esprits de l'eau et d'un myst\u00e9rieux sommeil rampant qu'il faut combattre avec courage. J'ai ador\u00e9. \u00bb   Cressida Cowell, autrice de Harold et les dragons : Comment dresser votre dragon","authors":["Patrice Lawrence","Oriol Vidal","Sidonie Van Den Dries"],"category_codes":["2000000","2040000","2040300"],"visuals":{"large":"https:\/\/images.epagine.fr\/519\/9791036354519_1_75.jpg","medium":"https:\/\/images.epagine.fr\/519\/9791036354519_1_m.jpg","thumbnail":"https:\/\/images.epagine.fr\/519\/9791036354519_1_v.jpg"},"orderable":true,"show_badge":true,"formatted_price":"16,90&nbsp;\u20ac","formatted_published_date":"29 avril 2026","publisher_availability_label":"Sur commande","short_details":"Patrice Lawrence, Oriol Vidal, Sidonie Van Den Dries \u2014 Bayard Jeunesse","translator":"SIDONIE VAN DEN DRIES","weight":428,"page_count":416,"readership":"\u00e0 partir de 9 ANS","editor":"Bayard Jeunesse","price":1690,"published_date":"2026-04-28T22:00:00.000000Z","support":"Grand format","publisher_availability":1,"stock":0,"editions":[],"url":"https:\/\/quaidesbrumes.com\/ouvrage\/9791036354519\/gardiens-des-elements-tome-2-le-monstre-du-chaos"},{"id":"9782095032302","title":"Ruby, la licorne des CP : Une amie pour la vie !","description":"Une licorne pour les CP !\r\nC'est la rentr\u00e9e pour Zo\u00e9 ! Difficile de se faire des amis quand on est nouvelle. Lina, la star de la classe, n'est pas sympa avec elle. Heureusement, Ruby la licorne utilise ses pouvoirs pour aider Zo\u00e9. Un coup de corne magique, et hop ! Elle entre dans ses r\u00eaves la nuit et lui donne confiance. Peut-\u00eatre que Lina n'est pas si m\u00e9chante... Le matin, Zo\u00e9 trouve une pierre pr\u00e9cieuse sous son oreiller. Waouh ! Plus rien ne peut lui arriver !\r\n\r\nDes premi\u00e8res histoires \u00e0 lire d\u00e8s 6 ans.\r\n\r\nAvec la collection, votre enfant va d\u00e9couvrir ses premi\u00e8res histoires, s'attacher \u00e0 des personnages, d\u00e9velopper son imaginaire...\r\nAu d\u00e9but, vous pourrez partager cette lecture avec lui : il lira les bulles et vous le texte.\r\n\r\nEnsuite il pourra lire et relire toute l'histoire tout seul, go\u00fbter au plaisir de la fiction et ne plus s'en passer !","authors":["Kathie Fagundez","M\u00e9lanie Grandgirard"],"category_codes":["2000000","2040000","2040300"],"visuals":{"large":"https:\/\/images.epagine.fr\/302\/9782095032302_1_75.jpg","medium":"https:\/\/images.epagine.fr\/302\/9782095032302_1_m.jpg","thumbnail":"https:\/\/images.epagine.fr\/302\/9782095032302_1_v.jpg"},"orderable":true,"show_badge":true,"formatted_price":"6,20&nbsp;\u20ac","formatted_published_date":"2 mai 2024","publisher_availability_label":"Sur commande","short_details":"Kathie Fagundez, M\u00e9lanie Grandgirard \u2014 Nathan","translator":null,"weight":110,"page_count":32,"readership":"\u00e0 partir de 6 ANS","editor":"Nathan","price":620,"published_date":"2024-05-01T22:00:00.000000Z","support":"Grand format","publisher_availability":1,"stock":0,"editions":[],"url":"https:\/\/quaidesbrumes.com\/ouvrage\/9782095032302\/ruby-la-licorne-des-cp-une-amie-pour-la-vie"},{"id":"9791040120735","title":"Les grands classiques : Comme on ne te les a jamais r\u00e9sum\u00e9s","description":"Les grands classiques enfin r\u00e9sum\u00e9s de fa\u00e7on moderne, incisive et accessible.\r\n\r\nDe La Princesse de Cl\u00e8ves \u00e0 Crime et Ch\u00e2timent, en passant par Madame Bovary, chaque oeuvre est relue avec un regard neuf et replac\u00e9e dans son contexte historique et social pour en r\u00e9v\u00e9ler toute la force et la modernit\u00e9. Ici, les intrigues vibrent, les personnages s'incarnent et les drames r\u00e9sonnent avec notre \u00e9poque : loin des clich\u00e9s scolaires, ces r\u00e9sum\u00e9s modernes vous donnent enfin envie de plonger t\u00eate la premi\u00e8re dans les textes originaux.\r\n\r\nOubliez les analyses poussi\u00e9reuses : il est temps de d\u00e9sembourgeoiser la litt\u00e9rature.","authors":["Alexandre Lansky"],"category_codes":["2000000","2070000","2070800"],"visuals":{"large":"https:\/\/images.epagine.fr\/735\/9791040120735_1_75.jpg","medium":"https:\/\/images.epagine.fr\/735\/9791040120735_1_m.jpg","thumbnail":"https:\/\/images.epagine.fr\/735\/9791040120735_1_v.jpg"},"orderable":true,"show_badge":true,"formatted_price":"14,90&nbsp;\u20ac","formatted_published_date":"19 septembre 2025","publisher_availability_label":"Sur commande","short_details":"Alexandre Lansky \u2014 La Martini\u00e8re jeunesse","translator":null,"weight":268,"page_count":160,"readership":"\u00e0 partir de 16 ans","editor":"La Martini\u00e8re jeunesse","price":1490,"published_date":"2025-09-18T22:00:00.000000Z","support":"Grand format","publisher_availability":1,"stock":0,"editions":[],"url":"https:\/\/quaidesbrumes.com\/ouvrage\/9791040120735\/les-grands-classiques-comme-on-ne-te-les-a-jamais-resumes"},{"id":"9782012248199","title":"Madame Boute-en-train","description":"Ils sont petits, ils sont nombreux  : les Monsieur Madame affichent des caract\u00e8res bien tremp\u00e9s  ! \u00c0 chacun son histoire, pleine d'humour et d'espi\u00e8glerie.  \r\n\r\nMadame Boute-en-train n'est jamais fatigu\u00e9e : elle entra\u00eene les Monsieur Madame dans une f\u00eate endiabl\u00e9e !\r\n\r\nD\u00e8s 4 ans.","authors":["Roger Hargreaves"],"category_codes":["2000000","2030000","2030400"],"visuals":{"large":"https:\/\/images.epagine.fr\/199\/9782012248199_1_75.jpg","medium":"https:\/\/images.epagine.fr\/199\/9782012248199_1_m.jpg","thumbnail":"https:\/\/images.epagine.fr\/199\/9782012248199_1_v.jpg"},"orderable":true,"show_badge":true,"formatted_price":"2,90&nbsp;\u20ac","formatted_published_date":"30 avril 2008","publisher_availability_label":"Sur commande","short_details":"Roger Hargreaves \u2014 Hachette Jeunesse","translator":null,"weight":50,"page_count":40,"readership":"\u00e0 partir de 4 ANS","editor":"Hachette Jeunesse","price":290,"published_date":"2008-04-29T22:00:00.000000Z","support":"Poche","publisher_availability":1,"stock":0,"editions":[],"url":"https:\/\/quaidesbrumes.com\/ouvrage\/9782012248199\/madame-boute-en-train"},{"id":"9782092581322","title":"T'choupi : \u00e0 la neige","description":"Un moment de partage et de lecture complice.\r\nUn concept id\u00e9al pour apprendre des mots simples, tout en observant les grandes illustrations.\r\n D\u00e8s 2 ans.","authors":["Thierry Courtin"],"category_codes":["2000000","2030000","2030400"],"visuals":{"large":"https:\/\/images.epagine.fr\/322\/9782092581322_1_75.jpg","medium":"https:\/\/images.epagine.fr\/322\/9782092581322_1_m.jpg","thumbnail":"https:\/\/images.epagine.fr\/322\/9782092581322_1_v.jpg"},"orderable":true,"show_badge":true,"formatted_price":"6,30&nbsp;\u20ac","formatted_published_date":"4 octobre 2018","publisher_availability_label":"Sur commande","short_details":"Thierry Courtin \u2014 Nathan","translator":null,"weight":144,"page_count":30,"readership":"0\/3 ans","editor":"Nathan","price":630,"published_date":"2018-10-03T22:00:00.000000Z","support":"Grand format","publisher_availability":1,"stock":0,"editions":[],"url":"https:\/\/quaidesbrumes.com\/ouvrage\/9782092581322\/tchoupi-a-la-neige"},{"id":"9782378013257","title":"Polaire, le petit renard de feu","description":"Un renard polaire enferm\u00e9 dans un zoo cherche \u00e0 trouver d'o\u00f9 il vient. Il d\u00e9cide alors de fuir et, guid\u00e9 par son instinct, va entamer un long p\u00e9riple.\r\n\r\nIl rencontre en chemin un semblable pourtant tr\u00e8s diff\u00e9rent : alors que la fourrure de Polaire est blanc immacul\u00e9, le pelage de Roux est flamboyant.\r\n\r\nLes deux renards vont marcher un moment ensemble, jusqu'\u00e0 ce que leur chemin se s\u00e9pare \u00c0 mesure que Polaire avance, la neige recouvre la terre et il d\u00e9couvre le froid, doux et blanc et... des renards polaires !\r\n\r\n\u00c0 la fin du livre, un texte documentaire fait le lien entre les renards polaires et les aurores bor\u00e9ales. En Finlande, selon certaines croyances, les aurores seraient n\u00e9es de la course folle des renards polaires dans la neige. \u00c0 travers cet album po\u00e9tique, l'auteure-illustratrice imagine le p\u00e9riple de ce renard pr\u00eat \u00e0 tout pour retrouver sa libert\u00e9 et son environnement naturel.","authors":["Mathilde Joly"],"category_codes":["2000000","2030000","2030400"],"visuals":{"large":"https:\/\/images.epagine.fr\/257\/9782378013257_1_75.jpg","medium":"https:\/\/images.epagine.fr\/257\/9782378013257_1_m.jpg","thumbnail":"https:\/\/images.epagine.fr\/257\/9782378013257_1_v.jpg"},"orderable":true,"show_badge":true,"formatted_price":"14,50&nbsp;\u20ac","formatted_published_date":"7 novembre 2025","publisher_availability_label":"Sur commande","short_details":"Mathilde Joly \u2014 Saltimbanque \u00c9ditions","translator":null,"weight":526,"page_count":48,"readership":"3\/6 ans","editor":"Saltimbanque \u00c9ditions","price":1450,"published_date":"2025-11-06T23:00:00.000000Z","support":"Grand format","publisher_availability":1,"stock":0,"editions":[],"url":"https:\/\/quaidesbrumes.com\/ouvrage\/9782378013257\/polaire-le-petit-renard-de-feu"},{"id":"9782017171706","title":"Combien de pas jusqu'\u00e0 la lune ?","description":"L'Am\u00e9rique o\u00f9 grandit Katherine Johnson n'est pas tendre envers les femmes noires. Mais la fillette aime compter, tout compter, et r\u00eave de devenir math\u00e9maticienne. Alors, elle brave un \u00e0 un les pr\u00e9jug\u00e9s et les obstacles... jusqu'\u00e0 int\u00e9grer la NASA. En 1962, l'astronaute John Glenn refuse de d\u00e9coller avant qu'elle ait v\u00e9rifier en personne les calculs des ordinateurs. Et en 1969, c'est elle qui d\u00e9termine les trajectoires de la mission Apollo 11, au cours de laquelle Neil Amstrong marchera sur la Lune. La l\u00e9gende de Katherine Johnson est en route.","authors":["Carole Tr\u00e9bor"],"category_codes":["2000000","2050000","2050200"],"visuals":{"large":"https:\/\/images.epagine.fr\/706\/9782017171706_1_75.jpg","medium":"https:\/\/images.epagine.fr\/706\/9782017171706_1_m.jpg","thumbnail":"https:\/\/images.epagine.fr\/706\/9782017171706_1_v.jpg"},"orderable":true,"show_badge":true,"formatted_price":"7,50&nbsp;\u20ac","formatted_published_date":"20 avril 2022","publisher_availability_label":"Sur commande","short_details":"Carole Tr\u00e9bor \u2014 Le Livre de Poche Jeunesse","translator":null,"weight":272,"page_count":448,"readership":"\u00e0 partir de 13 ANS","editor":"Le Livre de Poche Jeunesse","price":750,"published_date":"2022-04-19T22:00:00.000000Z","support":"Poche","publisher_availability":1,"stock":0,"editions":["9782226443427"],"url":"https:\/\/quaidesbrumes.com\/ouvrage\/9782017171706\/combien-de-pas-jusqua-la-lune"},{"id":"9791040807193","title":"Les lapins peintres","description":"Au bord d'un \u00e9tang perdu au fond d'un trou de verdure, vivent deux lapins peintres. Lapin peintre jour et lapin peintre nuit. L'un dessine sur l'e'tang le reflet du ciel durant le jour, l'autre le reflet du ciel durant la nuit. L'un peint rapidement, l'autre aime prendre son temps. A` l'aube et au cr\u00e9puscule, ils se passent le pinceau, faisant ainsi venir le jour ou la nuit, et couler de douces heures. Mais un matin, un gros nuage noir se poste au-dessus de l'e'tang. Les lapins peintres peignent son reflet, en vain : le nuage refuse de bouger ! Le temps des po\u00e8tes semble bloque'. Ensemble, les lapins peintres enfourchent \u00ab le jour et la nuit \u00bb, leur bicyclette au p\u00e9dalier installe' a` l'envers, et remontent le temps pour arranger \u00e7a...","authors":["Simon Priem","St\u00e9phane Poulin"],"category_codes":["2000000","2030000","2030400"],"visuals":{"large":"https:\/\/images.epagine.fr\/193\/9791040807193_1_75.jpg","medium":"https:\/\/images.epagine.fr\/193\/9791040807193_1_m.jpg","thumbnail":"https:\/\/images.epagine.fr\/193\/9791040807193_1_v.jpg"},"orderable":true,"show_badge":true,"formatted_price":"6,50&nbsp;\u20ac","formatted_published_date":"2 janvier 2025","publisher_availability_label":"Sur commande","short_details":"Simon Priem, St\u00e9phane Poulin \u2014 Sarbacane","translator":null,"weight":96,"page_count":32,"readership":"3\/6 ans","editor":"Sarbacane","price":650,"published_date":"2025-01-01T23:00:00.000000Z","support":"Poche","publisher_availability":1,"stock":0,"editions":[],"url":"https:\/\/quaidesbrumes.com\/ouvrage\/9791040807193\/les-lapins-peintres"},{"id":"9782211310765","title":"Adam et Thomas","description":"Quand la m\u00e8re d'Adam le conduit dans la for\u00eat, elle promet de venir le chercher le soir m\u00eame. \u00ab Aie confiance, tu connais la for\u00eat et tout ce qu'elle contient \u00bb, lui dit-elle. Mais comment avoir confiance alors que la guerre se d\u00e9cha\u00eene, que les rafles se succ\u00e8dent dans le ghetto et que les enfants juifs sont pourchass\u00e9s ? La journ\u00e9e passe. Adam retrouve Thomas, un gar\u00e7on de sa classe que sa m\u00e8re est \u00e9galement venue cacher l\u00e0. Les deux gamins sont diff\u00e9rents et compl\u00e9mentaires : Adam sait grimper aux arbres et se rep\u00e8re dans la for\u00eat comme s'il y \u00e9tait n\u00e9. Thomas est r\u00e9fl\u00e9chi et craintif. \u00c0 la nuit tomb\u00e9e, les m\u00e8res ne sont pas revenues. Les enfants s'organisent et construisent un nid dans un arbre. Ils ignorent encore qu'ils passeront de longs mois ainsi, affrontant la faim, la pluie, la neige et le vent, sans oublier les questions essentielles : qu'est-ce que le courage ? Comment parlent les animaux ? D'o\u00f9 vient la haine ? \u00c0 quoi sert l'amour ?","authors":["Aharon Appelfeld","Amandine Delaunay","Val\u00e9rie Zenatti"],"category_codes":["2000000","2050000","2050200"],"visuals":{"large":"https:\/\/images.epagine.fr\/765\/9782211310765_1_75.jpg","medium":"https:\/\/images.epagine.fr\/765\/9782211310765_1_m.jpg","thumbnail":"https:\/\/images.epagine.fr\/765\/9782211310765_1_v.jpg"},"orderable":true,"show_badge":true,"formatted_price":"7,00&nbsp;\u20ac","formatted_published_date":"21 ao\u00fbt 2024","publisher_availability_label":"Sur commande","short_details":"Aharon Appelfeld, Amandine Delaunay, Val\u00e9rie Zenatti \u2014 L'\u00c9cole des loisirs","translator":"VALERIE ZENATTI","weight":165,"page_count":160,"readership":"\u00e0 partir de 11 ANS","editor":"L'\u00c9cole des loisirs","price":700,"published_date":"2024-08-20T22:00:00.000000Z","support":"Poche","publisher_availability":1,"stock":0,"editions":[],"url":"https:\/\/quaidesbrumes.com\/ouvrage\/9782211310765\/adam-et-thomas"},{"id":"9782017213499","title":"L'internat de l'Ile aux Cigales Tome 3 : le studio d'enregistrement","description":"Cerise, Marguerite, Nordine, Agostino et Caleb entrent en quatri\u00e8me et, \u00e0 leur arriv\u00e9e \u00e0 l'internat, rien n'est plus pareil. Des travaux gigantesques ont \u00e9t\u00e9 r\u00e9alis\u00e9s pendant l'\u00e9t\u00e9, bouleversant tous leurs rep\u00e8res. Les cinq musiciens vont devoir s'adapter \u00e0 cette reconfiguration des lieux tout en surmontant un nouveau d\u00e9fi : enregistrer un disque ! Au cours de cette ann\u00e9e riche en \u00e9motions, leur amiti\u00e9 sera mise \u00e0 rude \u00e9preuve. Leur groupe de rock, les tigres, y survivra-t-il ?","authors":["Julie Bonnie"],"category_codes":["2000000","2040000","2040300"],"visuals":{"large":"https:\/\/images.epagine.fr\/499\/9782017213499_1_75.jpg","medium":"https:\/\/images.epagine.fr\/499\/9782017213499_1_m.jpg","thumbnail":"https:\/\/images.epagine.fr\/499\/9782017213499_1_v.jpg"},"orderable":true,"show_badge":true,"formatted_price":"7,90&nbsp;\u20ac","formatted_published_date":"25 janvier 2023","publisher_availability_label":"Sur commande","short_details":"Julie Bonnie \u2014 Le Livre de Poche Jeunesse","translator":null,"weight":230,"page_count":368,"readership":"\u00e0 partir de 11 ANS","editor":"Le Livre de Poche Jeunesse","price":790,"published_date":"2023-01-24T23:00:00.000000Z","support":"Poche","publisher_availability":1,"stock":0,"editions":["9782226459718"],"url":"https:\/\/quaidesbrumes.com\/ouvrage\/9782017213499\/linternat-de-lile-aux-cigales-tome-3-le-studio-denregistrement"},{"id":"9782075202503","title":"Toto Ninja chat et le concert de l'enfer","description":"Bienvenue \u00e0 Chatonsbury ! Toto, la petite chatte agent secret, prend des vacances bien m\u00e9rit\u00e9es au festival de musique le plus cool du monde... Mais cette ann\u00e9e, un complot machiav\u00e9lique semble menacer le concert. Toto et ses amis parviendront-ils \u00e0 sauver la f\u00eate ? Myst\u00e8re et boule de poils !","authors":["Dermot O'Leary","Karine Chaumac"],"category_codes":["2000000","2040000","2040200"],"visuals":{"large":"https:\/\/images.epagine.fr\/503\/9782075202503_1_75.jpg","medium":"https:\/\/images.epagine.fr\/503\/9782075202503_1_m.jpg","thumbnail":"https:\/\/images.epagine.fr\/503\/9782075202503_1_v.jpg"},"orderable":true,"show_badge":false,"formatted_price":"8,90&nbsp;\u20ac","formatted_published_date":"1er f\u00e9vrier 2024","publisher_availability_label":"Sur commande","short_details":"Dermot O'Leary, Karine Chaumac \u2014 Gallimard Jeunesse","translator":"KARINE CHAUMAC","weight":214,"page_count":208,"readership":"\u00e0 partir de 7 ANS","editor":"Gallimard Jeunesse","price":890,"published_date":"2024-01-31T23:00:00.000000Z","support":"Poche","publisher_availability":1,"stock":1,"editions":[],"url":"https:\/\/quaidesbrumes.com\/ouvrage\/9782075202503\/toto-ninja-chat-et-le-concert-de-lenfer"},{"id":"9791039562539","title":"Le roman maudit","description":"Le premier Thriller de l'avent avec Franck Thilliez ! Attention : le lire, c'est affronter le pire...\r\n1er d\u00e9cembre.\r\nNa\u00ebl d\u00e9couvre un carnet devant chez lui.\r\nLe carnet de L\u00e9o, kidnapp\u00e9 il y a un an, jour pour jour.\r\nD\u00e9sormais, leurs destins sont li\u00e9s.\r\nD\u00e9sormais, Na\u00ebl est coinc\u00e9 dans une journ\u00e9e qui recommence, encore et encore.\r\nUne journ\u00e9e pour d\u00e9couvrir qui est L\u00e9o.\r\nUne journ\u00e9e pour sauver sa propre vie.\r\nUne journ\u00e9e pour mourir.","authors":["Franck Thilliez","Thomas Gilbert"],"category_codes":["2000000","2050000","2050200","2050206"],"visuals":{"large":"https:\/\/images.epagine.fr\/539\/9791039562539_1_75.jpg","medium":"https:\/\/images.epagine.fr\/539\/9791039562539_1_m.jpg","thumbnail":"https:\/\/images.epagine.fr\/539\/9791039562539_1_v.jpg"},"orderable":true,"show_badge":true,"formatted_price":"18,95&nbsp;\u20ac","formatted_published_date":"25 septembre 2025","publisher_availability_label":"Sur commande","short_details":"Franck Thilliez, Thomas Gilbert \u2014 Auzou","translator":null,"weight":650,"page_count":388,"readership":"\u00e0 partir de 12 ANS","editor":"Auzou","price":1895,"published_date":"2025-09-24T22:00:00.000000Z","support":"Grand format","publisher_availability":1,"stock":0,"editions":[],"url":"https:\/\/quaidesbrumes.com\/ouvrage\/9791039562539\/le-roman-maudit"},{"id":"9782075212304","title":"Le cycle des secrets Tome 3 : Le palais des g\u00e9ants","description":"Le d\u00e9nouement d'une brillante saga de fantasy m\u00ealant magie, passions secr\u00e8tes et combats acharn\u00e9s dans un monde \u00e9pique et mena\u00e7ant.\r\nLe masque mill\u00e9naire est devenu l'objet d'un combat sans merci. \u00c0 Aletheia, la magicienne \u00c9quinoxe se pr\u00e9pare \u00e0 l'affrontement final contre les derniers mages survivants, \u00e0 commencer par le vieux K\u00eal qui menace de d\u00e9truire l'\u00e9quilibre du monde. Pour le pr\u00e9server, \u00c9quinoxe doit \u00e0 tout prix percer le secret des g\u00e9ants. Mais Lora et Myst sont d\u00e9termin\u00e9es \u00e0 chasser la magicienne. D'autant qu'un nouveau p\u00e9ril menace la cit\u00e9-\u00c9tat\u00a0:\u00a0l'invasion de monstrueuses cr\u00e9atures marines, les ara-kas...","authors":["Manon Fargetton","Djohr"],"category_codes":["2000000","2050000","2050200","2050204"],"visuals":{"large":"https:\/\/images.epagine.fr\/304\/9782075212304_1_75.jpg","medium":"https:\/\/images.epagine.fr\/304\/9782075212304_1_m.jpg","thumbnail":"https:\/\/images.epagine.fr\/304\/9782075212304_1_v.jpg"},"orderable":true,"show_badge":true,"formatted_price":"19,90&nbsp;\u20ac","formatted_published_date":"6 mars 2025","publisher_availability_label":"Sur commande","short_details":"Manon Fargetton, Djohr \u2014 Gallimard Jeunesse","translator":null,"weight":734,"page_count":504,"readership":"\u00e0 partir de 12 ANS","editor":"Gallimard Jeunesse","price":1990,"published_date":"2025-03-05T23:00:00.000000Z","support":"Grand format","publisher_availability":1,"stock":0,"editions":[],"url":"https:\/\/quaidesbrumes.com\/ouvrage\/9782075212304\/le-cycle-des-secrets-tome-3-le-palais-des-geants"},{"id":"9782095049379","title":"En avant foot : Ben sur la touche","description":"Quand le coeur et le ballon en font pas bon match... Une historie touchante sur ces moments o\u00f9 nos \u00e9motions personnelles semblent incompatibles avec nos engagements envers les autres.\r\nBien vit sa premi\u00e8re grande \u00e9motion amoureuse : il est tomb\u00e9 sous le charme de Morgane. Mais quand il comprend que ses sentiments ne sont pas partag\u00e9s, son monde s'effondre. La veille de la finale tant attendue, le coeur bris\u00e9, Ben prend une d\u00e9cision radicale : abandonner son \u00e9quipe des Lynx au moment o\u00f9 ils ont le plus besoin de lui !\r\n\r\nUn roman qui aborde avec sensibilit\u00e9 et authenticit\u00e9 les premiers \u00e9mois amoureux et les d\u00e9ceptions qui peuvent en d\u00e9couler, accessible d\u00e8s 6 ans.","authors":["Emmanuel Tr\u00e9dez","Cl\u00e9ment Devaux"],"category_codes":["2000000","2040000","2040300"],"visuals":{"large":"https:\/\/images.epagine.fr\/379\/9782095049379_1_75.jpg","medium":"https:\/\/images.epagine.fr\/379\/9782095049379_1_m.jpg","thumbnail":"https:\/\/images.epagine.fr\/379\/9782095049379_1_v.jpg"},"orderable":true,"show_badge":true,"formatted_price":"6,50&nbsp;\u20ac","formatted_published_date":"5 juin 2025","publisher_availability_label":"Sur commande","short_details":"Emmanuel Tr\u00e9dez, Cl\u00e9ment Devaux \u2014 Nathan","translator":null,"weight":138,"page_count":48,"readership":"\u00e0 partir de 7 ANS","editor":"Nathan","price":650,"published_date":"2025-06-04T22:00:00.000000Z","support":"Grand format","publisher_availability":1,"stock":0,"editions":[],"url":"https:\/\/quaidesbrumes.com\/ouvrage\/9782095049379\/en-avant-foot-ben-sur-la-touche"}]}