{"data":[{"id":"9791039531290","title":"L'anthologie illustr\u00e9e de notre Terre pr\u00e9cieuse","description":"Un magnifique ouvrage documentaire qui pr\u00e9sente plus de 100 ph\u00e9nom\u00e8nes naturels, m\u00ealant subtilement texte, photos et illustrations.","authors":["Daniel Long","Angela Rizza"],"category_codes":["2000000","2070000","2070200"],"visuals":{"large":"https:\/\/images.epagine.fr\/290\/9791039531290_1_75.jpg","medium":"https:\/\/images.epagine.fr\/290\/9791039531290_1_m.jpg","thumbnail":"https:\/\/images.epagine.fr\/290\/9791039531290_1_v.jpg"},"orderable":true,"show_badge":true,"formatted_price":"22,95&nbsp;\u20ac","formatted_published_date":"27 octobre 2023","publisher_availability_label":"Sur commande","short_details":"Daniel Long, Angela Rizza \u2014 Auzou","translator":null,"weight":1364,"page_count":224,"readership":"\u00e0 partir de 5 ANS","editor":"Auzou","price":2295,"published_date":"2023-10-26T22:00:00.000000Z","support":"Grand format","publisher_availability":1,"stock":0,"editions":[],"url":"https:\/\/quaidesbrumes.com\/ouvrage\/9791039531290\/lanthologie-illustree-de-notre-terre-precieuse"},{"id":"9782017897224","title":"Mes bracelets porte-bonheur","description":"Ce coffret contient tout le mat\u00e9riel n\u00e9cessaire pour cr\u00e9er 2 bracelets tress\u00e9s maneki-neko !\r\nGr\u00e2ce aux pas-\u00e0-pas illustr\u00e9s, r\u00e9alise ces 2 bracelets porte-bonheur et offres-en un \u00e0 ton ou ta meilleur(e) ami(e) !","authors":["Collectif"],"category_codes":["2000000","2060000","2060200","2060204"],"visuals":{"large":"https:\/\/images.epagine.fr\/224\/9782017897224_1_75.jpg","medium":"https:\/\/images.epagine.fr\/224\/9782017897224_1_m.jpg","thumbnail":"https:\/\/images.epagine.fr\/224\/9782017897224_1_v.jpg"},"orderable":true,"show_badge":true,"formatted_price":"0,00&nbsp;\u20ac","formatted_published_date":"25 f\u00e9vrier 2026","publisher_availability_label":"Sur commande","short_details":"Collectif \u2014 \u00c9ditions Deux Coqs d'Or","translator":null,"weight":66,"page_count":20,"readership":"\u00e0 partir de 6 ANS","editor":"\u00c9ditions Deux Coqs d'Or","price":0,"published_date":"2026-02-24T23:00:00.000000Z","support":"Coffret \/ Bo&icirc;te","publisher_availability":1,"stock":0,"editions":[],"url":"https:\/\/quaidesbrumes.com\/ouvrage\/9782017897224\/mes-bracelets-porte-bonheur"},{"id":"9791036358050","title":"L'\u00e9pouvanteur Tome 15 : La r\u00e9surrection de l'\u00c9pouvanteur","description":"\u00ab L'arm\u00e9e noire \u00e0 laquelle nous sommes confront\u00e9s ne comprend pas seulement les forces consid\u00e9rables des Kobalos et les effroyables entit\u00e9s qu'ils ont sp\u00e9cialement cr\u00e9\u00e9es pour la bataille.\r\nLeurs dieux combattent avec eux - des d\u00e9it\u00e9s telles que Golgoth, le Seigneur de l'Hiver. \u00bb \r\n\r\nThomas Ward, le nouvel \u00c9pouvanteur, combattait l'obscur dans le Comt\u00e9 avec son apprentie quand il a \u00e9t\u00e9 appel\u00e9 loin de chez lui pour une nouvelle bataille : diriger la lutte contre une arm\u00e9e de cr\u00e9atures bestiales qui s'appr\u00eatent \u00e0 condamner la Terre \u00e0 un \u00e9ternel hiver. Les humains n'avaient jamais affront\u00e9 d'aussi terrifiants guerriers. \r\nMais Tom g\u00eet \u00e0 pr\u00e9sent, raide et froid, dans sa tombe. Et ceux qui avaient mis tous leurs espoirs en lui se d\u00e9sesp\u00e8rent.\r\nQui prendra la t\u00eate des troupes, avant que l'arm\u00e9e noire ne les submerge et ne r\u00e9pande la guerre jusque dans le Comt\u00e9 ?","authors":["Joseph Delaney","Marie-H\u00e9l\u00e8ne Delval"],"category_codes":["2000000","2050000","2050200","2050204"],"visuals":{"large":"https:\/\/images.epagine.fr\/050\/9791036358050_1_75.jpg","medium":"https:\/\/images.epagine.fr\/050\/9791036358050_1_m.jpg","thumbnail":"https:\/\/images.epagine.fr\/050\/9791036358050_1_v.jpg"},"orderable":true,"show_badge":true,"formatted_price":"8,30&nbsp;\u20ac","formatted_published_date":"3 avril 2024","publisher_availability_label":"Sur commande","short_details":"Joseph Delaney, Marie-H\u00e9l\u00e8ne Delval \u2014 Bayard Jeunesse","translator":"MARIE-HELENE DELVAL","weight":278,"page_count":368,"readership":"\u00e0 partir de 12 ANS","editor":"Bayard Jeunesse","price":830,"published_date":"2024-04-02T22:00:00.000000Z","support":"Grand format","publisher_availability":1,"stock":0,"editions":[],"url":"https:\/\/quaidesbrumes.com\/ouvrage\/9791036358050\/lepouvanteur-tome-15-la-resurrection-de-lepouvanteur"},{"id":"9791032400067","title":"Journal d'un Noob Tome 1 : guerrier","description":"Le journal intime hilarant d'un jeune villageois de Minecraft qui veut devenir un guerrier !\r\n\" La nuit derni\u00e8re, j'ai fait un r\u00eave hallucinant. Des villageois avaient form\u00e9 une arm\u00e9e, et j'en faisais partie. Je fixais des endermen droit dans les yeux.\r\n Je parais la fl\u00e8che d'un squelette \u00e0 mains nues.\r\n Je fauchais des zombies comme un fermier r\u00e9colte des betteraves.\r\n Et pour couronner le tout, j'ai envoy\u00e9 un creeper dans le ciel avec un seul coup.\r\n Ouaip, voil\u00e0 le genre de h\u00e9ros que je veux \u00eatre.\r\n Mais c'\u00e9tait juste un r\u00eave... \"\r\n \r\n Minus a douze ans, il entre au coll\u00e8ge de Minecraftia et il est destin\u00e9 \u00e0 devenir fermier, forgeron ou boucher, comme tous les villageois... Mais son r\u00eave \u00e0 lui est d'\u00eatre un aventurier et de combattre les monstres qui attaquent sans arr\u00eat le village. Alors quand il apprend que les cinq meilleurs \u00e9l\u00e8ves du coll\u00e8ge vont pouvoir suivre une formation de guerrier, Minus est bien d\u00e9termin\u00e9 \u00e0 en faire partie. La comp\u00e9tition sera rude, mais Minus est pr\u00eat \u00e0 tout : cette ann\u00e9e, plus personne ne le traitera de noob !","authors":["Cube Kid"],"category_codes":["2000000","2050000","2050200","2050202"],"visuals":{"large":"https:\/\/images.epagine.fr\/067\/9791032400067_1_75.jpg","medium":"https:\/\/images.epagine.fr\/067\/9791032400067_1_m.jpg","thumbnail":"https:\/\/images.epagine.fr\/067\/9791032400067_1_v.jpg"},"orderable":true,"show_badge":true,"formatted_price":"12,95&nbsp;\u20ac","formatted_published_date":"4 f\u00e9vrier 2016","publisher_availability_label":"Sur commande","short_details":"Cube Kid \u2014 404 \u00c9ditions","translator":null,"weight":546,"page_count":312,"readership":"\u00e0 partir de 12 ANS","editor":"404 \u00c9ditions","price":1295,"published_date":"2016-02-03T23:00:00.000000Z","support":"Grand format","publisher_availability":1,"stock":0,"editions":[],"url":"https:\/\/quaidesbrumes.com\/ouvrage\/9791032400067\/journal-dun-noob-tome-1-guerrier"},{"id":"9782017347255","title":"Coloriages myst\u00e8res : F\u00e9\u00e9rie","description":"Un cahier souple grand format de 64 pages avec des rabats proposant 30 coloriages myst\u00e8res sur la th\u00e9matique de la f\u00e9\u00e9rie. Pour d\u00e9couvrir qui se cache derri\u00e8re les dessins myst\u00e8res et r\u00e9v\u00e9ler les images qui se cachent sur la page, l'enfant doit colorier les cases en suivant les codes couleurs. Sujets propos\u00e9s : ch\u00e2teaux, royaumes enchant\u00e9s ;  for\u00eats magiques ; cr\u00e9atures merveilleuses (elfes ; f\u00e9es ; dragons, licornes...).","authors":["Olivia Boutrou"],"category_codes":["2000000","2080000","2080300"],"visuals":{"large":"https:\/\/images.epagine.fr\/255\/9782017347255_1_75.jpg","medium":"https:\/\/images.epagine.fr\/255\/9782017347255_1_m.jpg","thumbnail":"https:\/\/images.epagine.fr\/255\/9782017347255_1_v.jpg"},"orderable":true,"show_badge":true,"formatted_price":"8,95&nbsp;\u20ac","formatted_published_date":"4 mars 2026","publisher_availability_label":"Sur commande","short_details":"Olivia Boutrou \u2014 \u00c9ditions Deux Coqs d'Or","translator":null,"weight":324,"page_count":64,"readership":"\u00e0 partir de 7 ANS","editor":"\u00c9ditions Deux Coqs d'Or","price":895,"published_date":"2026-03-03T23:00:00.000000Z","support":"Papeterie \/ Coloriage","publisher_availability":1,"stock":0,"editions":[],"url":"https:\/\/quaidesbrumes.com\/ouvrage\/9782017347255\/coloriages-mysteres-feerie"},{"id":"9782017371847","title":"Mes premiers romans Stitch Tome 5 : Angel est l\u00e0 !","description":"R\u00e9sum\u00e9\r\nAngel, l'amie de Stitch, est en visite sur l'\u00eele. Les deux extraterrestres sont ravis de se retrouver ! Yuna aimerait passer du temps avec eux, elle aussi. Mais elle n'arrive pas \u00e0 se lier d'amiti\u00e9 avec Angel. Stitch doit vite trouver une solution !\r\nLes aventures de Stitch pour les lecteurs d\u00e9butants\u00a0 !\r\nPour tous les fans du petit extraterrestre bleu\u00a0 !\r\nUne maquette richement illustr\u00e9e par des images de la s\u00e9rie anim\u00e9e\u00a0 Stitch\u00a0 !\r\nUn texte pens\u00e9 pour les lecteurs d\u00e9butants, avec un vocabulaire et une syntaxe adapt\u00e9s\u00a0 \r\nD\u00e8s 6 ans.","authors":["Disney"],"category_codes":["2000000","2040000","2040300"],"visuals":{"large":"https:\/\/images.epagine.fr\/847\/9782017371847_1_75.jpg","medium":"https:\/\/images.epagine.fr\/847\/9782017371847_1_m.jpg","thumbnail":"https:\/\/images.epagine.fr\/847\/9782017371847_1_v.jpg"},"orderable":true,"show_badge":true,"formatted_price":"5,90&nbsp;\u20ac","formatted_published_date":"4 mars 2026","publisher_availability_label":"Sur commande","short_details":"Disney \u2014 Hachette Jeunesse","translator":null,"weight":106,"page_count":64,"readership":"\u00e0 partir de 6 ANS","editor":"Hachette Jeunesse","price":590,"published_date":"2026-03-03T23:00:00.000000Z","support":"Poche","publisher_availability":1,"stock":0,"editions":[],"url":"https:\/\/quaidesbrumes.com\/ouvrage\/9782017371847\/mes-premiers-romans-stitch-tome-5-angel-est-la"},{"id":"3127020504787","title":"Minusculette cherche et trouve !","description":"Minusculette et ses amis adorent se cacher.  Amuse-toi \u00e0 les retrouver dans ces 8 grandes sc\u00e8nes cartonn\u00e9es et fourmillantes de d\u00e9tails. Rep\u00e9rer, compter, comparer...  Le premier livre-jeu d'observation de notre f\u00e9e pr\u00e9f\u00e9r\u00e9e !","authors":["Christine Davenier","Kimiko"],"category_codes":["2000000","2030000","2030200"],"visuals":{"large":"https:\/\/images.epagine.fr\/787\/3127020504787_1_75.jpg","medium":"https:\/\/images.epagine.fr\/787\/3127020504787_1_m.jpg","thumbnail":"https:\/\/images.epagine.fr\/787\/3127020504787_1_v.jpg"},"orderable":true,"show_badge":true,"formatted_price":"13,50&nbsp;\u20ac","formatted_published_date":"12 octobre 2022","publisher_availability_label":"Sur commande","short_details":"Christine Davenier, Kimiko \u2014 L'\u00c9cole des loisirs","translator":null,"weight":746,"page_count":8,"readership":"3\/6 ans","editor":"L'\u00c9cole des loisirs","price":1350,"published_date":"2022-10-11T22:00:00.000000Z","support":"Grand format","publisher_availability":1,"stock":0,"editions":[],"url":"https:\/\/quaidesbrumes.com\/ouvrage\/3127020504787\/minusculette-cherche-et-trouve"},{"id":"9782355047961","title":"L'homme qui plantait des cactus","description":"Le vieux Bacoco d\u00e9fend son manguier, comme un tr\u00e9sor, contre de redoutables pr\u00e9dateurs : tous les oiseaux de l'\u00eele, les makis et pire encore... les enfants ! Alors Bacoco s'entoure de cactus ! Des vrais qui piquent dru et d\u00e9couragent m\u00eame les plus courageux... sauf la petite Asna ! Elle trouve toujours un chemin dans le labyrinthe des \u00e9pines. Mais En punition elle doit lire un livre au vieil homme, un de ces innombrables ouvrages qu'il a inutilement empil\u00e9s dans sa cabane, au pied du manguier. Elle finit par comprendre que Bacoco ne sait pas lire. Elle va donc lui donner ce pouvoir en \u00e9change de l'acc\u00e8s au manguier. Et savoir lire va le rendre tellement plus accueillant !\r\n\r\nUn tr\u00e8s beau texte de R\u00e9mi Courgeon, vibrant sous les couleurs de Vanessa Hi\u00e9.","authors":["R\u00e9mi Courgeon","Vanessa Hi\u00e9"],"category_codes":["2000000","2030000","2030400"],"visuals":{"large":"https:\/\/images.epagine.fr\/961\/9782355047961_1_75.jpg","medium":"https:\/\/images.epagine.fr\/961\/9782355047961_1_m.jpg","thumbnail":"https:\/\/images.epagine.fr\/961\/9782355047961_1_v.jpg"},"orderable":true,"show_badge":true,"formatted_price":"17,00&nbsp;\u20ac","formatted_published_date":"22 ao\u00fbt 2025","publisher_availability_label":"Sur commande","short_details":"R\u00e9mi Courgeon, Vanessa Hi\u00e9 \u2014 Rue du monde","translator":null,"weight":422,"page_count":40,"readership":"\u00e0 partir de 6 ANS","editor":"Rue du monde","price":1700,"published_date":"2025-08-21T22:00:00.000000Z","support":"Grand format","publisher_availability":1,"stock":0,"editions":[],"url":"https:\/\/quaidesbrumes.com\/ouvrage\/9782355047961\/lhomme-qui-plantait-des-cactus"},{"id":"9782244303765","title":"Cherche, trouve et compte autour du monde","description":"\u00c0 toi de chercher, trouver et compter les objets, les habitations et les animaux cach\u00e9s ! 1 chien, 2 guitares, 3 sombreros, 4 maracas, 5 colibris... Au Mexique, en Inde, au Kenya, au Maroc, en Australie, au Japon, au Groenland : amuse-toi \u00e0 retrouver plus de 200 \u00e9l\u00e9ments cach\u00e9s autour du monde ! Un livre-jeu tout carton pour les plus jeunes dans un format facilement manipulable.","authors":["Collectif"],"category_codes":["2000000","2060000","2060500"],"visuals":{"large":"https:\/\/images.epagine.fr\/765\/9782244303765_1_75.jpg","medium":"https:\/\/images.epagine.fr\/765\/9782244303765_1_m.jpg","thumbnail":"https:\/\/images.epagine.fr\/765\/9782244303765_1_v.jpg"},"orderable":true,"show_badge":true,"formatted_price":"12,90&nbsp;\u20ac","formatted_published_date":"1er avril 2026","publisher_availability_label":"Sur commande","short_details":"Collectif \u2014 \u00c9ditions Lito","translator":null,"weight":650,"page_count":16,"readership":"3\/6 ans","editor":"\u00c9ditions Lito","price":1290,"published_date":"2026-03-31T22:00:00.000000Z","support":"Grand format","publisher_availability":1,"stock":0,"editions":[],"url":"https:\/\/quaidesbrumes.com\/ouvrage\/9782244303765\/cherche-trouve-et-compte-autour-du-monde"},{"id":"9782508063459","title":"Mes colos gonflables : Stitch : Stitch","description":"Un concept in\u00e9dit : les coloriages gonflables ! 2 coloriages \u00e0 l'effigie de Stitch \u00e0 mettre en couleurs, puis \u00e0 gonfler avec une paille pour jouer ou d\u00e9corer sa chambre.\r\nC'est amusant de colorier, et de souffler avec la paille incluse dans la pochette, pour donner vie \u00e0 Stitch en le gonflant. Une super id\u00e9e d'activit\u00e9 pour jouer et inventer des histoires.\r\nUn nouveau concept super original et rigolo !","authors":["Disney"],"category_codes":["2000000","2080000","2080300"],"visuals":{"large":"https:\/\/images.epagine.fr\/459\/9782508063459_1_75.jpg","medium":"https:\/\/images.epagine.fr\/459\/9782508063459_1_m.jpg","thumbnail":"https:\/\/images.epagine.fr\/459\/9782508063459_1_v.jpg"},"orderable":true,"show_badge":true,"formatted_price":"0,00&nbsp;\u20ac","formatted_published_date":"9 avril 2026","publisher_availability_label":"Sur commande","short_details":"Disney \u2014 Hemma","translator":null,"weight":40,"page_count":null,"readership":"\u00e0 partir de 4 ANS","editor":"Hemma","price":0,"published_date":"2026-04-08T22:00:00.000000Z","support":"Papeterie \/ Coloriage","publisher_availability":1,"stock":0,"editions":[],"url":"https:\/\/quaidesbrumes.com\/ouvrage\/9782508063459\/mes-colos-gonflables-stitch-stitch"},{"id":"9782732491493","title":"Naissance","description":"Pour tout savoir de la grossesse, depuis la conception jusqu'aux premiers temps du b\u00e9b\u00e9. Des doubles-pages anim\u00e9es par des d\u00e9coupes et des flaps expliquent le syst\u00e8me reproducteur de l'homme et de la femme, la f\u00e9condation, la division cellulaire, la PMA, le patrimoine g\u00e9n\u00e9tique, l'\u00e9chographie, les jumeaux, la pr\u00e9maturit\u00e9, et mois apr\u00e8s mois le lecteur peut suivre l'\u00e9volution de l'embryon. H\u00e9l\u00e8ne Druvert donne corps \u00e0 cette merveilleuse m\u00e9canique interne jusqu'\u00e0 l'accouchement, avant de refermer le livre en beaut\u00e9 sur les premiers moments de la vie : l'allaitement, le d\u00e9veloppement moteur et l'\u00e9volution des sens du b\u00e9b\u00e9.\r\n\r\nUn documentaire aussi somptueux que passionnant sur la chose la plus exceptionnelle du monde : une naissance.","authors":["H\u00e9l\u00e8ne Druvert","Jean-claude Druvert"],"category_codes":["2000000","2030000","2030500"],"visuals":{"large":"https:\/\/images.epagine.fr\/493\/9782732491493_1_75.jpg","medium":"https:\/\/images.epagine.fr\/493\/9782732491493_1_m.jpg","thumbnail":"https:\/\/images.epagine.fr\/493\/9782732491493_1_v.jpg"},"orderable":true,"show_badge":true,"formatted_price":"24,90&nbsp;\u20ac","formatted_published_date":"31 octobre 2019","publisher_availability_label":"Sur commande","short_details":"H\u00e9l\u00e8ne Druvert, Jean-claude Druvert \u2014 La Martini\u00e8re jeunesse","translator":null,"weight":880,"page_count":48,"readership":"\u00e0 partir de 7 ANS","editor":"La Martini\u00e8re jeunesse","price":2490,"published_date":"2019-10-30T23:00:00.000000Z","support":"Grand format","publisher_availability":1,"stock":0,"editions":[],"url":"https:\/\/quaidesbrumes.com\/ouvrage\/9782732491493\/naissance"},{"id":"9791023519242","title":"Max et les Presque Chevaliers Tome 1","description":"Au XIVe si\u00e8cle, au royaume de Sacrebourg, Max parcourt les routes avec son oncle Potrick, et se destine \u00e0 devenir troubadour, comme lui. Pourtant, Max pr\u00e9f\u00e9rerait \u00eatre chevalier. Sauf que Max est une fille, et les filles n'ont pas le droit de choisir leur m\u00e9tier, et encore moins d'\u00eatre adoub\u00e9e...\r\nMais quand son oncle est kidnapp\u00e9 par le roi imposteur Vilfrid qui terrorise le royaume, Max prend son courage \u00e0 deux mains ! Elle rassemble une bande de chevaliers en herbe, tous bien d\u00e9termin\u00e9s \u00e0 sauver Potrick et \u00e0 retrouver le bon roi Constant, le v\u00e9ritable souverain de Sacreboug. Et qui sait, peut-\u00eatre parviendront-ils \u00e0 devenir chevaliers pour de vrai ?\r\nMais quand on n'a pas de vraie \u00e9p\u00e9e et que l'on compte dans son \u00e9quipe un enchanteur \u00e0 la retraite (et franchement rouill\u00e9), pas facile de se mesurer aux gargouilles, aux dragons et aux sorci\u00e8res d\u00e9cha\u00een\u00e9es !","authors":["Lincoln Peirce","Julien Sougeau"],"category_codes":["2000000","2040000","2040500","2040509"],"visuals":{"large":"https:\/\/images.epagine.fr\/242\/9791023519242_1_75.jpg","medium":"https:\/\/images.epagine.fr\/242\/9791023519242_1_m.jpg","thumbnail":"https:\/\/images.epagine.fr\/242\/9791023519242_1_v.jpg"},"orderable":true,"show_badge":true,"formatted_price":"12,90&nbsp;\u20ac","formatted_published_date":"1er septembre 2023","publisher_availability_label":"Sur commande","short_details":"Lincoln Peirce, Julien Sougeau \u2014 Le Seuil jeunesse","translator":"JULIEN SOUGEAU","weight":282,"page_count":288,"readership":"\u00e0 partir de 9 ANS","editor":"Le Seuil jeunesse","price":1290,"published_date":"2023-08-31T22:00:00.000000Z","support":"Grand format","publisher_availability":1,"stock":0,"editions":[],"url":"https:\/\/quaidesbrumes.com\/ouvrage\/9791023519242\/max-et-les-presque-chevaliers-tome-1"},{"id":"9782408055875","title":"Mes docus \u00e0 toucher : La cr\u00e8che","description":"\u00c0 la cr\u00e8che, peux-tu faire de la peinture ou \u00e9couter des histoires ? Sais-tu qu'il y a toujours un adulte pr\u00e8s de toi ? As-tu le droit d'apporter ton doudou pour la sieste ? Un premier livre documentaire pour d\u00e9couvrir et r\u00e9pondre \u00e0 toutes les questions sur la cr\u00e8che, de mani\u00e8re ludique et sensorielle.Une d\u00e9couverte ludique du quotidien \u00e0 la cr\u00e8che\r\nAccueil, repas, hygi\u00e8ne, pot, jeux, sieste, jardinage... Tout au long du livre, au fil des volets \u00e0 soulever et des mati\u00e8res \u00e0 toucher, l'enfant d\u00e9couvrira l'univers de la cr\u00e8che. Une d\u00e9couverte tout en douceur des \u00e9tapes, des activit\u00e9s et du vocabulaire qui rythment le quotidien.De nombreuses mati\u00e8res \u00e0 toucher\r\nGr\u00e2ce \u00e0 plus de dix mati\u00e8res \u00e0 toucher (tissus, fourrure, mati\u00e8res douces, brillantes...), l'enfant exp\u00e9rimentera diff\u00e9rentes textures et s'\u00e9veillera tout en douceur. Il se familiarisera ainsi de mani\u00e8re ludique \u00e0 l'univers de la cr\u00e8che.\u00ab Mes docus \u00e0 toucher \u00bb, la d\u00e9couverte pour les tout-petits\r\nAnimaux du jardin, animaux du froid, v\u00e9hicules, chantiers, b\u00e9b\u00e9s animaux... La collection \u00ab Mes docus \u00e0 toucher \u00bb invite les tout-petits \u00e0 d\u00e9couvrir de nombreuses th\u00e9matiques. Une collection id\u00e9ale pour un premier apprentissage en douceur !","authors":["Aur\u00e9lie Sarrazin","Ella Bailey"],"category_codes":["2000000","2020000","2020200"],"visuals":{"large":"https:\/\/images.epagine.fr\/875\/9782408055875_1_75.jpg","medium":"https:\/\/images.epagine.fr\/875\/9782408055875_1_m.jpg","thumbnail":"https:\/\/images.epagine.fr\/875\/9782408055875_1_v.jpg"},"orderable":true,"show_badge":true,"formatted_price":"14,50&nbsp;\u20ac","formatted_published_date":"2 juillet 2025","publisher_availability_label":"Sur commande","short_details":"Aur\u00e9lie Sarrazin, Ella Bailey \u2014 Milan","translator":null,"weight":408,"page_count":16,"readership":"\u00e0 partir de 1 AN","editor":"Milan","price":1450,"published_date":"2025-07-01T22:00:00.000000Z","support":"Grand format","publisher_availability":1,"stock":0,"editions":[],"url":"https:\/\/quaidesbrumes.com\/ouvrage\/9782408055875\/mes-docus-a-toucher-la-creche"},{"id":"9782095053109","title":"La petite biblioth\u00e8que d'Edmond","description":"Bienvenue dans le monde tendre et malicieux d'Edmond l'\u00e9cureuil et de ses amis ins\u00e9parables : l'ours \u00c9douard et Georges Hibou. Quatre histoires pleines de charme et d'humour r\u00e9unies dans un magnifique coffret collector, id\u00e9al pour partager de doux moments de lecture en famille.\r\nBienvenue dans le ch\u00e2taignier d'Edmond l'\u00e9cureuil et de ses incorrigibles amis, l'ours Edouard et Georges Hibou.\r\nD\u00e9couvrez ou red\u00e9couvrez quatre de leurs aventures dans une \u00e9dition collector : la belle journ\u00e9e , la course de luge, la soupe \u00e0 tout et l'anniversaire d'Edmond.\r\n\r\nCe coffret contient :\r\n4 albums cartonn\u00e9s : L'anniversaire d'Edmond, La belle journ\u00e9e, La course de luge et La soupe \u00e0 tout !\r\nDes histoires dr\u00f4les et tendres qui parlent d'amiti\u00e9, de partage et de petits bonheurs du quotidien.\r\nUne \u00e9dition sp\u00e9ciale avec un coffret dor\u00e9, parfait comme cadeau de fin d'ann\u00e9e.\r\n\r\nUn coffret \u00e0 offrir sans h\u00e9siter aux enfants d\u00e8s 3 ans, pour leur donner le go\u00fbt des histoires et les plonger dans de grandes aventures avec Edmond et ses amis.","authors":["Astrid Desbordes","Marc Boutavant"],"category_codes":["2000000","2030000","2030400"],"visuals":{"large":"https:\/\/images.epagine.fr\/109\/9782095053109_1_75.jpg","medium":"https:\/\/images.epagine.fr\/109\/9782095053109_1_m.jpg","thumbnail":"https:\/\/images.epagine.fr\/109\/9782095053109_1_v.jpg"},"orderable":true,"show_badge":true,"formatted_price":"14,95&nbsp;\u20ac","formatted_published_date":"16 octobre 2025","publisher_availability_label":"Sur commande","short_details":"Astrid Desbordes, Marc Boutavant \u2014 Nathan","translator":null,"weight":606,"page_count":null,"readership":"3\/6 ans","editor":"Nathan","price":1495,"published_date":"2025-10-15T22:00:00.000000Z","support":"Grand format","publisher_availability":1,"stock":0,"editions":[],"url":"https:\/\/quaidesbrumes.com\/ouvrage\/9782095053109\/la-petite-bibliotheque-dedmond"},{"id":"9782384535972","title":"Soulever toucher d\u00e9couvrir : Animaux","description":"Un imagier ludique et sensoriel, plein de surprises \u00e0 toucher et \u00e0 soulever, pour faire d\u00e9couvrir les premiers mots aux tout-petits.\r\n\"Chaque double page les plonge dans un univers diff\u00e9rent -; la jungle, la savane, la for\u00eat, la ferme, l'oc\u00e9an, la montagne... -; peupl\u00e9 d'adorables animaux \u00e0 explorer du bout des doigts.\r\nPetits lecteurs et petites mains pourront sentir la douceur du raton laveur, les \u00e9cailles du crocodile, la fourrure de l'ours polaire ou du loup... et soulever les volets pour d\u00e9couvrir de jolies infos rigolotes : le rugissement du lion, le plongeon de la tortue ou des poussins bien au chaud dans leur nid !\r\nAvec ses 14 mati\u00e8res \u00e0 toucher et ses 15 volets \u00e0 soulever, ce livre transforme l'apprentissage du vocabulaire en une aventure sensorielle pleine d'amusement et d'\u00e9veil. \u00c0 partir de 10 mois.\"","authors":["Dawn Machell"],"category_codes":["2000000","2020000","2020200"],"visuals":{"large":"https:\/\/images.epagine.fr\/972\/9782384535972_1_75.jpg","medium":"https:\/\/images.epagine.fr\/972\/9782384535972_1_m.jpg","thumbnail":"https:\/\/images.epagine.fr\/972\/9782384535972_1_v.jpg"},"orderable":true,"show_badge":true,"formatted_price":"14,95&nbsp;\u20ac","formatted_published_date":"22 janvier 2026","publisher_availability_label":"Sur commande","short_details":"Dawn Machell \u2014 1, 2, 3 Soleil !","translator":null,"weight":494,"page_count":16,"readership":"0\/3 ans","editor":"1, 2, 3 Soleil !","price":1495,"published_date":"2026-01-21T23:00:00.000000Z","support":"Grand format","publisher_availability":1,"stock":0,"editions":[],"url":"https:\/\/quaidesbrumes.com\/ouvrage\/9782384535972\/soulever-toucher-decouvrir-animaux"},{"id":"9782095044275","title":"Ursule Lapine, d\u00e9tective au CP : La statue surprise","description":"Plongez dans une enqu\u00eate passionnante avec Ursule Lapine, la d\u00e9tective maligne qui r\u00e9sout les myst\u00e8res du CP avec humour et ing\u00e9niosit\u00e9.\r\nRejoignez Ursule Lapine dans sa nouvelle aventure o\u00f9 elle doit r\u00e9soudre le myst\u00e8re d'une statue sign\u00e9e par le grand Auguste Requin. Accompagn\u00e9e de ses fid\u00e8les acolytes Charlotte et Titi Ouistiti, notre d\u00e9tective en herbe devra user de ruse pour prouver la v\u00e9rit\u00e9 sur la talentueuse Camille Corneille.\r\n\r\nCette histoire captivante m\u00eale enqu\u00eate, amiti\u00e9 et humour dans un univers enchanteur inspir\u00e9 d'Ars\u00e8ne Lupin et Zootopie \u00e0 lire d\u00e8s 6 ans !","authors":["Eva Grynszpan","Marion Piffaretti"],"category_codes":["2000000","2040000","2040300"],"visuals":{"large":"https:\/\/images.epagine.fr\/275\/9782095044275_1_75.jpg","medium":"https:\/\/images.epagine.fr\/275\/9782095044275_1_m.jpg","thumbnail":"https:\/\/images.epagine.fr\/275\/9782095044275_1_v.jpg"},"orderable":true,"show_badge":true,"formatted_price":"6,20&nbsp;\u20ac","formatted_published_date":"6 mars 2025","publisher_availability_label":"Sur commande","short_details":"Eva Grynszpan, Marion Piffaretti \u2014 Nathan","translator":null,"weight":110,"page_count":32,"readership":"\u00e0 partir de 6 ANS","editor":"Nathan","price":620,"published_date":"2025-03-05T23:00:00.000000Z","support":"Grand format","publisher_availability":1,"stock":0,"editions":[],"url":"https:\/\/quaidesbrumes.com\/ouvrage\/9782095044275\/ursule-lapine-detective-au-cp-la-statue-surprise"},{"id":"9791039563116","title":"Mon cherche et trouve de ps","description":"Le premier cherche et trouve parascolaire pour r\u00e9viser seul ou \u00e0 plusieurs !\r\n15 illustrations riches en d\u00e9tails et color\u00e9es pour voir et revoir les notions fondamentales de la PS : la lecture, les maths, la d\u00e9couverte du monde.\r\nAvec tous les corrig\u00e9s !","authors":["Aurore Meyer","Prisca Le Tand\u00e9 Ronget","Julie Mercier","Elen Lescoat","Gabriele Tafuni","Adeline Pham","Susana Gurrea"],"category_codes":["2000000","2060000","2060500"],"visuals":{"large":"https:\/\/images.epagine.fr\/116\/9791039563116_1_75.jpg","medium":"https:\/\/images.epagine.fr\/116\/9791039563116_1_m.jpg","thumbnail":"https:\/\/images.epagine.fr\/116\/9791039563116_1_v.jpg"},"orderable":true,"show_badge":true,"formatted_price":"9,95&nbsp;\u20ac","formatted_published_date":"5 mars 2026","publisher_availability_label":"Sur commande","short_details":"Aurore Meyer, Prisca Le Tand\u00e9 Ronget, Julie Mercier, Elen Lescoat, Gabriele Tafuni, Adeline Pham, Susana Gurrea \u2014 Auzou","translator":null,"weight":498,"page_count":36,"readership":null,"editor":"Auzou","price":995,"published_date":"2026-03-04T23:00:00.000000Z","support":"Grand format","publisher_availability":1,"stock":0,"editions":[],"url":"https:\/\/quaidesbrumes.com\/ouvrage\/9791039563116\/mon-cherche-et-trouve-de-ps"},{"id":"9781836068051","title":"Mon livre sonore anim\u00e9 : Plouf !","description":"Un livre sonore cartonn\u00e9 avec des tirettes pour entendre et animer les animaux de l'oc\u00e9an.\r\nExplore l'oc\u00e9an et rencontre un requin qui plonge, une tortue qui se cache dans les r\u00e9cifs, une baleine et un dauphin qui nagent ensemble, et bien plus encore. Les tout-petits adoreront jouer avec les tirettes pour animer les pages et d\u00e9clencher les sons, et d\u00e9couvrir les animaux de l'oc\u00e9an et leurs cris au fil des pages de ce livre.","authors":["Sam Taplin","Ailie Busby","Nick Stellmacher"],"category_codes":["2000000","2020000","2020500"],"visuals":{"large":"https:\/\/images.epagine.fr\/051\/9781836068051_1_75.jpg","medium":"https:\/\/images.epagine.fr\/051\/9781836068051_1_m.jpg","thumbnail":"https:\/\/images.epagine.fr\/051\/9781836068051_1_v.jpg"},"orderable":true,"show_badge":true,"formatted_price":"14,95&nbsp;\u20ac","formatted_published_date":"26 mars 2026","publisher_availability_label":"Sur commande","short_details":"Sam Taplin, Ailie Busby, Nick Stellmacher \u2014 Usborne","translator":"NICK STELLMACHER","weight":408,"page_count":8,"readership":"0\/3 ans","editor":"Usborne","price":1495,"published_date":"2026-03-25T23:00:00.000000Z","support":"Grand format","publisher_availability":1,"stock":0,"editions":[],"url":"https:\/\/quaidesbrumes.com\/ouvrage\/9781836068051\/mon-livre-sonore-anime-plouf"},{"id":"9782017287896","title":"Mystery Lane Tome 3 : Le tr\u00e9sor des catacombes","description":"Le professeur Bones, un c\u00e9l\u00e8bre arch\u00e9ologue, a \u00e9t\u00e9 enlev\u00e9 par un robot apr\u00e8s avoir fait une d\u00e9couverte historique ! Son perroquet Champollion vient voir Clever et Bro pour le retrouver. Cette nouvelle enqu\u00eate entra\u00eene les deux hamsters dans les profondeurs des catacombes, sur les traces du tr\u00e9sor des Templiers...","authors":["Collectif"],"category_codes":["2000000","2040000","2040300"],"visuals":{"large":"https:\/\/images.epagine.fr\/896\/9782017287896_1_75.jpg","medium":"https:\/\/images.epagine.fr\/896\/9782017287896_1_m.jpg","thumbnail":"https:\/\/images.epagine.fr\/896\/9782017287896_1_v.jpg"},"orderable":true,"show_badge":true,"formatted_price":"5,90&nbsp;\u20ac","formatted_published_date":"13 novembre 2024","publisher_availability_label":"Sur commande","short_details":"Collectif \u2014 Hachette Jeunesse","translator":null,"weight":132,"page_count":96,"readership":"\u00e0 partir de 6 ANS","editor":"Hachette Jeunesse","price":590,"published_date":"2024-11-12T23:00:00.000000Z","support":"Poche","publisher_availability":1,"stock":0,"editions":[],"url":"https:\/\/quaidesbrumes.com\/ouvrage\/9782017287896\/mystery-lane-tome-3-le-tresor-des-catacombes"},{"id":"9782401106949","title":"Mon histoire de baleine \u00e0 bosse","description":"Dans les profondeurs des oc\u00e9ans, je chante et je voyage. Je parcours le monde pour donnernaissance \u00e0 mes petits, que je prot\u00e8ge \u00e0 tout prix. Me connais-tu ?Je suis une baleine \u00e0 bosse, et aujourd'hui, je t'invite dans mon univers.\r\nDans cet album \u00e9crit et illustr\u00e9 par St\u00e9phanie Desbenoit, les animaux prennent la parole pour se pr\u00e9senter, c\u00e9l\u00e9brer la beaut\u00e9 du monde sauvage et inciter \u00e0 le pr\u00e9server.","authors":["St\u00e9phanie Desbenoit"],"category_codes":["2000000","2070000","2070300"],"visuals":{"large":"https:\/\/images.epagine.fr\/949\/9782401106949_1_75.jpg","medium":"https:\/\/images.epagine.fr\/949\/9782401106949_1_m.jpg","thumbnail":"https:\/\/images.epagine.fr\/949\/9782401106949_1_v.jpg"},"orderable":true,"show_badge":true,"formatted_price":"14,95&nbsp;\u20ac","formatted_published_date":"8 octobre 2025","publisher_availability_label":"Sur commande","short_details":"St\u00e9phanie Desbenoit \u2014 Hatier","translator":null,"weight":415,"page_count":32,"readership":"\u00e0 partir de 6 ANS","editor":"Hatier","price":1495,"published_date":"2025-10-07T22:00:00.000000Z","support":"Grand format","publisher_availability":1,"stock":0,"editions":[],"url":"https:\/\/quaidesbrumes.com\/ouvrage\/9782401106949\/mon-histoire-de-baleine-a-bosse"},{"id":"9782215135630","title":"La petite poule rousse","description":"Il \u00e9tait une fois... L'histoire de la petite poule rousse tendrement illustr\u00e9e pour faire d\u00e9couvrir aux tout-petits les contes de notre enfance.","authors":["Paku"],"category_codes":["2000000","2040000","2040400"],"visuals":{"large":"https:\/\/images.epagine.fr\/630\/9782215135630_1_75.jpg","medium":"https:\/\/images.epagine.fr\/630\/9782215135630_1_m.jpg","thumbnail":"https:\/\/images.epagine.fr\/630\/9782215135630_1_v.jpg"},"orderable":true,"show_badge":true,"formatted_price":"1,99&nbsp;\u20ac","formatted_published_date":"19 janvier 2018","publisher_availability_label":"Sur commande","short_details":"Paku \u2014 Fleurus","translator":null,"weight":76,"page_count":16,"readership":"\u00e0 partir de 4 ANS","editor":"Fleurus","price":199,"published_date":"2018-01-18T23:00:00.000000Z","support":"Grand format","publisher_availability":1,"stock":0,"editions":["9782215201564"],"url":"https:\/\/quaidesbrumes.com\/ouvrage\/9782215135630\/la-petite-poule-rousse"},{"id":"9782809672794","title":"Robes du monde","description":"D\u00e9couvre les plus jolies robes du monde avec Minimiki !\r\n\r\nDans ce carnet cr\u00e9atif, cr\u00e9e tes jolies poup\u00e9es gr\u00e2ce \u00e0 de nombreuses silhouettes \u00e0 colorier, des mod\u00e8les et 4 planches de stickers Et en plus, des infos documentaires sur les traditions et les tenues des pays du monde :\r\n- les robes traditionnelles ;\r\n- les f\u00eates ;\r\n- la musique.\r\n\r\nEn cadeau : un joli bracelet \u00e0 collectionner !","authors":["Julie Camel"],"category_codes":["2000000","2080000","2080300"],"visuals":{"large":"https:\/\/images.epagine.fr\/794\/9782809672794_1_75.jpg","medium":"https:\/\/images.epagine.fr\/794\/9782809672794_1_m.jpg","thumbnail":"https:\/\/images.epagine.fr\/794\/9782809672794_1_v.jpg"},"orderable":true,"show_badge":true,"formatted_price":"9,90&nbsp;\u20ac","formatted_published_date":"14 octobre 2020","publisher_availability_label":"Sur commande","short_details":"Julie Camel \u2014 \u00c9ditions playBac","translator":null,"weight":192,"page_count":88,"readership":"\u00e0 partir de 4 ANS","editor":"\u00c9ditions playBac","price":990,"published_date":"2020-10-13T22:00:00.000000Z","support":"Papeterie \/ Coloriage","publisher_availability":1,"stock":0,"editions":["9782809679236"],"url":"https:\/\/quaidesbrumes.com\/ouvrage\/9782809672794\/robes-du-monde"},{"id":"9782211229920","title":"Papa sur la lune","description":"Aujourd'hui, Mona va chez son papa, sur la Lune. \u00ab D\u00e9p\u00eachons-nous. Papa va t'attendre \u00bb, dit  maman. C'est un peu loin, le voyage demande une certaine organisation, mais maintenant Mona est rod\u00e9e. Fus\u00e9e, vaisseau et capsule attendent dans le jardin. C'est parti ! Apr\u00e8s un trajet magique dans l'espace, Mona alunit et se jette dans les bras de son p\u00e8re. Ils observent les \u00e9toiles \u00e0 la lunette astronomique, r\u00e9coltent des pierres de Lune, mais aussi mangent, jouent et dorment, comme sur la Terre. C'est peut-\u00eatre un peu fatigant, mais \u00e7a vaut la peine d'avoir deux maisons.","authors":["Adrien Albert"],"category_codes":["2000000","2040000","2040200"],"visuals":{"large":"https:\/\/images.epagine.fr\/920\/9782211229920_1_75.jpg","medium":"https:\/\/images.epagine.fr\/920\/9782211229920_1_m.jpg","thumbnail":"https:\/\/images.epagine.fr\/920\/9782211229920_1_v.jpg"},"orderable":true,"show_badge":true,"formatted_price":"6,00&nbsp;\u20ac","formatted_published_date":"24 ao\u00fbt 2016","publisher_availability_label":"Sur commande","short_details":"Adrien Albert \u2014 L'\u00c9cole des loisirs","translator":null,"weight":93,"page_count":36,"readership":"6\/9 ans","editor":"L'\u00c9cole des loisirs","price":600,"published_date":"2016-08-23T22:00:00.000000Z","support":"Poche","publisher_availability":1,"stock":0,"editions":["9782211223003"],"url":"https:\/\/quaidesbrumes.com\/ouvrage\/9782211229920\/papa-sur-la-lune"},{"id":"9782012248663","title":"Madame Magie","description":"Monsieur Non, Madame Canaille, Monsieur Costaud et tous leurs amis. Des personnages connus de tous les enfants pour d\u00e9couvrir les traits de caract\u00e8res et les premi\u00e8res notions avec humour. Une collection de r\u00e9f\u00e9rence, fortement prescrite dans les \u00e9coles.","authors":["Roger Hargreaves"],"category_codes":["2000000","2030000","2030400"],"visuals":{"large":"https:\/\/images.epagine.fr\/663\/9782012248663_1_75.jpg","medium":"https:\/\/images.epagine.fr\/663\/9782012248663_1_m.jpg","thumbnail":"https:\/\/images.epagine.fr\/663\/9782012248663_1_v.jpg"},"orderable":true,"show_badge":true,"formatted_price":"2,90&nbsp;\u20ac","formatted_published_date":"20 ao\u00fbt 2008","publisher_availability_label":"Sur commande","short_details":"Roger Hargreaves \u2014 Hachette Jeunesse","translator":null,"weight":54,"page_count":40,"readership":"\u00e0 partir de 4 ANS","editor":"Hachette Jeunesse","price":290,"published_date":"2008-08-19T22:00:00.000000Z","support":"Poche","publisher_availability":1,"stock":0,"editions":[],"url":"https:\/\/quaidesbrumes.com\/ouvrage\/9782012248663\/madame-magie"}]}