{"data":[{"id":"9782017351559","title":"The prison healer : The Blood Traitor : Le sang de la trahison","description":"Elle les a d\u00e9\u00e7us. Tous. Et maintenant, elle en paie le prix. Apr\u00e8s les \u00e9v\u00e9nements survenus au palais, Kiva veut savoir si ses amis et sa famille sont en s\u00e9curit\u00e9, et si ceux qu'elle a offens\u00e9s pourront un jour lui pardonner. Mais alors que la guerre menace d'\u00e9clater entre les royaumes, Kiva se retrouve face \u00e0 des enjeux plus p\u00e9rilleux que son coeur bris\u00e9. Ennemis mortels et alli\u00e9s incertains se voient entra\u00een\u00e9s dans une dangereuse course contre la montre pour sauver, non seulement Evalon, mais Wenderall tout entier. En choisissant un camp, Kiva refuse de se contenter de survivre, elle doit se battre pour ce en quoi elle croit. Et en qui elle croit. Menac\u00e9e de toutes parts, et avec la vie des siens en jeu, Kiva aura-t-elle la force d'aller jusqu'au bout ?","authors":["Lynette Noni","Alison Jacquet-Robert"],"category_codes":["2000000","2050000","2050200","2050204"],"visuals":{"large":"https:\/\/images.epagine.fr\/559\/9782017351559_1_75.jpg","medium":"https:\/\/images.epagine.fr\/559\/9782017351559_1_m.jpg","thumbnail":"https:\/\/images.epagine.fr\/559\/9782017351559_1_v.jpg"},"orderable":true,"show_badge":true,"formatted_price":"8,90&nbsp;\u20ac","formatted_published_date":"29 octobre 2025","publisher_availability_label":"Sur commande","short_details":"Lynette Noni, Alison Jacquet-Robert \u2014 Le Livre de Poche Jeunesse","translator":"ALISON JACQUET-ROBERT","weight":308,"page_count":496,"readership":"\u00e0 partir de 15 ans","editor":"Le Livre de Poche Jeunesse","price":890,"published_date":"2025-10-28T23:00:00.000000Z","support":"Poche","publisher_availability":1,"stock":0,"editions":[],"url":"https:\/\/quaidesbrumes.com\/ouvrage\/9782017351559\/the-prison-healer-the-blood-traitor-le-sang-de-la-trahison"},{"id":"9791036324468","title":"La cabane magique Tome 26 : \u00e0 la recherche de l'\u00e9p\u00e9e de lumi\u00e8re","description":"Merlin envoie Tom et L\u00e9a dans une \u00e9poque de l\u00e9gende pour qu'ils r\u00e9cup\u00e8rent l'\u00e9p\u00e9e de lumi\u00e8re. Avec l'aide du chevalier des eaux et de la reine araign\u00e9e, ils sont transform\u00e9s en phoques et plongent dans la crique des temp\u00eates o\u00f9 se trouve l'\u00e9p\u00e9e.\r","authors":["Mary Pope Osborne","Marie-H\u00e9l\u00e8ne Delval"],"category_codes":["2000000","2040000","2040300"],"visuals":{"large":"https:\/\/images.epagine.fr\/468\/9791036324468_1_75.jpg","medium":"https:\/\/images.epagine.fr\/468\/9791036324468_1_m.jpg","thumbnail":"https:\/\/images.epagine.fr\/468\/9791036324468_1_v.jpg"},"orderable":true,"show_badge":true,"formatted_price":"6,90&nbsp;\u20ac","formatted_published_date":"27 janvier 2021","publisher_availability_label":"Sur commande","short_details":"Mary Pope Osborne, Marie-H\u00e9l\u00e8ne Delval \u2014 Bayard Jeunesse","translator":"MARIE-HELENE DELVAL","weight":232,"page_count":155,"readership":"\u00e0 partir de 6 ANS","editor":"Bayard Jeunesse","price":690,"published_date":"2021-01-26T23:00:00.000000Z","support":"Poche","publisher_availability":1,"stock":0,"editions":[],"url":"https:\/\/quaidesbrumes.com\/ouvrage\/9791036324468\/la-cabane-magique-tome-26-a-la-recherche-de-lepee-de-lumiere"},{"id":"9782203298187","title":"O\u00f9 habiter demain ? Comprendre les migrations climatiques","description":"Contre les id\u00e9es re\u00e7ues sur les migrations climatiques, un ouvrage clair et synth\u00e9tique pour tout comprendre\u00a0! Afin d'\u00e9chapper aux cons\u00e9quences du d\u00e9r\u00e8glement climatique qui ne cesse de s'aggraver, des millions de personnes sont dans l'obligation de fuir leur lieu de vie. Ces migrations sont souvent d\u00e9crites de mani\u00e8re simpliste comme des ph\u00e9nom\u00e8nes n\u00e9gatifs et d\u00e9stabilisants pour les territoires d'accueil. Ce livre offre une perspective nuanc\u00e9e, loin des clich\u00e9s, et invite \u00e0 une meilleure compr\u00e9hension de ces r\u00e9alit\u00e9s complexes, qui n'ont rien \u00e0 voir avec leurs instrumentalisations politiques. Il s'agit de trag\u00e9dies humaines, qui d\u00e9racinent des millions de familles. Con\u00e7u pour \u00eatre le plus accessible possible, ce livre a pour ambition de donner des cl\u00e9s de compr\u00e9hension, de combattre des id\u00e9es re\u00e7ues et de d\u00e9crypter les images pour mieux illustrer le propos. En partenariat avec le Mus\u00e9e national de l'histoire de l'immigration, dont l'exposition Migrations et Climats (titre provisoire) ouvrira ses portes courant octobre 2025.\r","authors":["Jean-Michel Billioud","M\u00e9lody Denturck"],"category_codes":["2000000","2070000","2070600"],"visuals":{"large":"https:\/\/images.epagine.fr\/187\/9782203298187_1_75.jpg","medium":"https:\/\/images.epagine.fr\/187\/9782203298187_1_m.jpg","thumbnail":"https:\/\/images.epagine.fr\/187\/9782203298187_1_v.jpg"},"orderable":true,"show_badge":false,"formatted_price":"10,00&nbsp;\u20ac","formatted_published_date":"8 octobre 2025","publisher_availability_label":"Sur commande","short_details":"Jean-Michel Billioud, M\u00e9lody Denturck \u2014 Casterman","translator":null,"weight":138,"page_count":48,"readership":"\u00e0 partir de 15 ans","editor":"Casterman","price":1000,"published_date":"2025-10-07T22:00:00.000000Z","support":"Grand format","publisher_availability":1,"stock":1,"editions":[],"url":"https:\/\/quaidesbrumes.com\/ouvrage\/9782203298187\/ou-habiter-demain-comprendre-les-migrations-climatiques"},{"id":"9782017120780","title":"Les petites filles mod\u00e8les","description":"Au ch\u00e2teau de Fleurville, Camille et Madeleine sont deux \u00ab petites filles mod\u00e8les \u00bb qui font la joie de leur maman. H\u00e9las, il n'en est pas de m\u00eame pour la pauvre Sophie... Battue, fouett\u00e9e par sa m\u00e9chante belle-m\u00e8re, la malheureuse accumule les sottises.","authors":["Comtesse de S\u00e9gur"],"category_codes":["2000000","2040000","2040300"],"visuals":{"large":"https:\/\/images.epagine.fr\/780\/9782017120780_1_75.jpg","medium":"https:\/\/images.epagine.fr\/780\/9782017120780_1_m.jpg","thumbnail":"https:\/\/images.epagine.fr\/780\/9782017120780_1_v.jpg"},"orderable":true,"show_badge":true,"formatted_price":"6,50&nbsp;\u20ac","formatted_published_date":"1er juillet 2020","publisher_availability_label":"Sur commande","short_details":"Comtesse de S\u00e9gur \u2014 Hachette Jeunesse","translator":null,"weight":294,"page_count":288,"readership":"\u00e0 partir de 8 ANS","editor":"Hachette Jeunesse","price":650,"published_date":"2020-06-30T22:00:00.000000Z","support":"Poche","publisher_availability":1,"stock":0,"editions":["9782728934010","9782335009804","9791025502839","9782382749210"],"url":"https:\/\/quaidesbrumes.com\/ouvrage\/9782017120780\/les-petites-filles-modeles"},{"id":"9782383222941","title":"Petite & GRANDE : Anne Frank","description":"La collection \"Petite & GRANDE\", qui rencontre un immense succ\u00e8s \u00e0 travers le monde, dresse le portrait de petites filles devenues des femmes inspirantes, qu'elles soient artistes, \u00e9crivaines, scientifiques ou aventuri\u00e8res. D\u00e9couvre ici comment la petite Anne est devenue le symbole d'un peuple pers\u00e9cut\u00e9 et pourquoi son journal intime est lu dans le monde entier.","authors":["Maria Isabel Sanchez Vegara","Sveta Dorosheva"],"category_codes":["2000000","2070000","2070400"],"visuals":{"large":"https:\/\/images.epagine.fr\/941\/9782383222941_1_75.jpg","medium":"https:\/\/images.epagine.fr\/941\/9782383222941_1_m.jpg","thumbnail":"https:\/\/images.epagine.fr\/941\/9782383222941_1_v.jpg"},"orderable":true,"show_badge":true,"formatted_price":"11,95&nbsp;\u20ac","formatted_published_date":"31 mai 2024","publisher_availability_label":"Sur commande","short_details":"Maria Isabel Sanchez Vegara, Sveta Dorosheva \u2014 \u00c9ditions Kimane","translator":null,"weight":332,"page_count":32,"readership":"\u00e0 partir de 6 ANS","editor":"\u00c9ditions Kimane","price":1195,"published_date":"2024-05-30T22:00:00.000000Z","support":"Grand format","publisher_availability":1,"stock":0,"editions":[],"url":"https:\/\/quaidesbrumes.com\/ouvrage\/9782383222941\/petite-grande-anne-frank"},{"id":"9782075122375","title":"O\u00f9 est Pierre Lapin ?","description":"D'apr\u00e8s Beatrix Potter","authors":["Collectif"],"category_codes":["2000000","2030000","2030400"],"visuals":{"large":"https:\/\/images.epagine.fr\/375\/9782075122375_1_75.jpg","medium":"https:\/\/images.epagine.fr\/375\/9782075122375_1_m.jpg","thumbnail":"https:\/\/images.epagine.fr\/375\/9782075122375_1_v.jpg"},"orderable":true,"show_badge":true,"formatted_price":"10,50&nbsp;\u20ac","formatted_published_date":"4 avril 2019","publisher_availability_label":"Sur commande","short_details":"Collectif \u2014 Gallimard Jeunesse","translator":null,"weight":410,"page_count":10,"readership":"3\/6 ans","editor":"Gallimard Jeunesse","price":1050,"published_date":"2019-04-03T22:00:00.000000Z","support":"Grand format","publisher_availability":1,"stock":0,"editions":[],"url":"https:\/\/quaidesbrumes.com\/ouvrage\/9782075122375\/ou-est-pierre-lapin"},{"id":"9782330120016","title":"Crocolou aime les oeufs de P\u00e2ques","description":"C'est P\u00e2ques ! \u00c0 l'\u00e9cole, Crocolou peint des oeufs pour pr\u00e9parer la f\u00eate. \u00c0 la maison, il aide ses parents \u00e0 tout d\u00e9corer pour la venue de Papi et Mamie. Papa cache des oeufs en chocolat dans le jardin. Crocolou et sa petite soeur Marilou vont-ils les retrouver ? \u00a0\r","authors":["Oph\u00e9lie Texier"],"category_codes":["2000000","2020000","2020400"],"visuals":{"large":"https:\/\/images.epagine.fr\/016\/9782330120016_1_75.jpg","medium":"https:\/\/images.epagine.fr\/016\/9782330120016_1_m.jpg","thumbnail":"https:\/\/images.epagine.fr\/016\/9782330120016_1_v.jpg"},"orderable":true,"show_badge":true,"formatted_price":"5,40&nbsp;\u20ac","formatted_published_date":"3 avril 2019","publisher_availability_label":"Sur commande","short_details":"Oph\u00e9lie Texier \u2014 Actes Sud Jeunesse","translator":null,"weight":90,"page_count":32,"readership":"3\/6 ans","editor":"Actes Sud Jeunesse","price":540,"published_date":"2019-04-02T22:00:00.000000Z","support":"Grand format","publisher_availability":1,"stock":0,"editions":[],"url":"https:\/\/quaidesbrumes.com\/ouvrage\/9782330120016\/crocolou-aime-les-oeufs-de-paques"},{"id":"9782745968692","title":"Mes p'tits docs : la Premi\u00e8re Guerre mondiale","description":"En 1914, les pays d'Europe ne s'entendent pas bien. L'assassinat d'un prince provoque le d\u00e9but d'une guerre qui va durer quatre longues ann\u00e9es et faire des millions de victimes. De la mobilisation aux tranch\u00e9es, des batailles \u00e0 la victoire, un P'tit doc pour partir sur les traces des poilus, les soldats de la Premi\u00e8re Guerre mondiale...","authors":["Cl\u00e9mence Germain","St\u00e9phanie Ledu"],"category_codes":["2000000","2070000","2070400"],"visuals":{"large":"https:\/\/images.epagine.fr\/692\/9782745968692_1_75.jpg","medium":"https:\/\/images.epagine.fr\/692\/9782745968692_1_m.jpg","thumbnail":"https:\/\/images.epagine.fr\/692\/9782745968692_1_v.jpg"},"orderable":true,"show_badge":false,"formatted_price":"7,90&nbsp;\u20ac","formatted_published_date":"28 mai 2014","publisher_availability_label":"Sur commande","short_details":"Cl\u00e9mence Germain, St\u00e9phanie Ledu \u2014 Milan","translator":null,"weight":242,"page_count":32,"readership":"\u00e0 partir de 3 ANS","editor":"Milan","price":790,"published_date":"2014-05-27T22:00:00.000000Z","support":"Grand format","publisher_availability":1,"stock":1,"editions":[],"url":"https:\/\/quaidesbrumes.com\/ouvrage\/9782745968692\/mes-ptits-docs-la-premiere-guerre-mondiale"},{"id":"9782226494573","title":"Martin Luther King, mon meilleur ennemi","description":"N\u00e9 dans le sud des \u00c9tats-Unis, o\u00f9 la s\u00e9gr\u00e9gation raciale fait loi, Martin Luther King n'a qu'une ambition : combattre l'injustice. Orateur charismatique, il \u00e9lectrise les foules en partageant son r\u00eave d'\u00e9galit\u00e9. Mais pour Malcolm X, autre d\u00e9fenseur des droits civiques, les marches pacifistes du pasteur sont inutiles, seule la violence peut r\u00e9pondre \u00e0 la violence. Fr\u00e8res de lutte et ennemis \u00e0 la fois, les deux hommes sont pourtant vou\u00e9s au m\u00eame destin. Surveill\u00e9s par le FBI, ha\u00efs de toutes parts, ils avancent dans l'ombre de la mort. Elle finira par les rattraper.","authors":["Jennifer Richard"],"category_codes":["2000000","2050000","2050200","2050207"],"visuals":{"large":"https:\/\/images.epagine.fr\/573\/9782226494573_1_75.jpg","medium":"https:\/\/images.epagine.fr\/573\/9782226494573_1_m.jpg","thumbnail":"https:\/\/images.epagine.fr\/573\/9782226494573_1_v.jpg"},"orderable":true,"show_badge":true,"formatted_price":"15,90&nbsp;\u20ac","formatted_published_date":"30 avril 2025","publisher_availability_label":"Sur commande","short_details":"Jennifer Richard \u2014 Albin Michel","translator":null,"weight":407,"page_count":352,"readership":"\u00e0 partir de 13 ANS","editor":"Albin Michel","price":1590,"published_date":"2025-04-29T22:00:00.000000Z","support":"Grand format","publisher_availability":1,"stock":0,"editions":["9782488344180"],"url":"https:\/\/quaidesbrumes.com\/ouvrage\/9782226494573\/martin-luther-king-mon-meilleur-ennemi"},{"id":"9782408056148","title":"Roches et min\u00e9raux : Observer, diff\u00e9rencier, identifier, collectionner","description":"Savoir faire la diff\u00e9rence entre min\u00e9ral, cristal, roche et minerai : telle est l'entr\u00e9e en mati\u00e8re de ce carnet. Suit la description de 83 sortes de roches et min\u00e9raux. Diversit\u00e9 et pr\u00e9cision sont au rendez-vous dans chaque double page pour une identification facile et compl\u00e8te. Fini, les cailloux oubli\u00e9s au fond des poches : voil\u00e0 un bon moyen d'entamer une super collection !Une identification facilit\u00e9e\r\nIl existe \u00e0 l'heure actuelle plus de quatre mille sortes de min\u00e9raux connues, et on en d\u00e9couvre tous les ans de nouvelles. Dans ce carnet d'identification sont pr\u00e9sent\u00e9s 67 min\u00e9raux et 16 roches parmi les plus courants ou les plus c\u00e9l\u00e8bres. Ils sont class\u00e9s soit par couleurs (min\u00e9raux), soit par familles (roches). Pour chaque roche ou min\u00e9ral, plusieurs indices de reconnaissance sont indiqu\u00e9s (\u00e9clat, densit\u00e9, duret\u00e9). En v\u00e9rifiant tous les caract\u00e8res propos\u00e9s, il devient donc facile de les identifier. Pour agr\u00e9menter toutes ces donn\u00e9es, des encadr\u00e9s donnent des informations suppl\u00e9mentaires : on apprend, par exemple, \u00e0 quoi sert le graphite, pourquoi l'agate est bleue ou comment on taille le diamant...Des pistes de recherche\r\nIl y a des min\u00e9raux partout. Le plus souvent, ils sont invisibles \u00e0 l'oeil nu, mais ils entrent dans la composition de toutes les roches. Il est donc possible de collectionner tous les types de roches qui existent dans une r\u00e9gion. Plus la r\u00e9gion est montagneuse, plus la vari\u00e9t\u00e9 des roches sera importante. Mais si on habite loin des montagnes, on peut aussi collecter des roches au bord des rivi\u00e8res. Mais pour trouver de beaux \u00e9chantillons de min\u00e9raux, il faudra s'armer de beaucoup de patience... et d'une bonne paire de chaussures. La majeure partie des endroits connus pour les min\u00e9raux ont \u00e9t\u00e9 tellement visit\u00e9s qu'il ne faut plus esp\u00e9rer, sauf miracle, y trouver de beaux cristaux. Il est donc n\u00e9cessaire de trouver de nouveaux sites. Pour cela, il suffit de marcher en regardant partout : bords de route, talus, carri\u00e8res, falaises, labours...Une maquette claire et dynamique\r\n\u00a0\r\nAvec 1 400 000 exemplaires vendus, la collection \u00ab Carnets de nature \u00bb fait partie des livres nature incontournables des \u00e9ditions Milan. Les contenus n'ont pas pris une ride, et leur nouvelle maquette les remet au go\u00fbt du jour. Moins statique, plus color\u00e9e et plus gaie, cette nouvelle mise en pages rend les livres plus attractifs. Et c'est l'illustratrice Lucie Brunelli\u00e8re qui r\u00e9alise l'ensemble des couvertures de la collection, dont l'effet est renforc\u00e9 par un style graphique simple, \u00e9pur\u00e9, aux couleurs \u00e9l\u00e9gantes.","authors":["Francis Duranthon","Lucie Brunelli\u00e8re","Catherine Fichaux"],"category_codes":["2000000","2070000","2070500"],"visuals":{"large":"https:\/\/images.epagine.fr\/148\/9782408056148_1_75.jpg","medium":"https:\/\/images.epagine.fr\/148\/9782408056148_1_m.jpg","thumbnail":"https:\/\/images.epagine.fr\/148\/9782408056148_1_v.jpg"},"orderable":true,"show_badge":true,"formatted_price":"6,90&nbsp;\u20ac","formatted_published_date":"2 juillet 2025","publisher_availability_label":"Sur commande","short_details":"Francis Duranthon, Lucie Brunelli\u00e8re, Catherine Fichaux \u2014 Milan","translator":null,"weight":70,"page_count":32,"readership":"\u00e0 partir de 8 ANS","editor":"Milan","price":690,"published_date":"2025-07-01T22:00:00.000000Z","support":"Poche","publisher_availability":1,"stock":0,"editions":[],"url":"https:\/\/quaidesbrumes.com\/ouvrage\/9782408056148\/roches-et-mineraux-observer-differencier-identifier-collectionner"},{"id":"9782889860456","title":"Roland L\u00e9l\u00e9fan, la naissance","description":"Savez-vous comment les \u00e9l\u00e9phants viennent sur terre? Apr\u00e8s sept albums, il \u00e9tait temps de conna\u00eetre la v\u00e9rit\u00e9 sur la naissance de Roland L\u00e9l\u00e9fan. Avec l'histoire de son petit h\u00e9ros aux grandes oreilles, Louise M\u00e9zel explique aussi comment naissent les enfants. Le caract\u00e8re anthropomorphe que permet l'\u00e9l\u00e9phanteau offre un joli temps d'attente entre cette premi\u00e8re sensibilisation et la seconde qui interviendra quand les petits lecteurs seront plus \u00e2g\u00e9s. Du chou au ventre d'une maman \u00e9l\u00e9phant, l'illustratrice aborde avec d\u00e9licatesse les diff\u00e9rents r\u00e9cits qui racontent sans tout d\u00e9voiler comment les b\u00e9b\u00e9s viennent au monde. Elle en retient l'essentiel: une bonne dose d'amour est toujours n\u00e9cessaire pour cr\u00e9er un \u00eatre vivant...et plus encore quand il s'agit d'un \u00eatre aussi sp\u00e9cial que Roland!\r\n","authors":["Louise Mezel"],"category_codes":["2000000","2030000","2030400"],"visuals":{"large":"https:\/\/images.epagine.fr\/456\/9782889860456_1_75.jpg","medium":"https:\/\/images.epagine.fr\/456\/9782889860456_1_m.jpg","thumbnail":"https:\/\/images.epagine.fr\/456\/9782889860456_1_v.jpg"},"orderable":true,"show_badge":true,"formatted_price":"10,90&nbsp;\u20ac","formatted_published_date":"22 ao\u00fbt 2025","publisher_availability_label":"Sur commande","short_details":"Louise Mezel \u2014 La Joie de lire","translator":null,"weight":196,"page_count":40,"readership":"3\/6 ans","editor":"La Joie de lire","price":1090,"published_date":"2025-08-21T22:00:00.000000Z","support":"Grand format","publisher_availability":1,"stock":0,"editions":[],"url":"https:\/\/quaidesbrumes.com\/ouvrage\/9782889860456\/roland-lelefan-la-naissance"},{"id":"9782383495024","title":"L'odyss\u00e9e des Tranchevent Tome 1 : La dame sans d\u00e9esse","description":"- Un roman plein de po\u00e9sie autour de la relation fr\u00e8re\/soeur.\r\n- Un regard juste sur le handicap et la r\u00e9silience.\r\n- Une qu\u00eate tr\u00e9pidante dans un monde f\u00e9erique o\u00f9 s'encha\u00eenent les p\u00e9rip\u00e9ties.\r\nNayla est une paria sur la cit\u00e9-\u00c9tat de Brumeroc, une \u00eele au-dessus des nuages. Lors des pr\u00e9c\u00e9dentes c\u00e9l\u00e9brations de la Grande Migration, elle n'a jamais pu se lier \u00e0 une cr\u00e9ature c\u00e9leste, cens\u00e9e d\u00e9terminer sa place dans la soci\u00e9t\u00e9. Priv\u00e9e de l'usage de ses jambes, la jeune fille serait en effet condamn\u00e9e au sol, rejet\u00e9e par les D\u00e9esses - les baleines, nobles cr\u00e9atures entre toutes. Nayla n'a qu'un seul tr\u00e9sor : son petit fr\u00e8re adoptif Brewen, arriv\u00e9 de mani\u00e8re inexplicable sur l'\u00eele quatre ans auparavant. Mais celui-ci dispara\u00eet pendant la Grande Migration. Nayla se lance alors corps et \u00e2me sur ses traces. Aid\u00e9e par Glenn, un navigateur-cartographe providentiel, elle brave tous les interdits, brise toutes les lois, pour retrouver Brewen. Mais est-elle vraiment de taille \u00e0 affronter territoires hostiles et horribles cr\u00e9atures pour d\u00e9couvrir la v\u00e9rit\u00e9 sur ce fr\u00e8re... si myst\u00e9rieux ?","authors":["Noemie Delpra"],"category_codes":["2000000","2050000","2050200","2050204"],"visuals":{"large":"https:\/\/images.epagine.fr\/024\/9782383495024_1_75.jpg","medium":"https:\/\/images.epagine.fr\/024\/9782383495024_1_m.jpg","thumbnail":"https:\/\/images.epagine.fr\/024\/9782383495024_1_v.jpg"},"orderable":true,"show_badge":true,"formatted_price":"17,00&nbsp;\u20ac","formatted_published_date":"21 ao\u00fbt 2025","publisher_availability_label":"Sur commande","short_details":"Noemie Delpra \u2014 Gulf Stream","translator":null,"weight":346,"page_count":288,"readership":"\u00e0 partir de 12 ANS","editor":"Gulf Stream","price":1700,"published_date":"2025-08-20T22:00:00.000000Z","support":"Grand format","publisher_availability":1,"stock":0,"editions":[],"url":"https:\/\/quaidesbrumes.com\/ouvrage\/9782383495024\/lodyssee-des-tranchevent-tome-1-la-dame-sans-deesse"},{"id":"9791039557276","title":"Je deviens grand : Mes \u00e9motions, 10 accomplissements pour g\u00e9rer mes \u00e9motions","description":"Un grand livre \u00e0 animer pour \u00eatre fier de grandir !\r\nDans ce livre, on retrouve 10 accomplissements pour aider l'enfant apprivoiser et comprendre ses premi\u00e8res \u00e9motions, \u00e0 travers des m\u00e9canismes simples \u00e0 activer. \r\nLes \u00e9motions \u00e9voqu\u00e9es : \r\n- La joie \r\n- La tristesse\r\n- La col\u00e8re\r\n- L'amour \r\n- La frustration\r\n- La peur\r\n- La surprise\r\n- Le d\u00e9go\u00fbt\r\n- L'ennui\r\n- La patience\r\n- La timidit\u00e9\r\n- Le d\u00e9couragement\r\n- La fiert\u00e9\r\nDevenir grand, c'est amusant !","authors":["Naomikado"],"category_codes":["2000000","2020000","2020400"],"visuals":{"large":"https:\/\/images.epagine.fr\/276\/9791039557276_1_75.jpg","medium":"https:\/\/images.epagine.fr\/276\/9791039557276_1_m.jpg","thumbnail":"https:\/\/images.epagine.fr\/276\/9791039557276_1_v.jpg"},"orderable":true,"show_badge":true,"formatted_price":"12,95&nbsp;\u20ac","formatted_published_date":"17 avril 2025","publisher_availability_label":"Sur commande","short_details":"Naomikado \u2014 Auzou","translator":null,"weight":556,"page_count":12,"readership":"0\/3 ans","editor":"Auzou","price":1295,"published_date":"2025-04-16T22:00:00.000000Z","support":"Grand format","publisher_availability":1,"stock":0,"editions":[],"url":"https:\/\/quaidesbrumes.com\/ouvrage\/9791039557276\/je-deviens-grand-mes-emotions-10-accomplissements-pour-gerer-mes-emotions"},{"id":"9782809693959","title":"Harry Potter : Mon journal secret reliques de la mort avec pendentif","description":"Confie tes secrets \u00e0 ton journal magique !\r\nD\u00e9couvre ce magnifique journal secret Harry Potter, avec un collier \"Reliques de la Mort\" incrust\u00e9 dans sa couverture. Un accessoire unique \u00e0 porter ou \u00e0 collectionner.\r\nUn cadeau enchanteur pour tous les jeunes sorciers\u00a0 !\r\nContenu :\r\n- Journal secret avec cadenas et cl\u00e9\r\n- 1 collier \"Reliques de la Mort\"\r\n\u00c0 partir de 7 ans. Produit sous licence officielle Harry Potter.","authors":["Collectif"],"category_codes":["2000000","2080000","2080500"],"visuals":{"large":"https:\/\/images.epagine.fr\/959\/9782809693959_1_75.jpg","medium":"https:\/\/images.epagine.fr\/959\/9782809693959_1_m.jpg","thumbnail":"https:\/\/images.epagine.fr\/959\/9782809693959_1_v.jpg"},"orderable":true,"show_badge":true,"formatted_price":"0,00&nbsp;\u20ac","formatted_published_date":"1er octobre 2025","publisher_availability_label":"Sur commande","short_details":"Collectif \u2014 \u00c9ditions playBac","translator":null,"weight":298,"page_count":96,"readership":"Tout public","editor":"\u00c9ditions playBac","price":0,"published_date":"2025-09-30T22:00:00.000000Z","support":"Papeterie \/ Coloriage","publisher_availability":1,"stock":0,"editions":[],"url":"https:\/\/quaidesbrumes.com\/ouvrage\/9782809693959\/harry-potter-mon-journal-secret-reliques-de-la-mort-avec-pendentif"},{"id":"9782384535002","title":"Mon bel imagier : Animaux ; Pour \u00e9veiller la curiosit\u00e9 des tout-petits","description":"Un beau cadeau de naissance pour \u00e9veiller la curiosit\u00e9 des tout-petits.\r\nLa girafe, l'\u00e9toile de mer, le koala... dans ce beau livre d'\u00e9veil, b\u00e9b\u00e9 va faire connaissance avec 30 animaux tr\u00e8s mignons ! Les dessins sont simples et color\u00e9s pour \u00e9veiller l'int\u00e9r\u00eat. Des surfaces tactiles sur toutes les pages, 5 mati\u00e8res \u00e0 toucher (feutrine, peluche, papier paillet\u00e9...) et 5 d\u00e9coupes stimulent le sens du toucher. Un grand flap cr\u00e9e la surprise et un miroir invite les petits curieux \u00e0 regarder leur frimousse pour des \u00e9clats de rire garantis ! D\u00e8s la naissance.","authors":["Sarah Lock"],"category_codes":["2000000","2020000"],"visuals":{"large":"https:\/\/images.epagine.fr\/002\/9782384535002_1_75.jpg","medium":"https:\/\/images.epagine.fr\/002\/9782384535002_1_m.jpg","thumbnail":"https:\/\/images.epagine.fr\/002\/9782384535002_1_v.jpg"},"orderable":true,"show_badge":true,"formatted_price":"16,50&nbsp;\u20ac","formatted_published_date":"9 octobre 2025","publisher_availability_label":"Sur commande","short_details":"Sarah Lock \u2014 1, 2, 3 Soleil !","translator":null,"weight":842,"page_count":12,"readership":"0\/3 ans","editor":"1, 2, 3 Soleil !","price":1650,"published_date":"2025-10-08T22:00:00.000000Z","support":"Grand format","publisher_availability":1,"stock":0,"editions":[],"url":"https:\/\/quaidesbrumes.com\/ouvrage\/9782384535002\/mon-bel-imagier-animaux-pour-eveiller-la-curiosite-des-tout-petits"},{"id":"9782211348126","title":"Les images de Lou et Mouf - L'automne","description":"En automne, on fait des promenades dans la for\u00eat, on fabrique des jardins japonais, on saute dans les flaques, et on rentre faire des bricolages. Les aventures de Lou et son doudou se racontent au jour le jour. Des imagiers sans texte pour \u00e9changer joyeusement et librement dans toutes les langues !","authors":["Jeanne Ashb\u00e9"],"category_codes":["2000000","2020000","2020300"],"visuals":{"large":"https:\/\/images.epagine.fr\/126\/9782211348126_1_75.jpg","medium":"https:\/\/images.epagine.fr\/126\/9782211348126_1_m.jpg","thumbnail":"https:\/\/images.epagine.fr\/126\/9782211348126_1_v.jpg"},"orderable":true,"show_badge":true,"formatted_price":"7,80&nbsp;\u20ac","formatted_published_date":"10 septembre 2025","publisher_availability_label":"Sur commande","short_details":"Jeanne Ashb\u00e9 \u2014 L'\u00c9cole des loisirs","translator":null,"weight":129,"page_count":16,"readership":"0\/3 ans","editor":"L'\u00c9cole des loisirs","price":780,"published_date":"2025-09-09T22:00:00.000000Z","support":"Grand format","publisher_availability":1,"stock":0,"editions":[],"url":"https:\/\/quaidesbrumes.com\/ouvrage\/9782211348126\/les-images-de-lou-et-mouf-lautomne"},{"id":"9782408055295","title":"Quatre saisons en pleine nature","description":"\u00c0 chaque saison d\u00e9couvre la nature et ses secrets.\u00a0Il suffit souvent de prendre le temps, de s'arr\u00eater et d'observer un petit coin de campagne pour assister \u00e0 un fascinant spectacle, m\u00eame dans le parc \u00e0 c\u00f4t\u00e9 de chez soi !\r\nObserver un milieu naturel\r\nDans les bois, les haies, au bord d'une mare, d'une rivi\u00e8re ou \u00e0 la mer, que l'on soit en \u00e9t\u00e9 ou en hiver, il se passe toujours quelque chose ! Tandis que les plantes s'adaptent \u00e0 la saison, les animaux vaquent \u00e0 leurs occupations.\u00a0\r\nRegarder les abeilles danser, rep\u00e9rer les oiseaux migrateurs se rassembler, \u00e9couter le brame du cerf ou d\u00e9couvrir les premi\u00e8res fleurs \u00e0 la fin de l'hiver... ce livre est une invitation \u00e0 la contemplation.\r\nUn bel ouvrage documentaire pour les jeunes \u00e0 partir de 7 ans\r\nUn documentaire soign\u00e9 avec des pages amplement illustr\u00e9es, de nombreux d\u00e9tails, un signet pour ne pas perdre sa page et s'arr\u00eater quand on veut dans sa lecture, et enfin une belle couverture avec embossage et vernis.","authors":["Anna Wilson","Carolina Rabei","Ma\u00eblle Mas"],"category_codes":["2000000","2070000","2070300"],"visuals":{"large":"https:\/\/images.epagine.fr\/295\/9782408055295_1_75.jpg","medium":"https:\/\/images.epagine.fr\/295\/9782408055295_1_m.jpg","thumbnail":"https:\/\/images.epagine.fr\/295\/9782408055295_1_v.jpg"},"orderable":true,"show_badge":true,"formatted_price":"18,90&nbsp;\u20ac","formatted_published_date":"8 octobre 2025","publisher_availability_label":"Sur commande","short_details":"Anna Wilson, Carolina Rabei, Ma\u00eblle Mas \u2014 Milan","translator":"MAELLE MAS","weight":1074,"page_count":128,"readership":"\u00e0 partir de 7 ANS","editor":"Milan","price":1890,"published_date":"2025-10-07T22:00:00.000000Z","support":"Grand format","publisher_availability":1,"stock":0,"editions":[],"url":"https:\/\/quaidesbrumes.com\/ouvrage\/9782408055295\/quatre-saisons-en-pleine-nature"},{"id":"9782809691634","title":"Mode \u00e0 Paris : Carnet cr\u00e9atif","description":"D\u00e9couvre la mode haute couture avec Minimiki !\r\n  \r\nDans ce carnet cr\u00e9atif, cr\u00e9e tes jolies poup\u00e9es gr\u00e2ce \u00e0 de nombreuses silhouettes \u00e0 colorier, des mod\u00e8les et 4 planches de stickers.\r\nEt en plus, des infos documentaires sur la mode : la cr\u00e9ation d'un v\u00eatement, les accessoires, les savoir-faire, la haute-couture, l'histoire des d\u00e9fil\u00e9s de mode...\r\n  \r\nEn cadeau : un joli bracelet \u00e0 collectionner !","authors":["Julie Camel"],"category_codes":["2000000","2080000","2080200"],"visuals":{"large":"https:\/\/images.epagine.fr\/634\/9782809691634_1_75.jpg","medium":"https:\/\/images.epagine.fr\/634\/9782809691634_1_m.jpg","thumbnail":"https:\/\/images.epagine.fr\/634\/9782809691634_1_v.jpg"},"orderable":true,"show_badge":true,"formatted_price":"9,90&nbsp;\u20ac","formatted_published_date":"9 avril 2025","publisher_availability_label":"Sur commande","short_details":"Julie Camel \u2014 \u00c9ditions playBac","translator":null,"weight":192,"page_count":88,"readership":"\u00e0 partir de 4 ANS","editor":"\u00c9ditions playBac","price":990,"published_date":"2025-04-08T22:00:00.000000Z","support":"Papeterie \/ Coloriage","publisher_availability":1,"stock":0,"editions":[],"url":"https:\/\/quaidesbrumes.com\/ouvrage\/9782809691634\/mode-a-paris-carnet-creatif"},{"id":"9782361937591","title":"1,2,3... sommeil !","description":"Le rituel du coucher, vu par BERNADETTE GERVAIS : un moment reli\u00e9 \u00e0 la nature, le soleil se couche, les oiseaux s'envolent, les papillons de nuit se cognent \u00e0 la fen\u00eatre. Chaque instant est capt\u00e9 avec po\u00e9sie et douceur, le pyjama, le doudou, l'histoire \u00e0 lire, les bisous... et la lune qui veille...\r\nLe texte, comme une ritournelle, joue sur la r\u00e9p\u00e9tition, les mots palissent, comme s'ils s'effa\u00e7aient, pour laisser place \u00e0 la nuit, comme on sombre dans le sommeil. Un moment de la vie quotidienne enchant\u00e9 par le talent de Bernadette Gervais.","authors":["Bernadette Gervais"],"category_codes":["2000000","2030000","2030400"],"visuals":{"large":"https:\/\/images.epagine.fr\/591\/9782361937591_1_75.jpg","medium":"https:\/\/images.epagine.fr\/591\/9782361937591_1_m.jpg","thumbnail":"https:\/\/images.epagine.fr\/591\/9782361937591_1_v.jpg"},"orderable":true,"show_badge":true,"formatted_price":"16,50&nbsp;\u20ac","formatted_published_date":"29 ao\u00fbt 2024","publisher_availability_label":"Sur commande","short_details":"Bernadette Gervais \u2014 \u00c9ditions des Grandes Personnes","translator":null,"weight":392,"page_count":48,"readership":"3\/6 ans","editor":"\u00c9ditions des Grandes Personnes","price":1650,"published_date":"2024-08-28T22:00:00.000000Z","support":"Grand format","publisher_availability":1,"stock":0,"editions":[],"url":"https:\/\/quaidesbrumes.com\/ouvrage\/9782361937591\/123-sommeil"},{"id":"9782244219226","title":"Autocollants : Les engins","description":"Un livre aux illustrations simples et efficaces qui permet au tout-petit d'apprendre \u00e0 d\u00e9coller et \u00e0 coller les autocollants. En positionnant les autocollants \u00e0 la bonne place, l'enfant d\u00e9couvre les engins : la pelleteuse, la voiture de police, la fus\u00e9e, l'avion, mais aussi le voilier, le paquebot... La double-page d'autocollants est sans fond, pour aider la pr\u00e9hension du jeune enfant.","authors":["Marion Billet"],"category_codes":["2000000","2080000","2080200"],"visuals":{"large":"https:\/\/images.epagine.fr\/226\/9782244219226_1_75.jpg","medium":"https:\/\/images.epagine.fr\/226\/9782244219226_1_m.jpg","thumbnail":"https:\/\/images.epagine.fr\/226\/9782244219226_1_v.jpg"},"orderable":true,"show_badge":true,"formatted_price":"5,90&nbsp;\u20ac","formatted_published_date":"1er janvier 2026","publisher_availability_label":"Sur commande","short_details":"Marion Billet \u2014 \u00c9ditions Lito","translator":null,"weight":79,"page_count":10,"readership":"\u00e0 partir de 18 mois","editor":"\u00c9ditions Lito","price":590,"published_date":"2025-12-31T23:00:00.000000Z","support":"Papeterie \/ Coloriage","publisher_availability":1,"stock":0,"editions":[],"url":"https:\/\/quaidesbrumes.com\/ouvrage\/9782244219226\/autocollants-les-engins"},{"id":"9791070160091","title":"Passion Patinage Tome 4 : Un ballet aux Jeux olympiques","description":"Une nouvelle incroyable est annonc\u00e9e aux patineuses et patineurs du club de Belfort : les \u00e9l\u00e8ves de danse sur glace et de patinage artistique vont participer... aux Jeux olympiques ! Pas en comp\u00e9tition, ils sont trop jeunes, mais ils pr\u00e9senteront un ballet lors du spectacle de cl\u00f4ture. Le th\u00e8me ? Le Roi lion ! Alba est aux anges.\u00a0","authors":["Isabelle Stock","Marie-Rose Boisson"],"category_codes":["2000000","2040000","2040300"],"visuals":{"large":"https:\/\/images.epagine.fr\/091\/9791070160091_1_75.jpg","medium":"https:\/\/images.epagine.fr\/091\/9791070160091_1_m.jpg","thumbnail":"https:\/\/images.epagine.fr\/091\/9791070160091_1_v.jpg"},"orderable":true,"show_badge":true,"formatted_price":"6,99&nbsp;\u20ac","formatted_published_date":"2 janvier 2026","publisher_availability_label":"Sur commande","short_details":"Isabelle Stock, Marie-Rose Boisson \u2014 \u00c9ditions playBac","translator":null,"weight":202,"page_count":144,"readership":"\u00e0 partir de 9 ANS","editor":"\u00c9ditions playBac","price":699,"published_date":"2026-01-01T23:00:00.000000Z","support":"Poche","publisher_availability":1,"stock":0,"editions":[],"url":"https:\/\/quaidesbrumes.com\/ouvrage\/9791070160091\/passion-patinage-tome-4-un-ballet-aux-jeux-olympiques"},{"id":"9782383223849","title":"Le monde des papillons","description":"Un documentaire complet et graphique pour mieux conna\u00eetre le monde merveilleux des papillons.\r\n\"Bienvenue dans le monde fantastique des papillons !\r\nTu vas pouvoir d\u00e9couvrir ce qu'est la fameuse \" poudre magique \" qui recouvre leurs ailes, comment une chenille un peu pataude peut se transformer en un splendide insecte, ou encore les mythes et l\u00e9gendes qui leur sont associ\u00e9s. Tu pourras m\u00eame trouver des astuces pour les attirer tous les jours sur ton balcon, et contribuer ainsi \u00e0 les pr\u00e9server !\"","authors":["Rita Mabel Schiavo","Giulia de Amicis"],"category_codes":["2000000","2070000","2070300"],"visuals":{"large":"https:\/\/images.epagine.fr\/849\/9782383223849_1_75.jpg","medium":"https:\/\/images.epagine.fr\/849\/9782383223849_1_m.jpg","thumbnail":"https:\/\/images.epagine.fr\/849\/9782383223849_1_v.jpg"},"orderable":true,"show_badge":true,"formatted_price":"18,95&nbsp;\u20ac","formatted_published_date":"12 juin 2025","publisher_availability_label":"Sur commande","short_details":"Rita Mabel Schiavo, Giulia de Amicis \u2014 \u00c9ditions Kimane","translator":null,"weight":732,"page_count":64,"readership":"Tout public","editor":"\u00c9ditions Kimane","price":1895,"published_date":"2025-06-11T22:00:00.000000Z","support":"Grand format","publisher_availability":1,"stock":0,"editions":[],"url":"https:\/\/quaidesbrumes.com\/ouvrage\/9782383223849\/le-monde-des-papillons"},{"id":"9782749958781","title":"Paddington : L'histoire de l'ours qui venait du P\u00e9rou","description":"Alors qu'ils sont \u00e0 la gare de Paddington, M. et Mme Brown trouvent un ours abandonn\u00e9 sur le quai. Autour de son cou, une \u00e9tiquette :\r\n\" S'il vous pla\u00eet, veillez sur cet ours. Merci. \"\r\nApr\u00e8s l'avoir baptis\u00e9 Paddington, ils adoptent ce petit ours qui arrive en fait du P\u00e9rou.\r\nD\u00e8s sa premi\u00e8re journ\u00e9e o\u00f9 un simple bain se transforme en inondation, le nouveau venu devient synonyme de catastrophe. Mais le joyeux chaos r\u00e9jouit les membres de la famille, qui doivent admettre que leur vie est bien plus anim\u00e9e maintenant qu'ils ont un ours \u00e0 la maison.","authors":["Michael Bond","R.W. Alley","Jean-No\u00ebl Ch\u00e2tain"],"category_codes":["2000000","2030000","2030400"],"visuals":{"large":"https:\/\/images.epagine.fr\/781\/9782749958781_1_75.jpg","medium":"https:\/\/images.epagine.fr\/781\/9782749958781_1_m.jpg","thumbnail":"https:\/\/images.epagine.fr\/781\/9782749958781_1_v.jpg"},"orderable":true,"show_badge":true,"formatted_price":"13,95&nbsp;\u20ac","formatted_published_date":"9 janvier 2025","publisher_availability_label":"Sur commande","short_details":"Michael Bond, R.W. Alley, Jean-No\u00ebl Ch\u00e2tain \u2014 Michel Lafon","translator":"JEAN-NOEL CHATAIN","weight":488,"page_count":32,"readership":"\u00e0 partir de 3 ANS","editor":"Michel Lafon","price":1395,"published_date":"2025-01-08T23:00:00.000000Z","support":"Grand format","publisher_availability":1,"stock":0,"editions":[],"url":"https:\/\/quaidesbrumes.com\/ouvrage\/9782749958781\/paddington-lhistoire-de-lours-qui-venait-du-perou"},{"id":"9782492768460","title":"Carnaval","description":"Un voyage \u00e0 travers le monde pour d\u00e9couvrir les multiples visages du carnaval, sa cr\u00e9ativit\u00e9 et sa subversion. D'o\u00f9 vient le carnaval ? Pourquoi le f\u00eate-on ? Qui est la touloulou ? Comment fabrique-t-on les masques ? De la Sardaigne \u00e0 Notting Hill, en passant par les Cara\u00efbes ou la Colombie, plongez dans le temps de folie collective des carnavals \u00e0 travers dix c\u00e9l\u00e9brations du monde entier ! Un documentaire fourmillant et joyeux qui illustre avec pr\u00e9cision des concepts importants : m\u00e9tissage, syncr\u00e9tisme, r\u00e9appropriation et transmission.","authors":["Catherine Loizeau","B\u00e9atrice Veillon"],"category_codes":["2000000","2030000","2030400"],"visuals":{"large":"https:\/\/images.epagine.fr\/460\/9782492768460_1_75.jpg","medium":"https:\/\/images.epagine.fr\/460\/9782492768460_1_m.jpg","thumbnail":"https:\/\/images.epagine.fr\/460\/9782492768460_1_v.jpg"},"orderable":true,"show_badge":true,"formatted_price":"24,90&nbsp;\u20ac","formatted_published_date":"10 octobre 2024","publisher_availability_label":"Sur commande","short_details":"Catherine Loizeau, B\u00e9atrice Veillon \u2014 La Partie","translator":null,"weight":770,"page_count":80,"readership":"\u00e0 partir de 6 ANS","editor":"La Partie","price":2490,"published_date":"2024-10-09T22:00:00.000000Z","support":"Grand format","publisher_availability":1,"stock":0,"editions":[],"url":"https:\/\/quaidesbrumes.com\/ouvrage\/9782492768460\/carnaval"}]}