{"data":[{"id":"9782889574858","title":"Saisissants pop-up : La Lune","description":"Combien de crat\u00e8res se trouvent sur la Lune ? Comment se forment les \u00e9clipses lunaires ? Savais-tu que la Lune influence les mar\u00e9es sur Terre ?\r\nCes questions et bien d'autres trouvent leur r\u00e9ponse dans ce livre, consacr\u00e9 aux merveilles de la Lune, \u00e0 d\u00e9couvrir \u00e0 travers les 10 fabuleux pop-up.\r\nLes phases lunaires, le Syst\u00e8me solaire, la Lune et la Terre, les satellites naturels, les missions lunaires et les explorations spatiales... tout est pr\u00e9sent\u00e9 \u00e0 travers de nombreuses illustrations color\u00e9es, sublim\u00e9es par 10 pop-up spectaculaires.\r\nDe plus, pour approfondir chaque sujet, de nombreuses anecdotes fascinantes et surprenantes rendent ce volume \u00e0 la fois \u00e9ducatif, captivant et ludique.","authors":["Adam Linley","David Hawcock"],"category_codes":["2000000","2030000","2030500"],"visuals":{"large":"https:\/\/images.epagine.fr\/858\/9782889574858_1_75.jpg","medium":"https:\/\/images.epagine.fr\/858\/9782889574858_1_m.jpg","thumbnail":"https:\/\/images.epagine.fr\/858\/9782889574858_1_v.jpg"},"orderable":true,"show_badge":true,"formatted_price":"12,90&nbsp;\u20ac","formatted_published_date":"5 mars 2026","publisher_availability_label":"Sur commande","short_details":"Adam Linley, David Hawcock \u2014 NuiNui Jeunesse","translator":null,"weight":506,"page_count":20,"readership":"3\/6 ans","editor":"NuiNui Jeunesse","price":1290,"published_date":"2026-03-04T23:00:00.000000Z","support":"Grand format","publisher_availability":1,"stock":0,"editions":[],"url":"https:\/\/quaidesbrumes.com\/ouvrage\/9782889574858\/saisissants-pop-up-la-lune"},{"id":"9782494997141","title":"La petite r\u00e9paratrice","description":"\u00c9mi pr\u00e9f\u00e8re r\u00e9parer plut\u00f4t que de jeter. Dans son atelier, on trouve des tas d'objets cass\u00e9s. Quand on lui apporte une poup\u00e9e ou une t\u00eate de licorne, la voil\u00e0, qui, ni une ni deux, munie de ses outils, redonne vie aux objets. Mais lorsqu'elle apprend que la maison de Nobu-san va \u00eatre vid\u00e9e, elle \u00e9chafaude une \u00e9norme surprise, \u00ab quelque chose de beau \u00bb pour les habitants du village...","authors":["Laurence Gillot","Pascale Breysse"],"category_codes":["2000000","2020000","2020400"],"visuals":{"large":"https:\/\/images.epagine.fr\/141\/9782494997141_1_75.jpg","medium":"https:\/\/images.epagine.fr\/141\/9782494997141_1_m.jpg","thumbnail":"https:\/\/images.epagine.fr\/141\/9782494997141_1_v.jpg"},"orderable":true,"show_badge":true,"formatted_price":"16,00&nbsp;\u20ac","formatted_published_date":"6 mars 2026","publisher_availability_label":"Sur commande","short_details":"Laurence Gillot, Pascale Breysse \u2014 Akinom\u00e9","translator":null,"weight":550,"page_count":36,"readership":"0\/3 ans","editor":"Akinom\u00e9","price":1600,"published_date":"2026-03-05T23:00:00.000000Z","support":"Grand format","publisher_availability":1,"stock":0,"editions":[],"url":"https:\/\/quaidesbrumes.com\/ouvrage\/9782494997141\/la-petite-reparatrice"},{"id":"9782494753341","title":"DES CHIFFRES ET DES COULEURS","description":"Apr\u00e8s l'ab\u00e9c\u00e9daire des \u00ab\u00a0Lettres arabes\u00a0\u00bb, cet imagier de Mohieddine Ellabbad est d\u00e9di\u00e9 aux chiffres et aux couleurs. \r\nUn soleil, deux chaussures, trois roues d'un tricycle, quatre pattes de l'\u00e2ne, cinq doigts, six poissons rouges dans un bocal, sept fleurs sur la tige, huit oiseaux sur la robe, neuf fen\u00eatres \u00e0 la grande maison, dix crayons dans leur bo\u00eete, onze graines \u00e0 la past\u00e8que, douze allumettes dans leur bo\u00eete, treize \u00e9toiles dans leur ciel, quatorze branches au peigne, quinze taches \u00e0 la panth\u00e8re... L'imagier de Mohieddine Ellabbad associe les chiffres et les couleurs \u00e0 des dessins remplis d'humour.  Ici, on apprend les chiffres jusqu'\u00e0 quinze et huit couleurs, en arabe avec la transcription phon\u00e9tique et la traduction en fran\u00e7ais, tout en s'amusant !\r\nD\u00e9j\u00e0 paru au Port a jauni : Le carnet du dessinateur (2018), Petite histoire de la calligraphie arabe (2019), Le dictionnaire des monstres (2020), T-Shirts (2022), Lettres arabes (2024)","authors":["Mohieddine Ellabbad"],"category_codes":["2000000","2020000","2020400"],"visuals":{"large":"https:\/\/images.epagine.fr\/341\/9782494753341_1_75.jpg","medium":"https:\/\/images.epagine.fr\/341\/9782494753341_1_m.jpg","thumbnail":"https:\/\/images.epagine.fr\/341\/9782494753341_1_v.jpg"},"orderable":true,"show_badge":true,"formatted_price":"8,00&nbsp;\u20ac","formatted_published_date":"23 janvier 2026","publisher_availability_label":"Sur commande","short_details":"Mohieddine Ellabbad \u2014 Le port a jauni","translator":null,"weight":40,"page_count":32,"readership":"0\/3 ans","editor":"Le port a jauni","price":800,"published_date":"2026-01-22T23:00:00.000000Z","support":"Grand format","publisher_availability":1,"stock":0,"editions":[],"url":"https:\/\/quaidesbrumes.com\/ouvrage\/9782494753341\/des-chiffres-et-des-couleurs"},{"id":"9782383496809","title":"La mal\u00e9diction du Nil Tome 3 : La pyramide de Seth","description":"- Un trio attachant et courageux affronte une terrible mal\u00e9diction qui menace le royaume d'\u00c9gypte, annonc\u00e9e par de terribles fl\u00e9aux climatiques.\r\n- Le dernier tome d'une trilogie \u00e0 l'univers fantastique impr\u00e9gn\u00e9 de la vie quotidienne de l'\u00c9gypte antique et sa mythologie.\r\nLorsque les amulettes jumelles seront bris\u00e9es, le monde des morts l'emportera sur celui des vivants, lib\u00e9rant le chaos sur l'\u00c9gypte. Seuls trois \u00e9lus pourront sauver la terre du Nil.\r\nCe tome final se d\u00e9roule presque int\u00e9gralement dans la pyramide invers\u00e9e de Seth. Cette prison d'obsidienne au coeur du d\u00e9sert est en effet en train de se briser \u00e0 la suite des agissements de Hamosis et du pr\u00eatre d'Anubis (celui-ci s'est d'ailleurs fait manipuler par le premier conseiller car le dieu chacal n'est pas l'alli\u00e9 de Seth). C'est une derni\u00e8re aventure plus sombre et avec beaucoup d'action pour d\u00e9jouer les pi\u00e8ges du dieu de la discorde. Les trois h\u00e9ros seront cette fois-ci heureusement aid\u00e9s par d'autres divinit\u00e9s telles qu'Osiris, Horus ou Thot.","authors":["Charles Mazarguil","Marie Tibi"],"category_codes":["2000000","2040000","2040500","2040503"],"visuals":{"large":"https:\/\/images.epagine.fr\/809\/9782383496809_1_75.jpg","medium":"https:\/\/images.epagine.fr\/809\/9782383496809_1_m.jpg","thumbnail":"https:\/\/images.epagine.fr\/809\/9782383496809_1_v.jpg"},"orderable":true,"show_badge":true,"formatted_price":"13,50&nbsp;\u20ac","formatted_published_date":"2 avril 2026","publisher_availability_label":"Sur commande","short_details":"Charles Mazarguil, Marie Tibi \u2014 Gulf Stream","translator":null,"weight":200,"page_count":162,"readership":"\u00e0 partir de 9 ANS","editor":"Gulf Stream","price":1350,"published_date":"2026-04-01T22:00:00.000000Z","support":"Grand format","publisher_availability":1,"stock":0,"editions":[],"url":"https:\/\/quaidesbrumes.com\/ouvrage\/9782383496809\/la-malediction-du-nil-tome-3-la-pyramide-de-seth"},{"id":"9782368293362","title":"Myst\u00e8res et boule de poils : L'affaire des chaussettes disparues","description":"Billie r\u00eave d'aventures... et Pop Corn, son hamster, est toujours partant !\r\nQuand les chaussettes disparaissent de la maison les unes apr\u00e8s les autres, les deux amis se lancent dans une enqu\u00eate pleine d'\u00e9nigmes, d'inventions poilantes et de courses-poursuites haletantes.\r\nUne histoire dr\u00f4le, tendre et d\u00e9coiffante, pour ceux qui aiment le suspense... et les petites boules de poils malicieuses.","authors":["Catherine Scharre","Sess"],"category_codes":["2000000","2030000","2030400"],"visuals":{"large":"https:\/\/images.epagine.fr\/362\/9782368293362_1_75.jpg","medium":"https:\/\/images.epagine.fr\/362\/9782368293362_1_m.jpg","thumbnail":"https:\/\/images.epagine.fr\/362\/9782368293362_1_v.jpg"},"orderable":true,"show_badge":true,"formatted_price":"8,95&nbsp;\u20ac","formatted_published_date":"26 mars 2026","publisher_availability_label":"Sur commande","short_details":"Catherine Scharre, Sess \u2014 \u00c9ditions Splash!","translator":null,"weight":284,"page_count":44,"readership":"3\/6 ans","editor":"\u00c9ditions Splash!","price":895,"published_date":"2026-03-25T23:00:00.000000Z","support":"Grand format","publisher_availability":1,"stock":0,"editions":[],"url":"https:\/\/quaidesbrumes.com\/ouvrage\/9782368293362\/mysteres-et-boule-de-poils-laffaire-des-chaussettes-disparues"},{"id":"9782036089303","title":"Licornia : Mission Licornia au pays des f\u00e9es","description":"Embarquez avec Paula, Claudia et Sara pour une aventure extraordinaire !\r\nCette fois, direction le Pays des F\u00e9es... o\u00f9 elles devront rapetisser pour \u00eatre aussi minuscules que ses habitantes.\r\nLeur mission : retrouver les pr\u00e9cieuses paillettes magiques, indispensables au retour du printemps !\r\nMais attention : les f\u00e9es ne les aideront que si elles les trouvent par elles-m\u00eames ! Et il faudra aussi guider une petite licorne jusqu'\u00e0 Licornia.\r\nParviendront-elles \u00e0 r\u00e9ussir leur mission de sauveteuses officielles de licornes ?","authors":["Ana Punset","Diana Vicedo","Claire Tr\u00e9vise"],"category_codes":["2000000","2040000","2040200"],"visuals":{"large":"https:\/\/images.epagine.fr\/303\/9782036089303_1_75.jpg","medium":"https:\/\/images.epagine.fr\/303\/9782036089303_1_m.jpg","thumbnail":"https:\/\/images.epagine.fr\/303\/9782036089303_1_v.jpg"},"orderable":true,"show_badge":true,"formatted_price":"14,99&nbsp;\u20ac","formatted_published_date":"25 mars 2026","publisher_availability_label":"Sur commande","short_details":"Ana Punset, Diana Vicedo, Claire Tr\u00e9vise \u2014 Larousse","translator":"CLAIRE TREVISE","weight":483,"page_count":144,"readership":"\u00e0 partir de 6 ANS","editor":"Larousse","price":1499,"published_date":"2026-03-24T23:00:00.000000Z","support":"Grand format","publisher_availability":1,"stock":0,"editions":[],"url":"https:\/\/quaidesbrumes.com\/ouvrage\/9782036089303\/licornia-mission-licornia-au-pays-des-fees"},{"id":"9782266344180","title":"Guerri\u00e8re","description":"\" Je m'appelle Nekeli. \u00c9coute bien ce que je dis, parce que je ne sais pas si j'aurai la force de te raconter une seconde fois. \"\r\nUn village loin de tout, le bonheur et l'insouciance de Soula\u00ef et Nekeli - deux visages d'une m\u00eame \u00e2me.\r\nUne communaut\u00e9 an\u00e9antie, la terreur et le d\u00e9sespoir des jumeaux - forc\u00e9s, bris\u00e9s, s\u00e9par\u00e9s.\r\nUn coeur d\u00e9vast\u00e9, une enfance ab\u00eem\u00e9e, une rage d\u00e9cupl\u00e9e.\r\nPuissante et d\u00e9termin\u00e9e, une guerri\u00e8re est n\u00e9e.","authors":["C\u00e9cile Alix"],"category_codes":["2000000","2050000","2050200","2050210"],"visuals":{"large":"https:\/\/images.epagine.fr\/180\/9782266344180_1_75.jpg","medium":"https:\/\/images.epagine.fr\/180\/9782266344180_1_m.jpg","thumbnail":"https:\/\/images.epagine.fr\/180\/9782266344180_1_v.jpg"},"orderable":true,"show_badge":true,"formatted_price":"7,80&nbsp;\u20ac","formatted_published_date":"3 avril 2025","publisher_availability_label":"Sur commande","short_details":"C\u00e9cile Alix \u2014 Pocket Jeunesse","translator":null,"weight":140,"page_count":272,"readership":"\u00e0 partir de 12 ANS","editor":"Pocket Jeunesse","price":780,"published_date":"2025-04-02T22:00:00.000000Z","support":"Poche","publisher_availability":1,"stock":0,"editions":["9782375543597"],"url":"https:\/\/quaidesbrumes.com\/ouvrage\/9782266344180\/guerriere"},{"id":"9782266324465","title":"Cogito","description":"Enfin disponible en poche : le thriller d'anticipation visionnaire de Victor Dixen, auteur de la saga best-seller Phobos !\r\nUn don du ciel...\r\n Roxane, dix-huit ans, a plong\u00e9 dans la d\u00e9linquance quand ses parents ont perdu leur emploi, remplac\u00e9s par des robots. Sa derni\u00e8re chance de d\u00e9crocher le Brevet d'Acc\u00e8s aux Corporations : un stage de programmation neuronale, une nouvelle technologie promettant de transformer n'importe qui en g\u00e9nie.\r\n \r\n...ou un pacte avec le diable ?\r\n Pour les vacances de printemps, Roxane s'envole pour les \u00celes Fortun\u00e9es, un archipel tropical futuriste enti\u00e8rement d\u00e9di\u00e9 au cyber-bachotage. Mais cette m\u00e9thode exp\u00e9rimentale qui utilise l'intelligence artificielle pour \" am\u00e9liorer \" la substance m\u00eame de l'esprit humain est-elle vraiment s\u00fbre ? En offrant son cerveau \u00e0 la science, Roxane a-t-elle vendu son \u00e2me au diable ?\r\n \r\n \r\nDemain, l'intelligence artificielle envahira toutes les strates de la soci\u00e9t\u00e9.\r\n L'ultime fronti\u00e8re sera notre cerveau.\r\n \r\n Prix Young Adult La Provence Prix Imaginales des lyc\u00e9ens","authors":["Victor Dixen"],"category_codes":["2000000","2050000","2050200","2050205"],"visuals":{"large":"https:\/\/images.epagine.fr\/465\/9782266324465_1_75.jpg","medium":"https:\/\/images.epagine.fr\/465\/9782266324465_1_m.jpg","thumbnail":"https:\/\/images.epagine.fr\/465\/9782266324465_1_v.jpg"},"orderable":true,"show_badge":true,"formatted_price":"9,20&nbsp;\u20ac","formatted_published_date":"15 septembre 2022","publisher_availability_label":"Sur commande","short_details":"Victor Dixen \u2014 Pocket Jeunesse","translator":null,"weight":328,"page_count":672,"readership":"\u00e0 partir de 12 ANS","editor":"Pocket Jeunesse","price":920,"published_date":"2022-09-14T22:00:00.000000Z","support":"Poche","publisher_availability":1,"stock":0,"editions":["9782221241721"],"url":"https:\/\/quaidesbrumes.com\/ouvrage\/9782266324465\/cogito"},{"id":"9782386670084","title":"Minuit au bal des victimes","description":"\"\u00catre une femme est un combat. Peindre en est un autre. Les deux ne concordaient pas.\"\r\n\r\nTimide et r\u00e9serv\u00e9e, Daphn\u00e9 consacre tout son temps \u00e0 l'\u00e9tude de son peintre favori, Valentin de Blois. Lorsqu'un soir, en pleine s\u00e9ance de r\u00e9vision au mus\u00e9e, la jeune femme se retrouve aspir\u00e9e dans l'un des tableaux, tout son monde bascule. Elle atterrit en 1796 et d\u00e9couvre que l'artiste qu'elle admire tant est en r\u00e9alit\u00e9 une femme, Valentine Desmarais, oblig\u00e9e de se travestir pour avoir acc\u00e8s \u00e0 la reconnaissance de ses pairs dans une soci\u00e9t\u00e9 qui tient les femmes \u00e0 l'\u00e9cart. Si, au d\u00e9part, Daphn\u00e9 fait tout son possible pour retourner \u00e0 son \u00e9poque, elle s'attache bien vite \u00e0 Valentine, et s'implique de plus en plus dans son combat d'artiste, d\u00e9termin\u00e9e \u00e0 ce qu'elle passe \u00e0 la post\u00e9rit\u00e9 en tant que femme. C'est au coeur d'une p\u00e9riode instable, o\u00f9 amour et trahison se confondent, que Daphn\u00e9 et Valentine vont, ensemble, tenter de changer le cours de l'Histoire... sans jamais soup\u00e7onner le prix qu'elles devront payer.","authors":["Charlotte St\u00e9phan Bo\u00ebss\u00e9"],"category_codes":["2000000","2050000","2050200","2050207"],"visuals":{"large":"https:\/\/images.epagine.fr\/084\/9782386670084_1_75.jpg","medium":"https:\/\/images.epagine.fr\/084\/9782386670084_1_m.jpg","thumbnail":"https:\/\/images.epagine.fr\/084\/9782386670084_1_v.jpg"},"orderable":true,"show_badge":true,"formatted_price":"18,90&nbsp;\u20ac","formatted_published_date":"5 f\u00e9vrier 2026","publisher_availability_label":"Sur commande","short_details":"Charlotte St\u00e9phan Bo\u00ebss\u00e9 \u2014 Solleyre \u00c9ditions","translator":null,"weight":404,"page_count":408,"readership":"\u00e0 partir de 12 ANS","editor":"Solleyre \u00c9ditions","price":1890,"published_date":"2026-02-04T23:00:00.000000Z","support":"Grand format","publisher_availability":1,"stock":0,"editions":[],"url":"https:\/\/quaidesbrumes.com\/ouvrage\/9782386670084\/minuit-au-bal-des-victimes"},{"id":"9791039541695","title":"Mon roman \u00e9nigme : Mission animaux","description":"Ma cousine Thelma et moi partons en exploration dans la jungle en Inde ! Mais des braconniers ont emport\u00e9 des animaux, dont une maman tigre qui est s\u00e9par\u00e9e de ses b\u00e9b\u00e9s... Pas le choix : on doit enqu\u00eater et suivre les indices qu'ils ont laiss\u00e9 pour les retrouver !","authors":["Mathilde Paris","C\u00e9line Deregnaucourt"],"category_codes":["2000000","2040000","2040500"],"visuals":{"large":"https:\/\/images.epagine.fr\/695\/9791039541695_1_75.jpg","medium":"https:\/\/images.epagine.fr\/695\/9791039541695_1_m.jpg","thumbnail":"https:\/\/images.epagine.fr\/695\/9791039541695_1_v.jpg"},"orderable":true,"show_badge":true,"formatted_price":"7,95&nbsp;\u20ac","formatted_published_date":"17 mai 2024","publisher_availability_label":"Sur commande","short_details":"Mathilde Paris, C\u00e9line Deregnaucourt \u2014 Auzou","translator":null,"weight":400,"page_count":48,"readership":"\u00e0 partir de 6 ANS","editor":"Auzou","price":795,"published_date":"2024-05-16T22:00:00.000000Z","support":"Grand format","publisher_availability":1,"stock":0,"editions":[],"url":"https:\/\/quaidesbrumes.com\/ouvrage\/9791039541695\/mon-roman-enigme-mission-animaux"},{"id":"9782211316170","title":"Tout seuls","description":"Les parents de Polo, 7 ans, sont partis en vacances sur une \u00eele pour cinq jours. Polo reste \u00e0 la maison, il fera tout comme d'habitude, avec sa soeur et son fr\u00e8re, de 11 et 13 ans. Cinq jours, c'est pas long. Et bien s\u00fbr, une adulte, Arianne, la cousine ador\u00e9e de Polo, viendra s'occuper d'eux. Arianne habite Lille, elle prend le train pour arriver d\u00e8s le premier soir...\r\nPersonne n'avait pr\u00e9vu qu'elle allait tomber dans l'escalier de la gare. Impossible de joindre les parents. Que faire ? D'un seul coup, c'est tr\u00e8s  long, cinq jours...","authors":["Charlotte Moundlic","Olivier Tallec"],"category_codes":["2000000","2040000","2040200"],"visuals":{"large":"https:\/\/images.epagine.fr\/170\/9782211316170_1_75.jpg","medium":"https:\/\/images.epagine.fr\/170\/9782211316170_1_m.jpg","thumbnail":"https:\/\/images.epagine.fr\/170\/9782211316170_1_v.jpg"},"orderable":true,"show_badge":true,"formatted_price":"9,50&nbsp;\u20ac","formatted_published_date":"7 septembre 2022","publisher_availability_label":"Sur commande","short_details":"Charlotte Moundlic, Olivier Tallec \u2014 L'\u00c9cole des loisirs","translator":null,"weight":177,"page_count":104,"readership":"\u00e0 partir de 6 ANS","editor":"L'\u00c9cole des loisirs","price":950,"published_date":"2022-09-06T22:00:00.000000Z","support":"Grand format","publisher_availability":1,"stock":0,"editions":[],"url":"https:\/\/quaidesbrumes.com\/ouvrage\/9782211316170\/tout-seuls"},{"id":"9782317037177","title":"C'est d\u00e9j\u00e0 la nuit","description":"C'est d\u00e9j\u00e0 la nuit. Mais Rose n'a pas sommeil... Son lit est trop mou, trop grand, pas assez doux. Alors elle a une id\u00e9e. Accompagn\u00e9e de C\u00e9sar, son petit renard, elle part \u00e0 la recherche d'un nouveau coin douillet pour passer la nuit...","authors":["Maguelone Du Fou"],"category_codes":["2000000","2030000","2030400"],"visuals":{"large":"https:\/\/images.epagine.fr\/177\/9782317037177_1_75.jpg","medium":"https:\/\/images.epagine.fr\/177\/9782317037177_1_m.jpg","thumbnail":"https:\/\/images.epagine.fr\/177\/9782317037177_1_v.jpg"},"orderable":true,"show_badge":true,"formatted_price":"17,95&nbsp;\u20ac","formatted_published_date":"14 novembre 2025","publisher_availability_label":"Sur commande","short_details":"Maguelone Du Fou \u2014 Mango \u00e9ditions","translator":null,"weight":478,"page_count":32,"readership":"3\/6 ans","editor":"Mango \u00e9ditions","price":1795,"published_date":"2025-11-13T23:00:00.000000Z","support":"Grand format","publisher_availability":1,"stock":0,"editions":[],"url":"https:\/\/quaidesbrumes.com\/ouvrage\/9782317037177\/cest-deja-la-nuit"},{"id":"9782408058975","title":"Les chats : en questions","description":"Un livre documentaire m\u00ealant photos et illustrations r\u00e9alistes pour tout conna\u00eetre des chats : les esp\u00e8ces sauvages et domestiques, les races, la naissance des chatons, leur mode de vie, leurs comportements et leurs \u00e9motions, leur communication...Seize\u00a0questions pour tout savoir sur les chats\r\nLes chats vivent-ils tous \u00e0 la maison ? Combien de races de chats existe-t-il ? Les chats noirs portent-ils vraiment malheur ? Pourquoi mon chat chasse-t-il de petits animaux ? Comment les chats font-ils tant d'acrobaties ? Est-ce vrai que les chats voient dans le noir ? Les chats sont-ils vraiment solitaires ? Comment les chatons naissent-ils ? Les chats ont-ils des \u00e9motions ? Les chats aiment-ils jouer ? Pourquoi les chats se l\u00e8chent-ils autant ? Les chats d\u00e9fendent-ils vraiment leur territoire ? Pourquoi les chats miaulent-ils ? Pourquoi les chats font-ils le dos rond ? \u00c0 quoi servent les ronronnements des chats ?\u00a0Pourquoi dit-on \u00ab\u00a0s'entendre comme chien et chat\u00a0\u00bb ?Deux fa\u00e7ons d'explorer une th\u00e9matiqueLa collection \u00ab\u00a0Topic\u00a0\u00bb propose deux mani\u00e8res de plonger dans l'information : en suivant l'ordre des pages, ou en piochant parmi les pictos\u00a0pr\u00e9sent\u00e9s au d\u00e9but du livre. Envie de savoir de quoi parle le picto \u00ab\u00a0superpouvoirs du chat\u00a0\u00bb ? Rendez-vous aux pages indiqu\u00e9es !","authors":["Charlotte Duranton","L\u00e9a Chounlamountry","Aronne Nembrini"],"category_codes":["2000000","2070000","2070300"],"visuals":{"large":"https:\/\/images.epagine.fr\/975\/9782408058975_1_75.jpg","medium":"https:\/\/images.epagine.fr\/975\/9782408058975_1_m.jpg","thumbnail":"https:\/\/images.epagine.fr\/975\/9782408058975_1_v.jpg"},"orderable":true,"show_badge":true,"formatted_price":"9,20&nbsp;\u20ac","formatted_published_date":"3 septembre 2025","publisher_availability_label":"Sur commande","short_details":"Charlotte Duranton, L\u00e9a Chounlamountry, Aronne Nembrini \u2014 Milan","translator":null,"weight":449,"page_count":40,"readership":"\u00e0 partir de 7 ANS","editor":"Milan","price":920,"published_date":"2025-09-02T22:00:00.000000Z","support":"Grand format","publisher_availability":1,"stock":0,"editions":[],"url":"https:\/\/quaidesbrumes.com\/ouvrage\/9782408058975\/les-chats-en-questions"},{"id":"9791036373381","title":"Le palais de sang","description":"Joseon (Cor\u00e9e), 1758. Pour des filles ill\u00e9gitimes de magistrat, il n'y a que peu d'options dans la capitale. Mais \u00e0 force de travail, Hyeon, 18 ans, a obtenu un poste d'infirmi\u00e8re au palais. En \u00e9tant discr\u00e8te et en faisant du bon travail, peut-\u00eatre parviendra-t-elle enfin \u00e0 obtenir l'approbation de son p\u00e8re ?\r\nMais la jeune femme est soudain projet\u00e9e au coeur des intrigues de la cour lorsque quatre femmes sont assassin\u00e9es dans le palais et que son mentor se retrouve \u00eatre le principal suspect. D\u00e9termin\u00e9e \u00e0 prouver son innocence, Hyeon d\u00e9cide de mener sa propre enqu\u00eate aux c\u00f4t\u00e9s d'Eojin, le s\u00e9duisant inspecteur charg\u00e9 de l'affaire. \r\nMais que faire lorsqu'en fouillant les coins les plus sombres du palace et les secrets les plus sanglants de la cour, les preuves d\u00e9signent le prince h\u00e9ritier lui-m\u00eame ?","authors":["June Hur","Tiphs","Marion Roman"],"category_codes":["2000000","2050000","2050200","2050206"],"visuals":{"large":"https:\/\/images.epagine.fr\/381\/9791036373381_1_75.jpg","medium":"https:\/\/images.epagine.fr\/381\/9791036373381_1_m.jpg","thumbnail":"https:\/\/images.epagine.fr\/381\/9791036373381_1_v.jpg"},"orderable":true,"show_badge":true,"formatted_price":"17,90&nbsp;\u20ac","formatted_published_date":"5 novembre 2025","publisher_availability_label":"Sur commande","short_details":"June Hur, Tiphs, Marion Roman \u2014 Bayard Jeunesse","translator":"MARION ROMAN","weight":440,"page_count":416,"readership":"\u00e0 partir de 13 ANS","editor":"Bayard Jeunesse","price":1790,"published_date":"2025-11-04T23:00:00.000000Z","support":"Grand format","publisher_availability":1,"stock":0,"editions":[],"url":"https:\/\/quaidesbrumes.com\/ouvrage\/9791036373381\/le-palais-de-sang"},{"id":"9782494182318","title":"Le grand roi soleil","description":"C'est l'histoire r\u00eav\u00e9e et fantasm\u00e9e d'une enfant qui donne vie \u00e0 un \u00eatre imaginaire, un \u00eatre omniscient et omnipr\u00e9sent qui l'accompagne au quotidien... le Grand Roi Soleil !\r\nIl est son confident, il l'\u00e9coute, la conseille et lui envoie des petits rois Soleil, compagnons qui l'aident \u00e0 traverser les d\u00e9fis de l'enfance tout au long de ses journ\u00e9es.\r\n\r\nLa cr\u00e9ation d'un \u00eatre imaginaire permet d'exprimer espoirs, peurs, doutes, mais aussi col\u00e8re et d\u00e9sirs, que l'on sait intenses \u00e0 cet \u00e2ge. Avec irr\u00e9v\u00e9rence et sensibilit\u00e9, ce r\u00e9cit questionne aussi la foi sous une forme universelle : celle d'une croyance intime, r\u00e9confortante et structurante.\r\n\r\nLe r\u00e9cit, fortement inspir\u00e9 de l'enfance de Mathilde M\u00e9l\u00e8se, est magnifi\u00e9 et parsem\u00e9 de merveilleux gr\u00e2ce aux illustrations \u00abr\u00e9tro\u00bb de Cl\u00e9mence Trossevin.","authors":["Melese","Trossevin"],"category_codes":["2000000","2030000","2030400"],"visuals":{"large":"https:\/\/images.epagine.fr\/318\/9782494182318_1_75.jpg","medium":"https:\/\/images.epagine.fr\/318\/9782494182318_1_m.jpg","thumbnail":"https:\/\/images.epagine.fr\/318\/9782494182318_1_v.jpg"},"orderable":true,"show_badge":true,"formatted_price":"17,50&nbsp;\u20ac","formatted_published_date":"6 f\u00e9vrier 2026","publisher_availability_label":"Sur commande","short_details":"Melese, Trossevin \u2014 Panthera","translator":null,"weight":284,"page_count":32,"readership":"3\/6 ans","editor":"Panthera","price":1750,"published_date":"2026-02-05T23:00:00.000000Z","support":"Grand format","publisher_availability":1,"stock":0,"editions":[],"url":"https:\/\/quaidesbrumes.com\/ouvrage\/9782494182318\/le-grand-roi-soleil"},{"id":"9791040122258","title":"Comment sympathiser avec un ours ? Le meilleur guide pour partir \u00e0 l'aventure","description":"Un livre indispensable pour les aventuriers en herbe, les exploratrices intr\u00e9pides et celles et ceux qui veulent \u00eatre pr\u00eats \u00e0 toute \u00e9ventualit\u00e9.\r\n\r\nAVEC DES CONSEILS PRATIQUES, DES ASTUCES DE SURVIE ET DES ANECDOTES\r\n\u00c9TONNANTES, TU APPRENDRAS \u00c0...\r\n\r\n- faire face \u00e0 un requin sans finir en casse-cro\u00fbte\r\n- trouver ton chemin dans une for\u00eat tropicale imp\u00e9n\u00e9trable\r\n- survivre \u00e0 une \u00e9ruption volcanique sans te transformer en statue de lave\r\n- te prot\u00e9ger de la chaleur \u00e9crasante du d\u00e9sert ou braver le froid polaire\r\nET D'AUTRES \u00c9PREUVES EXCEPTIONNELLES !\r\n\r\nLE GUIDE ULTIME POUR SURMONTER LES SITUATIONS LES PLUS EXTR\u00caMES","authors":["St\u00e9phanie Vernet","Camille Gautier","Cl\u00e9mence Sauvage"],"category_codes":["2000000","2070000","2070300"],"visuals":{"large":"https:\/\/images.epagine.fr\/258\/9791040122258_1_75.jpg","medium":"https:\/\/images.epagine.fr\/258\/9791040122258_1_m.jpg","thumbnail":"https:\/\/images.epagine.fr\/258\/9791040122258_1_v.jpg"},"orderable":true,"show_badge":false,"formatted_price":"16,90&nbsp;\u20ac","formatted_published_date":"6 juin 2025","publisher_availability_label":"Sur commande","short_details":"St\u00e9phanie Vernet, Camille Gautier, Cl\u00e9mence Sauvage \u2014 La Martini\u00e8re jeunesse","translator":null,"weight":448,"page_count":112,"readership":"\u00e0 partir de 8 ANS","editor":"La Martini\u00e8re jeunesse","price":1690,"published_date":"2025-06-05T22:00:00.000000Z","support":"Grand format","publisher_availability":1,"stock":1,"editions":[],"url":"https:\/\/quaidesbrumes.com\/ouvrage\/9791040122258\/comment-sympathiser-avec-un-ours-le-meilleur-guide-pour-partir-a-laventure"},{"id":"9782070584222","title":"M\u00e9moires d'un \u00e2ne","description":"L'\u00e2ne Cadichon a eu une vie mouvement\u00e9e. Malmen\u00e9 par une fermi\u00e8re qui le charge trop lourdement pour le conduire au march\u00e9, il s'enfuit. Apr\u00e8s avoir sauv\u00e9 d'un incendie une petite fille malade, il est recueilli dans un ch\u00e2teau o\u00f9 il devient le compagnon de jeu des enfants. Il sera aussi \u00e2ne savant et d\u00e9busquera des voleurs... Qui pourrait encore, en lisant ses m\u00e9moires, dire \u00abb\u00eate comme un \u00e2ne\u00bb ?","authors":["Comtesse de S\u00e9gur"],"category_codes":["2000000","2040000","2040500"],"visuals":{"large":"https:\/\/images.epagine.fr\/222\/9782070584222_1_75.jpg","medium":"https:\/\/images.epagine.fr\/222\/9782070584222_1_m.jpg","thumbnail":"https:\/\/images.epagine.fr\/222\/9782070584222_1_v.jpg"},"orderable":true,"show_badge":true,"formatted_price":"7,00&nbsp;\u20ac","formatted_published_date":"17 mars 2016","publisher_availability_label":"Sur commande","short_details":"Comtesse de S\u00e9gur \u2014 Gallimard Jeunesse","translator":null,"weight":168,"page_count":272,"readership":"\u00e0 partir de 10 ANS","editor":"Gallimard Jeunesse","price":700,"published_date":"2016-03-16T23:00:00.000000Z","support":"Poche","publisher_availability":1,"stock":0,"editions":[],"url":"https:\/\/quaidesbrumes.com\/ouvrage\/9782070584222\/memoires-dun-ane"},{"id":"9791036369865","title":"Les dragons de Nalsara Tome 20 : Sous le vent de Norlande","description":"Une \u00e9trange guerre magique a maintenant commenc\u00e9 entre Ombrune et le Territoire des Addraks. \u00c0 la Citadelle Noire, Nyne, Antos et Anya ont retrouv\u00e9 Cham et son dragon blanc. Ensemble et arm\u00e9s de T\u00e9n\u00e9breuse, la redoutable \u00e9p\u00e9e ensorcel\u00e9e, ils s'appr\u00eatent \u00e0 affronter Darkat et son terrible schrik. Pendant ce temps, dans les mar\u00e9cages, on attend l'arriv\u00e9e imminente de l'arm\u00e9e d'Ombrune conduite par ses vingt-sept dragons. Mais les sorciers, qui ne sont plus dupes des mal\u00e9fices lanc\u00e9s par Dhydra et le Libre Peuple, partent d\u00e9j\u00e0 \u00e0 l'assaut de leurs ennemis...","authors":["Marie-H\u00e9l\u00e8ne Delval","Alban Marilleau"],"category_codes":["2000000","2040000","2040500","2040504"],"visuals":{"large":"https:\/\/images.epagine.fr\/865\/9791036369865_1_75.jpg","medium":"https:\/\/images.epagine.fr\/865\/9791036369865_1_m.jpg","thumbnail":"https:\/\/images.epagine.fr\/865\/9791036369865_1_v.jpg"},"orderable":true,"show_badge":true,"formatted_price":"7,20&nbsp;\u20ac","formatted_published_date":"5 novembre 2025","publisher_availability_label":"Sur commande","short_details":"Marie-H\u00e9l\u00e8ne Delval, Alban Marilleau \u2014 Bayard Jeunesse","translator":null,"weight":140,"page_count":160,"readership":"\u00e0 partir de 8 ANS","editor":"Bayard Jeunesse","price":720,"published_date":"2025-11-04T23:00:00.000000Z","support":"Poche","publisher_availability":1,"stock":0,"editions":[],"url":"https:\/\/quaidesbrumes.com\/ouvrage\/9791036369865\/les-dragons-de-nalsara-tome-20-sous-le-vent-de-norlande"},{"id":"9782226492296","title":"Autre-Monde Tome 2 : Malronce","description":"Dans un monde o\u00f9 la nature a repris le pouvoir et o\u00f9 les adultes sont redevenus sauvages, trois adolescents, Matt, Tobias et Ambre, forment l'Alliance des Trois et tentent de survivre au sein d'une communaut\u00e9 de jeunes ayant d\u00e9velopp\u00e9 des dons surnaturels. Dans cet Autre-Monde, recouvert par un oc\u00e9an de for\u00eats, peupl\u00e9 de cr\u00e9atures fabuleuses, travers\u00e9 de courants et d'\u00e9nergies \u00e9tranges, ils devront d\u00e9jouer les pi\u00e8ges d'une myst\u00e9rieuse reine, r\u00e9solue \u00e0 leur perte : Malronce.","authors":["Maxime Chattam"],"category_codes":["2000000","2050000","2050200","2050205"],"visuals":{"large":"https:\/\/images.epagine.fr\/296\/9782226492296_1_75.jpg","medium":"https:\/\/images.epagine.fr\/296\/9782226492296_1_m.jpg","thumbnail":"https:\/\/images.epagine.fr\/296\/9782226492296_1_v.jpg"},"orderable":true,"show_badge":true,"formatted_price":"17,90&nbsp;\u20ac","formatted_published_date":"27 mars 2024","publisher_availability_label":"Sur commande","short_details":"Maxime Chattam \u2014 Albin Michel","translator":null,"weight":568,"page_count":448,"readership":"\u00e0 partir de 13 ANS","editor":"Albin Michel","price":1790,"published_date":"2024-03-26T23:00:00.000000Z","support":"Grand format","publisher_availability":1,"stock":0,"editions":["9782253173588","9782226194138"],"url":"https:\/\/quaidesbrumes.com\/ouvrage\/9782226492296\/autre-monde-tome-2-malronce"},{"id":"9782080484499","title":"Je suis en CE1 : Visite au mus\u00e9e","description":"\u00abDans l'entr\u00e9e du mus\u00e9e, les CE1 se trouvent face \u00e0 un squelette. - Wahou, un diplodocus ! dit Basil. Mia recule, effray\u00e9e. - De quoi t'as peur ? C'est qu'un tas d'os, il ne va pas te manger ! dit Bob pour la rassurer.\u00bb 1 histoire + 1 dico illustr\u00e9 + des activit\u00e9s ludiques.","authors":["Emmanuel Ristord","Magdalena"],"category_codes":["2000000","2040000","2040200"],"visuals":{"large":"https:\/\/images.epagine.fr\/499\/9782080484499_1_75.jpg","medium":"https:\/\/images.epagine.fr\/499\/9782080484499_1_m.jpg","thumbnail":"https:\/\/images.epagine.fr\/499\/9782080484499_1_v.jpg"},"orderable":true,"show_badge":true,"formatted_price":"5,95&nbsp;\u20ac","formatted_published_date":"4 juin 2025","publisher_availability_label":"Sur commande","short_details":"Emmanuel Ristord, Magdalena \u2014 P\u00e8re Castor","translator":null,"weight":108,"page_count":40,"readership":"\u00e0 partir de 6 ANS","editor":"P\u00e8re Castor","price":595,"published_date":"2025-06-03T22:00:00.000000Z","support":"Grand format","publisher_availability":1,"stock":0,"editions":[],"url":"https:\/\/quaidesbrumes.com\/ouvrage\/9782080484499\/je-suis-en-ce1-visite-au-musee"},{"id":"9782266349390","title":"La cit\u00e9 de l'oubli","description":"Tous les douze ans, ils oublient. Pas moi.\r\nTous les douze ans, les habitants de Canaan subissent un ph\u00e9nom\u00e8ne myst\u00e9rieux : ils perdent la m\u00e9moire et oublient qui ils sont. Ceux qui n'ont pas consign\u00e9 leurs souvenirs dans leur journal perdent leur identit\u00e9 et deviennent des parias. Les autres se reconstruisent gr\u00e2ce aux informations qu'ils red\u00e9couvrent dans leur journal.\r\nNadia, 16 ans, cache un lourd secret : il y a douze ans, elle n'a pas oubli\u00e9. Elle se souvient du chaos qui a saisi la cit\u00e9, tout comme elle se rappelle que son p\u00e8re a falsifi\u00e9 les journaux de sa m\u00e8re et de ses soeurs pour les abandonner... \u00c0 l'approche du nouvel Oubli, elle redoute que sa famille soit de nouveau \u00e9clat\u00e9e. Pour \u00e9viter cela, elle doit percer le secret de ce ph\u00e9nom\u00e8ne, avant que tout le monde ait oubli\u00e9.","authors":["Sharon Cameron","Alexandra Maillard"],"category_codes":["2000000","2050000","2050200","2050205"],"visuals":{"large":"https:\/\/images.epagine.fr\/390\/9782266349390_1_75.jpg","medium":"https:\/\/images.epagine.fr\/390\/9782266349390_1_m.jpg","thumbnail":"https:\/\/images.epagine.fr\/390\/9782266349390_1_v.jpg"},"orderable":true,"show_badge":true,"formatted_price":"8,90&nbsp;\u20ac","formatted_published_date":"15 mai 2025","publisher_availability_label":"Sur commande","short_details":"Sharon Cameron, Alexandra Maillard \u2014 Pocket Jeunesse","translator":"ALEXANDRA MAILLARD","weight":236,"page_count":480,"readership":"\u00e0 partir de 12 ANS","editor":"Pocket Jeunesse","price":890,"published_date":"2025-05-14T22:00:00.000000Z","support":"Poche","publisher_availability":1,"stock":0,"editions":[],"url":"https:\/\/quaidesbrumes.com\/ouvrage\/9782266349390\/la-cite-de-loubli"},{"id":"9791036373572","title":"Petit Ours Brun et les pompiers","description":"Petit Ours Brun visite une caserne de pompiers. Il monte dans le camion et porte un vrai casque. \u00catre pompier, quelle aventure !\r\n\u00c0 la rencontre des h\u00e9ros des petits\r\nAvec sa classe, Petit Ours Brun d\u00e9couvre l'univers des pompiers : une ouverture sur le monde.\r\nUne histoire de d\u00e9couverte\r\nAvec Petit Ours Brun, les tout-petits d\u00e9couvrent un m\u00e9tier et passent \u00e0 l'action ! Les conseils d'une psychologue sont \u00e0 retrouver \u00e0 la fin du livre.\r\nUn livre \u00e0 emporter partout et \u00e0 petit prix.","authors":["Marie Aubinais","Dani\u00e8le Bour","Martin Bour"],"category_codes":["2000000","2020000","2020400"],"visuals":{"large":"https:\/\/images.epagine.fr\/572\/9791036373572_1_75.jpg","medium":"https:\/\/images.epagine.fr\/572\/9791036373572_1_m.jpg","thumbnail":"https:\/\/images.epagine.fr\/572\/9791036373572_1_v.jpg"},"orderable":true,"show_badge":true,"formatted_price":"2,90&nbsp;\u20ac","formatted_published_date":"2 janvier 2025","publisher_availability_label":"Sur commande","short_details":"Marie Aubinais, Dani\u00e8le Bour, Martin Bour \u2014 Bayard Jeunesse","translator":null,"weight":60,"page_count":16,"readership":"0\/3 ans","editor":"Bayard Jeunesse","price":290,"published_date":"2025-01-01T23:00:00.000000Z","support":"Grand format","publisher_availability":1,"stock":0,"editions":[],"url":"https:\/\/quaidesbrumes.com\/ouvrage\/9791036373572\/petit-ours-brun-et-les-pompiers"},{"id":"9782080463036","title":"Le Col des Mille Larmes","description":"Galshan est inqui\u00e8te, cela fait plus de six jours que son p\u00e8re, Ryham, chauffeur de poids-lourds, aurait d\u00fb rentrer. Chaque nuit, elle fait le m\u00eame cauchemar : un camion fonce sur elle avant de tomber dans le vide. Tout le monde pense que Ryham a p\u00e9ri lors de la dangereuse travers\u00e9e du col des Mille Larmes. Galshan, elle, sait que son p\u00e8re est en vie... \u00c0 travers les hauts plateaux de l'Ouzb\u00e9kistan, d\u00e9couvrez les aventures \u00e9piques et \u00e9mouvantes d'une h\u00e9ro\u00efne pr\u00eate \u00e0 tout pour sa famille.","authors":["Xavier-Laurent Petit"],"category_codes":["2000000","2040000","2040500"],"visuals":{"large":"https:\/\/images.epagine.fr\/036\/9782080463036_1_75.jpg","medium":"https:\/\/images.epagine.fr\/036\/9782080463036_1_m.jpg","thumbnail":"https:\/\/images.epagine.fr\/036\/9782080463036_1_v.jpg"},"orderable":true,"show_badge":true,"formatted_price":"5,90&nbsp;\u20ac","formatted_published_date":"2 octobre 2024","publisher_availability_label":"Sur commande","short_details":"Xavier-Laurent Petit \u2014 Flammarion jeunesse","translator":null,"weight":158,"page_count":192,"readership":"\u00e0 partir de 6 ANS","editor":"Flammarion jeunesse","price":590,"published_date":"2024-10-01T22:00:00.000000Z","support":"Poche","publisher_availability":1,"stock":0,"editions":[],"url":"https:\/\/quaidesbrumes.com\/ouvrage\/9782080463036\/le-col-des-mille-larmes"},{"id":"9782075086356","title":"Encyclop\u00e9die des religions","description":"Cette encyclop\u00e9die richement illustr\u00e9e offre un panorama tr\u00e8s large des religions actuellement pratiqu\u00e9es dans le monde.Les croyances, les rites et les pratiques sont expliqu\u00e9s en images. Chaque livre sacr\u00e9 est pr\u00e9sent\u00e9. Toutes les f\u00eates et toutes les c\u00e9r\u00e9monies qui rythment l'ann\u00e9e ou la vie des croyants sont racont\u00e9es. Avec plus de 700 photos d'objets sacr\u00e9s ou de lieux de culte, temples, synagogues, \u00e9glises ou mosqu\u00e9es, cet ouvrage propose un voyage culturel au coeur du patrimoine des religions les plus pratiqu\u00e9es aujourd'hui. Une encyclop\u00e9die indispensable pour avoir des rep\u00e8res culturels, historiques et g\u00e9ographiques essentiels qui aident \u00e0 comprendre le monde \u00e0 travers le prisme des religions.","authors":["Douglas Charing","Philip Wilkinson"],"category_codes":["2000000","2070000","2070200"],"visuals":{"large":"https:\/\/images.epagine.fr\/356\/9782075086356_1_75.jpg","medium":"https:\/\/images.epagine.fr\/356\/9782075086356_1_m.jpg","thumbnail":"https:\/\/images.epagine.fr\/356\/9782075086356_1_v.jpg"},"orderable":true,"show_badge":true,"formatted_price":"24,95&nbsp;\u20ac","formatted_published_date":"8 novembre 2018","publisher_availability_label":"Sur commande","short_details":"Douglas Charing, Philip Wilkinson \u2014 Gallimard Jeunesse","translator":null,"weight":1316,"page_count":256,"readership":"\u00e0 partir de 9 ANS","editor":"Gallimard Jeunesse","price":2495,"published_date":"2018-11-07T23:00:00.000000Z","support":"Grand format","publisher_availability":1,"stock":0,"editions":[],"url":"https:\/\/quaidesbrumes.com\/ouvrage\/9782075086356\/encyclopedie-des-religions"}]}