{"data":[{"id":"9782070655359","title":"La p\u00eache \u00e0 la baleine","description":"\u00c0 la p\u00eache \u00e0 la baleine, le p\u00e8re s'en est all\u00e9. Mais la baleine l'a pourchass\u00e9...","authors":["Jacques Pr\u00e9vert"],"category_codes":["2000000","2030000","2030300"],"visuals":{"large":"https:\/\/images.epagine.fr\/359\/9782070655359_1_75.jpg","medium":"https:\/\/images.epagine.fr\/359\/9782070655359_1_m.jpg","thumbnail":"https:\/\/images.epagine.fr\/359\/9782070655359_1_v.jpg"},"orderable":true,"show_badge":true,"formatted_price":"7,50&nbsp;\u20ac","formatted_published_date":"5 septembre 2013","publisher_availability_label":"Sur commande","short_details":"Jacques Pr\u00e9vert \u2014 Gallimard Jeunesse","translator":null,"weight":80,"page_count":28,"readership":"3\/6 ans","editor":"Gallimard Jeunesse","price":750,"published_date":"2013-09-04T22:00:00.000000Z","support":"Grand format","publisher_availability":1,"stock":0,"editions":[],"url":"https:\/\/quaidesbrumes.com\/ouvrage\/9782070655359\/la-peche-a-la-baleine"},{"id":"9782700283617","title":"Les \u00e9nigmes de Kyoto","description":"Kyoto, ancienne capitale imp\u00e9riale... ses rues au charme traditionnel, ses milliers de sanctuaires, ses yakitori renomm\u00e9s...Depuis qu'elle est arriv\u00e9e \u00e0 Kyoto pour y vivre un an, Hana, coll\u00e9gienne franco-japonaise, a des visions. Ces \u00e9tats seconds lui permettent d'entrer dans les pens\u00e9es d'autrui. La disparition de Ma\u00eetre Yoshida, c\u00e9l\u00e8bre mangaka et prof de dessin de son ami Ryo, la conduit \u00e0 mener avec lui l'enqu\u00eate par tous les moyens. Le chat du foyer Nekomo, un Yoka\u00ef fac\u00e9tieux, leur apporte son aide. Bient\u00f4t, ils d\u00e9couvrent que Yoshida a \u00e9t\u00e9 enlev\u00e9, qu'il est retenu par des Yakusas et qu'il cache un secret... La face noire de Kyoto se r\u00e9v\u00e8le  !","authors":["Sarah Barth\u00e8re"],"category_codes":["2000000","2040000","2040500","2040506"],"visuals":{"large":"https:\/\/images.epagine.fr\/617\/9782700283617_1_75.jpg","medium":"https:\/\/images.epagine.fr\/617\/9782700283617_1_m.jpg","thumbnail":"https:\/\/images.epagine.fr\/617\/9782700283617_1_v.jpg"},"orderable":true,"show_badge":true,"formatted_price":"12,90&nbsp;\u20ac","formatted_published_date":"15 janvier 2025","publisher_availability_label":"Sur commande","short_details":"Sarah Barth\u00e8re \u2014 Rageot \u00c9diteur","translator":null,"weight":202,"page_count":192,"readership":"\u00e0 partir de 10 ANS","editor":"Rageot \u00c9diteur","price":1290,"published_date":"2025-01-14T23:00:00.000000Z","support":"Grand format","publisher_availability":1,"stock":0,"editions":[],"url":"https:\/\/quaidesbrumes.com\/ouvrage\/9782700283617\/les-enigmes-de-kyoto"},{"id":"9782017351726","title":"L'Engrange-Temps Tome 2 : Les heures obscures","description":"Install\u00e9e dans la ville de Kelvi, au coeur du royaume de Fr\u00e9henne, Sophie Delapointe s'efforce de reprendre le contr\u00f4le de sa vie depuis\u00a0 les tragiques \u00e9v\u00e9nements qu'elle a d\u00fb fuir \u00e0 Aigleport, sa contr\u00e9e natale.\u00a0 Surtout, elle tente d'oublier le prince Dimitri et les sentiments\u00a0 nouveaux, grisants mais dangereux, qu'il a fait na\u00eetre en elle. \u00c0 l'aide de Farandole, sa fid\u00e8le Horanima, et d'\u00c9lias, son nouvel ami horloger, la jeune femme s'entra\u00eene sans rel\u00e2che pour int\u00e9grer la prestigieuse Acad\u00e9mie Horolurgique\u00a0 dont elle a toujours r\u00eav\u00e9. Le temps en d\u00e9cide autrement lorsque Sophie se retrouve malgr\u00e9 elle,\u00a0 m\u00eal\u00e9e \u00e0 une s\u00e9rie de meurtres de Tisseurs de Temps,\u00a0 qui menace de faire \u00e9clater une sombre v\u00e9rit\u00e9...\r","authors":["Nell Pfeiffer"],"category_codes":["2000000","2050000","2050200","2050204"],"visuals":{"large":"https:\/\/images.epagine.fr\/726\/9782017351726_1_75.jpg","medium":"https:\/\/images.epagine.fr\/726\/9782017351726_1_m.jpg","thumbnail":"https:\/\/images.epagine.fr\/726\/9782017351726_1_v.jpg"},"orderable":true,"show_badge":true,"formatted_price":"7,90&nbsp;\u20ac","formatted_published_date":"29 avril 2026","publisher_availability_label":"Sur commande","short_details":"Nell Pfeiffer \u2014 Le Livre de Poche Jeunesse","translator":null,"weight":308,"page_count":480,"readership":"\u00e0 partir de 12 ANS","editor":"Le Livre de Poche Jeunesse","price":790,"published_date":"2026-04-28T22:00:00.000000Z","support":"Poche","publisher_availability":1,"stock":0,"editions":["9782017219538"],"url":"https:\/\/quaidesbrumes.com\/ouvrage\/9782017351726\/lengrange-temps-tome-2-les-heures-obscures"},{"id":"9782075210072","title":"J'aurais pu...","description":"- Dis maman, moi aussi, tu m'as port\u00e9 dans ton ventre ? - Oui, mon coeur. Mais tu sais, il y a mille et une fa\u00e7ons d'attendre un b\u00e9b\u00e9, je vais te raconter... Conna\u00eetre l'histoire de sa venue au monde, c'est si important pour les petits ! L'attente, la pr\u00e9paration, la naissance... Un adorable tout-carton pour \u00e9voquer l'arriv\u00e9e d'un b\u00e9b\u00e9, dans une ode \u00e0 la diversit\u00e9 du vivant.","authors":["Loraine Capelier","Ella Coutance"],"category_codes":["2000000","2020000","2020300"],"visuals":{"large":"https:\/\/images.epagine.fr\/072\/9782075210072_1_75.jpg","medium":"https:\/\/images.epagine.fr\/072\/9782075210072_1_m.jpg","thumbnail":"https:\/\/images.epagine.fr\/072\/9782075210072_1_v.jpg"},"orderable":true,"show_badge":false,"formatted_price":"12,00&nbsp;\u20ac","formatted_published_date":"6 mars 2025","publisher_availability_label":"Sur commande","short_details":"Loraine Capelier, Ella Coutance \u2014 Gallimard Jeunesse","translator":null,"weight":295,"page_count":26,"readership":"\u00e0 partir de 1 AN","editor":"Gallimard Jeunesse","price":1200,"published_date":"2025-03-05T23:00:00.000000Z","support":"Grand format","publisher_availability":1,"stock":1,"editions":[],"url":"https:\/\/quaidesbrumes.com\/ouvrage\/9782075210072\/jaurais-pu"},{"id":"9782733894248","title":"Mes lectures du CP avec Loup Tome 2 : Bal masqu\u00e9 \u00e0 Venise","description":"Loup et Louve sont en week-end \u00e0 Venise. La ville parfaite pour un rendez-vous en amoureux ! D\u00e9guis\u00e9s, Loup et Louve participent au plus beau bal masqu\u00e9 de leur vie. \r\nDans le m\u00eame format que les lectures du CP d\u00e9j\u00e0 existantes, on aborde ici un niveau de lecture beaucoup plus bas. Les sons vus sont \u00e9tudi\u00e9s pour \u00e9viter toute complexit\u00e9. Le tout est r\u00e9dig\u00e9 par Orianne et relu et adapt\u00e9 par une enseignante de CP.","authors":["Orianne Lallemand","El\u00e9onore Thuillier","Sess"],"category_codes":["2000000","2040000","2040200"],"visuals":{"large":"https:\/\/images.epagine.fr\/248\/9782733894248_1_75.jpg","medium":"https:\/\/images.epagine.fr\/248\/9782733894248_1_m.jpg","thumbnail":"https:\/\/images.epagine.fr\/248\/9782733894248_1_v.jpg"},"orderable":true,"show_badge":true,"formatted_price":"5,50&nbsp;\u20ac","formatted_published_date":"17 juin 2021","publisher_availability_label":"Sur commande","short_details":"Orianne Lallemand, El\u00e9onore Thuillier, Sess \u2014 Auzou","translator":null,"weight":109,"page_count":29,"readership":"\u00e0 partir de 6 ANS","editor":"Auzou","price":550,"published_date":"2021-06-16T22:00:00.000000Z","support":"Grand format","publisher_availability":1,"stock":0,"editions":[],"url":"https:\/\/quaidesbrumes.com\/ouvrage\/9782733894248\/mes-lectures-du-cp-avec-loup-tome-2-bal-masque-a-venise"},{"id":"9791039540308","title":"Mon roman \u00e9nigme : mes premi\u00e8res enqu\u00eates Tome 3 : Le parc des chevaliers","description":"Enzo et son cousin Lucas visitent un parc sur le th\u00e8me des ch\u00e2teaux et des chevaliers. Avant son ouverture, ils doivent tester les principales attractions et r\u00e9soudre di \u00e9rentes \u00e9nigmes sur le Moyen \u00c2ge...","authors":["Emmanuel Tr\u00e9dez","Maud Riemann"],"category_codes":["2000000","2040000","2040500"],"visuals":{"large":"https:\/\/images.epagine.fr\/308\/9791039540308_1_75.jpg","medium":"https:\/\/images.epagine.fr\/308\/9791039540308_1_m.jpg","thumbnail":"https:\/\/images.epagine.fr\/308\/9791039540308_1_v.jpg"},"orderable":true,"show_badge":true,"formatted_price":"6,95&nbsp;\u20ac","formatted_published_date":"17 mai 2024","publisher_availability_label":"Sur commande","short_details":"Emmanuel Tr\u00e9dez, Maud Riemann \u2014 Auzou","translator":null,"weight":400,"page_count":47,"readership":"\u00e0 partir de 6 ANS","editor":"Auzou","price":695,"published_date":"2024-05-16T22:00:00.000000Z","support":"Grand format","publisher_availability":1,"stock":0,"editions":[],"url":"https:\/\/quaidesbrumes.com\/ouvrage\/9791039540308\/mon-roman-enigme-mes-premieres-enquetes-tome-3-le-parc-des-chevaliers"},{"id":"9782070599820","title":"Coeur de loup","description":"F\u00e9odora a grandi parmi les loups. Ils sont tout pour elle et, bient\u00f4t, elle deviendra ma\u00eetre-loup, comme sa m\u00e8re. Mais ce destin extraordinaire est an\u00e9anti quand surgit l'arm\u00e9e du tsar, d\u00e9vastant tout sur son passage. Alors que sa m\u00e8re est faite prisonni\u00e8re, l'intr\u00e9pide F\u00e9o part avec sa meute \u00e0 travers les for\u00eats enneig\u00e9es de Sib\u00e9rie. Bravant l'ennemi, le froid, les temp\u00eates, elle est pr\u00eate \u00e0 tout pour la sauver...","authors":["Katherine Rundell","Gelrev Ongbico","Emmanuelle Ghez"],"category_codes":["2000000","2040000","2040500"],"visuals":{"large":"https:\/\/images.epagine.fr\/820\/9782070599820_1_75.jpg","medium":"https:\/\/images.epagine.fr\/820\/9782070599820_1_m.jpg","thumbnail":"https:\/\/images.epagine.fr\/820\/9782070599820_1_v.jpg"},"orderable":true,"show_badge":true,"formatted_price":"8,90&nbsp;\u20ac","formatted_published_date":"16 mai 2019","publisher_availability_label":"Sur commande","short_details":"Katherine Rundell, Gelrev Ongbico, Emmanuelle Ghez \u2014 Gallimard Jeunesse","translator":"EMMANUELLE GHEZ","weight":172,"page_count":288,"readership":"\u00e0 partir de 10 ANS","editor":"Gallimard Jeunesse","price":890,"published_date":"2019-05-15T22:00:00.000000Z","support":"Poche","publisher_availability":1,"stock":0,"editions":[],"url":"https:\/\/quaidesbrumes.com\/ouvrage\/9782070599820\/coeur-de-loup"},{"id":"9791036324611","title":"La cabane magique Tome 41 : le chien des neiges","description":"L'enchanteur Teddy a accidentellement chang\u00e9 Pirlouit, le b\u00e9b\u00e9 manchot, en statue de pierre. Il faut annuler le sort avant que Merlin l'apprenne ! Tom et L\u00e9a d\u00e9couvrent dans la cabane magique un livre sur les Alpes suisses, une \u00e9nigme et une petite fiole de potion qui leur permet de changer d'apparence pendant une heure. Et hop ! Les voil\u00e0 qui filent au col du Grand Saint-Bernard, au temps de Napol\u00e9on Bonaparte, \u00e0 la recherche d'une fleur jaune et blanche...","authors":["Mary Pope Osborne","Marie-H\u00e9l\u00e8ne Delval"],"category_codes":["2000000","2040000","2040300"],"visuals":{"large":"https:\/\/images.epagine.fr\/611\/9791036324611_1_75.jpg","medium":"https:\/\/images.epagine.fr\/611\/9791036324611_1_m.jpg","thumbnail":"https:\/\/images.epagine.fr\/611\/9791036324611_1_v.jpg"},"orderable":true,"show_badge":true,"formatted_price":"6,90&nbsp;\u20ac","formatted_published_date":"27 janvier 2021","publisher_availability_label":"Sur commande","short_details":"Mary Pope Osborne, Marie-H\u00e9l\u00e8ne Delval \u2014 Bayard Jeunesse","translator":"MARIE-HELENE DELVAL","weight":232,"page_count":160,"readership":"\u00e0 partir de 6 ANS","editor":"Bayard Jeunesse","price":690,"published_date":"2021-01-26T23:00:00.000000Z","support":"Poche","publisher_availability":1,"stock":0,"editions":[],"url":"https:\/\/quaidesbrumes.com\/ouvrage\/9791036324611\/la-cabane-magique-tome-41-le-chien-des-neiges"},{"id":"9782812626913","title":"Les Oublieux","description":"Billy a seize ans et il est mort. Coup de couteau. Au milieu des tombes du P\u00e8re Lachaise, il l\u00e2che son dernier souffle. Avant de revenir. Ni vraiment mort, ni vraiment vivant. Aux c\u00f4t\u00e9 de la jeune Mirai, qui va le prendre sous son aile, il va rencontrer les pensionnaires du c\u00e9l\u00e8bre lieu : Jim Morrison, Rosa Bonheur, La Fontaine, Moli\u00e8re et bien d'autres. Mais autour du cimeti\u00e8re, gronde une menace de plus en plus pressante, les Oublieux. Ils ont faim, faim de souvenirs et les fant\u00f4mes sont un met de choix. \r\n Jouissif, exub\u00e9rant et profond\u00e9ment sensible, le nouveau roman d'Antonio Da Silva ressuscite d'illustres fant\u00f4mes pour un dernier baroud d'honneur !","authors":["Antonio Da Silva"],"category_codes":["2000000","2050000","2050200","2050203"],"visuals":{"large":"https:\/\/images.epagine.fr\/913\/9782812626913_1_75.jpg","medium":"https:\/\/images.epagine.fr\/913\/9782812626913_1_m.jpg","thumbnail":"https:\/\/images.epagine.fr\/913\/9782812626913_1_v.jpg"},"orderable":true,"show_badge":true,"formatted_price":"17,80&nbsp;\u20ac","formatted_published_date":"5 mars 2025","publisher_availability_label":"Sur commande","short_details":"Antonio Da Silva \u2014 Rouergue","translator":null,"weight":406,"page_count":336,"readership":"\u00e0 partir de 12 ANS","editor":"Rouergue","price":1780,"published_date":"2025-03-04T23:00:00.000000Z","support":"Grand format","publisher_availability":1,"stock":0,"editions":[],"url":"https:\/\/quaidesbrumes.com\/ouvrage\/9782812626913\/les-oublieux"},{"id":"9782080455277","title":"Je suis en CE1 : Une dent perdue","description":"Aux enfants qui ont perdu leurs dents de lait,\r\net \u00e0 la petite souris qui les ramasse la nuit.\r\nM.\r\n","authors":["Magdalena","Emmanuel Ristord"],"category_codes":["2000000","2040000","2040200"],"visuals":{"large":"https:\/\/images.epagine.fr\/277\/9782080455277_1_75.jpg","medium":"https:\/\/images.epagine.fr\/277\/9782080455277_1_m.jpg","thumbnail":"https:\/\/images.epagine.fr\/277\/9782080455277_1_v.jpg"},"orderable":true,"show_badge":true,"formatted_price":"5,80&nbsp;\u20ac","formatted_published_date":"18 septembre 2024","publisher_availability_label":"Sur commande","short_details":"Magdalena, Emmanuel Ristord \u2014 P\u00e8re Castor","translator":null,"weight":104,"page_count":40,"readership":"\u00e0 partir de 6 ANS","editor":"P\u00e8re Castor","price":580,"published_date":"2024-09-17T22:00:00.000000Z","support":"Grand format","publisher_availability":1,"stock":0,"editions":[],"url":"https:\/\/quaidesbrumes.com\/ouvrage\/9782080455277\/je-suis-en-ce1-une-dent-perdue"},{"id":"9791036381638","title":"Contes de toujours","description":"Les contes intemporels qui font grandir\r\nUn chat rus\u00e9 en bottes rouges, un gar\u00e7on perdu dans la for\u00eat, une fillette en rouge face au loup, deux enfants pi\u00e9g\u00e9s par une sorci\u00e8re, un caneton rejet\u00e9 par les siens... Cinq contes embl\u00e9matiques de Perrault et d'Andersen, adapt\u00e9s avec des mots simples et po\u00e9tiques pour offrir aux plus petits la magie des grands r\u00e9cits.Un recueil essentiel pour l'enfance\r\nCes histoires, pleines de frissons et d'aventures, permettent aux enfants de se confronter \u00e0 leurs peurs, d'explorer le monde en toute s\u00e9curit\u00e9 et de comprendre que courage et intelligence triomphent. Un livre \u00e0 lire et relire, seul ou en famille, pour transmettre ces tr\u00e9sors litt\u00e9raires \u00e0 la nouvelle g\u00e9n\u00e9ration.Un bel ouvrage illustr\u00e9 \u00e0 offrir\r\nAvec ses 144 pages et ses illustrations inoubliables d'Ulises Wensell, ce recueil s'inscrit dans la collection \u00e0 succ\u00e8s des Belles Histoires. Cette \u00e9dition soign\u00e9e avec un couverture color\u00e9e est un cadeau id\u00e9al, \u00e0 glisser dans les petites mains curieuses et avides de merveilleux.","authors":["Marie-H\u00e9l\u00e8ne Delval","Gigi Bigot","Ulises Wensell"],"category_codes":["2000000","2030000","2030300"],"visuals":{"large":"https:\/\/images.epagine.fr\/638\/9791036381638_1_75.jpg","medium":"https:\/\/images.epagine.fr\/638\/9791036381638_1_m.jpg","thumbnail":"https:\/\/images.epagine.fr\/638\/9791036381638_1_v.jpg"},"orderable":true,"show_badge":true,"formatted_price":"12,90&nbsp;\u20ac","formatted_published_date":"1er octobre 2025","publisher_availability_label":"Sur commande","short_details":"Marie-H\u00e9l\u00e8ne Delval, Gigi Bigot, Ulises Wensell \u2014 Bayard Jeunesse","translator":null,"weight":730,"page_count":248,"readership":"\u00e0 partir de 3 ANS","editor":"Bayard Jeunesse","price":1290,"published_date":"2025-09-30T22:00:00.000000Z","support":"Grand format","publisher_availability":1,"stock":0,"editions":[],"url":"https:\/\/quaidesbrumes.com\/ouvrage\/9791036381638\/contes-de-toujours"},{"id":"9782075140935","title":"Rose, petite rose","description":"La vie n'est pas toujours rose : Rose en sait quelque chose ! Et son amie Lily, la butineuse du lys, lui en fait voir de toutes les couleurs ! Le fait de ressembler \u00e0 Rose comme deux gouttes de ros\u00e9e lui monte \u00e0 la t\u00eate : la voil\u00e0 qui s'ent\u00eate et rien ne l'arr\u00eate. Tr\u00e8s jalouse, Lily va m\u00eame jusqu'\u00e0 se faire passer pour Rose aux yeux d'Arlequin, son fianc\u00e9 ! Mais les masques finissent par tomber : Lily retourne \u00e0 ses lys, et le petit coeur chagrin de Rose se console avec son gentil papillon...","authors":["Antoon Krings"],"category_codes":["2000000","2030000","2030300"],"visuals":{"large":"https:\/\/images.epagine.fr\/935\/9782075140935_1_75.jpg","medium":"https:\/\/images.epagine.fr\/935\/9782075140935_1_m.jpg","thumbnail":"https:\/\/images.epagine.fr\/935\/9782075140935_1_v.jpg"},"orderable":true,"show_badge":true,"formatted_price":"6,50&nbsp;\u20ac","formatted_published_date":"18 juin 2020","publisher_availability_label":"Sur commande","short_details":"Antoon Krings \u2014 Gallimard Jeunesse-Giboul\u00e9es","translator":null,"weight":232,"page_count":32,"readership":"3\/6 ans","editor":"Gallimard Jeunesse-Giboul\u00e9es","price":650,"published_date":"2020-06-17T22:00:00.000000Z","support":"Grand format","publisher_availability":1,"stock":0,"editions":[],"url":"https:\/\/quaidesbrumes.com\/ouvrage\/9782075140935\/rose-petite-rose"},{"id":"9782749955803","title":"Nox Winters et le loup de minuit Tome 1","description":"Pour la premi\u00e8re fois en France, la duologie fantastique et envo\u00fbtante de Rochelle Hassan, autrice \u00e0 succ\u00e8s dans le monde entier.\r\nTous les passionn\u00e9s de surnaturel ont d\u00e9j\u00e0 entendu parler du diable d'Evergreen, une \u00e9trange cr\u00e9ature qui hanterait la for\u00eat de la petite ville du m\u00eame nom et enl\u00e8verait ses habitants. Et si beaucoup se sont d\u00e9j\u00e0 lanc\u00e9s sur ses traces, personne n'a jamais pu rapporter la preuve de son existence.\r\nPour Nox, toutes ces l\u00e9gendes sont un pi\u00e8ge \u00e0 touristes. En fait, il d\u00e9teste Evergreen et ses myst\u00e8res.\r\nMais impossible de quitter la ville : Noah, son fr\u00e8re jumeau, souffre d'une \u00e9trange maladie, et nul ne semble capable de le soigner.\r\nS'il veut sauver son fr\u00e8re, Nox va devoir se confronter aux \u00eatres de la for\u00eat d'Evergreen. Avec son amie Thea, il d\u00e9couvre un monde \u00e9trange et nocturne peupl\u00e9 de dangereuses cr\u00e9atures, de dieux capricieux et de terrifiants gardiens, dont les enfants doivent r\u00e9soudre les \u00e9nigmes. Et si l'un d'eux pouvait gu\u00e9rir son fr\u00e8re ?\r\n\r\nUne duologie fantastique d\u00e9bordante de magie et de cr\u00e9atures l\u00e9gendaires.","authors":["Rochelle Hassan"],"category_codes":["2000000","2050000","2050200","2050203"],"visuals":{"large":"https:\/\/images.epagine.fr\/803\/9782749955803_1_75.jpg","medium":"https:\/\/images.epagine.fr\/803\/9782749955803_1_m.jpg","thumbnail":"https:\/\/images.epagine.fr\/803\/9782749955803_1_v.jpg"},"orderable":true,"show_badge":true,"formatted_price":"16,95&nbsp;\u20ac","formatted_published_date":"6 novembre 2025","publisher_availability_label":"Sur commande","short_details":"Rochelle Hassan \u2014 Michel Lafon","translator":null,"weight":378,"page_count":352,"readership":"\u00e0 partir de 12 ANS","editor":"Michel Lafon","price":1695,"published_date":"2025-11-05T23:00:00.000000Z","support":"Grand format","publisher_availability":1,"stock":0,"editions":[],"url":"https:\/\/quaidesbrumes.com\/ouvrage\/9782749955803\/nox-winters-et-le-loup-de-minuit-tome-1"},{"id":"9782017308027","title":"Stitch Tome 12 : Des secrets bien gard\u00e9s","description":"Stitch a fait une promesse \u00e0 Yuna : il doit toujours lui dire la v\u00e9rit\u00e9 ! Pourtant, il d\u00e9couvre que cacher des choses \u00e0 ses amis peut parfois se r\u00e9v\u00e9ler indispensable. Comme lorsque Pikly et Jumba organisent une f\u00eate surprise pour Yuna, ou lorsque celle-ci essaie de faire manger des l\u00e9gumes \u00e0 son ami Taro sans qu'il s'en rende compte. Stitch parviendra-t-il \u00e0 garder tous ces secrets malgr\u00e9 sa promesse ?","authors":["Disney","Th\u00e9o Duval"],"category_codes":["2000000","2040000","2040300"],"visuals":{"large":"https:\/\/images.epagine.fr\/027\/9782017308027_1_75.jpg","medium":"https:\/\/images.epagine.fr\/027\/9782017308027_1_m.jpg","thumbnail":"https:\/\/images.epagine.fr\/027\/9782017308027_1_v.jpg"},"orderable":true,"show_badge":true,"formatted_price":"5,90&nbsp;\u20ac","formatted_published_date":"19 mars 2025","publisher_availability_label":"Sur commande","short_details":"Disney, Th\u00e9o Duval \u2014 Hachette Jeunesse","translator":"THEO DUVAL","weight":134,"page_count":128,"readership":"\u00e0 partir de 8 ANS","editor":"Hachette Jeunesse","price":590,"published_date":"2025-03-18T23:00:00.000000Z","support":"Poche","publisher_availability":1,"stock":0,"editions":[],"url":"https:\/\/quaidesbrumes.com\/ouvrage\/9782017308027\/stitch-tome-12-des-secrets-bien-gardes"},{"id":"9782017287902","title":"Pok\u00e9mon - Les Horizons Tome 4 : Un amour de Chocodile","description":"Le 4\u00e8me tome de la nouvelle s\u00e9rie Horizons \u00e0 d\u00e9couvrir !\r\nLa s\u00e9rie d\u00e9di\u00e9e \u00e0 Pald\u00e9a arrive en TV et en Biblioth\u00e8que Verte\r\n- Une diffusion en 2024 sur Gulli et Canal J\r\n- Un programme de lancement fort en \u00e9dition avec 5 titres entre juin et d\u00e9cembre\r\n\r\nApr\u00e8s 25 ans, le lancement d'une nouvelle s\u00e9rie tr\u00e8s innovante :\r\n- Trois nouveaux h\u00e9ros : Liko, Rhod et Friede\r\n- De nouveaux Pok\u00e9mons : Poussacha, Cochodile, Captain Pikachu\r\n- Un nouvel arc narratif Pok\u00e9mon : un succ\u00e8s ph\u00e9nom\u00e9nal en Biblioth\u00e8que Verte\r\n- Tous les tomes 01 des nouvelles s\u00e9ries pr\u00e9sentes dans le TOP 120 GFK chaque semaine (Les voyages, Noir & Blanc, Soleil & Lune)\r\n- Pr\u00e8s de 4M d'ex* vendus depuis 2012\r\n\r\n*Source ventes internes","authors":["Collectif"],"category_codes":["2000000","2040000","2040300"],"visuals":{"large":"https:\/\/images.epagine.fr\/902\/9782017287902_1_75.jpg","medium":"https:\/\/images.epagine.fr\/902\/9782017287902_1_m.jpg","thumbnail":"https:\/\/images.epagine.fr\/902\/9782017287902_1_v.jpg"},"orderable":true,"show_badge":true,"formatted_price":"5,90&nbsp;\u20ac","formatted_published_date":"20 novembre 2024","publisher_availability_label":"Sur commande","short_details":"Collectif \u2014 Hachette Jeunesse","translator":null,"weight":103,"page_count":64,"readership":"\u00e0 partir de 6 ANS","editor":"Hachette Jeunesse","price":590,"published_date":"2024-11-19T23:00:00.000000Z","support":"Poche","publisher_availability":1,"stock":0,"editions":[],"url":"https:\/\/quaidesbrumes.com\/ouvrage\/9782017287902\/pokemon-les-horizons-tome-4-un-amour-de-chocodile"},{"id":"9782408012649","title":"Mes p'tits docs : les footballeuses","description":"La plupart des fillettes jouent au foot, sur le plage, \u00e0 l'\u00e9cole... et dans les clubs. Quand elles s'inscrivent en club, elles commencent \u00e0 s'entra\u00eener avec les gar\u00e7ons. Ensuite, elles int\u00e8grent des \u00e9quipes f\u00e9minines, ont leurs propres comp\u00e9titions. Plus tard, elles peuvent devenir footballeuses professionnelles, et certaines finiront championnes !\r\nCe P'tit doc montre l'\u00e9volution du foot f\u00e9minin et aborde aussi les r\u00e8gles, la technique et les gestes qui font r\u00eaver.\r\n\r\nDes textes courts, de belles illustrations et un papier ind\u00e9chirable font de cette collection un outil id\u00e9al pour accompagner et guider nos enfants dans la d\u00e9couverte du monde.","authors":["Mathilde George","St\u00e9phanie Ledu"],"category_codes":["2000000","2070000","2070900"],"visuals":{"large":"https:\/\/images.epagine.fr\/649\/9782408012649_1_75.jpg","medium":"https:\/\/images.epagine.fr\/649\/9782408012649_1_m.jpg","thumbnail":"https:\/\/images.epagine.fr\/649\/9782408012649_1_v.jpg"},"orderable":true,"show_badge":true,"formatted_price":"7,90&nbsp;\u20ac","formatted_published_date":"22 mai 2019","publisher_availability_label":"Sur commande","short_details":"Mathilde George, St\u00e9phanie Ledu \u2014 Milan","translator":null,"weight":252,"page_count":32,"readership":null,"editor":"Milan","price":790,"published_date":"2019-05-21T22:00:00.000000Z","support":"Grand format","publisher_availability":1,"stock":0,"editions":[],"url":"https:\/\/quaidesbrumes.com\/ouvrage\/9782408012649\/mes-ptits-docs-les-footballeuses"},{"id":"9782401112742","title":"Mon anxi\u00e9t\u00e9 \u00e0 apaiser","description":"Milo a deux amis tr\u00e8s sp\u00e9ciaux : Hessi et Touva, qui le suivent partout et le prot\u00e8gent, chacun \u00e0 sa mani\u00e8re. Mais quand il y a trop de nouveaut\u00e9s, le petit gar\u00e7on devient terriblement anxieux.\u00a0 Touva a beau dire que tout va bien se passer, Hessi, lui, ne cesse de s'inqui\u00e9ter. Sur le dos de Milo, il p\u00e8se de plus en plus lourd... Heureusement, son papa va lui montrer comment apaiser ce copain devenu trop encombrant.","authors":["H\u00e9lo\u00efse Junier","Carole X\u00e9nard"],"category_codes":["2000000","2020000","2020400"],"visuals":{"large":"https:\/\/images.epagine.fr\/742\/9782401112742_1_75.jpg","medium":"https:\/\/images.epagine.fr\/742\/9782401112742_1_m.jpg","thumbnail":"https:\/\/images.epagine.fr\/742\/9782401112742_1_v.jpg"},"orderable":true,"show_badge":true,"formatted_price":"11,95&nbsp;\u20ac","formatted_published_date":"8 octobre 2025","publisher_availability_label":"Sur commande","short_details":"H\u00e9lo\u00efse Junier, Carole X\u00e9nard \u2014 Hatier","translator":null,"weight":266,"page_count":32,"readership":"\u00e0 partir de 2 ANS","editor":"Hatier","price":1195,"published_date":"2025-10-07T22:00:00.000000Z","support":"Grand format","publisher_availability":1,"stock":0,"editions":[],"url":"https:\/\/quaidesbrumes.com\/ouvrage\/9782401112742\/mon-anxiete-a-apaiser"},{"id":"9791036370120","title":"Le ch\u00e2teau des maudits","description":"Suite \u00e0 l'accident qui a tu\u00e9 ses parents \u00e0 New York, Estela, 17 ans, d\u00e9couvre des origines espagnoles cach\u00e9es par sa famille. Elle est alors envoy\u00e9e vivre en Espagne, dans le petit village d'Oscuro, avec une tante dont elle n'a jamais entendu parler, et d\u00e9couvre \u00eatre la future h\u00e9riti\u00e8re du terrifiant ch\u00e2teau de la Sombra, qu'elle a interdiction de visiter. Mais la jeune femme d\u00e9cide rapidement d'explorer les pi\u00e8ces vides, dangereuses, de cet \u00e9trange lieu. Elle y rencontre Sebastian, un jeune homme aux yeux d'argent qu'elle est la seule \u00e0 pouvoir voir. Il ne peut pas seulement \u00eatre le produit d'une hallucination d'Estela, comme elle le croit d'abord, car tout porte \u00e0 croire que la Sombre cache bien d'autres secrets magiques. Alors que les myst\u00e8res s'accumulent, Estela a l'impression que tous les habitants d'Oscuro mentent, et que l'accident qui a tu\u00e9 ses parents n'en \u00e9tait pas un. Mais en s'aventurant dans les secrets de la Sombra, Estela se met dans un danger bien plus grand qu'elle ne l'imaginait...","authors":["Romina Garber","Fran\u00e7ois-Xavier Pavion","Cl\u00e9mence Fau"],"category_codes":["2000000","2050000","2050200","2050204"],"visuals":{"large":"https:\/\/images.epagine.fr\/120\/9791036370120_1_75.jpg","medium":"https:\/\/images.epagine.fr\/120\/9791036370120_1_m.jpg","thumbnail":"https:\/\/images.epagine.fr\/120\/9791036370120_1_v.jpg"},"orderable":true,"show_badge":true,"formatted_price":"18,90&nbsp;\u20ac","formatted_published_date":"5 novembre 2025","publisher_availability_label":"Sur commande","short_details":"Romina Garber, Fran\u00e7ois-Xavier Pavion, Cl\u00e9mence Fau \u2014 Bayard Jeunesse","translator":null,"weight":538,"page_count":528,"readership":"\u00e0 partir de 13 ANS","editor":"Bayard Jeunesse","price":1890,"published_date":"2025-11-04T23:00:00.000000Z","support":"Grand format","publisher_availability":1,"stock":0,"editions":[],"url":"https:\/\/quaidesbrumes.com\/ouvrage\/9791036370120\/le-chateau-des-maudits"},{"id":"9781837290710","title":"Quand un arbre tombe : Une nouvelle vie pour la nature","description":"Une c\u00e9l\u00e9bration vivante et po\u00e9tique de l'incroyable \u00e9cosyst\u00e8me qui se forme autour d'un arbre mort\r\nUne c\u00e9l\u00e9bration vivante et po\u00e9tique de l'incroyable \u00e9cosyst\u00e8me qui se forme autour d'un arbre mort Pour la for\u00eat, la mort d'un arbre n'est pas une perte mais un commencement. Dans cet album documentaire, les enfants d\u00e9couvrent la deuxi\u00e8me vie d'un arbre apr\u00e8s qu'il est tomb\u00e9. On apprend comment la mort d'un arbre favorise la biodiversit\u00e9 au sein de la for\u00eat : il devient un abri et une source de nourriture pour beaucoup de cr\u00e9atures et d'organismes vivants, des plus petites bact\u00e9ries aux oursons joueurs. Avec ses illustrations pleines de d\u00e9tails, Quand un arbre tombe offre une premi\u00e8re compr\u00e9hension du cycle de la vie, en suscitant l'\u00e9merveillement des jeunes lecteurs et lectrices.","authors":["Valentina Gottardi","Maciej Michno","Danio Miserocchi"],"category_codes":["2000000","2070000","2070300"],"visuals":{"large":"https:\/\/images.epagine.fr\/710\/9781837290710_1_75.jpg","medium":"https:\/\/images.epagine.fr\/710\/9781837290710_1_m.jpg","thumbnail":"https:\/\/images.epagine.fr\/710\/9781837290710_1_v.jpg"},"orderable":true,"show_badge":true,"formatted_price":"19,95&nbsp;\u20ac","formatted_published_date":"11 septembre 2025","publisher_availability_label":"Sur commande","short_details":"Valentina Gottardi, Maciej Michno, Danio Miserocchi \u2014 Phaidon","translator":null,"weight":532,"page_count":40,"readership":"Tout public","editor":"Phaidon","price":1995,"published_date":"2025-09-10T22:00:00.000000Z","support":"Grand format","publisher_availability":1,"stock":0,"editions":[],"url":"https:\/\/quaidesbrumes.com\/ouvrage\/9781837290710\/quand-un-arbre-tombe-une-nouvelle-vie-pour-la-nature"},{"id":"9782809679403","title":"Livre musical : mon premier Indochine","description":"\u00c9couter et fredonner Indochine aux tout-petits ! Avec ce livre sonore, l'enfant d\u00e9couvre les classiques de Indochine. Il s'amuse \u00e0 chercher la puce dans une sc\u00e8ne tendre et color\u00e9e, et appuie dessus pour lancer la musique tout seul. Un vrai moment de complicit\u00e9 et d'\u00e9motion \u00e0 partager avec b\u00e9b\u00e9.\r\nDans ce livre :\r\n- L'Aventurier ;\r\n- J'ai demand\u00e9 \u00e0 la lune ;\r\n- 3 nuits par semaine ;\r\n- Tes yeux noirs ;\r\n- Canary Bay.\r\nAvec un niveau sonore ma\u00eetris\u00e9, le livre est adapt\u00e9 aux plus petits.","authors":["M\u00e9lanie Grandgirard"],"category_codes":["2000000","2020000","2020600"],"visuals":{"large":"https:\/\/images.epagine.fr\/403\/9782809679403_1_75.jpg","medium":"https:\/\/images.epagine.fr\/403\/9782809679403_1_m.jpg","thumbnail":"https:\/\/images.epagine.fr\/403\/9782809679403_1_v.jpg"},"orderable":true,"show_badge":false,"formatted_price":"11,90&nbsp;\u20ac","formatted_published_date":"22 juin 2022","publisher_availability_label":"Sur commande","short_details":"M\u00e9lanie Grandgirard \u2014 \u00c9ditions playBac","translator":null,"weight":180,"page_count":12,"readership":"0\/3 ans","editor":"\u00c9ditions playBac","price":1190,"published_date":"2022-06-21T22:00:00.000000Z","support":"Grand format","publisher_availability":1,"stock":1,"editions":[],"url":"https:\/\/quaidesbrumes.com\/ouvrage\/9782809679403\/livre-musical-mon-premier-indochine"},{"id":"9782324033025","title":"Mes premiers airs de compositrices","description":"\u00c0 la rencontre des compositrices ! \r\nAvec ses puces sonores musicales, ce recueil est unique. Sur chaque page, l'enfant recherche dans l'illustration le petit bouton qui d\u00e9clenchera la musique.\r\n \r\nConnaissez-vous Hildegarde de Bingen, Marianne de Martines, Fanny Mendelssohn, Augusta Holm\u00e8s, C\u00e9cile Chaminade ou Ethel Smyth ? Du Moyen \u00c2ge au d\u00e9but du 20e si\u00e8cle, ces compositrices ont marqu\u00e9 leur si\u00e8cle par leurs compositions musicales souvent oubli\u00e9es. Ce petit ouvrage nous propose de red\u00e9couvrir leurs plus grands airs pour enfin leur donner leur place dans l'histoire de la musique !","authors":["Emilie Collet","S\u00e9verine Cordier"],"category_codes":["2000000","2020000","2020600"],"visuals":{"large":"https:\/\/images.epagine.fr\/025\/9782324033025_1_75.jpg","medium":"https:\/\/images.epagine.fr\/025\/9782324033025_1_m.jpg","thumbnail":"https:\/\/images.epagine.fr\/025\/9782324033025_1_v.jpg"},"orderable":true,"show_badge":true,"formatted_price":"10,00&nbsp;\u20ac","formatted_published_date":"21 mars 2024","publisher_availability_label":"Sur commande","short_details":"Emilie Collet, S\u00e9verine Cordier \u2014 Gr\u00fcnd","translator":null,"weight":248,"page_count":6,"readership":"0\/3 ans","editor":"Gr\u00fcnd","price":1000,"published_date":"2024-03-20T23:00:00.000000Z","support":"Grand format","publisher_availability":1,"stock":0,"editions":[],"url":"https:\/\/quaidesbrumes.com\/ouvrage\/9782324033025\/mes-premiers-airs-de-compositrices"},{"id":"9782075154048","title":"Arbres d'ici et d'ailleurs","description":"Gr\u00e2ce \u00e0 ses textes po\u00e9tiques et document\u00e9s, Emmanuelle K\u00e9cir-Lepetit vous entra\u00eene dans l'intimit\u00e9 de chaque arbre pour d\u00e9voiler ses caract\u00e9ristiques, sa personnalit\u00e9, sa force et ses faiblesses, ses anecdotes, son histoire. Les magnifiques illustrations de L\u00e9a Maupetit, \u00e0 la fois d\u00e9licates, pr\u00e9cises et sensuelles, vous indiqueront comment les reconna\u00eetre et ne plus jamais les confondre. Timide, solitaire, fougueux... chaque arbre a son temp\u00e9rament !\r","authors":["Emmanuelle K\u00e9cir-Lepetit","L\u00e9a Maupetit"],"category_codes":["2000000","2070000","2070300"],"visuals":{"large":"https:\/\/images.epagine.fr\/048\/9782075154048_1_75.jpg","medium":"https:\/\/images.epagine.fr\/048\/9782075154048_1_m.jpg","thumbnail":"https:\/\/images.epagine.fr\/048\/9782075154048_1_v.jpg"},"orderable":true,"show_badge":false,"formatted_price":"16,90&nbsp;\u20ac","formatted_published_date":"25 mars 2021","publisher_availability_label":"Sur commande","short_details":"Emmanuelle K\u00e9cir-Lepetit, L\u00e9a Maupetit \u2014 Gallimard Jeunesse","translator":null,"weight":348,"page_count":96,"readership":"\u00e0 partir de 7 ANS","editor":"Gallimard Jeunesse","price":1690,"published_date":"2021-03-24T23:00:00.000000Z","support":"Grand format","publisher_availability":1,"stock":1,"editions":[],"url":"https:\/\/quaidesbrumes.com\/ouvrage\/9782075154048\/arbres-dici-et-dailleurs"},{"id":"9791042901271","title":"Tous champions ! Simone Biles : L'immense petite gymnaste","description":"La nouvelle collection de lecture jeunesse pour tous les fans de sport ! \u00c0 partir de 8 ans. De ses d\u00e9buts \u00e0 Houston \u00e0 sa cons\u00e9cration parisienne en passant par son abandon en plein Jeux Olympiques de Tokyo, voici l'histoire inspirante de Simone Biles, l'immense championne de gymnastique qui a r\u00e9volutionn\u00e9 son sport. Des comp\u00e9titions, beaucoup de m\u00e9dailles, une r\u00e9silience ph\u00e9nom\u00e9nale, un bel esprit d'\u00e9quipe et surtout un mental d'acier. C'est aussi \u00e7a, Simone Biles ! EN BONUS, \u00e0 la fin de l'histoire, on retrouve un mini-doc avec : une fiche documentaire sur ta championne pr\u00e9f\u00e9r\u00e9e des mouvements expliqu\u00e9s des figures \u00e0 encha\u00eener un quiz un lexique\r","authors":["Sandra Kollender"],"category_codes":["2000000","2040000","2040500"],"visuals":{"large":"https:\/\/images.epagine.fr\/271\/9791042901271_1_75.jpg","medium":"https:\/\/images.epagine.fr\/271\/9791042901271_1_m.jpg","thumbnail":"https:\/\/images.epagine.fr\/271\/9791042901271_1_v.jpg"},"orderable":true,"show_badge":true,"formatted_price":"9,95&nbsp;\u20ac","formatted_published_date":"3 septembre 2025","publisher_availability_label":"Sur commande","short_details":"Sandra Kollender \u2014 Hugo Jeunesse","translator":null,"weight":505,"page_count":160,"readership":"\u00e0 partir de 3 ANS","editor":"Hugo Jeunesse","price":995,"published_date":"2025-09-02T22:00:00.000000Z","support":"Grand format","publisher_availability":1,"stock":0,"editions":[],"url":"https:\/\/quaidesbrumes.com\/ouvrage\/9791042901271\/tous-champions-simone-biles-limmense-petite-gymnaste"},{"id":"9782244114507","title":"Coloriages brillants : La coccinelle","description":"Un bloc avec de grands dessins aux contours paillet\u00e9s pour apprendre \u00e0 colorier sans d\u00e9passer ! Pour chaque image : plusieurs formes et plusieurs couleurs.\r","authors":["Collectif"],"category_codes":["2000000","2080000","2080300"],"visuals":{"large":"https:\/\/images.epagine.fr\/507\/9782244114507_1_75.jpg","medium":"https:\/\/images.epagine.fr\/507\/9782244114507_1_m.jpg","thumbnail":"https:\/\/images.epagine.fr\/507\/9782244114507_1_v.jpg"},"orderable":true,"show_badge":true,"formatted_price":"6,90&nbsp;\u20ac","formatted_published_date":"1er avril 2026","publisher_availability_label":"Sur commande","short_details":"Collectif \u2014 \u00c9ditions Lito","translator":null,"weight":220,"page_count":48,"readership":"\u00e0 partir de 2 ANS","editor":"\u00c9ditions Lito","price":690,"published_date":"2026-03-31T22:00:00.000000Z","support":"Papeterie \/ Coloriage","publisher_availability":1,"stock":0,"editions":[],"url":"https:\/\/quaidesbrumes.com\/ouvrage\/9782244114507\/coloriages-brillants-la-coccinelle"}]}