{"data":[{"id":"9782745967824","title":"Les \u00e9motions","description":"Des documentaires qui font la part belle aux illustrations et abordent les questions telles que les enfants se les posent. Un support pr\u00e9cieux pour discuter avec eux et r\u00e9pondre \u00e0 leurs interrogations sur le monde.\r","authors":["Astrid Dumontet","Alex Langlois"],"category_codes":["2000000","2070000","2070200"],"visuals":{"large":"https:\/\/images.epagine.fr\/824\/9782745967824_1_75.jpg","medium":"https:\/\/images.epagine.fr\/824\/9782745967824_1_m.jpg","thumbnail":"https:\/\/images.epagine.fr\/824\/9782745967824_1_v.jpg"},"orderable":true,"show_badge":true,"formatted_price":"9,50&nbsp;\u20ac","formatted_published_date":"20 ao\u00fbt 2014","publisher_availability_label":"Sur commande","short_details":"Astrid Dumontet, Alex Langlois \u2014 Milan","translator":null,"weight":325,"page_count":40,"readership":"\u00e0 partir de 6 ANS","editor":"Milan","price":950,"published_date":"2014-08-19T22:00:00.000000Z","support":"Grand format","publisher_availability":1,"stock":0,"editions":[],"url":"https:\/\/quaidesbrumes.com\/ouvrage\/9782745967824\/les-emotions"},{"id":"9782215164784","title":"Les requins","description":"Les requins sont des animaux fascinants. Gr\u00e2ce \u00e0 ce documentaire tr\u00e8s illustr\u00e9, apprends \u00e0 conna\u00eetre cet animal : son anatomie, les diff\u00e9rentes esp\u00e8ces...\r\nAu d\u00e9but du livre, d\u00e9couvre des images \u00e0 d\u00e9couper pour apprendre en t'amusant !\r","authors":["Cathy Franco","Jacques Dayan"],"category_codes":["2000000","2070000","2070300"],"visuals":{"large":"https:\/\/images.epagine.fr\/784\/9782215164784_1_75.jpg","medium":"https:\/\/images.epagine.fr\/784\/9782215164784_1_m.jpg","thumbnail":"https:\/\/images.epagine.fr\/784\/9782215164784_1_v.jpg"},"orderable":true,"show_badge":true,"formatted_price":"8,95&nbsp;\u20ac","formatted_published_date":"13 mars 2020","publisher_availability_label":"Sur commande","short_details":"Cathy Franco, Jacques Dayan \u2014 Fleurus","translator":null,"weight":446,"page_count":23,"readership":null,"editor":"Fleurus","price":895,"published_date":"2020-03-12T23:00:00.000000Z","support":"Grand format","publisher_availability":1,"stock":0,"editions":[],"url":"https:\/\/quaidesbrumes.com\/ouvrage\/9782215164784\/les-requins"},{"id":"9782898571008","title":"Les diff\u00e9rences invisibles : TDAH, douance ou HPL, autisme... Vivre avec un cerveau neurodivergent, \u00e7a ressemble \u00e0 quoi ?","description":"\u00ab J'ai l'impression qu'il me manque des pages dans le grand manuel de la vie. Ou plut\u00f4t, d'avoir re\u00e7u un manuel diff\u00e9rent, avec certaines sections en plus, mais dans lequel il manque des chapitres que tout le monde a lus. \u00bb\r\n\r\nMaude Nepveu-Villeneuve d\u00e9crit ici sa neurodivergence. Cet essai donne des cl\u00e9s pour mieux comprendre les comportements neurodivergents et veut cr\u00e9er des ponts pour mieux vivre ensemble, avec toutes nos ressemblances et nos diff\u00e9rences.","authors":["Maude Nepveu-Villeneuve"],"category_codes":["2000000","2070000","2070700"],"visuals":{"large":"https:\/\/images.epagine.fr\/008\/9782898571008_1_75.jpg","medium":"https:\/\/images.epagine.fr\/008\/9782898571008_1_m.jpg","thumbnail":"https:\/\/images.epagine.fr\/008\/9782898571008_1_v.jpg"},"orderable":true,"show_badge":true,"formatted_price":"15,00&nbsp;\u20ac","formatted_published_date":"24 octobre 2025","publisher_availability_label":"Sur commande","short_details":"Maude Nepveu-Villeneuve \u2014 \u00c9cosoci\u00e9t\u00e9","translator":null,"weight":192,"page_count":152,"readership":null,"editor":"\u00c9cosoci\u00e9t\u00e9","price":1500,"published_date":"2025-10-23T22:00:00.000000Z","support":"Grand format","publisher_availability":1,"stock":0,"editions":[],"url":"https:\/\/quaidesbrumes.com\/ouvrage\/9782898571008\/les-differences-invisibles-tdah-douance-ou-hpl-autisme-vivre-avec-un-cerveau-neurodivergent-ca-ressemble-a-quoi"},{"id":"9782075222341","title":"Chroniques d'un l\u00e9zard sans importance  Tome 1","description":"Imaginez qu'un trio de jeunes varans qui ont plut\u00f4t l'habitude de raser les murs se retrouvent soudain responsables de la surveillance des couloirs de l'\u00e9cole. Imaginez maintenant que leur ennemi jur\u00e9 s'en m\u00eale... Zeke et ses amis parviendront-ils \u00e0 sauver leur \u00e9cole -peut-\u00eatre m\u00eame le monde\u00a0?- des griffes de P\u00e9licarnassus, le p\u00e9lican m\u00e9galomane, super-m\u00e9chant de la pire esp\u00e8ce\u00a0?","authors":["Patrick Ness","Tim Miller","Bruno Krebs"],"category_codes":["2000000","2040000","2040500"],"visuals":{"large":"https:\/\/images.epagine.fr\/341\/9782075222341_1_75.jpg","medium":"https:\/\/images.epagine.fr\/341\/9782075222341_1_m.jpg","thumbnail":"https:\/\/images.epagine.fr\/341\/9782075222341_1_v.jpg"},"orderable":true,"show_badge":true,"formatted_price":"13,00&nbsp;\u20ac","formatted_published_date":"17 avril 2025","publisher_availability_label":"Sur commande","short_details":"Patrick Ness, Tim Miller, Bruno Krebs \u2014 Gallimard Jeunesse","translator":"BRUNO KREBS","weight":252,"page_count":208,"readership":"\u00e0 partir de 10 ANS","editor":"Gallimard Jeunesse","price":1300,"published_date":"2025-04-16T22:00:00.000000Z","support":"Grand format","publisher_availability":1,"stock":0,"editions":[],"url":"https:\/\/quaidesbrumes.com\/ouvrage\/9782075222341\/chroniques-dun-lezard-sans-importance-tome-1"},{"id":"9782244806723","title":"Mots fl\u00e9ch\u00e9s 10 ans","description":"Plus de 50 grilles de mots fl\u00e9ch\u00e9s, avec des grilles de mots myst\u00e8res \u00e0 trouver ! Dans chaque grille, 8 \u00e0 10 mots \u00e0 trouver \u00e0 l'aide d'une d\u00e9finition ou d'une illustration, sur une th\u00e9matique adapt\u00e9e : L'escape game, l'anglais, la classe de neige, la nature, la cuisine du monde, les animaux, le cin\u00e9ma, l'espace, le potager...","authors":["Virginie Loubier","Thierry Christmann"],"category_codes":["2000000","2060000","2060500"],"visuals":{"large":"https:\/\/images.epagine.fr\/723\/9782244806723_1_75.jpg","medium":"https:\/\/images.epagine.fr\/723\/9782244806723_1_m.jpg","thumbnail":"https:\/\/images.epagine.fr\/723\/9782244806723_1_v.jpg"},"orderable":true,"show_badge":true,"formatted_price":"6,20&nbsp;\u20ac","formatted_published_date":"1er f\u00e9vrier 2026","publisher_availability_label":"Sur commande","short_details":"Virginie Loubier, Thierry Christmann \u2014 \u00c9ditions Lito","translator":null,"weight":200,"page_count":64,"readership":"\u00e0 partir de 10 ANS","editor":"\u00c9ditions Lito","price":620,"published_date":"2026-01-31T23:00:00.000000Z","support":"Grand format","publisher_availability":1,"stock":0,"editions":[],"url":"https:\/\/quaidesbrumes.com\/ouvrage\/9782244806723\/mots-fleches-10-ans"},{"id":"9782211235693","title":"Temp\u00eate au haras","description":"N\u00e9 dans le haras tenu par ses parents, il grandit aux c\u00f4t\u00e9s des poulains et n'est jamais aussi heureux qu'\u00e0 cheval. Lorsque Belle-Intrigante met au monde une pouliche, Temp\u00eate, il en est certain : elle deviendra un crack ! Le crack qu'attendent ses parents depuis des ann\u00e9es et qu'il montera. Mais un soir d'orage vient briser ses espoirs. Temp\u00eate, affol\u00e9e, pi\u00e9tine le dos de Jean-Philippe, qui ne marchera plus. Il devra alors faire de l'impossible une r\u00e9alit\u00e9, pour renouer avec son r\u00eave. 8 -11 ans.\r","authors":["Adrien Albert","Chris Donner"],"category_codes":["2000000","2040000","2040500"],"visuals":{"large":"https:\/\/images.epagine.fr\/693\/9782211235693_1_75.jpg","medium":"https:\/\/images.epagine.fr\/693\/9782211235693_1_m.jpg","thumbnail":"https:\/\/images.epagine.fr\/693\/9782211235693_1_v.jpg"},"orderable":true,"show_badge":true,"formatted_price":"6,50&nbsp;\u20ac","formatted_published_date":"7 f\u00e9vrier 2018","publisher_availability_label":"Sur commande","short_details":"Adrien Albert, Chris Donner \u2014 L'\u00c9cole des loisirs","translator":null,"weight":136,"page_count":128,"readership":"9\/12 ans","editor":"L'\u00c9cole des loisirs","price":650,"published_date":"2018-02-06T23:00:00.000000Z","support":"Poche","publisher_availability":1,"stock":0,"editions":[],"url":"https:\/\/quaidesbrumes.com\/ouvrage\/9782211235693\/tempete-au-haras"},{"id":"9782215164739","title":"Les animaux de la mer","description":"Les animaux marins sont de magnifiques animaux. Gr\u00e2ce \u00e0 ce documentaire tr\u00e8s illustr\u00e9, apprends \u00e0 conna\u00eetre les animaux du monde sous-marins : les dauphins, les crustac\u00e9s, les baleines, les requins...\r\nAu d\u00e9but du livre, d\u00e9couvre des images \u00e0 d\u00e9couper pour apprendre en t'amusant !\r","authors":["Emilie Beaumont","Marie-Christine Lemayeur","Bernard Alunni"],"category_codes":["2000000","2070000","2070300"],"visuals":{"large":"https:\/\/images.epagine.fr\/739\/9782215164739_1_75.jpg","medium":"https:\/\/images.epagine.fr\/739\/9782215164739_1_m.jpg","thumbnail":"https:\/\/images.epagine.fr\/739\/9782215164739_1_v.jpg"},"orderable":true,"show_badge":true,"formatted_price":"8,95&nbsp;\u20ac","formatted_published_date":"13 mars 2020","publisher_availability_label":"Sur commande","short_details":"Emilie Beaumont, Marie-Christine Lemayeur, Bernard Alunni \u2014 Fleurus","translator":null,"weight":428,"page_count":32,"readership":null,"editor":"Fleurus","price":895,"published_date":"2020-03-12T23:00:00.000000Z","support":"Grand format","publisher_availability":1,"stock":0,"editions":[],"url":"https:\/\/quaidesbrumes.com\/ouvrage\/9782215164739\/les-animaux-de-la-mer"},{"id":"9782215188377","title":"Femmes c\u00e9l\u00e8bres","description":"De nombreuses femmes ont fait l'Histoire. Gr\u00e2ce \u00e0 ce documentaire tr\u00e8s illustr\u00e9, l'enfant d\u00e9couvrira ces femmes devenues c\u00e9l\u00e8bres : des souveraines aux militantes, des sportives aux artistes, des scientifiques aux exploratrices...\r\n\u00c0 la fin du livre, des images \u00e0 d\u00e9couper pour apprendre en s'amusant !\r","authors":["Cathy Franco","Benjamin Carr\u00e9"],"category_codes":["2000000","2070000","2070400"],"visuals":{"large":"https:\/\/images.epagine.fr\/377\/9782215188377_1_75.jpg","medium":"https:\/\/images.epagine.fr\/377\/9782215188377_1_m.jpg","thumbnail":"https:\/\/images.epagine.fr\/377\/9782215188377_1_v.jpg"},"orderable":true,"show_badge":true,"formatted_price":"8,95&nbsp;\u20ac","formatted_published_date":"23 ao\u00fbt 2024","publisher_availability_label":"Sur commande","short_details":"Cathy Franco, Benjamin Carr\u00e9 \u2014 Fleurus","translator":null,"weight":356,"page_count":32,"readership":null,"editor":"Fleurus","price":895,"published_date":"2024-08-22T22:00:00.000000Z","support":"Grand format","publisher_availability":1,"stock":0,"editions":[],"url":"https:\/\/quaidesbrumes.com\/ouvrage\/9782215188377\/femmes-celebres"},{"id":"9782215198567","title":"L'apprentie de Merlin : Le dragon et l'\u00e9p\u00e9e","description":"\u00ab Tout mythe a un commencement. Voici le d\u00e9but de la plus c\u00e9l\u00e8bre qu\u00eate, celle d'Arthur Pendragon. \u00bb\r\n\r\nAna, la voleuse, d\u00e9trousse les passants pour survivre. Mais, aujourd'hui, elle s'est attaqu\u00e9e \u00e0 plus malin qu'elle, et c'est tout son destin qui bascule en un instant. Car le myst\u00e9rieux voyageur n'est autre que le l\u00e9gendaire Merlin. Et justement, l'enchanteur cherche une apprentie. La vie est dure sous la loi du mage, pourtant Ana tient bon, car elle conna\u00eet l'importance de sa mission : une fois initi\u00e9e \u00e0 l'art de l'\u00e9crit et des runes magiques, elle devra aider Merlin \u00e0 donner un nouveau roi \u00e0 la Bretagne. Mais en ces temps de chaos o\u00f9 les arm\u00e9es s'affrontent, quel seigneur de la guerre est digne de brandir Excalibur ? F\u00e9es et dragons sont les pi\u00e8ces d'un jeu de pouvoir dont Merlin lui-m\u00eame ne conna\u00eet pas tous les enjeux. Ana pourrait bien en \u00eatre l'atout ma\u00eetre, celle qui est destin\u00e9e \u00e0 changer les r\u00e8gles.\r\n\r\n\r","authors":["Fabien Clavel"],"category_codes":["2000000","2050000","2050200","2050204"],"visuals":{"large":"https:\/\/images.epagine.fr\/567\/9782215198567_1_75.jpg","medium":"https:\/\/images.epagine.fr\/567\/9782215198567_1_m.jpg","thumbnail":"https:\/\/images.epagine.fr\/567\/9782215198567_1_v.jpg"},"orderable":true,"show_badge":true,"formatted_price":"17,95&nbsp;\u20ac","formatted_published_date":"26 septembre 2025","publisher_availability_label":"Sur commande","short_details":"Fabien Clavel \u2014 Fleurus","translator":null,"weight":392,"page_count":320,"readership":"\u00e0 partir de 12 ANS","editor":"Fleurus","price":1795,"published_date":"2025-09-25T22:00:00.000000Z","support":"Grand format","publisher_availability":1,"stock":0,"editions":[],"url":"https:\/\/quaidesbrumes.com\/ouvrage\/9782215198567\/lapprentie-de-merlin-le-dragon-et-lepee"},{"id":"9782362667022","title":"Le zizi des mots : l'int\u00e9grale","description":"Dans cet imagier \u00e9tonnant, \u00c9lisabeth Brami d\u00e9nonce le sexisme de la langue fran\u00e7aise, tellement sournois que tout le monde en est dupe. Portier\/porti\u00e8re, chevalier\/chevali\u00e8re, mandarin\/mandarine... Le masculin d\u00e9signe une personne, le f\u00e9minin nomme un objet !\r\n40 exemples illustr\u00e9s, autant de preuves accablantes mais dr\u00f4latiques que dans notre langue beaucoup de mots riment avec machos.\r","authors":["Elisabeth Brami","Fred L."],"category_codes":["2000000","2030000","2030400"],"visuals":{"large":"https:\/\/images.epagine.fr\/022\/9782362667022_1_75.jpg","medium":"https:\/\/images.epagine.fr\/022\/9782362667022_1_m.jpg","thumbnail":"https:\/\/images.epagine.fr\/022\/9782362667022_1_v.jpg"},"orderable":true,"show_badge":false,"formatted_price":"17,50&nbsp;\u20ac","formatted_published_date":"18 octobre 2024","publisher_availability_label":"Sur commande","short_details":"Elisabeth Brami, Fred L. \u2014 \u00c9ditions Talents Hauts","translator":null,"weight":436,"page_count":72,"readership":"3\/6 ans","editor":"\u00c9ditions Talents Hauts","price":1750,"published_date":"2024-10-17T22:00:00.000000Z","support":"Grand format","publisher_availability":1,"stock":1,"editions":[],"url":"https:\/\/quaidesbrumes.com\/ouvrage\/9782362667022\/le-zizi-des-mots-lintegrale"},{"id":"9782211311052","title":"Ma vie avec les chimpanz\u00e9s","description":"Depuis l'enfance, Jane Goodall ne d\u00e9sire qu'une chose : comprendre les animaux. Mais elle devient secr\u00e9taire et elle encha\u00eene les petits boulots \u00e0 Londres. La jeune fille les consid\u00e8re comme une \u00e9tape. La chance se pr\u00e9sentera un mercredi matin sous la forme d'une lettre d'une ancienne camarade de classe l'invitant \u00e0 passer des vacances au Kenya. Sur place, un anthropologue et pal\u00e9ontologue a besoin d'une secr\u00e9taire. En v\u00e9rit\u00e9, il est tr\u00e8s impressionn\u00e9 par les vastes connaissances de la jeune fille sur la faune et la flore africaines. C'est ainsi qu'a commenc\u00e9 l'histoire de Jane Goodall. Elle raconte dans ce livre son parcours depuis Bournemouth jusqu'\u00e0 la r\u00e9serve de Gombe et sa rencontre avec les chimpanz\u00e9s.","authors":["Jane Goodall","Florence Seyvos","Isabelle Simler"],"category_codes":["2000000","2050000","2050200"],"visuals":{"large":"https:\/\/images.epagine.fr\/052\/9782211311052_1_75.jpg","medium":"https:\/\/images.epagine.fr\/052\/9782211311052_1_m.jpg","thumbnail":"https:\/\/images.epagine.fr\/052\/9782211311052_1_v.jpg"},"orderable":true,"show_badge":true,"formatted_price":"8,50&nbsp;\u20ac","formatted_published_date":"23 juin 2021","publisher_availability_label":"Sur commande","short_details":"Jane Goodall, Florence Seyvos, Isabelle Simler \u2014 L'\u00c9cole des loisirs","translator":null,"weight":190,"page_count":192,"readership":"\u00e0 partir de 13 ANS","editor":"L'\u00c9cole des loisirs","price":850,"published_date":"2021-06-22T22:00:00.000000Z","support":"Poche","publisher_availability":1,"stock":0,"editions":[],"url":"https:\/\/quaidesbrumes.com\/ouvrage\/9782211311052\/ma-vie-avec-les-chimpanzes"},{"id":"9782358801782","title":"Le grand livre des mus\u00e9es","description":"De Paris \u00e0 P\u00e9kin, de Rome \u00e0 Amsterdam, de Marseille \u00e0 Mexico, partez \u00e0 la d\u00e9couverte de 12 mus\u00e9es extraordinaires. Vous serez accompagn\u00e9s dans votre visite par les meilleurs des guides : conservateurs, architectes, gardiens, artistes... mais aussi quelques h\u00f4tes plus inattendus.\r\nFocus sur des chefs-d'oeuvre, portraits d'employ\u00e9s aux m\u00e9tiers passionnants, conseils de visite : les mus\u00e9es ne vous auront jamais sembl\u00e9 aussi vivants.\r\nAssistez \u00e0 un combat de dinosaures au Mus\u00e9um d'histoire naturelle de New York ? Se glisser dans les galeries des mus\u00e9es du Vatican en compagnie du gardien aux 2797 cl\u00e9s ? Oui, et bien d'autres exp\u00e9riences \u00e0 d\u00e9couvrir... Un documentaire XXL de l'autrice sp\u00e9cialis\u00e9e \u00c9va Bensard et 100% illustr\u00e9 par les images fourmillantes de Benjamin Chaud.","authors":["Benjamin Chaud","Eva Bensard"],"category_codes":["2000000","2070000","2070800"],"visuals":{"large":"https:\/\/images.epagine.fr\/782\/9782358801782_1_75.jpg","medium":"https:\/\/images.epagine.fr\/782\/9782358801782_1_m.jpg","thumbnail":"https:\/\/images.epagine.fr\/782\/9782358801782_1_v.jpg"},"orderable":true,"show_badge":true,"formatted_price":"20,00&nbsp;\u20ac","formatted_published_date":"6 octobre 2023","publisher_availability_label":"Sur commande","short_details":"Benjamin Chaud, Eva Bensard \u2014 \u00c9ditions Arola","translator":null,"weight":934,"page_count":60,"readership":"\u00e0 partir de 8 ANS","editor":"\u00c9ditions Arola","price":2000,"published_date":"2023-10-05T22:00:00.000000Z","support":"Grand format","publisher_availability":1,"stock":0,"editions":[],"url":"https:\/\/quaidesbrumes.com\/ouvrage\/9782358801782\/le-grand-livre-des-musees"},{"id":"9791036377525","title":"La v\u00e9ritable histoire de Bartholom\u00e9, le petit b\u00e2tisseur de cath\u00e9drales","description":"En France, au Moyen \u00c2ge, Bartholom\u00e9 a 11 ans. Il quitte la campagne pour travailler \u00e0 la ville et trouve une place... sur le chantier d'une cath\u00e9drale ! L\u00e0, dans le bruit et la poussi\u00e8re, il observe tous les corps de m\u00e9tiers, les ouvriers, les artisans et d\u00e9couvre cet incroyable \u00e9difice s'\u00e9lever vers le ciel !\r\nRosaces, gargouilles et techniques de constructions m\u00e9di\u00e9vales... l'apprenti tailleur de pierre parviendra-t-il \u00e0 se faire une place sur un des plus grands chantiers du XIIIe si\u00e8cle ?\r\nUn roman pour mieux conna\u00eetre le Moyen \u00c2ge et l'histoire des cath\u00e9drales, avec un dossier compl\u00e9mentaire sur Notre Dame de Paris, de sa construction \u00e0 sa r\u00e9ouverture, en 2024.","authors":["R\u00e9mi Chaurand","Estelle Vidard","Cyrille Meyer","Glen Chapron","Jean-Beno\u00eet H\u00e9ron"],"category_codes":["2000000","2070000","2070400"],"visuals":{"large":"https:\/\/images.epagine.fr\/525\/9791036377525_1_75.jpg","medium":"https:\/\/images.epagine.fr\/525\/9791036377525_1_m.jpg","thumbnail":"https:\/\/images.epagine.fr\/525\/9791036377525_1_v.jpg"},"orderable":true,"show_badge":true,"formatted_price":"7,20&nbsp;\u20ac","formatted_published_date":"2 octobre 2024","publisher_availability_label":"Sur commande","short_details":"R\u00e9mi Chaurand, Estelle Vidard, Cyrille Meyer, Glen Chapron, Jean-Beno\u00eet H\u00e9ron \u2014 Bayard Jeunesse","translator":null,"weight":138,"page_count":56,"readership":"\u00e0 partir de 8 ANS","editor":"Bayard Jeunesse","price":720,"published_date":"2024-10-01T22:00:00.000000Z","support":"Grand format","publisher_availability":1,"stock":0,"editions":[],"url":"https:\/\/quaidesbrumes.com\/ouvrage\/9791036377525\/la-veritable-histoire-de-bartholome-le-petit-batisseur-de-cathedrales"},{"id":"9782386142239","title":"Je suis n\u00e9 en 2016. Et quelle ann\u00e9e !","description":"Cette ann\u00e9e est tr\u00e8s importante... c'est celle de ta naissance ! Gr\u00e2ce \u00e0 cette nouvelle collection, d\u00e9couvre les \u00e9v\u00e9nements, personnages, comm\u00e9morations et infos insolites qui ont marqu\u00e9 ces 12 mois en France et dans le monde. Qu'il s'agisse de pop culture, de sciences, de sport, d'environnement ou de nouvelles technologies... tu sauras tout sur l'ann\u00e9e de ta venue au monde !\r","authors":["Bruno Wennagel"],"category_codes":["2000000","2070000","2070400"],"visuals":{"large":"https:\/\/images.epagine.fr\/239\/9782386142239_1_75.jpg","medium":"https:\/\/images.epagine.fr\/239\/9782386142239_1_m.jpg","thumbnail":"https:\/\/images.epagine.fr\/239\/9782386142239_1_v.jpg"},"orderable":true,"show_badge":true,"formatted_price":"5,00&nbsp;\u20ac","formatted_published_date":"5 novembre 2025","publisher_availability_label":"Sur commande","short_details":"Bruno Wennagel \u2014 Quelle Histoire","translator":null,"weight":90,"page_count":40,"readership":"Tout public","editor":"Quelle Histoire","price":500,"published_date":"2025-11-04T23:00:00.000000Z","support":"Grand format","publisher_availability":1,"stock":0,"editions":[],"url":"https:\/\/quaidesbrumes.com\/ouvrage\/9782386142239\/je-suis-ne-en-2016-et-quelle-annee"},{"id":"9791039560085","title":"Les influenceuses Tome 7 : Un No\u00ebl de r\u00eave","description":"Le No\u00ebl des #4MIES \u00e0 Paris !\r\nNous, c'est les 4MIES, avec notre cha\u00eene, on n'a jamais le temps de s'ennuyer.\r\nAu programme, un nouveau d\u00e9fi : r\u00e9aliser 8 vid\u00e9os sur le th\u00e8me de No\u00ebl \u00e0 Paris !\r\n\u00c7a tombe tombe \u00e0 pic : on a besoin de se changer les id\u00e9es...\r\nEntre les parents de Suka qui vont peut-\u00eatre divorcer, Sacha qui encha\u00eene les petits boulots, la maman de Charlie qui travaille trop et Louise qui doit rester avec Mimi, sa mamie maladroite, on en a plein les baskets. \r\nEn plus, on a d\u00e9couvert que notre camarade Lyam n'avait plus d'endroit o\u00f9 vivre...\r\nMais tout le monde le sait : \u00e0 No\u00ebl, tous les r\u00eaves se r\u00e9alisent !","authors":["Anouk Filippini","Nina Filippini","Lorena Calderon"],"category_codes":["2000000","2040000","2040300"],"visuals":{"large":"https:\/\/images.epagine.fr\/085\/9791039560085_1_75.jpg","medium":"https:\/\/images.epagine.fr\/085\/9791039560085_1_m.jpg","thumbnail":"https:\/\/images.epagine.fr\/085\/9791039560085_1_v.jpg"},"orderable":true,"show_badge":true,"formatted_price":"12,95&nbsp;\u20ac","formatted_published_date":"9 octobre 2025","publisher_availability_label":"Sur commande","short_details":"Anouk Filippini, Nina Filippini, Lorena Calderon \u2014 Auzou","translator":null,"weight":448,"page_count":286,"readership":"\u00e0 partir de 9 ANS","editor":"Auzou","price":1295,"published_date":"2025-10-08T22:00:00.000000Z","support":"Grand format","publisher_availability":1,"stock":0,"editions":[],"url":"https:\/\/quaidesbrumes.com\/ouvrage\/9791039560085\/les-influenceuses-tome-7-un-noel-de-reve"},{"id":"9782095042950","title":"Le probl\u00e8me avec le grand m\u00e9chant loup","description":"L'histoire d'un loup trop turbulent qui va transformer sa r\u00e9putation de m\u00e9chant en talent artistique dans ce r\u00e9cit loufoque qui fait rire petits et grands !\r\nR\u00e9union de crise pour les monstres de la plan\u00e8te :\r\nle grand m\u00e9chant loup leur cause d\u00e9cid\u00e9ment trop de tort avec ses incartades, il faut vite s'en d\u00e9barrasser pour pouvoir continuer \u00e0 vivre sa vie de monstre en paix. Expuls\u00e9 au P\u00f4le Nord, le grand m\u00e9chant loup se d\u00e9couvre une passion pour le patinage artistique, mais les ennuis vont vite revenir...\r\n\r\nCette histoire rocambolesque, magnifiquement illustr\u00e9e par Emilie Sandoval, revisite avec humour les codes du conte traditionnel.\r\nUn album qui m\u00eale habilement humour et messages sur l'acceptation de soi et la reconversion professionnelle...m\u00eame pour les m\u00e9chants !","authors":["Agn\u00e8s Debacker","Emilie Sandoval"],"category_codes":["2000000","2030000","2030400"],"visuals":{"large":"https:\/\/images.epagine.fr\/950\/9782095042950_1_75.jpg","medium":"https:\/\/images.epagine.fr\/950\/9782095042950_1_m.jpg","thumbnail":"https:\/\/images.epagine.fr\/950\/9782095042950_1_v.jpg"},"orderable":true,"show_badge":true,"formatted_price":"7,90&nbsp;\u20ac","formatted_published_date":"7 mai 2025","publisher_availability_label":"Sur commande","short_details":"Agn\u00e8s Debacker, Emilie Sandoval \u2014 Nathan","translator":null,"weight":176,"page_count":64,"readership":"\u00e0 partir de 6 ANS","editor":"Nathan","price":790,"published_date":"2025-05-06T22:00:00.000000Z","support":"Grand format","publisher_availability":1,"stock":0,"editions":[],"url":"https:\/\/quaidesbrumes.com\/ouvrage\/9782095042950\/le-probleme-avec-le-grand-mechant-loup"},{"id":"9782070661756","title":"Le tracteur","description":"\u00c9t\u00e9 comme hiver, on le voit travailler dans les champs. Il est puissant. \u00c0 la ferme, il peut tout faire : tirer de lourdes charrues, soulever des tonnes de paille... Bienvenue \u00e0 bord du tracteur !","authors":["Collectif"],"category_codes":["2000000","2070000","2070500"],"visuals":{"large":"https:\/\/images.epagine.fr\/756\/9782070661756_1_75.jpg","medium":"https:\/\/images.epagine.fr\/756\/9782070661756_1_m.jpg","thumbnail":"https:\/\/images.epagine.fr\/756\/9782070661756_1_v.jpg"},"orderable":true,"show_badge":true,"formatted_price":"9,90&nbsp;\u20ac","formatted_published_date":"10 mars 2016","publisher_availability_label":"Sur commande","short_details":"Collectif \u2014 Gallimard Jeunesse","translator":null,"weight":314,"page_count":24,"readership":null,"editor":"Gallimard Jeunesse","price":990,"published_date":"2016-03-09T23:00:00.000000Z","support":"Grand format","publisher_availability":1,"stock":0,"editions":["9782215198321"],"url":"https:\/\/quaidesbrumes.com\/ouvrage\/9782070661756\/le-tracteur"},{"id":"9782017881209","title":"Twilight Tome 5 : Midnight Sun","description":"\u00ab Je croisai son regard p\u00e9n\u00e9trant, surpris, compassionnel et, tout \u00e0 coup, l'absence de sommeil se rappela cruellement \u00e0 moi. J'aurais tant voulu dormir, non pas pour m'abandonner \u00e0 l'amn\u00e9sie ou \u00e9chapper \u00e0 l'ennui, mais pour r\u00eaver. Si je parvenais \u00e0 l'\u00e9tat d'inconscience, j'acc\u00e9derais peut-\u00eatre pendant quelques heures \u00e0 un monde onirique o\u00f9 elle et moi pourrions \u00eatre ensemble. Elle r\u00eavait de moi. J'aspirais \u00e0 r\u00eaver d'elle. Elle me d\u00e9visageait avec une intensit\u00e9 si inquisitrice que je me d\u00e9tournai. Je n'\u00e9tais pas en mesure de r\u00eaver d'elle. Elle n'aurait pas d\u00fb r\u00eaver de moi. \u00bb","authors":["Stephenie Meyer","Luc Rigoureau"],"category_codes":["2000000","2050000","2050200","2050203"],"visuals":{"large":"https:\/\/images.epagine.fr\/209\/9782017881209_1_75.jpg","medium":"https:\/\/images.epagine.fr\/209\/9782017881209_1_m.jpg","thumbnail":"https:\/\/images.epagine.fr\/209\/9782017881209_1_v.jpg"},"orderable":true,"show_badge":true,"formatted_price":"11,90&nbsp;\u20ac","formatted_published_date":"25 mai 2022","publisher_availability_label":"Sur commande","short_details":"Stephenie Meyer, Luc Rigoureau \u2014 Le Livre de Poche Jeunesse","translator":"LUC RIGOUREAU","weight":580,"page_count":960,"readership":"\u00e0 partir de 13 ANS","editor":"Le Livre de Poche Jeunesse","price":1190,"published_date":"2022-05-24T22:00:00.000000Z","support":"Poche","publisher_availability":1,"stock":0,"editions":[],"url":"https:\/\/quaidesbrumes.com\/ouvrage\/9782017881209\/twilight-tome-5-midnight-sun"},{"id":"9782408047481","title":"La France","description":"Une imagerie pour d\u00e9couvrir la France sous tous les angles !\r\n\r\nC'est quoi, la France ?\r\nUn chapitre pour apprendre \u00e0 situer la France en Europe et dans le monde ; d\u00e9couvrir sa population et sa langue ; comprendre les symboles de la nation, les droits et les devoirs, l'organisation politique, les \u00e9lections, le gouvernement ; mais aussi explorer les richesses touristiques, les savoir-faire, la culture, la gastronomie...\r\n\r\nLa France du nord au sud \r\nDans ce chapitre, on pr\u00e9sente les diff\u00e9rentes r\u00e9gions de France m\u00e9tropolitaine et l'outre-mer : au nord de la Loire, le Nord-Ouest et le Nord-Est ; au sud de la Loire, le Sud-Est et le Sud-Ouest ; Outre-Mer : la Guadeloupe, la Martinique, la Guyane, la R\u00e9union et Mayotte, la Nouvelle-Cal\u00e9donie et la Polyn\u00e9sie fran\u00e7aise,les Terres australes et antarctiques. \r\n \r\nLes villes \r\nDans ce chapitre, on pr\u00e9sente la capitale de la France et ses principaux monuments. Mais aussi les deux autres plus grandes villes de France : Marseille et Lyon, ainsi que plusieurs villes moyennes du nord et du sud de la France avec leurs principaux centres d'int\u00e9r\u00eat. \r\n\r\nQuelques pages de l'histoire de France\r\nEn se plongeant dans de grandes sc\u00e8nes vivantes, l'enfant parcourt quelques moments forts de l'histoire de France. Il d\u00e9couvre \u00e0 quoi ressemblait un village au temps de la Gaule romaine ; il observe la vie dans un ch\u00e2teau fort au Moyen \u00c2ge ; il est t\u00e9moin d'une sc\u00e8ne de vie \u00e0 la cour du roi Louis XIV, le Roi-Soleil ; il vit les principaux moments de la R\u00e9volution ; il d\u00e9couvre la vie dans une tranch\u00e9e pendant la Premi\u00e8re Guerre mondiale ; enfin, il compare la vie en France au temps de ses grands-parents et aujourd'hui. \r\n\r\nDes pages rep\u00e8res\r\nDans les pages rep\u00e8res situ\u00e9es \u00e0 la fin de l'ouvrage, l'enfant peut compl\u00e9ter ses connaissances : il y trouve le d\u00e9coupage g\u00e9ographique en R\u00e9gions et d\u00e9partements, une petite chronologie de l'histoire de France, une galerie de personnages c\u00e9l\u00e8bres et enfin un p\u00eale-m\u00eale de souvenirs, objets et gourmandises embl\u00e9matiques de la France. \r\n\r\nUn livre \u00e0 hauteur d'enfant\r\nLes illustrations simples et dynamiques, en grande sc\u00e8ne ou en vignettes, invitent l'enfant \u00e0 explorer l'image pour y rep\u00e9rer chaque fois de nouveaux d\u00e9tails et de nouvelles informations. Sur chaque double page, la question pos\u00e9e dans le bandeau, en lien avec la th\u00e9matique principale, interpelle la curiosit\u00e9 de l'enfant : D'o\u00f9 vient le drapeau fran\u00e7ais ? C'est quoi, l'\u00eele de Beaut\u00e9 ? O\u00f9 parle-t-on cr\u00e9ole ? Qui \u00e9tait Vercing\u00e9torix ?... La question, trait\u00e9e avec humour et dynamisme en trois vignettes et trois courts paragraphes, fait le lien avec l'univers de l'enfant. Un vrai bonus p\u00e9dagogique ! \u00c0 la fin de chaque chapitre, une double page d'auto\u00e9valuation permet de valoriser l'analyse et l'apprentissage de l'enfant.","authors":["Collectif"],"category_codes":["2000000","2070000","2070600"],"visuals":{"large":"https:\/\/images.epagine.fr\/481\/9782408047481_1_75.jpg","medium":"https:\/\/images.epagine.fr\/481\/9782408047481_1_m.jpg","thumbnail":"https:\/\/images.epagine.fr\/481\/9782408047481_1_v.jpg"},"orderable":true,"show_badge":true,"formatted_price":"12,90&nbsp;\u20ac","formatted_published_date":"5 juillet 2023","publisher_availability_label":"Sur commande","short_details":"Collectif \u2014 Milan","translator":null,"weight":634,"page_count":96,"readership":"\u00e0 partir de 4 ANS","editor":"Milan","price":1290,"published_date":"2023-07-04T22:00:00.000000Z","support":"Grand format","publisher_availability":1,"stock":0,"editions":["9782215176336","9782361681166","9782093016182","9782842592325","9782842599270"],"url":"https:\/\/quaidesbrumes.com\/ouvrage\/9782408047481\/la-france"},{"id":"9782016265932","title":"Pok\u00e9mon - Soleil et Lune Tome 1 : aventures \u00e0 Alola","description":"Une nouvelle aventure commence pour Sacha et son fid\u00e8le Pikachu ! Les voil\u00e0 en vacances \u00e0 Alola, un archipel paradisiaque. Ils y rencontrent de nouveaux Pok\u00e9mon \u00e0 chaque coin de rue... Mais le plus fou, c'est le lieu fantastique que d\u00e9couvre le Dresseur : l'\u00c9cole Pok\u00e9mon !","authors":["Collectif"],"category_codes":["2000000","2040000","2040200"],"visuals":{"large":"https:\/\/images.epagine.fr\/932\/9782016265932_1_75.jpg","medium":"https:\/\/images.epagine.fr\/932\/9782016265932_1_m.jpg","thumbnail":"https:\/\/images.epagine.fr\/932\/9782016265932_1_v.jpg"},"orderable":true,"show_badge":true,"formatted_price":"5,90&nbsp;\u20ac","formatted_published_date":"20 septembre 2017","publisher_availability_label":"Sur commande","short_details":"Collectif \u2014 Hachette Jeunesse","translator":null,"weight":106,"page_count":64,"readership":"\u00e0 partir de 6 ANS","editor":"Hachette Jeunesse","price":590,"published_date":"2017-09-19T22:00:00.000000Z","support":"Poche","publisher_availability":1,"stock":0,"editions":[],"url":"https:\/\/quaidesbrumes.com\/ouvrage\/9782016265932\/pokemon-soleil-et-lune-tome-1-aventures-a-alola"},{"id":"9782747083867","title":"L'\u00e9pouvanteur Tome 6 : le sacrifice de l'Epouvanteur","description":"Tom Ward, apprenti \u00e9pouvanteur, est cens\u00e9 prot\u00e9ger le comt\u00e9 face \u00e0 la mont\u00e9e en puissance de l'Obscur. Or sa m\u00e8re a besoin de lui en Gr\u00e8ce, le pays o\u00f9 elle est n\u00e9e. L'Ordinn, une redoutable cr\u00e9ature, est sur le point de resurgir. Si elle r\u00e9ussit \u00e0 sortir des profondeurs de la terre, elle ravagera la Gr\u00e8ce, entra\u00eenant massacres et destructions. De retour au comt\u00e9, la m\u00e8re de Tom monte donc une exp\u00e9dition. Elle engage des sorci\u00e8res de Pendle - dont la terrible Grimalkin -, ainsi qu'Alice et l'\u00e9pouvanteur Bill Arkwright. Seul John Gregory refuse d'y participer. Changera-t-il d'avis ? Quels sacrifices Tom devra-t-il consentir dans cette bataille sans merci contre l'Ordinn, la principale servante du Malin ?","authors":["Joseph Delaney","Marie-H\u00e9l\u00e8ne Delval"],"category_codes":["2000000","2050000","2050200","2050204"],"visuals":{"large":"https:\/\/images.epagine.fr\/867\/9782747083867_1_75.jpg","medium":"https:\/\/images.epagine.fr\/867\/9782747083867_1_m.jpg","thumbnail":"https:\/\/images.epagine.fr\/867\/9782747083867_1_v.jpg"},"orderable":true,"show_badge":true,"formatted_price":"8,30&nbsp;\u20ac","formatted_published_date":"3 avril 2019","publisher_availability_label":"Sur commande","short_details":"Joseph Delaney, Marie-H\u00e9l\u00e8ne Delval \u2014 Bayard Jeunesse","translator":"MARIE-HELENE DELVAL","weight":315,"page_count":336,"readership":"\u00e0 partir de 12 ANS","editor":"Bayard Jeunesse","price":830,"published_date":"2019-04-02T22:00:00.000000Z","support":"Poche","publisher_availability":1,"stock":0,"editions":[],"url":"https:\/\/quaidesbrumes.com\/ouvrage\/9782747083867\/lepouvanteur-tome-6-le-sacrifice-de-lepouvanteur"},{"id":"9782013982429","title":"Mini-Loup policier","description":"Catastrophe ! Rapha\u00eblle, la soeur de Mini-Pic a disparu lors d'une balade en for\u00eat. Est-elle perdue ? Les fr\u00e8res Grognard y seraient-ils pour quelque chose ? Vous savez, les marcassins ! Ils aiment ramasser des ch\u00e2taignes dans la for\u00eat avant l'hiver.  \r\nMini-Loup policier se lance \u00e0 la recherche de Rapha\u00eblle, accompagn\u00e9 de son amie Louna. Arriveront-ils \u00e0 la retrouver ? L'enqu\u00eate commence !","authors":["Philippe Matter"],"category_codes":["2000000","2030000","2030400"],"visuals":{"large":"https:\/\/images.epagine.fr\/429\/9782013982429_1_75.jpg","medium":"https:\/\/images.epagine.fr\/429\/9782013982429_1_m.jpg","thumbnail":"https:\/\/images.epagine.fr\/429\/9782013982429_1_v.jpg"},"orderable":true,"show_badge":true,"formatted_price":"6,95&nbsp;\u20ac","formatted_published_date":"9 septembre 2020","publisher_availability_label":"Sur commande","short_details":"Philippe Matter \u2014 Hachette Enfants","translator":null,"weight":260,"page_count":32,"readership":"\u00e0 partir de 3 ANS","editor":"Hachette Enfants","price":695,"published_date":"2020-09-08T22:00:00.000000Z","support":"Grand format","publisher_availability":1,"stock":0,"editions":["9782017167433"],"url":"https:\/\/quaidesbrumes.com\/ouvrage\/9782013982429\/mini-loup-policier"},{"id":"9782017167211","title":"Mini-Loup viking","description":"Une histoire in\u00e9dite de notre petit loup tout fou  !\r\n  \r\nLes trolls ont attaqu\u00e9 le village de Mini-Loup et enlev\u00e9 tout le monde pendant son absence. Heureusement, Mini-Loup poss\u00e8de le meilleur des alli\u00e9s  : le dieu Thor... qui a plus d'un tour dans son sac pour punir les malfaiteurs.","authors":["Philippe Matter"],"category_codes":["2000000","2030000","2030400"],"visuals":{"large":"https:\/\/images.epagine.fr\/211\/9782017167211_1_75.jpg","medium":"https:\/\/images.epagine.fr\/211\/9782017167211_1_m.jpg","thumbnail":"https:\/\/images.epagine.fr\/211\/9782017167211_1_v.jpg"},"orderable":true,"show_badge":true,"formatted_price":"6,95&nbsp;\u20ac","formatted_published_date":"14 septembre 2022","publisher_availability_label":"Sur commande","short_details":"Philippe Matter \u2014 Hachette Enfants","translator":null,"weight":260,"page_count":32,"readership":"\u00e0 partir de 3 ANS","editor":"Hachette Enfants","price":695,"published_date":"2022-09-13T22:00:00.000000Z","support":"Grand format","publisher_availability":1,"stock":0,"editions":[],"url":"https:\/\/quaidesbrumes.com\/ouvrage\/9782017167211\/mini-loup-viking"},{"id":"9782211236249","title":"Dans le nez de la sorci\u00e8re","description":"C'est la premi\u00e8re journ\u00e9e \u00e0 l'\u00e9cole pour Petite Mouche. Ma\u00eetre Mouche enseigne \u00e0 ses petites mouches \u00e0 reconna\u00eetre ce qui est beau pour elles, les odeurs d\u00e9licieuses des bouses de vaches...et c'est alors que Petite Mouche confond le nez d'une vache avec celui d'une sorci\u00e8re ! Elle d\u00e9couvre un endroit magique, qui sent le vieux fromage, o\u00f9 l'on croise de fabuleuses cr\u00e9atures...","authors":["Michel Van Zeveren"],"category_codes":["2000000","2030000","2030400"],"visuals":{"large":"https:\/\/images.epagine.fr\/249\/9782211236249_1_75.jpg","medium":"https:\/\/images.epagine.fr\/249\/9782211236249_1_m.jpg","thumbnail":"https:\/\/images.epagine.fr\/249\/9782211236249_1_v.jpg"},"orderable":true,"show_badge":true,"formatted_price":"13,00&nbsp;\u20ac","formatted_published_date":"9 octobre 2024","publisher_availability_label":"Sur commande","short_details":"Michel Van Zeveren \u2014 L'\u00c9cole des loisirs","translator":null,"weight":324,"page_count":48,"readership":"3\/6 ans","editor":"L'\u00c9cole des loisirs","price":1300,"published_date":"2024-10-08T22:00:00.000000Z","support":"Grand format","publisher_availability":1,"stock":0,"editions":[],"url":"https:\/\/quaidesbrumes.com\/ouvrage\/9782211236249\/dans-le-nez-de-la-sorciere"}]}