{"data":[{"id":"9782075175043","title":"Dormir","description":"Depuis l'histoire du soir, rassurante, les pipis de nuit, les cauchemars et les r\u00eaves, la peur du noir jusqu'au petit d\u00e9jeuner, dormir est une grande aventure qu'il faut parfois accompagner.","authors":["Catherine Dolto","Colline Faure-poir\u00e9e","Robin"],"category_codes":["2000000","2070000","2070700"],"visuals":{"large":"https:\/\/images.epagine.fr\/043\/9782075175043_1_75.jpg","medium":"https:\/\/images.epagine.fr\/043\/9782075175043_1_m.jpg","thumbnail":"https:\/\/images.epagine.fr\/043\/9782075175043_1_v.jpg"},"orderable":true,"show_badge":true,"formatted_price":"6,90&nbsp;\u20ac","formatted_published_date":"20 octobre 2022","publisher_availability_label":"Sur commande","short_details":"Catherine Dolto, Colline Faure-poir\u00e9e, Robin \u2014 Gallimard Jeunesse-Giboul\u00e9es","translator":null,"weight":190,"page_count":32,"readership":"\u00e0 partir de 3 ANS","editor":"Gallimard Jeunesse-Giboul\u00e9es","price":690,"published_date":"2022-10-19T22:00:00.000000Z","support":"Grand format","publisher_availability":1,"stock":0,"editions":[],"url":"https:\/\/quaidesbrumes.com\/ouvrage\/9782075175043\/dormir"},{"id":"9791040807452","title":"Presque Viking","description":"\u00c0 l'\u00e2ge d'or des dieux nordiques, dans un village de vikings, le jeune Amod a un r\u00eave\u00a0:\u00a0devenir le MEILLEUR guerrier de tous les temps (et trinquer avec Balder, son dieu pr\u00e9f\u00e9r\u00e9). Mais voil\u00e0, Amod a un terrible secret\u00a0:\u00a0ses parents ne sont pas des guerriers. Pire, un sort mal\u00e9fique a brouill\u00e9 leur m\u00e9moire et ils se comportent comme des enfants. Amod doit veiller sur eux et mentir \u00e0 tout le monde\u00a0:\u00a0si le chef Folshtag apprenait qu'ils sont incapables de tenir une hache, ils seraient tous les trois bannis du village et les chances d'Amod d'\u00eatre un guerrier, compromises. Alors qu'une mission en drakkar se pr\u00e9pare, Amod d\u00e9couvre que sa meilleure rivale, Ragnhilde la fille du chef, accompagne l'\u00e9quipage. Pire, les parents d'Amod sont de la partie, bien malgr\u00e9 eux\u00a0! L'apprenti viking n'a pas d'autre choix que de se lancer dans l'aventure pour sauver ses parents. Une aventure qui conduira Ragnhilde et Amod jusqu'au sommet des dieux \u00e0 Asgard, chez Odin, o\u00f9 des secrets seront enfin d\u00e9voil\u00e9s...","authors":["Cyril J\u00e9gou","Gauthier Ammeux"],"category_codes":["2000000","2040000","2040500","2040507"],"visuals":{"large":"https:\/\/images.epagine.fr\/452\/9791040807452_1_75.jpg","medium":"https:\/\/images.epagine.fr\/452\/9791040807452_1_m.jpg","thumbnail":"https:\/\/images.epagine.fr\/452\/9791040807452_1_v.jpg"},"orderable":true,"show_badge":true,"formatted_price":"12,90&nbsp;\u20ac","formatted_published_date":"2 avril 2025","publisher_availability_label":"Sur commande","short_details":"Cyril J\u00e9gou, Gauthier Ammeux \u2014 Sarbacane","translator":null,"weight":284,"page_count":224,"readership":"\u00e0 partir de 9 ANS","editor":"Sarbacane","price":1290,"published_date":"2025-04-01T22:00:00.000000Z","support":"Grand format","publisher_availability":1,"stock":0,"editions":[],"url":"https:\/\/quaidesbrumes.com\/ouvrage\/9791040807452\/presque-viking"},{"id":"9782324037771","title":"Cinq petits agneaux","description":"Fais glisser les volets et retrouve les petits agneaux !\r\nAu fil des pages, tire, tourne et fais glisser les volets pour retrouver les petits agneaux dans la ferme !\r\nUn adorable album anim\u00e9 \u00e0 offrir pour \u00e9veiller les tout-petits pour P\u00e2ques.","authors":["Alex Barrow"],"category_codes":["2000000","2020000","2020500"],"visuals":{"large":"https:\/\/images.epagine.fr\/771\/9782324037771_1_75.jpg","medium":"https:\/\/images.epagine.fr\/771\/9782324037771_1_m.jpg","thumbnail":"https:\/\/images.epagine.fr\/771\/9782324037771_1_v.jpg"},"orderable":true,"show_badge":true,"formatted_price":"9,95&nbsp;\u20ac","formatted_published_date":"19 f\u00e9vrier 2026","publisher_availability_label":"Sur commande","short_details":"Alex Barrow \u2014 Gr\u00fcnd","translator":null,"weight":290,"page_count":12,"readership":"\u00e0 partir de 1 AN","editor":"Gr\u00fcnd","price":995,"published_date":"2026-02-18T23:00:00.000000Z","support":"Grand format","publisher_availability":1,"stock":0,"editions":[],"url":"https:\/\/quaidesbrumes.com\/ouvrage\/9782324037771\/cinq-petits-agneaux"},{"id":"9782215174905","title":"L'astronomie","description":"Les plan\u00e8tes du syst\u00e8me solaire, l'histoire de la d\u00e9couverte de l'espace, la vie d'une \u00e9toile, la carte des constellations... D\u00e9couvre tout ce que tu veux savoir sur l'astronomie dans ce livre-documentaire tr\u00e8s illustr\u00e9 !\r\nAu d\u00e9but du livre, d\u00e9couvre des images \u00e0 d\u00e9couper pour apprendre en t'amusant !","authors":["Sabine Boccador"],"category_codes":["2000000","2070000","2070500"],"visuals":{"large":"https:\/\/images.epagine.fr\/905\/9782215174905_1_75.jpg","medium":"https:\/\/images.epagine.fr\/905\/9782215174905_1_m.jpg","thumbnail":"https:\/\/images.epagine.fr\/905\/9782215174905_1_v.jpg"},"orderable":true,"show_badge":true,"formatted_price":"8,95&nbsp;\u20ac","formatted_published_date":"13 mars 2020","publisher_availability_label":"Sur commande","short_details":"Sabine Boccador \u2014 Fleurus","translator":null,"weight":452,"page_count":1,"readership":null,"editor":"Fleurus","price":895,"published_date":"2020-03-12T23:00:00.000000Z","support":"Grand format","publisher_availability":1,"stock":0,"editions":[],"url":"https:\/\/quaidesbrumes.com\/ouvrage\/9782215174905\/lastronomie"},{"id":"9782383828020","title":"Journal de survie pour ado","description":"Petites angoisses ou gros tracas, ce carnet est l\u00e0 pour toi !\r\n\r\nUn journal \u00e0 remplir tous les jours, dans lequel l'ado pourra retrouver un tas d'infos et de ressources pour l'aider \u00e0 survivre \u00e0 l'adolescence :\r\n- Des pages centr\u00e9es sur lui et son quotidien : qui il est, ses particularit\u00e9s, les gens qu'il aime, les choses qui le rendent heureux(se), mais aussi les choses qu'il d\u00e9teste\r\n- Des pages pour se d\u00e9fouler, noter ses petites ou grandes fiert\u00e9s, ou m\u00eame faire une bucket list\r\n- Des pages bilan pour faire le point sur sa journ\u00e9e : les choses difficiles comme les \u00e9v\u00e9nements super cools !\r\n- Des exercices d'\u00e9criture et des pages pour se d\u00e9fouler, ainsi que des conseils et infos sur la pubert\u00e9, les relations amoureuses, le cyberharc\u00e8lement...\r\n- En bonus : 2 pages de stickers !","authors":["Collectif"],"category_codes":["2000000","2080000","2080500"],"visuals":{"large":"https:\/\/images.epagine.fr\/020\/9782383828020_1_75.jpg","medium":"https:\/\/images.epagine.fr\/020\/9782383828020_1_m.jpg","thumbnail":"https:\/\/images.epagine.fr\/020\/9782383828020_1_v.jpg"},"orderable":true,"show_badge":true,"formatted_price":"0,00&nbsp;\u20ac","formatted_published_date":"13 f\u00e9vrier 2026","publisher_availability_label":"Sur commande","short_details":"Collectif \u2014 \u00c9ditions 365","translator":null,"weight":356,"page_count":216,"readership":null,"editor":"\u00c9ditions 365","price":0,"published_date":"2026-02-12T23:00:00.000000Z","support":"Papeterie \/ Coloriage","publisher_availability":1,"stock":0,"editions":[],"url":"https:\/\/quaidesbrumes.com\/ouvrage\/9782383828020\/journal-de-survie-pour-ado"},{"id":"9791036343995","title":"G\u00e9n\u00e9ration ado le dico","description":"La 12\u00e8 \u00e9dition d'un dictionnaire pour les 10-15 ans au ton d\u00e9cal\u00e9 mais avec des r\u00e9ponses solides et rigoureuses aux questions que se posent les ados d'aujourd'hui. Devenu une r\u00e9f\u00e9rence en librairie, cette nouvelle \u00e9dition est actualis\u00e9e en profondeur et enrichie de 8 nouveaux mots: addiction, cyberharc\u00e8lement, \u00e9co-anxi\u00e9t\u00e9, \u00e9crans, endom\u00e9triose, perturbateurs endocriniens, variance de genre et violences sexuelles.\r\n\r\nUn dictionnaire indispensable...\r\nPlus de 200 mots class\u00e9s par ordre alphab\u00e9tique pour naviguer \u00e0 loisir dans la jungle des pr\u00e9occupations adolescentes : A comme acn\u00e9 ou amour, B comme bisous ou brevet des coll\u00e8ges, C comme climat ou cigarettes, mais aussi...\r\nF comme fatigue, H comme hygi\u00e8ne, M comme motivation, O comme orientation, P comme professeurs, S comme sommeil, T comme timidit\u00e9, etc.\r\n\r\n... et tr\u00e8s accessible\r\nToutes les questions que les ados se posent, sans parfois oser les formuler \u00e0 voix haute, sont abord\u00e9es avec bienveillance et l\u00e9g\u00e8ret\u00e9. Les textes sont r\u00e9dig\u00e9s \u00e0 la fois par des adolescents eux-m\u00eames et par des sp\u00e9cialistes de la sant\u00e9. Pour chaque double-page on retrouve d'une part les verbatim des ados et d'autre part les conseils donn\u00e9s par Nathalie Szapiro, m\u00e9decin et journaliste, et par Jeanne Siaud-Facchin, psychologue clinicienne et autrice. Chaque page est anim\u00e9e par les dessins pleins d'humour d'El Don Guillermo et les pictos enlev\u00e9s de R\u00e9gis Faller.","authors":["Nathalie Szapiro-Manoukian","Jeanne Siaud-Facchin"],"category_codes":["2000000","2050000","2050400"],"visuals":{"large":"https:\/\/images.epagine.fr\/995\/9791036343995_1_75.jpg","medium":"https:\/\/images.epagine.fr\/995\/9791036343995_1_m.jpg","thumbnail":"https:\/\/images.epagine.fr\/995\/9791036343995_1_v.jpg"},"orderable":true,"show_badge":true,"formatted_price":"18,90&nbsp;\u20ac","formatted_published_date":"22 janvier 2025","publisher_availability_label":"Sur commande","short_details":"Nathalie Szapiro-Manoukian, Jeanne Siaud-Facchin \u2014 Bayard Jeunesse","translator":null,"weight":1162,"page_count":480,"readership":"\u00e0 partir de 12 ANS","editor":"Bayard Jeunesse","price":1890,"published_date":"2025-01-21T23:00:00.000000Z","support":"Grand format","publisher_availability":1,"stock":0,"editions":[],"url":"https:\/\/quaidesbrumes.com\/ouvrage\/9791036343995\/generation-ado-le-dico"},{"id":"9782749958804","title":"Le livre de la nature : Po\u00e8mes de jeunesse","description":"D\u00e9couvrez 17 po\u00e8mes in\u00e9dits, \u00e9crits par Marcel Pagnol pendant son adolescence, publi\u00e9s pour la toute premi\u00e8re fois.\r\n\" J'aime \u00e0 r\u00eaver, sous le doux regard des \u00e9toiles\r\nQui versent sur les bois leur jour myst\u00e9rieux.\r\nJ'aime \u00e0 voir, quand la nuit \u00e9tend ses sombres toiles,\r\nL'astre aux rayons d'argent qui monte dans les cieux. \"\r\n\r\nD\u00e9couvrez dix-sept po\u00e8mes in\u00e9dits de l'inoubliable auteur Marcel Pagnol, \u00e9crits pendant son adolescence.\r\nRassembl\u00e9s pour la premi\u00e8re fois dans un album illustr\u00e9 par l'artiste Barbara Brun, ils t\u00e9moignent d\u00e9j\u00e0 de son style tendre et bucolique.","authors":["Marcel Pagnol","Nicolas Pagnol","Barbara Brun"],"category_codes":["2000000","2030000","2030400"],"visuals":{"large":"https:\/\/images.epagine.fr\/804\/9782749958804_1_75.jpg","medium":"https:\/\/images.epagine.fr\/804\/9782749958804_1_m.jpg","thumbnail":"https:\/\/images.epagine.fr\/804\/9782749958804_1_v.jpg"},"orderable":true,"show_badge":true,"formatted_price":"14,95&nbsp;\u20ac","formatted_published_date":"31 octobre 2024","publisher_availability_label":"Sur commande","short_details":"Marcel Pagnol, Nicolas Pagnol, Barbara Brun \u2014 Michel Lafon","translator":null,"weight":334,"page_count":40,"readership":"3\/6 ans","editor":"Michel Lafon","price":1495,"published_date":"2024-10-30T23:00:00.000000Z","support":"Grand format","publisher_availability":1,"stock":0,"editions":[],"url":"https:\/\/quaidesbrumes.com\/ouvrage\/9782749958804\/le-livre-de-la-nature-poemes-de-jeunesse"},{"id":"9782884454230","title":"Lili est malpolie","description":"Toute la famille de Lili est invit\u00e9e chez Clara. Mais, depuis les vacances, Lili est de plus en plus sans g\u00eane. Alors comment va se passer le d\u00e9jeuner ? Cette histoire de Max et Lili parle du respect des autres, du savoir-dire et du savoir-vivre. La politesse permet de bien vivre ensemble, en bon citoyen, sans se prendre au s\u00e9rieux, de tout dire sans blesser et aussi de se faire aimer !\r","authors":["Serge Bloch","Dominique de Saint-Mars"],"category_codes":["2000000","2040000","2040200"],"visuals":{"large":"https:\/\/images.epagine.fr\/230\/9782884454230_1_75.jpg","medium":"https:\/\/images.epagine.fr\/230\/9782884454230_1_m.jpg","thumbnail":"https:\/\/images.epagine.fr\/230\/9782884454230_1_v.jpg"},"orderable":true,"show_badge":true,"formatted_price":"6,20&nbsp;\u20ac","formatted_published_date":"26 janvier 2005","publisher_availability_label":"Sur commande","short_details":"Serge Bloch, Dominique de Saint-Mars \u2014 Calligram","translator":null,"weight":118,"page_count":43,"readership":"6\/9 ans","editor":"Calligram","price":620,"published_date":"2005-01-25T23:00:00.000000Z","support":"Grand format","publisher_availability":1,"stock":0,"editions":[],"url":"https:\/\/quaidesbrumes.com\/ouvrage\/9782884454230\/lili-est-malpolie"},{"id":"9782747081108","title":"Animal Tatoo - saison 1 Tome 1 : les quatre \u00e9lus","description":"Dans le monde d'Erdas, lors d'une c\u00e9r\u00e9monie c\u00e9l\u00e9br\u00e9e pour leur onzi\u00e8me anniversaire, quatre enfants issus de milieux et de continents diff\u00e9rents font appara\u00eetre leur animal totem , r\u00e9incarnation de l'animal mythique de leur pays. Conor, fils de berger, invoque Briggan, le loup aux yeux violets ; Abeke, fille d'un chef africain, la panth\u00e8re noire aux yeux verts \u00e9meraude nomm\u00e9e Urazza ; Meilin, fille du grand g\u00e9n\u00e9ral Chin, le panda aux yeux bleus, Jhi, ; enfin, Rollan, orphelin et vagabond, invoque Essix le faucon femelle. Les voil\u00e0 unis \u00e0 jamais \u00e0 leur animal totem qui leur permet d'aiguiser leurs sens et leur donne des pouvoirs particuliers. Les voil\u00e0 unis par un m\u00eame destin : affronter une force obscure surgie du pass\u00e9 qui vient de se r\u00e9veiller, avec, \u00e0 sa t\u00eate, une cr\u00e9ature au nom \u00e9vocateur : le D\u00e9voreur. Avec l'aide des membres de la corporation des Capes-vertes, sortes de chamans, les quatre \u00e9lus vont apprendre \u00e0 \u00e9valuer leurs nouvelles aptitudes et communiquer avec leur animal afin de combattre les ennemis qui veulent d\u00e9truire leur monde.\r","authors":["Brandon Mull","Vanessa Rubio"],"category_codes":["2000000","2040000","2040500","2040502"],"visuals":{"large":"https:\/\/images.epagine.fr\/108\/9782747081108_1_75.jpg","medium":"https:\/\/images.epagine.fr\/108\/9782747081108_1_m.jpg","thumbnail":"https:\/\/images.epagine.fr\/108\/9782747081108_1_v.jpg"},"orderable":true,"show_badge":true,"formatted_price":"8,30&nbsp;\u20ac","formatted_published_date":"12 avril 2017","publisher_availability_label":"Sur commande","short_details":"Brandon Mull, Vanessa Rubio \u2014 Bayard Jeunesse","translator":"VANESSA RUBIO","weight":312,"page_count":324,"readership":"\u00e0 partir de 10 ANS","editor":"Bayard Jeunesse","price":830,"published_date":"2017-04-11T22:00:00.000000Z","support":"Poche","publisher_availability":1,"stock":0,"editions":[],"url":"https:\/\/quaidesbrumes.com\/ouvrage\/9782747081108\/animal-tatoo-saison-1-tome-1-les-quatre-elus"},{"id":"9782036013346","title":"Miss Agatha Tome 1 : myst\u00e8re \u00e0 Londres","description":"Volume 1 Myst\u00e8res \u00e0 Londres Librement inspir\u00e9es de la vie d'Agatha Christie, les aventures de Miss Agatha nous entra\u00eenent dans l'Europe de la Belle Epoque. Dans ce premier volume, \u00ab  Myst\u00e8res \u00e0 Londres  \u00bb, Agatha et son grand fr\u00e8re Archibald font la connaissance d'un jeune vagabond des rues de Londres  : Max. Tous trois vont enqu\u00eater sur une myst\u00e9rieuse statuette...\r\nA lire \u00e0 partir de 8 ans","authors":["Christine Palluy","Sophie Leullier"],"category_codes":["2000000","2040000","2040300"],"visuals":{"large":"https:\/\/images.epagine.fr\/346\/9782036013346_1_75.jpg","medium":"https:\/\/images.epagine.fr\/346\/9782036013346_1_m.jpg","thumbnail":"https:\/\/images.epagine.fr\/346\/9782036013346_1_v.jpg"},"orderable":true,"show_badge":true,"formatted_price":"10,95&nbsp;\u20ac","formatted_published_date":"21 septembre 2022","publisher_availability_label":"Sur commande","short_details":"Christine Palluy, Sophie Leullier \u2014 Larousse","translator":null,"weight":262,"page_count":128,"readership":"\u00e0 partir de 8 ANS","editor":"Larousse","price":1095,"published_date":"2022-09-20T22:00:00.000000Z","support":"Grand format","publisher_availability":1,"stock":0,"editions":[],"url":"https:\/\/quaidesbrumes.com\/ouvrage\/9782036013346\/miss-agatha-tome-1-mystere-a-londres"},{"id":"9782344066409","title":"Le meilleur m\u00e9chant loup du monde","description":"Et si le Petit Chaperon rouge organisait un casting pour s\u00e9lectionner le bon m\u00e9chant loup de son histoire ?\r\nLe Petit Chaperon rouge part en qu\u00eate du loup de son histoire : un loup tr\u00e8s tr\u00e8s m\u00e9chant qui ferait peur \u00e0 tous les enfants. Mais les candidats ne sont jamais assez ceci, toujours un peu trop cela... Qu'est-ce qui fait d'un loup le\u00a0\"bon m\u00e9chant loup\"? Il doit \u00eatre tr\u00e8s grand, c'est \u00e9vident. Tr\u00e8s fort aussi, pour para\u00eetre inqui\u00e9tant. Tout noir pour faire fr\u00e9mir son auditoire. Alors M\u00e8re-Grand indique au Petit Chaperon une for\u00eat sombre et bizarre, o\u00f9 l\u00e0, c'est s\u00fbr, il trouvera le loup de son histoire. Peut-\u00eatre est-ce un loup qui r\u00eave... d'amis et de p\u00e9rip\u00e9ties !","authors":["Lili la Baleine"],"category_codes":["2000000","2030000","2030400"],"visuals":{"large":"https:\/\/images.epagine.fr\/409\/9782344066409_1_75.jpg","medium":"https:\/\/images.epagine.fr\/409\/9782344066409_1_m.jpg","thumbnail":"https:\/\/images.epagine.fr\/409\/9782344066409_1_v.jpg"},"orderable":true,"show_badge":true,"formatted_price":"13,50&nbsp;\u20ac","formatted_published_date":"27 ao\u00fbt 2025","publisher_availability_label":"Sur commande","short_details":"Lili la Baleine \u2014 Gl\u00e9nat Jeunesse","translator":null,"weight":370,"page_count":32,"readership":"\u00e0 partir de 4 ANS","editor":"Gl\u00e9nat Jeunesse","price":1350,"published_date":"2025-08-26T22:00:00.000000Z","support":"Grand format","publisher_availability":1,"stock":0,"editions":[],"url":"https:\/\/quaidesbrumes.com\/ouvrage\/9782344066409\/le-meilleur-mechant-loup-du-monde"},{"id":"9791036324475","title":"La cabane magique Tome 27 : l'\u00e9trange palais de glace","description":"Tom, L\u00e9a, Kathleen et Teddy partent \u00e0 la recherche de Merlin et Morgane au Pays-Au-Del\u00e0-Des-Nuages et rencontrent Sorcier d'Hiver, qui habite un palais de glace. Il leur ordonne de r\u00e9cup\u00e9rer son oeil gauche aupr\u00e8s des Soeurs de la Destin\u00e9e, s'ils veulent revoir leurs amis, transform\u00e9s en loups blancs.","authors":["Mary Pope Osborne","Marie-H\u00e9l\u00e8ne Delval"],"category_codes":["2000000","2040000","2040300"],"visuals":{"large":"https:\/\/images.epagine.fr\/475\/9791036324475_1_75.jpg","medium":"https:\/\/images.epagine.fr\/475\/9791036324475_1_m.jpg","thumbnail":"https:\/\/images.epagine.fr\/475\/9791036324475_1_v.jpg"},"orderable":true,"show_badge":true,"formatted_price":"6,90&nbsp;\u20ac","formatted_published_date":"27 janvier 2021","publisher_availability_label":"Sur commande","short_details":"Mary Pope Osborne, Marie-H\u00e9l\u00e8ne Delval \u2014 Bayard Jeunesse","translator":"MARIE-HELENE DELVAL","weight":232,"page_count":158,"readership":"\u00e0 partir de 6 ANS","editor":"Bayard Jeunesse","price":690,"published_date":"2021-01-26T23:00:00.000000Z","support":"Grand format","publisher_availability":1,"stock":0,"editions":[],"url":"https:\/\/quaidesbrumes.com\/ouvrage\/9791036324475\/la-cabane-magique-tome-27-letrange-palais-de-glace"},{"id":"9782324035579","title":"Mon petit mus\u00e9e d'Orsay en musique","description":"Une visite musicale au mus\u00e9e d'Orsay !\r\nAvec ses puces sonores musicales, ce recueil est unique. Sur chaque page, l'enfant recherche dans l'illustration le petit bouton qui d\u00e9clenchera la musique.\r\nAu fil de sa visite, l'enfant d\u00e9couvre des oeuvres embl\u00e9matiques du mus\u00e9e, accompagn\u00e9es d'extraits musicaux qui \u00e9voquent leur ambiance.\r\n\r\nLa journ\u00e9e commence avec Rosa Bonheur et son Labourage nivernais, se poursuit avec le bucolique Femmes au jardin de Claude Monet, avant de rejoindre la salle de R\u00e9p\u00e9tition d'un ballet sur sc\u00e8ne d'Edgar Degas. La visite des galeries continue avec le Bal du moulin de la galette d'Auguste Renoir, Le Cirque de Georges Seurat et finalement une sculpture, l'Ours blanc de Fran\u00e7ois Pompon.\r\n\r\nPartenariat officiel avec le mus\u00e9e d'Orsay, cette immersion est aussi l'occasion pour l'enfant de d\u00e9couvrir la musique classique, avec des compositions de Gabriel Faur\u00e9, Piotr Ilitch Tcha\u00efkovski, Robert Schumann, Modeste Moussorgski, Julius Fu&#269;\u00edk, ainsi qu'une chanson de F\u00e9lix Mayol.\r\n\r\nLes illustrations de S\u00e9verine Cordier, adapt\u00e9es aux petits, accompagnent ce voyage musical et visuel.","authors":["Emilie Collet","S\u00e9verine Cordier"],"category_codes":["2000000","2020000","2020600"],"visuals":{"large":"https:\/\/images.epagine.fr\/579\/9782324035579_1_75.jpg","medium":"https:\/\/images.epagine.fr\/579\/9782324035579_1_m.jpg","thumbnail":"https:\/\/images.epagine.fr\/579\/9782324035579_1_v.jpg"},"orderable":true,"show_badge":true,"formatted_price":"12,00&nbsp;\u20ac","formatted_published_date":"5 juin 2025","publisher_availability_label":"Sur commande","short_details":"Emilie Collet, S\u00e9verine Cordier \u2014 Gr\u00fcnd","translator":null,"weight":202,"page_count":6,"readership":"\u00e0 partir de 1 AN","editor":"Gr\u00fcnd","price":1200,"published_date":"2025-06-04T22:00:00.000000Z","support":"Grand format","publisher_availability":1,"stock":0,"editions":[],"url":"https:\/\/quaidesbrumes.com\/ouvrage\/9782324035579\/mon-petit-musee-dorsay-en-musique"},{"id":"9782354137724","title":"Pinpingouin en voyage","description":"Pimpingouin et sa famille ont fait leurs bagages : c'est parti pour les vacances ! Le voyage commence, et c'est le d\u00e9but d'aventures passionnantes pour cette famille nombreuse... mais d'abord, comment faire rentrer toutes ces valises dans la petite voiture ?","authors":["Nini Alaska"],"category_codes":["2000000","2020000","2020300"],"visuals":{"large":"https:\/\/images.epagine.fr\/724\/9782354137724_1_75.jpg","medium":"https:\/\/images.epagine.fr\/724\/9782354137724_1_m.jpg","thumbnail":"https:\/\/images.epagine.fr\/724\/9782354137724_1_v.jpg"},"orderable":true,"show_badge":true,"formatted_price":"12,00&nbsp;\u20ac","formatted_published_date":"15 janvier 2026","publisher_availability_label":"Sur commande","short_details":"Nini Alaska \u2014 Minedition","translator":null,"weight":244,"page_count":8,"readership":"\u00e0 partir de 2 ANS","editor":"Minedition","price":1200,"published_date":"2026-01-14T23:00:00.000000Z","support":"Grand format","publisher_availability":1,"stock":0,"editions":[],"url":"https:\/\/quaidesbrumes.com\/ouvrage\/9782354137724\/pinpingouin-en-voyage"},{"id":"9782368293492","title":"Le nain de jardin qui n'aimait pas les jardins","description":"Comment \u00eatre heureux quand on est un nain de jardin mais qu'on n'aime pas les jardins ? Surtout quand on y passe toutes ses journ\u00e9es sans pouvoir bouger. Et si la solution \u00e9tait de partir vivre ailleurs ?\r\nFacile \u00e0 dire, mais pas facile \u00e0 faire...","authors":["Jean Tartine","Pauline Roland"],"category_codes":["2000000","2030000","2030400"],"visuals":{"large":"https:\/\/images.epagine.fr\/492\/9782368293492_1_75.jpg","medium":"https:\/\/images.epagine.fr\/492\/9782368293492_1_m.jpg","thumbnail":"https:\/\/images.epagine.fr\/492\/9782368293492_1_v.jpg"},"orderable":true,"show_badge":true,"formatted_price":"8,95&nbsp;\u20ac","formatted_published_date":"20 f\u00e9vrier 2025","publisher_availability_label":"Sur commande","short_details":"Jean Tartine, Pauline Roland \u2014 \u00c9ditions Splash!","translator":null,"weight":284,"page_count":40,"readership":"3\/6 ans","editor":"\u00c9ditions Splash!","price":895,"published_date":"2025-02-19T23:00:00.000000Z","support":"Grand format","publisher_availability":1,"stock":0,"editions":[],"url":"https:\/\/quaidesbrumes.com\/ouvrage\/9782368293492\/le-nain-de-jardin-qui-naimait-pas-les-jardins"},{"id":"9791036354359","title":"Les dragons de Nalsara Tome 3 : le dragonnier des t\u00e9n\u00e8bres","description":"Les dragons de Nalsara : une s\u00e9rie fantasy \u00e0 partir de 7 ans !\r\nUn beau matin, Cham, Nyne et leur p\u00e8re re\u00e7oivent une invitation au palais du roi pour f\u00eater l'anniversaire de son couronnement. Quelle chance incroyable ! C'est la premi\u00e8re fois que les enfants se rendront \u00e0 Nalsara, la capitale du royaume d'Ombrune. Nyne se r\u00e9jouit de d\u00e9couvrir la ville, tandis que Cham r\u00eave de d\u00e9couvrir la Dragonnerie royale. Mais les enfants vont vite apprendre que de terribles menaces p\u00e8sent sur le palais...","authors":["Marie-H\u00e9l\u00e8ne Delval","Alban Marilleau"],"category_codes":["2000000","2040000","2040500","2040504"],"visuals":{"large":"https:\/\/images.epagine.fr\/359\/9791036354359_1_75.jpg","medium":"https:\/\/images.epagine.fr\/359\/9791036354359_1_m.jpg","thumbnail":"https:\/\/images.epagine.fr\/359\/9791036354359_1_v.jpg"},"orderable":true,"show_badge":true,"formatted_price":"6,50&nbsp;\u20ac","formatted_published_date":"10 mai 2023","publisher_availability_label":"Sur commande","short_details":"Marie-H\u00e9l\u00e8ne Delval, Alban Marilleau \u2014 Bayard Jeunesse","translator":null,"weight":98,"page_count":96,"readership":"\u00e0 partir de 8 ANS","editor":"Bayard Jeunesse","price":650,"published_date":"2023-05-09T22:00:00.000000Z","support":"Grand format","publisher_availability":1,"stock":0,"editions":[],"url":"https:\/\/quaidesbrumes.com\/ouvrage\/9791036354359\/les-dragons-de-nalsara-tome-3-le-dragonnier-des-tenebres"},{"id":"9782492928369","title":"La guirlande","description":"Depuis leur appartement, Carmen et son chat entament paisiblement une longue travers\u00e9e de l'hiver.\r\n\r\n\u00ab Il me faudrait une guirlande, pense la petite dame, une guirlande pour \u00e9clairer mes journ\u00e9es. \u00bb\r\n\r\nSur les conseils de son ami Mirko, Carmen ach\u00e8te alors une guirlande longue de 100 m\u00e8tres qui va raviver la lumi\u00e8re au-del\u00e0 de son appartement...\r\n","authors":["Julie Mugica","S\u00e9bastien Pelon"],"category_codes":["2000000","2030000","2030400"],"visuals":{"large":"https:\/\/images.epagine.fr\/369\/9782492928369_1_75.jpg","medium":"https:\/\/images.epagine.fr\/369\/9782492928369_1_m.jpg","thumbnail":"https:\/\/images.epagine.fr\/369\/9782492928369_1_v.jpg"},"orderable":true,"show_badge":true,"formatted_price":"16,00&nbsp;\u20ac","formatted_published_date":"3 octobre 2025","publisher_availability_label":"Sur commande","short_details":"Julie Mugica, S\u00e9bastien Pelon \u2014 Palomita","translator":null,"weight":476,"page_count":32,"readership":"3\/6 ans","editor":"Palomita","price":1600,"published_date":"2025-10-02T22:00:00.000000Z","support":"Grand format","publisher_availability":1,"stock":0,"editions":[],"url":"https:\/\/quaidesbrumes.com\/ouvrage\/9782492928369\/la-guirlande"},{"id":"9782408054175","title":"Anne Frank : Vivre cach\u00e9 pendant la guerre","description":"\u00ab Les P'tits docs + \u00bb, des documentaires pour aller plus loin apr\u00e8s \u00ab Mes p'tits docs \u00bb ! Ce livre raconte la vie d'Anne Frank, une jeune fille juive contrainte de vivre cach\u00e9e, qui t\u00e9moignait de son quotidien dans son journal intime pendant la Seconde Guerre mondiale. Un t\u00e9moignage pr\u00e9cieux sur l'Holocauste \r\nEn se confiant \u00e0 son amie imaginaire Kitty dans son journal intime, Anne raconte la vie quotidienne dans l'Annexe et t\u00e9moigne des difficult\u00e9s, de ses peurs et de ses espoirs. Quand Anne entend \u00e0 la radio le ministre de l'\u00c9ducation encourager les gens \u00e0 \u00e9crire leur vie pour publier des t\u00e9moignages apr\u00e8s la guerre, elle d\u00e9cide de reprendre son journal pour en faire un livre ! Publi\u00e9 en 1947, \u00ab Le Journal d'Anne Frank \u00bb est aujourd'hui traduit dans plus de soixante-dix langues. Une terrible p\u00e9riode historique expliqu\u00e9e de fa\u00e7on accessible \r\n\u00c0 travers la vie d'Anne Frank, les jeunes lecteurs et lectrices comprendront, gr\u00e2ce \u00e0 des mots simples, les grands \u00e9v\u00e9nements de la Seconde Guerre mondiale. L'Holocauste, ou Shoah, l'extermination des Juifs par les nazis, a fait plus de cinq millions de victimes. Les \u00ab P'tits doc + \u00bb, des docs pour lire seul(e) \r\nApr\u00e8s \u00ab Mes p'tits docs \u00bb, cette collection est destin\u00e9e aux enfants qui commencent \u00e0 lire en autonomie. Plus d'informations, plus de pages, un livre plus grand... mais un documentaire qui se lit toujours comme une histoire. \u00c0 la fin de l'ouvrage, ce documentaire pr\u00e9sente des exemples de personnes ayant r\u00e9ussi \u00e0 cacher des Juifs durant la Seconde Guerre mondiale pour leur sauver la vie.","authors":["St\u00e9phanie Ledu","Amelia Navarro"],"category_codes":["2000000","2070000","2070400"],"visuals":{"large":"https:\/\/images.epagine.fr\/175\/9782408054175_1_75.jpg","medium":"https:\/\/images.epagine.fr\/175\/9782408054175_1_m.jpg","thumbnail":"https:\/\/images.epagine.fr\/175\/9782408054175_1_v.jpg"},"orderable":true,"show_badge":true,"formatted_price":"10,50&nbsp;\u20ac","formatted_published_date":"9 avril 2025","publisher_availability_label":"Sur commande","short_details":"St\u00e9phanie Ledu, Amelia Navarro \u2014 Milan","translator":null,"weight":410,"page_count":40,"readership":"\u00e0 partir de 7 ANS","editor":"Milan","price":1050,"published_date":"2025-04-08T22:00:00.000000Z","support":"Grand format","publisher_availability":1,"stock":0,"editions":[],"url":"https:\/\/quaidesbrumes.com\/ouvrage\/9782408054175\/anne-frank-vivre-cache-pendant-la-guerre"},{"id":"9791036314926","title":"Anatole Latuile Tome 4 : Fran\u00e7oise a disparu !","description":"C'est l'\u00e9t\u00e9, et Anatole est enchant\u00e9 : c'est lui qui garde Fran\u00e7oise, la gerboise de la classe, jusqu'\u00e0 la rentr\u00e9e. Mais le lendemain, quand il rentre du parc avec sa petite soeur Sidonie, catastrophe : Fran\u00e7oise n'est plus dans sa cage. Qui a pu enlever l'animal ? Avec Jason, son meilleur copain, Anatole m\u00e8ne l'enqu\u00eate. Myl\u00e8ne, la soeur de Jason, a-t-elle vol\u00e9 Fran\u00e7oise pour faire des vid\u00e9o ? Les Mafiolo ont-ils voulu se venger de n'avoir pas sa garde pour les vacances ? Beaucoup de fausses pistes, jusqu'\u00e0 ce qu'Anatole trouve enfin la solution : c'est Ange, le petit fr\u00e8re des Mafiolo, qui a fait le coup, avec la complicit\u00e9 de Sidonie. Heureusement, Fran\u00e7oise est en pleine forme, et tout est pardonn\u00e9... m\u00eame si Anatole a du mal \u00e0 comprendre pourquoi sa petite soeur aime tellement ce coquin d'Ange !","authors":["Anne Didier","Olivier Muller","Cl\u00e9ment Devaux"],"category_codes":["2000000","2040000","2040300"],"visuals":{"large":"https:\/\/images.epagine.fr\/926\/9791036314926_1_75.jpg","medium":"https:\/\/images.epagine.fr\/926\/9791036314926_1_m.jpg","thumbnail":"https:\/\/images.epagine.fr\/926\/9791036314926_1_v.jpg"},"orderable":true,"show_badge":true,"formatted_price":"11,00&nbsp;\u20ac","formatted_published_date":"17 juin 2020","publisher_availability_label":"Sur commande","short_details":"Anne Didier, Olivier Muller, Cl\u00e9ment Devaux \u2014 Bayard Jeunesse","translator":null,"weight":178,"page_count":48,"readership":"\u00e0 partir de 7 ANS","editor":"Bayard Jeunesse","price":1100,"published_date":"2020-06-16T22:00:00.000000Z","support":"Grand format","publisher_availability":1,"stock":0,"editions":[],"url":"https:\/\/quaidesbrumes.com\/ouvrage\/9791036314926\/anatole-latuile-tome-4-francoise-a-disparu"},{"id":"9782226506986","title":"Flow","description":"Dans un univers envahi par les eaux et myst\u00e9rieusement d\u00e9sert\u00e9 des humains, un petit chat trouve refuge sur un bateau aux c\u00f4t\u00e9s d'autres animaux perdus. S'entendre avec ses nouveaux compagnons s'av\u00e8re, pour cet \u00eatre de nature solitaire, un d\u00e9fi plus grand que surmonter sa peur de l'eau. Ensemble, ils vont devoir apprendre \u00e0 d\u00e9passer leurs diff\u00e9rences et \u00e0 s'entraider pour survivre aux dangers de cette plan\u00e8te submerg\u00e9e. \r\nL'adaptation du c\u00e9l\u00e8bre film d'animation multi-prim\u00e9 augment\u00e9 d'un texte pour accompagner les images\u00a0: un incroyable festin pour les sens et un tr\u00e9sor pour le coeur.\r\n\u00a0","authors":["Gints Zilbalodis","Matiss Kaza","Sophie Lecoq"],"category_codes":["2000000","2030000","2030400"],"visuals":{"large":"https:\/\/images.epagine.fr\/986\/9782226506986_1_75.jpg","medium":"https:\/\/images.epagine.fr\/986\/9782226506986_1_m.jpg","thumbnail":"https:\/\/images.epagine.fr\/986\/9782226506986_1_v.jpg"},"orderable":true,"show_badge":true,"formatted_price":"15,00&nbsp;\u20ac","formatted_published_date":"29 octobre 2025","publisher_availability_label":"Sur commande","short_details":"Gints Zilbalodis, Matiss Kaza, Sophie Lecoq \u2014 Albin Michel","translator":"SOPHIE LECOQ","weight":444,"page_count":80,"readership":"\u00e0 partir de 6 ANS","editor":"Albin Michel","price":1500,"published_date":"2025-10-28T23:00:00.000000Z","support":"Grand format","publisher_availability":1,"stock":0,"editions":[],"url":"https:\/\/quaidesbrumes.com\/ouvrage\/9782226506986\/flow"},{"id":"9782809694666","title":"Harry Potter : Mes coloriages mignons : Harry et ses amis","description":"Plongez dans l'univers magique de Poudlard avec ce carnet de coloriage Harry Potter au style \"chibi\", aussi mignon qu'ensorcelant ! Red\u00e9couvrez vos personnages pr\u00e9f\u00e9r\u00e9s (Harry, Hermione, Ron, Hagrid, Dobby, etc.) dans une version adorable et pleine de charme, \u00e0 colorier selon vos envies.\r\n\u00a0 \r\nUn moment de d\u00e9tente et de cr\u00e9ativit\u00e9 garanti :\r\nQue vous soyez un enfant fan de sorcellerie ou un adulte en qu\u00eate de relaxation, ce carnet est fait pour vous. Le coloriage est une activit\u00e9 apaisante, id\u00e9ale pour se d\u00e9connecter et stimuler l'imaginaire.\r\n\u00a0 \r\nPlus de 70 illustrations \u00e0 colorier\r\nConvient aux enfants comme aux adultes\r\nPapier de qualit\u00e9 adapt\u00e9 aux crayons et feutres\r\nId\u00e9al pour les fans de Harry Potter, les artistes en herbe et les moments de d\u00e9tente\u00a0 \r\nLaissez parler votre magie, un coloriage \u00e0 la fois !","authors":["Collectif"],"category_codes":["2000000","2080000","2080300"],"visuals":{"large":"https:\/\/images.epagine.fr\/666\/9782809694666_1_75.jpg","medium":"https:\/\/images.epagine.fr\/666\/9782809694666_1_m.jpg","thumbnail":"https:\/\/images.epagine.fr\/666\/9782809694666_1_v.jpg"},"orderable":true,"show_badge":true,"formatted_price":"10,90&nbsp;\u20ac","formatted_published_date":"2 janvier 2026","publisher_availability_label":"Sur commande","short_details":"Collectif \u2014 \u00c9ditions playBac","translator":null,"weight":179,"page_count":80,"readership":null,"editor":"\u00c9ditions playBac","price":1090,"published_date":"2026-01-01T23:00:00.000000Z","support":"Papeterie \/ Coloriage","publisher_availability":1,"stock":0,"editions":[],"url":"https:\/\/quaidesbrumes.com\/ouvrage\/9782809694666\/harry-potter-mes-coloriages-mignons-harry-et-ses-amis"},{"id":"9782017346333","title":"Destins de champions Tome 26 : Une biographie de Pel\u00e9","description":"Il n'y a pas de superlatif assez fort pour d\u00e9crire la carri\u00e8re de Pel\u00e9. Cette l\u00e9gende du football a rafl \u00e9 tous les titres : triple champion du monde, cinq fois vainqueur du championnat du Br\u00e9sil, vainqueur du championnat d'Am\u00e9rique du Nord... Il d\u00e9tient m\u00eame le record de buts. Mais son aura rayonne bien au-del\u00e0 des stades. Le Roi Pel\u00e9 est aujourd'hui le symbole de tout un pays, qui continue d'inspirer des millions de jeunes \u00e0 travers le monde.\r\nUne biographie \u00e9crite par Luca Caioli et Cyril Collot, journalistes sportifs auteurs de nombreux ouvrages sur le football.","authors":["Cyril Collot","Luca Caioli"],"category_codes":["2000000","2040000","2040500"],"visuals":{"large":"https:\/\/images.epagine.fr\/333\/9782017346333_1_75.jpg","medium":"https:\/\/images.epagine.fr\/333\/9782017346333_1_m.jpg","thumbnail":"https:\/\/images.epagine.fr\/333\/9782017346333_1_v.jpg"},"orderable":true,"show_badge":true,"formatted_price":"5,90&nbsp;\u20ac","formatted_published_date":"14 janvier 2026","publisher_availability_label":"Sur commande","short_details":"Cyril Collot, Luca Caioli \u2014 Hachette Jeunesse","translator":null,"weight":136,"page_count":128,"readership":"\u00e0 partir de 8 ANS","editor":"Hachette Jeunesse","price":590,"published_date":"2026-01-13T23:00:00.000000Z","support":"Poche","publisher_availability":1,"stock":0,"editions":[],"url":"https:\/\/quaidesbrumes.com\/ouvrage\/9782017346333\/destins-de-champions-tome-26-une-biographie-de-pele"},{"id":"9782017346098","title":"Dungeon Runners Tome 2 : Le labyrinthe c\u00e9leste","description":"Kit, Sandy et Thorn sont d\u00e9sormais des Dungeon Runners professionnels ! Alors que sonne l'heure de la premi\u00e8re comp\u00e9tition de la ligue des Mange-Boue, tous trois s'envolent pour Cloudroost, une ville dans les nuages. Mais les adversaires comme les \u00e9preuves sont plus redoutables que jamais... Kit et ses amis ont-ils l'\u00e9toffe de v\u00e9ritables Dungeon Runners ? Il n'y a qu'une fa\u00e7on de le d\u00e9couvrir !","authors":["Kieran Larwood","Joe Todd-Stanton"],"category_codes":["2000000","2040000","2040500"],"visuals":{"large":"https:\/\/images.epagine.fr\/098\/9782017346098_1_75.jpg","medium":"https:\/\/images.epagine.fr\/098\/9782017346098_1_m.jpg","thumbnail":"https:\/\/images.epagine.fr\/098\/9782017346098_1_v.jpg"},"orderable":true,"show_badge":true,"formatted_price":"6,50&nbsp;\u20ac","formatted_published_date":"25 f\u00e9vrier 2026","publisher_availability_label":"Sur commande","short_details":"Kieran Larwood, Joe Todd-Stanton \u2014 Hachette Jeunesse","translator":null,"weight":206,"page_count":224,"readership":"\u00e0 partir de 8 ANS","editor":"Hachette Jeunesse","price":650,"published_date":"2026-02-24T23:00:00.000000Z","support":"Poche","publisher_availability":1,"stock":0,"editions":[],"url":"https:\/\/quaidesbrumes.com\/ouvrage\/9782017346098\/dungeon-runners-tome-2-le-labyrinthe-celeste"},{"id":"9791036390944","title":"Mon premier cherche et trouve \u00e0 d\u00e9plier : Le printemps","description":"Un grand jeu de d\u00e9couverte au coeur de la nature\r\nAvec ce nouveau Cherche et trouve sur le th\u00e8me de la nature, les tout-petits embarquent pour une balade pleine de surprises : \u00e0 la ferme p\u00e9dagogique, au parc, \u00e0 l'\u00e9tang ou encore au poney-club. Sur chaque grande sc\u00e8ne \u00e0 d\u00e9plier, ils doivent retrouver des animaux, des objets ou des petits d\u00e9tails cach\u00e9s. Un moment de jeu et d'observation \u00e0 partager autour des merveilles de la nature !Un livre-jeu id\u00e9al pour \u00e9veiller l'attention et le langage\r\nChercher, observer, nommer, d\u00e9crire : ce livre ludique stimule les comp\u00e9tences essentielles des jeunes enfants tout en les amusant. Gr\u00e2ce aux grandes illustrations color\u00e9es et aux m\u00e9canismes \u00e0 manipuler (flaps \u00e0 soulever, d\u00e9coupes \u00e0 d\u00e9plier), les enfants s'investissent activement dans leur lecture. Un support parfait pour d\u00e9velopper le vocabulaire, la concentration et l'interaction parent-enfant, d\u00e8s 18 mois.Un ouvrage soign\u00e9, con\u00e7u par des illustratrices de talent\r\nCe titre in\u00e9dit s'inscrit dans une collection issue de l'univers de\u00a0Popi, d\u00e9j\u00e0 pl\u00e9biscit\u00e9e par les familles. Il se distingue par sa fabrication originale avec ses grandes sc\u00e8nes d\u00e9pliables et ses surprises visuelles. Le tout port\u00e9 par des illustratrices reconnues comme Marion Billet ou Marie Paruit. Une qualit\u00e9 rare \u00e0 ce prix, pour un premier \"Cherche et trouve\" aussi beau que captivant !","authors":["Isabelle Jacqu\u00e9","No\u00e9mie Favart","Marion Billet","H\u00e9lo\u00efse Solt","Marie Paruit","Lucile Colas-Ahrweiller"],"category_codes":["2000000","2060000","2060500"],"visuals":{"large":"https:\/\/images.epagine.fr\/944\/9791036390944_1_75.jpg","medium":"https:\/\/images.epagine.fr\/944\/9791036390944_1_m.jpg","thumbnail":"https:\/\/images.epagine.fr\/944\/9791036390944_1_v.jpg"},"orderable":true,"show_badge":true,"formatted_price":"10,90&nbsp;\u20ac","formatted_published_date":"4 mars 2026","publisher_availability_label":"Sur commande","short_details":"Isabelle Jacqu\u00e9, No\u00e9mie Favart, Marion Billet, H\u00e9lo\u00efse Solt, Marie Paruit, Lucile Colas-Ahrweiller \u2014 Bayard Jeunesse","translator":null,"weight":482,"page_count":32,"readership":"3\/6 ans","editor":"Bayard Jeunesse","price":1090,"published_date":"2026-03-03T23:00:00.000000Z","support":"Grand format","publisher_availability":1,"stock":0,"editions":[],"url":"https:\/\/quaidesbrumes.com\/ouvrage\/9791036390944\/mon-premier-cherche-et-trouve-a-deplier-le-printemps"}]}