{"data":[{"id":"9782371651432","title":"S'unir c'est bien becqueter : Une histoire de poules","description":"Catastrophe, les insectes s'attaquent au potager du poulailler ! Pas de panique,\r\nMarcel le coq a une id\u00e9e de g\u00e9nie : il asperge tout d'anti-mouche... et tombe\r\nimm\u00e9diatement malade apr\u00e8s avoir mang\u00e9 une salade. Les poules sont unanimes, il faut\r\ntrouver une autre solution pour prot\u00e9ger les plantations.\r\nMais entre plantivores et bestiolivores, pas facile de se mettre d'accord !\r\n","authors":["Laurent Cardon"],"category_codes":["2000000","2030000","2030400"],"visuals":{"large":"https:\/\/images.epagine.fr\/432\/9782371651432_1_75.jpg","medium":"https:\/\/images.epagine.fr\/432\/9782371651432_1_m.jpg","thumbnail":"https:\/\/images.epagine.fr\/432\/9782371651432_1_v.jpg"},"orderable":true,"show_badge":true,"formatted_price":"18,00&nbsp;\u20ac","formatted_published_date":"2 septembre 2025","publisher_availability_label":"Sur commande","short_details":"Laurent Cardon \u2014 \u00c9ditions P\u00e8re Fouettard","translator":null,"weight":578,"page_count":48,"readership":"3\/6 ans","editor":"\u00c9ditions P\u00e8re Fouettard","price":1800,"published_date":"2025-09-01T22:00:00.000000Z","support":"Grand format","publisher_availability":1,"stock":0,"editions":[],"url":"https:\/\/quaidesbrumes.com\/ouvrage\/9782371651432\/sunir-cest-bien-becqueter-une-histoire-de-poules"},{"id":"9782884806534","title":"Max et Lili font du camping","description":"Cette ann\u00e9e, c'est d\u00e9cid\u00e9, on part en famille, en montagne, et en camping ! Lili boude car elle voulait revoir la mer et son amoureux. Max s'imagine en explorateur d'une nature sauvage et hostile, et leur cousine L\u00e9a r\u00e9alise enfin son r\u00eave. Vont-ils \u00eatre d\u00e9\u00e7us par leurs vacances ? Ce livre de Max et Lili parle du camping, un voyage \u00e0 la d\u00e9couverte de soi-m\u00eame, des autres et de la nature si belle, et si rude qu'il faut souvent l'apprivoiser... Il permet de r\u00e9fl\u00e9chir sur le besoin d'\u00eatre ensemble, de partager, de ne pas se sentir seul, et aussi sur le besoin de beaut\u00e9, de silence, de d\u00e9passement pour se pr\u00e9parer \u00e0 de procha\u00eenes aventures !","authors":["Dominique de Saint-Mars","Serge Bloch"],"category_codes":["2000000","2040000","2040200"],"visuals":{"large":"https:\/\/images.epagine.fr\/534\/9782884806534_1_75.jpg","medium":"https:\/\/images.epagine.fr\/534\/9782884806534_1_m.jpg","thumbnail":"https:\/\/images.epagine.fr\/534\/9782884806534_1_v.jpg"},"orderable":true,"show_badge":true,"formatted_price":"6,20&nbsp;\u20ac","formatted_published_date":"16 mai 2013","publisher_availability_label":"Sur commande","short_details":"Dominique de Saint-Mars, Serge Bloch \u2014 Calligram","translator":null,"weight":117,"page_count":43,"readership":"6\/9 ans","editor":"Calligram","price":620,"published_date":"2013-05-15T22:00:00.000000Z","support":"Grand format","publisher_availability":1,"stock":0,"editions":[],"url":"https:\/\/quaidesbrumes.com\/ouvrage\/9782884806534\/max-et-lili-font-du-camping"},{"id":"9782884453745","title":"J\u00e9r\u00e9my est maltrait\u00e9","description":"Max ne comprend pas pourquoi son copain J\u00e9r\u00e9my est souvent violent. Un jour, il d\u00e9couvre qu'il est maltrait\u00e9 par son p\u00e8re... Une histoire de Max et Lili pour apprendre que la maltraitance, c'est la violence r\u00e9p\u00e9t\u00e9e sur un plus petit. Un enfant battu, humili\u00e9 ou d\u00e9laiss\u00e9 ne peut pas se d\u00e9fendre. Si on d\u00e9couvre sa souffrance, il faut le persuader d'en parler, pour qu'on puisse le prot\u00e9ger et aider sa famille.\r\nLa loi punit quiconque n'aide pas une personne en danger, sp\u00e9cialement un enfant.\r\nProtection de l'enfance maltrait\u00e9e Grande Cause Nationale 1997 All\u00f4 enfance maltrait\u00e9e : N\u00b0 119 (appel gratuit)","authors":["Serge Bloch","Dominique de Saint-Mars"],"category_codes":["2000000","2040000","2040200"],"visuals":{"large":"https:\/\/images.epagine.fr\/745\/9782884453745_1_75.jpg","medium":"https:\/\/images.epagine.fr\/745\/9782884453745_1_m.jpg","thumbnail":"https:\/\/images.epagine.fr\/745\/9782884453745_1_v.jpg"},"orderable":true,"show_badge":true,"formatted_price":"6,20&nbsp;\u20ac","formatted_published_date":"8 mars 2005","publisher_availability_label":"Sur commande","short_details":"Serge Bloch, Dominique de Saint-Mars \u2014 Calligram","translator":null,"weight":114,"page_count":43,"readership":"6\/9 ans","editor":"Calligram","price":620,"published_date":"2005-03-07T23:00:00.000000Z","support":"Grand format","publisher_availability":1,"stock":0,"editions":[],"url":"https:\/\/quaidesbrumes.com\/ouvrage\/9782884453745\/jeremy-est-maltraite"},{"id":"9782884455305","title":"Lili a peur des contr\u00f4les","description":"Cette histoire de Lili montre que chacun est diff\u00e9rent et a plus ou moins de difficult\u00e9s.","authors":["Serge Bloch","Dominique de Saint-Mars"],"category_codes":["2000000","2040000","2040200"],"visuals":{"large":"https:\/\/images.epagine.fr\/305\/9782884455305_1_75.jpg","medium":"https:\/\/images.epagine.fr\/305\/9782884455305_1_m.jpg","thumbnail":"https:\/\/images.epagine.fr\/305\/9782884455305_1_v.jpg"},"orderable":true,"show_badge":true,"formatted_price":"6,20&nbsp;\u20ac","formatted_published_date":"9 f\u00e9vrier 2005","publisher_availability_label":"Sur commande","short_details":"Serge Bloch, Dominique de Saint-Mars \u2014 Calligram","translator":null,"weight":119,"page_count":43,"readership":"6\/9 ans","editor":"Calligram","price":620,"published_date":"2005-02-08T23:00:00.000000Z","support":"Grand format","publisher_availability":1,"stock":0,"editions":[],"url":"https:\/\/quaidesbrumes.com\/ouvrage\/9782884455305\/lili-a-peur-des-controles"},{"id":"9782378882488","title":"Les 4 petites sorci\u00e8res","description":"Connaissez-vous l'incroyable ville de Grand-Balai ?\r\nDu simple chapeau pointu au fabuleux livre de sorts, on y trouve tout ce qui fait le bonheur des magiciens !\r\nNon loin de l\u00e0, sur la Colline-aux-Balais, emm\u00e9nagent quatre petites sorci\u00e8res... et elles ont fort \u00e0 faire pour que cette bicoque devienne la maison de leur r\u00eave !","authors":["Mina Kawai","Corinne Atlan"],"category_codes":["2000000","2030000","2030400"],"visuals":{"large":"https:\/\/images.epagine.fr\/488\/9782378882488_1_75.jpg","medium":"https:\/\/images.epagine.fr\/488\/9782378882488_1_m.jpg","thumbnail":"https:\/\/images.epagine.fr\/488\/9782378882488_1_v.jpg"},"orderable":true,"show_badge":true,"formatted_price":"14,50&nbsp;\u20ac","formatted_published_date":"25 septembre 2024","publisher_availability_label":"Sur commande","short_details":"Mina Kawai, Corinne Atlan \u2014 Kal\u00e9idoscope","translator":"CORINNE ATLAN","weight":417,"page_count":40,"readership":"3\/6 ans","editor":"Kal\u00e9idoscope","price":1450,"published_date":"2024-09-24T22:00:00.000000Z","support":"Grand format","publisher_availability":1,"stock":0,"editions":[],"url":"https:\/\/quaidesbrumes.com\/ouvrage\/9782378882488\/les-4-petites-sorcieres"},{"id":"9782330192358","title":"Les Aventures farfelues des dix chaussettes perdues (quatre droites et six gauches)","description":"Derri\u00e8re la machine \u00e0 laver, \u00e7a ne tourne pas rond. Une perc\u00e9e dans le sol offre d'incroyables perspectives de libert\u00e9 \u00e0 ceux et celles qui osent s'y risquer... Alors dans le panier \u00e0 linge sale, \u00e7a papote s\u00e9v\u00e8re : a-t-on des nouvelles des chaussettes qui ont fait le grand saut ? En voici une qui r\u00eave d'\u00eatre une star de cin\u00e9ma, une autre pirate, et une troisi\u00e8me, d\u00e9tective priv\u00e9e ! \r\n Un roman dr\u00f4lement illustr\u00e9, o\u00f9 les chaussettes n'ont pas froid aux yeux !\r","authors":["Justyna Bednarek","Daniel  de Latour"],"category_codes":["2000000","2040000"],"visuals":{"large":"https:\/\/images.epagine.fr\/358\/9782330192358_1_75.jpg","medium":"https:\/\/images.epagine.fr\/358\/9782330192358_1_m.jpg","thumbnail":"https:\/\/images.epagine.fr\/358\/9782330192358_1_v.jpg"},"orderable":true,"show_badge":false,"formatted_price":"14,90&nbsp;\u20ac","formatted_published_date":"5 juin 2024","publisher_availability_label":"Sur commande","short_details":"Justyna Bednarek, Daniel  de Latour \u2014 H\u00e9lium \u00c9ditions","translator":null,"weight":318,"page_count":160,"readership":"\u00e0 partir de 6 ANS","editor":"H\u00e9lium \u00c9ditions","price":1490,"published_date":"2024-06-04T22:00:00.000000Z","support":"Grand format","publisher_availability":1,"stock":2,"editions":[],"url":"https:\/\/quaidesbrumes.com\/ouvrage\/9782330192358\/les-aventures-farfelues-des-dix-chaussettes-perdues-quatre-droites-et-six-gauches"},{"id":"9791036387982","title":"Les devinettes sonores : B\u00e9b\u00e9s animaux","description":"Une ferme pleine de surprises \u00e0 d\u00e9couvrir du bout des doigts\r\nQuel est ce bruit\u00a0? Coin coin ! B\u00ea\u00ea b\u00ea\u00ea ! Crac croc ! Piou piou ! \u00a0\u00c0 chaque double page, les petits lecteurs devinent quel b\u00e9b\u00e9 animal de la ferme se cache derri\u00e8re un bruit familier. Avec des rabats \u00e0 soulever, des sons amusants et une surprise finale, ce livre offre un moment de lecture ludique et captivant.Un livre pens\u00e9 pour \u00e9veiller les sens des tout-petits\r\nAvec ses sons facilement reconnaissables, ses rabats de formes vari\u00e9es et ses illustrations color\u00e9es, ce petit livre tout-carton stimule \u00e0 la fois l'ou\u00efe, la vue et le toucher. Les effets de coucou-cach\u00e9 ravissent les b\u00e9b\u00e9s, qui d\u00e9veloppent ainsi leur motricit\u00e9 fine et leur curiosit\u00e9. Un outil id\u00e9al pour partager un moment complice, apprendre en s'amusant et enrichir le vocabulaire des tout-petits autour d'un th\u00e8me qui pla\u00eet \u00e0 tous : les b\u00e9b\u00e9s animaux !Une collection reconnue, \u00e0 prix tout doux\r\nPubli\u00e9 dans la collection prometteuse des devinettes sonores de Bayard Jeunesse, ce livre d'\u00e9veil malin propose 4 sons, 4 rabats et un miroir final pour seulement 10 E. Un format solide, \u00e9conomique et parfaitement adapt\u00e9 aux petites mains... et aux grandes oreilles curieuses !\r","authors":["Pui Lee"],"category_codes":["2000000","2020000","2020200"],"visuals":{"large":"https:\/\/images.epagine.fr\/982\/9791036387982_1_75.jpg","medium":"https:\/\/images.epagine.fr\/982\/9791036387982_1_m.jpg","thumbnail":"https:\/\/images.epagine.fr\/982\/9791036387982_1_v.jpg"},"orderable":true,"show_badge":true,"formatted_price":"10,00&nbsp;\u20ac","formatted_published_date":"28 janvier 2026","publisher_availability_label":"Sur commande","short_details":"Pui Lee \u2014 Bayard Jeunesse","translator":null,"weight":285,"page_count":10,"readership":"\u00e0 partir de 3 ANS","editor":"Bayard Jeunesse","price":1000,"published_date":"2026-01-27T23:00:00.000000Z","support":"Grand format","publisher_availability":1,"stock":0,"editions":[],"url":"https:\/\/quaidesbrumes.com\/ouvrage\/9791036387982\/les-devinettes-sonores-bebes-animaux"},{"id":"9782092588949","title":"Les douze travaux d'Hercule","description":"Plonge dans les plus grandes histoires de la mythologie !\r\n Une histoire mythique : de tous temps, les hommes ont eu besoin de mod\u00e8les de force, de bravoure, de h\u00e9ros. Hercule en est l'un des plus renomm\u00e9s. \r\nHercule doit accomplir les douze travaux que lui a confi\u00e9s son cousin, le roi Eurysth\u00e9e. Le voil\u00e0 parti aux quatre coins du monde connu, affrontant les pires monstres, collectant les objets les plus pr\u00e9cieux et relevant les d\u00e9fis les plus impossibles... Sa force et son courage lui suffiront-ils pour r\u00e9ussir ses terribles missions ?\r\n \r\n Avec la collection \"Petites histoires de la Mythologie\" : pars \u00e0 l'aventure avec les dieux, h\u00e9ros et monstres de la mythologie. Des livres qui incarne les h\u00e9ros et l'aventure.\r\n Des textes parfaitement adapt\u00e9s aux enfants de 9-12 ans qui donnent le go\u00fbt pour la mythologie et la lecture.\r\n \r\n ? Sp\u00e9cial enseignant.e.s : des ressources p\u00e9dagogiques sont \u00e0 votre disposition pour \u00e9tudier cet ouvrage en classe. ?","authors":["H\u00e9l\u00e8ne Montardre"],"category_codes":["2000000","2040000","2040400"],"visuals":{"large":"https:\/\/images.epagine.fr\/949\/9782092588949_1_75.jpg","medium":"https:\/\/images.epagine.fr\/949\/9782092588949_1_m.jpg","thumbnail":"https:\/\/images.epagine.fr\/949\/9782092588949_1_v.jpg"},"orderable":true,"show_badge":true,"formatted_price":"5,95&nbsp;\u20ac","formatted_published_date":"21 mars 2019","publisher_availability_label":"Sur commande","short_details":"H\u00e9l\u00e8ne Montardre \u2014 Nathan","translator":null,"weight":126,"page_count":64,"readership":"\u00e0 partir de 9 ANS","editor":"Nathan","price":595,"published_date":"2019-03-20T23:00:00.000000Z","support":"Poche","publisher_availability":1,"stock":0,"editions":["9782092590867"],"url":"https:\/\/quaidesbrumes.com\/ouvrage\/9782092588949\/les-douze-travaux-dhercule"},{"id":"9782017889168","title":"Un Monde Merveilleux","description":"Tir\u00e9 du best-seller mondial  Grand Panda et Petit Dragon, nos deux amis reviennent pour entreprendre un voyage magnifiquement illustr\u00e9 et poignant. Cette fois, le duo part en qu\u00eate du plus bel endroit du monde.\r\nEn d\u00e9couvrant une carte qui promet de les y conduire, cette qu\u00eate emm\u00e8ne Grand Panda et Petit Dragon dans une exp\u00e9dition \u00e0 travers des terrains difficiles. Les deux amis traversent des for\u00eats sombres, des montagnes dangereuses, des ruines abandonn\u00e9es et des grottes obscures.\r\nParfois, le paysage menace de les submerger, mais ensemble, ils continuent d'avancer. Chaque environnement, si mena\u00e7ant au d\u00e9part, finit par d\u00e9voiler des poches de lumi\u00e8re, de vie et de beaut\u00e9.\r\nC'est une histoire d'amiti\u00e9, de lutte, d'espoir, et d'un immense pouvoir  : celui de chercher la beaut\u00e9 dans les endroits les plus improbables.\r\nUn conte simple et stimulant, riche en sagesse et inspir\u00e9 par la philosophie bouddhiste. Le cadeau parfait pour les adultes et les enfants en qu\u00eate de r\u00e9confort, de compr\u00e9hension et, bien s\u00fbr, de beaut\u00e9.","authors":["James Norbury"],"category_codes":["2000000","2030000","2030400"],"visuals":{"large":"https:\/\/images.epagine.fr\/168\/9782017889168_1_75.jpg","medium":"https:\/\/images.epagine.fr\/168\/9782017889168_1_m.jpg","thumbnail":"https:\/\/images.epagine.fr\/168\/9782017889168_1_v.jpg"},"orderable":true,"show_badge":true,"formatted_price":"20,00&nbsp;\u20ac","formatted_published_date":"22 octobre 2025","publisher_availability_label":"Sur commande","short_details":"James Norbury \u2014 Le lotus et l'\u00e9l\u00e9phant","translator":null,"weight":658,"page_count":176,"readership":"3\/6 ans","editor":"Le lotus et l'\u00e9l\u00e9phant","price":2000,"published_date":"2025-10-21T22:00:00.000000Z","support":"Grand format","publisher_availability":1,"stock":0,"editions":[],"url":"https:\/\/quaidesbrumes.com\/ouvrage\/9782017889168\/un-monde-merveilleux"},{"id":"9791036383212","title":"Petit Ours Brun veut un c\u00e2lin","description":"Papa et Maman rentrent du travail, Petit Ours Brun veut des bisous ! Mais quand Papa et Maman s'embrassent, Petit Ours Brun n'est pas content du tout !","authors":["Dani\u00e8le Bour","H\u00e9l\u00e8ne Serre-de Talhouet"],"category_codes":["2000000","2020000","2020400"],"visuals":{"large":"https:\/\/images.epagine.fr\/212\/9791036383212_1_75.jpg","medium":"https:\/\/images.epagine.fr\/212\/9791036383212_1_m.jpg","thumbnail":"https:\/\/images.epagine.fr\/212\/9791036383212_1_v.jpg"},"orderable":true,"show_badge":true,"formatted_price":"2,90&nbsp;\u20ac","formatted_published_date":"30 avril 2025","publisher_availability_label":"Sur commande","short_details":"Dani\u00e8le Bour, H\u00e9l\u00e8ne Serre-de Talhouet \u2014 Bayard Jeunesse","translator":null,"weight":63,"page_count":16,"readership":"0\/3 ans","editor":"Bayard Jeunesse","price":290,"published_date":"2025-04-29T22:00:00.000000Z","support":"Grand format","publisher_availability":1,"stock":0,"editions":["9791036363863"],"url":"https:\/\/quaidesbrumes.com\/ouvrage\/9791036383212\/petit-ours-brun-veut-un-calin"},{"id":"9791036304743","title":"Anatole Latuile Tome 3 : jeu de piste pour Anatole","description":"Anatole et Jason sont surexcit\u00e9s : un jeu concours offre des places pour l'op\u00e9ra Morvox, la com\u00e9die musicale inspir\u00e9e des aventures de Capitaine Stratruc ! Pour cela, il suffit d'atteindre le niveau sept du jeu vid\u00e9o \u00ab Stratruc contre l'Empire du Mal \u00bb. Malheureusement, ils ont oubli\u00e9 un petit d\u00e9tail... Ils doivent rendre un expos\u00e9 dans deux jours, et ils sont en groupe avec Olympe Fayoli, la premi\u00e8re de la classe ! La jeune fille va devoir redoubler d'astuces pour motiver les gar\u00e7ons \u00e0 travailler... \r\nAttention, fou-rire garanti ! \r\n\r\nTroisi\u00e8me roman d'Anatole Latuile, pr\u00e9-publi\u00e9 dans J'aime Lire \u00e0 la rentr\u00e9e 2018, et toujours illustr\u00e9 avec brio par Cl\u00e9ment Devaux !","authors":["Anne Didier","Olivier Muller","Cl\u00e9ment Devaux"],"category_codes":["2000000","2040000","2040300"],"visuals":{"large":"https:\/\/images.epagine.fr\/743\/9791036304743_1_75.jpg","medium":"https:\/\/images.epagine.fr\/743\/9791036304743_1_m.jpg","thumbnail":"https:\/\/images.epagine.fr\/743\/9791036304743_1_v.jpg"},"orderable":true,"show_badge":true,"formatted_price":"11,00&nbsp;\u20ac","formatted_published_date":"7 novembre 2018","publisher_availability_label":"Sur commande","short_details":"Anne Didier, Olivier Muller, Cl\u00e9ment Devaux \u2014 Bayard Jeunesse","translator":null,"weight":160,"page_count":48,"readership":"\u00e0 partir de 7 ANS","editor":"Bayard Jeunesse","price":1100,"published_date":"2018-11-06T23:00:00.000000Z","support":"Grand format","publisher_availability":1,"stock":0,"editions":[],"url":"https:\/\/quaidesbrumes.com\/ouvrage\/9791036304743\/anatole-latuile-tome-3-jeu-de-piste-pour-anatole"},{"id":"9782215188278","title":"Le d\u00e9barquement","description":"Gr\u00e2ce \u00e0 ce documentaire tr\u00e8s illustr\u00e9, l'enfant pourra apprendre en d\u00e9tails les \u00e9v\u00e9nements marquants du D\u00e9barquement : le contexte li\u00e9 \u00e0 cet \u00e9v\u00e9nement, les diff\u00e9rentes op\u00e9rations mises en place, les diversions et strat\u00e9gies du c\u00f4t\u00e9 des Alli\u00e9s et des Allemands...\r\n\r\n\u00c0 la fin du livre, des images \u00e0 d\u00e9couper pour apprendre en s'amusant !\r","authors":["Sophie Lamoureux"],"category_codes":["2000000","2070000","2070400"],"visuals":{"large":"https:\/\/images.epagine.fr\/278\/9782215188278_1_75.jpg","medium":"https:\/\/images.epagine.fr\/278\/9782215188278_1_m.jpg","thumbnail":"https:\/\/images.epagine.fr\/278\/9782215188278_1_v.jpg"},"orderable":true,"show_badge":true,"formatted_price":"8,95&nbsp;\u20ac","formatted_published_date":"12 janvier 2024","publisher_availability_label":"Sur commande","short_details":"Sophie Lamoureux \u2014 Fleurus","translator":null,"weight":364,"page_count":32,"readership":null,"editor":"Fleurus","price":895,"published_date":"2024-01-11T23:00:00.000000Z","support":"Grand format","publisher_availability":1,"stock":0,"editions":[],"url":"https:\/\/quaidesbrumes.com\/ouvrage\/9782215188278\/le-debarquement"},{"id":"9782215199250","title":"BFF : best friends forever ! Tome 12 : Course \u00e0 l'amiti\u00e9","description":"L'\u00e9t\u00e9 s'annonce parfait pour Charlotte et \u00c9milie : piscine, cr\u00e8me glac\u00e9e et projets d'aventure !\r\nMais quand les deux meilleures amies d\u00e9cident de participer \u00e0 une course \u00e0 obstacles pour aider les enfants handicap\u00e9s, leur quotidien bascule dans le chaos le plus total.\r\nSauront-elles surmonter les obstacles - litt\u00e9ralement ! - qui se dressent sur leur chemin ?\r\nEntre fous rires, malentendus et moments de pure panique, cette course promet d'\u00eatre bien plus qu'un simple d\u00e9fi sportif.\r\nUne histoire d'amiti\u00e9 ind\u00e9fectible o\u00f9 chaque \u00e9preuve devient une occasion de se d\u00e9couvrir et de grandir ensemble.\r","authors":["Genevi\u00e8ve Guilbault","Marilou Addison"],"category_codes":["2000000","2040000","2040300"],"visuals":{"large":"https:\/\/images.epagine.fr\/250\/9782215199250_1_75.jpg","medium":"https:\/\/images.epagine.fr\/250\/9782215199250_1_m.jpg","thumbnail":"https:\/\/images.epagine.fr\/250\/9782215199250_1_v.jpg"},"orderable":true,"show_badge":true,"formatted_price":"16,95&nbsp;\u20ac","formatted_published_date":"9 janvier 2026","publisher_availability_label":"Sur commande","short_details":"Genevi\u00e8ve Guilbault, Marilou Addison \u2014 Fleurus","translator":null,"weight":446,"page_count":368,"readership":"\u00e0 partir de 9 ANS","editor":"Fleurus","price":1695,"published_date":"2026-01-08T23:00:00.000000Z","support":"Grand format","publisher_availability":1,"stock":0,"editions":[],"url":"https:\/\/quaidesbrumes.com\/ouvrage\/9782215199250\/bff-best-friends-forever-tome-12-course-a-lamitie"},{"id":"9782383826309","title":"1000 mod\u00e8les ultra simples \u00e0 dessiner en pas \u00e0 pas : Animaux & nature","description":"Lise Herzog propose une m\u00e9thode d'apprentissage du dessin en pas-\u00e0-pas.\r\nCe livre regroupe 1000 mod\u00e8les pour apprendre \u00e0 dessiner la nature et les animaux : arbres, plantes, fleurs, mammif\u00e8res, insectes.\r","authors":["Lise Herzog"],"category_codes":["2000000","2060000","2060300"],"visuals":{"large":"https:\/\/images.epagine.fr\/309\/9782383826309_1_75.jpg","medium":"https:\/\/images.epagine.fr\/309\/9782383826309_1_m.jpg","thumbnail":"https:\/\/images.epagine.fr\/309\/9782383826309_1_v.jpg"},"orderable":true,"show_badge":true,"formatted_price":"21,95&nbsp;\u20ac","formatted_published_date":"3 octobre 2025","publisher_availability_label":"Sur commande","short_details":"Lise Herzog \u2014 \u00c9ditions 365","translator":null,"weight":1480,"page_count":368,"readership":null,"editor":"\u00c9ditions 365","price":2195,"published_date":"2025-10-02T22:00:00.000000Z","support":"Grand format","publisher_availability":1,"stock":0,"editions":[],"url":"https:\/\/quaidesbrumes.com\/ouvrage\/9782383826309\/1000-modeles-ultra-simples-a-dessiner-en-pas-a-pas-animaux-nature"},{"id":"9791040121503","title":"Merveilleux animaux","description":"Visitez les maisons des animaux gr\u00e2ce \u00e0 ce documentaire int\u00e9ractif et sa loupe magique !\r\n\r\nDans ce documentaire captivant, les enfants sont amen\u00e9s \u00e0 explorer l'int\u00e9rieur des habitats des animaux et \u00e0 d\u00e9couvrir comment ces derniers construisent leurs abris, prot\u00e8gent leurs petits et s'adaptent \u00e0 leur environnement. Chaque page regorge d'informations sur les techniques de construction et les modes de vie des ours polaires, harfangs des neiges, paresseux, serpents et autres animaux fascinants. \r\nGr\u00e2ce \u00e0 la loupe rouge, les enfants sont initi\u00e9s de fa\u00e7on ludique \u00e0 des notions telles que les l'hibernation, l'organisation d'une soci\u00e9t\u00e9 animale, ou les strat\u00e9gies d'adaptation au climat !\r\n\r","authors":["Jane Wilsher","Laurie Avon"],"category_codes":["2000000","2070000","2070300"],"visuals":{"large":"https:\/\/images.epagine.fr\/503\/9791040121503_1_75.jpg","medium":"https:\/\/images.epagine.fr\/503\/9791040121503_1_m.jpg","thumbnail":"https:\/\/images.epagine.fr\/503\/9791040121503_1_v.jpg"},"orderable":true,"show_badge":false,"formatted_price":"15,90&nbsp;\u20ac","formatted_published_date":"29 ao\u00fbt 2025","publisher_availability_label":"Sur commande","short_details":"Jane Wilsher, Laurie Avon \u2014 La Martini\u00e8re jeunesse","translator":null,"weight":574,"page_count":48,"readership":"\u00e0 partir de 6 ANS","editor":"La Martini\u00e8re jeunesse","price":1590,"published_date":"2025-08-28T22:00:00.000000Z","support":"Grand format","publisher_availability":1,"stock":1,"editions":[],"url":"https:\/\/quaidesbrumes.com\/ouvrage\/9791040121503\/merveilleux-animaux"},{"id":"9782211317177","title":"Ne mets pas tes doigts dans le nez !","description":"\u00c0 chaque page, c'est vrai, c'est tr\u00e8s tentant... mais ne mets pas tes doigts dans le nez de la ch\u00e8vre, ni dans celui du cochon ! Encore moins dans le nez du P\u00e8re No\u00ebl ! Et surtout pas, malheureux, dans le nez du loup !","authors":["Beno\u00eet Charlat"],"category_codes":["2000000","2020000","2020400"],"visuals":{"large":"https:\/\/images.epagine.fr\/177\/9782211317177_1_75.jpg","medium":"https:\/\/images.epagine.fr\/177\/9782211317177_1_m.jpg","thumbnail":"https:\/\/images.epagine.fr\/177\/9782211317177_1_v.jpg"},"orderable":true,"show_badge":true,"formatted_price":"6,00&nbsp;\u20ac","formatted_published_date":"2 mars 2022","publisher_availability_label":"Sur commande","short_details":"Beno\u00eet Charlat \u2014 L'\u00c9cole des loisirs","translator":null,"weight":80,"page_count":null,"readership":"0\/3 ans","editor":"L'\u00c9cole des loisirs","price":600,"published_date":"2022-03-01T23:00:00.000000Z","support":"Poche","publisher_availability":1,"stock":0,"editions":["9782211082709"],"url":"https:\/\/quaidesbrumes.com\/ouvrage\/9782211317177\/ne-mets-pas-tes-doigts-dans-le-nez"},{"id":"9782368291580","title":"Le chat qui n aimait pas les poils","description":"Le chat Eus\u00e8be d\u00e9teste les poils car ils s'emm\u00ealent, frisottent, collent \u00e0 la langue, etc. Alors qu'il supporte bon gr\u00e9 mal gr\u00e9 son quotidien, un \u00e9v\u00e8nement vient bouleverser sa vie.","authors":["S\u00e9verine de La Croix","Pauline Roland","Anthony Signol"],"category_codes":["2000000","2030000","2030400"],"visuals":{"large":"https:\/\/images.epagine.fr\/580\/9782368291580_1_75.jpg","medium":"https:\/\/images.epagine.fr\/580\/9782368291580_1_m.jpg","thumbnail":"https:\/\/images.epagine.fr\/580\/9782368291580_1_v.jpg"},"orderable":true,"show_badge":true,"formatted_price":"8,95&nbsp;\u20ac","formatted_published_date":"7 septembre 2016","publisher_availability_label":"Sur commande","short_details":"S\u00e9verine de La Croix, Pauline Roland, Anthony Signol \u2014 \u00c9ditions Splash!","translator":null,"weight":299,"page_count":null,"readership":"3\/6 ans","editor":"\u00c9ditions Splash!","price":895,"published_date":"2016-09-06T22:00:00.000000Z","support":"Grand format","publisher_availability":1,"stock":0,"editions":[],"url":"https:\/\/quaidesbrumes.com\/ouvrage\/9782368291580\/le-chat-qui-n-aimait-pas-les-poils"},{"id":"9782075147866","title":"Ma famille recompos\u00e9e","description":"Vivre dans une famille recompos\u00e9e, avec son beau-p\u00e8re ou sa belle-m\u00e8re, ses demi-fr\u00e8res ou ses demi-soeurs, comme dans toute famille, c'est parfois compliqu\u00e9, mais c'est toujours une belle aventure.","authors":["Catherine Dolto","Colline Faure-poir\u00e9e"],"category_codes":["2000000","2070000","2070700"],"visuals":{"large":"https:\/\/images.epagine.fr\/866\/9782075147866_1_75.jpg","medium":"https:\/\/images.epagine.fr\/866\/9782075147866_1_m.jpg","thumbnail":"https:\/\/images.epagine.fr\/866\/9782075147866_1_v.jpg"},"orderable":true,"show_badge":true,"formatted_price":"6,90&nbsp;\u20ac","formatted_published_date":"24 septembre 2020","publisher_availability_label":"Sur commande","short_details":"Catherine Dolto, Colline Faure-poir\u00e9e \u2014 Gallimard Jeunesse-Giboul\u00e9es","translator":null,"weight":194,"page_count":32,"readership":"\u00e0 partir de 2 ANS","editor":"Gallimard Jeunesse-Giboul\u00e9es","price":690,"published_date":"2020-09-23T22:00:00.000000Z","support":"Grand format","publisher_availability":1,"stock":0,"editions":[],"url":"https:\/\/quaidesbrumes.com\/ouvrage\/9782075147866\/ma-famille-recomposee"},{"id":"9782075130851","title":"Paris : qui a construit la tour Eiffel ?","description":"Sur les bords d'un grand fleuve appel\u00e9 la Seine, s'\u00e9tend Paris, capitale de la France. C'est une belle ville, avec ses ponts, ses mus\u00e9es, son m\u00e9tro, ses jardins, ses march\u00e9s et, bien s\u00fbr, sa c\u00e9l\u00e8bre tour Eiffel\u00bf! On s'y prom\u00e8ne \u00e0 pied, en bus ou en v\u00e9lo. On y rencontre des visiteurs du monde entier. Et on s'installe aux terrasses des caf\u00e9s pour d\u00e9guster des glaces ou un chocolat chaud...\r\nQui a construit la tour Eiffel ? D'o\u00f9 vient l'ob\u00e9lisque ? Est-ce qu'il y a des animaux en libert\u00e9 \u00e0 Paris ?\r\nDe belles images, des textes simples, des volets \u00e0 soulever, des questions-r\u00e9ponses : un livre anim\u00e9 qui stimule l'imagination des enfants et les \u00e9veille au monde qui les entoure.","authors":["Jean-Michel Billioud"],"category_codes":["2000000","2070000","2070700"],"visuals":{"large":"https:\/\/images.epagine.fr\/851\/9782075130851_1_75.jpg","medium":"https:\/\/images.epagine.fr\/851\/9782075130851_1_m.jpg","thumbnail":"https:\/\/images.epagine.fr\/851\/9782075130851_1_v.jpg"},"orderable":true,"show_badge":true,"formatted_price":"11,90&nbsp;\u20ac","formatted_published_date":"18 juin 2020","publisher_availability_label":"Sur commande","short_details":"Jean-Michel Billioud \u2014 Gallimard Jeunesse","translator":null,"weight":442,"page_count":16,"readership":"\u00e0 partir de 8 ANS","editor":"Gallimard Jeunesse","price":1190,"published_date":"2020-06-17T22:00:00.000000Z","support":"Grand format","publisher_availability":1,"stock":0,"editions":[],"url":"https:\/\/quaidesbrumes.com\/ouvrage\/9782075130851\/paris-qui-a-construit-la-tour-eiffel"},{"id":"9782369021315","title":"\u00c7a mousse au village des boulettes de pieds","description":"Dans la for\u00eat, la famille Bouloche d\u00e9couvre un \u00e9norme machin myst\u00e9rieux, tout blanc. \u00c7a sent bon, mais \u00e7a a mauvais go\u00fbt... Qu'est-ce que \u00e7a peut bien \u00eatre ? Quand il se met \u00e0 pleuvoir, quelque chose de magique se produit sur l'immense objet : \u00e7a mousse ! Terriblement excit\u00e9s, les Bouloche s'y frottent jusqu'\u00e0 devenir... tout propres ! Les boulettes de pied d\u00e9couvrent avec d\u00e9lectation que leurs corps sont color\u00e9s comme l'arc en ciel... Elles sont m\u00e9tamorphos\u00e9es ! Mais catastrophe, \u00e0 leur retour au village, personne ne les reconnait...","authors":["Moriceau","Mrzyk"],"category_codes":["2000000","2030000","2030400"],"visuals":{"large":"https:\/\/images.epagine.fr\/315\/9782369021315_1_75.jpg","medium":"https:\/\/images.epagine.fr\/315\/9782369021315_1_m.jpg","thumbnail":"https:\/\/images.epagine.fr\/315\/9782369021315_1_v.jpg"},"orderable":true,"show_badge":true,"formatted_price":"14,90&nbsp;\u20ac","formatted_published_date":"30 octobre 2020","publisher_availability_label":"Sur commande","short_details":"Moriceau, Mrzyk \u2014 Les Fourmis Rouges","translator":null,"weight":398,"page_count":48,"readership":"3\/6 ans","editor":"Les Fourmis Rouges","price":1490,"published_date":"2020-10-29T23:00:00.000000Z","support":"Grand format","publisher_availability":1,"stock":0,"editions":[],"url":"https:\/\/quaidesbrumes.com\/ouvrage\/9782369021315\/ca-mousse-au-village-des-boulettes-de-pieds"},{"id":"9782408056988","title":"Darwin & Mimolette Tome 1 : Des vacances (presque) id\u00e9ales","description":"Mimolette est une souris studieuse et tr\u00e8s s\u00fbre d'elle. Maintenant que les vacances ont commenc\u00e9, elle veut absolument convaincre Darwin, son meilleur ami, de l'accompagner en exp\u00e9dition : la petite souris veut faire du camping ! Mais Darwin est un chat paresseux qui ne r\u00eave absolument pas d'aventure, il veut juste faire bronzette tout l'\u00e9t\u00e9 ! Mimolette est t\u00eatue et pousse son ami \u00e0 tenter l'exp\u00e9rience... qui sait, peut-\u00eatre qu'il aimera \u00e7a ? Une mise en page dynamique fa\u00e7on journal intime\r\nUne histoire pleine d'humour, o\u00f9 Darwin et Mimolette s'expriment chacun dans leur journal intime, o\u00f9 ils racontent leurs r\u00eaves et leurs pens\u00e9es. Gr\u00e2ce \u00e0 une mise en page dynamique et des effets de style dans le texte, o\u00f9 les bulles et les journaux intimes viennent ajouter un c\u00f4t\u00e9 bande dessin\u00e9e, le chat et la souris semblent encore plus vivants et rigolos !Un roman pour partager sa lecture et valoriser le plaisir de lire\r\nLes \u00ab Roman Milan 6+ \u00bb, de tout premiers romans pour prendre go\u00fbt \u00e0 la lecture ! Avec en bonus, deux pages avec des questions pour ouvrir la discussion autour de l'histoire, en famille ou entre copains.","authors":["Clothilde Delacroix"],"category_codes":["2000000","2040000","2040200"],"visuals":{"large":"https:\/\/images.epagine.fr\/988\/9782408056988_1_75.jpg","medium":"https:\/\/images.epagine.fr\/988\/9782408056988_1_m.jpg","thumbnail":"https:\/\/images.epagine.fr\/988\/9782408056988_1_v.jpg"},"orderable":true,"show_badge":true,"formatted_price":"6,50&nbsp;\u20ac","formatted_published_date":"18 juin 2025","publisher_availability_label":"Sur commande","short_details":"Clothilde Delacroix \u2014 Milan","translator":null,"weight":105,"page_count":40,"readership":"\u00e0 partir de 6 ANS","editor":"Milan","price":650,"published_date":"2025-06-17T22:00:00.000000Z","support":"Grand format","publisher_availability":1,"stock":0,"editions":[],"url":"https:\/\/quaidesbrumes.com\/ouvrage\/9782408056988\/darwin-mimolette-tome-1-des-vacances-presque-ideales"},{"id":"9791036369858","title":"Les dragons de Nalsara Tome 19 : Le pouvoir de T\u00e9n\u00e9breuse","description":"L'avant-dernier \u00e9pisode d'une fantastique aventure ! Les dragons et les \u00e9lusims sont parvenus \u00e0 s'emparer du diamant qui constituait le coeur de la strige, et ils l'ont confi\u00e9 \u00e0 Nyne. La fillette ignore ce qu'elle doit en faire, m\u00eame si elle se doute qu'il a un r\u00f4le \u00e0 jouer dans la guerre contre les Addraks... \u00c0 qui doit-elle le remettre ? \u00c0 son fr\u00e8re ? \u00c0 sa m\u00e8re ? Nyne persuade donc son p\u00e8re quitter l'\u00eele aux Dragons et de se mettre en route, direction : le Territoire des Addraks !","authors":["Marie-H\u00e9l\u00e8ne Delval","Alban Marilleau"],"category_codes":["2000000","2040000","2040500","2040504"],"visuals":{"large":"https:\/\/images.epagine.fr\/858\/9791036369858_1_75.jpg","medium":"https:\/\/images.epagine.fr\/858\/9791036369858_1_m.jpg","thumbnail":"https:\/\/images.epagine.fr\/858\/9791036369858_1_v.jpg"},"orderable":true,"show_badge":true,"formatted_price":"7,20&nbsp;\u20ac","formatted_published_date":"5 novembre 2025","publisher_availability_label":"Sur commande","short_details":"Marie-H\u00e9l\u00e8ne Delval, Alban Marilleau \u2014 Bayard Jeunesse","translator":null,"weight":140,"page_count":160,"readership":"\u00e0 partir de 8 ANS","editor":"Bayard Jeunesse","price":720,"published_date":"2025-11-04T23:00:00.000000Z","support":"Poche","publisher_availability":1,"stock":0,"editions":[],"url":"https:\/\/quaidesbrumes.com\/ouvrage\/9791036369858\/les-dragons-de-nalsara-tome-19-le-pouvoir-de-tenebreuse"},{"id":"9782075074292","title":"Chlo\u00e9 l'araign\u00e9e","description":"Chlo\u00e9 l'Araign\u00e9e habite une maison de poup\u00e9e. Une souris lui parle un jour d'un jardin merveilleux o\u00f9 vivent des papillons tendres \u00e0 croquer. Chlo\u00e9 d\u00e9cide de partir \u00e0 l'aventure et d'aller tisser ses toiles ailleurs.","authors":["Antoon Krings"],"category_codes":["2000000","2030000","2030400"],"visuals":{"large":"https:\/\/images.epagine.fr\/292\/9782075074292_1_75.jpg","medium":"https:\/\/images.epagine.fr\/292\/9782075074292_1_m.jpg","thumbnail":"https:\/\/images.epagine.fr\/292\/9782075074292_1_v.jpg"},"orderable":true,"show_badge":true,"formatted_price":"6,50&nbsp;\u20ac","formatted_published_date":"13 octobre 2016","publisher_availability_label":"Sur commande","short_details":"Antoon Krings \u2014 Gallimard Jeunesse-Giboul\u00e9es","translator":null,"weight":232,"page_count":32,"readership":"3\/6 ans","editor":"Gallimard Jeunesse-Giboul\u00e9es","price":650,"published_date":"2016-10-12T22:00:00.000000Z","support":"Grand format","publisher_availability":1,"stock":0,"editions":[],"url":"https:\/\/quaidesbrumes.com\/ouvrage\/9782075074292\/chloe-laraignee"},{"id":"9782266321501","title":"La guerre des clans - cycle 6 ; de l'ombre \u00e0 la lumi\u00e8re Tome 5 : la rivi\u00e8re de feu","description":"Poursuivez l'aventure du sixi\u00e8me cycle de La guerre des Clans !\r\nMalgr\u00e9 la mort de Plume Sombre et le retour du Clan du Ciel, les tensions restent vives autour du lac : le Clan de la Rivi\u00e8re a ferm\u00e9 ses fronti\u00e8res, et le Clan de l'Ombre, dissout dans le Clan du Ciel, n'existe plus. Affaiblis, les trois clans restants doivent affronter de nouvelles menaces. Seule l'entraide pourrait tous les sauver. Mais sauront-ils d\u00e9passer leurs doutes et oublier les fronti\u00e8res pour qu'il y ait de nouveau cinq clans autour du lac ?\r","authors":["Erin Hunter","Aude Carlier"],"category_codes":["2000000","2040000","2040500","2040503"],"visuals":{"large":"https:\/\/images.epagine.fr\/501\/9782266321501_1_75.jpg","medium":"https:\/\/images.epagine.fr\/501\/9782266321501_1_m.jpg","thumbnail":"https:\/\/images.epagine.fr\/501\/9782266321501_1_v.jpg"},"orderable":true,"show_badge":false,"formatted_price":"16,20&nbsp;\u20ac","formatted_published_date":"1er septembre 2022","publisher_availability_label":"Sur commande","short_details":"Erin Hunter, Aude Carlier \u2014 Pocket Jeunesse","translator":"AUDE CARLIER","weight":370,"page_count":336,"readership":"9\/12 ans","editor":"Pocket Jeunesse","price":1620,"published_date":"2022-08-31T22:00:00.000000Z","support":"Grand format","publisher_availability":1,"stock":1,"editions":[],"url":"https:\/\/quaidesbrumes.com\/ouvrage\/9782266321501\/la-guerre-des-clans-cycle-6-de-lombre-a-la-lumiere-tome-5-la-riviere-de-feu"}]}