{"data":[{"id":"3127020505913","title":"Mes d\u00e9calcomanies Pop","description":"Plongez dans l'univers de Pop et ses amis : laissez libre cours \u00e0 votre imagination et transf\u00e9rez les personnages et les objets \u00e0 l'aide du b\u00e2tonnet pour cr\u00e9er des sc\u00e8nes uniques.  \r\n","authors":["Pierrick Bisinski","Alex Sanders"],"category_codes":["2000000","2080000","2080200"],"visuals":{"large":"https:\/\/images.epagine.fr\/913\/3127020505913_1_75.jpg","medium":"https:\/\/images.epagine.fr\/913\/3127020505913_1_m.jpg","thumbnail":"https:\/\/images.epagine.fr\/913\/3127020505913_1_v.jpg"},"orderable":true,"show_badge":true,"formatted_price":"0,00&nbsp;\u20ac","formatted_published_date":"15 mai 2024","publisher_availability_label":"Sur commande","short_details":"Pierrick Bisinski, Alex Sanders \u2014 L'\u00c9cole des loisirs","translator":null,"weight":366,"page_count":6,"readership":"\u00e0 partir de 3 ANS","editor":"L'\u00c9cole des loisirs","price":0,"published_date":"2024-05-14T22:00:00.000000Z","support":"Papeterie \/ Coloriage","publisher_availability":1,"stock":0,"editions":[],"url":"https:\/\/quaidesbrumes.com\/ouvrage\/3127020505913\/mes-decalcomanies-pop"},{"id":"9782745967824","title":"Les \u00e9motions","description":"Des documentaires qui font la part belle aux illustrations et abordent les questions telles que les enfants se les posent. Un support pr\u00e9cieux pour discuter avec eux et r\u00e9pondre \u00e0 leurs interrogations sur le monde.\r","authors":["Astrid Dumontet","Alex Langlois"],"category_codes":["2000000","2070000","2070200"],"visuals":{"large":"https:\/\/images.epagine.fr\/824\/9782745967824_1_75.jpg","medium":"https:\/\/images.epagine.fr\/824\/9782745967824_1_m.jpg","thumbnail":"https:\/\/images.epagine.fr\/824\/9782745967824_1_v.jpg"},"orderable":true,"show_badge":true,"formatted_price":"9,50&nbsp;\u20ac","formatted_published_date":"20 ao\u00fbt 2014","publisher_availability_label":"Sur commande","short_details":"Astrid Dumontet, Alex Langlois \u2014 Milan","translator":null,"weight":325,"page_count":40,"readership":"\u00e0 partir de 6 ANS","editor":"Milan","price":950,"published_date":"2014-08-19T22:00:00.000000Z","support":"Grand format","publisher_availability":1,"stock":0,"editions":[],"url":"https:\/\/quaidesbrumes.com\/ouvrage\/9782745967824\/les-emotions"},{"id":"9782383496809","title":"La mal\u00e9diction du Nil Tome 3 : La pyramide de Seth","description":"- Un trio attachant et courageux affronte une terrible mal\u00e9diction qui menace le royaume d'\u00c9gypte, annonc\u00e9e par de terribles fl\u00e9aux climatiques.\r\n- Le dernier tome d'une trilogie \u00e0 l'univers fantastique impr\u00e9gn\u00e9 de la vie quotidienne de l'\u00c9gypte antique et sa mythologie.\r\nLorsque les amulettes jumelles seront bris\u00e9es, le monde des morts l'emportera sur celui des vivants, lib\u00e9rant le chaos sur l'\u00c9gypte. Seuls trois \u00e9lus pourront sauver la terre du Nil.\r\nCe tome final se d\u00e9roule presque int\u00e9gralement dans la pyramide invers\u00e9e de Seth. Cette prison d'obsidienne au coeur du d\u00e9sert est en effet en train de se briser \u00e0 la suite des agissements de Hamosis et du pr\u00eatre d'Anubis (celui-ci s'est d'ailleurs fait manipuler par le premier conseiller car le dieu chacal n'est pas l'alli\u00e9 de Seth). C'est une derni\u00e8re aventure plus sombre et avec beaucoup d'action pour d\u00e9jouer les pi\u00e8ges du dieu de la discorde. Les trois h\u00e9ros seront cette fois-ci heureusement aid\u00e9s par d'autres divinit\u00e9s telles qu'Osiris, Horus ou Thot.\r","authors":["Charles Mazarguil","Marie Tibi"],"category_codes":["2000000","2040000","2040500","2040503"],"visuals":{"large":"https:\/\/images.epagine.fr\/809\/9782383496809_1_75.jpg","medium":"https:\/\/images.epagine.fr\/809\/9782383496809_1_m.jpg","thumbnail":"https:\/\/images.epagine.fr\/809\/9782383496809_1_v.jpg"},"orderable":true,"show_badge":true,"formatted_price":"13,50&nbsp;\u20ac","formatted_published_date":"2 avril 2026","publisher_availability_label":"Sur commande","short_details":"Charles Mazarguil, Marie Tibi \u2014 Gulf Stream","translator":null,"weight":200,"page_count":162,"readership":"\u00e0 partir de 9 ANS","editor":"Gulf Stream","price":1350,"published_date":"2026-04-01T22:00:00.000000Z","support":"Grand format","publisher_availability":1,"stock":0,"editions":[],"url":"https:\/\/quaidesbrumes.com\/ouvrage\/9782383496809\/la-malediction-du-nil-tome-3-la-pyramide-de-seth"},{"id":"9782215165651","title":"La moufle","description":"Il \u00e9tait une fois... L'histoire de la moufle tendrement illustr\u00e9e pour faire d\u00e9couvrir aux tout-petits les contes de notre enfance.\r","authors":["Collectif"],"category_codes":["2000000","2040000","2040400"],"visuals":{"large":"https:\/\/images.epagine.fr\/651\/9782215165651_1_75.jpg","medium":"https:\/\/images.epagine.fr\/651\/9782215165651_1_m.jpg","thumbnail":"https:\/\/images.epagine.fr\/651\/9782215165651_1_v.jpg"},"orderable":true,"show_badge":true,"formatted_price":"1,99&nbsp;\u20ac","formatted_published_date":"8 janvier 2021","publisher_availability_label":"Sur commande","short_details":"Collectif \u2014 Fleurus","translator":null,"weight":77,"page_count":16,"readership":"\u00e0 partir de 4 ANS","editor":"Fleurus","price":199,"published_date":"2021-01-07T23:00:00.000000Z","support":"Grand format","publisher_availability":1,"stock":0,"editions":["9782244425542"],"url":"https:\/\/quaidesbrumes.com\/ouvrage\/9782215165651\/la-moufle"},{"id":"9782036089303","title":"Licornia : Mission Licornia au pays des f\u00e9es","description":"Embarquez avec Paula, Claudia et Sara pour une aventure extraordinaire !\r\nCette fois, direction le Pays des F\u00e9es... o\u00f9 elles devront rapetisser pour \u00eatre aussi minuscules que ses habitantes.\r\nLeur mission : retrouver les pr\u00e9cieuses paillettes magiques, indispensables au retour du printemps !\r\nMais attention : les f\u00e9es ne les aideront que si elles les trouvent par elles-m\u00eames ! Et il faudra aussi guider une petite licorne jusqu'\u00e0 Licornia.\r\nParviendront-elles \u00e0 r\u00e9ussir leur mission de sauveteuses officielles de licornes ?\r","authors":["Ana Punset","Diana Vicedo","Claire Tr\u00e9vise"],"category_codes":["2000000","2040000","2040200"],"visuals":{"large":"https:\/\/images.epagine.fr\/303\/9782036089303_1_75.jpg","medium":"https:\/\/images.epagine.fr\/303\/9782036089303_1_m.jpg","thumbnail":"https:\/\/images.epagine.fr\/303\/9782036089303_1_v.jpg"},"orderable":true,"show_badge":true,"formatted_price":"14,99&nbsp;\u20ac","formatted_published_date":"25 mars 2026","publisher_availability_label":"Sur commande","short_details":"Ana Punset, Diana Vicedo, Claire Tr\u00e9vise \u2014 Larousse","translator":"CLAIRE TREVISE","weight":483,"page_count":144,"readership":"\u00e0 partir de 6 ANS","editor":"Larousse","price":1499,"published_date":"2026-03-24T23:00:00.000000Z","support":"Grand format","publisher_availability":1,"stock":0,"editions":[],"url":"https:\/\/quaidesbrumes.com\/ouvrage\/9782036089303\/licornia-mission-licornia-au-pays-des-fees"},{"id":"9782244806723","title":"Mots fl\u00e9ch\u00e9s 10 ans","description":"Plus de 50 grilles de mots fl\u00e9ch\u00e9s, avec des grilles de mots myst\u00e8res \u00e0 trouver ! Dans chaque grille, 8 \u00e0 10 mots \u00e0 trouver \u00e0 l'aide d'une d\u00e9finition ou d'une illustration, sur une th\u00e9matique adapt\u00e9e : L'escape game, l'anglais, la classe de neige, la nature, la cuisine du monde, les animaux, le cin\u00e9ma, l'espace, le potager...","authors":["Virginie Loubier","Thierry Christmann"],"category_codes":["2000000","2060000","2060500"],"visuals":{"large":"https:\/\/images.epagine.fr\/723\/9782244806723_1_75.jpg","medium":"https:\/\/images.epagine.fr\/723\/9782244806723_1_m.jpg","thumbnail":"https:\/\/images.epagine.fr\/723\/9782244806723_1_v.jpg"},"orderable":true,"show_badge":true,"formatted_price":"6,20&nbsp;\u20ac","formatted_published_date":"1er f\u00e9vrier 2026","publisher_availability_label":"Sur commande","short_details":"Virginie Loubier, Thierry Christmann \u2014 \u00c9ditions Lito","translator":null,"weight":200,"page_count":64,"readership":"\u00e0 partir de 10 ANS","editor":"\u00c9ditions Lito","price":620,"published_date":"2026-01-31T23:00:00.000000Z","support":"Grand format","publisher_availability":1,"stock":0,"editions":[],"url":"https:\/\/quaidesbrumes.com\/ouvrage\/9782244806723\/mots-fleches-10-ans"},{"id":"9782215164739","title":"Les animaux de la mer","description":"Les animaux marins sont de magnifiques animaux. Gr\u00e2ce \u00e0 ce documentaire tr\u00e8s illustr\u00e9, apprends \u00e0 conna\u00eetre les animaux du monde sous-marins : les dauphins, les crustac\u00e9s, les baleines, les requins...\r\nAu d\u00e9but du livre, d\u00e9couvre des images \u00e0 d\u00e9couper pour apprendre en t'amusant !\r","authors":["Emilie Beaumont","Marie-Christine Lemayeur","Bernard Alunni"],"category_codes":["2000000","2070000","2070300"],"visuals":{"large":"https:\/\/images.epagine.fr\/739\/9782215164739_1_75.jpg","medium":"https:\/\/images.epagine.fr\/739\/9782215164739_1_m.jpg","thumbnail":"https:\/\/images.epagine.fr\/739\/9782215164739_1_v.jpg"},"orderable":true,"show_badge":true,"formatted_price":"8,95&nbsp;\u20ac","formatted_published_date":"13 mars 2020","publisher_availability_label":"Sur commande","short_details":"Emilie Beaumont, Marie-Christine Lemayeur, Bernard Alunni \u2014 Fleurus","translator":null,"weight":428,"page_count":32,"readership":null,"editor":"Fleurus","price":895,"published_date":"2020-03-12T23:00:00.000000Z","support":"Grand format","publisher_availability":1,"stock":0,"editions":[],"url":"https:\/\/quaidesbrumes.com\/ouvrage\/9782215164739\/les-animaux-de-la-mer"},{"id":"9782215188377","title":"Femmes c\u00e9l\u00e8bres","description":"De nombreuses femmes ont fait l'Histoire. Gr\u00e2ce \u00e0 ce documentaire tr\u00e8s illustr\u00e9, l'enfant d\u00e9couvrira ces femmes devenues c\u00e9l\u00e8bres : des souveraines aux militantes, des sportives aux artistes, des scientifiques aux exploratrices...\r\n\u00c0 la fin du livre, des images \u00e0 d\u00e9couper pour apprendre en s'amusant !\r","authors":["Cathy Franco","Benjamin Carr\u00e9"],"category_codes":["2000000","2070000","2070400"],"visuals":{"large":"https:\/\/images.epagine.fr\/377\/9782215188377_1_75.jpg","medium":"https:\/\/images.epagine.fr\/377\/9782215188377_1_m.jpg","thumbnail":"https:\/\/images.epagine.fr\/377\/9782215188377_1_v.jpg"},"orderable":true,"show_badge":true,"formatted_price":"8,95&nbsp;\u20ac","formatted_published_date":"23 ao\u00fbt 2024","publisher_availability_label":"Sur commande","short_details":"Cathy Franco, Benjamin Carr\u00e9 \u2014 Fleurus","translator":null,"weight":356,"page_count":32,"readership":null,"editor":"Fleurus","price":895,"published_date":"2024-08-22T22:00:00.000000Z","support":"Grand format","publisher_availability":1,"stock":0,"editions":[],"url":"https:\/\/quaidesbrumes.com\/ouvrage\/9782215188377\/femmes-celebres"},{"id":"9782383826309","title":"1000 mod\u00e8les ultra simples \u00e0 dessiner en pas \u00e0 pas : Animaux & nature","description":"Lise Herzog propose une m\u00e9thode d'apprentissage du dessin en pas-\u00e0-pas.\r\nCe livre regroupe 1000 mod\u00e8les pour apprendre \u00e0 dessiner la nature et les animaux : arbres, plantes, fleurs, mammif\u00e8res, insectes.\r","authors":["Lise Herzog"],"category_codes":["2000000","2060000","2060300"],"visuals":{"large":"https:\/\/images.epagine.fr\/309\/9782383826309_1_75.jpg","medium":"https:\/\/images.epagine.fr\/309\/9782383826309_1_m.jpg","thumbnail":"https:\/\/images.epagine.fr\/309\/9782383826309_1_v.jpg"},"orderable":true,"show_badge":true,"formatted_price":"21,95&nbsp;\u20ac","formatted_published_date":"3 octobre 2025","publisher_availability_label":"Sur commande","short_details":"Lise Herzog \u2014 \u00c9ditions 365","translator":null,"weight":1480,"page_count":368,"readership":null,"editor":"\u00c9ditions 365","price":2195,"published_date":"2025-10-02T22:00:00.000000Z","support":"Grand format","publisher_availability":1,"stock":0,"editions":[],"url":"https:\/\/quaidesbrumes.com\/ouvrage\/9782383826309\/1000-modeles-ultra-simples-a-dessiner-en-pas-a-pas-animaux-nature"},{"id":"9782408056988","title":"Darwin & Mimolette Tome 1 : Des vacances (presque) id\u00e9ales","description":"Mimolette est une souris studieuse et tr\u00e8s s\u00fbre d'elle. Maintenant que les vacances ont commenc\u00e9, elle veut absolument convaincre Darwin, son meilleur ami, de l'accompagner en exp\u00e9dition : la petite souris veut faire du camping ! Mais Darwin est un chat paresseux qui ne r\u00eave absolument pas d'aventure, il veut juste faire bronzette tout l'\u00e9t\u00e9 ! Mimolette est t\u00eatue et pousse son ami \u00e0 tenter l'exp\u00e9rience... qui sait, peut-\u00eatre qu'il aimera \u00e7a ? Une mise en page dynamique fa\u00e7on journal intime\r\nUne histoire pleine d'humour, o\u00f9 Darwin et Mimolette s'expriment chacun dans leur journal intime, o\u00f9 ils racontent leurs r\u00eaves et leurs pens\u00e9es. Gr\u00e2ce \u00e0 une mise en page dynamique et des effets de style dans le texte, o\u00f9 les bulles et les journaux intimes viennent ajouter un c\u00f4t\u00e9 bande dessin\u00e9e, le chat et la souris semblent encore plus vivants et rigolos !Un roman pour partager sa lecture et valoriser le plaisir de lire\r\nLes \u00ab Roman Milan 6+ \u00bb, de tout premiers romans pour prendre go\u00fbt \u00e0 la lecture ! Avec en bonus, deux pages avec des questions pour ouvrir la discussion autour de l'histoire, en famille ou entre copains.","authors":["Clothilde Delacroix"],"category_codes":["2000000","2040000","2040200"],"visuals":{"large":"https:\/\/images.epagine.fr\/988\/9782408056988_1_75.jpg","medium":"https:\/\/images.epagine.fr\/988\/9782408056988_1_m.jpg","thumbnail":"https:\/\/images.epagine.fr\/988\/9782408056988_1_v.jpg"},"orderable":true,"show_badge":true,"formatted_price":"6,50&nbsp;\u20ac","formatted_published_date":"18 juin 2025","publisher_availability_label":"Sur commande","short_details":"Clothilde Delacroix \u2014 Milan","translator":null,"weight":105,"page_count":40,"readership":"\u00e0 partir de 6 ANS","editor":"Milan","price":650,"published_date":"2025-06-17T22:00:00.000000Z","support":"Grand format","publisher_availability":1,"stock":0,"editions":[],"url":"https:\/\/quaidesbrumes.com\/ouvrage\/9782408056988\/darwin-mimolette-tome-1-des-vacances-presque-ideales"},{"id":"9791040122258","title":"Comment sympathiser avec un ours ? Le meilleur guide pour partir \u00e0 l'aventure","description":"Un livre indispensable pour les aventuriers en herbe, les exploratrices intr\u00e9pides et celles et ceux qui veulent \u00eatre pr\u00eats \u00e0 toute \u00e9ventualit\u00e9.\r\n\r\nAVEC DES CONSEILS PRATIQUES, DES ASTUCES DE SURVIE ET DES ANECDOTES\r\n\u00c9TONNANTES, TU APPRENDRAS \u00c0...\r\n\r\n- faire face \u00e0 un requin sans finir en casse-cro\u00fbte\r\n- trouver ton chemin dans une for\u00eat tropicale imp\u00e9n\u00e9trable\r\n- survivre \u00e0 une \u00e9ruption volcanique sans te transformer en statue de lave\r\n- te prot\u00e9ger de la chaleur \u00e9crasante du d\u00e9sert ou braver le froid polaire\r\nET D'AUTRES \u00c9PREUVES EXCEPTIONNELLES !\r\n\r\nLE GUIDE ULTIME POUR SURMONTER LES SITUATIONS LES PLUS EXTR\u00caMES\r","authors":["St\u00e9phanie Vernet","Camille Gautier","Cl\u00e9mence Sauvage"],"category_codes":["2000000","2070000","2070300"],"visuals":{"large":"https:\/\/images.epagine.fr\/258\/9791040122258_1_75.jpg","medium":"https:\/\/images.epagine.fr\/258\/9791040122258_1_m.jpg","thumbnail":"https:\/\/images.epagine.fr\/258\/9791040122258_1_v.jpg"},"orderable":true,"show_badge":false,"formatted_price":"16,90&nbsp;\u20ac","formatted_published_date":"6 juin 2025","publisher_availability_label":"Sur commande","short_details":"St\u00e9phanie Vernet, Camille Gautier, Cl\u00e9mence Sauvage \u2014 La Martini\u00e8re jeunesse","translator":null,"weight":448,"page_count":112,"readership":"\u00e0 partir de 8 ANS","editor":"La Martini\u00e8re jeunesse","price":1690,"published_date":"2025-06-05T22:00:00.000000Z","support":"Grand format","publisher_availability":1,"stock":1,"editions":[],"url":"https:\/\/quaidesbrumes.com\/ouvrage\/9791040122258\/comment-sympathiser-avec-un-ours-le-meilleur-guide-pour-partir-a-laventure"},{"id":"9782226492296","title":"Autre-Monde Tome 2 : Malronce","description":"Dans un monde o\u00f9 la nature a repris le pouvoir et o\u00f9 les adultes sont redevenus sauvages, trois adolescents, Matt, Tobias et Ambre, forment l'Alliance des Trois et tentent de survivre au sein d'une communaut\u00e9 de jeunes ayant d\u00e9velopp\u00e9 des dons surnaturels. Dans cet Autre-Monde, recouvert par un oc\u00e9an de for\u00eats, peupl\u00e9 de cr\u00e9atures fabuleuses, travers\u00e9 de courants et d'\u00e9nergies \u00e9tranges, ils devront d\u00e9jouer les pi\u00e8ges d'une myst\u00e9rieuse reine, r\u00e9solue \u00e0 leur perte : Malronce.","authors":["Maxime Chattam"],"category_codes":["2000000","2050000","2050200","2050205"],"visuals":{"large":"https:\/\/images.epagine.fr\/296\/9782226492296_1_75.jpg","medium":"https:\/\/images.epagine.fr\/296\/9782226492296_1_m.jpg","thumbnail":"https:\/\/images.epagine.fr\/296\/9782226492296_1_v.jpg"},"orderable":true,"show_badge":true,"formatted_price":"17,90&nbsp;\u20ac","formatted_published_date":"27 mars 2024","publisher_availability_label":"Sur commande","short_details":"Maxime Chattam \u2014 Albin Michel","translator":null,"weight":568,"page_count":448,"readership":"\u00e0 partir de 13 ANS","editor":"Albin Michel","price":1790,"published_date":"2024-03-26T23:00:00.000000Z","support":"Grand format","publisher_availability":1,"stock":0,"editions":["9782253173588","9782226194138"],"url":"https:\/\/quaidesbrumes.com\/ouvrage\/9782226492296\/autre-monde-tome-2-malronce"},{"id":"9782075074292","title":"Chlo\u00e9 l'araign\u00e9e","description":"Chlo\u00e9 l'Araign\u00e9e habite une maison de poup\u00e9e. Une souris lui parle un jour d'un jardin merveilleux o\u00f9 vivent des papillons tendres \u00e0 croquer. Chlo\u00e9 d\u00e9cide de partir \u00e0 l'aventure et d'aller tisser ses toiles ailleurs.","authors":["Antoon Krings"],"category_codes":["2000000","2030000","2030400"],"visuals":{"large":"https:\/\/images.epagine.fr\/292\/9782075074292_1_75.jpg","medium":"https:\/\/images.epagine.fr\/292\/9782075074292_1_m.jpg","thumbnail":"https:\/\/images.epagine.fr\/292\/9782075074292_1_v.jpg"},"orderable":true,"show_badge":true,"formatted_price":"6,50&nbsp;\u20ac","formatted_published_date":"13 octobre 2016","publisher_availability_label":"Sur commande","short_details":"Antoon Krings \u2014 Gallimard Jeunesse-Giboul\u00e9es","translator":null,"weight":232,"page_count":32,"readership":"3\/6 ans","editor":"Gallimard Jeunesse-Giboul\u00e9es","price":650,"published_date":"2016-10-12T22:00:00.000000Z","support":"Grand format","publisher_availability":1,"stock":0,"editions":[],"url":"https:\/\/quaidesbrumes.com\/ouvrage\/9782075074292\/chloe-laraignee"},{"id":"9782386142239","title":"Je suis n\u00e9 en 2016. Et quelle ann\u00e9e !","description":"Cette ann\u00e9e est tr\u00e8s importante... c'est celle de ta naissance ! Gr\u00e2ce \u00e0 cette nouvelle collection, d\u00e9couvre les \u00e9v\u00e9nements, personnages, comm\u00e9morations et infos insolites qui ont marqu\u00e9 ces 12 mois en France et dans le monde. Qu'il s'agisse de pop culture, de sciences, de sport, d'environnement ou de nouvelles technologies... tu sauras tout sur l'ann\u00e9e de ta venue au monde !\r","authors":["Bruno Wennagel"],"category_codes":["2000000","2070000","2070400"],"visuals":{"large":"https:\/\/images.epagine.fr\/239\/9782386142239_1_75.jpg","medium":"https:\/\/images.epagine.fr\/239\/9782386142239_1_m.jpg","thumbnail":"https:\/\/images.epagine.fr\/239\/9782386142239_1_v.jpg"},"orderable":true,"show_badge":true,"formatted_price":"5,00&nbsp;\u20ac","formatted_published_date":"5 novembre 2025","publisher_availability_label":"Sur commande","short_details":"Bruno Wennagel \u2014 Quelle Histoire","translator":null,"weight":90,"page_count":40,"readership":"Tout public","editor":"Quelle Histoire","price":500,"published_date":"2025-11-04T23:00:00.000000Z","support":"Grand format","publisher_availability":1,"stock":0,"editions":[],"url":"https:\/\/quaidesbrumes.com\/ouvrage\/9782386142239\/je-suis-ne-en-2016-et-quelle-annee"},{"id":"9782266321501","title":"La guerre des clans - cycle 6 ; de l'ombre \u00e0 la lumi\u00e8re Tome 5 : la rivi\u00e8re de feu","description":"Poursuivez l'aventure du sixi\u00e8me cycle de La guerre des Clans !\r\nMalgr\u00e9 la mort de Plume Sombre et le retour du Clan du Ciel, les tensions restent vives autour du lac : le Clan de la Rivi\u00e8re a ferm\u00e9 ses fronti\u00e8res, et le Clan de l'Ombre, dissout dans le Clan du Ciel, n'existe plus. Affaiblis, les trois clans restants doivent affronter de nouvelles menaces. Seule l'entraide pourrait tous les sauver. Mais sauront-ils d\u00e9passer leurs doutes et oublier les fronti\u00e8res pour qu'il y ait de nouveau cinq clans autour du lac ?\r","authors":["Erin Hunter","Aude Carlier"],"category_codes":["2000000","2040000","2040500","2040503"],"visuals":{"large":"https:\/\/images.epagine.fr\/501\/9782266321501_1_75.jpg","medium":"https:\/\/images.epagine.fr\/501\/9782266321501_1_m.jpg","thumbnail":"https:\/\/images.epagine.fr\/501\/9782266321501_1_v.jpg"},"orderable":true,"show_badge":false,"formatted_price":"16,20&nbsp;\u20ac","formatted_published_date":"1er septembre 2022","publisher_availability_label":"Sur commande","short_details":"Erin Hunter, Aude Carlier \u2014 Pocket Jeunesse","translator":"AUDE CARLIER","weight":370,"page_count":336,"readership":"9\/12 ans","editor":"Pocket Jeunesse","price":1620,"published_date":"2022-08-31T22:00:00.000000Z","support":"Grand format","publisher_availability":1,"stock":1,"editions":[],"url":"https:\/\/quaidesbrumes.com\/ouvrage\/9782266321501\/la-guerre-des-clans-cycle-6-de-lombre-a-la-lumiere-tome-5-la-riviere-de-feu"},{"id":"9791035842451","title":"L'\u00c9pop\u00e9e du Roi Singe","description":"N\u00e9 d'un oeuf de pierre, un petit singe devient roi avant de partir en qu\u00eate de l'immortalit\u00e9. Son voyage \u00e0 travers l'Univers bouleverse l'ordre c\u00e9leste. R\u00e9cit initiatique et mythe majeur de la litt\u00e9rature chinoise, L'\u00c9pop\u00e9e du Roi Singe est un texte fondateur, aussi dr\u00f4le que profond. Tout pour entrer dans l'oeuvre - Un premier aper\u00e7u de l'oeuvre et de ses grandes th\u00e9matiques - L'essentiel \u00e0 savoir sur le contexte - Un zoom culturel Tout pour analyser l'oeuvre - Le texte int\u00e9gral annot\u00e9 et illustr\u00e9 - Une analyse de l'oeuvre pas \u00e0 pas - Un atelier podcast cl\u00e9 en main - De nombreuses activit\u00e9s de vocabulaire et d'expression \u00e9crites et orales - Un bilan avec des cartes mentales Pour prolonger la lecture - Un groupement de textes\u00a0:\u00a0La qu\u00eate de l'immortalit\u00e9 - Un dossier adaptations. + un cahier photos.","authors":["Colette Kahn","Marien Celeri"],"category_codes":["12000000","12210000","12210300","12210304"],"visuals":{"large":"https:\/\/images.epagine.fr\/451\/9791035842451_1_75.jpg","medium":"https:\/\/images.epagine.fr\/451\/9791035842451_1_m.jpg","thumbnail":"https:\/\/images.epagine.fr\/451\/9791035842451_1_v.jpg"},"orderable":true,"show_badge":true,"formatted_price":"4,90&nbsp;\u20ac","formatted_published_date":"23 avril 2025","publisher_availability_label":"Sur commande","short_details":"Colette Kahn, Marien Celeri \u2014 Belin Education - Gallimard","translator":null,"weight":156,"page_count":168,"readership":"Tout public","editor":"Belin Education - Gallimard","price":490,"published_date":"2025-04-22T22:00:00.000000Z","support":"Poche","publisher_availability":1,"stock":0,"editions":[],"url":"https:\/\/quaidesbrumes.com\/ouvrage\/9791035842451\/lepopee-du-roi-singe"},{"id":"9781836064961","title":"J'habille mes amies : les meilleures copines","description":"Un livre avec plus de 350 autocollants pour habiller les amies dans toutes leurs activit\u00e9s.\r\nLes trois meilleures copines ont un emploi du temps bien charg\u00e9 ! Entre une sortie au cin\u00e9ma, une f\u00eate surprise, une soir\u00e9e karaok\u00e9 et bien plus encore, elles vont avoir besoin d'aide pour se pr\u00e9parer. Les enfants passeront des heures \u00e0 habiller les personnages et d\u00e9corer les sc\u00e8nes gr\u00e2ce \u00e0 plus de 350 autocollants de v\u00eatements et accessoires.","authors":["Lucy Bowman","Jo Moore"],"category_codes":["2000000","2080000","2080200"],"visuals":{"large":"https:\/\/images.epagine.fr\/961\/9781836064961_1_75.jpg","medium":"https:\/\/images.epagine.fr\/961\/9781836064961_1_m.jpg","thumbnail":"https:\/\/images.epagine.fr\/961\/9781836064961_1_v.jpg"},"orderable":true,"show_badge":true,"formatted_price":"7,50&nbsp;\u20ac","formatted_published_date":"6 novembre 2025","publisher_availability_label":"Sur commande","short_details":"Lucy Bowman, Jo Moore \u2014 Usborne","translator":null,"weight":284,"page_count":23,"readership":"\u00e0 partir de 5 ANS","editor":"Usborne","price":750,"published_date":"2025-11-05T23:00:00.000000Z","support":"Papeterie \/ Coloriage","publisher_availability":1,"stock":0,"editions":[],"url":"https:\/\/quaidesbrumes.com\/ouvrage\/9781836064961\/jhabille-mes-amies-les-meilleures-copines"},{"id":"9782013982429","title":"Mini-Loup policier","description":"Catastrophe ! Rapha\u00eblle, la soeur de Mini-Pic a disparu lors d'une balade en for\u00eat. Est-elle perdue ? Les fr\u00e8res Grognard y seraient-ils pour quelque chose ? Vous savez, les marcassins ! Ils aiment ramasser des ch\u00e2taignes dans la for\u00eat avant l'hiver.  \r\nMini-Loup policier se lance \u00e0 la recherche de Rapha\u00eblle, accompagn\u00e9 de son amie Louna. Arriveront-ils \u00e0 la retrouver ? L'enqu\u00eate commence !","authors":["Philippe Matter"],"category_codes":["2000000","2030000","2030400"],"visuals":{"large":"https:\/\/images.epagine.fr\/429\/9782013982429_1_75.jpg","medium":"https:\/\/images.epagine.fr\/429\/9782013982429_1_m.jpg","thumbnail":"https:\/\/images.epagine.fr\/429\/9782013982429_1_v.jpg"},"orderable":true,"show_badge":true,"formatted_price":"6,95&nbsp;\u20ac","formatted_published_date":"9 septembre 2020","publisher_availability_label":"Sur commande","short_details":"Philippe Matter \u2014 Hachette Enfants","translator":null,"weight":260,"page_count":32,"readership":"\u00e0 partir de 3 ANS","editor":"Hachette Enfants","price":695,"published_date":"2020-09-08T22:00:00.000000Z","support":"Grand format","publisher_availability":1,"stock":0,"editions":["9782017167433"],"url":"https:\/\/quaidesbrumes.com\/ouvrage\/9782013982429\/mini-loup-policier"},{"id":"9782080463036","title":"Le Col des Mille Larmes","description":"Galshan est inqui\u00e8te, cela fait plus de six jours que son p\u00e8re, Ryham, chauffeur de poids-lourds, aurait d\u00fb rentrer. Chaque nuit, elle fait le m\u00eame cauchemar : un camion fonce sur elle avant de tomber dans le vide. Tout le monde pense que Ryham a p\u00e9ri lors de la dangereuse travers\u00e9e du col des Mille Larmes. Galshan, elle, sait que son p\u00e8re est en vie... \u00c0 travers les hauts plateaux de l'Ouzb\u00e9kistan, d\u00e9couvrez les aventures \u00e9piques et \u00e9mouvantes d'une h\u00e9ro\u00efne pr\u00eate \u00e0 tout pour sa famille.\r","authors":["Xavier-Laurent Petit"],"category_codes":["2000000","2040000","2040500"],"visuals":{"large":"https:\/\/images.epagine.fr\/036\/9782080463036_1_75.jpg","medium":"https:\/\/images.epagine.fr\/036\/9782080463036_1_m.jpg","thumbnail":"https:\/\/images.epagine.fr\/036\/9782080463036_1_v.jpg"},"orderable":true,"show_badge":true,"formatted_price":"5,90&nbsp;\u20ac","formatted_published_date":"2 octobre 2024","publisher_availability_label":"Sur commande","short_details":"Xavier-Laurent Petit \u2014 Flammarion jeunesse","translator":null,"weight":158,"page_count":192,"readership":"\u00e0 partir de 6 ANS","editor":"Flammarion jeunesse","price":590,"published_date":"2024-10-01T22:00:00.000000Z","support":"Poche","publisher_availability":1,"stock":0,"editions":[],"url":"https:\/\/quaidesbrumes.com\/ouvrage\/9782080463036\/le-col-des-mille-larmes"},{"id":"9782371025189","title":"Stranger Things : Flight of Icarus","description":"Les l\u00e9gendes ne meurent jamais vraiment...\r\nLa pr\u00e9quelle de la s\u00e9rie \u00e9v\u00e9nement Stranger Things, exclusivement en roman !\r\nHawkins, 1984.\r\n\r\nPour Eddie Munson, cette petite ville de l'Indiana repr\u00e9sente son pire cauchemar. Heureusement, il ne lui reste que quelques mois \u00e0 tenir avant la fin du lyc\u00e9e. En attendant, il tue le temps \u00e0 grand renfort de parties de Donjons & Dragons et de concerts avec son groupe de metal. C'est d'ailleurs dans le pire bar de la ville o\u00f9 se produisent les Corroded Coffin qu'il fait la rencontre de Paige.\r\n\r\nD\u00e9couvreuse de talents pour une maison de disques \u00e0 Los Angeles, la jeune femme lui offre rien de moins que l'opportunit\u00e9 de sa vie. Pour voir ses r\u00eaves devenir r\u00e9alit\u00e9 et enfin quitter Hawkins, il lui suffit de faire une d\u00e9mo des meilleures chansons de son groupe. Le probl\u00e8me ? Louer un studio d'enregistrement co\u00fbte de l'argent qu'Eddie n'a pas.\r\n\r\nQu'importe, il est pr\u00eat \u00e0 tout... m\u00eame \u00e0 tremper dans les combines de l'homme le moins fiable qu'il connaisse - son p\u00e8re, Al Munson. Car Eddie le sent : 1984 sera son ann\u00e9e ! Si vous aussi, vous avez ador\u00e9 ce personnage incontournable de la c\u00e9l\u00e8bre s\u00e9rie des fr\u00e8res Duffer, alors Stranger Things - Flight of Icarus est fait pour vous. Vous saurez tout du pass\u00e9 de ce rebelle dans l'\u00e2me qui s'appr\u00eate \u00e0 voler un peu trop pr\u00e8s du soleil.","authors":["Caitlin Schneiderhan"],"category_codes":["2000000","2050000","2050200","2050203"],"visuals":{"large":"https:\/\/images.epagine.fr\/189\/9782371025189_1_75.jpg","medium":"https:\/\/images.epagine.fr\/189\/9782371025189_1_m.jpg","thumbnail":"https:\/\/images.epagine.fr\/189\/9782371025189_1_v.jpg"},"orderable":true,"show_badge":true,"formatted_price":"8,50&nbsp;\u20ac","formatted_published_date":"6 novembre 2025","publisher_availability_label":"Sur commande","short_details":"Caitlin Schneiderhan \u2014 \u00c9ditions Lumen","translator":null,"weight":232,"page_count":373,"readership":"\u00e0 partir de 12 ANS","editor":"\u00c9ditions Lumen","price":850,"published_date":"2025-11-05T23:00:00.000000Z","support":"Poche","publisher_availability":1,"stock":0,"editions":["9782371023215"],"url":"https:\/\/quaidesbrumes.com\/ouvrage\/9782371025189\/stranger-things-flight-of-icarus"},{"id":"9782016265932","title":"Pok\u00e9mon - Soleil et Lune Tome 1 : aventures \u00e0 Alola","description":"Une nouvelle aventure commence pour Sacha et son fid\u00e8le Pikachu ! Les voil\u00e0 en vacances \u00e0 Alola, un archipel paradisiaque. Ils y rencontrent de nouveaux Pok\u00e9mon \u00e0 chaque coin de rue... Mais le plus fou, c'est le lieu fantastique que d\u00e9couvre le Dresseur : l'\u00c9cole Pok\u00e9mon !","authors":["Collectif"],"category_codes":["2000000","2040000","2040200"],"visuals":{"large":"https:\/\/images.epagine.fr\/932\/9782016265932_1_75.jpg","medium":"https:\/\/images.epagine.fr\/932\/9782016265932_1_m.jpg","thumbnail":"https:\/\/images.epagine.fr\/932\/9782016265932_1_v.jpg"},"orderable":true,"show_badge":true,"formatted_price":"5,90&nbsp;\u20ac","formatted_published_date":"20 septembre 2017","publisher_availability_label":"Sur commande","short_details":"Collectif \u2014 Hachette Jeunesse","translator":null,"weight":106,"page_count":64,"readership":"\u00e0 partir de 6 ANS","editor":"Hachette Jeunesse","price":590,"published_date":"2017-09-19T22:00:00.000000Z","support":"Poche","publisher_availability":1,"stock":0,"editions":[],"url":"https:\/\/quaidesbrumes.com\/ouvrage\/9782016265932\/pokemon-soleil-et-lune-tome-1-aventures-a-alola"},{"id":"9782203298187","title":"O\u00f9 habiter demain ? Comprendre les migrations climatiques","description":"Contre les id\u00e9es re\u00e7ues sur les migrations climatiques, un ouvrage clair et synth\u00e9tique pour tout comprendre\u00a0! Afin d'\u00e9chapper aux cons\u00e9quences du d\u00e9r\u00e8glement climatique qui ne cesse de s'aggraver, des millions de personnes sont dans l'obligation de fuir leur lieu de vie. Ces migrations sont souvent d\u00e9crites de mani\u00e8re simpliste comme des ph\u00e9nom\u00e8nes n\u00e9gatifs et d\u00e9stabilisants pour les territoires d'accueil. Ce livre offre une perspective nuanc\u00e9e, loin des clich\u00e9s, et invite \u00e0 une meilleure compr\u00e9hension de ces r\u00e9alit\u00e9s complexes, qui n'ont rien \u00e0 voir avec leurs instrumentalisations politiques. Il s'agit de trag\u00e9dies humaines, qui d\u00e9racinent des millions de familles. Con\u00e7u pour \u00eatre le plus accessible possible, ce livre a pour ambition de donner des cl\u00e9s de compr\u00e9hension, de combattre des id\u00e9es re\u00e7ues et de d\u00e9crypter les images pour mieux illustrer le propos. En partenariat avec le Mus\u00e9e national de l'histoire de l'immigration, dont l'exposition Migrations et Climats (titre provisoire) ouvrira ses portes courant octobre 2025.\r","authors":["Jean-Michel Billioud","M\u00e9lody Denturck"],"category_codes":["2000000","2070000","2070600"],"visuals":{"large":"https:\/\/images.epagine.fr\/187\/9782203298187_1_75.jpg","medium":"https:\/\/images.epagine.fr\/187\/9782203298187_1_m.jpg","thumbnail":"https:\/\/images.epagine.fr\/187\/9782203298187_1_v.jpg"},"orderable":true,"show_badge":false,"formatted_price":"10,00&nbsp;\u20ac","formatted_published_date":"8 octobre 2025","publisher_availability_label":"Indisponible","short_details":"Jean-Michel Billioud, M\u00e9lody Denturck \u2014 Casterman","translator":null,"weight":138,"page_count":48,"readership":"\u00e0 partir de 15 ans","editor":"Casterman","price":1000,"published_date":"2025-10-07T22:00:00.000000Z","support":"Grand format","publisher_availability":4,"stock":1,"editions":[],"url":"https:\/\/quaidesbrumes.com\/ouvrage\/9782203298187\/ou-habiter-demain-comprendre-les-migrations-climatiques"},{"id":"9782080417916","title":"Je suis en CP Tome 36 : plantons des arbres !","description":"\u00abNous allons planter de nouveaux arbres dans la cour, annonce Ma\u00eetresse Julie. - Alors, nous aurons une cour plus verte et avec plus d'ombre, dit Mia. - Et ce sera plus joli ! ajoute Bob. - Oui, vous avez tout compris !\u00bb 1 histoire + 1 dico mot-image + des activit\u00e9s ludiques.","authors":["Magdalena","Emmanuel Ristord"],"category_codes":["2000000","2040000","2040200"],"visuals":{"large":"https:\/\/images.epagine.fr\/916\/9782080417916_1_75.jpg","medium":"https:\/\/images.epagine.fr\/916\/9782080417916_1_m.jpg","thumbnail":"https:\/\/images.epagine.fr\/916\/9782080417916_1_v.jpg"},"orderable":true,"show_badge":true,"formatted_price":"5,80&nbsp;\u20ac","formatted_published_date":"26 avril 2023","publisher_availability_label":"Sur commande","short_details":"Magdalena, Emmanuel Ristord \u2014 P\u00e8re Castor","translator":null,"weight":122,"page_count":40,"readership":"\u00e0 partir de 6 ANS","editor":"P\u00e8re Castor","price":580,"published_date":"2023-04-25T22:00:00.000000Z","support":"Grand format","publisher_availability":1,"stock":0,"editions":[],"url":"https:\/\/quaidesbrumes.com\/ouvrage\/9782080417916\/je-suis-en-cp-tome-36-plantons-des-arbres"},{"id":"9782070655359","title":"La p\u00eache \u00e0 la baleine","description":"\u00c0 la p\u00eache \u00e0 la baleine, le p\u00e8re s'en est all\u00e9. Mais la baleine l'a pourchass\u00e9...","authors":["Jacques Pr\u00e9vert"],"category_codes":["2000000","2030000","2030300"],"visuals":{"large":"https:\/\/images.epagine.fr\/359\/9782070655359_1_75.jpg","medium":"https:\/\/images.epagine.fr\/359\/9782070655359_1_m.jpg","thumbnail":"https:\/\/images.epagine.fr\/359\/9782070655359_1_v.jpg"},"orderable":true,"show_badge":true,"formatted_price":"7,50&nbsp;\u20ac","formatted_published_date":"5 septembre 2013","publisher_availability_label":"Sur commande","short_details":"Jacques Pr\u00e9vert \u2014 Gallimard Jeunesse","translator":null,"weight":80,"page_count":28,"readership":"3\/6 ans","editor":"Gallimard Jeunesse","price":750,"published_date":"2013-09-04T22:00:00.000000Z","support":"Grand format","publisher_availability":1,"stock":0,"editions":[],"url":"https:\/\/quaidesbrumes.com\/ouvrage\/9782070655359\/la-peche-a-la-baleine"}]}