{"data":[{"id":"9782075175043","title":"Dormir","description":"Depuis l'histoire du soir, rassurante, les pipis de nuit, les cauchemars et les r\u00eaves, la peur du noir jusqu'au petit d\u00e9jeuner, dormir est une grande aventure qu'il faut parfois accompagner.","authors":["Catherine Dolto","Colline Faure-poir\u00e9e","Robin"],"category_codes":["2000000","2070000","2070700"],"visuals":{"large":"https:\/\/images.epagine.fr\/043\/9782075175043_1_75.jpg","medium":"https:\/\/images.epagine.fr\/043\/9782075175043_1_m.jpg","thumbnail":"https:\/\/images.epagine.fr\/043\/9782075175043_1_v.jpg"},"orderable":true,"show_badge":true,"formatted_price":"6,90&nbsp;\u20ac","formatted_published_date":"20 octobre 2022","publisher_availability_label":"Sur commande","short_details":"Catherine Dolto, Colline Faure-poir\u00e9e, Robin \u2014 Gallimard Jeunesse-Giboul\u00e9es","translator":null,"weight":190,"page_count":32,"readership":"\u00e0 partir de 3 ANS","editor":"Gallimard Jeunesse-Giboul\u00e9es","price":690,"published_date":"2022-10-19T22:00:00.000000Z","support":"Grand format","publisher_availability":1,"stock":0,"editions":[],"url":"https:\/\/quaidesbrumes.com\/ouvrage\/9782075175043\/dormir"},{"id":"9782244310527","title":"Les animaux","description":"Cinq pop-up sur le th\u00e8me des animaux, accompagn\u00e9s d'onomatop\u00e9es.\r","authors":["Cristina Neri"],"category_codes":["2000000","2030000","2030500"],"visuals":{"large":"https:\/\/images.epagine.fr\/527\/9782244310527_1_75.jpg","medium":"https:\/\/images.epagine.fr\/527\/9782244310527_1_m.jpg","thumbnail":"https:\/\/images.epagine.fr\/527\/9782244310527_1_v.jpg"},"orderable":true,"show_badge":true,"formatted_price":"6,90&nbsp;\u20ac","formatted_published_date":"1er mars 2026","publisher_availability_label":"Sur commande","short_details":"Cristina Neri \u2014 \u00c9ditions Lito","translator":null,"weight":230,"page_count":10,"readership":"\u00e0 partir de 3 ANS","editor":"\u00c9ditions Lito","price":690,"published_date":"2026-02-28T23:00:00.000000Z","support":"Grand format","publisher_availability":1,"stock":0,"editions":[],"url":"https:\/\/quaidesbrumes.com\/ouvrage\/9782244310527\/les-animaux"},{"id":"9782211054836","title":"J'attends un petit frere","description":"Maud va avoir un petit fr\u00e8re, et elle n'est pas contente. Pourtant, la curiosit\u00e9 l'emporte. Et la curiosit\u00e9 est satisfaite \u00e0 chaque page puisque, en soulevant un volet, on voit le b\u00e9b\u00e9 grandir dans le ventre de maman. Un b\u00e9b\u00e9 qui fait tout comme Maud... Un album plein d'optimisme et de dr\u00f4lerie pour pr\u00e9parer la venue de b\u00e9b\u00e9 en s'offrant quelques fous rires. D\u00e8s 2 ans.\r","authors":["Marianne Vilcoq"],"category_codes":["2000000","2020000","2020400"],"visuals":{"large":"https:\/\/images.epagine.fr\/836\/9782211054836_1_75.jpg","medium":"https:\/\/images.epagine.fr\/836\/9782211054836_1_m.jpg","thumbnail":"https:\/\/images.epagine.fr\/836\/9782211054836_1_v.jpg"},"orderable":true,"show_badge":true,"formatted_price":"12,50&nbsp;\u20ac","formatted_published_date":"24 mars 2001","publisher_availability_label":"Sur commande","short_details":"Marianne Vilcoq \u2014 L'\u00c9cole des loisirs","translator":null,"weight":190,"page_count":40,"readership":"0\/3 ans","editor":"L'\u00c9cole des loisirs","price":1250,"published_date":"2001-03-23T23:00:00.000000Z","support":"Grand format","publisher_availability":1,"stock":0,"editions":[],"url":"https:\/\/quaidesbrumes.com\/ouvrage\/9782211054836\/jattends-un-petit-frere"},{"id":"9782324037771","title":"Cinq petits agneaux","description":"Fais glisser les volets et retrouve les petits agneaux !\r\nAu fil des pages, tire, tourne et fais glisser les volets pour retrouver les petits agneaux dans la ferme !\r\nUn adorable album anim\u00e9 \u00e0 offrir pour \u00e9veiller les tout-petits pour P\u00e2ques.\r","authors":["Alex Barrow"],"category_codes":["2000000","2020000","2020500"],"visuals":{"large":"https:\/\/images.epagine.fr\/771\/9782324037771_1_75.jpg","medium":"https:\/\/images.epagine.fr\/771\/9782324037771_1_m.jpg","thumbnail":"https:\/\/images.epagine.fr\/771\/9782324037771_1_v.jpg"},"orderable":true,"show_badge":true,"formatted_price":"9,95&nbsp;\u20ac","formatted_published_date":"19 f\u00e9vrier 2026","publisher_availability_label":"Sur commande","short_details":"Alex Barrow \u2014 Gr\u00fcnd","translator":null,"weight":290,"page_count":12,"readership":"\u00e0 partir de 1 AN","editor":"Gr\u00fcnd","price":995,"published_date":"2026-02-18T23:00:00.000000Z","support":"Grand format","publisher_availability":1,"stock":0,"editions":[],"url":"https:\/\/quaidesbrumes.com\/ouvrage\/9782324037771\/cinq-petits-agneaux"},{"id":"9782017371960","title":"Mes amis les chevaux Tome 52 : Moustique m\u00e8ne l'enqu\u00eate","description":"Au voleur\u00a0 ! \u00c0 trois jours du concours de saut d'obstacles, la selle de Z\u00e9phyr a myst\u00e9rieusement disparu. Qui a bien pu la d\u00e9rober\u00a0 ? Et surtout pour quelle raison\u00a0 ? Moustique m\u00e8ne l'enqu\u00eate\u00a0 !\r\nLa com\u00e9die 100\u00a0 % chevaux de la Biblioth\u00e8que Rose\u00a0 !\r\nPour tous les passionn\u00e9s de chevaux\r\nUne s\u00e9rie de cr\u00e9ation originale de la Biblioth\u00e8que Rose, cr\u00e9\u00e9e en 2013\r\nUn univers d'humour et d'\u00e9motion qui met en sc\u00e8ne cinq chevaux aux caract\u00e8res bien tremp\u00e9sD\u00e8s 6 ans.\r","authors":["Sophie Thalmann","Marco Albiero","Madeleine F\u00e9ret-Fleury"],"category_codes":["2000000","2040000","2040300"],"visuals":{"large":"https:\/\/images.epagine.fr\/960\/9782017371960_1_75.jpg","medium":"https:\/\/images.epagine.fr\/960\/9782017371960_1_m.jpg","thumbnail":"https:\/\/images.epagine.fr\/960\/9782017371960_1_v.jpg"},"orderable":true,"show_badge":true,"formatted_price":"5,90&nbsp;\u20ac","formatted_published_date":"11 f\u00e9vrier 2026","publisher_availability_label":"Sur commande","short_details":"Sophie Thalmann, Marco Albiero, Madeleine F\u00e9ret-Fleury \u2014 Hachette Jeunesse","translator":null,"weight":130,"page_count":96,"readership":"\u00e0 partir de 6 ANS","editor":"Hachette Jeunesse","price":590,"published_date":"2026-02-10T23:00:00.000000Z","support":"Poche","publisher_availability":1,"stock":0,"editions":[],"url":"https:\/\/quaidesbrumes.com\/ouvrage\/9782017371960\/mes-amis-les-chevaux-tome-52-moustique-mene-lenquete"},{"id":"9791036343995","title":"G\u00e9n\u00e9ration ado le dico","description":"La 12\u00e8 \u00e9dition d'un dictionnaire pour les 10-15 ans au ton d\u00e9cal\u00e9 mais avec des r\u00e9ponses solides et rigoureuses aux questions que se posent les ados d'aujourd'hui. Devenu une r\u00e9f\u00e9rence en librairie, cette nouvelle \u00e9dition est actualis\u00e9e en profondeur et enrichie de 8 nouveaux mots: addiction, cyberharc\u00e8lement, \u00e9co-anxi\u00e9t\u00e9, \u00e9crans, endom\u00e9triose, perturbateurs endocriniens, variance de genre et violences sexuelles.\r\n\r\nUn dictionnaire indispensable...\r\nPlus de 200 mots class\u00e9s par ordre alphab\u00e9tique pour naviguer \u00e0 loisir dans la jungle des pr\u00e9occupations adolescentes : A comme acn\u00e9 ou amour, B comme bisous ou brevet des coll\u00e8ges, C comme climat ou cigarettes, mais aussi...\r\nF comme fatigue, H comme hygi\u00e8ne, M comme motivation, O comme orientation, P comme professeurs, S comme sommeil, T comme timidit\u00e9, etc.\r\n\r\n... et tr\u00e8s accessible\r\nToutes les questions que les ados se posent, sans parfois oser les formuler \u00e0 voix haute, sont abord\u00e9es avec bienveillance et l\u00e9g\u00e8ret\u00e9. Les textes sont r\u00e9dig\u00e9s \u00e0 la fois par des adolescents eux-m\u00eames et par des sp\u00e9cialistes de la sant\u00e9. Pour chaque double-page on retrouve d'une part les verbatim des ados et d'autre part les conseils donn\u00e9s par Nathalie Szapiro, m\u00e9decin et journaliste, et par Jeanne Siaud-Facchin, psychologue clinicienne et autrice. Chaque page est anim\u00e9e par les dessins pleins d'humour d'El Don Guillermo et les pictos enlev\u00e9s de R\u00e9gis Faller.","authors":["Nathalie Szapiro-Manoukian","Jeanne Siaud-Facchin"],"category_codes":["2000000","2050000","2050400"],"visuals":{"large":"https:\/\/images.epagine.fr\/995\/9791036343995_1_75.jpg","medium":"https:\/\/images.epagine.fr\/995\/9791036343995_1_m.jpg","thumbnail":"https:\/\/images.epagine.fr\/995\/9791036343995_1_v.jpg"},"orderable":true,"show_badge":true,"formatted_price":"18,90&nbsp;\u20ac","formatted_published_date":"22 janvier 2025","publisher_availability_label":"Sur commande","short_details":"Nathalie Szapiro-Manoukian, Jeanne Siaud-Facchin \u2014 Bayard Jeunesse","translator":null,"weight":1162,"page_count":480,"readership":"\u00e0 partir de 12 ANS","editor":"Bayard Jeunesse","price":1890,"published_date":"2025-01-21T23:00:00.000000Z","support":"Grand format","publisher_availability":1,"stock":0,"editions":[],"url":"https:\/\/quaidesbrumes.com\/ouvrage\/9791036343995\/generation-ado-le-dico"},{"id":"9782884454230","title":"Lili est malpolie","description":"Toute la famille de Lili est invit\u00e9e chez Clara. Mais, depuis les vacances, Lili est de plus en plus sans g\u00eane. Alors comment va se passer le d\u00e9jeuner ? Cette histoire de Max et Lili parle du respect des autres, du savoir-dire et du savoir-vivre. La politesse permet de bien vivre ensemble, en bon citoyen, sans se prendre au s\u00e9rieux, de tout dire sans blesser et aussi de se faire aimer !","authors":["Serge Bloch","Dominique de Saint-Mars"],"category_codes":["2000000","2040000","2040200"],"visuals":{"large":"https:\/\/images.epagine.fr\/230\/9782884454230_1_75.jpg","medium":"https:\/\/images.epagine.fr\/230\/9782884454230_1_m.jpg","thumbnail":"https:\/\/images.epagine.fr\/230\/9782884454230_1_v.jpg"},"orderable":true,"show_badge":true,"formatted_price":"6,20&nbsp;\u20ac","formatted_published_date":"26 janvier 2005","publisher_availability_label":"Sur commande","short_details":"Serge Bloch, Dominique de Saint-Mars \u2014 Calligram","translator":null,"weight":118,"page_count":43,"readership":"6\/9 ans","editor":"Calligram","price":620,"published_date":"2005-01-25T23:00:00.000000Z","support":"Grand format","publisher_availability":1,"stock":0,"editions":[],"url":"https:\/\/quaidesbrumes.com\/ouvrage\/9782884454230\/lili-est-malpolie"},{"id":"9782215194545","title":"La Reine des Neiges","description":"Il \u00e9tait une fois... L'histoire de la Reine des Neiges tendrement illustr\u00e9e pour faire d\u00e9couvrir aux tout-petits les contes de notre enfance.\r","authors":["Claire Wortemann"],"category_codes":["2000000","2040000","2040400"],"visuals":{"large":"https:\/\/images.epagine.fr\/545\/9782215194545_1_75.jpg","medium":"https:\/\/images.epagine.fr\/545\/9782215194545_1_m.jpg","thumbnail":"https:\/\/images.epagine.fr\/545\/9782215194545_1_v.jpg"},"orderable":true,"show_badge":true,"formatted_price":"1,99&nbsp;\u20ac","formatted_published_date":"17 janvier 2025","publisher_availability_label":"Sur commande","short_details":"Claire Wortemann \u2014 Fleurus","translator":null,"weight":74,"page_count":16,"readership":"\u00e0 partir de 4 ANS","editor":"Fleurus","price":199,"published_date":"2025-01-16T23:00:00.000000Z","support":"Grand format","publisher_availability":1,"stock":0,"editions":[],"url":"https:\/\/quaidesbrumes.com\/ouvrage\/9782215194545\/la-reine-des-neiges"},{"id":"9782012248663","title":"Madame Magie","description":"Monsieur Non, Madame Canaille, Monsieur Costaud et tous leurs amis. Des personnages connus de tous les enfants pour d\u00e9couvrir les traits de caract\u00e8res et les premi\u00e8res notions avec humour. Une collection de r\u00e9f\u00e9rence, fortement prescrite dans les \u00e9coles.","authors":["Roger Hargreaves"],"category_codes":["2000000","2030000","2030400"],"visuals":{"large":"https:\/\/images.epagine.fr\/663\/9782012248663_1_75.jpg","medium":"https:\/\/images.epagine.fr\/663\/9782012248663_1_m.jpg","thumbnail":"https:\/\/images.epagine.fr\/663\/9782012248663_1_v.jpg"},"orderable":true,"show_badge":true,"formatted_price":"2,90&nbsp;\u20ac","formatted_published_date":"20 ao\u00fbt 2008","publisher_availability_label":"Sur commande","short_details":"Roger Hargreaves \u2014 Hachette Jeunesse","translator":null,"weight":54,"page_count":40,"readership":"\u00e0 partir de 4 ANS","editor":"Hachette Jeunesse","price":290,"published_date":"2008-08-19T22:00:00.000000Z","support":"Poche","publisher_availability":1,"stock":0,"editions":[],"url":"https:\/\/quaidesbrumes.com\/ouvrage\/9782012248663\/madame-magie"},{"id":"9782221263914","title":"Dans le magasin des mamans j'aurais choisi toi","description":"Quand nos enfants posent leur regard malicieux et clairvoyant sur nos imperfections de parents... \r\n Une d\u00e9claration d'amour espi\u00e8gle, dr\u00f4le et totalement d\u00e9complexante.\r\n D\u00e8s 3 ans.\r\n\"Tu dis toujours que tu es plus fatigu\u00e9e qu'avant.\r\n Tu m'habilles d\u00e8s la rentr\u00e9e comme si on vivait au P\u00f4le Nord.\r\n Tu dis que tu as trop de travail pour venir jouer avec moi.\r\n Tu manges mes chocolats de P\u00e2ques, du calendrier de l'avent et de mon anniversaire en cachette quand je dors le soir.\r\n Tu es toujours la derni\u00e8re \u00e0 venir me chercher \u00e0 l'\u00e9cole.\r\n Et pourtant : moi, dans le magasin des mamans, j'aurais choisi toi.\"","authors":["Mathou"],"category_codes":["2000000","2030000","2030400"],"visuals":{"large":"https:\/\/images.epagine.fr\/914\/9782221263914_1_75.jpg","medium":"https:\/\/images.epagine.fr\/914\/9782221263914_1_m.jpg","thumbnail":"https:\/\/images.epagine.fr\/914\/9782221263914_1_v.jpg"},"orderable":true,"show_badge":true,"formatted_price":"14,90&nbsp;\u20ac","formatted_published_date":"21 septembre 2023","publisher_availability_label":"Sur commande","short_details":"Mathou \u2014 Robert Laffont","translator":null,"weight":362,"page_count":40,"readership":"3\/6 ans","editor":"Robert Laffont","price":1490,"published_date":"2023-09-20T22:00:00.000000Z","support":"Grand format","publisher_availability":1,"stock":0,"editions":[],"url":"https:\/\/quaidesbrumes.com\/ouvrage\/9782221263914\/dans-le-magasin-des-mamans-jaurais-choisi-toi"},{"id":"9782344066409","title":"Le meilleur m\u00e9chant loup du monde","description":"Et si le Petit Chaperon rouge organisait un casting pour s\u00e9lectionner le bon m\u00e9chant loup de son histoire ?\r\nLe Petit Chaperon rouge part en qu\u00eate du loup de son histoire : un loup tr\u00e8s tr\u00e8s m\u00e9chant qui ferait peur \u00e0 tous les enfants. Mais les candidats ne sont jamais assez ceci, toujours un peu trop cela... Qu'est-ce qui fait d'un loup le\u00a0\"bon m\u00e9chant loup\"? Il doit \u00eatre tr\u00e8s grand, c'est \u00e9vident. Tr\u00e8s fort aussi, pour para\u00eetre inqui\u00e9tant. Tout noir pour faire fr\u00e9mir son auditoire. Alors M\u00e8re-Grand indique au Petit Chaperon une for\u00eat sombre et bizarre, o\u00f9 l\u00e0, c'est s\u00fbr, il trouvera le loup de son histoire. Peut-\u00eatre est-ce un loup qui r\u00eave... d'amis et de p\u00e9rip\u00e9ties !\r","authors":["Lili la Baleine"],"category_codes":["2000000","2030000","2030400"],"visuals":{"large":"https:\/\/images.epagine.fr\/409\/9782344066409_1_75.jpg","medium":"https:\/\/images.epagine.fr\/409\/9782344066409_1_m.jpg","thumbnail":"https:\/\/images.epagine.fr\/409\/9782344066409_1_v.jpg"},"orderable":true,"show_badge":true,"formatted_price":"13,50&nbsp;\u20ac","formatted_published_date":"27 ao\u00fbt 2025","publisher_availability_label":"Sur commande","short_details":"Lili la Baleine \u2014 Gl\u00e9nat Jeunesse","translator":null,"weight":370,"page_count":32,"readership":"\u00e0 partir de 4 ANS","editor":"Gl\u00e9nat Jeunesse","price":1350,"published_date":"2025-08-26T22:00:00.000000Z","support":"Grand format","publisher_availability":1,"stock":0,"editions":[],"url":"https:\/\/quaidesbrumes.com\/ouvrage\/9782344066409\/le-meilleur-mechant-loup-du-monde"},{"id":"9782330192358","title":"Les Aventures farfelues des dix chaussettes perdues (quatre droites et six gauches)","description":"Derri\u00e8re la machine \u00e0 laver, \u00e7a ne tourne pas rond. Une perc\u00e9e dans le sol offre d'incroyables perspectives de libert\u00e9 \u00e0 ceux et celles qui osent s'y risquer... Alors dans le panier \u00e0 linge sale, \u00e7a papote s\u00e9v\u00e8re : a-t-on des nouvelles des chaussettes qui ont fait le grand saut ? En voici une qui r\u00eave d'\u00eatre une star de cin\u00e9ma, une autre pirate, et une troisi\u00e8me, d\u00e9tective priv\u00e9e ! \r\n Un roman dr\u00f4lement illustr\u00e9, o\u00f9 les chaussettes n'ont pas froid aux yeux !\r","authors":["Justyna Bednarek","Daniel  de Latour"],"category_codes":["2000000","2040000"],"visuals":{"large":"https:\/\/images.epagine.fr\/358\/9782330192358_1_75.jpg","medium":"https:\/\/images.epagine.fr\/358\/9782330192358_1_m.jpg","thumbnail":"https:\/\/images.epagine.fr\/358\/9782330192358_1_v.jpg"},"orderable":true,"show_badge":false,"formatted_price":"14,90&nbsp;\u20ac","formatted_published_date":"5 juin 2024","publisher_availability_label":"Sur commande","short_details":"Justyna Bednarek, Daniel  de Latour \u2014 H\u00e9lium \u00c9ditions","translator":null,"weight":318,"page_count":160,"readership":"\u00e0 partir de 6 ANS","editor":"H\u00e9lium \u00c9ditions","price":1490,"published_date":"2024-06-04T22:00:00.000000Z","support":"Grand format","publisher_availability":1,"stock":2,"editions":[],"url":"https:\/\/quaidesbrumes.com\/ouvrage\/9782330192358\/les-aventures-farfelues-des-dix-chaussettes-perdues-quatre-droites-et-six-gauches"},{"id":"9782092588949","title":"Les douze travaux d'Hercule","description":"Plonge dans les plus grandes histoires de la mythologie !\r\n Une histoire mythique : de tous temps, les hommes ont eu besoin de mod\u00e8les de force, de bravoure, de h\u00e9ros. Hercule en est l'un des plus renomm\u00e9s. \r\nHercule doit accomplir les douze travaux que lui a confi\u00e9s son cousin, le roi Eurysth\u00e9e. Le voil\u00e0 parti aux quatre coins du monde connu, affrontant les pires monstres, collectant les objets les plus pr\u00e9cieux et relevant les d\u00e9fis les plus impossibles... Sa force et son courage lui suffiront-ils pour r\u00e9ussir ses terribles missions ?\r\n \r\n Avec la collection \"Petites histoires de la Mythologie\" : pars \u00e0 l'aventure avec les dieux, h\u00e9ros et monstres de la mythologie. Des livres qui incarne les h\u00e9ros et l'aventure.\r\n Des textes parfaitement adapt\u00e9s aux enfants de 9-12 ans qui donnent le go\u00fbt pour la mythologie et la lecture.\r\n \r\n ? Sp\u00e9cial enseignant.e.s : des ressources p\u00e9dagogiques sont \u00e0 votre disposition pour \u00e9tudier cet ouvrage en classe. ?","authors":["H\u00e9l\u00e8ne Montardre"],"category_codes":["2000000","2040000","2040400"],"visuals":{"large":"https:\/\/images.epagine.fr\/949\/9782092588949_1_75.jpg","medium":"https:\/\/images.epagine.fr\/949\/9782092588949_1_m.jpg","thumbnail":"https:\/\/images.epagine.fr\/949\/9782092588949_1_v.jpg"},"orderable":true,"show_badge":true,"formatted_price":"5,95&nbsp;\u20ac","formatted_published_date":"21 mars 2019","publisher_availability_label":"Sur commande","short_details":"H\u00e9l\u00e8ne Montardre \u2014 Nathan","translator":null,"weight":126,"page_count":64,"readership":"\u00e0 partir de 9 ANS","editor":"Nathan","price":595,"published_date":"2019-03-20T23:00:00.000000Z","support":"Poche","publisher_availability":1,"stock":0,"editions":["9782092590867"],"url":"https:\/\/quaidesbrumes.com\/ouvrage\/9782092588949\/les-douze-travaux-dhercule"},{"id":"9782075085823","title":"Le petit chaperon rouge","description":"D\u00e9couvrez l'histoire du petit chaperon rouge et amusez-vous, \u00e0 chaque page, \u00e0 faire sonner les puce!\u00c9coutez le petit chaperon rouge chantonner et frapper \u00e0 la porte, la chevillette bouger et la bobinette choir, le loup se l\u00e9cher les babines, avaler tout rond le petit chaperon, et \u00e0 la fin, le chant de victoire de la petite fille et de sa grand-m\u00e8re.","authors":["Ronan Badel"],"category_codes":["2000000","2020000","2020400"],"visuals":{"large":"https:\/\/images.epagine.fr\/823\/9782075085823_1_75.jpg","medium":"https:\/\/images.epagine.fr\/823\/9782075085823_1_m.jpg","thumbnail":"https:\/\/images.epagine.fr\/823\/9782075085823_1_v.jpg"},"orderable":true,"show_badge":true,"formatted_price":"14,50&nbsp;\u20ac","formatted_published_date":"19 octobre 2017","publisher_availability_label":"Sur commande","short_details":"Ronan Badel \u2014 Gallimard Jeunesse","translator":null,"weight":348,"page_count":24,"readership":"\u00e0 partir de 2 ANS","editor":"Gallimard Jeunesse","price":1450,"published_date":"2017-10-18T22:00:00.000000Z","support":"Grand format","publisher_availability":1,"stock":0,"editions":[],"url":"https:\/\/quaidesbrumes.com\/ouvrage\/9782075085823\/le-petit-chaperon-rouge"},{"id":"9782095031459","title":"Ursule Lapine, d\u00e9tective au CP : Les tableaux de Pablo","description":"Ursule Lapine est d\u00e9tective, avec ses acolytes, elle m\u00e8ne des enqu\u00eates, d\u00e9joue des plans machiav\u00e9liques et arr\u00eate des cambrioleurs.\r\nL'histoire : Chaque nuit, un tableau dispara\u00eet de chez Hugo B\u00e9casseau, le c\u00e9l\u00e8bre collectionneur. Mais la porte est toujours verrouill\u00e9e et il n'y a pas de traces...\r\n Ursule Lapine a une id\u00e9e pour arr\u00eater le malfaiteur ! Pour r\u00e9aliser son plan, il lui faudra un filet-carotte, de la patience et deux super copains.7\r\n \r\n \r\n?Des premi\u00e8res histoires \u00e0 lire d\u00e8s 6 ans.\r\n \r\n Avec la collection, votre enfant va d\u00e9couvrir ses premi\u00e8res histoires, s'attacher \u00e0 des personnages, d\u00e9velopper son imaginaire...\r\n Au d\u00e9but, vous pourrez partager cette lecture avec lui : il lira les bulles et vous le texte. \r\n Ensuite il pourra lire et relire toute l'histoire tout seul, go\u00fbter au plaisir de la fiction et ne plus s'en passer !\r","authors":["Eva Grynszpan","Marion Piffaretti"],"category_codes":["2000000","2040000","2040300"],"visuals":{"large":"https:\/\/images.epagine.fr\/459\/9782095031459_1_75.jpg","medium":"https:\/\/images.epagine.fr\/459\/9782095031459_1_m.jpg","thumbnail":"https:\/\/images.epagine.fr\/459\/9782095031459_1_v.jpg"},"orderable":true,"show_badge":true,"formatted_price":"6,20&nbsp;\u20ac","formatted_published_date":"1er f\u00e9vrier 2024","publisher_availability_label":"Sur commande","short_details":"Eva Grynszpan, Marion Piffaretti \u2014 Nathan","translator":null,"weight":110,"page_count":32,"readership":"\u00e0 partir de 6 ANS","editor":"Nathan","price":620,"published_date":"2024-01-31T23:00:00.000000Z","support":"Grand format","publisher_availability":1,"stock":0,"editions":[],"url":"https:\/\/quaidesbrumes.com\/ouvrage\/9782095031459\/ursule-lapine-detective-au-cp-les-tableaux-de-pablo"},{"id":"9782226483638","title":"Devenir Agatha Christie","description":"Infirmi\u00e8re, arch\u00e9ologue, musicienne, et surtout \u00e9crivaine, l'ic\u00f4ne incontest\u00e9e du polar s'appelle Agatha Christie.\r\nDans sa petite ville du sud de l'Angleterre, au d\u00e9but du xxe si\u00e8cle, la jeune Agatha est une fille de bonne famille amoureuse et joyeuse. Mais la Premi\u00e8re Guerre mondiale vient tout bousculer, et, tr\u00e8s vite, les soldats bless\u00e9s reviennent du front. Agatha se pr\u00e9sente \u00e0 l'h\u00f4pital le plus proche pour y \u00eatre infirmi\u00e8re puis pr\u00e9paratrice en pharmacie. Gr\u00e2ce \u00e0 ce travail, les poisons n'ont bient\u00f4t plus de secrets pour elle ! Alors, quand sa soeur lui lance le pari d'\u00e9crire un livre, Agatha met ses connaissances \u00e0 profit... Ses huis-clos redoutables, ses enqu\u00eateurs iconiques et ses meurtriers au sang-froid in\u00e9gal\u00e9 font d'Agatha Christie la reine du roman policier.","authors":["Natacha Henry"],"category_codes":["2000000","2050000","2050200","2050207"],"visuals":{"large":"https:\/\/images.epagine.fr\/638\/9782226483638_1_75.jpg","medium":"https:\/\/images.epagine.fr\/638\/9782226483638_1_m.jpg","thumbnail":"https:\/\/images.epagine.fr\/638\/9782226483638_1_v.jpg"},"orderable":true,"show_badge":true,"formatted_price":"16,90&nbsp;\u20ac","formatted_published_date":"26 f\u00e9vrier 2025","publisher_availability_label":"Sur commande","short_details":"Natacha Henry \u2014 Albin Michel","translator":null,"weight":470,"page_count":360,"readership":"\u00e0 partir de 13 ANS","editor":"Albin Michel","price":1690,"published_date":"2025-02-25T23:00:00.000000Z","support":"Grand format","publisher_availability":1,"stock":0,"editions":["9782378288228"],"url":"https:\/\/quaidesbrumes.com\/ouvrage\/9782226483638\/devenir-agatha-christie"},{"id":"9782354137724","title":"Pinpingouin en voyage","description":"Pimpingouin et sa famille ont fait leurs bagages : c'est parti pour les vacances ! Le voyage commence, et c'est le d\u00e9but d'aventures passionnantes pour cette famille nombreuse... mais d'abord, comment faire rentrer toutes ces valises dans la petite voiture ?","authors":["Nini Alaska"],"category_codes":["2000000","2020000","2020300"],"visuals":{"large":"https:\/\/images.epagine.fr\/724\/9782354137724_1_75.jpg","medium":"https:\/\/images.epagine.fr\/724\/9782354137724_1_m.jpg","thumbnail":"https:\/\/images.epagine.fr\/724\/9782354137724_1_v.jpg"},"orderable":true,"show_badge":true,"formatted_price":"12,00&nbsp;\u20ac","formatted_published_date":"15 janvier 2026","publisher_availability_label":"Sur commande","short_details":"Nini Alaska \u2014 Minedition","translator":null,"weight":244,"page_count":8,"readership":"\u00e0 partir de 2 ANS","editor":"Minedition","price":1200,"published_date":"2026-01-14T23:00:00.000000Z","support":"Grand format","publisher_availability":1,"stock":0,"editions":[],"url":"https:\/\/quaidesbrumes.com\/ouvrage\/9782354137724\/pinpingouin-en-voyage"},{"id":"9782368293492","title":"Le nain de jardin qui n'aimait pas les jardins","description":"Comment \u00eatre heureux quand on est un nain de jardin mais qu'on n'aime pas les jardins ? Surtout quand on y passe toutes ses journ\u00e9es sans pouvoir bouger. Et si la solution \u00e9tait de partir vivre ailleurs ?\r\nFacile \u00e0 dire, mais pas facile \u00e0 faire...","authors":["Jean Tartine","Pauline Roland"],"category_codes":["2000000","2030000","2030400"],"visuals":{"large":"https:\/\/images.epagine.fr\/492\/9782368293492_1_75.jpg","medium":"https:\/\/images.epagine.fr\/492\/9782368293492_1_m.jpg","thumbnail":"https:\/\/images.epagine.fr\/492\/9782368293492_1_v.jpg"},"orderable":true,"show_badge":true,"formatted_price":"8,95&nbsp;\u20ac","formatted_published_date":"20 f\u00e9vrier 2025","publisher_availability_label":"Sur commande","short_details":"Jean Tartine, Pauline Roland \u2014 \u00c9ditions Splash!","translator":null,"weight":284,"page_count":40,"readership":"3\/6 ans","editor":"\u00c9ditions Splash!","price":895,"published_date":"2025-02-19T23:00:00.000000Z","support":"Grand format","publisher_availability":1,"stock":0,"editions":[],"url":"https:\/\/quaidesbrumes.com\/ouvrage\/9782368293492\/le-nain-de-jardin-qui-naimait-pas-les-jardins"},{"id":"9782017889168","title":"Un Monde Merveilleux","description":"Tir\u00e9 du best-seller mondial  Grand Panda et Petit Dragon, nos deux amis reviennent pour entreprendre un voyage magnifiquement illustr\u00e9 et poignant. Cette fois, le duo part en qu\u00eate du plus bel endroit du monde.\r\nEn d\u00e9couvrant une carte qui promet de les y conduire, cette qu\u00eate emm\u00e8ne Grand Panda et Petit Dragon dans une exp\u00e9dition \u00e0 travers des terrains difficiles. Les deux amis traversent des for\u00eats sombres, des montagnes dangereuses, des ruines abandonn\u00e9es et des grottes obscures.\r\nParfois, le paysage menace de les submerger, mais ensemble, ils continuent d'avancer. Chaque environnement, si mena\u00e7ant au d\u00e9part, finit par d\u00e9voiler des poches de lumi\u00e8re, de vie et de beaut\u00e9.\r\nC'est une histoire d'amiti\u00e9, de lutte, d'espoir, et d'un immense pouvoir  : celui de chercher la beaut\u00e9 dans les endroits les plus improbables.\r\nUn conte simple et stimulant, riche en sagesse et inspir\u00e9 par la philosophie bouddhiste. Le cadeau parfait pour les adultes et les enfants en qu\u00eate de r\u00e9confort, de compr\u00e9hension et, bien s\u00fbr, de beaut\u00e9.","authors":["James Norbury"],"category_codes":["2000000","2030000","2030400"],"visuals":{"large":"https:\/\/images.epagine.fr\/168\/9782017889168_1_75.jpg","medium":"https:\/\/images.epagine.fr\/168\/9782017889168_1_m.jpg","thumbnail":"https:\/\/images.epagine.fr\/168\/9782017889168_1_v.jpg"},"orderable":true,"show_badge":true,"formatted_price":"20,00&nbsp;\u20ac","formatted_published_date":"22 octobre 2025","publisher_availability_label":"Sur commande","short_details":"James Norbury \u2014 Le lotus et l'\u00e9l\u00e9phant","translator":null,"weight":658,"page_count":176,"readership":"3\/6 ans","editor":"Le lotus et l'\u00e9l\u00e9phant","price":2000,"published_date":"2025-10-21T22:00:00.000000Z","support":"Grand format","publisher_availability":1,"stock":0,"editions":[],"url":"https:\/\/quaidesbrumes.com\/ouvrage\/9782017889168\/un-monde-merveilleux"},{"id":"9782492928369","title":"La guirlande","description":"Depuis leur appartement, Carmen et son chat entament paisiblement une longue travers\u00e9e de l'hiver.\r\n\r\n\u00ab Il me faudrait une guirlande, pense la petite dame, une guirlande pour \u00e9clairer mes journ\u00e9es. \u00bb\r\n\r\nSur les conseils de son ami Mirko, Carmen ach\u00e8te alors une guirlande longue de 100 m\u00e8tres qui va raviver la lumi\u00e8re au-del\u00e0 de son appartement...\r\n\r","authors":["Julie Mugica","S\u00e9bastien Pelon"],"category_codes":["2000000","2030000","2030400"],"visuals":{"large":"https:\/\/images.epagine.fr\/369\/9782492928369_1_75.jpg","medium":"https:\/\/images.epagine.fr\/369\/9782492928369_1_m.jpg","thumbnail":"https:\/\/images.epagine.fr\/369\/9782492928369_1_v.jpg"},"orderable":true,"show_badge":true,"formatted_price":"16,00&nbsp;\u20ac","formatted_published_date":"3 octobre 2025","publisher_availability_label":"Sur commande","short_details":"Julie Mugica, S\u00e9bastien Pelon \u2014 Palomita","translator":null,"weight":476,"page_count":32,"readership":"3\/6 ans","editor":"Palomita","price":1600,"published_date":"2025-10-02T22:00:00.000000Z","support":"Grand format","publisher_availability":1,"stock":0,"editions":[],"url":"https:\/\/quaidesbrumes.com\/ouvrage\/9782492928369\/la-guirlande"},{"id":"9782408054175","title":"Anne Frank : Vivre cach\u00e9 pendant la guerre","description":"\u00ab Les P'tits docs + \u00bb, des documentaires pour aller plus loin apr\u00e8s \u00ab Mes p'tits docs \u00bb ! Ce livre raconte la vie d'Anne Frank, une jeune fille juive contrainte de vivre cach\u00e9e, qui t\u00e9moignait de son quotidien dans son journal intime pendant la Seconde Guerre mondiale. Un t\u00e9moignage pr\u00e9cieux sur l'Holocauste \r\nEn se confiant \u00e0 son amie imaginaire Kitty dans son journal intime, Anne raconte la vie quotidienne dans l'Annexe et t\u00e9moigne des difficult\u00e9s, de ses peurs et de ses espoirs. Quand Anne entend \u00e0 la radio le ministre de l'\u00c9ducation encourager les gens \u00e0 \u00e9crire leur vie pour publier des t\u00e9moignages apr\u00e8s la guerre, elle d\u00e9cide de reprendre son journal pour en faire un livre ! Publi\u00e9 en 1947, \u00ab Le Journal d'Anne Frank \u00bb est aujourd'hui traduit dans plus de soixante-dix langues. Une terrible p\u00e9riode historique expliqu\u00e9e de fa\u00e7on accessible \r\n\u00c0 travers la vie d'Anne Frank, les jeunes lecteurs et lectrices comprendront, gr\u00e2ce \u00e0 des mots simples, les grands \u00e9v\u00e9nements de la Seconde Guerre mondiale. L'Holocauste, ou Shoah, l'extermination des Juifs par les nazis, a fait plus de cinq millions de victimes. Les \u00ab P'tits doc + \u00bb, des docs pour lire seul(e) \r\nApr\u00e8s \u00ab Mes p'tits docs \u00bb, cette collection est destin\u00e9e aux enfants qui commencent \u00e0 lire en autonomie. Plus d'informations, plus de pages, un livre plus grand... mais un documentaire qui se lit toujours comme une histoire. \u00c0 la fin de l'ouvrage, ce documentaire pr\u00e9sente des exemples de personnes ayant r\u00e9ussi \u00e0 cacher des Juifs durant la Seconde Guerre mondiale pour leur sauver la vie.","authors":["St\u00e9phanie Ledu","Amelia Navarro"],"category_codes":["2000000","2070000","2070400"],"visuals":{"large":"https:\/\/images.epagine.fr\/175\/9782408054175_1_75.jpg","medium":"https:\/\/images.epagine.fr\/175\/9782408054175_1_m.jpg","thumbnail":"https:\/\/images.epagine.fr\/175\/9782408054175_1_v.jpg"},"orderable":true,"show_badge":true,"formatted_price":"10,50&nbsp;\u20ac","formatted_published_date":"9 avril 2025","publisher_availability_label":"Sur commande","short_details":"St\u00e9phanie Ledu, Amelia Navarro \u2014 Milan","translator":null,"weight":410,"page_count":40,"readership":"\u00e0 partir de 7 ANS","editor":"Milan","price":1050,"published_date":"2025-04-08T22:00:00.000000Z","support":"Grand format","publisher_availability":1,"stock":0,"editions":[],"url":"https:\/\/quaidesbrumes.com\/ouvrage\/9782408054175\/anne-frank-vivre-cache-pendant-la-guerre"},{"id":"9782809694666","title":"Harry Potter : Mes coloriages mignons : Harry et ses amis","description":"Plongez dans l'univers magique de Poudlard avec ce carnet de coloriage Harry Potter au style \"chibi\", aussi mignon qu'ensorcelant ! Red\u00e9couvrez vos personnages pr\u00e9f\u00e9r\u00e9s (Harry, Hermione, Ron, Hagrid, Dobby, etc.) dans une version adorable et pleine de charme, \u00e0 colorier selon vos envies.\r\n\u00a0 \r\nUn moment de d\u00e9tente et de cr\u00e9ativit\u00e9 garanti :\r\nQue vous soyez un enfant fan de sorcellerie ou un adulte en qu\u00eate de relaxation, ce carnet est fait pour vous. Le coloriage est une activit\u00e9 apaisante, id\u00e9ale pour se d\u00e9connecter et stimuler l'imaginaire.\r\n\u00a0 \r\nPlus de 70 illustrations \u00e0 colorier\r\nConvient aux enfants comme aux adultes\r\nPapier de qualit\u00e9 adapt\u00e9 aux crayons et feutres\r\nId\u00e9al pour les fans de Harry Potter, les artistes en herbe et les moments de d\u00e9tente\u00a0 \r\nLaissez parler votre magie, un coloriage \u00e0 la fois !","authors":["Collectif"],"category_codes":["2000000","2080000","2080300"],"visuals":{"large":"https:\/\/images.epagine.fr\/666\/9782809694666_1_75.jpg","medium":"https:\/\/images.epagine.fr\/666\/9782809694666_1_m.jpg","thumbnail":"https:\/\/images.epagine.fr\/666\/9782809694666_1_v.jpg"},"orderable":true,"show_badge":true,"formatted_price":"10,90&nbsp;\u20ac","formatted_published_date":"2 janvier 2026","publisher_availability_label":"Sur commande","short_details":"Collectif \u2014 \u00c9ditions playBac","translator":null,"weight":179,"page_count":80,"readership":null,"editor":"\u00c9ditions playBac","price":1090,"published_date":"2026-01-01T23:00:00.000000Z","support":"Papeterie \/ Coloriage","publisher_availability":1,"stock":0,"editions":[],"url":"https:\/\/quaidesbrumes.com\/ouvrage\/9782809694666\/harry-potter-mes-coloriages-mignons-harry-et-ses-amis"},{"id":"9782384536320","title":"Mes jolis colos : Mes jolis colos - dinosaures","description":"Un bloc d'artiste et cinq crayons de couleurs surmont\u00e9s d'une gomme\r\nCe bloc de coloriages propose 31 dessins adorables, avec des contours en couleurs pour un r\u00e9sultat encore plus joli. Les pages sont \u00e9paisses et d\u00e9tachables pour permettre aux jeunes artistes d'offrir ou d'afficher leurs r\u00e9alisations.","authors":["Collectif"],"category_codes":["2000000","2080000","2080300"],"visuals":{"large":"https:\/\/images.epagine.fr\/320\/9782384536320_1_75.jpg","medium":"https:\/\/images.epagine.fr\/320\/9782384536320_1_m.jpg","thumbnail":"https:\/\/images.epagine.fr\/320\/9782384536320_1_v.jpg"},"orderable":true,"show_badge":true,"formatted_price":"9,95&nbsp;\u20ac","formatted_published_date":"12 f\u00e9vrier 2026","publisher_availability_label":"Sur commande","short_details":"Collectif \u2014 1, 2, 3 Soleil !","translator":null,"weight":312,"page_count":64,"readership":"\u00e0 partir de 3 ANS","editor":"1, 2, 3 Soleil !","price":995,"published_date":"2026-02-11T23:00:00.000000Z","support":"Papeterie \/ Coloriage","publisher_availability":1,"stock":0,"editions":[],"url":"https:\/\/quaidesbrumes.com\/ouvrage\/9782384536320\/mes-jolis-colos-mes-jolis-colos-dinosaures"},{"id":"3127020505913","title":"Mes d\u00e9calcomanies Pop","description":"Plongez dans l'univers de Pop et ses amis : laissez libre cours \u00e0 votre imagination et transf\u00e9rez les personnages et les objets \u00e0 l'aide du b\u00e2tonnet pour cr\u00e9er des sc\u00e8nes uniques.  \r\n","authors":["Pierrick Bisinski","Alex Sanders"],"category_codes":["2000000","2080000","2080200"],"visuals":{"large":"https:\/\/images.epagine.fr\/913\/3127020505913_1_75.jpg","medium":"https:\/\/images.epagine.fr\/913\/3127020505913_1_m.jpg","thumbnail":"https:\/\/images.epagine.fr\/913\/3127020505913_1_v.jpg"},"orderable":true,"show_badge":true,"formatted_price":"0,00&nbsp;\u20ac","formatted_published_date":"15 mai 2024","publisher_availability_label":"Sur commande","short_details":"Pierrick Bisinski, Alex Sanders \u2014 L'\u00c9cole des loisirs","translator":null,"weight":366,"page_count":6,"readership":"\u00e0 partir de 3 ANS","editor":"L'\u00c9cole des loisirs","price":0,"published_date":"2024-05-14T22:00:00.000000Z","support":"Papeterie \/ Coloriage","publisher_availability":1,"stock":0,"editions":[],"url":"https:\/\/quaidesbrumes.com\/ouvrage\/3127020505913\/mes-decalcomanies-pop"}]}