{"data":[{"id":"9782017351559","title":"The prison healer : The Blood Traitor : Le sang de la trahison","description":"Elle les a d\u00e9\u00e7us. Tous. Et maintenant, elle en paie le prix. Apr\u00e8s les \u00e9v\u00e9nements survenus au palais, Kiva veut savoir si ses amis et sa famille sont en s\u00e9curit\u00e9, et si ceux qu'elle a offens\u00e9s pourront un jour lui pardonner. Mais alors que la guerre menace d'\u00e9clater entre les royaumes, Kiva se retrouve face \u00e0 des enjeux plus p\u00e9rilleux que son coeur bris\u00e9. Ennemis mortels et alli\u00e9s incertains se voient entra\u00een\u00e9s dans une dangereuse course contre la montre pour sauver, non seulement Evalon, mais Wenderall tout entier. En choisissant un camp, Kiva refuse de se contenter de survivre, elle doit se battre pour ce en quoi elle croit. Et en qui elle croit. Menac\u00e9e de toutes parts, et avec la vie des siens en jeu, Kiva aura-t-elle la force d'aller jusqu'au bout ?","authors":["Lynette Noni","Alison Jacquet-Robert"],"category_codes":["2000000","2050000","2050200","2050204"],"visuals":{"large":"https:\/\/images.epagine.fr\/559\/9782017351559_1_75.jpg","medium":"https:\/\/images.epagine.fr\/559\/9782017351559_1_m.jpg","thumbnail":"https:\/\/images.epagine.fr\/559\/9782017351559_1_v.jpg"},"orderable":true,"show_badge":true,"formatted_price":"8,90&nbsp;\u20ac","formatted_published_date":"29 octobre 2025","publisher_availability_label":"Sur commande","short_details":"Lynette Noni, Alison Jacquet-Robert \u2014 Le Livre de Poche Jeunesse","translator":"ALISON JACQUET-ROBERT","weight":308,"page_count":496,"readership":"\u00e0 partir de 15 ans","editor":"Le Livre de Poche Jeunesse","price":890,"published_date":"2025-10-28T23:00:00.000000Z","support":"Poche","publisher_availability":1,"stock":0,"editions":[],"url":"https:\/\/quaidesbrumes.com\/ouvrage\/9782017351559\/the-prison-healer-the-blood-traitor-le-sang-de-la-trahison"},{"id":"9791036369858","title":"Les dragons de Nalsara Tome 19 : Le pouvoir de T\u00e9n\u00e9breuse","description":"L'avant-dernier \u00e9pisode d'une fantastique aventure ! Les dragons et les \u00e9lusims sont parvenus \u00e0 s'emparer du diamant qui constituait le coeur de la strige, et ils l'ont confi\u00e9 \u00e0 Nyne. La fillette ignore ce qu'elle doit en faire, m\u00eame si elle se doute qu'il a un r\u00f4le \u00e0 jouer dans la guerre contre les Addraks... \u00c0 qui doit-elle le remettre ? \u00c0 son fr\u00e8re ? \u00c0 sa m\u00e8re ? Nyne persuade donc son p\u00e8re quitter l'\u00eele aux Dragons et de se mettre en route, direction : le Territoire des Addraks !","authors":["Marie-H\u00e9l\u00e8ne Delval","Alban Marilleau"],"category_codes":["2000000","2040000","2040500","2040504"],"visuals":{"large":"https:\/\/images.epagine.fr\/858\/9791036369858_1_75.jpg","medium":"https:\/\/images.epagine.fr\/858\/9791036369858_1_m.jpg","thumbnail":"https:\/\/images.epagine.fr\/858\/9791036369858_1_v.jpg"},"orderable":true,"show_badge":true,"formatted_price":"7,20&nbsp;\u20ac","formatted_published_date":"5 novembre 2025","publisher_availability_label":"Sur commande","short_details":"Marie-H\u00e9l\u00e8ne Delval, Alban Marilleau \u2014 Bayard Jeunesse","translator":null,"weight":140,"page_count":160,"readership":"\u00e0 partir de 8 ANS","editor":"Bayard Jeunesse","price":720,"published_date":"2025-11-04T23:00:00.000000Z","support":"Poche","publisher_availability":1,"stock":0,"editions":[],"url":"https:\/\/quaidesbrumes.com\/ouvrage\/9791036369858\/les-dragons-de-nalsara-tome-19-le-pouvoir-de-tenebreuse"},{"id":"9782017881209","title":"Twilight Tome 5 : Midnight Sun","description":"\u00ab Je croisai son regard p\u00e9n\u00e9trant, surpris, compassionnel et, tout \u00e0 coup, l'absence de sommeil se rappela cruellement \u00e0 moi. J'aurais tant voulu dormir, non pas pour m'abandonner \u00e0 l'amn\u00e9sie ou \u00e9chapper \u00e0 l'ennui, mais pour r\u00eaver. Si je parvenais \u00e0 l'\u00e9tat d'inconscience, j'acc\u00e9derais peut-\u00eatre pendant quelques heures \u00e0 un monde onirique o\u00f9 elle et moi pourrions \u00eatre ensemble. Elle r\u00eavait de moi. J'aspirais \u00e0 r\u00eaver d'elle. Elle me d\u00e9visageait avec une intensit\u00e9 si inquisitrice que je me d\u00e9tournai. Je n'\u00e9tais pas en mesure de r\u00eaver d'elle. Elle n'aurait pas d\u00fb r\u00eaver de moi. \u00bb","authors":["Stephenie Meyer","Luc Rigoureau"],"category_codes":["2000000","2050000","2050200","2050203"],"visuals":{"large":"https:\/\/images.epagine.fr\/209\/9782017881209_1_75.jpg","medium":"https:\/\/images.epagine.fr\/209\/9782017881209_1_m.jpg","thumbnail":"https:\/\/images.epagine.fr\/209\/9782017881209_1_v.jpg"},"orderable":true,"show_badge":true,"formatted_price":"11,90&nbsp;\u20ac","formatted_published_date":"25 mai 2022","publisher_availability_label":"Sur commande","short_details":"Stephenie Meyer, Luc Rigoureau \u2014 Le Livre de Poche Jeunesse","translator":"LUC RIGOUREAU","weight":580,"page_count":960,"readership":"\u00e0 partir de 13 ANS","editor":"Le Livre de Poche Jeunesse","price":1190,"published_date":"2022-05-24T22:00:00.000000Z","support":"Poche","publisher_availability":1,"stock":0,"editions":[],"url":"https:\/\/quaidesbrumes.com\/ouvrage\/9782017881209\/twilight-tome-5-midnight-sun"},{"id":"9782017167211","title":"Mini-Loup viking","description":"Une histoire in\u00e9dite de notre petit loup tout fou  !\r\n  \r\nLes trolls ont attaqu\u00e9 le village de Mini-Loup et enlev\u00e9 tout le monde pendant son absence. Heureusement, Mini-Loup poss\u00e8de le meilleur des alli\u00e9s  : le dieu Thor... qui a plus d'un tour dans son sac pour punir les malfaiteurs.","authors":["Philippe Matter"],"category_codes":["2000000","2030000","2030400"],"visuals":{"large":"https:\/\/images.epagine.fr\/211\/9782017167211_1_75.jpg","medium":"https:\/\/images.epagine.fr\/211\/9782017167211_1_m.jpg","thumbnail":"https:\/\/images.epagine.fr\/211\/9782017167211_1_v.jpg"},"orderable":true,"show_badge":true,"formatted_price":"6,95&nbsp;\u20ac","formatted_published_date":"14 septembre 2022","publisher_availability_label":"Sur commande","short_details":"Philippe Matter \u2014 Hachette Enfants","translator":null,"weight":260,"page_count":32,"readership":"\u00e0 partir de 3 ANS","editor":"Hachette Enfants","price":695,"published_date":"2022-09-13T22:00:00.000000Z","support":"Grand format","publisher_availability":1,"stock":0,"editions":[],"url":"https:\/\/quaidesbrumes.com\/ouvrage\/9782017167211\/mini-loup-viking"},{"id":"9782211236249","title":"Dans le nez de la sorci\u00e8re","description":"C'est la premi\u00e8re journ\u00e9e \u00e0 l'\u00e9cole pour Petite Mouche. Ma\u00eetre Mouche enseigne \u00e0 ses petites mouches \u00e0 reconna\u00eetre ce qui est beau pour elles, les odeurs d\u00e9licieuses des bouses de vaches...et c'est alors que Petite Mouche confond le nez d'une vache avec celui d'une sorci\u00e8re ! Elle d\u00e9couvre un endroit magique, qui sent le vieux fromage, o\u00f9 l'on croise de fabuleuses cr\u00e9atures...","authors":["Michel Van Zeveren"],"category_codes":["2000000","2030000","2030400"],"visuals":{"large":"https:\/\/images.epagine.fr\/249\/9782211236249_1_75.jpg","medium":"https:\/\/images.epagine.fr\/249\/9782211236249_1_m.jpg","thumbnail":"https:\/\/images.epagine.fr\/249\/9782211236249_1_v.jpg"},"orderable":true,"show_badge":true,"formatted_price":"13,00&nbsp;\u20ac","formatted_published_date":"9 octobre 2024","publisher_availability_label":"Sur commande","short_details":"Michel Van Zeveren \u2014 L'\u00c9cole des loisirs","translator":null,"weight":324,"page_count":48,"readership":"3\/6 ans","editor":"L'\u00c9cole des loisirs","price":1300,"published_date":"2024-10-08T22:00:00.000000Z","support":"Grand format","publisher_availability":1,"stock":0,"editions":[],"url":"https:\/\/quaidesbrumes.com\/ouvrage\/9782211236249\/dans-le-nez-de-la-sorciere"},{"id":"9782745968692","title":"Mes p'tits docs : la Premi\u00e8re Guerre mondiale","description":"En 1914, les pays d'Europe ne s'entendent pas bien. L'assassinat d'un prince provoque le d\u00e9but d'une guerre qui va durer quatre longues ann\u00e9es et faire des millions de victimes. De la mobilisation aux tranch\u00e9es, des batailles \u00e0 la victoire, un P'tit doc pour partir sur les traces des poilus, les soldats de la Premi\u00e8re Guerre mondiale...","authors":["Cl\u00e9mence Germain","St\u00e9phanie Ledu"],"category_codes":["2000000","2070000","2070400"],"visuals":{"large":"https:\/\/images.epagine.fr\/692\/9782745968692_1_75.jpg","medium":"https:\/\/images.epagine.fr\/692\/9782745968692_1_m.jpg","thumbnail":"https:\/\/images.epagine.fr\/692\/9782745968692_1_v.jpg"},"orderable":true,"show_badge":false,"formatted_price":"7,90&nbsp;\u20ac","formatted_published_date":"28 mai 2014","publisher_availability_label":"Sur commande","short_details":"Cl\u00e9mence Germain, St\u00e9phanie Ledu \u2014 Milan","translator":null,"weight":242,"page_count":32,"readership":"\u00e0 partir de 3 ANS","editor":"Milan","price":790,"published_date":"2014-05-27T22:00:00.000000Z","support":"Grand format","publisher_availability":1,"stock":1,"editions":[],"url":"https:\/\/quaidesbrumes.com\/ouvrage\/9782745968692\/mes-ptits-docs-la-premiere-guerre-mondiale"},{"id":"9782075195386","title":"Loups","description":"Deux petits loups se faufilent entre les arbres assoupis. Odeurs inconnues, bruits myst\u00e9rieux, rencontres inattendues... c'est l'aventure ! Une nuit pass\u00e9e \u00e0 explorer, avant de retrouver leur meute sous la pleine lune qui se l\u00e8ve...","authors":["Elena Selena"],"category_codes":["2000000","2030000","2030400"],"visuals":{"large":"https:\/\/images.epagine.fr\/386\/9782075195386_1_75.jpg","medium":"https:\/\/images.epagine.fr\/386\/9782075195386_1_m.jpg","thumbnail":"https:\/\/images.epagine.fr\/386\/9782075195386_1_v.jpg"},"orderable":true,"show_badge":true,"formatted_price":"27,90&nbsp;\u20ac","formatted_published_date":"3 octobre 2024","publisher_availability_label":"Sur commande","short_details":"Elena Selena \u2014 Gallimard Jeunesse","translator":null,"weight":572,"page_count":10,"readership":"3\/6 ans","editor":"Gallimard Jeunesse","price":2790,"published_date":"2024-10-02T22:00:00.000000Z","support":"Grand format","publisher_availability":1,"stock":0,"editions":[],"url":"https:\/\/quaidesbrumes.com\/ouvrage\/9782075195386\/loups"},{"id":"9782492898563","title":"Les volcans : Construis ton volcan et d\u00e9clenche des \u00e9ruptions !","description":"R\u00e9alise une exp\u00e9rience scientifique incroyable : d\u00e9clenche des \u00e9ruptions volcaniques chez toi !\r\nAvec ton livre documentaire, apprends \u00e0 reconnaitre les diff\u00e9rents types d'\u00e9ruptions et accompagne les volcanologues dans leurs recherches.\r\nConstruis ta maquette de volcan et \u00e9tudie-la comme un vrai vulcanologue gr\u00e2ce \u00e0 :\r\n- ton mat\u00e9riel de chimie pour r\u00e9aliser des \u00e9ruptions waouh\r\n- ton carnet de scientifique pour noter tes observations\r\n- la recette pour r\u00e9aliser des \u00e9ruptions chez toi \u00e0 l'infini !","authors":["Collectif"],"category_codes":["2000000","2070000","2070500"],"visuals":{"large":"https:\/\/images.epagine.fr\/563\/9782492898563_1_75.jpg","medium":"https:\/\/images.epagine.fr\/563\/9782492898563_1_m.jpg","thumbnail":"https:\/\/images.epagine.fr\/563\/9782492898563_1_v.jpg"},"orderable":true,"show_badge":true,"formatted_price":"0,00&nbsp;\u20ac","formatted_published_date":"27 ao\u00fbt 2025","publisher_availability_label":"Sur commande","short_details":"Collectif \u2014 PANDACRAFT","translator":null,"weight":404,"page_count":null,"readership":"\u00e0 partir de 8 ANS","editor":"PANDACRAFT","price":0,"published_date":"2025-08-26T22:00:00.000000Z","support":"Objet","publisher_availability":1,"stock":0,"editions":[],"url":"https:\/\/quaidesbrumes.com\/ouvrage\/9782492898563\/les-volcans-construis-ton-volcan-et-declenche-des-eruptions"},{"id":"9791039554947","title":"Mon roman \u00e9nigme : Le royaume Dubazar - Mousse aux abris !","description":"M\u00e8ne l'enqu\u00eate avec la Princesse Dubazar et le Prince Dufouillis !\r\nAttention, une vague de mousse recouvre tout le royaume ! \r\nComment rejoindre le ch\u00e2teau sous les bulles ? \r\nVite, la Princesse Dubazar et le Prince Dufouillis chaussent leurs lunettes infra-mousse pour mener l'enqu\u00eate ! \r\nSauras-tu t'y retrouver dans tout ce bazar ?","authors":["Benjamin B\u00e9cue"],"category_codes":["2000000","2040000","2040200"],"visuals":{"large":"https:\/\/images.epagine.fr\/947\/9791039554947_1_75.jpg","medium":"https:\/\/images.epagine.fr\/947\/9791039554947_1_m.jpg","thumbnail":"https:\/\/images.epagine.fr\/947\/9791039554947_1_v.jpg"},"orderable":true,"show_badge":true,"formatted_price":"7,95&nbsp;\u20ac","formatted_published_date":"27 mars 2025","publisher_availability_label":"Sur commande","short_details":"Benjamin B\u00e9cue \u2014 Auzou","translator":null,"weight":126,"page_count":48,"readership":"\u00e0 partir de 6 ANS","editor":"Auzou","price":795,"published_date":"2025-03-26T23:00:00.000000Z","support":"Grand format","publisher_availability":1,"stock":0,"editions":[],"url":"https:\/\/quaidesbrumes.com\/ouvrage\/9791039554947\/mon-roman-enigme-le-royaume-dubazar-mousse-aux-abris"},{"id":"9791039557276","title":"Je deviens grand : Mes \u00e9motions, 10 accomplissements pour g\u00e9rer mes \u00e9motions","description":"Un grand livre \u00e0 animer pour \u00eatre fier de grandir !\r\nDans ce livre, on retrouve 10 accomplissements pour aider l'enfant apprivoiser et comprendre ses premi\u00e8res \u00e9motions, \u00e0 travers des m\u00e9canismes simples \u00e0 activer. \r\nLes \u00e9motions \u00e9voqu\u00e9es : \r\n- La joie \r\n- La tristesse\r\n- La col\u00e8re\r\n- L'amour \r\n- La frustration\r\n- La peur\r\n- La surprise\r\n- Le d\u00e9go\u00fbt\r\n- L'ennui\r\n- La patience\r\n- La timidit\u00e9\r\n- Le d\u00e9couragement\r\n- La fiert\u00e9\r\nDevenir grand, c'est amusant !","authors":["Naomikado"],"category_codes":["2000000","2020000","2020400"],"visuals":{"large":"https:\/\/images.epagine.fr\/276\/9791039557276_1_75.jpg","medium":"https:\/\/images.epagine.fr\/276\/9791039557276_1_m.jpg","thumbnail":"https:\/\/images.epagine.fr\/276\/9791039557276_1_v.jpg"},"orderable":true,"show_badge":true,"formatted_price":"12,95&nbsp;\u20ac","formatted_published_date":"17 avril 2025","publisher_availability_label":"Sur commande","short_details":"Naomikado \u2014 Auzou","translator":null,"weight":556,"page_count":12,"readership":"0\/3 ans","editor":"Auzou","price":1295,"published_date":"2025-04-16T22:00:00.000000Z","support":"Grand format","publisher_availability":1,"stock":0,"editions":[],"url":"https:\/\/quaidesbrumes.com\/ouvrage\/9791039557276\/je-deviens-grand-mes-emotions-10-accomplissements-pour-gerer-mes-emotions"},{"id":"9782352904755","title":"Plume","description":"Un imagier o\u00f9 le portrait des oiseaux voisine avec le dessin de leurs plumes : geai, dindon, cigogne, canard, entre autres.","authors":["Isabelle Simler"],"category_codes":["2000000","2030000","2030400"],"visuals":{"large":"https:\/\/images.epagine.fr\/755\/9782352904755_1_75.jpg","medium":"https:\/\/images.epagine.fr\/755\/9782352904755_1_m.jpg","thumbnail":"https:\/\/images.epagine.fr\/755\/9782352904755_1_v.jpg"},"orderable":true,"show_badge":false,"formatted_price":"24,00&nbsp;\u20ac","formatted_published_date":"3 octobre 2025","publisher_availability_label":"Sur commande","short_details":"Isabelle Simler \u2014 \u00c9ditions courtes et longues","translator":null,"weight":538,"page_count":56,"readership":"3\/6 ans","editor":"\u00c9ditions courtes et longues","price":2400,"published_date":"2025-10-02T22:00:00.000000Z","support":"Grand format","publisher_availability":1,"stock":1,"editions":[],"url":"https:\/\/quaidesbrumes.com\/ouvrage\/9782352904755\/plume"},{"id":"9782012041905","title":"Mes amis les chevaux Tome 3 : un choix difficile","description":"F\u00e9line en a assez des le\u00e7ons d'\u00e9quitation. Elle a l'impression de conna\u00eetre par coeur chaque brin d'herbe du haras et s'ennuie terriblement jusqu'au jour o\u00f9 de riches propri\u00e9taires proposent de l'acheter. La jolie jument, qui aime son confort et les belles apparences, n'est pas insensible \u00e0 cette proposition. D\u00e9cidera-t-elle de partir ?","authors":["Sophie Thalmann"],"category_codes":["2000000","2040000","2040300"],"visuals":{"large":"https:\/\/images.epagine.fr\/905\/9782012041905_1_75.jpg","medium":"https:\/\/images.epagine.fr\/905\/9782012041905_1_m.jpg","thumbnail":"https:\/\/images.epagine.fr\/905\/9782012041905_1_v.jpg"},"orderable":true,"show_badge":true,"formatted_price":"5,90&nbsp;\u20ac","formatted_published_date":"30 octobre 2013","publisher_availability_label":"Sur commande","short_details":"Sophie Thalmann \u2014 Hachette Jeunesse","translator":null,"weight":128,"page_count":96,"readership":"\u00e0 partir de 6 ANS","editor":"Hachette Jeunesse","price":590,"published_date":"2013-10-29T23:00:00.000000Z","support":"Poche","publisher_availability":1,"stock":0,"editions":[],"url":"https:\/\/quaidesbrumes.com\/ouvrage\/9782012041905\/mes-amis-les-chevaux-tome-3-un-choix-difficile"},{"id":"9782809693959","title":"Harry Potter : Mon journal secret reliques de la mort avec pendentif","description":"Confie tes secrets \u00e0 ton journal magique !\r\nD\u00e9couvre ce magnifique journal secret Harry Potter, avec un collier \"Reliques de la Mort\" incrust\u00e9 dans sa couverture. Un accessoire unique \u00e0 porter ou \u00e0 collectionner.\r\nUn cadeau enchanteur pour tous les jeunes sorciers\u00a0 !\r\nContenu :\r\n- Journal secret avec cadenas et cl\u00e9\r\n- 1 collier \"Reliques de la Mort\"\r\n\u00c0 partir de 7 ans. Produit sous licence officielle Harry Potter.","authors":["Collectif"],"category_codes":["2000000","2080000","2080500"],"visuals":{"large":"https:\/\/images.epagine.fr\/959\/9782809693959_1_75.jpg","medium":"https:\/\/images.epagine.fr\/959\/9782809693959_1_m.jpg","thumbnail":"https:\/\/images.epagine.fr\/959\/9782809693959_1_v.jpg"},"orderable":true,"show_badge":true,"formatted_price":"0,00&nbsp;\u20ac","formatted_published_date":"1er octobre 2025","publisher_availability_label":"Sur commande","short_details":"Collectif \u2014 \u00c9ditions playBac","translator":null,"weight":298,"page_count":96,"readership":"Tout public","editor":"\u00c9ditions playBac","price":0,"published_date":"2025-09-30T22:00:00.000000Z","support":"Papeterie \/ Coloriage","publisher_availability":1,"stock":0,"editions":[],"url":"https:\/\/quaidesbrumes.com\/ouvrage\/9782809693959\/harry-potter-mon-journal-secret-reliques-de-la-mort-avec-pendentif"},{"id":"9782809694192","title":"L'\u00e9cole de Toto : 1000 blagues","description":"Plus de 1000 blagues pour devenir le roi de la r\u00e9cr\u00e9 !\r\n\u00a0 \r\nTu connais l'histoire de Toto \u00e0 l'\u00e9cole ? D\u00e9couvre les 1000 meilleures blagues de Toto illustr\u00e9es dans ce dico trop marrant ! En plus, elles sont class\u00e9es de A \u00e0 Z, par th\u00e9matique. Trop pratique ! \u00c9pate tout le monde avec des histoires crados, des charades hilarantes et des devinettes tordantes ! Fais rigoler tes copains, ta famille et deviens le plus grand blagueur de la galaxie ! Bons moments et fous rires garantis !\r\n\u00a0 \r\nD\u00e8s 7 ans.","authors":["Collectif"],"category_codes":["2000000","2030000","2030400"],"visuals":{"large":"https:\/\/images.epagine.fr\/192\/9782809694192_1_75.jpg","medium":"https:\/\/images.epagine.fr\/192\/9782809694192_1_m.jpg","thumbnail":"https:\/\/images.epagine.fr\/192\/9782809694192_1_v.jpg"},"orderable":true,"show_badge":true,"formatted_price":"14,90&nbsp;\u20ac","formatted_published_date":"8 octobre 2025","publisher_availability_label":"Sur commande","short_details":"Collectif \u2014 \u00c9ditions playBac","translator":null,"weight":864,"page_count":264,"readership":"\u00e0 partir de 7 ANS","editor":"\u00c9ditions playBac","price":1490,"published_date":"2025-10-07T22:00:00.000000Z","support":"Grand format","publisher_availability":1,"stock":0,"editions":[],"url":"https:\/\/quaidesbrumes.com\/ouvrage\/9782809694192\/lecole-de-toto-1000-blagues"},{"id":"9782075140935","title":"Rose, petite rose","description":"La vie n'est pas toujours rose : Rose en sait quelque chose ! Et son amie Lily, la butineuse du lys, lui en fait voir de toutes les couleurs ! Le fait de ressembler \u00e0 Rose comme deux gouttes de ros\u00e9e lui monte \u00e0 la t\u00eate : la voil\u00e0 qui s'ent\u00eate et rien ne l'arr\u00eate. Tr\u00e8s jalouse, Lily va m\u00eame jusqu'\u00e0 se faire passer pour Rose aux yeux d'Arlequin, son fianc\u00e9 ! Mais les masques finissent par tomber : Lily retourne \u00e0 ses lys, et le petit coeur chagrin de Rose se console avec son gentil papillon...","authors":["Antoon Krings"],"category_codes":["2000000","2030000","2030300"],"visuals":{"large":"https:\/\/images.epagine.fr\/935\/9782075140935_1_75.jpg","medium":"https:\/\/images.epagine.fr\/935\/9782075140935_1_m.jpg","thumbnail":"https:\/\/images.epagine.fr\/935\/9782075140935_1_v.jpg"},"orderable":true,"show_badge":true,"formatted_price":"6,50&nbsp;\u20ac","formatted_published_date":"18 juin 2020","publisher_availability_label":"Sur commande","short_details":"Antoon Krings \u2014 Gallimard Jeunesse-Giboul\u00e9es","translator":null,"weight":232,"page_count":32,"readership":"3\/6 ans","editor":"Gallimard Jeunesse-Giboul\u00e9es","price":650,"published_date":"2020-06-17T22:00:00.000000Z","support":"Grand format","publisher_availability":1,"stock":0,"editions":[],"url":"https:\/\/quaidesbrumes.com\/ouvrage\/9782075140935\/rose-petite-rose"},{"id":"9782383223849","title":"Le monde des papillons","description":"Un documentaire complet et graphique pour mieux conna\u00eetre le monde merveilleux des papillons.\r\n\"Bienvenue dans le monde fantastique des papillons !\r\nTu vas pouvoir d\u00e9couvrir ce qu'est la fameuse \" poudre magique \" qui recouvre leurs ailes, comment une chenille un peu pataude peut se transformer en un splendide insecte, ou encore les mythes et l\u00e9gendes qui leur sont associ\u00e9s. Tu pourras m\u00eame trouver des astuces pour les attirer tous les jours sur ton balcon, et contribuer ainsi \u00e0 les pr\u00e9server !\"","authors":["Rita Mabel Schiavo","Giulia de Amicis"],"category_codes":["2000000","2070000","2070300"],"visuals":{"large":"https:\/\/images.epagine.fr\/849\/9782383223849_1_75.jpg","medium":"https:\/\/images.epagine.fr\/849\/9782383223849_1_m.jpg","thumbnail":"https:\/\/images.epagine.fr\/849\/9782383223849_1_v.jpg"},"orderable":true,"show_badge":true,"formatted_price":"18,95&nbsp;\u20ac","formatted_published_date":"12 juin 2025","publisher_availability_label":"Sur commande","short_details":"Rita Mabel Schiavo, Giulia de Amicis \u2014 \u00c9ditions Kimane","translator":null,"weight":732,"page_count":64,"readership":"Tout public","editor":"\u00c9ditions Kimane","price":1895,"published_date":"2025-06-11T22:00:00.000000Z","support":"Grand format","publisher_availability":1,"stock":0,"editions":[],"url":"https:\/\/quaidesbrumes.com\/ouvrage\/9782383223849\/le-monde-des-papillons"},{"id":"9782749958781","title":"Paddington : L'histoire de l'ours qui venait du P\u00e9rou","description":"Alors qu'ils sont \u00e0 la gare de Paddington, M. et Mme Brown trouvent un ours abandonn\u00e9 sur le quai. Autour de son cou, une \u00e9tiquette :\r\n\" S'il vous pla\u00eet, veillez sur cet ours. Merci. \"\r\nApr\u00e8s l'avoir baptis\u00e9 Paddington, ils adoptent ce petit ours qui arrive en fait du P\u00e9rou.\r\nD\u00e8s sa premi\u00e8re journ\u00e9e o\u00f9 un simple bain se transforme en inondation, le nouveau venu devient synonyme de catastrophe. Mais le joyeux chaos r\u00e9jouit les membres de la famille, qui doivent admettre que leur vie est bien plus anim\u00e9e maintenant qu'ils ont un ours \u00e0 la maison.","authors":["Michael Bond","R.W. Alley","Jean-No\u00ebl Ch\u00e2tain"],"category_codes":["2000000","2030000","2030400"],"visuals":{"large":"https:\/\/images.epagine.fr\/781\/9782749958781_1_75.jpg","medium":"https:\/\/images.epagine.fr\/781\/9782749958781_1_m.jpg","thumbnail":"https:\/\/images.epagine.fr\/781\/9782749958781_1_v.jpg"},"orderable":true,"show_badge":true,"formatted_price":"13,95&nbsp;\u20ac","formatted_published_date":"9 janvier 2025","publisher_availability_label":"Sur commande","short_details":"Michael Bond, R.W. Alley, Jean-No\u00ebl Ch\u00e2tain \u2014 Michel Lafon","translator":"JEAN-NOEL CHATAIN","weight":488,"page_count":32,"readership":"\u00e0 partir de 3 ANS","editor":"Michel Lafon","price":1395,"published_date":"2025-01-08T23:00:00.000000Z","support":"Grand format","publisher_availability":1,"stock":0,"editions":[],"url":"https:\/\/quaidesbrumes.com\/ouvrage\/9782749958781\/paddington-lhistoire-de-lours-qui-venait-du-perou"},{"id":"9782401112742","title":"Mon anxi\u00e9t\u00e9 \u00e0 apaiser","description":"Milo a deux amis tr\u00e8s sp\u00e9ciaux : Hessi et Touva, qui le suivent partout et le prot\u00e8gent, chacun \u00e0 sa mani\u00e8re. Mais quand il y a trop de nouveaut\u00e9s, le petit gar\u00e7on devient terriblement anxieux.\u00a0 Touva a beau dire que tout va bien se passer, Hessi, lui, ne cesse de s'inqui\u00e9ter. Sur le dos de Milo, il p\u00e8se de plus en plus lourd... Heureusement, son papa va lui montrer comment apaiser ce copain devenu trop encombrant.","authors":["H\u00e9lo\u00efse Junier","Carole X\u00e9nard"],"category_codes":["2000000","2020000","2020400"],"visuals":{"large":"https:\/\/images.epagine.fr\/742\/9782401112742_1_75.jpg","medium":"https:\/\/images.epagine.fr\/742\/9782401112742_1_m.jpg","thumbnail":"https:\/\/images.epagine.fr\/742\/9782401112742_1_v.jpg"},"orderable":true,"show_badge":true,"formatted_price":"11,95&nbsp;\u20ac","formatted_published_date":"8 octobre 2025","publisher_availability_label":"Sur commande","short_details":"H\u00e9lo\u00efse Junier, Carole X\u00e9nard \u2014 Hatier","translator":null,"weight":266,"page_count":32,"readership":"\u00e0 partir de 2 ANS","editor":"Hatier","price":1195,"published_date":"2025-10-07T22:00:00.000000Z","support":"Grand format","publisher_availability":1,"stock":0,"editions":[],"url":"https:\/\/quaidesbrumes.com\/ouvrage\/9782401112742\/mon-anxiete-a-apaiser"},{"id":"9782809679403","title":"Livre musical : mon premier Indochine","description":"\u00c9couter et fredonner Indochine aux tout-petits ! Avec ce livre sonore, l'enfant d\u00e9couvre les classiques de Indochine. Il s'amuse \u00e0 chercher la puce dans une sc\u00e8ne tendre et color\u00e9e, et appuie dessus pour lancer la musique tout seul. Un vrai moment de complicit\u00e9 et d'\u00e9motion \u00e0 partager avec b\u00e9b\u00e9.\r\nDans ce livre :\r\n- L'Aventurier ;\r\n- J'ai demand\u00e9 \u00e0 la lune ;\r\n- 3 nuits par semaine ;\r\n- Tes yeux noirs ;\r\n- Canary Bay.\r\nAvec un niveau sonore ma\u00eetris\u00e9, le livre est adapt\u00e9 aux plus petits.","authors":["M\u00e9lanie Grandgirard"],"category_codes":["2000000","2020000","2020600"],"visuals":{"large":"https:\/\/images.epagine.fr\/403\/9782809679403_1_75.jpg","medium":"https:\/\/images.epagine.fr\/403\/9782809679403_1_m.jpg","thumbnail":"https:\/\/images.epagine.fr\/403\/9782809679403_1_v.jpg"},"orderable":true,"show_badge":false,"formatted_price":"11,90&nbsp;\u20ac","formatted_published_date":"22 juin 2022","publisher_availability_label":"Sur commande","short_details":"M\u00e9lanie Grandgirard \u2014 \u00c9ditions playBac","translator":null,"weight":180,"page_count":12,"readership":"0\/3 ans","editor":"\u00c9ditions playBac","price":1190,"published_date":"2022-06-21T22:00:00.000000Z","support":"Grand format","publisher_availability":1,"stock":1,"editions":[],"url":"https:\/\/quaidesbrumes.com\/ouvrage\/9782809679403\/livre-musical-mon-premier-indochine"},{"id":"9782036056688","title":"Fabuleux mythes Celtes","description":"Enfin un superbe recueil de contes et de l\u00e9gendes,\u00a0 magnifiquement illustr\u00e9, pour tout conna\u00eetre sur les h\u00e9ros et divinit\u00e9s de la fascinante mythologie celte. Avec plus de 200 illustrations \u00e9poustouflantes, cette sublime encyclop\u00e9die, tr\u00e8s document\u00e9e, ravira tous les passionn\u00e9s de mythologie. Ces contes et l\u00e9gendes ainsi que les portraits des divinit\u00e9s se lisent avec d\u00e9lice et permettent de d\u00e9couvrir des dieux et des mythes d\u00e9paysants et enthousiasmants.","authors":["Martin MacIntyre","Katie Ponder"],"category_codes":["2000000","2070000","2070400"],"visuals":{"large":"https:\/\/images.epagine.fr\/688\/9782036056688_1_75.jpg","medium":"https:\/\/images.epagine.fr\/688\/9782036056688_1_m.jpg","thumbnail":"https:\/\/images.epagine.fr\/688\/9782036056688_1_v.jpg"},"orderable":true,"show_badge":true,"formatted_price":"25,00&nbsp;\u20ac","formatted_published_date":"17 septembre 2025","publisher_availability_label":"Sur commande","short_details":"Martin MacIntyre, Katie Ponder \u2014 Larousse","translator":null,"weight":945,"page_count":144,"readership":"Tout public","editor":"Larousse","price":2500,"published_date":"2025-09-16T22:00:00.000000Z","support":"Grand format","publisher_availability":1,"stock":0,"editions":[],"url":"https:\/\/quaidesbrumes.com\/ouvrage\/9782036056688\/fabuleux-mythes-celtes"},{"id":"9782378625269","title":"Un chant d'espoir","description":"Petit Oiseau a un immense message \u00e0 partager. Malgr\u00e9 sa petite taille, et alors qu'une temp\u00eate se profile, il sait qu'il doit plus que jamais chanter l'espoir \u00e0 travers le monde.\r\nL'histoire d'un petit oiseau qui illumine le monde par la douceur de son chant, apportant joie et r\u00e9confort \u00e0 tous. Lorsque survient une temp\u00eate, son chant s'att\u00e9nue, mais jamais il ne perd courage. Une fois l'orage pass\u00e9, il revient, fid\u00e8le et r\u00e9silient, pour redonner espoir et bonheur \u00e0 ceux qui se rel\u00e8vent et reconstruisent leur vie.\r\nLe po\u00e8me embl\u00e9matique d'Emily Dickinson, Hope is the Thing with Feathers, prend vie gr\u00e2ce aux magnifiques illustrations de Tim Hopgood, artiste \u00e0 succ\u00e8s, dans ce superbe album qui c\u00e9l\u00e8bre la po\u00e9sie et montre que, m\u00eame dans les moments les plus sombres, l'espoir est toujours pr\u00e9sent.","authors":["Katie Cotton","Tim Hopgood","Amandine Pierru-Chantenay"],"category_codes":["2000000","2030000","2030400"],"visuals":{"large":"https:\/\/images.epagine.fr\/269\/9782378625269_1_75.jpg","medium":"https:\/\/images.epagine.fr\/269\/9782378625269_1_m.jpg","thumbnail":"https:\/\/images.epagine.fr\/269\/9782378625269_1_v.jpg"},"orderable":true,"show_badge":true,"formatted_price":"14,95&nbsp;\u20ac","formatted_published_date":"12 f\u00e9vrier 2026","publisher_availability_label":"Sur commande","short_details":"Katie Cotton, Tim Hopgood, Amandine Pierru-Chantenay \u2014 \u00c9ditions Circonflexe","translator":"AMANDINE PIERRU-CHANTENAY","weight":356,"page_count":32,"readership":"\u00e0 partir de 5 ANS","editor":"\u00c9ditions Circonflexe","price":1495,"published_date":"2026-02-11T23:00:00.000000Z","support":"Grand format","publisher_availability":1,"stock":0,"editions":[],"url":"https:\/\/quaidesbrumes.com\/ouvrage\/9782378625269\/un-chant-despoir"},{"id":"9782211330824","title":"Ali\u00e9nor, fille de Merlin Tome 4","description":"Quel d\u00e9sastre ! Le tremblement de terre a fait des victimes parmi les rats de l'Arr\u00e9e. Malgr\u00e9 leurs efforts, Ali\u00e9nor et Lancelot n'ont pas r\u00e9ussi \u00e0 secourir tous les survivants prisonniers des d\u00e9combres. La fille de Merlin, d\u00e9sempar\u00e9e, finit par douter de l'utilit\u00e9 de ses pouvoirs druidiques. Elle se trompe, pourtant. Lancelot a besoin de son aide pour r\u00e9cup\u00e9rer le glaive que les Korrigans lui ont vol\u00e9. Mais l'aventure est des plus risqu\u00e9es. Si par malheur, les deux amis sont rep\u00e9r\u00e9s, ils seront jet\u00e9s dans les ge\u00f4les de pierre. Et soyez s\u00fbrs que Bol\u00e9gu\u00e9an, le roi des Korrigans, ne les laissera jamais partir...","authors":["S\u00e9verine Gauthier","Thomas Labourot"],"category_codes":["2000000","2040000","2040500","2040503"],"visuals":{"large":"https:\/\/images.epagine.fr\/824\/9782211330824_1_75.jpg","medium":"https:\/\/images.epagine.fr\/824\/9782211330824_1_m.jpg","thumbnail":"https:\/\/images.epagine.fr\/824\/9782211330824_1_v.jpg"},"orderable":true,"show_badge":true,"formatted_price":"12,00&nbsp;\u20ac","formatted_published_date":"10 mai 2023","publisher_availability_label":"Sur commande","short_details":"S\u00e9verine Gauthier, Thomas Labourot \u2014 L'\u00c9cole des loisirs","translator":null,"weight":446,"page_count":264,"readership":"\u00e0 partir de 9 ANS","editor":"L'\u00c9cole des loisirs","price":1200,"published_date":"2023-05-09T22:00:00.000000Z","support":"Grand format","publisher_availability":1,"stock":0,"editions":[],"url":"https:\/\/quaidesbrumes.com\/ouvrage\/9782211330824\/alienor-fille-de-merlin-tome-4"},{"id":"9791070160060","title":"Une, deux, trois... princesses Tome 1 : Princesses contre dragon !","description":"Une, deux, trois... Princesses : une formule magique et un royaume enchant\u00e9 !\r\n\u00a0 \r\nC'est dimanche, il pleut. Jade, Manon et L\u00e9a s'ennuient et d\u00e9cident d'aller s'amuser au royaume des princesses. Elles y arrivent \u00e0 temps pour le grand bal. Mais le terrible dragon Juron vient g\u00e2cher la f\u00eate. Les princesses r\u00e9ussiront-elles \u00e0 sauver le bal, le royaume... et leur journ\u00e9e ?\r\n\u00a0 \r\nD\u00e8s 6 ans. \u00c0 lire seul(e) ou accompagn\u00e9(e).\r\nChaque tome peut \u00eatre lu ind\u00e9pendamment des autres.","authors":["G\u00e9raldine Collet","Line Paquet"],"category_codes":["2000000","2040000","2040200"],"visuals":{"large":"https:\/\/images.epagine.fr\/060\/9791070160060_1_75.jpg","medium":"https:\/\/images.epagine.fr\/060\/9791070160060_1_m.jpg","thumbnail":"https:\/\/images.epagine.fr\/060\/9791070160060_1_v.jpg"},"orderable":true,"show_badge":true,"formatted_price":"5,99&nbsp;\u20ac","formatted_published_date":"2 janvier 2026","publisher_availability_label":"Sur commande","short_details":"G\u00e9raldine Collet, Line Paquet \u2014 \u00c9ditions playBac","translator":null,"weight":102,"page_count":32,"readership":"\u00e0 partir de 4 ANS","editor":"\u00c9ditions playBac","price":599,"published_date":"2026-01-01T23:00:00.000000Z","support":"Grand format","publisher_availability":1,"stock":0,"editions":[],"url":"https:\/\/quaidesbrumes.com\/ouvrage\/9791070160060\/une-deux-trois-princesses-tome-1-princesses-contre-dragon"},{"id":"9782017349228","title":"La Pat'Patrouille : Le b\u00e9b\u00e9 du maire Hellinger","description":null,"authors":["Collectif"],"category_codes":["2000000","2030000","2030400"],"visuals":{"large":"https:\/\/images.epagine.fr\/228\/9782017349228_1_75.jpg","medium":"https:\/\/images.epagine.fr\/228\/9782017349228_1_m.jpg","thumbnail":"https:\/\/images.epagine.fr\/228\/9782017349228_1_v.jpg"},"orderable":true,"show_badge":true,"formatted_price":"5,50&nbsp;\u20ac","formatted_published_date":"25 f\u00e9vrier 2026","publisher_availability_label":"Sur commande","short_details":"Collectif \u2014 Hachette Jeunesse","translator":null,"weight":246,"page_count":32,"readership":"\u00e0 partir de 3 ANS","editor":"Hachette Jeunesse","price":550,"published_date":"2026-02-24T23:00:00.000000Z","support":"Grand format","publisher_availability":1,"stock":0,"editions":[],"url":"https:\/\/quaidesbrumes.com\/ouvrage\/9782017349228\/la-patpatrouille-le-bebe-du-maire-hellinger"}]}