{"data":[{"id":"9782747081108","title":"Animal Tatoo - saison 1 Tome 1 : les quatre \u00e9lus","description":"Dans le monde d'Erdas, lors d'une c\u00e9r\u00e9monie c\u00e9l\u00e9br\u00e9e pour leur onzi\u00e8me anniversaire, quatre enfants issus de milieux et de continents diff\u00e9rents font appara\u00eetre leur animal totem , r\u00e9incarnation de l'animal mythique de leur pays. Conor, fils de berger, invoque Briggan, le loup aux yeux violets ; Abeke, fille d'un chef africain, la panth\u00e8re noire aux yeux verts \u00e9meraude nomm\u00e9e Urazza ; Meilin, fille du grand g\u00e9n\u00e9ral Chin, le panda aux yeux bleus, Jhi, ; enfin, Rollan, orphelin et vagabond, invoque Essix le faucon femelle. Les voil\u00e0 unis \u00e0 jamais \u00e0 leur animal totem qui leur permet d'aiguiser leurs sens et leur donne des pouvoirs particuliers. Les voil\u00e0 unis par un m\u00eame destin : affronter une force obscure surgie du pass\u00e9 qui vient de se r\u00e9veiller, avec, \u00e0 sa t\u00eate, une cr\u00e9ature au nom \u00e9vocateur : le D\u00e9voreur. Avec l'aide des membres de la corporation des Capes-vertes, sortes de chamans, les quatre \u00e9lus vont apprendre \u00e0 \u00e9valuer leurs nouvelles aptitudes et communiquer avec leur animal afin de combattre les ennemis qui veulent d\u00e9truire leur monde.","authors":["Brandon Mull","Vanessa Rubio"],"category_codes":["2000000","2040000","2040500","2040502"],"visuals":{"large":"https:\/\/images.epagine.fr\/108\/9782747081108_1_75.jpg","medium":"https:\/\/images.epagine.fr\/108\/9782747081108_1_m.jpg","thumbnail":"https:\/\/images.epagine.fr\/108\/9782747081108_1_v.jpg"},"orderable":true,"show_badge":true,"formatted_price":"8,30&nbsp;\u20ac","formatted_published_date":"12 avril 2017","publisher_availability_label":"Sur commande","short_details":"Brandon Mull, Vanessa Rubio \u2014 Bayard Jeunesse","translator":"VANESSA RUBIO","weight":312,"page_count":324,"readership":"\u00e0 partir de 10 ANS","editor":"Bayard Jeunesse","price":830,"published_date":"2017-04-11T22:00:00.000000Z","support":"Poche","publisher_availability":1,"stock":0,"editions":[],"url":"https:\/\/quaidesbrumes.com\/ouvrage\/9782747081108\/animal-tatoo-saison-1-tome-1-les-quatre-elus"},{"id":"9782075214117","title":"Marmelade et Mirabelle","description":"Il \u00e9tait une fois une petite souris grise et une petite souris blanche, qui vivaient au bord d'une rivi\u00e8re, de chaque c\u00f4t\u00e9 d'un tr\u00e8s vieux pont. Jouer, manger, r\u00eaver, elles faisaient tout ensemble. Jusqu'au jour o\u00f9...","authors":["Marie-Lou Hainsselin"],"category_codes":["2000000","2030000","2030400"],"visuals":{"large":"https:\/\/images.epagine.fr\/117\/9782075214117_1_75.jpg","medium":"https:\/\/images.epagine.fr\/117\/9782075214117_1_m.jpg","thumbnail":"https:\/\/images.epagine.fr\/117\/9782075214117_1_v.jpg"},"orderable":true,"show_badge":true,"formatted_price":"14,90&nbsp;\u20ac","formatted_published_date":"3 avril 2025","publisher_availability_label":"Sur commande","short_details":"Marie-Lou Hainsselin \u2014 Gallimard Jeunesse","translator":null,"weight":375,"page_count":48,"readership":"3\/6 ans","editor":"Gallimard Jeunesse","price":1490,"published_date":"2025-04-02T22:00:00.000000Z","support":"Grand format","publisher_availability":1,"stock":0,"editions":[],"url":"https:\/\/quaidesbrumes.com\/ouvrage\/9782075214117\/marmelade-et-mirabelle"},{"id":"9791036387982","title":"Les devinettes sonores : B\u00e9b\u00e9s animaux","description":"Une ferme pleine de surprises \u00e0 d\u00e9couvrir du bout des doigts\r\nQuel est ce bruit\u00a0? Coin coin ! B\u00ea\u00ea b\u00ea\u00ea ! Crac croc ! Piou piou ! \u00a0\u00c0 chaque double page, les petits lecteurs devinent quel b\u00e9b\u00e9 animal de la ferme se cache derri\u00e8re un bruit familier. Avec des rabats \u00e0 soulever, des sons amusants et une surprise finale, ce livre offre un moment de lecture ludique et captivant.Un livre pens\u00e9 pour \u00e9veiller les sens des tout-petits\r\nAvec ses sons facilement reconnaissables, ses rabats de formes vari\u00e9es et ses illustrations color\u00e9es, ce petit livre tout-carton stimule \u00e0 la fois l'ou\u00efe, la vue et le toucher. Les effets de coucou-cach\u00e9 ravissent les b\u00e9b\u00e9s, qui d\u00e9veloppent ainsi leur motricit\u00e9 fine et leur curiosit\u00e9. Un outil id\u00e9al pour partager un moment complice, apprendre en s'amusant et enrichir le vocabulaire des tout-petits autour d'un th\u00e8me qui pla\u00eet \u00e0 tous : les b\u00e9b\u00e9s animaux !Une collection reconnue, \u00e0 prix tout doux\r\nPubli\u00e9 dans la collection prometteuse des devinettes sonores de Bayard Jeunesse, ce livre d'\u00e9veil malin propose 4 sons, 4 rabats et un miroir final pour seulement 10 E. Un format solide, \u00e9conomique et parfaitement adapt\u00e9 aux petites mains... et aux grandes oreilles curieuses !\r","authors":["Pui Lee"],"category_codes":["2000000","2020000","2020200"],"visuals":{"large":"https:\/\/images.epagine.fr\/982\/9791036387982_1_75.jpg","medium":"https:\/\/images.epagine.fr\/982\/9791036387982_1_m.jpg","thumbnail":"https:\/\/images.epagine.fr\/982\/9791036387982_1_v.jpg"},"orderable":true,"show_badge":true,"formatted_price":"10,00&nbsp;\u20ac","formatted_published_date":"28 janvier 2026","publisher_availability_label":"Sur commande","short_details":"Pui Lee \u2014 Bayard Jeunesse","translator":null,"weight":285,"page_count":10,"readership":"\u00e0 partir de 3 ANS","editor":"Bayard Jeunesse","price":1000,"published_date":"2026-01-27T23:00:00.000000Z","support":"Grand format","publisher_availability":1,"stock":0,"editions":[],"url":"https:\/\/quaidesbrumes.com\/ouvrage\/9791036387982\/les-devinettes-sonores-bebes-animaux"},{"id":"9782080163202","title":"Young Sherlock Tome 2 : Les Assassins du Nouveau-Monde","description":"Sherlock Holmes d\u00e9couvre l'assassin le plus\r\nc\u00e9l\u00e8bre du monde, bien vivant, dans un petit\r\nvillage du Surrey, des ann\u00e9es apr\u00e8s la date\r\nsuppos\u00e9e de sa mort.\r\nAccompagn\u00e9 de son ami Matty, Sherlock\r\nespionne le dangereux bandit sans se douter\r\nque cela va se retourner contre lui. Quand\r\nMatty est enlev\u00e9, Sherlock embarque alors\r\nvers les \u00c9tats-Unis pour tenter de d\u00e9livrer son\r\nami des mains d'assassins sans scrupules.\r","authors":["Andrew Lane"],"category_codes":["2000000","2040000","2040500","2040506"],"visuals":{"large":"https:\/\/images.epagine.fr\/202\/9782080163202_1_75.jpg","medium":"https:\/\/images.epagine.fr\/202\/9782080163202_1_m.jpg","thumbnail":"https:\/\/images.epagine.fr\/202\/9782080163202_1_v.jpg"},"orderable":true,"show_badge":true,"formatted_price":"10,00&nbsp;\u20ac","formatted_published_date":"8 avril 2026","publisher_availability_label":"Sur commande","short_details":"Andrew Lane \u2014 Flammarion jeunesse","translator":null,"weight":284,"page_count":320,"readership":"9\/12 ans","editor":"Flammarion jeunesse","price":1000,"published_date":"2026-04-07T22:00:00.000000Z","support":"Poche","publisher_availability":1,"stock":0,"editions":[],"url":"https:\/\/quaidesbrumes.com\/ouvrage\/9782080163202\/young-sherlock-tome-2-les-assassins-du-nouveau-monde"},{"id":"9791036354359","title":"Les dragons de Nalsara Tome 3 : le dragonnier des t\u00e9n\u00e8bres","description":"Les dragons de Nalsara : une s\u00e9rie fantasy \u00e0 partir de 7 ans !\r\nUn beau matin, Cham, Nyne et leur p\u00e8re re\u00e7oivent une invitation au palais du roi pour f\u00eater l'anniversaire de son couronnement. Quelle chance incroyable ! C'est la premi\u00e8re fois que les enfants se rendront \u00e0 Nalsara, la capitale du royaume d'Ombrune. Nyne se r\u00e9jouit de d\u00e9couvrir la ville, tandis que Cham r\u00eave de d\u00e9couvrir la Dragonnerie royale. Mais les enfants vont vite apprendre que de terribles menaces p\u00e8sent sur le palais...","authors":["Marie-H\u00e9l\u00e8ne Delval","Alban Marilleau"],"category_codes":["2000000","2040000","2040500","2040504"],"visuals":{"large":"https:\/\/images.epagine.fr\/359\/9791036354359_1_75.jpg","medium":"https:\/\/images.epagine.fr\/359\/9791036354359_1_m.jpg","thumbnail":"https:\/\/images.epagine.fr\/359\/9791036354359_1_v.jpg"},"orderable":true,"show_badge":true,"formatted_price":"6,50&nbsp;\u20ac","formatted_published_date":"10 mai 2023","publisher_availability_label":"Sur commande","short_details":"Marie-H\u00e9l\u00e8ne Delval, Alban Marilleau \u2014 Bayard Jeunesse","translator":null,"weight":98,"page_count":96,"readership":"\u00e0 partir de 8 ANS","editor":"Bayard Jeunesse","price":650,"published_date":"2023-05-09T22:00:00.000000Z","support":"Grand format","publisher_availability":1,"stock":0,"editions":[],"url":"https:\/\/quaidesbrumes.com\/ouvrage\/9791036354359\/les-dragons-de-nalsara-tome-3-le-dragonnier-des-tenebres"},{"id":"9782377422999","title":"Les journaux (pas si) intimes de Marion","description":"Ma m\u00e8re lit mon journal intime en secret ? Je ne vais pas me laisser faire !\r\nHorreur : Marion a surpris sa m\u00e8re en train de lire son journal intime ! Si c'est comme \u00e7a, elle aura deux carnets : un rose, officiel, dans lequel elle sera sage comme une image... et un noir, secret, o\u00f9 elle pourra enfin exprimer ce qu'elle a sur le coeur et raconter sa vraie vie. Sauf que son personnage de petite fille mod\u00e8le devient vite difficile \u00e0 g\u00e9rer ! Comment faire pour inviter chez elle une (pr\u00e9tendue) meilleure amie qu'elle d\u00e9teste, ou organiser un spectacle de th\u00e9\u00e2tre... qui n'existe pas ?\r\n \r\nUn roman dr\u00f4le et d\u00e9capant port\u00e9 par une h\u00e9ro\u00efne irr\u00e9v\u00e9rencieuse !","authors":["Faustina Fiore","Sess"],"category_codes":["2000000","2040000","2040500"],"visuals":{"large":"https:\/\/images.epagine.fr\/999\/9782377422999_1_75.jpg","medium":"https:\/\/images.epagine.fr\/999\/9782377422999_1_m.jpg","thumbnail":"https:\/\/images.epagine.fr\/999\/9782377422999_1_v.jpg"},"orderable":true,"show_badge":false,"formatted_price":"11,95&nbsp;\u20ac","formatted_published_date":"6 avril 2023","publisher_availability_label":"Sur commande","short_details":"Faustina Fiore, Sess \u2014 Poulpe Fictions","translator":null,"weight":204,"page_count":144,"readership":"\u00e0 partir de 6 ANS","editor":"Poulpe Fictions","price":1195,"published_date":"2023-04-05T22:00:00.000000Z","support":"Grand format","publisher_availability":1,"stock":2,"editions":[],"url":"https:\/\/quaidesbrumes.com\/ouvrage\/9782377422999\/les-journaux-pas-si-intimes-de-marion"},{"id":"9782017346333","title":"Destins de champions Tome 26 : Une biographie de Pel\u00e9","description":"Il n'y a pas de superlatif assez fort pour d\u00e9crire la carri\u00e8re de Pel\u00e9. Cette l\u00e9gende du football a rafl \u00e9 tous les titres : triple champion du monde, cinq fois vainqueur du championnat du Br\u00e9sil, vainqueur du championnat d'Am\u00e9rique du Nord... Il d\u00e9tient m\u00eame le record de buts. Mais son aura rayonne bien au-del\u00e0 des stades. Le Roi Pel\u00e9 est aujourd'hui le symbole de tout un pays, qui continue d'inspirer des millions de jeunes \u00e0 travers le monde.\r\nUne biographie \u00e9crite par Luca Caioli et Cyril Collot, journalistes sportifs auteurs de nombreux ouvrages sur le football.","authors":["Cyril Collot","Luca Caioli"],"category_codes":["2000000","2040000","2040500"],"visuals":{"large":"https:\/\/images.epagine.fr\/333\/9782017346333_1_75.jpg","medium":"https:\/\/images.epagine.fr\/333\/9782017346333_1_m.jpg","thumbnail":"https:\/\/images.epagine.fr\/333\/9782017346333_1_v.jpg"},"orderable":true,"show_badge":true,"formatted_price":"5,90&nbsp;\u20ac","formatted_published_date":"14 janvier 2026","publisher_availability_label":"Sur commande","short_details":"Cyril Collot, Luca Caioli \u2014 Hachette Jeunesse","translator":null,"weight":136,"page_count":128,"readership":"\u00e0 partir de 8 ANS","editor":"Hachette Jeunesse","price":590,"published_date":"2026-01-13T23:00:00.000000Z","support":"Poche","publisher_availability":1,"stock":0,"editions":[],"url":"https:\/\/quaidesbrumes.com\/ouvrage\/9782017346333\/destins-de-champions-tome-26-une-biographie-de-pele"},{"id":"9782092579824","title":"Max et Lapin Tome 7 : dans le ventre de maman","description":"Un album pour pr\u00e9parer l'enfant \u00e0 accueillir un petit fr\u00e8re ou une petite soeur et \u00e0 vivre sereinement le temps de la grossesse.\r\nL'histoire : Ce matin, les parents de Max lui expliquent que, bient\u00f4t, il sera grand-fr\u00e8re.\r\n\r\n Dans le ventre de maman, il y a un b\u00e9b\u00e9.\r\n\r\n - Un b\u00e9b\u00e9 ici ? Mais c'est tout petit, dit Max. \r\n\r\n L'univers quotidien du tout-petit enfant par Pauline Martin et Astrid Desbordes, d\u00e8s 2 ans","authors":["Pauline Martin","Astrid Desbordes"],"category_codes":["2000000","2020000","2020400"],"visuals":{"large":"https:\/\/images.epagine.fr\/824\/9782092579824_1_75.jpg","medium":"https:\/\/images.epagine.fr\/824\/9782092579824_1_m.jpg","thumbnail":"https:\/\/images.epagine.fr\/824\/9782092579824_1_v.jpg"},"orderable":true,"show_badge":true,"formatted_price":"6,30&nbsp;\u20ac","formatted_published_date":"3 mai 2018","publisher_availability_label":"Sur commande","short_details":"Pauline Martin, Astrid Desbordes \u2014 Nathan","translator":null,"weight":180,"page_count":24,"readership":"\u00e0 partir de 2 ANS","editor":"Nathan","price":630,"published_date":"2018-05-02T22:00:00.000000Z","support":"Grand format","publisher_availability":1,"stock":0,"editions":[],"url":"https:\/\/quaidesbrumes.com\/ouvrage\/9782092579824\/max-et-lapin-tome-7-dans-le-ventre-de-maman"},{"id":"9791036390944","title":"Mon premier cherche et trouve \u00e0 d\u00e9plier : Le printemps","description":"Un grand jeu de d\u00e9couverte au coeur de la nature\r\nAvec ce nouveau Cherche et trouve sur le th\u00e8me de la nature, les tout-petits embarquent pour une balade pleine de surprises : \u00e0 la ferme p\u00e9dagogique, au parc, \u00e0 l'\u00e9tang ou encore au poney-club. Sur chaque grande sc\u00e8ne \u00e0 d\u00e9plier, ils doivent retrouver des animaux, des objets ou des petits d\u00e9tails cach\u00e9s. Un moment de jeu et d'observation \u00e0 partager autour des merveilles de la nature !Un livre-jeu id\u00e9al pour \u00e9veiller l'attention et le langage\r\nChercher, observer, nommer, d\u00e9crire : ce livre ludique stimule les comp\u00e9tences essentielles des jeunes enfants tout en les amusant. Gr\u00e2ce aux grandes illustrations color\u00e9es et aux m\u00e9canismes \u00e0 manipuler (flaps \u00e0 soulever, d\u00e9coupes \u00e0 d\u00e9plier), les enfants s'investissent activement dans leur lecture. Un support parfait pour d\u00e9velopper le vocabulaire, la concentration et l'interaction parent-enfant, d\u00e8s 18 mois.Un ouvrage soign\u00e9, con\u00e7u par des illustratrices de talent\r\nCe titre in\u00e9dit s'inscrit dans une collection issue de l'univers de\u00a0Popi, d\u00e9j\u00e0 pl\u00e9biscit\u00e9e par les familles. Il se distingue par sa fabrication originale avec ses grandes sc\u00e8nes d\u00e9pliables et ses surprises visuelles. Le tout port\u00e9 par des illustratrices reconnues comme Marion Billet ou Marie Paruit. Une qualit\u00e9 rare \u00e0 ce prix, pour un premier \"Cherche et trouve\" aussi beau que captivant !","authors":["Isabelle Jacqu\u00e9","No\u00e9mie Favart","Marion Billet","H\u00e9lo\u00efse Solt","Marie Paruit","Lucile Colas-Ahrweiller"],"category_codes":["2000000","2060000","2060500"],"visuals":{"large":"https:\/\/images.epagine.fr\/944\/9791036390944_1_75.jpg","medium":"https:\/\/images.epagine.fr\/944\/9791036390944_1_m.jpg","thumbnail":"https:\/\/images.epagine.fr\/944\/9791036390944_1_v.jpg"},"orderable":true,"show_badge":true,"formatted_price":"10,90&nbsp;\u20ac","formatted_published_date":"4 mars 2026","publisher_availability_label":"Sur commande","short_details":"Isabelle Jacqu\u00e9, No\u00e9mie Favart, Marion Billet, H\u00e9lo\u00efse Solt, Marie Paruit, Lucile Colas-Ahrweiller \u2014 Bayard Jeunesse","translator":null,"weight":482,"page_count":32,"readership":"3\/6 ans","editor":"Bayard Jeunesse","price":1090,"published_date":"2026-03-03T23:00:00.000000Z","support":"Grand format","publisher_availability":1,"stock":0,"editions":[],"url":"https:\/\/quaidesbrumes.com\/ouvrage\/9791036390944\/mon-premier-cherche-et-trouve-a-deplier-le-printemps"},{"id":"9782376976189","title":"Canailles et Couteaux : Une histoire du L\u00e9gendes & Lattes","description":"Il est temps pour Sal de changer d'air : 20 ans apr\u00e8s sa rencontre avec Viv, elle d\u00e9cide de la rejoindre \u00e0 Tuine pour ouvrir une librairie en face de son l\u00e9gendaire caf\u00e9. Le local est beau, le public est au rendez-vous... Seul hic : Sal s'ennuie comme un rat mort. En pleine crise identitaire, et apr\u00e8s quelques verres bien dos\u00e9s, la libraire va se r\u00e9veiller bien loin de Tuine, en compagnie d'une mercenaire mythique et d'une gobeline chaotique... C'est le d\u00e9but d'un road trip truculent pour ces alli\u00e9s improbables, en qu\u00eate d'une nouvelle vie.\r\nInclut l'histoire \u00ab Gobeline & Gabardine \u00bb !\r","authors":["Travis Baldree","St\u00e9phanie Chaptal"],"category_codes":["2000000","2050000","2050200","2050204"],"visuals":{"large":"https:\/\/images.epagine.fr\/189\/9782376976189_1_75.jpg","medium":"https:\/\/images.epagine.fr\/189\/9782376976189_1_m.jpg","thumbnail":"https:\/\/images.epagine.fr\/189\/9782376976189_1_v.jpg"},"orderable":true,"show_badge":true,"formatted_price":"22,50&nbsp;\u20ac","formatted_published_date":"15 avril 2026","publisher_availability_label":"Sur commande","short_details":"Travis Baldree, St\u00e9phanie Chaptal \u2014 Ynnis \u00c9ditions","translator":"STEPHANIE CHAPTAL","weight":676,"page_count":384,"readership":"\u00e0 partir de 12 ANS","editor":"Ynnis \u00c9ditions","price":2250,"published_date":"2026-04-14T22:00:00.000000Z","support":"Grand format","publisher_availability":1,"stock":0,"editions":[],"url":"https:\/\/quaidesbrumes.com\/ouvrage\/9782376976189\/canailles-et-couteaux-une-histoire-du-legendes-lattes"},{"id":"9782080456953","title":"La petite maison dans la prairie Tome 1","description":"Apr\u00e8s un long voyage en chariot, Laura Ingalls et sa famille trouvent un endroit o\u00f9 s'installer, dans une petite maison au coeur de la prairie. Face aux dangers, la famille saura rester soud\u00e9e et courageuse. D\u00e9couvrez le r\u00e9cit autobiographique de Laura Ingalls Wilder, grand classique de la litt\u00e9rature am\u00e9ricaine.\r","authors":["Laura Ingalls Wilder"],"category_codes":["2000000","2040000","2040500","2040507"],"visuals":{"large":"https:\/\/images.epagine.fr\/953\/9782080456953_1_75.jpg","medium":"https:\/\/images.epagine.fr\/953\/9782080456953_1_m.jpg","thumbnail":"https:\/\/images.epagine.fr\/953\/9782080456953_1_v.jpg"},"orderable":true,"show_badge":false,"formatted_price":"15,90&nbsp;\u20ac","formatted_published_date":"30 octobre 2024","publisher_availability_label":"Sur commande","short_details":"Laura Ingalls Wilder \u2014 Flammarion jeunesse","translator":null,"weight":412,"page_count":320,"readership":"9\/12 ans","editor":"Flammarion jeunesse","price":1590,"published_date":"2024-10-29T23:00:00.000000Z","support":"Grand format","publisher_availability":1,"stock":1,"editions":[],"url":"https:\/\/quaidesbrumes.com\/ouvrage\/9782080456953\/la-petite-maison-dans-la-prairie-tome-1"},{"id":"9782017343691","title":"Alias Lily Moreau","description":"Lily Moreau a tout pour elle\u00a0 : des parents formidables, une passion pour la mode et un tas d'amis. De son c\u00f4t\u00e9, Emily Duan n'a qu'une m\u00e8re qui travaille sans rel\u00e2che et un r\u00eave qu'elle n'ose pas r\u00e9aliser. Tout les oppose, \u00e0 un d\u00e9tail pr\u00e8s\u00a0 : Lily et Emily sont une seule et m\u00eame personne. Afin d'obtenir le job de prof particulier d'Oliver Lancaster, \u00e9tudiant fortun\u00e9 \u00e0 la beaut\u00e9 solaire, Emily s'est invent\u00e9 le personnage de Lily Moreau, une jeune femme riche, chic et glamour. Le probl\u00e8me ? Liam Lancaster, le taciturne grand fr\u00e8re d'Oliver, est pr\u00eat \u00e0 tout pour prot\u00e9ger l'empire familial. Quitte \u00e0 fouiller dans les affaires des autres. Heureusement, le mensonge d'Emily est parfaitement ficel\u00e9, et le secret bien gard\u00e9. Qu'est-ce qui pourrait mal tourner\u00a0 ? Hormis le risque de se perdre en route ? Car \u00e0 mener une double existence, on finit par oublier qui l'on est...\r","authors":["Shula Li","Vanessa Canavesi"],"category_codes":["2000000","2050000","2050200","2050208"],"visuals":{"large":"https:\/\/images.epagine.fr\/691\/9782017343691_1_75.jpg","medium":"https:\/\/images.epagine.fr\/691\/9782017343691_1_m.jpg","thumbnail":"https:\/\/images.epagine.fr\/691\/9782017343691_1_v.jpg"},"orderable":true,"show_badge":true,"formatted_price":"19,00&nbsp;\u20ac","formatted_published_date":"22 avril 2026","publisher_availability_label":"Sur commande","short_details":"Shula Li, Vanessa Canavesi \u2014 Hachette Romans","translator":"VANESSA CANAVESI","weight":380,"page_count":414,"readership":"\u00e0 partir de 14 ans","editor":"Hachette Romans","price":1900,"published_date":"2026-04-21T22:00:00.000000Z","support":"Grand format","publisher_availability":1,"stock":0,"editions":[],"url":"https:\/\/quaidesbrumes.com\/ouvrage\/9782017343691\/alias-lily-moreau"},{"id":"9782075137133","title":"La mer","description":"\u00c9couter dans un coquillage, admirer le phare sur la jet\u00e9e, plonger sous l'eau pour voir les poissons, rencontrer une pieuvre sympathique... Et reconna\u00eetre tous les mots de la mer avant l'\u00e9t\u00e9 !","authors":["Collectif"],"category_codes":["2000000","2020000","2020400"],"visuals":{"large":"https:\/\/images.epagine.fr\/133\/9782075137133_1_75.jpg","medium":"https:\/\/images.epagine.fr\/133\/9782075137133_1_m.jpg","thumbnail":"https:\/\/images.epagine.fr\/133\/9782075137133_1_v.jpg"},"orderable":true,"show_badge":true,"formatted_price":"9,90&nbsp;\u20ac","formatted_published_date":"4 juin 2020","publisher_availability_label":"Sur commande","short_details":"Collectif \u2014 Gallimard Jeunesse","translator":null,"weight":398,"page_count":10,"readership":"\u00e0 partir de 18 mois","editor":"Gallimard Jeunesse","price":990,"published_date":"2020-06-03T22:00:00.000000Z","support":"Grand format","publisher_availability":1,"stock":0,"editions":["9782244180236","9782215164609","9782215163039","9782737380822","9789464767278","9782911207471","9782408062651"],"url":"https:\/\/quaidesbrumes.com\/ouvrage\/9782075137133\/la-mer"},{"id":"9782215199250","title":"BFF : best friends forever ! Tome 12 : Course \u00e0 l'amiti\u00e9","description":"L'\u00e9t\u00e9 s'annonce parfait pour Charlotte et \u00c9milie : piscine, cr\u00e8me glac\u00e9e et projets d'aventure !\r\nMais quand les deux meilleures amies d\u00e9cident de participer \u00e0 une course \u00e0 obstacles pour aider les enfants handicap\u00e9s, leur quotidien bascule dans le chaos le plus total.\r\nSauront-elles surmonter les obstacles - litt\u00e9ralement ! - qui se dressent sur leur chemin ?\r\nEntre fous rires, malentendus et moments de pure panique, cette course promet d'\u00eatre bien plus qu'un simple d\u00e9fi sportif.\r\nUne histoire d'amiti\u00e9 ind\u00e9fectible o\u00f9 chaque \u00e9preuve devient une occasion de se d\u00e9couvrir et de grandir ensemble.\r","authors":["Genevi\u00e8ve Guilbault","Marilou Addison"],"category_codes":["2000000","2040000","2040300"],"visuals":{"large":"https:\/\/images.epagine.fr\/250\/9782215199250_1_75.jpg","medium":"https:\/\/images.epagine.fr\/250\/9782215199250_1_m.jpg","thumbnail":"https:\/\/images.epagine.fr\/250\/9782215199250_1_v.jpg"},"orderable":true,"show_badge":true,"formatted_price":"16,95&nbsp;\u20ac","formatted_published_date":"9 janvier 2026","publisher_availability_label":"Sur commande","short_details":"Genevi\u00e8ve Guilbault, Marilou Addison \u2014 Fleurus","translator":null,"weight":446,"page_count":368,"readership":"\u00e0 partir de 9 ANS","editor":"Fleurus","price":1695,"published_date":"2026-01-08T23:00:00.000000Z","support":"Grand format","publisher_availability":1,"stock":0,"editions":[],"url":"https:\/\/quaidesbrumes.com\/ouvrage\/9782215199250\/bff-best-friends-forever-tome-12-course-a-lamitie"},{"id":"9782075147866","title":"Ma famille recompos\u00e9e","description":"Vivre dans une famille recompos\u00e9e, avec son beau-p\u00e8re ou sa belle-m\u00e8re, ses demi-fr\u00e8res ou ses demi-soeurs, comme dans toute famille, c'est parfois compliqu\u00e9, mais c'est toujours une belle aventure.","authors":["Catherine Dolto","Colline Faure-poir\u00e9e"],"category_codes":["2000000","2070000","2070700"],"visuals":{"large":"https:\/\/images.epagine.fr\/866\/9782075147866_1_75.jpg","medium":"https:\/\/images.epagine.fr\/866\/9782075147866_1_m.jpg","thumbnail":"https:\/\/images.epagine.fr\/866\/9782075147866_1_v.jpg"},"orderable":true,"show_badge":true,"formatted_price":"6,90&nbsp;\u20ac","formatted_published_date":"24 septembre 2020","publisher_availability_label":"Sur commande","short_details":"Catherine Dolto, Colline Faure-poir\u00e9e \u2014 Gallimard Jeunesse-Giboul\u00e9es","translator":null,"weight":194,"page_count":32,"readership":"\u00e0 partir de 2 ANS","editor":"Gallimard Jeunesse-Giboul\u00e9es","price":690,"published_date":"2020-09-23T22:00:00.000000Z","support":"Grand format","publisher_availability":1,"stock":0,"editions":[],"url":"https:\/\/quaidesbrumes.com\/ouvrage\/9782075147866\/ma-famille-recomposee"},{"id":"9782075190442","title":"La petite poule rousse : 16 animations musicales","description":"\u00c9coutez la petite poule rousse semer ses graines en chantant. \u00c9coutez ses amis ronfler, rire et danser tandis qu'elle s'active. Entendez-l\u00e0 r\u00e9colter et moudre le bl\u00e9 toute seule. Et \u00e9taler sa p\u00e2te en caquetant. Enfin... Ding ! La sonnerie du four ! Qui va pleurer pour manger le bon pain chaud ? Et qui va se r\u00e9galer ?","authors":["Marion Piffaretti"],"category_codes":["2000000","2040000","2040400"],"visuals":{"large":"https:\/\/images.epagine.fr\/442\/9782075190442_1_75.jpg","medium":"https:\/\/images.epagine.fr\/442\/9782075190442_1_m.jpg","thumbnail":"https:\/\/images.epagine.fr\/442\/9782075190442_1_v.jpg"},"orderable":true,"show_badge":true,"formatted_price":"14,50&nbsp;\u20ac","formatted_published_date":"19 octobre 2023","publisher_availability_label":"Sur commande","short_details":"Marion Piffaretti \u2014 Gallimard Jeunesse","translator":null,"weight":370,"page_count":24,"readership":"\u00e0 partir de 2 ANS","editor":"Gallimard Jeunesse","price":1450,"published_date":"2023-10-18T22:00:00.000000Z","support":"Grand format","publisher_availability":1,"stock":0,"editions":[],"url":"https:\/\/quaidesbrumes.com\/ouvrage\/9782075190442\/la-petite-poule-rousse-16-animations-musicales"},{"id":"9782266325240","title":"Le cercle des 17 Tome 7 : l'ultime \u00e9tincelle","description":"Parution au label best-seller du 7e et dernier tome de cette s\u00e9rie \u00e9lectrisante !\r\nL'\u00c9lectroclan vient de subir une terrible perte : Michael a commis l'ultime sacrifice pour sauver ses amis. L'\u00eele d'Had\u00e8s est ravag\u00e9e. Cependant Hatch a surv\u00e9cu... et il est plus d\u00e9termin\u00e9 que jamais \u00e0 \u00e9craser la r\u00e9sistance.\r\nAlors que la bataille finale s'annonce, l'\u00c9lectroclan arrivera-t-il \u00e0 stopper les Elgen ?","authors":["Richard Paul Evans","Christophe Rosson"],"category_codes":["2000000","2040000","2040500","2040503"],"visuals":{"large":"https:\/\/images.epagine.fr\/240\/9782266325240_1_75.jpg","medium":"https:\/\/images.epagine.fr\/240\/9782266325240_1_m.jpg","thumbnail":"https:\/\/images.epagine.fr\/240\/9782266325240_1_v.jpg"},"orderable":true,"show_badge":true,"formatted_price":"8,10&nbsp;\u20ac","formatted_published_date":"23 f\u00e9vrier 2023","publisher_availability_label":"Sur commande","short_details":"Richard Paul Evans, Christophe Rosson \u2014 Pocket Jeunesse","translator":"CHRISTOPHE ROSSON","weight":218,"page_count":448,"readership":"9\/12 ans","editor":"Pocket Jeunesse","price":810,"published_date":"2023-02-22T23:00:00.000000Z","support":"Poche","publisher_availability":1,"stock":0,"editions":["9782266228800"],"url":"https:\/\/quaidesbrumes.com\/ouvrage\/9782266325240\/le-cercle-des-17-tome-7-lultime-etincelle"},{"id":"9791039562539","title":"Le roman maudit","description":"Le premier Thriller de l'avent avec Franck Thilliez ! Attention : le lire, c'est affronter le pire...\r\n1er d\u00e9cembre.\r\nNa\u00ebl d\u00e9couvre un carnet devant chez lui.\r\nLe carnet de L\u00e9o, kidnapp\u00e9 il y a un an, jour pour jour.\r\nD\u00e9sormais, leurs destins sont li\u00e9s.\r\nD\u00e9sormais, Na\u00ebl est coinc\u00e9 dans une journ\u00e9e qui recommence, encore et encore.\r\nUne journ\u00e9e pour d\u00e9couvrir qui est L\u00e9o.\r\nUne journ\u00e9e pour sauver sa propre vie.\r\nUne journ\u00e9e pour mourir.","authors":["Franck Thilliez","Thomas Gilbert"],"category_codes":["2000000","2050000","2050200","2050206"],"visuals":{"large":"https:\/\/images.epagine.fr\/539\/9791039562539_1_75.jpg","medium":"https:\/\/images.epagine.fr\/539\/9791039562539_1_m.jpg","thumbnail":"https:\/\/images.epagine.fr\/539\/9791039562539_1_v.jpg"},"orderable":true,"show_badge":true,"formatted_price":"18,95&nbsp;\u20ac","formatted_published_date":"25 septembre 2025","publisher_availability_label":"Sur commande","short_details":"Franck Thilliez, Thomas Gilbert \u2014 Auzou","translator":null,"weight":650,"page_count":388,"readership":"\u00e0 partir de 12 ANS","editor":"Auzou","price":1895,"published_date":"2025-09-24T22:00:00.000000Z","support":"Grand format","publisher_availability":1,"stock":0,"editions":[],"url":"https:\/\/quaidesbrumes.com\/ouvrage\/9791039562539\/le-roman-maudit"},{"id":"9791036377525","title":"La v\u00e9ritable histoire de Bartholom\u00e9, le petit b\u00e2tisseur de cath\u00e9drales","description":"En France, au Moyen \u00c2ge, Bartholom\u00e9 a 11 ans. Il quitte la campagne pour travailler \u00e0 la ville et trouve une place... sur le chantier d'une cath\u00e9drale ! L\u00e0, dans le bruit et la poussi\u00e8re, il observe tous les corps de m\u00e9tiers, les ouvriers, les artisans et d\u00e9couvre cet incroyable \u00e9difice s'\u00e9lever vers le ciel !\r\nRosaces, gargouilles et techniques de constructions m\u00e9di\u00e9vales... l'apprenti tailleur de pierre parviendra-t-il \u00e0 se faire une place sur un des plus grands chantiers du XIIIe si\u00e8cle ?\r\nUn roman pour mieux conna\u00eetre le Moyen \u00c2ge et l'histoire des cath\u00e9drales, avec un dossier compl\u00e9mentaire sur Notre Dame de Paris, de sa construction \u00e0 sa r\u00e9ouverture, en 2024.","authors":["R\u00e9mi Chaurand","Estelle Vidard","Cyrille Meyer","Glen Chapron","Jean-Beno\u00eet H\u00e9ron"],"category_codes":["2000000","2070000","2070400"],"visuals":{"large":"https:\/\/images.epagine.fr\/525\/9791036377525_1_75.jpg","medium":"https:\/\/images.epagine.fr\/525\/9791036377525_1_m.jpg","thumbnail":"https:\/\/images.epagine.fr\/525\/9791036377525_1_v.jpg"},"orderable":true,"show_badge":true,"formatted_price":"7,20&nbsp;\u20ac","formatted_published_date":"2 octobre 2024","publisher_availability_label":"Sur commande","short_details":"R\u00e9mi Chaurand, Estelle Vidard, Cyrille Meyer, Glen Chapron, Jean-Beno\u00eet H\u00e9ron \u2014 Bayard Jeunesse","translator":null,"weight":138,"page_count":56,"readership":"\u00e0 partir de 8 ANS","editor":"Bayard Jeunesse","price":720,"published_date":"2024-10-01T22:00:00.000000Z","support":"Grand format","publisher_availability":1,"stock":0,"editions":[],"url":"https:\/\/quaidesbrumes.com\/ouvrage\/9791036377525\/la-veritable-histoire-de-bartholome-le-petit-batisseur-de-cathedrales"},{"id":"9791039560085","title":"Les influenceuses Tome 7 : Un No\u00ebl de r\u00eave","description":"Le No\u00ebl des #4MIES \u00e0 Paris !\r\nNous, c'est les 4MIES, avec notre cha\u00eene, on n'a jamais le temps de s'ennuyer.\r\nAu programme, un nouveau d\u00e9fi : r\u00e9aliser 8 vid\u00e9os sur le th\u00e8me de No\u00ebl \u00e0 Paris !\r\n\u00c7a tombe tombe \u00e0 pic : on a besoin de se changer les id\u00e9es...\r\nEntre les parents de Suka qui vont peut-\u00eatre divorcer, Sacha qui encha\u00eene les petits boulots, la maman de Charlie qui travaille trop et Louise qui doit rester avec Mimi, sa mamie maladroite, on en a plein les baskets. \r\nEn plus, on a d\u00e9couvert que notre camarade Lyam n'avait plus d'endroit o\u00f9 vivre...\r\nMais tout le monde le sait : \u00e0 No\u00ebl, tous les r\u00eaves se r\u00e9alisent !","authors":["Anouk Filippini","Nina Filippini","Lorena Calderon"],"category_codes":["2000000","2040000","2040300"],"visuals":{"large":"https:\/\/images.epagine.fr\/085\/9791039560085_1_75.jpg","medium":"https:\/\/images.epagine.fr\/085\/9791039560085_1_m.jpg","thumbnail":"https:\/\/images.epagine.fr\/085\/9791039560085_1_v.jpg"},"orderable":true,"show_badge":true,"formatted_price":"12,95&nbsp;\u20ac","formatted_published_date":"9 octobre 2025","publisher_availability_label":"Sur commande","short_details":"Anouk Filippini, Nina Filippini, Lorena Calderon \u2014 Auzou","translator":null,"weight":448,"page_count":286,"readership":"\u00e0 partir de 9 ANS","editor":"Auzou","price":1295,"published_date":"2025-10-08T22:00:00.000000Z","support":"Grand format","publisher_availability":1,"stock":0,"editions":[],"url":"https:\/\/quaidesbrumes.com\/ouvrage\/9791039560085\/les-influenceuses-tome-7-un-noel-de-reve"},{"id":"9782747083867","title":"L'\u00e9pouvanteur Tome 6 : le sacrifice de l'Epouvanteur","description":"Tom Ward, apprenti \u00e9pouvanteur, est cens\u00e9 prot\u00e9ger le comt\u00e9 face \u00e0 la mont\u00e9e en puissance de l'Obscur. Or sa m\u00e8re a besoin de lui en Gr\u00e8ce, le pays o\u00f9 elle est n\u00e9e. L'Ordinn, une redoutable cr\u00e9ature, est sur le point de resurgir. Si elle r\u00e9ussit \u00e0 sortir des profondeurs de la terre, elle ravagera la Gr\u00e8ce, entra\u00eenant massacres et destructions. De retour au comt\u00e9, la m\u00e8re de Tom monte donc une exp\u00e9dition. Elle engage des sorci\u00e8res de Pendle - dont la terrible Grimalkin -, ainsi qu'Alice et l'\u00e9pouvanteur Bill Arkwright. Seul John Gregory refuse d'y participer. Changera-t-il d'avis ? Quels sacrifices Tom devra-t-il consentir dans cette bataille sans merci contre l'Ordinn, la principale servante du Malin ?","authors":["Joseph Delaney","Marie-H\u00e9l\u00e8ne Delval"],"category_codes":["2000000","2050000","2050200","2050204"],"visuals":{"large":"https:\/\/images.epagine.fr\/867\/9782747083867_1_75.jpg","medium":"https:\/\/images.epagine.fr\/867\/9782747083867_1_m.jpg","thumbnail":"https:\/\/images.epagine.fr\/867\/9782747083867_1_v.jpg"},"orderable":true,"show_badge":true,"formatted_price":"8,30&nbsp;\u20ac","formatted_published_date":"3 avril 2019","publisher_availability_label":"Sur commande","short_details":"Joseph Delaney, Marie-H\u00e9l\u00e8ne Delval \u2014 Bayard Jeunesse","translator":"MARIE-HELENE DELVAL","weight":315,"page_count":336,"readership":"\u00e0 partir de 12 ANS","editor":"Bayard Jeunesse","price":830,"published_date":"2019-04-02T22:00:00.000000Z","support":"Poche","publisher_availability":1,"stock":0,"editions":[],"url":"https:\/\/quaidesbrumes.com\/ouvrage\/9782747083867\/lepouvanteur-tome-6-le-sacrifice-de-lepouvanteur"},{"id":"9782070616459","title":"L'oeuf","description":"L'oeuf de la poule et son poussin illustr\u00e9s par Ren\u00e9 Mettler. Mais sais-tu que le crocodile, la fourmi, le serpent, la grenouille ou l'escargot pondent aussi des oeufs ?","authors":["Collectif"],"category_codes":["2000000","2070000","2070200"],"visuals":{"large":"https:\/\/images.epagine.fr\/459\/9782070616459_1_75.jpg","medium":"https:\/\/images.epagine.fr\/459\/9782070616459_1_m.jpg","thumbnail":"https:\/\/images.epagine.fr\/459\/9782070616459_1_v.jpg"},"orderable":true,"show_badge":true,"formatted_price":"9,90&nbsp;\u20ac","formatted_published_date":"3 avril 2008","publisher_availability_label":"Sur commande","short_details":"Collectif \u2014 Gallimard Jeunesse","translator":null,"weight":370,"page_count":24,"readership":"\u00e0 partir de 2 ANS","editor":"Gallimard Jeunesse","price":990,"published_date":"2008-04-02T22:00:00.000000Z","support":"Grand format","publisher_availability":1,"stock":0,"editions":[],"url":"https:\/\/quaidesbrumes.com\/ouvrage\/9782070616459\/loeuf"},{"id":"9791039519175","title":"Mon porte-cartes","description":"Un magnifique porte-cartes en bois fait pour les petites mains !\r\nIl est pratique d'utilisation, et plaira aux plus jeunes. Il est illustr\u00e9 par le talentueux Gareth Williams.","authors":["Gareth Williams"],"category_codes":["2000000","2060000","2060100"],"visuals":{"large":"https:\/\/images.epagine.fr\/175\/9791039519175_1_75.jpg","medium":"https:\/\/images.epagine.fr\/175\/9791039519175_1_m.jpg","thumbnail":"https:\/\/images.epagine.fr\/175\/9791039519175_1_v.jpg"},"orderable":true,"show_badge":true,"formatted_price":"0,00&nbsp;\u20ac","formatted_published_date":"16 septembre 2022","publisher_availability_label":"Sur commande","short_details":"Gareth Williams \u2014 Auzou","translator":null,"weight":105,"page_count":null,"readership":"\u00e0 partir de 3 ANS","editor":"Auzou","price":0,"published_date":"2022-09-15T22:00:00.000000Z","support":"Objet","publisher_availability":1,"stock":0,"editions":[],"url":"https:\/\/quaidesbrumes.com\/ouvrage\/9791039519175\/mon-porte-cartes"},{"id":"9782081515239","title":"Je suis en CP Tome 20 : No\u00e9 a un secret","description":"\u00ab- Tu en fais une t\u00eate, dit Bob \u00e0 No\u00e9.- C'est \u00e0 cause de son secret !se moquent Ana et L\u00e9a.- Quel secret ? demande Tim.\u00bb1 histoire + 1 dico mot-image + des activit\u00e9s ludiques.","authors":["Magdalena","Emmanuel Ristord"],"category_codes":["2000000","2040000","2040200"],"visuals":{"large":"https:\/\/images.epagine.fr\/239\/9782081515239_1_75.jpg","medium":"https:\/\/images.epagine.fr\/239\/9782081515239_1_m.jpg","thumbnail":"https:\/\/images.epagine.fr\/239\/9782081515239_1_v.jpg"},"orderable":true,"show_badge":true,"formatted_price":"5,80&nbsp;\u20ac","formatted_published_date":"6 janvier 2021","publisher_availability_label":"Sur commande","short_details":"Magdalena, Emmanuel Ristord \u2014 P\u00e8re Castor","translator":null,"weight":124,"page_count":40,"readership":"\u00e0 partir de 6 ANS","editor":"P\u00e8re Castor","price":580,"published_date":"2021-01-05T23:00:00.000000Z","support":"Poche","publisher_availability":1,"stock":0,"editions":[],"url":"https:\/\/quaidesbrumes.com\/ouvrage\/9782081515239\/je-suis-en-cp-tome-20-noe-a-un-secret"}]}