{"data":[{"id":"9791039540544","title":"Cherche et trouve g\u00e9ant : qui brille dans le noir !","description":"Les robots, au fond de la mer, la for\u00eat enchant\u00e9e... D\u00e9couvre 9 univers d\u00e9taill\u00e9s avec du phospho, et 50 \u00e9l\u00e9ments \u00e0 retrouver sur chaque page, dont 10 personnages r\u00e9currents.","authors":["Benjamin B\u00e9cue"],"category_codes":["2000000","2060000","2060100"],"visuals":{"large":"https:\/\/images.epagine.fr\/544\/9791039540544_1_75.jpg","medium":"https:\/\/images.epagine.fr\/544\/9791039540544_1_m.jpg","thumbnail":"https:\/\/images.epagine.fr\/544\/9791039540544_1_v.jpg"},"orderable":true,"show_badge":true,"formatted_price":"24,95&nbsp;\u20ac","formatted_published_date":"11 octobre 2024","publisher_availability_label":"Sur commande","short_details":"Benjamin B\u00e9cue \u2014 Auzou","translator":null,"weight":1740,"page_count":20,"readership":null,"editor":"Auzou","price":2495,"published_date":"2024-10-10T22:00:00.000000Z","support":"Grand format","publisher_availability":1,"stock":0,"editions":[],"url":"https:\/\/quaidesbrumes.com\/ouvrage\/9791039540544\/cherche-et-trouve-geant-qui-brille-dans-le-noir"},{"id":"9782361934392","title":"ABCD","description":"Dans la grande tradition des ab\u00e9c\u00e9daires, l'un des plus anciens genres destin\u00e9s \u00e0 la jeunesse, Henri Galeron a r\u00e9alis\u00e9 de superbes planches pour chacune des lettres de l'alphabet. \r\nAu centre de l'image, la lettre en noir et tout autour, composant des paysages surr\u00e9alistes, des personnages, des animaux et \u00e9l\u00e9ments dont le nom d\u00e9bute par ladite lettre. \r\nLe nombre d'\u00e9l\u00e9ments \u00e0 trouver est indiqu\u00e9 sur la page en regard de l'image et une liste compl\u00e8te se trouve en fin d'ouvrage. \r\nLa composition des d\u00e9cors savamment travaill\u00e9e, l'ex\u00e9cution d'une finesse d'orf\u00e8vre, la diversit\u00e9 des \u00e9l\u00e9ments repr\u00e9sent\u00e9s, la beaut\u00e9 des couleurs font de cet ouvrage p\u00e9dagogique, ludique et magnifique, un objet qui sera tr\u00e8s convoit\u00e9, par tous, petits et grands!","authors":["Henri Galeron"],"category_codes":["2000000","2030000","2030500"],"visuals":{"large":"https:\/\/images.epagine.fr\/392\/9782361934392_1_75.jpg","medium":"https:\/\/images.epagine.fr\/392\/9782361934392_1_m.jpg","thumbnail":"https:\/\/images.epagine.fr\/392\/9782361934392_1_v.jpg"},"orderable":true,"show_badge":false,"formatted_price":"16,50&nbsp;\u20ac","formatted_published_date":"31 ao\u00fbt 2017","publisher_availability_label":"Sur commande","short_details":"Henri Galeron \u2014 \u00c9ditions des Grandes Personnes","translator":null,"weight":578,"page_count":56,"readership":"3\/6 ans","editor":"\u00c9ditions des Grandes Personnes","price":1650,"published_date":"2017-08-30T22:00:00.000000Z","support":"Grand format","publisher_availability":1,"stock":1,"editions":[],"url":"https:\/\/quaidesbrumes.com\/ouvrage\/9782361934392\/abcd"},{"id":"9782700277029","title":"Louca Tome 1 : coup d'envoi","description":"Louca est un ado paresseux et maladroit qui encha\u00eene les catastrophes. Une nuit, au lyc\u00e9e, il croise un fant\u00f4me. C'est Nathan, un ancien \u00e9l\u00e8ve, beau gar\u00e7on, super dou\u00e9 au foot et tr\u00e8s appr\u00e9ci\u00e9 des filles. Il propose \u00e0 Louca de devenir son coach. Va-t-il r\u00e9ussir \u00e0 l'aider  ?","authors":["Sophie Nanteuil","Bruno Dequier"],"category_codes":["2000000","2040000","2040300"],"visuals":{"large":"https:\/\/images.epagine.fr\/029\/9782700277029_1_75.jpg","medium":"https:\/\/images.epagine.fr\/029\/9782700277029_1_m.jpg","thumbnail":"https:\/\/images.epagine.fr\/029\/9782700277029_1_v.jpg"},"orderable":true,"show_badge":true,"formatted_price":"7,90&nbsp;\u20ac","formatted_published_date":"5 mai 2021","publisher_availability_label":"Sur commande","short_details":"Sophie Nanteuil, Bruno Dequier \u2014 Rageot \u00c9diteur","translator":null,"weight":180,"page_count":128,"readership":"\u00e0 partir de 10 ANS","editor":"Rageot \u00c9diteur","price":790,"published_date":"2021-05-04T22:00:00.000000Z","support":"Poche","publisher_availability":1,"stock":0,"editions":[],"url":"https:\/\/quaidesbrumes.com\/ouvrage\/9782700277029\/louca-tome-1-coup-denvoi"},{"id":"9782378882709","title":"Le dictionnaire \u00e0 l'envers","description":"Dictionnaire r\u00eave de raconter une histoire comme les autres livres. Alors, un jour, il d\u00e9cide de donner vie \u00e0 ses mots. Mais chacun a son caract\u00e8re, et bient\u00f4t, c'est le m\u00e9li-m\u00e9lo ! Si Dictionnaire ne veut pas rester un dictionnaire \u00e0 l'envers, il va devoir remettre de l'ordre dans ses pages illico...","authors":["Oliver Jeffers","Sam Winston","Claire Billaud"],"category_codes":["2000000","2030000","2030400"],"visuals":{"large":"https:\/\/images.epagine.fr\/709\/9782378882709_1_75.jpg","medium":"https:\/\/images.epagine.fr\/709\/9782378882709_1_m.jpg","thumbnail":"https:\/\/images.epagine.fr\/709\/9782378882709_1_v.jpg"},"orderable":true,"show_badge":true,"formatted_price":"16,00&nbsp;\u20ac","formatted_published_date":"5 f\u00e9vrier 2025","publisher_availability_label":"Sur commande","short_details":"Oliver Jeffers, Sam Winston, Claire Billaud \u2014 Kal\u00e9idoscope","translator":"CLAIRE BILLAUD","weight":489,"page_count":64,"readership":"\u00e0 partir de 6 ANS","editor":"Kal\u00e9idoscope","price":1600,"published_date":"2025-02-04T23:00:00.000000Z","support":"Grand format","publisher_availability":1,"stock":0,"editions":[],"url":"https:\/\/quaidesbrumes.com\/ouvrage\/9782378882709\/le-dictionnaire-a-lenvers"},{"id":"9791039557245","title":"C'est trop bon ! : P'tit Loup : Mes recettes en famille","description":"Le premier livre de cuisine P'tit Loup ! 30 recettes ultra-simples pour cuisiner en famille !\r\nEn cuisine avec P'tit Loup ! D\u00e9couvre 30 recettes sucr\u00e9es et sal\u00e9es pour tous les jours et pour les grandes occasions.\r\nApprends les gestes de base et r\u00e9alise ces recettes en famille !\r\n30 recettes r\u00e9parties en 5 cat\u00e9gories : \r\nAp\u00e9ro : guacamole, escargots feuillet\u00e9s, mini-quiches ;\r\nPlats : cake, mini-pizzas, galettes de carottes ;\r\nGo\u00fbters : pancakes, compotes, citronnade ;\r\nDesserts : g\u00e2teau au chocolat, glace aux fruits rouges, mousse au chocolat ;\r\nPlats de f\u00eates : sabl\u00e9s de No\u00ebl, biscuits d'Halloween... \r\nUn livre-chevalet tr\u00e8s pratique \u00e0 utiliser avec les enfants.","authors":["Orianne Lallemand","El\u00e9onore Thuillier"],"category_codes":["2000000","2060000","2060200"],"visuals":{"large":"https:\/\/images.epagine.fr\/245\/9791039557245_1_75.jpg","medium":"https:\/\/images.epagine.fr\/245\/9791039557245_1_m.jpg","thumbnail":"https:\/\/images.epagine.fr\/245\/9791039557245_1_v.jpg"},"orderable":true,"show_badge":true,"formatted_price":"15,95&nbsp;\u20ac","formatted_published_date":"24 avril 2025","publisher_availability_label":"Sur commande","short_details":"Orianne Lallemand, El\u00e9onore Thuillier \u2014 Auzou","translator":null,"weight":926,"page_count":62,"readership":"Tout public","editor":"Auzou","price":1595,"published_date":"2025-04-23T22:00:00.000000Z","support":"Grand format","publisher_availability":1,"stock":0,"editions":[],"url":"https:\/\/quaidesbrumes.com\/ouvrage\/9791039557245\/cest-trop-bon-ptit-loup-mes-recettes-en-famille"},{"id":"9782266346634","title":"The Mortal Instruments - Renaissance Tome 1 : La princesse de la nuit","description":"Cinq ans apr\u00e8s les \u00e9v\u00e9nements de Mortal Instruments , Emma Carstairs est pr\u00eate \u00e0 venger la mort de ses parents...\r\nApr\u00e8s le meurtre de ses parents, Emma Carstairs a rejoint l'Institut des Blackthorn pour devenir une redoutable Chasseuse d'Ombres. Et quand on d\u00e9couvre des crimes similaires, elle d\u00e9cide de retrouver l'assassin et de se venger.\r\nMais de nombreuses questions surgissent : que veulent dire ces \u00e9tranges inscriptions sur les corps ? Pourquoi l'Enclave leur a-t-elle interdit de chercher le coupable ? Et, surtout, pourquoi ses pouvoirs de parabatai deviennent-ils aussi puissants en pr\u00e9sence de Julian ?","authors":["Cassandra Clare","Julie Lafon"],"category_codes":["2000000","2050000","2050200","2050203"],"visuals":{"large":"https:\/\/images.epagine.fr\/634\/9782266346634_1_75.jpg","medium":"https:\/\/images.epagine.fr\/634\/9782266346634_1_m.jpg","thumbnail":"https:\/\/images.epagine.fr\/634\/9782266346634_1_v.jpg"},"orderable":true,"show_badge":true,"formatted_price":"10,50&nbsp;\u20ac","formatted_published_date":"13 f\u00e9vrier 2025","publisher_availability_label":"Sur commande","short_details":"Cassandra Clare, Julie Lafon \u2014 Pocket Jeunesse","translator":"JULIE LAFON","weight":414,"page_count":880,"readership":"\u00e0 partir de 13 ANS","editor":"Pocket Jeunesse","price":1050,"published_date":"2025-02-12T23:00:00.000000Z","support":"Poche","publisher_availability":1,"stock":0,"editions":[],"url":"https:\/\/quaidesbrumes.com\/ouvrage\/9782266346634\/the-mortal-instruments-renaissance-tome-1-la-princesse-de-la-nuit"},{"id":"9782408053987","title":"J'\u00e9l\u00e8ve mon chat","description":"Le chat n'est-il pas devenu notre meilleur ami ? On peut le croire au nombre de vid\u00e9os de chat qui sont diffus\u00e9es sur Instagram ou sur TikTok ! Envie d'en adopter un ? de faire le grand saut ? Alors voil\u00e0 le livre id\u00e9al pour apprendre \u00e0 en prendre soin avec le plus de respect possible. Ce \u00ab Copain \u00bb propose 35 activit\u00e9s sympas, class\u00e9es en 4 rubriques autour de sa personnalit\u00e9, son territoire, ses activit\u00e9s pr\u00e9f\u00e9r\u00e9es et son bien-\u00eatre.  Langage et ronronnements Chaque chat est unique, bien s\u00fbr. Mais c'est d'abord un chat, qui r\u00e9agit comme tous ceux de son esp\u00e8ce. En sachant l'observer et d\u00e9coder ses r\u00e9actions, on communiquera mieux avec lui pour qu'il reste \u00ab bien dans sa t\u00eate \u00bb en toutes circonstances ! Voil\u00e0 donc plein de conseils pour comprendre les signaux qu'il envoie, \u00e9tablir la meilleure des relations... Entre eux, les chats miaulent assez peu et communiquent surtout par des postures ou des odeurs. La voix est plut\u00f4t r\u00e9serv\u00e9e aux \u00e9motions fortes : disputes, saison des amours, cris des chatons... Avec les humains, ils peuvent \u00eatre beaucoup plus bavards. Le chat module sa voix, du petit miaulement au cri rauque, en passant par toutes les nuances. Selon le contexte et le ton, on va apprendre \u00e0 d\u00e9crypter ce qu'il dit ! Le ronronnement sert aussi \u00e0 communiquer. La chatte le fait quand elle allaite, pour rassurer ses petits. Un chat peut ronronner pour \u00e9viter un conflit avec un autre chat. Ou pour se rassurer lui-m\u00eame, quand il est stress\u00e9 ! Cela peut \u00eatre aussi pour nous solliciter, en r\u00e9clamant \u00e0 manger... ou un c\u00e2lin. Le chat est un malin ! Territoire et confort de vie Ne jamais oublier que son chat est d'abord un chasseur, un fauve en miniature. Alors, m\u00eame en appartement, il faut lui offrir l'occasion de se d\u00e9fouler \u00e0 travers toutes sortes de jeux et d'activit\u00e9s ; cela lui permettra de laisser jaillir son instinct (et ses griffes) ! Comment faire plaisir \u00e0 son chat ? En am\u00e9nageant son univers ! On va donc ici apprendre \u00e0 construire des paniers, des abris, des choses \u00e0 griffer ou \u00e0 escalader... Les id\u00e9es et les astuces ne manquent pas, et pour ces bricolages souvent simples, on utilisera un maximum d'objets recycl\u00e9s. Et qu'il vive en pleine campagne, dans une maison avec un jardin ou en appartement, le chat s'adaptera au territoire disponible. \u00c0 nous de lui proposer un domaine id\u00e9al ! Et les chats libres ? Dans chaque ville, il y a des associations qui s'occupent des chats libres. D\u00e9couvrons-les et faisons un petit tour des am\u00e9nagements n\u00e9cessaires et de l'aide dont elles ont besoin. Il est toujours possible d'y participer avec sa famille, son \u00e9cole, ses amis... Et lorsqu'on croise un chat libre, dans tous les cas, le mieux est de le laisser venir \u00e0 nous. On apprendra \u00e0 ne jamais forcer le contact et \u00e0 se mettre \u00e0 son rythme. L'id\u00e9al est de s'accroupir \u00e0 sa hauteur et de tendre la main pour qu'il la flaire. Pour d\u00e9buter une relation, tous ces petits f\u00e9lins appr\u00e9cieront les m\u00eames r\u00e8gles simples, bas\u00e9es sur l'autonomie, le calme et la confiance. Pr\u00eat(e) \u00e0 adopter ?","authors":["St\u00e9phane Frattini","Fabrice Mosca","Julie Guillem"],"category_codes":["2000000","2060000","2060500"],"visuals":{"large":"https:\/\/images.epagine.fr\/987\/9782408053987_1_75.jpg","medium":"https:\/\/images.epagine.fr\/987\/9782408053987_1_m.jpg","thumbnail":"https:\/\/images.epagine.fr\/987\/9782408053987_1_v.jpg"},"orderable":true,"show_badge":true,"formatted_price":"12,90&nbsp;\u20ac","formatted_published_date":"5 mars 2025","publisher_availability_label":"Sur commande","short_details":"St\u00e9phane Frattini, Fabrice Mosca, Julie Guillem \u2014 Milan","translator":null,"weight":356,"page_count":112,"readership":"\u00e0 partir de 6 ANS","editor":"Milan","price":1290,"published_date":"2025-03-04T23:00:00.000000Z","support":"Grand format","publisher_availability":1,"stock":0,"editions":[],"url":"https:\/\/quaidesbrumes.com\/ouvrage\/9782408053987\/jeleve-mon-chat"},{"id":"9782080483133","title":"Petites histoires du P\u00e8re Castor d'automne","description":"10 histoires aux couleurs de l'automne \u00e0 partager avec les enfants, petits et grands. Le Petit H\u00e9risson partageur Loup ne sait pas s'habiller Le Soleil et le vent La Grosse Noix 24 petites souris vont \u00e0 l'\u00e9cole 3 petits moutons Le Mannele Vite, vite\u00a0! Les Ptimounes - Le Monstre du bois La Danse de l'automne.","authors":["Collectif"],"category_codes":["2000000","2030000","2030300"],"visuals":{"large":"https:\/\/images.epagine.fr\/133\/9782080483133_1_75.jpg","medium":"https:\/\/images.epagine.fr\/133\/9782080483133_1_m.jpg","thumbnail":"https:\/\/images.epagine.fr\/133\/9782080483133_1_v.jpg"},"orderable":true,"show_badge":true,"formatted_price":"11,95&nbsp;\u20ac","formatted_published_date":"3 septembre 2025","publisher_availability_label":"Sur commande","short_details":"Collectif \u2014 P\u00e8re Castor","translator":null,"weight":490,"page_count":128,"readership":"3\/6 ans","editor":"P\u00e8re Castor","price":1195,"published_date":"2025-09-02T22:00:00.000000Z","support":"Grand format","publisher_availability":1,"stock":0,"editions":[],"url":"https:\/\/quaidesbrumes.com\/ouvrage\/9782080483133\/petites-histoires-du-pere-castor-dautomne"},{"id":"9782368563526","title":"Dans les champs, \u00e9coute les animaux","description":"Un livre sonore pour les enfants \u00e0 partir de 3 ans\r\n\r\nLes illustrations de G\u00e9raldine Cosneau et les ambiances sonores qui les accompagnent nous transportent dans les champs, pr\u00e8s d'une ferme, et font vibrer la nature au rythme de ses plus doux murmures.\r\n\r\nUn chien court apr\u00e8s un tracteur, un cheval et un \u00e2ne broutent dans un champs, un loir ronfle dans son nid, une buse guette les rongeurs, un troupeau de moutons rentre \u00e0 la bergerie....\r\nLes sons vont au-del\u00e0 des simples cris des animaux. Ils restituent une ambiance.\r","authors":["G\u00e9raldine Cosneau"],"category_codes":["2000000","2020000","2020200"],"visuals":{"large":"https:\/\/images.epagine.fr\/526\/9782368563526_1_75.jpg","medium":"https:\/\/images.epagine.fr\/526\/9782368563526_1_m.jpg","thumbnail":"https:\/\/images.epagine.fr\/526\/9782368563526_1_v.jpg"},"orderable":true,"show_badge":false,"formatted_price":"17,90&nbsp;\u20ac","formatted_published_date":"13 juin 2025","publisher_availability_label":"Sur commande","short_details":"G\u00e9raldine Cosneau \u2014 Amaterra","translator":null,"weight":364,"page_count":24,"readership":"\u00e0 partir de 3 ANS","editor":"Amaterra","price":1790,"published_date":"2025-06-12T22:00:00.000000Z","support":"Grand format","publisher_availability":1,"stock":1,"editions":[],"url":"https:\/\/quaidesbrumes.com\/ouvrage\/9782368563526\/dans-les-champs-ecoute-les-animaux"},{"id":"9782368563595","title":"Le grand voyage des petits minuscules","description":"La collection Choisis la suite de l'aventure : \u00e0 chaque double page, l'enfant a le choix entre deux propositions pour d\u00e9terminer la suite de l'aventure. Il chemine gr\u00e2ce \u00e0 un syst\u00e8me d'onglets. Chaque parcours est une nouvelle histoire.\r\n32 parcours dont 2 gagnants\r\nDans ce 5e titre, les petits minuscules ont besoin de mat\u00e9riel pour pr\u00e9parer leur futur voyage, ils s'arment de courage et partent chez les tougrands .\r\nAu fil de leur parcours, les petits minuscules rencontrent : une tondeuse \u00e0 gazon qui risque de les couper en rondelles, une taupe affam\u00e9e, un oiseau qui les emporte dans son nid...\r\nQue ce soit l'arriv\u00e9e chez les tougrands ou le retour chez eux, le chemin est long et dangereux !\r\nLes petits minuscules r\u00e9ussiront-ils \u00e0 faire ce voyage tant r\u00eav\u00e9 ?\r","authors":["Sylvie Misslin","Amandine Piu"],"category_codes":["2000000","2030000","2030400"],"visuals":{"large":"https:\/\/images.epagine.fr\/595\/9782368563595_1_75.jpg","medium":"https:\/\/images.epagine.fr\/595\/9782368563595_1_m.jpg","thumbnail":"https:\/\/images.epagine.fr\/595\/9782368563595_1_v.jpg"},"orderable":true,"show_badge":false,"formatted_price":"15,90&nbsp;\u20ac","formatted_published_date":"15 novembre 2024","publisher_availability_label":"Sur commande","short_details":"Sylvie Misslin, Amandine Piu \u2014 Amaterra","translator":null,"weight":502,"page_count":44,"readership":"3\/6 ans","editor":"Amaterra","price":1590,"published_date":"2024-11-14T23:00:00.000000Z","support":"Grand format","publisher_availability":1,"stock":1,"editions":[],"url":"https:\/\/quaidesbrumes.com\/ouvrage\/9782368563595\/le-grand-voyage-des-petits-minuscules"},{"id":"9782244806730","title":"Sudoku 9 ans","description":"Facile, moyen, expert... plus de 50 grilles de sudokus \u00e0 la difficult\u00e9 progressive. Logique, patience et d\u00e9duction pour un jeu de chiffres diabolique !","authors":["Jacques Loess"],"category_codes":["2000000","2060000","2060500"],"visuals":{"large":"https:\/\/images.epagine.fr\/730\/9782244806730_1_75.jpg","medium":"https:\/\/images.epagine.fr\/730\/9782244806730_1_m.jpg","thumbnail":"https:\/\/images.epagine.fr\/730\/9782244806730_1_v.jpg"},"orderable":true,"show_badge":true,"formatted_price":"6,20&nbsp;\u20ac","formatted_published_date":"1er f\u00e9vrier 2026","publisher_availability_label":"Sur commande","short_details":"Jacques Loess \u2014 \u00c9ditions Lito","translator":null,"weight":200,"page_count":64,"readership":"\u00e0 partir de 9 ANS","editor":"\u00c9ditions Lito","price":620,"published_date":"2026-01-31T23:00:00.000000Z","support":"Grand format","publisher_availability":1,"stock":0,"editions":[],"url":"https:\/\/quaidesbrumes.com\/ouvrage\/9782244806730\/sudoku-9-ans"},{"id":"9791032400067","title":"Journal d'un Noob Tome 1 : guerrier","description":"Le journal intime hilarant d'un jeune villageois de Minecraft qui veut devenir un guerrier !\r\n\" La nuit derni\u00e8re, j'ai fait un r\u00eave hallucinant. Des villageois avaient form\u00e9 une arm\u00e9e, et j'en faisais partie. Je fixais des endermen droit dans les yeux.\r\n Je parais la fl\u00e8che d'un squelette \u00e0 mains nues.\r\n Je fauchais des zombies comme un fermier r\u00e9colte des betteraves.\r\n Et pour couronner le tout, j'ai envoy\u00e9 un creeper dans le ciel avec un seul coup.\r\n Ouaip, voil\u00e0 le genre de h\u00e9ros que je veux \u00eatre.\r\n Mais c'\u00e9tait juste un r\u00eave... \"\r\n \r\n Minus a douze ans, il entre au coll\u00e8ge de Minecraftia et il est destin\u00e9 \u00e0 devenir fermier, forgeron ou boucher, comme tous les villageois... Mais son r\u00eave \u00e0 lui est d'\u00eatre un aventurier et de combattre les monstres qui attaquent sans arr\u00eat le village. Alors quand il apprend que les cinq meilleurs \u00e9l\u00e8ves du coll\u00e8ge vont pouvoir suivre une formation de guerrier, Minus est bien d\u00e9termin\u00e9 \u00e0 en faire partie. La comp\u00e9tition sera rude, mais Minus est pr\u00eat \u00e0 tout : cette ann\u00e9e, plus personne ne le traitera de noob !","authors":["Cube Kid"],"category_codes":["2000000","2050000","2050200","2050202"],"visuals":{"large":"https:\/\/images.epagine.fr\/067\/9791032400067_1_75.jpg","medium":"https:\/\/images.epagine.fr\/067\/9791032400067_1_m.jpg","thumbnail":"https:\/\/images.epagine.fr\/067\/9791032400067_1_v.jpg"},"orderable":true,"show_badge":true,"formatted_price":"12,95&nbsp;\u20ac","formatted_published_date":"4 f\u00e9vrier 2016","publisher_availability_label":"Sur commande","short_details":"Cube Kid \u2014 404 \u00c9ditions","translator":null,"weight":546,"page_count":312,"readership":"\u00e0 partir de 12 ANS","editor":"404 \u00c9ditions","price":1295,"published_date":"2016-02-03T23:00:00.000000Z","support":"Grand format","publisher_availability":1,"stock":0,"editions":[],"url":"https:\/\/quaidesbrumes.com\/ouvrage\/9791032400067\/journal-dun-noob-tome-1-guerrier"},{"id":"3127020503124","title":"Allez cherche ! Chien Pourri !","description":"Oeil de lynx, truffe au vent, et pa-patte en arr\u00eat, \u00e0 la f\u00eate foraine, Chien Pourri est pr\u00eat \u00e0 d\u00e9montrer ses qualit\u00e9s de fin limier ! Allez cherche, Chien Pourri, cherche !\r\nLancez la roue et aidez-le \u00e0 trouver les objets ou personnages cach\u00e9s ! Affrontez vos adversaires dans des duels hilarants.","authors":["Colas Gutman","Marc Boutavant"],"category_codes":["2000000","2060000","2060500"],"visuals":{"large":"https:\/\/images.epagine.fr\/124\/3127020503124_1_75.jpg","medium":"https:\/\/images.epagine.fr\/124\/3127020503124_1_m.jpg","thumbnail":"https:\/\/images.epagine.fr\/124\/3127020503124_1_v.jpg"},"orderable":true,"show_badge":true,"formatted_price":"0,00&nbsp;\u20ac","formatted_published_date":"13 novembre 2024","publisher_availability_label":"Sur commande","short_details":"Colas Gutman, Marc Boutavant \u2014 L'\u00c9cole des loisirs","translator":null,"weight":716,"page_count":97,"readership":"\u00e0 partir de 6 ANS","editor":"L'\u00c9cole des loisirs","price":0,"published_date":"2024-11-12T23:00:00.000000Z","support":"Objet","publisher_availability":1,"stock":0,"editions":[],"url":"https:\/\/quaidesbrumes.com\/ouvrage\/3127020503124\/allez-cherche-chien-pourri"},{"id":"9782080499929","title":"Le Tour du monde de Charlock","description":"Trois myst\u00e8res \u00e0 r\u00e9soudre pour Charlock, et il n'est pas pr\u00e8s de donner sa langue au chat\u00a0! Entre la d\u00e9couverte d'un fabuleux tr\u00e9sor dans les tropiques, le terrible gang d'Al Chapone \u00e0 ses trousses, et la recherche du chabominable monstre des neiges, le plus fut\u00e9 des d\u00e9tectives ne prend d\u00e9cid\u00e9ment jamais de vacances. Heureusement, il peut compter sur ses amis pour lui donner un coup de patte\u00a0!","authors":["Benjamin Lacombe","S\u00e9bastien Perez"],"category_codes":["2000000","2040000","2040500"],"visuals":{"large":"https:\/\/images.epagine.fr\/929\/9782080499929_1_75.jpg","medium":"https:\/\/images.epagine.fr\/929\/9782080499929_1_m.jpg","thumbnail":"https:\/\/images.epagine.fr\/929\/9782080499929_1_v.jpg"},"orderable":true,"show_badge":true,"formatted_price":"19,90&nbsp;\u20ac","formatted_published_date":"5 novembre 2025","publisher_availability_label":"Sur commande","short_details":"Benjamin Lacombe, S\u00e9bastien Perez \u2014 Flammarion jeunesse","translator":null,"weight":808,"page_count":218,"readership":"\u00e0 partir de 6 ANS","editor":"Flammarion jeunesse","price":1990,"published_date":"2025-11-04T23:00:00.000000Z","support":"Grand format","publisher_availability":1,"stock":0,"editions":[],"url":"https:\/\/quaidesbrumes.com\/ouvrage\/9782080499929\/le-tour-du-monde-de-charlock"},{"id":"9782372731904","title":"L'oiseau fait son nid","description":"Petit \u00e0 petit, l'oiseau fait son nid et redouble d'efforts. Mais lorsqu'il parvient au bout de sa besogne, le vent se met \u00e0 souffler, le chat \u00e0 frapper et la pluie \u00e0 tomber. Il recommence alors et, \u00e0 chaque \u00e9tape, le nid se fortifie, gr\u00e2ce aux buis et aux brindilles de gui.\r","authors":["Agn\u00e8s Debacker","Ir\u00e8ne Schoch"],"category_codes":["2000000","2030000","2030400"],"visuals":{"large":"https:\/\/images.epagine.fr\/904\/9782372731904_1_75.jpg","medium":"https:\/\/images.epagine.fr\/904\/9782372731904_1_m.jpg","thumbnail":"https:\/\/images.epagine.fr\/904\/9782372731904_1_v.jpg"},"orderable":true,"show_badge":false,"formatted_price":"14,50&nbsp;\u20ac","formatted_published_date":"3 avril 2026","publisher_availability_label":"Sur commande","short_details":"Agn\u00e8s Debacker, Ir\u00e8ne Schoch \u2014 Les \u00c9ditions des \u00c9l\u00e9phants","translator":null,"weight":338,"page_count":32,"readership":"3\/6 ans","editor":"Les \u00c9ditions des \u00c9l\u00e9phants","price":1450,"published_date":"2026-04-02T22:00:00.000000Z","support":"Grand format","publisher_availability":1,"stock":1,"editions":[],"url":"https:\/\/quaidesbrumes.com\/ouvrage\/9782372731904\/loiseau-fait-son-nid"},{"id":"9782075151429","title":"L\u00e9o des villes, L\u00e9o des champs","description":"L\u00e9o, douze ans, ne grandit plus. Depuis que ses parents se sont s\u00e9par\u00e9s, pas un centim\u00e8tre de gagn\u00e9 mais une sixi\u00e8me de redoubl\u00e9e. \u00c0 la rentr\u00e9e, il ira en pension dans un coll\u00e8ge \u00e0 la campagne et passera les week-ends chez sa grand-m\u00e8re, avec qui il ne s'entend pas. L\u00e9o la rejoint d\u00e8s le mois d'ao\u00fbt, \u00ab\u00e0 l'essai\u00bb. Et il est bien d\u00e9cid\u00e9 \u00e0 retourner au plus ite chez lui...PRIX DES COLL\u00c9GIENS GALLIMARD JEUNESSE 2022-2023\r","authors":["Jean-Philippe Arrou-Vignod","Fran\u00e7ois Ravard"],"category_codes":["2000000","2040000","2040500"],"visuals":{"large":"https:\/\/images.epagine.fr\/429\/9782075151429_1_75.jpg","medium":"https:\/\/images.epagine.fr\/429\/9782075151429_1_m.jpg","thumbnail":"https:\/\/images.epagine.fr\/429\/9782075151429_1_v.jpg"},"orderable":true,"show_badge":true,"formatted_price":"7,90&nbsp;\u20ac","formatted_published_date":"16 juin 2022","publisher_availability_label":"Sur commande","short_details":"Jean-Philippe Arrou-Vignod, Fran\u00e7ois Ravard \u2014 Gallimard Jeunesse","translator":null,"weight":86,"page_count":112,"readership":"\u00e0 partir de 10 ANS","editor":"Gallimard Jeunesse","price":790,"published_date":"2022-06-15T22:00:00.000000Z","support":"Poche","publisher_availability":1,"stock":0,"editions":[],"url":"https:\/\/quaidesbrumes.com\/ouvrage\/9782075151429\/leo-des-villes-leo-des-champs"},{"id":"9782215174905","title":"L'astronomie","description":"Les plan\u00e8tes du syst\u00e8me solaire, l'histoire de la d\u00e9couverte de l'espace, la vie d'une \u00e9toile, la carte des constellations... D\u00e9couvre tout ce que tu veux savoir sur l'astronomie dans ce livre-documentaire tr\u00e8s illustr\u00e9 !\r\nAu d\u00e9but du livre, d\u00e9couvre des images \u00e0 d\u00e9couper pour apprendre en t'amusant !\r","authors":["Sabine Boccador"],"category_codes":["2000000","2070000","2070500"],"visuals":{"large":"https:\/\/images.epagine.fr\/905\/9782215174905_1_75.jpg","medium":"https:\/\/images.epagine.fr\/905\/9782215174905_1_m.jpg","thumbnail":"https:\/\/images.epagine.fr\/905\/9782215174905_1_v.jpg"},"orderable":true,"show_badge":true,"formatted_price":"8,95&nbsp;\u20ac","formatted_published_date":"13 mars 2020","publisher_availability_label":"Sur commande","short_details":"Sabine Boccador \u2014 Fleurus","translator":null,"weight":452,"page_count":1,"readership":null,"editor":"Fleurus","price":895,"published_date":"2020-03-12T23:00:00.000000Z","support":"Grand format","publisher_availability":1,"stock":0,"editions":[],"url":"https:\/\/quaidesbrumes.com\/ouvrage\/9782215174905\/lastronomie"},{"id":"9782360121564","title":"Parfait.e : petit manifeste pour \u00eatre soi-m\u00eame de la t\u00eate aux pieds et jusquau bout des ongles","description":"Que l'on soit fille ou gar\u00e7on,les injonctions portant sur ce que l'on peut ou doit faire - ou non - de son corps et de son apparence sont la norme. \r\nRole models, histoire des v\u00eatements, anecdotes et d\u00e9tails croustillants... ce petit manifeste illustr\u00e9 est fait pour prouver avec humour que chacun.e a bien raison de vouloir faire ce qui lui plait avec son corps et ses v\u00eatements !\r","authors":["Emilie Chazerand","Alice Dussutour"],"category_codes":["2000000","2070000","2070700"],"visuals":{"large":"https:\/\/images.epagine.fr\/564\/9782360121564_1_75.jpg","medium":"https:\/\/images.epagine.fr\/564\/9782360121564_1_m.jpg","thumbnail":"https:\/\/images.epagine.fr\/564\/9782360121564_1_v.jpg"},"orderable":true,"show_badge":true,"formatted_price":"16,00&nbsp;\u20ac","formatted_published_date":"3 f\u00e9vrier 2023","publisher_availability_label":"Sur commande","short_details":"Emilie Chazerand, Alice Dussutour \u2014 La Ville Br\u00fble","translator":null,"weight":387,"page_count":96,"readership":null,"editor":"La Ville Br\u00fble","price":1600,"published_date":"2023-02-02T23:00:00.000000Z","support":"Grand format","publisher_availability":1,"stock":0,"editions":[],"url":"https:\/\/quaidesbrumes.com\/ouvrage\/9782360121564\/parfaite-petit-manifeste-pour-etre-soi-meme-de-la-tete-aux-pieds-et-jusquau-bout-des-ongles"},{"id":"9782728935260","title":"La Bible racont\u00e9e","description":"Cette Bible racont\u00e9e et illustr\u00e9e parcourt tous les livres de l'Ancien et du Nouveau Testaments, de la Gen\u00e8se \u00e0 l'Apocalypse, afin de faire d\u00e9couvrir, dans un langage adapt\u00e9, les plus belles histoires de la cr\u00e9ation du monde, des rois et des proph\u00e8tes, de J\u00e9sus et des ap\u00f4tres.\r","authors":["Fran\u00e7ois Campagnac","Christophe Raimbault","Cyla Costa"],"category_codes":["2000000","2070000","2071000"],"visuals":{"large":"https:\/\/images.epagine.fr\/260\/9782728935260_1_75.jpg","medium":"https:\/\/images.epagine.fr\/260\/9782728935260_1_m.jpg","thumbnail":"https:\/\/images.epagine.fr\/260\/9782728935260_1_v.jpg"},"orderable":true,"show_badge":true,"formatted_price":"26,95&nbsp;\u20ac","formatted_published_date":"4 octobre 2024","publisher_availability_label":"Sur commande","short_details":"Fran\u00e7ois Campagnac, Christophe Raimbault, Cyla Costa \u2014 Mame","translator":null,"weight":936,"page_count":312,"readership":null,"editor":"Mame","price":2695,"published_date":"2024-10-03T22:00:00.000000Z","support":"Grand format","publisher_availability":1,"stock":0,"editions":[],"url":"https:\/\/quaidesbrumes.com\/ouvrage\/9782728935260\/la-bible-racontee"},{"id":"9782408055875","title":"Mes docus \u00e0 toucher : La cr\u00e8che","description":"\u00c0 la cr\u00e8che, peux-tu faire de la peinture ou \u00e9couter des histoires ? Sais-tu qu'il y a toujours un adulte pr\u00e8s de toi ? As-tu le droit d'apporter ton doudou pour la sieste ? Un premier livre documentaire pour d\u00e9couvrir et r\u00e9pondre \u00e0 toutes les questions sur la cr\u00e8che, de mani\u00e8re ludique et sensorielle.Une d\u00e9couverte ludique du quotidien \u00e0 la cr\u00e8che\r\nAccueil, repas, hygi\u00e8ne, pot, jeux, sieste, jardinage... Tout au long du livre, au fil des volets \u00e0 soulever et des mati\u00e8res \u00e0 toucher, l'enfant d\u00e9couvrira l'univers de la cr\u00e8che. Une d\u00e9couverte tout en douceur des \u00e9tapes, des activit\u00e9s et du vocabulaire qui rythment le quotidien.De nombreuses mati\u00e8res \u00e0 toucher\r\nGr\u00e2ce \u00e0 plus de dix mati\u00e8res \u00e0 toucher (tissus, fourrure, mati\u00e8res douces, brillantes...), l'enfant exp\u00e9rimentera diff\u00e9rentes textures et s'\u00e9veillera tout en douceur. Il se familiarisera ainsi de mani\u00e8re ludique \u00e0 l'univers de la cr\u00e8che.\u00ab Mes docus \u00e0 toucher \u00bb, la d\u00e9couverte pour les tout-petits\r\nAnimaux du jardin, animaux du froid, v\u00e9hicules, chantiers, b\u00e9b\u00e9s animaux... La collection \u00ab Mes docus \u00e0 toucher \u00bb invite les tout-petits \u00e0 d\u00e9couvrir de nombreuses th\u00e9matiques. Une collection id\u00e9ale pour un premier apprentissage en douceur !","authors":["Aur\u00e9lie Sarrazin","Ella Bailey"],"category_codes":["2000000","2020000","2020200"],"visuals":{"large":"https:\/\/images.epagine.fr\/875\/9782408055875_1_75.jpg","medium":"https:\/\/images.epagine.fr\/875\/9782408055875_1_m.jpg","thumbnail":"https:\/\/images.epagine.fr\/875\/9782408055875_1_v.jpg"},"orderable":true,"show_badge":true,"formatted_price":"14,50&nbsp;\u20ac","formatted_published_date":"2 juillet 2025","publisher_availability_label":"Sur commande","short_details":"Aur\u00e9lie Sarrazin, Ella Bailey \u2014 Milan","translator":null,"weight":408,"page_count":16,"readership":"\u00e0 partir de 1 AN","editor":"Milan","price":1450,"published_date":"2025-07-01T22:00:00.000000Z","support":"Grand format","publisher_availability":1,"stock":0,"editions":[],"url":"https:\/\/quaidesbrumes.com\/ouvrage\/9782408055875\/mes-docus-a-toucher-la-creche"},{"id":"9782017300878","title":"Mes premiers romans Stitch Tome 2 : Les bonnes actions","description":"Stitch veut devenir sage ! Mais ce n'est pas si facile que \u00e7a... ll a beau essayer tr\u00e8s fort, il ne peut pas s'emp\u00eacher\u00a0 de multiplier les b\u00eatises ! Heureusement, Stitch peut compter sur Yuna, Jumba et Pikly pour l'aider. C'est d\u00e9cid\u00e9 : \u00e0 partir de maintenant, le petit extraterrestre ne fera que des bonnes actions !\r\n\u00a0","authors":["Disney"],"category_codes":["2000000","2040000","2040300"],"visuals":{"large":"https:\/\/images.epagine.fr\/878\/9782017300878_1_75.jpg","medium":"https:\/\/images.epagine.fr\/878\/9782017300878_1_m.jpg","thumbnail":"https:\/\/images.epagine.fr\/878\/9782017300878_1_v.jpg"},"orderable":true,"show_badge":true,"formatted_price":"5,90&nbsp;\u20ac","formatted_published_date":"2 juillet 2025","publisher_availability_label":"Sur commande","short_details":"Disney \u2014 Hachette Jeunesse","translator":null,"weight":102,"page_count":64,"readership":"\u00e0 partir de 6 ANS","editor":"Hachette Jeunesse","price":590,"published_date":"2025-07-01T22:00:00.000000Z","support":"Poche","publisher_availability":1,"stock":0,"editions":[],"url":"https:\/\/quaidesbrumes.com\/ouvrage\/9782017300878\/mes-premiers-romans-stitch-tome-2-les-bonnes-actions"},{"id":"9782408029258","title":"Les Romains","description":"Les Romains habitaient tous \u00e0 Rome ? Il y avait des esclaves \u00e0 Rome  ? C'est vrai que les Romains mangeaient allong\u00e9s ? 16 questions d'enfant pour d\u00e9couvrir la Rome antique.","authors":["Pierre Oertel","El\u00e9onore Della Malva"],"category_codes":["2000000","2070000","2070400"],"visuals":{"large":"https:\/\/images.epagine.fr\/258\/9782408029258_1_75.jpg","medium":"https:\/\/images.epagine.fr\/258\/9782408029258_1_m.jpg","thumbnail":"https:\/\/images.epagine.fr\/258\/9782408029258_1_v.jpg"},"orderable":true,"show_badge":false,"formatted_price":"9,50&nbsp;\u20ac","formatted_published_date":"16 f\u00e9vrier 2022","publisher_availability_label":"Sur commande","short_details":"Pierre Oertel, El\u00e9onore Della Malva \u2014 Milan","translator":null,"weight":348,"page_count":40,"readership":"\u00e0 partir de 7 ANS","editor":"Milan","price":950,"published_date":"2022-02-15T23:00:00.000000Z","support":"Grand format","publisher_availability":1,"stock":1,"editions":[],"url":"https:\/\/quaidesbrumes.com\/ouvrage\/9782408029258\/les-romains"},{"id":"9782884806534","title":"Max et Lili font du camping","description":"Cette ann\u00e9e, c'est d\u00e9cid\u00e9, on part en famille, en montagne, et en camping ! Lili boude car elle voulait revoir la mer et son amoureux. Max s'imagine en explorateur d'une nature sauvage et hostile, et leur cousine L\u00e9a r\u00e9alise enfin son r\u00eave. Vont-ils \u00eatre d\u00e9\u00e7us par leurs vacances ? Ce livre de Max et Lili parle du camping, un voyage \u00e0 la d\u00e9couverte de soi-m\u00eame, des autres et de la nature si belle, et si rude qu'il faut souvent l'apprivoiser... Il permet de r\u00e9fl\u00e9chir sur le besoin d'\u00eatre ensemble, de partager, de ne pas se sentir seul, et aussi sur le besoin de beaut\u00e9, de silence, de d\u00e9passement pour se pr\u00e9parer \u00e0 de procha\u00eenes aventures !","authors":["Dominique de Saint-Mars","Serge Bloch"],"category_codes":["2000000","2040000","2040200"],"visuals":{"large":"https:\/\/images.epagine.fr\/534\/9782884806534_1_75.jpg","medium":"https:\/\/images.epagine.fr\/534\/9782884806534_1_m.jpg","thumbnail":"https:\/\/images.epagine.fr\/534\/9782884806534_1_v.jpg"},"orderable":true,"show_badge":true,"formatted_price":"6,20&nbsp;\u20ac","formatted_published_date":"16 mai 2013","publisher_availability_label":"Sur commande","short_details":"Dominique de Saint-Mars, Serge Bloch \u2014 Calligram","translator":null,"weight":117,"page_count":43,"readership":"6\/9 ans","editor":"Calligram","price":620,"published_date":"2013-05-15T22:00:00.000000Z","support":"Grand format","publisher_availability":1,"stock":0,"editions":[],"url":"https:\/\/quaidesbrumes.com\/ouvrage\/9782884806534\/max-et-lili-font-du-camping"},{"id":"9782884455305","title":"Lili a peur des contr\u00f4les","description":"Cette histoire de Lili montre que chacun est diff\u00e9rent et a plus ou moins de difficult\u00e9s.","authors":["Serge Bloch","Dominique de Saint-Mars"],"category_codes":["2000000","2040000","2040200"],"visuals":{"large":"https:\/\/images.epagine.fr\/305\/9782884455305_1_75.jpg","medium":"https:\/\/images.epagine.fr\/305\/9782884455305_1_m.jpg","thumbnail":"https:\/\/images.epagine.fr\/305\/9782884455305_1_v.jpg"},"orderable":true,"show_badge":true,"formatted_price":"6,20&nbsp;\u20ac","formatted_published_date":"9 f\u00e9vrier 2005","publisher_availability_label":"Sur commande","short_details":"Serge Bloch, Dominique de Saint-Mars \u2014 Calligram","translator":null,"weight":119,"page_count":43,"readership":"6\/9 ans","editor":"Calligram","price":620,"published_date":"2005-02-08T23:00:00.000000Z","support":"Grand format","publisher_availability":1,"stock":0,"editions":[],"url":"https:\/\/quaidesbrumes.com\/ouvrage\/9782884455305\/lili-a-peur-des-controles"}]}