{"data":[{"id":"9782374930480","title":"Le merveilleux magicien d'Oz : Fac-simil\u00e9 de l'\u00e9dition originale de 1900","description":"Publi\u00e9 pour la premi\u00e8re fois aux \u00c9tats-Unis en 1900, Le Magicien d'Oz est bien plus qu'un conte pour enfants : c'est l'oeuvre fondatrice de la fantasy moderne, celle qui a donn\u00e9 naissance \u00e0 un imaginaire devenu universel.\r\n\r\nLes \u00e9ditions Qilinn ont le plaisir de pr\u00e9senter cette r\u00e9\u00e9dition en fac-simil\u00e9, avec ses illustrations d'\u00e9poque enti\u00e8rement restaur\u00e9es dans une nouvelle traduction fid\u00e8le \u00e0 l'esprit original de L. Frank Baum.\r\n\r\nDe la route de briques jaunes \u00e0 la Cit\u00e9 d'\u00c9meraude, en passant par l'Epouvantail plein de paille et le Lion Poltron, l'extraodinaire aventure de Dorothy au pays d'Oz a infus\u00e9 toute la culture populaire - du cin\u00e9ma \u00e0 la bande dessin\u00e9e, de la musique \u00e0 la mode.\r\n\r\nUn classique moderne \u00e0 red\u00e9couvrir dans toute sa magie originelle !","authors":["L. Frank Baum","William W. Denslow"],"category_codes":["2000000","2030000","2030400"],"visuals":{"large":"https:\/\/images.epagine.fr\/480\/9782374930480_1_75.jpg","medium":"https:\/\/images.epagine.fr\/480\/9782374930480_1_m.jpg","thumbnail":"https:\/\/images.epagine.fr\/480\/9782374930480_1_v.jpg"},"orderable":true,"show_badge":false,"formatted_price":"19,95&nbsp;\u20ac","formatted_published_date":"24 octobre 2025","publisher_availability_label":"Sur commande","short_details":"L. Frank Baum, William W. Denslow \u2014 Qilinn","translator":null,"weight":796,"page_count":280,"readership":"3\/6 ans","editor":"Qilinn","price":1995,"published_date":"2025-10-23T22:00:00.000000Z","support":"Grand format","publisher_availability":1,"stock":1,"editions":[],"url":"https:\/\/quaidesbrumes.com\/ouvrage\/9782374930480\/le-merveilleux-magicien-doz-fac-simile-de-ledition-originale-de-1900"},{"id":"9782361936532","title":"Po\u00e8me en jaune","description":"Un livre jeu, \u00e0 la mani\u00e8re de Prendre & Donner. Un carton tr\u00e8s \u00e9pais, une pi\u00e8ce \u00e0 faire voyager de page en page... Un jeu de transformation se tisse au fil du po\u00e8me : ce rond jaune va devenir le soleil levant, le coeur d'une fleur, le jaune d'un oeuf... V\u00e9ritable balade po\u00e9tique au creux de la main. Ce livre fait appel \u00e0 notre capacit\u00e9 de donner un sens m\u00e9taphorique aux choses, et cela d\u00e8s nos premiers mots !","authors":["Lucie F\u00e9lix"],"category_codes":["2000000","2020000","2020200"],"visuals":{"large":"https:\/\/images.epagine.fr\/532\/9782361936532_1_75.jpg","medium":"https:\/\/images.epagine.fr\/532\/9782361936532_1_m.jpg","thumbnail":"https:\/\/images.epagine.fr\/532\/9782361936532_1_v.jpg"},"orderable":true,"show_badge":true,"formatted_price":"16,50&nbsp;\u20ac","formatted_published_date":"27 octobre 2022","publisher_availability_label":"Sur commande","short_details":"Lucie F\u00e9lix \u2014 \u00c9ditions des Grandes Personnes","translator":null,"weight":420,"page_count":16,"readership":"\u00e0 partir de 1 AN","editor":"\u00c9ditions des Grandes Personnes","price":1650,"published_date":"2022-10-26T22:00:00.000000Z","support":"Grand format","publisher_availability":1,"stock":0,"editions":[],"url":"https:\/\/quaidesbrumes.com\/ouvrage\/9782361936532\/poeme-en-jaune"},{"id":"9782362667534","title":"J'aime pas les poup\u00e9es","description":"J'aime PAS les poup\u00e9es. Et pourtant, on continue \u00e0 m'en offrir ! Pour mes sept ans, \u00e7a n'a pas loup\u00e9... Mamie Esther m'a offert une grande poup\u00e9e aux yeux ouverts. Mais cette fois-ci, pas question de me laisser faire !","authors":["St\u00e9phanie Richard","Gwena\u00eblle Doumont"],"category_codes":["2000000","2030000","2030400"],"visuals":{"large":"https:\/\/images.epagine.fr\/534\/9782362667534_1_75.jpg","medium":"https:\/\/images.epagine.fr\/534\/9782362667534_1_m.jpg","thumbnail":"https:\/\/images.epagine.fr\/534\/9782362667534_1_v.jpg"},"orderable":true,"show_badge":true,"formatted_price":"6,50&nbsp;\u20ac","formatted_published_date":"17 octobre 2025","publisher_availability_label":"Sur commande","short_details":"St\u00e9phanie Richard, Gwena\u00eblle Doumont \u2014 \u00c9ditions Talents Hauts","translator":null,"weight":84,"page_count":32,"readership":"\u00e0 partir de 6 ANS","editor":"\u00c9ditions Talents Hauts","price":650,"published_date":"2025-10-16T22:00:00.000000Z","support":"Poche","publisher_availability":1,"stock":0,"editions":[],"url":"https:\/\/quaidesbrumes.com\/ouvrage\/9782362667534\/jaime-pas-les-poupees"},{"id":"9782075162166","title":"Ma journ\u00e9e \u00e0 la cr\u00e8che","description":"Le livre parfait pour pr\u00e9parer l'entr\u00e9e en cr\u00e8che ou pour \u00e9changer autour la journ\u00e9e-type de l'enfant. Les sons, choisis et mix\u00e9s avec soin, enrichissent chaque sc\u00e8ne pour la rendre encore plus vivante avec des rires, des babillages irr\u00e9sistibles et des musiques ! Et pour la premi\u00e8re fois, un jeu de cherche et trouve sonore avec une puce sonore al\u00e9atoire !L'enfant appuie sur la puce et montre ce qu'il entend. Il appuie \u00e0 nouveau et cherche \u00e0 quoi cela correspond, et ce, autant de fois qu'il le souhaite !","authors":["Marion Billet"],"category_codes":["2000000","2020000","2020600"],"visuals":{"large":"https:\/\/images.epagine.fr\/166\/9782075162166_1_75.jpg","medium":"https:\/\/images.epagine.fr\/166\/9782075162166_1_m.jpg","thumbnail":"https:\/\/images.epagine.fr\/166\/9782075162166_1_v.jpg"},"orderable":true,"show_badge":true,"formatted_price":"10,00&nbsp;\u20ac","formatted_published_date":"10 f\u00e9vrier 2022","publisher_availability_label":"Sur commande","short_details":"Marion Billet \u2014 Gallimard Jeunesse","translator":null,"weight":230,"page_count":12,"readership":"\u00e0 partir de 1 AN","editor":"Gallimard Jeunesse","price":1000,"published_date":"2022-02-09T23:00:00.000000Z","support":"Grand format","publisher_availability":1,"stock":0,"editions":[],"url":"https:\/\/quaidesbrumes.com\/ouvrage\/9782075162166\/ma-journee-a-la-creche"},{"id":"9782408052744","title":"Mayas, Azt\u00e8ques et Incas","description":"En partant sur les traces des Mayas, des Azt\u00e8ques, des Incas et de leurs anc\u00eatres, ce livre retrace l'histoire, les coutumes et les l\u00e9gendes de ces premiers peuples du continent am\u00e9ricain. Longtemps m\u00e9connues, ces grandes civilisations ont laiss\u00e9 des marques profondes dans les paysages et dans les cultures des soci\u00e9t\u00e9s qui leur ont succ\u00e9d\u00e9. Et conna\u00eetre le pass\u00e9 sert toujours \u00e0 la compr\u00e9hension du pr\u00e9sent.\r\n\r\nDes civilisations puissantes \r\nDe l'empire azt\u00e8que au Mexique, des cit\u00e9s mayas en Am\u00e9rique centrale au territoire inca en Am\u00e9rique du Sud, le voyage couvre un large p\u00e9rim\u00e8tre dans le temps et dans l'espace. Quels sont les points communs entre Tenochtitlan, la Venise des Am\u00e9riques, Tikal, la cit\u00e9 des pyramides et Cuzco, le nombril du monde ? Leur d\u00e9veloppement, leur rayonnement, leur force... En se plongeant dans l'histoire de ces civilisations, on d\u00e9couvre leurs fascinantes avanc\u00e9es en architecture, agriculture, astronomie ainsi que leur ma\u00eetrise de syst\u00e8mes politiques et religieux tr\u00e8s particuliers. Elles nous ont aussi l\u00e9gu\u00e9 un h\u00e9ritage artistique et culturel remarquable qu'on ne cesse de mettre au jour.\r\n\r\nUne histoire tragique\r\nC\u00f3rdoba, Cortez, Alvarado, Urs\u00faa, Pizarro, autant de conquistadors venus d'Europe qui ont tous contribu\u00e9 \u00e0 la chute de ces grandes civilisations. An\u00e9antis par les armes et les maladies, asservis, ces peuples natifs assistent \u00e0 l'\u00e9croulement de leur monde et \u00e0 la remise en question de toutes leurs valeurs. Il faudra attendre le XIXe si\u00e8cle pour que la M\u00e9soam\u00e9rique et les Andes se lib\u00e8rent du joug espagnol en donnant naissance \u00e0 de nouveaux \u00e9tats dont le Mexique, le Guat\u00e9mala, le P\u00e9rou et la Bolivie... et 2005 pour voir, en Bolivie, l'\u00e9lection du premier pr\u00e9sident am\u00e9rindien, Evo Morales.\r\n\r\nUn laboratoire privil\u00e9gi\u00e9\r\nSans aucun contact avec d'autres parties du monde, les humains, en Am\u00e9rique, ont appris petit a  petit a  produire leurs aliments en devenant agriculteurs, a  vivre de fac on se dentaire et a  construire des villages puis des villes, a  mettre au point toutes sortes d'artisanats, a  s'organiser en socie te s de plus en plus complexes et varie es, a  inventer des formes de gouvernement. Ils ont  aussi de veloppe  des conceptions de l'Univers, de la vie, de la mort, choisi des valeurs, invente  des religions. E tudier les civilisations pre colombiennes, c'est donc se pencher sur la fac on dont les socie te s humaines peuvent e voluer. Une mani\u00e8re enrichissante d'\u00e9largir notre vision du monde.","authors":["Sandrine Mirza","Antoine Brivet"],"category_codes":["2000000","2070000","2070400"],"visuals":{"large":"https:\/\/images.epagine.fr\/744\/9782408052744_1_75.jpg","medium":"https:\/\/images.epagine.fr\/744\/9782408052744_1_m.jpg","thumbnail":"https:\/\/images.epagine.fr\/744\/9782408052744_1_v.jpg"},"orderable":true,"show_badge":true,"formatted_price":"13,95&nbsp;\u20ac","formatted_published_date":"12 f\u00e9vrier 2025","publisher_availability_label":"Sur commande","short_details":"Sandrine Mirza, Antoine Brivet \u2014 Milan","translator":null,"weight":426,"page_count":128,"readership":"\u00e0 partir de 10 ANS","editor":"Milan","price":1395,"published_date":"2025-02-11T23:00:00.000000Z","support":"Grand format","publisher_availability":1,"stock":0,"editions":[],"url":"https:\/\/quaidesbrumes.com\/ouvrage\/9782408052744\/mayas-azteques-et-incas"},{"id":"9782330124724","title":"Jean-Michel et le poussin-sandwich","description":"Un poussin-sandwich publicitaire est arriv\u00e9 \u00e0 Vlalbonvent et fait fureur aupr\u00e8s des habitants en vendant des produits aux qualit\u00e9s pr\u00e9tendument miraculeuses : un bonnet chauffe-cerveau qui rend plus intelligent, une boisson qui fait rajeunir ou encore des chaussures qui font courir vite... Jean-Michel et Gis\u00e8le sont perplexes et d\u00e9cident de suivre le poussin-sandwich pour en savoir plus...\r","authors":["Magali Le Huche"],"category_codes":["2000000","2030000","2030400"],"visuals":{"large":"https:\/\/images.epagine.fr\/724\/9782330124724_1_75.jpg","medium":"https:\/\/images.epagine.fr\/724\/9782330124724_1_m.jpg","thumbnail":"https:\/\/images.epagine.fr\/724\/9782330124724_1_v.jpg"},"orderable":true,"show_badge":true,"formatted_price":"13,50&nbsp;\u20ac","formatted_published_date":"23 octobre 2019","publisher_availability_label":"Sur commande","short_details":"Magali Le Huche \u2014 Actes Sud Jeunesse","translator":null,"weight":262,"page_count":40,"readership":"\u00e0 partir de 5 ANS","editor":"Actes Sud Jeunesse","price":1350,"published_date":"2019-10-22T22:00:00.000000Z","support":"Grand format","publisher_availability":1,"stock":0,"editions":[],"url":"https:\/\/quaidesbrumes.com\/ouvrage\/9782330124724\/jean-michel-et-le-poussin-sandwich"},{"id":"9782809691429","title":"Passion Basket Tome 2 : Summer camp","description":"Au retour des vacances de No\u00ebl, Mathis vit deux \u00e9v\u00e9nements chocs : il apprend que la nouvelle compagne de son p\u00e8re, qu'il ne conna\u00eet pas encore, est enceinte... Et il est bless\u00e9 \u00e0 cause d'une faute contre lui au cours d'un match avec l'une des \u00e9quipes les plus comp\u00e9titives de la r\u00e9gion. Entre gestion des \u00e9motions li\u00e9es \u00e0 l'arriv\u00e9e du b\u00e9b\u00e9, et r\u00e9\u00e9ducation intensive avec sa kin\u00e9, le jeune basketteur se bat pour avancer et retrouver confiance.\r\n  \r\nPari gagn\u00e9, puisqu'au Summer Camp auquel il participe, il progresse \u00e9norm\u00e9ment, se fait de nouveaux amis, et... est \u00ab d\u00e9tect\u00e9 \u00bb par un recruteur ! Sa carri\u00e8re s'appr\u00eate \u00e0 prendre un sacr\u00e9 tournant !","authors":["Fabienne Blanchut","Julien Tran Dinh"],"category_codes":["2000000","2040000","2040300"],"visuals":{"large":"https:\/\/images.epagine.fr\/429\/9782809691429_1_75.jpg","medium":"https:\/\/images.epagine.fr\/429\/9782809691429_1_m.jpg","thumbnail":"https:\/\/images.epagine.fr\/429\/9782809691429_1_v.jpg"},"orderable":true,"show_badge":true,"formatted_price":"6,99&nbsp;\u20ac","formatted_published_date":"5 mars 2025","publisher_availability_label":"Sur commande","short_details":"Fabienne Blanchut, Julien Tran Dinh \u2014 \u00c9ditions playBac","translator":null,"weight":170,"page_count":144,"readership":"\u00e0 partir de 9 ANS","editor":"\u00c9ditions playBac","price":699,"published_date":"2025-03-04T23:00:00.000000Z","support":"Poche","publisher_availability":1,"stock":0,"editions":[],"url":"https:\/\/quaidesbrumes.com\/ouvrage\/9782809691429\/passion-basket-tome-2-summer-camp"},{"id":"9782748538830","title":"La mandragore de cristal Tome 2 : Jais et Grenat","description":"Elle est pr\u00eate \u00e0 tout donner pour sauver Terra... mais sauvera-t-elle son amour ? Le deuxi\u00e8me tome tr\u00e8s attendu d'une trilogie de fantasy \u00e9poustouflante.\r\nGr\u00e2ce \u00e0 sa cape aux broderies \u00e9nigmatiques, Maryan sait que sa mission est de faire revenir la Lune. Elle doit pour cela r\u00e9unir les cristaux de pouvoir forg\u00e9s par la reine sans nom, assassin\u00e9e avant d'avoir pu sauver Terra du froid \u00e9ternel. Mais ces cristaux \u00e0 la magie surpuissante sont \u00e9parpill\u00e9s, certains perdus... et Maryan et son presque mari, Kerill, sont d\u00e9sormais ennemis de la Couronne. Alors que les troupes du Conestable et les sanguinaires &AElig;termin se rapprochent, Maryan doit fuir. Accompagn\u00e9e de Qinaya, un beau et troublant Foncet qui l'attire plus que de raison, et de Lutz, sa myst\u00e9rieuse soeur de coeur, elle se lance \u00e0 la recherche du troisi\u00e8me cristal, hant\u00e9e par la vision de la terrifiante femme rouge qui la traque dans l'ombre. En chemin, apprendra-t-elle enfin le secret de sa naissance ?","authors":["Nelly Lab\u00e8re","St\u00e9phanie Benson","Fran\u00e7ois-Xavier Pavion"],"category_codes":["2000000","2050000","2050200","2050204"],"visuals":{"large":"https:\/\/images.epagine.fr\/830\/9782748538830_1_75.jpg","medium":"https:\/\/images.epagine.fr\/830\/9782748538830_1_m.jpg","thumbnail":"https:\/\/images.epagine.fr\/830\/9782748538830_1_v.jpg"},"orderable":true,"show_badge":true,"formatted_price":"21,95&nbsp;\u20ac","formatted_published_date":"2 octobre 2025","publisher_availability_label":"Sur commande","short_details":"Nelly Lab\u00e8re, St\u00e9phanie Benson, Fran\u00e7ois-Xavier Pavion \u2014 Syros","translator":null,"weight":596,"page_count":528,"readership":"\u00e0 partir de 12 ANS","editor":"Syros","price":2195,"published_date":"2025-10-01T22:00:00.000000Z","support":"Grand format","publisher_availability":1,"stock":0,"editions":[],"url":"https:\/\/quaidesbrumes.com\/ouvrage\/9782748538830\/la-mandragore-de-cristal-tome-2-jais-et-grenat"},{"id":"9782358801782","title":"Le grand livre des mus\u00e9es","description":"De Paris \u00e0 P\u00e9kin, de Rome \u00e0 Amsterdam, de Marseille \u00e0 Mexico, partez \u00e0 la d\u00e9couverte de 12 mus\u00e9es extraordinaires. Vous serez accompagn\u00e9s dans votre visite par les meilleurs des guides : conservateurs, architectes, gardiens, artistes... mais aussi quelques h\u00f4tes plus inattendus.\r\nFocus sur des chefs-d'oeuvre, portraits d'employ\u00e9s aux m\u00e9tiers passionnants, conseils de visite : les mus\u00e9es ne vous auront jamais sembl\u00e9 aussi vivants.\r\nAssistez \u00e0 un combat de dinosaures au Mus\u00e9um d'histoire naturelle de New York ? Se glisser dans les galeries des mus\u00e9es du Vatican en compagnie du gardien aux 2797 cl\u00e9s ? Oui, et bien d'autres exp\u00e9riences \u00e0 d\u00e9couvrir... Un documentaire XXL de l'autrice sp\u00e9cialis\u00e9e \u00c9va Bensard et 100% illustr\u00e9 par les images fourmillantes de Benjamin Chaud.","authors":["Benjamin Chaud","Eva Bensard"],"category_codes":["2000000","2070000","2070800"],"visuals":{"large":"https:\/\/images.epagine.fr\/782\/9782358801782_1_75.jpg","medium":"https:\/\/images.epagine.fr\/782\/9782358801782_1_m.jpg","thumbnail":"https:\/\/images.epagine.fr\/782\/9782358801782_1_v.jpg"},"orderable":true,"show_badge":true,"formatted_price":"20,00&nbsp;\u20ac","formatted_published_date":"6 octobre 2023","publisher_availability_label":"Sur commande","short_details":"Benjamin Chaud, Eva Bensard \u2014 \u00c9ditions Arola","translator":null,"weight":934,"page_count":60,"readership":"\u00e0 partir de 8 ANS","editor":"\u00c9ditions Arola","price":2000,"published_date":"2023-10-05T22:00:00.000000Z","support":"Grand format","publisher_availability":1,"stock":0,"editions":[],"url":"https:\/\/quaidesbrumes.com\/ouvrage\/9782358801782\/le-grand-livre-des-musees"},{"id":"9782383871118","title":"Trois beaux b\u00e9b\u00e9s","description":"Cric, Crac, Crouc, trois beaux b\u00e9b\u00e9s cassent leur coquille.\r\nSploutch ! Trois beaux b\u00e9b\u00e9s tombent dans une cuve de barbapapa.\r\nCric, Crac et Crouc en sortent enduits d'une belle couche de bonbon rose et sucr\u00e9, aussi rose et sucr\u00e9e que la peau des b\u00e9b\u00e9s. Mais des b\u00e9b\u00e9s quoi, d'ailleurs ?\r\nDes b\u00e9b\u00e9s Barbapapattes ? Impossible, \u00e7a n'existe pas.\r\n\r\nDans ce d\u00e9licieux conte, C\u00e9line Claire et Anouk Ricard accompagnent les premiers pas de trois beaux b\u00e9b\u00e9s, \u00e0 la recherche de leur identit\u00e9 parmi le vaste monde !","authors":["C\u00e9line Claire","Anouk Ricard"],"category_codes":["2000000","2030000","2030400"],"visuals":{"large":"https:\/\/images.epagine.fr\/118\/9782383871118_1_75.jpg","medium":"https:\/\/images.epagine.fr\/118\/9782383871118_1_m.jpg","thumbnail":"https:\/\/images.epagine.fr\/118\/9782383871118_1_v.jpg"},"orderable":true,"show_badge":false,"formatted_price":"16,00&nbsp;\u20ac","formatted_published_date":"5 f\u00e9vrier 2025","publisher_availability_label":"Sur commande","short_details":"C\u00e9line Claire, Anouk Ricard \u2014 \u00c9ditions 2024","translator":null,"weight":346,"page_count":32,"readership":"\u00e0 partir de 3 ANS","editor":"\u00c9ditions 2024","price":1600,"published_date":"2025-02-04T23:00:00.000000Z","support":"Grand format","publisher_availability":1,"stock":1,"editions":[],"url":"https:\/\/quaidesbrumes.com\/ouvrage\/9782383871118\/trois-beaux-bebes"},{"id":"9791036373381","title":"Le palais de sang","description":"Joseon (Cor\u00e9e), 1758. Pour des filles ill\u00e9gitimes de magistrat, il n'y a que peu d'options dans la capitale. Mais \u00e0 force de travail, Hyeon, 18 ans, a obtenu un poste d'infirmi\u00e8re au palais. En \u00e9tant discr\u00e8te et en faisant du bon travail, peut-\u00eatre parviendra-t-elle enfin \u00e0 obtenir l'approbation de son p\u00e8re ?\r\nMais la jeune femme est soudain projet\u00e9e au coeur des intrigues de la cour lorsque quatre femmes sont assassin\u00e9es dans le palais et que son mentor se retrouve \u00eatre le principal suspect. D\u00e9termin\u00e9e \u00e0 prouver son innocence, Hyeon d\u00e9cide de mener sa propre enqu\u00eate aux c\u00f4t\u00e9s d'Eojin, le s\u00e9duisant inspecteur charg\u00e9 de l'affaire. \r\nMais que faire lorsqu'en fouillant les coins les plus sombres du palace et les secrets les plus sanglants de la cour, les preuves d\u00e9signent le prince h\u00e9ritier lui-m\u00eame ?","authors":["June Hur","Tiphs","Marion Roman"],"category_codes":["2000000","2050000","2050200","2050206"],"visuals":{"large":"https:\/\/images.epagine.fr\/381\/9791036373381_1_75.jpg","medium":"https:\/\/images.epagine.fr\/381\/9791036373381_1_m.jpg","thumbnail":"https:\/\/images.epagine.fr\/381\/9791036373381_1_v.jpg"},"orderable":true,"show_badge":true,"formatted_price":"17,90&nbsp;\u20ac","formatted_published_date":"5 novembre 2025","publisher_availability_label":"Sur commande","short_details":"June Hur, Tiphs, Marion Roman \u2014 Bayard Jeunesse","translator":"MARION ROMAN","weight":440,"page_count":416,"readership":"\u00e0 partir de 13 ANS","editor":"Bayard Jeunesse","price":1790,"published_date":"2025-11-04T23:00:00.000000Z","support":"Grand format","publisher_availability":1,"stock":0,"editions":[],"url":"https:\/\/quaidesbrumes.com\/ouvrage\/9791036373381\/le-palais-de-sang"},{"id":"9782487631441","title":"Le carnet d'Elisa","description":"Quand la ma\u00eetresse invite toute la classe \u00e0 remplir un carnet pendant les vacances, \u00c9lisa fait la moue. Tous ses amis ont de supers projets, tandis qu'elle doit aller chez son arri\u00e8re-grande-tante Gertrude, qui habite \u00e0 la campagne. Elle n'est pas m\u00e9chante, mais elle ne parle jamais, et chez elle, c'est tout pourri, moche et d\u00e9labr\u00e9. En bref, elle n'aura rien d'int\u00e9ressant \u00e0 raconter. Pourtant, \u00c9lisa ne se doute pas qu'elle s'appr\u00eate \u00e0 vivre une aventure incroyable... et farfelue !","authors":["Eva Chatelain"],"category_codes":["2000000","2030000","2030400"],"visuals":{"large":"https:\/\/images.epagine.fr\/441\/9782487631441_1_75.jpg","medium":"https:\/\/images.epagine.fr\/441\/9782487631441_1_m.jpg","thumbnail":"https:\/\/images.epagine.fr\/441\/9782487631441_1_v.jpg"},"orderable":true,"show_badge":true,"formatted_price":"15,00&nbsp;\u20ac","formatted_published_date":"20 f\u00e9vrier 2026","publisher_availability_label":"Sur commande","short_details":"Eva Chatelain \u2014 L'\u00c9tag\u00e8re du bas","translator":null,"weight":392,"page_count":40,"readership":"3\/6 ans","editor":"L'\u00c9tag\u00e8re du bas","price":1500,"published_date":"2026-02-19T23:00:00.000000Z","support":"Grand format","publisher_availability":1,"stock":0,"editions":[],"url":"https:\/\/quaidesbrumes.com\/ouvrage\/9782487631441\/le-carnet-delisa"},{"id":"9782732499482","title":"Rouge pop","description":"Le nez du clown, des poissons rouges, un camion de pompier, l'amour... ouvrez cet imagier tout carton et d\u00e9couvrez 6 adorables pop-up pour explorer la couleur rouge.\r\n\r\nQu'il s'agisse d'animaux, d'objets ou de concepts simples, le rouge se d\u00e9cline sous toutes ses formes et, pour la premi\u00e8re fois, en relief \u00e0 destination d'une tranche d'\u00e2ge en qu\u00eate de mat\u00e9rialit\u00e9 ! On allie ici une fabrication tout carton avec les pop-up graphiques et ludiques d'Aurore Petit, suffisamment solides pour les petites mains.\r\n\r\nUne s\u00e9rie d'imagiers pop-upqui va beaucoup amuser les tout-petits et leur en faire voir de toutes les couleurs !","authors":["Aurore Petit"],"category_codes":["2000000","2020000","2020500"],"visuals":{"large":"https:\/\/images.epagine.fr\/482\/9782732499482_1_75.jpg","medium":"https:\/\/images.epagine.fr\/482\/9782732499482_1_m.jpg","thumbnail":"https:\/\/images.epagine.fr\/482\/9782732499482_1_v.jpg"},"orderable":true,"show_badge":true,"formatted_price":"7,90&nbsp;\u20ac","formatted_published_date":"28 janvier 2022","publisher_availability_label":"Sur commande","short_details":"Aurore Petit \u2014 La Martini\u00e8re jeunesse","translator":null,"weight":134,"page_count":12,"readership":"0\/3 ans","editor":"La Martini\u00e8re jeunesse","price":790,"published_date":"2022-01-27T23:00:00.000000Z","support":"Grand format","publisher_availability":1,"stock":0,"editions":[],"url":"https:\/\/quaidesbrumes.com\/ouvrage\/9782732499482\/rouge-pop"},{"id":"9782017325116","title":"Harold et les dragons - tome 1 - comment dresser votre dragon","description":"J'aurai d\u00fb capturer une cr\u00e9ature f\u00e9roce, laide et m\u00e9chante... Mais je me retrouve avec Krokmou, le dragon le plus petit, minuscule et ridicule que vous ayez jamais vu. De quoi j'ai l'air, moi, avec un dragon flemmard, qui ne m'\u00e9coute pas et ne l\u00e8ve jamais sa petite griffe ? Ce n'est pas comme si, en tant que fils du chef, Sto\u00efk la Brute, je n'avais pas deux fois plus la pression !Alors, vous vous demandez tous comment Harold l'Incapable est devenu le grand Harold Horrib'Haddock, h\u00e9ros incontest\u00e9 des Vikings ? Eh bien, voici le secret de ma r\u00e9ussite !","authors":["Cressida Cowell"],"category_codes":["2000000","2040000","2040200"],"visuals":{"large":"https:\/\/images.epagine.fr\/116\/9782017325116_1_75.jpg","medium":"https:\/\/images.epagine.fr\/116\/9782017325116_1_m.jpg","thumbnail":"https:\/\/images.epagine.fr\/116\/9782017325116_1_v.jpg"},"orderable":true,"show_badge":true,"formatted_price":"6,50&nbsp;\u20ac","formatted_published_date":"11 juin 2025","publisher_availability_label":"Sur commande","short_details":"Cressida Cowell \u2014 Hachette Jeunesse","translator":null,"weight":186,"page_count":192,"readership":"\u00e0 partir de 8 ANS","editor":"Hachette Jeunesse","price":650,"published_date":"2025-06-10T22:00:00.000000Z","support":"Poche","publisher_availability":1,"stock":0,"editions":["9782017134015"],"url":"https:\/\/quaidesbrumes.com\/ouvrage\/9782017325116\/harold-et-les-dragons-tome-1-comment-dresser-votre-dragon"},{"id":"9782095034214","title":"La tour Eiffel a des ailes !","description":"Et si la Tour Eiffel voulait changer d'air ?\r\nAujourd'hui, la Tour Eiffel a des fourmis dans les jambes ou plut\u00f4t dans les piliers ! La dame de fer d\u00e9cide d'aller faire un petit tour \u00e0 la mer ! Lors de cette escapade qui va la mener jusqu'au Mont-Saint-Michel, elle va sauver des navires d'un naufrage, nager avec des phoques et servir de pont au Tour de France ! \r\n\r\nUn roman \u00e0 lire \u00e0 deux pour les premiers pas en lecture !\r\n\r\nSp\u00e9cial enseignant.e.s : des ressources p\u00e9dagogiques sont \u00e0 votre disposition pour \u00e9tudier cet ouvrage en classe.","authors":["Mymi Doinet","Aur\u00e9lien D\u00e9bat"],"category_codes":["2000000","2040000","2040300"],"visuals":{"large":"https:\/\/images.epagine.fr\/214\/9782095034214_1_75.jpg","medium":"https:\/\/images.epagine.fr\/214\/9782095034214_1_m.jpg","thumbnail":"https:\/\/images.epagine.fr\/214\/9782095034214_1_v.jpg"},"orderable":true,"show_badge":true,"formatted_price":"6,20&nbsp;\u20ac","formatted_published_date":"11 avril 2024","publisher_availability_label":"Sur commande","short_details":"Mymi Doinet, Aur\u00e9lien D\u00e9bat \u2014 Nathan","translator":null,"weight":108,"page_count":32,"readership":"\u00e0 partir de 6 ANS","editor":"Nathan","price":620,"published_date":"2024-04-10T22:00:00.000000Z","support":"Grand format","publisher_availability":1,"stock":0,"editions":[],"url":"https:\/\/quaidesbrumes.com\/ouvrage\/9782095034214\/la-tour-eiffel-a-des-ailes"},{"id":"9788000076423","title":"Mon voyage en Am\u00e9rique","description":"Rejoignez Coco, une jeune Mexicaine curieuse, dans un voyage plein d'aventures \u00e0 travers l'Am\u00e9rique du Nord et l'Am\u00e9rique du Sud. Ce carnet de voyage illustr\u00e9 captivant destin\u00e9 aux enfants r\u00e9v\u00e8le entre autres la grandeur du Grand Canyon, la faune diversifi\u00e9e de la for\u00eat amazonienne et l'effervescence du Centre spatial Kennedy de la NASA.\r\n 29 endroits incroyables \u00e0 d\u00e9couvrir de l'Am\u00e9rique du Nord \u00e0 l'Am\u00e9rique du Sud (Etats-Unis, Canada, Costa Rica, Guatemala, Mexique, B\u00e9lize, Honduras, Br\u00e9sil, Bolivie, P\u00e9rou, Equateur et Chili).\r\n Id\u00e9al pour les jeunes explorateurs et exploratrices de 9 ans et plus, ce livre regorge d'anecdotes amusantes et d'illustrations captivantes, faisant de la d\u00e9couverte des Am\u00e9riques une aventure inoubliable. Les multiples endroits visit\u00e9s permettent de voir la diversit\u00e9 de cultures, de paysages et d'activit\u00e9s des diff\u00e9rents pays.","authors":["Jana Sedlackova","Katarzyna Doszia"],"category_codes":["2000000","2070000","2070600"],"visuals":{"large":"https:\/\/images.epagine.fr\/423\/9788000076423_1_75.jpg","medium":"https:\/\/images.epagine.fr\/423\/9788000076423_1_m.jpg","thumbnail":"https:\/\/images.epagine.fr\/423\/9788000076423_1_v.jpg"},"orderable":true,"show_badge":false,"formatted_price":"18,90&nbsp;\u20ac","formatted_published_date":"9 avril 2026","publisher_availability_label":"Sur commande","short_details":"Jana Sedlackova, Katarzyna Doszia \u2014 Albatros","translator":null,"weight":500,"page_count":64,"readership":"\u00e0 partir de 8 ANS","editor":"Albatros","price":1890,"published_date":"2026-04-08T22:00:00.000000Z","support":"Grand format","publisher_availability":1,"stock":1,"editions":[],"url":"https:\/\/quaidesbrumes.com\/ouvrage\/9788000076423\/mon-voyage-en-amerique"},{"id":"9782075137133","title":"La mer","description":"\u00c9couter dans un coquillage, admirer le phare sur la jet\u00e9e, plonger sous l'eau pour voir les poissons, rencontrer une pieuvre sympathique... Et reconna\u00eetre tous les mots de la mer avant l'\u00e9t\u00e9 !","authors":["Collectif"],"category_codes":["2000000","2020000","2020400"],"visuals":{"large":"https:\/\/images.epagine.fr\/133\/9782075137133_1_75.jpg","medium":"https:\/\/images.epagine.fr\/133\/9782075137133_1_m.jpg","thumbnail":"https:\/\/images.epagine.fr\/133\/9782075137133_1_v.jpg"},"orderable":true,"show_badge":true,"formatted_price":"9,90&nbsp;\u20ac","formatted_published_date":"4 juin 2020","publisher_availability_label":"Sur commande","short_details":"Collectif \u2014 Gallimard Jeunesse","translator":null,"weight":398,"page_count":10,"readership":"\u00e0 partir de 18 mois","editor":"Gallimard Jeunesse","price":990,"published_date":"2020-06-03T22:00:00.000000Z","support":"Grand format","publisher_availability":1,"stock":0,"editions":["9782244180236","9782215164609","9782215163039","9782737380822","9789464767278","9782911207471","9782408062651"],"url":"https:\/\/quaidesbrumes.com\/ouvrage\/9782075137133\/la-mer"},{"id":"9782748516999","title":"Dix minutes \u00e0 perdre","description":"Une g\u00e9niale chasse au tr\u00e9sor en huis clos, imagin\u00e9e par Jean-Christophe Tixier et r\u00e9compens\u00e9e par 21 prix litt\u00e9raires.\r\nPour la premi\u00e8re fois de sa vie, Tim va passer deux jours tout seul. Seul dans la tr\u00e8s vieille maison o\u00f9 il vient d'emm\u00e9nager avec ses parents. \" Si tu as dix minutes \u00e0 perdre, commence \u00e0 d\u00e9tapisser les murs de ta chambre \", ironise son p\u00e8re. Tim le prend au mot. Dix minutes, pas une de plus. Mais en arrachant un lambeau de l'affreux papier peint fleuri, Tim fait appara\u00eetre un myst\u00e9rieux message. Ceci est mon histoire...","authors":["Jean-Christophe Tixier"],"category_codes":["2000000","2040000","2040500"],"visuals":{"large":"https:\/\/images.epagine.fr\/999\/9782748516999_1_75.jpg","medium":"https:\/\/images.epagine.fr\/999\/9782748516999_1_m.jpg","thumbnail":"https:\/\/images.epagine.fr\/999\/9782748516999_1_v.jpg"},"orderable":true,"show_badge":true,"formatted_price":"7,95&nbsp;\u20ac","formatted_published_date":"5 mars 2015","publisher_availability_label":"Sur commande","short_details":"Jean-Christophe Tixier \u2014 Syros","translator":null,"weight":153,"page_count":160,"readership":"\u00e0 partir de 6 ANS","editor":"Syros","price":795,"published_date":"2015-03-04T23:00:00.000000Z","support":"Poche","publisher_availability":1,"stock":0,"editions":["9782748538380"],"url":"https:\/\/quaidesbrumes.com\/ouvrage\/9782748516999\/dix-minutes-a-perdre"},{"id":"9782017346333","title":"Destins de champions Tome 26 : Une biographie de Pel\u00e9","description":"Il n'y a pas de superlatif assez fort pour d\u00e9crire la carri\u00e8re de Pel\u00e9. Cette l\u00e9gende du football a rafl \u00e9 tous les titres : triple champion du monde, cinq fois vainqueur du championnat du Br\u00e9sil, vainqueur du championnat d'Am\u00e9rique du Nord... Il d\u00e9tient m\u00eame le record de buts. Mais son aura rayonne bien au-del\u00e0 des stades. Le Roi Pel\u00e9 est aujourd'hui le symbole de tout un pays, qui continue d'inspirer des millions de jeunes \u00e0 travers le monde.\r\nUne biographie \u00e9crite par Luca Caioli et Cyril Collot, journalistes sportifs auteurs de nombreux ouvrages sur le football.","authors":["Cyril Collot","Luca Caioli"],"category_codes":["2000000","2040000","2040500"],"visuals":{"large":"https:\/\/images.epagine.fr\/333\/9782017346333_1_75.jpg","medium":"https:\/\/images.epagine.fr\/333\/9782017346333_1_m.jpg","thumbnail":"https:\/\/images.epagine.fr\/333\/9782017346333_1_v.jpg"},"orderable":true,"show_badge":true,"formatted_price":"5,90&nbsp;\u20ac","formatted_published_date":"14 janvier 2026","publisher_availability_label":"Sur commande","short_details":"Cyril Collot, Luca Caioli \u2014 Hachette Jeunesse","translator":null,"weight":136,"page_count":128,"readership":"\u00e0 partir de 8 ANS","editor":"Hachette Jeunesse","price":590,"published_date":"2026-01-13T23:00:00.000000Z","support":"Poche","publisher_availability":1,"stock":0,"editions":[],"url":"https:\/\/quaidesbrumes.com\/ouvrage\/9782017346333\/destins-de-champions-tome-26-une-biographie-de-pele"},{"id":"9782700283617","title":"Les \u00e9nigmes de Kyoto","description":"Kyoto, ancienne capitale imp\u00e9riale... ses rues au charme traditionnel, ses milliers de sanctuaires, ses yakitori renomm\u00e9s...Depuis qu'elle est arriv\u00e9e \u00e0 Kyoto pour y vivre un an, Hana, coll\u00e9gienne franco-japonaise, a des visions. Ces \u00e9tats seconds lui permettent d'entrer dans les pens\u00e9es d'autrui. La disparition de Ma\u00eetre Yoshida, c\u00e9l\u00e8bre mangaka et prof de dessin de son ami Ryo, la conduit \u00e0 mener avec lui l'enqu\u00eate par tous les moyens. Le chat du foyer Nekomo, un Yoka\u00ef fac\u00e9tieux, leur apporte son aide. Bient\u00f4t, ils d\u00e9couvrent que Yoshida a \u00e9t\u00e9 enlev\u00e9, qu'il est retenu par des Yakusas et qu'il cache un secret... La face noire de Kyoto se r\u00e9v\u00e8le  !","authors":["Sarah Barth\u00e8re"],"category_codes":["2000000","2040000","2040500","2040506"],"visuals":{"large":"https:\/\/images.epagine.fr\/617\/9782700283617_1_75.jpg","medium":"https:\/\/images.epagine.fr\/617\/9782700283617_1_m.jpg","thumbnail":"https:\/\/images.epagine.fr\/617\/9782700283617_1_v.jpg"},"orderable":true,"show_badge":true,"formatted_price":"12,90&nbsp;\u20ac","formatted_published_date":"15 janvier 2025","publisher_availability_label":"Sur commande","short_details":"Sarah Barth\u00e8re \u2014 Rageot \u00c9diteur","translator":null,"weight":202,"page_count":192,"readership":"\u00e0 partir de 10 ANS","editor":"Rageot \u00c9diteur","price":1290,"published_date":"2025-01-14T23:00:00.000000Z","support":"Grand format","publisher_availability":1,"stock":0,"editions":[],"url":"https:\/\/quaidesbrumes.com\/ouvrage\/9782700283617\/les-enigmes-de-kyoto"},{"id":"9782080286628","title":"Je suis en CP Tome 4 : ma\u00eetresse Julie est absente","description":"\u00abCe matin, une dame se pr\u00e9sente : - Bonjour, je suis la rempla\u00e7ante.Les CP la regardent d'un dr\u00f4le d'air.- Mais o\u00f9 elle est, Ma\u00eetresse Julie ?demande L\u00e9a.\u00bb1 histoire + 1 dico mot-image + des activit\u00e9s ludiques.","authors":["Magdalena","Emmanuel Ristord"],"category_codes":["2000000","2040000","2040200"],"visuals":{"large":"https:\/\/images.epagine.fr\/628\/9782080286628_1_75.jpg","medium":"https:\/\/images.epagine.fr\/628\/9782080286628_1_m.jpg","thumbnail":"https:\/\/images.epagine.fr\/628\/9782080286628_1_v.jpg"},"orderable":true,"show_badge":true,"formatted_price":"5,80&nbsp;\u20ac","formatted_published_date":"21 septembre 2022","publisher_availability_label":"Sur commande","short_details":"Magdalena, Emmanuel Ristord \u2014 P\u00e8re Castor","translator":null,"weight":122,"page_count":40,"readership":"\u00e0 partir de 6 ANS","editor":"P\u00e8re Castor","price":580,"published_date":"2022-09-20T22:00:00.000000Z","support":"Grand format","publisher_availability":1,"stock":0,"editions":[],"url":"https:\/\/quaidesbrumes.com\/ouvrage\/9782080286628\/je-suis-en-cp-tome-4-maitresse-julie-est-absente"},{"id":"9782408056148","title":"Roches et min\u00e9raux : Observer, diff\u00e9rencier, identifier, collectionner","description":"Savoir faire la diff\u00e9rence entre min\u00e9ral, cristal, roche et minerai : telle est l'entr\u00e9e en mati\u00e8re de ce carnet. Suit la description de 83 sortes de roches et min\u00e9raux. Diversit\u00e9 et pr\u00e9cision sont au rendez-vous dans chaque double page pour une identification facile et compl\u00e8te. Fini, les cailloux oubli\u00e9s au fond des poches : voil\u00e0 un bon moyen d'entamer une super collection !Une identification facilit\u00e9e\r\nIl existe \u00e0 l'heure actuelle plus de quatre mille sortes de min\u00e9raux connues, et on en d\u00e9couvre tous les ans de nouvelles. Dans ce carnet d'identification sont pr\u00e9sent\u00e9s 67 min\u00e9raux et 16 roches parmi les plus courants ou les plus c\u00e9l\u00e8bres. Ils sont class\u00e9s soit par couleurs (min\u00e9raux), soit par familles (roches). Pour chaque roche ou min\u00e9ral, plusieurs indices de reconnaissance sont indiqu\u00e9s (\u00e9clat, densit\u00e9, duret\u00e9). En v\u00e9rifiant tous les caract\u00e8res propos\u00e9s, il devient donc facile de les identifier. Pour agr\u00e9menter toutes ces donn\u00e9es, des encadr\u00e9s donnent des informations suppl\u00e9mentaires : on apprend, par exemple, \u00e0 quoi sert le graphite, pourquoi l'agate est bleue ou comment on taille le diamant...Des pistes de recherche\r\nIl y a des min\u00e9raux partout. Le plus souvent, ils sont invisibles \u00e0 l'oeil nu, mais ils entrent dans la composition de toutes les roches. Il est donc possible de collectionner tous les types de roches qui existent dans une r\u00e9gion. Plus la r\u00e9gion est montagneuse, plus la vari\u00e9t\u00e9 des roches sera importante. Mais si on habite loin des montagnes, on peut aussi collecter des roches au bord des rivi\u00e8res. Mais pour trouver de beaux \u00e9chantillons de min\u00e9raux, il faudra s'armer de beaucoup de patience... et d'une bonne paire de chaussures. La majeure partie des endroits connus pour les min\u00e9raux ont \u00e9t\u00e9 tellement visit\u00e9s qu'il ne faut plus esp\u00e9rer, sauf miracle, y trouver de beaux cristaux. Il est donc n\u00e9cessaire de trouver de nouveaux sites. Pour cela, il suffit de marcher en regardant partout : bords de route, talus, carri\u00e8res, falaises, labours...Une maquette claire et dynamique\r\n\u00a0\r\nAvec 1 400 000 exemplaires vendus, la collection \u00ab Carnets de nature \u00bb fait partie des livres nature incontournables des \u00e9ditions Milan. Les contenus n'ont pas pris une ride, et leur nouvelle maquette les remet au go\u00fbt du jour. Moins statique, plus color\u00e9e et plus gaie, cette nouvelle mise en pages rend les livres plus attractifs. Et c'est l'illustratrice Lucie Brunelli\u00e8re qui r\u00e9alise l'ensemble des couvertures de la collection, dont l'effet est renforc\u00e9 par un style graphique simple, \u00e9pur\u00e9, aux couleurs \u00e9l\u00e9gantes.","authors":["Francis Duranthon","Lucie Brunelli\u00e8re","Catherine Fichaux"],"category_codes":["2000000","2070000","2070500"],"visuals":{"large":"https:\/\/images.epagine.fr\/148\/9782408056148_1_75.jpg","medium":"https:\/\/images.epagine.fr\/148\/9782408056148_1_m.jpg","thumbnail":"https:\/\/images.epagine.fr\/148\/9782408056148_1_v.jpg"},"orderable":true,"show_badge":true,"formatted_price":"6,90&nbsp;\u20ac","formatted_published_date":"2 juillet 2025","publisher_availability_label":"Sur commande","short_details":"Francis Duranthon, Lucie Brunelli\u00e8re, Catherine Fichaux \u2014 Milan","translator":null,"weight":70,"page_count":32,"readership":"\u00e0 partir de 8 ANS","editor":"Milan","price":690,"published_date":"2025-07-01T22:00:00.000000Z","support":"Poche","publisher_availability":1,"stock":0,"editions":[],"url":"https:\/\/quaidesbrumes.com\/ouvrage\/9782408056148\/roches-et-mineraux-observer-differencier-identifier-collectionner"},{"id":"9782330202361","title":"Le gang du CDI Tome 5 : Sacrifices en sous-sol","description":"Plus qu'une semaine avant les grandes vacances ! \u00c7a devrait \u00eatre une bonne nouvelle pour le Gang du CDI, mais malheureusement, alors que l'\u00e9t\u00e9 approche, les ph\u00e9nom\u00e8nes paranormaux se multiplient dans le coll\u00e8ge : pluie d'insectes, femme ail\u00e9e, parasites mal\u00e9fiques, yeux au fond des lavabos... Peut-\u00eatre les adolescents trouveront-ils de l'aide aupr\u00e8s de Kwek, un vieil ami revenu d'entre les morts ? Ou, qui sait, aupr\u00e8s de M. Rogi, le concierge de l'\u00e9cole, qui semble en savoir long sur la ville de Volutes...","authors":["Vincent Mondiot"],"category_codes":["2000000","2040000","2040500","2040503"],"visuals":{"large":"https:\/\/images.epagine.fr\/361\/9782330202361_1_75.jpg","medium":"https:\/\/images.epagine.fr\/361\/9782330202361_1_m.jpg","thumbnail":"https:\/\/images.epagine.fr\/361\/9782330202361_1_v.jpg"},"orderable":true,"show_badge":true,"formatted_price":"10,90&nbsp;\u20ac","formatted_published_date":"12 mars 2025","publisher_availability_label":"Sur commande","short_details":"Vincent Mondiot \u2014 Actes Sud","translator":null,"weight":156,"page_count":144,"readership":"\u00e0 partir de 10 ANS","editor":"Actes Sud","price":1090,"published_date":"2025-03-11T23:00:00.000000Z","support":"Grand format","publisher_availability":1,"stock":0,"editions":[],"url":"https:\/\/quaidesbrumes.com\/ouvrage\/9782330202361\/le-gang-du-cdi-tome-5-sacrifices-en-sous-sol"},{"id":"9782884806343","title":"Max boude","description":"Pour montrer qu'il n'est pas content que ses parents sortent, Max se met \u00e0 bouder. Ce livre montre qu'en voulant punir les autres lorsqu'il se sent bless\u00e9, l'enfant se punit lui-m\u00eame. Il apprend qu'il vaut mieux parler pour se faire comprendre.\r","authors":["Serge Bloch","Dominique de Saint-Mars"],"category_codes":["2000000","2040000","2040200"],"visuals":{"large":"https:\/\/images.epagine.fr\/343\/9782884806343_1_75.jpg","medium":"https:\/\/images.epagine.fr\/343\/9782884806343_1_m.jpg","thumbnail":"https:\/\/images.epagine.fr\/343\/9782884806343_1_v.jpg"},"orderable":true,"show_badge":true,"formatted_price":"6,20&nbsp;\u20ac","formatted_published_date":"28 f\u00e9vrier 2013","publisher_availability_label":"Sur commande","short_details":"Serge Bloch, Dominique de Saint-Mars \u2014 Calligram","translator":null,"weight":115,"page_count":43,"readership":"6\/9 ans","editor":"Calligram","price":620,"published_date":"2013-02-27T23:00:00.000000Z","support":"Grand format","publisher_availability":1,"stock":0,"editions":[],"url":"https:\/\/quaidesbrumes.com\/ouvrage\/9782884806343\/max-boude"}]}